{"id":10606,"date":"2020-03-10T20:56:20","date_gmt":"2020-03-10T20:56:20","guid":{"rendered":"https:\/\/jornaldasoficinas.com\/pt\/?p=10606"},"modified":"2021-04-29T18:09:35","modified_gmt":"2021-04-29T17:09:35","slug":"zf-aftermarket-fornece-pecas-de-chassis-para-veiculos-comerciais-ligeiros","status":"publish","type":"post","link":"https:\/\/jornaldasoficinas.com\/pt\/zf-aftermarket-fornece-pecas-de-chassis-para-veiculos-comerciais-ligeiros\/","title":{"rendered":"ZF Aftermarket fornece pe\u00e7as de chassis para ve\u00edculos comerciais ligeiros"},"content":{"rendered":"<p><img loading=\"lazy\" decoding=\"async\" class=\"alignnone size-full wp-image-10605\" src=\"https:\/\/jornaldasoficinas.com\/pt\/wp-content\/uploads\/2020\/03\/20-03-03_ZFA_Lemf\u00f6rder_Transporter.jpg\" alt=\"03 - 20-03-03_ZFA_Lemf\u00f6rder_Transporter\" width=\"1024\" height=\"580\" srcset=\"https:\/\/jornaldasoficinas.com\/pt\/wp-content\/uploads\/2020\/03\/20-03-03_ZFA_Lemf\u00f6rder_Transporter.jpg 1024w, https:\/\/jornaldasoficinas.com\/pt\/wp-content\/uploads\/2020\/03\/20-03-03_ZFA_Lemf\u00f6rder_Transporter-300x170.jpg 300w, https:\/\/jornaldasoficinas.com\/pt\/wp-content\/uploads\/2020\/03\/20-03-03_ZFA_Lemf\u00f6rder_Transporter-150x85.jpg 150w, https:\/\/jornaldasoficinas.com\/pt\/wp-content\/uploads\/2020\/03\/20-03-03_ZFA_Lemf\u00f6rder_Transporter-768x435.jpg 768w\" sizes=\"auto, (max-width: 1024px) 100vw, 1024px\" \/><\/p>\n<p><strong>Quilometragem elevada, cargas pesadas, utiliza\u00e7\u00e3o constante. O ve\u00edculo comercial ligeiro (VCL) suporta tudo. A press\u00e3o a que est\u00e1 sujeito, juntamente com a idade m\u00e9dia na UE de 10,9 anos, faz com que este segmento ofere\u00e7a oportunidades de servi\u00e7o e repara\u00e7\u00e3o significativas para as oficinas. <\/strong><\/p>\n<p>A ZF Aftermarket ajuda as oficinas a posicionarem-se neste segmento e, aqui, sob a sua marca Lemf\u00f6rder, a empresa oferece dicas de repara\u00e7\u00e3o para um dos seus ve\u00edculos mais populares: o Volkswagen T5.<\/p>\n<p>O segmento de ve\u00edculo comerciais ligeiros (at\u00e9 3,5 toneladas) representa 33,2 milh\u00f5es de unidades em toda a Uni\u00e3o Europeia. Contando com mais de 6,2 milh\u00f5es de ve\u00edculos, Fran\u00e7a tem, de longe, a maior frota de ve\u00edculos comerciais ligeiros, seguida de Espanha, com 4,6 milh\u00f5es, e do Reino Unido, com 4,4 milh\u00f5es. Em Portugal, a frota de ve\u00edculos comerciais ultrapassa o milh\u00e3o de ve\u00edculos.<\/p>\n<p>Os ve\u00edculos comerciais ligeiros s\u00e3o utilizados diariamente para transportar cargas elevadas, o que significa que tamb\u00e9m est\u00e3o sujeitos a desgaste elevado. As taxas de avaria nas inspe\u00e7\u00f5es de seguran\u00e7a dos VCL s\u00e3o mais elevadas em todas as categorias et\u00e1rias comparativamente aos autom\u00f3veis de passageiros, refletindo este desgaste acrescido.<\/p>\n<p>Muitas empresas utilizam a carga \u00fatil total admiss\u00edvel dos seus ve\u00edculos diariamente. Embora o chassis em si possa ser concebido para este tipo de utiliza\u00e7\u00e3o, as juntas das r\u00f3tulas e das barras de dire\u00e7\u00e3o, as barras estabilizadoras e outras partes da dire\u00e7\u00e3o e chassis sofrem, consideravelmente, sob carga permanente.<\/p>\n<p>Nesse sentido, a ZF Aftermarket recomenda que as oficinas procedam a uma inspe\u00e7\u00e3o visual do chassis, verifiquem o espa\u00e7o livre em altura cada vez que um ve\u00edculo comercial ligeiro entra na oficina e procedam \u00e0 substitui\u00e7\u00e3o dos componentes danificados e gastos conforme aplic\u00e1vel. Esta \u00e9 a \u00fanica forma de garantir a seguran\u00e7a do ve\u00edculo.<\/p>\n<h4>Dicas de repara\u00e7\u00e3o da ZF Aftermarket para o Volkswagen T5<\/h4>\n<p>O <a href=\"https:\/\/www.volkswagen.pt\/pt.html\" target=\"_blank\" rel=\"noopener noreferrer\">Volkswagen<\/a> T5 \u00e9 dos ve\u00edculos mais populares do segmento VCL com menos de 3,5 toneladas. Sob a sua marca Lemf\u00f6rder, a ZF Aftermarket fornece uma gama completa de pe\u00e7as de dire\u00e7\u00e3o e suspens\u00e3o, incluindo bra\u00e7os de suspens\u00e3o, barras estabilizadoras e componentes de borracha-metal.<\/p>\n<p>\u00c9 necess\u00e1rio considerar certos pontos na substitui\u00e7\u00e3o do bra\u00e7o de suspens\u00e3o do VW T5. Depois de remover a pe\u00e7a antiga, o mec\u00e2nico deve limpar a superf\u00edcie de suporte do pino esf\u00e9rico na junta da dire\u00e7\u00e3o utilizando lixa, seguida de um produto de limpeza adequado. Caso contr\u00e1rio, as part\u00edculas de ferrugem e sujidade podem penetrar na junta do novo bra\u00e7o de suspens\u00e3o atrav\u00e9s do pino esf\u00e9rico, resultando num desgaste r\u00e1pido.<\/p>\n<p>Neste ve\u00edculo, ocorre frequentemente o desgaste do apoio da suspens\u00e3o devido ao rolamento de tamanho inferior no desenho original. Posteriormente, a Volkswagen substituiu o componente por uma vers\u00e3o com um rolamento maior, embora ambas as vers\u00f5es ainda possam ser encontradas no mercado.<\/p>\n<p>A <a href=\"https:\/\/aftermarket.zf.com\/ib\/pt\/portal-da-zf-aftermarket\/\" target=\"_blank\" rel=\"noopener noreferrer\">ZF Aftermarket<\/a> oferece ambas as vers\u00f5es, mas aconselha os clientes a fazerem uma atualiza\u00e7\u00e3o para a nova vers\u00e3o onde a original ainda est\u00e1 instalada. Ao retirar as pe\u00e7as afetadas, o t\u00e9cnico da oficina deve sempre verificar qual das duas vers\u00f5es est\u00e1 montada no ve\u00edculo.<\/p>\n<p>Uma placa de mola danificada na primeira vers\u00e3o significa que todo o conjunto ter\u00e1 de se substitu\u00eddo, uma vez que as placas de mola individuais j\u00e1 n\u00e3o est\u00e3o dispon\u00edveis. A oficina deve, portanto, instalar um novo conjunto do apoio da suspens\u00e3o. A ZF Aftermarket tamb\u00e9m recomenda a substitui\u00e7\u00e3o destas pe\u00e7as por eixo para garantir uma manobrabilidade consistente do ve\u00edculo em ambos os lados.<\/p>\n<p>O mec\u00e2nico n\u00e3o deve apertar os parafusos e as porcas de montagem com a suspens\u00e3o ainda em estado de totalmente descarregado. Caso contr\u00e1rio, os rolamentos de borracha ficariam deformados quando baixasse o ve\u00edculo sobre as rodas. Esta pr\u00e9-carga indesej\u00e1vel dos rolamentos pode levar a desgaste prematuro.<\/p>\n<p>O pr\u00f3ximo passo \u00e9 baixar o ve\u00edculo at\u00e9 que o chassis esteja totalmente comprimido. No entanto, podem existir normas que regulem a posi\u00e7\u00e3o em que os parafusos e as porcas s\u00e3o apertados em fun\u00e7\u00e3o do modelo do ve\u00edculo. Por isso, \u00e9 preciso ter em aten\u00e7\u00e3o as instru\u00e7\u00f5es de montagem do fabricante do ve\u00edculo. Todos os dados do chassis especificados pelo fabricante do ve\u00edculo est\u00e3o relacionados com a conce\u00e7\u00e3o.<\/p>\n<p>Um elevador de quatro colunas pode ser \u00fatil nesta situa\u00e7\u00e3o. Permite que os parafusos e as porcas sejam apertados ao bin\u00e1rio especificado pelo fabricante. Por \u00faltimo, a oficina de repara\u00e7\u00e3o de autom\u00f3veis deve verificar e proceder ao alinhamento da dire\u00e7\u00e3o de acordo com as especifica\u00e7\u00f5es do fabricante.<\/p>\n<h4>Novos artigos na gama Lemf\u00f6rder<\/h4>\n<p>A ZF Aftermarket est\u00e1, continuamente, a expandir a sua gama de componentes de dire\u00e7\u00e3o e suspens\u00e3o para ve\u00edculos comerciais ligeiros. Novas adi\u00e7\u00f5es ao portef\u00f3lio incluem fole do eixo e sistema de dire\u00e7\u00e3o para os Ford Transit e Tourneo Custom, conjunto da barra transversal de dire\u00e7\u00e3o e terminais de dire\u00e7\u00e3o para Citro\u00ebn Jumpy, Peugeot Expert e Toyota Proace, apoio do eixo traseiro e apoio do estabilizador para VW T5\/T6 e Crafter, apoio do eixo dianteiro e bra\u00e7o de suspens\u00e3o para VW Crafter, bra\u00e7o de suspens\u00e3o do eixo dianteiro e junta de dire\u00e7\u00e3o para Renault Kangoo e Mercedes-Benz Citan.<\/p>\n","protected":false},"excerpt":{"rendered":"<p>Quilometragem elevada, cargas pesadas, utiliza\u00e7\u00e3o constante&#8230;.<\/p>\n","protected":false},"author":15,"featured_media":10605,"comment_status":"closed","ping_status":"closed","sticky":false,"template":"","format":"standard","meta":{"footnotes":""},"categories":[37],"tags":[665,1799,190,181],"class_list":["post-10606","post","type-post","status-publish","format-standard","has-post-thumbnail","hentry","category-mercado","tag-lemforder","tag-veiculos-comerciais-ligeiros","tag-volkswagen","tag-zf-aftermarket"],"yoast_head":"<!-- This site is optimized with the Yoast SEO plugin v27.4 - https:\/\/yoast.com\/product\/yoast-seo-wordpress\/ -->\n<title>ZF Aftermarket fornece pe\u00e7as de chassis para ve\u00edculos comerciais ligeiros - Jornal das Oficinas<\/title>\n<meta name=\"robots\" content=\"index, follow, max-snippet:-1, max-image-preview:large, max-video-preview:-1\" \/>\n<link rel=\"canonical\" href=\"https:\/\/jornaldasoficinas.com\/pt\/zf-aftermarket-fornece-pecas-de-chassis-para-veiculos-comerciais-ligeiros\/\" \/>\n<meta property=\"og:locale\" content=\"pt_PT\" \/>\n<meta property=\"og:type\" content=\"article\" \/>\n<meta property=\"og:title\" content=\"ZF Aftermarket fornece pe\u00e7as de chassis para ve\u00edculos comerciais ligeiros - Jornal das Oficinas\" \/>\n<meta property=\"og:description\" content=\"Quilometragem elevada, cargas pesadas, utiliza\u00e7\u00e3o constante....\" \/>\n<meta property=\"og:url\" content=\"https:\/\/jornaldasoficinas.com\/pt\/zf-aftermarket-fornece-pecas-de-chassis-para-veiculos-comerciais-ligeiros\/\" \/>\n<meta property=\"og:site_name\" content=\"Jornal das Oficinas\" \/>\n<meta property=\"article:publisher\" content=\"https:\/\/www.facebook.com\/jornaloficinas\" \/>\n<meta property=\"article:published_time\" content=\"2020-03-10T20:56:20+00:00\" \/>\n<meta property=\"article:modified_time\" content=\"2021-04-29T17:09:35+00:00\" \/>\n<meta property=\"og:image\" content=\"https:\/\/jornaldasoficinas.com\/pt\/wp-content\/uploads\/2020\/03\/20-03-03_ZFA_Lemf\u00f6rder_Transporter.jpg\" \/>\n\t<meta property=\"og:image:width\" content=\"1024\" \/>\n\t<meta property=\"og:image:height\" content=\"580\" \/>\n\t<meta property=\"og:image:type\" content=\"image\/jpeg\" \/>\n<meta name=\"author\" content=\"Reda\u00e7\u00e3o JO\" \/>\n<meta name=\"twitter:card\" content=\"summary_large_image\" \/>\n<meta name=\"twitter:creator\" content=\"@jornaloficinas\" \/>\n<meta name=\"twitter:site\" content=\"@jornaloficinas\" \/>\n<meta name=\"twitter:label1\" content=\"Escrito por\" \/>\n\t<meta name=\"twitter:data1\" content=\"Reda\u00e7\u00e3o JO\" \/>\n\t<meta name=\"twitter:label2\" content=\"Tempo estimado de leitura\" \/>\n\t<meta name=\"twitter:data2\" content=\"5 minutos\" \/>\n<script type=\"application\/ld+json\" class=\"yoast-schema-graph\">{\"@context\":\"https:\\\/\\\/schema.org\",\"@graph\":[{\"@type\":\"Article\",\"@id\":\"https:\\\/\\\/jornaldasoficinas.com\\\/pt\\\/zf-aftermarket-fornece-pecas-de-chassis-para-veiculos-comerciais-ligeiros\\\/#article\",\"isPartOf\":{\"@id\":\"https:\\\/\\\/jornaldasoficinas.com\\\/pt\\\/zf-aftermarket-fornece-pecas-de-chassis-para-veiculos-comerciais-ligeiros\\\/\"},\"author\":{\"name\":\"Reda\u00e7\u00e3o JO\",\"@id\":\"https:\\\/\\\/jornaldasoficinas.com\\\/pt\\\/#\\\/schema\\\/person\\\/a38eef5de2c41d9e7c9ac10141afddf3\"},\"headline\":\"ZF Aftermarket fornece pe\u00e7as de chassis para ve\u00edculos comerciais ligeiros\",\"datePublished\":\"2020-03-10T20:56:20+00:00\",\"dateModified\":\"2021-04-29T17:09:35+00:00\",\"mainEntityOfPage\":{\"@id\":\"https:\\\/\\\/jornaldasoficinas.com\\\/pt\\\/zf-aftermarket-fornece-pecas-de-chassis-para-veiculos-comerciais-ligeiros\\\/\"},\"wordCount\":956,\"publisher\":{\"@id\":\"https:\\\/\\\/jornaldasoficinas.com\\\/pt\\\/#organization\"},\"image\":{\"@id\":\"https:\\\/\\\/jornaldasoficinas.com\\\/pt\\\/zf-aftermarket-fornece-pecas-de-chassis-para-veiculos-comerciais-ligeiros\\\/#primaryimage\"},\"thumbnailUrl\":\"https:\\\/\\\/jornaldasoficinas.com\\\/pt\\\/wp-content\\\/uploads\\\/2020\\\/03\\\/20-03-03_ZFA_Lemf\u00f6rder_Transporter.jpg\",\"keywords\":[\"Lemf\u00f6rder\",\"Ve\u00edculos comerciais ligeiros\",\"Volkswagen\",\"ZF Aftermarket\"],\"articleSection\":[\"Mercado\"],\"inLanguage\":\"pt-PT\"},{\"@type\":\"WebPage\",\"@id\":\"https:\\\/\\\/jornaldasoficinas.com\\\/pt\\\/zf-aftermarket-fornece-pecas-de-chassis-para-veiculos-comerciais-ligeiros\\\/\",\"url\":\"https:\\\/\\\/jornaldasoficinas.com\\\/pt\\\/zf-aftermarket-fornece-pecas-de-chassis-para-veiculos-comerciais-ligeiros\\\/\",\"name\":\"ZF Aftermarket fornece pe\u00e7as de chassis para ve\u00edculos comerciais ligeiros - Jornal das Oficinas\",\"isPartOf\":{\"@id\":\"https:\\\/\\\/jornaldasoficinas.com\\\/pt\\\/#website\"},\"primaryImageOfPage\":{\"@id\":\"https:\\\/\\\/jornaldasoficinas.com\\\/pt\\\/zf-aftermarket-fornece-pecas-de-chassis-para-veiculos-comerciais-ligeiros\\\/#primaryimage\"},\"image\":{\"@id\":\"https:\\\/\\\/jornaldasoficinas.com\\\/pt\\\/zf-aftermarket-fornece-pecas-de-chassis-para-veiculos-comerciais-ligeiros\\\/#primaryimage\"},\"thumbnailUrl\":\"https:\\\/\\\/jornaldasoficinas.com\\\/pt\\\/wp-content\\\/uploads\\\/2020\\\/03\\\/20-03-03_ZFA_Lemf\u00f6rder_Transporter.jpg\",\"datePublished\":\"2020-03-10T20:56:20+00:00\",\"dateModified\":\"2021-04-29T17:09:35+00:00\",\"breadcrumb\":{\"@id\":\"https:\\\/\\\/jornaldasoficinas.com\\\/pt\\\/zf-aftermarket-fornece-pecas-de-chassis-para-veiculos-comerciais-ligeiros\\\/#breadcrumb\"},\"inLanguage\":\"pt-PT\",\"potentialAction\":[{\"@type\":\"ReadAction\",\"target\":[\"https:\\\/\\\/jornaldasoficinas.com\\\/pt\\\/zf-aftermarket-fornece-pecas-de-chassis-para-veiculos-comerciais-ligeiros\\\/\"]}]},{\"@type\":\"ImageObject\",\"inLanguage\":\"pt-PT\",\"@id\":\"https:\\\/\\\/jornaldasoficinas.com\\\/pt\\\/zf-aftermarket-fornece-pecas-de-chassis-para-veiculos-comerciais-ligeiros\\\/#primaryimage\",\"url\":\"https:\\\/\\\/jornaldasoficinas.com\\\/pt\\\/wp-content\\\/uploads\\\/2020\\\/03\\\/20-03-03_ZFA_Lemf\u00f6rder_Transporter.jpg\",\"contentUrl\":\"https:\\\/\\\/jornaldasoficinas.com\\\/pt\\\/wp-content\\\/uploads\\\/2020\\\/03\\\/20-03-03_ZFA_Lemf\u00f6rder_Transporter.jpg\",\"width\":1024,\"height\":580,\"caption\":\"03 - 20-03-03_ZFA_Lemf\u00f6rder_Transporter\"},{\"@type\":\"BreadcrumbList\",\"@id\":\"https:\\\/\\\/jornaldasoficinas.com\\\/pt\\\/zf-aftermarket-fornece-pecas-de-chassis-para-veiculos-comerciais-ligeiros\\\/#breadcrumb\",\"itemListElement\":[{\"@type\":\"ListItem\",\"position\":1,\"name\":\"In\u00edcio\",\"item\":\"https:\\\/\\\/jornaldasoficinas.com\\\/pt\\\/\"},{\"@type\":\"ListItem\",\"position\":2,\"name\":\"ZF Aftermarket fornece pe\u00e7as de chassis para ve\u00edculos comerciais ligeiros\"}]},{\"@type\":\"WebSite\",\"@id\":\"https:\\\/\\\/jornaldasoficinas.com\\\/pt\\\/#website\",\"url\":\"https:\\\/\\\/jornaldasoficinas.com\\\/pt\\\/\",\"name\":\"Jornal das Oficinas\",\"description\":\"Jornal independente do Aftermarket Autom\u00f3vel em Portugal\",\"publisher\":{\"@id\":\"https:\\\/\\\/jornaldasoficinas.com\\\/pt\\\/#organization\"},\"potentialAction\":[{\"@type\":\"SearchAction\",\"target\":{\"@type\":\"EntryPoint\",\"urlTemplate\":\"https:\\\/\\\/jornaldasoficinas.com\\\/pt\\\/?s={search_term_string}\"},\"query-input\":{\"@type\":\"PropertyValueSpecification\",\"valueRequired\":true,\"valueName\":\"search_term_string\"}}],\"inLanguage\":\"pt-PT\"},{\"@type\":\"Organization\",\"@id\":\"https:\\\/\\\/jornaldasoficinas.com\\\/pt\\\/#organization\",\"name\":\"Jornal das Oficinas\",\"url\":\"https:\\\/\\\/jornaldasoficinas.com\\\/pt\\\/\",\"logo\":{\"@type\":\"ImageObject\",\"inLanguage\":\"pt-PT\",\"@id\":\"https:\\\/\\\/jornaldasoficinas.com\\\/pt\\\/#\\\/schema\\\/logo\\\/image\\\/\",\"url\":\"https:\\\/\\\/jornaldasoficinas.com\\\/pt\\\/wp-content\\\/uploads\\\/logoJO-SEO.png\",\"contentUrl\":\"https:\\\/\\\/jornaldasoficinas.com\\\/pt\\\/wp-content\\\/uploads\\\/logoJO-SEO.png\",\"width\":285,\"height\":450,\"caption\":\"Jornal das Oficinas\"},\"image\":{\"@id\":\"https:\\\/\\\/jornaldasoficinas.com\\\/pt\\\/#\\\/schema\\\/logo\\\/image\\\/\"},\"sameAs\":[\"https:\\\/\\\/www.facebook.com\\\/jornaloficinas\",\"https:\\\/\\\/x.com\\\/jornaloficinas\",\"https:\\\/\\\/www.instagram.com\\\/jornal_oficinas\\\/\",\"https:\\\/\\\/www.linkedin.com\\\/company\\\/jornal-das-oficinas\\\/\",\"https:\\\/\\\/www.youtube.com\\\/channel\\\/UCbQZBqtcvV-oSQrr7RzINGg\"]},{\"@type\":\"Person\",\"@id\":\"https:\\\/\\\/jornaldasoficinas.com\\\/pt\\\/#\\\/schema\\\/person\\\/a38eef5de2c41d9e7c9ac10141afddf3\",\"name\":\"Reda\u00e7\u00e3o JO\",\"image\":{\"@type\":\"ImageObject\",\"inLanguage\":\"pt-PT\",\"@id\":\"https:\\\/\\\/secure.gravatar.com\\\/avatar\\\/71f2fa71737ad68a84fea94bc708ddac8ea5b0c4788dc2ad202f3ccb2887742f?s=96&d=wp_user_avatar&r=g\",\"url\":\"https:\\\/\\\/secure.gravatar.com\\\/avatar\\\/71f2fa71737ad68a84fea94bc708ddac8ea5b0c4788dc2ad202f3ccb2887742f?s=96&d=wp_user_avatar&r=g\",\"contentUrl\":\"https:\\\/\\\/secure.gravatar.com\\\/avatar\\\/71f2fa71737ad68a84fea94bc708ddac8ea5b0c4788dc2ad202f3ccb2887742f?s=96&d=wp_user_avatar&r=g\",\"caption\":\"Reda\u00e7\u00e3o JO\"},\"url\":\"https:\\\/\\\/jornaldasoficinas.com\\\/pt\\\/author\\\/joredacao\\\/\"}]}<\/script>\n<!-- \/ Yoast SEO plugin. -->","yoast_head_json":{"title":"ZF Aftermarket fornece pe\u00e7as de chassis para ve\u00edculos comerciais ligeiros - Jornal das Oficinas","robots":{"index":"index","follow":"follow","max-snippet":"max-snippet:-1","max-image-preview":"max-image-preview:large","max-video-preview":"max-video-preview:-1"},"canonical":"https:\/\/jornaldasoficinas.com\/pt\/zf-aftermarket-fornece-pecas-de-chassis-para-veiculos-comerciais-ligeiros\/","og_locale":"pt_PT","og_type":"article","og_title":"ZF Aftermarket fornece pe\u00e7as de chassis para ve\u00edculos comerciais ligeiros - Jornal das Oficinas","og_description":"Quilometragem elevada, cargas pesadas, utiliza\u00e7\u00e3o constante....","og_url":"https:\/\/jornaldasoficinas.com\/pt\/zf-aftermarket-fornece-pecas-de-chassis-para-veiculos-comerciais-ligeiros\/","og_site_name":"Jornal das Oficinas","article_publisher":"https:\/\/www.facebook.com\/jornaloficinas","article_published_time":"2020-03-10T20:56:20+00:00","article_modified_time":"2021-04-29T17:09:35+00:00","og_image":[{"width":1024,"height":580,"url":"https:\/\/jornaldasoficinas.com\/pt\/wp-content\/uploads\/2020\/03\/20-03-03_ZFA_Lemf\u00f6rder_Transporter.jpg","type":"image\/jpeg"}],"author":"Reda\u00e7\u00e3o JO","twitter_card":"summary_large_image","twitter_creator":"@jornaloficinas","twitter_site":"@jornaloficinas","twitter_misc":{"Escrito por":"Reda\u00e7\u00e3o JO","Tempo estimado de leitura":"5 minutos"},"schema":{"@context":"https:\/\/schema.org","@graph":[{"@type":"Article","@id":"https:\/\/jornaldasoficinas.com\/pt\/zf-aftermarket-fornece-pecas-de-chassis-para-veiculos-comerciais-ligeiros\/#article","isPartOf":{"@id":"https:\/\/jornaldasoficinas.com\/pt\/zf-aftermarket-fornece-pecas-de-chassis-para-veiculos-comerciais-ligeiros\/"},"author":{"name":"Reda\u00e7\u00e3o JO","@id":"https:\/\/jornaldasoficinas.com\/pt\/#\/schema\/person\/a38eef5de2c41d9e7c9ac10141afddf3"},"headline":"ZF Aftermarket fornece pe\u00e7as de chassis para ve\u00edculos comerciais ligeiros","datePublished":"2020-03-10T20:56:20+00:00","dateModified":"2021-04-29T17:09:35+00:00","mainEntityOfPage":{"@id":"https:\/\/jornaldasoficinas.com\/pt\/zf-aftermarket-fornece-pecas-de-chassis-para-veiculos-comerciais-ligeiros\/"},"wordCount":956,"publisher":{"@id":"https:\/\/jornaldasoficinas.com\/pt\/#organization"},"image":{"@id":"https:\/\/jornaldasoficinas.com\/pt\/zf-aftermarket-fornece-pecas-de-chassis-para-veiculos-comerciais-ligeiros\/#primaryimage"},"thumbnailUrl":"https:\/\/jornaldasoficinas.com\/pt\/wp-content\/uploads\/2020\/03\/20-03-03_ZFA_Lemf\u00f6rder_Transporter.jpg","keywords":["Lemf\u00f6rder","Ve\u00edculos comerciais ligeiros","Volkswagen","ZF Aftermarket"],"articleSection":["Mercado"],"inLanguage":"pt-PT"},{"@type":"WebPage","@id":"https:\/\/jornaldasoficinas.com\/pt\/zf-aftermarket-fornece-pecas-de-chassis-para-veiculos-comerciais-ligeiros\/","url":"https:\/\/jornaldasoficinas.com\/pt\/zf-aftermarket-fornece-pecas-de-chassis-para-veiculos-comerciais-ligeiros\/","name":"ZF Aftermarket fornece pe\u00e7as de chassis para ve\u00edculos comerciais ligeiros - Jornal das Oficinas","isPartOf":{"@id":"https:\/\/jornaldasoficinas.com\/pt\/#website"},"primaryImageOfPage":{"@id":"https:\/\/jornaldasoficinas.com\/pt\/zf-aftermarket-fornece-pecas-de-chassis-para-veiculos-comerciais-ligeiros\/#primaryimage"},"image":{"@id":"https:\/\/jornaldasoficinas.com\/pt\/zf-aftermarket-fornece-pecas-de-chassis-para-veiculos-comerciais-ligeiros\/#primaryimage"},"thumbnailUrl":"https:\/\/jornaldasoficinas.com\/pt\/wp-content\/uploads\/2020\/03\/20-03-03_ZFA_Lemf\u00f6rder_Transporter.jpg","datePublished":"2020-03-10T20:56:20+00:00","dateModified":"2021-04-29T17:09:35+00:00","breadcrumb":{"@id":"https:\/\/jornaldasoficinas.com\/pt\/zf-aftermarket-fornece-pecas-de-chassis-para-veiculos-comerciais-ligeiros\/#breadcrumb"},"inLanguage":"pt-PT","potentialAction":[{"@type":"ReadAction","target":["https:\/\/jornaldasoficinas.com\/pt\/zf-aftermarket-fornece-pecas-de-chassis-para-veiculos-comerciais-ligeiros\/"]}]},{"@type":"ImageObject","inLanguage":"pt-PT","@id":"https:\/\/jornaldasoficinas.com\/pt\/zf-aftermarket-fornece-pecas-de-chassis-para-veiculos-comerciais-ligeiros\/#primaryimage","url":"https:\/\/jornaldasoficinas.com\/pt\/wp-content\/uploads\/2020\/03\/20-03-03_ZFA_Lemf\u00f6rder_Transporter.jpg","contentUrl":"https:\/\/jornaldasoficinas.com\/pt\/wp-content\/uploads\/2020\/03\/20-03-03_ZFA_Lemf\u00f6rder_Transporter.jpg","width":1024,"height":580,"caption":"03 - 20-03-03_ZFA_Lemf\u00f6rder_Transporter"},{"@type":"BreadcrumbList","@id":"https:\/\/jornaldasoficinas.com\/pt\/zf-aftermarket-fornece-pecas-de-chassis-para-veiculos-comerciais-ligeiros\/#breadcrumb","itemListElement":[{"@type":"ListItem","position":1,"name":"In\u00edcio","item":"https:\/\/jornaldasoficinas.com\/pt\/"},{"@type":"ListItem","position":2,"name":"ZF Aftermarket fornece pe\u00e7as de chassis para ve\u00edculos comerciais ligeiros"}]},{"@type":"WebSite","@id":"https:\/\/jornaldasoficinas.com\/pt\/#website","url":"https:\/\/jornaldasoficinas.com\/pt\/","name":"Jornal das Oficinas","description":"Jornal independente do Aftermarket Autom\u00f3vel em Portugal","publisher":{"@id":"https:\/\/jornaldasoficinas.com\/pt\/#organization"},"potentialAction":[{"@type":"SearchAction","target":{"@type":"EntryPoint","urlTemplate":"https:\/\/jornaldasoficinas.com\/pt\/?s={search_term_string}"},"query-input":{"@type":"PropertyValueSpecification","valueRequired":true,"valueName":"search_term_string"}}],"inLanguage":"pt-PT"},{"@type":"Organization","@id":"https:\/\/jornaldasoficinas.com\/pt\/#organization","name":"Jornal das Oficinas","url":"https:\/\/jornaldasoficinas.com\/pt\/","logo":{"@type":"ImageObject","inLanguage":"pt-PT","@id":"https:\/\/jornaldasoficinas.com\/pt\/#\/schema\/logo\/image\/","url":"https:\/\/jornaldasoficinas.com\/pt\/wp-content\/uploads\/logoJO-SEO.png","contentUrl":"https:\/\/jornaldasoficinas.com\/pt\/wp-content\/uploads\/logoJO-SEO.png","width":285,"height":450,"caption":"Jornal das Oficinas"},"image":{"@id":"https:\/\/jornaldasoficinas.com\/pt\/#\/schema\/logo\/image\/"},"sameAs":["https:\/\/www.facebook.com\/jornaloficinas","https:\/\/x.com\/jornaloficinas","https:\/\/www.instagram.com\/jornal_oficinas\/","https:\/\/www.linkedin.com\/company\/jornal-das-oficinas\/","https:\/\/www.youtube.com\/channel\/UCbQZBqtcvV-oSQrr7RzINGg"]},{"@type":"Person","@id":"https:\/\/jornaldasoficinas.com\/pt\/#\/schema\/person\/a38eef5de2c41d9e7c9ac10141afddf3","name":"Reda\u00e7\u00e3o JO","image":{"@type":"ImageObject","inLanguage":"pt-PT","@id":"https:\/\/secure.gravatar.com\/avatar\/71f2fa71737ad68a84fea94bc708ddac8ea5b0c4788dc2ad202f3ccb2887742f?s=96&d=wp_user_avatar&r=g","url":"https:\/\/secure.gravatar.com\/avatar\/71f2fa71737ad68a84fea94bc708ddac8ea5b0c4788dc2ad202f3ccb2887742f?s=96&d=wp_user_avatar&r=g","contentUrl":"https:\/\/secure.gravatar.com\/avatar\/71f2fa71737ad68a84fea94bc708ddac8ea5b0c4788dc2ad202f3ccb2887742f?s=96&d=wp_user_avatar&r=g","caption":"Reda\u00e7\u00e3o JO"},"url":"https:\/\/jornaldasoficinas.com\/pt\/author\/joredacao\/"}]}},"_links":{"self":[{"href":"https:\/\/jornaldasoficinas.com\/pt\/wp-json\/wp\/v2\/posts\/10606","targetHints":{"allow":["GET"]}}],"collection":[{"href":"https:\/\/jornaldasoficinas.com\/pt\/wp-json\/wp\/v2\/posts"}],"about":[{"href":"https:\/\/jornaldasoficinas.com\/pt\/wp-json\/wp\/v2\/types\/post"}],"author":[{"embeddable":true,"href":"https:\/\/jornaldasoficinas.com\/pt\/wp-json\/wp\/v2\/users\/15"}],"replies":[{"embeddable":true,"href":"https:\/\/jornaldasoficinas.com\/pt\/wp-json\/wp\/v2\/comments?post=10606"}],"version-history":[{"count":0,"href":"https:\/\/jornaldasoficinas.com\/pt\/wp-json\/wp\/v2\/posts\/10606\/revisions"}],"wp:featuredmedia":[{"embeddable":true,"href":"https:\/\/jornaldasoficinas.com\/pt\/wp-json\/wp\/v2\/media\/10605"}],"wp:attachment":[{"href":"https:\/\/jornaldasoficinas.com\/pt\/wp-json\/wp\/v2\/media?parent=10606"}],"wp:term":[{"taxonomy":"category","embeddable":true,"href":"https:\/\/jornaldasoficinas.com\/pt\/wp-json\/wp\/v2\/categories?post=10606"},{"taxonomy":"post_tag","embeddable":true,"href":"https:\/\/jornaldasoficinas.com\/pt\/wp-json\/wp\/v2\/tags?post=10606"}],"curies":[{"name":"wp","href":"https:\/\/api.w.org\/{rel}","templated":true}]}}