{"id":106330,"date":"2025-09-08T18:00:27","date_gmt":"2025-09-08T17:00:27","guid":{"rendered":"https:\/\/jornaldasoficinas.com\/pt\/?p=106330"},"modified":"2025-09-05T16:15:01","modified_gmt":"2025-09-05T15:15:01","slug":"eurol-e-invicta-racing-unem-forcas-em-parceria-tecnica-na-f2","status":"publish","type":"post","link":"https:\/\/jornaldasoficinas.com\/pt\/eurol-e-invicta-racing-unem-forcas-em-parceria-tecnica-na-f2\/","title":{"rendered":"Eurol e Invicta Racing unem for\u00e7as em parceria t\u00e9cnica na F2"},"content":{"rendered":"<p><strong><img loading=\"lazy\" decoding=\"async\" class=\"alignnone size-full wp-image-106333\" src=\"https:\/\/jornaldasoficinas.com\/pt\/wp-content\/uploads\/2025\/09\/Eurol-e-Invicta-Racing-unem-forcas-em-parceria-tecnica-na-F2.jpg\" alt=\"09 - Eurol e Invicta Racing unem forcas em parceria tecnica na F2\" width=\"1024\" height=\"581\" srcset=\"https:\/\/jornaldasoficinas.com\/pt\/wp-content\/uploads\/2025\/09\/Eurol-e-Invicta-Racing-unem-forcas-em-parceria-tecnica-na-F2.jpg 1024w, https:\/\/jornaldasoficinas.com\/pt\/wp-content\/uploads\/2025\/09\/Eurol-e-Invicta-Racing-unem-forcas-em-parceria-tecnica-na-F2-300x170.jpg 300w, https:\/\/jornaldasoficinas.com\/pt\/wp-content\/uploads\/2025\/09\/Eurol-e-Invicta-Racing-unem-forcas-em-parceria-tecnica-na-F2-150x85.jpg 150w, https:\/\/jornaldasoficinas.com\/pt\/wp-content\/uploads\/2025\/09\/Eurol-e-Invicta-Racing-unem-forcas-em-parceria-tecnica-na-F2-768x436.jpg 768w\" sizes=\"auto, (max-width: 1024px) 100vw, 1024px\" \/><\/strong><\/p>\n<p><strong>A <a href=\"https:\/\/www.eurol.com\/\" target=\"_blank\" rel=\"noopener\">Eurol Lubricants<\/a> anunciou uma parceria t\u00e9cnica estrat\u00e9gica com a <a href=\"https:\/\/invictaracing.com\/\" target=\"_blank\" rel=\"noopener\">Invicta Racing<\/a>, equipa l\u00edder na F\u00f3rmula 2. A colabora\u00e7\u00e3o centra-se na melhoria do desempenho, atrav\u00e9s de lubrificantes desenvolvidos especificamente para os campeonatos de F\u00f3rmula 2 da FIA<\/strong><\/p>\n<p>Esta temporada, o italiano Leonardo Fornaroli e o checo Roman Stanek pilotam pela Invicta Racing, que lidera atualmente o campeonato de F2 tanto no ranking de pilotos como na classifica\u00e7\u00e3o. No ano passado, a equipa tamb\u00e9m conquistou os dois t\u00edtulos.<\/p>\n<p>A Eurol fornece lubrificantes e massas lubrificantes avan\u00e7ados, desenvolvidos com a sua exclusiva Tecnologia SYNGIS, comprovada no desporto autom\u00f3vel de alto n\u00edvel por reduzir as temperaturas de funcionamento, aumentar a pot\u00eancia e reduzir o desgaste. Na F\u00f3rmula 2, estes benef\u00edcios traduzem-se numa maior efici\u00eancia e fiabilidade \u2014 fatores-chave numa categoria de especifica\u00e7\u00f5es altamente competitiva.<\/p>\n<p>A partir da 11\u00aa etapa da temporada de 2025 em Monza (5 a 7 de setembro), o log\u00f3tipo da Eurol estar\u00e1 estampado no carro da Invicta Racing, marcando o in\u00edcio desta parceria nas pistas.<\/p>\n<p>James Robinson, CEO e diretor de equipa da Invicta Racing: &#8220;Estamos entusiasmados por receber a Eurol Lubricants como parceiro t\u00e9cnico. A sua comprovada expertise em solu\u00e7\u00f5es de lubrifica\u00e7\u00e3o de alto desempenho em diversas categorias de automobilismo est\u00e1 perfeitamente alinhada com as exig\u00eancias da F\u00f3rmula 2&#8221;.<\/p>\n<p>E, acrescentou: &#8220;O compromisso da Eurol com o desempenho, a inova\u00e7\u00e3o e a fiabilidade est\u00e1 alinhado com a nossa busca pela excel\u00eancia dentro e fora das pistas. Juntos, estamos confiantes de que esta parceria ir\u00e1 melhorar o nosso desempenho e alimentar as nossas ambi\u00e7\u00f5es ao longo da temporada de F2&#8221;.<\/p>\n<p>Martijn Pfeiffer, CEO da Eurol, concluiu: &#8220;Temos o orgulho de anunciar a nossa colabora\u00e7\u00e3o com a Invicta Racing. Esta parceria estrat\u00e9gica destaca o nosso compromisso com a excel\u00eancia no desempenho e na inova\u00e7\u00e3o. A parceria \u00e9 impulsionada pelo objetivo comum de alcan\u00e7ar um desempenho de classe mundial, ultrapassando os limites do que \u00e9 poss\u00edvel em termos de lubrifica\u00e7\u00e3o tecnol\u00f3gica na F\u00f3rmula 2. Estamos ansiosos por elevar o desempenho em pista e ver os resultados dos nossos esfor\u00e7os combinados&#8221;.<\/p>\n","protected":false},"excerpt":{"rendered":"<p>A Eurol Lubricants anunciou uma parceria&#8230;<\/p>\n","protected":false},"author":15,"featured_media":106333,"comment_status":"closed","ping_status":"closed","sticky":false,"template":"","format":"standard","meta":{"footnotes":""},"categories":[29],"tags":[293,13502,13501,155,13503,13500],"class_list":["post-106330","post","type-post","status-publish","format-standard","has-post-thumbnail","hentry","category-empresas","tag-eurol","tag-formula-2","tag-invicta-racing","tag-lubrificantes","tag-melhoria-do-desempenho","tag-parceria-tecnica"],"yoast_head":"<!-- This site is optimized with the Yoast SEO plugin v27.4 - https:\/\/yoast.com\/product\/yoast-seo-wordpress\/ -->\n<title>Eurol e Invicta Racing unem for\u00e7as em parceria t\u00e9cnica na F2 - Jornal das Oficinas<\/title>\n<meta name=\"description\" content=\"A Eurol Lubricants anunciou uma parceria t\u00e9cnica estrat\u00e9gica com a Invicta Racing, equipa l\u00edder na F\u00f3rmula 2\" \/>\n<meta name=\"robots\" content=\"index, follow, max-snippet:-1, max-image-preview:large, max-video-preview:-1\" \/>\n<link rel=\"canonical\" href=\"https:\/\/jornaldasoficinas.com\/pt\/eurol-e-invicta-racing-unem-forcas-em-parceria-tecnica-na-f2\/\" \/>\n<meta property=\"og:locale\" content=\"pt_PT\" \/>\n<meta property=\"og:type\" content=\"article\" \/>\n<meta property=\"og:title\" content=\"Eurol e Invicta Racing unem for\u00e7as em parceria t\u00e9cnica na F2 - Jornal das Oficinas\" \/>\n<meta property=\"og:description\" content=\"A Eurol Lubricants anunciou uma parceria t\u00e9cnica estrat\u00e9gica com a Invicta Racing, equipa l\u00edder na F\u00f3rmula 2\" \/>\n<meta property=\"og:url\" content=\"https:\/\/jornaldasoficinas.com\/pt\/eurol-e-invicta-racing-unem-forcas-em-parceria-tecnica-na-f2\/\" \/>\n<meta property=\"og:site_name\" content=\"Jornal das Oficinas\" \/>\n<meta property=\"article:publisher\" content=\"https:\/\/www.facebook.com\/jornaloficinas\" \/>\n<meta property=\"article:published_time\" content=\"2025-09-08T17:00:27+00:00\" \/>\n<meta property=\"og:image\" content=\"https:\/\/jornaldasoficinas.com\/pt\/wp-content\/uploads\/2025\/09\/Eurol-e-Invicta-Racing-unem-forcas-em-parceria-tecnica-na-F2.jpg\" \/>\n\t<meta property=\"og:image:width\" content=\"1024\" \/>\n\t<meta property=\"og:image:height\" content=\"581\" \/>\n\t<meta property=\"og:image:type\" content=\"image\/jpeg\" \/>\n<meta name=\"author\" content=\"Reda\u00e7\u00e3o JO\" \/>\n<meta name=\"twitter:card\" content=\"summary_large_image\" \/>\n<meta name=\"twitter:creator\" content=\"@jornaloficinas\" \/>\n<meta name=\"twitter:site\" content=\"@jornaloficinas\" \/>\n<meta name=\"twitter:label1\" content=\"Escrito por\" \/>\n\t<meta name=\"twitter:data1\" content=\"Reda\u00e7\u00e3o JO\" \/>\n\t<meta name=\"twitter:label2\" content=\"Tempo estimado de leitura\" \/>\n\t<meta name=\"twitter:data2\" content=\"3 minutos\" \/>\n<script type=\"application\/ld+json\" class=\"yoast-schema-graph\">{\"@context\":\"https:\\\/\\\/schema.org\",\"@graph\":[{\"@type\":\"Article\",\"@id\":\"https:\\\/\\\/jornaldasoficinas.com\\\/pt\\\/eurol-e-invicta-racing-unem-forcas-em-parceria-tecnica-na-f2\\\/#article\",\"isPartOf\":{\"@id\":\"https:\\\/\\\/jornaldasoficinas.com\\\/pt\\\/eurol-e-invicta-racing-unem-forcas-em-parceria-tecnica-na-f2\\\/\"},\"author\":{\"name\":\"Reda\u00e7\u00e3o JO\",\"@id\":\"https:\\\/\\\/jornaldasoficinas.com\\\/pt\\\/#\\\/schema\\\/person\\\/a38eef5de2c41d9e7c9ac10141afddf3\"},\"headline\":\"Eurol e Invicta Racing unem for\u00e7as em parceria t\u00e9cnica na F2\",\"datePublished\":\"2025-09-08T17:00:27+00:00\",\"mainEntityOfPage\":{\"@id\":\"https:\\\/\\\/jornaldasoficinas.com\\\/pt\\\/eurol-e-invicta-racing-unem-forcas-em-parceria-tecnica-na-f2\\\/\"},\"wordCount\":377,\"publisher\":{\"@id\":\"https:\\\/\\\/jornaldasoficinas.com\\\/pt\\\/#organization\"},\"image\":{\"@id\":\"https:\\\/\\\/jornaldasoficinas.com\\\/pt\\\/eurol-e-invicta-racing-unem-forcas-em-parceria-tecnica-na-f2\\\/#primaryimage\"},\"thumbnailUrl\":\"https:\\\/\\\/jornaldasoficinas.com\\\/pt\\\/wp-content\\\/uploads\\\/2025\\\/09\\\/Eurol-e-Invicta-Racing-unem-forcas-em-parceria-tecnica-na-F2.jpg\",\"keywords\":[\"Eurol\",\"f\u00f3rmula 2\",\"Invicta Racing\",\"Lubrificantes\",\"melhoria do desempenho\",\"parceria t\u00e9cnica\"],\"articleSection\":[\"Empresas\"],\"inLanguage\":\"pt-PT\"},{\"@type\":\"WebPage\",\"@id\":\"https:\\\/\\\/jornaldasoficinas.com\\\/pt\\\/eurol-e-invicta-racing-unem-forcas-em-parceria-tecnica-na-f2\\\/\",\"url\":\"https:\\\/\\\/jornaldasoficinas.com\\\/pt\\\/eurol-e-invicta-racing-unem-forcas-em-parceria-tecnica-na-f2\\\/\",\"name\":\"Eurol e Invicta Racing unem for\u00e7as em parceria t\u00e9cnica na F2 - Jornal das Oficinas\",\"isPartOf\":{\"@id\":\"https:\\\/\\\/jornaldasoficinas.com\\\/pt\\\/#website\"},\"primaryImageOfPage\":{\"@id\":\"https:\\\/\\\/jornaldasoficinas.com\\\/pt\\\/eurol-e-invicta-racing-unem-forcas-em-parceria-tecnica-na-f2\\\/#primaryimage\"},\"image\":{\"@id\":\"https:\\\/\\\/jornaldasoficinas.com\\\/pt\\\/eurol-e-invicta-racing-unem-forcas-em-parceria-tecnica-na-f2\\\/#primaryimage\"},\"thumbnailUrl\":\"https:\\\/\\\/jornaldasoficinas.com\\\/pt\\\/wp-content\\\/uploads\\\/2025\\\/09\\\/Eurol-e-Invicta-Racing-unem-forcas-em-parceria-tecnica-na-F2.jpg\",\"datePublished\":\"2025-09-08T17:00:27+00:00\",\"description\":\"A Eurol Lubricants anunciou uma parceria t\u00e9cnica estrat\u00e9gica com a Invicta Racing, equipa l\u00edder na F\u00f3rmula 2\",\"breadcrumb\":{\"@id\":\"https:\\\/\\\/jornaldasoficinas.com\\\/pt\\\/eurol-e-invicta-racing-unem-forcas-em-parceria-tecnica-na-f2\\\/#breadcrumb\"},\"inLanguage\":\"pt-PT\",\"potentialAction\":[{\"@type\":\"ReadAction\",\"target\":[\"https:\\\/\\\/jornaldasoficinas.com\\\/pt\\\/eurol-e-invicta-racing-unem-forcas-em-parceria-tecnica-na-f2\\\/\"]}]},{\"@type\":\"ImageObject\",\"inLanguage\":\"pt-PT\",\"@id\":\"https:\\\/\\\/jornaldasoficinas.com\\\/pt\\\/eurol-e-invicta-racing-unem-forcas-em-parceria-tecnica-na-f2\\\/#primaryimage\",\"url\":\"https:\\\/\\\/jornaldasoficinas.com\\\/pt\\\/wp-content\\\/uploads\\\/2025\\\/09\\\/Eurol-e-Invicta-Racing-unem-forcas-em-parceria-tecnica-na-F2.jpg\",\"contentUrl\":\"https:\\\/\\\/jornaldasoficinas.com\\\/pt\\\/wp-content\\\/uploads\\\/2025\\\/09\\\/Eurol-e-Invicta-Racing-unem-forcas-em-parceria-tecnica-na-F2.jpg\",\"width\":1024,\"height\":581,\"caption\":\"09 - Eurol e Invicta Racing unem forcas em parceria tecnica na F2\"},{\"@type\":\"BreadcrumbList\",\"@id\":\"https:\\\/\\\/jornaldasoficinas.com\\\/pt\\\/eurol-e-invicta-racing-unem-forcas-em-parceria-tecnica-na-f2\\\/#breadcrumb\",\"itemListElement\":[{\"@type\":\"ListItem\",\"position\":1,\"name\":\"In\u00edcio\",\"item\":\"https:\\\/\\\/jornaldasoficinas.com\\\/pt\\\/\"},{\"@type\":\"ListItem\",\"position\":2,\"name\":\"Eurol e Invicta Racing unem for\u00e7as em parceria t\u00e9cnica na F2\"}]},{\"@type\":\"WebSite\",\"@id\":\"https:\\\/\\\/jornaldasoficinas.com\\\/pt\\\/#website\",\"url\":\"https:\\\/\\\/jornaldasoficinas.com\\\/pt\\\/\",\"name\":\"Jornal das Oficinas\",\"description\":\"Jornal independente do Aftermarket Autom\u00f3vel em Portugal\",\"publisher\":{\"@id\":\"https:\\\/\\\/jornaldasoficinas.com\\\/pt\\\/#organization\"},\"potentialAction\":[{\"@type\":\"SearchAction\",\"target\":{\"@type\":\"EntryPoint\",\"urlTemplate\":\"https:\\\/\\\/jornaldasoficinas.com\\\/pt\\\/?s={search_term_string}\"},\"query-input\":{\"@type\":\"PropertyValueSpecification\",\"valueRequired\":true,\"valueName\":\"search_term_string\"}}],\"inLanguage\":\"pt-PT\"},{\"@type\":\"Organization\",\"@id\":\"https:\\\/\\\/jornaldasoficinas.com\\\/pt\\\/#organization\",\"name\":\"Jornal das Oficinas\",\"url\":\"https:\\\/\\\/jornaldasoficinas.com\\\/pt\\\/\",\"logo\":{\"@type\":\"ImageObject\",\"inLanguage\":\"pt-PT\",\"@id\":\"https:\\\/\\\/jornaldasoficinas.com\\\/pt\\\/#\\\/schema\\\/logo\\\/image\\\/\",\"url\":\"https:\\\/\\\/jornaldasoficinas.com\\\/pt\\\/wp-content\\\/uploads\\\/logoJO-SEO.png\",\"contentUrl\":\"https:\\\/\\\/jornaldasoficinas.com\\\/pt\\\/wp-content\\\/uploads\\\/logoJO-SEO.png\",\"width\":285,\"height\":450,\"caption\":\"Jornal das Oficinas\"},\"image\":{\"@id\":\"https:\\\/\\\/jornaldasoficinas.com\\\/pt\\\/#\\\/schema\\\/logo\\\/image\\\/\"},\"sameAs\":[\"https:\\\/\\\/www.facebook.com\\\/jornaloficinas\",\"https:\\\/\\\/x.com\\\/jornaloficinas\",\"https:\\\/\\\/www.instagram.com\\\/jornal_oficinas\\\/\",\"https:\\\/\\\/www.linkedin.com\\\/company\\\/jornal-das-oficinas\\\/\",\"https:\\\/\\\/www.youtube.com\\\/channel\\\/UCbQZBqtcvV-oSQrr7RzINGg\"]},{\"@type\":\"Person\",\"@id\":\"https:\\\/\\\/jornaldasoficinas.com\\\/pt\\\/#\\\/schema\\\/person\\\/a38eef5de2c41d9e7c9ac10141afddf3\",\"name\":\"Reda\u00e7\u00e3o JO\",\"image\":{\"@type\":\"ImageObject\",\"inLanguage\":\"pt-PT\",\"@id\":\"https:\\\/\\\/secure.gravatar.com\\\/avatar\\\/71f2fa71737ad68a84fea94bc708ddac8ea5b0c4788dc2ad202f3ccb2887742f?s=96&d=wp_user_avatar&r=g\",\"url\":\"https:\\\/\\\/secure.gravatar.com\\\/avatar\\\/71f2fa71737ad68a84fea94bc708ddac8ea5b0c4788dc2ad202f3ccb2887742f?s=96&d=wp_user_avatar&r=g\",\"contentUrl\":\"https:\\\/\\\/secure.gravatar.com\\\/avatar\\\/71f2fa71737ad68a84fea94bc708ddac8ea5b0c4788dc2ad202f3ccb2887742f?s=96&d=wp_user_avatar&r=g\",\"caption\":\"Reda\u00e7\u00e3o JO\"},\"url\":\"https:\\\/\\\/jornaldasoficinas.com\\\/pt\\\/author\\\/joredacao\\\/\"}]}<\/script>\n<!-- \/ Yoast SEO plugin. -->","yoast_head_json":{"title":"Eurol e Invicta Racing unem for\u00e7as em parceria t\u00e9cnica na F2 - Jornal das Oficinas","description":"A Eurol Lubricants anunciou uma parceria t\u00e9cnica estrat\u00e9gica com a Invicta Racing, equipa l\u00edder na F\u00f3rmula 2","robots":{"index":"index","follow":"follow","max-snippet":"max-snippet:-1","max-image-preview":"max-image-preview:large","max-video-preview":"max-video-preview:-1"},"canonical":"https:\/\/jornaldasoficinas.com\/pt\/eurol-e-invicta-racing-unem-forcas-em-parceria-tecnica-na-f2\/","og_locale":"pt_PT","og_type":"article","og_title":"Eurol e Invicta Racing unem for\u00e7as em parceria t\u00e9cnica na F2 - Jornal das Oficinas","og_description":"A Eurol Lubricants anunciou uma parceria t\u00e9cnica estrat\u00e9gica com a Invicta Racing, equipa l\u00edder na F\u00f3rmula 2","og_url":"https:\/\/jornaldasoficinas.com\/pt\/eurol-e-invicta-racing-unem-forcas-em-parceria-tecnica-na-f2\/","og_site_name":"Jornal das Oficinas","article_publisher":"https:\/\/www.facebook.com\/jornaloficinas","article_published_time":"2025-09-08T17:00:27+00:00","og_image":[{"width":1024,"height":581,"url":"https:\/\/jornaldasoficinas.com\/pt\/wp-content\/uploads\/2025\/09\/Eurol-e-Invicta-Racing-unem-forcas-em-parceria-tecnica-na-F2.jpg","type":"image\/jpeg"}],"author":"Reda\u00e7\u00e3o JO","twitter_card":"summary_large_image","twitter_creator":"@jornaloficinas","twitter_site":"@jornaloficinas","twitter_misc":{"Escrito por":"Reda\u00e7\u00e3o JO","Tempo estimado de leitura":"3 minutos"},"schema":{"@context":"https:\/\/schema.org","@graph":[{"@type":"Article","@id":"https:\/\/jornaldasoficinas.com\/pt\/eurol-e-invicta-racing-unem-forcas-em-parceria-tecnica-na-f2\/#article","isPartOf":{"@id":"https:\/\/jornaldasoficinas.com\/pt\/eurol-e-invicta-racing-unem-forcas-em-parceria-tecnica-na-f2\/"},"author":{"name":"Reda\u00e7\u00e3o JO","@id":"https:\/\/jornaldasoficinas.com\/pt\/#\/schema\/person\/a38eef5de2c41d9e7c9ac10141afddf3"},"headline":"Eurol e Invicta Racing unem for\u00e7as em parceria t\u00e9cnica na F2","datePublished":"2025-09-08T17:00:27+00:00","mainEntityOfPage":{"@id":"https:\/\/jornaldasoficinas.com\/pt\/eurol-e-invicta-racing-unem-forcas-em-parceria-tecnica-na-f2\/"},"wordCount":377,"publisher":{"@id":"https:\/\/jornaldasoficinas.com\/pt\/#organization"},"image":{"@id":"https:\/\/jornaldasoficinas.com\/pt\/eurol-e-invicta-racing-unem-forcas-em-parceria-tecnica-na-f2\/#primaryimage"},"thumbnailUrl":"https:\/\/jornaldasoficinas.com\/pt\/wp-content\/uploads\/2025\/09\/Eurol-e-Invicta-Racing-unem-forcas-em-parceria-tecnica-na-F2.jpg","keywords":["Eurol","f\u00f3rmula 2","Invicta Racing","Lubrificantes","melhoria do desempenho","parceria t\u00e9cnica"],"articleSection":["Empresas"],"inLanguage":"pt-PT"},{"@type":"WebPage","@id":"https:\/\/jornaldasoficinas.com\/pt\/eurol-e-invicta-racing-unem-forcas-em-parceria-tecnica-na-f2\/","url":"https:\/\/jornaldasoficinas.com\/pt\/eurol-e-invicta-racing-unem-forcas-em-parceria-tecnica-na-f2\/","name":"Eurol e Invicta Racing unem for\u00e7as em parceria t\u00e9cnica na F2 - Jornal das Oficinas","isPartOf":{"@id":"https:\/\/jornaldasoficinas.com\/pt\/#website"},"primaryImageOfPage":{"@id":"https:\/\/jornaldasoficinas.com\/pt\/eurol-e-invicta-racing-unem-forcas-em-parceria-tecnica-na-f2\/#primaryimage"},"image":{"@id":"https:\/\/jornaldasoficinas.com\/pt\/eurol-e-invicta-racing-unem-forcas-em-parceria-tecnica-na-f2\/#primaryimage"},"thumbnailUrl":"https:\/\/jornaldasoficinas.com\/pt\/wp-content\/uploads\/2025\/09\/Eurol-e-Invicta-Racing-unem-forcas-em-parceria-tecnica-na-F2.jpg","datePublished":"2025-09-08T17:00:27+00:00","description":"A Eurol Lubricants anunciou uma parceria t\u00e9cnica estrat\u00e9gica com a Invicta Racing, equipa l\u00edder na F\u00f3rmula 2","breadcrumb":{"@id":"https:\/\/jornaldasoficinas.com\/pt\/eurol-e-invicta-racing-unem-forcas-em-parceria-tecnica-na-f2\/#breadcrumb"},"inLanguage":"pt-PT","potentialAction":[{"@type":"ReadAction","target":["https:\/\/jornaldasoficinas.com\/pt\/eurol-e-invicta-racing-unem-forcas-em-parceria-tecnica-na-f2\/"]}]},{"@type":"ImageObject","inLanguage":"pt-PT","@id":"https:\/\/jornaldasoficinas.com\/pt\/eurol-e-invicta-racing-unem-forcas-em-parceria-tecnica-na-f2\/#primaryimage","url":"https:\/\/jornaldasoficinas.com\/pt\/wp-content\/uploads\/2025\/09\/Eurol-e-Invicta-Racing-unem-forcas-em-parceria-tecnica-na-F2.jpg","contentUrl":"https:\/\/jornaldasoficinas.com\/pt\/wp-content\/uploads\/2025\/09\/Eurol-e-Invicta-Racing-unem-forcas-em-parceria-tecnica-na-F2.jpg","width":1024,"height":581,"caption":"09 - Eurol e Invicta Racing unem forcas em parceria tecnica na F2"},{"@type":"BreadcrumbList","@id":"https:\/\/jornaldasoficinas.com\/pt\/eurol-e-invicta-racing-unem-forcas-em-parceria-tecnica-na-f2\/#breadcrumb","itemListElement":[{"@type":"ListItem","position":1,"name":"In\u00edcio","item":"https:\/\/jornaldasoficinas.com\/pt\/"},{"@type":"ListItem","position":2,"name":"Eurol e Invicta Racing unem for\u00e7as em parceria t\u00e9cnica na F2"}]},{"@type":"WebSite","@id":"https:\/\/jornaldasoficinas.com\/pt\/#website","url":"https:\/\/jornaldasoficinas.com\/pt\/","name":"Jornal das Oficinas","description":"Jornal independente do Aftermarket Autom\u00f3vel em Portugal","publisher":{"@id":"https:\/\/jornaldasoficinas.com\/pt\/#organization"},"potentialAction":[{"@type":"SearchAction","target":{"@type":"EntryPoint","urlTemplate":"https:\/\/jornaldasoficinas.com\/pt\/?s={search_term_string}"},"query-input":{"@type":"PropertyValueSpecification","valueRequired":true,"valueName":"search_term_string"}}],"inLanguage":"pt-PT"},{"@type":"Organization","@id":"https:\/\/jornaldasoficinas.com\/pt\/#organization","name":"Jornal das Oficinas","url":"https:\/\/jornaldasoficinas.com\/pt\/","logo":{"@type":"ImageObject","inLanguage":"pt-PT","@id":"https:\/\/jornaldasoficinas.com\/pt\/#\/schema\/logo\/image\/","url":"https:\/\/jornaldasoficinas.com\/pt\/wp-content\/uploads\/logoJO-SEO.png","contentUrl":"https:\/\/jornaldasoficinas.com\/pt\/wp-content\/uploads\/logoJO-SEO.png","width":285,"height":450,"caption":"Jornal das Oficinas"},"image":{"@id":"https:\/\/jornaldasoficinas.com\/pt\/#\/schema\/logo\/image\/"},"sameAs":["https:\/\/www.facebook.com\/jornaloficinas","https:\/\/x.com\/jornaloficinas","https:\/\/www.instagram.com\/jornal_oficinas\/","https:\/\/www.linkedin.com\/company\/jornal-das-oficinas\/","https:\/\/www.youtube.com\/channel\/UCbQZBqtcvV-oSQrr7RzINGg"]},{"@type":"Person","@id":"https:\/\/jornaldasoficinas.com\/pt\/#\/schema\/person\/a38eef5de2c41d9e7c9ac10141afddf3","name":"Reda\u00e7\u00e3o JO","image":{"@type":"ImageObject","inLanguage":"pt-PT","@id":"https:\/\/secure.gravatar.com\/avatar\/71f2fa71737ad68a84fea94bc708ddac8ea5b0c4788dc2ad202f3ccb2887742f?s=96&d=wp_user_avatar&r=g","url":"https:\/\/secure.gravatar.com\/avatar\/71f2fa71737ad68a84fea94bc708ddac8ea5b0c4788dc2ad202f3ccb2887742f?s=96&d=wp_user_avatar&r=g","contentUrl":"https:\/\/secure.gravatar.com\/avatar\/71f2fa71737ad68a84fea94bc708ddac8ea5b0c4788dc2ad202f3ccb2887742f?s=96&d=wp_user_avatar&r=g","caption":"Reda\u00e7\u00e3o JO"},"url":"https:\/\/jornaldasoficinas.com\/pt\/author\/joredacao\/"}]}},"_links":{"self":[{"href":"https:\/\/jornaldasoficinas.com\/pt\/wp-json\/wp\/v2\/posts\/106330","targetHints":{"allow":["GET"]}}],"collection":[{"href":"https:\/\/jornaldasoficinas.com\/pt\/wp-json\/wp\/v2\/posts"}],"about":[{"href":"https:\/\/jornaldasoficinas.com\/pt\/wp-json\/wp\/v2\/types\/post"}],"author":[{"embeddable":true,"href":"https:\/\/jornaldasoficinas.com\/pt\/wp-json\/wp\/v2\/users\/15"}],"replies":[{"embeddable":true,"href":"https:\/\/jornaldasoficinas.com\/pt\/wp-json\/wp\/v2\/comments?post=106330"}],"version-history":[{"count":3,"href":"https:\/\/jornaldasoficinas.com\/pt\/wp-json\/wp\/v2\/posts\/106330\/revisions"}],"predecessor-version":[{"id":106334,"href":"https:\/\/jornaldasoficinas.com\/pt\/wp-json\/wp\/v2\/posts\/106330\/revisions\/106334"}],"wp:featuredmedia":[{"embeddable":true,"href":"https:\/\/jornaldasoficinas.com\/pt\/wp-json\/wp\/v2\/media\/106333"}],"wp:attachment":[{"href":"https:\/\/jornaldasoficinas.com\/pt\/wp-json\/wp\/v2\/media?parent=106330"}],"wp:term":[{"taxonomy":"category","embeddable":true,"href":"https:\/\/jornaldasoficinas.com\/pt\/wp-json\/wp\/v2\/categories?post=106330"},{"taxonomy":"post_tag","embeddable":true,"href":"https:\/\/jornaldasoficinas.com\/pt\/wp-json\/wp\/v2\/tags?post=106330"}],"curies":[{"name":"wp","href":"https:\/\/api.w.org\/{rel}","templated":true}]}}