{"id":10642,"date":"2020-03-11T12:23:26","date_gmt":"2020-03-11T12:23:26","guid":{"rendered":"https:\/\/jornaldasoficinas.com\/pt\/?p=10642"},"modified":"2023-07-20T16:06:38","modified_gmt":"2023-07-20T15:06:38","slug":"de-que-forma-compram-e-quanto-gastam-os-portugueses-na-compra-de-carro","status":"publish","type":"post","link":"https:\/\/jornaldasoficinas.com\/pt\/de-que-forma-compram-e-quanto-gastam-os-portugueses-na-compra-de-carro\/","title":{"rendered":"De que forma compram e quanto gastam os portugueses na compra de carro?"},"content":{"rendered":"<p><img loading=\"lazy\" decoding=\"async\" class=\"alignnone size-full wp-image-10641\" src=\"https:\/\/jornaldasoficinas.com\/pt\/wp-content\/uploads\/2020\/03\/replacement-car-keys-glasgow-2.jpg\" alt=\"03 - replacement-car-keys-glasgow-2\" width=\"1024\" height=\"581\" srcset=\"https:\/\/jornaldasoficinas.com\/pt\/wp-content\/uploads\/2020\/03\/replacement-car-keys-glasgow-2.jpg 1024w, https:\/\/jornaldasoficinas.com\/pt\/wp-content\/uploads\/2020\/03\/replacement-car-keys-glasgow-2-300x170.jpg 300w, https:\/\/jornaldasoficinas.com\/pt\/wp-content\/uploads\/2020\/03\/replacement-car-keys-glasgow-2-150x85.jpg 150w, https:\/\/jornaldasoficinas.com\/pt\/wp-content\/uploads\/2020\/03\/replacement-car-keys-glasgow-2-768x436.jpg 768w\" sizes=\"auto, (max-width: 1024px) 100vw, 1024px\" \/><\/p>\n<p><strong>A aquisi\u00e7\u00e3o de uma viatura nova \u00e9 uma importante decis\u00e3o na vida familiar, sobretudo dado o peso que pode representar no or\u00e7amento.<\/strong><\/p>\n<p>N\u00e3o admira, por isso, que 89% dos portugueses confirme ter participado, pessoalmente, na escolha no momento da compra. O Observador Cetelem Autom\u00f3vel 2020 procurou-se compreender melhor onde compram, quanto gastam e como financiam os portugueses as suas aquisi\u00e7\u00f5es.<\/p>\n<p>N\u00e3o surpreendentemente, 75% dos inquiridos comprou a sua \u00faltima viatura num estabelecimento profissional, como s\u00e3o por exemplo os concession\u00e1rios ou outros especialistas em ve\u00edculos usados.<\/p>\n<p>J\u00e1 14% dos portugueses diz ter feito a aquisi\u00e7\u00e3o diretamente a um particular, num misto de venda presencial e <em>online<\/em>. A venda na <em>Internet<\/em> \u00e9, atualmente, ainda residual, mas come\u00e7a a aproximar-se dos dois d\u00edgitos (7%).<\/p>\n<h4>Quanto gastam?<\/h4>\n<p>No que respeita ao valor investido, a maioria dos portugueses \u2013 cerca de 60% dos inquiridos \u2013 adquire viaturas que custem, no m\u00e1ximo, at\u00e9 \u20ac15.000. Concretamente, 23% dos portugueses afirma que, na \u00faltima aquisi\u00e7\u00e3o, pagou menos de \u20ac5.000 pelo seu ve\u00edculo, enquanto 19% refere que pagou entre \u20ac5.000 e \u20ac10.000. J\u00e1 18% dos inquiridos gastou entre \u20ac10.000 e \u20ac15.000; 14% dos nacionais entre \u20ac15.000 e \u20ac20.000; 26% fez uma aquisi\u00e7\u00e3o superior a estes valores.<\/p>\n<h4>Como pagam?<\/h4>\n<p>A maioria dos portugueses (64%) indica comprar as suas viaturas com fundos pr\u00f3prios. Os portugueses que revelam ter recorrido a financiamento de uma entidade externa para comprar o seu ve\u00edculo afirmam ter escolhido um cr\u00e9dito convencional (23%), ao passo que 9% dos nacionais adquiriu uma viatura atrav\u00e9s de contratos de loca\u00e7\u00e3o, como o <em>leasing<\/em>.<\/p>\n<p>Em rela\u00e7\u00e3o \u00e0 quest\u00e3o sobre a concess\u00e3o do financiamento, 49% fez financiamento diretamente no ponto de venda onde comprou a sua viatura, 34% na banca tradicional e 16% com uma institui\u00e7\u00e3o de cr\u00e9dito especializada.<\/p>\n<p>O estudo completo est\u00e1 dispon\u00edvel <a href=\"https:\/\/www1.cetelem.pt\/oobservador.html\" target=\"_blank\" rel=\"noopener noreferrer\">aqui<\/a>.<\/p>\n","protected":false},"excerpt":{"rendered":"<p>A aquisi\u00e7\u00e3o de uma viatura nova&#8230;<\/p>\n","protected":false},"author":15,"featured_media":10641,"comment_status":"closed","ping_status":"closed","sticky":false,"template":"","format":"standard","meta":{"footnotes":""},"categories":[29],"tags":[1483],"class_list":["post-10642","post","type-post","status-publish","format-standard","has-post-thumbnail","hentry","category-empresas","tag-o-observador-cetelem"],"yoast_head":"<!-- This site is optimized with the Yoast SEO plugin v27.4 - https:\/\/yoast.com\/product\/yoast-seo-wordpress\/ -->\n<title>De que forma compram e quanto gastam os portugueses na compra de carro? - Jornal das Oficinas<\/title>\n<meta name=\"robots\" content=\"index, follow, max-snippet:-1, max-image-preview:large, max-video-preview:-1\" \/>\n<link rel=\"canonical\" href=\"https:\/\/jornaldasoficinas.com\/pt\/de-que-forma-compram-e-quanto-gastam-os-portugueses-na-compra-de-carro\/\" \/>\n<meta property=\"og:locale\" content=\"pt_PT\" \/>\n<meta property=\"og:type\" content=\"article\" \/>\n<meta property=\"og:title\" content=\"De que forma compram e quanto gastam os portugueses na compra de carro? - Jornal das Oficinas\" \/>\n<meta property=\"og:description\" content=\"A aquisi\u00e7\u00e3o de uma viatura nova...\" \/>\n<meta property=\"og:url\" content=\"https:\/\/jornaldasoficinas.com\/pt\/de-que-forma-compram-e-quanto-gastam-os-portugueses-na-compra-de-carro\/\" \/>\n<meta property=\"og:site_name\" content=\"Jornal das Oficinas\" \/>\n<meta property=\"article:publisher\" content=\"https:\/\/www.facebook.com\/jornaloficinas\" \/>\n<meta property=\"article:published_time\" content=\"2020-03-11T12:23:26+00:00\" \/>\n<meta property=\"article:modified_time\" content=\"2023-07-20T15:06:38+00:00\" \/>\n<meta property=\"og:image\" content=\"https:\/\/jornaldasoficinas.com\/pt\/wp-content\/uploads\/2020\/03\/replacement-car-keys-glasgow-2.jpg\" \/>\n\t<meta property=\"og:image:width\" content=\"1024\" \/>\n\t<meta property=\"og:image:height\" content=\"581\" \/>\n\t<meta property=\"og:image:type\" content=\"image\/jpeg\" \/>\n<meta name=\"author\" content=\"Reda\u00e7\u00e3o JO\" \/>\n<meta name=\"twitter:card\" content=\"summary_large_image\" \/>\n<meta name=\"twitter:creator\" content=\"@jornaloficinas\" \/>\n<meta name=\"twitter:site\" content=\"@jornaloficinas\" \/>\n<meta name=\"twitter:label1\" content=\"Escrito por\" \/>\n\t<meta name=\"twitter:data1\" content=\"Reda\u00e7\u00e3o JO\" \/>\n\t<meta name=\"twitter:label2\" content=\"Tempo estimado de leitura\" \/>\n\t<meta name=\"twitter:data2\" content=\"1 minuto\" \/>\n<script type=\"application\/ld+json\" class=\"yoast-schema-graph\">{\"@context\":\"https:\\\/\\\/schema.org\",\"@graph\":[{\"@type\":\"Article\",\"@id\":\"https:\\\/\\\/jornaldasoficinas.com\\\/pt\\\/de-que-forma-compram-e-quanto-gastam-os-portugueses-na-compra-de-carro\\\/#article\",\"isPartOf\":{\"@id\":\"https:\\\/\\\/jornaldasoficinas.com\\\/pt\\\/de-que-forma-compram-e-quanto-gastam-os-portugueses-na-compra-de-carro\\\/\"},\"author\":{\"name\":\"Reda\u00e7\u00e3o JO\",\"@id\":\"https:\\\/\\\/jornaldasoficinas.com\\\/pt\\\/#\\\/schema\\\/person\\\/a38eef5de2c41d9e7c9ac10141afddf3\"},\"headline\":\"De que forma compram e quanto gastam os portugueses na compra de carro?\",\"datePublished\":\"2020-03-11T12:23:26+00:00\",\"dateModified\":\"2023-07-20T15:06:38+00:00\",\"mainEntityOfPage\":{\"@id\":\"https:\\\/\\\/jornaldasoficinas.com\\\/pt\\\/de-que-forma-compram-e-quanto-gastam-os-portugueses-na-compra-de-carro\\\/\"},\"wordCount\":304,\"publisher\":{\"@id\":\"https:\\\/\\\/jornaldasoficinas.com\\\/pt\\\/#organization\"},\"image\":{\"@id\":\"https:\\\/\\\/jornaldasoficinas.com\\\/pt\\\/de-que-forma-compram-e-quanto-gastam-os-portugueses-na-compra-de-carro\\\/#primaryimage\"},\"thumbnailUrl\":\"https:\\\/\\\/jornaldasoficinas.com\\\/pt\\\/wp-content\\\/uploads\\\/2020\\\/03\\\/replacement-car-keys-glasgow-2.jpg\",\"keywords\":[\"O Observador Cetelem\"],\"articleSection\":[\"Empresas\"],\"inLanguage\":\"pt-PT\"},{\"@type\":\"WebPage\",\"@id\":\"https:\\\/\\\/jornaldasoficinas.com\\\/pt\\\/de-que-forma-compram-e-quanto-gastam-os-portugueses-na-compra-de-carro\\\/\",\"url\":\"https:\\\/\\\/jornaldasoficinas.com\\\/pt\\\/de-que-forma-compram-e-quanto-gastam-os-portugueses-na-compra-de-carro\\\/\",\"name\":\"De que forma compram e quanto gastam os portugueses na compra de carro? - Jornal das Oficinas\",\"isPartOf\":{\"@id\":\"https:\\\/\\\/jornaldasoficinas.com\\\/pt\\\/#website\"},\"primaryImageOfPage\":{\"@id\":\"https:\\\/\\\/jornaldasoficinas.com\\\/pt\\\/de-que-forma-compram-e-quanto-gastam-os-portugueses-na-compra-de-carro\\\/#primaryimage\"},\"image\":{\"@id\":\"https:\\\/\\\/jornaldasoficinas.com\\\/pt\\\/de-que-forma-compram-e-quanto-gastam-os-portugueses-na-compra-de-carro\\\/#primaryimage\"},\"thumbnailUrl\":\"https:\\\/\\\/jornaldasoficinas.com\\\/pt\\\/wp-content\\\/uploads\\\/2020\\\/03\\\/replacement-car-keys-glasgow-2.jpg\",\"datePublished\":\"2020-03-11T12:23:26+00:00\",\"dateModified\":\"2023-07-20T15:06:38+00:00\",\"breadcrumb\":{\"@id\":\"https:\\\/\\\/jornaldasoficinas.com\\\/pt\\\/de-que-forma-compram-e-quanto-gastam-os-portugueses-na-compra-de-carro\\\/#breadcrumb\"},\"inLanguage\":\"pt-PT\",\"potentialAction\":[{\"@type\":\"ReadAction\",\"target\":[\"https:\\\/\\\/jornaldasoficinas.com\\\/pt\\\/de-que-forma-compram-e-quanto-gastam-os-portugueses-na-compra-de-carro\\\/\"]}]},{\"@type\":\"ImageObject\",\"inLanguage\":\"pt-PT\",\"@id\":\"https:\\\/\\\/jornaldasoficinas.com\\\/pt\\\/de-que-forma-compram-e-quanto-gastam-os-portugueses-na-compra-de-carro\\\/#primaryimage\",\"url\":\"https:\\\/\\\/jornaldasoficinas.com\\\/pt\\\/wp-content\\\/uploads\\\/2020\\\/03\\\/replacement-car-keys-glasgow-2.jpg\",\"contentUrl\":\"https:\\\/\\\/jornaldasoficinas.com\\\/pt\\\/wp-content\\\/uploads\\\/2020\\\/03\\\/replacement-car-keys-glasgow-2.jpg\",\"width\":1024,\"height\":581,\"caption\":\"03 - replacement-car-keys-glasgow-2\"},{\"@type\":\"BreadcrumbList\",\"@id\":\"https:\\\/\\\/jornaldasoficinas.com\\\/pt\\\/de-que-forma-compram-e-quanto-gastam-os-portugueses-na-compra-de-carro\\\/#breadcrumb\",\"itemListElement\":[{\"@type\":\"ListItem\",\"position\":1,\"name\":\"In\u00edcio\",\"item\":\"https:\\\/\\\/jornaldasoficinas.com\\\/pt\\\/\"},{\"@type\":\"ListItem\",\"position\":2,\"name\":\"De que forma compram e quanto gastam os portugueses na compra de carro?\"}]},{\"@type\":\"WebSite\",\"@id\":\"https:\\\/\\\/jornaldasoficinas.com\\\/pt\\\/#website\",\"url\":\"https:\\\/\\\/jornaldasoficinas.com\\\/pt\\\/\",\"name\":\"Jornal das Oficinas\",\"description\":\"Jornal independente do Aftermarket Autom\u00f3vel em Portugal\",\"publisher\":{\"@id\":\"https:\\\/\\\/jornaldasoficinas.com\\\/pt\\\/#organization\"},\"potentialAction\":[{\"@type\":\"SearchAction\",\"target\":{\"@type\":\"EntryPoint\",\"urlTemplate\":\"https:\\\/\\\/jornaldasoficinas.com\\\/pt\\\/?s={search_term_string}\"},\"query-input\":{\"@type\":\"PropertyValueSpecification\",\"valueRequired\":true,\"valueName\":\"search_term_string\"}}],\"inLanguage\":\"pt-PT\"},{\"@type\":\"Organization\",\"@id\":\"https:\\\/\\\/jornaldasoficinas.com\\\/pt\\\/#organization\",\"name\":\"Jornal das Oficinas\",\"url\":\"https:\\\/\\\/jornaldasoficinas.com\\\/pt\\\/\",\"logo\":{\"@type\":\"ImageObject\",\"inLanguage\":\"pt-PT\",\"@id\":\"https:\\\/\\\/jornaldasoficinas.com\\\/pt\\\/#\\\/schema\\\/logo\\\/image\\\/\",\"url\":\"https:\\\/\\\/jornaldasoficinas.com\\\/pt\\\/wp-content\\\/uploads\\\/logoJO-SEO.png\",\"contentUrl\":\"https:\\\/\\\/jornaldasoficinas.com\\\/pt\\\/wp-content\\\/uploads\\\/logoJO-SEO.png\",\"width\":285,\"height\":450,\"caption\":\"Jornal das Oficinas\"},\"image\":{\"@id\":\"https:\\\/\\\/jornaldasoficinas.com\\\/pt\\\/#\\\/schema\\\/logo\\\/image\\\/\"},\"sameAs\":[\"https:\\\/\\\/www.facebook.com\\\/jornaloficinas\",\"https:\\\/\\\/x.com\\\/jornaloficinas\",\"https:\\\/\\\/www.instagram.com\\\/jornal_oficinas\\\/\",\"https:\\\/\\\/www.linkedin.com\\\/company\\\/jornal-das-oficinas\\\/\",\"https:\\\/\\\/www.youtube.com\\\/channel\\\/UCbQZBqtcvV-oSQrr7RzINGg\"]},{\"@type\":\"Person\",\"@id\":\"https:\\\/\\\/jornaldasoficinas.com\\\/pt\\\/#\\\/schema\\\/person\\\/a38eef5de2c41d9e7c9ac10141afddf3\",\"name\":\"Reda\u00e7\u00e3o JO\",\"image\":{\"@type\":\"ImageObject\",\"inLanguage\":\"pt-PT\",\"@id\":\"https:\\\/\\\/secure.gravatar.com\\\/avatar\\\/71f2fa71737ad68a84fea94bc708ddac8ea5b0c4788dc2ad202f3ccb2887742f?s=96&d=wp_user_avatar&r=g\",\"url\":\"https:\\\/\\\/secure.gravatar.com\\\/avatar\\\/71f2fa71737ad68a84fea94bc708ddac8ea5b0c4788dc2ad202f3ccb2887742f?s=96&d=wp_user_avatar&r=g\",\"contentUrl\":\"https:\\\/\\\/secure.gravatar.com\\\/avatar\\\/71f2fa71737ad68a84fea94bc708ddac8ea5b0c4788dc2ad202f3ccb2887742f?s=96&d=wp_user_avatar&r=g\",\"caption\":\"Reda\u00e7\u00e3o JO\"},\"url\":\"https:\\\/\\\/jornaldasoficinas.com\\\/pt\\\/author\\\/joredacao\\\/\"}]}<\/script>\n<!-- \/ Yoast SEO plugin. -->","yoast_head_json":{"title":"De que forma compram e quanto gastam os portugueses na compra de carro? - Jornal das Oficinas","robots":{"index":"index","follow":"follow","max-snippet":"max-snippet:-1","max-image-preview":"max-image-preview:large","max-video-preview":"max-video-preview:-1"},"canonical":"https:\/\/jornaldasoficinas.com\/pt\/de-que-forma-compram-e-quanto-gastam-os-portugueses-na-compra-de-carro\/","og_locale":"pt_PT","og_type":"article","og_title":"De que forma compram e quanto gastam os portugueses na compra de carro? - Jornal das Oficinas","og_description":"A aquisi\u00e7\u00e3o de uma viatura nova...","og_url":"https:\/\/jornaldasoficinas.com\/pt\/de-que-forma-compram-e-quanto-gastam-os-portugueses-na-compra-de-carro\/","og_site_name":"Jornal das Oficinas","article_publisher":"https:\/\/www.facebook.com\/jornaloficinas","article_published_time":"2020-03-11T12:23:26+00:00","article_modified_time":"2023-07-20T15:06:38+00:00","og_image":[{"width":1024,"height":581,"url":"https:\/\/jornaldasoficinas.com\/pt\/wp-content\/uploads\/2020\/03\/replacement-car-keys-glasgow-2.jpg","type":"image\/jpeg"}],"author":"Reda\u00e7\u00e3o JO","twitter_card":"summary_large_image","twitter_creator":"@jornaloficinas","twitter_site":"@jornaloficinas","twitter_misc":{"Escrito por":"Reda\u00e7\u00e3o JO","Tempo estimado de leitura":"1 minuto"},"schema":{"@context":"https:\/\/schema.org","@graph":[{"@type":"Article","@id":"https:\/\/jornaldasoficinas.com\/pt\/de-que-forma-compram-e-quanto-gastam-os-portugueses-na-compra-de-carro\/#article","isPartOf":{"@id":"https:\/\/jornaldasoficinas.com\/pt\/de-que-forma-compram-e-quanto-gastam-os-portugueses-na-compra-de-carro\/"},"author":{"name":"Reda\u00e7\u00e3o JO","@id":"https:\/\/jornaldasoficinas.com\/pt\/#\/schema\/person\/a38eef5de2c41d9e7c9ac10141afddf3"},"headline":"De que forma compram e quanto gastam os portugueses na compra de carro?","datePublished":"2020-03-11T12:23:26+00:00","dateModified":"2023-07-20T15:06:38+00:00","mainEntityOfPage":{"@id":"https:\/\/jornaldasoficinas.com\/pt\/de-que-forma-compram-e-quanto-gastam-os-portugueses-na-compra-de-carro\/"},"wordCount":304,"publisher":{"@id":"https:\/\/jornaldasoficinas.com\/pt\/#organization"},"image":{"@id":"https:\/\/jornaldasoficinas.com\/pt\/de-que-forma-compram-e-quanto-gastam-os-portugueses-na-compra-de-carro\/#primaryimage"},"thumbnailUrl":"https:\/\/jornaldasoficinas.com\/pt\/wp-content\/uploads\/2020\/03\/replacement-car-keys-glasgow-2.jpg","keywords":["O Observador Cetelem"],"articleSection":["Empresas"],"inLanguage":"pt-PT"},{"@type":"WebPage","@id":"https:\/\/jornaldasoficinas.com\/pt\/de-que-forma-compram-e-quanto-gastam-os-portugueses-na-compra-de-carro\/","url":"https:\/\/jornaldasoficinas.com\/pt\/de-que-forma-compram-e-quanto-gastam-os-portugueses-na-compra-de-carro\/","name":"De que forma compram e quanto gastam os portugueses na compra de carro? - Jornal das Oficinas","isPartOf":{"@id":"https:\/\/jornaldasoficinas.com\/pt\/#website"},"primaryImageOfPage":{"@id":"https:\/\/jornaldasoficinas.com\/pt\/de-que-forma-compram-e-quanto-gastam-os-portugueses-na-compra-de-carro\/#primaryimage"},"image":{"@id":"https:\/\/jornaldasoficinas.com\/pt\/de-que-forma-compram-e-quanto-gastam-os-portugueses-na-compra-de-carro\/#primaryimage"},"thumbnailUrl":"https:\/\/jornaldasoficinas.com\/pt\/wp-content\/uploads\/2020\/03\/replacement-car-keys-glasgow-2.jpg","datePublished":"2020-03-11T12:23:26+00:00","dateModified":"2023-07-20T15:06:38+00:00","breadcrumb":{"@id":"https:\/\/jornaldasoficinas.com\/pt\/de-que-forma-compram-e-quanto-gastam-os-portugueses-na-compra-de-carro\/#breadcrumb"},"inLanguage":"pt-PT","potentialAction":[{"@type":"ReadAction","target":["https:\/\/jornaldasoficinas.com\/pt\/de-que-forma-compram-e-quanto-gastam-os-portugueses-na-compra-de-carro\/"]}]},{"@type":"ImageObject","inLanguage":"pt-PT","@id":"https:\/\/jornaldasoficinas.com\/pt\/de-que-forma-compram-e-quanto-gastam-os-portugueses-na-compra-de-carro\/#primaryimage","url":"https:\/\/jornaldasoficinas.com\/pt\/wp-content\/uploads\/2020\/03\/replacement-car-keys-glasgow-2.jpg","contentUrl":"https:\/\/jornaldasoficinas.com\/pt\/wp-content\/uploads\/2020\/03\/replacement-car-keys-glasgow-2.jpg","width":1024,"height":581,"caption":"03 - replacement-car-keys-glasgow-2"},{"@type":"BreadcrumbList","@id":"https:\/\/jornaldasoficinas.com\/pt\/de-que-forma-compram-e-quanto-gastam-os-portugueses-na-compra-de-carro\/#breadcrumb","itemListElement":[{"@type":"ListItem","position":1,"name":"In\u00edcio","item":"https:\/\/jornaldasoficinas.com\/pt\/"},{"@type":"ListItem","position":2,"name":"De que forma compram e quanto gastam os portugueses na compra de carro?"}]},{"@type":"WebSite","@id":"https:\/\/jornaldasoficinas.com\/pt\/#website","url":"https:\/\/jornaldasoficinas.com\/pt\/","name":"Jornal das Oficinas","description":"Jornal independente do Aftermarket Autom\u00f3vel em Portugal","publisher":{"@id":"https:\/\/jornaldasoficinas.com\/pt\/#organization"},"potentialAction":[{"@type":"SearchAction","target":{"@type":"EntryPoint","urlTemplate":"https:\/\/jornaldasoficinas.com\/pt\/?s={search_term_string}"},"query-input":{"@type":"PropertyValueSpecification","valueRequired":true,"valueName":"search_term_string"}}],"inLanguage":"pt-PT"},{"@type":"Organization","@id":"https:\/\/jornaldasoficinas.com\/pt\/#organization","name":"Jornal das Oficinas","url":"https:\/\/jornaldasoficinas.com\/pt\/","logo":{"@type":"ImageObject","inLanguage":"pt-PT","@id":"https:\/\/jornaldasoficinas.com\/pt\/#\/schema\/logo\/image\/","url":"https:\/\/jornaldasoficinas.com\/pt\/wp-content\/uploads\/logoJO-SEO.png","contentUrl":"https:\/\/jornaldasoficinas.com\/pt\/wp-content\/uploads\/logoJO-SEO.png","width":285,"height":450,"caption":"Jornal das Oficinas"},"image":{"@id":"https:\/\/jornaldasoficinas.com\/pt\/#\/schema\/logo\/image\/"},"sameAs":["https:\/\/www.facebook.com\/jornaloficinas","https:\/\/x.com\/jornaloficinas","https:\/\/www.instagram.com\/jornal_oficinas\/","https:\/\/www.linkedin.com\/company\/jornal-das-oficinas\/","https:\/\/www.youtube.com\/channel\/UCbQZBqtcvV-oSQrr7RzINGg"]},{"@type":"Person","@id":"https:\/\/jornaldasoficinas.com\/pt\/#\/schema\/person\/a38eef5de2c41d9e7c9ac10141afddf3","name":"Reda\u00e7\u00e3o JO","image":{"@type":"ImageObject","inLanguage":"pt-PT","@id":"https:\/\/secure.gravatar.com\/avatar\/71f2fa71737ad68a84fea94bc708ddac8ea5b0c4788dc2ad202f3ccb2887742f?s=96&d=wp_user_avatar&r=g","url":"https:\/\/secure.gravatar.com\/avatar\/71f2fa71737ad68a84fea94bc708ddac8ea5b0c4788dc2ad202f3ccb2887742f?s=96&d=wp_user_avatar&r=g","contentUrl":"https:\/\/secure.gravatar.com\/avatar\/71f2fa71737ad68a84fea94bc708ddac8ea5b0c4788dc2ad202f3ccb2887742f?s=96&d=wp_user_avatar&r=g","caption":"Reda\u00e7\u00e3o JO"},"url":"https:\/\/jornaldasoficinas.com\/pt\/author\/joredacao\/"}]}},"_links":{"self":[{"href":"https:\/\/jornaldasoficinas.com\/pt\/wp-json\/wp\/v2\/posts\/10642","targetHints":{"allow":["GET"]}}],"collection":[{"href":"https:\/\/jornaldasoficinas.com\/pt\/wp-json\/wp\/v2\/posts"}],"about":[{"href":"https:\/\/jornaldasoficinas.com\/pt\/wp-json\/wp\/v2\/types\/post"}],"author":[{"embeddable":true,"href":"https:\/\/jornaldasoficinas.com\/pt\/wp-json\/wp\/v2\/users\/15"}],"replies":[{"embeddable":true,"href":"https:\/\/jornaldasoficinas.com\/pt\/wp-json\/wp\/v2\/comments?post=10642"}],"version-history":[{"count":0,"href":"https:\/\/jornaldasoficinas.com\/pt\/wp-json\/wp\/v2\/posts\/10642\/revisions"}],"wp:featuredmedia":[{"embeddable":true,"href":"https:\/\/jornaldasoficinas.com\/pt\/wp-json\/wp\/v2\/media\/10641"}],"wp:attachment":[{"href":"https:\/\/jornaldasoficinas.com\/pt\/wp-json\/wp\/v2\/media?parent=10642"}],"wp:term":[{"taxonomy":"category","embeddable":true,"href":"https:\/\/jornaldasoficinas.com\/pt\/wp-json\/wp\/v2\/categories?post=10642"},{"taxonomy":"post_tag","embeddable":true,"href":"https:\/\/jornaldasoficinas.com\/pt\/wp-json\/wp\/v2\/tags?post=10642"}],"curies":[{"name":"wp","href":"https:\/\/api.w.org\/{rel}","templated":true}]}}