{"id":106482,"date":"2025-09-11T12:30:15","date_gmt":"2025-09-11T11:30:15","guid":{"rendered":"https:\/\/jornaldasoficinas.com\/pt\/?p=106482"},"modified":"2025-09-10T12:02:55","modified_gmt":"2025-09-10T11:02:55","slug":"ambiente-pesa-mas-carro-proprio-continua-a-dominar-em-portugal","status":"publish","type":"post","link":"https:\/\/jornaldasoficinas.com\/pt\/ambiente-pesa-mas-carro-proprio-continua-a-dominar-em-portugal\/","title":{"rendered":"Ambiente pesa, mas carro pr\u00f3prio continua a dominar em Portugal"},"content":{"rendered":"<p><img loading=\"lazy\" decoding=\"async\" class=\"size-full wp-image-106488\" src=\"https:\/\/jornaldasoficinas.com\/pt\/wp-content\/uploads\/2025\/09\/Ambiente-pesa-mas-carro-proprio-continua-a-dominar-em-Portugal.jpg\" alt=\"09 - Ambiente pesa mas carro proprio continua a dominar em Portugal\" width=\"1024\" height=\"581\" srcset=\"https:\/\/jornaldasoficinas.com\/pt\/wp-content\/uploads\/2025\/09\/Ambiente-pesa-mas-carro-proprio-continua-a-dominar-em-Portugal.jpg 1024w, https:\/\/jornaldasoficinas.com\/pt\/wp-content\/uploads\/2025\/09\/Ambiente-pesa-mas-carro-proprio-continua-a-dominar-em-Portugal-300x170.jpg 300w, https:\/\/jornaldasoficinas.com\/pt\/wp-content\/uploads\/2025\/09\/Ambiente-pesa-mas-carro-proprio-continua-a-dominar-em-Portugal-150x85.jpg 150w, https:\/\/jornaldasoficinas.com\/pt\/wp-content\/uploads\/2025\/09\/Ambiente-pesa-mas-carro-proprio-continua-a-dominar-em-Portugal-768x436.jpg 768w\" sizes=\"auto, (max-width: 1024px) 100vw, 1024px\" \/><\/p>\n<p><strong>Um novo estudo revelou que 49% dos portugueses t\u00eam em conta o impacto ambiental na escolha do transporte, mas 54% continua a preferir o carro pr\u00f3prio. Os dados fazem parte de &#8220;<a href=\"https:\/\/escolhasustentavel.pt\/\" target=\"_blank\" rel=\"noopener\">A Escolha Sustent\u00e1vel<\/a>&#8220;, o primeiro sistema de qualifica\u00e7\u00e3o p\u00fablico com crit\u00e9rios ESG<\/strong><\/p>\n<p>A Escolha Sustent\u00e1vel, primeiro sistema de qualifica\u00e7\u00e3o que valoriza produtos, servi\u00e7os e medidas que contribuem ativamente para a sustentabilidade a n\u00edvel social, ambiental e econ\u00f3mico, realizou um estudo sobre as tend\u00eancias e h\u00e1bitos de sustentabilidade dos portugueses. A an\u00e1lise revelou uma consci\u00eancia ambiental crescente por parte dos consumidores, e um esfor\u00e7o coletivo para adotar estilos de vida mais respons\u00e1veis. Contudo s\u00e3o ainda evidentes os obst\u00e1culos que dificultam a mudan\u00e7a de h\u00e1bitos e comportamentos.<\/p>\n<p>A maioria dos consumidores acredita que as suas escolhas podem impactar o mundo (81%) e que todos temos igual responsabilidade por promover o consumo sustent\u00e1vel (51%). Neste sentido, 37% dos participantes procura frequentemente informa\u00e7\u00e3o sobre a origem ou impacto dos produtos que compra e 35% fazem-no ocasionalmente.<\/p>\n<p>Para grande parte dos entrevistados, os valores mais associados \u00e0 sustentabilidade s\u00e3o a sa\u00fade e bem-estar e a justi\u00e7a social (cerca de 70%), seguidos pela \u00e9tica nos neg\u00f3cios (53%). S\u00f3 metade dos inquiridos atribuiu elevada import\u00e2ncia a conceitos como: consumo respons\u00e1vel, direitos dos animais e sustentabilidade ambiental (50%).<\/p>\n<p>De acordo com o estudo, a alimenta\u00e7\u00e3o \u00e9 o setor que desperta maior preocupa\u00e7\u00e3o entre os consumidores (20%), desde o momento da escolha dos produtos, ao do consumo consciente, especialmente no esfor\u00e7o para evitar o desperd\u00edcio. 39% preocupa-se frequentemente com a origem dos alimentos que consome e 22% est\u00e1 sempre atento a esta quest\u00e3o. No entanto, esta \u00e9 tamb\u00e9m a \u00e1rea que enfrenta os maiores desafios, com obst\u00e1culos como o pre\u00e7o elevado, oferta reduzida e pouco acess\u00edvel de produtos sustent\u00e1veis.<\/p>\n<p>Embora 51% considere crit\u00e9rios \u00e9ticos ou ambientais ao comprar roupa, moda e vestu\u00e1rio \u00e9 o segundo setor mais mencionado (17%) no que diz respeito \u00e0 dificuldade em consumir de forma &#8220;consciente&#8221;. Isto est\u00e1 relacionado com o n\u00famero limitado de op\u00e7\u00f5es no mercado, pois quando h\u00e1 produtos mais ecol\u00f3gicos s\u00e3o por vezes inadequados \u00e0s necessidades ou muito caros. Al\u00e9m disso, o mercado da fast fashion continua a ser mais acess\u00edvel, tornando assim dif\u00edcil a transi\u00e7\u00e3o para op\u00e7\u00f5es ecol\u00f3gicas.<\/p>\n<p>Na vertente de transporte e mobilidade as dificuldades em adotar um estilo de vida sustent\u00e1vel resultam da falta de alternativas p\u00fablicas e do custo das op\u00e7\u00f5es mais ecol\u00f3gicas. Ao escolher o seu meio de transporte 49% tem em considera\u00e7\u00e3o o impacto ambiental do mesmo e 39% afirmou ter isso em considera\u00e7\u00e3o \u00e0s vezes. No entanto, 54% indicou o carro pr\u00f3prio como o seu meio de desloca\u00e7\u00e3o mais frequente. Os transportes p\u00fablicos (27%) e andar a p\u00e9 (14%) foram tamb\u00e9m citados pelos entrevistados.<\/p>\n<p>Quando questionados sobre quais os fatores que mais influenciam no momento da compra, 48% dos portugueses d\u00e3o prioridade \u00e0 qualidade e 34% ao pre\u00e7o. Apenas 11% referiu o impacto ambiental ou social como crit\u00e9rio decisivo. Ainda assim, os consumidores mostram-se dispostos a pagar mais por produtos que sejam justos, ecol\u00f3gicos e de produ\u00e7\u00e3o local. Somente 7% afirmou n\u00e3o estar disposto a pagar qualquer valor adicional por este tipo de artigos.<\/p>\n<p>A estes fatores junta-se ainda a desconfian\u00e7a face ao greenwashing, com muitos dos inquiridos c\u00e9ticos quanto \u00e0 veracidade das alega\u00e7\u00f5es ambientais feitas por diversas empresas, o que reduz a confian\u00e7a em produtos classificados como sustent\u00e1veis.<\/p>\n<p>Relativamente \u00e0s pr\u00e1ticas sustent\u00e1veis implementadas no dia a dia, destacam-se a poupan\u00e7a de \u00e1gua e energia (23%), a separa\u00e7\u00e3o dos res\u00edduos recicl\u00e1veis (23%) e a reutiliza\u00e7\u00e3o de embalagens (22%). J\u00e1 a compra de produtos sustent\u00e1veis (14%) ou a utiliza\u00e7\u00e3o de transportes alternativos ao autom\u00f3vel t\u00eam menor express\u00e3o (13%). Todavia, 45% dos participantes evita produtos de empresas que contrariam as suas convic\u00e7\u00f5es, 51% afirmou faz\u00ea-lo \u00e0s vezes e 4% admitiu n\u00e3o evitar estes artigos. No \u00faltimo ano, 25% reduziu o uso de pl\u00e1stico, 23% optou por arranjar ou reutilizar produtos em vez de comprar novos e 14% comprou artigos em segunda m\u00e3o. No caso dos equipamentos eletr\u00f3nicos, 69% dos consumidores prefere reparar antes adquirir um novo.<\/p>\n<p>Apesar das dificuldades, 55% dos consumidores expressou preocupa\u00e7\u00e3o com o futuro do planeta e assume j\u00e1 ter adotado h\u00e1bitos de consumo consciente, como a diminui\u00e7\u00e3o do desperd\u00edcio alimentar, a reciclagem, a compra de artigos em plataforma de segunda m\u00e3o ou a repara\u00e7\u00e3o de equipamentos eletr\u00f3nicos. Os inquiridos alertam ainda que esta mudan\u00e7a de comportamento s\u00f3 ser\u00e1 sustent\u00e1vel se houver acesso facilitado, transpar\u00eancia e pre\u00e7os mais justos.<\/p>\n<p>As candidaturas para a edi\u00e7\u00e3o de 2026 do Pr\u00e9mio Escolha Sustent\u00e1vel da ConsumerChoice j\u00e1 est\u00e3o <a href=\"https:\/\/escolhasustentavel.pt\/\" target=\"_blank\" rel=\"noopener\">abertas<\/a> para todas as marcas que pretendam concorrer para alcan\u00e7ar esta certifica\u00e7\u00e3o.<\/p>\n","protected":false},"excerpt":{"rendered":"<p>Um novo estudo revelou que 49%&#8230;<\/p>\n","protected":false},"author":15,"featured_media":106488,"comment_status":"closed","ping_status":"closed","sticky":false,"template":"","format":"standard","meta":{"footnotes":""},"categories":[37],"tags":[13527,13528,8145,6473,3960,3788,13529],"class_list":["post-106482","post","type-post","status-publish","format-standard","has-post-thumbnail","hentry","category-mercado","tag-a-escolha-sustentavel","tag-carro-proprio","tag-consumidores-portugueses","tag-criterios-esg","tag-estudo","tag-impacto-ambiental","tag-meios-de-transporte"],"yoast_head":"<!-- This site is optimized with the Yoast SEO plugin v27.4 - https:\/\/yoast.com\/product\/yoast-seo-wordpress\/ -->\n<title>Ambiente pesa, mas carro pr\u00f3prio continua a dominar em Portugal - Jornal das Oficinas<\/title>\n<meta name=\"description\" content=\"Estudo revela que 49% dos portugueses t\u00eam em conta o impacto ambiental na escolha do transporte, mas 54% continua a preferir o carro pr\u00f3prio\" \/>\n<meta name=\"robots\" content=\"index, follow, max-snippet:-1, max-image-preview:large, max-video-preview:-1\" \/>\n<link rel=\"canonical\" href=\"https:\/\/jornaldasoficinas.com\/pt\/ambiente-pesa-mas-carro-proprio-continua-a-dominar-em-portugal\/\" \/>\n<meta property=\"og:locale\" content=\"pt_PT\" \/>\n<meta property=\"og:type\" content=\"article\" \/>\n<meta property=\"og:title\" content=\"Ambiente pesa, mas carro pr\u00f3prio continua a dominar em Portugal - Jornal das Oficinas\" \/>\n<meta property=\"og:description\" content=\"Estudo revela que 49% dos portugueses t\u00eam em conta o impacto ambiental na escolha do transporte, mas 54% continua a preferir o carro pr\u00f3prio\" \/>\n<meta property=\"og:url\" content=\"https:\/\/jornaldasoficinas.com\/pt\/ambiente-pesa-mas-carro-proprio-continua-a-dominar-em-portugal\/\" \/>\n<meta property=\"og:site_name\" content=\"Jornal das Oficinas\" \/>\n<meta property=\"article:publisher\" content=\"https:\/\/www.facebook.com\/jornaloficinas\" \/>\n<meta property=\"article:published_time\" content=\"2025-09-11T11:30:15+00:00\" \/>\n<meta property=\"og:image\" content=\"https:\/\/jornaldasoficinas.com\/pt\/wp-content\/uploads\/2025\/09\/Ambiente-pesa-mas-carro-proprio-continua-a-dominar-em-Portugal.jpg\" \/>\n\t<meta property=\"og:image:width\" content=\"1024\" \/>\n\t<meta property=\"og:image:height\" content=\"581\" \/>\n\t<meta property=\"og:image:type\" content=\"image\/jpeg\" \/>\n<meta name=\"author\" content=\"Reda\u00e7\u00e3o JO\" \/>\n<meta name=\"twitter:card\" content=\"summary_large_image\" \/>\n<meta name=\"twitter:creator\" content=\"@jornaloficinas\" \/>\n<meta name=\"twitter:site\" content=\"@jornaloficinas\" \/>\n<meta name=\"twitter:label1\" content=\"Escrito por\" \/>\n\t<meta name=\"twitter:data1\" content=\"Reda\u00e7\u00e3o JO\" \/>\n\t<meta name=\"twitter:label2\" content=\"Tempo estimado de leitura\" \/>\n\t<meta name=\"twitter:data2\" content=\"5 minutos\" \/>\n<script type=\"application\/ld+json\" class=\"yoast-schema-graph\">{\"@context\":\"https:\\\/\\\/schema.org\",\"@graph\":[{\"@type\":\"Article\",\"@id\":\"https:\\\/\\\/jornaldasoficinas.com\\\/pt\\\/ambiente-pesa-mas-carro-proprio-continua-a-dominar-em-portugal\\\/#article\",\"isPartOf\":{\"@id\":\"https:\\\/\\\/jornaldasoficinas.com\\\/pt\\\/ambiente-pesa-mas-carro-proprio-continua-a-dominar-em-portugal\\\/\"},\"author\":{\"name\":\"Reda\u00e7\u00e3o JO\",\"@id\":\"https:\\\/\\\/jornaldasoficinas.com\\\/pt\\\/#\\\/schema\\\/person\\\/a38eef5de2c41d9e7c9ac10141afddf3\"},\"headline\":\"Ambiente pesa, mas carro pr\u00f3prio continua a dominar em Portugal\",\"datePublished\":\"2025-09-11T11:30:15+00:00\",\"mainEntityOfPage\":{\"@id\":\"https:\\\/\\\/jornaldasoficinas.com\\\/pt\\\/ambiente-pesa-mas-carro-proprio-continua-a-dominar-em-portugal\\\/\"},\"wordCount\":837,\"publisher\":{\"@id\":\"https:\\\/\\\/jornaldasoficinas.com\\\/pt\\\/#organization\"},\"image\":{\"@id\":\"https:\\\/\\\/jornaldasoficinas.com\\\/pt\\\/ambiente-pesa-mas-carro-proprio-continua-a-dominar-em-portugal\\\/#primaryimage\"},\"thumbnailUrl\":\"https:\\\/\\\/jornaldasoficinas.com\\\/pt\\\/wp-content\\\/uploads\\\/2025\\\/09\\\/Ambiente-pesa-mas-carro-proprio-continua-a-dominar-em-Portugal.jpg\",\"keywords\":[\"A Escolha Sustent\u00e1vel\",\"carro pr\u00f3prio\",\"consumidores portugueses\",\"crit\u00e9rios ESG\",\"Estudo\",\"impacto ambiental\",\"meios de transporte\"],\"articleSection\":[\"Mercado\"],\"inLanguage\":\"pt-PT\"},{\"@type\":\"WebPage\",\"@id\":\"https:\\\/\\\/jornaldasoficinas.com\\\/pt\\\/ambiente-pesa-mas-carro-proprio-continua-a-dominar-em-portugal\\\/\",\"url\":\"https:\\\/\\\/jornaldasoficinas.com\\\/pt\\\/ambiente-pesa-mas-carro-proprio-continua-a-dominar-em-portugal\\\/\",\"name\":\"Ambiente pesa, mas carro pr\u00f3prio continua a dominar em Portugal - Jornal das Oficinas\",\"isPartOf\":{\"@id\":\"https:\\\/\\\/jornaldasoficinas.com\\\/pt\\\/#website\"},\"primaryImageOfPage\":{\"@id\":\"https:\\\/\\\/jornaldasoficinas.com\\\/pt\\\/ambiente-pesa-mas-carro-proprio-continua-a-dominar-em-portugal\\\/#primaryimage\"},\"image\":{\"@id\":\"https:\\\/\\\/jornaldasoficinas.com\\\/pt\\\/ambiente-pesa-mas-carro-proprio-continua-a-dominar-em-portugal\\\/#primaryimage\"},\"thumbnailUrl\":\"https:\\\/\\\/jornaldasoficinas.com\\\/pt\\\/wp-content\\\/uploads\\\/2025\\\/09\\\/Ambiente-pesa-mas-carro-proprio-continua-a-dominar-em-Portugal.jpg\",\"datePublished\":\"2025-09-11T11:30:15+00:00\",\"description\":\"Estudo revela que 49% dos portugueses t\u00eam em conta o impacto ambiental na escolha do transporte, mas 54% continua a preferir o carro pr\u00f3prio\",\"breadcrumb\":{\"@id\":\"https:\\\/\\\/jornaldasoficinas.com\\\/pt\\\/ambiente-pesa-mas-carro-proprio-continua-a-dominar-em-portugal\\\/#breadcrumb\"},\"inLanguage\":\"pt-PT\",\"potentialAction\":[{\"@type\":\"ReadAction\",\"target\":[\"https:\\\/\\\/jornaldasoficinas.com\\\/pt\\\/ambiente-pesa-mas-carro-proprio-continua-a-dominar-em-portugal\\\/\"]}]},{\"@type\":\"ImageObject\",\"inLanguage\":\"pt-PT\",\"@id\":\"https:\\\/\\\/jornaldasoficinas.com\\\/pt\\\/ambiente-pesa-mas-carro-proprio-continua-a-dominar-em-portugal\\\/#primaryimage\",\"url\":\"https:\\\/\\\/jornaldasoficinas.com\\\/pt\\\/wp-content\\\/uploads\\\/2025\\\/09\\\/Ambiente-pesa-mas-carro-proprio-continua-a-dominar-em-Portugal.jpg\",\"contentUrl\":\"https:\\\/\\\/jornaldasoficinas.com\\\/pt\\\/wp-content\\\/uploads\\\/2025\\\/09\\\/Ambiente-pesa-mas-carro-proprio-continua-a-dominar-em-Portugal.jpg\",\"width\":1024,\"height\":581,\"caption\":\"Young family with kids travelling by car, stopped in the field\"},{\"@type\":\"BreadcrumbList\",\"@id\":\"https:\\\/\\\/jornaldasoficinas.com\\\/pt\\\/ambiente-pesa-mas-carro-proprio-continua-a-dominar-em-portugal\\\/#breadcrumb\",\"itemListElement\":[{\"@type\":\"ListItem\",\"position\":1,\"name\":\"In\u00edcio\",\"item\":\"https:\\\/\\\/jornaldasoficinas.com\\\/pt\\\/\"},{\"@type\":\"ListItem\",\"position\":2,\"name\":\"Ambiente pesa, mas carro pr\u00f3prio continua a dominar em Portugal\"}]},{\"@type\":\"WebSite\",\"@id\":\"https:\\\/\\\/jornaldasoficinas.com\\\/pt\\\/#website\",\"url\":\"https:\\\/\\\/jornaldasoficinas.com\\\/pt\\\/\",\"name\":\"Jornal das Oficinas\",\"description\":\"Jornal independente do Aftermarket Autom\u00f3vel em Portugal\",\"publisher\":{\"@id\":\"https:\\\/\\\/jornaldasoficinas.com\\\/pt\\\/#organization\"},\"potentialAction\":[{\"@type\":\"SearchAction\",\"target\":{\"@type\":\"EntryPoint\",\"urlTemplate\":\"https:\\\/\\\/jornaldasoficinas.com\\\/pt\\\/?s={search_term_string}\"},\"query-input\":{\"@type\":\"PropertyValueSpecification\",\"valueRequired\":true,\"valueName\":\"search_term_string\"}}],\"inLanguage\":\"pt-PT\"},{\"@type\":\"Organization\",\"@id\":\"https:\\\/\\\/jornaldasoficinas.com\\\/pt\\\/#organization\",\"name\":\"Jornal das Oficinas\",\"url\":\"https:\\\/\\\/jornaldasoficinas.com\\\/pt\\\/\",\"logo\":{\"@type\":\"ImageObject\",\"inLanguage\":\"pt-PT\",\"@id\":\"https:\\\/\\\/jornaldasoficinas.com\\\/pt\\\/#\\\/schema\\\/logo\\\/image\\\/\",\"url\":\"https:\\\/\\\/jornaldasoficinas.com\\\/pt\\\/wp-content\\\/uploads\\\/logoJO-SEO.png\",\"contentUrl\":\"https:\\\/\\\/jornaldasoficinas.com\\\/pt\\\/wp-content\\\/uploads\\\/logoJO-SEO.png\",\"width\":285,\"height\":450,\"caption\":\"Jornal das Oficinas\"},\"image\":{\"@id\":\"https:\\\/\\\/jornaldasoficinas.com\\\/pt\\\/#\\\/schema\\\/logo\\\/image\\\/\"},\"sameAs\":[\"https:\\\/\\\/www.facebook.com\\\/jornaloficinas\",\"https:\\\/\\\/x.com\\\/jornaloficinas\",\"https:\\\/\\\/www.instagram.com\\\/jornal_oficinas\\\/\",\"https:\\\/\\\/www.linkedin.com\\\/company\\\/jornal-das-oficinas\\\/\",\"https:\\\/\\\/www.youtube.com\\\/channel\\\/UCbQZBqtcvV-oSQrr7RzINGg\"]},{\"@type\":\"Person\",\"@id\":\"https:\\\/\\\/jornaldasoficinas.com\\\/pt\\\/#\\\/schema\\\/person\\\/a38eef5de2c41d9e7c9ac10141afddf3\",\"name\":\"Reda\u00e7\u00e3o JO\",\"image\":{\"@type\":\"ImageObject\",\"inLanguage\":\"pt-PT\",\"@id\":\"https:\\\/\\\/secure.gravatar.com\\\/avatar\\\/71f2fa71737ad68a84fea94bc708ddac8ea5b0c4788dc2ad202f3ccb2887742f?s=96&d=wp_user_avatar&r=g\",\"url\":\"https:\\\/\\\/secure.gravatar.com\\\/avatar\\\/71f2fa71737ad68a84fea94bc708ddac8ea5b0c4788dc2ad202f3ccb2887742f?s=96&d=wp_user_avatar&r=g\",\"contentUrl\":\"https:\\\/\\\/secure.gravatar.com\\\/avatar\\\/71f2fa71737ad68a84fea94bc708ddac8ea5b0c4788dc2ad202f3ccb2887742f?s=96&d=wp_user_avatar&r=g\",\"caption\":\"Reda\u00e7\u00e3o JO\"},\"url\":\"https:\\\/\\\/jornaldasoficinas.com\\\/pt\\\/author\\\/joredacao\\\/\"}]}<\/script>\n<!-- \/ Yoast SEO plugin. -->","yoast_head_json":{"title":"Ambiente pesa, mas carro pr\u00f3prio continua a dominar em Portugal - Jornal das Oficinas","description":"Estudo revela que 49% dos portugueses t\u00eam em conta o impacto ambiental na escolha do transporte, mas 54% continua a preferir o carro pr\u00f3prio","robots":{"index":"index","follow":"follow","max-snippet":"max-snippet:-1","max-image-preview":"max-image-preview:large","max-video-preview":"max-video-preview:-1"},"canonical":"https:\/\/jornaldasoficinas.com\/pt\/ambiente-pesa-mas-carro-proprio-continua-a-dominar-em-portugal\/","og_locale":"pt_PT","og_type":"article","og_title":"Ambiente pesa, mas carro pr\u00f3prio continua a dominar em Portugal - Jornal das Oficinas","og_description":"Estudo revela que 49% dos portugueses t\u00eam em conta o impacto ambiental na escolha do transporte, mas 54% continua a preferir o carro pr\u00f3prio","og_url":"https:\/\/jornaldasoficinas.com\/pt\/ambiente-pesa-mas-carro-proprio-continua-a-dominar-em-portugal\/","og_site_name":"Jornal das Oficinas","article_publisher":"https:\/\/www.facebook.com\/jornaloficinas","article_published_time":"2025-09-11T11:30:15+00:00","og_image":[{"width":1024,"height":581,"url":"https:\/\/jornaldasoficinas.com\/pt\/wp-content\/uploads\/2025\/09\/Ambiente-pesa-mas-carro-proprio-continua-a-dominar-em-Portugal.jpg","type":"image\/jpeg"}],"author":"Reda\u00e7\u00e3o JO","twitter_card":"summary_large_image","twitter_creator":"@jornaloficinas","twitter_site":"@jornaloficinas","twitter_misc":{"Escrito por":"Reda\u00e7\u00e3o JO","Tempo estimado de leitura":"5 minutos"},"schema":{"@context":"https:\/\/schema.org","@graph":[{"@type":"Article","@id":"https:\/\/jornaldasoficinas.com\/pt\/ambiente-pesa-mas-carro-proprio-continua-a-dominar-em-portugal\/#article","isPartOf":{"@id":"https:\/\/jornaldasoficinas.com\/pt\/ambiente-pesa-mas-carro-proprio-continua-a-dominar-em-portugal\/"},"author":{"name":"Reda\u00e7\u00e3o JO","@id":"https:\/\/jornaldasoficinas.com\/pt\/#\/schema\/person\/a38eef5de2c41d9e7c9ac10141afddf3"},"headline":"Ambiente pesa, mas carro pr\u00f3prio continua a dominar em Portugal","datePublished":"2025-09-11T11:30:15+00:00","mainEntityOfPage":{"@id":"https:\/\/jornaldasoficinas.com\/pt\/ambiente-pesa-mas-carro-proprio-continua-a-dominar-em-portugal\/"},"wordCount":837,"publisher":{"@id":"https:\/\/jornaldasoficinas.com\/pt\/#organization"},"image":{"@id":"https:\/\/jornaldasoficinas.com\/pt\/ambiente-pesa-mas-carro-proprio-continua-a-dominar-em-portugal\/#primaryimage"},"thumbnailUrl":"https:\/\/jornaldasoficinas.com\/pt\/wp-content\/uploads\/2025\/09\/Ambiente-pesa-mas-carro-proprio-continua-a-dominar-em-Portugal.jpg","keywords":["A Escolha Sustent\u00e1vel","carro pr\u00f3prio","consumidores portugueses","crit\u00e9rios ESG","Estudo","impacto ambiental","meios de transporte"],"articleSection":["Mercado"],"inLanguage":"pt-PT"},{"@type":"WebPage","@id":"https:\/\/jornaldasoficinas.com\/pt\/ambiente-pesa-mas-carro-proprio-continua-a-dominar-em-portugal\/","url":"https:\/\/jornaldasoficinas.com\/pt\/ambiente-pesa-mas-carro-proprio-continua-a-dominar-em-portugal\/","name":"Ambiente pesa, mas carro pr\u00f3prio continua a dominar em Portugal - Jornal das Oficinas","isPartOf":{"@id":"https:\/\/jornaldasoficinas.com\/pt\/#website"},"primaryImageOfPage":{"@id":"https:\/\/jornaldasoficinas.com\/pt\/ambiente-pesa-mas-carro-proprio-continua-a-dominar-em-portugal\/#primaryimage"},"image":{"@id":"https:\/\/jornaldasoficinas.com\/pt\/ambiente-pesa-mas-carro-proprio-continua-a-dominar-em-portugal\/#primaryimage"},"thumbnailUrl":"https:\/\/jornaldasoficinas.com\/pt\/wp-content\/uploads\/2025\/09\/Ambiente-pesa-mas-carro-proprio-continua-a-dominar-em-Portugal.jpg","datePublished":"2025-09-11T11:30:15+00:00","description":"Estudo revela que 49% dos portugueses t\u00eam em conta o impacto ambiental na escolha do transporte, mas 54% continua a preferir o carro pr\u00f3prio","breadcrumb":{"@id":"https:\/\/jornaldasoficinas.com\/pt\/ambiente-pesa-mas-carro-proprio-continua-a-dominar-em-portugal\/#breadcrumb"},"inLanguage":"pt-PT","potentialAction":[{"@type":"ReadAction","target":["https:\/\/jornaldasoficinas.com\/pt\/ambiente-pesa-mas-carro-proprio-continua-a-dominar-em-portugal\/"]}]},{"@type":"ImageObject","inLanguage":"pt-PT","@id":"https:\/\/jornaldasoficinas.com\/pt\/ambiente-pesa-mas-carro-proprio-continua-a-dominar-em-portugal\/#primaryimage","url":"https:\/\/jornaldasoficinas.com\/pt\/wp-content\/uploads\/2025\/09\/Ambiente-pesa-mas-carro-proprio-continua-a-dominar-em-Portugal.jpg","contentUrl":"https:\/\/jornaldasoficinas.com\/pt\/wp-content\/uploads\/2025\/09\/Ambiente-pesa-mas-carro-proprio-continua-a-dominar-em-Portugal.jpg","width":1024,"height":581,"caption":"Young family with kids travelling by car, stopped in the field"},{"@type":"BreadcrumbList","@id":"https:\/\/jornaldasoficinas.com\/pt\/ambiente-pesa-mas-carro-proprio-continua-a-dominar-em-portugal\/#breadcrumb","itemListElement":[{"@type":"ListItem","position":1,"name":"In\u00edcio","item":"https:\/\/jornaldasoficinas.com\/pt\/"},{"@type":"ListItem","position":2,"name":"Ambiente pesa, mas carro pr\u00f3prio continua a dominar em Portugal"}]},{"@type":"WebSite","@id":"https:\/\/jornaldasoficinas.com\/pt\/#website","url":"https:\/\/jornaldasoficinas.com\/pt\/","name":"Jornal das Oficinas","description":"Jornal independente do Aftermarket Autom\u00f3vel em Portugal","publisher":{"@id":"https:\/\/jornaldasoficinas.com\/pt\/#organization"},"potentialAction":[{"@type":"SearchAction","target":{"@type":"EntryPoint","urlTemplate":"https:\/\/jornaldasoficinas.com\/pt\/?s={search_term_string}"},"query-input":{"@type":"PropertyValueSpecification","valueRequired":true,"valueName":"search_term_string"}}],"inLanguage":"pt-PT"},{"@type":"Organization","@id":"https:\/\/jornaldasoficinas.com\/pt\/#organization","name":"Jornal das Oficinas","url":"https:\/\/jornaldasoficinas.com\/pt\/","logo":{"@type":"ImageObject","inLanguage":"pt-PT","@id":"https:\/\/jornaldasoficinas.com\/pt\/#\/schema\/logo\/image\/","url":"https:\/\/jornaldasoficinas.com\/pt\/wp-content\/uploads\/logoJO-SEO.png","contentUrl":"https:\/\/jornaldasoficinas.com\/pt\/wp-content\/uploads\/logoJO-SEO.png","width":285,"height":450,"caption":"Jornal das Oficinas"},"image":{"@id":"https:\/\/jornaldasoficinas.com\/pt\/#\/schema\/logo\/image\/"},"sameAs":["https:\/\/www.facebook.com\/jornaloficinas","https:\/\/x.com\/jornaloficinas","https:\/\/www.instagram.com\/jornal_oficinas\/","https:\/\/www.linkedin.com\/company\/jornal-das-oficinas\/","https:\/\/www.youtube.com\/channel\/UCbQZBqtcvV-oSQrr7RzINGg"]},{"@type":"Person","@id":"https:\/\/jornaldasoficinas.com\/pt\/#\/schema\/person\/a38eef5de2c41d9e7c9ac10141afddf3","name":"Reda\u00e7\u00e3o JO","image":{"@type":"ImageObject","inLanguage":"pt-PT","@id":"https:\/\/secure.gravatar.com\/avatar\/71f2fa71737ad68a84fea94bc708ddac8ea5b0c4788dc2ad202f3ccb2887742f?s=96&d=wp_user_avatar&r=g","url":"https:\/\/secure.gravatar.com\/avatar\/71f2fa71737ad68a84fea94bc708ddac8ea5b0c4788dc2ad202f3ccb2887742f?s=96&d=wp_user_avatar&r=g","contentUrl":"https:\/\/secure.gravatar.com\/avatar\/71f2fa71737ad68a84fea94bc708ddac8ea5b0c4788dc2ad202f3ccb2887742f?s=96&d=wp_user_avatar&r=g","caption":"Reda\u00e7\u00e3o JO"},"url":"https:\/\/jornaldasoficinas.com\/pt\/author\/joredacao\/"}]}},"_links":{"self":[{"href":"https:\/\/jornaldasoficinas.com\/pt\/wp-json\/wp\/v2\/posts\/106482","targetHints":{"allow":["GET"]}}],"collection":[{"href":"https:\/\/jornaldasoficinas.com\/pt\/wp-json\/wp\/v2\/posts"}],"about":[{"href":"https:\/\/jornaldasoficinas.com\/pt\/wp-json\/wp\/v2\/types\/post"}],"author":[{"embeddable":true,"href":"https:\/\/jornaldasoficinas.com\/pt\/wp-json\/wp\/v2\/users\/15"}],"replies":[{"embeddable":true,"href":"https:\/\/jornaldasoficinas.com\/pt\/wp-json\/wp\/v2\/comments?post=106482"}],"version-history":[{"count":6,"href":"https:\/\/jornaldasoficinas.com\/pt\/wp-json\/wp\/v2\/posts\/106482\/revisions"}],"predecessor-version":[{"id":106489,"href":"https:\/\/jornaldasoficinas.com\/pt\/wp-json\/wp\/v2\/posts\/106482\/revisions\/106489"}],"wp:featuredmedia":[{"embeddable":true,"href":"https:\/\/jornaldasoficinas.com\/pt\/wp-json\/wp\/v2\/media\/106488"}],"wp:attachment":[{"href":"https:\/\/jornaldasoficinas.com\/pt\/wp-json\/wp\/v2\/media?parent=106482"}],"wp:term":[{"taxonomy":"category","embeddable":true,"href":"https:\/\/jornaldasoficinas.com\/pt\/wp-json\/wp\/v2\/categories?post=106482"},{"taxonomy":"post_tag","embeddable":true,"href":"https:\/\/jornaldasoficinas.com\/pt\/wp-json\/wp\/v2\/tags?post=106482"}],"curies":[{"name":"wp","href":"https:\/\/api.w.org\/{rel}","templated":true}]}}