{"id":106521,"date":"2025-09-12T08:00:52","date_gmt":"2025-09-12T07:00:52","guid":{"rendered":"https:\/\/jornaldasoficinas.com\/pt\/?p=106521"},"modified":"2025-09-11T13:07:25","modified_gmt":"2025-09-11T12:07:25","slug":"afia-e-cinfu-criam-formacao-modular-certificada","status":"publish","type":"post","link":"https:\/\/jornaldasoficinas.com\/pt\/afia-e-cinfu-criam-formacao-modular-certificada\/","title":{"rendered":"AFIA e CINFU criam forma\u00e7\u00e3o modular certificada"},"content":{"rendered":"<p><strong><img loading=\"lazy\" decoding=\"async\" class=\"alignnone size-full wp-image-106546\" src=\"https:\/\/jornaldasoficinas.com\/pt\/wp-content\/uploads\/2025\/09\/AFIA-e-CINFU-lancam-formacao-modular-certificada.jpg\" alt=\"09 - AFIA e CINFU lancam formacao modular certificada\" width=\"1024\" height=\"581\" srcset=\"https:\/\/jornaldasoficinas.com\/pt\/wp-content\/uploads\/2025\/09\/AFIA-e-CINFU-lancam-formacao-modular-certificada.jpg 1024w, https:\/\/jornaldasoficinas.com\/pt\/wp-content\/uploads\/2025\/09\/AFIA-e-CINFU-lancam-formacao-modular-certificada-300x170.jpg 300w, https:\/\/jornaldasoficinas.com\/pt\/wp-content\/uploads\/2025\/09\/AFIA-e-CINFU-lancam-formacao-modular-certificada-150x85.jpg 150w, https:\/\/jornaldasoficinas.com\/pt\/wp-content\/uploads\/2025\/09\/AFIA-e-CINFU-lancam-formacao-modular-certificada-768x436.jpg 768w\" sizes=\"auto, (max-width: 1024px) 100vw, 1024px\" \/><\/strong><\/p>\n<p><strong>A <a href=\"https:\/\/afia.pt\/\" target=\"_blank\" rel=\"noopener\">AFIA<\/a> \u2013 Associa\u00e7\u00e3o de Fabricantes para a Ind\u00fastria Autom\u00f3vel, acaba de celebrar um protocolo com o<a href=\"https:\/\/cinfu.pt\/\" target=\"_blank\" rel=\"noopener\"> CINFU<\/a> \u2013 Centro de Forma\u00e7\u00e3o Profissional da Ind\u00fastria da Fundi\u00e7\u00e3o, para o lan\u00e7amento conjunto de uma nova oferta formativa modular<\/strong><\/p>\n<p>Com o objetivo de refor\u00e7ar as compet\u00eancias dos colaboradores e aumentar a competitividade das empresas, esta nova forma\u00e7\u00e3o modular certificada da AFIA e do CINFU visa disponibilizar conte\u00fados program\u00e1ticos desenvolvidos por t\u00e9cnicos especialistas do setor, com incid\u00eancia sobre temas cr\u00edticos, tais como: gest\u00e3o de projetos, gest\u00e3o da qualidade, manuten\u00e7\u00e3o, log\u00edstica, transforma\u00e7\u00e3o digital e melhoria cont\u00ednua na \u00e1rea da produ\u00e7\u00e3o industrial.<\/p>\n<p>A grande vantagem desta oferta formativa, para al\u00e9m dos conte\u00fados program\u00e1ticos, \u00e9 a sua flexibilidade, permitindo \u00e0s empresas optar por m\u00f3dulos espec\u00edficos de acordo com as suas prioridades de desenvolvimento, assegurando uma forma\u00e7\u00e3o pr\u00e1tica, aplicada e orientada para resultados.<\/p>\n<p>&#8220;Num contexto industrial cada vez mais competitivo, a qualifica\u00e7\u00e3o cont\u00ednua dos colaboradores \u00e9 um fator decisivo para a inova\u00e7\u00e3o e sustentabilidade das empresas. Com esta forma\u00e7\u00e3o modular, queremos proporcionar \u00e0s organiza\u00e7\u00f5es uma ferramenta eficaz para potenciar o talento interno e preparar as equipas para os desafios do futuro&#8221;, referiu Jos\u00e9 Couto, Presidente da AFIA. Al\u00e9m disso, esta \u00e9 tamb\u00e9m &#8220;uma resposta alinhada com as preocupa\u00e7\u00f5es da Comiss\u00e3o Europeia relativamente \u00e0 forma\u00e7\u00e3o profissional, refor\u00e7ando o papel estrat\u00e9gico da qualifica\u00e7\u00e3o como motor de crescimento e competitividade da ind\u00fastria autom\u00f3vel nacional&#8221;, concluiu.<\/p>\n<p>&nbsp;<\/p>\n","protected":false},"excerpt":{"rendered":"<p>A AFIA \u2013 Associa\u00e7\u00e3o de Fabricantes&#8230;<\/p>\n","protected":false},"author":15,"featured_media":106546,"comment_status":"closed","ping_status":"closed","sticky":false,"template":"","format":"standard","meta":{"footnotes":""},"categories":[37],"tags":[100,13536,13537,13538,9300,1497],"class_list":["post-106521","post","type-post","status-publish","format-standard","has-post-thumbnail","hentry","category-mercado","tag-afia","tag-cinfu","tag-formacao-modular-certificada","tag-producao-industrial","tag-qualificacao-profissional","tag-setor-automovel"],"yoast_head":"<!-- This site is optimized with the Yoast SEO plugin v27.4 - https:\/\/yoast.com\/product\/yoast-seo-wordpress\/ -->\n<title>AFIA e CINFU criam forma\u00e7\u00e3o modular certificada - Jornal das Oficinas<\/title>\n<meta name=\"description\" content=\"A AFIA acaba de celebrar um protocolo com o CINFU para o lan\u00e7amento conjunto de uma nova oferta formativa modular\" \/>\n<meta name=\"robots\" content=\"index, follow, max-snippet:-1, max-image-preview:large, max-video-preview:-1\" \/>\n<link rel=\"canonical\" href=\"https:\/\/jornaldasoficinas.com\/pt\/afia-e-cinfu-criam-formacao-modular-certificada\/\" \/>\n<meta property=\"og:locale\" content=\"pt_PT\" \/>\n<meta property=\"og:type\" content=\"article\" \/>\n<meta property=\"og:title\" content=\"AFIA e CINFU criam forma\u00e7\u00e3o modular certificada - Jornal das Oficinas\" \/>\n<meta property=\"og:description\" content=\"A AFIA acaba de celebrar um protocolo com o CINFU para o lan\u00e7amento conjunto de uma nova oferta formativa modular\" \/>\n<meta property=\"og:url\" content=\"https:\/\/jornaldasoficinas.com\/pt\/afia-e-cinfu-criam-formacao-modular-certificada\/\" \/>\n<meta property=\"og:site_name\" content=\"Jornal das Oficinas\" \/>\n<meta property=\"article:publisher\" content=\"https:\/\/www.facebook.com\/jornaloficinas\" \/>\n<meta property=\"article:published_time\" content=\"2025-09-12T07:00:52+00:00\" \/>\n<meta property=\"og:image\" content=\"https:\/\/jornaldasoficinas.com\/pt\/wp-content\/uploads\/2025\/09\/AFIA-e-CINFU-lancam-formacao-modular-certificada.jpg\" \/>\n\t<meta property=\"og:image:width\" content=\"1024\" \/>\n\t<meta property=\"og:image:height\" content=\"581\" \/>\n\t<meta property=\"og:image:type\" content=\"image\/jpeg\" \/>\n<meta name=\"author\" content=\"Reda\u00e7\u00e3o JO\" \/>\n<meta name=\"twitter:card\" content=\"summary_large_image\" \/>\n<meta name=\"twitter:creator\" content=\"@jornaloficinas\" \/>\n<meta name=\"twitter:site\" content=\"@jornaloficinas\" \/>\n<meta name=\"twitter:label1\" content=\"Escrito por\" \/>\n\t<meta name=\"twitter:data1\" content=\"Reda\u00e7\u00e3o JO\" \/>\n\t<meta name=\"twitter:label2\" content=\"Tempo estimado de leitura\" \/>\n\t<meta name=\"twitter:data2\" content=\"2 minutos\" \/>\n<script type=\"application\/ld+json\" class=\"yoast-schema-graph\">{\"@context\":\"https:\\\/\\\/schema.org\",\"@graph\":[{\"@type\":\"Article\",\"@id\":\"https:\\\/\\\/jornaldasoficinas.com\\\/pt\\\/afia-e-cinfu-criam-formacao-modular-certificada\\\/#article\",\"isPartOf\":{\"@id\":\"https:\\\/\\\/jornaldasoficinas.com\\\/pt\\\/afia-e-cinfu-criam-formacao-modular-certificada\\\/\"},\"author\":{\"name\":\"Reda\u00e7\u00e3o JO\",\"@id\":\"https:\\\/\\\/jornaldasoficinas.com\\\/pt\\\/#\\\/schema\\\/person\\\/a38eef5de2c41d9e7c9ac10141afddf3\"},\"headline\":\"AFIA e CINFU criam forma\u00e7\u00e3o modular certificada\",\"datePublished\":\"2025-09-12T07:00:52+00:00\",\"mainEntityOfPage\":{\"@id\":\"https:\\\/\\\/jornaldasoficinas.com\\\/pt\\\/afia-e-cinfu-criam-formacao-modular-certificada\\\/\"},\"wordCount\":272,\"publisher\":{\"@id\":\"https:\\\/\\\/jornaldasoficinas.com\\\/pt\\\/#organization\"},\"image\":{\"@id\":\"https:\\\/\\\/jornaldasoficinas.com\\\/pt\\\/afia-e-cinfu-criam-formacao-modular-certificada\\\/#primaryimage\"},\"thumbnailUrl\":\"https:\\\/\\\/jornaldasoficinas.com\\\/pt\\\/wp-content\\\/uploads\\\/2025\\\/09\\\/AFIA-e-CINFU-lancam-formacao-modular-certificada.jpg\",\"keywords\":[\"AFIA\",\"CINFU\",\"forma\u00e7\u00e3o modular certificada\",\"produ\u00e7\u00e3o industrial\",\"qualifica\u00e7\u00e3o profissional\",\"Setor Autom\u00f3vel\"],\"articleSection\":[\"Mercado\"],\"inLanguage\":\"pt-PT\"},{\"@type\":\"WebPage\",\"@id\":\"https:\\\/\\\/jornaldasoficinas.com\\\/pt\\\/afia-e-cinfu-criam-formacao-modular-certificada\\\/\",\"url\":\"https:\\\/\\\/jornaldasoficinas.com\\\/pt\\\/afia-e-cinfu-criam-formacao-modular-certificada\\\/\",\"name\":\"AFIA e CINFU criam forma\u00e7\u00e3o modular certificada - Jornal das Oficinas\",\"isPartOf\":{\"@id\":\"https:\\\/\\\/jornaldasoficinas.com\\\/pt\\\/#website\"},\"primaryImageOfPage\":{\"@id\":\"https:\\\/\\\/jornaldasoficinas.com\\\/pt\\\/afia-e-cinfu-criam-formacao-modular-certificada\\\/#primaryimage\"},\"image\":{\"@id\":\"https:\\\/\\\/jornaldasoficinas.com\\\/pt\\\/afia-e-cinfu-criam-formacao-modular-certificada\\\/#primaryimage\"},\"thumbnailUrl\":\"https:\\\/\\\/jornaldasoficinas.com\\\/pt\\\/wp-content\\\/uploads\\\/2025\\\/09\\\/AFIA-e-CINFU-lancam-formacao-modular-certificada.jpg\",\"datePublished\":\"2025-09-12T07:00:52+00:00\",\"description\":\"A AFIA acaba de celebrar um protocolo com o CINFU para o lan\u00e7amento conjunto de uma nova oferta formativa modular\",\"breadcrumb\":{\"@id\":\"https:\\\/\\\/jornaldasoficinas.com\\\/pt\\\/afia-e-cinfu-criam-formacao-modular-certificada\\\/#breadcrumb\"},\"inLanguage\":\"pt-PT\",\"potentialAction\":[{\"@type\":\"ReadAction\",\"target\":[\"https:\\\/\\\/jornaldasoficinas.com\\\/pt\\\/afia-e-cinfu-criam-formacao-modular-certificada\\\/\"]}]},{\"@type\":\"ImageObject\",\"inLanguage\":\"pt-PT\",\"@id\":\"https:\\\/\\\/jornaldasoficinas.com\\\/pt\\\/afia-e-cinfu-criam-formacao-modular-certificada\\\/#primaryimage\",\"url\":\"https:\\\/\\\/jornaldasoficinas.com\\\/pt\\\/wp-content\\\/uploads\\\/2025\\\/09\\\/AFIA-e-CINFU-lancam-formacao-modular-certificada.jpg\",\"contentUrl\":\"https:\\\/\\\/jornaldasoficinas.com\\\/pt\\\/wp-content\\\/uploads\\\/2025\\\/09\\\/AFIA-e-CINFU-lancam-formacao-modular-certificada.jpg\",\"width\":1024,\"height\":581,\"caption\":\"09 - AFIA e CINFU lancam formacao modular certificada\"},{\"@type\":\"BreadcrumbList\",\"@id\":\"https:\\\/\\\/jornaldasoficinas.com\\\/pt\\\/afia-e-cinfu-criam-formacao-modular-certificada\\\/#breadcrumb\",\"itemListElement\":[{\"@type\":\"ListItem\",\"position\":1,\"name\":\"In\u00edcio\",\"item\":\"https:\\\/\\\/jornaldasoficinas.com\\\/pt\\\/\"},{\"@type\":\"ListItem\",\"position\":2,\"name\":\"AFIA e CINFU criam forma\u00e7\u00e3o modular certificada\"}]},{\"@type\":\"WebSite\",\"@id\":\"https:\\\/\\\/jornaldasoficinas.com\\\/pt\\\/#website\",\"url\":\"https:\\\/\\\/jornaldasoficinas.com\\\/pt\\\/\",\"name\":\"Jornal das Oficinas\",\"description\":\"Jornal independente do Aftermarket Autom\u00f3vel em Portugal\",\"publisher\":{\"@id\":\"https:\\\/\\\/jornaldasoficinas.com\\\/pt\\\/#organization\"},\"potentialAction\":[{\"@type\":\"SearchAction\",\"target\":{\"@type\":\"EntryPoint\",\"urlTemplate\":\"https:\\\/\\\/jornaldasoficinas.com\\\/pt\\\/?s={search_term_string}\"},\"query-input\":{\"@type\":\"PropertyValueSpecification\",\"valueRequired\":true,\"valueName\":\"search_term_string\"}}],\"inLanguage\":\"pt-PT\"},{\"@type\":\"Organization\",\"@id\":\"https:\\\/\\\/jornaldasoficinas.com\\\/pt\\\/#organization\",\"name\":\"Jornal das Oficinas\",\"url\":\"https:\\\/\\\/jornaldasoficinas.com\\\/pt\\\/\",\"logo\":{\"@type\":\"ImageObject\",\"inLanguage\":\"pt-PT\",\"@id\":\"https:\\\/\\\/jornaldasoficinas.com\\\/pt\\\/#\\\/schema\\\/logo\\\/image\\\/\",\"url\":\"https:\\\/\\\/jornaldasoficinas.com\\\/pt\\\/wp-content\\\/uploads\\\/logoJO-SEO.png\",\"contentUrl\":\"https:\\\/\\\/jornaldasoficinas.com\\\/pt\\\/wp-content\\\/uploads\\\/logoJO-SEO.png\",\"width\":285,\"height\":450,\"caption\":\"Jornal das Oficinas\"},\"image\":{\"@id\":\"https:\\\/\\\/jornaldasoficinas.com\\\/pt\\\/#\\\/schema\\\/logo\\\/image\\\/\"},\"sameAs\":[\"https:\\\/\\\/www.facebook.com\\\/jornaloficinas\",\"https:\\\/\\\/x.com\\\/jornaloficinas\",\"https:\\\/\\\/www.instagram.com\\\/jornal_oficinas\\\/\",\"https:\\\/\\\/www.linkedin.com\\\/company\\\/jornal-das-oficinas\\\/\",\"https:\\\/\\\/www.youtube.com\\\/channel\\\/UCbQZBqtcvV-oSQrr7RzINGg\"]},{\"@type\":\"Person\",\"@id\":\"https:\\\/\\\/jornaldasoficinas.com\\\/pt\\\/#\\\/schema\\\/person\\\/a38eef5de2c41d9e7c9ac10141afddf3\",\"name\":\"Reda\u00e7\u00e3o JO\",\"image\":{\"@type\":\"ImageObject\",\"inLanguage\":\"pt-PT\",\"@id\":\"https:\\\/\\\/secure.gravatar.com\\\/avatar\\\/71f2fa71737ad68a84fea94bc708ddac8ea5b0c4788dc2ad202f3ccb2887742f?s=96&d=wp_user_avatar&r=g\",\"url\":\"https:\\\/\\\/secure.gravatar.com\\\/avatar\\\/71f2fa71737ad68a84fea94bc708ddac8ea5b0c4788dc2ad202f3ccb2887742f?s=96&d=wp_user_avatar&r=g\",\"contentUrl\":\"https:\\\/\\\/secure.gravatar.com\\\/avatar\\\/71f2fa71737ad68a84fea94bc708ddac8ea5b0c4788dc2ad202f3ccb2887742f?s=96&d=wp_user_avatar&r=g\",\"caption\":\"Reda\u00e7\u00e3o JO\"},\"url\":\"https:\\\/\\\/jornaldasoficinas.com\\\/pt\\\/author\\\/joredacao\\\/\"}]}<\/script>\n<!-- \/ Yoast SEO plugin. -->","yoast_head_json":{"title":"AFIA e CINFU criam forma\u00e7\u00e3o modular certificada - Jornal das Oficinas","description":"A AFIA acaba de celebrar um protocolo com o CINFU para o lan\u00e7amento conjunto de uma nova oferta formativa modular","robots":{"index":"index","follow":"follow","max-snippet":"max-snippet:-1","max-image-preview":"max-image-preview:large","max-video-preview":"max-video-preview:-1"},"canonical":"https:\/\/jornaldasoficinas.com\/pt\/afia-e-cinfu-criam-formacao-modular-certificada\/","og_locale":"pt_PT","og_type":"article","og_title":"AFIA e CINFU criam forma\u00e7\u00e3o modular certificada - Jornal das Oficinas","og_description":"A AFIA acaba de celebrar um protocolo com o CINFU para o lan\u00e7amento conjunto de uma nova oferta formativa modular","og_url":"https:\/\/jornaldasoficinas.com\/pt\/afia-e-cinfu-criam-formacao-modular-certificada\/","og_site_name":"Jornal das Oficinas","article_publisher":"https:\/\/www.facebook.com\/jornaloficinas","article_published_time":"2025-09-12T07:00:52+00:00","og_image":[{"width":1024,"height":581,"url":"https:\/\/jornaldasoficinas.com\/pt\/wp-content\/uploads\/2025\/09\/AFIA-e-CINFU-lancam-formacao-modular-certificada.jpg","type":"image\/jpeg"}],"author":"Reda\u00e7\u00e3o JO","twitter_card":"summary_large_image","twitter_creator":"@jornaloficinas","twitter_site":"@jornaloficinas","twitter_misc":{"Escrito por":"Reda\u00e7\u00e3o JO","Tempo estimado de leitura":"2 minutos"},"schema":{"@context":"https:\/\/schema.org","@graph":[{"@type":"Article","@id":"https:\/\/jornaldasoficinas.com\/pt\/afia-e-cinfu-criam-formacao-modular-certificada\/#article","isPartOf":{"@id":"https:\/\/jornaldasoficinas.com\/pt\/afia-e-cinfu-criam-formacao-modular-certificada\/"},"author":{"name":"Reda\u00e7\u00e3o JO","@id":"https:\/\/jornaldasoficinas.com\/pt\/#\/schema\/person\/a38eef5de2c41d9e7c9ac10141afddf3"},"headline":"AFIA e CINFU criam forma\u00e7\u00e3o modular certificada","datePublished":"2025-09-12T07:00:52+00:00","mainEntityOfPage":{"@id":"https:\/\/jornaldasoficinas.com\/pt\/afia-e-cinfu-criam-formacao-modular-certificada\/"},"wordCount":272,"publisher":{"@id":"https:\/\/jornaldasoficinas.com\/pt\/#organization"},"image":{"@id":"https:\/\/jornaldasoficinas.com\/pt\/afia-e-cinfu-criam-formacao-modular-certificada\/#primaryimage"},"thumbnailUrl":"https:\/\/jornaldasoficinas.com\/pt\/wp-content\/uploads\/2025\/09\/AFIA-e-CINFU-lancam-formacao-modular-certificada.jpg","keywords":["AFIA","CINFU","forma\u00e7\u00e3o modular certificada","produ\u00e7\u00e3o industrial","qualifica\u00e7\u00e3o profissional","Setor Autom\u00f3vel"],"articleSection":["Mercado"],"inLanguage":"pt-PT"},{"@type":"WebPage","@id":"https:\/\/jornaldasoficinas.com\/pt\/afia-e-cinfu-criam-formacao-modular-certificada\/","url":"https:\/\/jornaldasoficinas.com\/pt\/afia-e-cinfu-criam-formacao-modular-certificada\/","name":"AFIA e CINFU criam forma\u00e7\u00e3o modular certificada - Jornal das Oficinas","isPartOf":{"@id":"https:\/\/jornaldasoficinas.com\/pt\/#website"},"primaryImageOfPage":{"@id":"https:\/\/jornaldasoficinas.com\/pt\/afia-e-cinfu-criam-formacao-modular-certificada\/#primaryimage"},"image":{"@id":"https:\/\/jornaldasoficinas.com\/pt\/afia-e-cinfu-criam-formacao-modular-certificada\/#primaryimage"},"thumbnailUrl":"https:\/\/jornaldasoficinas.com\/pt\/wp-content\/uploads\/2025\/09\/AFIA-e-CINFU-lancam-formacao-modular-certificada.jpg","datePublished":"2025-09-12T07:00:52+00:00","description":"A AFIA acaba de celebrar um protocolo com o CINFU para o lan\u00e7amento conjunto de uma nova oferta formativa modular","breadcrumb":{"@id":"https:\/\/jornaldasoficinas.com\/pt\/afia-e-cinfu-criam-formacao-modular-certificada\/#breadcrumb"},"inLanguage":"pt-PT","potentialAction":[{"@type":"ReadAction","target":["https:\/\/jornaldasoficinas.com\/pt\/afia-e-cinfu-criam-formacao-modular-certificada\/"]}]},{"@type":"ImageObject","inLanguage":"pt-PT","@id":"https:\/\/jornaldasoficinas.com\/pt\/afia-e-cinfu-criam-formacao-modular-certificada\/#primaryimage","url":"https:\/\/jornaldasoficinas.com\/pt\/wp-content\/uploads\/2025\/09\/AFIA-e-CINFU-lancam-formacao-modular-certificada.jpg","contentUrl":"https:\/\/jornaldasoficinas.com\/pt\/wp-content\/uploads\/2025\/09\/AFIA-e-CINFU-lancam-formacao-modular-certificada.jpg","width":1024,"height":581,"caption":"09 - AFIA e CINFU lancam formacao modular certificada"},{"@type":"BreadcrumbList","@id":"https:\/\/jornaldasoficinas.com\/pt\/afia-e-cinfu-criam-formacao-modular-certificada\/#breadcrumb","itemListElement":[{"@type":"ListItem","position":1,"name":"In\u00edcio","item":"https:\/\/jornaldasoficinas.com\/pt\/"},{"@type":"ListItem","position":2,"name":"AFIA e CINFU criam forma\u00e7\u00e3o modular certificada"}]},{"@type":"WebSite","@id":"https:\/\/jornaldasoficinas.com\/pt\/#website","url":"https:\/\/jornaldasoficinas.com\/pt\/","name":"Jornal das Oficinas","description":"Jornal independente do Aftermarket Autom\u00f3vel em Portugal","publisher":{"@id":"https:\/\/jornaldasoficinas.com\/pt\/#organization"},"potentialAction":[{"@type":"SearchAction","target":{"@type":"EntryPoint","urlTemplate":"https:\/\/jornaldasoficinas.com\/pt\/?s={search_term_string}"},"query-input":{"@type":"PropertyValueSpecification","valueRequired":true,"valueName":"search_term_string"}}],"inLanguage":"pt-PT"},{"@type":"Organization","@id":"https:\/\/jornaldasoficinas.com\/pt\/#organization","name":"Jornal das Oficinas","url":"https:\/\/jornaldasoficinas.com\/pt\/","logo":{"@type":"ImageObject","inLanguage":"pt-PT","@id":"https:\/\/jornaldasoficinas.com\/pt\/#\/schema\/logo\/image\/","url":"https:\/\/jornaldasoficinas.com\/pt\/wp-content\/uploads\/logoJO-SEO.png","contentUrl":"https:\/\/jornaldasoficinas.com\/pt\/wp-content\/uploads\/logoJO-SEO.png","width":285,"height":450,"caption":"Jornal das Oficinas"},"image":{"@id":"https:\/\/jornaldasoficinas.com\/pt\/#\/schema\/logo\/image\/"},"sameAs":["https:\/\/www.facebook.com\/jornaloficinas","https:\/\/x.com\/jornaloficinas","https:\/\/www.instagram.com\/jornal_oficinas\/","https:\/\/www.linkedin.com\/company\/jornal-das-oficinas\/","https:\/\/www.youtube.com\/channel\/UCbQZBqtcvV-oSQrr7RzINGg"]},{"@type":"Person","@id":"https:\/\/jornaldasoficinas.com\/pt\/#\/schema\/person\/a38eef5de2c41d9e7c9ac10141afddf3","name":"Reda\u00e7\u00e3o JO","image":{"@type":"ImageObject","inLanguage":"pt-PT","@id":"https:\/\/secure.gravatar.com\/avatar\/71f2fa71737ad68a84fea94bc708ddac8ea5b0c4788dc2ad202f3ccb2887742f?s=96&d=wp_user_avatar&r=g","url":"https:\/\/secure.gravatar.com\/avatar\/71f2fa71737ad68a84fea94bc708ddac8ea5b0c4788dc2ad202f3ccb2887742f?s=96&d=wp_user_avatar&r=g","contentUrl":"https:\/\/secure.gravatar.com\/avatar\/71f2fa71737ad68a84fea94bc708ddac8ea5b0c4788dc2ad202f3ccb2887742f?s=96&d=wp_user_avatar&r=g","caption":"Reda\u00e7\u00e3o JO"},"url":"https:\/\/jornaldasoficinas.com\/pt\/author\/joredacao\/"}]}},"_links":{"self":[{"href":"https:\/\/jornaldasoficinas.com\/pt\/wp-json\/wp\/v2\/posts\/106521","targetHints":{"allow":["GET"]}}],"collection":[{"href":"https:\/\/jornaldasoficinas.com\/pt\/wp-json\/wp\/v2\/posts"}],"about":[{"href":"https:\/\/jornaldasoficinas.com\/pt\/wp-json\/wp\/v2\/types\/post"}],"author":[{"embeddable":true,"href":"https:\/\/jornaldasoficinas.com\/pt\/wp-json\/wp\/v2\/users\/15"}],"replies":[{"embeddable":true,"href":"https:\/\/jornaldasoficinas.com\/pt\/wp-json\/wp\/v2\/comments?post=106521"}],"version-history":[{"count":11,"href":"https:\/\/jornaldasoficinas.com\/pt\/wp-json\/wp\/v2\/posts\/106521\/revisions"}],"predecessor-version":[{"id":106558,"href":"https:\/\/jornaldasoficinas.com\/pt\/wp-json\/wp\/v2\/posts\/106521\/revisions\/106558"}],"wp:featuredmedia":[{"embeddable":true,"href":"https:\/\/jornaldasoficinas.com\/pt\/wp-json\/wp\/v2\/media\/106546"}],"wp:attachment":[{"href":"https:\/\/jornaldasoficinas.com\/pt\/wp-json\/wp\/v2\/media?parent=106521"}],"wp:term":[{"taxonomy":"category","embeddable":true,"href":"https:\/\/jornaldasoficinas.com\/pt\/wp-json\/wp\/v2\/categories?post=106521"},{"taxonomy":"post_tag","embeddable":true,"href":"https:\/\/jornaldasoficinas.com\/pt\/wp-json\/wp\/v2\/tags?post=106521"}],"curies":[{"name":"wp","href":"https:\/\/api.w.org\/{rel}","templated":true}]}}