{"id":106627,"date":"2025-09-15T14:00:41","date_gmt":"2025-09-15T13:00:41","guid":{"rendered":"https:\/\/jornaldasoficinas.com\/pt\/?p=106627"},"modified":"2025-09-15T14:07:10","modified_gmt":"2025-09-15T13:07:10","slug":"hella-e-hengst-cessam-acordo-de-distribuicao-no-sul-da-europa","status":"publish","type":"post","link":"https:\/\/jornaldasoficinas.com\/pt\/hella-e-hengst-cessam-acordo-de-distribuicao-no-sul-da-europa\/","title":{"rendered":"HELLA e HENGST cessam acordo de distribui\u00e7\u00e3o no sul da Europa"},"content":{"rendered":"<p><strong><img loading=\"lazy\" decoding=\"async\" class=\"alignnone size-full wp-image-106629\" src=\"https:\/\/jornaldasoficinas.com\/pt\/wp-content\/uploads\/2025\/09\/HELLA-e-HENGST-cessam-acordo-de-distribuicao-no-sul-da-Europa.jpg\" alt=\"09 - HELLA e HENGST cessam acordo de distribuicao no sul da Europa\" width=\"1024\" height=\"581\" srcset=\"https:\/\/jornaldasoficinas.com\/pt\/wp-content\/uploads\/2025\/09\/HELLA-e-HENGST-cessam-acordo-de-distribuicao-no-sul-da-Europa.jpg 1024w, https:\/\/jornaldasoficinas.com\/pt\/wp-content\/uploads\/2025\/09\/HELLA-e-HENGST-cessam-acordo-de-distribuicao-no-sul-da-Europa-300x170.jpg 300w, https:\/\/jornaldasoficinas.com\/pt\/wp-content\/uploads\/2025\/09\/HELLA-e-HENGST-cessam-acordo-de-distribuicao-no-sul-da-Europa-150x85.jpg 150w, https:\/\/jornaldasoficinas.com\/pt\/wp-content\/uploads\/2025\/09\/HELLA-e-HENGST-cessam-acordo-de-distribuicao-no-sul-da-Europa-768x436.jpg 768w\" sizes=\"auto, (max-width: 1024px) 100vw, 1024px\" \/><\/strong><\/p>\n<p><strong>A <a href=\"https:\/\/www.hella.com\/\" target=\"_blank\" rel=\"noopener\">HELLA<\/a> e a <a href=\"https:\/\/www.hengst.com\/\" target=\"_blank\" rel=\"noopener\">HENGST<\/a> concordaram mutuamente em encerrar o seu acordo de distribui\u00e7\u00e3o exclusiva para os mercados da It\u00e1lia, Espanha e Portugal, com efeito a partir de 31 de dezembro de 2025<\/strong><\/p>\n<p>Ap\u00f3s mais de 8 anos de colabora\u00e7\u00e3o bem-sucedida na distribui\u00e7\u00e3o do portf\u00f3lio de filtros para autom\u00f3veis de passageiros HELLA-HENGST no sudoeste da Europa, ambas as partes decidiram em conjunto que as opera\u00e7\u00f5es comerciais nesta regi\u00e3o passar\u00e3o a ser geridas diretamente pela organiza\u00e7\u00e3o de vendas da HENGST SE.<\/p>\n<p>&#8220;Os produtos continuar\u00e3o os mesmos, e esta transi\u00e7\u00e3o abre novas oportunidades de neg\u00f3cio para os clientes, incluindo linhas adicionais como m\u00f3dulos de filtro de \u00f3leo, bandejas de \u00f3leo para transmiss\u00e3o e sistemas de ventila\u00e7\u00e3o do c\u00e1rter&#8221;, esclareceram as marcas em comunicado.<\/p>\n<p>&#8220;Esta decis\u00e3o estrat\u00e9gica responde \u00e0 evolu\u00e7\u00e3o das condi\u00e7\u00f5es do mercado, como o crescente predom\u00ednio de estruturas de clientes que operam a n\u00edvel pan-europeu e global, bem como a cont\u00ednua consolida\u00e7\u00e3o dos canais de distribui\u00e7\u00e3o&#8221;, sublinharam.<\/p>\n<p>&#8220;Para garantir uma transi\u00e7\u00e3o suave, a HELLA e a HENGST est\u00e3o totalmente empenhadas em apoiar todos os clientes durante este processo, com o objetivo de continuar uma colabora\u00e7\u00e3o bem-sucedida durante muitos mais anos com os filtros HENGST&#8221;, salientaram.<\/p>\n<p>As duas organiza\u00e7\u00f5es de vendas ir\u00e3o entrar em contacto com todos os clientes afetados para esclarecer os detalhes da mudan\u00e7a.<\/p>\n","protected":false},"excerpt":{"rendered":"<p>A HELLA e a HENGST concordaram&#8230;<\/p>\n","protected":false},"author":15,"featured_media":106629,"comment_status":"closed","ping_status":"closed","sticky":false,"template":"","format":"standard","meta":{"footnotes":""},"categories":[29],"tags":[13555,13556,11269,938,714,13511],"class_list":["post-106627","post","type-post","status-publish","format-standard","has-post-thumbnail","hentry","category-empresas","tag-31-de-dezembro-de-2025","tag-acordo-de-distribuicao","tag-encerramento","tag-hella","tag-hengst","tag-sul-da-europa"],"yoast_head":"<!-- This site is optimized with the Yoast SEO plugin v27.4 - https:\/\/yoast.com\/product\/yoast-seo-wordpress\/ -->\n<title>HELLA e HENGST cessam acordo de distribui\u00e7\u00e3o no sul da Europa - Jornal das Oficinas<\/title>\n<meta name=\"description\" content=\"A HELLA e a HENGST concordaram mutuamente em encerrar o seu acordo de distribui\u00e7\u00e3o exclusiva para os mercados da It\u00e1lia, Espanha e Portugal\" \/>\n<meta name=\"robots\" content=\"index, follow, max-snippet:-1, max-image-preview:large, max-video-preview:-1\" \/>\n<link rel=\"canonical\" href=\"https:\/\/jornaldasoficinas.com\/pt\/hella-e-hengst-cessam-acordo-de-distribuicao-no-sul-da-europa\/\" \/>\n<meta property=\"og:locale\" content=\"pt_PT\" \/>\n<meta property=\"og:type\" content=\"article\" \/>\n<meta property=\"og:title\" content=\"HELLA e HENGST cessam acordo de distribui\u00e7\u00e3o no sul da Europa - Jornal das Oficinas\" \/>\n<meta property=\"og:description\" content=\"A HELLA e a HENGST concordaram mutuamente em encerrar o seu acordo de distribui\u00e7\u00e3o exclusiva para os mercados da It\u00e1lia, Espanha e Portugal\" \/>\n<meta property=\"og:url\" content=\"https:\/\/jornaldasoficinas.com\/pt\/hella-e-hengst-cessam-acordo-de-distribuicao-no-sul-da-europa\/\" \/>\n<meta property=\"og:site_name\" content=\"Jornal das Oficinas\" \/>\n<meta property=\"article:publisher\" content=\"https:\/\/www.facebook.com\/jornaloficinas\" \/>\n<meta property=\"article:published_time\" content=\"2025-09-15T13:00:41+00:00\" \/>\n<meta property=\"article:modified_time\" content=\"2025-09-15T13:07:10+00:00\" \/>\n<meta property=\"og:image\" content=\"https:\/\/jornaldasoficinas.com\/pt\/wp-content\/uploads\/2025\/09\/HELLA-e-HENGST-cessam-acordo-de-distribuicao-no-sul-da-Europa.jpg\" \/>\n\t<meta property=\"og:image:width\" content=\"1024\" \/>\n\t<meta property=\"og:image:height\" content=\"581\" \/>\n\t<meta property=\"og:image:type\" content=\"image\/jpeg\" \/>\n<meta name=\"author\" content=\"Reda\u00e7\u00e3o JO\" \/>\n<meta name=\"twitter:card\" content=\"summary_large_image\" \/>\n<meta name=\"twitter:creator\" content=\"@jornaloficinas\" \/>\n<meta name=\"twitter:site\" content=\"@jornaloficinas\" \/>\n<meta name=\"twitter:label1\" content=\"Escrito por\" \/>\n\t<meta name=\"twitter:data1\" content=\"Reda\u00e7\u00e3o JO\" \/>\n\t<meta name=\"twitter:label2\" content=\"Tempo estimado de leitura\" \/>\n\t<meta name=\"twitter:data2\" content=\"2 minutos\" \/>\n<script type=\"application\/ld+json\" class=\"yoast-schema-graph\">{\"@context\":\"https:\\\/\\\/schema.org\",\"@graph\":[{\"@type\":\"Article\",\"@id\":\"https:\\\/\\\/jornaldasoficinas.com\\\/pt\\\/hella-e-hengst-cessam-acordo-de-distribuicao-no-sul-da-europa\\\/#article\",\"isPartOf\":{\"@id\":\"https:\\\/\\\/jornaldasoficinas.com\\\/pt\\\/hella-e-hengst-cessam-acordo-de-distribuicao-no-sul-da-europa\\\/\"},\"author\":{\"name\":\"Reda\u00e7\u00e3o JO\",\"@id\":\"https:\\\/\\\/jornaldasoficinas.com\\\/pt\\\/#\\\/schema\\\/person\\\/a38eef5de2c41d9e7c9ac10141afddf3\"},\"headline\":\"HELLA e HENGST cessam acordo de distribui\u00e7\u00e3o no sul da Europa\",\"datePublished\":\"2025-09-15T13:00:41+00:00\",\"dateModified\":\"2025-09-15T13:07:10+00:00\",\"mainEntityOfPage\":{\"@id\":\"https:\\\/\\\/jornaldasoficinas.com\\\/pt\\\/hella-e-hengst-cessam-acordo-de-distribuicao-no-sul-da-europa\\\/\"},\"wordCount\":255,\"publisher\":{\"@id\":\"https:\\\/\\\/jornaldasoficinas.com\\\/pt\\\/#organization\"},\"image\":{\"@id\":\"https:\\\/\\\/jornaldasoficinas.com\\\/pt\\\/hella-e-hengst-cessam-acordo-de-distribuicao-no-sul-da-europa\\\/#primaryimage\"},\"thumbnailUrl\":\"https:\\\/\\\/jornaldasoficinas.com\\\/pt\\\/wp-content\\\/uploads\\\/2025\\\/09\\\/HELLA-e-HENGST-cessam-acordo-de-distribuicao-no-sul-da-Europa.jpg\",\"keywords\":[\"31 de dezembro de 2025\",\"acordo de distribui\u00e7\u00e3o\",\"encerramento\",\"Hella\",\"Hengst\",\"sul da Europa\"],\"articleSection\":[\"Empresas\"],\"inLanguage\":\"pt-PT\"},{\"@type\":\"WebPage\",\"@id\":\"https:\\\/\\\/jornaldasoficinas.com\\\/pt\\\/hella-e-hengst-cessam-acordo-de-distribuicao-no-sul-da-europa\\\/\",\"url\":\"https:\\\/\\\/jornaldasoficinas.com\\\/pt\\\/hella-e-hengst-cessam-acordo-de-distribuicao-no-sul-da-europa\\\/\",\"name\":\"HELLA e HENGST cessam acordo de distribui\u00e7\u00e3o no sul da Europa - Jornal das Oficinas\",\"isPartOf\":{\"@id\":\"https:\\\/\\\/jornaldasoficinas.com\\\/pt\\\/#website\"},\"primaryImageOfPage\":{\"@id\":\"https:\\\/\\\/jornaldasoficinas.com\\\/pt\\\/hella-e-hengst-cessam-acordo-de-distribuicao-no-sul-da-europa\\\/#primaryimage\"},\"image\":{\"@id\":\"https:\\\/\\\/jornaldasoficinas.com\\\/pt\\\/hella-e-hengst-cessam-acordo-de-distribuicao-no-sul-da-europa\\\/#primaryimage\"},\"thumbnailUrl\":\"https:\\\/\\\/jornaldasoficinas.com\\\/pt\\\/wp-content\\\/uploads\\\/2025\\\/09\\\/HELLA-e-HENGST-cessam-acordo-de-distribuicao-no-sul-da-Europa.jpg\",\"datePublished\":\"2025-09-15T13:00:41+00:00\",\"dateModified\":\"2025-09-15T13:07:10+00:00\",\"description\":\"A HELLA e a HENGST concordaram mutuamente em encerrar o seu acordo de distribui\u00e7\u00e3o exclusiva para os mercados da It\u00e1lia, Espanha e Portugal\",\"breadcrumb\":{\"@id\":\"https:\\\/\\\/jornaldasoficinas.com\\\/pt\\\/hella-e-hengst-cessam-acordo-de-distribuicao-no-sul-da-europa\\\/#breadcrumb\"},\"inLanguage\":\"pt-PT\",\"potentialAction\":[{\"@type\":\"ReadAction\",\"target\":[\"https:\\\/\\\/jornaldasoficinas.com\\\/pt\\\/hella-e-hengst-cessam-acordo-de-distribuicao-no-sul-da-europa\\\/\"]}]},{\"@type\":\"ImageObject\",\"inLanguage\":\"pt-PT\",\"@id\":\"https:\\\/\\\/jornaldasoficinas.com\\\/pt\\\/hella-e-hengst-cessam-acordo-de-distribuicao-no-sul-da-europa\\\/#primaryimage\",\"url\":\"https:\\\/\\\/jornaldasoficinas.com\\\/pt\\\/wp-content\\\/uploads\\\/2025\\\/09\\\/HELLA-e-HENGST-cessam-acordo-de-distribuicao-no-sul-da-Europa.jpg\",\"contentUrl\":\"https:\\\/\\\/jornaldasoficinas.com\\\/pt\\\/wp-content\\\/uploads\\\/2025\\\/09\\\/HELLA-e-HENGST-cessam-acordo-de-distribuicao-no-sul-da-Europa.jpg\",\"width\":1024,\"height\":581,\"caption\":\"09 - HELLA e HENGST cessam acordo de distribuicao no sul da Europa\"},{\"@type\":\"BreadcrumbList\",\"@id\":\"https:\\\/\\\/jornaldasoficinas.com\\\/pt\\\/hella-e-hengst-cessam-acordo-de-distribuicao-no-sul-da-europa\\\/#breadcrumb\",\"itemListElement\":[{\"@type\":\"ListItem\",\"position\":1,\"name\":\"In\u00edcio\",\"item\":\"https:\\\/\\\/jornaldasoficinas.com\\\/pt\\\/\"},{\"@type\":\"ListItem\",\"position\":2,\"name\":\"HELLA e HENGST cessam acordo de distribui\u00e7\u00e3o no sul da Europa\"}]},{\"@type\":\"WebSite\",\"@id\":\"https:\\\/\\\/jornaldasoficinas.com\\\/pt\\\/#website\",\"url\":\"https:\\\/\\\/jornaldasoficinas.com\\\/pt\\\/\",\"name\":\"Jornal das Oficinas\",\"description\":\"Jornal independente do Aftermarket Autom\u00f3vel em Portugal\",\"publisher\":{\"@id\":\"https:\\\/\\\/jornaldasoficinas.com\\\/pt\\\/#organization\"},\"potentialAction\":[{\"@type\":\"SearchAction\",\"target\":{\"@type\":\"EntryPoint\",\"urlTemplate\":\"https:\\\/\\\/jornaldasoficinas.com\\\/pt\\\/?s={search_term_string}\"},\"query-input\":{\"@type\":\"PropertyValueSpecification\",\"valueRequired\":true,\"valueName\":\"search_term_string\"}}],\"inLanguage\":\"pt-PT\"},{\"@type\":\"Organization\",\"@id\":\"https:\\\/\\\/jornaldasoficinas.com\\\/pt\\\/#organization\",\"name\":\"Jornal das Oficinas\",\"url\":\"https:\\\/\\\/jornaldasoficinas.com\\\/pt\\\/\",\"logo\":{\"@type\":\"ImageObject\",\"inLanguage\":\"pt-PT\",\"@id\":\"https:\\\/\\\/jornaldasoficinas.com\\\/pt\\\/#\\\/schema\\\/logo\\\/image\\\/\",\"url\":\"https:\\\/\\\/jornaldasoficinas.com\\\/pt\\\/wp-content\\\/uploads\\\/logoJO-SEO.png\",\"contentUrl\":\"https:\\\/\\\/jornaldasoficinas.com\\\/pt\\\/wp-content\\\/uploads\\\/logoJO-SEO.png\",\"width\":285,\"height\":450,\"caption\":\"Jornal das Oficinas\"},\"image\":{\"@id\":\"https:\\\/\\\/jornaldasoficinas.com\\\/pt\\\/#\\\/schema\\\/logo\\\/image\\\/\"},\"sameAs\":[\"https:\\\/\\\/www.facebook.com\\\/jornaloficinas\",\"https:\\\/\\\/x.com\\\/jornaloficinas\",\"https:\\\/\\\/www.instagram.com\\\/jornal_oficinas\\\/\",\"https:\\\/\\\/www.linkedin.com\\\/company\\\/jornal-das-oficinas\\\/\",\"https:\\\/\\\/www.youtube.com\\\/channel\\\/UCbQZBqtcvV-oSQrr7RzINGg\"]},{\"@type\":\"Person\",\"@id\":\"https:\\\/\\\/jornaldasoficinas.com\\\/pt\\\/#\\\/schema\\\/person\\\/a38eef5de2c41d9e7c9ac10141afddf3\",\"name\":\"Reda\u00e7\u00e3o JO\",\"image\":{\"@type\":\"ImageObject\",\"inLanguage\":\"pt-PT\",\"@id\":\"https:\\\/\\\/secure.gravatar.com\\\/avatar\\\/71f2fa71737ad68a84fea94bc708ddac8ea5b0c4788dc2ad202f3ccb2887742f?s=96&d=wp_user_avatar&r=g\",\"url\":\"https:\\\/\\\/secure.gravatar.com\\\/avatar\\\/71f2fa71737ad68a84fea94bc708ddac8ea5b0c4788dc2ad202f3ccb2887742f?s=96&d=wp_user_avatar&r=g\",\"contentUrl\":\"https:\\\/\\\/secure.gravatar.com\\\/avatar\\\/71f2fa71737ad68a84fea94bc708ddac8ea5b0c4788dc2ad202f3ccb2887742f?s=96&d=wp_user_avatar&r=g\",\"caption\":\"Reda\u00e7\u00e3o JO\"},\"url\":\"https:\\\/\\\/jornaldasoficinas.com\\\/pt\\\/author\\\/joredacao\\\/\"}]}<\/script>\n<!-- \/ Yoast SEO plugin. -->","yoast_head_json":{"title":"HELLA e HENGST cessam acordo de distribui\u00e7\u00e3o no sul da Europa - Jornal das Oficinas","description":"A HELLA e a HENGST concordaram mutuamente em encerrar o seu acordo de distribui\u00e7\u00e3o exclusiva para os mercados da It\u00e1lia, Espanha e Portugal","robots":{"index":"index","follow":"follow","max-snippet":"max-snippet:-1","max-image-preview":"max-image-preview:large","max-video-preview":"max-video-preview:-1"},"canonical":"https:\/\/jornaldasoficinas.com\/pt\/hella-e-hengst-cessam-acordo-de-distribuicao-no-sul-da-europa\/","og_locale":"pt_PT","og_type":"article","og_title":"HELLA e HENGST cessam acordo de distribui\u00e7\u00e3o no sul da Europa - Jornal das Oficinas","og_description":"A HELLA e a HENGST concordaram mutuamente em encerrar o seu acordo de distribui\u00e7\u00e3o exclusiva para os mercados da It\u00e1lia, Espanha e Portugal","og_url":"https:\/\/jornaldasoficinas.com\/pt\/hella-e-hengst-cessam-acordo-de-distribuicao-no-sul-da-europa\/","og_site_name":"Jornal das Oficinas","article_publisher":"https:\/\/www.facebook.com\/jornaloficinas","article_published_time":"2025-09-15T13:00:41+00:00","article_modified_time":"2025-09-15T13:07:10+00:00","og_image":[{"width":1024,"height":581,"url":"https:\/\/jornaldasoficinas.com\/pt\/wp-content\/uploads\/2025\/09\/HELLA-e-HENGST-cessam-acordo-de-distribuicao-no-sul-da-Europa.jpg","type":"image\/jpeg"}],"author":"Reda\u00e7\u00e3o JO","twitter_card":"summary_large_image","twitter_creator":"@jornaloficinas","twitter_site":"@jornaloficinas","twitter_misc":{"Escrito por":"Reda\u00e7\u00e3o JO","Tempo estimado de leitura":"2 minutos"},"schema":{"@context":"https:\/\/schema.org","@graph":[{"@type":"Article","@id":"https:\/\/jornaldasoficinas.com\/pt\/hella-e-hengst-cessam-acordo-de-distribuicao-no-sul-da-europa\/#article","isPartOf":{"@id":"https:\/\/jornaldasoficinas.com\/pt\/hella-e-hengst-cessam-acordo-de-distribuicao-no-sul-da-europa\/"},"author":{"name":"Reda\u00e7\u00e3o JO","@id":"https:\/\/jornaldasoficinas.com\/pt\/#\/schema\/person\/a38eef5de2c41d9e7c9ac10141afddf3"},"headline":"HELLA e HENGST cessam acordo de distribui\u00e7\u00e3o no sul da Europa","datePublished":"2025-09-15T13:00:41+00:00","dateModified":"2025-09-15T13:07:10+00:00","mainEntityOfPage":{"@id":"https:\/\/jornaldasoficinas.com\/pt\/hella-e-hengst-cessam-acordo-de-distribuicao-no-sul-da-europa\/"},"wordCount":255,"publisher":{"@id":"https:\/\/jornaldasoficinas.com\/pt\/#organization"},"image":{"@id":"https:\/\/jornaldasoficinas.com\/pt\/hella-e-hengst-cessam-acordo-de-distribuicao-no-sul-da-europa\/#primaryimage"},"thumbnailUrl":"https:\/\/jornaldasoficinas.com\/pt\/wp-content\/uploads\/2025\/09\/HELLA-e-HENGST-cessam-acordo-de-distribuicao-no-sul-da-Europa.jpg","keywords":["31 de dezembro de 2025","acordo de distribui\u00e7\u00e3o","encerramento","Hella","Hengst","sul da Europa"],"articleSection":["Empresas"],"inLanguage":"pt-PT"},{"@type":"WebPage","@id":"https:\/\/jornaldasoficinas.com\/pt\/hella-e-hengst-cessam-acordo-de-distribuicao-no-sul-da-europa\/","url":"https:\/\/jornaldasoficinas.com\/pt\/hella-e-hengst-cessam-acordo-de-distribuicao-no-sul-da-europa\/","name":"HELLA e HENGST cessam acordo de distribui\u00e7\u00e3o no sul da Europa - Jornal das Oficinas","isPartOf":{"@id":"https:\/\/jornaldasoficinas.com\/pt\/#website"},"primaryImageOfPage":{"@id":"https:\/\/jornaldasoficinas.com\/pt\/hella-e-hengst-cessam-acordo-de-distribuicao-no-sul-da-europa\/#primaryimage"},"image":{"@id":"https:\/\/jornaldasoficinas.com\/pt\/hella-e-hengst-cessam-acordo-de-distribuicao-no-sul-da-europa\/#primaryimage"},"thumbnailUrl":"https:\/\/jornaldasoficinas.com\/pt\/wp-content\/uploads\/2025\/09\/HELLA-e-HENGST-cessam-acordo-de-distribuicao-no-sul-da-Europa.jpg","datePublished":"2025-09-15T13:00:41+00:00","dateModified":"2025-09-15T13:07:10+00:00","description":"A HELLA e a HENGST concordaram mutuamente em encerrar o seu acordo de distribui\u00e7\u00e3o exclusiva para os mercados da It\u00e1lia, Espanha e Portugal","breadcrumb":{"@id":"https:\/\/jornaldasoficinas.com\/pt\/hella-e-hengst-cessam-acordo-de-distribuicao-no-sul-da-europa\/#breadcrumb"},"inLanguage":"pt-PT","potentialAction":[{"@type":"ReadAction","target":["https:\/\/jornaldasoficinas.com\/pt\/hella-e-hengst-cessam-acordo-de-distribuicao-no-sul-da-europa\/"]}]},{"@type":"ImageObject","inLanguage":"pt-PT","@id":"https:\/\/jornaldasoficinas.com\/pt\/hella-e-hengst-cessam-acordo-de-distribuicao-no-sul-da-europa\/#primaryimage","url":"https:\/\/jornaldasoficinas.com\/pt\/wp-content\/uploads\/2025\/09\/HELLA-e-HENGST-cessam-acordo-de-distribuicao-no-sul-da-Europa.jpg","contentUrl":"https:\/\/jornaldasoficinas.com\/pt\/wp-content\/uploads\/2025\/09\/HELLA-e-HENGST-cessam-acordo-de-distribuicao-no-sul-da-Europa.jpg","width":1024,"height":581,"caption":"09 - HELLA e HENGST cessam acordo de distribuicao no sul da Europa"},{"@type":"BreadcrumbList","@id":"https:\/\/jornaldasoficinas.com\/pt\/hella-e-hengst-cessam-acordo-de-distribuicao-no-sul-da-europa\/#breadcrumb","itemListElement":[{"@type":"ListItem","position":1,"name":"In\u00edcio","item":"https:\/\/jornaldasoficinas.com\/pt\/"},{"@type":"ListItem","position":2,"name":"HELLA e HENGST cessam acordo de distribui\u00e7\u00e3o no sul da Europa"}]},{"@type":"WebSite","@id":"https:\/\/jornaldasoficinas.com\/pt\/#website","url":"https:\/\/jornaldasoficinas.com\/pt\/","name":"Jornal das Oficinas","description":"Jornal independente do Aftermarket Autom\u00f3vel em Portugal","publisher":{"@id":"https:\/\/jornaldasoficinas.com\/pt\/#organization"},"potentialAction":[{"@type":"SearchAction","target":{"@type":"EntryPoint","urlTemplate":"https:\/\/jornaldasoficinas.com\/pt\/?s={search_term_string}"},"query-input":{"@type":"PropertyValueSpecification","valueRequired":true,"valueName":"search_term_string"}}],"inLanguage":"pt-PT"},{"@type":"Organization","@id":"https:\/\/jornaldasoficinas.com\/pt\/#organization","name":"Jornal das Oficinas","url":"https:\/\/jornaldasoficinas.com\/pt\/","logo":{"@type":"ImageObject","inLanguage":"pt-PT","@id":"https:\/\/jornaldasoficinas.com\/pt\/#\/schema\/logo\/image\/","url":"https:\/\/jornaldasoficinas.com\/pt\/wp-content\/uploads\/logoJO-SEO.png","contentUrl":"https:\/\/jornaldasoficinas.com\/pt\/wp-content\/uploads\/logoJO-SEO.png","width":285,"height":450,"caption":"Jornal das Oficinas"},"image":{"@id":"https:\/\/jornaldasoficinas.com\/pt\/#\/schema\/logo\/image\/"},"sameAs":["https:\/\/www.facebook.com\/jornaloficinas","https:\/\/x.com\/jornaloficinas","https:\/\/www.instagram.com\/jornal_oficinas\/","https:\/\/www.linkedin.com\/company\/jornal-das-oficinas\/","https:\/\/www.youtube.com\/channel\/UCbQZBqtcvV-oSQrr7RzINGg"]},{"@type":"Person","@id":"https:\/\/jornaldasoficinas.com\/pt\/#\/schema\/person\/a38eef5de2c41d9e7c9ac10141afddf3","name":"Reda\u00e7\u00e3o JO","image":{"@type":"ImageObject","inLanguage":"pt-PT","@id":"https:\/\/secure.gravatar.com\/avatar\/71f2fa71737ad68a84fea94bc708ddac8ea5b0c4788dc2ad202f3ccb2887742f?s=96&d=wp_user_avatar&r=g","url":"https:\/\/secure.gravatar.com\/avatar\/71f2fa71737ad68a84fea94bc708ddac8ea5b0c4788dc2ad202f3ccb2887742f?s=96&d=wp_user_avatar&r=g","contentUrl":"https:\/\/secure.gravatar.com\/avatar\/71f2fa71737ad68a84fea94bc708ddac8ea5b0c4788dc2ad202f3ccb2887742f?s=96&d=wp_user_avatar&r=g","caption":"Reda\u00e7\u00e3o JO"},"url":"https:\/\/jornaldasoficinas.com\/pt\/author\/joredacao\/"}]}},"_links":{"self":[{"href":"https:\/\/jornaldasoficinas.com\/pt\/wp-json\/wp\/v2\/posts\/106627","targetHints":{"allow":["GET"]}}],"collection":[{"href":"https:\/\/jornaldasoficinas.com\/pt\/wp-json\/wp\/v2\/posts"}],"about":[{"href":"https:\/\/jornaldasoficinas.com\/pt\/wp-json\/wp\/v2\/types\/post"}],"author":[{"embeddable":true,"href":"https:\/\/jornaldasoficinas.com\/pt\/wp-json\/wp\/v2\/users\/15"}],"replies":[{"embeddable":true,"href":"https:\/\/jornaldasoficinas.com\/pt\/wp-json\/wp\/v2\/comments?post=106627"}],"version-history":[{"count":2,"href":"https:\/\/jornaldasoficinas.com\/pt\/wp-json\/wp\/v2\/posts\/106627\/revisions"}],"predecessor-version":[{"id":106630,"href":"https:\/\/jornaldasoficinas.com\/pt\/wp-json\/wp\/v2\/posts\/106627\/revisions\/106630"}],"wp:featuredmedia":[{"embeddable":true,"href":"https:\/\/jornaldasoficinas.com\/pt\/wp-json\/wp\/v2\/media\/106629"}],"wp:attachment":[{"href":"https:\/\/jornaldasoficinas.com\/pt\/wp-json\/wp\/v2\/media?parent=106627"}],"wp:term":[{"taxonomy":"category","embeddable":true,"href":"https:\/\/jornaldasoficinas.com\/pt\/wp-json\/wp\/v2\/categories?post=106627"},{"taxonomy":"post_tag","embeddable":true,"href":"https:\/\/jornaldasoficinas.com\/pt\/wp-json\/wp\/v2\/tags?post=106627"}],"curies":[{"name":"wp","href":"https:\/\/api.w.org\/{rel}","templated":true}]}}