{"id":106636,"date":"2025-09-16T14:00:43","date_gmt":"2025-09-16T13:00:43","guid":{"rendered":"https:\/\/jornaldasoficinas.com\/pt\/?p=106636"},"modified":"2025-09-16T14:17:28","modified_gmt":"2025-09-16T13:17:28","slug":"isp-alerta-para-riscos-na-aplicacao-da-lei-dos-dados-no-setor","status":"publish","type":"post","link":"https:\/\/jornaldasoficinas.com\/pt\/isp-alerta-para-riscos-na-aplicacao-da-lei-dos-dados-no-setor\/","title":{"rendered":"ISP alerta para riscos na aplica\u00e7\u00e3o da lei dos dados no setor"},"content":{"rendered":"<p><strong><img loading=\"lazy\" decoding=\"async\" class=\"alignnone size-full wp-image-106779\" src=\"https:\/\/jornaldasoficinas.com\/pt\/wp-content\/uploads\/2025\/09\/ISP-alerta-para-riscos-na-aplicacao-da-lei-dos-dados-no-setor-1.png\" alt=\"09 - ISP alerta para riscos na aplicacao da lei dos dados no setor 1\" width=\"1024\" height=\"581\" srcset=\"https:\/\/jornaldasoficinas.com\/pt\/wp-content\/uploads\/2025\/09\/ISP-alerta-para-riscos-na-aplicacao-da-lei-dos-dados-no-setor-1.png 1024w, https:\/\/jornaldasoficinas.com\/pt\/wp-content\/uploads\/2025\/09\/ISP-alerta-para-riscos-na-aplicacao-da-lei-dos-dados-no-setor-1-300x170.png 300w, https:\/\/jornaldasoficinas.com\/pt\/wp-content\/uploads\/2025\/09\/ISP-alerta-para-riscos-na-aplicacao-da-lei-dos-dados-no-setor-1-150x85.png 150w, https:\/\/jornaldasoficinas.com\/pt\/wp-content\/uploads\/2025\/09\/ISP-alerta-para-riscos-na-aplicacao-da-lei-dos-dados-no-setor-1-768x436.png 768w\" sizes=\"auto, (max-width: 1024px) 100vw, 1024px\" \/><\/strong><\/p>\n<p><strong>O grupo de Prestadores de Servi\u00e7os Independentes (ISP) saudou a entrada em vigor da lei dos dados, mas avisa que a simplifica\u00e7\u00e3o n\u00e3o pode significar desregula\u00e7\u00e3o<\/strong><\/p>\n<p>A nova legisla\u00e7\u00e3o estabelece princ\u00edpios centrais, ao conceder aos utilizadores de dispositivos IoT direitos sobre os dados que geram, garantindo a possibilidade de partilha com terceiros da sua escolha e impondo obriga\u00e7\u00f5es de transpar\u00eancia e acessibilidade aos titulares dos dados.<\/p>\n<p>No mercado de pe\u00e7as de substitui\u00e7\u00e3o, a sua aplica\u00e7\u00e3o \u00e9 especialmente relevante, j\u00e1 que cria uma estrutura jur\u00eddica horizontal para enfrentar os desafios do acesso justo \u00e0s informa\u00e7\u00f5es geradas pelos ve\u00edculos. O objetivo \u00e9 assegurar condi\u00e7\u00f5es de concorr\u00eancia equilibradas, apoiar a inova\u00e7\u00e3o, desenvolver servi\u00e7os de mobilidade conectados competitivos a n\u00edvel europeu e garantir benef\u00edcios claros para os consumidores em termos de mobilidade acess\u00edvel e sustent\u00e1vel.<\/p>\n<p>Apesar do apoio \u00e0 Lei, os ISPs alertam que a simplifica\u00e7\u00e3o da sua aplica\u00e7\u00e3o n\u00e3o pode ser confundida com desregula\u00e7\u00e3o. Consideram preocupantes os apelos para transformar a Lei num regime volunt\u00e1rio ou reduzir obriga\u00e7\u00f5es essenciais sob o argumento de diminuir encargos administrativos, em particular no contexto do futuro pacote Digital Omnibus.<\/p>\n<p>Para os prestadores de servi\u00e7os independentes, a verdadeira barreira ao desenvolvimento de servi\u00e7os digitais competitivos n\u00e3o \u00e9 a burocracia, mas sim o acesso restrito aos dados dos ve\u00edculos. Qualquer dilui\u00e7\u00e3o da legisla\u00e7\u00e3o consolidaria desequil\u00edbrios de mercado, favorecendo apenas um pequeno grupo de intervenientes dominantes, enquanto quadros volunt\u00e1rios j\u00e1 provaram n\u00e3o ser eficazes em setores com fortes assimetrias estruturais, como o autom\u00f3vel.<\/p>\n<p>O grupo sublinhou ainda que uma aplica\u00e7\u00e3o eficaz da lei \u00e9 essencial. A possibilidade de implementa\u00e7\u00e3o &#8220;flex\u00edvel&#8221; preocupa os ISPs, j\u00e1 que, sem supervis\u00e3o robusta e harmonizada entre Estados-Membros, os direitos e obriga\u00e7\u00f5es previstos correm o risco de permanecer apenas te\u00f3ricos. Por isso, apelam \u00e0 Comiss\u00e3o Europeia e aos governos nacionais para que assegurem uma aplica\u00e7\u00e3o consistente e eficaz em toda a Uni\u00e3o, preservem a integridade da lei contra tentativas de enfraquecimento em futuros pacotes legislativos e reconhe\u00e7am este diploma como o primeiro passo rumo a uma legisla\u00e7\u00e3o setorial espec\u00edfica (SSL), que permita enfrentar plenamente os desafios do acesso justo aos dados a bordo dos ve\u00edculos.<\/p>\n<p>O grupo ISP pretende ainda recorrer ao instrumento legislativo da Comiss\u00e3o Europeia para reportar a aplica\u00e7\u00e3o pr\u00e1tica da lei no setor.<\/p>\n<p>Entre as associa\u00e7\u00f5es signat\u00e1rias encontram-se a <a href=\"https:\/\/www.adpa.eu\/\" target=\"_blank\" rel=\"noopener\">ADPA<\/a>, <a href=\"https:\/\/airc-int.com\/\" target=\"_blank\" rel=\"noopener\">AIRC<\/a>, <a href=\"https:\/\/www.cecra.eu\/\" target=\"_blank\" rel=\"noopener\">CECRA<\/a>, <a href=\"https:\/\/www.clepa.eu\/\" target=\"_blank\" rel=\"noopener\">CLEPA<\/a>, <a href=\"https:\/\/www.egea-association.eu\/\" target=\"_blank\" rel=\"noopener\">EGEA<\/a>, <a href=\"https:\/\/www.etrma.org\/\" target=\"_blank\" rel=\"noopener\">ETRMA<\/a>, <a href=\"https:\/\/www.fia.com\/\" target=\"_blank\" rel=\"noopener\">FIA<\/a>, <a href=\"https:\/\/www.figiefa.eu\/\" target=\"_blank\" rel=\"noopener\">FIGIEFA<\/a>, <a href=\"https:\/\/www.insuranceeurope.eu\/\" target=\"_blank\" rel=\"noopener\">Insurance Europe<\/a> e a <a href=\"https:\/\/www.leaseurope.org\/\" target=\"_blank\" rel=\"noopener\">Leaseurope<\/a>.<\/p>\n","protected":false},"excerpt":{"rendered":"<p>O grupo de Prestadores de Servi\u00e7os&#8230;<\/p>\n","protected":false},"author":15,"featured_media":106779,"comment_status":"closed","ping_status":"closed","sticky":false,"template":"","format":"standard","meta":{"footnotes":""},"categories":[37],"tags":[11117,13559,6581,13558,2991,1497],"class_list":["post-106636","post","type-post","status-publish","format-standard","has-post-thumbnail","hentry","category-mercado","tag-acessibilidade","tag-desregulacao","tag-lei-dos-dados","tag-prestadores-de-servicos-independentes","tag-servicos-digitais","tag-setor-automovel"],"yoast_head":"<!-- This site is optimized with the Yoast SEO plugin v27.4 - https:\/\/yoast.com\/product\/yoast-seo-wordpress\/ -->\n<title>ISP alerta para riscos na aplica\u00e7\u00e3o da lei dos dados no setor - Jornal das Oficinas<\/title>\n<meta name=\"description\" content=\"O grupo ISP saudou a entrada em vigor da lei dos dados, mas avisa que a simplifica\u00e7\u00e3o n\u00e3o pode significar desregula\u00e7\u00e3o\" \/>\n<meta name=\"robots\" content=\"index, follow, max-snippet:-1, max-image-preview:large, max-video-preview:-1\" \/>\n<link rel=\"canonical\" href=\"https:\/\/jornaldasoficinas.com\/pt\/isp-alerta-para-riscos-na-aplicacao-da-lei-dos-dados-no-setor\/\" \/>\n<meta property=\"og:locale\" content=\"pt_PT\" \/>\n<meta property=\"og:type\" content=\"article\" \/>\n<meta property=\"og:title\" content=\"ISP alerta para riscos na aplica\u00e7\u00e3o da lei dos dados no setor - Jornal das Oficinas\" \/>\n<meta property=\"og:description\" content=\"O grupo ISP saudou a entrada em vigor da lei dos dados, mas avisa que a simplifica\u00e7\u00e3o n\u00e3o pode significar desregula\u00e7\u00e3o\" \/>\n<meta property=\"og:url\" content=\"https:\/\/jornaldasoficinas.com\/pt\/isp-alerta-para-riscos-na-aplicacao-da-lei-dos-dados-no-setor\/\" \/>\n<meta property=\"og:site_name\" content=\"Jornal das Oficinas\" \/>\n<meta property=\"article:publisher\" content=\"https:\/\/www.facebook.com\/jornaloficinas\" \/>\n<meta property=\"article:published_time\" content=\"2025-09-16T13:00:43+00:00\" \/>\n<meta property=\"article:modified_time\" content=\"2025-09-16T13:17:28+00:00\" \/>\n<meta property=\"og:image\" content=\"https:\/\/jornaldasoficinas.com\/pt\/wp-content\/uploads\/2025\/09\/ISP-alerta-para-riscos-na-aplicacao-da-lei-dos-dados-no-setor-1.png\" \/>\n\t<meta property=\"og:image:width\" content=\"1024\" \/>\n\t<meta property=\"og:image:height\" content=\"581\" \/>\n\t<meta property=\"og:image:type\" content=\"image\/png\" \/>\n<meta name=\"author\" content=\"Reda\u00e7\u00e3o JO\" \/>\n<meta name=\"twitter:card\" content=\"summary_large_image\" \/>\n<meta name=\"twitter:creator\" content=\"@jornaloficinas\" \/>\n<meta name=\"twitter:site\" content=\"@jornaloficinas\" \/>\n<meta name=\"twitter:label1\" content=\"Escrito por\" \/>\n\t<meta name=\"twitter:data1\" content=\"Reda\u00e7\u00e3o JO\" \/>\n\t<meta name=\"twitter:label2\" content=\"Tempo estimado de leitura\" \/>\n\t<meta name=\"twitter:data2\" content=\"3 minutos\" \/>\n<script type=\"application\/ld+json\" class=\"yoast-schema-graph\">{\"@context\":\"https:\\\/\\\/schema.org\",\"@graph\":[{\"@type\":\"Article\",\"@id\":\"https:\\\/\\\/jornaldasoficinas.com\\\/pt\\\/isp-alerta-para-riscos-na-aplicacao-da-lei-dos-dados-no-setor\\\/#article\",\"isPartOf\":{\"@id\":\"https:\\\/\\\/jornaldasoficinas.com\\\/pt\\\/isp-alerta-para-riscos-na-aplicacao-da-lei-dos-dados-no-setor\\\/\"},\"author\":{\"name\":\"Reda\u00e7\u00e3o JO\",\"@id\":\"https:\\\/\\\/jornaldasoficinas.com\\\/pt\\\/#\\\/schema\\\/person\\\/a38eef5de2c41d9e7c9ac10141afddf3\"},\"headline\":\"ISP alerta para riscos na aplica\u00e7\u00e3o da lei dos dados no setor\",\"datePublished\":\"2025-09-16T13:00:43+00:00\",\"dateModified\":\"2025-09-16T13:17:28+00:00\",\"mainEntityOfPage\":{\"@id\":\"https:\\\/\\\/jornaldasoficinas.com\\\/pt\\\/isp-alerta-para-riscos-na-aplicacao-da-lei-dos-dados-no-setor\\\/\"},\"wordCount\":452,\"publisher\":{\"@id\":\"https:\\\/\\\/jornaldasoficinas.com\\\/pt\\\/#organization\"},\"image\":{\"@id\":\"https:\\\/\\\/jornaldasoficinas.com\\\/pt\\\/isp-alerta-para-riscos-na-aplicacao-da-lei-dos-dados-no-setor\\\/#primaryimage\"},\"thumbnailUrl\":\"https:\\\/\\\/jornaldasoficinas.com\\\/pt\\\/wp-content\\\/uploads\\\/2025\\\/09\\\/ISP-alerta-para-riscos-na-aplicacao-da-lei-dos-dados-no-setor-1.png\",\"keywords\":[\"acessibilidade\",\"desregula\u00e7\u00e3o\",\"Lei dos dados\",\"Prestadores de Servi\u00e7os Independentes\",\"Servi\u00e7os Digitais\",\"Setor Autom\u00f3vel\"],\"articleSection\":[\"Mercado\"],\"inLanguage\":\"pt-PT\"},{\"@type\":\"WebPage\",\"@id\":\"https:\\\/\\\/jornaldasoficinas.com\\\/pt\\\/isp-alerta-para-riscos-na-aplicacao-da-lei-dos-dados-no-setor\\\/\",\"url\":\"https:\\\/\\\/jornaldasoficinas.com\\\/pt\\\/isp-alerta-para-riscos-na-aplicacao-da-lei-dos-dados-no-setor\\\/\",\"name\":\"ISP alerta para riscos na aplica\u00e7\u00e3o da lei dos dados no setor - Jornal das Oficinas\",\"isPartOf\":{\"@id\":\"https:\\\/\\\/jornaldasoficinas.com\\\/pt\\\/#website\"},\"primaryImageOfPage\":{\"@id\":\"https:\\\/\\\/jornaldasoficinas.com\\\/pt\\\/isp-alerta-para-riscos-na-aplicacao-da-lei-dos-dados-no-setor\\\/#primaryimage\"},\"image\":{\"@id\":\"https:\\\/\\\/jornaldasoficinas.com\\\/pt\\\/isp-alerta-para-riscos-na-aplicacao-da-lei-dos-dados-no-setor\\\/#primaryimage\"},\"thumbnailUrl\":\"https:\\\/\\\/jornaldasoficinas.com\\\/pt\\\/wp-content\\\/uploads\\\/2025\\\/09\\\/ISP-alerta-para-riscos-na-aplicacao-da-lei-dos-dados-no-setor-1.png\",\"datePublished\":\"2025-09-16T13:00:43+00:00\",\"dateModified\":\"2025-09-16T13:17:28+00:00\",\"description\":\"O grupo ISP saudou a entrada em vigor da lei dos dados, mas avisa que a simplifica\u00e7\u00e3o n\u00e3o pode significar desregula\u00e7\u00e3o\",\"breadcrumb\":{\"@id\":\"https:\\\/\\\/jornaldasoficinas.com\\\/pt\\\/isp-alerta-para-riscos-na-aplicacao-da-lei-dos-dados-no-setor\\\/#breadcrumb\"},\"inLanguage\":\"pt-PT\",\"potentialAction\":[{\"@type\":\"ReadAction\",\"target\":[\"https:\\\/\\\/jornaldasoficinas.com\\\/pt\\\/isp-alerta-para-riscos-na-aplicacao-da-lei-dos-dados-no-setor\\\/\"]}]},{\"@type\":\"ImageObject\",\"inLanguage\":\"pt-PT\",\"@id\":\"https:\\\/\\\/jornaldasoficinas.com\\\/pt\\\/isp-alerta-para-riscos-na-aplicacao-da-lei-dos-dados-no-setor\\\/#primaryimage\",\"url\":\"https:\\\/\\\/jornaldasoficinas.com\\\/pt\\\/wp-content\\\/uploads\\\/2025\\\/09\\\/ISP-alerta-para-riscos-na-aplicacao-da-lei-dos-dados-no-setor-1.png\",\"contentUrl\":\"https:\\\/\\\/jornaldasoficinas.com\\\/pt\\\/wp-content\\\/uploads\\\/2025\\\/09\\\/ISP-alerta-para-riscos-na-aplicacao-da-lei-dos-dados-no-setor-1.png\",\"width\":1024,\"height\":581,\"caption\":\"09 - ISP alerta para riscos na aplicacao da lei dos dados no setor 1\"},{\"@type\":\"BreadcrumbList\",\"@id\":\"https:\\\/\\\/jornaldasoficinas.com\\\/pt\\\/isp-alerta-para-riscos-na-aplicacao-da-lei-dos-dados-no-setor\\\/#breadcrumb\",\"itemListElement\":[{\"@type\":\"ListItem\",\"position\":1,\"name\":\"In\u00edcio\",\"item\":\"https:\\\/\\\/jornaldasoficinas.com\\\/pt\\\/\"},{\"@type\":\"ListItem\",\"position\":2,\"name\":\"ISP alerta para riscos na aplica\u00e7\u00e3o da lei dos dados no setor\"}]},{\"@type\":\"WebSite\",\"@id\":\"https:\\\/\\\/jornaldasoficinas.com\\\/pt\\\/#website\",\"url\":\"https:\\\/\\\/jornaldasoficinas.com\\\/pt\\\/\",\"name\":\"Jornal das Oficinas\",\"description\":\"Jornal independente do Aftermarket Autom\u00f3vel em Portugal\",\"publisher\":{\"@id\":\"https:\\\/\\\/jornaldasoficinas.com\\\/pt\\\/#organization\"},\"potentialAction\":[{\"@type\":\"SearchAction\",\"target\":{\"@type\":\"EntryPoint\",\"urlTemplate\":\"https:\\\/\\\/jornaldasoficinas.com\\\/pt\\\/?s={search_term_string}\"},\"query-input\":{\"@type\":\"PropertyValueSpecification\",\"valueRequired\":true,\"valueName\":\"search_term_string\"}}],\"inLanguage\":\"pt-PT\"},{\"@type\":\"Organization\",\"@id\":\"https:\\\/\\\/jornaldasoficinas.com\\\/pt\\\/#organization\",\"name\":\"Jornal das Oficinas\",\"url\":\"https:\\\/\\\/jornaldasoficinas.com\\\/pt\\\/\",\"logo\":{\"@type\":\"ImageObject\",\"inLanguage\":\"pt-PT\",\"@id\":\"https:\\\/\\\/jornaldasoficinas.com\\\/pt\\\/#\\\/schema\\\/logo\\\/image\\\/\",\"url\":\"https:\\\/\\\/jornaldasoficinas.com\\\/pt\\\/wp-content\\\/uploads\\\/logoJO-SEO.png\",\"contentUrl\":\"https:\\\/\\\/jornaldasoficinas.com\\\/pt\\\/wp-content\\\/uploads\\\/logoJO-SEO.png\",\"width\":285,\"height\":450,\"caption\":\"Jornal das Oficinas\"},\"image\":{\"@id\":\"https:\\\/\\\/jornaldasoficinas.com\\\/pt\\\/#\\\/schema\\\/logo\\\/image\\\/\"},\"sameAs\":[\"https:\\\/\\\/www.facebook.com\\\/jornaloficinas\",\"https:\\\/\\\/x.com\\\/jornaloficinas\",\"https:\\\/\\\/www.instagram.com\\\/jornal_oficinas\\\/\",\"https:\\\/\\\/www.linkedin.com\\\/company\\\/jornal-das-oficinas\\\/\",\"https:\\\/\\\/www.youtube.com\\\/channel\\\/UCbQZBqtcvV-oSQrr7RzINGg\"]},{\"@type\":\"Person\",\"@id\":\"https:\\\/\\\/jornaldasoficinas.com\\\/pt\\\/#\\\/schema\\\/person\\\/a38eef5de2c41d9e7c9ac10141afddf3\",\"name\":\"Reda\u00e7\u00e3o JO\",\"image\":{\"@type\":\"ImageObject\",\"inLanguage\":\"pt-PT\",\"@id\":\"https:\\\/\\\/secure.gravatar.com\\\/avatar\\\/71f2fa71737ad68a84fea94bc708ddac8ea5b0c4788dc2ad202f3ccb2887742f?s=96&d=wp_user_avatar&r=g\",\"url\":\"https:\\\/\\\/secure.gravatar.com\\\/avatar\\\/71f2fa71737ad68a84fea94bc708ddac8ea5b0c4788dc2ad202f3ccb2887742f?s=96&d=wp_user_avatar&r=g\",\"contentUrl\":\"https:\\\/\\\/secure.gravatar.com\\\/avatar\\\/71f2fa71737ad68a84fea94bc708ddac8ea5b0c4788dc2ad202f3ccb2887742f?s=96&d=wp_user_avatar&r=g\",\"caption\":\"Reda\u00e7\u00e3o JO\"},\"url\":\"https:\\\/\\\/jornaldasoficinas.com\\\/pt\\\/author\\\/joredacao\\\/\"}]}<\/script>\n<!-- \/ Yoast SEO plugin. -->","yoast_head_json":{"title":"ISP alerta para riscos na aplica\u00e7\u00e3o da lei dos dados no setor - Jornal das Oficinas","description":"O grupo ISP saudou a entrada em vigor da lei dos dados, mas avisa que a simplifica\u00e7\u00e3o n\u00e3o pode significar desregula\u00e7\u00e3o","robots":{"index":"index","follow":"follow","max-snippet":"max-snippet:-1","max-image-preview":"max-image-preview:large","max-video-preview":"max-video-preview:-1"},"canonical":"https:\/\/jornaldasoficinas.com\/pt\/isp-alerta-para-riscos-na-aplicacao-da-lei-dos-dados-no-setor\/","og_locale":"pt_PT","og_type":"article","og_title":"ISP alerta para riscos na aplica\u00e7\u00e3o da lei dos dados no setor - Jornal das Oficinas","og_description":"O grupo ISP saudou a entrada em vigor da lei dos dados, mas avisa que a simplifica\u00e7\u00e3o n\u00e3o pode significar desregula\u00e7\u00e3o","og_url":"https:\/\/jornaldasoficinas.com\/pt\/isp-alerta-para-riscos-na-aplicacao-da-lei-dos-dados-no-setor\/","og_site_name":"Jornal das Oficinas","article_publisher":"https:\/\/www.facebook.com\/jornaloficinas","article_published_time":"2025-09-16T13:00:43+00:00","article_modified_time":"2025-09-16T13:17:28+00:00","og_image":[{"width":1024,"height":581,"url":"https:\/\/jornaldasoficinas.com\/pt\/wp-content\/uploads\/2025\/09\/ISP-alerta-para-riscos-na-aplicacao-da-lei-dos-dados-no-setor-1.png","type":"image\/png"}],"author":"Reda\u00e7\u00e3o JO","twitter_card":"summary_large_image","twitter_creator":"@jornaloficinas","twitter_site":"@jornaloficinas","twitter_misc":{"Escrito por":"Reda\u00e7\u00e3o JO","Tempo estimado de leitura":"3 minutos"},"schema":{"@context":"https:\/\/schema.org","@graph":[{"@type":"Article","@id":"https:\/\/jornaldasoficinas.com\/pt\/isp-alerta-para-riscos-na-aplicacao-da-lei-dos-dados-no-setor\/#article","isPartOf":{"@id":"https:\/\/jornaldasoficinas.com\/pt\/isp-alerta-para-riscos-na-aplicacao-da-lei-dos-dados-no-setor\/"},"author":{"name":"Reda\u00e7\u00e3o JO","@id":"https:\/\/jornaldasoficinas.com\/pt\/#\/schema\/person\/a38eef5de2c41d9e7c9ac10141afddf3"},"headline":"ISP alerta para riscos na aplica\u00e7\u00e3o da lei dos dados no setor","datePublished":"2025-09-16T13:00:43+00:00","dateModified":"2025-09-16T13:17:28+00:00","mainEntityOfPage":{"@id":"https:\/\/jornaldasoficinas.com\/pt\/isp-alerta-para-riscos-na-aplicacao-da-lei-dos-dados-no-setor\/"},"wordCount":452,"publisher":{"@id":"https:\/\/jornaldasoficinas.com\/pt\/#organization"},"image":{"@id":"https:\/\/jornaldasoficinas.com\/pt\/isp-alerta-para-riscos-na-aplicacao-da-lei-dos-dados-no-setor\/#primaryimage"},"thumbnailUrl":"https:\/\/jornaldasoficinas.com\/pt\/wp-content\/uploads\/2025\/09\/ISP-alerta-para-riscos-na-aplicacao-da-lei-dos-dados-no-setor-1.png","keywords":["acessibilidade","desregula\u00e7\u00e3o","Lei dos dados","Prestadores de Servi\u00e7os Independentes","Servi\u00e7os Digitais","Setor Autom\u00f3vel"],"articleSection":["Mercado"],"inLanguage":"pt-PT"},{"@type":"WebPage","@id":"https:\/\/jornaldasoficinas.com\/pt\/isp-alerta-para-riscos-na-aplicacao-da-lei-dos-dados-no-setor\/","url":"https:\/\/jornaldasoficinas.com\/pt\/isp-alerta-para-riscos-na-aplicacao-da-lei-dos-dados-no-setor\/","name":"ISP alerta para riscos na aplica\u00e7\u00e3o da lei dos dados no setor - Jornal das Oficinas","isPartOf":{"@id":"https:\/\/jornaldasoficinas.com\/pt\/#website"},"primaryImageOfPage":{"@id":"https:\/\/jornaldasoficinas.com\/pt\/isp-alerta-para-riscos-na-aplicacao-da-lei-dos-dados-no-setor\/#primaryimage"},"image":{"@id":"https:\/\/jornaldasoficinas.com\/pt\/isp-alerta-para-riscos-na-aplicacao-da-lei-dos-dados-no-setor\/#primaryimage"},"thumbnailUrl":"https:\/\/jornaldasoficinas.com\/pt\/wp-content\/uploads\/2025\/09\/ISP-alerta-para-riscos-na-aplicacao-da-lei-dos-dados-no-setor-1.png","datePublished":"2025-09-16T13:00:43+00:00","dateModified":"2025-09-16T13:17:28+00:00","description":"O grupo ISP saudou a entrada em vigor da lei dos dados, mas avisa que a simplifica\u00e7\u00e3o n\u00e3o pode significar desregula\u00e7\u00e3o","breadcrumb":{"@id":"https:\/\/jornaldasoficinas.com\/pt\/isp-alerta-para-riscos-na-aplicacao-da-lei-dos-dados-no-setor\/#breadcrumb"},"inLanguage":"pt-PT","potentialAction":[{"@type":"ReadAction","target":["https:\/\/jornaldasoficinas.com\/pt\/isp-alerta-para-riscos-na-aplicacao-da-lei-dos-dados-no-setor\/"]}]},{"@type":"ImageObject","inLanguage":"pt-PT","@id":"https:\/\/jornaldasoficinas.com\/pt\/isp-alerta-para-riscos-na-aplicacao-da-lei-dos-dados-no-setor\/#primaryimage","url":"https:\/\/jornaldasoficinas.com\/pt\/wp-content\/uploads\/2025\/09\/ISP-alerta-para-riscos-na-aplicacao-da-lei-dos-dados-no-setor-1.png","contentUrl":"https:\/\/jornaldasoficinas.com\/pt\/wp-content\/uploads\/2025\/09\/ISP-alerta-para-riscos-na-aplicacao-da-lei-dos-dados-no-setor-1.png","width":1024,"height":581,"caption":"09 - ISP alerta para riscos na aplicacao da lei dos dados no setor 1"},{"@type":"BreadcrumbList","@id":"https:\/\/jornaldasoficinas.com\/pt\/isp-alerta-para-riscos-na-aplicacao-da-lei-dos-dados-no-setor\/#breadcrumb","itemListElement":[{"@type":"ListItem","position":1,"name":"In\u00edcio","item":"https:\/\/jornaldasoficinas.com\/pt\/"},{"@type":"ListItem","position":2,"name":"ISP alerta para riscos na aplica\u00e7\u00e3o da lei dos dados no setor"}]},{"@type":"WebSite","@id":"https:\/\/jornaldasoficinas.com\/pt\/#website","url":"https:\/\/jornaldasoficinas.com\/pt\/","name":"Jornal das Oficinas","description":"Jornal independente do Aftermarket Autom\u00f3vel em Portugal","publisher":{"@id":"https:\/\/jornaldasoficinas.com\/pt\/#organization"},"potentialAction":[{"@type":"SearchAction","target":{"@type":"EntryPoint","urlTemplate":"https:\/\/jornaldasoficinas.com\/pt\/?s={search_term_string}"},"query-input":{"@type":"PropertyValueSpecification","valueRequired":true,"valueName":"search_term_string"}}],"inLanguage":"pt-PT"},{"@type":"Organization","@id":"https:\/\/jornaldasoficinas.com\/pt\/#organization","name":"Jornal das Oficinas","url":"https:\/\/jornaldasoficinas.com\/pt\/","logo":{"@type":"ImageObject","inLanguage":"pt-PT","@id":"https:\/\/jornaldasoficinas.com\/pt\/#\/schema\/logo\/image\/","url":"https:\/\/jornaldasoficinas.com\/pt\/wp-content\/uploads\/logoJO-SEO.png","contentUrl":"https:\/\/jornaldasoficinas.com\/pt\/wp-content\/uploads\/logoJO-SEO.png","width":285,"height":450,"caption":"Jornal das Oficinas"},"image":{"@id":"https:\/\/jornaldasoficinas.com\/pt\/#\/schema\/logo\/image\/"},"sameAs":["https:\/\/www.facebook.com\/jornaloficinas","https:\/\/x.com\/jornaloficinas","https:\/\/www.instagram.com\/jornal_oficinas\/","https:\/\/www.linkedin.com\/company\/jornal-das-oficinas\/","https:\/\/www.youtube.com\/channel\/UCbQZBqtcvV-oSQrr7RzINGg"]},{"@type":"Person","@id":"https:\/\/jornaldasoficinas.com\/pt\/#\/schema\/person\/a38eef5de2c41d9e7c9ac10141afddf3","name":"Reda\u00e7\u00e3o JO","image":{"@type":"ImageObject","inLanguage":"pt-PT","@id":"https:\/\/secure.gravatar.com\/avatar\/71f2fa71737ad68a84fea94bc708ddac8ea5b0c4788dc2ad202f3ccb2887742f?s=96&d=wp_user_avatar&r=g","url":"https:\/\/secure.gravatar.com\/avatar\/71f2fa71737ad68a84fea94bc708ddac8ea5b0c4788dc2ad202f3ccb2887742f?s=96&d=wp_user_avatar&r=g","contentUrl":"https:\/\/secure.gravatar.com\/avatar\/71f2fa71737ad68a84fea94bc708ddac8ea5b0c4788dc2ad202f3ccb2887742f?s=96&d=wp_user_avatar&r=g","caption":"Reda\u00e7\u00e3o JO"},"url":"https:\/\/jornaldasoficinas.com\/pt\/author\/joredacao\/"}]}},"_links":{"self":[{"href":"https:\/\/jornaldasoficinas.com\/pt\/wp-json\/wp\/v2\/posts\/106636","targetHints":{"allow":["GET"]}}],"collection":[{"href":"https:\/\/jornaldasoficinas.com\/pt\/wp-json\/wp\/v2\/posts"}],"about":[{"href":"https:\/\/jornaldasoficinas.com\/pt\/wp-json\/wp\/v2\/types\/post"}],"author":[{"embeddable":true,"href":"https:\/\/jornaldasoficinas.com\/pt\/wp-json\/wp\/v2\/users\/15"}],"replies":[{"embeddable":true,"href":"https:\/\/jornaldasoficinas.com\/pt\/wp-json\/wp\/v2\/comments?post=106636"}],"version-history":[{"count":4,"href":"https:\/\/jornaldasoficinas.com\/pt\/wp-json\/wp\/v2\/posts\/106636\/revisions"}],"predecessor-version":[{"id":106780,"href":"https:\/\/jornaldasoficinas.com\/pt\/wp-json\/wp\/v2\/posts\/106636\/revisions\/106780"}],"wp:featuredmedia":[{"embeddable":true,"href":"https:\/\/jornaldasoficinas.com\/pt\/wp-json\/wp\/v2\/media\/106779"}],"wp:attachment":[{"href":"https:\/\/jornaldasoficinas.com\/pt\/wp-json\/wp\/v2\/media?parent=106636"}],"wp:term":[{"taxonomy":"category","embeddable":true,"href":"https:\/\/jornaldasoficinas.com\/pt\/wp-json\/wp\/v2\/categories?post=106636"},{"taxonomy":"post_tag","embeddable":true,"href":"https:\/\/jornaldasoficinas.com\/pt\/wp-json\/wp\/v2\/tags?post=106636"}],"curies":[{"name":"wp","href":"https:\/\/api.w.org\/{rel}","templated":true}]}}