{"id":106704,"date":"2025-09-15T18:00:13","date_gmt":"2025-09-15T17:00:13","guid":{"rendered":"https:\/\/jornaldasoficinas.com\/pt\/?p=106704"},"modified":"2025-09-15T17:58:01","modified_gmt":"2025-09-15T16:58:01","slug":"fuchs-fornece-lubrificantes-para-iconico-flying-mustang","status":"publish","type":"post","link":"https:\/\/jornaldasoficinas.com\/pt\/fuchs-fornece-lubrificantes-para-iconico-flying-mustang\/","title":{"rendered":"FUCHS fornece lubrificantes para ic\u00f3nico Flying Mustang"},"content":{"rendered":"<p><strong><img loading=\"lazy\" decoding=\"async\" class=\"alignnone size-full wp-image-106708\" src=\"https:\/\/jornaldasoficinas.com\/pt\/wp-content\/uploads\/2025\/09\/FUCHS-fornece-lubrificantes-para-iconico-Flying-Mustang.jpg\" alt=\"09 - FUCHS fornece lubrificantes para iconico Flying Mustang\" width=\"1024\" height=\"581\" srcset=\"https:\/\/jornaldasoficinas.com\/pt\/wp-content\/uploads\/2025\/09\/FUCHS-fornece-lubrificantes-para-iconico-Flying-Mustang.jpg 1024w, https:\/\/jornaldasoficinas.com\/pt\/wp-content\/uploads\/2025\/09\/FUCHS-fornece-lubrificantes-para-iconico-Flying-Mustang-300x170.jpg 300w, https:\/\/jornaldasoficinas.com\/pt\/wp-content\/uploads\/2025\/09\/FUCHS-fornece-lubrificantes-para-iconico-Flying-Mustang-150x85.jpg 150w, https:\/\/jornaldasoficinas.com\/pt\/wp-content\/uploads\/2025\/09\/FUCHS-fornece-lubrificantes-para-iconico-Flying-Mustang-768x436.jpg 768w\" sizes=\"auto, (max-width: 1024px) 100vw, 1024px\" \/><\/strong><\/p>\n<p><strong>Ernesto Silva Vieira, participou na Rampa do Caramulo com o seu ic\u00f3nico Flying Mustang G.T. 350R de 1965, com 430 cv e fez quest\u00e3o de utilizar a marca de lubrificantes <a href=\"https:\/\/www.fuchs.com\/\" target=\"_blank\" rel=\"noopener\">FUCHS<\/a>, que reconhece ser uma excelente marca que lhe d\u00e1 completa garantia a n\u00edvel de prote\u00e7\u00e3o e desempenho do motor V8 que equipa este cl\u00e1ssico<\/strong><\/p>\n<p>Adrenalina, sol, lind\u00edssimos cl\u00e1ssicos por todo o lado, milhares de visitantes e participantes em festa. A divers\u00e3o esteve acima de tudo na \u00faltima edi\u00e7\u00e3o do <a href=\"https:\/\/www.caramulo-motorfestival.com\/\" target=\"_blank\" rel=\"noopener\">Caramulo Motorfestival<\/a>. Neste ponto, os cinco pilotos da FUCHS \u2013 Ernesto Silva Vieira, Fernando Peres, Jos\u00e9 Cruz, Rafael Cerveira Pinto e V\u00edtor Pascoal \u2013 estiveram em sintonia, na 20.\u00aa edi\u00e7\u00e3o do grande festival que decorreu de 5 a 7 de setembro.<\/p>\n<p>&#8220;Mas tamb\u00e9m \u00e9 verdade que quando n\u00f3s fazemos aquilo que adoramos, normalmente sai bem feito&#8221;, comentou Ernesto Silva Vieira no s\u00e1bado, antes da primeira subida a contar. &#8220;Como o carro \u00e9 novo e como foi a primeira vez que participei na prova de velocidade do Caramulo, quis acima de tudo divertir-me&#8221;, disse o piloto FUCHS.<\/p>\n<p>Apaixonado por carros desde mi\u00fado e ap\u00f3s cinco anos de competi\u00e7\u00e3o como piloto convidado, realizou o sonho de comprar o seu pr\u00f3prio b\u00f3lide em fevereiro. &#8220;Foi numa noite de ins\u00f3nia quando abri o computador e encontrei o meu carro. Foi amor \u00e0 primeira vista. Fui direto a Inglaterra, comprei o meu Shelby e aqui est\u00e1 ele, a competir, \u00e9 \u00fanico em Portugal. Fiz quest\u00e3o de procurar a marca de lubrificantes que \u00e9 mais usada e que mais garantias d\u00e1 para preservar estas mec\u00e2nicas e encontrei a FUCHS. Reconhe\u00e7o que a FUCHS \u00e9 uma excelente marca que d\u00e1 completas garantias&#8221;, contou Ernesto Silva Vieira, que j\u00e1 participou em quatro provas do Historic Endurance com o seu Flying Mustang.<\/p>\n<p>O papel vital dos lubrificantes resulta da constru\u00e7\u00e3o dos autom\u00f3veis cl\u00e1ssicos. &#8220;Nos anos 70, os autom\u00f3veis ainda tinham uma componente mec\u00e2nica quase a 100%. O pr\u00f3prio motor \u00e9 como se fosse um rel\u00f3gio su\u00ed\u00e7o e \u00e9 tratado, pela equipa de mec\u00e2nica, com o m\u00e1ximo de cuidado, com os melhores materiais e com os melhores lubrificantes&#8221;, explicou Rafael Cerveira Pinto, do Team Squadra que compete h\u00e1 mais de 10 anos e sempre com os \u00f3leos FUCHS. Nesta edi\u00e7\u00e3o do Caramulo Motorfestival, o piloto FUCHS correu com um Alfa Romeo GTAm de 1971, com 200 cv.<\/p>\n<p><strong>Fernando Peres conhece a Rampa do Caramulo desde 1986<\/strong><\/p>\n<p>Antes do Motorfestival, a Rampa do Caramulo era j\u00e1 uma prova importante e n\u00e3o s\u00f3 de velocidade. Tamb\u00e9m j\u00e1 &#8220;come\u00e7ava aqui na rampa um tro\u00e7o para o Rally de Portugal&#8221;, recordou Fernando Peres, da Peres Competi\u00e7\u00f5es, que \u00e9 piloto FUCHS h\u00e1 24 anos. &#8220;O primeiro ano em que fiz o Caramulo foi em 1986 e corri com este carro que aqui est\u00e1&#8221;, apresentou o seu Ford Sierra Cosworth, Grupo N, 2WD, de 1987 e com 300 cv. \u00c9 um cl\u00e1ssico que sai do Museu de Fafe s\u00f3 para participar na prova de regularidade do evento. &#8220;\u00c9 um carro que ganhou em Vila do Conde, em Vila Real, o Grupo N na Madeira, portanto \u00e9 um carro cheio de hist\u00f3ria, com o qual tenho que ter cuidado&#8221;, informou o tricampe\u00e3o do Campeonato de Portugal de Ralis que iniciou a sua carreira em 1984, logo depois de ter tirado a carta de condu\u00e7\u00e3o, nessa altura ainda obrigat\u00f3ria para as provas.<\/p>\n<p>V\u00edtor Pascoal do Bai\u00e3o RallyTeam e Jos\u00e9 Cruz da AMSPORT, pilotos FUCHS h\u00e1 14 e h\u00e1 5 anos, destacaram ainda a import\u00e2ncia do Caramulo Motorfestival para as marcas do setor autom\u00f3vel. &#8220;Particip\u00e1mos pela primeira vez no ano passado e percebemos que era uma prova especial, um evento de muito interesse para os nossos parceiros&#8221;, informou V\u00edtor Pascoal depois de ter conseguido um excelente tempo com o seu Porsche 991 \u2013 2GT3, de 485 cv.<\/p>\n<p>O vencedor do ano passado, Jos\u00e9 Cruz, tenta participar em cada edi\u00e7\u00e3o. Este ano corre num Porsche 911 RSR, com 322 cv. Marcar presen\u00e7a \u00e9 importante para a oficina conceituada de Viseu. &#8220;Temos muitos clientes aqui da nossa zona e temos que representar as marcas com que n\u00f3s trabalhamos, para al\u00e9m de desfrutar da prova e do evento&#8221;, informou o fundador e gerente da AMSPORT que trabalha exclusivamente com os produtos da marca das oficinas. &#8220;A FUCHS tem bons pre\u00e7os, boa qualidade, bons produtos e satisfaz toda a gente. N\u00f3s ensai\u00e1mos e agora aconselhamos&#8221;, resumiu.<\/p>\n<p>Com tantos pilotos parceiros em prova, a grande vencedora do Caramulo Motorfestival acaba por ser a pr\u00f3pria FUCHS. &#8220;D\u00e1-nos a oportunidade de provar a qualidade e estabilidade dos nossos produtos. \u00c9 em competi\u00e7\u00e3o que surgem as maiores exig\u00eancias para os componentes e lubrificantes&#8221;, informou Andr\u00e9 Castro Pinheiro, Diretor Executivo da FUCHS, que sabe do que fala: tamb\u00e9m no Caramulo Motorfestival 2025 subiu a m\u00edtica Rampa com o seu Jaguar XJS V12 de 300 cv.<\/p>\n<div class=\"wonderplugingallery-container\" id=\"wonderplugingallery-container-258\" style=\"max-width:960px;margin:0 auto;\"><div class=\"wonderplugingallery\" id=\"wonderplugingallery-258\" data-galleryid=\"258\" data-width=\"960\" data-height=\"540\" data-skin=\"gallery\" data-playsinline=\"false\" data-mutevideo=\"false\" data-random=\"false\" data-autoslide=\"false\" data-autoplayvideo=\"false\" data-schemamarkup=\"false\" data-stopallplaying=\"false\" data-reloadonvideoend=\"false\" data-donotuseposter=\"false\" data-enabletabindex=\"false\" data-loadnextonvideoend=\"false\" data-hidetitlewhenvideoisplaying=\"false\" data-disablehovereventontouch=\"false\" data-ratioresponsive=\"false\" data-autoslideandplayafterfirstplayed=\"false\" data-html5player=\"true\" data-responsive=\"true\" data-fullwidth=\"false\" data-showtitle=\"true\" data-showdescription=\"true\" data-showplaybutton=\"true\" data-showfullscreenbutton=\"true\" data-showtimer=\"true\" data-showcarousel=\"true\" data-galleryshadow=\"false\" data-slideshadow=\"true\" data-thumbshowtitle=\"false\" data-thumbshowimage=\"true\" data-thumbshadow=\"true\" data-lightboxshowtitle=\"true\" data-lightboxshowdescription=\"true\" data-specifyid=\"true\" data-donotinit=\"false\" data-addinitscript=\"false\" data-triggerresize=\"false\" data-thumbcolumnsresponsive=\"false\" data-thumbverticalmiddle=\"true\" data-removeinlinecss=\"true\" data-switchonmouseover=\"false\" data-showcategory=\"true\" data-carouselpagination=\"false\" data-showimgtitle=\"false\" data-titlesmallscreen=\"false\" data-initsocial=\"true\" data-showsocial=\"false\" data-showemail=\"false\" data-showfacebook=\"true\" data-showtwitter=\"true\" data-showpinterest=\"true\" data-socialrotateeffect=\"true\" data-doshortcodeontext=\"false\" data-loop=\"0\" data-duration=\"1500\" data-slideduration=\"1000\" data-slideshowinterval=\"6000\" data-googleanalyticsaccount=\"\" data-ga4account=\"\" data-resizemode=\"fill\" data-imagetoolboxmode=\"mouseover\" data-effect=\"fade\" data-padding=\"12\" data-bgcolor=\"\" data-bgimage=\"\" data-thumbwidth=\"120\" data-thumbheight=\"60\" data-thumbgap=\"8\" data-thumbrowgap=\"16\" data-lightboxtextheight=\"72\" data-lightboxtitlecss=\"{color:#333333; font:bold 12px Arial,Helvetica,sans-serif; overflow:hidden; white-space:normal; line-height:18px;}\" data-lightboxdescriptioncss=\"{color:#333333; font:normal 12px Arial,Helvetica,sans-serif; overflow:hidden; white-space:normal; line-height:14px;}\" data-titlecss=\"{color:#ffffff; font-size:14px; font-family:Armata, sans-serif, Arial; overflow:hidden; text-align:left; padding:10px 0px 10px 10px; background:rgb(102, 102, 102) transparent; background:rgba(102, 102, 102, 0.6);}\" data-descriptioncss=\"{color:#ffffff; font-size:13px; font-family:Armata, sans-serif, Arial; overflow:hidden; text-align:left; padding:0px 0px 10px 10px; background:rgb(102, 102, 102) transparent; background:rgba(102, 102, 102, 0.6);}\" data-titleheight=\"72\" data-titlesmallscreenwidth=\"640\" data-titleheightsmallscreen=\"148\" data-socialmode=\"mouseover\" data-socialposition=\"position:absolute;top:8px;right:8px;\" data-socialpositionlightbox=\"position:absolute;top:8px;right:8px;\" data-socialdirection=\"horizontal\" data-socialbuttonsize=\"32\" data-socialbuttonfontsize=\"18\" data-defaultvideovolume=\"1\" data-ratiomediumscreen=\"1024\" data-ratiomediumheight=\"1.6\" data-ratiosmallscreen=\"767\" data-ratiosmallheight=\"2.4\" data-thumbtitleheight=\"24\" data-thumbmediumtitleheight=\"48\" data-thumbsmalltitleheight=\"72\" data-categoryheight=\"48\" data-categorydefault=\"all\" data-triggerresizedelay=\"100\" data-thumbmediumsize=\"800\" data-thumbsmallsize=\"480\" data-thumbmediumwidth=\"64\" data-thumbmediumheight=\"64\" data-thumbsmallwidth=\"48\" data-thumbsmallheight=\"48\" data-imgtitle=\"title\" data-carouselpaginationrow=\"3\" data-categorystyle=\"dropdown\" data-categorylist=\"[{&quot;slug&quot;:&quot;all&quot;,&quot;caption&quot;:&quot;Show All&quot;}]\" data-jsfolder=\"https:\/\/jornaldasoficinas.com\/pt\/wp-content\/plugins\/wonderplugin-gallery\/engine\/\" style=\"display:none;\" ><a class=\"html5galleryimglink\" href=\"https:\/\/jornaldasoficinas.com\/pt\/wp-content\/uploads\/2025\/09\/caramulo\/Fernando-Peres-retirou-o-Ford-Sierra-do-museu-para-a-prova.jpg\" data-mediatype=1><img decoding=\"async\" class=\"html5galleryimg html5gallery-tn-image\" src=\"https:\/\/jornaldasoficinas.com\/pt\/wp-content\/uploads\/2025\/09\/caramulo\/Fernando-Peres-retirou-o-Ford-Sierra-do-museu-para-a-prova.jpg\" alt=\"\"><\/a><div class=\"html5gallery-info\"><\/div><a class=\"html5galleryimglink\" href=\"https:\/\/jornaldasoficinas.com\/pt\/wp-content\/uploads\/2025\/09\/caramulo\/Para-Jose-Cruz-e-importante-participar-sempre.jpg\" data-mediatype=1><img decoding=\"async\" class=\"html5galleryimg html5gallery-tn-image\" src=\"https:\/\/jornaldasoficinas.com\/pt\/wp-content\/uploads\/2025\/09\/caramulo\/Para-Jose-Cruz-e-importante-participar-sempre.jpg\" alt=\"\"><\/a><div class=\"html5gallery-info\"><\/div><a class=\"html5galleryimglink\" href=\"https:\/\/jornaldasoficinas.com\/pt\/wp-content\/uploads\/2025\/09\/caramulo\/Rafael-Cerveira-Pinto-destaca-o-papel-vital-do-lubrificantes-nos-classicos.jpg\" data-mediatype=1><img decoding=\"async\" class=\"html5galleryimg html5gallery-tn-image\" src=\"https:\/\/jornaldasoficinas.com\/pt\/wp-content\/uploads\/2025\/09\/caramulo\/Rafael-Cerveira-Pinto-destaca-o-papel-vital-do-lubrificantes-nos-classicos.jpg\" alt=\"\"><\/a><div class=\"html5gallery-info\"><\/div><a class=\"html5galleryimglink\" href=\"https:\/\/jornaldasoficinas.com\/pt\/wp-content\/uploads\/2025\/09\/caramulo\/Vitor-Pascoal-conquistou-o-segundo-lugar-da-Geral.jpg\" data-mediatype=1><img decoding=\"async\" class=\"html5galleryimg html5gallery-tn-image\" src=\"https:\/\/jornaldasoficinas.com\/pt\/wp-content\/uploads\/2025\/09\/caramulo\/Vitor-Pascoal-conquistou-o-segundo-lugar-da-Geral.jpg\" alt=\"\"><\/a><div class=\"html5gallery-info\"><\/div><\/div><\/div><script>function wondergallery_258_appendcss(csscode) {var head=document.head || document.getElementsByTagName(\"head\")[0];var style=document.createElement(\"style\");head.appendChild(style);style.type=\"text\/css\";if (style.styleSheet){style.styleSheet.cssText=csscode;} else {style.appendChild(document.createTextNode(csscode));}};wondergallery_258_appendcss(\"#wonderplugingallery-258 .html5gallery-cat-selection-258 { \tbox-sizing: border-box; \ttext-align: center; }  #wonderplugingallery-258 .html5gallery-cat-selection-258 select { \tbox-sizing: border-box; \tmargin: 4px auto; }\");<\/script>\n","protected":false},"excerpt":{"rendered":"<p>Ernesto Silva Vieira, participou na Rampa&#8230;<\/p>\n","protected":false},"author":15,"featured_media":106708,"comment_status":"closed","ping_status":"closed","sticky":false,"template":"","format":"standard","meta":{"footnotes":""},"categories":[29],"tags":[1110,13569,13568,277,155],"class_list":["post-106704","post","type-post","status-publish","format-standard","has-post-thumbnail","hentry","category-empresas","tag-caramulo-motorfestival","tag-ernesto-silva-vieira","tag-flying-mustang","tag-fuchs","tag-lubrificantes"],"yoast_head":"<!-- This site is optimized with the Yoast SEO plugin v27.4 - https:\/\/yoast.com\/product\/yoast-seo-wordpress\/ -->\n<title>FUCHS fornece lubrificantes para ic\u00f3nico Flying Mustang - Jornal das Oficinas<\/title>\n<meta name=\"description\" content=\"Ernesto Silva Vieira, participou na Rampa do Caramulo e fez quest\u00e3o de utilizar a marca de lubrificantes FUCHS\" \/>\n<meta name=\"robots\" content=\"index, follow, max-snippet:-1, max-image-preview:large, max-video-preview:-1\" \/>\n<link rel=\"canonical\" href=\"https:\/\/jornaldasoficinas.com\/pt\/fuchs-fornece-lubrificantes-para-iconico-flying-mustang\/\" \/>\n<meta property=\"og:locale\" content=\"pt_PT\" \/>\n<meta property=\"og:type\" content=\"article\" \/>\n<meta property=\"og:title\" content=\"FUCHS fornece lubrificantes para ic\u00f3nico Flying Mustang - Jornal das Oficinas\" \/>\n<meta property=\"og:description\" content=\"Ernesto Silva Vieira, participou na Rampa do Caramulo e fez quest\u00e3o de utilizar a marca de lubrificantes FUCHS\" \/>\n<meta property=\"og:url\" content=\"https:\/\/jornaldasoficinas.com\/pt\/fuchs-fornece-lubrificantes-para-iconico-flying-mustang\/\" \/>\n<meta property=\"og:site_name\" content=\"Jornal das Oficinas\" \/>\n<meta property=\"article:publisher\" content=\"https:\/\/www.facebook.com\/jornaloficinas\" \/>\n<meta property=\"article:published_time\" content=\"2025-09-15T17:00:13+00:00\" \/>\n<meta property=\"og:image\" content=\"https:\/\/jornaldasoficinas.com\/pt\/wp-content\/uploads\/2025\/09\/FUCHS-fornece-lubrificantes-para-iconico-Flying-Mustang.jpg\" \/>\n\t<meta property=\"og:image:width\" content=\"1024\" \/>\n\t<meta property=\"og:image:height\" content=\"581\" \/>\n\t<meta property=\"og:image:type\" content=\"image\/jpeg\" \/>\n<meta name=\"author\" content=\"Reda\u00e7\u00e3o JO\" \/>\n<meta name=\"twitter:card\" content=\"summary_large_image\" \/>\n<meta name=\"twitter:creator\" content=\"@jornaloficinas\" \/>\n<meta name=\"twitter:site\" content=\"@jornaloficinas\" \/>\n<meta name=\"twitter:label1\" content=\"Escrito por\" \/>\n\t<meta name=\"twitter:data1\" content=\"Reda\u00e7\u00e3o JO\" \/>\n\t<meta name=\"twitter:label2\" content=\"Tempo estimado de leitura\" \/>\n\t<meta name=\"twitter:data2\" content=\"5 minutos\" \/>\n<script type=\"application\/ld+json\" class=\"yoast-schema-graph\">{\"@context\":\"https:\\\/\\\/schema.org\",\"@graph\":[{\"@type\":\"Article\",\"@id\":\"https:\\\/\\\/jornaldasoficinas.com\\\/pt\\\/fuchs-fornece-lubrificantes-para-iconico-flying-mustang\\\/#article\",\"isPartOf\":{\"@id\":\"https:\\\/\\\/jornaldasoficinas.com\\\/pt\\\/fuchs-fornece-lubrificantes-para-iconico-flying-mustang\\\/\"},\"author\":{\"name\":\"Reda\u00e7\u00e3o JO\",\"@id\":\"https:\\\/\\\/jornaldasoficinas.com\\\/pt\\\/#\\\/schema\\\/person\\\/a38eef5de2c41d9e7c9ac10141afddf3\"},\"headline\":\"FUCHS fornece lubrificantes para ic\u00f3nico Flying Mustang\",\"datePublished\":\"2025-09-15T17:00:13+00:00\",\"mainEntityOfPage\":{\"@id\":\"https:\\\/\\\/jornaldasoficinas.com\\\/pt\\\/fuchs-fornece-lubrificantes-para-iconico-flying-mustang\\\/\"},\"wordCount\":831,\"publisher\":{\"@id\":\"https:\\\/\\\/jornaldasoficinas.com\\\/pt\\\/#organization\"},\"image\":{\"@id\":\"https:\\\/\\\/jornaldasoficinas.com\\\/pt\\\/fuchs-fornece-lubrificantes-para-iconico-flying-mustang\\\/#primaryimage\"},\"thumbnailUrl\":\"https:\\\/\\\/jornaldasoficinas.com\\\/pt\\\/wp-content\\\/uploads\\\/2025\\\/09\\\/FUCHS-fornece-lubrificantes-para-iconico-Flying-Mustang.jpg\",\"keywords\":[\"Caramulo Motorfestival\",\"Ernesto Silva Vieira\",\"Flying Mustang\",\"Fuchs\",\"Lubrificantes\"],\"articleSection\":[\"Empresas\"],\"inLanguage\":\"pt-PT\"},{\"@type\":\"WebPage\",\"@id\":\"https:\\\/\\\/jornaldasoficinas.com\\\/pt\\\/fuchs-fornece-lubrificantes-para-iconico-flying-mustang\\\/\",\"url\":\"https:\\\/\\\/jornaldasoficinas.com\\\/pt\\\/fuchs-fornece-lubrificantes-para-iconico-flying-mustang\\\/\",\"name\":\"FUCHS fornece lubrificantes para ic\u00f3nico Flying Mustang - Jornal das Oficinas\",\"isPartOf\":{\"@id\":\"https:\\\/\\\/jornaldasoficinas.com\\\/pt\\\/#website\"},\"primaryImageOfPage\":{\"@id\":\"https:\\\/\\\/jornaldasoficinas.com\\\/pt\\\/fuchs-fornece-lubrificantes-para-iconico-flying-mustang\\\/#primaryimage\"},\"image\":{\"@id\":\"https:\\\/\\\/jornaldasoficinas.com\\\/pt\\\/fuchs-fornece-lubrificantes-para-iconico-flying-mustang\\\/#primaryimage\"},\"thumbnailUrl\":\"https:\\\/\\\/jornaldasoficinas.com\\\/pt\\\/wp-content\\\/uploads\\\/2025\\\/09\\\/FUCHS-fornece-lubrificantes-para-iconico-Flying-Mustang.jpg\",\"datePublished\":\"2025-09-15T17:00:13+00:00\",\"description\":\"Ernesto Silva Vieira, participou na Rampa do Caramulo e fez quest\u00e3o de utilizar a marca de lubrificantes FUCHS\",\"breadcrumb\":{\"@id\":\"https:\\\/\\\/jornaldasoficinas.com\\\/pt\\\/fuchs-fornece-lubrificantes-para-iconico-flying-mustang\\\/#breadcrumb\"},\"inLanguage\":\"pt-PT\",\"potentialAction\":[{\"@type\":\"ReadAction\",\"target\":[\"https:\\\/\\\/jornaldasoficinas.com\\\/pt\\\/fuchs-fornece-lubrificantes-para-iconico-flying-mustang\\\/\"]}]},{\"@type\":\"ImageObject\",\"inLanguage\":\"pt-PT\",\"@id\":\"https:\\\/\\\/jornaldasoficinas.com\\\/pt\\\/fuchs-fornece-lubrificantes-para-iconico-flying-mustang\\\/#primaryimage\",\"url\":\"https:\\\/\\\/jornaldasoficinas.com\\\/pt\\\/wp-content\\\/uploads\\\/2025\\\/09\\\/FUCHS-fornece-lubrificantes-para-iconico-Flying-Mustang.jpg\",\"contentUrl\":\"https:\\\/\\\/jornaldasoficinas.com\\\/pt\\\/wp-content\\\/uploads\\\/2025\\\/09\\\/FUCHS-fornece-lubrificantes-para-iconico-Flying-Mustang.jpg\",\"width\":1024,\"height\":581,\"caption\":\"09 - FUCHS fornece lubrificantes para iconico Flying Mustang\"},{\"@type\":\"BreadcrumbList\",\"@id\":\"https:\\\/\\\/jornaldasoficinas.com\\\/pt\\\/fuchs-fornece-lubrificantes-para-iconico-flying-mustang\\\/#breadcrumb\",\"itemListElement\":[{\"@type\":\"ListItem\",\"position\":1,\"name\":\"In\u00edcio\",\"item\":\"https:\\\/\\\/jornaldasoficinas.com\\\/pt\\\/\"},{\"@type\":\"ListItem\",\"position\":2,\"name\":\"FUCHS fornece lubrificantes para ic\u00f3nico Flying Mustang\"}]},{\"@type\":\"WebSite\",\"@id\":\"https:\\\/\\\/jornaldasoficinas.com\\\/pt\\\/#website\",\"url\":\"https:\\\/\\\/jornaldasoficinas.com\\\/pt\\\/\",\"name\":\"Jornal das Oficinas\",\"description\":\"Jornal independente do Aftermarket Autom\u00f3vel em Portugal\",\"publisher\":{\"@id\":\"https:\\\/\\\/jornaldasoficinas.com\\\/pt\\\/#organization\"},\"potentialAction\":[{\"@type\":\"SearchAction\",\"target\":{\"@type\":\"EntryPoint\",\"urlTemplate\":\"https:\\\/\\\/jornaldasoficinas.com\\\/pt\\\/?s={search_term_string}\"},\"query-input\":{\"@type\":\"PropertyValueSpecification\",\"valueRequired\":true,\"valueName\":\"search_term_string\"}}],\"inLanguage\":\"pt-PT\"},{\"@type\":\"Organization\",\"@id\":\"https:\\\/\\\/jornaldasoficinas.com\\\/pt\\\/#organization\",\"name\":\"Jornal das Oficinas\",\"url\":\"https:\\\/\\\/jornaldasoficinas.com\\\/pt\\\/\",\"logo\":{\"@type\":\"ImageObject\",\"inLanguage\":\"pt-PT\",\"@id\":\"https:\\\/\\\/jornaldasoficinas.com\\\/pt\\\/#\\\/schema\\\/logo\\\/image\\\/\",\"url\":\"https:\\\/\\\/jornaldasoficinas.com\\\/pt\\\/wp-content\\\/uploads\\\/logoJO-SEO.png\",\"contentUrl\":\"https:\\\/\\\/jornaldasoficinas.com\\\/pt\\\/wp-content\\\/uploads\\\/logoJO-SEO.png\",\"width\":285,\"height\":450,\"caption\":\"Jornal das Oficinas\"},\"image\":{\"@id\":\"https:\\\/\\\/jornaldasoficinas.com\\\/pt\\\/#\\\/schema\\\/logo\\\/image\\\/\"},\"sameAs\":[\"https:\\\/\\\/www.facebook.com\\\/jornaloficinas\",\"https:\\\/\\\/x.com\\\/jornaloficinas\",\"https:\\\/\\\/www.instagram.com\\\/jornal_oficinas\\\/\",\"https:\\\/\\\/www.linkedin.com\\\/company\\\/jornal-das-oficinas\\\/\",\"https:\\\/\\\/www.youtube.com\\\/channel\\\/UCbQZBqtcvV-oSQrr7RzINGg\"]},{\"@type\":\"Person\",\"@id\":\"https:\\\/\\\/jornaldasoficinas.com\\\/pt\\\/#\\\/schema\\\/person\\\/a38eef5de2c41d9e7c9ac10141afddf3\",\"name\":\"Reda\u00e7\u00e3o JO\",\"image\":{\"@type\":\"ImageObject\",\"inLanguage\":\"pt-PT\",\"@id\":\"https:\\\/\\\/secure.gravatar.com\\\/avatar\\\/71f2fa71737ad68a84fea94bc708ddac8ea5b0c4788dc2ad202f3ccb2887742f?s=96&d=wp_user_avatar&r=g\",\"url\":\"https:\\\/\\\/secure.gravatar.com\\\/avatar\\\/71f2fa71737ad68a84fea94bc708ddac8ea5b0c4788dc2ad202f3ccb2887742f?s=96&d=wp_user_avatar&r=g\",\"contentUrl\":\"https:\\\/\\\/secure.gravatar.com\\\/avatar\\\/71f2fa71737ad68a84fea94bc708ddac8ea5b0c4788dc2ad202f3ccb2887742f?s=96&d=wp_user_avatar&r=g\",\"caption\":\"Reda\u00e7\u00e3o JO\"},\"url\":\"https:\\\/\\\/jornaldasoficinas.com\\\/pt\\\/author\\\/joredacao\\\/\"}]}<\/script>\n<!-- \/ Yoast SEO plugin. -->","yoast_head_json":{"title":"FUCHS fornece lubrificantes para ic\u00f3nico Flying Mustang - Jornal das Oficinas","description":"Ernesto Silva Vieira, participou na Rampa do Caramulo e fez quest\u00e3o de utilizar a marca de lubrificantes FUCHS","robots":{"index":"index","follow":"follow","max-snippet":"max-snippet:-1","max-image-preview":"max-image-preview:large","max-video-preview":"max-video-preview:-1"},"canonical":"https:\/\/jornaldasoficinas.com\/pt\/fuchs-fornece-lubrificantes-para-iconico-flying-mustang\/","og_locale":"pt_PT","og_type":"article","og_title":"FUCHS fornece lubrificantes para ic\u00f3nico Flying Mustang - Jornal das Oficinas","og_description":"Ernesto Silva Vieira, participou na Rampa do Caramulo e fez quest\u00e3o de utilizar a marca de lubrificantes FUCHS","og_url":"https:\/\/jornaldasoficinas.com\/pt\/fuchs-fornece-lubrificantes-para-iconico-flying-mustang\/","og_site_name":"Jornal das Oficinas","article_publisher":"https:\/\/www.facebook.com\/jornaloficinas","article_published_time":"2025-09-15T17:00:13+00:00","og_image":[{"width":1024,"height":581,"url":"https:\/\/jornaldasoficinas.com\/pt\/wp-content\/uploads\/2025\/09\/FUCHS-fornece-lubrificantes-para-iconico-Flying-Mustang.jpg","type":"image\/jpeg"}],"author":"Reda\u00e7\u00e3o JO","twitter_card":"summary_large_image","twitter_creator":"@jornaloficinas","twitter_site":"@jornaloficinas","twitter_misc":{"Escrito por":"Reda\u00e7\u00e3o JO","Tempo estimado de leitura":"5 minutos"},"schema":{"@context":"https:\/\/schema.org","@graph":[{"@type":"Article","@id":"https:\/\/jornaldasoficinas.com\/pt\/fuchs-fornece-lubrificantes-para-iconico-flying-mustang\/#article","isPartOf":{"@id":"https:\/\/jornaldasoficinas.com\/pt\/fuchs-fornece-lubrificantes-para-iconico-flying-mustang\/"},"author":{"name":"Reda\u00e7\u00e3o JO","@id":"https:\/\/jornaldasoficinas.com\/pt\/#\/schema\/person\/a38eef5de2c41d9e7c9ac10141afddf3"},"headline":"FUCHS fornece lubrificantes para ic\u00f3nico Flying Mustang","datePublished":"2025-09-15T17:00:13+00:00","mainEntityOfPage":{"@id":"https:\/\/jornaldasoficinas.com\/pt\/fuchs-fornece-lubrificantes-para-iconico-flying-mustang\/"},"wordCount":831,"publisher":{"@id":"https:\/\/jornaldasoficinas.com\/pt\/#organization"},"image":{"@id":"https:\/\/jornaldasoficinas.com\/pt\/fuchs-fornece-lubrificantes-para-iconico-flying-mustang\/#primaryimage"},"thumbnailUrl":"https:\/\/jornaldasoficinas.com\/pt\/wp-content\/uploads\/2025\/09\/FUCHS-fornece-lubrificantes-para-iconico-Flying-Mustang.jpg","keywords":["Caramulo Motorfestival","Ernesto Silva Vieira","Flying Mustang","Fuchs","Lubrificantes"],"articleSection":["Empresas"],"inLanguage":"pt-PT"},{"@type":"WebPage","@id":"https:\/\/jornaldasoficinas.com\/pt\/fuchs-fornece-lubrificantes-para-iconico-flying-mustang\/","url":"https:\/\/jornaldasoficinas.com\/pt\/fuchs-fornece-lubrificantes-para-iconico-flying-mustang\/","name":"FUCHS fornece lubrificantes para ic\u00f3nico Flying Mustang - Jornal das Oficinas","isPartOf":{"@id":"https:\/\/jornaldasoficinas.com\/pt\/#website"},"primaryImageOfPage":{"@id":"https:\/\/jornaldasoficinas.com\/pt\/fuchs-fornece-lubrificantes-para-iconico-flying-mustang\/#primaryimage"},"image":{"@id":"https:\/\/jornaldasoficinas.com\/pt\/fuchs-fornece-lubrificantes-para-iconico-flying-mustang\/#primaryimage"},"thumbnailUrl":"https:\/\/jornaldasoficinas.com\/pt\/wp-content\/uploads\/2025\/09\/FUCHS-fornece-lubrificantes-para-iconico-Flying-Mustang.jpg","datePublished":"2025-09-15T17:00:13+00:00","description":"Ernesto Silva Vieira, participou na Rampa do Caramulo e fez quest\u00e3o de utilizar a marca de lubrificantes FUCHS","breadcrumb":{"@id":"https:\/\/jornaldasoficinas.com\/pt\/fuchs-fornece-lubrificantes-para-iconico-flying-mustang\/#breadcrumb"},"inLanguage":"pt-PT","potentialAction":[{"@type":"ReadAction","target":["https:\/\/jornaldasoficinas.com\/pt\/fuchs-fornece-lubrificantes-para-iconico-flying-mustang\/"]}]},{"@type":"ImageObject","inLanguage":"pt-PT","@id":"https:\/\/jornaldasoficinas.com\/pt\/fuchs-fornece-lubrificantes-para-iconico-flying-mustang\/#primaryimage","url":"https:\/\/jornaldasoficinas.com\/pt\/wp-content\/uploads\/2025\/09\/FUCHS-fornece-lubrificantes-para-iconico-Flying-Mustang.jpg","contentUrl":"https:\/\/jornaldasoficinas.com\/pt\/wp-content\/uploads\/2025\/09\/FUCHS-fornece-lubrificantes-para-iconico-Flying-Mustang.jpg","width":1024,"height":581,"caption":"09 - FUCHS fornece lubrificantes para iconico Flying Mustang"},{"@type":"BreadcrumbList","@id":"https:\/\/jornaldasoficinas.com\/pt\/fuchs-fornece-lubrificantes-para-iconico-flying-mustang\/#breadcrumb","itemListElement":[{"@type":"ListItem","position":1,"name":"In\u00edcio","item":"https:\/\/jornaldasoficinas.com\/pt\/"},{"@type":"ListItem","position":2,"name":"FUCHS fornece lubrificantes para ic\u00f3nico Flying Mustang"}]},{"@type":"WebSite","@id":"https:\/\/jornaldasoficinas.com\/pt\/#website","url":"https:\/\/jornaldasoficinas.com\/pt\/","name":"Jornal das Oficinas","description":"Jornal independente do Aftermarket Autom\u00f3vel em Portugal","publisher":{"@id":"https:\/\/jornaldasoficinas.com\/pt\/#organization"},"potentialAction":[{"@type":"SearchAction","target":{"@type":"EntryPoint","urlTemplate":"https:\/\/jornaldasoficinas.com\/pt\/?s={search_term_string}"},"query-input":{"@type":"PropertyValueSpecification","valueRequired":true,"valueName":"search_term_string"}}],"inLanguage":"pt-PT"},{"@type":"Organization","@id":"https:\/\/jornaldasoficinas.com\/pt\/#organization","name":"Jornal das Oficinas","url":"https:\/\/jornaldasoficinas.com\/pt\/","logo":{"@type":"ImageObject","inLanguage":"pt-PT","@id":"https:\/\/jornaldasoficinas.com\/pt\/#\/schema\/logo\/image\/","url":"https:\/\/jornaldasoficinas.com\/pt\/wp-content\/uploads\/logoJO-SEO.png","contentUrl":"https:\/\/jornaldasoficinas.com\/pt\/wp-content\/uploads\/logoJO-SEO.png","width":285,"height":450,"caption":"Jornal das Oficinas"},"image":{"@id":"https:\/\/jornaldasoficinas.com\/pt\/#\/schema\/logo\/image\/"},"sameAs":["https:\/\/www.facebook.com\/jornaloficinas","https:\/\/x.com\/jornaloficinas","https:\/\/www.instagram.com\/jornal_oficinas\/","https:\/\/www.linkedin.com\/company\/jornal-das-oficinas\/","https:\/\/www.youtube.com\/channel\/UCbQZBqtcvV-oSQrr7RzINGg"]},{"@type":"Person","@id":"https:\/\/jornaldasoficinas.com\/pt\/#\/schema\/person\/a38eef5de2c41d9e7c9ac10141afddf3","name":"Reda\u00e7\u00e3o JO","image":{"@type":"ImageObject","inLanguage":"pt-PT","@id":"https:\/\/secure.gravatar.com\/avatar\/71f2fa71737ad68a84fea94bc708ddac8ea5b0c4788dc2ad202f3ccb2887742f?s=96&d=wp_user_avatar&r=g","url":"https:\/\/secure.gravatar.com\/avatar\/71f2fa71737ad68a84fea94bc708ddac8ea5b0c4788dc2ad202f3ccb2887742f?s=96&d=wp_user_avatar&r=g","contentUrl":"https:\/\/secure.gravatar.com\/avatar\/71f2fa71737ad68a84fea94bc708ddac8ea5b0c4788dc2ad202f3ccb2887742f?s=96&d=wp_user_avatar&r=g","caption":"Reda\u00e7\u00e3o JO"},"url":"https:\/\/jornaldasoficinas.com\/pt\/author\/joredacao\/"}]}},"_links":{"self":[{"href":"https:\/\/jornaldasoficinas.com\/pt\/wp-json\/wp\/v2\/posts\/106704","targetHints":{"allow":["GET"]}}],"collection":[{"href":"https:\/\/jornaldasoficinas.com\/pt\/wp-json\/wp\/v2\/posts"}],"about":[{"href":"https:\/\/jornaldasoficinas.com\/pt\/wp-json\/wp\/v2\/types\/post"}],"author":[{"embeddable":true,"href":"https:\/\/jornaldasoficinas.com\/pt\/wp-json\/wp\/v2\/users\/15"}],"replies":[{"embeddable":true,"href":"https:\/\/jornaldasoficinas.com\/pt\/wp-json\/wp\/v2\/comments?post=106704"}],"version-history":[{"count":6,"href":"https:\/\/jornaldasoficinas.com\/pt\/wp-json\/wp\/v2\/posts\/106704\/revisions"}],"predecessor-version":[{"id":106716,"href":"https:\/\/jornaldasoficinas.com\/pt\/wp-json\/wp\/v2\/posts\/106704\/revisions\/106716"}],"wp:featuredmedia":[{"embeddable":true,"href":"https:\/\/jornaldasoficinas.com\/pt\/wp-json\/wp\/v2\/media\/106708"}],"wp:attachment":[{"href":"https:\/\/jornaldasoficinas.com\/pt\/wp-json\/wp\/v2\/media?parent=106704"}],"wp:term":[{"taxonomy":"category","embeddable":true,"href":"https:\/\/jornaldasoficinas.com\/pt\/wp-json\/wp\/v2\/categories?post=106704"},{"taxonomy":"post_tag","embeddable":true,"href":"https:\/\/jornaldasoficinas.com\/pt\/wp-json\/wp\/v2\/tags?post=106704"}],"curies":[{"name":"wp","href":"https:\/\/api.w.org\/{rel}","templated":true}]}}