{"id":106736,"date":"2025-09-18T12:30:08","date_gmt":"2025-09-18T11:30:08","guid":{"rendered":"https:\/\/jornaldasoficinas.com\/pt\/?p=106736"},"modified":"2025-09-16T13:15:31","modified_gmt":"2025-09-16T12:15:31","slug":"iveco-e-wayfer-fazem-historia-no-rockin1000","status":"publish","type":"post","link":"https:\/\/jornaldasoficinas.com\/pt\/iveco-e-wayfer-fazem-historia-no-rockin1000\/","title":{"rendered":"IVECO e Wayfer fazem hist\u00f3ria no ROCKIN&#8217;1000"},"content":{"rendered":"<p><img loading=\"lazy\" decoding=\"async\" class=\"size-full wp-image-106752\" src=\"https:\/\/jornaldasoficinas.com\/pt\/wp-content\/uploads\/2025\/09\/IVECO-e-Wayfer-fazem-historia-no-ROCKIN1000.jpg\" alt=\"09 - IVECO e Wayfer fazem historia no ROCKIN1000\" width=\"1024\" height=\"581\" srcset=\"https:\/\/jornaldasoficinas.com\/pt\/wp-content\/uploads\/2025\/09\/IVECO-e-Wayfer-fazem-historia-no-ROCKIN1000.jpg 1024w, https:\/\/jornaldasoficinas.com\/pt\/wp-content\/uploads\/2025\/09\/IVECO-e-Wayfer-fazem-historia-no-ROCKIN1000-300x170.jpg 300w, https:\/\/jornaldasoficinas.com\/pt\/wp-content\/uploads\/2025\/09\/IVECO-e-Wayfer-fazem-historia-no-ROCKIN1000-150x85.jpg 150w, https:\/\/jornaldasoficinas.com\/pt\/wp-content\/uploads\/2025\/09\/IVECO-e-Wayfer-fazem-historia-no-ROCKIN1000-768x436.jpg 768w\" sizes=\"auto, (max-width: 1024px) 100vw, 1024px\" \/><\/p>\n<p><strong>No dia 6 de setembro, a cidade de Leiria vibrou com a presen\u00e7a de 1000 m\u00fasicos a tocar em un\u00edssono e com uma ativa\u00e7\u00e3o \u00fanica protagonizada pela <a href=\"https:\/\/www.iveco.com\/\" target=\"_blank\" rel=\"noopener\">IVECO<\/a> e pela <a href=\"https:\/\/www.wayfer.pt\/\" target=\"_blank\" rel=\"noopener\">Wayfer<\/a>, concession\u00e1rio oficial da marca para os distritos de Leiria e Coimbra<\/strong><\/p>\n<p>Um dos grandes destaques do evento foi a presen\u00e7a da edi\u00e7\u00e3o limitada do cami\u00e3o dos Metallica, um verdadeiro \u00edcone da estrada e da hist\u00f3ria do rock, com a assinatura dos pr\u00f3prios m\u00fasicos. Este cami\u00e3o foi uma das grandes atra\u00e7\u00f5es do evento: esteve exposto nos dias 4 e 5 de setembro junto ao est\u00e1dio e, no dia do espet\u00e1culo, ganhou o seu lugar no interior do recinto, carregando consigo a simbologia de d\u00e9cadas de m\u00fasica, estrada e paix\u00e3o.<\/p>\n<p>A presen\u00e7a da IVECO e da Wayfer foi al\u00e9m do concerto. Ao longo dos tr\u00eas dias que antecederam o espet\u00e1culo, realizou-se um Open Day, onde estiveram em exposi\u00e7\u00e3o as v\u00e1rias gamas de viaturas IVECO \u2013 desde ligeiros a pesados \u2013 proporcionando aos visitantes, clientes e parceiros uma experi\u00eancia completa com a marca.<\/p>\n<p>&#8220;Esta iniciativa permitiu fortalecer rela\u00e7\u00f5es e demonstrar o compromisso cont\u00ednuo da IVECO e da Wayfer com a excel\u00eancia, a mobilidade e a proximidade com a comunidade. O evento contou com a presen\u00e7a de centenas de clientes e parceiros convidados, que viveram de perto esta celebra\u00e7\u00e3o \u00fanica do poder coletivo \u2013 tanto no palco como na estrada&#8221;, partilharam as marcas.<\/p>\n<p>&#8220;A participa\u00e7\u00e3o no Rockin&#8217;1000 refor\u00e7a a parceria s\u00f3lida entre a IVECO e a Wayfer, duas marcas que partilham valores como inova\u00e7\u00e3o, uni\u00e3o e compromisso com as pessoas e o territ\u00f3rio. Esta ativa\u00e7\u00e3o foi mais do que uma presen\u00e7a de marca: foi uma afirma\u00e7\u00e3o do papel da IVECO como motor de cultura e da Wayfer como parceiro de refer\u00eancia em Leiria e Coimbra, sempre com a atitude &#8220;Moving As One&#8221;, sublinharam.<\/p>\n<p>&#8220;Enter Sandman&#8221;, interpretado por mil m\u00fasicos em un\u00edssono, foi o momento alto da noite e uma homenagem ao legado dos Metallica \u2013 e tamb\u00e9m ao esp\u00edrito de movimento, for\u00e7a e paix\u00e3o que a IVECO e a Wayfer simbolizam.<\/p>\n<p>&#8220;Participar no Rockin\u20191000 foi uma oportunidade \u00fanica para expressarmos o que nos define enquanto marca: estar pr\u00f3ximos das pessoas e criar experi\u00eancias que realmente marcam. Ver o nosso cami\u00e3o dos Metallica tornar-se um s\u00edmbolo desta celebra\u00e7\u00e3o e receber tantos clientes e parceiros num ambiente \u00fanico como este foi bastante gratificante&#8221;, afirmou Magno Mendes, diretor de vendas da IVECO Portugal.<\/p>\n<p>Nuno Ferreira, CEO da Wayfer, partilha da mesma opini\u00e3o e acrescentou: &#8220;O Rockin\u20191000 permitiu-nos refor\u00e7ar a liga\u00e7\u00e3o da Wayfer com clientes, parceiros e comunidade. Foi um momento de partilha e proximidade, marcado por m\u00fasica, energia e boa disposi\u00e7\u00e3o, que reflete o que somos enquanto empresa \u2013 Moving As One. O feedback que tenho recebido \u00e9 extremamente positivo e isso deixa-me muito orgulhoso. \u00c9 realmente poderoso criar mem\u00f3rias que ficam para sempre&#8221;.<\/p>\n<div class=\"wonderplugingallery-container\" id=\"wonderplugingallery-container-259\" style=\"max-width:960px;margin:0 auto;\"><div class=\"wonderplugingallery\" id=\"wonderplugingallery-259\" data-galleryid=\"259\" data-width=\"960\" data-height=\"540\" data-skin=\"gallery\" data-playsinline=\"false\" data-mutevideo=\"false\" data-random=\"false\" data-autoslide=\"false\" data-autoplayvideo=\"false\" data-schemamarkup=\"false\" data-stopallplaying=\"false\" data-reloadonvideoend=\"false\" data-donotuseposter=\"false\" data-enabletabindex=\"false\" data-loadnextonvideoend=\"false\" data-hidetitlewhenvideoisplaying=\"false\" data-disablehovereventontouch=\"false\" data-ratioresponsive=\"false\" data-autoslideandplayafterfirstplayed=\"false\" data-html5player=\"true\" data-responsive=\"true\" data-fullwidth=\"false\" data-showtitle=\"true\" data-showdescription=\"true\" data-showplaybutton=\"true\" data-showfullscreenbutton=\"true\" data-showtimer=\"true\" data-showcarousel=\"true\" data-galleryshadow=\"false\" data-slideshadow=\"true\" data-thumbshowtitle=\"false\" data-thumbshowimage=\"true\" data-thumbshadow=\"true\" data-lightboxshowtitle=\"true\" data-lightboxshowdescription=\"true\" data-specifyid=\"true\" data-donotinit=\"false\" data-addinitscript=\"false\" data-triggerresize=\"false\" data-thumbcolumnsresponsive=\"false\" data-thumbverticalmiddle=\"true\" data-removeinlinecss=\"true\" data-switchonmouseover=\"false\" data-showcategory=\"true\" data-carouselpagination=\"false\" data-showimgtitle=\"false\" data-titlesmallscreen=\"false\" data-initsocial=\"true\" data-showsocial=\"false\" data-showemail=\"false\" data-showfacebook=\"true\" data-showtwitter=\"true\" data-showpinterest=\"true\" data-socialrotateeffect=\"true\" data-doshortcodeontext=\"false\" data-loop=\"0\" data-duration=\"1500\" data-slideduration=\"1000\" data-slideshowinterval=\"6000\" data-googleanalyticsaccount=\"\" data-ga4account=\"\" data-resizemode=\"fill\" data-imagetoolboxmode=\"mouseover\" data-effect=\"fade\" data-padding=\"12\" data-bgcolor=\"\" data-bgimage=\"\" data-thumbwidth=\"120\" data-thumbheight=\"60\" data-thumbgap=\"8\" data-thumbrowgap=\"16\" data-lightboxtextheight=\"72\" data-lightboxtitlecss=\"{color:#333333; font:bold 12px Arial,Helvetica,sans-serif; overflow:hidden; white-space:normal; line-height:18px;}\" data-lightboxdescriptioncss=\"{color:#333333; font:normal 12px Arial,Helvetica,sans-serif; overflow:hidden; white-space:normal; line-height:14px;}\" data-titlecss=\"{color:#ffffff; font-size:14px; font-family:Armata, sans-serif, Arial; overflow:hidden; text-align:left; padding:10px 0px 10px 10px; background:rgb(102, 102, 102) transparent; background:rgba(102, 102, 102, 0.6);}\" data-descriptioncss=\"{color:#ffffff; font-size:13px; font-family:Armata, sans-serif, Arial; overflow:hidden; text-align:left; padding:0px 0px 10px 10px; background:rgb(102, 102, 102) transparent; background:rgba(102, 102, 102, 0.6);}\" data-titleheight=\"72\" data-titlesmallscreenwidth=\"640\" data-titleheightsmallscreen=\"148\" data-socialmode=\"mouseover\" data-socialposition=\"position:absolute;top:8px;right:8px;\" data-socialpositionlightbox=\"position:absolute;top:8px;right:8px;\" data-socialdirection=\"horizontal\" data-socialbuttonsize=\"32\" data-socialbuttonfontsize=\"18\" data-defaultvideovolume=\"1\" data-ratiomediumscreen=\"1024\" data-ratiomediumheight=\"1.6\" data-ratiosmallscreen=\"767\" data-ratiosmallheight=\"2.4\" data-thumbtitleheight=\"24\" data-thumbmediumtitleheight=\"48\" data-thumbsmalltitleheight=\"72\" data-categoryheight=\"48\" data-categorydefault=\"all\" data-triggerresizedelay=\"100\" data-thumbmediumsize=\"800\" data-thumbsmallsize=\"480\" data-thumbmediumwidth=\"64\" data-thumbmediumheight=\"64\" data-thumbsmallwidth=\"48\" data-thumbsmallheight=\"48\" data-imgtitle=\"title\" data-carouselpaginationrow=\"3\" data-categorystyle=\"dropdown\" data-categorylist=\"[{&quot;slug&quot;:&quot;all&quot;,&quot;caption&quot;:&quot;Show All&quot;}]\" data-jsfolder=\"https:\/\/jornaldasoficinas.com\/pt\/wp-content\/plugins\/wonderplugin-gallery\/engine\/\" style=\"display:none;\" ><a class=\"html5galleryimglink\" href=\"https:\/\/jornaldasoficinas.com\/pt\/wp-content\/uploads\/2025\/09\/IVECO\/10Rockin1000_IvecoWayfer.jpg\" data-mediatype=1><img decoding=\"async\" class=\"html5galleryimg html5gallery-tn-image\" src=\"https:\/\/jornaldasoficinas.com\/pt\/wp-content\/uploads\/2025\/09\/IVECO\/10Rockin1000_IvecoWayfer.jpg\" alt=\"\"><\/a><div class=\"html5gallery-info\"><\/div><a class=\"html5galleryimglink\" href=\"https:\/\/jornaldasoficinas.com\/pt\/wp-content\/uploads\/2025\/09\/IVECO\/1Rockin1000_IvecoWayfer.jpg\" data-mediatype=1><img decoding=\"async\" class=\"html5galleryimg html5gallery-tn-image\" src=\"https:\/\/jornaldasoficinas.com\/pt\/wp-content\/uploads\/2025\/09\/IVECO\/1Rockin1000_IvecoWayfer.jpg\" alt=\"\"><\/a><div class=\"html5gallery-info\"><\/div><a class=\"html5galleryimglink\" href=\"https:\/\/jornaldasoficinas.com\/pt\/wp-content\/uploads\/2025\/09\/IVECO\/2Rockin1000_IvecoWayfer.jpg\" data-mediatype=1><img decoding=\"async\" class=\"html5galleryimg html5gallery-tn-image\" src=\"https:\/\/jornaldasoficinas.com\/pt\/wp-content\/uploads\/2025\/09\/IVECO\/2Rockin1000_IvecoWayfer.jpg\" alt=\"\"><\/a><div class=\"html5gallery-info\"><\/div><a class=\"html5galleryimglink\" href=\"https:\/\/jornaldasoficinas.com\/pt\/wp-content\/uploads\/2025\/09\/IVECO\/3Rockin1000_IvecoWayfer.jpg\" data-mediatype=1><img decoding=\"async\" class=\"html5galleryimg html5gallery-tn-image\" src=\"https:\/\/jornaldasoficinas.com\/pt\/wp-content\/uploads\/2025\/09\/IVECO\/3Rockin1000_IvecoWayfer.jpg\" alt=\"\"><\/a><div class=\"html5gallery-info\"><\/div><a class=\"html5galleryimglink\" href=\"https:\/\/jornaldasoficinas.com\/pt\/wp-content\/uploads\/2025\/09\/IVECO\/4Rockin1000_IvecoWayfer.jpg\" data-mediatype=1><img decoding=\"async\" class=\"html5galleryimg html5gallery-tn-image\" src=\"https:\/\/jornaldasoficinas.com\/pt\/wp-content\/uploads\/2025\/09\/IVECO\/4Rockin1000_IvecoWayfer.jpg\" alt=\"\"><\/a><div class=\"html5gallery-info\"><\/div><a class=\"html5galleryimglink\" href=\"https:\/\/jornaldasoficinas.com\/pt\/wp-content\/uploads\/2025\/09\/IVECO\/5Rockin1000_IvecoWayfer.jpg\" data-mediatype=1><img decoding=\"async\" class=\"html5galleryimg html5gallery-tn-image\" src=\"https:\/\/jornaldasoficinas.com\/pt\/wp-content\/uploads\/2025\/09\/IVECO\/5Rockin1000_IvecoWayfer.jpg\" alt=\"\"><\/a><div class=\"html5gallery-info\"><\/div><a class=\"html5galleryimglink\" href=\"https:\/\/jornaldasoficinas.com\/pt\/wp-content\/uploads\/2025\/09\/IVECO\/6Rockin1000_IvecoWayfer.jpg\" data-mediatype=1><img decoding=\"async\" class=\"html5galleryimg html5gallery-tn-image\" src=\"https:\/\/jornaldasoficinas.com\/pt\/wp-content\/uploads\/2025\/09\/IVECO\/6Rockin1000_IvecoWayfer.jpg\" alt=\"\"><\/a><div class=\"html5gallery-info\"><\/div><a class=\"html5galleryimglink\" href=\"https:\/\/jornaldasoficinas.com\/pt\/wp-content\/uploads\/2025\/09\/IVECO\/7Rockin1000_IvecoWayfer.jpg\" data-mediatype=1><img decoding=\"async\" class=\"html5galleryimg html5gallery-tn-image\" src=\"https:\/\/jornaldasoficinas.com\/pt\/wp-content\/uploads\/2025\/09\/IVECO\/7Rockin1000_IvecoWayfer.jpg\" alt=\"\"><\/a><div class=\"html5gallery-info\"><\/div><a class=\"html5galleryimglink\" href=\"https:\/\/jornaldasoficinas.com\/pt\/wp-content\/uploads\/2025\/09\/IVECO\/8Rockin1000_IvecoWayfer.jpg\" data-mediatype=1><img decoding=\"async\" class=\"html5galleryimg html5gallery-tn-image\" src=\"https:\/\/jornaldasoficinas.com\/pt\/wp-content\/uploads\/2025\/09\/IVECO\/8Rockin1000_IvecoWayfer.jpg\" alt=\"\"><\/a><div class=\"html5gallery-info\"><\/div><a class=\"html5galleryimglink\" href=\"https:\/\/jornaldasoficinas.com\/pt\/wp-content\/uploads\/2025\/09\/IVECO\/9Rockin1000_IvecoWayfer.jpg\" data-mediatype=1><img decoding=\"async\" class=\"html5galleryimg html5gallery-tn-image\" src=\"https:\/\/jornaldasoficinas.com\/pt\/wp-content\/uploads\/2025\/09\/IVECO\/9Rockin1000_IvecoWayfer.jpg\" alt=\"\"><\/a><div class=\"html5gallery-info\"><\/div><\/div><\/div><script>function wondergallery_259_appendcss(csscode) {var head=document.head || document.getElementsByTagName(\"head\")[0];var style=document.createElement(\"style\");head.appendChild(style);style.type=\"text\/css\";if (style.styleSheet){style.styleSheet.cssText=csscode;} else {style.appendChild(document.createTextNode(csscode));}};wondergallery_259_appendcss(\"#wonderplugingallery-259 .html5gallery-cat-selection-259 { \tbox-sizing: border-box; \ttext-align: center; }  #wonderplugingallery-259 .html5gallery-cat-selection-259 select { \tbox-sizing: border-box; \tmargin: 4px auto; }\");<\/script>\n","protected":false},"excerpt":{"rendered":"<p>No dia 6 de setembro, a&#8230;<\/p>\n","protected":false},"author":15,"featured_media":106752,"comment_status":"closed","ping_status":"closed","sticky":false,"template":"","format":"standard","meta":{"footnotes":""},"categories":[36],"tags":[4716,7738,470,13403,13402,1238],"class_list":["post-106736","post","type-post","status-publish","format-standard","has-post-thumbnail","hentry","category-pesados","tag-evento","tag-homenagem","tag-iveco","tag-metallica","tag-rockin1000","tag-wayfer"],"yoast_head":"<!-- This site is optimized with the Yoast SEO plugin v27.4 - https:\/\/yoast.com\/product\/yoast-seo-wordpress\/ -->\n<title>IVECO e Wayfer fazem hist\u00f3ria no ROCKIN&#039;1000 - Jornal das Oficinas<\/title>\n<meta name=\"description\" content=\"A cidade de Leiria vibrou com a presen\u00e7a de 1000 m\u00fasicos a tocar em un\u00edssono e com uma ativa\u00e7\u00e3o \u00fanica protagonizada pela IVECO e pela Wayfer\" \/>\n<meta name=\"robots\" content=\"index, follow, max-snippet:-1, max-image-preview:large, max-video-preview:-1\" \/>\n<link rel=\"canonical\" href=\"https:\/\/jornaldasoficinas.com\/pt\/iveco-e-wayfer-fazem-historia-no-rockin1000\/\" \/>\n<meta property=\"og:locale\" content=\"pt_PT\" \/>\n<meta property=\"og:type\" content=\"article\" \/>\n<meta property=\"og:title\" content=\"IVECO e Wayfer fazem hist\u00f3ria no ROCKIN&#039;1000 - Jornal das Oficinas\" \/>\n<meta property=\"og:description\" content=\"A cidade de Leiria vibrou com a presen\u00e7a de 1000 m\u00fasicos a tocar em un\u00edssono e com uma ativa\u00e7\u00e3o \u00fanica protagonizada pela IVECO e pela Wayfer\" \/>\n<meta property=\"og:url\" content=\"https:\/\/jornaldasoficinas.com\/pt\/iveco-e-wayfer-fazem-historia-no-rockin1000\/\" \/>\n<meta property=\"og:site_name\" content=\"Jornal das Oficinas\" \/>\n<meta property=\"article:publisher\" content=\"https:\/\/www.facebook.com\/jornaloficinas\" \/>\n<meta property=\"article:published_time\" content=\"2025-09-18T11:30:08+00:00\" \/>\n<meta property=\"og:image\" content=\"https:\/\/jornaldasoficinas.com\/pt\/wp-content\/uploads\/2025\/09\/IVECO-e-Wayfer-fazem-historia-no-ROCKIN1000.jpg\" \/>\n\t<meta property=\"og:image:width\" content=\"1024\" \/>\n\t<meta property=\"og:image:height\" content=\"581\" \/>\n\t<meta property=\"og:image:type\" content=\"image\/jpeg\" \/>\n<meta name=\"author\" content=\"Reda\u00e7\u00e3o JO\" \/>\n<meta name=\"twitter:card\" content=\"summary_large_image\" \/>\n<meta name=\"twitter:creator\" content=\"@jornaloficinas\" \/>\n<meta name=\"twitter:site\" content=\"@jornaloficinas\" \/>\n<meta name=\"twitter:label1\" content=\"Escrito por\" \/>\n\t<meta name=\"twitter:data1\" content=\"Reda\u00e7\u00e3o JO\" \/>\n\t<meta name=\"twitter:label2\" content=\"Tempo estimado de leitura\" \/>\n\t<meta name=\"twitter:data2\" content=\"3 minutos\" \/>\n<script type=\"application\/ld+json\" class=\"yoast-schema-graph\">{\"@context\":\"https:\\\/\\\/schema.org\",\"@graph\":[{\"@type\":\"Article\",\"@id\":\"https:\\\/\\\/jornaldasoficinas.com\\\/pt\\\/iveco-e-wayfer-fazem-historia-no-rockin1000\\\/#article\",\"isPartOf\":{\"@id\":\"https:\\\/\\\/jornaldasoficinas.com\\\/pt\\\/iveco-e-wayfer-fazem-historia-no-rockin1000\\\/\"},\"author\":{\"name\":\"Reda\u00e7\u00e3o JO\",\"@id\":\"https:\\\/\\\/jornaldasoficinas.com\\\/pt\\\/#\\\/schema\\\/person\\\/a38eef5de2c41d9e7c9ac10141afddf3\"},\"headline\":\"IVECO e Wayfer fazem hist\u00f3ria no ROCKIN&#8217;1000\",\"datePublished\":\"2025-09-18T11:30:08+00:00\",\"mainEntityOfPage\":{\"@id\":\"https:\\\/\\\/jornaldasoficinas.com\\\/pt\\\/iveco-e-wayfer-fazem-historia-no-rockin1000\\\/\"},\"wordCount\":525,\"publisher\":{\"@id\":\"https:\\\/\\\/jornaldasoficinas.com\\\/pt\\\/#organization\"},\"image\":{\"@id\":\"https:\\\/\\\/jornaldasoficinas.com\\\/pt\\\/iveco-e-wayfer-fazem-historia-no-rockin1000\\\/#primaryimage\"},\"thumbnailUrl\":\"https:\\\/\\\/jornaldasoficinas.com\\\/pt\\\/wp-content\\\/uploads\\\/2025\\\/09\\\/IVECO-e-Wayfer-fazem-historia-no-ROCKIN1000.jpg\",\"keywords\":[\"Evento\",\"homenagem\",\"Iveco\",\"Metallica\",\"Rockin'1000\",\"Wayfer\"],\"articleSection\":[\"Pesados\"],\"inLanguage\":\"pt-PT\"},{\"@type\":\"WebPage\",\"@id\":\"https:\\\/\\\/jornaldasoficinas.com\\\/pt\\\/iveco-e-wayfer-fazem-historia-no-rockin1000\\\/\",\"url\":\"https:\\\/\\\/jornaldasoficinas.com\\\/pt\\\/iveco-e-wayfer-fazem-historia-no-rockin1000\\\/\",\"name\":\"IVECO e Wayfer fazem hist\u00f3ria no ROCKIN'1000 - Jornal das Oficinas\",\"isPartOf\":{\"@id\":\"https:\\\/\\\/jornaldasoficinas.com\\\/pt\\\/#website\"},\"primaryImageOfPage\":{\"@id\":\"https:\\\/\\\/jornaldasoficinas.com\\\/pt\\\/iveco-e-wayfer-fazem-historia-no-rockin1000\\\/#primaryimage\"},\"image\":{\"@id\":\"https:\\\/\\\/jornaldasoficinas.com\\\/pt\\\/iveco-e-wayfer-fazem-historia-no-rockin1000\\\/#primaryimage\"},\"thumbnailUrl\":\"https:\\\/\\\/jornaldasoficinas.com\\\/pt\\\/wp-content\\\/uploads\\\/2025\\\/09\\\/IVECO-e-Wayfer-fazem-historia-no-ROCKIN1000.jpg\",\"datePublished\":\"2025-09-18T11:30:08+00:00\",\"description\":\"A cidade de Leiria vibrou com a presen\u00e7a de 1000 m\u00fasicos a tocar em un\u00edssono e com uma ativa\u00e7\u00e3o \u00fanica protagonizada pela IVECO e pela Wayfer\",\"breadcrumb\":{\"@id\":\"https:\\\/\\\/jornaldasoficinas.com\\\/pt\\\/iveco-e-wayfer-fazem-historia-no-rockin1000\\\/#breadcrumb\"},\"inLanguage\":\"pt-PT\",\"potentialAction\":[{\"@type\":\"ReadAction\",\"target\":[\"https:\\\/\\\/jornaldasoficinas.com\\\/pt\\\/iveco-e-wayfer-fazem-historia-no-rockin1000\\\/\"]}]},{\"@type\":\"ImageObject\",\"inLanguage\":\"pt-PT\",\"@id\":\"https:\\\/\\\/jornaldasoficinas.com\\\/pt\\\/iveco-e-wayfer-fazem-historia-no-rockin1000\\\/#primaryimage\",\"url\":\"https:\\\/\\\/jornaldasoficinas.com\\\/pt\\\/wp-content\\\/uploads\\\/2025\\\/09\\\/IVECO-e-Wayfer-fazem-historia-no-ROCKIN1000.jpg\",\"contentUrl\":\"https:\\\/\\\/jornaldasoficinas.com\\\/pt\\\/wp-content\\\/uploads\\\/2025\\\/09\\\/IVECO-e-Wayfer-fazem-historia-no-ROCKIN1000.jpg\",\"width\":1024,\"height\":581,\"caption\":\"Presen\u00e7a da marca Wayfer Iveco no evento Rockin\u20191000 que decorreu no Est\u00e1dio Magalh\u00e3es Pessoa, em Leiria. Foto: Rui Miguel Pedrosa | www.ruimiguelpedrosa.com\"},{\"@type\":\"BreadcrumbList\",\"@id\":\"https:\\\/\\\/jornaldasoficinas.com\\\/pt\\\/iveco-e-wayfer-fazem-historia-no-rockin1000\\\/#breadcrumb\",\"itemListElement\":[{\"@type\":\"ListItem\",\"position\":1,\"name\":\"In\u00edcio\",\"item\":\"https:\\\/\\\/jornaldasoficinas.com\\\/pt\\\/\"},{\"@type\":\"ListItem\",\"position\":2,\"name\":\"IVECO e Wayfer fazem hist\u00f3ria no ROCKIN&#8217;1000\"}]},{\"@type\":\"WebSite\",\"@id\":\"https:\\\/\\\/jornaldasoficinas.com\\\/pt\\\/#website\",\"url\":\"https:\\\/\\\/jornaldasoficinas.com\\\/pt\\\/\",\"name\":\"Jornal das Oficinas\",\"description\":\"Jornal independente do Aftermarket Autom\u00f3vel em Portugal\",\"publisher\":{\"@id\":\"https:\\\/\\\/jornaldasoficinas.com\\\/pt\\\/#organization\"},\"potentialAction\":[{\"@type\":\"SearchAction\",\"target\":{\"@type\":\"EntryPoint\",\"urlTemplate\":\"https:\\\/\\\/jornaldasoficinas.com\\\/pt\\\/?s={search_term_string}\"},\"query-input\":{\"@type\":\"PropertyValueSpecification\",\"valueRequired\":true,\"valueName\":\"search_term_string\"}}],\"inLanguage\":\"pt-PT\"},{\"@type\":\"Organization\",\"@id\":\"https:\\\/\\\/jornaldasoficinas.com\\\/pt\\\/#organization\",\"name\":\"Jornal das Oficinas\",\"url\":\"https:\\\/\\\/jornaldasoficinas.com\\\/pt\\\/\",\"logo\":{\"@type\":\"ImageObject\",\"inLanguage\":\"pt-PT\",\"@id\":\"https:\\\/\\\/jornaldasoficinas.com\\\/pt\\\/#\\\/schema\\\/logo\\\/image\\\/\",\"url\":\"https:\\\/\\\/jornaldasoficinas.com\\\/pt\\\/wp-content\\\/uploads\\\/logoJO-SEO.png\",\"contentUrl\":\"https:\\\/\\\/jornaldasoficinas.com\\\/pt\\\/wp-content\\\/uploads\\\/logoJO-SEO.png\",\"width\":285,\"height\":450,\"caption\":\"Jornal das Oficinas\"},\"image\":{\"@id\":\"https:\\\/\\\/jornaldasoficinas.com\\\/pt\\\/#\\\/schema\\\/logo\\\/image\\\/\"},\"sameAs\":[\"https:\\\/\\\/www.facebook.com\\\/jornaloficinas\",\"https:\\\/\\\/x.com\\\/jornaloficinas\",\"https:\\\/\\\/www.instagram.com\\\/jornal_oficinas\\\/\",\"https:\\\/\\\/www.linkedin.com\\\/company\\\/jornal-das-oficinas\\\/\",\"https:\\\/\\\/www.youtube.com\\\/channel\\\/UCbQZBqtcvV-oSQrr7RzINGg\"]},{\"@type\":\"Person\",\"@id\":\"https:\\\/\\\/jornaldasoficinas.com\\\/pt\\\/#\\\/schema\\\/person\\\/a38eef5de2c41d9e7c9ac10141afddf3\",\"name\":\"Reda\u00e7\u00e3o JO\",\"image\":{\"@type\":\"ImageObject\",\"inLanguage\":\"pt-PT\",\"@id\":\"https:\\\/\\\/secure.gravatar.com\\\/avatar\\\/71f2fa71737ad68a84fea94bc708ddac8ea5b0c4788dc2ad202f3ccb2887742f?s=96&d=wp_user_avatar&r=g\",\"url\":\"https:\\\/\\\/secure.gravatar.com\\\/avatar\\\/71f2fa71737ad68a84fea94bc708ddac8ea5b0c4788dc2ad202f3ccb2887742f?s=96&d=wp_user_avatar&r=g\",\"contentUrl\":\"https:\\\/\\\/secure.gravatar.com\\\/avatar\\\/71f2fa71737ad68a84fea94bc708ddac8ea5b0c4788dc2ad202f3ccb2887742f?s=96&d=wp_user_avatar&r=g\",\"caption\":\"Reda\u00e7\u00e3o JO\"},\"url\":\"https:\\\/\\\/jornaldasoficinas.com\\\/pt\\\/author\\\/joredacao\\\/\"}]}<\/script>\n<!-- \/ Yoast SEO plugin. -->","yoast_head_json":{"title":"IVECO e Wayfer fazem hist\u00f3ria no ROCKIN'1000 - Jornal das Oficinas","description":"A cidade de Leiria vibrou com a presen\u00e7a de 1000 m\u00fasicos a tocar em un\u00edssono e com uma ativa\u00e7\u00e3o \u00fanica protagonizada pela IVECO e pela Wayfer","robots":{"index":"index","follow":"follow","max-snippet":"max-snippet:-1","max-image-preview":"max-image-preview:large","max-video-preview":"max-video-preview:-1"},"canonical":"https:\/\/jornaldasoficinas.com\/pt\/iveco-e-wayfer-fazem-historia-no-rockin1000\/","og_locale":"pt_PT","og_type":"article","og_title":"IVECO e Wayfer fazem hist\u00f3ria no ROCKIN'1000 - Jornal das Oficinas","og_description":"A cidade de Leiria vibrou com a presen\u00e7a de 1000 m\u00fasicos a tocar em un\u00edssono e com uma ativa\u00e7\u00e3o \u00fanica protagonizada pela IVECO e pela Wayfer","og_url":"https:\/\/jornaldasoficinas.com\/pt\/iveco-e-wayfer-fazem-historia-no-rockin1000\/","og_site_name":"Jornal das Oficinas","article_publisher":"https:\/\/www.facebook.com\/jornaloficinas","article_published_time":"2025-09-18T11:30:08+00:00","og_image":[{"width":1024,"height":581,"url":"https:\/\/jornaldasoficinas.com\/pt\/wp-content\/uploads\/2025\/09\/IVECO-e-Wayfer-fazem-historia-no-ROCKIN1000.jpg","type":"image\/jpeg"}],"author":"Reda\u00e7\u00e3o JO","twitter_card":"summary_large_image","twitter_creator":"@jornaloficinas","twitter_site":"@jornaloficinas","twitter_misc":{"Escrito por":"Reda\u00e7\u00e3o JO","Tempo estimado de leitura":"3 minutos"},"schema":{"@context":"https:\/\/schema.org","@graph":[{"@type":"Article","@id":"https:\/\/jornaldasoficinas.com\/pt\/iveco-e-wayfer-fazem-historia-no-rockin1000\/#article","isPartOf":{"@id":"https:\/\/jornaldasoficinas.com\/pt\/iveco-e-wayfer-fazem-historia-no-rockin1000\/"},"author":{"name":"Reda\u00e7\u00e3o JO","@id":"https:\/\/jornaldasoficinas.com\/pt\/#\/schema\/person\/a38eef5de2c41d9e7c9ac10141afddf3"},"headline":"IVECO e Wayfer fazem hist\u00f3ria no ROCKIN&#8217;1000","datePublished":"2025-09-18T11:30:08+00:00","mainEntityOfPage":{"@id":"https:\/\/jornaldasoficinas.com\/pt\/iveco-e-wayfer-fazem-historia-no-rockin1000\/"},"wordCount":525,"publisher":{"@id":"https:\/\/jornaldasoficinas.com\/pt\/#organization"},"image":{"@id":"https:\/\/jornaldasoficinas.com\/pt\/iveco-e-wayfer-fazem-historia-no-rockin1000\/#primaryimage"},"thumbnailUrl":"https:\/\/jornaldasoficinas.com\/pt\/wp-content\/uploads\/2025\/09\/IVECO-e-Wayfer-fazem-historia-no-ROCKIN1000.jpg","keywords":["Evento","homenagem","Iveco","Metallica","Rockin'1000","Wayfer"],"articleSection":["Pesados"],"inLanguage":"pt-PT"},{"@type":"WebPage","@id":"https:\/\/jornaldasoficinas.com\/pt\/iveco-e-wayfer-fazem-historia-no-rockin1000\/","url":"https:\/\/jornaldasoficinas.com\/pt\/iveco-e-wayfer-fazem-historia-no-rockin1000\/","name":"IVECO e Wayfer fazem hist\u00f3ria no ROCKIN'1000 - Jornal das Oficinas","isPartOf":{"@id":"https:\/\/jornaldasoficinas.com\/pt\/#website"},"primaryImageOfPage":{"@id":"https:\/\/jornaldasoficinas.com\/pt\/iveco-e-wayfer-fazem-historia-no-rockin1000\/#primaryimage"},"image":{"@id":"https:\/\/jornaldasoficinas.com\/pt\/iveco-e-wayfer-fazem-historia-no-rockin1000\/#primaryimage"},"thumbnailUrl":"https:\/\/jornaldasoficinas.com\/pt\/wp-content\/uploads\/2025\/09\/IVECO-e-Wayfer-fazem-historia-no-ROCKIN1000.jpg","datePublished":"2025-09-18T11:30:08+00:00","description":"A cidade de Leiria vibrou com a presen\u00e7a de 1000 m\u00fasicos a tocar em un\u00edssono e com uma ativa\u00e7\u00e3o \u00fanica protagonizada pela IVECO e pela Wayfer","breadcrumb":{"@id":"https:\/\/jornaldasoficinas.com\/pt\/iveco-e-wayfer-fazem-historia-no-rockin1000\/#breadcrumb"},"inLanguage":"pt-PT","potentialAction":[{"@type":"ReadAction","target":["https:\/\/jornaldasoficinas.com\/pt\/iveco-e-wayfer-fazem-historia-no-rockin1000\/"]}]},{"@type":"ImageObject","inLanguage":"pt-PT","@id":"https:\/\/jornaldasoficinas.com\/pt\/iveco-e-wayfer-fazem-historia-no-rockin1000\/#primaryimage","url":"https:\/\/jornaldasoficinas.com\/pt\/wp-content\/uploads\/2025\/09\/IVECO-e-Wayfer-fazem-historia-no-ROCKIN1000.jpg","contentUrl":"https:\/\/jornaldasoficinas.com\/pt\/wp-content\/uploads\/2025\/09\/IVECO-e-Wayfer-fazem-historia-no-ROCKIN1000.jpg","width":1024,"height":581,"caption":"Presen\u00e7a da marca Wayfer Iveco no evento Rockin\u20191000 que decorreu no Est\u00e1dio Magalh\u00e3es Pessoa, em Leiria. Foto: Rui Miguel Pedrosa | www.ruimiguelpedrosa.com"},{"@type":"BreadcrumbList","@id":"https:\/\/jornaldasoficinas.com\/pt\/iveco-e-wayfer-fazem-historia-no-rockin1000\/#breadcrumb","itemListElement":[{"@type":"ListItem","position":1,"name":"In\u00edcio","item":"https:\/\/jornaldasoficinas.com\/pt\/"},{"@type":"ListItem","position":2,"name":"IVECO e Wayfer fazem hist\u00f3ria no ROCKIN&#8217;1000"}]},{"@type":"WebSite","@id":"https:\/\/jornaldasoficinas.com\/pt\/#website","url":"https:\/\/jornaldasoficinas.com\/pt\/","name":"Jornal das Oficinas","description":"Jornal independente do Aftermarket Autom\u00f3vel em Portugal","publisher":{"@id":"https:\/\/jornaldasoficinas.com\/pt\/#organization"},"potentialAction":[{"@type":"SearchAction","target":{"@type":"EntryPoint","urlTemplate":"https:\/\/jornaldasoficinas.com\/pt\/?s={search_term_string}"},"query-input":{"@type":"PropertyValueSpecification","valueRequired":true,"valueName":"search_term_string"}}],"inLanguage":"pt-PT"},{"@type":"Organization","@id":"https:\/\/jornaldasoficinas.com\/pt\/#organization","name":"Jornal das Oficinas","url":"https:\/\/jornaldasoficinas.com\/pt\/","logo":{"@type":"ImageObject","inLanguage":"pt-PT","@id":"https:\/\/jornaldasoficinas.com\/pt\/#\/schema\/logo\/image\/","url":"https:\/\/jornaldasoficinas.com\/pt\/wp-content\/uploads\/logoJO-SEO.png","contentUrl":"https:\/\/jornaldasoficinas.com\/pt\/wp-content\/uploads\/logoJO-SEO.png","width":285,"height":450,"caption":"Jornal das Oficinas"},"image":{"@id":"https:\/\/jornaldasoficinas.com\/pt\/#\/schema\/logo\/image\/"},"sameAs":["https:\/\/www.facebook.com\/jornaloficinas","https:\/\/x.com\/jornaloficinas","https:\/\/www.instagram.com\/jornal_oficinas\/","https:\/\/www.linkedin.com\/company\/jornal-das-oficinas\/","https:\/\/www.youtube.com\/channel\/UCbQZBqtcvV-oSQrr7RzINGg"]},{"@type":"Person","@id":"https:\/\/jornaldasoficinas.com\/pt\/#\/schema\/person\/a38eef5de2c41d9e7c9ac10141afddf3","name":"Reda\u00e7\u00e3o JO","image":{"@type":"ImageObject","inLanguage":"pt-PT","@id":"https:\/\/secure.gravatar.com\/avatar\/71f2fa71737ad68a84fea94bc708ddac8ea5b0c4788dc2ad202f3ccb2887742f?s=96&d=wp_user_avatar&r=g","url":"https:\/\/secure.gravatar.com\/avatar\/71f2fa71737ad68a84fea94bc708ddac8ea5b0c4788dc2ad202f3ccb2887742f?s=96&d=wp_user_avatar&r=g","contentUrl":"https:\/\/secure.gravatar.com\/avatar\/71f2fa71737ad68a84fea94bc708ddac8ea5b0c4788dc2ad202f3ccb2887742f?s=96&d=wp_user_avatar&r=g","caption":"Reda\u00e7\u00e3o JO"},"url":"https:\/\/jornaldasoficinas.com\/pt\/author\/joredacao\/"}]}},"_links":{"self":[{"href":"https:\/\/jornaldasoficinas.com\/pt\/wp-json\/wp\/v2\/posts\/106736","targetHints":{"allow":["GET"]}}],"collection":[{"href":"https:\/\/jornaldasoficinas.com\/pt\/wp-json\/wp\/v2\/posts"}],"about":[{"href":"https:\/\/jornaldasoficinas.com\/pt\/wp-json\/wp\/v2\/types\/post"}],"author":[{"embeddable":true,"href":"https:\/\/jornaldasoficinas.com\/pt\/wp-json\/wp\/v2\/users\/15"}],"replies":[{"embeddable":true,"href":"https:\/\/jornaldasoficinas.com\/pt\/wp-json\/wp\/v2\/comments?post=106736"}],"version-history":[{"count":6,"href":"https:\/\/jornaldasoficinas.com\/pt\/wp-json\/wp\/v2\/posts\/106736\/revisions"}],"predecessor-version":[{"id":106766,"href":"https:\/\/jornaldasoficinas.com\/pt\/wp-json\/wp\/v2\/posts\/106736\/revisions\/106766"}],"wp:featuredmedia":[{"embeddable":true,"href":"https:\/\/jornaldasoficinas.com\/pt\/wp-json\/wp\/v2\/media\/106752"}],"wp:attachment":[{"href":"https:\/\/jornaldasoficinas.com\/pt\/wp-json\/wp\/v2\/media?parent=106736"}],"wp:term":[{"taxonomy":"category","embeddable":true,"href":"https:\/\/jornaldasoficinas.com\/pt\/wp-json\/wp\/v2\/categories?post=106736"},{"taxonomy":"post_tag","embeddable":true,"href":"https:\/\/jornaldasoficinas.com\/pt\/wp-json\/wp\/v2\/tags?post=106736"}],"curies":[{"name":"wp","href":"https:\/\/api.w.org\/{rel}","templated":true}]}}