{"id":106781,"date":"2025-09-22T12:30:54","date_gmt":"2025-09-22T11:30:54","guid":{"rendered":"https:\/\/jornaldasoficinas.com\/pt\/?p=106781"},"modified":"2025-09-19T12:09:34","modified_gmt":"2025-09-19T11:09:34","slug":"ctw-summit-estreia-se-em-lisboa","status":"publish","type":"post","link":"https:\/\/jornaldasoficinas.com\/pt\/ctw-summit-estreia-se-em-lisboa\/","title":{"rendered":"CTW Summit estreia-se em Lisboa"},"content":{"rendered":"<p><strong><img loading=\"lazy\" decoding=\"async\" class=\"alignnone size-full wp-image-106784\" src=\"https:\/\/jornaldasoficinas.com\/pt\/wp-content\/uploads\/2025\/09\/CTW-Summit-estreia-em-Lisboa-para-discutir-o-futuro-da-mobilidade.png\" alt=\"09 - CTW Summit estreia em Lisboa para discutir o futuro da mobilidade\" width=\"1024\" height=\"581\" srcset=\"https:\/\/jornaldasoficinas.com\/pt\/wp-content\/uploads\/2025\/09\/CTW-Summit-estreia-em-Lisboa-para-discutir-o-futuro-da-mobilidade.png 1024w, https:\/\/jornaldasoficinas.com\/pt\/wp-content\/uploads\/2025\/09\/CTW-Summit-estreia-em-Lisboa-para-discutir-o-futuro-da-mobilidade-300x170.png 300w, https:\/\/jornaldasoficinas.com\/pt\/wp-content\/uploads\/2025\/09\/CTW-Summit-estreia-em-Lisboa-para-discutir-o-futuro-da-mobilidade-150x85.png 150w, https:\/\/jornaldasoficinas.com\/pt\/wp-content\/uploads\/2025\/09\/CTW-Summit-estreia-em-Lisboa-para-discutir-o-futuro-da-mobilidade-768x436.png 768w\" sizes=\"auto, (max-width: 1024px) 100vw, 1024px\" \/><\/strong><\/p>\n<p><strong>A estreia do CTW Summit 2025 &#8211; Automotive Software &amp; AI -, organizado pela tecnol\u00f3gica portuguesa <a href=\"https:\/\/www.criticaltechworks.com\/\" target=\"_blank\" rel=\"noopener\">Critical TechWorks<\/a> (CTW), vai colocar Lisboa no centro do debate sobre o futuro da mobilidade<\/strong><\/p>\n<p>No dia 8 de outubro, o Pavilh\u00e3o Carlos Lopes vai receber especialistas, empresas e decisores para discutir o papel da intelig\u00eancia artificial e do software na ind\u00fastria autom\u00f3vel. O encontro promete juntar a comunidade de inova\u00e7\u00e3o e lan\u00e7ar um debate pertinente sobre o setor, numa fase em que essa discuss\u00e3o ganha ainda mais relev\u00e2ncia com o contributo estrat\u00e9gico da CTW para o BMW iX3, em particular, e para a nova gera\u00e7\u00e3o de ve\u00edculos que o <a href=\"https:\/\/www.bmw.pt\/\" target=\"_blank\" rel=\"noopener\">Grupo BMW<\/a> est\u00e1 a desenvolver.<\/p>\n<p>\u00c9 neste enquadramento que se abre oficialmente o CTW Summit 2025, com a interven\u00e7\u00e3o de Christine Marconcin, COO da Critical TechWorks e respons\u00e1vel pela \u00e1rea de Digital Car do BMW Group na CTW, que ir\u00e1 destacar o contributo portugu\u00eas na transforma\u00e7\u00e3o digital da marca alem\u00e3. Na abertura do evento marcar\u00e1 igualmente presen\u00e7a o Head of Governance and Security do Grupo BMW, Christoph Schaefle.<\/p>\n<p>Segue-se uma palestra de Lic\u00ednio Oliveira, cluster head na Critical TechWorks, dedicada ao papel do software nos ve\u00edculos modernos, onde abordar\u00e1 o desenvolvimento do novo sistema operativo. Ainda durante a manh\u00e3, o destaque vai para o painel &#8220;From Controllers to Full Blown Operating Systems&#8221;, moderado por Pedro U. Lima, professor catedr\u00e1tico no Instituto Superior T\u00e9cnico, que contar\u00e1 com interven\u00e7\u00f5es da Bosch, Intellias e da Critical TechWorks.<\/p>\n<p>Durante a tarde, o debate vai centrar-se em temas como intelig\u00eancia artificial, ve\u00edculos conectados e ciberseguran\u00e7a. A agenda inclui uma interven\u00e7\u00e3o de Fazila Ahmad, head de Global Digital Data &amp; AI Accelaration, da EDP, seguida de uma sess\u00e3o com Lara Trigueiro Moura, diretora de Inova\u00e7\u00e3o da Via Verde da Brisa, al\u00e9m de v\u00e1rias talks dinamizadas pela Critical TechWorks sobre o impacto da IA na condu\u00e7\u00e3o aut\u00f3noma e os desafios da seguran\u00e7a digital. O encerramento contar\u00e1 com um debate sobre o futuro dos ve\u00edculos definidos por software, que juntar\u00e1 Jan-Hendrik Jagla, membro do Conselho de Administra\u00e7\u00e3o da Volkswagen Digital Solutions, e Jo\u00e3o Esteves, Chief Technical Titan na CTW.<\/p>\n<p>&#8220;O CTW Summit 2025 nasce para ser um ponto de encontro da comunidade autom\u00f3vel e tecnol\u00f3gica em Portugal, com a ambi\u00e7\u00e3o de se tornar uma refer\u00eancia no setor. O objetivo \u00e9 criar uma plataforma que re\u00fana especialistas da ind\u00fastria autom\u00f3vel para debater o papel determinante do software e da intelig\u00eancia artificial na mobilidade do futuro. Este evento sublinha o posicionamento da Critical TechWorks e, tamb\u00e9m, de Portugal como polo de inova\u00e7\u00e3o tecnol\u00f3gica. Queremos continuar este caminho de afirma\u00e7\u00e3o como parceiro estrat\u00e9gico no desenvolvimento de ve\u00edculos inteligentes juntamente com o Grupo BMW&#8221;, afirmou Rui Cordeiro, CEO da Critical Techworks.<\/p>\n<p>A Critical TechWorks, com mais de 3 mil colaboradores nos escrit\u00f3rios do Porto, Lisboa e Braga, \u00e9 o maior centro de desenvolvimento de software do Grupo BMW na Europa e um dos pilares da nova gera\u00e7\u00e3o de ve\u00edculos da marca \u2014 a Neue Klasse.<\/p>\n<p>Resultado da parceria entre a Critical Software e o Grupo BMW, a tecnol\u00f3gica portuguesa est\u00e1 a desenvolver cerca de 300 produtos que cobrem desde software para os ve\u00edculos at\u00e9 solu\u00e7\u00f5es avan\u00e7adas de dados, vendas, log\u00edstica e produ\u00e7\u00e3o. O seu trabalho est\u00e1 centrado em \u00e1reas-chave como Connected Drive Backend, Infotainment, Customer Brand &amp; Sales, Financial Services, Production, Car, IT &amp; Data, Financial Services, entre outras \u2014 refor\u00e7ando o seu papel estrat\u00e9gico na digitaliza\u00e7\u00e3o da ind\u00fastria autom\u00f3vel.<\/p>\n","protected":false},"excerpt":{"rendered":"<p>A estreia do CTW Summit 2025&#8230;<\/p>\n","protected":false},"author":15,"featured_media":106784,"comment_status":"closed","ping_status":"closed","sticky":false,"template":"","format":"standard","meta":{"footnotes":""},"categories":[37],"tags":[9146,13578,6786,3194,1087,1979],"class_list":["post-106781","post","type-post","status-publish","format-standard","has-post-thumbnail","hentry","category-mercado","tag-critical-techworks","tag-ctw-summit-2025","tag-futuro-da-mobilidade","tag-industria-automovel","tag-inteligencia-artificial","tag-software"],"yoast_head":"<!-- This site is optimized with the Yoast SEO plugin v27.4 - https:\/\/yoast.com\/product\/yoast-seo-wordpress\/ -->\n<title>CTW Summit estreia-se em Lisboa - Jornal das Oficinas<\/title>\n<meta name=\"description\" content=\"A estreia do CTW Summit 2025, organizado pela Critical TechWorks (CTW), vai colocar Lisboa no centro do debate sobre o futuro da mobilidade\" \/>\n<meta name=\"robots\" content=\"index, follow, max-snippet:-1, max-image-preview:large, max-video-preview:-1\" \/>\n<link rel=\"canonical\" href=\"https:\/\/jornaldasoficinas.com\/pt\/ctw-summit-estreia-se-em-lisboa\/\" \/>\n<meta property=\"og:locale\" content=\"pt_PT\" \/>\n<meta property=\"og:type\" content=\"article\" \/>\n<meta property=\"og:title\" content=\"CTW Summit estreia-se em Lisboa - Jornal das Oficinas\" \/>\n<meta property=\"og:description\" content=\"A estreia do CTW Summit 2025, organizado pela Critical TechWorks (CTW), vai colocar Lisboa no centro do debate sobre o futuro da mobilidade\" \/>\n<meta property=\"og:url\" content=\"https:\/\/jornaldasoficinas.com\/pt\/ctw-summit-estreia-se-em-lisboa\/\" \/>\n<meta property=\"og:site_name\" content=\"Jornal das Oficinas\" \/>\n<meta property=\"article:publisher\" content=\"https:\/\/www.facebook.com\/jornaloficinas\" \/>\n<meta property=\"article:published_time\" content=\"2025-09-22T11:30:54+00:00\" \/>\n<meta property=\"og:image\" content=\"https:\/\/jornaldasoficinas.com\/pt\/wp-content\/uploads\/2025\/09\/CTW-Summit-estreia-em-Lisboa-para-discutir-o-futuro-da-mobilidade.png\" \/>\n\t<meta property=\"og:image:width\" content=\"1024\" \/>\n\t<meta property=\"og:image:height\" content=\"581\" \/>\n\t<meta property=\"og:image:type\" content=\"image\/png\" \/>\n<meta name=\"author\" content=\"Reda\u00e7\u00e3o JO\" \/>\n<meta name=\"twitter:card\" content=\"summary_large_image\" \/>\n<meta name=\"twitter:creator\" content=\"@jornaloficinas\" \/>\n<meta name=\"twitter:site\" content=\"@jornaloficinas\" \/>\n<meta name=\"twitter:label1\" content=\"Escrito por\" \/>\n\t<meta name=\"twitter:data1\" content=\"Reda\u00e7\u00e3o JO\" \/>\n\t<meta name=\"twitter:label2\" content=\"Tempo estimado de leitura\" \/>\n\t<meta name=\"twitter:data2\" content=\"4 minutos\" \/>\n<script type=\"application\/ld+json\" class=\"yoast-schema-graph\">{\"@context\":\"https:\\\/\\\/schema.org\",\"@graph\":[{\"@type\":\"Article\",\"@id\":\"https:\\\/\\\/jornaldasoficinas.com\\\/pt\\\/ctw-summit-estreia-se-em-lisboa\\\/#article\",\"isPartOf\":{\"@id\":\"https:\\\/\\\/jornaldasoficinas.com\\\/pt\\\/ctw-summit-estreia-se-em-lisboa\\\/\"},\"author\":{\"name\":\"Reda\u00e7\u00e3o JO\",\"@id\":\"https:\\\/\\\/jornaldasoficinas.com\\\/pt\\\/#\\\/schema\\\/person\\\/a38eef5de2c41d9e7c9ac10141afddf3\"},\"headline\":\"CTW Summit estreia-se em Lisboa\",\"datePublished\":\"2025-09-22T11:30:54+00:00\",\"mainEntityOfPage\":{\"@id\":\"https:\\\/\\\/jornaldasoficinas.com\\\/pt\\\/ctw-summit-estreia-se-em-lisboa\\\/\"},\"wordCount\":622,\"publisher\":{\"@id\":\"https:\\\/\\\/jornaldasoficinas.com\\\/pt\\\/#organization\"},\"image\":{\"@id\":\"https:\\\/\\\/jornaldasoficinas.com\\\/pt\\\/ctw-summit-estreia-se-em-lisboa\\\/#primaryimage\"},\"thumbnailUrl\":\"https:\\\/\\\/jornaldasoficinas.com\\\/pt\\\/wp-content\\\/uploads\\\/2025\\\/09\\\/CTW-Summit-estreia-em-Lisboa-para-discutir-o-futuro-da-mobilidade.png\",\"keywords\":[\"Critical TechWorks\",\"CTW Summit 2025\",\"Futuro da mobilidade\",\"Ind\u00fastria autom\u00f3vel\",\"Intelig\u00eancia artificial\",\"Software\"],\"articleSection\":[\"Mercado\"],\"inLanguage\":\"pt-PT\"},{\"@type\":\"WebPage\",\"@id\":\"https:\\\/\\\/jornaldasoficinas.com\\\/pt\\\/ctw-summit-estreia-se-em-lisboa\\\/\",\"url\":\"https:\\\/\\\/jornaldasoficinas.com\\\/pt\\\/ctw-summit-estreia-se-em-lisboa\\\/\",\"name\":\"CTW Summit estreia-se em Lisboa - Jornal das Oficinas\",\"isPartOf\":{\"@id\":\"https:\\\/\\\/jornaldasoficinas.com\\\/pt\\\/#website\"},\"primaryImageOfPage\":{\"@id\":\"https:\\\/\\\/jornaldasoficinas.com\\\/pt\\\/ctw-summit-estreia-se-em-lisboa\\\/#primaryimage\"},\"image\":{\"@id\":\"https:\\\/\\\/jornaldasoficinas.com\\\/pt\\\/ctw-summit-estreia-se-em-lisboa\\\/#primaryimage\"},\"thumbnailUrl\":\"https:\\\/\\\/jornaldasoficinas.com\\\/pt\\\/wp-content\\\/uploads\\\/2025\\\/09\\\/CTW-Summit-estreia-em-Lisboa-para-discutir-o-futuro-da-mobilidade.png\",\"datePublished\":\"2025-09-22T11:30:54+00:00\",\"description\":\"A estreia do CTW Summit 2025, organizado pela Critical TechWorks (CTW), vai colocar Lisboa no centro do debate sobre o futuro da mobilidade\",\"breadcrumb\":{\"@id\":\"https:\\\/\\\/jornaldasoficinas.com\\\/pt\\\/ctw-summit-estreia-se-em-lisboa\\\/#breadcrumb\"},\"inLanguage\":\"pt-PT\",\"potentialAction\":[{\"@type\":\"ReadAction\",\"target\":[\"https:\\\/\\\/jornaldasoficinas.com\\\/pt\\\/ctw-summit-estreia-se-em-lisboa\\\/\"]}]},{\"@type\":\"ImageObject\",\"inLanguage\":\"pt-PT\",\"@id\":\"https:\\\/\\\/jornaldasoficinas.com\\\/pt\\\/ctw-summit-estreia-se-em-lisboa\\\/#primaryimage\",\"url\":\"https:\\\/\\\/jornaldasoficinas.com\\\/pt\\\/wp-content\\\/uploads\\\/2025\\\/09\\\/CTW-Summit-estreia-em-Lisboa-para-discutir-o-futuro-da-mobilidade.png\",\"contentUrl\":\"https:\\\/\\\/jornaldasoficinas.com\\\/pt\\\/wp-content\\\/uploads\\\/2025\\\/09\\\/CTW-Summit-estreia-em-Lisboa-para-discutir-o-futuro-da-mobilidade.png\",\"width\":1024,\"height\":581,\"caption\":\"09 - CTW Summit estreia em Lisboa para discutir o futuro da mobilidade\"},{\"@type\":\"BreadcrumbList\",\"@id\":\"https:\\\/\\\/jornaldasoficinas.com\\\/pt\\\/ctw-summit-estreia-se-em-lisboa\\\/#breadcrumb\",\"itemListElement\":[{\"@type\":\"ListItem\",\"position\":1,\"name\":\"In\u00edcio\",\"item\":\"https:\\\/\\\/jornaldasoficinas.com\\\/pt\\\/\"},{\"@type\":\"ListItem\",\"position\":2,\"name\":\"CTW Summit estreia-se em Lisboa\"}]},{\"@type\":\"WebSite\",\"@id\":\"https:\\\/\\\/jornaldasoficinas.com\\\/pt\\\/#website\",\"url\":\"https:\\\/\\\/jornaldasoficinas.com\\\/pt\\\/\",\"name\":\"Jornal das Oficinas\",\"description\":\"Jornal independente do Aftermarket Autom\u00f3vel em Portugal\",\"publisher\":{\"@id\":\"https:\\\/\\\/jornaldasoficinas.com\\\/pt\\\/#organization\"},\"potentialAction\":[{\"@type\":\"SearchAction\",\"target\":{\"@type\":\"EntryPoint\",\"urlTemplate\":\"https:\\\/\\\/jornaldasoficinas.com\\\/pt\\\/?s={search_term_string}\"},\"query-input\":{\"@type\":\"PropertyValueSpecification\",\"valueRequired\":true,\"valueName\":\"search_term_string\"}}],\"inLanguage\":\"pt-PT\"},{\"@type\":\"Organization\",\"@id\":\"https:\\\/\\\/jornaldasoficinas.com\\\/pt\\\/#organization\",\"name\":\"Jornal das Oficinas\",\"url\":\"https:\\\/\\\/jornaldasoficinas.com\\\/pt\\\/\",\"logo\":{\"@type\":\"ImageObject\",\"inLanguage\":\"pt-PT\",\"@id\":\"https:\\\/\\\/jornaldasoficinas.com\\\/pt\\\/#\\\/schema\\\/logo\\\/image\\\/\",\"url\":\"https:\\\/\\\/jornaldasoficinas.com\\\/pt\\\/wp-content\\\/uploads\\\/logoJO-SEO.png\",\"contentUrl\":\"https:\\\/\\\/jornaldasoficinas.com\\\/pt\\\/wp-content\\\/uploads\\\/logoJO-SEO.png\",\"width\":285,\"height\":450,\"caption\":\"Jornal das Oficinas\"},\"image\":{\"@id\":\"https:\\\/\\\/jornaldasoficinas.com\\\/pt\\\/#\\\/schema\\\/logo\\\/image\\\/\"},\"sameAs\":[\"https:\\\/\\\/www.facebook.com\\\/jornaloficinas\",\"https:\\\/\\\/x.com\\\/jornaloficinas\",\"https:\\\/\\\/www.instagram.com\\\/jornal_oficinas\\\/\",\"https:\\\/\\\/www.linkedin.com\\\/company\\\/jornal-das-oficinas\\\/\",\"https:\\\/\\\/www.youtube.com\\\/channel\\\/UCbQZBqtcvV-oSQrr7RzINGg\"]},{\"@type\":\"Person\",\"@id\":\"https:\\\/\\\/jornaldasoficinas.com\\\/pt\\\/#\\\/schema\\\/person\\\/a38eef5de2c41d9e7c9ac10141afddf3\",\"name\":\"Reda\u00e7\u00e3o JO\",\"image\":{\"@type\":\"ImageObject\",\"inLanguage\":\"pt-PT\",\"@id\":\"https:\\\/\\\/secure.gravatar.com\\\/avatar\\\/71f2fa71737ad68a84fea94bc708ddac8ea5b0c4788dc2ad202f3ccb2887742f?s=96&d=wp_user_avatar&r=g\",\"url\":\"https:\\\/\\\/secure.gravatar.com\\\/avatar\\\/71f2fa71737ad68a84fea94bc708ddac8ea5b0c4788dc2ad202f3ccb2887742f?s=96&d=wp_user_avatar&r=g\",\"contentUrl\":\"https:\\\/\\\/secure.gravatar.com\\\/avatar\\\/71f2fa71737ad68a84fea94bc708ddac8ea5b0c4788dc2ad202f3ccb2887742f?s=96&d=wp_user_avatar&r=g\",\"caption\":\"Reda\u00e7\u00e3o JO\"},\"url\":\"https:\\\/\\\/jornaldasoficinas.com\\\/pt\\\/author\\\/joredacao\\\/\"}]}<\/script>\n<!-- \/ Yoast SEO plugin. -->","yoast_head_json":{"title":"CTW Summit estreia-se em Lisboa - Jornal das Oficinas","description":"A estreia do CTW Summit 2025, organizado pela Critical TechWorks (CTW), vai colocar Lisboa no centro do debate sobre o futuro da mobilidade","robots":{"index":"index","follow":"follow","max-snippet":"max-snippet:-1","max-image-preview":"max-image-preview:large","max-video-preview":"max-video-preview:-1"},"canonical":"https:\/\/jornaldasoficinas.com\/pt\/ctw-summit-estreia-se-em-lisboa\/","og_locale":"pt_PT","og_type":"article","og_title":"CTW Summit estreia-se em Lisboa - Jornal das Oficinas","og_description":"A estreia do CTW Summit 2025, organizado pela Critical TechWorks (CTW), vai colocar Lisboa no centro do debate sobre o futuro da mobilidade","og_url":"https:\/\/jornaldasoficinas.com\/pt\/ctw-summit-estreia-se-em-lisboa\/","og_site_name":"Jornal das Oficinas","article_publisher":"https:\/\/www.facebook.com\/jornaloficinas","article_published_time":"2025-09-22T11:30:54+00:00","og_image":[{"width":1024,"height":581,"url":"https:\/\/jornaldasoficinas.com\/pt\/wp-content\/uploads\/2025\/09\/CTW-Summit-estreia-em-Lisboa-para-discutir-o-futuro-da-mobilidade.png","type":"image\/png"}],"author":"Reda\u00e7\u00e3o JO","twitter_card":"summary_large_image","twitter_creator":"@jornaloficinas","twitter_site":"@jornaloficinas","twitter_misc":{"Escrito por":"Reda\u00e7\u00e3o JO","Tempo estimado de leitura":"4 minutos"},"schema":{"@context":"https:\/\/schema.org","@graph":[{"@type":"Article","@id":"https:\/\/jornaldasoficinas.com\/pt\/ctw-summit-estreia-se-em-lisboa\/#article","isPartOf":{"@id":"https:\/\/jornaldasoficinas.com\/pt\/ctw-summit-estreia-se-em-lisboa\/"},"author":{"name":"Reda\u00e7\u00e3o JO","@id":"https:\/\/jornaldasoficinas.com\/pt\/#\/schema\/person\/a38eef5de2c41d9e7c9ac10141afddf3"},"headline":"CTW Summit estreia-se em Lisboa","datePublished":"2025-09-22T11:30:54+00:00","mainEntityOfPage":{"@id":"https:\/\/jornaldasoficinas.com\/pt\/ctw-summit-estreia-se-em-lisboa\/"},"wordCount":622,"publisher":{"@id":"https:\/\/jornaldasoficinas.com\/pt\/#organization"},"image":{"@id":"https:\/\/jornaldasoficinas.com\/pt\/ctw-summit-estreia-se-em-lisboa\/#primaryimage"},"thumbnailUrl":"https:\/\/jornaldasoficinas.com\/pt\/wp-content\/uploads\/2025\/09\/CTW-Summit-estreia-em-Lisboa-para-discutir-o-futuro-da-mobilidade.png","keywords":["Critical TechWorks","CTW Summit 2025","Futuro da mobilidade","Ind\u00fastria autom\u00f3vel","Intelig\u00eancia artificial","Software"],"articleSection":["Mercado"],"inLanguage":"pt-PT"},{"@type":"WebPage","@id":"https:\/\/jornaldasoficinas.com\/pt\/ctw-summit-estreia-se-em-lisboa\/","url":"https:\/\/jornaldasoficinas.com\/pt\/ctw-summit-estreia-se-em-lisboa\/","name":"CTW Summit estreia-se em Lisboa - Jornal das Oficinas","isPartOf":{"@id":"https:\/\/jornaldasoficinas.com\/pt\/#website"},"primaryImageOfPage":{"@id":"https:\/\/jornaldasoficinas.com\/pt\/ctw-summit-estreia-se-em-lisboa\/#primaryimage"},"image":{"@id":"https:\/\/jornaldasoficinas.com\/pt\/ctw-summit-estreia-se-em-lisboa\/#primaryimage"},"thumbnailUrl":"https:\/\/jornaldasoficinas.com\/pt\/wp-content\/uploads\/2025\/09\/CTW-Summit-estreia-em-Lisboa-para-discutir-o-futuro-da-mobilidade.png","datePublished":"2025-09-22T11:30:54+00:00","description":"A estreia do CTW Summit 2025, organizado pela Critical TechWorks (CTW), vai colocar Lisboa no centro do debate sobre o futuro da mobilidade","breadcrumb":{"@id":"https:\/\/jornaldasoficinas.com\/pt\/ctw-summit-estreia-se-em-lisboa\/#breadcrumb"},"inLanguage":"pt-PT","potentialAction":[{"@type":"ReadAction","target":["https:\/\/jornaldasoficinas.com\/pt\/ctw-summit-estreia-se-em-lisboa\/"]}]},{"@type":"ImageObject","inLanguage":"pt-PT","@id":"https:\/\/jornaldasoficinas.com\/pt\/ctw-summit-estreia-se-em-lisboa\/#primaryimage","url":"https:\/\/jornaldasoficinas.com\/pt\/wp-content\/uploads\/2025\/09\/CTW-Summit-estreia-em-Lisboa-para-discutir-o-futuro-da-mobilidade.png","contentUrl":"https:\/\/jornaldasoficinas.com\/pt\/wp-content\/uploads\/2025\/09\/CTW-Summit-estreia-em-Lisboa-para-discutir-o-futuro-da-mobilidade.png","width":1024,"height":581,"caption":"09 - CTW Summit estreia em Lisboa para discutir o futuro da mobilidade"},{"@type":"BreadcrumbList","@id":"https:\/\/jornaldasoficinas.com\/pt\/ctw-summit-estreia-se-em-lisboa\/#breadcrumb","itemListElement":[{"@type":"ListItem","position":1,"name":"In\u00edcio","item":"https:\/\/jornaldasoficinas.com\/pt\/"},{"@type":"ListItem","position":2,"name":"CTW Summit estreia-se em Lisboa"}]},{"@type":"WebSite","@id":"https:\/\/jornaldasoficinas.com\/pt\/#website","url":"https:\/\/jornaldasoficinas.com\/pt\/","name":"Jornal das Oficinas","description":"Jornal independente do Aftermarket Autom\u00f3vel em Portugal","publisher":{"@id":"https:\/\/jornaldasoficinas.com\/pt\/#organization"},"potentialAction":[{"@type":"SearchAction","target":{"@type":"EntryPoint","urlTemplate":"https:\/\/jornaldasoficinas.com\/pt\/?s={search_term_string}"},"query-input":{"@type":"PropertyValueSpecification","valueRequired":true,"valueName":"search_term_string"}}],"inLanguage":"pt-PT"},{"@type":"Organization","@id":"https:\/\/jornaldasoficinas.com\/pt\/#organization","name":"Jornal das Oficinas","url":"https:\/\/jornaldasoficinas.com\/pt\/","logo":{"@type":"ImageObject","inLanguage":"pt-PT","@id":"https:\/\/jornaldasoficinas.com\/pt\/#\/schema\/logo\/image\/","url":"https:\/\/jornaldasoficinas.com\/pt\/wp-content\/uploads\/logoJO-SEO.png","contentUrl":"https:\/\/jornaldasoficinas.com\/pt\/wp-content\/uploads\/logoJO-SEO.png","width":285,"height":450,"caption":"Jornal das Oficinas"},"image":{"@id":"https:\/\/jornaldasoficinas.com\/pt\/#\/schema\/logo\/image\/"},"sameAs":["https:\/\/www.facebook.com\/jornaloficinas","https:\/\/x.com\/jornaloficinas","https:\/\/www.instagram.com\/jornal_oficinas\/","https:\/\/www.linkedin.com\/company\/jornal-das-oficinas\/","https:\/\/www.youtube.com\/channel\/UCbQZBqtcvV-oSQrr7RzINGg"]},{"@type":"Person","@id":"https:\/\/jornaldasoficinas.com\/pt\/#\/schema\/person\/a38eef5de2c41d9e7c9ac10141afddf3","name":"Reda\u00e7\u00e3o JO","image":{"@type":"ImageObject","inLanguage":"pt-PT","@id":"https:\/\/secure.gravatar.com\/avatar\/71f2fa71737ad68a84fea94bc708ddac8ea5b0c4788dc2ad202f3ccb2887742f?s=96&d=wp_user_avatar&r=g","url":"https:\/\/secure.gravatar.com\/avatar\/71f2fa71737ad68a84fea94bc708ddac8ea5b0c4788dc2ad202f3ccb2887742f?s=96&d=wp_user_avatar&r=g","contentUrl":"https:\/\/secure.gravatar.com\/avatar\/71f2fa71737ad68a84fea94bc708ddac8ea5b0c4788dc2ad202f3ccb2887742f?s=96&d=wp_user_avatar&r=g","caption":"Reda\u00e7\u00e3o JO"},"url":"https:\/\/jornaldasoficinas.com\/pt\/author\/joredacao\/"}]}},"_links":{"self":[{"href":"https:\/\/jornaldasoficinas.com\/pt\/wp-json\/wp\/v2\/posts\/106781","targetHints":{"allow":["GET"]}}],"collection":[{"href":"https:\/\/jornaldasoficinas.com\/pt\/wp-json\/wp\/v2\/posts"}],"about":[{"href":"https:\/\/jornaldasoficinas.com\/pt\/wp-json\/wp\/v2\/types\/post"}],"author":[{"embeddable":true,"href":"https:\/\/jornaldasoficinas.com\/pt\/wp-json\/wp\/v2\/users\/15"}],"replies":[{"embeddable":true,"href":"https:\/\/jornaldasoficinas.com\/pt\/wp-json\/wp\/v2\/comments?post=106781"}],"version-history":[{"count":5,"href":"https:\/\/jornaldasoficinas.com\/pt\/wp-json\/wp\/v2\/posts\/106781\/revisions"}],"predecessor-version":[{"id":106861,"href":"https:\/\/jornaldasoficinas.com\/pt\/wp-json\/wp\/v2\/posts\/106781\/revisions\/106861"}],"wp:featuredmedia":[{"embeddable":true,"href":"https:\/\/jornaldasoficinas.com\/pt\/wp-json\/wp\/v2\/media\/106784"}],"wp:attachment":[{"href":"https:\/\/jornaldasoficinas.com\/pt\/wp-json\/wp\/v2\/media?parent=106781"}],"wp:term":[{"taxonomy":"category","embeddable":true,"href":"https:\/\/jornaldasoficinas.com\/pt\/wp-json\/wp\/v2\/categories?post=106781"},{"taxonomy":"post_tag","embeddable":true,"href":"https:\/\/jornaldasoficinas.com\/pt\/wp-json\/wp\/v2\/tags?post=106781"}],"curies":[{"name":"wp","href":"https:\/\/api.w.org\/{rel}","templated":true}]}}