{"id":106792,"date":"2025-09-18T14:00:59","date_gmt":"2025-09-18T13:00:59","guid":{"rendered":"https:\/\/jornaldasoficinas.com\/pt\/?p=106792"},"modified":"2025-09-18T12:40:37","modified_gmt":"2025-09-18T11:40:37","slug":"zf-anuncia-mathias-miedreich-como-novo-ceo","status":"publish","type":"post","link":"https:\/\/jornaldasoficinas.com\/pt\/zf-anuncia-mathias-miedreich-como-novo-ceo\/","title":{"rendered":"ZF anuncia Mathias Miedreich como novo CEO"},"content":{"rendered":"<p><strong><img loading=\"lazy\" decoding=\"async\" class=\"alignnone size-full wp-image-106797\" src=\"https:\/\/jornaldasoficinas.com\/pt\/wp-content\/uploads\/2025\/09\/ZF-anuncia-Mathias-Miedreich-como-novo-CEO.jpg\" alt=\"09 - ZF anuncia Mathias Miedreich como novo CEO\" width=\"1024\" height=\"581\" srcset=\"https:\/\/jornaldasoficinas.com\/pt\/wp-content\/uploads\/2025\/09\/ZF-anuncia-Mathias-Miedreich-como-novo-CEO.jpg 1024w, https:\/\/jornaldasoficinas.com\/pt\/wp-content\/uploads\/2025\/09\/ZF-anuncia-Mathias-Miedreich-como-novo-CEO-300x170.jpg 300w, https:\/\/jornaldasoficinas.com\/pt\/wp-content\/uploads\/2025\/09\/ZF-anuncia-Mathias-Miedreich-como-novo-CEO-150x85.jpg 150w, https:\/\/jornaldasoficinas.com\/pt\/wp-content\/uploads\/2025\/09\/ZF-anuncia-Mathias-Miedreich-como-novo-CEO-768x436.jpg 768w\" sizes=\"auto, (max-width: 1024px) 100vw, 1024px\" \/><\/strong><\/p>\n<p><strong>A<a href=\"https:\/\/www.zf.com\/\" target=\"_blank\" rel=\"noopener\"> ZF Friedrichshafen AG<\/a> anunciou mudan\u00e7as no conselho de administra\u00e7\u00e3o. Mathias Miedreich, atual respons\u00e1vel pela divis\u00e3o Electrified Powertrain Technology, assumir\u00e1 a presid\u00eancia do Conselho a partir de 30 de setembro de 2025, sucedendo a Holger Klein<\/strong><\/p>\n<p>O conselho de supervis\u00e3o da ZF Friedrichshafen AG decidiu, na reuni\u00e3o extraordin\u00e1ria de 11 de setembro, proceder a mudan\u00e7as significativas na lideran\u00e7a da empresa. De comum acordo, foi definido o fim do contrato do atual CEO, Dr. Holger Klein, que deixar\u00e1 o cargo a 30 de setembro de 2025.<\/p>\n<p>Para o seu lugar, foi nomeado Mathias Miedreich, membro do conselho de administra\u00e7\u00e3o desde janeiro de 2025 e respons\u00e1vel pela divis\u00e3o Electrified Powertrain Technology, que assumir\u00e1 fun\u00e7\u00f5es como Presidente do Conselho de Administra\u00e7\u00e3o.<\/p>\n<p><strong>Reconhecimento ao trabalho de Holger Klein<\/strong><\/p>\n<p>O Presidente do Conselho de Supervis\u00e3o, Rolf Breidenbach, destacou a import\u00e2ncia do trabalho de Holger Klein ao longo de mais de uma d\u00e9cada na ZF: &#8220;Gostaria de agradecer ao Dr. Holger Klein pela sua dedica\u00e7\u00e3o incans\u00e1vel durante mais de dez anos e, em especial, pelos quase tr\u00eas anos como CEO. Com a sua estrat\u00e9gia, lan\u00e7ou as bases para a recupera\u00e7\u00e3o da ZF e j\u00e1 alcan\u00e7ou sucessos significativos&#8221;.<\/p>\n<p>Simon Bl\u00fcmcke, Presidente da C\u00e2mara Municipal de Friedrichshafen e da Zeppelin Foundation, tamb\u00e9m expressou gratid\u00e3o: &#8220;Em tempos desafiantes, estabilizou financeiramente a ZF, redefiniu a sua trajet\u00f3ria e lan\u00e7ou as bases para um futuro bem-sucedido&#8221;.<\/p>\n<p>O pr\u00f3prio Holger Klein sublinhou os avan\u00e7os recentes: &#8220;A nossa estrat\u00e9gia come\u00e7a a dar frutos: a rentabilidade e o fluxo de caixa est\u00e3o a crescer novamente e definimos importantes linhas de a\u00e7\u00e3o para o futuro. Agora \u00e9 crucial acelerar a implementa\u00e7\u00e3o e acredito que este \u00e9 o momento certo para entregar a presid\u00eancia&#8221;.<\/p>\n<p><strong>Sa\u00edda de Peter Laier<\/strong><\/p>\n<p>Na mesma reuni\u00e3o, foi tamb\u00e9m acordada a sa\u00edda de Peter Laier do Conselho de Administra\u00e7\u00e3o, com efeitos a 30 de setembro de 2025, devido a diverg\u00eancias estrat\u00e9gicas. Desde 2023, Laier era respons\u00e1vel pelas divis\u00f5es Commercial Vehicle Solutions e Industrial Technology, al\u00e9m das \u00e1reas de produ\u00e7\u00e3o, gest\u00e3o de materiais e da regi\u00e3o da \u00cdndia.<\/p>\n<p>&#8220;Conseguimos melhorar e internacionalizar significativamente as divis\u00f5es pelas quais fui respons\u00e1vel, que hoje est\u00e3o bem posicionadas para o futuro&#8221;, afirmou Peter Laier.<\/p>\n<p>Tanto Simon Bl\u00fcmcke como Rolf Breidenbach agradeceram o seu contributo para o reposicionamento do grupo e desejaram-lhe sucesso no futuro.<br \/>\nPr\u00f3ximos passos<\/p>\n<p>A ZF comunicou que anunciar\u00e1 em breve a sucess\u00e3o nos cargos do conselho de administra\u00e7\u00e3o relativos \u00e0s divis\u00f5es Electrified Powertrain Technology, Commercial Vehicle Solutions e Industrial Technology.<\/p>\n","protected":false},"excerpt":{"rendered":"<p>A ZF Friedrichshafen AG anunciou mudan\u00e7as&#8230;<\/p>\n","protected":false},"author":15,"featured_media":106797,"comment_status":"closed","ping_status":"closed","sticky":false,"template":"","format":"standard","meta":{"footnotes":""},"categories":[29],"tags":[13582,8602,13581,11768,6177,1366],"class_list":["post-106792","post","type-post","status-publish","format-standard","has-post-thumbnail","hentry","category-empresas","tag-30-de-setembro-de-2025","tag-conselho-de-administracao","tag-mathias-miedreich","tag-mudancas","tag-novo-ceo","tag-zf-friedrichshafen-ag"],"yoast_head":"<!-- This site is optimized with the Yoast SEO plugin v27.4 - https:\/\/yoast.com\/product\/yoast-seo-wordpress\/ -->\n<title>ZF anuncia Mathias Miedreich como novo CEO - Jornal das Oficinas<\/title>\n<meta name=\"description\" content=\"Mathias Miedreich, atual respons\u00e1vel pela divis\u00e3o Electrified Powertrain Technology, assumir\u00e1 a presid\u00eancia da ZF a partir de 30 de setembro\" \/>\n<meta name=\"robots\" content=\"index, follow, max-snippet:-1, max-image-preview:large, max-video-preview:-1\" \/>\n<link rel=\"canonical\" href=\"https:\/\/jornaldasoficinas.com\/pt\/zf-anuncia-mathias-miedreich-como-novo-ceo\/\" \/>\n<meta property=\"og:locale\" content=\"pt_PT\" \/>\n<meta property=\"og:type\" content=\"article\" \/>\n<meta property=\"og:title\" content=\"ZF anuncia Mathias Miedreich como novo CEO - Jornal das Oficinas\" \/>\n<meta property=\"og:description\" content=\"Mathias Miedreich, atual respons\u00e1vel pela divis\u00e3o Electrified Powertrain Technology, assumir\u00e1 a presid\u00eancia da ZF a partir de 30 de setembro\" \/>\n<meta property=\"og:url\" content=\"https:\/\/jornaldasoficinas.com\/pt\/zf-anuncia-mathias-miedreich-como-novo-ceo\/\" \/>\n<meta property=\"og:site_name\" content=\"Jornal das Oficinas\" \/>\n<meta property=\"article:publisher\" content=\"https:\/\/www.facebook.com\/jornaloficinas\" \/>\n<meta property=\"article:published_time\" content=\"2025-09-18T13:00:59+00:00\" \/>\n<meta property=\"og:image\" content=\"https:\/\/jornaldasoficinas.com\/pt\/wp-content\/uploads\/2025\/09\/ZF-anuncia-Mathias-Miedreich-como-novo-CEO.jpg\" \/>\n\t<meta property=\"og:image:width\" content=\"1024\" \/>\n\t<meta property=\"og:image:height\" content=\"581\" \/>\n\t<meta property=\"og:image:type\" content=\"image\/jpeg\" \/>\n<meta name=\"author\" content=\"Reda\u00e7\u00e3o JO\" \/>\n<meta name=\"twitter:card\" content=\"summary_large_image\" \/>\n<meta name=\"twitter:creator\" content=\"@jornaloficinas\" \/>\n<meta name=\"twitter:site\" content=\"@jornaloficinas\" \/>\n<meta name=\"twitter:label1\" content=\"Escrito por\" \/>\n\t<meta name=\"twitter:data1\" content=\"Reda\u00e7\u00e3o JO\" \/>\n\t<meta name=\"twitter:label2\" content=\"Tempo estimado de leitura\" \/>\n\t<meta name=\"twitter:data2\" content=\"3 minutos\" \/>\n<script type=\"application\/ld+json\" class=\"yoast-schema-graph\">{\"@context\":\"https:\\\/\\\/schema.org\",\"@graph\":[{\"@type\":\"Article\",\"@id\":\"https:\\\/\\\/jornaldasoficinas.com\\\/pt\\\/zf-anuncia-mathias-miedreich-como-novo-ceo\\\/#article\",\"isPartOf\":{\"@id\":\"https:\\\/\\\/jornaldasoficinas.com\\\/pt\\\/zf-anuncia-mathias-miedreich-como-novo-ceo\\\/\"},\"author\":{\"name\":\"Reda\u00e7\u00e3o JO\",\"@id\":\"https:\\\/\\\/jornaldasoficinas.com\\\/pt\\\/#\\\/schema\\\/person\\\/a38eef5de2c41d9e7c9ac10141afddf3\"},\"headline\":\"ZF anuncia Mathias Miedreich como novo CEO\",\"datePublished\":\"2025-09-18T13:00:59+00:00\",\"mainEntityOfPage\":{\"@id\":\"https:\\\/\\\/jornaldasoficinas.com\\\/pt\\\/zf-anuncia-mathias-miedreich-como-novo-ceo\\\/\"},\"wordCount\":462,\"publisher\":{\"@id\":\"https:\\\/\\\/jornaldasoficinas.com\\\/pt\\\/#organization\"},\"image\":{\"@id\":\"https:\\\/\\\/jornaldasoficinas.com\\\/pt\\\/zf-anuncia-mathias-miedreich-como-novo-ceo\\\/#primaryimage\"},\"thumbnailUrl\":\"https:\\\/\\\/jornaldasoficinas.com\\\/pt\\\/wp-content\\\/uploads\\\/2025\\\/09\\\/ZF-anuncia-Mathias-Miedreich-como-novo-CEO.jpg\",\"keywords\":[\"30 de setembro de 2025\",\"Conselho de Administra\u00e7\u00e3o\",\"Mathias Miedreich\",\"mudan\u00e7as\",\"novo CEO\",\"ZF Friedrichshafen AG\"],\"articleSection\":[\"Empresas\"],\"inLanguage\":\"pt-PT\"},{\"@type\":\"WebPage\",\"@id\":\"https:\\\/\\\/jornaldasoficinas.com\\\/pt\\\/zf-anuncia-mathias-miedreich-como-novo-ceo\\\/\",\"url\":\"https:\\\/\\\/jornaldasoficinas.com\\\/pt\\\/zf-anuncia-mathias-miedreich-como-novo-ceo\\\/\",\"name\":\"ZF anuncia Mathias Miedreich como novo CEO - Jornal das Oficinas\",\"isPartOf\":{\"@id\":\"https:\\\/\\\/jornaldasoficinas.com\\\/pt\\\/#website\"},\"primaryImageOfPage\":{\"@id\":\"https:\\\/\\\/jornaldasoficinas.com\\\/pt\\\/zf-anuncia-mathias-miedreich-como-novo-ceo\\\/#primaryimage\"},\"image\":{\"@id\":\"https:\\\/\\\/jornaldasoficinas.com\\\/pt\\\/zf-anuncia-mathias-miedreich-como-novo-ceo\\\/#primaryimage\"},\"thumbnailUrl\":\"https:\\\/\\\/jornaldasoficinas.com\\\/pt\\\/wp-content\\\/uploads\\\/2025\\\/09\\\/ZF-anuncia-Mathias-Miedreich-como-novo-CEO.jpg\",\"datePublished\":\"2025-09-18T13:00:59+00:00\",\"description\":\"Mathias Miedreich, atual respons\u00e1vel pela divis\u00e3o Electrified Powertrain Technology, assumir\u00e1 a presid\u00eancia da ZF a partir de 30 de setembro\",\"breadcrumb\":{\"@id\":\"https:\\\/\\\/jornaldasoficinas.com\\\/pt\\\/zf-anuncia-mathias-miedreich-como-novo-ceo\\\/#breadcrumb\"},\"inLanguage\":\"pt-PT\",\"potentialAction\":[{\"@type\":\"ReadAction\",\"target\":[\"https:\\\/\\\/jornaldasoficinas.com\\\/pt\\\/zf-anuncia-mathias-miedreich-como-novo-ceo\\\/\"]}]},{\"@type\":\"ImageObject\",\"inLanguage\":\"pt-PT\",\"@id\":\"https:\\\/\\\/jornaldasoficinas.com\\\/pt\\\/zf-anuncia-mathias-miedreich-como-novo-ceo\\\/#primaryimage\",\"url\":\"https:\\\/\\\/jornaldasoficinas.com\\\/pt\\\/wp-content\\\/uploads\\\/2025\\\/09\\\/ZF-anuncia-Mathias-Miedreich-como-novo-CEO.jpg\",\"contentUrl\":\"https:\\\/\\\/jornaldasoficinas.com\\\/pt\\\/wp-content\\\/uploads\\\/2025\\\/09\\\/ZF-anuncia-Mathias-Miedreich-como-novo-CEO.jpg\",\"width\":1024,\"height\":581,\"caption\":\"09 - ZF anuncia Mathias Miedreich como novo CEO\"},{\"@type\":\"BreadcrumbList\",\"@id\":\"https:\\\/\\\/jornaldasoficinas.com\\\/pt\\\/zf-anuncia-mathias-miedreich-como-novo-ceo\\\/#breadcrumb\",\"itemListElement\":[{\"@type\":\"ListItem\",\"position\":1,\"name\":\"In\u00edcio\",\"item\":\"https:\\\/\\\/jornaldasoficinas.com\\\/pt\\\/\"},{\"@type\":\"ListItem\",\"position\":2,\"name\":\"ZF anuncia Mathias Miedreich como novo CEO\"}]},{\"@type\":\"WebSite\",\"@id\":\"https:\\\/\\\/jornaldasoficinas.com\\\/pt\\\/#website\",\"url\":\"https:\\\/\\\/jornaldasoficinas.com\\\/pt\\\/\",\"name\":\"Jornal das Oficinas\",\"description\":\"Jornal independente do Aftermarket Autom\u00f3vel em Portugal\",\"publisher\":{\"@id\":\"https:\\\/\\\/jornaldasoficinas.com\\\/pt\\\/#organization\"},\"potentialAction\":[{\"@type\":\"SearchAction\",\"target\":{\"@type\":\"EntryPoint\",\"urlTemplate\":\"https:\\\/\\\/jornaldasoficinas.com\\\/pt\\\/?s={search_term_string}\"},\"query-input\":{\"@type\":\"PropertyValueSpecification\",\"valueRequired\":true,\"valueName\":\"search_term_string\"}}],\"inLanguage\":\"pt-PT\"},{\"@type\":\"Organization\",\"@id\":\"https:\\\/\\\/jornaldasoficinas.com\\\/pt\\\/#organization\",\"name\":\"Jornal das Oficinas\",\"url\":\"https:\\\/\\\/jornaldasoficinas.com\\\/pt\\\/\",\"logo\":{\"@type\":\"ImageObject\",\"inLanguage\":\"pt-PT\",\"@id\":\"https:\\\/\\\/jornaldasoficinas.com\\\/pt\\\/#\\\/schema\\\/logo\\\/image\\\/\",\"url\":\"https:\\\/\\\/jornaldasoficinas.com\\\/pt\\\/wp-content\\\/uploads\\\/logoJO-SEO.png\",\"contentUrl\":\"https:\\\/\\\/jornaldasoficinas.com\\\/pt\\\/wp-content\\\/uploads\\\/logoJO-SEO.png\",\"width\":285,\"height\":450,\"caption\":\"Jornal das Oficinas\"},\"image\":{\"@id\":\"https:\\\/\\\/jornaldasoficinas.com\\\/pt\\\/#\\\/schema\\\/logo\\\/image\\\/\"},\"sameAs\":[\"https:\\\/\\\/www.facebook.com\\\/jornaloficinas\",\"https:\\\/\\\/x.com\\\/jornaloficinas\",\"https:\\\/\\\/www.instagram.com\\\/jornal_oficinas\\\/\",\"https:\\\/\\\/www.linkedin.com\\\/company\\\/jornal-das-oficinas\\\/\",\"https:\\\/\\\/www.youtube.com\\\/channel\\\/UCbQZBqtcvV-oSQrr7RzINGg\"]},{\"@type\":\"Person\",\"@id\":\"https:\\\/\\\/jornaldasoficinas.com\\\/pt\\\/#\\\/schema\\\/person\\\/a38eef5de2c41d9e7c9ac10141afddf3\",\"name\":\"Reda\u00e7\u00e3o JO\",\"image\":{\"@type\":\"ImageObject\",\"inLanguage\":\"pt-PT\",\"@id\":\"https:\\\/\\\/secure.gravatar.com\\\/avatar\\\/71f2fa71737ad68a84fea94bc708ddac8ea5b0c4788dc2ad202f3ccb2887742f?s=96&d=wp_user_avatar&r=g\",\"url\":\"https:\\\/\\\/secure.gravatar.com\\\/avatar\\\/71f2fa71737ad68a84fea94bc708ddac8ea5b0c4788dc2ad202f3ccb2887742f?s=96&d=wp_user_avatar&r=g\",\"contentUrl\":\"https:\\\/\\\/secure.gravatar.com\\\/avatar\\\/71f2fa71737ad68a84fea94bc708ddac8ea5b0c4788dc2ad202f3ccb2887742f?s=96&d=wp_user_avatar&r=g\",\"caption\":\"Reda\u00e7\u00e3o JO\"},\"url\":\"https:\\\/\\\/jornaldasoficinas.com\\\/pt\\\/author\\\/joredacao\\\/\"}]}<\/script>\n<!-- \/ Yoast SEO plugin. -->","yoast_head_json":{"title":"ZF anuncia Mathias Miedreich como novo CEO - Jornal das Oficinas","description":"Mathias Miedreich, atual respons\u00e1vel pela divis\u00e3o Electrified Powertrain Technology, assumir\u00e1 a presid\u00eancia da ZF a partir de 30 de setembro","robots":{"index":"index","follow":"follow","max-snippet":"max-snippet:-1","max-image-preview":"max-image-preview:large","max-video-preview":"max-video-preview:-1"},"canonical":"https:\/\/jornaldasoficinas.com\/pt\/zf-anuncia-mathias-miedreich-como-novo-ceo\/","og_locale":"pt_PT","og_type":"article","og_title":"ZF anuncia Mathias Miedreich como novo CEO - Jornal das Oficinas","og_description":"Mathias Miedreich, atual respons\u00e1vel pela divis\u00e3o Electrified Powertrain Technology, assumir\u00e1 a presid\u00eancia da ZF a partir de 30 de setembro","og_url":"https:\/\/jornaldasoficinas.com\/pt\/zf-anuncia-mathias-miedreich-como-novo-ceo\/","og_site_name":"Jornal das Oficinas","article_publisher":"https:\/\/www.facebook.com\/jornaloficinas","article_published_time":"2025-09-18T13:00:59+00:00","og_image":[{"width":1024,"height":581,"url":"https:\/\/jornaldasoficinas.com\/pt\/wp-content\/uploads\/2025\/09\/ZF-anuncia-Mathias-Miedreich-como-novo-CEO.jpg","type":"image\/jpeg"}],"author":"Reda\u00e7\u00e3o JO","twitter_card":"summary_large_image","twitter_creator":"@jornaloficinas","twitter_site":"@jornaloficinas","twitter_misc":{"Escrito por":"Reda\u00e7\u00e3o JO","Tempo estimado de leitura":"3 minutos"},"schema":{"@context":"https:\/\/schema.org","@graph":[{"@type":"Article","@id":"https:\/\/jornaldasoficinas.com\/pt\/zf-anuncia-mathias-miedreich-como-novo-ceo\/#article","isPartOf":{"@id":"https:\/\/jornaldasoficinas.com\/pt\/zf-anuncia-mathias-miedreich-como-novo-ceo\/"},"author":{"name":"Reda\u00e7\u00e3o JO","@id":"https:\/\/jornaldasoficinas.com\/pt\/#\/schema\/person\/a38eef5de2c41d9e7c9ac10141afddf3"},"headline":"ZF anuncia Mathias Miedreich como novo CEO","datePublished":"2025-09-18T13:00:59+00:00","mainEntityOfPage":{"@id":"https:\/\/jornaldasoficinas.com\/pt\/zf-anuncia-mathias-miedreich-como-novo-ceo\/"},"wordCount":462,"publisher":{"@id":"https:\/\/jornaldasoficinas.com\/pt\/#organization"},"image":{"@id":"https:\/\/jornaldasoficinas.com\/pt\/zf-anuncia-mathias-miedreich-como-novo-ceo\/#primaryimage"},"thumbnailUrl":"https:\/\/jornaldasoficinas.com\/pt\/wp-content\/uploads\/2025\/09\/ZF-anuncia-Mathias-Miedreich-como-novo-CEO.jpg","keywords":["30 de setembro de 2025","Conselho de Administra\u00e7\u00e3o","Mathias Miedreich","mudan\u00e7as","novo CEO","ZF Friedrichshafen AG"],"articleSection":["Empresas"],"inLanguage":"pt-PT"},{"@type":"WebPage","@id":"https:\/\/jornaldasoficinas.com\/pt\/zf-anuncia-mathias-miedreich-como-novo-ceo\/","url":"https:\/\/jornaldasoficinas.com\/pt\/zf-anuncia-mathias-miedreich-como-novo-ceo\/","name":"ZF anuncia Mathias Miedreich como novo CEO - Jornal das Oficinas","isPartOf":{"@id":"https:\/\/jornaldasoficinas.com\/pt\/#website"},"primaryImageOfPage":{"@id":"https:\/\/jornaldasoficinas.com\/pt\/zf-anuncia-mathias-miedreich-como-novo-ceo\/#primaryimage"},"image":{"@id":"https:\/\/jornaldasoficinas.com\/pt\/zf-anuncia-mathias-miedreich-como-novo-ceo\/#primaryimage"},"thumbnailUrl":"https:\/\/jornaldasoficinas.com\/pt\/wp-content\/uploads\/2025\/09\/ZF-anuncia-Mathias-Miedreich-como-novo-CEO.jpg","datePublished":"2025-09-18T13:00:59+00:00","description":"Mathias Miedreich, atual respons\u00e1vel pela divis\u00e3o Electrified Powertrain Technology, assumir\u00e1 a presid\u00eancia da ZF a partir de 30 de setembro","breadcrumb":{"@id":"https:\/\/jornaldasoficinas.com\/pt\/zf-anuncia-mathias-miedreich-como-novo-ceo\/#breadcrumb"},"inLanguage":"pt-PT","potentialAction":[{"@type":"ReadAction","target":["https:\/\/jornaldasoficinas.com\/pt\/zf-anuncia-mathias-miedreich-como-novo-ceo\/"]}]},{"@type":"ImageObject","inLanguage":"pt-PT","@id":"https:\/\/jornaldasoficinas.com\/pt\/zf-anuncia-mathias-miedreich-como-novo-ceo\/#primaryimage","url":"https:\/\/jornaldasoficinas.com\/pt\/wp-content\/uploads\/2025\/09\/ZF-anuncia-Mathias-Miedreich-como-novo-CEO.jpg","contentUrl":"https:\/\/jornaldasoficinas.com\/pt\/wp-content\/uploads\/2025\/09\/ZF-anuncia-Mathias-Miedreich-como-novo-CEO.jpg","width":1024,"height":581,"caption":"09 - ZF anuncia Mathias Miedreich como novo CEO"},{"@type":"BreadcrumbList","@id":"https:\/\/jornaldasoficinas.com\/pt\/zf-anuncia-mathias-miedreich-como-novo-ceo\/#breadcrumb","itemListElement":[{"@type":"ListItem","position":1,"name":"In\u00edcio","item":"https:\/\/jornaldasoficinas.com\/pt\/"},{"@type":"ListItem","position":2,"name":"ZF anuncia Mathias Miedreich como novo CEO"}]},{"@type":"WebSite","@id":"https:\/\/jornaldasoficinas.com\/pt\/#website","url":"https:\/\/jornaldasoficinas.com\/pt\/","name":"Jornal das Oficinas","description":"Jornal independente do Aftermarket Autom\u00f3vel em Portugal","publisher":{"@id":"https:\/\/jornaldasoficinas.com\/pt\/#organization"},"potentialAction":[{"@type":"SearchAction","target":{"@type":"EntryPoint","urlTemplate":"https:\/\/jornaldasoficinas.com\/pt\/?s={search_term_string}"},"query-input":{"@type":"PropertyValueSpecification","valueRequired":true,"valueName":"search_term_string"}}],"inLanguage":"pt-PT"},{"@type":"Organization","@id":"https:\/\/jornaldasoficinas.com\/pt\/#organization","name":"Jornal das Oficinas","url":"https:\/\/jornaldasoficinas.com\/pt\/","logo":{"@type":"ImageObject","inLanguage":"pt-PT","@id":"https:\/\/jornaldasoficinas.com\/pt\/#\/schema\/logo\/image\/","url":"https:\/\/jornaldasoficinas.com\/pt\/wp-content\/uploads\/logoJO-SEO.png","contentUrl":"https:\/\/jornaldasoficinas.com\/pt\/wp-content\/uploads\/logoJO-SEO.png","width":285,"height":450,"caption":"Jornal das Oficinas"},"image":{"@id":"https:\/\/jornaldasoficinas.com\/pt\/#\/schema\/logo\/image\/"},"sameAs":["https:\/\/www.facebook.com\/jornaloficinas","https:\/\/x.com\/jornaloficinas","https:\/\/www.instagram.com\/jornal_oficinas\/","https:\/\/www.linkedin.com\/company\/jornal-das-oficinas\/","https:\/\/www.youtube.com\/channel\/UCbQZBqtcvV-oSQrr7RzINGg"]},{"@type":"Person","@id":"https:\/\/jornaldasoficinas.com\/pt\/#\/schema\/person\/a38eef5de2c41d9e7c9ac10141afddf3","name":"Reda\u00e7\u00e3o JO","image":{"@type":"ImageObject","inLanguage":"pt-PT","@id":"https:\/\/secure.gravatar.com\/avatar\/71f2fa71737ad68a84fea94bc708ddac8ea5b0c4788dc2ad202f3ccb2887742f?s=96&d=wp_user_avatar&r=g","url":"https:\/\/secure.gravatar.com\/avatar\/71f2fa71737ad68a84fea94bc708ddac8ea5b0c4788dc2ad202f3ccb2887742f?s=96&d=wp_user_avatar&r=g","contentUrl":"https:\/\/secure.gravatar.com\/avatar\/71f2fa71737ad68a84fea94bc708ddac8ea5b0c4788dc2ad202f3ccb2887742f?s=96&d=wp_user_avatar&r=g","caption":"Reda\u00e7\u00e3o JO"},"url":"https:\/\/jornaldasoficinas.com\/pt\/author\/joredacao\/"}]}},"_links":{"self":[{"href":"https:\/\/jornaldasoficinas.com\/pt\/wp-json\/wp\/v2\/posts\/106792","targetHints":{"allow":["GET"]}}],"collection":[{"href":"https:\/\/jornaldasoficinas.com\/pt\/wp-json\/wp\/v2\/posts"}],"about":[{"href":"https:\/\/jornaldasoficinas.com\/pt\/wp-json\/wp\/v2\/types\/post"}],"author":[{"embeddable":true,"href":"https:\/\/jornaldasoficinas.com\/pt\/wp-json\/wp\/v2\/users\/15"}],"replies":[{"embeddable":true,"href":"https:\/\/jornaldasoficinas.com\/pt\/wp-json\/wp\/v2\/comments?post=106792"}],"version-history":[{"count":3,"href":"https:\/\/jornaldasoficinas.com\/pt\/wp-json\/wp\/v2\/posts\/106792\/revisions"}],"predecessor-version":[{"id":106798,"href":"https:\/\/jornaldasoficinas.com\/pt\/wp-json\/wp\/v2\/posts\/106792\/revisions\/106798"}],"wp:featuredmedia":[{"embeddable":true,"href":"https:\/\/jornaldasoficinas.com\/pt\/wp-json\/wp\/v2\/media\/106797"}],"wp:attachment":[{"href":"https:\/\/jornaldasoficinas.com\/pt\/wp-json\/wp\/v2\/media?parent=106792"}],"wp:term":[{"taxonomy":"category","embeddable":true,"href":"https:\/\/jornaldasoficinas.com\/pt\/wp-json\/wp\/v2\/categories?post=106792"},{"taxonomy":"post_tag","embeddable":true,"href":"https:\/\/jornaldasoficinas.com\/pt\/wp-json\/wp\/v2\/tags?post=106792"}],"curies":[{"name":"wp","href":"https:\/\/api.w.org\/{rel}","templated":true}]}}