{"id":106831,"date":"2025-09-21T20:30:50","date_gmt":"2025-09-21T19:30:50","guid":{"rendered":"https:\/\/jornaldasoficinas.com\/pt\/?p=106831"},"modified":"2025-09-18T22:33:45","modified_gmt":"2025-09-18T21:33:45","slug":"estamos-a-criar-uma-rede-de-distribuidores-exclusivos-tab-tab-spain","status":"publish","type":"post","link":"https:\/\/jornaldasoficinas.com\/pt\/estamos-a-criar-uma-rede-de-distribuidores-exclusivos-tab-tab-spain\/","title":{"rendered":"&#8220;Estamos a criar uma rede de distribuidores exclusivos TAB&#8221;, TAB Spain"},"content":{"rendered":"<p><img loading=\"lazy\" decoding=\"async\" class=\"alignnone size-full wp-image-106832\" src=\"https:\/\/jornaldasoficinas.com\/pt\/wp-content\/uploads\/2025\/09\/Estamos-a-criar-uma-rede-de-distribuidores-exclusivos-TAB.jpeg\" alt=\"09 - Estamos a criar uma rede de distribuidores exclusivos TAB\" width=\"1024\" height=\"581\" srcset=\"https:\/\/jornaldasoficinas.com\/pt\/wp-content\/uploads\/2025\/09\/Estamos-a-criar-uma-rede-de-distribuidores-exclusivos-TAB.jpeg 1024w, https:\/\/jornaldasoficinas.com\/pt\/wp-content\/uploads\/2025\/09\/Estamos-a-criar-uma-rede-de-distribuidores-exclusivos-TAB-300x170.jpeg 300w, https:\/\/jornaldasoficinas.com\/pt\/wp-content\/uploads\/2025\/09\/Estamos-a-criar-uma-rede-de-distribuidores-exclusivos-TAB-150x85.jpeg 150w, https:\/\/jornaldasoficinas.com\/pt\/wp-content\/uploads\/2025\/09\/Estamos-a-criar-uma-rede-de-distribuidores-exclusivos-TAB-768x436.jpeg 768w\" sizes=\"auto, (max-width: 1024px) 100vw, 1024px\" \/><\/p>\n<p><strong>Com uma estrat\u00e9gia ambiciosa e uma proposta de valor claramente diferenciadora, a <a href=\"https:\/\/www.tabspain.com\/pt-pt\/\" target=\"_blank\" rel=\"noopener\">TAB Spain<\/a> prepara-se para refor\u00e7ar a sua presen\u00e7a em Portugal e posicionar-se como um dos principais players no setor de baterias. Em entrevista ao JO, Jorge Couto, gestor comercial TAB Spain em Portugal, destaca como novidades o lan\u00e7amento da rede exclusiva EXPERTAB e a futura inaugura\u00e7\u00e3o de um centro log\u00edstico nacional<\/strong><\/p>\n<p>Desde 2024, aquando da sua integra\u00e7\u00e3o na TAB Spain para Portugal, Jorge Couto tem vindo a fazer um trabalho de prospe\u00e7\u00e3o, de an\u00e1lise de mercado e potencial crescimento, procurando neg\u00f3cios com parceiros de forte potencial de mercado, ou seja, que sejam parceiros ativos que no seu espa\u00e7o geogr\u00e1fico cobrem uma boa parte ou total do territ\u00f3rio portugu\u00eas para que a marca TAB esteja presente bem como pela imagem, bem como pela qualidade e fiabilidade do produto. \u201cPodemos dizer, que temos tido sucesso e para que isso fosse poss\u00edvel acontecer, al\u00e9m da proximidade que dou no apoio ao cliente, na rela\u00e7\u00e3o humana que tento criar para que a confian\u00e7a nunca seja quebrada, o falar a mesma l\u00edngua tamb\u00e9m foi fundamental. E para que este conjunto de sinergias desse resultado positivo, n\u00e3o posso deixar de mencionar quem apostou em mim, quem me apoia diariamente e tamb\u00e9m me orienta, o meu diretor ib\u00e9rico Ra\u00fal Pacho e toda a estrutura de BackOffice da TAB Spain\u201d, refere o gestor comercial.<\/p>\n<p><strong>Qual a grande vantagem de representar uma marca como a TAB?<\/strong><br \/>\nEm primeiro lugar \u00e9 representar uma marca e uma empresa com hist\u00f3ria que se inicia em 1965 em Mezica, Eslov\u00e9nia, na extra\u00e7\u00e3o chumbo (uma da mais antigas da Europa) que utilizava recursos locais para produzir baterias de chumbo-\u00e1cido. Por isso, sinto-me parte integrante de uma fam\u00edlia com 60 anos de presen\u00e7a industrial e comercial a n\u00edvel mundial no mercado das baterias, que foi pioneira na produ\u00e7\u00e3o de baterias AGM e, atualmente, a \u00fanica que aplica a nanotecnologia na produ\u00e7\u00e3o em s\u00e9rie. A grande vantagem em representar a TAB Batteries, \u00e9 ter a possibilidade de desenvolver mais as minhas capacidades comercias e pessoais, \u00e9 poder caminhar com uma empresa que me apoia, que me abre portas ao conhecimento e \u00e0 inova\u00e7\u00e3o. \u00c9 poder trabalhar num fabricante integral de baterias, com um cat\u00e1logo de baterias de arranque (composto por 5 fam\u00edlias que cobrem 100% de ve\u00edculos de turismo e pesados), desde baterias de moto, de tra\u00e7\u00e3o para empilhadores, estacion\u00e1rias para telecomunica\u00e7\u00f5es, UPS, energia solar e acess\u00f3rios de bateria que inclui carregadores, testers, cabos, terminais, etc., o que nos posiciona sem d\u00favida como um dos fabricantes de baterias mais abrangente do mercado.<\/p>\n<p><strong>Como posiciona atualmente a marca TAB no mercado nacional em compara\u00e7\u00e3o com os concorrentes?<\/strong><br \/>\nAtualmente, a TAB Batteries encontra-se bem posicionada no mercado portugu\u00eas, sobretudo no segmento premium-m\u00e9dio, apesar da forte concorr\u00eancia que carateriza o setor. Neste segmento, a TAB oferece baterias com qualidade ao n\u00edvel de marcas premium, mas com pre\u00e7os posicionados estrategicamente um pouco abaixo, visando alcan\u00e7ar o mercado m\u00e9dio-alto. A empresa aposta em forma\u00e7\u00e3o, apoio t\u00e9cnico e presen\u00e7a local pr\u00f3xima, o que \u00e9 valorizado pelos distribuidores. A expans\u00e3o log\u00edstica melhorou com a cobertura total de todo o territ\u00f3rio portugu\u00eas, incluindo ilhas, e expandiu a rede de distribuidores. Relativamente \u00e0 sustentabilidade e inova\u00e7\u00e3o, destaca-se no mercado com produ\u00e7\u00e3o de c\u00e9lulas de l\u00edtio (primeiro produtor europeu) e sistemas ESS, al\u00e9m de opera\u00e7\u00f5es com autoconsumo energ\u00e9tico.<\/p>\n<p><strong>Quais os novos produtos TAB lan\u00e7ados em 2025?<\/strong><br \/>\nA TAB Batteries em 2025 lan\u00e7ou a nova tampa para polos de bateria, com o objetivo funcional, que permite acesso aos polos de bateria por ambos os lados, sem necessidade de remov\u00ea-la. Com isto, refor\u00e7ou a seguran\u00e7a e aumentou a prote\u00e7\u00e3o contra contacto acidental, assim como a seguran\u00e7a operacional. Durante este ano foi tamb\u00e9m lan\u00e7ada a gama EFB+ (uma vers\u00e3o evolu\u00edda da nossa primeira EFB), aprovada por diversos fabricantes de ve\u00edculos, como o Grupo Volkswagem, e em abril de 2025 fez uma integra\u00e7\u00e3o com inversores Riello, parceria estrat\u00e9gica, garantindo que os sistemas de armazenamento de high-voltage da TAB (E.STORAGE) s\u00e3o compat\u00edveis com os inversores HBS da Riello. Neste ano assistimos \u00e0 expans\u00e3o do mercado ib\u00e9rico com a TAB Levante, e \u00e0 cria\u00e7\u00e3o de uma Rede de Distribuidores exclusivos na Pen\u00ednsula Ib\u00e9rica, projeto ambicioso que consiste em criar uma rede entre 50 e 60 distribuidores exclusivos TAB na Espanha e Portugal.<\/p>\n<p><strong>Como tem evolu\u00eddo o fabrico de marcas privadas para o mercado portugu\u00eas?<\/strong><br \/>\nAs marcas privadas t\u00eam tido um papel fundamental no nosso crescimento, \u00e9 um modelo de neg\u00f3cio que tamb\u00e9m nos interessa e para isso contamos com os excelente parceiros\/distribuidores e grupos de s\u00f3cios nacionais e ib\u00e9ricos que nos procuram e que sabem que v\u00e3o encontrar um excelente produto para satisfazer os seus clientes.<\/p>\n<p><strong>De que forma a transi\u00e7\u00e3o energ\u00e9tica e a mobilidade el\u00e9trica impactam o futuro das baterias de arranque?<\/strong><br \/>\nAmbos s\u00e3o conceitos que se tornaram parte do nosso vocabul\u00e1rio, embora a realidade no mercado de reposi\u00e7\u00e3o ainda seja m\u00ednima. Na TAB, estamos atentos \u00e0 evolu\u00e7\u00e3o dos ve\u00edculos em geral, oferecendo a nossa linha EFB+ para ve\u00edculos com sistema Start&amp;Stop e com nossa f\u00e1brica na Eslov\u00e9nia, onde temos uma capacidade de 1 GW para produzir baterias de l\u00edtio.<\/p>\n<p><strong>Quantos armaz\u00e9ns tem atualmente a TAB na Pen\u00ednsula Ib\u00e9rica?<\/strong><br \/>\nA TAB Batteries atualmente opera em seis armaz\u00e9ns pr\u00f3prios na Pen\u00ednsula Ib\u00e9rica: Barcelona (sede ib\u00e9rica \u2013 o maior armaz\u00e9m de baterias de Espanha), Madrid, Corunha, Sevilha, Val\u00eancia e Murcia. Est\u00e1 planeado abrir um centro log\u00edstico em Portugal, como j\u00e1 foi anunciado, que ser\u00e1 implementado em colabora\u00e7\u00e3o com um dos nossos distribuidores de Portugal. Estamos confiantes de que o acordo poder\u00e1 ser fechado antes do final deste ano, sabemos que ir\u00e1 aumentar a agilidade log\u00edstica no mercado portugu\u00eas e elevar\u00e1 o n\u00edvel de suporte e proximidade ao cliente.<\/p>\n<p><strong>Considera que a TAB j\u00e1 \u00e9 reconhecida pelos profissionais? E pelo consumidor final?<\/strong><br \/>\nA TAB Batteries, \u00e9 forte entre os profissionais, mas tem margem de crescimento junto do consumidor final atrav\u00e9s dos nossos canais sejam eles importadores, distribuidores ou grupos. A estrat\u00e9gia atual da empresa est\u00e1 bem orientada pelo refor\u00e7o log\u00edstico, apoio t\u00e9cnico, forma\u00e7\u00e3o e estrutura comercial. Podemos dizer que para crescer em notoriedade generalizada, ser\u00e1 necess\u00e1rio investir em comunica\u00e7\u00e3o direta, parcerias estrat\u00e9gicas de visibilidade e campanhas diferenciadas.<\/p>\n<p><strong>Como funciona a distribui\u00e7\u00e3o das baterias TAB no mercado portugu\u00eas?<\/strong><br \/>\nA distribui\u00e7\u00e3o das baterias TAB em Portugal \u00e9 feita atrav\u00e9s de uma rede consolidada em cerca de 20 parceiros, refor\u00e7ada com apoio log\u00edstico, forma\u00e7\u00e3o t\u00e9cnica e marketing. Com o lan\u00e7amento da rede exclusiva EXPERTAB e a futura abertura de um centro log\u00edstico nacional, vamos conseguir oferecer uma proposta de valor diferencial aos nossos distribuidores, designadamente melhor stock, entregas mais r\u00e1pidas, suporte t\u00e9cnico premium e maior visibilidade da marca.<\/p>\n<p><strong>Como \u00e9 feita a comunica\u00e7\u00e3o com os profissionais do setor?<\/strong><br \/>\nA comunica\u00e7\u00e3o da TAB Batteries com os profissionais do setor em Portugal, \u00e9 feita de forma muito pr\u00f3xima, t\u00e9cnica e personalizada, com forte aposta em forma\u00e7\u00e3o, acompanhamento comercial e presen\u00e7a em meios especializados. Bem como a aposta na divulga\u00e7\u00e3o nas revistas do setor (artigos, entrevistas e visibilidade da marca), feiras e eventos e em modo digital (website, motor de busca, email e marketing).<\/p>\n<p><strong>Em termos de apoio t\u00e9cnico, o que oferece a TAB Spain aos seus clientes no mercado portugu\u00eas para se diferenciar da concorr\u00eancia?<\/strong><br \/>\nA TAB Spain, respons\u00e1vel tamb\u00e9m pelo mercado portugu\u00eas aposta fortemente no apoio t\u00e9cnico como fator diferenciador face \u00e0 concorr\u00eancia. Este suporte \u00e9 direcionado a todos os nossos distribuidores com forma\u00e7\u00e3o, acompanhamento personalizado e acesso facilitado a conhecimento t\u00e9cnico. Temos apostado cada vez mais em campanhas de marketing e a\u00e7\u00f5es especificas de visibilidade, sobretudo a partir de 2024, com ambi\u00e7\u00e3o clara de refor\u00e7ar a notoriedade da marca no mercado portugu\u00eas.<\/p>\n<p><strong>A bateria \u00e9 um produto que \u00e9 100% recicl\u00e1vel. O que t\u00eam feito para promover a reciclagem das baterias?<\/strong><\/p>\n<p>Saiba a resposta a esta a outras quest\u00f5es na edi\u00e7\u00e3o impressa e online do Jornal das Oficinas n\u00ba224, <a href=\"https:\/\/www.yumpu.com\/pt\/document\/read\/70712302\/jornal-das-oficinas-224\/74\">aqui<\/a>.<\/p>\n<p>&nbsp;<\/p>\n","protected":false},"excerpt":{"rendered":"<p>Com uma estrat\u00e9gia ambiciosa e uma&#8230;<\/p>\n","protected":false},"author":15,"featured_media":106832,"comment_status":"closed","ping_status":"closed","sticky":false,"template":"","format":"standard","meta":{"footnotes":""},"categories":[38],"tags":[512,3690,13587,7137,565,564],"class_list":["post-106831","post","type-post","status-publish","format-standard","has-post-thumbnail","hentry","category-entrevistas","tag-baterias","tag-centro-logistico","tag-expertab","tag-jorge-couto","tag-tab-batteries","tag-tab-spain"],"yoast_head":"<!-- This site is optimized with the Yoast SEO plugin v27.4 - https:\/\/yoast.com\/product\/yoast-seo-wordpress\/ -->\n<title>&quot;Estamos a criar uma rede de distribuidores exclusivos TAB&quot;, TAB Spain - Jornal das Oficinas<\/title>\n<meta name=\"description\" content=\"Com uma estrat\u00e9gia ambiciosa e uma proposta de valor claramente diferenciadora, a TAB Spain prepara-se para refor\u00e7ar a presen\u00e7a em Portugal\" \/>\n<meta name=\"robots\" content=\"index, follow, max-snippet:-1, max-image-preview:large, max-video-preview:-1\" \/>\n<link rel=\"canonical\" href=\"https:\/\/jornaldasoficinas.com\/pt\/estamos-a-criar-uma-rede-de-distribuidores-exclusivos-tab-tab-spain\/\" \/>\n<meta property=\"og:locale\" content=\"pt_PT\" \/>\n<meta property=\"og:type\" content=\"article\" \/>\n<meta property=\"og:title\" content=\"&quot;Estamos a criar uma rede de distribuidores exclusivos TAB&quot;, TAB Spain - Jornal das Oficinas\" \/>\n<meta property=\"og:description\" content=\"Com uma estrat\u00e9gia ambiciosa e uma proposta de valor claramente diferenciadora, a TAB Spain prepara-se para refor\u00e7ar a presen\u00e7a em Portugal\" \/>\n<meta property=\"og:url\" content=\"https:\/\/jornaldasoficinas.com\/pt\/estamos-a-criar-uma-rede-de-distribuidores-exclusivos-tab-tab-spain\/\" \/>\n<meta property=\"og:site_name\" content=\"Jornal das Oficinas\" \/>\n<meta property=\"article:publisher\" content=\"https:\/\/www.facebook.com\/jornaloficinas\" \/>\n<meta property=\"article:published_time\" content=\"2025-09-21T19:30:50+00:00\" \/>\n<meta property=\"og:image\" content=\"https:\/\/jornaldasoficinas.com\/pt\/wp-content\/uploads\/2025\/09\/Estamos-a-criar-uma-rede-de-distribuidores-exclusivos-TAB.jpeg\" \/>\n\t<meta property=\"og:image:width\" content=\"1024\" \/>\n\t<meta property=\"og:image:height\" content=\"581\" \/>\n\t<meta property=\"og:image:type\" content=\"image\/jpeg\" \/>\n<meta name=\"author\" content=\"Reda\u00e7\u00e3o JO\" \/>\n<meta name=\"twitter:card\" content=\"summary_large_image\" \/>\n<meta name=\"twitter:creator\" content=\"@jornaloficinas\" \/>\n<meta name=\"twitter:site\" content=\"@jornaloficinas\" \/>\n<meta name=\"twitter:label1\" content=\"Escrito por\" \/>\n\t<meta name=\"twitter:data1\" content=\"Reda\u00e7\u00e3o JO\" \/>\n\t<meta name=\"twitter:label2\" content=\"Tempo estimado de leitura\" \/>\n\t<meta name=\"twitter:data2\" content=\"8 minutos\" \/>\n<script type=\"application\/ld+json\" class=\"yoast-schema-graph\">{\"@context\":\"https:\\\/\\\/schema.org\",\"@graph\":[{\"@type\":\"Article\",\"@id\":\"https:\\\/\\\/jornaldasoficinas.com\\\/pt\\\/estamos-a-criar-uma-rede-de-distribuidores-exclusivos-tab-tab-spain\\\/#article\",\"isPartOf\":{\"@id\":\"https:\\\/\\\/jornaldasoficinas.com\\\/pt\\\/estamos-a-criar-uma-rede-de-distribuidores-exclusivos-tab-tab-spain\\\/\"},\"author\":{\"name\":\"Reda\u00e7\u00e3o JO\",\"@id\":\"https:\\\/\\\/jornaldasoficinas.com\\\/pt\\\/#\\\/schema\\\/person\\\/a38eef5de2c41d9e7c9ac10141afddf3\"},\"headline\":\"&#8220;Estamos a criar uma rede de distribuidores exclusivos TAB&#8221;, TAB Spain\",\"datePublished\":\"2025-09-21T19:30:50+00:00\",\"mainEntityOfPage\":{\"@id\":\"https:\\\/\\\/jornaldasoficinas.com\\\/pt\\\/estamos-a-criar-uma-rede-de-distribuidores-exclusivos-tab-tab-spain\\\/\"},\"wordCount\":1455,\"publisher\":{\"@id\":\"https:\\\/\\\/jornaldasoficinas.com\\\/pt\\\/#organization\"},\"image\":{\"@id\":\"https:\\\/\\\/jornaldasoficinas.com\\\/pt\\\/estamos-a-criar-uma-rede-de-distribuidores-exclusivos-tab-tab-spain\\\/#primaryimage\"},\"thumbnailUrl\":\"https:\\\/\\\/jornaldasoficinas.com\\\/pt\\\/wp-content\\\/uploads\\\/2025\\\/09\\\/Estamos-a-criar-uma-rede-de-distribuidores-exclusivos-TAB.jpeg\",\"keywords\":[\"Baterias\",\"centro log\u00edstico\",\"EXPERTAB\",\"Jorge Couto\",\"TAB Batteries\",\"TAB Spain\"],\"articleSection\":[\"Entrevistas\"],\"inLanguage\":\"pt-PT\"},{\"@type\":\"WebPage\",\"@id\":\"https:\\\/\\\/jornaldasoficinas.com\\\/pt\\\/estamos-a-criar-uma-rede-de-distribuidores-exclusivos-tab-tab-spain\\\/\",\"url\":\"https:\\\/\\\/jornaldasoficinas.com\\\/pt\\\/estamos-a-criar-uma-rede-de-distribuidores-exclusivos-tab-tab-spain\\\/\",\"name\":\"\\\"Estamos a criar uma rede de distribuidores exclusivos TAB\\\", TAB Spain - Jornal das Oficinas\",\"isPartOf\":{\"@id\":\"https:\\\/\\\/jornaldasoficinas.com\\\/pt\\\/#website\"},\"primaryImageOfPage\":{\"@id\":\"https:\\\/\\\/jornaldasoficinas.com\\\/pt\\\/estamos-a-criar-uma-rede-de-distribuidores-exclusivos-tab-tab-spain\\\/#primaryimage\"},\"image\":{\"@id\":\"https:\\\/\\\/jornaldasoficinas.com\\\/pt\\\/estamos-a-criar-uma-rede-de-distribuidores-exclusivos-tab-tab-spain\\\/#primaryimage\"},\"thumbnailUrl\":\"https:\\\/\\\/jornaldasoficinas.com\\\/pt\\\/wp-content\\\/uploads\\\/2025\\\/09\\\/Estamos-a-criar-uma-rede-de-distribuidores-exclusivos-TAB.jpeg\",\"datePublished\":\"2025-09-21T19:30:50+00:00\",\"description\":\"Com uma estrat\u00e9gia ambiciosa e uma proposta de valor claramente diferenciadora, a TAB Spain prepara-se para refor\u00e7ar a presen\u00e7a em Portugal\",\"breadcrumb\":{\"@id\":\"https:\\\/\\\/jornaldasoficinas.com\\\/pt\\\/estamos-a-criar-uma-rede-de-distribuidores-exclusivos-tab-tab-spain\\\/#breadcrumb\"},\"inLanguage\":\"pt-PT\",\"potentialAction\":[{\"@type\":\"ReadAction\",\"target\":[\"https:\\\/\\\/jornaldasoficinas.com\\\/pt\\\/estamos-a-criar-uma-rede-de-distribuidores-exclusivos-tab-tab-spain\\\/\"]}]},{\"@type\":\"ImageObject\",\"inLanguage\":\"pt-PT\",\"@id\":\"https:\\\/\\\/jornaldasoficinas.com\\\/pt\\\/estamos-a-criar-uma-rede-de-distribuidores-exclusivos-tab-tab-spain\\\/#primaryimage\",\"url\":\"https:\\\/\\\/jornaldasoficinas.com\\\/pt\\\/wp-content\\\/uploads\\\/2025\\\/09\\\/Estamos-a-criar-uma-rede-de-distribuidores-exclusivos-TAB.jpeg\",\"contentUrl\":\"https:\\\/\\\/jornaldasoficinas.com\\\/pt\\\/wp-content\\\/uploads\\\/2025\\\/09\\\/Estamos-a-criar-uma-rede-de-distribuidores-exclusivos-TAB.jpeg\",\"width\":1024,\"height\":581,\"caption\":\"09 - Estamos a criar uma rede de distribuidores exclusivos TAB\"},{\"@type\":\"BreadcrumbList\",\"@id\":\"https:\\\/\\\/jornaldasoficinas.com\\\/pt\\\/estamos-a-criar-uma-rede-de-distribuidores-exclusivos-tab-tab-spain\\\/#breadcrumb\",\"itemListElement\":[{\"@type\":\"ListItem\",\"position\":1,\"name\":\"In\u00edcio\",\"item\":\"https:\\\/\\\/jornaldasoficinas.com\\\/pt\\\/\"},{\"@type\":\"ListItem\",\"position\":2,\"name\":\"&#8220;Estamos a criar uma rede de distribuidores exclusivos TAB&#8221;, TAB Spain\"}]},{\"@type\":\"WebSite\",\"@id\":\"https:\\\/\\\/jornaldasoficinas.com\\\/pt\\\/#website\",\"url\":\"https:\\\/\\\/jornaldasoficinas.com\\\/pt\\\/\",\"name\":\"Jornal das Oficinas\",\"description\":\"Jornal independente do Aftermarket Autom\u00f3vel em Portugal\",\"publisher\":{\"@id\":\"https:\\\/\\\/jornaldasoficinas.com\\\/pt\\\/#organization\"},\"potentialAction\":[{\"@type\":\"SearchAction\",\"target\":{\"@type\":\"EntryPoint\",\"urlTemplate\":\"https:\\\/\\\/jornaldasoficinas.com\\\/pt\\\/?s={search_term_string}\"},\"query-input\":{\"@type\":\"PropertyValueSpecification\",\"valueRequired\":true,\"valueName\":\"search_term_string\"}}],\"inLanguage\":\"pt-PT\"},{\"@type\":\"Organization\",\"@id\":\"https:\\\/\\\/jornaldasoficinas.com\\\/pt\\\/#organization\",\"name\":\"Jornal das Oficinas\",\"url\":\"https:\\\/\\\/jornaldasoficinas.com\\\/pt\\\/\",\"logo\":{\"@type\":\"ImageObject\",\"inLanguage\":\"pt-PT\",\"@id\":\"https:\\\/\\\/jornaldasoficinas.com\\\/pt\\\/#\\\/schema\\\/logo\\\/image\\\/\",\"url\":\"https:\\\/\\\/jornaldasoficinas.com\\\/pt\\\/wp-content\\\/uploads\\\/logoJO-SEO.png\",\"contentUrl\":\"https:\\\/\\\/jornaldasoficinas.com\\\/pt\\\/wp-content\\\/uploads\\\/logoJO-SEO.png\",\"width\":285,\"height\":450,\"caption\":\"Jornal das Oficinas\"},\"image\":{\"@id\":\"https:\\\/\\\/jornaldasoficinas.com\\\/pt\\\/#\\\/schema\\\/logo\\\/image\\\/\"},\"sameAs\":[\"https:\\\/\\\/www.facebook.com\\\/jornaloficinas\",\"https:\\\/\\\/x.com\\\/jornaloficinas\",\"https:\\\/\\\/www.instagram.com\\\/jornal_oficinas\\\/\",\"https:\\\/\\\/www.linkedin.com\\\/company\\\/jornal-das-oficinas\\\/\",\"https:\\\/\\\/www.youtube.com\\\/channel\\\/UCbQZBqtcvV-oSQrr7RzINGg\"]},{\"@type\":\"Person\",\"@id\":\"https:\\\/\\\/jornaldasoficinas.com\\\/pt\\\/#\\\/schema\\\/person\\\/a38eef5de2c41d9e7c9ac10141afddf3\",\"name\":\"Reda\u00e7\u00e3o JO\",\"image\":{\"@type\":\"ImageObject\",\"inLanguage\":\"pt-PT\",\"@id\":\"https:\\\/\\\/secure.gravatar.com\\\/avatar\\\/71f2fa71737ad68a84fea94bc708ddac8ea5b0c4788dc2ad202f3ccb2887742f?s=96&d=wp_user_avatar&r=g\",\"url\":\"https:\\\/\\\/secure.gravatar.com\\\/avatar\\\/71f2fa71737ad68a84fea94bc708ddac8ea5b0c4788dc2ad202f3ccb2887742f?s=96&d=wp_user_avatar&r=g\",\"contentUrl\":\"https:\\\/\\\/secure.gravatar.com\\\/avatar\\\/71f2fa71737ad68a84fea94bc708ddac8ea5b0c4788dc2ad202f3ccb2887742f?s=96&d=wp_user_avatar&r=g\",\"caption\":\"Reda\u00e7\u00e3o JO\"},\"url\":\"https:\\\/\\\/jornaldasoficinas.com\\\/pt\\\/author\\\/joredacao\\\/\"}]}<\/script>\n<!-- \/ Yoast SEO plugin. -->","yoast_head_json":{"title":"\"Estamos a criar uma rede de distribuidores exclusivos TAB\", TAB Spain - Jornal das Oficinas","description":"Com uma estrat\u00e9gia ambiciosa e uma proposta de valor claramente diferenciadora, a TAB Spain prepara-se para refor\u00e7ar a presen\u00e7a em Portugal","robots":{"index":"index","follow":"follow","max-snippet":"max-snippet:-1","max-image-preview":"max-image-preview:large","max-video-preview":"max-video-preview:-1"},"canonical":"https:\/\/jornaldasoficinas.com\/pt\/estamos-a-criar-uma-rede-de-distribuidores-exclusivos-tab-tab-spain\/","og_locale":"pt_PT","og_type":"article","og_title":"\"Estamos a criar uma rede de distribuidores exclusivos TAB\", TAB Spain - Jornal das Oficinas","og_description":"Com uma estrat\u00e9gia ambiciosa e uma proposta de valor claramente diferenciadora, a TAB Spain prepara-se para refor\u00e7ar a presen\u00e7a em Portugal","og_url":"https:\/\/jornaldasoficinas.com\/pt\/estamos-a-criar-uma-rede-de-distribuidores-exclusivos-tab-tab-spain\/","og_site_name":"Jornal das Oficinas","article_publisher":"https:\/\/www.facebook.com\/jornaloficinas","article_published_time":"2025-09-21T19:30:50+00:00","og_image":[{"width":1024,"height":581,"url":"https:\/\/jornaldasoficinas.com\/pt\/wp-content\/uploads\/2025\/09\/Estamos-a-criar-uma-rede-de-distribuidores-exclusivos-TAB.jpeg","type":"image\/jpeg"}],"author":"Reda\u00e7\u00e3o JO","twitter_card":"summary_large_image","twitter_creator":"@jornaloficinas","twitter_site":"@jornaloficinas","twitter_misc":{"Escrito por":"Reda\u00e7\u00e3o JO","Tempo estimado de leitura":"8 minutos"},"schema":{"@context":"https:\/\/schema.org","@graph":[{"@type":"Article","@id":"https:\/\/jornaldasoficinas.com\/pt\/estamos-a-criar-uma-rede-de-distribuidores-exclusivos-tab-tab-spain\/#article","isPartOf":{"@id":"https:\/\/jornaldasoficinas.com\/pt\/estamos-a-criar-uma-rede-de-distribuidores-exclusivos-tab-tab-spain\/"},"author":{"name":"Reda\u00e7\u00e3o JO","@id":"https:\/\/jornaldasoficinas.com\/pt\/#\/schema\/person\/a38eef5de2c41d9e7c9ac10141afddf3"},"headline":"&#8220;Estamos a criar uma rede de distribuidores exclusivos TAB&#8221;, TAB Spain","datePublished":"2025-09-21T19:30:50+00:00","mainEntityOfPage":{"@id":"https:\/\/jornaldasoficinas.com\/pt\/estamos-a-criar-uma-rede-de-distribuidores-exclusivos-tab-tab-spain\/"},"wordCount":1455,"publisher":{"@id":"https:\/\/jornaldasoficinas.com\/pt\/#organization"},"image":{"@id":"https:\/\/jornaldasoficinas.com\/pt\/estamos-a-criar-uma-rede-de-distribuidores-exclusivos-tab-tab-spain\/#primaryimage"},"thumbnailUrl":"https:\/\/jornaldasoficinas.com\/pt\/wp-content\/uploads\/2025\/09\/Estamos-a-criar-uma-rede-de-distribuidores-exclusivos-TAB.jpeg","keywords":["Baterias","centro log\u00edstico","EXPERTAB","Jorge Couto","TAB Batteries","TAB Spain"],"articleSection":["Entrevistas"],"inLanguage":"pt-PT"},{"@type":"WebPage","@id":"https:\/\/jornaldasoficinas.com\/pt\/estamos-a-criar-uma-rede-de-distribuidores-exclusivos-tab-tab-spain\/","url":"https:\/\/jornaldasoficinas.com\/pt\/estamos-a-criar-uma-rede-de-distribuidores-exclusivos-tab-tab-spain\/","name":"\"Estamos a criar uma rede de distribuidores exclusivos TAB\", TAB Spain - Jornal das Oficinas","isPartOf":{"@id":"https:\/\/jornaldasoficinas.com\/pt\/#website"},"primaryImageOfPage":{"@id":"https:\/\/jornaldasoficinas.com\/pt\/estamos-a-criar-uma-rede-de-distribuidores-exclusivos-tab-tab-spain\/#primaryimage"},"image":{"@id":"https:\/\/jornaldasoficinas.com\/pt\/estamos-a-criar-uma-rede-de-distribuidores-exclusivos-tab-tab-spain\/#primaryimage"},"thumbnailUrl":"https:\/\/jornaldasoficinas.com\/pt\/wp-content\/uploads\/2025\/09\/Estamos-a-criar-uma-rede-de-distribuidores-exclusivos-TAB.jpeg","datePublished":"2025-09-21T19:30:50+00:00","description":"Com uma estrat\u00e9gia ambiciosa e uma proposta de valor claramente diferenciadora, a TAB Spain prepara-se para refor\u00e7ar a presen\u00e7a em Portugal","breadcrumb":{"@id":"https:\/\/jornaldasoficinas.com\/pt\/estamos-a-criar-uma-rede-de-distribuidores-exclusivos-tab-tab-spain\/#breadcrumb"},"inLanguage":"pt-PT","potentialAction":[{"@type":"ReadAction","target":["https:\/\/jornaldasoficinas.com\/pt\/estamos-a-criar-uma-rede-de-distribuidores-exclusivos-tab-tab-spain\/"]}]},{"@type":"ImageObject","inLanguage":"pt-PT","@id":"https:\/\/jornaldasoficinas.com\/pt\/estamos-a-criar-uma-rede-de-distribuidores-exclusivos-tab-tab-spain\/#primaryimage","url":"https:\/\/jornaldasoficinas.com\/pt\/wp-content\/uploads\/2025\/09\/Estamos-a-criar-uma-rede-de-distribuidores-exclusivos-TAB.jpeg","contentUrl":"https:\/\/jornaldasoficinas.com\/pt\/wp-content\/uploads\/2025\/09\/Estamos-a-criar-uma-rede-de-distribuidores-exclusivos-TAB.jpeg","width":1024,"height":581,"caption":"09 - Estamos a criar uma rede de distribuidores exclusivos TAB"},{"@type":"BreadcrumbList","@id":"https:\/\/jornaldasoficinas.com\/pt\/estamos-a-criar-uma-rede-de-distribuidores-exclusivos-tab-tab-spain\/#breadcrumb","itemListElement":[{"@type":"ListItem","position":1,"name":"In\u00edcio","item":"https:\/\/jornaldasoficinas.com\/pt\/"},{"@type":"ListItem","position":2,"name":"&#8220;Estamos a criar uma rede de distribuidores exclusivos TAB&#8221;, TAB Spain"}]},{"@type":"WebSite","@id":"https:\/\/jornaldasoficinas.com\/pt\/#website","url":"https:\/\/jornaldasoficinas.com\/pt\/","name":"Jornal das Oficinas","description":"Jornal independente do Aftermarket Autom\u00f3vel em Portugal","publisher":{"@id":"https:\/\/jornaldasoficinas.com\/pt\/#organization"},"potentialAction":[{"@type":"SearchAction","target":{"@type":"EntryPoint","urlTemplate":"https:\/\/jornaldasoficinas.com\/pt\/?s={search_term_string}"},"query-input":{"@type":"PropertyValueSpecification","valueRequired":true,"valueName":"search_term_string"}}],"inLanguage":"pt-PT"},{"@type":"Organization","@id":"https:\/\/jornaldasoficinas.com\/pt\/#organization","name":"Jornal das Oficinas","url":"https:\/\/jornaldasoficinas.com\/pt\/","logo":{"@type":"ImageObject","inLanguage":"pt-PT","@id":"https:\/\/jornaldasoficinas.com\/pt\/#\/schema\/logo\/image\/","url":"https:\/\/jornaldasoficinas.com\/pt\/wp-content\/uploads\/logoJO-SEO.png","contentUrl":"https:\/\/jornaldasoficinas.com\/pt\/wp-content\/uploads\/logoJO-SEO.png","width":285,"height":450,"caption":"Jornal das Oficinas"},"image":{"@id":"https:\/\/jornaldasoficinas.com\/pt\/#\/schema\/logo\/image\/"},"sameAs":["https:\/\/www.facebook.com\/jornaloficinas","https:\/\/x.com\/jornaloficinas","https:\/\/www.instagram.com\/jornal_oficinas\/","https:\/\/www.linkedin.com\/company\/jornal-das-oficinas\/","https:\/\/www.youtube.com\/channel\/UCbQZBqtcvV-oSQrr7RzINGg"]},{"@type":"Person","@id":"https:\/\/jornaldasoficinas.com\/pt\/#\/schema\/person\/a38eef5de2c41d9e7c9ac10141afddf3","name":"Reda\u00e7\u00e3o JO","image":{"@type":"ImageObject","inLanguage":"pt-PT","@id":"https:\/\/secure.gravatar.com\/avatar\/71f2fa71737ad68a84fea94bc708ddac8ea5b0c4788dc2ad202f3ccb2887742f?s=96&d=wp_user_avatar&r=g","url":"https:\/\/secure.gravatar.com\/avatar\/71f2fa71737ad68a84fea94bc708ddac8ea5b0c4788dc2ad202f3ccb2887742f?s=96&d=wp_user_avatar&r=g","contentUrl":"https:\/\/secure.gravatar.com\/avatar\/71f2fa71737ad68a84fea94bc708ddac8ea5b0c4788dc2ad202f3ccb2887742f?s=96&d=wp_user_avatar&r=g","caption":"Reda\u00e7\u00e3o JO"},"url":"https:\/\/jornaldasoficinas.com\/pt\/author\/joredacao\/"}]}},"_links":{"self":[{"href":"https:\/\/jornaldasoficinas.com\/pt\/wp-json\/wp\/v2\/posts\/106831","targetHints":{"allow":["GET"]}}],"collection":[{"href":"https:\/\/jornaldasoficinas.com\/pt\/wp-json\/wp\/v2\/posts"}],"about":[{"href":"https:\/\/jornaldasoficinas.com\/pt\/wp-json\/wp\/v2\/types\/post"}],"author":[{"embeddable":true,"href":"https:\/\/jornaldasoficinas.com\/pt\/wp-json\/wp\/v2\/users\/15"}],"replies":[{"embeddable":true,"href":"https:\/\/jornaldasoficinas.com\/pt\/wp-json\/wp\/v2\/comments?post=106831"}],"version-history":[{"count":5,"href":"https:\/\/jornaldasoficinas.com\/pt\/wp-json\/wp\/v2\/posts\/106831\/revisions"}],"predecessor-version":[{"id":106887,"href":"https:\/\/jornaldasoficinas.com\/pt\/wp-json\/wp\/v2\/posts\/106831\/revisions\/106887"}],"wp:featuredmedia":[{"embeddable":true,"href":"https:\/\/jornaldasoficinas.com\/pt\/wp-json\/wp\/v2\/media\/106832"}],"wp:attachment":[{"href":"https:\/\/jornaldasoficinas.com\/pt\/wp-json\/wp\/v2\/media?parent=106831"}],"wp:term":[{"taxonomy":"category","embeddable":true,"href":"https:\/\/jornaldasoficinas.com\/pt\/wp-json\/wp\/v2\/categories?post=106831"},{"taxonomy":"post_tag","embeddable":true,"href":"https:\/\/jornaldasoficinas.com\/pt\/wp-json\/wp\/v2\/tags?post=106831"}],"curies":[{"name":"wp","href":"https:\/\/api.w.org\/{rel}","templated":true}]}}