{"id":106916,"date":"2025-09-23T18:00:48","date_gmt":"2025-09-23T17:00:48","guid":{"rendered":"https:\/\/jornaldasoficinas.com\/pt\/?p=106916"},"modified":"2025-09-23T18:06:25","modified_gmt":"2025-09-23T17:06:25","slug":"exportacoes-de-componentes-automoveis-recuam","status":"publish","type":"post","link":"https:\/\/jornaldasoficinas.com\/pt\/exportacoes-de-componentes-automoveis-recuam\/","title":{"rendered":"Exporta\u00e7\u00f5es de componentes autom\u00f3veis recuam"},"content":{"rendered":"<p><strong><img loading=\"lazy\" decoding=\"async\" class=\"alignnone size-full wp-image-106947\" src=\"https:\/\/jornaldasoficinas.com\/pt\/wp-content\/uploads\/2025\/09\/Exportacoes-de-componentes-automoveis-recuam.jpg\" alt=\"09 - Exportacoes de componentes automoveis recuam\" width=\"1024\" height=\"581\" srcset=\"https:\/\/jornaldasoficinas.com\/pt\/wp-content\/uploads\/2025\/09\/Exportacoes-de-componentes-automoveis-recuam.jpg 1024w, https:\/\/jornaldasoficinas.com\/pt\/wp-content\/uploads\/2025\/09\/Exportacoes-de-componentes-automoveis-recuam-300x170.jpg 300w, https:\/\/jornaldasoficinas.com\/pt\/wp-content\/uploads\/2025\/09\/Exportacoes-de-componentes-automoveis-recuam-150x85.jpg 150w, https:\/\/jornaldasoficinas.com\/pt\/wp-content\/uploads\/2025\/09\/Exportacoes-de-componentes-automoveis-recuam-768x436.jpg 768w\" sizes=\"auto, (max-width: 1024px) 100vw, 1024px\" \/><\/strong><\/p>\n<p><strong>Segundo a <a href=\"https:\/\/afia.pt\/\" target=\"_blank\" rel=\"noopener\">AFIA<\/a>, em julho as exporta\u00e7\u00f5es de componentes para autom\u00f3veis recuaram 3,9%, resistindo melhor do que o conjunto das exporta\u00e7\u00f5es nacionais de bens<\/strong><\/p>\n<p>Tal como \u00e9 do conhecimento geral, a ind\u00fastria autom\u00f3vel est\u00e1 a passar por um per\u00edodo de grande turbul\u00eancia \u2013 quer do lado da procura quer do lado da oferta. Em consequ\u00eancia desta perturba\u00e7\u00e3o na produ\u00e7\u00e3o de ve\u00edculos na Europa, as vendas das empresas nacionais para o exterior ca\u00edram.<\/p>\n<p>As exporta\u00e7\u00f5es portuguesas de componentes para autom\u00f3veis registaram, em julho de 2025, uma queda hom\u00f3loga de 3,9%, o que significa vendas neste m\u00eas abaixo de 1.000 milh\u00f5es de euros, de acordo com os dados da AFIA \u2013 Associa\u00e7\u00e3o de Fabricantes da Ind\u00fastria Autom\u00f3vel \u2013 com base nas informa\u00e7\u00f5es divulgadas pelo INE.<\/p>\n<p>&#8220;N\u00e3o foi s\u00f3 o setor autom\u00f3vel a diminuir as vendas ao exterior, dado, no mesmo per\u00edodo, o total das exporta\u00e7\u00f5es nacionais de bens terem recuado 11,3%, o que demonstra uma maior resili\u00eancia do setor autom\u00f3vel quando comparado com o desempenho geral da economia exportadora&#8221;, declarou a AFIA.<\/p>\n<p>No acumulado de janeiro a julho, as vendas de componentes para autom\u00f3veis somaram 7.225 milh\u00f5es de euros, uma descida de 2,5% em rela\u00e7\u00e3o ao mesmo per\u00edodo de 2024. A Europa continua a ser o principal destino, absorvendo 88,3% das exporta\u00e7\u00f5es de componentes autom\u00f3veis, apesar de uma ligeira contra\u00e7\u00e3o de 2,4% face a 2024. No entanto, \u00e9 de destacar o aumento de 18,8% das exporta\u00e7\u00f5es para a \u00c1frica e M\u00e9dio Oriente.<\/p>\n<p>Entre os pa\u00edses de maior relev\u00e2ncia, no destino da produ\u00e7\u00e3o das empresas nacionais, temos Espanha (29,4% de quota) que registou um crescimento de +2,7%, enquanto a Alemanha (-10,8%) e os EUA (-13,6%) sofreram quebras significativas.<\/p>\n<p>Destaque pela positiva para a forte subida das exporta\u00e7\u00f5es para a Rom\u00e9nia, atualmente 6.\u00ba pa\u00eds-cliente (+38,4%) e Marrocos, 8.\u00ba pa\u00eds-cliente (+32,3%).<\/p>\n<p>&#8220;N\u00e3o podemos deixar de considerar que at\u00e9 este m\u00eas, houve uma queda da produ\u00e7\u00e3o e de vendas superior, h\u00e1 diminui\u00e7\u00e3o da produ\u00e7\u00e3o nacional de componentes&#8221;, salientou.<\/p>\n<p>&#8220;Os dados de julho confirmam a import\u00e2ncia estrat\u00e9gica do setor de componentes para autom\u00f3veis para a economia portuguesa. Apesar da conjuntura adversa e de uma quebra global das exporta\u00e7\u00f5es nacionais, temos vindo a conseguir manter um desempenho mais s\u00f3lido. No entanto, o setor enfrenta atualmente grandes desafios como os custos de energia elevados, press\u00e3o crescente para a transi\u00e7\u00e3o para a mobilidade el\u00e9trica, instabilidade nas cadeias de abastecimento internacionais e o impacto das taxas impostas pelos Estados Unidos da Am\u00e9rica, apesar destas s\u00f3 se sentirem mais seriamente a partir de setembro. Assim, \u00e9 fundamental que as pol\u00edticas p\u00fablicas apoiem o investimento e a inova\u00e7\u00e3o para que possamos continuar a ser competitivos a n\u00edvel europeu e global&#8221;, sublinhou Jos\u00e9 Couto, presidente da AFIA.<\/p>\n<p><strong>Desafios atuais do setor<\/strong><\/p>\n<p>O setor autom\u00f3vel em Portugal encontra-se num contexto de elevada incerteza, marcado por custos energ\u00e9ticos elevados, que impactam a competitividade industrial; a transi\u00e7\u00e3o tecnol\u00f3gica para a mobilidade el\u00e9trica, exigindo forte investimento por parte das empresas e a volatilidade nas cadeias de fornecimento globais, com repercuss\u00f5es no ritmo de produ\u00e7\u00e3o.<\/p>\n<p>Apesar das dificuldades enfrentadas, os n\u00fameros mostram a resili\u00eancia e import\u00e2ncia estrat\u00e9gica do setor de componentes autom\u00f3veis para a economia portuguesa. No entanto, importa olhar para o setor e refor\u00e7ar os investimentos em inova\u00e7\u00e3o, em tecnologias de mobilidade el\u00e9trica, mas tamb\u00e9m promover pol\u00edticas p\u00fablicas que reforcem e apoiem a sustentabilidade e moderniza\u00e7\u00e3o das empresas, para que Portugal continue a consolidar a sua posi\u00e7\u00e3o como fornecedor de refer\u00eancia no mercado autom\u00f3vel internacional.<\/p>\n","protected":false},"excerpt":{"rendered":"<p>Segundo a AFIA, em julho as&#8230;<\/p>\n","protected":false},"author":15,"featured_media":106947,"comment_status":"closed","ping_status":"closed","sticky":false,"template":"","format":"standard","meta":{"footnotes":""},"categories":[37],"tags":[100,3738,8497,524,10601,13064],"class_list":["post-106916","post","type-post","status-publish","format-standard","has-post-thumbnail","hentry","category-mercado","tag-afia","tag-componentes-automoveis","tag-desafios","tag-exportacoes","tag-jose-couto","tag-julho"],"yoast_head":"<!-- This site is optimized with the Yoast SEO plugin v27.5 - https:\/\/yoast.com\/product\/yoast-seo-wordpress\/ -->\n<title>Exporta\u00e7\u00f5es de componentes autom\u00f3veis recuam - Jornal das Oficinas<\/title>\n<meta name=\"description\" content=\"Segundo a AFIA, em julho as exporta\u00e7\u00f5es de componentes para auto recuaram 3,9%, resistindo melhor do que as exporta\u00e7\u00f5es nacionais de bens\" \/>\n<meta name=\"robots\" content=\"index, follow, max-snippet:-1, max-image-preview:large, max-video-preview:-1\" \/>\n<link rel=\"canonical\" href=\"https:\/\/jornaldasoficinas.com\/pt\/exportacoes-de-componentes-automoveis-recuam\/\" \/>\n<meta property=\"og:locale\" content=\"pt_PT\" \/>\n<meta property=\"og:type\" content=\"article\" \/>\n<meta property=\"og:title\" content=\"Exporta\u00e7\u00f5es de componentes autom\u00f3veis recuam - Jornal das Oficinas\" \/>\n<meta property=\"og:description\" content=\"Segundo a AFIA, em julho as exporta\u00e7\u00f5es de componentes para auto recuaram 3,9%, resistindo melhor do que as exporta\u00e7\u00f5es nacionais de bens\" \/>\n<meta property=\"og:url\" content=\"https:\/\/jornaldasoficinas.com\/pt\/exportacoes-de-componentes-automoveis-recuam\/\" \/>\n<meta property=\"og:site_name\" content=\"Jornal das Oficinas\" \/>\n<meta property=\"article:publisher\" content=\"https:\/\/www.facebook.com\/jornaloficinas\" \/>\n<meta property=\"article:published_time\" content=\"2025-09-23T17:00:48+00:00\" \/>\n<meta property=\"article:modified_time\" content=\"2025-09-23T17:06:25+00:00\" \/>\n<meta property=\"og:image\" content=\"https:\/\/jornaldasoficinas.com\/pt\/wp-content\/uploads\/2025\/09\/Exportacoes-de-componentes-automoveis-recuam.jpg\" \/>\n\t<meta property=\"og:image:width\" content=\"1024\" \/>\n\t<meta property=\"og:image:height\" content=\"581\" \/>\n\t<meta property=\"og:image:type\" content=\"image\/jpeg\" \/>\n<meta name=\"author\" content=\"Reda\u00e7\u00e3o JO\" \/>\n<meta name=\"twitter:card\" content=\"summary_large_image\" \/>\n<meta name=\"twitter:creator\" content=\"@jornaloficinas\" \/>\n<meta name=\"twitter:site\" content=\"@jornaloficinas\" \/>\n<meta name=\"twitter:label1\" content=\"Escrito por\" \/>\n\t<meta name=\"twitter:data1\" content=\"Reda\u00e7\u00e3o JO\" \/>\n\t<meta name=\"twitter:label2\" content=\"Tempo estimado de leitura\" \/>\n\t<meta name=\"twitter:data2\" content=\"4 minutos\" \/>\n<script type=\"application\/ld+json\" class=\"yoast-schema-graph\">{\"@context\":\"https:\\\/\\\/schema.org\",\"@graph\":[{\"@type\":\"Article\",\"@id\":\"https:\\\/\\\/jornaldasoficinas.com\\\/pt\\\/exportacoes-de-componentes-automoveis-recuam\\\/#article\",\"isPartOf\":{\"@id\":\"https:\\\/\\\/jornaldasoficinas.com\\\/pt\\\/exportacoes-de-componentes-automoveis-recuam\\\/\"},\"author\":{\"name\":\"Reda\u00e7\u00e3o JO\",\"@id\":\"https:\\\/\\\/jornaldasoficinas.com\\\/pt\\\/#\\\/schema\\\/person\\\/a38eef5de2c41d9e7c9ac10141afddf3\"},\"headline\":\"Exporta\u00e7\u00f5es de componentes autom\u00f3veis recuam\",\"datePublished\":\"2025-09-23T17:00:48+00:00\",\"dateModified\":\"2025-09-23T17:06:25+00:00\",\"mainEntityOfPage\":{\"@id\":\"https:\\\/\\\/jornaldasoficinas.com\\\/pt\\\/exportacoes-de-componentes-automoveis-recuam\\\/\"},\"wordCount\":633,\"publisher\":{\"@id\":\"https:\\\/\\\/jornaldasoficinas.com\\\/pt\\\/#organization\"},\"image\":{\"@id\":\"https:\\\/\\\/jornaldasoficinas.com\\\/pt\\\/exportacoes-de-componentes-automoveis-recuam\\\/#primaryimage\"},\"thumbnailUrl\":\"https:\\\/\\\/jornaldasoficinas.com\\\/pt\\\/wp-content\\\/uploads\\\/2025\\\/09\\\/Exportacoes-de-componentes-automoveis-recuam.jpg\",\"keywords\":[\"AFIA\",\"componentes autom\u00f3veis\",\"desafios\",\"Exporta\u00e7\u00f5es\",\"Jos\u00e9 Couto\",\"julho\"],\"articleSection\":[\"Mercado\"],\"inLanguage\":\"pt-PT\"},{\"@type\":\"WebPage\",\"@id\":\"https:\\\/\\\/jornaldasoficinas.com\\\/pt\\\/exportacoes-de-componentes-automoveis-recuam\\\/\",\"url\":\"https:\\\/\\\/jornaldasoficinas.com\\\/pt\\\/exportacoes-de-componentes-automoveis-recuam\\\/\",\"name\":\"Exporta\u00e7\u00f5es de componentes autom\u00f3veis recuam - Jornal das Oficinas\",\"isPartOf\":{\"@id\":\"https:\\\/\\\/jornaldasoficinas.com\\\/pt\\\/#website\"},\"primaryImageOfPage\":{\"@id\":\"https:\\\/\\\/jornaldasoficinas.com\\\/pt\\\/exportacoes-de-componentes-automoveis-recuam\\\/#primaryimage\"},\"image\":{\"@id\":\"https:\\\/\\\/jornaldasoficinas.com\\\/pt\\\/exportacoes-de-componentes-automoveis-recuam\\\/#primaryimage\"},\"thumbnailUrl\":\"https:\\\/\\\/jornaldasoficinas.com\\\/pt\\\/wp-content\\\/uploads\\\/2025\\\/09\\\/Exportacoes-de-componentes-automoveis-recuam.jpg\",\"datePublished\":\"2025-09-23T17:00:48+00:00\",\"dateModified\":\"2025-09-23T17:06:25+00:00\",\"description\":\"Segundo a AFIA, em julho as exporta\u00e7\u00f5es de componentes para auto recuaram 3,9%, resistindo melhor do que as exporta\u00e7\u00f5es nacionais de bens\",\"breadcrumb\":{\"@id\":\"https:\\\/\\\/jornaldasoficinas.com\\\/pt\\\/exportacoes-de-componentes-automoveis-recuam\\\/#breadcrumb\"},\"inLanguage\":\"pt-PT\",\"potentialAction\":[{\"@type\":\"ReadAction\",\"target\":[\"https:\\\/\\\/jornaldasoficinas.com\\\/pt\\\/exportacoes-de-componentes-automoveis-recuam\\\/\"]}]},{\"@type\":\"ImageObject\",\"inLanguage\":\"pt-PT\",\"@id\":\"https:\\\/\\\/jornaldasoficinas.com\\\/pt\\\/exportacoes-de-componentes-automoveis-recuam\\\/#primaryimage\",\"url\":\"https:\\\/\\\/jornaldasoficinas.com\\\/pt\\\/wp-content\\\/uploads\\\/2025\\\/09\\\/Exportacoes-de-componentes-automoveis-recuam.jpg\",\"contentUrl\":\"https:\\\/\\\/jornaldasoficinas.com\\\/pt\\\/wp-content\\\/uploads\\\/2025\\\/09\\\/Exportacoes-de-componentes-automoveis-recuam.jpg\",\"width\":1024,\"height\":581,\"caption\":\"09 - Exportacoes de componentes automoveis recuam\"},{\"@type\":\"BreadcrumbList\",\"@id\":\"https:\\\/\\\/jornaldasoficinas.com\\\/pt\\\/exportacoes-de-componentes-automoveis-recuam\\\/#breadcrumb\",\"itemListElement\":[{\"@type\":\"ListItem\",\"position\":1,\"name\":\"In\u00edcio\",\"item\":\"https:\\\/\\\/jornaldasoficinas.com\\\/pt\\\/\"},{\"@type\":\"ListItem\",\"position\":2,\"name\":\"Exporta\u00e7\u00f5es de componentes autom\u00f3veis recuam\"}]},{\"@type\":\"WebSite\",\"@id\":\"https:\\\/\\\/jornaldasoficinas.com\\\/pt\\\/#website\",\"url\":\"https:\\\/\\\/jornaldasoficinas.com\\\/pt\\\/\",\"name\":\"Jornal das Oficinas\",\"description\":\"Jornal independente do Aftermarket Autom\u00f3vel em Portugal\",\"publisher\":{\"@id\":\"https:\\\/\\\/jornaldasoficinas.com\\\/pt\\\/#organization\"},\"potentialAction\":[{\"@type\":\"SearchAction\",\"target\":{\"@type\":\"EntryPoint\",\"urlTemplate\":\"https:\\\/\\\/jornaldasoficinas.com\\\/pt\\\/?s={search_term_string}\"},\"query-input\":{\"@type\":\"PropertyValueSpecification\",\"valueRequired\":true,\"valueName\":\"search_term_string\"}}],\"inLanguage\":\"pt-PT\"},{\"@type\":\"Organization\",\"@id\":\"https:\\\/\\\/jornaldasoficinas.com\\\/pt\\\/#organization\",\"name\":\"Jornal das Oficinas\",\"url\":\"https:\\\/\\\/jornaldasoficinas.com\\\/pt\\\/\",\"logo\":{\"@type\":\"ImageObject\",\"inLanguage\":\"pt-PT\",\"@id\":\"https:\\\/\\\/jornaldasoficinas.com\\\/pt\\\/#\\\/schema\\\/logo\\\/image\\\/\",\"url\":\"https:\\\/\\\/jornaldasoficinas.com\\\/pt\\\/wp-content\\\/uploads\\\/logoJO-SEO.png\",\"contentUrl\":\"https:\\\/\\\/jornaldasoficinas.com\\\/pt\\\/wp-content\\\/uploads\\\/logoJO-SEO.png\",\"width\":285,\"height\":450,\"caption\":\"Jornal das Oficinas\"},\"image\":{\"@id\":\"https:\\\/\\\/jornaldasoficinas.com\\\/pt\\\/#\\\/schema\\\/logo\\\/image\\\/\"},\"sameAs\":[\"https:\\\/\\\/www.facebook.com\\\/jornaloficinas\",\"https:\\\/\\\/x.com\\\/jornaloficinas\",\"https:\\\/\\\/www.instagram.com\\\/jornal_oficinas\\\/\",\"https:\\\/\\\/www.linkedin.com\\\/company\\\/jornal-das-oficinas\\\/\",\"https:\\\/\\\/www.youtube.com\\\/channel\\\/UCbQZBqtcvV-oSQrr7RzINGg\"]},{\"@type\":\"Person\",\"@id\":\"https:\\\/\\\/jornaldasoficinas.com\\\/pt\\\/#\\\/schema\\\/person\\\/a38eef5de2c41d9e7c9ac10141afddf3\",\"name\":\"Reda\u00e7\u00e3o JO\",\"image\":{\"@type\":\"ImageObject\",\"inLanguage\":\"pt-PT\",\"@id\":\"https:\\\/\\\/secure.gravatar.com\\\/avatar\\\/71f2fa71737ad68a84fea94bc708ddac8ea5b0c4788dc2ad202f3ccb2887742f?s=96&d=wp_user_avatar&r=g\",\"url\":\"https:\\\/\\\/secure.gravatar.com\\\/avatar\\\/71f2fa71737ad68a84fea94bc708ddac8ea5b0c4788dc2ad202f3ccb2887742f?s=96&d=wp_user_avatar&r=g\",\"contentUrl\":\"https:\\\/\\\/secure.gravatar.com\\\/avatar\\\/71f2fa71737ad68a84fea94bc708ddac8ea5b0c4788dc2ad202f3ccb2887742f?s=96&d=wp_user_avatar&r=g\",\"caption\":\"Reda\u00e7\u00e3o JO\"},\"url\":\"https:\\\/\\\/jornaldasoficinas.com\\\/pt\\\/author\\\/joredacao\\\/\"}]}<\/script>\n<!-- \/ Yoast SEO plugin. -->","yoast_head_json":{"title":"Exporta\u00e7\u00f5es de componentes autom\u00f3veis recuam - Jornal das Oficinas","description":"Segundo a AFIA, em julho as exporta\u00e7\u00f5es de componentes para auto recuaram 3,9%, resistindo melhor do que as exporta\u00e7\u00f5es nacionais de bens","robots":{"index":"index","follow":"follow","max-snippet":"max-snippet:-1","max-image-preview":"max-image-preview:large","max-video-preview":"max-video-preview:-1"},"canonical":"https:\/\/jornaldasoficinas.com\/pt\/exportacoes-de-componentes-automoveis-recuam\/","og_locale":"pt_PT","og_type":"article","og_title":"Exporta\u00e7\u00f5es de componentes autom\u00f3veis recuam - Jornal das Oficinas","og_description":"Segundo a AFIA, em julho as exporta\u00e7\u00f5es de componentes para auto recuaram 3,9%, resistindo melhor do que as exporta\u00e7\u00f5es nacionais de bens","og_url":"https:\/\/jornaldasoficinas.com\/pt\/exportacoes-de-componentes-automoveis-recuam\/","og_site_name":"Jornal das Oficinas","article_publisher":"https:\/\/www.facebook.com\/jornaloficinas","article_published_time":"2025-09-23T17:00:48+00:00","article_modified_time":"2025-09-23T17:06:25+00:00","og_image":[{"width":1024,"height":581,"url":"https:\/\/jornaldasoficinas.com\/pt\/wp-content\/uploads\/2025\/09\/Exportacoes-de-componentes-automoveis-recuam.jpg","type":"image\/jpeg"}],"author":"Reda\u00e7\u00e3o JO","twitter_card":"summary_large_image","twitter_creator":"@jornaloficinas","twitter_site":"@jornaloficinas","twitter_misc":{"Escrito por":"Reda\u00e7\u00e3o JO","Tempo estimado de leitura":"4 minutos"},"schema":{"@context":"https:\/\/schema.org","@graph":[{"@type":"Article","@id":"https:\/\/jornaldasoficinas.com\/pt\/exportacoes-de-componentes-automoveis-recuam\/#article","isPartOf":{"@id":"https:\/\/jornaldasoficinas.com\/pt\/exportacoes-de-componentes-automoveis-recuam\/"},"author":{"name":"Reda\u00e7\u00e3o JO","@id":"https:\/\/jornaldasoficinas.com\/pt\/#\/schema\/person\/a38eef5de2c41d9e7c9ac10141afddf3"},"headline":"Exporta\u00e7\u00f5es de componentes autom\u00f3veis recuam","datePublished":"2025-09-23T17:00:48+00:00","dateModified":"2025-09-23T17:06:25+00:00","mainEntityOfPage":{"@id":"https:\/\/jornaldasoficinas.com\/pt\/exportacoes-de-componentes-automoveis-recuam\/"},"wordCount":633,"publisher":{"@id":"https:\/\/jornaldasoficinas.com\/pt\/#organization"},"image":{"@id":"https:\/\/jornaldasoficinas.com\/pt\/exportacoes-de-componentes-automoveis-recuam\/#primaryimage"},"thumbnailUrl":"https:\/\/jornaldasoficinas.com\/pt\/wp-content\/uploads\/2025\/09\/Exportacoes-de-componentes-automoveis-recuam.jpg","keywords":["AFIA","componentes autom\u00f3veis","desafios","Exporta\u00e7\u00f5es","Jos\u00e9 Couto","julho"],"articleSection":["Mercado"],"inLanguage":"pt-PT"},{"@type":"WebPage","@id":"https:\/\/jornaldasoficinas.com\/pt\/exportacoes-de-componentes-automoveis-recuam\/","url":"https:\/\/jornaldasoficinas.com\/pt\/exportacoes-de-componentes-automoveis-recuam\/","name":"Exporta\u00e7\u00f5es de componentes autom\u00f3veis recuam - Jornal das Oficinas","isPartOf":{"@id":"https:\/\/jornaldasoficinas.com\/pt\/#website"},"primaryImageOfPage":{"@id":"https:\/\/jornaldasoficinas.com\/pt\/exportacoes-de-componentes-automoveis-recuam\/#primaryimage"},"image":{"@id":"https:\/\/jornaldasoficinas.com\/pt\/exportacoes-de-componentes-automoveis-recuam\/#primaryimage"},"thumbnailUrl":"https:\/\/jornaldasoficinas.com\/pt\/wp-content\/uploads\/2025\/09\/Exportacoes-de-componentes-automoveis-recuam.jpg","datePublished":"2025-09-23T17:00:48+00:00","dateModified":"2025-09-23T17:06:25+00:00","description":"Segundo a AFIA, em julho as exporta\u00e7\u00f5es de componentes para auto recuaram 3,9%, resistindo melhor do que as exporta\u00e7\u00f5es nacionais de bens","breadcrumb":{"@id":"https:\/\/jornaldasoficinas.com\/pt\/exportacoes-de-componentes-automoveis-recuam\/#breadcrumb"},"inLanguage":"pt-PT","potentialAction":[{"@type":"ReadAction","target":["https:\/\/jornaldasoficinas.com\/pt\/exportacoes-de-componentes-automoveis-recuam\/"]}]},{"@type":"ImageObject","inLanguage":"pt-PT","@id":"https:\/\/jornaldasoficinas.com\/pt\/exportacoes-de-componentes-automoveis-recuam\/#primaryimage","url":"https:\/\/jornaldasoficinas.com\/pt\/wp-content\/uploads\/2025\/09\/Exportacoes-de-componentes-automoveis-recuam.jpg","contentUrl":"https:\/\/jornaldasoficinas.com\/pt\/wp-content\/uploads\/2025\/09\/Exportacoes-de-componentes-automoveis-recuam.jpg","width":1024,"height":581,"caption":"09 - Exportacoes de componentes automoveis recuam"},{"@type":"BreadcrumbList","@id":"https:\/\/jornaldasoficinas.com\/pt\/exportacoes-de-componentes-automoveis-recuam\/#breadcrumb","itemListElement":[{"@type":"ListItem","position":1,"name":"In\u00edcio","item":"https:\/\/jornaldasoficinas.com\/pt\/"},{"@type":"ListItem","position":2,"name":"Exporta\u00e7\u00f5es de componentes autom\u00f3veis recuam"}]},{"@type":"WebSite","@id":"https:\/\/jornaldasoficinas.com\/pt\/#website","url":"https:\/\/jornaldasoficinas.com\/pt\/","name":"Jornal das Oficinas","description":"Jornal independente do Aftermarket Autom\u00f3vel em Portugal","publisher":{"@id":"https:\/\/jornaldasoficinas.com\/pt\/#organization"},"potentialAction":[{"@type":"SearchAction","target":{"@type":"EntryPoint","urlTemplate":"https:\/\/jornaldasoficinas.com\/pt\/?s={search_term_string}"},"query-input":{"@type":"PropertyValueSpecification","valueRequired":true,"valueName":"search_term_string"}}],"inLanguage":"pt-PT"},{"@type":"Organization","@id":"https:\/\/jornaldasoficinas.com\/pt\/#organization","name":"Jornal das Oficinas","url":"https:\/\/jornaldasoficinas.com\/pt\/","logo":{"@type":"ImageObject","inLanguage":"pt-PT","@id":"https:\/\/jornaldasoficinas.com\/pt\/#\/schema\/logo\/image\/","url":"https:\/\/jornaldasoficinas.com\/pt\/wp-content\/uploads\/logoJO-SEO.png","contentUrl":"https:\/\/jornaldasoficinas.com\/pt\/wp-content\/uploads\/logoJO-SEO.png","width":285,"height":450,"caption":"Jornal das Oficinas"},"image":{"@id":"https:\/\/jornaldasoficinas.com\/pt\/#\/schema\/logo\/image\/"},"sameAs":["https:\/\/www.facebook.com\/jornaloficinas","https:\/\/x.com\/jornaloficinas","https:\/\/www.instagram.com\/jornal_oficinas\/","https:\/\/www.linkedin.com\/company\/jornal-das-oficinas\/","https:\/\/www.youtube.com\/channel\/UCbQZBqtcvV-oSQrr7RzINGg"]},{"@type":"Person","@id":"https:\/\/jornaldasoficinas.com\/pt\/#\/schema\/person\/a38eef5de2c41d9e7c9ac10141afddf3","name":"Reda\u00e7\u00e3o JO","image":{"@type":"ImageObject","inLanguage":"pt-PT","@id":"https:\/\/secure.gravatar.com\/avatar\/71f2fa71737ad68a84fea94bc708ddac8ea5b0c4788dc2ad202f3ccb2887742f?s=96&d=wp_user_avatar&r=g","url":"https:\/\/secure.gravatar.com\/avatar\/71f2fa71737ad68a84fea94bc708ddac8ea5b0c4788dc2ad202f3ccb2887742f?s=96&d=wp_user_avatar&r=g","contentUrl":"https:\/\/secure.gravatar.com\/avatar\/71f2fa71737ad68a84fea94bc708ddac8ea5b0c4788dc2ad202f3ccb2887742f?s=96&d=wp_user_avatar&r=g","caption":"Reda\u00e7\u00e3o JO"},"url":"https:\/\/jornaldasoficinas.com\/pt\/author\/joredacao\/"}]}},"_links":{"self":[{"href":"https:\/\/jornaldasoficinas.com\/pt\/wp-json\/wp\/v2\/posts\/106916","targetHints":{"allow":["GET"]}}],"collection":[{"href":"https:\/\/jornaldasoficinas.com\/pt\/wp-json\/wp\/v2\/posts"}],"about":[{"href":"https:\/\/jornaldasoficinas.com\/pt\/wp-json\/wp\/v2\/types\/post"}],"author":[{"embeddable":true,"href":"https:\/\/jornaldasoficinas.com\/pt\/wp-json\/wp\/v2\/users\/15"}],"replies":[{"embeddable":true,"href":"https:\/\/jornaldasoficinas.com\/pt\/wp-json\/wp\/v2\/comments?post=106916"}],"version-history":[{"count":5,"href":"https:\/\/jornaldasoficinas.com\/pt\/wp-json\/wp\/v2\/posts\/106916\/revisions"}],"predecessor-version":[{"id":106948,"href":"https:\/\/jornaldasoficinas.com\/pt\/wp-json\/wp\/v2\/posts\/106916\/revisions\/106948"}],"wp:featuredmedia":[{"embeddable":true,"href":"https:\/\/jornaldasoficinas.com\/pt\/wp-json\/wp\/v2\/media\/106947"}],"wp:attachment":[{"href":"https:\/\/jornaldasoficinas.com\/pt\/wp-json\/wp\/v2\/media?parent=106916"}],"wp:term":[{"taxonomy":"category","embeddable":true,"href":"https:\/\/jornaldasoficinas.com\/pt\/wp-json\/wp\/v2\/categories?post=106916"},{"taxonomy":"post_tag","embeddable":true,"href":"https:\/\/jornaldasoficinas.com\/pt\/wp-json\/wp\/v2\/tags?post=106916"}],"curies":[{"name":"wp","href":"https:\/\/api.w.org\/{rel}","templated":true}]}}