{"id":107019,"date":"2025-09-28T20:30:47","date_gmt":"2025-09-28T19:30:47","guid":{"rendered":"https:\/\/jornaldasoficinas.com\/pt\/?p=107019"},"modified":"2025-09-26T21:45:54","modified_gmt":"2025-09-26T20:45:54","slug":"profissoes-pos-venda-que-a-ia-nao-vai-substituir","status":"publish","type":"post","link":"https:\/\/jornaldasoficinas.com\/pt\/profissoes-pos-venda-que-a-ia-nao-vai-substituir\/","title":{"rendered":"Profiss\u00f5es p\u00f3s-venda que a IA n\u00e3o vai substituir"},"content":{"rendered":"<p><img loading=\"lazy\" decoding=\"async\" class=\"alignnone size-full wp-image-107016\" src=\"https:\/\/jornaldasoficinas.com\/pt\/wp-content\/uploads\/2025\/09\/N1_profissoes_pos_venda_vrs_IA.jpeg\" alt=\"09 - N1_profissoes_pos_venda_vrs_IA\" width=\"1024\" height=\"581\" srcset=\"https:\/\/jornaldasoficinas.com\/pt\/wp-content\/uploads\/2025\/09\/N1_profissoes_pos_venda_vrs_IA.jpeg 1024w, https:\/\/jornaldasoficinas.com\/pt\/wp-content\/uploads\/2025\/09\/N1_profissoes_pos_venda_vrs_IA-300x170.jpeg 300w, https:\/\/jornaldasoficinas.com\/pt\/wp-content\/uploads\/2025\/09\/N1_profissoes_pos_venda_vrs_IA-150x85.jpeg 150w, https:\/\/jornaldasoficinas.com\/pt\/wp-content\/uploads\/2025\/09\/N1_profissoes_pos_venda_vrs_IA-768x436.jpeg 768w\" sizes=\"auto, (max-width: 1024px) 100vw, 1024px\" \/><\/p>\n<p><strong>A Intelig\u00eancia Artificial (IA) est\u00e1 a transformar diversos setores da economia, automatizando processos, otimizando decis\u00f5es e substituindo fun\u00e7\u00f5es humanas em ritmo acelerado. No entanto, nem todas as profiss\u00f5es est\u00e3o vulner\u00e1veis a esse avan\u00e7o. Segundo um estudo recente da <a href=\"https:\/\/www.google.com\/url?sa=t&amp;source=web&amp;rct=j&amp;opi=89978449&amp;url=https:\/\/www.microsoft.com\/en-us\/research\/&amp;ved=2ahUKEwjZ9J6CpfePAxUv-QIHHStdDbsQFnoECAsQAQ&amp;usg=AOvVaw28nKZzSGrzu8UdwZTDq5u3\">Microsoft Research<\/a>, algumas ocupa\u00e7\u00f5es ligadas ao p\u00f3s-venda mostram-se surpreendentemente resistentes \u00e0 automa\u00e7\u00e3o<\/strong><\/p>\n<p>Entre as fun\u00e7\u00f5es com menor risco de substitui\u00e7\u00e3o pela IA est\u00e3o os montadores e reparadores de vidros, reparadores de pneus e mec\u00e2nicos especializados. Essas profiss\u00f5es seguem exigindo um conjunto de habilidades humanas que a tecnologia ainda n\u00e3o consegue replicar com precis\u00e3o.<\/p>\n<p><strong>Montadores e Reparadores de Vidros<br \/>\n<\/strong>Listada como a quinta profiss\u00e3o menos amea\u00e7ada pela IA, com apenas 0,03% de aplicabilidade estimada, essa atividade exige um alto grau de habilidade manual, precis\u00e3o e sensibilidade t\u00e1til. A substitui\u00e7\u00e3o de vidros autom\u00f3vel, como para-brisas e janelas laterais, varia enormemente conforme o modelo e ano do ve\u00edculo,\u2028 o tipo e curvatura do vidro, e as condi\u00e7\u00f5es ambientais durante a instala\u00e7\u00e3o.<\/p>\n<p>Um simples erro de alinhamento ou aplica\u00e7\u00e3o de cola pode comprometer a seguran\u00e7a do ve\u00edculo, causando desde falhas na abertura do airbag at\u00e9 infiltra\u00e7\u00f5es de \u00e1gua e ru\u00eddos.<\/p>\n<p>Al\u00e9m disso, com o aumento dos ve\u00edculos equipados com sistemas avan\u00e7ados de assist\u00eancia \u00e0 condu\u00e7\u00e3o (ADAS), o desafio torna-se ainda maior. A troca de vidros nesses casos exige a recalibra\u00e7\u00e3o de sensores e camaras, conforme protocolos espec\u00edficos de cada fabricante \u2014 tarefas que exigem conhecimento t\u00e9cnico especializado e experi\u00eancia pr\u00e1tica.<\/p>\n<p><strong>Montadores e Reparadores de Pneus<br \/>\n<\/strong>Com risco de automa\u00e7\u00e3o estimado em apenas 0,02%, os reparadores de pneus aparecem na d\u00e9cima posi\u00e7\u00e3o entre as profiss\u00f5es menos impactadas pela IA. O motivo? A complexidade das vari\u00e1veis envolvidas no diagn\u00f3stico e na substitui\u00e7\u00e3o de pneus. O processo de repara\u00e7\u00e3o depende de fatores como o desgaste irregular do pneu,\u2028 tipo e estado da roda,\u2028 condi\u00e7\u00f5es espec\u00edficas do ve\u00edculo,\u2028 e uma valida\u00e7\u00e3o visual e sensorial em tempo real.<\/p>\n<p>Essas vari\u00e1veis tornam dif\u00edcil a cria\u00e7\u00e3o de algoritmos ou rob\u00f4s capazes de lidar com todos os cen\u00e1rios poss\u00edveis. O trabalho exige julgamento humano, improviso e uma compreens\u00e3o pr\u00e1tica que vai al\u00e9m do que a automa\u00e7\u00e3o atual pode oferecer.<\/p>\n<p><strong>Mec\u00e2nicos especializados<br \/>\n<\/strong>Mesmo com os avan\u00e7os em diagn\u00f3sticos automatizados, os profissionais respons\u00e1veis por repara\u00e7\u00f5es mec\u00e2nicas e el\u00e9tricas continuam a ser pe\u00e7as-chave no p\u00f3s-venda. O estudo da Microsoft aponta um risco de automa\u00e7\u00e3o de apenas 0,19% para esses profissionais.<\/p>\n<p>Isso porque o trabalho desses t\u00e9cnicos envolve diagn\u00f3stico de falhas com base em sintomas n\u00e3o padronizados,\u2028 interpreta\u00e7\u00e3o pr\u00e1tica de problemas mec\u00e2nicos ou el\u00e9tricos,\u2028 e adapta\u00e7\u00e3o a situa\u00e7\u00f5es inesperadas no ambiente de trabalho.<\/p>\n<p>Al\u00e9m disso, muitas vezes esses profissionais atuam fora de oficinas, em servi\u00e7os m\u00f3veis, onde o improviso e a tomada de decis\u00e3o r\u00e1pida s\u00e3o indispens\u00e1veis.<\/p>\n<p><strong>O fator humano ainda \u00e9 essencial<br \/>\n<\/strong>Apesar do crescimento exponencial da IA, o setor p\u00f3s-venda mostra que ainda h\u00e1 um grande espa\u00e7o para o trabalho humano. Profiss\u00f5es que exigem destreza manual,\u2028 sensibilidade t\u00e1til,\u2028 tomada de decis\u00e3o em contextos vari\u00e1veis e experi\u00eancia acumulada na pr\u00e1tica di\u00e1ria,\u2028 continuam altamente valorizadas \u2014 e dificilmente ser\u00e3o substitu\u00eddas por algoritmos ou rob\u00f4s no curto ou m\u00e9dio prazo.<\/p>\n<p>Enquanto fun\u00e7\u00f5es mais repetitivas e administrativas est\u00e3o mais vulner\u00e1veis \u00e0 automa\u00e7\u00e3o, as atividades pr\u00e1ticas e t\u00e9cnicas do p\u00f3s-venda seguem como um exemplo claro de que nem toda evolu\u00e7\u00e3o tecnol\u00f3gica consegue substituir a complexidade do toque humano.<\/p>\n<p>&nbsp;<\/p>\n","protected":false},"excerpt":{"rendered":"<p>A Intelig\u00eancia Artificial (IA) est\u00e1 a&#8230;<\/p>\n","protected":false},"author":15,"featured_media":107016,"comment_status":"closed","ping_status":"closed","sticky":false,"template":"","format":"standard","meta":{"footnotes":""},"categories":[37],"tags":[13672,1087,13632,13630,13629,1912,13673,13631,13628],"class_list":["post-107019","post","type-post","status-publish","format-standard","has-post-thumbnail","hentry","category-mercado","tag-fator-humano","tag-inteligencia-artificial","tag-mecanicos-especializados","tag-montadores-de-pneus","tag-montadores-de-vidros","tag-pos-venda","tag-profissoes","tag-reparadores-de-pneus","tag-reparadores-de-vidros"],"yoast_head":"<!-- This site is optimized with the Yoast SEO plugin v27.4 - https:\/\/yoast.com\/product\/yoast-seo-wordpress\/ -->\n<title>Profiss\u00f5es p\u00f3s-venda que a IA n\u00e3o vai substituir - Jornal das Oficinas<\/title>\n<meta name=\"description\" content=\"A IA est\u00e1 a transformar diversos setores, no entanto, nem todas as profiss\u00f5es est\u00e3o vulner\u00e1veis a esse avan\u00e7o\" \/>\n<meta name=\"robots\" content=\"index, follow, max-snippet:-1, max-image-preview:large, max-video-preview:-1\" \/>\n<link rel=\"canonical\" href=\"https:\/\/jornaldasoficinas.com\/pt\/profissoes-pos-venda-que-a-ia-nao-vai-substituir\/\" \/>\n<meta property=\"og:locale\" content=\"pt_PT\" \/>\n<meta property=\"og:type\" content=\"article\" \/>\n<meta property=\"og:title\" content=\"Profiss\u00f5es p\u00f3s-venda que a IA n\u00e3o vai substituir - Jornal das Oficinas\" \/>\n<meta property=\"og:description\" content=\"A IA est\u00e1 a transformar diversos setores, no entanto, nem todas as profiss\u00f5es est\u00e3o vulner\u00e1veis a esse avan\u00e7o\" \/>\n<meta property=\"og:url\" content=\"https:\/\/jornaldasoficinas.com\/pt\/profissoes-pos-venda-que-a-ia-nao-vai-substituir\/\" \/>\n<meta property=\"og:site_name\" content=\"Jornal das Oficinas\" \/>\n<meta property=\"article:publisher\" content=\"https:\/\/www.facebook.com\/jornaloficinas\" \/>\n<meta property=\"article:published_time\" content=\"2025-09-28T19:30:47+00:00\" \/>\n<meta property=\"og:image\" content=\"https:\/\/jornaldasoficinas.com\/pt\/wp-content\/uploads\/2025\/09\/N1_profissoes_pos_venda_vrs_IA.jpeg\" \/>\n\t<meta property=\"og:image:width\" content=\"1024\" \/>\n\t<meta property=\"og:image:height\" content=\"581\" \/>\n\t<meta property=\"og:image:type\" content=\"image\/jpeg\" \/>\n<meta name=\"author\" content=\"Reda\u00e7\u00e3o JO\" \/>\n<meta name=\"twitter:card\" content=\"summary_large_image\" \/>\n<meta name=\"twitter:creator\" content=\"@jornaloficinas\" \/>\n<meta name=\"twitter:site\" content=\"@jornaloficinas\" \/>\n<meta name=\"twitter:label1\" content=\"Escrito por\" \/>\n\t<meta name=\"twitter:data1\" content=\"Reda\u00e7\u00e3o JO\" \/>\n\t<meta name=\"twitter:label2\" content=\"Tempo estimado de leitura\" \/>\n\t<meta name=\"twitter:data2\" content=\"4 minutos\" \/>\n<script type=\"application\/ld+json\" class=\"yoast-schema-graph\">{\"@context\":\"https:\\\/\\\/schema.org\",\"@graph\":[{\"@type\":\"Article\",\"@id\":\"https:\\\/\\\/jornaldasoficinas.com\\\/pt\\\/profissoes-pos-venda-que-a-ia-nao-vai-substituir\\\/#article\",\"isPartOf\":{\"@id\":\"https:\\\/\\\/jornaldasoficinas.com\\\/pt\\\/profissoes-pos-venda-que-a-ia-nao-vai-substituir\\\/\"},\"author\":{\"name\":\"Reda\u00e7\u00e3o JO\",\"@id\":\"https:\\\/\\\/jornaldasoficinas.com\\\/pt\\\/#\\\/schema\\\/person\\\/a38eef5de2c41d9e7c9ac10141afddf3\"},\"headline\":\"Profiss\u00f5es p\u00f3s-venda que a IA n\u00e3o vai substituir\",\"datePublished\":\"2025-09-28T19:30:47+00:00\",\"mainEntityOfPage\":{\"@id\":\"https:\\\/\\\/jornaldasoficinas.com\\\/pt\\\/profissoes-pos-venda-que-a-ia-nao-vai-substituir\\\/\"},\"wordCount\":651,\"publisher\":{\"@id\":\"https:\\\/\\\/jornaldasoficinas.com\\\/pt\\\/#organization\"},\"image\":{\"@id\":\"https:\\\/\\\/jornaldasoficinas.com\\\/pt\\\/profissoes-pos-venda-que-a-ia-nao-vai-substituir\\\/#primaryimage\"},\"thumbnailUrl\":\"https:\\\/\\\/jornaldasoficinas.com\\\/pt\\\/wp-content\\\/uploads\\\/2025\\\/09\\\/N1_profissoes_pos_venda_vrs_IA.jpeg\",\"keywords\":[\"fator humano\",\"Intelig\u00eancia artificial\",\"Mec\u00e2nicos especializados\",\"Montadores de pneus\",\"Montadores de vidros\",\"P\u00f3s-venda\",\"profiss\u00f5es\",\"Reparadores de pneus\",\"Reparadores de Vidros\"],\"articleSection\":[\"Mercado\"],\"inLanguage\":\"pt-PT\"},{\"@type\":\"WebPage\",\"@id\":\"https:\\\/\\\/jornaldasoficinas.com\\\/pt\\\/profissoes-pos-venda-que-a-ia-nao-vai-substituir\\\/\",\"url\":\"https:\\\/\\\/jornaldasoficinas.com\\\/pt\\\/profissoes-pos-venda-que-a-ia-nao-vai-substituir\\\/\",\"name\":\"Profiss\u00f5es p\u00f3s-venda que a IA n\u00e3o vai substituir - Jornal das Oficinas\",\"isPartOf\":{\"@id\":\"https:\\\/\\\/jornaldasoficinas.com\\\/pt\\\/#website\"},\"primaryImageOfPage\":{\"@id\":\"https:\\\/\\\/jornaldasoficinas.com\\\/pt\\\/profissoes-pos-venda-que-a-ia-nao-vai-substituir\\\/#primaryimage\"},\"image\":{\"@id\":\"https:\\\/\\\/jornaldasoficinas.com\\\/pt\\\/profissoes-pos-venda-que-a-ia-nao-vai-substituir\\\/#primaryimage\"},\"thumbnailUrl\":\"https:\\\/\\\/jornaldasoficinas.com\\\/pt\\\/wp-content\\\/uploads\\\/2025\\\/09\\\/N1_profissoes_pos_venda_vrs_IA.jpeg\",\"datePublished\":\"2025-09-28T19:30:47+00:00\",\"description\":\"A IA est\u00e1 a transformar diversos setores, no entanto, nem todas as profiss\u00f5es est\u00e3o vulner\u00e1veis a esse avan\u00e7o\",\"breadcrumb\":{\"@id\":\"https:\\\/\\\/jornaldasoficinas.com\\\/pt\\\/profissoes-pos-venda-que-a-ia-nao-vai-substituir\\\/#breadcrumb\"},\"inLanguage\":\"pt-PT\",\"potentialAction\":[{\"@type\":\"ReadAction\",\"target\":[\"https:\\\/\\\/jornaldasoficinas.com\\\/pt\\\/profissoes-pos-venda-que-a-ia-nao-vai-substituir\\\/\"]}]},{\"@type\":\"ImageObject\",\"inLanguage\":\"pt-PT\",\"@id\":\"https:\\\/\\\/jornaldasoficinas.com\\\/pt\\\/profissoes-pos-venda-que-a-ia-nao-vai-substituir\\\/#primaryimage\",\"url\":\"https:\\\/\\\/jornaldasoficinas.com\\\/pt\\\/wp-content\\\/uploads\\\/2025\\\/09\\\/N1_profissoes_pos_venda_vrs_IA.jpeg\",\"contentUrl\":\"https:\\\/\\\/jornaldasoficinas.com\\\/pt\\\/wp-content\\\/uploads\\\/2025\\\/09\\\/N1_profissoes_pos_venda_vrs_IA.jpeg\",\"width\":1024,\"height\":581,\"caption\":\"09 - N1_profissoes_pos_venda_vrs_IA\"},{\"@type\":\"BreadcrumbList\",\"@id\":\"https:\\\/\\\/jornaldasoficinas.com\\\/pt\\\/profissoes-pos-venda-que-a-ia-nao-vai-substituir\\\/#breadcrumb\",\"itemListElement\":[{\"@type\":\"ListItem\",\"position\":1,\"name\":\"In\u00edcio\",\"item\":\"https:\\\/\\\/jornaldasoficinas.com\\\/pt\\\/\"},{\"@type\":\"ListItem\",\"position\":2,\"name\":\"Profiss\u00f5es p\u00f3s-venda que a IA n\u00e3o vai substituir\"}]},{\"@type\":\"WebSite\",\"@id\":\"https:\\\/\\\/jornaldasoficinas.com\\\/pt\\\/#website\",\"url\":\"https:\\\/\\\/jornaldasoficinas.com\\\/pt\\\/\",\"name\":\"Jornal das Oficinas\",\"description\":\"Jornal independente do Aftermarket Autom\u00f3vel em Portugal\",\"publisher\":{\"@id\":\"https:\\\/\\\/jornaldasoficinas.com\\\/pt\\\/#organization\"},\"potentialAction\":[{\"@type\":\"SearchAction\",\"target\":{\"@type\":\"EntryPoint\",\"urlTemplate\":\"https:\\\/\\\/jornaldasoficinas.com\\\/pt\\\/?s={search_term_string}\"},\"query-input\":{\"@type\":\"PropertyValueSpecification\",\"valueRequired\":true,\"valueName\":\"search_term_string\"}}],\"inLanguage\":\"pt-PT\"},{\"@type\":\"Organization\",\"@id\":\"https:\\\/\\\/jornaldasoficinas.com\\\/pt\\\/#organization\",\"name\":\"Jornal das Oficinas\",\"url\":\"https:\\\/\\\/jornaldasoficinas.com\\\/pt\\\/\",\"logo\":{\"@type\":\"ImageObject\",\"inLanguage\":\"pt-PT\",\"@id\":\"https:\\\/\\\/jornaldasoficinas.com\\\/pt\\\/#\\\/schema\\\/logo\\\/image\\\/\",\"url\":\"https:\\\/\\\/jornaldasoficinas.com\\\/pt\\\/wp-content\\\/uploads\\\/logoJO-SEO.png\",\"contentUrl\":\"https:\\\/\\\/jornaldasoficinas.com\\\/pt\\\/wp-content\\\/uploads\\\/logoJO-SEO.png\",\"width\":285,\"height\":450,\"caption\":\"Jornal das Oficinas\"},\"image\":{\"@id\":\"https:\\\/\\\/jornaldasoficinas.com\\\/pt\\\/#\\\/schema\\\/logo\\\/image\\\/\"},\"sameAs\":[\"https:\\\/\\\/www.facebook.com\\\/jornaloficinas\",\"https:\\\/\\\/x.com\\\/jornaloficinas\",\"https:\\\/\\\/www.instagram.com\\\/jornal_oficinas\\\/\",\"https:\\\/\\\/www.linkedin.com\\\/company\\\/jornal-das-oficinas\\\/\",\"https:\\\/\\\/www.youtube.com\\\/channel\\\/UCbQZBqtcvV-oSQrr7RzINGg\"]},{\"@type\":\"Person\",\"@id\":\"https:\\\/\\\/jornaldasoficinas.com\\\/pt\\\/#\\\/schema\\\/person\\\/a38eef5de2c41d9e7c9ac10141afddf3\",\"name\":\"Reda\u00e7\u00e3o JO\",\"image\":{\"@type\":\"ImageObject\",\"inLanguage\":\"pt-PT\",\"@id\":\"https:\\\/\\\/secure.gravatar.com\\\/avatar\\\/71f2fa71737ad68a84fea94bc708ddac8ea5b0c4788dc2ad202f3ccb2887742f?s=96&d=wp_user_avatar&r=g\",\"url\":\"https:\\\/\\\/secure.gravatar.com\\\/avatar\\\/71f2fa71737ad68a84fea94bc708ddac8ea5b0c4788dc2ad202f3ccb2887742f?s=96&d=wp_user_avatar&r=g\",\"contentUrl\":\"https:\\\/\\\/secure.gravatar.com\\\/avatar\\\/71f2fa71737ad68a84fea94bc708ddac8ea5b0c4788dc2ad202f3ccb2887742f?s=96&d=wp_user_avatar&r=g\",\"caption\":\"Reda\u00e7\u00e3o JO\"},\"url\":\"https:\\\/\\\/jornaldasoficinas.com\\\/pt\\\/author\\\/joredacao\\\/\"}]}<\/script>\n<!-- \/ Yoast SEO plugin. -->","yoast_head_json":{"title":"Profiss\u00f5es p\u00f3s-venda que a IA n\u00e3o vai substituir - Jornal das Oficinas","description":"A IA est\u00e1 a transformar diversos setores, no entanto, nem todas as profiss\u00f5es est\u00e3o vulner\u00e1veis a esse avan\u00e7o","robots":{"index":"index","follow":"follow","max-snippet":"max-snippet:-1","max-image-preview":"max-image-preview:large","max-video-preview":"max-video-preview:-1"},"canonical":"https:\/\/jornaldasoficinas.com\/pt\/profissoes-pos-venda-que-a-ia-nao-vai-substituir\/","og_locale":"pt_PT","og_type":"article","og_title":"Profiss\u00f5es p\u00f3s-venda que a IA n\u00e3o vai substituir - Jornal das Oficinas","og_description":"A IA est\u00e1 a transformar diversos setores, no entanto, nem todas as profiss\u00f5es est\u00e3o vulner\u00e1veis a esse avan\u00e7o","og_url":"https:\/\/jornaldasoficinas.com\/pt\/profissoes-pos-venda-que-a-ia-nao-vai-substituir\/","og_site_name":"Jornal das Oficinas","article_publisher":"https:\/\/www.facebook.com\/jornaloficinas","article_published_time":"2025-09-28T19:30:47+00:00","og_image":[{"width":1024,"height":581,"url":"https:\/\/jornaldasoficinas.com\/pt\/wp-content\/uploads\/2025\/09\/N1_profissoes_pos_venda_vrs_IA.jpeg","type":"image\/jpeg"}],"author":"Reda\u00e7\u00e3o JO","twitter_card":"summary_large_image","twitter_creator":"@jornaloficinas","twitter_site":"@jornaloficinas","twitter_misc":{"Escrito por":"Reda\u00e7\u00e3o JO","Tempo estimado de leitura":"4 minutos"},"schema":{"@context":"https:\/\/schema.org","@graph":[{"@type":"Article","@id":"https:\/\/jornaldasoficinas.com\/pt\/profissoes-pos-venda-que-a-ia-nao-vai-substituir\/#article","isPartOf":{"@id":"https:\/\/jornaldasoficinas.com\/pt\/profissoes-pos-venda-que-a-ia-nao-vai-substituir\/"},"author":{"name":"Reda\u00e7\u00e3o JO","@id":"https:\/\/jornaldasoficinas.com\/pt\/#\/schema\/person\/a38eef5de2c41d9e7c9ac10141afddf3"},"headline":"Profiss\u00f5es p\u00f3s-venda que a IA n\u00e3o vai substituir","datePublished":"2025-09-28T19:30:47+00:00","mainEntityOfPage":{"@id":"https:\/\/jornaldasoficinas.com\/pt\/profissoes-pos-venda-que-a-ia-nao-vai-substituir\/"},"wordCount":651,"publisher":{"@id":"https:\/\/jornaldasoficinas.com\/pt\/#organization"},"image":{"@id":"https:\/\/jornaldasoficinas.com\/pt\/profissoes-pos-venda-que-a-ia-nao-vai-substituir\/#primaryimage"},"thumbnailUrl":"https:\/\/jornaldasoficinas.com\/pt\/wp-content\/uploads\/2025\/09\/N1_profissoes_pos_venda_vrs_IA.jpeg","keywords":["fator humano","Intelig\u00eancia artificial","Mec\u00e2nicos especializados","Montadores de pneus","Montadores de vidros","P\u00f3s-venda","profiss\u00f5es","Reparadores de pneus","Reparadores de Vidros"],"articleSection":["Mercado"],"inLanguage":"pt-PT"},{"@type":"WebPage","@id":"https:\/\/jornaldasoficinas.com\/pt\/profissoes-pos-venda-que-a-ia-nao-vai-substituir\/","url":"https:\/\/jornaldasoficinas.com\/pt\/profissoes-pos-venda-que-a-ia-nao-vai-substituir\/","name":"Profiss\u00f5es p\u00f3s-venda que a IA n\u00e3o vai substituir - Jornal das Oficinas","isPartOf":{"@id":"https:\/\/jornaldasoficinas.com\/pt\/#website"},"primaryImageOfPage":{"@id":"https:\/\/jornaldasoficinas.com\/pt\/profissoes-pos-venda-que-a-ia-nao-vai-substituir\/#primaryimage"},"image":{"@id":"https:\/\/jornaldasoficinas.com\/pt\/profissoes-pos-venda-que-a-ia-nao-vai-substituir\/#primaryimage"},"thumbnailUrl":"https:\/\/jornaldasoficinas.com\/pt\/wp-content\/uploads\/2025\/09\/N1_profissoes_pos_venda_vrs_IA.jpeg","datePublished":"2025-09-28T19:30:47+00:00","description":"A IA est\u00e1 a transformar diversos setores, no entanto, nem todas as profiss\u00f5es est\u00e3o vulner\u00e1veis a esse avan\u00e7o","breadcrumb":{"@id":"https:\/\/jornaldasoficinas.com\/pt\/profissoes-pos-venda-que-a-ia-nao-vai-substituir\/#breadcrumb"},"inLanguage":"pt-PT","potentialAction":[{"@type":"ReadAction","target":["https:\/\/jornaldasoficinas.com\/pt\/profissoes-pos-venda-que-a-ia-nao-vai-substituir\/"]}]},{"@type":"ImageObject","inLanguage":"pt-PT","@id":"https:\/\/jornaldasoficinas.com\/pt\/profissoes-pos-venda-que-a-ia-nao-vai-substituir\/#primaryimage","url":"https:\/\/jornaldasoficinas.com\/pt\/wp-content\/uploads\/2025\/09\/N1_profissoes_pos_venda_vrs_IA.jpeg","contentUrl":"https:\/\/jornaldasoficinas.com\/pt\/wp-content\/uploads\/2025\/09\/N1_profissoes_pos_venda_vrs_IA.jpeg","width":1024,"height":581,"caption":"09 - N1_profissoes_pos_venda_vrs_IA"},{"@type":"BreadcrumbList","@id":"https:\/\/jornaldasoficinas.com\/pt\/profissoes-pos-venda-que-a-ia-nao-vai-substituir\/#breadcrumb","itemListElement":[{"@type":"ListItem","position":1,"name":"In\u00edcio","item":"https:\/\/jornaldasoficinas.com\/pt\/"},{"@type":"ListItem","position":2,"name":"Profiss\u00f5es p\u00f3s-venda que a IA n\u00e3o vai substituir"}]},{"@type":"WebSite","@id":"https:\/\/jornaldasoficinas.com\/pt\/#website","url":"https:\/\/jornaldasoficinas.com\/pt\/","name":"Jornal das Oficinas","description":"Jornal independente do Aftermarket Autom\u00f3vel em Portugal","publisher":{"@id":"https:\/\/jornaldasoficinas.com\/pt\/#organization"},"potentialAction":[{"@type":"SearchAction","target":{"@type":"EntryPoint","urlTemplate":"https:\/\/jornaldasoficinas.com\/pt\/?s={search_term_string}"},"query-input":{"@type":"PropertyValueSpecification","valueRequired":true,"valueName":"search_term_string"}}],"inLanguage":"pt-PT"},{"@type":"Organization","@id":"https:\/\/jornaldasoficinas.com\/pt\/#organization","name":"Jornal das Oficinas","url":"https:\/\/jornaldasoficinas.com\/pt\/","logo":{"@type":"ImageObject","inLanguage":"pt-PT","@id":"https:\/\/jornaldasoficinas.com\/pt\/#\/schema\/logo\/image\/","url":"https:\/\/jornaldasoficinas.com\/pt\/wp-content\/uploads\/logoJO-SEO.png","contentUrl":"https:\/\/jornaldasoficinas.com\/pt\/wp-content\/uploads\/logoJO-SEO.png","width":285,"height":450,"caption":"Jornal das Oficinas"},"image":{"@id":"https:\/\/jornaldasoficinas.com\/pt\/#\/schema\/logo\/image\/"},"sameAs":["https:\/\/www.facebook.com\/jornaloficinas","https:\/\/x.com\/jornaloficinas","https:\/\/www.instagram.com\/jornal_oficinas\/","https:\/\/www.linkedin.com\/company\/jornal-das-oficinas\/","https:\/\/www.youtube.com\/channel\/UCbQZBqtcvV-oSQrr7RzINGg"]},{"@type":"Person","@id":"https:\/\/jornaldasoficinas.com\/pt\/#\/schema\/person\/a38eef5de2c41d9e7c9ac10141afddf3","name":"Reda\u00e7\u00e3o JO","image":{"@type":"ImageObject","inLanguage":"pt-PT","@id":"https:\/\/secure.gravatar.com\/avatar\/71f2fa71737ad68a84fea94bc708ddac8ea5b0c4788dc2ad202f3ccb2887742f?s=96&d=wp_user_avatar&r=g","url":"https:\/\/secure.gravatar.com\/avatar\/71f2fa71737ad68a84fea94bc708ddac8ea5b0c4788dc2ad202f3ccb2887742f?s=96&d=wp_user_avatar&r=g","contentUrl":"https:\/\/secure.gravatar.com\/avatar\/71f2fa71737ad68a84fea94bc708ddac8ea5b0c4788dc2ad202f3ccb2887742f?s=96&d=wp_user_avatar&r=g","caption":"Reda\u00e7\u00e3o JO"},"url":"https:\/\/jornaldasoficinas.com\/pt\/author\/joredacao\/"}]}},"_links":{"self":[{"href":"https:\/\/jornaldasoficinas.com\/pt\/wp-json\/wp\/v2\/posts\/107019","targetHints":{"allow":["GET"]}}],"collection":[{"href":"https:\/\/jornaldasoficinas.com\/pt\/wp-json\/wp\/v2\/posts"}],"about":[{"href":"https:\/\/jornaldasoficinas.com\/pt\/wp-json\/wp\/v2\/types\/post"}],"author":[{"embeddable":true,"href":"https:\/\/jornaldasoficinas.com\/pt\/wp-json\/wp\/v2\/users\/15"}],"replies":[{"embeddable":true,"href":"https:\/\/jornaldasoficinas.com\/pt\/wp-json\/wp\/v2\/comments?post=107019"}],"version-history":[{"count":7,"href":"https:\/\/jornaldasoficinas.com\/pt\/wp-json\/wp\/v2\/posts\/107019\/revisions"}],"predecessor-version":[{"id":107236,"href":"https:\/\/jornaldasoficinas.com\/pt\/wp-json\/wp\/v2\/posts\/107019\/revisions\/107236"}],"wp:featuredmedia":[{"embeddable":true,"href":"https:\/\/jornaldasoficinas.com\/pt\/wp-json\/wp\/v2\/media\/107016"}],"wp:attachment":[{"href":"https:\/\/jornaldasoficinas.com\/pt\/wp-json\/wp\/v2\/media?parent=107019"}],"wp:term":[{"taxonomy":"category","embeddable":true,"href":"https:\/\/jornaldasoficinas.com\/pt\/wp-json\/wp\/v2\/categories?post=107019"},{"taxonomy":"post_tag","embeddable":true,"href":"https:\/\/jornaldasoficinas.com\/pt\/wp-json\/wp\/v2\/tags?post=107019"}],"curies":[{"name":"wp","href":"https:\/\/api.w.org\/{rel}","templated":true}]}}