{"id":107027,"date":"2025-09-28T21:00:02","date_gmt":"2025-09-28T20:00:02","guid":{"rendered":"https:\/\/jornaldasoficinas.com\/pt\/?p=107027"},"modified":"2025-09-26T21:51:22","modified_gmt":"2025-09-26T20:51:22","slug":"com-bases-solidas-e-visao-futurista-os-proximos-anos-prometem-mais-avancos-dayco","status":"publish","type":"post","link":"https:\/\/jornaldasoficinas.com\/pt\/com-bases-solidas-e-visao-futurista-os-proximos-anos-prometem-mais-avancos-dayco\/","title":{"rendered":"&#8220;Com bases s\u00f3lidas e vis\u00e3o futurista, os pr\u00f3ximos anos prometem mais avan\u00e7os&#8221;, Dayco"},"content":{"rendered":"<p><img loading=\"lazy\" decoding=\"async\" class=\"alignnone size-full wp-image-107015\" src=\"https:\/\/jornaldasoficinas.com\/pt\/wp-content\/uploads\/2025\/09\/N2_ricardo_caldas-_HR-01.jpg\" alt=\"09 - N2_ricardo_caldas _HR 01\" width=\"1024\" height=\"581\" srcset=\"https:\/\/jornaldasoficinas.com\/pt\/wp-content\/uploads\/2025\/09\/N2_ricardo_caldas-_HR-01.jpg 1024w, https:\/\/jornaldasoficinas.com\/pt\/wp-content\/uploads\/2025\/09\/N2_ricardo_caldas-_HR-01-300x170.jpg 300w, https:\/\/jornaldasoficinas.com\/pt\/wp-content\/uploads\/2025\/09\/N2_ricardo_caldas-_HR-01-150x85.jpg 150w, https:\/\/jornaldasoficinas.com\/pt\/wp-content\/uploads\/2025\/09\/N2_ricardo_caldas-_HR-01-768x436.jpg 768w\" sizes=\"auto, (max-width: 1024px) 100vw, 1024px\" \/><\/p>\n<p><strong>Fundada em maio de 1905, em Dayton (Ohio), a <a href=\"https:\/\/www.dayco.com\/emea-pt\/\" target=\"_blank\" rel=\"noopener\">Dayco<\/a> celebra 120 anos de exist\u00eancia como fabricante de sistemas de transmiss\u00e3o de for\u00e7a. Hoje, possui mais de 40 f\u00e1bricas em cerca de 22 pa\u00edses e emprega mais de 4.500 colaboradores. Cerca de metade dos ve\u00edculos produzidos em todo o mundo utiliza correias Dayco; na Europa, 1 em cada 2 carros novos sai de f\u00e1brica com correias Dayco e 1 em cada 5 com tensores da marca<\/strong><\/p>\n<p>A empresa, detida desde 2022 pelo fundo de capital americano Hidden Harbor Capital Partners, come\u00e7ou as suas atividades em 1905 em Ohio, nos Estados Unidos da Am\u00e9rica como Dayton Rubber Manufacturing Company, produzindo mangueiras e an\u00e9is de veda\u00e7\u00e3o em borracha. A partir da d\u00e9cada de 1920, entrou num per\u00edodo de diversifica\u00e7\u00e3o, desenvolvendo os primeiros pneus de borracha sint\u00e9tica e, em 1921, fabricando a primeira correia automotive em V. Em 1926, criou as primeiras correias dentadas e, na d\u00e9cada de 1930, aplicou a borracha sint\u00e9tica em revestimentos de rodas. Em 1960, a empresa formalizou o nome Dayco Corporation. Mais um marco ocorreu em 1993 com a aquisi\u00e7\u00e3o da divis\u00e3o Pirelli Transmissioni, fortalecendo sua posi\u00e7\u00e3o global.<\/p>\n<p>Para al\u00e9m das correias de distribui\u00e7\u00e3o, que s\u00e3o o produto bandeira na Dayco, a marca tamb\u00e9m fabrica tensores e polies de cambota para primeiro equipamento, pois a distribui\u00e7\u00e3o n\u00e3o \u00e9 uma pe\u00e7a \u00fanica, antes um conjunto de componentes que t\u00eam de estar montados com absoluto rigor, caso contr\u00e1rio o sistema n\u00e3o funcionar\u00e1 bem. \u201cO alargamento do nosso portef\u00f3lio a outro tipo de produtos, como term\u00f3statos, rolamentos de roda e, mais recentemente, dire\u00e7\u00e3o e suspens\u00e3o, tem sido um reflexo da tend\u00eancia do mercado. Apesar da Dayco ser especialista em distribui\u00e7\u00e3o, n\u00e3o pode deixar de acompanhar as tend\u00eancias do setor\u201d, diz Ricardo Caldas, diretor de vendas Dayco para Portugal.<\/p>\n<p>Gra\u00e7as \u00e0 sua especializa\u00e7\u00e3o na transfer\u00eancia de pot\u00eancia de forma silenciosa e eficiente, a Dayco afirmou-se como o principal fornecedor mundial de solu\u00e7\u00f5es de sistema para ve\u00edculos h\u00edbridos, desenvolvendo sistemas como o BSG 48\u202fV e est\u00e1 bem posicionada para a transi\u00e7\u00e3o do parque autom\u00f3vel para a mobilidade el\u00e9trica. Com uma cultura de inova\u00e7\u00e3o cont\u00ednua, foco em engenharia de ponta, presen\u00e7a global consolidada e parcerias com grandes fabricantes, a Dayco est\u00e1 preparada para os desafios futuros: desde motores a combust\u00e3o at\u00e9 ve\u00edculos h\u00edbridos e el\u00e9tricos, continuando a ser refer\u00eancia em transmiss\u00e3o de for\u00e7a com efici\u00eancia, durabilidade e respeito pelo meio ambiente. O mais relevante na marca \u00e9, indiscutivelmente, o seu know-how em equipamento de origem, ou seja, ser fabricante de primeiro equipamento de sistemas de transmiss\u00e3o para os setores autom\u00f3vel, industrial e de aftermarket \u00e9 o \u201csegredo\u201d da sua longevidade. A marca est\u00e1 presente em tudo que aquilo que \u00e9 transmiss\u00e3o de pot\u00eancia e transmiss\u00e3o de movimento. Com bases s\u00f3lidas e vis\u00e3o futurista, os pr\u00f3ximos 120 anos prometem ainda mais avan\u00e7os.<\/p>\n<p><strong>Patentes exclusivas<\/strong><br \/>\nA Dayco disp\u00f5e de algumas patentes industriais exclusivas, como, por exemplo, as correias de distribui\u00e7\u00e3o HT, que t\u00eam o lado interior branco devido a presen\u00e7a da pel\u00edcula de PTFE, a \u201cfriction wheel\u201d (tensor com veio exc\u00eantrico que ativa e desativa a bomba de \u00e1gua para regular o seu funcionamento apenas quando \u00e9 necess\u00e1rio), e as correias banhadas a \u00f3leo (\u201cBelt-in-Oil\u201d), que tamb\u00e9m foram desenvolvidas pela Dayco para a Ford h\u00e1 uns anos e, hoje, s\u00e3o aplicadas em modelos dos grupos Stellantis e VAG. Esta solu\u00e7\u00e3o surgiu fruto da necessidade de reduzir o atrito e de otimiza\u00e7\u00e3o mec\u00e2nica.<\/p>\n<p>Destaque para a App em portugu\u00eas, que cont\u00e9m informa\u00e7\u00f5es t\u00e9cnicas e detalhes sobre as pe\u00e7as de reposi\u00e7\u00e3o dispon\u00edveis em todas as suas \u00e1reas de mercado, com possibilidade de pesquisa por ve\u00edculos (fabricante, modelo, ano). Foi melhorada a experi\u00eancia do utilizador, aumentando o n\u00famero de m\u00e9todos de pesquisa e alargando o n\u00famero de grupos de produtos do cat\u00e1logo. Com imagens de alta qualidade, o design intuitivo pretende que o utilizador possa aceder facilmente, atrav\u00e9s de um PC, tablet ou smartphone. A App conta tamb\u00e9m agora com o hist\u00f3rico de pesquisa anterior e a op\u00e7\u00e3o de poder visitar outras \u00e1reas do site e retomar depois a pesquisa.<\/p>\n<p><strong>A Dayco em Portugal<\/strong><br \/>\nA Dayco est\u00e1 presente em Portugal h\u00e1 mais de vinte anos e tem como clientes os melhores distribuidores do mercado portugu\u00eas&#8230;. leia o artigo completo na edi\u00e7\u00e3o impressa ou online do Jornal das Oficinas n\u00ba224, <a href=\"https:\/\/www.yumpu.com\/pt\/document\/read\/70712302\/jornal-das-oficinas-224\/84\">aqui<\/a>.<\/p>\n<p>&nbsp;<\/p>\n","protected":false},"excerpt":{"rendered":"<p>Fundada em maio de 1905, em&#8230;<\/p>\n","protected":false},"author":15,"featured_media":107015,"comment_status":"closed","ping_status":"closed","sticky":false,"template":"","format":"standard","meta":{"footnotes":""},"categories":[38],"tags":[13635,13636,13634,6864,552,5551,13637],"class_list":["post-107027","post","type-post","status-publish","format-standard","has-post-thumbnail","hentry","category-entrevistas","tag-22-paises","tag-4-500-colaboradores","tag-40-fabricas","tag-correias-de-distribuicao","tag-dayco","tag-ricardo-caldas","tag-tensores"],"yoast_head":"<!-- This site is optimized with the Yoast SEO plugin v27.4 - https:\/\/yoast.com\/product\/yoast-seo-wordpress\/ -->\n<title>&quot;Com bases s\u00f3lidas e vis\u00e3o futurista, os pr\u00f3ximos anos prometem mais avan\u00e7os&quot;, Dayco - Jornal das Oficinas<\/title>\n<meta name=\"description\" content=\"Fundada em maio de 1905, em Dayton (Ohio), a Dayco celebra 120 anos de exist\u00eancia como fabricante de sistemas de transmiss\u00e3o de for\u00e7a\" \/>\n<meta name=\"robots\" content=\"index, follow, max-snippet:-1, max-image-preview:large, max-video-preview:-1\" \/>\n<link rel=\"canonical\" href=\"https:\/\/jornaldasoficinas.com\/pt\/com-bases-solidas-e-visao-futurista-os-proximos-anos-prometem-mais-avancos-dayco\/\" \/>\n<meta property=\"og:locale\" content=\"pt_PT\" \/>\n<meta property=\"og:type\" content=\"article\" \/>\n<meta property=\"og:title\" content=\"&quot;Com bases s\u00f3lidas e vis\u00e3o futurista, os pr\u00f3ximos anos prometem mais avan\u00e7os&quot;, Dayco - Jornal das Oficinas\" \/>\n<meta property=\"og:description\" content=\"Fundada em maio de 1905, em Dayton (Ohio), a Dayco celebra 120 anos de exist\u00eancia como fabricante de sistemas de transmiss\u00e3o de for\u00e7a\" \/>\n<meta property=\"og:url\" content=\"https:\/\/jornaldasoficinas.com\/pt\/com-bases-solidas-e-visao-futurista-os-proximos-anos-prometem-mais-avancos-dayco\/\" \/>\n<meta property=\"og:site_name\" content=\"Jornal das Oficinas\" \/>\n<meta property=\"article:publisher\" content=\"https:\/\/www.facebook.com\/jornaloficinas\" \/>\n<meta property=\"article:published_time\" content=\"2025-09-28T20:00:02+00:00\" \/>\n<meta property=\"og:image\" content=\"https:\/\/jornaldasoficinas.com\/pt\/wp-content\/uploads\/2025\/09\/N2_ricardo_caldas-_HR-01.jpg\" \/>\n\t<meta property=\"og:image:width\" content=\"1024\" \/>\n\t<meta property=\"og:image:height\" content=\"581\" \/>\n\t<meta property=\"og:image:type\" content=\"image\/jpeg\" \/>\n<meta name=\"author\" content=\"Reda\u00e7\u00e3o JO\" \/>\n<meta name=\"twitter:card\" content=\"summary_large_image\" \/>\n<meta name=\"twitter:creator\" content=\"@jornaloficinas\" \/>\n<meta name=\"twitter:site\" content=\"@jornaloficinas\" \/>\n<meta name=\"twitter:label1\" content=\"Escrito por\" \/>\n\t<meta name=\"twitter:data1\" content=\"Reda\u00e7\u00e3o JO\" \/>\n\t<meta name=\"twitter:label2\" content=\"Tempo estimado de leitura\" \/>\n\t<meta name=\"twitter:data2\" content=\"5 minutos\" \/>\n<script type=\"application\/ld+json\" class=\"yoast-schema-graph\">{\"@context\":\"https:\\\/\\\/schema.org\",\"@graph\":[{\"@type\":\"Article\",\"@id\":\"https:\\\/\\\/jornaldasoficinas.com\\\/pt\\\/com-bases-solidas-e-visao-futurista-os-proximos-anos-prometem-mais-avancos-dayco\\\/#article\",\"isPartOf\":{\"@id\":\"https:\\\/\\\/jornaldasoficinas.com\\\/pt\\\/com-bases-solidas-e-visao-futurista-os-proximos-anos-prometem-mais-avancos-dayco\\\/\"},\"author\":{\"name\":\"Reda\u00e7\u00e3o JO\",\"@id\":\"https:\\\/\\\/jornaldasoficinas.com\\\/pt\\\/#\\\/schema\\\/person\\\/a38eef5de2c41d9e7c9ac10141afddf3\"},\"headline\":\"&#8220;Com bases s\u00f3lidas e vis\u00e3o futurista, os pr\u00f3ximos anos prometem mais avan\u00e7os&#8221;, Dayco\",\"datePublished\":\"2025-09-28T20:00:02+00:00\",\"mainEntityOfPage\":{\"@id\":\"https:\\\/\\\/jornaldasoficinas.com\\\/pt\\\/com-bases-solidas-e-visao-futurista-os-proximos-anos-prometem-mais-avancos-dayco\\\/\"},\"wordCount\":804,\"publisher\":{\"@id\":\"https:\\\/\\\/jornaldasoficinas.com\\\/pt\\\/#organization\"},\"image\":{\"@id\":\"https:\\\/\\\/jornaldasoficinas.com\\\/pt\\\/com-bases-solidas-e-visao-futurista-os-proximos-anos-prometem-mais-avancos-dayco\\\/#primaryimage\"},\"thumbnailUrl\":\"https:\\\/\\\/jornaldasoficinas.com\\\/pt\\\/wp-content\\\/uploads\\\/2025\\\/09\\\/N2_ricardo_caldas-_HR-01.jpg\",\"keywords\":[\"22 pa\u00edses\",\"4.500 colaboradores\",\"40 f\u00e1bricas\",\"correias de distribui\u00e7\u00e3o\",\"Dayco\",\"Ricardo Caldas\",\"tensores\"],\"articleSection\":[\"Entrevistas\"],\"inLanguage\":\"pt-PT\"},{\"@type\":\"WebPage\",\"@id\":\"https:\\\/\\\/jornaldasoficinas.com\\\/pt\\\/com-bases-solidas-e-visao-futurista-os-proximos-anos-prometem-mais-avancos-dayco\\\/\",\"url\":\"https:\\\/\\\/jornaldasoficinas.com\\\/pt\\\/com-bases-solidas-e-visao-futurista-os-proximos-anos-prometem-mais-avancos-dayco\\\/\",\"name\":\"\\\"Com bases s\u00f3lidas e vis\u00e3o futurista, os pr\u00f3ximos anos prometem mais avan\u00e7os\\\", Dayco - Jornal das Oficinas\",\"isPartOf\":{\"@id\":\"https:\\\/\\\/jornaldasoficinas.com\\\/pt\\\/#website\"},\"primaryImageOfPage\":{\"@id\":\"https:\\\/\\\/jornaldasoficinas.com\\\/pt\\\/com-bases-solidas-e-visao-futurista-os-proximos-anos-prometem-mais-avancos-dayco\\\/#primaryimage\"},\"image\":{\"@id\":\"https:\\\/\\\/jornaldasoficinas.com\\\/pt\\\/com-bases-solidas-e-visao-futurista-os-proximos-anos-prometem-mais-avancos-dayco\\\/#primaryimage\"},\"thumbnailUrl\":\"https:\\\/\\\/jornaldasoficinas.com\\\/pt\\\/wp-content\\\/uploads\\\/2025\\\/09\\\/N2_ricardo_caldas-_HR-01.jpg\",\"datePublished\":\"2025-09-28T20:00:02+00:00\",\"description\":\"Fundada em maio de 1905, em Dayton (Ohio), a Dayco celebra 120 anos de exist\u00eancia como fabricante de sistemas de transmiss\u00e3o de for\u00e7a\",\"breadcrumb\":{\"@id\":\"https:\\\/\\\/jornaldasoficinas.com\\\/pt\\\/com-bases-solidas-e-visao-futurista-os-proximos-anos-prometem-mais-avancos-dayco\\\/#breadcrumb\"},\"inLanguage\":\"pt-PT\",\"potentialAction\":[{\"@type\":\"ReadAction\",\"target\":[\"https:\\\/\\\/jornaldasoficinas.com\\\/pt\\\/com-bases-solidas-e-visao-futurista-os-proximos-anos-prometem-mais-avancos-dayco\\\/\"]}]},{\"@type\":\"ImageObject\",\"inLanguage\":\"pt-PT\",\"@id\":\"https:\\\/\\\/jornaldasoficinas.com\\\/pt\\\/com-bases-solidas-e-visao-futurista-os-proximos-anos-prometem-mais-avancos-dayco\\\/#primaryimage\",\"url\":\"https:\\\/\\\/jornaldasoficinas.com\\\/pt\\\/wp-content\\\/uploads\\\/2025\\\/09\\\/N2_ricardo_caldas-_HR-01.jpg\",\"contentUrl\":\"https:\\\/\\\/jornaldasoficinas.com\\\/pt\\\/wp-content\\\/uploads\\\/2025\\\/09\\\/N2_ricardo_caldas-_HR-01.jpg\",\"width\":1024,\"height\":581,\"caption\":\"09 - N2_ricardo_caldas _HR 01\"},{\"@type\":\"BreadcrumbList\",\"@id\":\"https:\\\/\\\/jornaldasoficinas.com\\\/pt\\\/com-bases-solidas-e-visao-futurista-os-proximos-anos-prometem-mais-avancos-dayco\\\/#breadcrumb\",\"itemListElement\":[{\"@type\":\"ListItem\",\"position\":1,\"name\":\"In\u00edcio\",\"item\":\"https:\\\/\\\/jornaldasoficinas.com\\\/pt\\\/\"},{\"@type\":\"ListItem\",\"position\":2,\"name\":\"&#8220;Com bases s\u00f3lidas e vis\u00e3o futurista, os pr\u00f3ximos anos prometem mais avan\u00e7os&#8221;, Dayco\"}]},{\"@type\":\"WebSite\",\"@id\":\"https:\\\/\\\/jornaldasoficinas.com\\\/pt\\\/#website\",\"url\":\"https:\\\/\\\/jornaldasoficinas.com\\\/pt\\\/\",\"name\":\"Jornal das Oficinas\",\"description\":\"Jornal independente do Aftermarket Autom\u00f3vel em Portugal\",\"publisher\":{\"@id\":\"https:\\\/\\\/jornaldasoficinas.com\\\/pt\\\/#organization\"},\"potentialAction\":[{\"@type\":\"SearchAction\",\"target\":{\"@type\":\"EntryPoint\",\"urlTemplate\":\"https:\\\/\\\/jornaldasoficinas.com\\\/pt\\\/?s={search_term_string}\"},\"query-input\":{\"@type\":\"PropertyValueSpecification\",\"valueRequired\":true,\"valueName\":\"search_term_string\"}}],\"inLanguage\":\"pt-PT\"},{\"@type\":\"Organization\",\"@id\":\"https:\\\/\\\/jornaldasoficinas.com\\\/pt\\\/#organization\",\"name\":\"Jornal das Oficinas\",\"url\":\"https:\\\/\\\/jornaldasoficinas.com\\\/pt\\\/\",\"logo\":{\"@type\":\"ImageObject\",\"inLanguage\":\"pt-PT\",\"@id\":\"https:\\\/\\\/jornaldasoficinas.com\\\/pt\\\/#\\\/schema\\\/logo\\\/image\\\/\",\"url\":\"https:\\\/\\\/jornaldasoficinas.com\\\/pt\\\/wp-content\\\/uploads\\\/logoJO-SEO.png\",\"contentUrl\":\"https:\\\/\\\/jornaldasoficinas.com\\\/pt\\\/wp-content\\\/uploads\\\/logoJO-SEO.png\",\"width\":285,\"height\":450,\"caption\":\"Jornal das Oficinas\"},\"image\":{\"@id\":\"https:\\\/\\\/jornaldasoficinas.com\\\/pt\\\/#\\\/schema\\\/logo\\\/image\\\/\"},\"sameAs\":[\"https:\\\/\\\/www.facebook.com\\\/jornaloficinas\",\"https:\\\/\\\/x.com\\\/jornaloficinas\",\"https:\\\/\\\/www.instagram.com\\\/jornal_oficinas\\\/\",\"https:\\\/\\\/www.linkedin.com\\\/company\\\/jornal-das-oficinas\\\/\",\"https:\\\/\\\/www.youtube.com\\\/channel\\\/UCbQZBqtcvV-oSQrr7RzINGg\"]},{\"@type\":\"Person\",\"@id\":\"https:\\\/\\\/jornaldasoficinas.com\\\/pt\\\/#\\\/schema\\\/person\\\/a38eef5de2c41d9e7c9ac10141afddf3\",\"name\":\"Reda\u00e7\u00e3o JO\",\"image\":{\"@type\":\"ImageObject\",\"inLanguage\":\"pt-PT\",\"@id\":\"https:\\\/\\\/secure.gravatar.com\\\/avatar\\\/71f2fa71737ad68a84fea94bc708ddac8ea5b0c4788dc2ad202f3ccb2887742f?s=96&d=wp_user_avatar&r=g\",\"url\":\"https:\\\/\\\/secure.gravatar.com\\\/avatar\\\/71f2fa71737ad68a84fea94bc708ddac8ea5b0c4788dc2ad202f3ccb2887742f?s=96&d=wp_user_avatar&r=g\",\"contentUrl\":\"https:\\\/\\\/secure.gravatar.com\\\/avatar\\\/71f2fa71737ad68a84fea94bc708ddac8ea5b0c4788dc2ad202f3ccb2887742f?s=96&d=wp_user_avatar&r=g\",\"caption\":\"Reda\u00e7\u00e3o JO\"},\"url\":\"https:\\\/\\\/jornaldasoficinas.com\\\/pt\\\/author\\\/joredacao\\\/\"}]}<\/script>\n<!-- \/ Yoast SEO plugin. -->","yoast_head_json":{"title":"\"Com bases s\u00f3lidas e vis\u00e3o futurista, os pr\u00f3ximos anos prometem mais avan\u00e7os\", Dayco - Jornal das Oficinas","description":"Fundada em maio de 1905, em Dayton (Ohio), a Dayco celebra 120 anos de exist\u00eancia como fabricante de sistemas de transmiss\u00e3o de for\u00e7a","robots":{"index":"index","follow":"follow","max-snippet":"max-snippet:-1","max-image-preview":"max-image-preview:large","max-video-preview":"max-video-preview:-1"},"canonical":"https:\/\/jornaldasoficinas.com\/pt\/com-bases-solidas-e-visao-futurista-os-proximos-anos-prometem-mais-avancos-dayco\/","og_locale":"pt_PT","og_type":"article","og_title":"\"Com bases s\u00f3lidas e vis\u00e3o futurista, os pr\u00f3ximos anos prometem mais avan\u00e7os\", Dayco - Jornal das Oficinas","og_description":"Fundada em maio de 1905, em Dayton (Ohio), a Dayco celebra 120 anos de exist\u00eancia como fabricante de sistemas de transmiss\u00e3o de for\u00e7a","og_url":"https:\/\/jornaldasoficinas.com\/pt\/com-bases-solidas-e-visao-futurista-os-proximos-anos-prometem-mais-avancos-dayco\/","og_site_name":"Jornal das Oficinas","article_publisher":"https:\/\/www.facebook.com\/jornaloficinas","article_published_time":"2025-09-28T20:00:02+00:00","og_image":[{"width":1024,"height":581,"url":"https:\/\/jornaldasoficinas.com\/pt\/wp-content\/uploads\/2025\/09\/N2_ricardo_caldas-_HR-01.jpg","type":"image\/jpeg"}],"author":"Reda\u00e7\u00e3o JO","twitter_card":"summary_large_image","twitter_creator":"@jornaloficinas","twitter_site":"@jornaloficinas","twitter_misc":{"Escrito por":"Reda\u00e7\u00e3o JO","Tempo estimado de leitura":"5 minutos"},"schema":{"@context":"https:\/\/schema.org","@graph":[{"@type":"Article","@id":"https:\/\/jornaldasoficinas.com\/pt\/com-bases-solidas-e-visao-futurista-os-proximos-anos-prometem-mais-avancos-dayco\/#article","isPartOf":{"@id":"https:\/\/jornaldasoficinas.com\/pt\/com-bases-solidas-e-visao-futurista-os-proximos-anos-prometem-mais-avancos-dayco\/"},"author":{"name":"Reda\u00e7\u00e3o JO","@id":"https:\/\/jornaldasoficinas.com\/pt\/#\/schema\/person\/a38eef5de2c41d9e7c9ac10141afddf3"},"headline":"&#8220;Com bases s\u00f3lidas e vis\u00e3o futurista, os pr\u00f3ximos anos prometem mais avan\u00e7os&#8221;, Dayco","datePublished":"2025-09-28T20:00:02+00:00","mainEntityOfPage":{"@id":"https:\/\/jornaldasoficinas.com\/pt\/com-bases-solidas-e-visao-futurista-os-proximos-anos-prometem-mais-avancos-dayco\/"},"wordCount":804,"publisher":{"@id":"https:\/\/jornaldasoficinas.com\/pt\/#organization"},"image":{"@id":"https:\/\/jornaldasoficinas.com\/pt\/com-bases-solidas-e-visao-futurista-os-proximos-anos-prometem-mais-avancos-dayco\/#primaryimage"},"thumbnailUrl":"https:\/\/jornaldasoficinas.com\/pt\/wp-content\/uploads\/2025\/09\/N2_ricardo_caldas-_HR-01.jpg","keywords":["22 pa\u00edses","4.500 colaboradores","40 f\u00e1bricas","correias de distribui\u00e7\u00e3o","Dayco","Ricardo Caldas","tensores"],"articleSection":["Entrevistas"],"inLanguage":"pt-PT"},{"@type":"WebPage","@id":"https:\/\/jornaldasoficinas.com\/pt\/com-bases-solidas-e-visao-futurista-os-proximos-anos-prometem-mais-avancos-dayco\/","url":"https:\/\/jornaldasoficinas.com\/pt\/com-bases-solidas-e-visao-futurista-os-proximos-anos-prometem-mais-avancos-dayco\/","name":"\"Com bases s\u00f3lidas e vis\u00e3o futurista, os pr\u00f3ximos anos prometem mais avan\u00e7os\", Dayco - Jornal das Oficinas","isPartOf":{"@id":"https:\/\/jornaldasoficinas.com\/pt\/#website"},"primaryImageOfPage":{"@id":"https:\/\/jornaldasoficinas.com\/pt\/com-bases-solidas-e-visao-futurista-os-proximos-anos-prometem-mais-avancos-dayco\/#primaryimage"},"image":{"@id":"https:\/\/jornaldasoficinas.com\/pt\/com-bases-solidas-e-visao-futurista-os-proximos-anos-prometem-mais-avancos-dayco\/#primaryimage"},"thumbnailUrl":"https:\/\/jornaldasoficinas.com\/pt\/wp-content\/uploads\/2025\/09\/N2_ricardo_caldas-_HR-01.jpg","datePublished":"2025-09-28T20:00:02+00:00","description":"Fundada em maio de 1905, em Dayton (Ohio), a Dayco celebra 120 anos de exist\u00eancia como fabricante de sistemas de transmiss\u00e3o de for\u00e7a","breadcrumb":{"@id":"https:\/\/jornaldasoficinas.com\/pt\/com-bases-solidas-e-visao-futurista-os-proximos-anos-prometem-mais-avancos-dayco\/#breadcrumb"},"inLanguage":"pt-PT","potentialAction":[{"@type":"ReadAction","target":["https:\/\/jornaldasoficinas.com\/pt\/com-bases-solidas-e-visao-futurista-os-proximos-anos-prometem-mais-avancos-dayco\/"]}]},{"@type":"ImageObject","inLanguage":"pt-PT","@id":"https:\/\/jornaldasoficinas.com\/pt\/com-bases-solidas-e-visao-futurista-os-proximos-anos-prometem-mais-avancos-dayco\/#primaryimage","url":"https:\/\/jornaldasoficinas.com\/pt\/wp-content\/uploads\/2025\/09\/N2_ricardo_caldas-_HR-01.jpg","contentUrl":"https:\/\/jornaldasoficinas.com\/pt\/wp-content\/uploads\/2025\/09\/N2_ricardo_caldas-_HR-01.jpg","width":1024,"height":581,"caption":"09 - N2_ricardo_caldas _HR 01"},{"@type":"BreadcrumbList","@id":"https:\/\/jornaldasoficinas.com\/pt\/com-bases-solidas-e-visao-futurista-os-proximos-anos-prometem-mais-avancos-dayco\/#breadcrumb","itemListElement":[{"@type":"ListItem","position":1,"name":"In\u00edcio","item":"https:\/\/jornaldasoficinas.com\/pt\/"},{"@type":"ListItem","position":2,"name":"&#8220;Com bases s\u00f3lidas e vis\u00e3o futurista, os pr\u00f3ximos anos prometem mais avan\u00e7os&#8221;, Dayco"}]},{"@type":"WebSite","@id":"https:\/\/jornaldasoficinas.com\/pt\/#website","url":"https:\/\/jornaldasoficinas.com\/pt\/","name":"Jornal das Oficinas","description":"Jornal independente do Aftermarket Autom\u00f3vel em Portugal","publisher":{"@id":"https:\/\/jornaldasoficinas.com\/pt\/#organization"},"potentialAction":[{"@type":"SearchAction","target":{"@type":"EntryPoint","urlTemplate":"https:\/\/jornaldasoficinas.com\/pt\/?s={search_term_string}"},"query-input":{"@type":"PropertyValueSpecification","valueRequired":true,"valueName":"search_term_string"}}],"inLanguage":"pt-PT"},{"@type":"Organization","@id":"https:\/\/jornaldasoficinas.com\/pt\/#organization","name":"Jornal das Oficinas","url":"https:\/\/jornaldasoficinas.com\/pt\/","logo":{"@type":"ImageObject","inLanguage":"pt-PT","@id":"https:\/\/jornaldasoficinas.com\/pt\/#\/schema\/logo\/image\/","url":"https:\/\/jornaldasoficinas.com\/pt\/wp-content\/uploads\/logoJO-SEO.png","contentUrl":"https:\/\/jornaldasoficinas.com\/pt\/wp-content\/uploads\/logoJO-SEO.png","width":285,"height":450,"caption":"Jornal das Oficinas"},"image":{"@id":"https:\/\/jornaldasoficinas.com\/pt\/#\/schema\/logo\/image\/"},"sameAs":["https:\/\/www.facebook.com\/jornaloficinas","https:\/\/x.com\/jornaloficinas","https:\/\/www.instagram.com\/jornal_oficinas\/","https:\/\/www.linkedin.com\/company\/jornal-das-oficinas\/","https:\/\/www.youtube.com\/channel\/UCbQZBqtcvV-oSQrr7RzINGg"]},{"@type":"Person","@id":"https:\/\/jornaldasoficinas.com\/pt\/#\/schema\/person\/a38eef5de2c41d9e7c9ac10141afddf3","name":"Reda\u00e7\u00e3o JO","image":{"@type":"ImageObject","inLanguage":"pt-PT","@id":"https:\/\/secure.gravatar.com\/avatar\/71f2fa71737ad68a84fea94bc708ddac8ea5b0c4788dc2ad202f3ccb2887742f?s=96&d=wp_user_avatar&r=g","url":"https:\/\/secure.gravatar.com\/avatar\/71f2fa71737ad68a84fea94bc708ddac8ea5b0c4788dc2ad202f3ccb2887742f?s=96&d=wp_user_avatar&r=g","contentUrl":"https:\/\/secure.gravatar.com\/avatar\/71f2fa71737ad68a84fea94bc708ddac8ea5b0c4788dc2ad202f3ccb2887742f?s=96&d=wp_user_avatar&r=g","caption":"Reda\u00e7\u00e3o JO"},"url":"https:\/\/jornaldasoficinas.com\/pt\/author\/joredacao\/"}]}},"_links":{"self":[{"href":"https:\/\/jornaldasoficinas.com\/pt\/wp-json\/wp\/v2\/posts\/107027","targetHints":{"allow":["GET"]}}],"collection":[{"href":"https:\/\/jornaldasoficinas.com\/pt\/wp-json\/wp\/v2\/posts"}],"about":[{"href":"https:\/\/jornaldasoficinas.com\/pt\/wp-json\/wp\/v2\/types\/post"}],"author":[{"embeddable":true,"href":"https:\/\/jornaldasoficinas.com\/pt\/wp-json\/wp\/v2\/users\/15"}],"replies":[{"embeddable":true,"href":"https:\/\/jornaldasoficinas.com\/pt\/wp-json\/wp\/v2\/comments?post=107027"}],"version-history":[{"count":7,"href":"https:\/\/jornaldasoficinas.com\/pt\/wp-json\/wp\/v2\/posts\/107027\/revisions"}],"predecessor-version":[{"id":107238,"href":"https:\/\/jornaldasoficinas.com\/pt\/wp-json\/wp\/v2\/posts\/107027\/revisions\/107238"}],"wp:featuredmedia":[{"embeddable":true,"href":"https:\/\/jornaldasoficinas.com\/pt\/wp-json\/wp\/v2\/media\/107015"}],"wp:attachment":[{"href":"https:\/\/jornaldasoficinas.com\/pt\/wp-json\/wp\/v2\/media?parent=107027"}],"wp:term":[{"taxonomy":"category","embeddable":true,"href":"https:\/\/jornaldasoficinas.com\/pt\/wp-json\/wp\/v2\/categories?post=107027"},{"taxonomy":"post_tag","embeddable":true,"href":"https:\/\/jornaldasoficinas.com\/pt\/wp-json\/wp\/v2\/tags?post=107027"}],"curies":[{"name":"wp","href":"https:\/\/api.w.org\/{rel}","templated":true}]}}