{"id":107101,"date":"2025-09-25T12:30:25","date_gmt":"2025-09-25T11:30:25","guid":{"rendered":"https:\/\/jornaldasoficinas.com\/pt\/?p=107101"},"modified":"2025-09-24T18:16:56","modified_gmt":"2025-09-24T17:16:56","slug":"hella-gutmann-reforca-assistencia-adac-com-mega-macs-x","status":"publish","type":"post","link":"https:\/\/jornaldasoficinas.com\/pt\/hella-gutmann-reforca-assistencia-adac-com-mega-macs-x\/","title":{"rendered":"Hella Gutmann refor\u00e7a assist\u00eancia ADAC com Mega Macs X"},"content":{"rendered":"<p><strong><img loading=\"lazy\" decoding=\"async\" class=\"alignnone size-full wp-image-107104\" src=\"https:\/\/jornaldasoficinas.com\/pt\/wp-content\/uploads\/2025\/09\/Hella-Gutmann-reforca-assistencia-ADAC-com-Mega-Macs-X.jpg\" alt=\"09 - Hella Gutmann reforca assistencia ADAC com Mega Macs X\" width=\"1024\" height=\"581\" srcset=\"https:\/\/jornaldasoficinas.com\/pt\/wp-content\/uploads\/2025\/09\/Hella-Gutmann-reforca-assistencia-ADAC-com-Mega-Macs-X.jpg 1024w, https:\/\/jornaldasoficinas.com\/pt\/wp-content\/uploads\/2025\/09\/Hella-Gutmann-reforca-assistencia-ADAC-com-Mega-Macs-X-300x170.jpg 300w, https:\/\/jornaldasoficinas.com\/pt\/wp-content\/uploads\/2025\/09\/Hella-Gutmann-reforca-assistencia-ADAC-com-Mega-Macs-X-150x85.jpg 150w, https:\/\/jornaldasoficinas.com\/pt\/wp-content\/uploads\/2025\/09\/Hella-Gutmann-reforca-assistencia-ADAC-com-Mega-Macs-X-768x436.jpg 768w\" sizes=\"auto, (max-width: 1024px) 100vw, 1024px\" \/><\/strong><\/p>\n<p><strong>A <a href=\"https:\/\/www.hella-gutmann.com\/\" target=\"_blank\" rel=\"noopener\">Hella Gutmann<\/a> refor\u00e7a a sua parceria com a <a href=\"https:\/\/www.google.com\/url?sa=t&amp;source=web&amp;rct=j&amp;opi=89978449&amp;url=https:\/\/www.adac.de\/&amp;ved=2ahUKEwjU4rKi8_GPAxWARKQEHdIdLYoQFnoECBsQAQ&amp;usg=AOvVaw33ytaeqkqJfdImM2q57Vyv\">ADAC<\/a>, equipando a frota de patrulha rodovi\u00e1ria com 1.800 novas unidades Mega Macs X. A ferramenta multimarca, adaptada \u00e0 ADAC, permite diagn\u00f3sticos r\u00e1pidos no local da avaria, garantindo assist\u00eancia eficiente e fi\u00e1vel aos membros da associa\u00e7\u00e3o<\/strong><\/p>\n<p>Esta \u00e9 a terceira vez que as duas organiza\u00e7\u00f5es assinam contrato, consolidando uma rela\u00e7\u00e3o de confian\u00e7a. &#8220;Agradecemos a confian\u00e7a depositada em n\u00f3s e estamos orgulhosos por poder apoiar a mobilidade dos membros da ADAC com a nossa tecnologia avan\u00e7ada&#8221;, referiu Adnan Cemal, diretor executivo da Hella Gutmann Solutions GmbH.<\/p>\n<p>As ferramentas de diagn\u00f3stico eletr\u00f3nico s\u00e3o hoje essenciais na assist\u00eancia rodovi\u00e1ria, devido \u00e0 crescente complexidade da eletr\u00f3nica autom\u00f3vel. O Mega Macs X permite colocar carros e motas de volta \u00e0 estrada diretamente no local da avaria, suportando protocolos modernos como CAN-FD e DoIP, que processam grandes volumes de dados sem fios.<\/p>\n<p>Com fun\u00e7\u00f5es avan\u00e7adas como o Diagn\u00f3stico Autom\u00e1tico baseado em IA, o sistema identifica rapidamente a pe\u00e7a defeituosa, aumentando a precis\u00e3o e reduzindo o tempo de assist\u00eancia. Al\u00e9m disso, gra\u00e7as ao Cyber Security Management (CSM), pode desbloquear bloqueios de seguran\u00e7a de 22 marcas autom\u00f3veis.<\/p>\n<p>No caso espec\u00edfico da ADAC, o Mega Macs X foi totalmente integrado no seu sistema pr\u00f3prio, permitindo n\u00e3o s\u00f3 realizar diagn\u00f3sticos, mas tamb\u00e9m criar relat\u00f3rios impressos para o condutor no local da avaria. Este processo garante maior efici\u00eancia e conformidade com as normas de prote\u00e7\u00e3o de dados, j\u00e1 que todos os acessos s\u00e3o feitos atrav\u00e9s de servidores na Europa.<\/p>\n<p>&#8220;O Mega Macs X melhora a nossa capacidade de resposta e pode aumentar ainda mais a nossa taxa de sucesso&#8221;, concluiu Thomas Reynartz, chefe de assist\u00eancia em caso de avaria da ADAC.<\/p>\n","protected":false},"excerpt":{"rendered":"<p>A Hella Gutmann refor\u00e7a a sua&#8230;<\/p>\n","protected":false},"author":15,"featured_media":107104,"comment_status":"closed","ping_status":"closed","sticky":false,"template":"","format":"standard","meta":{"footnotes":""},"categories":[29],"tags":[13647,13650,13649,13648,2527,13651],"class_list":["post-107101","post","type-post","status-publish","format-standard","has-post-thumbnail","hentry","category-empresas","tag-adac","tag-avarias","tag-diagnostico-eletronico","tag-ferramenta-multimarca","tag-hella-gutmann","tag-mega-macs-x"],"yoast_head":"<!-- This site is optimized with the Yoast SEO plugin v27.4 - https:\/\/yoast.com\/product\/yoast-seo-wordpress\/ -->\n<title>Hella Gutmann refor\u00e7a assist\u00eancia ADAC com Mega Macs X - Jornal das Oficinas<\/title>\n<meta name=\"description\" content=\"A Hella Gutmann refor\u00e7a a sua parceria com a ADAC, equipando a frota de patrulha rodovi\u00e1ria com 1.800 novas unidades Mega Macs X\" \/>\n<meta name=\"robots\" content=\"index, follow, max-snippet:-1, max-image-preview:large, max-video-preview:-1\" \/>\n<link rel=\"canonical\" href=\"https:\/\/jornaldasoficinas.com\/pt\/hella-gutmann-reforca-assistencia-adac-com-mega-macs-x\/\" \/>\n<meta property=\"og:locale\" content=\"pt_PT\" \/>\n<meta property=\"og:type\" content=\"article\" \/>\n<meta property=\"og:title\" content=\"Hella Gutmann refor\u00e7a assist\u00eancia ADAC com Mega Macs X - Jornal das Oficinas\" \/>\n<meta property=\"og:description\" content=\"A Hella Gutmann refor\u00e7a a sua parceria com a ADAC, equipando a frota de patrulha rodovi\u00e1ria com 1.800 novas unidades Mega Macs X\" \/>\n<meta property=\"og:url\" content=\"https:\/\/jornaldasoficinas.com\/pt\/hella-gutmann-reforca-assistencia-adac-com-mega-macs-x\/\" \/>\n<meta property=\"og:site_name\" content=\"Jornal das Oficinas\" \/>\n<meta property=\"article:publisher\" content=\"https:\/\/www.facebook.com\/jornaloficinas\" \/>\n<meta property=\"article:published_time\" content=\"2025-09-25T11:30:25+00:00\" \/>\n<meta property=\"og:image\" content=\"https:\/\/jornaldasoficinas.com\/pt\/wp-content\/uploads\/2025\/09\/Hella-Gutmann-reforca-assistencia-ADAC-com-Mega-Macs-X.jpg\" \/>\n\t<meta property=\"og:image:width\" content=\"1024\" \/>\n\t<meta property=\"og:image:height\" content=\"581\" \/>\n\t<meta property=\"og:image:type\" content=\"image\/jpeg\" \/>\n<meta name=\"author\" content=\"Reda\u00e7\u00e3o JO\" \/>\n<meta name=\"twitter:card\" content=\"summary_large_image\" \/>\n<meta name=\"twitter:creator\" content=\"@jornaloficinas\" \/>\n<meta name=\"twitter:site\" content=\"@jornaloficinas\" \/>\n<meta name=\"twitter:label1\" content=\"Escrito por\" \/>\n\t<meta name=\"twitter:data1\" content=\"Reda\u00e7\u00e3o JO\" \/>\n\t<meta name=\"twitter:label2\" content=\"Tempo estimado de leitura\" \/>\n\t<meta name=\"twitter:data2\" content=\"2 minutos\" \/>\n<script type=\"application\/ld+json\" class=\"yoast-schema-graph\">{\"@context\":\"https:\\\/\\\/schema.org\",\"@graph\":[{\"@type\":\"Article\",\"@id\":\"https:\\\/\\\/jornaldasoficinas.com\\\/pt\\\/hella-gutmann-reforca-assistencia-adac-com-mega-macs-x\\\/#article\",\"isPartOf\":{\"@id\":\"https:\\\/\\\/jornaldasoficinas.com\\\/pt\\\/hella-gutmann-reforca-assistencia-adac-com-mega-macs-x\\\/\"},\"author\":{\"name\":\"Reda\u00e7\u00e3o JO\",\"@id\":\"https:\\\/\\\/jornaldasoficinas.com\\\/pt\\\/#\\\/schema\\\/person\\\/a38eef5de2c41d9e7c9ac10141afddf3\"},\"headline\":\"Hella Gutmann refor\u00e7a assist\u00eancia ADAC com Mega Macs X\",\"datePublished\":\"2025-09-25T11:30:25+00:00\",\"mainEntityOfPage\":{\"@id\":\"https:\\\/\\\/jornaldasoficinas.com\\\/pt\\\/hella-gutmann-reforca-assistencia-adac-com-mega-macs-x\\\/\"},\"wordCount\":326,\"publisher\":{\"@id\":\"https:\\\/\\\/jornaldasoficinas.com\\\/pt\\\/#organization\"},\"image\":{\"@id\":\"https:\\\/\\\/jornaldasoficinas.com\\\/pt\\\/hella-gutmann-reforca-assistencia-adac-com-mega-macs-x\\\/#primaryimage\"},\"thumbnailUrl\":\"https:\\\/\\\/jornaldasoficinas.com\\\/pt\\\/wp-content\\\/uploads\\\/2025\\\/09\\\/Hella-Gutmann-reforca-assistencia-ADAC-com-Mega-Macs-X.jpg\",\"keywords\":[\"ADAC\",\"avarias\",\"diagn\u00f3stico eletr\u00f3nico\",\"ferramenta multimarca\",\"Hella-Gutmann\",\"Mega Macs X\"],\"articleSection\":[\"Empresas\"],\"inLanguage\":\"pt-PT\"},{\"@type\":\"WebPage\",\"@id\":\"https:\\\/\\\/jornaldasoficinas.com\\\/pt\\\/hella-gutmann-reforca-assistencia-adac-com-mega-macs-x\\\/\",\"url\":\"https:\\\/\\\/jornaldasoficinas.com\\\/pt\\\/hella-gutmann-reforca-assistencia-adac-com-mega-macs-x\\\/\",\"name\":\"Hella Gutmann refor\u00e7a assist\u00eancia ADAC com Mega Macs X - Jornal das Oficinas\",\"isPartOf\":{\"@id\":\"https:\\\/\\\/jornaldasoficinas.com\\\/pt\\\/#website\"},\"primaryImageOfPage\":{\"@id\":\"https:\\\/\\\/jornaldasoficinas.com\\\/pt\\\/hella-gutmann-reforca-assistencia-adac-com-mega-macs-x\\\/#primaryimage\"},\"image\":{\"@id\":\"https:\\\/\\\/jornaldasoficinas.com\\\/pt\\\/hella-gutmann-reforca-assistencia-adac-com-mega-macs-x\\\/#primaryimage\"},\"thumbnailUrl\":\"https:\\\/\\\/jornaldasoficinas.com\\\/pt\\\/wp-content\\\/uploads\\\/2025\\\/09\\\/Hella-Gutmann-reforca-assistencia-ADAC-com-Mega-Macs-X.jpg\",\"datePublished\":\"2025-09-25T11:30:25+00:00\",\"description\":\"A Hella Gutmann refor\u00e7a a sua parceria com a ADAC, equipando a frota de patrulha rodovi\u00e1ria com 1.800 novas unidades Mega Macs X\",\"breadcrumb\":{\"@id\":\"https:\\\/\\\/jornaldasoficinas.com\\\/pt\\\/hella-gutmann-reforca-assistencia-adac-com-mega-macs-x\\\/#breadcrumb\"},\"inLanguage\":\"pt-PT\",\"potentialAction\":[{\"@type\":\"ReadAction\",\"target\":[\"https:\\\/\\\/jornaldasoficinas.com\\\/pt\\\/hella-gutmann-reforca-assistencia-adac-com-mega-macs-x\\\/\"]}]},{\"@type\":\"ImageObject\",\"inLanguage\":\"pt-PT\",\"@id\":\"https:\\\/\\\/jornaldasoficinas.com\\\/pt\\\/hella-gutmann-reforca-assistencia-adac-com-mega-macs-x\\\/#primaryimage\",\"url\":\"https:\\\/\\\/jornaldasoficinas.com\\\/pt\\\/wp-content\\\/uploads\\\/2025\\\/09\\\/Hella-Gutmann-reforca-assistencia-ADAC-com-Mega-Macs-X.jpg\",\"contentUrl\":\"https:\\\/\\\/jornaldasoficinas.com\\\/pt\\\/wp-content\\\/uploads\\\/2025\\\/09\\\/Hella-Gutmann-reforca-assistencia-ADAC-com-Mega-Macs-X.jpg\",\"width\":1024,\"height\":581,\"caption\":\"09 - Hella Gutmann reforca assistencia ADAC com Mega Macs X\"},{\"@type\":\"BreadcrumbList\",\"@id\":\"https:\\\/\\\/jornaldasoficinas.com\\\/pt\\\/hella-gutmann-reforca-assistencia-adac-com-mega-macs-x\\\/#breadcrumb\",\"itemListElement\":[{\"@type\":\"ListItem\",\"position\":1,\"name\":\"In\u00edcio\",\"item\":\"https:\\\/\\\/jornaldasoficinas.com\\\/pt\\\/\"},{\"@type\":\"ListItem\",\"position\":2,\"name\":\"Hella Gutmann refor\u00e7a assist\u00eancia ADAC com Mega Macs X\"}]},{\"@type\":\"WebSite\",\"@id\":\"https:\\\/\\\/jornaldasoficinas.com\\\/pt\\\/#website\",\"url\":\"https:\\\/\\\/jornaldasoficinas.com\\\/pt\\\/\",\"name\":\"Jornal das Oficinas\",\"description\":\"Jornal independente do Aftermarket Autom\u00f3vel em Portugal\",\"publisher\":{\"@id\":\"https:\\\/\\\/jornaldasoficinas.com\\\/pt\\\/#organization\"},\"potentialAction\":[{\"@type\":\"SearchAction\",\"target\":{\"@type\":\"EntryPoint\",\"urlTemplate\":\"https:\\\/\\\/jornaldasoficinas.com\\\/pt\\\/?s={search_term_string}\"},\"query-input\":{\"@type\":\"PropertyValueSpecification\",\"valueRequired\":true,\"valueName\":\"search_term_string\"}}],\"inLanguage\":\"pt-PT\"},{\"@type\":\"Organization\",\"@id\":\"https:\\\/\\\/jornaldasoficinas.com\\\/pt\\\/#organization\",\"name\":\"Jornal das Oficinas\",\"url\":\"https:\\\/\\\/jornaldasoficinas.com\\\/pt\\\/\",\"logo\":{\"@type\":\"ImageObject\",\"inLanguage\":\"pt-PT\",\"@id\":\"https:\\\/\\\/jornaldasoficinas.com\\\/pt\\\/#\\\/schema\\\/logo\\\/image\\\/\",\"url\":\"https:\\\/\\\/jornaldasoficinas.com\\\/pt\\\/wp-content\\\/uploads\\\/logoJO-SEO.png\",\"contentUrl\":\"https:\\\/\\\/jornaldasoficinas.com\\\/pt\\\/wp-content\\\/uploads\\\/logoJO-SEO.png\",\"width\":285,\"height\":450,\"caption\":\"Jornal das Oficinas\"},\"image\":{\"@id\":\"https:\\\/\\\/jornaldasoficinas.com\\\/pt\\\/#\\\/schema\\\/logo\\\/image\\\/\"},\"sameAs\":[\"https:\\\/\\\/www.facebook.com\\\/jornaloficinas\",\"https:\\\/\\\/x.com\\\/jornaloficinas\",\"https:\\\/\\\/www.instagram.com\\\/jornal_oficinas\\\/\",\"https:\\\/\\\/www.linkedin.com\\\/company\\\/jornal-das-oficinas\\\/\",\"https:\\\/\\\/www.youtube.com\\\/channel\\\/UCbQZBqtcvV-oSQrr7RzINGg\"]},{\"@type\":\"Person\",\"@id\":\"https:\\\/\\\/jornaldasoficinas.com\\\/pt\\\/#\\\/schema\\\/person\\\/a38eef5de2c41d9e7c9ac10141afddf3\",\"name\":\"Reda\u00e7\u00e3o JO\",\"image\":{\"@type\":\"ImageObject\",\"inLanguage\":\"pt-PT\",\"@id\":\"https:\\\/\\\/secure.gravatar.com\\\/avatar\\\/71f2fa71737ad68a84fea94bc708ddac8ea5b0c4788dc2ad202f3ccb2887742f?s=96&d=wp_user_avatar&r=g\",\"url\":\"https:\\\/\\\/secure.gravatar.com\\\/avatar\\\/71f2fa71737ad68a84fea94bc708ddac8ea5b0c4788dc2ad202f3ccb2887742f?s=96&d=wp_user_avatar&r=g\",\"contentUrl\":\"https:\\\/\\\/secure.gravatar.com\\\/avatar\\\/71f2fa71737ad68a84fea94bc708ddac8ea5b0c4788dc2ad202f3ccb2887742f?s=96&d=wp_user_avatar&r=g\",\"caption\":\"Reda\u00e7\u00e3o JO\"},\"url\":\"https:\\\/\\\/jornaldasoficinas.com\\\/pt\\\/author\\\/joredacao\\\/\"}]}<\/script>\n<!-- \/ Yoast SEO plugin. -->","yoast_head_json":{"title":"Hella Gutmann refor\u00e7a assist\u00eancia ADAC com Mega Macs X - Jornal das Oficinas","description":"A Hella Gutmann refor\u00e7a a sua parceria com a ADAC, equipando a frota de patrulha rodovi\u00e1ria com 1.800 novas unidades Mega Macs X","robots":{"index":"index","follow":"follow","max-snippet":"max-snippet:-1","max-image-preview":"max-image-preview:large","max-video-preview":"max-video-preview:-1"},"canonical":"https:\/\/jornaldasoficinas.com\/pt\/hella-gutmann-reforca-assistencia-adac-com-mega-macs-x\/","og_locale":"pt_PT","og_type":"article","og_title":"Hella Gutmann refor\u00e7a assist\u00eancia ADAC com Mega Macs X - Jornal das Oficinas","og_description":"A Hella Gutmann refor\u00e7a a sua parceria com a ADAC, equipando a frota de patrulha rodovi\u00e1ria com 1.800 novas unidades Mega Macs X","og_url":"https:\/\/jornaldasoficinas.com\/pt\/hella-gutmann-reforca-assistencia-adac-com-mega-macs-x\/","og_site_name":"Jornal das Oficinas","article_publisher":"https:\/\/www.facebook.com\/jornaloficinas","article_published_time":"2025-09-25T11:30:25+00:00","og_image":[{"width":1024,"height":581,"url":"https:\/\/jornaldasoficinas.com\/pt\/wp-content\/uploads\/2025\/09\/Hella-Gutmann-reforca-assistencia-ADAC-com-Mega-Macs-X.jpg","type":"image\/jpeg"}],"author":"Reda\u00e7\u00e3o JO","twitter_card":"summary_large_image","twitter_creator":"@jornaloficinas","twitter_site":"@jornaloficinas","twitter_misc":{"Escrito por":"Reda\u00e7\u00e3o JO","Tempo estimado de leitura":"2 minutos"},"schema":{"@context":"https:\/\/schema.org","@graph":[{"@type":"Article","@id":"https:\/\/jornaldasoficinas.com\/pt\/hella-gutmann-reforca-assistencia-adac-com-mega-macs-x\/#article","isPartOf":{"@id":"https:\/\/jornaldasoficinas.com\/pt\/hella-gutmann-reforca-assistencia-adac-com-mega-macs-x\/"},"author":{"name":"Reda\u00e7\u00e3o JO","@id":"https:\/\/jornaldasoficinas.com\/pt\/#\/schema\/person\/a38eef5de2c41d9e7c9ac10141afddf3"},"headline":"Hella Gutmann refor\u00e7a assist\u00eancia ADAC com Mega Macs X","datePublished":"2025-09-25T11:30:25+00:00","mainEntityOfPage":{"@id":"https:\/\/jornaldasoficinas.com\/pt\/hella-gutmann-reforca-assistencia-adac-com-mega-macs-x\/"},"wordCount":326,"publisher":{"@id":"https:\/\/jornaldasoficinas.com\/pt\/#organization"},"image":{"@id":"https:\/\/jornaldasoficinas.com\/pt\/hella-gutmann-reforca-assistencia-adac-com-mega-macs-x\/#primaryimage"},"thumbnailUrl":"https:\/\/jornaldasoficinas.com\/pt\/wp-content\/uploads\/2025\/09\/Hella-Gutmann-reforca-assistencia-ADAC-com-Mega-Macs-X.jpg","keywords":["ADAC","avarias","diagn\u00f3stico eletr\u00f3nico","ferramenta multimarca","Hella-Gutmann","Mega Macs X"],"articleSection":["Empresas"],"inLanguage":"pt-PT"},{"@type":"WebPage","@id":"https:\/\/jornaldasoficinas.com\/pt\/hella-gutmann-reforca-assistencia-adac-com-mega-macs-x\/","url":"https:\/\/jornaldasoficinas.com\/pt\/hella-gutmann-reforca-assistencia-adac-com-mega-macs-x\/","name":"Hella Gutmann refor\u00e7a assist\u00eancia ADAC com Mega Macs X - Jornal das Oficinas","isPartOf":{"@id":"https:\/\/jornaldasoficinas.com\/pt\/#website"},"primaryImageOfPage":{"@id":"https:\/\/jornaldasoficinas.com\/pt\/hella-gutmann-reforca-assistencia-adac-com-mega-macs-x\/#primaryimage"},"image":{"@id":"https:\/\/jornaldasoficinas.com\/pt\/hella-gutmann-reforca-assistencia-adac-com-mega-macs-x\/#primaryimage"},"thumbnailUrl":"https:\/\/jornaldasoficinas.com\/pt\/wp-content\/uploads\/2025\/09\/Hella-Gutmann-reforca-assistencia-ADAC-com-Mega-Macs-X.jpg","datePublished":"2025-09-25T11:30:25+00:00","description":"A Hella Gutmann refor\u00e7a a sua parceria com a ADAC, equipando a frota de patrulha rodovi\u00e1ria com 1.800 novas unidades Mega Macs X","breadcrumb":{"@id":"https:\/\/jornaldasoficinas.com\/pt\/hella-gutmann-reforca-assistencia-adac-com-mega-macs-x\/#breadcrumb"},"inLanguage":"pt-PT","potentialAction":[{"@type":"ReadAction","target":["https:\/\/jornaldasoficinas.com\/pt\/hella-gutmann-reforca-assistencia-adac-com-mega-macs-x\/"]}]},{"@type":"ImageObject","inLanguage":"pt-PT","@id":"https:\/\/jornaldasoficinas.com\/pt\/hella-gutmann-reforca-assistencia-adac-com-mega-macs-x\/#primaryimage","url":"https:\/\/jornaldasoficinas.com\/pt\/wp-content\/uploads\/2025\/09\/Hella-Gutmann-reforca-assistencia-ADAC-com-Mega-Macs-X.jpg","contentUrl":"https:\/\/jornaldasoficinas.com\/pt\/wp-content\/uploads\/2025\/09\/Hella-Gutmann-reforca-assistencia-ADAC-com-Mega-Macs-X.jpg","width":1024,"height":581,"caption":"09 - Hella Gutmann reforca assistencia ADAC com Mega Macs X"},{"@type":"BreadcrumbList","@id":"https:\/\/jornaldasoficinas.com\/pt\/hella-gutmann-reforca-assistencia-adac-com-mega-macs-x\/#breadcrumb","itemListElement":[{"@type":"ListItem","position":1,"name":"In\u00edcio","item":"https:\/\/jornaldasoficinas.com\/pt\/"},{"@type":"ListItem","position":2,"name":"Hella Gutmann refor\u00e7a assist\u00eancia ADAC com Mega Macs X"}]},{"@type":"WebSite","@id":"https:\/\/jornaldasoficinas.com\/pt\/#website","url":"https:\/\/jornaldasoficinas.com\/pt\/","name":"Jornal das Oficinas","description":"Jornal independente do Aftermarket Autom\u00f3vel em Portugal","publisher":{"@id":"https:\/\/jornaldasoficinas.com\/pt\/#organization"},"potentialAction":[{"@type":"SearchAction","target":{"@type":"EntryPoint","urlTemplate":"https:\/\/jornaldasoficinas.com\/pt\/?s={search_term_string}"},"query-input":{"@type":"PropertyValueSpecification","valueRequired":true,"valueName":"search_term_string"}}],"inLanguage":"pt-PT"},{"@type":"Organization","@id":"https:\/\/jornaldasoficinas.com\/pt\/#organization","name":"Jornal das Oficinas","url":"https:\/\/jornaldasoficinas.com\/pt\/","logo":{"@type":"ImageObject","inLanguage":"pt-PT","@id":"https:\/\/jornaldasoficinas.com\/pt\/#\/schema\/logo\/image\/","url":"https:\/\/jornaldasoficinas.com\/pt\/wp-content\/uploads\/logoJO-SEO.png","contentUrl":"https:\/\/jornaldasoficinas.com\/pt\/wp-content\/uploads\/logoJO-SEO.png","width":285,"height":450,"caption":"Jornal das Oficinas"},"image":{"@id":"https:\/\/jornaldasoficinas.com\/pt\/#\/schema\/logo\/image\/"},"sameAs":["https:\/\/www.facebook.com\/jornaloficinas","https:\/\/x.com\/jornaloficinas","https:\/\/www.instagram.com\/jornal_oficinas\/","https:\/\/www.linkedin.com\/company\/jornal-das-oficinas\/","https:\/\/www.youtube.com\/channel\/UCbQZBqtcvV-oSQrr7RzINGg"]},{"@type":"Person","@id":"https:\/\/jornaldasoficinas.com\/pt\/#\/schema\/person\/a38eef5de2c41d9e7c9ac10141afddf3","name":"Reda\u00e7\u00e3o JO","image":{"@type":"ImageObject","inLanguage":"pt-PT","@id":"https:\/\/secure.gravatar.com\/avatar\/71f2fa71737ad68a84fea94bc708ddac8ea5b0c4788dc2ad202f3ccb2887742f?s=96&d=wp_user_avatar&r=g","url":"https:\/\/secure.gravatar.com\/avatar\/71f2fa71737ad68a84fea94bc708ddac8ea5b0c4788dc2ad202f3ccb2887742f?s=96&d=wp_user_avatar&r=g","contentUrl":"https:\/\/secure.gravatar.com\/avatar\/71f2fa71737ad68a84fea94bc708ddac8ea5b0c4788dc2ad202f3ccb2887742f?s=96&d=wp_user_avatar&r=g","caption":"Reda\u00e7\u00e3o JO"},"url":"https:\/\/jornaldasoficinas.com\/pt\/author\/joredacao\/"}]}},"_links":{"self":[{"href":"https:\/\/jornaldasoficinas.com\/pt\/wp-json\/wp\/v2\/posts\/107101","targetHints":{"allow":["GET"]}}],"collection":[{"href":"https:\/\/jornaldasoficinas.com\/pt\/wp-json\/wp\/v2\/posts"}],"about":[{"href":"https:\/\/jornaldasoficinas.com\/pt\/wp-json\/wp\/v2\/types\/post"}],"author":[{"embeddable":true,"href":"https:\/\/jornaldasoficinas.com\/pt\/wp-json\/wp\/v2\/users\/15"}],"replies":[{"embeddable":true,"href":"https:\/\/jornaldasoficinas.com\/pt\/wp-json\/wp\/v2\/comments?post=107101"}],"version-history":[{"count":5,"href":"https:\/\/jornaldasoficinas.com\/pt\/wp-json\/wp\/v2\/posts\/107101\/revisions"}],"predecessor-version":[{"id":107111,"href":"https:\/\/jornaldasoficinas.com\/pt\/wp-json\/wp\/v2\/posts\/107101\/revisions\/107111"}],"wp:featuredmedia":[{"embeddable":true,"href":"https:\/\/jornaldasoficinas.com\/pt\/wp-json\/wp\/v2\/media\/107104"}],"wp:attachment":[{"href":"https:\/\/jornaldasoficinas.com\/pt\/wp-json\/wp\/v2\/media?parent=107101"}],"wp:term":[{"taxonomy":"category","embeddable":true,"href":"https:\/\/jornaldasoficinas.com\/pt\/wp-json\/wp\/v2\/categories?post=107101"},{"taxonomy":"post_tag","embeddable":true,"href":"https:\/\/jornaldasoficinas.com\/pt\/wp-json\/wp\/v2\/tags?post=107101"}],"curies":[{"name":"wp","href":"https:\/\/api.w.org\/{rel}","templated":true}]}}