{"id":107315,"date":"2025-10-02T14:00:47","date_gmt":"2025-10-02T13:00:47","guid":{"rendered":"https:\/\/jornaldasoficinas.com\/pt\/?p=107315"},"modified":"2025-09-30T18:46:17","modified_gmt":"2025-09-30T17:46:17","slug":"afia-reafirma-compromisso-com-metas-europeias-de-co2","status":"publish","type":"post","link":"https:\/\/jornaldasoficinas.com\/pt\/afia-reafirma-compromisso-com-metas-europeias-de-co2\/","title":{"rendered":"AFIA reafirma compromisso com metas europeias de CO2"},"content":{"rendered":"<p><strong><img loading=\"lazy\" decoding=\"async\" class=\"alignnone size-full wp-image-107326\" src=\"https:\/\/jornaldasoficinas.com\/pt\/wp-content\/uploads\/2025\/09\/AFIA-reafirma-compromisso-com-metas-europeias-de-CO2.jpg\" alt=\"09 - AFIA reafirma compromisso com metas europeias de CO2\" width=\"1024\" height=\"581\" srcset=\"https:\/\/jornaldasoficinas.com\/pt\/wp-content\/uploads\/2025\/09\/AFIA-reafirma-compromisso-com-metas-europeias-de-CO2.jpg 1024w, https:\/\/jornaldasoficinas.com\/pt\/wp-content\/uploads\/2025\/09\/AFIA-reafirma-compromisso-com-metas-europeias-de-CO2-300x170.jpg 300w, https:\/\/jornaldasoficinas.com\/pt\/wp-content\/uploads\/2025\/09\/AFIA-reafirma-compromisso-com-metas-europeias-de-CO2-150x85.jpg 150w, https:\/\/jornaldasoficinas.com\/pt\/wp-content\/uploads\/2025\/09\/AFIA-reafirma-compromisso-com-metas-europeias-de-CO2-768x436.jpg 768w\" sizes=\"auto, (max-width: 1024px) 100vw, 1024px\" \/><\/strong><\/p>\n<p><strong>No seguimento da reuni\u00e3o realizada no dia 12 de setembro, em Bruxelas, entre a Presidente da Comiss\u00e3o Europeia, Ursula von der Leyen, e os principais representantes da ind\u00fastria autom\u00f3vel, a <a href=\"https:\/\/afia.pt\/\" target=\"_blank\" rel=\"noopener\">AFIA<\/a> reafirmou o seu compromisso com a neutralidade carb\u00f3nica e com os objetivos clim\u00e1ticos da Uni\u00e3o Europeia<\/strong><\/p>\n<p>A AFIA sublinhou, no entanto, que \u00e9 essencial que esta transi\u00e7\u00e3o seja acompanhada por uma abordagem capaz de garantir flexibilidade \u00e0s empresas, proteger o emprego e refor\u00e7ar a competitividade da ind\u00fastria autom\u00f3vel portuguesa e europeia.<\/p>\n<p>De acordo com Jos\u00e9 Couto, presidente da AFIA e membro da Dire\u00e7\u00e3o da CLEPA \u2013 Associa\u00e7\u00e3o Europeia de Fornecedores da Ind\u00fastria Autom\u00f3vel, &#8220;as empresas portuguesas est\u00e3o j\u00e1 comprometidas com investimentos significativos em descarboniza\u00e7\u00e3o, refor\u00e7ando a sua aposta em solu\u00e7\u00f5es que combinem efici\u00eancia econ\u00f3mica e sustentabilidade ambiental&#8221;.<\/p>\n<p>\u00c9, no entanto, fundamental manter uma postura aberta a todas as tecnologias com zero emiss\u00f5es de carbono. Concentrar-se apenas em solu\u00e7\u00f5es totalmente el\u00e9tricas pode deixar de lado um conjunto de tecnologias de baixo carbono em que a Europa j\u00e1 ocupa um lugar de lideran\u00e7a.<\/p>\n<p>Jos\u00e9 Couto alertou, ainda, &#8220;para a concorr\u00eancia crescente de pa\u00edses como a China, fortemente apoiados pelo Estado e com cadeias de valor j\u00e1 consolidadas em \u00e1reas cr\u00edticas como as baterias, que vem exigir da Europa uma resposta coordenada. Sem medidas que reforcem a competitividade e assegurem capacidade produtiva local, a Europa arrisca-se a perder relev\u00e2ncia industrial e tecnol\u00f3gica na nova era da mobilidade&#8221;.<\/p>\n<p>O setor autom\u00f3vel \u00e9 estrat\u00e9gico para a Europa, empregando mais de 13 milh\u00f5es de pessoas e representando cerca de 7% do PIB da UE. Em Portugal, a ind\u00fastria de componentes \u00e9 um dos motores da economia nacional e um exemplo de inova\u00e7\u00e3o e exporta\u00e7\u00e3o, investindo fortemente em tecnologias para a mobilidade sustent\u00e1vel e em processos produtivos mais eficientes do ponto de vista econ\u00f3mico e ambiental.<\/p>\n<p>A AFIA refor\u00e7a assim, a sua total ambi\u00e7\u00e3o de alcan\u00e7ar a neutralidade clim\u00e1tica, mas sublinhou que esta meta s\u00f3 ser\u00e1 vi\u00e1vel com uma estrat\u00e9gia europeia que una sustentabilidade, competitividade e justi\u00e7a social. &#8220;A associa\u00e7\u00e3o continuar\u00e1 a trabalhar para que Portugal e a Europa liderem a transforma\u00e7\u00e3o para uma mobilidade de baixas e zero emiss\u00f5es, garantindo simultaneamente independ\u00eancia estrat\u00e9gica e crescimento econ\u00f3mico sustent\u00e1vel&#8221;, concluiu a mesma fonte.<\/p>\n","protected":false},"excerpt":{"rendered":"<p>No seguimento da reuni\u00e3o realizada no&#8230;<\/p>\n","protected":false},"author":15,"featured_media":107326,"comment_status":"closed","ping_status":"closed","sticky":false,"template":"","format":"standard","meta":{"footnotes":""},"categories":[37],"tags":[100,3194,13686,13687,1819],"class_list":["post-107315","post","type-post","status-publish","format-standard","has-post-thumbnail","hentry","category-mercado","tag-afia","tag-industria-automovel","tag-metas-europeias","tag-objetivos-climaticos","tag-uniao-europeia"],"yoast_head":"<!-- This site is optimized with the Yoast SEO plugin v27.4 - https:\/\/yoast.com\/product\/yoast-seo-wordpress\/ -->\n<title>AFIA reafirma compromisso com metas europeias de CO2 - Jornal das Oficinas<\/title>\n<meta name=\"description\" content=\"No seguimento da reuni\u00e3o realizada no dia 12 de setembro, em Bruxelas, a AFIA reafirmou o seu compromisso com a neutralidade carb\u00f3nica\" \/>\n<meta name=\"robots\" content=\"index, follow, max-snippet:-1, max-image-preview:large, max-video-preview:-1\" \/>\n<link rel=\"canonical\" href=\"https:\/\/jornaldasoficinas.com\/pt\/afia-reafirma-compromisso-com-metas-europeias-de-co2\/\" \/>\n<meta property=\"og:locale\" content=\"pt_PT\" \/>\n<meta property=\"og:type\" content=\"article\" \/>\n<meta property=\"og:title\" content=\"AFIA reafirma compromisso com metas europeias de CO2 - Jornal das Oficinas\" \/>\n<meta property=\"og:description\" content=\"No seguimento da reuni\u00e3o realizada no dia 12 de setembro, em Bruxelas, a AFIA reafirmou o seu compromisso com a neutralidade carb\u00f3nica\" \/>\n<meta property=\"og:url\" content=\"https:\/\/jornaldasoficinas.com\/pt\/afia-reafirma-compromisso-com-metas-europeias-de-co2\/\" \/>\n<meta property=\"og:site_name\" content=\"Jornal das Oficinas\" \/>\n<meta property=\"article:publisher\" content=\"https:\/\/www.facebook.com\/jornaloficinas\" \/>\n<meta property=\"article:published_time\" content=\"2025-10-02T13:00:47+00:00\" \/>\n<meta property=\"og:image\" content=\"https:\/\/jornaldasoficinas.com\/pt\/wp-content\/uploads\/2025\/09\/AFIA-reafirma-compromisso-com-metas-europeias-de-CO2.jpg\" \/>\n\t<meta property=\"og:image:width\" content=\"1024\" \/>\n\t<meta property=\"og:image:height\" content=\"581\" \/>\n\t<meta property=\"og:image:type\" content=\"image\/jpeg\" \/>\n<meta name=\"author\" content=\"Reda\u00e7\u00e3o JO\" \/>\n<meta name=\"twitter:card\" content=\"summary_large_image\" \/>\n<meta name=\"twitter:creator\" content=\"@jornaloficinas\" \/>\n<meta name=\"twitter:site\" content=\"@jornaloficinas\" \/>\n<meta name=\"twitter:label1\" content=\"Escrito por\" \/>\n\t<meta name=\"twitter:data1\" content=\"Reda\u00e7\u00e3o JO\" \/>\n\t<meta name=\"twitter:label2\" content=\"Tempo estimado de leitura\" \/>\n\t<meta name=\"twitter:data2\" content=\"3 minutos\" \/>\n<script type=\"application\/ld+json\" class=\"yoast-schema-graph\">{\"@context\":\"https:\\\/\\\/schema.org\",\"@graph\":[{\"@type\":\"Article\",\"@id\":\"https:\\\/\\\/jornaldasoficinas.com\\\/pt\\\/afia-reafirma-compromisso-com-metas-europeias-de-co2\\\/#article\",\"isPartOf\":{\"@id\":\"https:\\\/\\\/jornaldasoficinas.com\\\/pt\\\/afia-reafirma-compromisso-com-metas-europeias-de-co2\\\/\"},\"author\":{\"name\":\"Reda\u00e7\u00e3o JO\",\"@id\":\"https:\\\/\\\/jornaldasoficinas.com\\\/pt\\\/#\\\/schema\\\/person\\\/a38eef5de2c41d9e7c9ac10141afddf3\"},\"headline\":\"AFIA reafirma compromisso com metas europeias de CO2\",\"datePublished\":\"2025-10-02T13:00:47+00:00\",\"mainEntityOfPage\":{\"@id\":\"https:\\\/\\\/jornaldasoficinas.com\\\/pt\\\/afia-reafirma-compromisso-com-metas-europeias-de-co2\\\/\"},\"wordCount\":418,\"publisher\":{\"@id\":\"https:\\\/\\\/jornaldasoficinas.com\\\/pt\\\/#organization\"},\"image\":{\"@id\":\"https:\\\/\\\/jornaldasoficinas.com\\\/pt\\\/afia-reafirma-compromisso-com-metas-europeias-de-co2\\\/#primaryimage\"},\"thumbnailUrl\":\"https:\\\/\\\/jornaldasoficinas.com\\\/pt\\\/wp-content\\\/uploads\\\/2025\\\/09\\\/AFIA-reafirma-compromisso-com-metas-europeias-de-CO2.jpg\",\"keywords\":[\"AFIA\",\"Ind\u00fastria autom\u00f3vel\",\"metas europeias\",\"objetivos clim\u00e1ticos\",\"Uni\u00e3o Europeia\"],\"articleSection\":[\"Mercado\"],\"inLanguage\":\"pt-PT\"},{\"@type\":\"WebPage\",\"@id\":\"https:\\\/\\\/jornaldasoficinas.com\\\/pt\\\/afia-reafirma-compromisso-com-metas-europeias-de-co2\\\/\",\"url\":\"https:\\\/\\\/jornaldasoficinas.com\\\/pt\\\/afia-reafirma-compromisso-com-metas-europeias-de-co2\\\/\",\"name\":\"AFIA reafirma compromisso com metas europeias de CO2 - Jornal das Oficinas\",\"isPartOf\":{\"@id\":\"https:\\\/\\\/jornaldasoficinas.com\\\/pt\\\/#website\"},\"primaryImageOfPage\":{\"@id\":\"https:\\\/\\\/jornaldasoficinas.com\\\/pt\\\/afia-reafirma-compromisso-com-metas-europeias-de-co2\\\/#primaryimage\"},\"image\":{\"@id\":\"https:\\\/\\\/jornaldasoficinas.com\\\/pt\\\/afia-reafirma-compromisso-com-metas-europeias-de-co2\\\/#primaryimage\"},\"thumbnailUrl\":\"https:\\\/\\\/jornaldasoficinas.com\\\/pt\\\/wp-content\\\/uploads\\\/2025\\\/09\\\/AFIA-reafirma-compromisso-com-metas-europeias-de-CO2.jpg\",\"datePublished\":\"2025-10-02T13:00:47+00:00\",\"description\":\"No seguimento da reuni\u00e3o realizada no dia 12 de setembro, em Bruxelas, a AFIA reafirmou o seu compromisso com a neutralidade carb\u00f3nica\",\"breadcrumb\":{\"@id\":\"https:\\\/\\\/jornaldasoficinas.com\\\/pt\\\/afia-reafirma-compromisso-com-metas-europeias-de-co2\\\/#breadcrumb\"},\"inLanguage\":\"pt-PT\",\"potentialAction\":[{\"@type\":\"ReadAction\",\"target\":[\"https:\\\/\\\/jornaldasoficinas.com\\\/pt\\\/afia-reafirma-compromisso-com-metas-europeias-de-co2\\\/\"]}]},{\"@type\":\"ImageObject\",\"inLanguage\":\"pt-PT\",\"@id\":\"https:\\\/\\\/jornaldasoficinas.com\\\/pt\\\/afia-reafirma-compromisso-com-metas-europeias-de-co2\\\/#primaryimage\",\"url\":\"https:\\\/\\\/jornaldasoficinas.com\\\/pt\\\/wp-content\\\/uploads\\\/2025\\\/09\\\/AFIA-reafirma-compromisso-com-metas-europeias-de-CO2.jpg\",\"contentUrl\":\"https:\\\/\\\/jornaldasoficinas.com\\\/pt\\\/wp-content\\\/uploads\\\/2025\\\/09\\\/AFIA-reafirma-compromisso-com-metas-europeias-de-CO2.jpg\",\"width\":1024,\"height\":581,\"caption\":\"09 - AFIA reafirma compromisso com metas europeias de CO2\"},{\"@type\":\"BreadcrumbList\",\"@id\":\"https:\\\/\\\/jornaldasoficinas.com\\\/pt\\\/afia-reafirma-compromisso-com-metas-europeias-de-co2\\\/#breadcrumb\",\"itemListElement\":[{\"@type\":\"ListItem\",\"position\":1,\"name\":\"In\u00edcio\",\"item\":\"https:\\\/\\\/jornaldasoficinas.com\\\/pt\\\/\"},{\"@type\":\"ListItem\",\"position\":2,\"name\":\"AFIA reafirma compromisso com metas europeias de CO2\"}]},{\"@type\":\"WebSite\",\"@id\":\"https:\\\/\\\/jornaldasoficinas.com\\\/pt\\\/#website\",\"url\":\"https:\\\/\\\/jornaldasoficinas.com\\\/pt\\\/\",\"name\":\"Jornal das Oficinas\",\"description\":\"Jornal independente do Aftermarket Autom\u00f3vel em Portugal\",\"publisher\":{\"@id\":\"https:\\\/\\\/jornaldasoficinas.com\\\/pt\\\/#organization\"},\"potentialAction\":[{\"@type\":\"SearchAction\",\"target\":{\"@type\":\"EntryPoint\",\"urlTemplate\":\"https:\\\/\\\/jornaldasoficinas.com\\\/pt\\\/?s={search_term_string}\"},\"query-input\":{\"@type\":\"PropertyValueSpecification\",\"valueRequired\":true,\"valueName\":\"search_term_string\"}}],\"inLanguage\":\"pt-PT\"},{\"@type\":\"Organization\",\"@id\":\"https:\\\/\\\/jornaldasoficinas.com\\\/pt\\\/#organization\",\"name\":\"Jornal das Oficinas\",\"url\":\"https:\\\/\\\/jornaldasoficinas.com\\\/pt\\\/\",\"logo\":{\"@type\":\"ImageObject\",\"inLanguage\":\"pt-PT\",\"@id\":\"https:\\\/\\\/jornaldasoficinas.com\\\/pt\\\/#\\\/schema\\\/logo\\\/image\\\/\",\"url\":\"https:\\\/\\\/jornaldasoficinas.com\\\/pt\\\/wp-content\\\/uploads\\\/logoJO-SEO.png\",\"contentUrl\":\"https:\\\/\\\/jornaldasoficinas.com\\\/pt\\\/wp-content\\\/uploads\\\/logoJO-SEO.png\",\"width\":285,\"height\":450,\"caption\":\"Jornal das Oficinas\"},\"image\":{\"@id\":\"https:\\\/\\\/jornaldasoficinas.com\\\/pt\\\/#\\\/schema\\\/logo\\\/image\\\/\"},\"sameAs\":[\"https:\\\/\\\/www.facebook.com\\\/jornaloficinas\",\"https:\\\/\\\/x.com\\\/jornaloficinas\",\"https:\\\/\\\/www.instagram.com\\\/jornal_oficinas\\\/\",\"https:\\\/\\\/www.linkedin.com\\\/company\\\/jornal-das-oficinas\\\/\",\"https:\\\/\\\/www.youtube.com\\\/channel\\\/UCbQZBqtcvV-oSQrr7RzINGg\"]},{\"@type\":\"Person\",\"@id\":\"https:\\\/\\\/jornaldasoficinas.com\\\/pt\\\/#\\\/schema\\\/person\\\/a38eef5de2c41d9e7c9ac10141afddf3\",\"name\":\"Reda\u00e7\u00e3o JO\",\"image\":{\"@type\":\"ImageObject\",\"inLanguage\":\"pt-PT\",\"@id\":\"https:\\\/\\\/secure.gravatar.com\\\/avatar\\\/71f2fa71737ad68a84fea94bc708ddac8ea5b0c4788dc2ad202f3ccb2887742f?s=96&d=wp_user_avatar&r=g\",\"url\":\"https:\\\/\\\/secure.gravatar.com\\\/avatar\\\/71f2fa71737ad68a84fea94bc708ddac8ea5b0c4788dc2ad202f3ccb2887742f?s=96&d=wp_user_avatar&r=g\",\"contentUrl\":\"https:\\\/\\\/secure.gravatar.com\\\/avatar\\\/71f2fa71737ad68a84fea94bc708ddac8ea5b0c4788dc2ad202f3ccb2887742f?s=96&d=wp_user_avatar&r=g\",\"caption\":\"Reda\u00e7\u00e3o JO\"},\"url\":\"https:\\\/\\\/jornaldasoficinas.com\\\/pt\\\/author\\\/joredacao\\\/\"}]}<\/script>\n<!-- \/ Yoast SEO plugin. -->","yoast_head_json":{"title":"AFIA reafirma compromisso com metas europeias de CO2 - Jornal das Oficinas","description":"No seguimento da reuni\u00e3o realizada no dia 12 de setembro, em Bruxelas, a AFIA reafirmou o seu compromisso com a neutralidade carb\u00f3nica","robots":{"index":"index","follow":"follow","max-snippet":"max-snippet:-1","max-image-preview":"max-image-preview:large","max-video-preview":"max-video-preview:-1"},"canonical":"https:\/\/jornaldasoficinas.com\/pt\/afia-reafirma-compromisso-com-metas-europeias-de-co2\/","og_locale":"pt_PT","og_type":"article","og_title":"AFIA reafirma compromisso com metas europeias de CO2 - Jornal das Oficinas","og_description":"No seguimento da reuni\u00e3o realizada no dia 12 de setembro, em Bruxelas, a AFIA reafirmou o seu compromisso com a neutralidade carb\u00f3nica","og_url":"https:\/\/jornaldasoficinas.com\/pt\/afia-reafirma-compromisso-com-metas-europeias-de-co2\/","og_site_name":"Jornal das Oficinas","article_publisher":"https:\/\/www.facebook.com\/jornaloficinas","article_published_time":"2025-10-02T13:00:47+00:00","og_image":[{"width":1024,"height":581,"url":"https:\/\/jornaldasoficinas.com\/pt\/wp-content\/uploads\/2025\/09\/AFIA-reafirma-compromisso-com-metas-europeias-de-CO2.jpg","type":"image\/jpeg"}],"author":"Reda\u00e7\u00e3o JO","twitter_card":"summary_large_image","twitter_creator":"@jornaloficinas","twitter_site":"@jornaloficinas","twitter_misc":{"Escrito por":"Reda\u00e7\u00e3o JO","Tempo estimado de leitura":"3 minutos"},"schema":{"@context":"https:\/\/schema.org","@graph":[{"@type":"Article","@id":"https:\/\/jornaldasoficinas.com\/pt\/afia-reafirma-compromisso-com-metas-europeias-de-co2\/#article","isPartOf":{"@id":"https:\/\/jornaldasoficinas.com\/pt\/afia-reafirma-compromisso-com-metas-europeias-de-co2\/"},"author":{"name":"Reda\u00e7\u00e3o JO","@id":"https:\/\/jornaldasoficinas.com\/pt\/#\/schema\/person\/a38eef5de2c41d9e7c9ac10141afddf3"},"headline":"AFIA reafirma compromisso com metas europeias de CO2","datePublished":"2025-10-02T13:00:47+00:00","mainEntityOfPage":{"@id":"https:\/\/jornaldasoficinas.com\/pt\/afia-reafirma-compromisso-com-metas-europeias-de-co2\/"},"wordCount":418,"publisher":{"@id":"https:\/\/jornaldasoficinas.com\/pt\/#organization"},"image":{"@id":"https:\/\/jornaldasoficinas.com\/pt\/afia-reafirma-compromisso-com-metas-europeias-de-co2\/#primaryimage"},"thumbnailUrl":"https:\/\/jornaldasoficinas.com\/pt\/wp-content\/uploads\/2025\/09\/AFIA-reafirma-compromisso-com-metas-europeias-de-CO2.jpg","keywords":["AFIA","Ind\u00fastria autom\u00f3vel","metas europeias","objetivos clim\u00e1ticos","Uni\u00e3o Europeia"],"articleSection":["Mercado"],"inLanguage":"pt-PT"},{"@type":"WebPage","@id":"https:\/\/jornaldasoficinas.com\/pt\/afia-reafirma-compromisso-com-metas-europeias-de-co2\/","url":"https:\/\/jornaldasoficinas.com\/pt\/afia-reafirma-compromisso-com-metas-europeias-de-co2\/","name":"AFIA reafirma compromisso com metas europeias de CO2 - Jornal das Oficinas","isPartOf":{"@id":"https:\/\/jornaldasoficinas.com\/pt\/#website"},"primaryImageOfPage":{"@id":"https:\/\/jornaldasoficinas.com\/pt\/afia-reafirma-compromisso-com-metas-europeias-de-co2\/#primaryimage"},"image":{"@id":"https:\/\/jornaldasoficinas.com\/pt\/afia-reafirma-compromisso-com-metas-europeias-de-co2\/#primaryimage"},"thumbnailUrl":"https:\/\/jornaldasoficinas.com\/pt\/wp-content\/uploads\/2025\/09\/AFIA-reafirma-compromisso-com-metas-europeias-de-CO2.jpg","datePublished":"2025-10-02T13:00:47+00:00","description":"No seguimento da reuni\u00e3o realizada no dia 12 de setembro, em Bruxelas, a AFIA reafirmou o seu compromisso com a neutralidade carb\u00f3nica","breadcrumb":{"@id":"https:\/\/jornaldasoficinas.com\/pt\/afia-reafirma-compromisso-com-metas-europeias-de-co2\/#breadcrumb"},"inLanguage":"pt-PT","potentialAction":[{"@type":"ReadAction","target":["https:\/\/jornaldasoficinas.com\/pt\/afia-reafirma-compromisso-com-metas-europeias-de-co2\/"]}]},{"@type":"ImageObject","inLanguage":"pt-PT","@id":"https:\/\/jornaldasoficinas.com\/pt\/afia-reafirma-compromisso-com-metas-europeias-de-co2\/#primaryimage","url":"https:\/\/jornaldasoficinas.com\/pt\/wp-content\/uploads\/2025\/09\/AFIA-reafirma-compromisso-com-metas-europeias-de-CO2.jpg","contentUrl":"https:\/\/jornaldasoficinas.com\/pt\/wp-content\/uploads\/2025\/09\/AFIA-reafirma-compromisso-com-metas-europeias-de-CO2.jpg","width":1024,"height":581,"caption":"09 - AFIA reafirma compromisso com metas europeias de CO2"},{"@type":"BreadcrumbList","@id":"https:\/\/jornaldasoficinas.com\/pt\/afia-reafirma-compromisso-com-metas-europeias-de-co2\/#breadcrumb","itemListElement":[{"@type":"ListItem","position":1,"name":"In\u00edcio","item":"https:\/\/jornaldasoficinas.com\/pt\/"},{"@type":"ListItem","position":2,"name":"AFIA reafirma compromisso com metas europeias de CO2"}]},{"@type":"WebSite","@id":"https:\/\/jornaldasoficinas.com\/pt\/#website","url":"https:\/\/jornaldasoficinas.com\/pt\/","name":"Jornal das Oficinas","description":"Jornal independente do Aftermarket Autom\u00f3vel em Portugal","publisher":{"@id":"https:\/\/jornaldasoficinas.com\/pt\/#organization"},"potentialAction":[{"@type":"SearchAction","target":{"@type":"EntryPoint","urlTemplate":"https:\/\/jornaldasoficinas.com\/pt\/?s={search_term_string}"},"query-input":{"@type":"PropertyValueSpecification","valueRequired":true,"valueName":"search_term_string"}}],"inLanguage":"pt-PT"},{"@type":"Organization","@id":"https:\/\/jornaldasoficinas.com\/pt\/#organization","name":"Jornal das Oficinas","url":"https:\/\/jornaldasoficinas.com\/pt\/","logo":{"@type":"ImageObject","inLanguage":"pt-PT","@id":"https:\/\/jornaldasoficinas.com\/pt\/#\/schema\/logo\/image\/","url":"https:\/\/jornaldasoficinas.com\/pt\/wp-content\/uploads\/logoJO-SEO.png","contentUrl":"https:\/\/jornaldasoficinas.com\/pt\/wp-content\/uploads\/logoJO-SEO.png","width":285,"height":450,"caption":"Jornal das Oficinas"},"image":{"@id":"https:\/\/jornaldasoficinas.com\/pt\/#\/schema\/logo\/image\/"},"sameAs":["https:\/\/www.facebook.com\/jornaloficinas","https:\/\/x.com\/jornaloficinas","https:\/\/www.instagram.com\/jornal_oficinas\/","https:\/\/www.linkedin.com\/company\/jornal-das-oficinas\/","https:\/\/www.youtube.com\/channel\/UCbQZBqtcvV-oSQrr7RzINGg"]},{"@type":"Person","@id":"https:\/\/jornaldasoficinas.com\/pt\/#\/schema\/person\/a38eef5de2c41d9e7c9ac10141afddf3","name":"Reda\u00e7\u00e3o JO","image":{"@type":"ImageObject","inLanguage":"pt-PT","@id":"https:\/\/secure.gravatar.com\/avatar\/71f2fa71737ad68a84fea94bc708ddac8ea5b0c4788dc2ad202f3ccb2887742f?s=96&d=wp_user_avatar&r=g","url":"https:\/\/secure.gravatar.com\/avatar\/71f2fa71737ad68a84fea94bc708ddac8ea5b0c4788dc2ad202f3ccb2887742f?s=96&d=wp_user_avatar&r=g","contentUrl":"https:\/\/secure.gravatar.com\/avatar\/71f2fa71737ad68a84fea94bc708ddac8ea5b0c4788dc2ad202f3ccb2887742f?s=96&d=wp_user_avatar&r=g","caption":"Reda\u00e7\u00e3o JO"},"url":"https:\/\/jornaldasoficinas.com\/pt\/author\/joredacao\/"}]}},"_links":{"self":[{"href":"https:\/\/jornaldasoficinas.com\/pt\/wp-json\/wp\/v2\/posts\/107315","targetHints":{"allow":["GET"]}}],"collection":[{"href":"https:\/\/jornaldasoficinas.com\/pt\/wp-json\/wp\/v2\/posts"}],"about":[{"href":"https:\/\/jornaldasoficinas.com\/pt\/wp-json\/wp\/v2\/types\/post"}],"author":[{"embeddable":true,"href":"https:\/\/jornaldasoficinas.com\/pt\/wp-json\/wp\/v2\/users\/15"}],"replies":[{"embeddable":true,"href":"https:\/\/jornaldasoficinas.com\/pt\/wp-json\/wp\/v2\/comments?post=107315"}],"version-history":[{"count":5,"href":"https:\/\/jornaldasoficinas.com\/pt\/wp-json\/wp\/v2\/posts\/107315\/revisions"}],"predecessor-version":[{"id":107327,"href":"https:\/\/jornaldasoficinas.com\/pt\/wp-json\/wp\/v2\/posts\/107315\/revisions\/107327"}],"wp:featuredmedia":[{"embeddable":true,"href":"https:\/\/jornaldasoficinas.com\/pt\/wp-json\/wp\/v2\/media\/107326"}],"wp:attachment":[{"href":"https:\/\/jornaldasoficinas.com\/pt\/wp-json\/wp\/v2\/media?parent=107315"}],"wp:term":[{"taxonomy":"category","embeddable":true,"href":"https:\/\/jornaldasoficinas.com\/pt\/wp-json\/wp\/v2\/categories?post=107315"},{"taxonomy":"post_tag","embeddable":true,"href":"https:\/\/jornaldasoficinas.com\/pt\/wp-json\/wp\/v2\/tags?post=107315"}],"curies":[{"name":"wp","href":"https:\/\/api.w.org\/{rel}","templated":true}]}}