{"id":107446,"date":"2025-10-05T22:00:05","date_gmt":"2025-10-05T21:00:05","guid":{"rendered":"https:\/\/jornaldasoficinas.com\/pt\/?p=107446"},"modified":"2025-10-05T22:39:47","modified_gmt":"2025-10-05T21:39:47","slug":"caracteristicas-especiais-da-carrocaria-de-ve","status":"publish","type":"post","link":"https:\/\/jornaldasoficinas.com\/pt\/caracteristicas-especiais-da-carrocaria-de-ve\/","title":{"rendered":"Caracter\u00edsticas especiais da carro\u00e7aria de VE"},"content":{"rendered":"<p><img loading=\"lazy\" decoding=\"async\" class=\"size-full wp-image-107447\" src=\"https:\/\/jornaldasoficinas.com\/pt\/wp-content\/uploads\/2025\/09\/carrocaria_VE.jpeg\" alt=\"09 - carrocaria_VE\" width=\"1024\" height=\"581\" srcset=\"https:\/\/jornaldasoficinas.com\/pt\/wp-content\/uploads\/2025\/09\/carrocaria_VE.jpeg 1024w, https:\/\/jornaldasoficinas.com\/pt\/wp-content\/uploads\/2025\/09\/carrocaria_VE-300x170.jpeg 300w, https:\/\/jornaldasoficinas.com\/pt\/wp-content\/uploads\/2025\/09\/carrocaria_VE-150x85.jpeg 150w, https:\/\/jornaldasoficinas.com\/pt\/wp-content\/uploads\/2025\/09\/carrocaria_VE-768x436.jpeg 768w\" sizes=\"auto, (max-width: 1024px) 100vw, 1024px\" \/><\/p>\n<p><strong>A carro\u00e7aria \u00e9 um componente fundamental na conce\u00e7\u00e3o e fabrico\u2028 de ve\u00edculos el\u00e9tricos e desempenha um papel crucial no seu desempenho, seguran\u00e7a e efici\u00eancia. Ao contr\u00e1rio dos ve\u00edculos com motores de combust\u00e3o interna, as carro\u00e7arias dos autom\u00f3veis el\u00e9tricos t\u00eam de ser adaptadas \u00e0s particularidades da propuls\u00e3o el\u00e9trica, como a localiza\u00e7\u00e3o da bateria, a aus\u00eancia de um motor volumoso e a necessidade de otimizar a aerodin\u00e2mica<\/strong><\/p>\n<p>Uma das principais carater\u00edsticas das carro\u00e7arias dos autom\u00f3veis el\u00e9tricos \u00e9 o baixo centro de gravidade, conseguido principalmente gra\u00e7as \u00e0 coloca\u00e7\u00e3o da bateria no piso do ve\u00edculo. A bateria, o componente mais pesado do autom\u00f3vel, est\u00e1 integrada na parte inferior da plataforma, o que oferece vantagens significativas.<\/p>\n<ul>\n<li><strong> Melhor comportamento e estabilidade: <\/strong>Com o peso distribu\u00eddo uniformemente e posicionado perto do ch\u00e3o, o autom\u00f3vel tem menos probabilidades de capotar em curvas apertadas ou manobras bruscas.<\/li>\n<li><strong> Condu\u00e7\u00e3o mais din\u00e2mica e desportiva: <\/strong>Um centro de gravidade baixo melhora a resposta da dire\u00e7\u00e3o e a din\u00e2mica do ve\u00edculo, resultando numa condu\u00e7\u00e3o mais \u00e1gil, embora os ve\u00edculos el\u00e9tricos sejam geralmente mais pesados devido \u00e0s baterias.<\/li>\n<\/ul>\n<p><strong>Plataforma modular e flex\u00edvel<br \/>\n<\/strong>No fabrico de ve\u00edculos el\u00e9tricos, \u00e9 cada vez mais comum a utiliza\u00e7\u00e3o de plataformas modulares e escal\u00e1veis, que permitem aos fabricantes desenvolver uma gama diversificada de modelos numa \u00fanica base.<\/p>\n<ul>\n<li><strong> Flexibilidade para diferentes segmentos: <\/strong>As plataformas modulares permitem adaptar facilmente o comprimento, a dist\u00e2ncia entre eixos e a capacidade da bateria em fun\u00e7\u00e3o do tipo de ve\u00edculo (sedan, SUV, etc.), otimizando os custos de produ\u00e7\u00e3o.<\/li>\n<li><strong> Compatibilidade com diferentes configura\u00e7\u00f5es: <\/strong>Estas plataformas permitem mudan\u00e7as simples na localiza\u00e7\u00e3o dos motores el\u00e9tricos, permitindo configura\u00e7\u00f5es de tra\u00e7\u00e3o dianteira, traseira ou \u00e0s quatro rodas.<\/li>\n<li>As carro\u00e7arias dos ve\u00edculos el\u00e9tricos otimizam o espa\u00e7o interior e o centro de gravidade, melhorando o comportamento e a estabilidade em cada viagem.<\/li>\n<\/ul>\n<p><strong>Maximiza\u00e7\u00e3o do espa\u00e7o interior<br \/>\n<\/strong>A aus\u00eancia de um motor de combust\u00e3o interna e de outros componentes mec\u00e2nicos volumosos, como o sistema de escape e a transmiss\u00e3o, permite uma maior liberdade na conce\u00e7\u00e3o da carro\u00e7aria. Isto permite uma melhor utiliza\u00e7\u00e3o do espa\u00e7o interior.<\/p>\n<ul>\n<li><strong> Tirar partido da arquitetura plana: <\/strong>Em muitas plataformas de autom\u00f3veis el\u00e9tricos, como as utilizadas pela Tesla e pela Volkswagen, a bateria \u00e9 colocada de forma plana no ch\u00e3o, eliminando o t\u00fanel central e aumentando o espa\u00e7o dispon\u00edvel para os passageiros e para a arruma\u00e7\u00e3o.<\/li>\n<li><strong> Configura\u00e7\u00e3o de bagageira dupla: <\/strong>A elimina\u00e7\u00e3o do motor \u00e0 frente permite a incorpora\u00e7\u00e3o de uma bagageira adicional, aumentando a capacidade de carga sem afetar o design exterior do ve\u00edculo.<\/li>\n<li>Com plataformas modulares e materiais leves, as carro\u00e7arias el\u00e9tricas reduzem o peso e melhoram a efici\u00eancia, aumentando e melhorando a autonomia do ve\u00edculo.<\/li>\n<\/ul>\n<p><strong>Seguran\u00e7a estrutural e prote\u00e7\u00e3o da bateria<br \/>\n<\/strong>Uma vez que a bateria \u00e9 um dos componentes mais dispendiosos e cr\u00edticos de um ve\u00edculo el\u00e9trico, a carro\u00e7aria deve garantir a sua prote\u00e7\u00e3o contra acidentes. As plataformas dos ve\u00edculos el\u00e9tricos s\u00e3o concebidas com refor\u00e7os adicionais para este fim.<\/p>\n<ul>\n<li><strong> Estrutura refor\u00e7ada: <\/strong>As carro\u00e7arias incluem zonas de deforma\u00e7\u00e3o programadas que redirecionam a energia do impacto para \u00e1reas menos cr\u00edticas, reduzindo a probabilidade de danos na bateria. Tamb\u00e9m s\u00e3o adicionados refor\u00e7os \u00e0s longarinas inferiores do estribo para proteger a bateria em colis\u00f5es laterais.<\/li>\n<li><strong> Prote\u00e7\u00e3o contra inc\u00eandios: <\/strong>Para atenuar os riscos associados ao sobreaquecimento ou curto-circuito da bateria, muitas carro\u00e7arias integram medidas de seguran\u00e7a adicionais, como barreiras f\u00edsicas contra inc\u00eandios entre o compartimento dos passageiros e a bateria, bem como sistemas de dete\u00e7\u00e3o precoce de problemas t\u00e9rmicos.<\/li>\n<\/ul>\n<p><strong>Aerodin\u00e2mica e redu\u00e7\u00e3o de peso<br \/>\n<\/strong>A autonomia de um autom\u00f3vel el\u00e9trico depende muito da sua efici\u00eancia aerodin\u00e2mica e do seu peso. A redu\u00e7\u00e3o do peso sem comprometer a seguran\u00e7a e a durabilidade \u00e9 um desafio fundamental para os fabricantes, que est\u00e3o a recorrer \u00e0 utiliza\u00e7\u00e3o de materiais leves e sustent\u00e1veis.<\/p>\n<ul>\n<li><strong> Utiliza\u00e7\u00e3o de alum\u00ednio e de materiais comp\u00f3sitos: <\/strong>Para reduzir o peso da carro\u00e7aria, s\u00e3o utilizados materiais como o alum\u00ednio, que \u00e9 muito mais leve e dur\u00e1vel do que o a\u00e7o tradicional, sem sacrificar a resist\u00eancia estrutural. Al\u00e9m disso, est\u00e3o tamb\u00e9m a ser utilizados comp\u00f3sitos de fibra de carbono e outros materiais avan\u00e7ados em \u00e1reas estrat\u00e9gicas da carro\u00e7aria.<\/li>\n<\/ul>\n<p><strong>Estrutura com pe\u00e7as suspensas<br \/>\n<\/strong>Design avan\u00e7ado e seguran\u00e7a: as carro\u00e7arias dos ve\u00edculos el\u00e9tricos protegem a bateria, garantindo durabilidade e resist\u00eancia a potenciais colis\u00f5es ou impactos.<\/p>\n<ul>\n<li><strong> Pe\u00e7as reduzidas e montagem simplificada: <\/strong>Tecnologias como a \u201cGigacasting\u201d implementada pela Tesla permitem que grandes componentes da carro\u00e7aria sejam fabricados numa \u00fanica pe\u00e7a de alum\u00ednio fundido, reduzindo significativamente o n\u00famero de pe\u00e7as que requerem soldadura e montagem, reduzindo tanto o peso do ve\u00edculo como a complexidade do processo de fabrico.<\/li>\n<li><strong> Design aerodin\u00e2mico otimizado: <\/strong>A aus\u00eancia de um motor de combust\u00e3o permite um design mais aerodin\u00e2mico, com uma extremidade dianteira mais baixa e menos elevada. Al\u00e9m disso, os autom\u00f3veis el\u00e9tricos t\u00eam frequentemente pisos planos, o que reduz a resist\u00eancia do ar e melhora a efici\u00eancia, ajudando a maximizar a autonomia.<\/li>\n<\/ul>\n","protected":false},"excerpt":{"rendered":"<p>A carro\u00e7aria \u00e9 um componente fundamental&#8230;<\/p>\n","protected":false},"author":15,"featured_media":107447,"comment_status":"closed","ping_status":"closed","sticky":false,"template":"","format":"standard","meta":{"footnotes":""},"categories":[37],"tags":[4882,512,4330,13712,4115,4770,13713,10780,3990,89],"class_list":["post-107446","post","type-post","status-publish","format-standard","has-post-thumbnail","hentry","category-mercado","tag-automoveis-eletricos","tag-baterias","tag-carrocaria","tag-compatibilidade","tag-eficiencia","tag-flexibilidade","tag-motor-de-combustao-interna","tag-propulsao-eletrica","tag-seguranca","tag-veiculos-eletricos"],"yoast_head":"<!-- This site is optimized with the Yoast SEO plugin v27.4 - https:\/\/yoast.com\/product\/yoast-seo-wordpress\/ -->\n<title>Caracter\u00edsticas especiais da carro\u00e7aria de VE - Jornal das Oficinas<\/title>\n<meta name=\"description\" content=\"A carro\u00e7aria \u00e9 um componente fundamental na conce\u00e7\u00e3o e fabrico\u2028 de ve\u00edculos el\u00e9tricos e desempenha um papel crucial no seu desempenho\" \/>\n<meta name=\"robots\" content=\"index, follow, max-snippet:-1, max-image-preview:large, max-video-preview:-1\" \/>\n<link rel=\"canonical\" href=\"https:\/\/jornaldasoficinas.com\/pt\/caracteristicas-especiais-da-carrocaria-de-ve\/\" \/>\n<meta property=\"og:locale\" content=\"pt_PT\" \/>\n<meta property=\"og:type\" content=\"article\" \/>\n<meta property=\"og:title\" content=\"Caracter\u00edsticas especiais da carro\u00e7aria de VE - Jornal das Oficinas\" \/>\n<meta property=\"og:description\" content=\"A carro\u00e7aria \u00e9 um componente fundamental na conce\u00e7\u00e3o e fabrico\u2028 de ve\u00edculos el\u00e9tricos e desempenha um papel crucial no seu desempenho\" \/>\n<meta property=\"og:url\" content=\"https:\/\/jornaldasoficinas.com\/pt\/caracteristicas-especiais-da-carrocaria-de-ve\/\" \/>\n<meta property=\"og:site_name\" content=\"Jornal das Oficinas\" \/>\n<meta property=\"article:publisher\" content=\"https:\/\/www.facebook.com\/jornaloficinas\" \/>\n<meta property=\"article:published_time\" content=\"2025-10-05T21:00:05+00:00\" \/>\n<meta property=\"article:modified_time\" content=\"2025-10-05T21:39:47+00:00\" \/>\n<meta property=\"og:image\" content=\"https:\/\/jornaldasoficinas.com\/pt\/wp-content\/uploads\/2025\/09\/carrocaria_VE.jpeg\" \/>\n\t<meta property=\"og:image:width\" content=\"1024\" \/>\n\t<meta property=\"og:image:height\" content=\"581\" \/>\n\t<meta property=\"og:image:type\" content=\"image\/jpeg\" \/>\n<meta name=\"author\" content=\"Reda\u00e7\u00e3o JO\" \/>\n<meta name=\"twitter:card\" content=\"summary_large_image\" \/>\n<meta name=\"twitter:creator\" content=\"@jornaloficinas\" \/>\n<meta name=\"twitter:site\" content=\"@jornaloficinas\" \/>\n<meta name=\"twitter:label1\" content=\"Escrito por\" \/>\n\t<meta name=\"twitter:data1\" content=\"Reda\u00e7\u00e3o JO\" \/>\n\t<meta name=\"twitter:label2\" content=\"Tempo estimado de leitura\" \/>\n\t<meta name=\"twitter:data2\" content=\"5 minutos\" \/>\n<script type=\"application\/ld+json\" class=\"yoast-schema-graph\">{\"@context\":\"https:\\\/\\\/schema.org\",\"@graph\":[{\"@type\":\"Article\",\"@id\":\"https:\\\/\\\/jornaldasoficinas.com\\\/pt\\\/caracteristicas-especiais-da-carrocaria-de-ve\\\/#article\",\"isPartOf\":{\"@id\":\"https:\\\/\\\/jornaldasoficinas.com\\\/pt\\\/caracteristicas-especiais-da-carrocaria-de-ve\\\/\"},\"author\":{\"name\":\"Reda\u00e7\u00e3o JO\",\"@id\":\"https:\\\/\\\/jornaldasoficinas.com\\\/pt\\\/#\\\/schema\\\/person\\\/a38eef5de2c41d9e7c9ac10141afddf3\"},\"headline\":\"Caracter\u00edsticas especiais da carro\u00e7aria de VE\",\"datePublished\":\"2025-10-05T21:00:05+00:00\",\"dateModified\":\"2025-10-05T21:39:47+00:00\",\"mainEntityOfPage\":{\"@id\":\"https:\\\/\\\/jornaldasoficinas.com\\\/pt\\\/caracteristicas-especiais-da-carrocaria-de-ve\\\/\"},\"wordCount\":947,\"publisher\":{\"@id\":\"https:\\\/\\\/jornaldasoficinas.com\\\/pt\\\/#organization\"},\"image\":{\"@id\":\"https:\\\/\\\/jornaldasoficinas.com\\\/pt\\\/caracteristicas-especiais-da-carrocaria-de-ve\\\/#primaryimage\"},\"thumbnailUrl\":\"https:\\\/\\\/jornaldasoficinas.com\\\/pt\\\/wp-content\\\/uploads\\\/2025\\\/09\\\/carrocaria_VE.jpeg\",\"keywords\":[\"autom\u00f3veis el\u00e9tricos\",\"Baterias\",\"Carro\u00e7aria\",\"Compatibilidade\",\"Efici\u00eancia\",\"Flexibilidade\",\"motor de combust\u00e3o interna\",\"propuls\u00e3o el\u00e9trica\",\"Seguran\u00e7a\",\"Ve\u00edculos el\u00e9tricos\"],\"articleSection\":[\"Mercado\"],\"inLanguage\":\"pt-PT\"},{\"@type\":\"WebPage\",\"@id\":\"https:\\\/\\\/jornaldasoficinas.com\\\/pt\\\/caracteristicas-especiais-da-carrocaria-de-ve\\\/\",\"url\":\"https:\\\/\\\/jornaldasoficinas.com\\\/pt\\\/caracteristicas-especiais-da-carrocaria-de-ve\\\/\",\"name\":\"Caracter\u00edsticas especiais da carro\u00e7aria de VE - Jornal das Oficinas\",\"isPartOf\":{\"@id\":\"https:\\\/\\\/jornaldasoficinas.com\\\/pt\\\/#website\"},\"primaryImageOfPage\":{\"@id\":\"https:\\\/\\\/jornaldasoficinas.com\\\/pt\\\/caracteristicas-especiais-da-carrocaria-de-ve\\\/#primaryimage\"},\"image\":{\"@id\":\"https:\\\/\\\/jornaldasoficinas.com\\\/pt\\\/caracteristicas-especiais-da-carrocaria-de-ve\\\/#primaryimage\"},\"thumbnailUrl\":\"https:\\\/\\\/jornaldasoficinas.com\\\/pt\\\/wp-content\\\/uploads\\\/2025\\\/09\\\/carrocaria_VE.jpeg\",\"datePublished\":\"2025-10-05T21:00:05+00:00\",\"dateModified\":\"2025-10-05T21:39:47+00:00\",\"description\":\"A carro\u00e7aria \u00e9 um componente fundamental na conce\u00e7\u00e3o e fabrico\\u2028 de ve\u00edculos el\u00e9tricos e desempenha um papel crucial no seu desempenho\",\"breadcrumb\":{\"@id\":\"https:\\\/\\\/jornaldasoficinas.com\\\/pt\\\/caracteristicas-especiais-da-carrocaria-de-ve\\\/#breadcrumb\"},\"inLanguage\":\"pt-PT\",\"potentialAction\":[{\"@type\":\"ReadAction\",\"target\":[\"https:\\\/\\\/jornaldasoficinas.com\\\/pt\\\/caracteristicas-especiais-da-carrocaria-de-ve\\\/\"]}]},{\"@type\":\"ImageObject\",\"inLanguage\":\"pt-PT\",\"@id\":\"https:\\\/\\\/jornaldasoficinas.com\\\/pt\\\/caracteristicas-especiais-da-carrocaria-de-ve\\\/#primaryimage\",\"url\":\"https:\\\/\\\/jornaldasoficinas.com\\\/pt\\\/wp-content\\\/uploads\\\/2025\\\/09\\\/carrocaria_VE.jpeg\",\"contentUrl\":\"https:\\\/\\\/jornaldasoficinas.com\\\/pt\\\/wp-content\\\/uploads\\\/2025\\\/09\\\/carrocaria_VE.jpeg\",\"width\":1024,\"height\":581,\"caption\":\"Electric drivetrain\"},{\"@type\":\"BreadcrumbList\",\"@id\":\"https:\\\/\\\/jornaldasoficinas.com\\\/pt\\\/caracteristicas-especiais-da-carrocaria-de-ve\\\/#breadcrumb\",\"itemListElement\":[{\"@type\":\"ListItem\",\"position\":1,\"name\":\"In\u00edcio\",\"item\":\"https:\\\/\\\/jornaldasoficinas.com\\\/pt\\\/\"},{\"@type\":\"ListItem\",\"position\":2,\"name\":\"Caracter\u00edsticas especiais da carro\u00e7aria de VE\"}]},{\"@type\":\"WebSite\",\"@id\":\"https:\\\/\\\/jornaldasoficinas.com\\\/pt\\\/#website\",\"url\":\"https:\\\/\\\/jornaldasoficinas.com\\\/pt\\\/\",\"name\":\"Jornal das Oficinas\",\"description\":\"Jornal independente do Aftermarket Autom\u00f3vel em Portugal\",\"publisher\":{\"@id\":\"https:\\\/\\\/jornaldasoficinas.com\\\/pt\\\/#organization\"},\"potentialAction\":[{\"@type\":\"SearchAction\",\"target\":{\"@type\":\"EntryPoint\",\"urlTemplate\":\"https:\\\/\\\/jornaldasoficinas.com\\\/pt\\\/?s={search_term_string}\"},\"query-input\":{\"@type\":\"PropertyValueSpecification\",\"valueRequired\":true,\"valueName\":\"search_term_string\"}}],\"inLanguage\":\"pt-PT\"},{\"@type\":\"Organization\",\"@id\":\"https:\\\/\\\/jornaldasoficinas.com\\\/pt\\\/#organization\",\"name\":\"Jornal das Oficinas\",\"url\":\"https:\\\/\\\/jornaldasoficinas.com\\\/pt\\\/\",\"logo\":{\"@type\":\"ImageObject\",\"inLanguage\":\"pt-PT\",\"@id\":\"https:\\\/\\\/jornaldasoficinas.com\\\/pt\\\/#\\\/schema\\\/logo\\\/image\\\/\",\"url\":\"https:\\\/\\\/jornaldasoficinas.com\\\/pt\\\/wp-content\\\/uploads\\\/logoJO-SEO.png\",\"contentUrl\":\"https:\\\/\\\/jornaldasoficinas.com\\\/pt\\\/wp-content\\\/uploads\\\/logoJO-SEO.png\",\"width\":285,\"height\":450,\"caption\":\"Jornal das Oficinas\"},\"image\":{\"@id\":\"https:\\\/\\\/jornaldasoficinas.com\\\/pt\\\/#\\\/schema\\\/logo\\\/image\\\/\"},\"sameAs\":[\"https:\\\/\\\/www.facebook.com\\\/jornaloficinas\",\"https:\\\/\\\/x.com\\\/jornaloficinas\",\"https:\\\/\\\/www.instagram.com\\\/jornal_oficinas\\\/\",\"https:\\\/\\\/www.linkedin.com\\\/company\\\/jornal-das-oficinas\\\/\",\"https:\\\/\\\/www.youtube.com\\\/channel\\\/UCbQZBqtcvV-oSQrr7RzINGg\"]},{\"@type\":\"Person\",\"@id\":\"https:\\\/\\\/jornaldasoficinas.com\\\/pt\\\/#\\\/schema\\\/person\\\/a38eef5de2c41d9e7c9ac10141afddf3\",\"name\":\"Reda\u00e7\u00e3o JO\",\"image\":{\"@type\":\"ImageObject\",\"inLanguage\":\"pt-PT\",\"@id\":\"https:\\\/\\\/secure.gravatar.com\\\/avatar\\\/71f2fa71737ad68a84fea94bc708ddac8ea5b0c4788dc2ad202f3ccb2887742f?s=96&d=wp_user_avatar&r=g\",\"url\":\"https:\\\/\\\/secure.gravatar.com\\\/avatar\\\/71f2fa71737ad68a84fea94bc708ddac8ea5b0c4788dc2ad202f3ccb2887742f?s=96&d=wp_user_avatar&r=g\",\"contentUrl\":\"https:\\\/\\\/secure.gravatar.com\\\/avatar\\\/71f2fa71737ad68a84fea94bc708ddac8ea5b0c4788dc2ad202f3ccb2887742f?s=96&d=wp_user_avatar&r=g\",\"caption\":\"Reda\u00e7\u00e3o JO\"},\"url\":\"https:\\\/\\\/jornaldasoficinas.com\\\/pt\\\/author\\\/joredacao\\\/\"}]}<\/script>\n<!-- \/ Yoast SEO plugin. -->","yoast_head_json":{"title":"Caracter\u00edsticas especiais da carro\u00e7aria de VE - Jornal das Oficinas","description":"A carro\u00e7aria \u00e9 um componente fundamental na conce\u00e7\u00e3o e fabrico\u2028 de ve\u00edculos el\u00e9tricos e desempenha um papel crucial no seu desempenho","robots":{"index":"index","follow":"follow","max-snippet":"max-snippet:-1","max-image-preview":"max-image-preview:large","max-video-preview":"max-video-preview:-1"},"canonical":"https:\/\/jornaldasoficinas.com\/pt\/caracteristicas-especiais-da-carrocaria-de-ve\/","og_locale":"pt_PT","og_type":"article","og_title":"Caracter\u00edsticas especiais da carro\u00e7aria de VE - Jornal das Oficinas","og_description":"A carro\u00e7aria \u00e9 um componente fundamental na conce\u00e7\u00e3o e fabrico\u2028 de ve\u00edculos el\u00e9tricos e desempenha um papel crucial no seu desempenho","og_url":"https:\/\/jornaldasoficinas.com\/pt\/caracteristicas-especiais-da-carrocaria-de-ve\/","og_site_name":"Jornal das Oficinas","article_publisher":"https:\/\/www.facebook.com\/jornaloficinas","article_published_time":"2025-10-05T21:00:05+00:00","article_modified_time":"2025-10-05T21:39:47+00:00","og_image":[{"width":1024,"height":581,"url":"https:\/\/jornaldasoficinas.com\/pt\/wp-content\/uploads\/2025\/09\/carrocaria_VE.jpeg","type":"image\/jpeg"}],"author":"Reda\u00e7\u00e3o JO","twitter_card":"summary_large_image","twitter_creator":"@jornaloficinas","twitter_site":"@jornaloficinas","twitter_misc":{"Escrito por":"Reda\u00e7\u00e3o JO","Tempo estimado de leitura":"5 minutos"},"schema":{"@context":"https:\/\/schema.org","@graph":[{"@type":"Article","@id":"https:\/\/jornaldasoficinas.com\/pt\/caracteristicas-especiais-da-carrocaria-de-ve\/#article","isPartOf":{"@id":"https:\/\/jornaldasoficinas.com\/pt\/caracteristicas-especiais-da-carrocaria-de-ve\/"},"author":{"name":"Reda\u00e7\u00e3o JO","@id":"https:\/\/jornaldasoficinas.com\/pt\/#\/schema\/person\/a38eef5de2c41d9e7c9ac10141afddf3"},"headline":"Caracter\u00edsticas especiais da carro\u00e7aria de VE","datePublished":"2025-10-05T21:00:05+00:00","dateModified":"2025-10-05T21:39:47+00:00","mainEntityOfPage":{"@id":"https:\/\/jornaldasoficinas.com\/pt\/caracteristicas-especiais-da-carrocaria-de-ve\/"},"wordCount":947,"publisher":{"@id":"https:\/\/jornaldasoficinas.com\/pt\/#organization"},"image":{"@id":"https:\/\/jornaldasoficinas.com\/pt\/caracteristicas-especiais-da-carrocaria-de-ve\/#primaryimage"},"thumbnailUrl":"https:\/\/jornaldasoficinas.com\/pt\/wp-content\/uploads\/2025\/09\/carrocaria_VE.jpeg","keywords":["autom\u00f3veis el\u00e9tricos","Baterias","Carro\u00e7aria","Compatibilidade","Efici\u00eancia","Flexibilidade","motor de combust\u00e3o interna","propuls\u00e3o el\u00e9trica","Seguran\u00e7a","Ve\u00edculos el\u00e9tricos"],"articleSection":["Mercado"],"inLanguage":"pt-PT"},{"@type":"WebPage","@id":"https:\/\/jornaldasoficinas.com\/pt\/caracteristicas-especiais-da-carrocaria-de-ve\/","url":"https:\/\/jornaldasoficinas.com\/pt\/caracteristicas-especiais-da-carrocaria-de-ve\/","name":"Caracter\u00edsticas especiais da carro\u00e7aria de VE - Jornal das Oficinas","isPartOf":{"@id":"https:\/\/jornaldasoficinas.com\/pt\/#website"},"primaryImageOfPage":{"@id":"https:\/\/jornaldasoficinas.com\/pt\/caracteristicas-especiais-da-carrocaria-de-ve\/#primaryimage"},"image":{"@id":"https:\/\/jornaldasoficinas.com\/pt\/caracteristicas-especiais-da-carrocaria-de-ve\/#primaryimage"},"thumbnailUrl":"https:\/\/jornaldasoficinas.com\/pt\/wp-content\/uploads\/2025\/09\/carrocaria_VE.jpeg","datePublished":"2025-10-05T21:00:05+00:00","dateModified":"2025-10-05T21:39:47+00:00","description":"A carro\u00e7aria \u00e9 um componente fundamental na conce\u00e7\u00e3o e fabrico\u2028 de ve\u00edculos el\u00e9tricos e desempenha um papel crucial no seu desempenho","breadcrumb":{"@id":"https:\/\/jornaldasoficinas.com\/pt\/caracteristicas-especiais-da-carrocaria-de-ve\/#breadcrumb"},"inLanguage":"pt-PT","potentialAction":[{"@type":"ReadAction","target":["https:\/\/jornaldasoficinas.com\/pt\/caracteristicas-especiais-da-carrocaria-de-ve\/"]}]},{"@type":"ImageObject","inLanguage":"pt-PT","@id":"https:\/\/jornaldasoficinas.com\/pt\/caracteristicas-especiais-da-carrocaria-de-ve\/#primaryimage","url":"https:\/\/jornaldasoficinas.com\/pt\/wp-content\/uploads\/2025\/09\/carrocaria_VE.jpeg","contentUrl":"https:\/\/jornaldasoficinas.com\/pt\/wp-content\/uploads\/2025\/09\/carrocaria_VE.jpeg","width":1024,"height":581,"caption":"Electric drivetrain"},{"@type":"BreadcrumbList","@id":"https:\/\/jornaldasoficinas.com\/pt\/caracteristicas-especiais-da-carrocaria-de-ve\/#breadcrumb","itemListElement":[{"@type":"ListItem","position":1,"name":"In\u00edcio","item":"https:\/\/jornaldasoficinas.com\/pt\/"},{"@type":"ListItem","position":2,"name":"Caracter\u00edsticas especiais da carro\u00e7aria de VE"}]},{"@type":"WebSite","@id":"https:\/\/jornaldasoficinas.com\/pt\/#website","url":"https:\/\/jornaldasoficinas.com\/pt\/","name":"Jornal das Oficinas","description":"Jornal independente do Aftermarket Autom\u00f3vel em Portugal","publisher":{"@id":"https:\/\/jornaldasoficinas.com\/pt\/#organization"},"potentialAction":[{"@type":"SearchAction","target":{"@type":"EntryPoint","urlTemplate":"https:\/\/jornaldasoficinas.com\/pt\/?s={search_term_string}"},"query-input":{"@type":"PropertyValueSpecification","valueRequired":true,"valueName":"search_term_string"}}],"inLanguage":"pt-PT"},{"@type":"Organization","@id":"https:\/\/jornaldasoficinas.com\/pt\/#organization","name":"Jornal das Oficinas","url":"https:\/\/jornaldasoficinas.com\/pt\/","logo":{"@type":"ImageObject","inLanguage":"pt-PT","@id":"https:\/\/jornaldasoficinas.com\/pt\/#\/schema\/logo\/image\/","url":"https:\/\/jornaldasoficinas.com\/pt\/wp-content\/uploads\/logoJO-SEO.png","contentUrl":"https:\/\/jornaldasoficinas.com\/pt\/wp-content\/uploads\/logoJO-SEO.png","width":285,"height":450,"caption":"Jornal das Oficinas"},"image":{"@id":"https:\/\/jornaldasoficinas.com\/pt\/#\/schema\/logo\/image\/"},"sameAs":["https:\/\/www.facebook.com\/jornaloficinas","https:\/\/x.com\/jornaloficinas","https:\/\/www.instagram.com\/jornal_oficinas\/","https:\/\/www.linkedin.com\/company\/jornal-das-oficinas\/","https:\/\/www.youtube.com\/channel\/UCbQZBqtcvV-oSQrr7RzINGg"]},{"@type":"Person","@id":"https:\/\/jornaldasoficinas.com\/pt\/#\/schema\/person\/a38eef5de2c41d9e7c9ac10141afddf3","name":"Reda\u00e7\u00e3o JO","image":{"@type":"ImageObject","inLanguage":"pt-PT","@id":"https:\/\/secure.gravatar.com\/avatar\/71f2fa71737ad68a84fea94bc708ddac8ea5b0c4788dc2ad202f3ccb2887742f?s=96&d=wp_user_avatar&r=g","url":"https:\/\/secure.gravatar.com\/avatar\/71f2fa71737ad68a84fea94bc708ddac8ea5b0c4788dc2ad202f3ccb2887742f?s=96&d=wp_user_avatar&r=g","contentUrl":"https:\/\/secure.gravatar.com\/avatar\/71f2fa71737ad68a84fea94bc708ddac8ea5b0c4788dc2ad202f3ccb2887742f?s=96&d=wp_user_avatar&r=g","caption":"Reda\u00e7\u00e3o JO"},"url":"https:\/\/jornaldasoficinas.com\/pt\/author\/joredacao\/"}]}},"_links":{"self":[{"href":"https:\/\/jornaldasoficinas.com\/pt\/wp-json\/wp\/v2\/posts\/107446","targetHints":{"allow":["GET"]}}],"collection":[{"href":"https:\/\/jornaldasoficinas.com\/pt\/wp-json\/wp\/v2\/posts"}],"about":[{"href":"https:\/\/jornaldasoficinas.com\/pt\/wp-json\/wp\/v2\/types\/post"}],"author":[{"embeddable":true,"href":"https:\/\/jornaldasoficinas.com\/pt\/wp-json\/wp\/v2\/users\/15"}],"replies":[{"embeddable":true,"href":"https:\/\/jornaldasoficinas.com\/pt\/wp-json\/wp\/v2\/comments?post=107446"}],"version-history":[{"count":4,"href":"https:\/\/jornaldasoficinas.com\/pt\/wp-json\/wp\/v2\/posts\/107446\/revisions"}],"predecessor-version":[{"id":107449,"href":"https:\/\/jornaldasoficinas.com\/pt\/wp-json\/wp\/v2\/posts\/107446\/revisions\/107449"}],"wp:featuredmedia":[{"embeddable":true,"href":"https:\/\/jornaldasoficinas.com\/pt\/wp-json\/wp\/v2\/media\/107447"}],"wp:attachment":[{"href":"https:\/\/jornaldasoficinas.com\/pt\/wp-json\/wp\/v2\/media?parent=107446"}],"wp:term":[{"taxonomy":"category","embeddable":true,"href":"https:\/\/jornaldasoficinas.com\/pt\/wp-json\/wp\/v2\/categories?post=107446"},{"taxonomy":"post_tag","embeddable":true,"href":"https:\/\/jornaldasoficinas.com\/pt\/wp-json\/wp\/v2\/tags?post=107446"}],"curies":[{"name":"wp","href":"https:\/\/api.w.org\/{rel}","templated":true}]}}