{"id":107618,"date":"2025-10-08T08:00:09","date_gmt":"2025-10-08T07:00:09","guid":{"rendered":"https:\/\/jornaldasoficinas.com\/pt\/?p=107618"},"modified":"2025-10-07T11:57:43","modified_gmt":"2025-10-07T10:57:43","slug":"cecra-alerta-que-confianca-e-a-chave-para-adocao-de-ve","status":"publish","type":"post","link":"https:\/\/jornaldasoficinas.com\/pt\/cecra-alerta-que-confianca-e-a-chave-para-adocao-de-ve\/","title":{"rendered":"CECRA alerta que confian\u00e7a \u00e9 a chave para ado\u00e7\u00e3o de VE"},"content":{"rendered":"<p><strong><img loading=\"lazy\" decoding=\"async\" class=\"alignnone size-full wp-image-107633\" src=\"https:\/\/jornaldasoficinas.com\/pt\/wp-content\/uploads\/2025\/09\/pngtree-sustainable-transportation-concept-a-green-car-made-of-leaves-and-plants-picture-image_16302599.jpg\" alt=\"09 - pngtree sustainable transportation concept a green car made of leaves and plants picture image_16302599\" width=\"1024\" height=\"581\" srcset=\"https:\/\/jornaldasoficinas.com\/pt\/wp-content\/uploads\/2025\/09\/pngtree-sustainable-transportation-concept-a-green-car-made-of-leaves-and-plants-picture-image_16302599.jpg 1024w, https:\/\/jornaldasoficinas.com\/pt\/wp-content\/uploads\/2025\/09\/pngtree-sustainable-transportation-concept-a-green-car-made-of-leaves-and-plants-picture-image_16302599-300x170.jpg 300w, https:\/\/jornaldasoficinas.com\/pt\/wp-content\/uploads\/2025\/09\/pngtree-sustainable-transportation-concept-a-green-car-made-of-leaves-and-plants-picture-image_16302599-150x85.jpg 150w, https:\/\/jornaldasoficinas.com\/pt\/wp-content\/uploads\/2025\/09\/pngtree-sustainable-transportation-concept-a-green-car-made-of-leaves-and-plants-picture-image_16302599-768x436.jpg 768w\" sizes=\"auto, (max-width: 1024px) 100vw, 1024px\" \/><\/strong><\/p>\n<p><strong>O<a href=\"https:\/\/www.cecra.eu\/\" target=\"_blank\" rel=\"noopener\"> CECRA<\/a> defende que a transi\u00e7\u00e3o para os ve\u00edculos el\u00e9tricos na Europa s\u00f3 ser\u00e1 bem-sucedida com mais confian\u00e7a, transpar\u00eancia e acessibilidade para os consumidores, especialmente no mercado de usados<\/strong><\/p>\n<p>Acelerar a ado\u00e7\u00e3o de ve\u00edculos el\u00e9tricos (VE) na Europa assenta em tr\u00eas pilares fundamentais: confian\u00e7a, transpar\u00eancia e acessibilidade. Esta foi a mensagem central de um evento realizado no Parlamento Europeu pela eurodeputada Gerben-Jan Gerbrandy (Renew), em parceria com o CECRA, o Conselho Europeu para o Com\u00e9rcio e Repara\u00e7\u00e3o de Ve\u00edculos Autom\u00f3veis.<\/p>\n<p>A mesa redonda reuniu decisores pol\u00edticos, l\u00edderes da ind\u00fastria e especialistas, incluindo representantes da Comiss\u00e3o Europeia, BEUC, Leaseurope e Transport &amp; Environment, para discutir como tornar a transi\u00e7\u00e3o para os VE acess\u00edvel a todos os europeus.<\/p>\n<p>&#8220;N\u00e3o podemos construir o mercado do VE sem o consumidor, e o consumidor ainda tem d\u00favidas&#8221;, afirmou o presidente do CECRA, Peter Daeninck. &#8220;Os concession\u00e1rios s\u00e3o o primeiro ponto de contacto para os compradores. Sabemos o que eles precisam e a nossa voz deve ser ouvida na defini\u00e7\u00e3o do Plano de A\u00e7\u00e3o Autom\u00f3vel da UE&#8221;, acrescentou.<\/p>\n<p>O CECRA defendeu que tanto o mercado de ve\u00edculos el\u00e9tricos novos como usados necessita de incentivos consistentes. Apesar dos avan\u00e7os, o pre\u00e7o elevado de aquisi\u00e7\u00e3o, a escassez de infraestruturas de carregamento e a falta de clareza nos custos de carregamento continuam a ser entraves. &#8220;O carregamento inteligente e a eletricidade mais barata podem mudar o jogo, mas ainda n\u00e3o s\u00e3o comuns&#8221;, referiu.<\/p>\n<p>A pr\u00f3xima proposta da Comiss\u00e3o Europeia para tornar as frotas empresariais mais sustent\u00e1veis tamb\u00e9m esteve em discuss\u00e3o. O CECRA alertou que metas r\u00edgidas de emiss\u00f5es zero podem agravar o desequil\u00edbrio entre a oferta e a procura real, sobretudo no mercado de usados. &#8220;Um mercado pr\u00f3spero de ve\u00edculos el\u00e9tricos usados \u00e9 fundamental para tornar as metas da frota mais rigorosas, realistas e eficazes&#8221;, sublinhou.<\/p>\n<p>&#8220;O futuro \u00e9 el\u00e9trico&#8221;, afirmou a eurodeputada Gerben-Jan Gerbrandy. &#8220;Os decisores pol\u00edticos devem concentrar-se na transi\u00e7\u00e3o que se avizinha. \u00c9 uma mudan\u00e7a social que exige a colabora\u00e7\u00e3o de todas as partes interessadas e cidad\u00e3os&#8221;, continuou.<\/p>\n<p>A confian\u00e7a no mercado de usados foi identificada como prioridade. Os participantes defenderam maior transpar\u00eancia sobre a sa\u00fade das baterias, melhor reparabilidade dos componentes e pre\u00e7os de carregamento mais claros \u2014 fatores essenciais para conquistar os consumidores.<\/p>\n<p>&#8220;A eletrifica\u00e7\u00e3o s\u00f3 funciona se houver uma procura real do mercado. N\u00e3o basta produzir ve\u00edculos el\u00e9tricos, \u00e9 preciso que as pessoas os desejem e tenham condi\u00e7\u00f5es para os comprar&#8221;, concluiu Daeninck.<\/p>\n","protected":false},"excerpt":{"rendered":"<p>O CECRA defende que a transi\u00e7\u00e3o&#8230;<\/p>\n","protected":false},"author":15,"featured_media":107633,"comment_status":"closed","ping_status":"closed","sticky":false,"template":"","format":"standard","meta":{"footnotes":""},"categories":[37],"tags":[11117,2177,9846,9698,13730,89],"class_list":["post-107618","post","type-post","status-publish","format-standard","has-post-thumbnail","hentry","category-mercado","tag-acessibilidade","tag-cecra","tag-consumidores","tag-maior-transparencia","tag-mercado-dos-usados","tag-veiculos-eletricos"],"yoast_head":"<!-- This site is optimized with the Yoast SEO plugin v27.4 - https:\/\/yoast.com\/product\/yoast-seo-wordpress\/ -->\n<title>CECRA alerta que confian\u00e7a \u00e9 a chave para ado\u00e7\u00e3o de VE - Jornal das Oficinas<\/title>\n<meta name=\"description\" content=\"O CECRA defende que a transi\u00e7\u00e3o para os el\u00e9tricos na Europa s\u00f3 ser\u00e1 bem-sucedida com mais confian\u00e7a, transpar\u00eancia e acessibilidade\" \/>\n<meta name=\"robots\" content=\"index, follow, max-snippet:-1, max-image-preview:large, max-video-preview:-1\" \/>\n<link rel=\"canonical\" href=\"https:\/\/jornaldasoficinas.com\/pt\/cecra-alerta-que-confianca-e-a-chave-para-adocao-de-ve\/\" \/>\n<meta property=\"og:locale\" content=\"pt_PT\" \/>\n<meta property=\"og:type\" content=\"article\" \/>\n<meta property=\"og:title\" content=\"CECRA alerta que confian\u00e7a \u00e9 a chave para ado\u00e7\u00e3o de VE - Jornal das Oficinas\" \/>\n<meta property=\"og:description\" content=\"O CECRA defende que a transi\u00e7\u00e3o para os el\u00e9tricos na Europa s\u00f3 ser\u00e1 bem-sucedida com mais confian\u00e7a, transpar\u00eancia e acessibilidade\" \/>\n<meta property=\"og:url\" content=\"https:\/\/jornaldasoficinas.com\/pt\/cecra-alerta-que-confianca-e-a-chave-para-adocao-de-ve\/\" \/>\n<meta property=\"og:site_name\" content=\"Jornal das Oficinas\" \/>\n<meta property=\"article:publisher\" content=\"https:\/\/www.facebook.com\/jornaloficinas\" \/>\n<meta property=\"article:published_time\" content=\"2025-10-08T07:00:09+00:00\" \/>\n<meta property=\"og:image\" content=\"https:\/\/jornaldasoficinas.com\/pt\/wp-content\/uploads\/2025\/09\/pngtree-sustainable-transportation-concept-a-green-car-made-of-leaves-and-plants-picture-image_16302599.jpg\" \/>\n\t<meta property=\"og:image:width\" content=\"1024\" \/>\n\t<meta property=\"og:image:height\" content=\"581\" \/>\n\t<meta property=\"og:image:type\" content=\"image\/jpeg\" \/>\n<meta name=\"author\" content=\"Reda\u00e7\u00e3o JO\" \/>\n<meta name=\"twitter:card\" content=\"summary_large_image\" \/>\n<meta name=\"twitter:creator\" content=\"@jornaloficinas\" \/>\n<meta name=\"twitter:site\" content=\"@jornaloficinas\" \/>\n<meta name=\"twitter:label1\" content=\"Escrito por\" \/>\n\t<meta name=\"twitter:data1\" content=\"Reda\u00e7\u00e3o JO\" \/>\n\t<meta name=\"twitter:label2\" content=\"Tempo estimado de leitura\" \/>\n\t<meta name=\"twitter:data2\" content=\"3 minutos\" \/>\n<script type=\"application\/ld+json\" class=\"yoast-schema-graph\">{\"@context\":\"https:\\\/\\\/schema.org\",\"@graph\":[{\"@type\":\"Article\",\"@id\":\"https:\\\/\\\/jornaldasoficinas.com\\\/pt\\\/cecra-alerta-que-confianca-e-a-chave-para-adocao-de-ve\\\/#article\",\"isPartOf\":{\"@id\":\"https:\\\/\\\/jornaldasoficinas.com\\\/pt\\\/cecra-alerta-que-confianca-e-a-chave-para-adocao-de-ve\\\/\"},\"author\":{\"name\":\"Reda\u00e7\u00e3o JO\",\"@id\":\"https:\\\/\\\/jornaldasoficinas.com\\\/pt\\\/#\\\/schema\\\/person\\\/a38eef5de2c41d9e7c9ac10141afddf3\"},\"headline\":\"CECRA alerta que confian\u00e7a \u00e9 a chave para ado\u00e7\u00e3o de VE\",\"datePublished\":\"2025-10-08T07:00:09+00:00\",\"mainEntityOfPage\":{\"@id\":\"https:\\\/\\\/jornaldasoficinas.com\\\/pt\\\/cecra-alerta-que-confianca-e-a-chave-para-adocao-de-ve\\\/\"},\"wordCount\":468,\"publisher\":{\"@id\":\"https:\\\/\\\/jornaldasoficinas.com\\\/pt\\\/#organization\"},\"image\":{\"@id\":\"https:\\\/\\\/jornaldasoficinas.com\\\/pt\\\/cecra-alerta-que-confianca-e-a-chave-para-adocao-de-ve\\\/#primaryimage\"},\"thumbnailUrl\":\"https:\\\/\\\/jornaldasoficinas.com\\\/pt\\\/wp-content\\\/uploads\\\/2025\\\/09\\\/pngtree-sustainable-transportation-concept-a-green-car-made-of-leaves-and-plants-picture-image_16302599.jpg\",\"keywords\":[\"acessibilidade\",\"CECRA\",\"consumidores\",\"Maior transpar\u00eancia\",\"mercado dos usados\",\"Ve\u00edculos el\u00e9tricos\"],\"articleSection\":[\"Mercado\"],\"inLanguage\":\"pt-PT\"},{\"@type\":\"WebPage\",\"@id\":\"https:\\\/\\\/jornaldasoficinas.com\\\/pt\\\/cecra-alerta-que-confianca-e-a-chave-para-adocao-de-ve\\\/\",\"url\":\"https:\\\/\\\/jornaldasoficinas.com\\\/pt\\\/cecra-alerta-que-confianca-e-a-chave-para-adocao-de-ve\\\/\",\"name\":\"CECRA alerta que confian\u00e7a \u00e9 a chave para ado\u00e7\u00e3o de VE - Jornal das Oficinas\",\"isPartOf\":{\"@id\":\"https:\\\/\\\/jornaldasoficinas.com\\\/pt\\\/#website\"},\"primaryImageOfPage\":{\"@id\":\"https:\\\/\\\/jornaldasoficinas.com\\\/pt\\\/cecra-alerta-que-confianca-e-a-chave-para-adocao-de-ve\\\/#primaryimage\"},\"image\":{\"@id\":\"https:\\\/\\\/jornaldasoficinas.com\\\/pt\\\/cecra-alerta-que-confianca-e-a-chave-para-adocao-de-ve\\\/#primaryimage\"},\"thumbnailUrl\":\"https:\\\/\\\/jornaldasoficinas.com\\\/pt\\\/wp-content\\\/uploads\\\/2025\\\/09\\\/pngtree-sustainable-transportation-concept-a-green-car-made-of-leaves-and-plants-picture-image_16302599.jpg\",\"datePublished\":\"2025-10-08T07:00:09+00:00\",\"description\":\"O CECRA defende que a transi\u00e7\u00e3o para os el\u00e9tricos na Europa s\u00f3 ser\u00e1 bem-sucedida com mais confian\u00e7a, transpar\u00eancia e acessibilidade\",\"breadcrumb\":{\"@id\":\"https:\\\/\\\/jornaldasoficinas.com\\\/pt\\\/cecra-alerta-que-confianca-e-a-chave-para-adocao-de-ve\\\/#breadcrumb\"},\"inLanguage\":\"pt-PT\",\"potentialAction\":[{\"@type\":\"ReadAction\",\"target\":[\"https:\\\/\\\/jornaldasoficinas.com\\\/pt\\\/cecra-alerta-que-confianca-e-a-chave-para-adocao-de-ve\\\/\"]}]},{\"@type\":\"ImageObject\",\"inLanguage\":\"pt-PT\",\"@id\":\"https:\\\/\\\/jornaldasoficinas.com\\\/pt\\\/cecra-alerta-que-confianca-e-a-chave-para-adocao-de-ve\\\/#primaryimage\",\"url\":\"https:\\\/\\\/jornaldasoficinas.com\\\/pt\\\/wp-content\\\/uploads\\\/2025\\\/09\\\/pngtree-sustainable-transportation-concept-a-green-car-made-of-leaves-and-plants-picture-image_16302599.jpg\",\"contentUrl\":\"https:\\\/\\\/jornaldasoficinas.com\\\/pt\\\/wp-content\\\/uploads\\\/2025\\\/09\\\/pngtree-sustainable-transportation-concept-a-green-car-made-of-leaves-and-plants-picture-image_16302599.jpg\",\"width\":1024,\"height\":581,\"caption\":\"09 - pngtree sustainable transportation concept a green car made of leaves and plants picture image_16302599\"},{\"@type\":\"BreadcrumbList\",\"@id\":\"https:\\\/\\\/jornaldasoficinas.com\\\/pt\\\/cecra-alerta-que-confianca-e-a-chave-para-adocao-de-ve\\\/#breadcrumb\",\"itemListElement\":[{\"@type\":\"ListItem\",\"position\":1,\"name\":\"In\u00edcio\",\"item\":\"https:\\\/\\\/jornaldasoficinas.com\\\/pt\\\/\"},{\"@type\":\"ListItem\",\"position\":2,\"name\":\"CECRA alerta que confian\u00e7a \u00e9 a chave para ado\u00e7\u00e3o de VE\"}]},{\"@type\":\"WebSite\",\"@id\":\"https:\\\/\\\/jornaldasoficinas.com\\\/pt\\\/#website\",\"url\":\"https:\\\/\\\/jornaldasoficinas.com\\\/pt\\\/\",\"name\":\"Jornal das Oficinas\",\"description\":\"Jornal independente do Aftermarket Autom\u00f3vel em Portugal\",\"publisher\":{\"@id\":\"https:\\\/\\\/jornaldasoficinas.com\\\/pt\\\/#organization\"},\"potentialAction\":[{\"@type\":\"SearchAction\",\"target\":{\"@type\":\"EntryPoint\",\"urlTemplate\":\"https:\\\/\\\/jornaldasoficinas.com\\\/pt\\\/?s={search_term_string}\"},\"query-input\":{\"@type\":\"PropertyValueSpecification\",\"valueRequired\":true,\"valueName\":\"search_term_string\"}}],\"inLanguage\":\"pt-PT\"},{\"@type\":\"Organization\",\"@id\":\"https:\\\/\\\/jornaldasoficinas.com\\\/pt\\\/#organization\",\"name\":\"Jornal das Oficinas\",\"url\":\"https:\\\/\\\/jornaldasoficinas.com\\\/pt\\\/\",\"logo\":{\"@type\":\"ImageObject\",\"inLanguage\":\"pt-PT\",\"@id\":\"https:\\\/\\\/jornaldasoficinas.com\\\/pt\\\/#\\\/schema\\\/logo\\\/image\\\/\",\"url\":\"https:\\\/\\\/jornaldasoficinas.com\\\/pt\\\/wp-content\\\/uploads\\\/logoJO-SEO.png\",\"contentUrl\":\"https:\\\/\\\/jornaldasoficinas.com\\\/pt\\\/wp-content\\\/uploads\\\/logoJO-SEO.png\",\"width\":285,\"height\":450,\"caption\":\"Jornal das Oficinas\"},\"image\":{\"@id\":\"https:\\\/\\\/jornaldasoficinas.com\\\/pt\\\/#\\\/schema\\\/logo\\\/image\\\/\"},\"sameAs\":[\"https:\\\/\\\/www.facebook.com\\\/jornaloficinas\",\"https:\\\/\\\/x.com\\\/jornaloficinas\",\"https:\\\/\\\/www.instagram.com\\\/jornal_oficinas\\\/\",\"https:\\\/\\\/www.linkedin.com\\\/company\\\/jornal-das-oficinas\\\/\",\"https:\\\/\\\/www.youtube.com\\\/channel\\\/UCbQZBqtcvV-oSQrr7RzINGg\"]},{\"@type\":\"Person\",\"@id\":\"https:\\\/\\\/jornaldasoficinas.com\\\/pt\\\/#\\\/schema\\\/person\\\/a38eef5de2c41d9e7c9ac10141afddf3\",\"name\":\"Reda\u00e7\u00e3o JO\",\"image\":{\"@type\":\"ImageObject\",\"inLanguage\":\"pt-PT\",\"@id\":\"https:\\\/\\\/secure.gravatar.com\\\/avatar\\\/71f2fa71737ad68a84fea94bc708ddac8ea5b0c4788dc2ad202f3ccb2887742f?s=96&d=wp_user_avatar&r=g\",\"url\":\"https:\\\/\\\/secure.gravatar.com\\\/avatar\\\/71f2fa71737ad68a84fea94bc708ddac8ea5b0c4788dc2ad202f3ccb2887742f?s=96&d=wp_user_avatar&r=g\",\"contentUrl\":\"https:\\\/\\\/secure.gravatar.com\\\/avatar\\\/71f2fa71737ad68a84fea94bc708ddac8ea5b0c4788dc2ad202f3ccb2887742f?s=96&d=wp_user_avatar&r=g\",\"caption\":\"Reda\u00e7\u00e3o JO\"},\"url\":\"https:\\\/\\\/jornaldasoficinas.com\\\/pt\\\/author\\\/joredacao\\\/\"}]}<\/script>\n<!-- \/ Yoast SEO plugin. -->","yoast_head_json":{"title":"CECRA alerta que confian\u00e7a \u00e9 a chave para ado\u00e7\u00e3o de VE - Jornal das Oficinas","description":"O CECRA defende que a transi\u00e7\u00e3o para os el\u00e9tricos na Europa s\u00f3 ser\u00e1 bem-sucedida com mais confian\u00e7a, transpar\u00eancia e acessibilidade","robots":{"index":"index","follow":"follow","max-snippet":"max-snippet:-1","max-image-preview":"max-image-preview:large","max-video-preview":"max-video-preview:-1"},"canonical":"https:\/\/jornaldasoficinas.com\/pt\/cecra-alerta-que-confianca-e-a-chave-para-adocao-de-ve\/","og_locale":"pt_PT","og_type":"article","og_title":"CECRA alerta que confian\u00e7a \u00e9 a chave para ado\u00e7\u00e3o de VE - Jornal das Oficinas","og_description":"O CECRA defende que a transi\u00e7\u00e3o para os el\u00e9tricos na Europa s\u00f3 ser\u00e1 bem-sucedida com mais confian\u00e7a, transpar\u00eancia e acessibilidade","og_url":"https:\/\/jornaldasoficinas.com\/pt\/cecra-alerta-que-confianca-e-a-chave-para-adocao-de-ve\/","og_site_name":"Jornal das Oficinas","article_publisher":"https:\/\/www.facebook.com\/jornaloficinas","article_published_time":"2025-10-08T07:00:09+00:00","og_image":[{"width":1024,"height":581,"url":"https:\/\/jornaldasoficinas.com\/pt\/wp-content\/uploads\/2025\/09\/pngtree-sustainable-transportation-concept-a-green-car-made-of-leaves-and-plants-picture-image_16302599.jpg","type":"image\/jpeg"}],"author":"Reda\u00e7\u00e3o JO","twitter_card":"summary_large_image","twitter_creator":"@jornaloficinas","twitter_site":"@jornaloficinas","twitter_misc":{"Escrito por":"Reda\u00e7\u00e3o JO","Tempo estimado de leitura":"3 minutos"},"schema":{"@context":"https:\/\/schema.org","@graph":[{"@type":"Article","@id":"https:\/\/jornaldasoficinas.com\/pt\/cecra-alerta-que-confianca-e-a-chave-para-adocao-de-ve\/#article","isPartOf":{"@id":"https:\/\/jornaldasoficinas.com\/pt\/cecra-alerta-que-confianca-e-a-chave-para-adocao-de-ve\/"},"author":{"name":"Reda\u00e7\u00e3o JO","@id":"https:\/\/jornaldasoficinas.com\/pt\/#\/schema\/person\/a38eef5de2c41d9e7c9ac10141afddf3"},"headline":"CECRA alerta que confian\u00e7a \u00e9 a chave para ado\u00e7\u00e3o de VE","datePublished":"2025-10-08T07:00:09+00:00","mainEntityOfPage":{"@id":"https:\/\/jornaldasoficinas.com\/pt\/cecra-alerta-que-confianca-e-a-chave-para-adocao-de-ve\/"},"wordCount":468,"publisher":{"@id":"https:\/\/jornaldasoficinas.com\/pt\/#organization"},"image":{"@id":"https:\/\/jornaldasoficinas.com\/pt\/cecra-alerta-que-confianca-e-a-chave-para-adocao-de-ve\/#primaryimage"},"thumbnailUrl":"https:\/\/jornaldasoficinas.com\/pt\/wp-content\/uploads\/2025\/09\/pngtree-sustainable-transportation-concept-a-green-car-made-of-leaves-and-plants-picture-image_16302599.jpg","keywords":["acessibilidade","CECRA","consumidores","Maior transpar\u00eancia","mercado dos usados","Ve\u00edculos el\u00e9tricos"],"articleSection":["Mercado"],"inLanguage":"pt-PT"},{"@type":"WebPage","@id":"https:\/\/jornaldasoficinas.com\/pt\/cecra-alerta-que-confianca-e-a-chave-para-adocao-de-ve\/","url":"https:\/\/jornaldasoficinas.com\/pt\/cecra-alerta-que-confianca-e-a-chave-para-adocao-de-ve\/","name":"CECRA alerta que confian\u00e7a \u00e9 a chave para ado\u00e7\u00e3o de VE - Jornal das Oficinas","isPartOf":{"@id":"https:\/\/jornaldasoficinas.com\/pt\/#website"},"primaryImageOfPage":{"@id":"https:\/\/jornaldasoficinas.com\/pt\/cecra-alerta-que-confianca-e-a-chave-para-adocao-de-ve\/#primaryimage"},"image":{"@id":"https:\/\/jornaldasoficinas.com\/pt\/cecra-alerta-que-confianca-e-a-chave-para-adocao-de-ve\/#primaryimage"},"thumbnailUrl":"https:\/\/jornaldasoficinas.com\/pt\/wp-content\/uploads\/2025\/09\/pngtree-sustainable-transportation-concept-a-green-car-made-of-leaves-and-plants-picture-image_16302599.jpg","datePublished":"2025-10-08T07:00:09+00:00","description":"O CECRA defende que a transi\u00e7\u00e3o para os el\u00e9tricos na Europa s\u00f3 ser\u00e1 bem-sucedida com mais confian\u00e7a, transpar\u00eancia e acessibilidade","breadcrumb":{"@id":"https:\/\/jornaldasoficinas.com\/pt\/cecra-alerta-que-confianca-e-a-chave-para-adocao-de-ve\/#breadcrumb"},"inLanguage":"pt-PT","potentialAction":[{"@type":"ReadAction","target":["https:\/\/jornaldasoficinas.com\/pt\/cecra-alerta-que-confianca-e-a-chave-para-adocao-de-ve\/"]}]},{"@type":"ImageObject","inLanguage":"pt-PT","@id":"https:\/\/jornaldasoficinas.com\/pt\/cecra-alerta-que-confianca-e-a-chave-para-adocao-de-ve\/#primaryimage","url":"https:\/\/jornaldasoficinas.com\/pt\/wp-content\/uploads\/2025\/09\/pngtree-sustainable-transportation-concept-a-green-car-made-of-leaves-and-plants-picture-image_16302599.jpg","contentUrl":"https:\/\/jornaldasoficinas.com\/pt\/wp-content\/uploads\/2025\/09\/pngtree-sustainable-transportation-concept-a-green-car-made-of-leaves-and-plants-picture-image_16302599.jpg","width":1024,"height":581,"caption":"09 - pngtree sustainable transportation concept a green car made of leaves and plants picture image_16302599"},{"@type":"BreadcrumbList","@id":"https:\/\/jornaldasoficinas.com\/pt\/cecra-alerta-que-confianca-e-a-chave-para-adocao-de-ve\/#breadcrumb","itemListElement":[{"@type":"ListItem","position":1,"name":"In\u00edcio","item":"https:\/\/jornaldasoficinas.com\/pt\/"},{"@type":"ListItem","position":2,"name":"CECRA alerta que confian\u00e7a \u00e9 a chave para ado\u00e7\u00e3o de VE"}]},{"@type":"WebSite","@id":"https:\/\/jornaldasoficinas.com\/pt\/#website","url":"https:\/\/jornaldasoficinas.com\/pt\/","name":"Jornal das Oficinas","description":"Jornal independente do Aftermarket Autom\u00f3vel em Portugal","publisher":{"@id":"https:\/\/jornaldasoficinas.com\/pt\/#organization"},"potentialAction":[{"@type":"SearchAction","target":{"@type":"EntryPoint","urlTemplate":"https:\/\/jornaldasoficinas.com\/pt\/?s={search_term_string}"},"query-input":{"@type":"PropertyValueSpecification","valueRequired":true,"valueName":"search_term_string"}}],"inLanguage":"pt-PT"},{"@type":"Organization","@id":"https:\/\/jornaldasoficinas.com\/pt\/#organization","name":"Jornal das Oficinas","url":"https:\/\/jornaldasoficinas.com\/pt\/","logo":{"@type":"ImageObject","inLanguage":"pt-PT","@id":"https:\/\/jornaldasoficinas.com\/pt\/#\/schema\/logo\/image\/","url":"https:\/\/jornaldasoficinas.com\/pt\/wp-content\/uploads\/logoJO-SEO.png","contentUrl":"https:\/\/jornaldasoficinas.com\/pt\/wp-content\/uploads\/logoJO-SEO.png","width":285,"height":450,"caption":"Jornal das Oficinas"},"image":{"@id":"https:\/\/jornaldasoficinas.com\/pt\/#\/schema\/logo\/image\/"},"sameAs":["https:\/\/www.facebook.com\/jornaloficinas","https:\/\/x.com\/jornaloficinas","https:\/\/www.instagram.com\/jornal_oficinas\/","https:\/\/www.linkedin.com\/company\/jornal-das-oficinas\/","https:\/\/www.youtube.com\/channel\/UCbQZBqtcvV-oSQrr7RzINGg"]},{"@type":"Person","@id":"https:\/\/jornaldasoficinas.com\/pt\/#\/schema\/person\/a38eef5de2c41d9e7c9ac10141afddf3","name":"Reda\u00e7\u00e3o JO","image":{"@type":"ImageObject","inLanguage":"pt-PT","@id":"https:\/\/secure.gravatar.com\/avatar\/71f2fa71737ad68a84fea94bc708ddac8ea5b0c4788dc2ad202f3ccb2887742f?s=96&d=wp_user_avatar&r=g","url":"https:\/\/secure.gravatar.com\/avatar\/71f2fa71737ad68a84fea94bc708ddac8ea5b0c4788dc2ad202f3ccb2887742f?s=96&d=wp_user_avatar&r=g","contentUrl":"https:\/\/secure.gravatar.com\/avatar\/71f2fa71737ad68a84fea94bc708ddac8ea5b0c4788dc2ad202f3ccb2887742f?s=96&d=wp_user_avatar&r=g","caption":"Reda\u00e7\u00e3o JO"},"url":"https:\/\/jornaldasoficinas.com\/pt\/author\/joredacao\/"}]}},"_links":{"self":[{"href":"https:\/\/jornaldasoficinas.com\/pt\/wp-json\/wp\/v2\/posts\/107618","targetHints":{"allow":["GET"]}}],"collection":[{"href":"https:\/\/jornaldasoficinas.com\/pt\/wp-json\/wp\/v2\/posts"}],"about":[{"href":"https:\/\/jornaldasoficinas.com\/pt\/wp-json\/wp\/v2\/types\/post"}],"author":[{"embeddable":true,"href":"https:\/\/jornaldasoficinas.com\/pt\/wp-json\/wp\/v2\/users\/15"}],"replies":[{"embeddable":true,"href":"https:\/\/jornaldasoficinas.com\/pt\/wp-json\/wp\/v2\/comments?post=107618"}],"version-history":[{"count":7,"href":"https:\/\/jornaldasoficinas.com\/pt\/wp-json\/wp\/v2\/posts\/107618\/revisions"}],"predecessor-version":[{"id":107634,"href":"https:\/\/jornaldasoficinas.com\/pt\/wp-json\/wp\/v2\/posts\/107618\/revisions\/107634"}],"wp:featuredmedia":[{"embeddable":true,"href":"https:\/\/jornaldasoficinas.com\/pt\/wp-json\/wp\/v2\/media\/107633"}],"wp:attachment":[{"href":"https:\/\/jornaldasoficinas.com\/pt\/wp-json\/wp\/v2\/media?parent=107618"}],"wp:term":[{"taxonomy":"category","embeddable":true,"href":"https:\/\/jornaldasoficinas.com\/pt\/wp-json\/wp\/v2\/categories?post=107618"},{"taxonomy":"post_tag","embeddable":true,"href":"https:\/\/jornaldasoficinas.com\/pt\/wp-json\/wp\/v2\/tags?post=107618"}],"curies":[{"name":"wp","href":"https:\/\/api.w.org\/{rel}","templated":true}]}}