{"id":107658,"date":"2025-10-08T14:00:33","date_gmt":"2025-10-08T13:00:33","guid":{"rendered":"https:\/\/jornaldasoficinas.com\/pt\/?p=107658"},"modified":"2025-10-07T22:47:29","modified_gmt":"2025-10-07T21:47:29","slug":"sidem-lanca-videos-para-melhorar-reparacoes-automoveis","status":"publish","type":"post","link":"https:\/\/jornaldasoficinas.com\/pt\/sidem-lanca-videos-para-melhorar-reparacoes-automoveis\/","title":{"rendered":"Sidem lan\u00e7a v\u00eddeos para melhorar repara\u00e7\u00f5es autom\u00f3veis"},"content":{"rendered":"<p><strong><img loading=\"lazy\" decoding=\"async\" class=\"alignnone size-full wp-image-107671\" src=\"https:\/\/jornaldasoficinas.com\/pt\/wp-content\/uploads\/2025\/09\/Sidem-lanca-videos-para-melhorar-reparacoes-automoveis1.png\" alt=\"09 - Sidem lanca videos para melhorar reparacoes automoveis1\" width=\"1024\" height=\"581\" srcset=\"https:\/\/jornaldasoficinas.com\/pt\/wp-content\/uploads\/2025\/09\/Sidem-lanca-videos-para-melhorar-reparacoes-automoveis1.png 1024w, https:\/\/jornaldasoficinas.com\/pt\/wp-content\/uploads\/2025\/09\/Sidem-lanca-videos-para-melhorar-reparacoes-automoveis1-300x170.png 300w, https:\/\/jornaldasoficinas.com\/pt\/wp-content\/uploads\/2025\/09\/Sidem-lanca-videos-para-melhorar-reparacoes-automoveis1-150x85.png 150w, https:\/\/jornaldasoficinas.com\/pt\/wp-content\/uploads\/2025\/09\/Sidem-lanca-videos-para-melhorar-reparacoes-automoveis1-768x436.png 768w\" sizes=\"auto, (max-width: 1024px) 100vw, 1024px\" \/><\/strong><\/p>\n<p><strong>A <a href=\"https:\/\/www.sidem.be\/\" target=\"_blank\" rel=\"noopener\">Sidem<\/a> apresentou uma nova s\u00e9rie de v\u00eddeos curtos que orientam mec\u00e2nicos na inspe\u00e7\u00e3o e substitui\u00e7\u00e3o de pe\u00e7as de suspens\u00e3o e dire\u00e7\u00e3o, ajudando a reduzir falhas e retrabalhos dispendiosos<\/strong><\/p>\n<p>Cada v\u00eddeo, dispon\u00edvel no canal oficial da Sidem no YouTube, demonstra uma interven\u00e7\u00e3o t\u00edpica em apenas alguns minutos. Seja na substitui\u00e7\u00e3o de bra\u00e7os de dire\u00e7\u00e3o, barras estabilizadoras, apoios de suspens\u00e3o ou componentes de dire\u00e7\u00e3o, os tutoriais explicam de forma clara e visual os procedimentos corretos para garantir uma montagem precisa e duradoura.<\/p>\n<p>Com esta iniciativa, a Sidem pretende apoiar as oficinas a melhorar a qualidade do servi\u00e7o e a confian\u00e7a dos seus clientes. Os v\u00eddeos ajudam os profissionais a:<\/p>\n<p>&#8211; Evitar falhas na inspe\u00e7\u00e3o peri\u00f3dica, identificando atempadamente problemas nas pe\u00e7as;<\/p>\n<p>&#8211; Reduzir retrabalhos, prevenindo pe\u00e7as soltas, apoios danificados ou desalinhamentos;<\/p>\n<p>&#8211; Aumentar a seguran\u00e7a e satisfa\u00e7\u00e3o dos clientes, assegurando repara\u00e7\u00f5es corretas \u00e0 primeira interven\u00e7\u00e3o.<\/p>\n<p>Para assistir, clique <a href=\"https:\/\/www.youtube.com\/@SIDEMBELGIUM\/videos?view=0&amp;sort=dd&amp;shelf_id=1\" target=\"_blank\" rel=\"noopener\">aqui<\/a>.<\/p>\n","protected":false},"excerpt":{"rendered":"<p>A Sidem apresentou uma nova s\u00e9rie&#8230;<\/p>\n","protected":false},"author":15,"featured_media":107671,"comment_status":"closed","ping_status":"closed","sticky":false,"template":"","format":"standard","meta":{"footnotes":""},"categories":[29],"tags":[13734,13735,386,13732,448,13733],"class_list":["post-107658","post","type-post","status-publish","format-standard","has-post-thumbnail","hentry","category-empresas","tag-canal-do-youtube","tag-mecanicos","tag-oficinas","tag-reparacoes-automoveis","tag-sidem","tag-videos-curtos"],"yoast_head":"<!-- This site is optimized with the Yoast SEO plugin v27.4 - https:\/\/yoast.com\/product\/yoast-seo-wordpress\/ -->\n<title>Sidem lan\u00e7a v\u00eddeos para melhorar repara\u00e7\u00f5es autom\u00f3veis - Jornal das Oficinas<\/title>\n<meta name=\"description\" content=\"A Sidem apresentou uma nova s\u00e9rie de v\u00eddeos curtos que orientam mec\u00e2nicos na inspe\u00e7\u00e3o e substitui\u00e7\u00e3o de pe\u00e7as de suspens\u00e3o e dire\u00e7\u00e3o\" \/>\n<meta name=\"robots\" content=\"index, follow, max-snippet:-1, max-image-preview:large, max-video-preview:-1\" \/>\n<link rel=\"canonical\" href=\"https:\/\/jornaldasoficinas.com\/pt\/sidem-lanca-videos-para-melhorar-reparacoes-automoveis\/\" \/>\n<meta property=\"og:locale\" content=\"pt_PT\" \/>\n<meta property=\"og:type\" content=\"article\" \/>\n<meta property=\"og:title\" content=\"Sidem lan\u00e7a v\u00eddeos para melhorar repara\u00e7\u00f5es autom\u00f3veis - Jornal das Oficinas\" \/>\n<meta property=\"og:description\" content=\"A Sidem apresentou uma nova s\u00e9rie de v\u00eddeos curtos que orientam mec\u00e2nicos na inspe\u00e7\u00e3o e substitui\u00e7\u00e3o de pe\u00e7as de suspens\u00e3o e dire\u00e7\u00e3o\" \/>\n<meta property=\"og:url\" content=\"https:\/\/jornaldasoficinas.com\/pt\/sidem-lanca-videos-para-melhorar-reparacoes-automoveis\/\" \/>\n<meta property=\"og:site_name\" content=\"Jornal das Oficinas\" \/>\n<meta property=\"article:publisher\" content=\"https:\/\/www.facebook.com\/jornaloficinas\" \/>\n<meta property=\"article:published_time\" content=\"2025-10-08T13:00:33+00:00\" \/>\n<meta property=\"og:image\" content=\"https:\/\/jornaldasoficinas.com\/pt\/wp-content\/uploads\/2025\/09\/Sidem-lanca-videos-para-melhorar-reparacoes-automoveis1.png\" \/>\n\t<meta property=\"og:image:width\" content=\"1024\" \/>\n\t<meta property=\"og:image:height\" content=\"581\" \/>\n\t<meta property=\"og:image:type\" content=\"image\/png\" \/>\n<meta name=\"author\" content=\"Reda\u00e7\u00e3o JO\" \/>\n<meta name=\"twitter:card\" content=\"summary_large_image\" \/>\n<meta name=\"twitter:creator\" content=\"@jornaloficinas\" \/>\n<meta name=\"twitter:site\" content=\"@jornaloficinas\" \/>\n<meta name=\"twitter:label1\" content=\"Escrito por\" \/>\n\t<meta name=\"twitter:data1\" content=\"Reda\u00e7\u00e3o JO\" \/>\n\t<meta name=\"twitter:label2\" content=\"Tempo estimado de leitura\" \/>\n\t<meta name=\"twitter:data2\" content=\"2 minutos\" \/>\n<script type=\"application\/ld+json\" class=\"yoast-schema-graph\">{\"@context\":\"https:\\\/\\\/schema.org\",\"@graph\":[{\"@type\":\"Article\",\"@id\":\"https:\\\/\\\/jornaldasoficinas.com\\\/pt\\\/sidem-lanca-videos-para-melhorar-reparacoes-automoveis\\\/#article\",\"isPartOf\":{\"@id\":\"https:\\\/\\\/jornaldasoficinas.com\\\/pt\\\/sidem-lanca-videos-para-melhorar-reparacoes-automoveis\\\/\"},\"author\":{\"name\":\"Reda\u00e7\u00e3o JO\",\"@id\":\"https:\\\/\\\/jornaldasoficinas.com\\\/pt\\\/#\\\/schema\\\/person\\\/a38eef5de2c41d9e7c9ac10141afddf3\"},\"headline\":\"Sidem lan\u00e7a v\u00eddeos para melhorar repara\u00e7\u00f5es autom\u00f3veis\",\"datePublished\":\"2025-10-08T13:00:33+00:00\",\"mainEntityOfPage\":{\"@id\":\"https:\\\/\\\/jornaldasoficinas.com\\\/pt\\\/sidem-lanca-videos-para-melhorar-reparacoes-automoveis\\\/\"},\"wordCount\":185,\"publisher\":{\"@id\":\"https:\\\/\\\/jornaldasoficinas.com\\\/pt\\\/#organization\"},\"image\":{\"@id\":\"https:\\\/\\\/jornaldasoficinas.com\\\/pt\\\/sidem-lanca-videos-para-melhorar-reparacoes-automoveis\\\/#primaryimage\"},\"thumbnailUrl\":\"https:\\\/\\\/jornaldasoficinas.com\\\/pt\\\/wp-content\\\/uploads\\\/2025\\\/09\\\/Sidem-lanca-videos-para-melhorar-reparacoes-automoveis1.png\",\"keywords\":[\"canal do youtube\",\"mec\u00e2nicos\",\"Oficinas\",\"repara\u00e7\u00f5es autom\u00f3veis\",\"Sidem\",\"v\u00eddeos curtos\"],\"articleSection\":[\"Empresas\"],\"inLanguage\":\"pt-PT\"},{\"@type\":\"WebPage\",\"@id\":\"https:\\\/\\\/jornaldasoficinas.com\\\/pt\\\/sidem-lanca-videos-para-melhorar-reparacoes-automoveis\\\/\",\"url\":\"https:\\\/\\\/jornaldasoficinas.com\\\/pt\\\/sidem-lanca-videos-para-melhorar-reparacoes-automoveis\\\/\",\"name\":\"Sidem lan\u00e7a v\u00eddeos para melhorar repara\u00e7\u00f5es autom\u00f3veis - Jornal das Oficinas\",\"isPartOf\":{\"@id\":\"https:\\\/\\\/jornaldasoficinas.com\\\/pt\\\/#website\"},\"primaryImageOfPage\":{\"@id\":\"https:\\\/\\\/jornaldasoficinas.com\\\/pt\\\/sidem-lanca-videos-para-melhorar-reparacoes-automoveis\\\/#primaryimage\"},\"image\":{\"@id\":\"https:\\\/\\\/jornaldasoficinas.com\\\/pt\\\/sidem-lanca-videos-para-melhorar-reparacoes-automoveis\\\/#primaryimage\"},\"thumbnailUrl\":\"https:\\\/\\\/jornaldasoficinas.com\\\/pt\\\/wp-content\\\/uploads\\\/2025\\\/09\\\/Sidem-lanca-videos-para-melhorar-reparacoes-automoveis1.png\",\"datePublished\":\"2025-10-08T13:00:33+00:00\",\"description\":\"A Sidem apresentou uma nova s\u00e9rie de v\u00eddeos curtos que orientam mec\u00e2nicos na inspe\u00e7\u00e3o e substitui\u00e7\u00e3o de pe\u00e7as de suspens\u00e3o e dire\u00e7\u00e3o\",\"breadcrumb\":{\"@id\":\"https:\\\/\\\/jornaldasoficinas.com\\\/pt\\\/sidem-lanca-videos-para-melhorar-reparacoes-automoveis\\\/#breadcrumb\"},\"inLanguage\":\"pt-PT\",\"potentialAction\":[{\"@type\":\"ReadAction\",\"target\":[\"https:\\\/\\\/jornaldasoficinas.com\\\/pt\\\/sidem-lanca-videos-para-melhorar-reparacoes-automoveis\\\/\"]}]},{\"@type\":\"ImageObject\",\"inLanguage\":\"pt-PT\",\"@id\":\"https:\\\/\\\/jornaldasoficinas.com\\\/pt\\\/sidem-lanca-videos-para-melhorar-reparacoes-automoveis\\\/#primaryimage\",\"url\":\"https:\\\/\\\/jornaldasoficinas.com\\\/pt\\\/wp-content\\\/uploads\\\/2025\\\/09\\\/Sidem-lanca-videos-para-melhorar-reparacoes-automoveis1.png\",\"contentUrl\":\"https:\\\/\\\/jornaldasoficinas.com\\\/pt\\\/wp-content\\\/uploads\\\/2025\\\/09\\\/Sidem-lanca-videos-para-melhorar-reparacoes-automoveis1.png\",\"width\":1024,\"height\":581,\"caption\":\"09 - Sidem lanca videos para melhorar reparacoes automoveis1\"},{\"@type\":\"BreadcrumbList\",\"@id\":\"https:\\\/\\\/jornaldasoficinas.com\\\/pt\\\/sidem-lanca-videos-para-melhorar-reparacoes-automoveis\\\/#breadcrumb\",\"itemListElement\":[{\"@type\":\"ListItem\",\"position\":1,\"name\":\"In\u00edcio\",\"item\":\"https:\\\/\\\/jornaldasoficinas.com\\\/pt\\\/\"},{\"@type\":\"ListItem\",\"position\":2,\"name\":\"Sidem lan\u00e7a v\u00eddeos para melhorar repara\u00e7\u00f5es autom\u00f3veis\"}]},{\"@type\":\"WebSite\",\"@id\":\"https:\\\/\\\/jornaldasoficinas.com\\\/pt\\\/#website\",\"url\":\"https:\\\/\\\/jornaldasoficinas.com\\\/pt\\\/\",\"name\":\"Jornal das Oficinas\",\"description\":\"Jornal independente do Aftermarket Autom\u00f3vel em Portugal\",\"publisher\":{\"@id\":\"https:\\\/\\\/jornaldasoficinas.com\\\/pt\\\/#organization\"},\"potentialAction\":[{\"@type\":\"SearchAction\",\"target\":{\"@type\":\"EntryPoint\",\"urlTemplate\":\"https:\\\/\\\/jornaldasoficinas.com\\\/pt\\\/?s={search_term_string}\"},\"query-input\":{\"@type\":\"PropertyValueSpecification\",\"valueRequired\":true,\"valueName\":\"search_term_string\"}}],\"inLanguage\":\"pt-PT\"},{\"@type\":\"Organization\",\"@id\":\"https:\\\/\\\/jornaldasoficinas.com\\\/pt\\\/#organization\",\"name\":\"Jornal das Oficinas\",\"url\":\"https:\\\/\\\/jornaldasoficinas.com\\\/pt\\\/\",\"logo\":{\"@type\":\"ImageObject\",\"inLanguage\":\"pt-PT\",\"@id\":\"https:\\\/\\\/jornaldasoficinas.com\\\/pt\\\/#\\\/schema\\\/logo\\\/image\\\/\",\"url\":\"https:\\\/\\\/jornaldasoficinas.com\\\/pt\\\/wp-content\\\/uploads\\\/logoJO-SEO.png\",\"contentUrl\":\"https:\\\/\\\/jornaldasoficinas.com\\\/pt\\\/wp-content\\\/uploads\\\/logoJO-SEO.png\",\"width\":285,\"height\":450,\"caption\":\"Jornal das Oficinas\"},\"image\":{\"@id\":\"https:\\\/\\\/jornaldasoficinas.com\\\/pt\\\/#\\\/schema\\\/logo\\\/image\\\/\"},\"sameAs\":[\"https:\\\/\\\/www.facebook.com\\\/jornaloficinas\",\"https:\\\/\\\/x.com\\\/jornaloficinas\",\"https:\\\/\\\/www.instagram.com\\\/jornal_oficinas\\\/\",\"https:\\\/\\\/www.linkedin.com\\\/company\\\/jornal-das-oficinas\\\/\",\"https:\\\/\\\/www.youtube.com\\\/channel\\\/UCbQZBqtcvV-oSQrr7RzINGg\"]},{\"@type\":\"Person\",\"@id\":\"https:\\\/\\\/jornaldasoficinas.com\\\/pt\\\/#\\\/schema\\\/person\\\/a38eef5de2c41d9e7c9ac10141afddf3\",\"name\":\"Reda\u00e7\u00e3o JO\",\"image\":{\"@type\":\"ImageObject\",\"inLanguage\":\"pt-PT\",\"@id\":\"https:\\\/\\\/secure.gravatar.com\\\/avatar\\\/71f2fa71737ad68a84fea94bc708ddac8ea5b0c4788dc2ad202f3ccb2887742f?s=96&d=wp_user_avatar&r=g\",\"url\":\"https:\\\/\\\/secure.gravatar.com\\\/avatar\\\/71f2fa71737ad68a84fea94bc708ddac8ea5b0c4788dc2ad202f3ccb2887742f?s=96&d=wp_user_avatar&r=g\",\"contentUrl\":\"https:\\\/\\\/secure.gravatar.com\\\/avatar\\\/71f2fa71737ad68a84fea94bc708ddac8ea5b0c4788dc2ad202f3ccb2887742f?s=96&d=wp_user_avatar&r=g\",\"caption\":\"Reda\u00e7\u00e3o JO\"},\"url\":\"https:\\\/\\\/jornaldasoficinas.com\\\/pt\\\/author\\\/joredacao\\\/\"}]}<\/script>\n<!-- \/ Yoast SEO plugin. -->","yoast_head_json":{"title":"Sidem lan\u00e7a v\u00eddeos para melhorar repara\u00e7\u00f5es autom\u00f3veis - Jornal das Oficinas","description":"A Sidem apresentou uma nova s\u00e9rie de v\u00eddeos curtos que orientam mec\u00e2nicos na inspe\u00e7\u00e3o e substitui\u00e7\u00e3o de pe\u00e7as de suspens\u00e3o e dire\u00e7\u00e3o","robots":{"index":"index","follow":"follow","max-snippet":"max-snippet:-1","max-image-preview":"max-image-preview:large","max-video-preview":"max-video-preview:-1"},"canonical":"https:\/\/jornaldasoficinas.com\/pt\/sidem-lanca-videos-para-melhorar-reparacoes-automoveis\/","og_locale":"pt_PT","og_type":"article","og_title":"Sidem lan\u00e7a v\u00eddeos para melhorar repara\u00e7\u00f5es autom\u00f3veis - Jornal das Oficinas","og_description":"A Sidem apresentou uma nova s\u00e9rie de v\u00eddeos curtos que orientam mec\u00e2nicos na inspe\u00e7\u00e3o e substitui\u00e7\u00e3o de pe\u00e7as de suspens\u00e3o e dire\u00e7\u00e3o","og_url":"https:\/\/jornaldasoficinas.com\/pt\/sidem-lanca-videos-para-melhorar-reparacoes-automoveis\/","og_site_name":"Jornal das Oficinas","article_publisher":"https:\/\/www.facebook.com\/jornaloficinas","article_published_time":"2025-10-08T13:00:33+00:00","og_image":[{"width":1024,"height":581,"url":"https:\/\/jornaldasoficinas.com\/pt\/wp-content\/uploads\/2025\/09\/Sidem-lanca-videos-para-melhorar-reparacoes-automoveis1.png","type":"image\/png"}],"author":"Reda\u00e7\u00e3o JO","twitter_card":"summary_large_image","twitter_creator":"@jornaloficinas","twitter_site":"@jornaloficinas","twitter_misc":{"Escrito por":"Reda\u00e7\u00e3o JO","Tempo estimado de leitura":"2 minutos"},"schema":{"@context":"https:\/\/schema.org","@graph":[{"@type":"Article","@id":"https:\/\/jornaldasoficinas.com\/pt\/sidem-lanca-videos-para-melhorar-reparacoes-automoveis\/#article","isPartOf":{"@id":"https:\/\/jornaldasoficinas.com\/pt\/sidem-lanca-videos-para-melhorar-reparacoes-automoveis\/"},"author":{"name":"Reda\u00e7\u00e3o JO","@id":"https:\/\/jornaldasoficinas.com\/pt\/#\/schema\/person\/a38eef5de2c41d9e7c9ac10141afddf3"},"headline":"Sidem lan\u00e7a v\u00eddeos para melhorar repara\u00e7\u00f5es autom\u00f3veis","datePublished":"2025-10-08T13:00:33+00:00","mainEntityOfPage":{"@id":"https:\/\/jornaldasoficinas.com\/pt\/sidem-lanca-videos-para-melhorar-reparacoes-automoveis\/"},"wordCount":185,"publisher":{"@id":"https:\/\/jornaldasoficinas.com\/pt\/#organization"},"image":{"@id":"https:\/\/jornaldasoficinas.com\/pt\/sidem-lanca-videos-para-melhorar-reparacoes-automoveis\/#primaryimage"},"thumbnailUrl":"https:\/\/jornaldasoficinas.com\/pt\/wp-content\/uploads\/2025\/09\/Sidem-lanca-videos-para-melhorar-reparacoes-automoveis1.png","keywords":["canal do youtube","mec\u00e2nicos","Oficinas","repara\u00e7\u00f5es autom\u00f3veis","Sidem","v\u00eddeos curtos"],"articleSection":["Empresas"],"inLanguage":"pt-PT"},{"@type":"WebPage","@id":"https:\/\/jornaldasoficinas.com\/pt\/sidem-lanca-videos-para-melhorar-reparacoes-automoveis\/","url":"https:\/\/jornaldasoficinas.com\/pt\/sidem-lanca-videos-para-melhorar-reparacoes-automoveis\/","name":"Sidem lan\u00e7a v\u00eddeos para melhorar repara\u00e7\u00f5es autom\u00f3veis - Jornal das Oficinas","isPartOf":{"@id":"https:\/\/jornaldasoficinas.com\/pt\/#website"},"primaryImageOfPage":{"@id":"https:\/\/jornaldasoficinas.com\/pt\/sidem-lanca-videos-para-melhorar-reparacoes-automoveis\/#primaryimage"},"image":{"@id":"https:\/\/jornaldasoficinas.com\/pt\/sidem-lanca-videos-para-melhorar-reparacoes-automoveis\/#primaryimage"},"thumbnailUrl":"https:\/\/jornaldasoficinas.com\/pt\/wp-content\/uploads\/2025\/09\/Sidem-lanca-videos-para-melhorar-reparacoes-automoveis1.png","datePublished":"2025-10-08T13:00:33+00:00","description":"A Sidem apresentou uma nova s\u00e9rie de v\u00eddeos curtos que orientam mec\u00e2nicos na inspe\u00e7\u00e3o e substitui\u00e7\u00e3o de pe\u00e7as de suspens\u00e3o e dire\u00e7\u00e3o","breadcrumb":{"@id":"https:\/\/jornaldasoficinas.com\/pt\/sidem-lanca-videos-para-melhorar-reparacoes-automoveis\/#breadcrumb"},"inLanguage":"pt-PT","potentialAction":[{"@type":"ReadAction","target":["https:\/\/jornaldasoficinas.com\/pt\/sidem-lanca-videos-para-melhorar-reparacoes-automoveis\/"]}]},{"@type":"ImageObject","inLanguage":"pt-PT","@id":"https:\/\/jornaldasoficinas.com\/pt\/sidem-lanca-videos-para-melhorar-reparacoes-automoveis\/#primaryimage","url":"https:\/\/jornaldasoficinas.com\/pt\/wp-content\/uploads\/2025\/09\/Sidem-lanca-videos-para-melhorar-reparacoes-automoveis1.png","contentUrl":"https:\/\/jornaldasoficinas.com\/pt\/wp-content\/uploads\/2025\/09\/Sidem-lanca-videos-para-melhorar-reparacoes-automoveis1.png","width":1024,"height":581,"caption":"09 - Sidem lanca videos para melhorar reparacoes automoveis1"},{"@type":"BreadcrumbList","@id":"https:\/\/jornaldasoficinas.com\/pt\/sidem-lanca-videos-para-melhorar-reparacoes-automoveis\/#breadcrumb","itemListElement":[{"@type":"ListItem","position":1,"name":"In\u00edcio","item":"https:\/\/jornaldasoficinas.com\/pt\/"},{"@type":"ListItem","position":2,"name":"Sidem lan\u00e7a v\u00eddeos para melhorar repara\u00e7\u00f5es autom\u00f3veis"}]},{"@type":"WebSite","@id":"https:\/\/jornaldasoficinas.com\/pt\/#website","url":"https:\/\/jornaldasoficinas.com\/pt\/","name":"Jornal das Oficinas","description":"Jornal independente do Aftermarket Autom\u00f3vel em Portugal","publisher":{"@id":"https:\/\/jornaldasoficinas.com\/pt\/#organization"},"potentialAction":[{"@type":"SearchAction","target":{"@type":"EntryPoint","urlTemplate":"https:\/\/jornaldasoficinas.com\/pt\/?s={search_term_string}"},"query-input":{"@type":"PropertyValueSpecification","valueRequired":true,"valueName":"search_term_string"}}],"inLanguage":"pt-PT"},{"@type":"Organization","@id":"https:\/\/jornaldasoficinas.com\/pt\/#organization","name":"Jornal das Oficinas","url":"https:\/\/jornaldasoficinas.com\/pt\/","logo":{"@type":"ImageObject","inLanguage":"pt-PT","@id":"https:\/\/jornaldasoficinas.com\/pt\/#\/schema\/logo\/image\/","url":"https:\/\/jornaldasoficinas.com\/pt\/wp-content\/uploads\/logoJO-SEO.png","contentUrl":"https:\/\/jornaldasoficinas.com\/pt\/wp-content\/uploads\/logoJO-SEO.png","width":285,"height":450,"caption":"Jornal das Oficinas"},"image":{"@id":"https:\/\/jornaldasoficinas.com\/pt\/#\/schema\/logo\/image\/"},"sameAs":["https:\/\/www.facebook.com\/jornaloficinas","https:\/\/x.com\/jornaloficinas","https:\/\/www.instagram.com\/jornal_oficinas\/","https:\/\/www.linkedin.com\/company\/jornal-das-oficinas\/","https:\/\/www.youtube.com\/channel\/UCbQZBqtcvV-oSQrr7RzINGg"]},{"@type":"Person","@id":"https:\/\/jornaldasoficinas.com\/pt\/#\/schema\/person\/a38eef5de2c41d9e7c9ac10141afddf3","name":"Reda\u00e7\u00e3o JO","image":{"@type":"ImageObject","inLanguage":"pt-PT","@id":"https:\/\/secure.gravatar.com\/avatar\/71f2fa71737ad68a84fea94bc708ddac8ea5b0c4788dc2ad202f3ccb2887742f?s=96&d=wp_user_avatar&r=g","url":"https:\/\/secure.gravatar.com\/avatar\/71f2fa71737ad68a84fea94bc708ddac8ea5b0c4788dc2ad202f3ccb2887742f?s=96&d=wp_user_avatar&r=g","contentUrl":"https:\/\/secure.gravatar.com\/avatar\/71f2fa71737ad68a84fea94bc708ddac8ea5b0c4788dc2ad202f3ccb2887742f?s=96&d=wp_user_avatar&r=g","caption":"Reda\u00e7\u00e3o JO"},"url":"https:\/\/jornaldasoficinas.com\/pt\/author\/joredacao\/"}]}},"_links":{"self":[{"href":"https:\/\/jornaldasoficinas.com\/pt\/wp-json\/wp\/v2\/posts\/107658","targetHints":{"allow":["GET"]}}],"collection":[{"href":"https:\/\/jornaldasoficinas.com\/pt\/wp-json\/wp\/v2\/posts"}],"about":[{"href":"https:\/\/jornaldasoficinas.com\/pt\/wp-json\/wp\/v2\/types\/post"}],"author":[{"embeddable":true,"href":"https:\/\/jornaldasoficinas.com\/pt\/wp-json\/wp\/v2\/users\/15"}],"replies":[{"embeddable":true,"href":"https:\/\/jornaldasoficinas.com\/pt\/wp-json\/wp\/v2\/comments?post=107658"}],"version-history":[{"count":5,"href":"https:\/\/jornaldasoficinas.com\/pt\/wp-json\/wp\/v2\/posts\/107658\/revisions"}],"predecessor-version":[{"id":107674,"href":"https:\/\/jornaldasoficinas.com\/pt\/wp-json\/wp\/v2\/posts\/107658\/revisions\/107674"}],"wp:featuredmedia":[{"embeddable":true,"href":"https:\/\/jornaldasoficinas.com\/pt\/wp-json\/wp\/v2\/media\/107671"}],"wp:attachment":[{"href":"https:\/\/jornaldasoficinas.com\/pt\/wp-json\/wp\/v2\/media?parent=107658"}],"wp:term":[{"taxonomy":"category","embeddable":true,"href":"https:\/\/jornaldasoficinas.com\/pt\/wp-json\/wp\/v2\/categories?post=107658"},{"taxonomy":"post_tag","embeddable":true,"href":"https:\/\/jornaldasoficinas.com\/pt\/wp-json\/wp\/v2\/tags?post=107658"}],"curies":[{"name":"wp","href":"https:\/\/api.w.org\/{rel}","templated":true}]}}