{"id":107709,"date":"2025-10-09T18:00:59","date_gmt":"2025-10-09T17:00:59","guid":{"rendered":"https:\/\/jornaldasoficinas.com\/pt\/?p=107709"},"modified":"2025-10-08T22:59:34","modified_gmt":"2025-10-08T21:59:34","slug":"forvia-hella-cria-farois-para-nova-serie-de-autocarros-vdl","status":"publish","type":"post","link":"https:\/\/jornaldasoficinas.com\/pt\/forvia-hella-cria-farois-para-nova-serie-de-autocarros-vdl\/","title":{"rendered":"FORVIA HELLA cria far\u00f3is para nova s\u00e9rie de autocarros VDL"},"content":{"rendered":"<p><img loading=\"lazy\" decoding=\"async\" class=\"size-full wp-image-107719\" src=\"https:\/\/jornaldasoficinas.com\/pt\/wp-content\/uploads\/2025\/09\/FORVIA-HELLA-cria-farois-para-nova-serie-de-autocarros-VDL.jpg\" alt=\"09 - FORVIA HELLA cria farois para nova serie de autocarros VDL\" width=\"1024\" height=\"581\" srcset=\"https:\/\/jornaldasoficinas.com\/pt\/wp-content\/uploads\/2025\/09\/FORVIA-HELLA-cria-farois-para-nova-serie-de-autocarros-VDL.jpg 1024w, https:\/\/jornaldasoficinas.com\/pt\/wp-content\/uploads\/2025\/09\/FORVIA-HELLA-cria-farois-para-nova-serie-de-autocarros-VDL-300x170.jpg 300w, https:\/\/jornaldasoficinas.com\/pt\/wp-content\/uploads\/2025\/09\/FORVIA-HELLA-cria-farois-para-nova-serie-de-autocarros-VDL-150x85.jpg 150w, https:\/\/jornaldasoficinas.com\/pt\/wp-content\/uploads\/2025\/09\/FORVIA-HELLA-cria-farois-para-nova-serie-de-autocarros-VDL-768x436.jpg 768w\" sizes=\"auto, (max-width: 1024px) 100vw, 1024px\" \/><\/p>\n<p><strong>A <a href=\"https:\/\/www.hella.com\/\" target=\"_blank\" rel=\"noopener\">FORVIA HELLA<\/a> recebeu uma encomenda para desenvolver e fornecer far\u00f3is personalizados para a nova s\u00e9rie de autocarros da <a href=\"https:\/\/www.vdlbuscoach.com\/\" target=\"_blank\" rel=\"noopener\">VDL Bus &amp; Coach<\/a><\/strong><\/p>\n<p>O fornecedor autom\u00f3vel internacional FORVIA HELLA ir\u00e1 fornecer o primeiro farol totalmente personalizado para a nova s\u00e9rie de autocarros VDL FUTURA 3, resultado de uma colabora\u00e7\u00e3o de longa data com a VDL Bus &amp; Coach. Os far\u00f3is foram concebidos na sede da FORVIA HELLA em Lippstadt, Alemanha, e fabricados em Lugoj, Rom\u00e9nia. A nova s\u00e9rie foi apresentada oficialmente na feira Busworld deste ano, em Bruxelas.<\/p>\n<p>O m\u00f3dulo de alto desempenho combina todas as fun\u00e7\u00f5es de ilumina\u00e7\u00e3o frontal: m\u00e9dios, m\u00e1ximos, luz de presen\u00e7a, luz diurna e indicador de mudan\u00e7a de dire\u00e7\u00e3o de categoria 6. O farol baixo, equipado com 10 LEDs, produz 900 l\u00famens e 50 lux, enquanto o feixe de luzes de estrada, com 8 LEDs, assegura uma ilumina\u00e7\u00e3o homog\u00e9nea da estrada. A temperatura de cor semelhante \u00e0 da luz do dia reduz a fadiga visual e aumenta a seguran\u00e7a durante a condu\u00e7\u00e3o noturna.<\/p>\n<p>A guia de luz LED atua simultaneamente como luz diurna e de presen\u00e7a, e o indicador LED de categoria 6 integrado completa a dianteira redesenhada do ve\u00edculo. Indicadores laterais adicionais foram inclu\u00eddos para maior visibilidade em ve\u00edculos longos.<\/p>\n<p>Al\u00e9m da ilumina\u00e7\u00e3o frontal, a FORVIA HELLA fornecer\u00e1 luzes de presen\u00e7a no tejadilho, ilumina\u00e7\u00e3o interior, sistemas de alerta de marcha-atr\u00e1s e sensores avan\u00e7ados, como sensores de bateria e de luz de chuva.<\/p>\n","protected":false},"excerpt":{"rendered":"<p>A FORVIA HELLA recebeu uma encomenda&#8230;<\/p>\n","protected":false},"author":15,"featured_media":107719,"comment_status":"closed","ping_status":"closed","sticky":false,"template":"","format":"standard","meta":{"footnotes":""},"categories":[36],"tags":[1432,549,6618,10098,7834,13744,13743],"class_list":["post-107709","post","type-post","status-publish","format-standard","has-post-thumbnail","hentry","category-pesados","tag-autocarros","tag-busworld","tag-farois","tag-forvia-hella","tag-lancamento","tag-vdl-bus-coach","tag-vdl-futura-3"],"yoast_head":"<!-- This site is optimized with the Yoast SEO plugin v27.4 - https:\/\/yoast.com\/product\/yoast-seo-wordpress\/ -->\n<title>FORVIA HELLA cria far\u00f3is para nova s\u00e9rie de autocarros VDL - Jornal das Oficinas<\/title>\n<meta name=\"description\" content=\"A FORVIA HELLA recebeu uma encomenda para desenvolver e fornecer far\u00f3is personalizados para a nova s\u00e9rie de autocarros da VDL Bus &amp; Coach\" \/>\n<meta name=\"robots\" content=\"index, follow, max-snippet:-1, max-image-preview:large, max-video-preview:-1\" \/>\n<link rel=\"canonical\" href=\"https:\/\/jornaldasoficinas.com\/pt\/forvia-hella-cria-farois-para-nova-serie-de-autocarros-vdl\/\" \/>\n<meta property=\"og:locale\" content=\"pt_PT\" \/>\n<meta property=\"og:type\" content=\"article\" \/>\n<meta property=\"og:title\" content=\"FORVIA HELLA cria far\u00f3is para nova s\u00e9rie de autocarros VDL - Jornal das Oficinas\" \/>\n<meta property=\"og:description\" content=\"A FORVIA HELLA recebeu uma encomenda para desenvolver e fornecer far\u00f3is personalizados para a nova s\u00e9rie de autocarros da VDL Bus &amp; Coach\" \/>\n<meta property=\"og:url\" content=\"https:\/\/jornaldasoficinas.com\/pt\/forvia-hella-cria-farois-para-nova-serie-de-autocarros-vdl\/\" \/>\n<meta property=\"og:site_name\" content=\"Jornal das Oficinas\" \/>\n<meta property=\"article:publisher\" content=\"https:\/\/www.facebook.com\/jornaloficinas\" \/>\n<meta property=\"article:published_time\" content=\"2025-10-09T17:00:59+00:00\" \/>\n<meta property=\"og:image\" content=\"https:\/\/jornaldasoficinas.com\/pt\/wp-content\/uploads\/2025\/09\/FORVIA-HELLA-cria-farois-para-nova-serie-de-autocarros-VDL.jpg\" \/>\n\t<meta property=\"og:image:width\" content=\"1024\" \/>\n\t<meta property=\"og:image:height\" content=\"581\" \/>\n\t<meta property=\"og:image:type\" content=\"image\/jpeg\" \/>\n<meta name=\"author\" content=\"Reda\u00e7\u00e3o JO\" \/>\n<meta name=\"twitter:card\" content=\"summary_large_image\" \/>\n<meta name=\"twitter:creator\" content=\"@jornaloficinas\" \/>\n<meta name=\"twitter:site\" content=\"@jornaloficinas\" \/>\n<meta name=\"twitter:label1\" content=\"Escrito por\" \/>\n\t<meta name=\"twitter:data1\" content=\"Reda\u00e7\u00e3o JO\" \/>\n\t<meta name=\"twitter:label2\" content=\"Tempo estimado de leitura\" \/>\n\t<meta name=\"twitter:data2\" content=\"2 minutos\" \/>\n<script type=\"application\/ld+json\" class=\"yoast-schema-graph\">{\"@context\":\"https:\\\/\\\/schema.org\",\"@graph\":[{\"@type\":\"Article\",\"@id\":\"https:\\\/\\\/jornaldasoficinas.com\\\/pt\\\/forvia-hella-cria-farois-para-nova-serie-de-autocarros-vdl\\\/#article\",\"isPartOf\":{\"@id\":\"https:\\\/\\\/jornaldasoficinas.com\\\/pt\\\/forvia-hella-cria-farois-para-nova-serie-de-autocarros-vdl\\\/\"},\"author\":{\"name\":\"Reda\u00e7\u00e3o JO\",\"@id\":\"https:\\\/\\\/jornaldasoficinas.com\\\/pt\\\/#\\\/schema\\\/person\\\/a38eef5de2c41d9e7c9ac10141afddf3\"},\"headline\":\"FORVIA HELLA cria far\u00f3is para nova s\u00e9rie de autocarros VDL\",\"datePublished\":\"2025-10-09T17:00:59+00:00\",\"mainEntityOfPage\":{\"@id\":\"https:\\\/\\\/jornaldasoficinas.com\\\/pt\\\/forvia-hella-cria-farois-para-nova-serie-de-autocarros-vdl\\\/\"},\"wordCount\":272,\"publisher\":{\"@id\":\"https:\\\/\\\/jornaldasoficinas.com\\\/pt\\\/#organization\"},\"image\":{\"@id\":\"https:\\\/\\\/jornaldasoficinas.com\\\/pt\\\/forvia-hella-cria-farois-para-nova-serie-de-autocarros-vdl\\\/#primaryimage\"},\"thumbnailUrl\":\"https:\\\/\\\/jornaldasoficinas.com\\\/pt\\\/wp-content\\\/uploads\\\/2025\\\/09\\\/FORVIA-HELLA-cria-farois-para-nova-serie-de-autocarros-VDL.jpg\",\"keywords\":[\"Autocarros\",\"Busworld\",\"Far\u00f3is\",\"FORVIA HELLA\",\"lan\u00e7amento\",\"VDL Bus &amp; Coach\",\"VDL FUTURA 3\"],\"articleSection\":[\"Pesados\"],\"inLanguage\":\"pt-PT\"},{\"@type\":\"WebPage\",\"@id\":\"https:\\\/\\\/jornaldasoficinas.com\\\/pt\\\/forvia-hella-cria-farois-para-nova-serie-de-autocarros-vdl\\\/\",\"url\":\"https:\\\/\\\/jornaldasoficinas.com\\\/pt\\\/forvia-hella-cria-farois-para-nova-serie-de-autocarros-vdl\\\/\",\"name\":\"FORVIA HELLA cria far\u00f3is para nova s\u00e9rie de autocarros VDL - Jornal das Oficinas\",\"isPartOf\":{\"@id\":\"https:\\\/\\\/jornaldasoficinas.com\\\/pt\\\/#website\"},\"primaryImageOfPage\":{\"@id\":\"https:\\\/\\\/jornaldasoficinas.com\\\/pt\\\/forvia-hella-cria-farois-para-nova-serie-de-autocarros-vdl\\\/#primaryimage\"},\"image\":{\"@id\":\"https:\\\/\\\/jornaldasoficinas.com\\\/pt\\\/forvia-hella-cria-farois-para-nova-serie-de-autocarros-vdl\\\/#primaryimage\"},\"thumbnailUrl\":\"https:\\\/\\\/jornaldasoficinas.com\\\/pt\\\/wp-content\\\/uploads\\\/2025\\\/09\\\/FORVIA-HELLA-cria-farois-para-nova-serie-de-autocarros-VDL.jpg\",\"datePublished\":\"2025-10-09T17:00:59+00:00\",\"description\":\"A FORVIA HELLA recebeu uma encomenda para desenvolver e fornecer far\u00f3is personalizados para a nova s\u00e9rie de autocarros da VDL Bus & Coach\",\"breadcrumb\":{\"@id\":\"https:\\\/\\\/jornaldasoficinas.com\\\/pt\\\/forvia-hella-cria-farois-para-nova-serie-de-autocarros-vdl\\\/#breadcrumb\"},\"inLanguage\":\"pt-PT\",\"potentialAction\":[{\"@type\":\"ReadAction\",\"target\":[\"https:\\\/\\\/jornaldasoficinas.com\\\/pt\\\/forvia-hella-cria-farois-para-nova-serie-de-autocarros-vdl\\\/\"]}]},{\"@type\":\"ImageObject\",\"inLanguage\":\"pt-PT\",\"@id\":\"https:\\\/\\\/jornaldasoficinas.com\\\/pt\\\/forvia-hella-cria-farois-para-nova-serie-de-autocarros-vdl\\\/#primaryimage\",\"url\":\"https:\\\/\\\/jornaldasoficinas.com\\\/pt\\\/wp-content\\\/uploads\\\/2025\\\/09\\\/FORVIA-HELLA-cria-farois-para-nova-serie-de-autocarros-VDL.jpg\",\"contentUrl\":\"https:\\\/\\\/jornaldasoficinas.com\\\/pt\\\/wp-content\\\/uploads\\\/2025\\\/09\\\/FORVIA-HELLA-cria-farois-para-nova-serie-de-autocarros-VDL.jpg\",\"width\":1024,\"height\":581,\"caption\":\"DCIM102MEDIADJI_0451.JPG\"},{\"@type\":\"BreadcrumbList\",\"@id\":\"https:\\\/\\\/jornaldasoficinas.com\\\/pt\\\/forvia-hella-cria-farois-para-nova-serie-de-autocarros-vdl\\\/#breadcrumb\",\"itemListElement\":[{\"@type\":\"ListItem\",\"position\":1,\"name\":\"In\u00edcio\",\"item\":\"https:\\\/\\\/jornaldasoficinas.com\\\/pt\\\/\"},{\"@type\":\"ListItem\",\"position\":2,\"name\":\"FORVIA HELLA cria far\u00f3is para nova s\u00e9rie de autocarros VDL\"}]},{\"@type\":\"WebSite\",\"@id\":\"https:\\\/\\\/jornaldasoficinas.com\\\/pt\\\/#website\",\"url\":\"https:\\\/\\\/jornaldasoficinas.com\\\/pt\\\/\",\"name\":\"Jornal das Oficinas\",\"description\":\"Jornal independente do Aftermarket Autom\u00f3vel em Portugal\",\"publisher\":{\"@id\":\"https:\\\/\\\/jornaldasoficinas.com\\\/pt\\\/#organization\"},\"potentialAction\":[{\"@type\":\"SearchAction\",\"target\":{\"@type\":\"EntryPoint\",\"urlTemplate\":\"https:\\\/\\\/jornaldasoficinas.com\\\/pt\\\/?s={search_term_string}\"},\"query-input\":{\"@type\":\"PropertyValueSpecification\",\"valueRequired\":true,\"valueName\":\"search_term_string\"}}],\"inLanguage\":\"pt-PT\"},{\"@type\":\"Organization\",\"@id\":\"https:\\\/\\\/jornaldasoficinas.com\\\/pt\\\/#organization\",\"name\":\"Jornal das Oficinas\",\"url\":\"https:\\\/\\\/jornaldasoficinas.com\\\/pt\\\/\",\"logo\":{\"@type\":\"ImageObject\",\"inLanguage\":\"pt-PT\",\"@id\":\"https:\\\/\\\/jornaldasoficinas.com\\\/pt\\\/#\\\/schema\\\/logo\\\/image\\\/\",\"url\":\"https:\\\/\\\/jornaldasoficinas.com\\\/pt\\\/wp-content\\\/uploads\\\/logoJO-SEO.png\",\"contentUrl\":\"https:\\\/\\\/jornaldasoficinas.com\\\/pt\\\/wp-content\\\/uploads\\\/logoJO-SEO.png\",\"width\":285,\"height\":450,\"caption\":\"Jornal das Oficinas\"},\"image\":{\"@id\":\"https:\\\/\\\/jornaldasoficinas.com\\\/pt\\\/#\\\/schema\\\/logo\\\/image\\\/\"},\"sameAs\":[\"https:\\\/\\\/www.facebook.com\\\/jornaloficinas\",\"https:\\\/\\\/x.com\\\/jornaloficinas\",\"https:\\\/\\\/www.instagram.com\\\/jornal_oficinas\\\/\",\"https:\\\/\\\/www.linkedin.com\\\/company\\\/jornal-das-oficinas\\\/\",\"https:\\\/\\\/www.youtube.com\\\/channel\\\/UCbQZBqtcvV-oSQrr7RzINGg\"]},{\"@type\":\"Person\",\"@id\":\"https:\\\/\\\/jornaldasoficinas.com\\\/pt\\\/#\\\/schema\\\/person\\\/a38eef5de2c41d9e7c9ac10141afddf3\",\"name\":\"Reda\u00e7\u00e3o JO\",\"image\":{\"@type\":\"ImageObject\",\"inLanguage\":\"pt-PT\",\"@id\":\"https:\\\/\\\/secure.gravatar.com\\\/avatar\\\/71f2fa71737ad68a84fea94bc708ddac8ea5b0c4788dc2ad202f3ccb2887742f?s=96&d=wp_user_avatar&r=g\",\"url\":\"https:\\\/\\\/secure.gravatar.com\\\/avatar\\\/71f2fa71737ad68a84fea94bc708ddac8ea5b0c4788dc2ad202f3ccb2887742f?s=96&d=wp_user_avatar&r=g\",\"contentUrl\":\"https:\\\/\\\/secure.gravatar.com\\\/avatar\\\/71f2fa71737ad68a84fea94bc708ddac8ea5b0c4788dc2ad202f3ccb2887742f?s=96&d=wp_user_avatar&r=g\",\"caption\":\"Reda\u00e7\u00e3o JO\"},\"url\":\"https:\\\/\\\/jornaldasoficinas.com\\\/pt\\\/author\\\/joredacao\\\/\"}]}<\/script>\n<!-- \/ Yoast SEO plugin. -->","yoast_head_json":{"title":"FORVIA HELLA cria far\u00f3is para nova s\u00e9rie de autocarros VDL - Jornal das Oficinas","description":"A FORVIA HELLA recebeu uma encomenda para desenvolver e fornecer far\u00f3is personalizados para a nova s\u00e9rie de autocarros da VDL Bus & Coach","robots":{"index":"index","follow":"follow","max-snippet":"max-snippet:-1","max-image-preview":"max-image-preview:large","max-video-preview":"max-video-preview:-1"},"canonical":"https:\/\/jornaldasoficinas.com\/pt\/forvia-hella-cria-farois-para-nova-serie-de-autocarros-vdl\/","og_locale":"pt_PT","og_type":"article","og_title":"FORVIA HELLA cria far\u00f3is para nova s\u00e9rie de autocarros VDL - Jornal das Oficinas","og_description":"A FORVIA HELLA recebeu uma encomenda para desenvolver e fornecer far\u00f3is personalizados para a nova s\u00e9rie de autocarros da VDL Bus & Coach","og_url":"https:\/\/jornaldasoficinas.com\/pt\/forvia-hella-cria-farois-para-nova-serie-de-autocarros-vdl\/","og_site_name":"Jornal das Oficinas","article_publisher":"https:\/\/www.facebook.com\/jornaloficinas","article_published_time":"2025-10-09T17:00:59+00:00","og_image":[{"width":1024,"height":581,"url":"https:\/\/jornaldasoficinas.com\/pt\/wp-content\/uploads\/2025\/09\/FORVIA-HELLA-cria-farois-para-nova-serie-de-autocarros-VDL.jpg","type":"image\/jpeg"}],"author":"Reda\u00e7\u00e3o JO","twitter_card":"summary_large_image","twitter_creator":"@jornaloficinas","twitter_site":"@jornaloficinas","twitter_misc":{"Escrito por":"Reda\u00e7\u00e3o JO","Tempo estimado de leitura":"2 minutos"},"schema":{"@context":"https:\/\/schema.org","@graph":[{"@type":"Article","@id":"https:\/\/jornaldasoficinas.com\/pt\/forvia-hella-cria-farois-para-nova-serie-de-autocarros-vdl\/#article","isPartOf":{"@id":"https:\/\/jornaldasoficinas.com\/pt\/forvia-hella-cria-farois-para-nova-serie-de-autocarros-vdl\/"},"author":{"name":"Reda\u00e7\u00e3o JO","@id":"https:\/\/jornaldasoficinas.com\/pt\/#\/schema\/person\/a38eef5de2c41d9e7c9ac10141afddf3"},"headline":"FORVIA HELLA cria far\u00f3is para nova s\u00e9rie de autocarros VDL","datePublished":"2025-10-09T17:00:59+00:00","mainEntityOfPage":{"@id":"https:\/\/jornaldasoficinas.com\/pt\/forvia-hella-cria-farois-para-nova-serie-de-autocarros-vdl\/"},"wordCount":272,"publisher":{"@id":"https:\/\/jornaldasoficinas.com\/pt\/#organization"},"image":{"@id":"https:\/\/jornaldasoficinas.com\/pt\/forvia-hella-cria-farois-para-nova-serie-de-autocarros-vdl\/#primaryimage"},"thumbnailUrl":"https:\/\/jornaldasoficinas.com\/pt\/wp-content\/uploads\/2025\/09\/FORVIA-HELLA-cria-farois-para-nova-serie-de-autocarros-VDL.jpg","keywords":["Autocarros","Busworld","Far\u00f3is","FORVIA HELLA","lan\u00e7amento","VDL Bus &amp; Coach","VDL FUTURA 3"],"articleSection":["Pesados"],"inLanguage":"pt-PT"},{"@type":"WebPage","@id":"https:\/\/jornaldasoficinas.com\/pt\/forvia-hella-cria-farois-para-nova-serie-de-autocarros-vdl\/","url":"https:\/\/jornaldasoficinas.com\/pt\/forvia-hella-cria-farois-para-nova-serie-de-autocarros-vdl\/","name":"FORVIA HELLA cria far\u00f3is para nova s\u00e9rie de autocarros VDL - Jornal das Oficinas","isPartOf":{"@id":"https:\/\/jornaldasoficinas.com\/pt\/#website"},"primaryImageOfPage":{"@id":"https:\/\/jornaldasoficinas.com\/pt\/forvia-hella-cria-farois-para-nova-serie-de-autocarros-vdl\/#primaryimage"},"image":{"@id":"https:\/\/jornaldasoficinas.com\/pt\/forvia-hella-cria-farois-para-nova-serie-de-autocarros-vdl\/#primaryimage"},"thumbnailUrl":"https:\/\/jornaldasoficinas.com\/pt\/wp-content\/uploads\/2025\/09\/FORVIA-HELLA-cria-farois-para-nova-serie-de-autocarros-VDL.jpg","datePublished":"2025-10-09T17:00:59+00:00","description":"A FORVIA HELLA recebeu uma encomenda para desenvolver e fornecer far\u00f3is personalizados para a nova s\u00e9rie de autocarros da VDL Bus & Coach","breadcrumb":{"@id":"https:\/\/jornaldasoficinas.com\/pt\/forvia-hella-cria-farois-para-nova-serie-de-autocarros-vdl\/#breadcrumb"},"inLanguage":"pt-PT","potentialAction":[{"@type":"ReadAction","target":["https:\/\/jornaldasoficinas.com\/pt\/forvia-hella-cria-farois-para-nova-serie-de-autocarros-vdl\/"]}]},{"@type":"ImageObject","inLanguage":"pt-PT","@id":"https:\/\/jornaldasoficinas.com\/pt\/forvia-hella-cria-farois-para-nova-serie-de-autocarros-vdl\/#primaryimage","url":"https:\/\/jornaldasoficinas.com\/pt\/wp-content\/uploads\/2025\/09\/FORVIA-HELLA-cria-farois-para-nova-serie-de-autocarros-VDL.jpg","contentUrl":"https:\/\/jornaldasoficinas.com\/pt\/wp-content\/uploads\/2025\/09\/FORVIA-HELLA-cria-farois-para-nova-serie-de-autocarros-VDL.jpg","width":1024,"height":581,"caption":"DCIM102MEDIADJI_0451.JPG"},{"@type":"BreadcrumbList","@id":"https:\/\/jornaldasoficinas.com\/pt\/forvia-hella-cria-farois-para-nova-serie-de-autocarros-vdl\/#breadcrumb","itemListElement":[{"@type":"ListItem","position":1,"name":"In\u00edcio","item":"https:\/\/jornaldasoficinas.com\/pt\/"},{"@type":"ListItem","position":2,"name":"FORVIA HELLA cria far\u00f3is para nova s\u00e9rie de autocarros VDL"}]},{"@type":"WebSite","@id":"https:\/\/jornaldasoficinas.com\/pt\/#website","url":"https:\/\/jornaldasoficinas.com\/pt\/","name":"Jornal das Oficinas","description":"Jornal independente do Aftermarket Autom\u00f3vel em Portugal","publisher":{"@id":"https:\/\/jornaldasoficinas.com\/pt\/#organization"},"potentialAction":[{"@type":"SearchAction","target":{"@type":"EntryPoint","urlTemplate":"https:\/\/jornaldasoficinas.com\/pt\/?s={search_term_string}"},"query-input":{"@type":"PropertyValueSpecification","valueRequired":true,"valueName":"search_term_string"}}],"inLanguage":"pt-PT"},{"@type":"Organization","@id":"https:\/\/jornaldasoficinas.com\/pt\/#organization","name":"Jornal das Oficinas","url":"https:\/\/jornaldasoficinas.com\/pt\/","logo":{"@type":"ImageObject","inLanguage":"pt-PT","@id":"https:\/\/jornaldasoficinas.com\/pt\/#\/schema\/logo\/image\/","url":"https:\/\/jornaldasoficinas.com\/pt\/wp-content\/uploads\/logoJO-SEO.png","contentUrl":"https:\/\/jornaldasoficinas.com\/pt\/wp-content\/uploads\/logoJO-SEO.png","width":285,"height":450,"caption":"Jornal das Oficinas"},"image":{"@id":"https:\/\/jornaldasoficinas.com\/pt\/#\/schema\/logo\/image\/"},"sameAs":["https:\/\/www.facebook.com\/jornaloficinas","https:\/\/x.com\/jornaloficinas","https:\/\/www.instagram.com\/jornal_oficinas\/","https:\/\/www.linkedin.com\/company\/jornal-das-oficinas\/","https:\/\/www.youtube.com\/channel\/UCbQZBqtcvV-oSQrr7RzINGg"]},{"@type":"Person","@id":"https:\/\/jornaldasoficinas.com\/pt\/#\/schema\/person\/a38eef5de2c41d9e7c9ac10141afddf3","name":"Reda\u00e7\u00e3o JO","image":{"@type":"ImageObject","inLanguage":"pt-PT","@id":"https:\/\/secure.gravatar.com\/avatar\/71f2fa71737ad68a84fea94bc708ddac8ea5b0c4788dc2ad202f3ccb2887742f?s=96&d=wp_user_avatar&r=g","url":"https:\/\/secure.gravatar.com\/avatar\/71f2fa71737ad68a84fea94bc708ddac8ea5b0c4788dc2ad202f3ccb2887742f?s=96&d=wp_user_avatar&r=g","contentUrl":"https:\/\/secure.gravatar.com\/avatar\/71f2fa71737ad68a84fea94bc708ddac8ea5b0c4788dc2ad202f3ccb2887742f?s=96&d=wp_user_avatar&r=g","caption":"Reda\u00e7\u00e3o JO"},"url":"https:\/\/jornaldasoficinas.com\/pt\/author\/joredacao\/"}]}},"_links":{"self":[{"href":"https:\/\/jornaldasoficinas.com\/pt\/wp-json\/wp\/v2\/posts\/107709","targetHints":{"allow":["GET"]}}],"collection":[{"href":"https:\/\/jornaldasoficinas.com\/pt\/wp-json\/wp\/v2\/posts"}],"about":[{"href":"https:\/\/jornaldasoficinas.com\/pt\/wp-json\/wp\/v2\/types\/post"}],"author":[{"embeddable":true,"href":"https:\/\/jornaldasoficinas.com\/pt\/wp-json\/wp\/v2\/users\/15"}],"replies":[{"embeddable":true,"href":"https:\/\/jornaldasoficinas.com\/pt\/wp-json\/wp\/v2\/comments?post=107709"}],"version-history":[{"count":7,"href":"https:\/\/jornaldasoficinas.com\/pt\/wp-json\/wp\/v2\/posts\/107709\/revisions"}],"predecessor-version":[{"id":107721,"href":"https:\/\/jornaldasoficinas.com\/pt\/wp-json\/wp\/v2\/posts\/107709\/revisions\/107721"}],"wp:featuredmedia":[{"embeddable":true,"href":"https:\/\/jornaldasoficinas.com\/pt\/wp-json\/wp\/v2\/media\/107719"}],"wp:attachment":[{"href":"https:\/\/jornaldasoficinas.com\/pt\/wp-json\/wp\/v2\/media?parent=107709"}],"wp:term":[{"taxonomy":"category","embeddable":true,"href":"https:\/\/jornaldasoficinas.com\/pt\/wp-json\/wp\/v2\/categories?post=107709"},{"taxonomy":"post_tag","embeddable":true,"href":"https:\/\/jornaldasoficinas.com\/pt\/wp-json\/wp\/v2\/tags?post=107709"}],"curies":[{"name":"wp","href":"https:\/\/api.w.org\/{rel}","templated":true}]}}