{"id":107914,"date":"2025-10-14T08:00:24","date_gmt":"2025-10-14T07:00:24","guid":{"rendered":"https:\/\/jornaldasoficinas.com\/pt\/?p=107914"},"modified":"2025-10-13T16:15:09","modified_gmt":"2025-10-13T15:15:09","slug":"cepra-distingue-os-melhores-formandos-de-2025","status":"publish","type":"post","link":"https:\/\/jornaldasoficinas.com\/pt\/cepra-distingue-os-melhores-formandos-de-2025\/","title":{"rendered":"CEPRA distingue os melhores formandos de 2025"},"content":{"rendered":"<p><strong><img loading=\"lazy\" decoding=\"async\" class=\"alignnone size-full wp-image-107917\" src=\"https:\/\/jornaldasoficinas.com\/pt\/wp-content\/uploads\/2025\/10\/CEPRA-distingue-os-melhores-formandos-de-2025.jpg\" alt=\"10 - CEPRA distingue os melhores formandos de 2025\" width=\"1024\" height=\"581\" srcset=\"https:\/\/jornaldasoficinas.com\/pt\/wp-content\/uploads\/2025\/10\/CEPRA-distingue-os-melhores-formandos-de-2025.jpg 1024w, https:\/\/jornaldasoficinas.com\/pt\/wp-content\/uploads\/2025\/10\/CEPRA-distingue-os-melhores-formandos-de-2025-300x170.jpg 300w, https:\/\/jornaldasoficinas.com\/pt\/wp-content\/uploads\/2025\/10\/CEPRA-distingue-os-melhores-formandos-de-2025-150x85.jpg 150w, https:\/\/jornaldasoficinas.com\/pt\/wp-content\/uploads\/2025\/10\/CEPRA-distingue-os-melhores-formandos-de-2025-768x436.jpg 768w\" sizes=\"auto, (max-width: 1024px) 100vw, 1024px\" \/><\/strong><\/p>\n<p><strong>O <a href=\"https:\/\/cepra.pt\/\" target=\"_blank\" rel=\"noopener\">CEPRA<\/a> premiou os melhores formandos de 2025 numa cerim\u00f3nia que destacou o m\u00e9rito e a qualifica\u00e7\u00e3o dos futuros profissionais da repara\u00e7\u00e3o autom\u00f3vel<\/strong><\/p>\n<p>A cerim\u00f3nia oficial da entrega dos Pr\u00e9mios Melhores Formandos CEPRA \u2013 2025 decorreu a 3 de outubro, distinguindo os formandos que se destacaram, entre 1 de janeiro e 31 de agosto de 2025, nos cursos de Aprendizagem de Mecatr\u00f3nica Autom\u00f3vel, Repara\u00e7\u00e3o e Pintura de Carro\u00e7arias, Mecatr\u00f3nica de Motociclos e CET de Mecatr\u00f3nica Autom\u00f3vel \u2013 Planeamento e Controlo de Processos.<\/p>\n<p>&#8220;Estes pr\u00e9mios t\u00eam como objetivo reconhecer o esfor\u00e7o, dedica\u00e7\u00e3o e talento dos formandos, evidenciando os futuros profissionais mais preparados e promissores do setor da repara\u00e7\u00e3o autom\u00f3vel em Portugal&#8221;, afirmou o CEPRA.<\/p>\n<p>A realiza\u00e7\u00e3o da iniciativa contou com o apoio estrat\u00e9gico de parceiros empresariais do CEPRA, nomeadamente a INDASA, Impoeste\/PPG, Lusilectra e W\u00fcrth, cuja colabora\u00e7\u00e3o \u00e9 &#8220;essencial para refor\u00e7ar a liga\u00e7\u00e3o entre a forma\u00e7\u00e3o profissional e as entidades que comp\u00f5em o setor&#8221;, sublinhou.<\/p>\n<p>Com esta distin\u00e7\u00e3o, o CEPRA reafirma o seu compromisso em formar profissionais de excel\u00eancia, capazes de responder aos desafios tecnol\u00f3gicos e \u00e0s exig\u00eancias do setor da repara\u00e7\u00e3o autom\u00f3vel.<\/p>\n<p>Em 2026, o CEPRA voltar\u00e1 a distinguir os melhores formandos, numa nova edi\u00e7\u00e3o que pretende inspirar os formandos a superar-se e a elevar, ano ap\u00f3s ano, os padr\u00f5es de qualidade na forma\u00e7\u00e3o profissional.<\/p>\n<div class=\"wonderplugingallery-container\" id=\"wonderplugingallery-container-264\" style=\"max-width:960px;margin:0 auto;\"><div class=\"wonderplugingallery\" id=\"wonderplugingallery-264\" data-galleryid=\"264\" data-width=\"960\" data-height=\"540\" data-skin=\"gallery\" data-playsinline=\"false\" data-mutevideo=\"false\" data-random=\"false\" data-autoslide=\"false\" data-autoplayvideo=\"false\" data-schemamarkup=\"false\" data-stopallplaying=\"false\" data-reloadonvideoend=\"false\" data-donotuseposter=\"false\" data-enabletabindex=\"false\" data-loadnextonvideoend=\"false\" data-hidetitlewhenvideoisplaying=\"false\" data-disablehovereventontouch=\"false\" data-ratioresponsive=\"false\" data-autoslideandplayafterfirstplayed=\"false\" data-html5player=\"true\" data-responsive=\"true\" data-fullwidth=\"false\" data-showtitle=\"true\" data-showdescription=\"true\" data-showplaybutton=\"true\" data-showfullscreenbutton=\"true\" data-showtimer=\"true\" data-showcarousel=\"true\" data-galleryshadow=\"false\" data-slideshadow=\"true\" data-thumbshowtitle=\"false\" data-thumbshowimage=\"true\" data-thumbshadow=\"true\" data-lightboxshowtitle=\"true\" data-lightboxshowdescription=\"true\" data-specifyid=\"true\" data-donotinit=\"false\" data-addinitscript=\"false\" data-triggerresize=\"false\" data-thumbcolumnsresponsive=\"false\" data-thumbverticalmiddle=\"true\" data-removeinlinecss=\"true\" data-switchonmouseover=\"false\" data-showcategory=\"true\" data-carouselpagination=\"false\" data-showimgtitle=\"false\" data-titlesmallscreen=\"false\" data-initsocial=\"true\" data-showsocial=\"false\" data-showemail=\"false\" data-showfacebook=\"true\" data-showtwitter=\"true\" data-showpinterest=\"true\" data-socialrotateeffect=\"true\" data-doshortcodeontext=\"false\" data-loop=\"0\" data-duration=\"1500\" data-slideduration=\"1000\" data-slideshowinterval=\"6000\" data-googleanalyticsaccount=\"\" data-ga4account=\"\" data-resizemode=\"fill\" data-imagetoolboxmode=\"mouseover\" data-effect=\"fade\" data-padding=\"12\" data-bgcolor=\"\" data-bgimage=\"\" data-thumbwidth=\"120\" data-thumbheight=\"60\" data-thumbgap=\"8\" data-thumbrowgap=\"16\" data-lightboxtextheight=\"72\" data-lightboxtitlecss=\"{color:#333333; font:bold 12px Arial,Helvetica,sans-serif; overflow:hidden; white-space:normal; line-height:18px;}\" data-lightboxdescriptioncss=\"{color:#333333; font:normal 12px Arial,Helvetica,sans-serif; overflow:hidden; white-space:normal; line-height:14px;}\" data-titlecss=\"{color:#ffffff; font-size:14px; font-family:Armata, sans-serif, Arial; overflow:hidden; text-align:left; padding:10px 0px 10px 10px; background:rgb(102, 102, 102) transparent; background:rgba(102, 102, 102, 0.6);}\" data-descriptioncss=\"{color:#ffffff; font-size:13px; font-family:Armata, sans-serif, Arial; overflow:hidden; text-align:left; padding:0px 0px 10px 10px; background:rgb(102, 102, 102) transparent; background:rgba(102, 102, 102, 0.6);}\" data-titleheight=\"72\" data-titlesmallscreenwidth=\"640\" data-titleheightsmallscreen=\"148\" data-socialmode=\"mouseover\" data-socialposition=\"position:absolute;top:8px;right:8px;\" data-socialpositionlightbox=\"position:absolute;top:8px;right:8px;\" data-socialdirection=\"horizontal\" data-socialbuttonsize=\"32\" data-socialbuttonfontsize=\"18\" data-defaultvideovolume=\"1\" data-ratiomediumscreen=\"1024\" data-ratiomediumheight=\"1.6\" data-ratiosmallscreen=\"767\" data-ratiosmallheight=\"2.4\" data-thumbtitleheight=\"24\" data-thumbmediumtitleheight=\"48\" data-thumbsmalltitleheight=\"72\" data-categoryheight=\"48\" data-categorydefault=\"all\" data-triggerresizedelay=\"100\" data-thumbmediumsize=\"800\" data-thumbsmallsize=\"480\" data-thumbmediumwidth=\"64\" data-thumbmediumheight=\"64\" data-thumbsmallwidth=\"48\" data-thumbsmallheight=\"48\" data-imgtitle=\"title\" data-carouselpaginationrow=\"3\" data-categorystyle=\"dropdown\" data-categorylist=\"[{&quot;slug&quot;:&quot;all&quot;,&quot;caption&quot;:&quot;Show All&quot;}]\" data-jsfolder=\"https:\/\/jornaldasoficinas.com\/pt\/wp-content\/plugins\/wonderplugin-gallery\/engine\/\" style=\"display:none;\" ><a class=\"html5galleryimglink\" href=\"https:\/\/jornaldasoficinas.com\/pt\/wp-content\/uploads\/2025\/10\/CEPRAdistingue\/CEPRA-Melhores-Formandos-2025-1.jpg\" data-mediatype=1><img decoding=\"async\" class=\"html5galleryimg html5gallery-tn-image\" src=\"https:\/\/jornaldasoficinas.com\/pt\/wp-content\/uploads\/2025\/10\/CEPRAdistingue\/CEPRA-Melhores-Formandos-2025-1.jpg\" alt=\"\"><\/a><div class=\"html5gallery-info\"><\/div><a class=\"html5galleryimglink\" href=\"https:\/\/jornaldasoficinas.com\/pt\/wp-content\/uploads\/2025\/10\/CEPRAdistingue\/CEPRA-Melhores-Formandos-2025-3.jpg\" data-mediatype=1><img decoding=\"async\" class=\"html5galleryimg html5gallery-tn-image\" src=\"https:\/\/jornaldasoficinas.com\/pt\/wp-content\/uploads\/2025\/10\/CEPRAdistingue\/CEPRA-Melhores-Formandos-2025-3.jpg\" alt=\"\"><\/a><div class=\"html5gallery-info\"><\/div><a class=\"html5galleryimglink\" href=\"https:\/\/jornaldasoficinas.com\/pt\/wp-content\/uploads\/2025\/10\/CEPRAdistingue\/CEPRA-Melhores-Formandos-2025-4.jpg\" data-mediatype=1><img decoding=\"async\" class=\"html5galleryimg html5gallery-tn-image\" src=\"https:\/\/jornaldasoficinas.com\/pt\/wp-content\/uploads\/2025\/10\/CEPRAdistingue\/CEPRA-Melhores-Formandos-2025-4.jpg\" alt=\"\"><\/a><div class=\"html5gallery-info\"><\/div><a class=\"html5galleryimglink\" href=\"https:\/\/jornaldasoficinas.com\/pt\/wp-content\/uploads\/2025\/10\/CEPRAdistingue\/CEPRA-Melhores-Formandos-2025-5.jpg\" data-mediatype=1><img decoding=\"async\" class=\"html5galleryimg html5gallery-tn-image\" src=\"https:\/\/jornaldasoficinas.com\/pt\/wp-content\/uploads\/2025\/10\/CEPRAdistingue\/CEPRA-Melhores-Formandos-2025-5.jpg\" alt=\"\"><\/a><div class=\"html5gallery-info\"><\/div><a class=\"html5galleryimglink\" href=\"https:\/\/jornaldasoficinas.com\/pt\/wp-content\/uploads\/2025\/10\/CEPRAdistingue\/CEPRA-Melhores-Formandos-2025-6.jpg\" data-mediatype=1><img decoding=\"async\" class=\"html5galleryimg html5gallery-tn-image\" src=\"https:\/\/jornaldasoficinas.com\/pt\/wp-content\/uploads\/2025\/10\/CEPRAdistingue\/CEPRA-Melhores-Formandos-2025-6.jpg\" alt=\"\"><\/a><div class=\"html5gallery-info\"><\/div><a class=\"html5galleryimglink\" href=\"https:\/\/jornaldasoficinas.com\/pt\/wp-content\/uploads\/2025\/10\/CEPRAdistingue\/CEPRA-Melhores-Formandos-2025-7.jpg\" data-mediatype=1><img decoding=\"async\" class=\"html5galleryimg html5gallery-tn-image\" src=\"https:\/\/jornaldasoficinas.com\/pt\/wp-content\/uploads\/2025\/10\/CEPRAdistingue\/CEPRA-Melhores-Formandos-2025-7.jpg\" alt=\"\"><\/a><div class=\"html5gallery-info\"><\/div><a class=\"html5galleryimglink\" href=\"https:\/\/jornaldasoficinas.com\/pt\/wp-content\/uploads\/2025\/10\/CEPRAdistingue\/CEPRA-Melhores-Formandos-2025-8.jpg\" data-mediatype=1><img decoding=\"async\" class=\"html5galleryimg html5gallery-tn-image\" src=\"https:\/\/jornaldasoficinas.com\/pt\/wp-content\/uploads\/2025\/10\/CEPRAdistingue\/CEPRA-Melhores-Formandos-2025-8.jpg\" alt=\"\"><\/a><div class=\"html5gallery-info\"><\/div><a class=\"html5galleryimglink\" href=\"https:\/\/jornaldasoficinas.com\/pt\/wp-content\/uploads\/2025\/10\/CEPRAdistingue\/CEPRA-Melhores-Formandos-2025-9.jpg\" data-mediatype=1><img decoding=\"async\" class=\"html5galleryimg html5gallery-tn-image\" src=\"https:\/\/jornaldasoficinas.com\/pt\/wp-content\/uploads\/2025\/10\/CEPRAdistingue\/CEPRA-Melhores-Formandos-2025-9.jpg\" alt=\"\"><\/a><div class=\"html5gallery-info\"><\/div><a class=\"html5galleryimglink\" href=\"https:\/\/jornaldasoficinas.com\/pt\/wp-content\/uploads\/2025\/10\/CEPRAdistingue\/CEPRA-distingue-os-melhores-formandos-de-2025.jpg\" data-mediatype=1><img decoding=\"async\" class=\"html5galleryimg html5gallery-tn-image\" src=\"https:\/\/jornaldasoficinas.com\/pt\/wp-content\/uploads\/2025\/10\/CEPRAdistingue\/CEPRA-distingue-os-melhores-formandos-de-2025.jpg\" alt=\"\"><\/a><div class=\"html5gallery-info\"><\/div><\/div><\/div><script>function wondergallery_264_appendcss(csscode) {var head=document.head || document.getElementsByTagName(\"head\")[0];var style=document.createElement(\"style\");head.appendChild(style);style.type=\"text\/css\";if (style.styleSheet){style.styleSheet.cssText=csscode;} else {style.appendChild(document.createTextNode(csscode));}};wondergallery_264_appendcss(\"#wonderplugingallery-264 .html5gallery-cat-selection-264 { \tbox-sizing: border-box; \ttext-align: center; }  #wonderplugingallery-264 .html5gallery-cat-selection-264 select { \tbox-sizing: border-box; \tmargin: 4px auto; }\");<\/script>\n<p>&nbsp;<\/p>\n","protected":false},"excerpt":{"rendered":"<p>O CEPRA premiou os melhores formandos&#8230;<\/p>\n","protected":false},"author":15,"featured_media":107917,"comment_status":"closed","ping_status":"closed","sticky":false,"template":"","format":"standard","meta":{"footnotes":""},"categories":[29],"tags":[141,13772,3574,13771,13770,13777,3317],"class_list":["post-107914","post","type-post","status-publish","format-standard","has-post-thumbnail","hentry","category-empresas","tag-cepra","tag-cerimonia-oficial","tag-distincao","tag-futuros-profissionais","tag-melhores-formandos","tag-premios-melhores-formandos","tag-reparacao-automovel"],"yoast_head":"<!-- This site is optimized with the Yoast SEO plugin v27.5 - https:\/\/yoast.com\/product\/yoast-seo-wordpress\/ -->\n<title>CEPRA distingue os melhores formandos de 2025 - Jornal das Oficinas<\/title>\n<meta name=\"description\" content=\"O CEPRA premiou os melhores formandos de 2025 numa cerim\u00f3nia que destacou o m\u00e9rito e a qualifica\u00e7\u00e3o dos futuros profissionais do setor\" \/>\n<meta name=\"robots\" content=\"index, follow, max-snippet:-1, max-image-preview:large, max-video-preview:-1\" \/>\n<link rel=\"canonical\" href=\"https:\/\/jornaldasoficinas.com\/pt\/cepra-distingue-os-melhores-formandos-de-2025\/\" \/>\n<meta property=\"og:locale\" content=\"pt_PT\" \/>\n<meta property=\"og:type\" content=\"article\" \/>\n<meta property=\"og:title\" content=\"CEPRA distingue os melhores formandos de 2025 - Jornal das Oficinas\" \/>\n<meta property=\"og:description\" content=\"O CEPRA premiou os melhores formandos de 2025 numa cerim\u00f3nia que destacou o m\u00e9rito e a qualifica\u00e7\u00e3o dos futuros profissionais do setor\" \/>\n<meta property=\"og:url\" content=\"https:\/\/jornaldasoficinas.com\/pt\/cepra-distingue-os-melhores-formandos-de-2025\/\" \/>\n<meta property=\"og:site_name\" content=\"Jornal das Oficinas\" \/>\n<meta property=\"article:publisher\" content=\"https:\/\/www.facebook.com\/jornaloficinas\" \/>\n<meta property=\"article:published_time\" content=\"2025-10-14T07:00:24+00:00\" \/>\n<meta property=\"og:image\" content=\"https:\/\/jornaldasoficinas.com\/pt\/wp-content\/uploads\/2025\/10\/CEPRA-distingue-os-melhores-formandos-de-2025.jpg\" \/>\n\t<meta property=\"og:image:width\" content=\"1024\" \/>\n\t<meta property=\"og:image:height\" content=\"581\" \/>\n\t<meta property=\"og:image:type\" content=\"image\/jpeg\" \/>\n<meta name=\"author\" content=\"Reda\u00e7\u00e3o JO\" \/>\n<meta name=\"twitter:card\" content=\"summary_large_image\" \/>\n<meta name=\"twitter:creator\" content=\"@jornaloficinas\" \/>\n<meta name=\"twitter:site\" content=\"@jornaloficinas\" \/>\n<meta name=\"twitter:label1\" content=\"Escrito por\" \/>\n\t<meta name=\"twitter:data1\" content=\"Reda\u00e7\u00e3o JO\" \/>\n\t<meta name=\"twitter:label2\" content=\"Tempo estimado de leitura\" \/>\n\t<meta name=\"twitter:data2\" content=\"2 minutos\" \/>\n<script type=\"application\/ld+json\" class=\"yoast-schema-graph\">{\"@context\":\"https:\\\/\\\/schema.org\",\"@graph\":[{\"@type\":\"Article\",\"@id\":\"https:\\\/\\\/jornaldasoficinas.com\\\/pt\\\/cepra-distingue-os-melhores-formandos-de-2025\\\/#article\",\"isPartOf\":{\"@id\":\"https:\\\/\\\/jornaldasoficinas.com\\\/pt\\\/cepra-distingue-os-melhores-formandos-de-2025\\\/\"},\"author\":{\"name\":\"Reda\u00e7\u00e3o JO\",\"@id\":\"https:\\\/\\\/jornaldasoficinas.com\\\/pt\\\/#\\\/schema\\\/person\\\/a38eef5de2c41d9e7c9ac10141afddf3\"},\"headline\":\"CEPRA distingue os melhores formandos de 2025\",\"datePublished\":\"2025-10-14T07:00:24+00:00\",\"mainEntityOfPage\":{\"@id\":\"https:\\\/\\\/jornaldasoficinas.com\\\/pt\\\/cepra-distingue-os-melhores-formandos-de-2025\\\/\"},\"wordCount\":254,\"publisher\":{\"@id\":\"https:\\\/\\\/jornaldasoficinas.com\\\/pt\\\/#organization\"},\"image\":{\"@id\":\"https:\\\/\\\/jornaldasoficinas.com\\\/pt\\\/cepra-distingue-os-melhores-formandos-de-2025\\\/#primaryimage\"},\"thumbnailUrl\":\"https:\\\/\\\/jornaldasoficinas.com\\\/pt\\\/wp-content\\\/uploads\\\/2025\\\/10\\\/CEPRA-distingue-os-melhores-formandos-de-2025.jpg\",\"keywords\":[\"CEPRA\",\"cerim\u00f3nia oficial\",\"Distin\u00e7\u00e3o\",\"futuros profissionais\",\"melhores formandos\",\"Pr\u00e9mios Melhores Formandos\",\"Repara\u00e7\u00e3o autom\u00f3vel\"],\"articleSection\":[\"Empresas\"],\"inLanguage\":\"pt-PT\"},{\"@type\":\"WebPage\",\"@id\":\"https:\\\/\\\/jornaldasoficinas.com\\\/pt\\\/cepra-distingue-os-melhores-formandos-de-2025\\\/\",\"url\":\"https:\\\/\\\/jornaldasoficinas.com\\\/pt\\\/cepra-distingue-os-melhores-formandos-de-2025\\\/\",\"name\":\"CEPRA distingue os melhores formandos de 2025 - Jornal das Oficinas\",\"isPartOf\":{\"@id\":\"https:\\\/\\\/jornaldasoficinas.com\\\/pt\\\/#website\"},\"primaryImageOfPage\":{\"@id\":\"https:\\\/\\\/jornaldasoficinas.com\\\/pt\\\/cepra-distingue-os-melhores-formandos-de-2025\\\/#primaryimage\"},\"image\":{\"@id\":\"https:\\\/\\\/jornaldasoficinas.com\\\/pt\\\/cepra-distingue-os-melhores-formandos-de-2025\\\/#primaryimage\"},\"thumbnailUrl\":\"https:\\\/\\\/jornaldasoficinas.com\\\/pt\\\/wp-content\\\/uploads\\\/2025\\\/10\\\/CEPRA-distingue-os-melhores-formandos-de-2025.jpg\",\"datePublished\":\"2025-10-14T07:00:24+00:00\",\"description\":\"O CEPRA premiou os melhores formandos de 2025 numa cerim\u00f3nia que destacou o m\u00e9rito e a qualifica\u00e7\u00e3o dos futuros profissionais do setor\",\"breadcrumb\":{\"@id\":\"https:\\\/\\\/jornaldasoficinas.com\\\/pt\\\/cepra-distingue-os-melhores-formandos-de-2025\\\/#breadcrumb\"},\"inLanguage\":\"pt-PT\",\"potentialAction\":[{\"@type\":\"ReadAction\",\"target\":[\"https:\\\/\\\/jornaldasoficinas.com\\\/pt\\\/cepra-distingue-os-melhores-formandos-de-2025\\\/\"]}]},{\"@type\":\"ImageObject\",\"inLanguage\":\"pt-PT\",\"@id\":\"https:\\\/\\\/jornaldasoficinas.com\\\/pt\\\/cepra-distingue-os-melhores-formandos-de-2025\\\/#primaryimage\",\"url\":\"https:\\\/\\\/jornaldasoficinas.com\\\/pt\\\/wp-content\\\/uploads\\\/2025\\\/10\\\/CEPRA-distingue-os-melhores-formandos-de-2025.jpg\",\"contentUrl\":\"https:\\\/\\\/jornaldasoficinas.com\\\/pt\\\/wp-content\\\/uploads\\\/2025\\\/10\\\/CEPRA-distingue-os-melhores-formandos-de-2025.jpg\",\"width\":1024,\"height\":581,\"caption\":\"10 - CEPRA distingue os melhores formandos de 2025\"},{\"@type\":\"BreadcrumbList\",\"@id\":\"https:\\\/\\\/jornaldasoficinas.com\\\/pt\\\/cepra-distingue-os-melhores-formandos-de-2025\\\/#breadcrumb\",\"itemListElement\":[{\"@type\":\"ListItem\",\"position\":1,\"name\":\"In\u00edcio\",\"item\":\"https:\\\/\\\/jornaldasoficinas.com\\\/pt\\\/\"},{\"@type\":\"ListItem\",\"position\":2,\"name\":\"CEPRA distingue os melhores formandos de 2025\"}]},{\"@type\":\"WebSite\",\"@id\":\"https:\\\/\\\/jornaldasoficinas.com\\\/pt\\\/#website\",\"url\":\"https:\\\/\\\/jornaldasoficinas.com\\\/pt\\\/\",\"name\":\"Jornal das Oficinas\",\"description\":\"Jornal independente do Aftermarket Autom\u00f3vel em Portugal\",\"publisher\":{\"@id\":\"https:\\\/\\\/jornaldasoficinas.com\\\/pt\\\/#organization\"},\"potentialAction\":[{\"@type\":\"SearchAction\",\"target\":{\"@type\":\"EntryPoint\",\"urlTemplate\":\"https:\\\/\\\/jornaldasoficinas.com\\\/pt\\\/?s={search_term_string}\"},\"query-input\":{\"@type\":\"PropertyValueSpecification\",\"valueRequired\":true,\"valueName\":\"search_term_string\"}}],\"inLanguage\":\"pt-PT\"},{\"@type\":\"Organization\",\"@id\":\"https:\\\/\\\/jornaldasoficinas.com\\\/pt\\\/#organization\",\"name\":\"Jornal das Oficinas\",\"url\":\"https:\\\/\\\/jornaldasoficinas.com\\\/pt\\\/\",\"logo\":{\"@type\":\"ImageObject\",\"inLanguage\":\"pt-PT\",\"@id\":\"https:\\\/\\\/jornaldasoficinas.com\\\/pt\\\/#\\\/schema\\\/logo\\\/image\\\/\",\"url\":\"https:\\\/\\\/jornaldasoficinas.com\\\/pt\\\/wp-content\\\/uploads\\\/logoJO-SEO.png\",\"contentUrl\":\"https:\\\/\\\/jornaldasoficinas.com\\\/pt\\\/wp-content\\\/uploads\\\/logoJO-SEO.png\",\"width\":285,\"height\":450,\"caption\":\"Jornal das Oficinas\"},\"image\":{\"@id\":\"https:\\\/\\\/jornaldasoficinas.com\\\/pt\\\/#\\\/schema\\\/logo\\\/image\\\/\"},\"sameAs\":[\"https:\\\/\\\/www.facebook.com\\\/jornaloficinas\",\"https:\\\/\\\/x.com\\\/jornaloficinas\",\"https:\\\/\\\/www.instagram.com\\\/jornal_oficinas\\\/\",\"https:\\\/\\\/www.linkedin.com\\\/company\\\/jornal-das-oficinas\\\/\",\"https:\\\/\\\/www.youtube.com\\\/channel\\\/UCbQZBqtcvV-oSQrr7RzINGg\"]},{\"@type\":\"Person\",\"@id\":\"https:\\\/\\\/jornaldasoficinas.com\\\/pt\\\/#\\\/schema\\\/person\\\/a38eef5de2c41d9e7c9ac10141afddf3\",\"name\":\"Reda\u00e7\u00e3o JO\",\"image\":{\"@type\":\"ImageObject\",\"inLanguage\":\"pt-PT\",\"@id\":\"https:\\\/\\\/secure.gravatar.com\\\/avatar\\\/71f2fa71737ad68a84fea94bc708ddac8ea5b0c4788dc2ad202f3ccb2887742f?s=96&d=wp_user_avatar&r=g\",\"url\":\"https:\\\/\\\/secure.gravatar.com\\\/avatar\\\/71f2fa71737ad68a84fea94bc708ddac8ea5b0c4788dc2ad202f3ccb2887742f?s=96&d=wp_user_avatar&r=g\",\"contentUrl\":\"https:\\\/\\\/secure.gravatar.com\\\/avatar\\\/71f2fa71737ad68a84fea94bc708ddac8ea5b0c4788dc2ad202f3ccb2887742f?s=96&d=wp_user_avatar&r=g\",\"caption\":\"Reda\u00e7\u00e3o JO\"},\"url\":\"https:\\\/\\\/jornaldasoficinas.com\\\/pt\\\/author\\\/joredacao\\\/\"}]}<\/script>\n<!-- \/ Yoast SEO plugin. -->","yoast_head_json":{"title":"CEPRA distingue os melhores formandos de 2025 - Jornal das Oficinas","description":"O CEPRA premiou os melhores formandos de 2025 numa cerim\u00f3nia que destacou o m\u00e9rito e a qualifica\u00e7\u00e3o dos futuros profissionais do setor","robots":{"index":"index","follow":"follow","max-snippet":"max-snippet:-1","max-image-preview":"max-image-preview:large","max-video-preview":"max-video-preview:-1"},"canonical":"https:\/\/jornaldasoficinas.com\/pt\/cepra-distingue-os-melhores-formandos-de-2025\/","og_locale":"pt_PT","og_type":"article","og_title":"CEPRA distingue os melhores formandos de 2025 - Jornal das Oficinas","og_description":"O CEPRA premiou os melhores formandos de 2025 numa cerim\u00f3nia que destacou o m\u00e9rito e a qualifica\u00e7\u00e3o dos futuros profissionais do setor","og_url":"https:\/\/jornaldasoficinas.com\/pt\/cepra-distingue-os-melhores-formandos-de-2025\/","og_site_name":"Jornal das Oficinas","article_publisher":"https:\/\/www.facebook.com\/jornaloficinas","article_published_time":"2025-10-14T07:00:24+00:00","og_image":[{"width":1024,"height":581,"url":"https:\/\/jornaldasoficinas.com\/pt\/wp-content\/uploads\/2025\/10\/CEPRA-distingue-os-melhores-formandos-de-2025.jpg","type":"image\/jpeg"}],"author":"Reda\u00e7\u00e3o JO","twitter_card":"summary_large_image","twitter_creator":"@jornaloficinas","twitter_site":"@jornaloficinas","twitter_misc":{"Escrito por":"Reda\u00e7\u00e3o JO","Tempo estimado de leitura":"2 minutos"},"schema":{"@context":"https:\/\/schema.org","@graph":[{"@type":"Article","@id":"https:\/\/jornaldasoficinas.com\/pt\/cepra-distingue-os-melhores-formandos-de-2025\/#article","isPartOf":{"@id":"https:\/\/jornaldasoficinas.com\/pt\/cepra-distingue-os-melhores-formandos-de-2025\/"},"author":{"name":"Reda\u00e7\u00e3o JO","@id":"https:\/\/jornaldasoficinas.com\/pt\/#\/schema\/person\/a38eef5de2c41d9e7c9ac10141afddf3"},"headline":"CEPRA distingue os melhores formandos de 2025","datePublished":"2025-10-14T07:00:24+00:00","mainEntityOfPage":{"@id":"https:\/\/jornaldasoficinas.com\/pt\/cepra-distingue-os-melhores-formandos-de-2025\/"},"wordCount":254,"publisher":{"@id":"https:\/\/jornaldasoficinas.com\/pt\/#organization"},"image":{"@id":"https:\/\/jornaldasoficinas.com\/pt\/cepra-distingue-os-melhores-formandos-de-2025\/#primaryimage"},"thumbnailUrl":"https:\/\/jornaldasoficinas.com\/pt\/wp-content\/uploads\/2025\/10\/CEPRA-distingue-os-melhores-formandos-de-2025.jpg","keywords":["CEPRA","cerim\u00f3nia oficial","Distin\u00e7\u00e3o","futuros profissionais","melhores formandos","Pr\u00e9mios Melhores Formandos","Repara\u00e7\u00e3o autom\u00f3vel"],"articleSection":["Empresas"],"inLanguage":"pt-PT"},{"@type":"WebPage","@id":"https:\/\/jornaldasoficinas.com\/pt\/cepra-distingue-os-melhores-formandos-de-2025\/","url":"https:\/\/jornaldasoficinas.com\/pt\/cepra-distingue-os-melhores-formandos-de-2025\/","name":"CEPRA distingue os melhores formandos de 2025 - Jornal das Oficinas","isPartOf":{"@id":"https:\/\/jornaldasoficinas.com\/pt\/#website"},"primaryImageOfPage":{"@id":"https:\/\/jornaldasoficinas.com\/pt\/cepra-distingue-os-melhores-formandos-de-2025\/#primaryimage"},"image":{"@id":"https:\/\/jornaldasoficinas.com\/pt\/cepra-distingue-os-melhores-formandos-de-2025\/#primaryimage"},"thumbnailUrl":"https:\/\/jornaldasoficinas.com\/pt\/wp-content\/uploads\/2025\/10\/CEPRA-distingue-os-melhores-formandos-de-2025.jpg","datePublished":"2025-10-14T07:00:24+00:00","description":"O CEPRA premiou os melhores formandos de 2025 numa cerim\u00f3nia que destacou o m\u00e9rito e a qualifica\u00e7\u00e3o dos futuros profissionais do setor","breadcrumb":{"@id":"https:\/\/jornaldasoficinas.com\/pt\/cepra-distingue-os-melhores-formandos-de-2025\/#breadcrumb"},"inLanguage":"pt-PT","potentialAction":[{"@type":"ReadAction","target":["https:\/\/jornaldasoficinas.com\/pt\/cepra-distingue-os-melhores-formandos-de-2025\/"]}]},{"@type":"ImageObject","inLanguage":"pt-PT","@id":"https:\/\/jornaldasoficinas.com\/pt\/cepra-distingue-os-melhores-formandos-de-2025\/#primaryimage","url":"https:\/\/jornaldasoficinas.com\/pt\/wp-content\/uploads\/2025\/10\/CEPRA-distingue-os-melhores-formandos-de-2025.jpg","contentUrl":"https:\/\/jornaldasoficinas.com\/pt\/wp-content\/uploads\/2025\/10\/CEPRA-distingue-os-melhores-formandos-de-2025.jpg","width":1024,"height":581,"caption":"10 - CEPRA distingue os melhores formandos de 2025"},{"@type":"BreadcrumbList","@id":"https:\/\/jornaldasoficinas.com\/pt\/cepra-distingue-os-melhores-formandos-de-2025\/#breadcrumb","itemListElement":[{"@type":"ListItem","position":1,"name":"In\u00edcio","item":"https:\/\/jornaldasoficinas.com\/pt\/"},{"@type":"ListItem","position":2,"name":"CEPRA distingue os melhores formandos de 2025"}]},{"@type":"WebSite","@id":"https:\/\/jornaldasoficinas.com\/pt\/#website","url":"https:\/\/jornaldasoficinas.com\/pt\/","name":"Jornal das Oficinas","description":"Jornal independente do Aftermarket Autom\u00f3vel em Portugal","publisher":{"@id":"https:\/\/jornaldasoficinas.com\/pt\/#organization"},"potentialAction":[{"@type":"SearchAction","target":{"@type":"EntryPoint","urlTemplate":"https:\/\/jornaldasoficinas.com\/pt\/?s={search_term_string}"},"query-input":{"@type":"PropertyValueSpecification","valueRequired":true,"valueName":"search_term_string"}}],"inLanguage":"pt-PT"},{"@type":"Organization","@id":"https:\/\/jornaldasoficinas.com\/pt\/#organization","name":"Jornal das Oficinas","url":"https:\/\/jornaldasoficinas.com\/pt\/","logo":{"@type":"ImageObject","inLanguage":"pt-PT","@id":"https:\/\/jornaldasoficinas.com\/pt\/#\/schema\/logo\/image\/","url":"https:\/\/jornaldasoficinas.com\/pt\/wp-content\/uploads\/logoJO-SEO.png","contentUrl":"https:\/\/jornaldasoficinas.com\/pt\/wp-content\/uploads\/logoJO-SEO.png","width":285,"height":450,"caption":"Jornal das Oficinas"},"image":{"@id":"https:\/\/jornaldasoficinas.com\/pt\/#\/schema\/logo\/image\/"},"sameAs":["https:\/\/www.facebook.com\/jornaloficinas","https:\/\/x.com\/jornaloficinas","https:\/\/www.instagram.com\/jornal_oficinas\/","https:\/\/www.linkedin.com\/company\/jornal-das-oficinas\/","https:\/\/www.youtube.com\/channel\/UCbQZBqtcvV-oSQrr7RzINGg"]},{"@type":"Person","@id":"https:\/\/jornaldasoficinas.com\/pt\/#\/schema\/person\/a38eef5de2c41d9e7c9ac10141afddf3","name":"Reda\u00e7\u00e3o JO","image":{"@type":"ImageObject","inLanguage":"pt-PT","@id":"https:\/\/secure.gravatar.com\/avatar\/71f2fa71737ad68a84fea94bc708ddac8ea5b0c4788dc2ad202f3ccb2887742f?s=96&d=wp_user_avatar&r=g","url":"https:\/\/secure.gravatar.com\/avatar\/71f2fa71737ad68a84fea94bc708ddac8ea5b0c4788dc2ad202f3ccb2887742f?s=96&d=wp_user_avatar&r=g","contentUrl":"https:\/\/secure.gravatar.com\/avatar\/71f2fa71737ad68a84fea94bc708ddac8ea5b0c4788dc2ad202f3ccb2887742f?s=96&d=wp_user_avatar&r=g","caption":"Reda\u00e7\u00e3o JO"},"url":"https:\/\/jornaldasoficinas.com\/pt\/author\/joredacao\/"}]}},"_links":{"self":[{"href":"https:\/\/jornaldasoficinas.com\/pt\/wp-json\/wp\/v2\/posts\/107914","targetHints":{"allow":["GET"]}}],"collection":[{"href":"https:\/\/jornaldasoficinas.com\/pt\/wp-json\/wp\/v2\/posts"}],"about":[{"href":"https:\/\/jornaldasoficinas.com\/pt\/wp-json\/wp\/v2\/types\/post"}],"author":[{"embeddable":true,"href":"https:\/\/jornaldasoficinas.com\/pt\/wp-json\/wp\/v2\/users\/15"}],"replies":[{"embeddable":true,"href":"https:\/\/jornaldasoficinas.com\/pt\/wp-json\/wp\/v2\/comments?post=107914"}],"version-history":[{"count":4,"href":"https:\/\/jornaldasoficinas.com\/pt\/wp-json\/wp\/v2\/posts\/107914\/revisions"}],"predecessor-version":[{"id":107929,"href":"https:\/\/jornaldasoficinas.com\/pt\/wp-json\/wp\/v2\/posts\/107914\/revisions\/107929"}],"wp:featuredmedia":[{"embeddable":true,"href":"https:\/\/jornaldasoficinas.com\/pt\/wp-json\/wp\/v2\/media\/107917"}],"wp:attachment":[{"href":"https:\/\/jornaldasoficinas.com\/pt\/wp-json\/wp\/v2\/media?parent=107914"}],"wp:term":[{"taxonomy":"category","embeddable":true,"href":"https:\/\/jornaldasoficinas.com\/pt\/wp-json\/wp\/v2\/categories?post=107914"},{"taxonomy":"post_tag","embeddable":true,"href":"https:\/\/jornaldasoficinas.com\/pt\/wp-json\/wp\/v2\/tags?post=107914"}],"curies":[{"name":"wp","href":"https:\/\/api.w.org\/{rel}","templated":true}]}}