{"id":107989,"date":"2025-10-16T18:00:43","date_gmt":"2025-10-16T17:00:43","guid":{"rendered":"https:\/\/jornaldasoficinas.com\/pt\/?p=107989"},"modified":"2025-10-14T21:17:38","modified_gmt":"2025-10-14T20:17:38","slug":"ancav-apresenta-primeiros-centros-autorizados-peca-verde","status":"publish","type":"post","link":"https:\/\/jornaldasoficinas.com\/pt\/ancav-apresenta-primeiros-centros-autorizados-peca-verde\/","title":{"rendered":"ANCAV apresenta primeiros Centros Autorizados Pe\u00e7a Verde"},"content":{"rendered":"<p><strong><img loading=\"lazy\" decoding=\"async\" class=\"alignnone size-full wp-image-107996\" src=\"https:\/\/jornaldasoficinas.com\/pt\/wp-content\/uploads\/2025\/10\/ANCAV-apresenta-primeiros-Centros-Autorizados-Peca-Verde.png\" alt=\"10 - ANCAV apresenta primeiros Centros Autorizados Peca Verde\" width=\"1024\" height=\"581\" srcset=\"https:\/\/jornaldasoficinas.com\/pt\/wp-content\/uploads\/2025\/10\/ANCAV-apresenta-primeiros-Centros-Autorizados-Peca-Verde.png 1024w, https:\/\/jornaldasoficinas.com\/pt\/wp-content\/uploads\/2025\/10\/ANCAV-apresenta-primeiros-Centros-Autorizados-Peca-Verde-300x170.png 300w, https:\/\/jornaldasoficinas.com\/pt\/wp-content\/uploads\/2025\/10\/ANCAV-apresenta-primeiros-Centros-Autorizados-Peca-Verde-150x85.png 150w, https:\/\/jornaldasoficinas.com\/pt\/wp-content\/uploads\/2025\/10\/ANCAV-apresenta-primeiros-Centros-Autorizados-Peca-Verde-768x436.png 768w\" sizes=\"auto, (max-width: 1024px) 100vw, 1024px\" \/><\/strong><\/p>\n<p><strong>A <a href=\"https:\/\/ancav.pt\/\" target=\"_blank\" rel=\"noopener\">ANCAV<\/a> vai apresentar, no dia 13 de novembro, os primeiros Centros Autorizados Pe\u00e7a Verde, um passo decisivo na promo\u00e7\u00e3o da economia circular e da reutiliza\u00e7\u00e3o de componentes autom\u00f3veis. O evento decorrer\u00e1 no Hotel Villa Batalha e incluir\u00e1 a assinatura de protocolos com v\u00e1rias entidades do setor<\/strong><\/p>\n<p>A ANCAV \u2013 Associa\u00e7\u00e3o Nacional dos Centros de Abate de Ve\u00edculos, entidade nacional representativa do setor de gest\u00e3o de ve\u00edculos em fim de vida, promove no pr\u00f3ximo dia 13 de novembro de 2025, no Hotel Villa Batalha (Rua de Dom Duarte I 248, 2440-505 Batalha), um evento de grande relev\u00e2ncia para o setor autom\u00f3vel e ambiental portugu\u00eas.<\/p>\n<p>No \u00e2mbito do projeto Pe\u00e7a Verde, marca registada e propriedade da ANCAV, ser\u00e1 feita a apresenta\u00e7\u00e3o p\u00fablica dos primeiros Centros Autorizados Pe\u00e7a Verde, um marco importante na valoriza\u00e7\u00e3o da economia circular, na certifica\u00e7\u00e3o de processos operacionais sustent\u00e1veis e na promo\u00e7\u00e3o da reutiliza\u00e7\u00e3o de componentes autom\u00f3veis.<\/p>\n<p>O evento contar\u00e1 ainda com a assinatura formal de protocolos de coopera\u00e7\u00e3o entre a ANCAV e diversas entidades parceiras, entre as quais se incluem organismos e empresas de refer\u00eancia do setor autom\u00f3vel e ambiental, refor\u00e7ando o compromisso conjunto em prol da circularidade, sustentabilidade e inova\u00e7\u00e3o.<\/p>\n<p>As <a href=\"https:\/\/docs.google.com\/forms\/d\/e\/1FAIpQLSd40qXWhWBccHKdrdT2j-9EWlMCxiNtm_TRBu30MP3GxRy2YQ\/viewform\" target=\"_blank\" rel=\"noopener\">inscri\u00e7\u00f5es<\/a> s\u00e3o limitadas, sendo o evento dirigido a profissionais, entidades p\u00fablicas e privadas, e \u00e0 comunica\u00e7\u00e3o social especializada.<\/p>\n<p><strong>Programa:<\/strong><\/p>\n<p>14:00 \u2013 Rece\u00e7\u00e3o de participantes;<br \/>\n14:30 \u2013 Abertura do evento;<br \/>\n14:35 \u2013 Apresenta\u00e7\u00e3o dos Centros Autorizados Pe\u00e7a Verde;<br \/>\n15:45 \u2013 Coffee break e networking;<br \/>\n16:15 \u2013 Assinatura de protocolos de coopera\u00e7\u00e3o;<br \/>\n17:30 \u2013 Sess\u00e3o de encerramento.<\/p>\n","protected":false},"excerpt":{"rendered":"<p>A ANCAV vai apresentar, no dia&#8230;<\/p>\n","protected":false},"author":15,"featured_media":107996,"comment_status":"closed","ping_status":"closed","sticky":false,"template":"","format":"standard","meta":{"footnotes":""},"categories":[37],"tags":[8073,13793,13791,387,4716,13792],"class_list":["post-107989","post","type-post","status-publish","format-standard","has-post-thumbnail","hentry","category-mercado","tag-ancav","tag-assinatura-de-protocolos","tag-centros-autorizados-peca-verde","tag-economia-circular","tag-evento","tag-reutilizacao-de-componentes"],"yoast_head":"<!-- This site is optimized with the Yoast SEO plugin v27.5 - https:\/\/yoast.com\/product\/yoast-seo-wordpress\/ -->\n<title>ANCAV apresenta primeiros Centros Autorizados Pe\u00e7a Verde - Jornal das Oficinas<\/title>\n<meta name=\"description\" content=\"A ANCAV vai apresentar os primeiros Centros Autorizados Pe\u00e7a Verde, um passo decisivo na promo\u00e7\u00e3o da economia circular\" \/>\n<meta name=\"robots\" content=\"index, follow, max-snippet:-1, max-image-preview:large, max-video-preview:-1\" \/>\n<link rel=\"canonical\" href=\"https:\/\/jornaldasoficinas.com\/pt\/ancav-apresenta-primeiros-centros-autorizados-peca-verde\/\" \/>\n<meta property=\"og:locale\" content=\"pt_PT\" \/>\n<meta property=\"og:type\" content=\"article\" \/>\n<meta property=\"og:title\" content=\"ANCAV apresenta primeiros Centros Autorizados Pe\u00e7a Verde - Jornal das Oficinas\" \/>\n<meta property=\"og:description\" content=\"A ANCAV vai apresentar os primeiros Centros Autorizados Pe\u00e7a Verde, um passo decisivo na promo\u00e7\u00e3o da economia circular\" \/>\n<meta property=\"og:url\" content=\"https:\/\/jornaldasoficinas.com\/pt\/ancav-apresenta-primeiros-centros-autorizados-peca-verde\/\" \/>\n<meta property=\"og:site_name\" content=\"Jornal das Oficinas\" \/>\n<meta property=\"article:publisher\" content=\"https:\/\/www.facebook.com\/jornaloficinas\" \/>\n<meta property=\"article:published_time\" content=\"2025-10-16T17:00:43+00:00\" \/>\n<meta property=\"og:image\" content=\"https:\/\/jornaldasoficinas.com\/pt\/wp-content\/uploads\/2025\/10\/ANCAV-apresenta-primeiros-Centros-Autorizados-Peca-Verde.png\" \/>\n\t<meta property=\"og:image:width\" content=\"1024\" \/>\n\t<meta property=\"og:image:height\" content=\"581\" \/>\n\t<meta property=\"og:image:type\" content=\"image\/png\" \/>\n<meta name=\"author\" content=\"Reda\u00e7\u00e3o JO\" \/>\n<meta name=\"twitter:card\" content=\"summary_large_image\" \/>\n<meta name=\"twitter:creator\" content=\"@jornaloficinas\" \/>\n<meta name=\"twitter:site\" content=\"@jornaloficinas\" \/>\n<meta name=\"twitter:label1\" content=\"Escrito por\" \/>\n\t<meta name=\"twitter:data1\" content=\"Reda\u00e7\u00e3o JO\" \/>\n\t<meta name=\"twitter:label2\" content=\"Tempo estimado de leitura\" \/>\n\t<meta name=\"twitter:data2\" content=\"2 minutos\" \/>\n<script type=\"application\/ld+json\" class=\"yoast-schema-graph\">{\"@context\":\"https:\\\/\\\/schema.org\",\"@graph\":[{\"@type\":\"Article\",\"@id\":\"https:\\\/\\\/jornaldasoficinas.com\\\/pt\\\/ancav-apresenta-primeiros-centros-autorizados-peca-verde\\\/#article\",\"isPartOf\":{\"@id\":\"https:\\\/\\\/jornaldasoficinas.com\\\/pt\\\/ancav-apresenta-primeiros-centros-autorizados-peca-verde\\\/\"},\"author\":{\"name\":\"Reda\u00e7\u00e3o JO\",\"@id\":\"https:\\\/\\\/jornaldasoficinas.com\\\/pt\\\/#\\\/schema\\\/person\\\/a38eef5de2c41d9e7c9ac10141afddf3\"},\"headline\":\"ANCAV apresenta primeiros Centros Autorizados Pe\u00e7a Verde\",\"datePublished\":\"2025-10-16T17:00:43+00:00\",\"mainEntityOfPage\":{\"@id\":\"https:\\\/\\\/jornaldasoficinas.com\\\/pt\\\/ancav-apresenta-primeiros-centros-autorizados-peca-verde\\\/\"},\"wordCount\":277,\"publisher\":{\"@id\":\"https:\\\/\\\/jornaldasoficinas.com\\\/pt\\\/#organization\"},\"image\":{\"@id\":\"https:\\\/\\\/jornaldasoficinas.com\\\/pt\\\/ancav-apresenta-primeiros-centros-autorizados-peca-verde\\\/#primaryimage\"},\"thumbnailUrl\":\"https:\\\/\\\/jornaldasoficinas.com\\\/pt\\\/wp-content\\\/uploads\\\/2025\\\/10\\\/ANCAV-apresenta-primeiros-Centros-Autorizados-Peca-Verde.png\",\"keywords\":[\"ANCAV\",\"assinatura de protocolos\",\"Centros Autorizados Pe\u00e7a Verde\",\"Economia Circular\",\"Evento\",\"reutiliza\u00e7\u00e3o de componentes\"],\"articleSection\":[\"Mercado\"],\"inLanguage\":\"pt-PT\"},{\"@type\":\"WebPage\",\"@id\":\"https:\\\/\\\/jornaldasoficinas.com\\\/pt\\\/ancav-apresenta-primeiros-centros-autorizados-peca-verde\\\/\",\"url\":\"https:\\\/\\\/jornaldasoficinas.com\\\/pt\\\/ancav-apresenta-primeiros-centros-autorizados-peca-verde\\\/\",\"name\":\"ANCAV apresenta primeiros Centros Autorizados Pe\u00e7a Verde - Jornal das Oficinas\",\"isPartOf\":{\"@id\":\"https:\\\/\\\/jornaldasoficinas.com\\\/pt\\\/#website\"},\"primaryImageOfPage\":{\"@id\":\"https:\\\/\\\/jornaldasoficinas.com\\\/pt\\\/ancav-apresenta-primeiros-centros-autorizados-peca-verde\\\/#primaryimage\"},\"image\":{\"@id\":\"https:\\\/\\\/jornaldasoficinas.com\\\/pt\\\/ancav-apresenta-primeiros-centros-autorizados-peca-verde\\\/#primaryimage\"},\"thumbnailUrl\":\"https:\\\/\\\/jornaldasoficinas.com\\\/pt\\\/wp-content\\\/uploads\\\/2025\\\/10\\\/ANCAV-apresenta-primeiros-Centros-Autorizados-Peca-Verde.png\",\"datePublished\":\"2025-10-16T17:00:43+00:00\",\"description\":\"A ANCAV vai apresentar os primeiros Centros Autorizados Pe\u00e7a Verde, um passo decisivo na promo\u00e7\u00e3o da economia circular\",\"breadcrumb\":{\"@id\":\"https:\\\/\\\/jornaldasoficinas.com\\\/pt\\\/ancav-apresenta-primeiros-centros-autorizados-peca-verde\\\/#breadcrumb\"},\"inLanguage\":\"pt-PT\",\"potentialAction\":[{\"@type\":\"ReadAction\",\"target\":[\"https:\\\/\\\/jornaldasoficinas.com\\\/pt\\\/ancav-apresenta-primeiros-centros-autorizados-peca-verde\\\/\"]}]},{\"@type\":\"ImageObject\",\"inLanguage\":\"pt-PT\",\"@id\":\"https:\\\/\\\/jornaldasoficinas.com\\\/pt\\\/ancav-apresenta-primeiros-centros-autorizados-peca-verde\\\/#primaryimage\",\"url\":\"https:\\\/\\\/jornaldasoficinas.com\\\/pt\\\/wp-content\\\/uploads\\\/2025\\\/10\\\/ANCAV-apresenta-primeiros-Centros-Autorizados-Peca-Verde.png\",\"contentUrl\":\"https:\\\/\\\/jornaldasoficinas.com\\\/pt\\\/wp-content\\\/uploads\\\/2025\\\/10\\\/ANCAV-apresenta-primeiros-Centros-Autorizados-Peca-Verde.png\",\"width\":1024,\"height\":581,\"caption\":\"10 - ANCAV apresenta primeiros Centros Autorizados Peca Verde\"},{\"@type\":\"BreadcrumbList\",\"@id\":\"https:\\\/\\\/jornaldasoficinas.com\\\/pt\\\/ancav-apresenta-primeiros-centros-autorizados-peca-verde\\\/#breadcrumb\",\"itemListElement\":[{\"@type\":\"ListItem\",\"position\":1,\"name\":\"In\u00edcio\",\"item\":\"https:\\\/\\\/jornaldasoficinas.com\\\/pt\\\/\"},{\"@type\":\"ListItem\",\"position\":2,\"name\":\"ANCAV apresenta primeiros Centros Autorizados Pe\u00e7a Verde\"}]},{\"@type\":\"WebSite\",\"@id\":\"https:\\\/\\\/jornaldasoficinas.com\\\/pt\\\/#website\",\"url\":\"https:\\\/\\\/jornaldasoficinas.com\\\/pt\\\/\",\"name\":\"Jornal das Oficinas\",\"description\":\"Jornal independente do Aftermarket Autom\u00f3vel em Portugal\",\"publisher\":{\"@id\":\"https:\\\/\\\/jornaldasoficinas.com\\\/pt\\\/#organization\"},\"potentialAction\":[{\"@type\":\"SearchAction\",\"target\":{\"@type\":\"EntryPoint\",\"urlTemplate\":\"https:\\\/\\\/jornaldasoficinas.com\\\/pt\\\/?s={search_term_string}\"},\"query-input\":{\"@type\":\"PropertyValueSpecification\",\"valueRequired\":true,\"valueName\":\"search_term_string\"}}],\"inLanguage\":\"pt-PT\"},{\"@type\":\"Organization\",\"@id\":\"https:\\\/\\\/jornaldasoficinas.com\\\/pt\\\/#organization\",\"name\":\"Jornal das Oficinas\",\"url\":\"https:\\\/\\\/jornaldasoficinas.com\\\/pt\\\/\",\"logo\":{\"@type\":\"ImageObject\",\"inLanguage\":\"pt-PT\",\"@id\":\"https:\\\/\\\/jornaldasoficinas.com\\\/pt\\\/#\\\/schema\\\/logo\\\/image\\\/\",\"url\":\"https:\\\/\\\/jornaldasoficinas.com\\\/pt\\\/wp-content\\\/uploads\\\/logoJO-SEO.png\",\"contentUrl\":\"https:\\\/\\\/jornaldasoficinas.com\\\/pt\\\/wp-content\\\/uploads\\\/logoJO-SEO.png\",\"width\":285,\"height\":450,\"caption\":\"Jornal das Oficinas\"},\"image\":{\"@id\":\"https:\\\/\\\/jornaldasoficinas.com\\\/pt\\\/#\\\/schema\\\/logo\\\/image\\\/\"},\"sameAs\":[\"https:\\\/\\\/www.facebook.com\\\/jornaloficinas\",\"https:\\\/\\\/x.com\\\/jornaloficinas\",\"https:\\\/\\\/www.instagram.com\\\/jornal_oficinas\\\/\",\"https:\\\/\\\/www.linkedin.com\\\/company\\\/jornal-das-oficinas\\\/\",\"https:\\\/\\\/www.youtube.com\\\/channel\\\/UCbQZBqtcvV-oSQrr7RzINGg\"]},{\"@type\":\"Person\",\"@id\":\"https:\\\/\\\/jornaldasoficinas.com\\\/pt\\\/#\\\/schema\\\/person\\\/a38eef5de2c41d9e7c9ac10141afddf3\",\"name\":\"Reda\u00e7\u00e3o JO\",\"image\":{\"@type\":\"ImageObject\",\"inLanguage\":\"pt-PT\",\"@id\":\"https:\\\/\\\/secure.gravatar.com\\\/avatar\\\/71f2fa71737ad68a84fea94bc708ddac8ea5b0c4788dc2ad202f3ccb2887742f?s=96&d=wp_user_avatar&r=g\",\"url\":\"https:\\\/\\\/secure.gravatar.com\\\/avatar\\\/71f2fa71737ad68a84fea94bc708ddac8ea5b0c4788dc2ad202f3ccb2887742f?s=96&d=wp_user_avatar&r=g\",\"contentUrl\":\"https:\\\/\\\/secure.gravatar.com\\\/avatar\\\/71f2fa71737ad68a84fea94bc708ddac8ea5b0c4788dc2ad202f3ccb2887742f?s=96&d=wp_user_avatar&r=g\",\"caption\":\"Reda\u00e7\u00e3o JO\"},\"url\":\"https:\\\/\\\/jornaldasoficinas.com\\\/pt\\\/author\\\/joredacao\\\/\"}]}<\/script>\n<!-- \/ Yoast SEO plugin. -->","yoast_head_json":{"title":"ANCAV apresenta primeiros Centros Autorizados Pe\u00e7a Verde - Jornal das Oficinas","description":"A ANCAV vai apresentar os primeiros Centros Autorizados Pe\u00e7a Verde, um passo decisivo na promo\u00e7\u00e3o da economia circular","robots":{"index":"index","follow":"follow","max-snippet":"max-snippet:-1","max-image-preview":"max-image-preview:large","max-video-preview":"max-video-preview:-1"},"canonical":"https:\/\/jornaldasoficinas.com\/pt\/ancav-apresenta-primeiros-centros-autorizados-peca-verde\/","og_locale":"pt_PT","og_type":"article","og_title":"ANCAV apresenta primeiros Centros Autorizados Pe\u00e7a Verde - Jornal das Oficinas","og_description":"A ANCAV vai apresentar os primeiros Centros Autorizados Pe\u00e7a Verde, um passo decisivo na promo\u00e7\u00e3o da economia circular","og_url":"https:\/\/jornaldasoficinas.com\/pt\/ancav-apresenta-primeiros-centros-autorizados-peca-verde\/","og_site_name":"Jornal das Oficinas","article_publisher":"https:\/\/www.facebook.com\/jornaloficinas","article_published_time":"2025-10-16T17:00:43+00:00","og_image":[{"width":1024,"height":581,"url":"https:\/\/jornaldasoficinas.com\/pt\/wp-content\/uploads\/2025\/10\/ANCAV-apresenta-primeiros-Centros-Autorizados-Peca-Verde.png","type":"image\/png"}],"author":"Reda\u00e7\u00e3o JO","twitter_card":"summary_large_image","twitter_creator":"@jornaloficinas","twitter_site":"@jornaloficinas","twitter_misc":{"Escrito por":"Reda\u00e7\u00e3o JO","Tempo estimado de leitura":"2 minutos"},"schema":{"@context":"https:\/\/schema.org","@graph":[{"@type":"Article","@id":"https:\/\/jornaldasoficinas.com\/pt\/ancav-apresenta-primeiros-centros-autorizados-peca-verde\/#article","isPartOf":{"@id":"https:\/\/jornaldasoficinas.com\/pt\/ancav-apresenta-primeiros-centros-autorizados-peca-verde\/"},"author":{"name":"Reda\u00e7\u00e3o JO","@id":"https:\/\/jornaldasoficinas.com\/pt\/#\/schema\/person\/a38eef5de2c41d9e7c9ac10141afddf3"},"headline":"ANCAV apresenta primeiros Centros Autorizados Pe\u00e7a Verde","datePublished":"2025-10-16T17:00:43+00:00","mainEntityOfPage":{"@id":"https:\/\/jornaldasoficinas.com\/pt\/ancav-apresenta-primeiros-centros-autorizados-peca-verde\/"},"wordCount":277,"publisher":{"@id":"https:\/\/jornaldasoficinas.com\/pt\/#organization"},"image":{"@id":"https:\/\/jornaldasoficinas.com\/pt\/ancav-apresenta-primeiros-centros-autorizados-peca-verde\/#primaryimage"},"thumbnailUrl":"https:\/\/jornaldasoficinas.com\/pt\/wp-content\/uploads\/2025\/10\/ANCAV-apresenta-primeiros-Centros-Autorizados-Peca-Verde.png","keywords":["ANCAV","assinatura de protocolos","Centros Autorizados Pe\u00e7a Verde","Economia Circular","Evento","reutiliza\u00e7\u00e3o de componentes"],"articleSection":["Mercado"],"inLanguage":"pt-PT"},{"@type":"WebPage","@id":"https:\/\/jornaldasoficinas.com\/pt\/ancav-apresenta-primeiros-centros-autorizados-peca-verde\/","url":"https:\/\/jornaldasoficinas.com\/pt\/ancav-apresenta-primeiros-centros-autorizados-peca-verde\/","name":"ANCAV apresenta primeiros Centros Autorizados Pe\u00e7a Verde - Jornal das Oficinas","isPartOf":{"@id":"https:\/\/jornaldasoficinas.com\/pt\/#website"},"primaryImageOfPage":{"@id":"https:\/\/jornaldasoficinas.com\/pt\/ancav-apresenta-primeiros-centros-autorizados-peca-verde\/#primaryimage"},"image":{"@id":"https:\/\/jornaldasoficinas.com\/pt\/ancav-apresenta-primeiros-centros-autorizados-peca-verde\/#primaryimage"},"thumbnailUrl":"https:\/\/jornaldasoficinas.com\/pt\/wp-content\/uploads\/2025\/10\/ANCAV-apresenta-primeiros-Centros-Autorizados-Peca-Verde.png","datePublished":"2025-10-16T17:00:43+00:00","description":"A ANCAV vai apresentar os primeiros Centros Autorizados Pe\u00e7a Verde, um passo decisivo na promo\u00e7\u00e3o da economia circular","breadcrumb":{"@id":"https:\/\/jornaldasoficinas.com\/pt\/ancav-apresenta-primeiros-centros-autorizados-peca-verde\/#breadcrumb"},"inLanguage":"pt-PT","potentialAction":[{"@type":"ReadAction","target":["https:\/\/jornaldasoficinas.com\/pt\/ancav-apresenta-primeiros-centros-autorizados-peca-verde\/"]}]},{"@type":"ImageObject","inLanguage":"pt-PT","@id":"https:\/\/jornaldasoficinas.com\/pt\/ancav-apresenta-primeiros-centros-autorizados-peca-verde\/#primaryimage","url":"https:\/\/jornaldasoficinas.com\/pt\/wp-content\/uploads\/2025\/10\/ANCAV-apresenta-primeiros-Centros-Autorizados-Peca-Verde.png","contentUrl":"https:\/\/jornaldasoficinas.com\/pt\/wp-content\/uploads\/2025\/10\/ANCAV-apresenta-primeiros-Centros-Autorizados-Peca-Verde.png","width":1024,"height":581,"caption":"10 - ANCAV apresenta primeiros Centros Autorizados Peca Verde"},{"@type":"BreadcrumbList","@id":"https:\/\/jornaldasoficinas.com\/pt\/ancav-apresenta-primeiros-centros-autorizados-peca-verde\/#breadcrumb","itemListElement":[{"@type":"ListItem","position":1,"name":"In\u00edcio","item":"https:\/\/jornaldasoficinas.com\/pt\/"},{"@type":"ListItem","position":2,"name":"ANCAV apresenta primeiros Centros Autorizados Pe\u00e7a Verde"}]},{"@type":"WebSite","@id":"https:\/\/jornaldasoficinas.com\/pt\/#website","url":"https:\/\/jornaldasoficinas.com\/pt\/","name":"Jornal das Oficinas","description":"Jornal independente do Aftermarket Autom\u00f3vel em Portugal","publisher":{"@id":"https:\/\/jornaldasoficinas.com\/pt\/#organization"},"potentialAction":[{"@type":"SearchAction","target":{"@type":"EntryPoint","urlTemplate":"https:\/\/jornaldasoficinas.com\/pt\/?s={search_term_string}"},"query-input":{"@type":"PropertyValueSpecification","valueRequired":true,"valueName":"search_term_string"}}],"inLanguage":"pt-PT"},{"@type":"Organization","@id":"https:\/\/jornaldasoficinas.com\/pt\/#organization","name":"Jornal das Oficinas","url":"https:\/\/jornaldasoficinas.com\/pt\/","logo":{"@type":"ImageObject","inLanguage":"pt-PT","@id":"https:\/\/jornaldasoficinas.com\/pt\/#\/schema\/logo\/image\/","url":"https:\/\/jornaldasoficinas.com\/pt\/wp-content\/uploads\/logoJO-SEO.png","contentUrl":"https:\/\/jornaldasoficinas.com\/pt\/wp-content\/uploads\/logoJO-SEO.png","width":285,"height":450,"caption":"Jornal das Oficinas"},"image":{"@id":"https:\/\/jornaldasoficinas.com\/pt\/#\/schema\/logo\/image\/"},"sameAs":["https:\/\/www.facebook.com\/jornaloficinas","https:\/\/x.com\/jornaloficinas","https:\/\/www.instagram.com\/jornal_oficinas\/","https:\/\/www.linkedin.com\/company\/jornal-das-oficinas\/","https:\/\/www.youtube.com\/channel\/UCbQZBqtcvV-oSQrr7RzINGg"]},{"@type":"Person","@id":"https:\/\/jornaldasoficinas.com\/pt\/#\/schema\/person\/a38eef5de2c41d9e7c9ac10141afddf3","name":"Reda\u00e7\u00e3o JO","image":{"@type":"ImageObject","inLanguage":"pt-PT","@id":"https:\/\/secure.gravatar.com\/avatar\/71f2fa71737ad68a84fea94bc708ddac8ea5b0c4788dc2ad202f3ccb2887742f?s=96&d=wp_user_avatar&r=g","url":"https:\/\/secure.gravatar.com\/avatar\/71f2fa71737ad68a84fea94bc708ddac8ea5b0c4788dc2ad202f3ccb2887742f?s=96&d=wp_user_avatar&r=g","contentUrl":"https:\/\/secure.gravatar.com\/avatar\/71f2fa71737ad68a84fea94bc708ddac8ea5b0c4788dc2ad202f3ccb2887742f?s=96&d=wp_user_avatar&r=g","caption":"Reda\u00e7\u00e3o JO"},"url":"https:\/\/jornaldasoficinas.com\/pt\/author\/joredacao\/"}]}},"_links":{"self":[{"href":"https:\/\/jornaldasoficinas.com\/pt\/wp-json\/wp\/v2\/posts\/107989","targetHints":{"allow":["GET"]}}],"collection":[{"href":"https:\/\/jornaldasoficinas.com\/pt\/wp-json\/wp\/v2\/posts"}],"about":[{"href":"https:\/\/jornaldasoficinas.com\/pt\/wp-json\/wp\/v2\/types\/post"}],"author":[{"embeddable":true,"href":"https:\/\/jornaldasoficinas.com\/pt\/wp-json\/wp\/v2\/users\/15"}],"replies":[{"embeddable":true,"href":"https:\/\/jornaldasoficinas.com\/pt\/wp-json\/wp\/v2\/comments?post=107989"}],"version-history":[{"count":6,"href":"https:\/\/jornaldasoficinas.com\/pt\/wp-json\/wp\/v2\/posts\/107989\/revisions"}],"predecessor-version":[{"id":107997,"href":"https:\/\/jornaldasoficinas.com\/pt\/wp-json\/wp\/v2\/posts\/107989\/revisions\/107997"}],"wp:featuredmedia":[{"embeddable":true,"href":"https:\/\/jornaldasoficinas.com\/pt\/wp-json\/wp\/v2\/media\/107996"}],"wp:attachment":[{"href":"https:\/\/jornaldasoficinas.com\/pt\/wp-json\/wp\/v2\/media?parent=107989"}],"wp:term":[{"taxonomy":"category","embeddable":true,"href":"https:\/\/jornaldasoficinas.com\/pt\/wp-json\/wp\/v2\/categories?post=107989"},{"taxonomy":"post_tag","embeddable":true,"href":"https:\/\/jornaldasoficinas.com\/pt\/wp-json\/wp\/v2\/tags?post=107989"}],"curies":[{"name":"wp","href":"https:\/\/api.w.org\/{rel}","templated":true}]}}