{"id":108038,"date":"2025-10-19T20:30:07","date_gmt":"2025-10-19T19:30:07","guid":{"rendered":"https:\/\/jornaldasoficinas.com\/pt\/?p=108038"},"modified":"2025-10-16T11:58:00","modified_gmt":"2025-10-16T10:58:00","slug":"mesa-redonda-20-anos-jo-as-vozes-do-aftermarket-20-anos-depois","status":"publish","type":"post","link":"https:\/\/jornaldasoficinas.com\/pt\/mesa-redonda-20-anos-jo-as-vozes-do-aftermarket-20-anos-depois\/","title":{"rendered":"Mesa Redonda 20 Anos JO &#8211; As vozes do aftermarket, 20 anos depois"},"content":{"rendered":"<p><strong><img loading=\"lazy\" decoding=\"async\" class=\"alignnone size-full wp-image-108120\" src=\"https:\/\/jornaldasoficinas.com\/pt\/wp-content\/uploads\/2025\/10\/mesa_redondaok.jpeg\" alt=\"10 - mesa_redondaok\" width=\"1024\" height=\"581\" srcset=\"https:\/\/jornaldasoficinas.com\/pt\/wp-content\/uploads\/2025\/10\/mesa_redondaok.jpeg 1024w, https:\/\/jornaldasoficinas.com\/pt\/wp-content\/uploads\/2025\/10\/mesa_redondaok-300x170.jpeg 300w, https:\/\/jornaldasoficinas.com\/pt\/wp-content\/uploads\/2025\/10\/mesa_redondaok-150x85.jpeg 150w, https:\/\/jornaldasoficinas.com\/pt\/wp-content\/uploads\/2025\/10\/mesa_redondaok-768x436.jpeg 768w\" sizes=\"auto, (max-width: 1024px) 100vw, 1024px\" \/><\/strong><\/p>\n<p><strong>Em 2025, o JO celebra 20 anos de exist\u00eancia. Duas d\u00e9cadas de jornalismo especializado que acompanharam de perto as transforma\u00e7\u00f5es do aftermarket autom\u00f3vel em Portugal. Para assinalar este marco, reunimos nove protagonistas de diferentes \u00e1reas do aftermarket nacional numa mesa redonda \u00fanica<\/strong><\/p>\n<p>Foi um momento de reflex\u00e3o sobre o caminho percorrido, os desafios atuais e as oportunidades futuras de um setor em permanente evolu\u00e7\u00e3o.<\/p>\n<p>Ao longo destes vinte anos, o JO n\u00e3o foi apenas um ve\u00edculo de informa\u00e7\u00e3o, mas um espa\u00e7o de di\u00e1logo e proximidade entre fabricantes, distribuidores, oficinas, t\u00e9cnicos e consumidores.<\/p>\n<p>Hoje, reafirmamos esse compromisso: ouvir, interpretar e contar a hist\u00f3ria do aftermarket, acompanhando a sua transforma\u00e7\u00e3o e valorizando o papel de quem o constr\u00f3i todos os dias.<\/p>\n<p>Celebrar duas d\u00e9cadas \u00e9, acima de tudo, reafirmar o compromisso com o futuro. O aftermarket autom\u00f3vel continua a transformar-se a um ritmo acelerado, e o JO estar\u00e1, como sempre, na linha da frente para acompanhar essa evolu\u00e7\u00e3o, dar voz ao setor e contribuir para o fortalecimento de toda a cadeia de valor.<\/p>\n<p>Na Mesa Redonda que marca o 20.\u00ba anivers\u00e1rio do JO, partilharam vis\u00f5es e experi\u00eancias: F\u00e1tima Barbosa (<a href=\"https:\/\/pdauto.pt\/\" target=\"_blank\" rel=\"noopener\">PD Auto<\/a>), Miguel Melo (<a href=\"https:\/\/www.mcoutinhopecas.pt\/\" target=\"_blank\" rel=\"noopener\">MCoutinho Pe\u00e7as<\/a>), Jos\u00e9 Pires (<a href=\"https:\/\/www.krautli.pt\/pt\/home\" target=\"_blank\" rel=\"noopener\">Krautli<\/a>), Manuel F\u00e9lix (3A Aftermarket), Paulo Marques (<a href=\"https:\/\/www.bomboleo.com\/\" target=\"_blank\" rel=\"noopener\">Bomb\u00f3leo<\/a>), Tiago Domingos (<a href=\"https:\/\/www.autodelta.pt\/\" target=\"_blank\" rel=\"noopener\">Auto Delta<\/a>), Paulo Torres (<a href=\"https:\/\/b2b.vieirafreitas.pt\/?id=13\" target=\"_blank\" rel=\"noopener\">Vieira &amp; Freitas<\/a>), Jos\u00e9 Pinto (<a href=\"https:\/\/distrigo.stellantisandyouportugal.pt\/\" target=\"_blank\" rel=\"noopener\">Stellantis &amp;You Distrigo Portugal<\/a>) e Carlos Gon\u00e7alves (Filour\u00e9m).<\/p>\n<p>Pode ler na pr\u00f3xima edi\u00e7\u00e3o de novembro, o artigo completo sobre a Mesa Redonda dos 20 Anos JO.<\/p>\n<p>&nbsp;<\/p>\n","protected":false},"excerpt":{"rendered":"<p>Em 2025, o JO celebra 20&#8230;<\/p>\n","protected":false},"author":15,"featured_media":108120,"comment_status":"closed","ping_status":"closed","sticky":false,"template":"","format":"standard","meta":{"footnotes":""},"categories":[37],"tags":[3028,3561,9906,187,93,1865,2423,290,371,9927,10420,13806,367],"class_list":["post-108038","post","type-post","status-publish","format-standard","has-post-thumbnail","hentry","category-mercado","tag-20-anos","tag-3a-aftermarket","tag-aftermarket-automovel","tag-auto-delta","tag-bomboleo","tag-filourem","tag-jornal-das-oficinas","tag-krautli","tag-mcoutinho-pecas","tag-mesa-redonda","tag-pd-auto","tag-stellantis-you-distrigo-portugal","tag-vieira-freitas"],"yoast_head":"<!-- This site is optimized with the Yoast SEO plugin v27.4 - https:\/\/yoast.com\/product\/yoast-seo-wordpress\/ -->\n<title>Mesa Redonda 20 Anos JO - As vozes do aftermarket, 20 anos depois - Jornal das Oficinas<\/title>\n<meta name=\"description\" content=\"O JO celebra 20 anos, para assinalar este marco reunimos nove protagonistas de diferentes \u00e1reas do aftermarket numa mesa redonda \u00fanica\" \/>\n<meta name=\"robots\" content=\"index, follow, max-snippet:-1, max-image-preview:large, max-video-preview:-1\" \/>\n<link rel=\"canonical\" href=\"https:\/\/jornaldasoficinas.com\/pt\/mesa-redonda-20-anos-jo-as-vozes-do-aftermarket-20-anos-depois\/\" \/>\n<meta property=\"og:locale\" content=\"pt_PT\" \/>\n<meta property=\"og:type\" content=\"article\" \/>\n<meta property=\"og:title\" content=\"Mesa Redonda 20 Anos JO - As vozes do aftermarket, 20 anos depois - Jornal das Oficinas\" \/>\n<meta property=\"og:description\" content=\"O JO celebra 20 anos, para assinalar este marco reunimos nove protagonistas de diferentes \u00e1reas do aftermarket numa mesa redonda \u00fanica\" \/>\n<meta property=\"og:url\" content=\"https:\/\/jornaldasoficinas.com\/pt\/mesa-redonda-20-anos-jo-as-vozes-do-aftermarket-20-anos-depois\/\" \/>\n<meta property=\"og:site_name\" content=\"Jornal das Oficinas\" \/>\n<meta property=\"article:publisher\" content=\"https:\/\/www.facebook.com\/jornaloficinas\" \/>\n<meta property=\"article:published_time\" content=\"2025-10-19T19:30:07+00:00\" \/>\n<meta property=\"og:image\" content=\"https:\/\/jornaldasoficinas.com\/pt\/wp-content\/uploads\/2025\/10\/mesa_redondaok.jpeg\" \/>\n\t<meta property=\"og:image:width\" content=\"1024\" \/>\n\t<meta property=\"og:image:height\" content=\"581\" \/>\n\t<meta property=\"og:image:type\" content=\"image\/jpeg\" \/>\n<meta name=\"author\" content=\"Reda\u00e7\u00e3o JO\" \/>\n<meta name=\"twitter:card\" content=\"summary_large_image\" \/>\n<meta name=\"twitter:creator\" content=\"@jornaloficinas\" \/>\n<meta name=\"twitter:site\" content=\"@jornaloficinas\" \/>\n<meta name=\"twitter:label1\" content=\"Escrito por\" \/>\n\t<meta name=\"twitter:data1\" content=\"Reda\u00e7\u00e3o JO\" \/>\n\t<meta name=\"twitter:label2\" content=\"Tempo estimado de leitura\" \/>\n\t<meta name=\"twitter:data2\" content=\"2 minutos\" \/>\n<script type=\"application\/ld+json\" class=\"yoast-schema-graph\">{\"@context\":\"https:\\\/\\\/schema.org\",\"@graph\":[{\"@type\":\"Article\",\"@id\":\"https:\\\/\\\/jornaldasoficinas.com\\\/pt\\\/mesa-redonda-20-anos-jo-as-vozes-do-aftermarket-20-anos-depois\\\/#article\",\"isPartOf\":{\"@id\":\"https:\\\/\\\/jornaldasoficinas.com\\\/pt\\\/mesa-redonda-20-anos-jo-as-vozes-do-aftermarket-20-anos-depois\\\/\"},\"author\":{\"name\":\"Reda\u00e7\u00e3o JO\",\"@id\":\"https:\\\/\\\/jornaldasoficinas.com\\\/pt\\\/#\\\/schema\\\/person\\\/a38eef5de2c41d9e7c9ac10141afddf3\"},\"headline\":\"Mesa Redonda 20 Anos JO &#8211; As vozes do aftermarket, 20 anos depois\",\"datePublished\":\"2025-10-19T19:30:07+00:00\",\"mainEntityOfPage\":{\"@id\":\"https:\\\/\\\/jornaldasoficinas.com\\\/pt\\\/mesa-redonda-20-anos-jo-as-vozes-do-aftermarket-20-anos-depois\\\/\"},\"wordCount\":277,\"publisher\":{\"@id\":\"https:\\\/\\\/jornaldasoficinas.com\\\/pt\\\/#organization\"},\"image\":{\"@id\":\"https:\\\/\\\/jornaldasoficinas.com\\\/pt\\\/mesa-redonda-20-anos-jo-as-vozes-do-aftermarket-20-anos-depois\\\/#primaryimage\"},\"thumbnailUrl\":\"https:\\\/\\\/jornaldasoficinas.com\\\/pt\\\/wp-content\\\/uploads\\\/2025\\\/10\\\/mesa_redondaok.jpeg\",\"keywords\":[\"20 anos\",\"3A Aftermarket\",\"aftermarket autom\u00f3vel\",\"Auto Delta\",\"Bomb\u00f3leo\",\"Filour\u00e9m\",\"Jornal das Oficinas\",\"Krautli\",\"MCoutinho Pe\u00e7as\",\"Mesa Redonda\",\"PD AUTO\",\"Stellantis &amp;You Distrigo Portugal\",\"Vieira &amp; Freitas\"],\"articleSection\":[\"Mercado\"],\"inLanguage\":\"pt-PT\"},{\"@type\":\"WebPage\",\"@id\":\"https:\\\/\\\/jornaldasoficinas.com\\\/pt\\\/mesa-redonda-20-anos-jo-as-vozes-do-aftermarket-20-anos-depois\\\/\",\"url\":\"https:\\\/\\\/jornaldasoficinas.com\\\/pt\\\/mesa-redonda-20-anos-jo-as-vozes-do-aftermarket-20-anos-depois\\\/\",\"name\":\"Mesa Redonda 20 Anos JO - As vozes do aftermarket, 20 anos depois - Jornal das Oficinas\",\"isPartOf\":{\"@id\":\"https:\\\/\\\/jornaldasoficinas.com\\\/pt\\\/#website\"},\"primaryImageOfPage\":{\"@id\":\"https:\\\/\\\/jornaldasoficinas.com\\\/pt\\\/mesa-redonda-20-anos-jo-as-vozes-do-aftermarket-20-anos-depois\\\/#primaryimage\"},\"image\":{\"@id\":\"https:\\\/\\\/jornaldasoficinas.com\\\/pt\\\/mesa-redonda-20-anos-jo-as-vozes-do-aftermarket-20-anos-depois\\\/#primaryimage\"},\"thumbnailUrl\":\"https:\\\/\\\/jornaldasoficinas.com\\\/pt\\\/wp-content\\\/uploads\\\/2025\\\/10\\\/mesa_redondaok.jpeg\",\"datePublished\":\"2025-10-19T19:30:07+00:00\",\"description\":\"O JO celebra 20 anos, para assinalar este marco reunimos nove protagonistas de diferentes \u00e1reas do aftermarket numa mesa redonda \u00fanica\",\"breadcrumb\":{\"@id\":\"https:\\\/\\\/jornaldasoficinas.com\\\/pt\\\/mesa-redonda-20-anos-jo-as-vozes-do-aftermarket-20-anos-depois\\\/#breadcrumb\"},\"inLanguage\":\"pt-PT\",\"potentialAction\":[{\"@type\":\"ReadAction\",\"target\":[\"https:\\\/\\\/jornaldasoficinas.com\\\/pt\\\/mesa-redonda-20-anos-jo-as-vozes-do-aftermarket-20-anos-depois\\\/\"]}]},{\"@type\":\"ImageObject\",\"inLanguage\":\"pt-PT\",\"@id\":\"https:\\\/\\\/jornaldasoficinas.com\\\/pt\\\/mesa-redonda-20-anos-jo-as-vozes-do-aftermarket-20-anos-depois\\\/#primaryimage\",\"url\":\"https:\\\/\\\/jornaldasoficinas.com\\\/pt\\\/wp-content\\\/uploads\\\/2025\\\/10\\\/mesa_redondaok.jpeg\",\"contentUrl\":\"https:\\\/\\\/jornaldasoficinas.com\\\/pt\\\/wp-content\\\/uploads\\\/2025\\\/10\\\/mesa_redondaok.jpeg\",\"width\":1024,\"height\":581,\"caption\":\"10 - mesa_redondaok\"},{\"@type\":\"BreadcrumbList\",\"@id\":\"https:\\\/\\\/jornaldasoficinas.com\\\/pt\\\/mesa-redonda-20-anos-jo-as-vozes-do-aftermarket-20-anos-depois\\\/#breadcrumb\",\"itemListElement\":[{\"@type\":\"ListItem\",\"position\":1,\"name\":\"In\u00edcio\",\"item\":\"https:\\\/\\\/jornaldasoficinas.com\\\/pt\\\/\"},{\"@type\":\"ListItem\",\"position\":2,\"name\":\"Mesa Redonda 20 Anos JO &#8211; As vozes do aftermarket, 20 anos depois\"}]},{\"@type\":\"WebSite\",\"@id\":\"https:\\\/\\\/jornaldasoficinas.com\\\/pt\\\/#website\",\"url\":\"https:\\\/\\\/jornaldasoficinas.com\\\/pt\\\/\",\"name\":\"Jornal das Oficinas\",\"description\":\"Jornal independente do Aftermarket Autom\u00f3vel em Portugal\",\"publisher\":{\"@id\":\"https:\\\/\\\/jornaldasoficinas.com\\\/pt\\\/#organization\"},\"potentialAction\":[{\"@type\":\"SearchAction\",\"target\":{\"@type\":\"EntryPoint\",\"urlTemplate\":\"https:\\\/\\\/jornaldasoficinas.com\\\/pt\\\/?s={search_term_string}\"},\"query-input\":{\"@type\":\"PropertyValueSpecification\",\"valueRequired\":true,\"valueName\":\"search_term_string\"}}],\"inLanguage\":\"pt-PT\"},{\"@type\":\"Organization\",\"@id\":\"https:\\\/\\\/jornaldasoficinas.com\\\/pt\\\/#organization\",\"name\":\"Jornal das Oficinas\",\"url\":\"https:\\\/\\\/jornaldasoficinas.com\\\/pt\\\/\",\"logo\":{\"@type\":\"ImageObject\",\"inLanguage\":\"pt-PT\",\"@id\":\"https:\\\/\\\/jornaldasoficinas.com\\\/pt\\\/#\\\/schema\\\/logo\\\/image\\\/\",\"url\":\"https:\\\/\\\/jornaldasoficinas.com\\\/pt\\\/wp-content\\\/uploads\\\/logoJO-SEO.png\",\"contentUrl\":\"https:\\\/\\\/jornaldasoficinas.com\\\/pt\\\/wp-content\\\/uploads\\\/logoJO-SEO.png\",\"width\":285,\"height\":450,\"caption\":\"Jornal das Oficinas\"},\"image\":{\"@id\":\"https:\\\/\\\/jornaldasoficinas.com\\\/pt\\\/#\\\/schema\\\/logo\\\/image\\\/\"},\"sameAs\":[\"https:\\\/\\\/www.facebook.com\\\/jornaloficinas\",\"https:\\\/\\\/x.com\\\/jornaloficinas\",\"https:\\\/\\\/www.instagram.com\\\/jornal_oficinas\\\/\",\"https:\\\/\\\/www.linkedin.com\\\/company\\\/jornal-das-oficinas\\\/\",\"https:\\\/\\\/www.youtube.com\\\/channel\\\/UCbQZBqtcvV-oSQrr7RzINGg\"]},{\"@type\":\"Person\",\"@id\":\"https:\\\/\\\/jornaldasoficinas.com\\\/pt\\\/#\\\/schema\\\/person\\\/a38eef5de2c41d9e7c9ac10141afddf3\",\"name\":\"Reda\u00e7\u00e3o JO\",\"image\":{\"@type\":\"ImageObject\",\"inLanguage\":\"pt-PT\",\"@id\":\"https:\\\/\\\/secure.gravatar.com\\\/avatar\\\/71f2fa71737ad68a84fea94bc708ddac8ea5b0c4788dc2ad202f3ccb2887742f?s=96&d=wp_user_avatar&r=g\",\"url\":\"https:\\\/\\\/secure.gravatar.com\\\/avatar\\\/71f2fa71737ad68a84fea94bc708ddac8ea5b0c4788dc2ad202f3ccb2887742f?s=96&d=wp_user_avatar&r=g\",\"contentUrl\":\"https:\\\/\\\/secure.gravatar.com\\\/avatar\\\/71f2fa71737ad68a84fea94bc708ddac8ea5b0c4788dc2ad202f3ccb2887742f?s=96&d=wp_user_avatar&r=g\",\"caption\":\"Reda\u00e7\u00e3o JO\"},\"url\":\"https:\\\/\\\/jornaldasoficinas.com\\\/pt\\\/author\\\/joredacao\\\/\"}]}<\/script>\n<!-- \/ Yoast SEO plugin. -->","yoast_head_json":{"title":"Mesa Redonda 20 Anos JO - As vozes do aftermarket, 20 anos depois - Jornal das Oficinas","description":"O JO celebra 20 anos, para assinalar este marco reunimos nove protagonistas de diferentes \u00e1reas do aftermarket numa mesa redonda \u00fanica","robots":{"index":"index","follow":"follow","max-snippet":"max-snippet:-1","max-image-preview":"max-image-preview:large","max-video-preview":"max-video-preview:-1"},"canonical":"https:\/\/jornaldasoficinas.com\/pt\/mesa-redonda-20-anos-jo-as-vozes-do-aftermarket-20-anos-depois\/","og_locale":"pt_PT","og_type":"article","og_title":"Mesa Redonda 20 Anos JO - As vozes do aftermarket, 20 anos depois - Jornal das Oficinas","og_description":"O JO celebra 20 anos, para assinalar este marco reunimos nove protagonistas de diferentes \u00e1reas do aftermarket numa mesa redonda \u00fanica","og_url":"https:\/\/jornaldasoficinas.com\/pt\/mesa-redonda-20-anos-jo-as-vozes-do-aftermarket-20-anos-depois\/","og_site_name":"Jornal das Oficinas","article_publisher":"https:\/\/www.facebook.com\/jornaloficinas","article_published_time":"2025-10-19T19:30:07+00:00","og_image":[{"width":1024,"height":581,"url":"https:\/\/jornaldasoficinas.com\/pt\/wp-content\/uploads\/2025\/10\/mesa_redondaok.jpeg","type":"image\/jpeg"}],"author":"Reda\u00e7\u00e3o JO","twitter_card":"summary_large_image","twitter_creator":"@jornaloficinas","twitter_site":"@jornaloficinas","twitter_misc":{"Escrito por":"Reda\u00e7\u00e3o JO","Tempo estimado de leitura":"2 minutos"},"schema":{"@context":"https:\/\/schema.org","@graph":[{"@type":"Article","@id":"https:\/\/jornaldasoficinas.com\/pt\/mesa-redonda-20-anos-jo-as-vozes-do-aftermarket-20-anos-depois\/#article","isPartOf":{"@id":"https:\/\/jornaldasoficinas.com\/pt\/mesa-redonda-20-anos-jo-as-vozes-do-aftermarket-20-anos-depois\/"},"author":{"name":"Reda\u00e7\u00e3o JO","@id":"https:\/\/jornaldasoficinas.com\/pt\/#\/schema\/person\/a38eef5de2c41d9e7c9ac10141afddf3"},"headline":"Mesa Redonda 20 Anos JO &#8211; As vozes do aftermarket, 20 anos depois","datePublished":"2025-10-19T19:30:07+00:00","mainEntityOfPage":{"@id":"https:\/\/jornaldasoficinas.com\/pt\/mesa-redonda-20-anos-jo-as-vozes-do-aftermarket-20-anos-depois\/"},"wordCount":277,"publisher":{"@id":"https:\/\/jornaldasoficinas.com\/pt\/#organization"},"image":{"@id":"https:\/\/jornaldasoficinas.com\/pt\/mesa-redonda-20-anos-jo-as-vozes-do-aftermarket-20-anos-depois\/#primaryimage"},"thumbnailUrl":"https:\/\/jornaldasoficinas.com\/pt\/wp-content\/uploads\/2025\/10\/mesa_redondaok.jpeg","keywords":["20 anos","3A Aftermarket","aftermarket autom\u00f3vel","Auto Delta","Bomb\u00f3leo","Filour\u00e9m","Jornal das Oficinas","Krautli","MCoutinho Pe\u00e7as","Mesa Redonda","PD AUTO","Stellantis &amp;You Distrigo Portugal","Vieira &amp; Freitas"],"articleSection":["Mercado"],"inLanguage":"pt-PT"},{"@type":"WebPage","@id":"https:\/\/jornaldasoficinas.com\/pt\/mesa-redonda-20-anos-jo-as-vozes-do-aftermarket-20-anos-depois\/","url":"https:\/\/jornaldasoficinas.com\/pt\/mesa-redonda-20-anos-jo-as-vozes-do-aftermarket-20-anos-depois\/","name":"Mesa Redonda 20 Anos JO - As vozes do aftermarket, 20 anos depois - Jornal das Oficinas","isPartOf":{"@id":"https:\/\/jornaldasoficinas.com\/pt\/#website"},"primaryImageOfPage":{"@id":"https:\/\/jornaldasoficinas.com\/pt\/mesa-redonda-20-anos-jo-as-vozes-do-aftermarket-20-anos-depois\/#primaryimage"},"image":{"@id":"https:\/\/jornaldasoficinas.com\/pt\/mesa-redonda-20-anos-jo-as-vozes-do-aftermarket-20-anos-depois\/#primaryimage"},"thumbnailUrl":"https:\/\/jornaldasoficinas.com\/pt\/wp-content\/uploads\/2025\/10\/mesa_redondaok.jpeg","datePublished":"2025-10-19T19:30:07+00:00","description":"O JO celebra 20 anos, para assinalar este marco reunimos nove protagonistas de diferentes \u00e1reas do aftermarket numa mesa redonda \u00fanica","breadcrumb":{"@id":"https:\/\/jornaldasoficinas.com\/pt\/mesa-redonda-20-anos-jo-as-vozes-do-aftermarket-20-anos-depois\/#breadcrumb"},"inLanguage":"pt-PT","potentialAction":[{"@type":"ReadAction","target":["https:\/\/jornaldasoficinas.com\/pt\/mesa-redonda-20-anos-jo-as-vozes-do-aftermarket-20-anos-depois\/"]}]},{"@type":"ImageObject","inLanguage":"pt-PT","@id":"https:\/\/jornaldasoficinas.com\/pt\/mesa-redonda-20-anos-jo-as-vozes-do-aftermarket-20-anos-depois\/#primaryimage","url":"https:\/\/jornaldasoficinas.com\/pt\/wp-content\/uploads\/2025\/10\/mesa_redondaok.jpeg","contentUrl":"https:\/\/jornaldasoficinas.com\/pt\/wp-content\/uploads\/2025\/10\/mesa_redondaok.jpeg","width":1024,"height":581,"caption":"10 - mesa_redondaok"},{"@type":"BreadcrumbList","@id":"https:\/\/jornaldasoficinas.com\/pt\/mesa-redonda-20-anos-jo-as-vozes-do-aftermarket-20-anos-depois\/#breadcrumb","itemListElement":[{"@type":"ListItem","position":1,"name":"In\u00edcio","item":"https:\/\/jornaldasoficinas.com\/pt\/"},{"@type":"ListItem","position":2,"name":"Mesa Redonda 20 Anos JO &#8211; As vozes do aftermarket, 20 anos depois"}]},{"@type":"WebSite","@id":"https:\/\/jornaldasoficinas.com\/pt\/#website","url":"https:\/\/jornaldasoficinas.com\/pt\/","name":"Jornal das Oficinas","description":"Jornal independente do Aftermarket Autom\u00f3vel em Portugal","publisher":{"@id":"https:\/\/jornaldasoficinas.com\/pt\/#organization"},"potentialAction":[{"@type":"SearchAction","target":{"@type":"EntryPoint","urlTemplate":"https:\/\/jornaldasoficinas.com\/pt\/?s={search_term_string}"},"query-input":{"@type":"PropertyValueSpecification","valueRequired":true,"valueName":"search_term_string"}}],"inLanguage":"pt-PT"},{"@type":"Organization","@id":"https:\/\/jornaldasoficinas.com\/pt\/#organization","name":"Jornal das Oficinas","url":"https:\/\/jornaldasoficinas.com\/pt\/","logo":{"@type":"ImageObject","inLanguage":"pt-PT","@id":"https:\/\/jornaldasoficinas.com\/pt\/#\/schema\/logo\/image\/","url":"https:\/\/jornaldasoficinas.com\/pt\/wp-content\/uploads\/logoJO-SEO.png","contentUrl":"https:\/\/jornaldasoficinas.com\/pt\/wp-content\/uploads\/logoJO-SEO.png","width":285,"height":450,"caption":"Jornal das Oficinas"},"image":{"@id":"https:\/\/jornaldasoficinas.com\/pt\/#\/schema\/logo\/image\/"},"sameAs":["https:\/\/www.facebook.com\/jornaloficinas","https:\/\/x.com\/jornaloficinas","https:\/\/www.instagram.com\/jornal_oficinas\/","https:\/\/www.linkedin.com\/company\/jornal-das-oficinas\/","https:\/\/www.youtube.com\/channel\/UCbQZBqtcvV-oSQrr7RzINGg"]},{"@type":"Person","@id":"https:\/\/jornaldasoficinas.com\/pt\/#\/schema\/person\/a38eef5de2c41d9e7c9ac10141afddf3","name":"Reda\u00e7\u00e3o JO","image":{"@type":"ImageObject","inLanguage":"pt-PT","@id":"https:\/\/secure.gravatar.com\/avatar\/71f2fa71737ad68a84fea94bc708ddac8ea5b0c4788dc2ad202f3ccb2887742f?s=96&d=wp_user_avatar&r=g","url":"https:\/\/secure.gravatar.com\/avatar\/71f2fa71737ad68a84fea94bc708ddac8ea5b0c4788dc2ad202f3ccb2887742f?s=96&d=wp_user_avatar&r=g","contentUrl":"https:\/\/secure.gravatar.com\/avatar\/71f2fa71737ad68a84fea94bc708ddac8ea5b0c4788dc2ad202f3ccb2887742f?s=96&d=wp_user_avatar&r=g","caption":"Reda\u00e7\u00e3o JO"},"url":"https:\/\/jornaldasoficinas.com\/pt\/author\/joredacao\/"}]}},"_links":{"self":[{"href":"https:\/\/jornaldasoficinas.com\/pt\/wp-json\/wp\/v2\/posts\/108038","targetHints":{"allow":["GET"]}}],"collection":[{"href":"https:\/\/jornaldasoficinas.com\/pt\/wp-json\/wp\/v2\/posts"}],"about":[{"href":"https:\/\/jornaldasoficinas.com\/pt\/wp-json\/wp\/v2\/types\/post"}],"author":[{"embeddable":true,"href":"https:\/\/jornaldasoficinas.com\/pt\/wp-json\/wp\/v2\/users\/15"}],"replies":[{"embeddable":true,"href":"https:\/\/jornaldasoficinas.com\/pt\/wp-json\/wp\/v2\/comments?post=108038"}],"version-history":[{"count":5,"href":"https:\/\/jornaldasoficinas.com\/pt\/wp-json\/wp\/v2\/posts\/108038\/revisions"}],"predecessor-version":[{"id":108121,"href":"https:\/\/jornaldasoficinas.com\/pt\/wp-json\/wp\/v2\/posts\/108038\/revisions\/108121"}],"wp:featuredmedia":[{"embeddable":true,"href":"https:\/\/jornaldasoficinas.com\/pt\/wp-json\/wp\/v2\/media\/108120"}],"wp:attachment":[{"href":"https:\/\/jornaldasoficinas.com\/pt\/wp-json\/wp\/v2\/media?parent=108038"}],"wp:term":[{"taxonomy":"category","embeddable":true,"href":"https:\/\/jornaldasoficinas.com\/pt\/wp-json\/wp\/v2\/categories?post=108038"},{"taxonomy":"post_tag","embeddable":true,"href":"https:\/\/jornaldasoficinas.com\/pt\/wp-json\/wp\/v2\/tags?post=108038"}],"curies":[{"name":"wp","href":"https:\/\/api.w.org\/{rel}","templated":true}]}}