{"id":108358,"date":"2025-10-24T12:30:20","date_gmt":"2025-10-24T11:30:20","guid":{"rendered":"https:\/\/jornaldasoficinas.com\/pt\/?p=108358"},"modified":"2025-10-23T12:59:52","modified_gmt":"2025-10-23T11:59:52","slug":"liqui-moly-renova-parceria-com-o-motogp-ate-2029","status":"publish","type":"post","link":"https:\/\/jornaldasoficinas.com\/pt\/liqui-moly-renova-parceria-com-o-motogp-ate-2029\/","title":{"rendered":"LIQUI MOLY renova parceria com o MotoGP at\u00e9 2029"},"content":{"rendered":"<p><strong><img loading=\"lazy\" decoding=\"async\" class=\"alignnone size-full wp-image-108372\" src=\"https:\/\/jornaldasoficinas.com\/pt\/wp-content\/uploads\/2025\/10\/LIQUI-MOLY-renova-parceria-com-o-MotoGP-ate-2029.jpg\" alt=\"10 - LIQUI MOLY renova parceria com o MotoGP ate 2029\" width=\"1024\" height=\"581\" srcset=\"https:\/\/jornaldasoficinas.com\/pt\/wp-content\/uploads\/2025\/10\/LIQUI-MOLY-renova-parceria-com-o-MotoGP-ate-2029.jpg 1024w, https:\/\/jornaldasoficinas.com\/pt\/wp-content\/uploads\/2025\/10\/LIQUI-MOLY-renova-parceria-com-o-MotoGP-ate-2029-300x170.jpg 300w, https:\/\/jornaldasoficinas.com\/pt\/wp-content\/uploads\/2025\/10\/LIQUI-MOLY-renova-parceria-com-o-MotoGP-ate-2029-150x85.jpg 150w, https:\/\/jornaldasoficinas.com\/pt\/wp-content\/uploads\/2025\/10\/LIQUI-MOLY-renova-parceria-com-o-MotoGP-ate-2029-768x436.jpg 768w\" sizes=\"auto, (max-width: 1024px) 100vw, 1024px\" \/><\/strong><\/p>\n<p><strong>A <a href=\"https:\/\/www.liqui-moly.com\/\" target=\"_blank\" rel=\"noopener\">LIQUI MOLY<\/a> prolongou a parceria com o <a href=\"https:\/\/www.motogp.com\/\" target=\"_blank\" rel=\"noopener\">MotoGP<\/a> at\u00e9 2029, refor\u00e7ando a sua presen\u00e7a nas principais corridas e mantendo o patroc\u00ednio ao Grande Pr\u00e9mio da Alemanha<\/strong><\/p>\n<p>A LIQUI MOLY refor\u00e7ou o seu compromisso com o MotoGP ao renovar o contrato de patroc\u00ednio com a <a href=\"https:\/\/www.dorna.com\/\" target=\"_blank\" rel=\"noopener\">Dorna Sports<\/a>, organizadora do campeonato mundial de motociclismo. O novo acordo garante a presen\u00e7a da marca alem\u00e3 nos principais circuitos de competi\u00e7\u00e3o at\u00e9 2029, consolidando uma liga\u00e7\u00e3o de longa data ao desporto motorizado.<\/p>\n<p>A empresa n\u00e3o renovou, contudo, o t\u00edtulo de &#8220;Exclusive Lubricant&#8221; nas categorias Moto2 e Moto3, posi\u00e7\u00e3o que manter\u00e1 at\u00e9 ao final de 2025. A partir da\u00ed, continuar\u00e1 como parceira oficial do MotoGP, mantendo-se ligada \u00e0 prova-rainha do motociclismo mundial.<\/p>\n<p>&#8220;Tom\u00e1mos esta decis\u00e3o em conjunto, pois consideramos que tanto as nossas exig\u00eancias t\u00e9cnicas como os nossos objetivos de marketing nestas duas categorias, que se concentram especialmente nos nossos produtos para motociclos, se encontram totalmente cumpridos ou implementados com sucesso&#8221;, explicou Marco Esser, diretor de marketing da LIQUI MOLY.<\/p>\n<p>&#8220;O MotoGP e a LIQUI MOLY t\u00eam uma parceria de longa data, baseada na nossa paix\u00e3o comum pelo desporto motorizado e pelo desempenho m\u00e1ximo. Por isso, continuaremos tamb\u00e9m o nosso patroc\u00ednio na prova-rainha, no MotoGP, para refor\u00e7ar ainda mais a nossa marca a n\u00edvel internacional. Queremos entusiasmar f\u00e3s de todo o mundo&#8221;, referiu.<\/p>\n<p>De acordo com o novo contrato, que decorrer\u00e1 de 2026 a 2029, a LIQUI MOLY ter\u00e1 uma forte presen\u00e7a de marca na maioria das corridas do MotoGP, dentro e fora das pistas. Tal como nos anos anteriores, a empresa tamb\u00e9m dar\u00e1 o nome \u00e0 corrida alem\u00e3 no Sachsenring. &#8220;O facto do Grande Pr\u00e9mio da Alemanha continuar a ter o nosso nome era extremamente importante para n\u00f3s. Estamos comprometidos com o nosso mercado interno \u2013 e demonstramos isso&#8221;, salientou.<\/p>\n<p>Al\u00e9m disso, a LIQUI MOLY mant\u00e9m-se fiel \u00e0 sua equipa, a LIQUI MOLY Dynavolt Intact GP. A colabora\u00e7\u00e3o bem-sucedida continuar\u00e1, pelo menos, at\u00e9 2027. &#8220;Para a pr\u00f3xima temporada, foi poss\u00edvel contratar novamente pilotos de topo que, da forma habitual, ir\u00e3o levantar a nossa bandeira com paix\u00e3o neste desporto fascinante. Estamos muito ansiosos por isso&#8221;, sublinhou.<\/p>\n<p>Antes do in\u00edcio da nova colabora\u00e7\u00e3o com o MotoGP no pr\u00f3ximo ano, a LIQUI MOLY voltou a acelerar esta \u00e9poca \u2013 como patrocinador principal da corrida na Austr\u00e1lia: de 17 a 19 de outubro, tudo girou em torno do Grande Pr\u00e9mio da Austr\u00e1lia de motociclismo LIQUI MOLY no lend\u00e1rio circuito de Phillip Island \u2013 e o piloto Senna Agius, da equipa LIQUI MOLY Dynavolt Intact GP, foi o primeiro australiano a celebrar uma vit\u00f3ria hist\u00f3rica em casa na Moto2.<\/p>\n","protected":false},"excerpt":{"rendered":"<p>A LIQUI MOLY prolongou a parceria&#8230;<\/p>\n","protected":false},"author":15,"featured_media":108372,"comment_status":"closed","ping_status":"closed","sticky":false,"template":"","format":"standard","meta":{"footnotes":""},"categories":[29],"tags":[13857,13856,272,11438,2429,12268],"class_list":["post-108358","post","type-post","status-publish","format-standard","has-post-thumbnail","hentry","category-empresas","tag-dorna-sports","tag-grande-premio-da-alemanha","tag-liqui-moly","tag-marco-esser","tag-motogp","tag-renovacao-de-parceria"],"yoast_head":"<!-- This site is optimized with the Yoast SEO plugin v27.4 - https:\/\/yoast.com\/product\/yoast-seo-wordpress\/ -->\n<title>LIQUI MOLY renova parceria com o MotoGP at\u00e9 2029 - Jornal das Oficinas<\/title>\n<meta name=\"description\" content=\"A LIQUI MOLY prolongou a parceria com o MotoGP at\u00e9 2029, refor\u00e7ando a sua presen\u00e7a nas principais corridas\" \/>\n<meta name=\"robots\" content=\"index, follow, max-snippet:-1, max-image-preview:large, max-video-preview:-1\" \/>\n<link rel=\"canonical\" href=\"https:\/\/jornaldasoficinas.com\/pt\/liqui-moly-renova-parceria-com-o-motogp-ate-2029\/\" \/>\n<meta property=\"og:locale\" content=\"pt_PT\" \/>\n<meta property=\"og:type\" content=\"article\" \/>\n<meta property=\"og:title\" content=\"LIQUI MOLY renova parceria com o MotoGP at\u00e9 2029 - Jornal das Oficinas\" \/>\n<meta property=\"og:description\" content=\"A LIQUI MOLY prolongou a parceria com o MotoGP at\u00e9 2029, refor\u00e7ando a sua presen\u00e7a nas principais corridas\" \/>\n<meta property=\"og:url\" content=\"https:\/\/jornaldasoficinas.com\/pt\/liqui-moly-renova-parceria-com-o-motogp-ate-2029\/\" \/>\n<meta property=\"og:site_name\" content=\"Jornal das Oficinas\" \/>\n<meta property=\"article:publisher\" content=\"https:\/\/www.facebook.com\/jornaloficinas\" \/>\n<meta property=\"article:published_time\" content=\"2025-10-24T11:30:20+00:00\" \/>\n<meta property=\"og:image\" content=\"https:\/\/jornaldasoficinas.com\/pt\/wp-content\/uploads\/2025\/10\/LIQUI-MOLY-renova-parceria-com-o-MotoGP-ate-2029.jpg\" \/>\n\t<meta property=\"og:image:width\" content=\"1024\" \/>\n\t<meta property=\"og:image:height\" content=\"581\" \/>\n\t<meta property=\"og:image:type\" content=\"image\/jpeg\" \/>\n<meta name=\"author\" content=\"Reda\u00e7\u00e3o JO\" \/>\n<meta name=\"twitter:card\" content=\"summary_large_image\" \/>\n<meta name=\"twitter:creator\" content=\"@jornaloficinas\" \/>\n<meta name=\"twitter:site\" content=\"@jornaloficinas\" \/>\n<meta name=\"twitter:label1\" content=\"Escrito por\" \/>\n\t<meta name=\"twitter:data1\" content=\"Reda\u00e7\u00e3o JO\" \/>\n\t<meta name=\"twitter:label2\" content=\"Tempo estimado de leitura\" \/>\n\t<meta name=\"twitter:data2\" content=\"3 minutos\" \/>\n<script type=\"application\/ld+json\" class=\"yoast-schema-graph\">{\"@context\":\"https:\\\/\\\/schema.org\",\"@graph\":[{\"@type\":\"Article\",\"@id\":\"https:\\\/\\\/jornaldasoficinas.com\\\/pt\\\/liqui-moly-renova-parceria-com-o-motogp-ate-2029\\\/#article\",\"isPartOf\":{\"@id\":\"https:\\\/\\\/jornaldasoficinas.com\\\/pt\\\/liqui-moly-renova-parceria-com-o-motogp-ate-2029\\\/\"},\"author\":{\"name\":\"Reda\u00e7\u00e3o JO\",\"@id\":\"https:\\\/\\\/jornaldasoficinas.com\\\/pt\\\/#\\\/schema\\\/person\\\/a38eef5de2c41d9e7c9ac10141afddf3\"},\"headline\":\"LIQUI MOLY renova parceria com o MotoGP at\u00e9 2029\",\"datePublished\":\"2025-10-24T11:30:20+00:00\",\"mainEntityOfPage\":{\"@id\":\"https:\\\/\\\/jornaldasoficinas.com\\\/pt\\\/liqui-moly-renova-parceria-com-o-motogp-ate-2029\\\/\"},\"wordCount\":468,\"publisher\":{\"@id\":\"https:\\\/\\\/jornaldasoficinas.com\\\/pt\\\/#organization\"},\"image\":{\"@id\":\"https:\\\/\\\/jornaldasoficinas.com\\\/pt\\\/liqui-moly-renova-parceria-com-o-motogp-ate-2029\\\/#primaryimage\"},\"thumbnailUrl\":\"https:\\\/\\\/jornaldasoficinas.com\\\/pt\\\/wp-content\\\/uploads\\\/2025\\\/10\\\/LIQUI-MOLY-renova-parceria-com-o-MotoGP-ate-2029.jpg\",\"keywords\":[\"Dorna Sports\",\"Grande Pr\u00e9mio da Alemanha\",\"LIQUI MOLY\",\"Marco Esser\",\"MotoGP\",\"renova\u00e7\u00e3o de parceria\"],\"articleSection\":[\"Empresas\"],\"inLanguage\":\"pt-PT\"},{\"@type\":\"WebPage\",\"@id\":\"https:\\\/\\\/jornaldasoficinas.com\\\/pt\\\/liqui-moly-renova-parceria-com-o-motogp-ate-2029\\\/\",\"url\":\"https:\\\/\\\/jornaldasoficinas.com\\\/pt\\\/liqui-moly-renova-parceria-com-o-motogp-ate-2029\\\/\",\"name\":\"LIQUI MOLY renova parceria com o MotoGP at\u00e9 2029 - Jornal das Oficinas\",\"isPartOf\":{\"@id\":\"https:\\\/\\\/jornaldasoficinas.com\\\/pt\\\/#website\"},\"primaryImageOfPage\":{\"@id\":\"https:\\\/\\\/jornaldasoficinas.com\\\/pt\\\/liqui-moly-renova-parceria-com-o-motogp-ate-2029\\\/#primaryimage\"},\"image\":{\"@id\":\"https:\\\/\\\/jornaldasoficinas.com\\\/pt\\\/liqui-moly-renova-parceria-com-o-motogp-ate-2029\\\/#primaryimage\"},\"thumbnailUrl\":\"https:\\\/\\\/jornaldasoficinas.com\\\/pt\\\/wp-content\\\/uploads\\\/2025\\\/10\\\/LIQUI-MOLY-renova-parceria-com-o-MotoGP-ate-2029.jpg\",\"datePublished\":\"2025-10-24T11:30:20+00:00\",\"description\":\"A LIQUI MOLY prolongou a parceria com o MotoGP at\u00e9 2029, refor\u00e7ando a sua presen\u00e7a nas principais corridas\",\"breadcrumb\":{\"@id\":\"https:\\\/\\\/jornaldasoficinas.com\\\/pt\\\/liqui-moly-renova-parceria-com-o-motogp-ate-2029\\\/#breadcrumb\"},\"inLanguage\":\"pt-PT\",\"potentialAction\":[{\"@type\":\"ReadAction\",\"target\":[\"https:\\\/\\\/jornaldasoficinas.com\\\/pt\\\/liqui-moly-renova-parceria-com-o-motogp-ate-2029\\\/\"]}]},{\"@type\":\"ImageObject\",\"inLanguage\":\"pt-PT\",\"@id\":\"https:\\\/\\\/jornaldasoficinas.com\\\/pt\\\/liqui-moly-renova-parceria-com-o-motogp-ate-2029\\\/#primaryimage\",\"url\":\"https:\\\/\\\/jornaldasoficinas.com\\\/pt\\\/wp-content\\\/uploads\\\/2025\\\/10\\\/LIQUI-MOLY-renova-parceria-com-o-MotoGP-ate-2029.jpg\",\"contentUrl\":\"https:\\\/\\\/jornaldasoficinas.com\\\/pt\\\/wp-content\\\/uploads\\\/2025\\\/10\\\/LIQUI-MOLY-renova-parceria-com-o-MotoGP-ate-2029.jpg\",\"width\":1024,\"height\":581,\"caption\":\"10 - LIQUI MOLY renova parceria com o MotoGP ate 2029\"},{\"@type\":\"BreadcrumbList\",\"@id\":\"https:\\\/\\\/jornaldasoficinas.com\\\/pt\\\/liqui-moly-renova-parceria-com-o-motogp-ate-2029\\\/#breadcrumb\",\"itemListElement\":[{\"@type\":\"ListItem\",\"position\":1,\"name\":\"In\u00edcio\",\"item\":\"https:\\\/\\\/jornaldasoficinas.com\\\/pt\\\/\"},{\"@type\":\"ListItem\",\"position\":2,\"name\":\"LIQUI MOLY renova parceria com o MotoGP at\u00e9 2029\"}]},{\"@type\":\"WebSite\",\"@id\":\"https:\\\/\\\/jornaldasoficinas.com\\\/pt\\\/#website\",\"url\":\"https:\\\/\\\/jornaldasoficinas.com\\\/pt\\\/\",\"name\":\"Jornal das Oficinas\",\"description\":\"Jornal independente do Aftermarket Autom\u00f3vel em Portugal\",\"publisher\":{\"@id\":\"https:\\\/\\\/jornaldasoficinas.com\\\/pt\\\/#organization\"},\"potentialAction\":[{\"@type\":\"SearchAction\",\"target\":{\"@type\":\"EntryPoint\",\"urlTemplate\":\"https:\\\/\\\/jornaldasoficinas.com\\\/pt\\\/?s={search_term_string}\"},\"query-input\":{\"@type\":\"PropertyValueSpecification\",\"valueRequired\":true,\"valueName\":\"search_term_string\"}}],\"inLanguage\":\"pt-PT\"},{\"@type\":\"Organization\",\"@id\":\"https:\\\/\\\/jornaldasoficinas.com\\\/pt\\\/#organization\",\"name\":\"Jornal das Oficinas\",\"url\":\"https:\\\/\\\/jornaldasoficinas.com\\\/pt\\\/\",\"logo\":{\"@type\":\"ImageObject\",\"inLanguage\":\"pt-PT\",\"@id\":\"https:\\\/\\\/jornaldasoficinas.com\\\/pt\\\/#\\\/schema\\\/logo\\\/image\\\/\",\"url\":\"https:\\\/\\\/jornaldasoficinas.com\\\/pt\\\/wp-content\\\/uploads\\\/logoJO-SEO.png\",\"contentUrl\":\"https:\\\/\\\/jornaldasoficinas.com\\\/pt\\\/wp-content\\\/uploads\\\/logoJO-SEO.png\",\"width\":285,\"height\":450,\"caption\":\"Jornal das Oficinas\"},\"image\":{\"@id\":\"https:\\\/\\\/jornaldasoficinas.com\\\/pt\\\/#\\\/schema\\\/logo\\\/image\\\/\"},\"sameAs\":[\"https:\\\/\\\/www.facebook.com\\\/jornaloficinas\",\"https:\\\/\\\/x.com\\\/jornaloficinas\",\"https:\\\/\\\/www.instagram.com\\\/jornal_oficinas\\\/\",\"https:\\\/\\\/www.linkedin.com\\\/company\\\/jornal-das-oficinas\\\/\",\"https:\\\/\\\/www.youtube.com\\\/channel\\\/UCbQZBqtcvV-oSQrr7RzINGg\"]},{\"@type\":\"Person\",\"@id\":\"https:\\\/\\\/jornaldasoficinas.com\\\/pt\\\/#\\\/schema\\\/person\\\/a38eef5de2c41d9e7c9ac10141afddf3\",\"name\":\"Reda\u00e7\u00e3o JO\",\"image\":{\"@type\":\"ImageObject\",\"inLanguage\":\"pt-PT\",\"@id\":\"https:\\\/\\\/secure.gravatar.com\\\/avatar\\\/71f2fa71737ad68a84fea94bc708ddac8ea5b0c4788dc2ad202f3ccb2887742f?s=96&d=wp_user_avatar&r=g\",\"url\":\"https:\\\/\\\/secure.gravatar.com\\\/avatar\\\/71f2fa71737ad68a84fea94bc708ddac8ea5b0c4788dc2ad202f3ccb2887742f?s=96&d=wp_user_avatar&r=g\",\"contentUrl\":\"https:\\\/\\\/secure.gravatar.com\\\/avatar\\\/71f2fa71737ad68a84fea94bc708ddac8ea5b0c4788dc2ad202f3ccb2887742f?s=96&d=wp_user_avatar&r=g\",\"caption\":\"Reda\u00e7\u00e3o JO\"},\"url\":\"https:\\\/\\\/jornaldasoficinas.com\\\/pt\\\/author\\\/joredacao\\\/\"}]}<\/script>\n<!-- \/ Yoast SEO plugin. -->","yoast_head_json":{"title":"LIQUI MOLY renova parceria com o MotoGP at\u00e9 2029 - Jornal das Oficinas","description":"A LIQUI MOLY prolongou a parceria com o MotoGP at\u00e9 2029, refor\u00e7ando a sua presen\u00e7a nas principais corridas","robots":{"index":"index","follow":"follow","max-snippet":"max-snippet:-1","max-image-preview":"max-image-preview:large","max-video-preview":"max-video-preview:-1"},"canonical":"https:\/\/jornaldasoficinas.com\/pt\/liqui-moly-renova-parceria-com-o-motogp-ate-2029\/","og_locale":"pt_PT","og_type":"article","og_title":"LIQUI MOLY renova parceria com o MotoGP at\u00e9 2029 - Jornal das Oficinas","og_description":"A LIQUI MOLY prolongou a parceria com o MotoGP at\u00e9 2029, refor\u00e7ando a sua presen\u00e7a nas principais corridas","og_url":"https:\/\/jornaldasoficinas.com\/pt\/liqui-moly-renova-parceria-com-o-motogp-ate-2029\/","og_site_name":"Jornal das Oficinas","article_publisher":"https:\/\/www.facebook.com\/jornaloficinas","article_published_time":"2025-10-24T11:30:20+00:00","og_image":[{"width":1024,"height":581,"url":"https:\/\/jornaldasoficinas.com\/pt\/wp-content\/uploads\/2025\/10\/LIQUI-MOLY-renova-parceria-com-o-MotoGP-ate-2029.jpg","type":"image\/jpeg"}],"author":"Reda\u00e7\u00e3o JO","twitter_card":"summary_large_image","twitter_creator":"@jornaloficinas","twitter_site":"@jornaloficinas","twitter_misc":{"Escrito por":"Reda\u00e7\u00e3o JO","Tempo estimado de leitura":"3 minutos"},"schema":{"@context":"https:\/\/schema.org","@graph":[{"@type":"Article","@id":"https:\/\/jornaldasoficinas.com\/pt\/liqui-moly-renova-parceria-com-o-motogp-ate-2029\/#article","isPartOf":{"@id":"https:\/\/jornaldasoficinas.com\/pt\/liqui-moly-renova-parceria-com-o-motogp-ate-2029\/"},"author":{"name":"Reda\u00e7\u00e3o JO","@id":"https:\/\/jornaldasoficinas.com\/pt\/#\/schema\/person\/a38eef5de2c41d9e7c9ac10141afddf3"},"headline":"LIQUI MOLY renova parceria com o MotoGP at\u00e9 2029","datePublished":"2025-10-24T11:30:20+00:00","mainEntityOfPage":{"@id":"https:\/\/jornaldasoficinas.com\/pt\/liqui-moly-renova-parceria-com-o-motogp-ate-2029\/"},"wordCount":468,"publisher":{"@id":"https:\/\/jornaldasoficinas.com\/pt\/#organization"},"image":{"@id":"https:\/\/jornaldasoficinas.com\/pt\/liqui-moly-renova-parceria-com-o-motogp-ate-2029\/#primaryimage"},"thumbnailUrl":"https:\/\/jornaldasoficinas.com\/pt\/wp-content\/uploads\/2025\/10\/LIQUI-MOLY-renova-parceria-com-o-MotoGP-ate-2029.jpg","keywords":["Dorna Sports","Grande Pr\u00e9mio da Alemanha","LIQUI MOLY","Marco Esser","MotoGP","renova\u00e7\u00e3o de parceria"],"articleSection":["Empresas"],"inLanguage":"pt-PT"},{"@type":"WebPage","@id":"https:\/\/jornaldasoficinas.com\/pt\/liqui-moly-renova-parceria-com-o-motogp-ate-2029\/","url":"https:\/\/jornaldasoficinas.com\/pt\/liqui-moly-renova-parceria-com-o-motogp-ate-2029\/","name":"LIQUI MOLY renova parceria com o MotoGP at\u00e9 2029 - Jornal das Oficinas","isPartOf":{"@id":"https:\/\/jornaldasoficinas.com\/pt\/#website"},"primaryImageOfPage":{"@id":"https:\/\/jornaldasoficinas.com\/pt\/liqui-moly-renova-parceria-com-o-motogp-ate-2029\/#primaryimage"},"image":{"@id":"https:\/\/jornaldasoficinas.com\/pt\/liqui-moly-renova-parceria-com-o-motogp-ate-2029\/#primaryimage"},"thumbnailUrl":"https:\/\/jornaldasoficinas.com\/pt\/wp-content\/uploads\/2025\/10\/LIQUI-MOLY-renova-parceria-com-o-MotoGP-ate-2029.jpg","datePublished":"2025-10-24T11:30:20+00:00","description":"A LIQUI MOLY prolongou a parceria com o MotoGP at\u00e9 2029, refor\u00e7ando a sua presen\u00e7a nas principais corridas","breadcrumb":{"@id":"https:\/\/jornaldasoficinas.com\/pt\/liqui-moly-renova-parceria-com-o-motogp-ate-2029\/#breadcrumb"},"inLanguage":"pt-PT","potentialAction":[{"@type":"ReadAction","target":["https:\/\/jornaldasoficinas.com\/pt\/liqui-moly-renova-parceria-com-o-motogp-ate-2029\/"]}]},{"@type":"ImageObject","inLanguage":"pt-PT","@id":"https:\/\/jornaldasoficinas.com\/pt\/liqui-moly-renova-parceria-com-o-motogp-ate-2029\/#primaryimage","url":"https:\/\/jornaldasoficinas.com\/pt\/wp-content\/uploads\/2025\/10\/LIQUI-MOLY-renova-parceria-com-o-MotoGP-ate-2029.jpg","contentUrl":"https:\/\/jornaldasoficinas.com\/pt\/wp-content\/uploads\/2025\/10\/LIQUI-MOLY-renova-parceria-com-o-MotoGP-ate-2029.jpg","width":1024,"height":581,"caption":"10 - LIQUI MOLY renova parceria com o MotoGP ate 2029"},{"@type":"BreadcrumbList","@id":"https:\/\/jornaldasoficinas.com\/pt\/liqui-moly-renova-parceria-com-o-motogp-ate-2029\/#breadcrumb","itemListElement":[{"@type":"ListItem","position":1,"name":"In\u00edcio","item":"https:\/\/jornaldasoficinas.com\/pt\/"},{"@type":"ListItem","position":2,"name":"LIQUI MOLY renova parceria com o MotoGP at\u00e9 2029"}]},{"@type":"WebSite","@id":"https:\/\/jornaldasoficinas.com\/pt\/#website","url":"https:\/\/jornaldasoficinas.com\/pt\/","name":"Jornal das Oficinas","description":"Jornal independente do Aftermarket Autom\u00f3vel em Portugal","publisher":{"@id":"https:\/\/jornaldasoficinas.com\/pt\/#organization"},"potentialAction":[{"@type":"SearchAction","target":{"@type":"EntryPoint","urlTemplate":"https:\/\/jornaldasoficinas.com\/pt\/?s={search_term_string}"},"query-input":{"@type":"PropertyValueSpecification","valueRequired":true,"valueName":"search_term_string"}}],"inLanguage":"pt-PT"},{"@type":"Organization","@id":"https:\/\/jornaldasoficinas.com\/pt\/#organization","name":"Jornal das Oficinas","url":"https:\/\/jornaldasoficinas.com\/pt\/","logo":{"@type":"ImageObject","inLanguage":"pt-PT","@id":"https:\/\/jornaldasoficinas.com\/pt\/#\/schema\/logo\/image\/","url":"https:\/\/jornaldasoficinas.com\/pt\/wp-content\/uploads\/logoJO-SEO.png","contentUrl":"https:\/\/jornaldasoficinas.com\/pt\/wp-content\/uploads\/logoJO-SEO.png","width":285,"height":450,"caption":"Jornal das Oficinas"},"image":{"@id":"https:\/\/jornaldasoficinas.com\/pt\/#\/schema\/logo\/image\/"},"sameAs":["https:\/\/www.facebook.com\/jornaloficinas","https:\/\/x.com\/jornaloficinas","https:\/\/www.instagram.com\/jornal_oficinas\/","https:\/\/www.linkedin.com\/company\/jornal-das-oficinas\/","https:\/\/www.youtube.com\/channel\/UCbQZBqtcvV-oSQrr7RzINGg"]},{"@type":"Person","@id":"https:\/\/jornaldasoficinas.com\/pt\/#\/schema\/person\/a38eef5de2c41d9e7c9ac10141afddf3","name":"Reda\u00e7\u00e3o JO","image":{"@type":"ImageObject","inLanguage":"pt-PT","@id":"https:\/\/secure.gravatar.com\/avatar\/71f2fa71737ad68a84fea94bc708ddac8ea5b0c4788dc2ad202f3ccb2887742f?s=96&d=wp_user_avatar&r=g","url":"https:\/\/secure.gravatar.com\/avatar\/71f2fa71737ad68a84fea94bc708ddac8ea5b0c4788dc2ad202f3ccb2887742f?s=96&d=wp_user_avatar&r=g","contentUrl":"https:\/\/secure.gravatar.com\/avatar\/71f2fa71737ad68a84fea94bc708ddac8ea5b0c4788dc2ad202f3ccb2887742f?s=96&d=wp_user_avatar&r=g","caption":"Reda\u00e7\u00e3o JO"},"url":"https:\/\/jornaldasoficinas.com\/pt\/author\/joredacao\/"}]}},"_links":{"self":[{"href":"https:\/\/jornaldasoficinas.com\/pt\/wp-json\/wp\/v2\/posts\/108358","targetHints":{"allow":["GET"]}}],"collection":[{"href":"https:\/\/jornaldasoficinas.com\/pt\/wp-json\/wp\/v2\/posts"}],"about":[{"href":"https:\/\/jornaldasoficinas.com\/pt\/wp-json\/wp\/v2\/types\/post"}],"author":[{"embeddable":true,"href":"https:\/\/jornaldasoficinas.com\/pt\/wp-json\/wp\/v2\/users\/15"}],"replies":[{"embeddable":true,"href":"https:\/\/jornaldasoficinas.com\/pt\/wp-json\/wp\/v2\/comments?post=108358"}],"version-history":[{"count":6,"href":"https:\/\/jornaldasoficinas.com\/pt\/wp-json\/wp\/v2\/posts\/108358\/revisions"}],"predecessor-version":[{"id":108373,"href":"https:\/\/jornaldasoficinas.com\/pt\/wp-json\/wp\/v2\/posts\/108358\/revisions\/108373"}],"wp:featuredmedia":[{"embeddable":true,"href":"https:\/\/jornaldasoficinas.com\/pt\/wp-json\/wp\/v2\/media\/108372"}],"wp:attachment":[{"href":"https:\/\/jornaldasoficinas.com\/pt\/wp-json\/wp\/v2\/media?parent=108358"}],"wp:term":[{"taxonomy":"category","embeddable":true,"href":"https:\/\/jornaldasoficinas.com\/pt\/wp-json\/wp\/v2\/categories?post=108358"},{"taxonomy":"post_tag","embeddable":true,"href":"https:\/\/jornaldasoficinas.com\/pt\/wp-json\/wp\/v2\/tags?post=108358"}],"curies":[{"name":"wp","href":"https:\/\/api.w.org\/{rel}","templated":true}]}}