{"id":108383,"date":"2025-10-26T20:00:52","date_gmt":"2025-10-26T20:00:52","guid":{"rendered":"https:\/\/jornaldasoficinas.com\/pt\/?p=108383"},"modified":"2025-10-26T22:11:55","modified_gmt":"2025-10-26T22:11:55","slug":"jornal-das-oficinas-de-outubro-novembro-2025-disponivel-online","status":"publish","type":"post","link":"https:\/\/jornaldasoficinas.com\/pt\/jornal-das-oficinas-de-outubro-novembro-2025-disponivel-online\/","title":{"rendered":"Jornal das Oficinas de outubro\/novembro 2025 dispon\u00edvel online"},"content":{"rendered":"<p><strong> <img loading=\"lazy\" decoding=\"async\" class=\"alignnone size-full wp-image-108391\" src=\"https:\/\/jornaldasoficinas.com\/pt\/wp-content\/uploads\/2025\/10\/Jornal-das-Oficinas-de-outubro-novembro-2025.jpg\" alt=\"10 - Jornal das Oficinas de outubro novembro 2025\" width=\"1024\" height=\"581\" srcset=\"https:\/\/jornaldasoficinas.com\/pt\/wp-content\/uploads\/2025\/10\/Jornal-das-Oficinas-de-outubro-novembro-2025.jpg 1024w, https:\/\/jornaldasoficinas.com\/pt\/wp-content\/uploads\/2025\/10\/Jornal-das-Oficinas-de-outubro-novembro-2025-300x170.jpg 300w, https:\/\/jornaldasoficinas.com\/pt\/wp-content\/uploads\/2025\/10\/Jornal-das-Oficinas-de-outubro-novembro-2025-150x85.jpg 150w, https:\/\/jornaldasoficinas.com\/pt\/wp-content\/uploads\/2025\/10\/Jornal-das-Oficinas-de-outubro-novembro-2025-768x436.jpg 768w\" sizes=\"auto, (max-width: 1024px) 100vw, 1024px\" \/><br \/>\n<\/strong><\/p>\n<p><strong>Esta edi\u00e7\u00e3o especial celebra os 20 anos do Jornal das Oficinas com diversos artigos alusivos \u00e0 efem\u00e9ride, designadamente a Mesa Redonda \u201c20 Anos JO\u201d, que reuniu nove protagonistas de diferentes \u00e1reas do aftermarket nacional. Foi um momento de reflex\u00e3o sobre o caminho percorrido, os desafios atuais e as oportunidades futuras de um setor em permanente evolu\u00e7\u00e3o. Mas n\u00e3o s\u00f3!<\/strong><\/p>\n<p><a href=\"https:\/\/www.apcomunicacao.com\/top100-aftermarket\" target=\"_blank\" rel=\"noopener\">XI Gala TOP 100 <\/a>O sal\u00e3o principal do Casino da Figueira da Foz voltou a ser o cen\u00e1rio de uma noite inesquec\u00edvel com a realiza\u00e7\u00e3o da XI Gala TOP 100 Distribuidores e Oficinas, que decorreu a 17 de outubro. Reunindo mais de 200 convidados, o evento destacou-se pelo seu elevado n\u00edvel de organiza\u00e7\u00e3o, ambiente sofisticado e momentos de forte emo\u00e7\u00e3o.<\/p>\n<p>Mec\u00e2nicos falam sobre 20 anos de p\u00f3s-venda em Portugal. Nesta edi\u00e7\u00e3o especial que assinala o 20.\u00ba anivers\u00e1rio do Jornal das Oficinas, quisemos dar voz a quem melhor conhece o setor p\u00f3s-venda autom\u00f3vel: os mec\u00e2nicos que, dedicam a sua vida \u00e0 repara\u00e7\u00e3o e manuten\u00e7\u00e3o de ve\u00edculos.<\/p>\n<p>A pr\u00f3xima linha da frente nas oficinas portuguesas. Todos os anos, s\u00e3o v\u00e1rios os jovens que passam pelas instala\u00e7\u00f5es do <a href=\"https:\/\/cepra.pt\/\" target=\"_blank\" rel=\"noopener\">CEPRA<\/a>, preparados para integrar um setor cada vez mais envelhecido e carente de m\u00e3o de obra. O JO moderou uma mesa redonda para ouvir quatro formandos e perceber o que os atrai nesta profiss\u00e3o, como encaram o futuro e o que pode ser feito para tornar as oficinas mais apelativas.<\/p>\n<p>Apresenta\u00e7\u00f5es pneus. A convite da <a href=\"https:\/\/www.continental-tires.com\/pt\/pt\/\" target=\"_blank\" rel=\"noopener\">Continental Pneus<\/a> Portugal, estivemos em Bruxelas para acompanhar o lan\u00e7amento oficial do novo Conti Urban HA 5 NXT, o pneu urbano mais avan\u00e7ado da marca em termos de sustentabilidade e efici\u00eancia. Em Portugal, a <a href=\"https:\/\/www.google.com\/url?sa=t&amp;source=web&amp;rct=j&amp;opi=89978449&amp;url=https:\/\/sjosepneus.com\/pt\/&amp;ved=2ahUKEwis_Yi-8MKQAxUULPsDHayQCHgQFnoECAwQAQ&amp;usg=AOvVaw0G-dC5SKSnwgzhUurj7xoA\">S. Jos\u00e9 Pneus<\/a> organizou um evento exclusivo no Aut\u00f3dromo Internacional do Algarve, em Portim\u00e3o, para apresentar a gama de pneus <a href=\"https:\/\/www.goodridetire.com\/\" target=\"_blank\" rel=\"noopener\">Goodride<\/a> a cerca de quatro dezenas de clientes.<\/p>\n<p><a href=\"https:\/\/willard.co.za\/\" target=\"_blank\" rel=\"noopener\">Willard<\/a> estreia-se em Portugal com a <a href=\"https:\/\/helpbattery.pt\/\" target=\"_blank\" rel=\"noopener\">Help Battery<\/a>. A reconhecida marca de baterias Willard chega oficialmente ao mercado portugu\u00eas, marcando um novo cap\u00edtulo na sua expans\u00e3o europeia.<\/p>\n<p><a href=\"http:\/\/www.motorbus.pt\">Motorbus<\/a> comemora 30\u00ba anivers\u00e1rio. Da garagem dos pais ao reconhecimento internacional, a Motorbus celebra tr\u00eas d\u00e9cadas de um percurso marcado pela dedica\u00e7\u00e3o, pela independ\u00eancia e por uma cultura familiar que, 30 anos depois, continua a ser o cora\u00e7\u00e3o da empresa.<\/p>\n<p>Entrevistas:<\/p>\n<p>Alba Gonz\u00e1lez, diretora de marketing Portugal e Espanha da <a href=\"https:\/\/www.magnetimarelli-parts-and-services.pt\/\" target=\"_blank\" rel=\"noopener\">Magneti Marelli Parts &amp; Services<\/a><br \/>\nBoanerges Corado Neto, Diretor Geral da <a href=\"https:\/\/www.euromaster.pt\/\" target=\"_blank\" rel=\"noopener\">Euromaster<\/a> Portugal e Espanha<br \/>\nCarlos Abade, gerente <a href=\"https:\/\/neocom.pt\/\" target=\"_blank\" rel=\"noopener\">Neocom<\/a><br \/>\nElena\u00a0Borello, Diretora Exporta\u00e7\u00e3o Iberia da <a href=\"https:\/\/www.meat-doria.com\/\" target=\"_blank\" rel=\"noopener\">Meat &amp; Doria<\/a><br \/>\nJoaquim Candeias, presidente da <a href=\"https:\/\/dpai.acap.pt\/pt\/home\" target=\"_blank\" rel=\"noopener\">DPAI<\/a><br \/>\nJos\u00e9 Boavida, diretor de vendas da <a href=\"https:\/\/www.corteco.com\/\" target=\"_blank\" rel=\"noopener\">Corteco<\/a> Portugal<br \/>\nPedro Diaz, Country Manager e Sales Manager PC da <a href=\"https:\/\/aftermarket.zf.com\/us\/aftermarket-portal\/\" target=\"_blank\" rel=\"noopener\">ZF Aftermarket<\/a> Portugal<br \/>\nRichard Carvalhais e Diana Marques, gerentes da <a href=\"https:\/\/www.mastersensor.com\/\" target=\"_blank\" rel=\"noopener\">Mastersensor<\/a><br \/>\nWalid Ben Abdessamiaa, diretor de vendas da <a href=\"https:\/\/www.borgwarner.com\/home\" target=\"_blank\" rel=\"noopener\">BorgWarner<\/a><\/p>\n<p>Ve\u00edculos de substitui\u00e7\u00e3o. Quando se fala em frota de ve\u00edculos de substitui\u00e7\u00e3o, a perce\u00e7\u00e3o mais comum \u00e9 a de que se trata de um custo acrescido para a oficina. No entanto, com uma gest\u00e3o profissional e integrada, o ve\u00edculo de substitui\u00e7\u00e3o pode transformar-se no motor de rentabilidade nas oficinas<\/p>\n<p>Oficina do M\u00eas: <a href=\"https:\/\/www.riamarpneus.com\/\" target=\"_blank\" rel=\"noopener\">Riamar Pneus<\/a>. Com mais de tr\u00eas d\u00e9cadas de hist\u00f3ria, a Riamar Pneus consolidou-se como uma refer\u00eancia em Aveiro no setor da montagem de pneus e servi\u00e7os r\u00e1pidos de mec\u00e2nica.<\/p>\n<p>Efici\u00eancia energ\u00e9tica nas oficinas de colis\u00e3o. Atualmente, a rentabilidade e a sustentabilidade s\u00e3o dois objetivos fundamentais para a oficina e andam de m\u00e3os dadas, uma vez que a sustentabilidade se refere n\u00e3o s\u00f3 \u00e0 prote\u00e7\u00e3o do ambiente, mas tamb\u00e9m ao crescimento econ\u00f3mico e ao desenvolvimento social.<\/p>\n<p>Desejamos boas leituras e at\u00e9 \u00e0 pr\u00f3xima edi\u00e7\u00e3o.<\/p>\n<p>&nbsp;<\/p>\n<p><iframe loading=\"lazy\" src=\"https:\/\/www.yumpu.com\/pt\/embed\/view\/WntXDYA49ps0Gdq7\" width=\"620px\" height=\"450px\" frameborder=\"0\" allowfullscreen=\"allowfullscreen\"><span style=\"display: inline-block; width: 0px; overflow: hidden; line-height: 0;\" data-mce-type=\"bookmark\" class=\"mce_SELRES_start\">\ufeff<\/span><\/iframe><\/p>\n","protected":false},"excerpt":{"rendered":"<p>Esta edi\u00e7\u00e3o especial celebra os 20&#8230;<\/p>\n","protected":false},"author":15,"featured_media":108391,"comment_status":"closed","ping_status":"closed","sticky":false,"template":"","format":"standard","meta":{"footnotes":""},"categories":[411],"tags":[13860,2180,141,6923,581,158,555,13478,13684,5766,13858,2379,300,1622,13859,13683,13475,181],"class_list":["post-108383","post","type-post","status-publish","format-standard","has-post-thumbnail","hentry","category-edicoes-jo","tag-20-anos-jo","tag-borgwarner","tag-cepra","tag-continental-pneus","tag-corteco","tag-dpai","tag-euromaster","tag-goodride","tag-help-battery","tag-magneti-marelli-parts-services","tag-mastersensor","tag-meat-doria","tag-motorbus","tag-neocom","tag-riamar-pneus","tag-willard","tag-xi-gala-top-100","tag-zf-aftermarket"],"yoast_head":"<!-- This site is optimized with the Yoast SEO plugin v27.4 - https:\/\/yoast.com\/product\/yoast-seo-wordpress\/ -->\n<title>Jornal das Oficinas de outubro\/novembro 2025 dispon\u00edvel online - Jornal das Oficinas<\/title>\n<meta name=\"description\" content=\"Esta edi\u00e7\u00e3o especial celebra os 20 anos do Jornal das Oficinas com diversos artigos alusivos, designadamente a Mesa Redonda \u201c20 Anos JO\u201d,\" \/>\n<meta name=\"robots\" content=\"index, follow, max-snippet:-1, max-image-preview:large, max-video-preview:-1\" \/>\n<link rel=\"canonical\" href=\"https:\/\/jornaldasoficinas.com\/pt\/jornal-das-oficinas-de-outubro-novembro-2025-disponivel-online\/\" \/>\n<meta property=\"og:locale\" content=\"pt_PT\" \/>\n<meta property=\"og:type\" content=\"article\" \/>\n<meta property=\"og:title\" content=\"Jornal das Oficinas de outubro\/novembro 2025 dispon\u00edvel online - Jornal das Oficinas\" \/>\n<meta property=\"og:description\" content=\"Esta edi\u00e7\u00e3o especial celebra os 20 anos do Jornal das Oficinas com diversos artigos alusivos, designadamente a Mesa Redonda \u201c20 Anos JO\u201d,\" \/>\n<meta property=\"og:url\" content=\"https:\/\/jornaldasoficinas.com\/pt\/jornal-das-oficinas-de-outubro-novembro-2025-disponivel-online\/\" \/>\n<meta property=\"og:site_name\" content=\"Jornal das Oficinas\" \/>\n<meta property=\"article:publisher\" content=\"https:\/\/www.facebook.com\/jornaloficinas\" \/>\n<meta property=\"article:published_time\" content=\"2025-10-26T20:00:52+00:00\" \/>\n<meta property=\"article:modified_time\" content=\"2025-10-26T22:11:55+00:00\" \/>\n<meta property=\"og:image\" content=\"https:\/\/jornaldasoficinas.com\/pt\/wp-content\/uploads\/2025\/10\/Jornal-das-Oficinas-de-outubro-novembro-2025.jpg\" \/>\n\t<meta property=\"og:image:width\" content=\"1024\" \/>\n\t<meta property=\"og:image:height\" content=\"581\" \/>\n\t<meta property=\"og:image:type\" content=\"image\/jpeg\" \/>\n<meta name=\"author\" content=\"Reda\u00e7\u00e3o JO\" \/>\n<meta name=\"twitter:card\" content=\"summary_large_image\" \/>\n<meta name=\"twitter:creator\" content=\"@jornaloficinas\" \/>\n<meta name=\"twitter:site\" content=\"@jornaloficinas\" \/>\n<meta name=\"twitter:label1\" content=\"Escrito por\" \/>\n\t<meta name=\"twitter:data1\" content=\"Reda\u00e7\u00e3o JO\" \/>\n\t<meta name=\"twitter:label2\" content=\"Tempo estimado de leitura\" \/>\n\t<meta name=\"twitter:data2\" content=\"4 minutos\" \/>\n<script type=\"application\/ld+json\" class=\"yoast-schema-graph\">{\"@context\":\"https:\\\/\\\/schema.org\",\"@graph\":[{\"@type\":\"Article\",\"@id\":\"https:\\\/\\\/jornaldasoficinas.com\\\/pt\\\/jornal-das-oficinas-de-outubro-novembro-2025-disponivel-online\\\/#article\",\"isPartOf\":{\"@id\":\"https:\\\/\\\/jornaldasoficinas.com\\\/pt\\\/jornal-das-oficinas-de-outubro-novembro-2025-disponivel-online\\\/\"},\"author\":{\"name\":\"Reda\u00e7\u00e3o JO\",\"@id\":\"https:\\\/\\\/jornaldasoficinas.com\\\/pt\\\/#\\\/schema\\\/person\\\/a38eef5de2c41d9e7c9ac10141afddf3\"},\"headline\":\"Jornal das Oficinas de outubro\\\/novembro 2025 dispon\u00edvel online\",\"datePublished\":\"2025-10-26T20:00:52+00:00\",\"dateModified\":\"2025-10-26T22:11:55+00:00\",\"mainEntityOfPage\":{\"@id\":\"https:\\\/\\\/jornaldasoficinas.com\\\/pt\\\/jornal-das-oficinas-de-outubro-novembro-2025-disponivel-online\\\/\"},\"wordCount\":648,\"publisher\":{\"@id\":\"https:\\\/\\\/jornaldasoficinas.com\\\/pt\\\/#organization\"},\"image\":{\"@id\":\"https:\\\/\\\/jornaldasoficinas.com\\\/pt\\\/jornal-das-oficinas-de-outubro-novembro-2025-disponivel-online\\\/#primaryimage\"},\"thumbnailUrl\":\"https:\\\/\\\/jornaldasoficinas.com\\\/pt\\\/wp-content\\\/uploads\\\/2025\\\/10\\\/Jornal-das-Oficinas-de-outubro-novembro-2025.jpg\",\"keywords\":[\"20 Anos JO\",\"BorgWarner\",\"CEPRA\",\"Continental Pneus\",\"Corteco\",\"DPAI\",\"Euromaster\",\"Goodride\",\"Help Battery\",\"Magneti Marelli Parts &amp; Services\",\"Mastersensor\",\"Meat &amp; Doria\",\"Motorbus\",\"Neocom\",\"Riamar Pneus\",\"Willard\",\"XI Gala TOP 100\",\"ZF Aftermarket\"],\"articleSection\":[\"Edi\u00e7\u00f5es JO\"],\"inLanguage\":\"pt-PT\"},{\"@type\":\"WebPage\",\"@id\":\"https:\\\/\\\/jornaldasoficinas.com\\\/pt\\\/jornal-das-oficinas-de-outubro-novembro-2025-disponivel-online\\\/\",\"url\":\"https:\\\/\\\/jornaldasoficinas.com\\\/pt\\\/jornal-das-oficinas-de-outubro-novembro-2025-disponivel-online\\\/\",\"name\":\"Jornal das Oficinas de outubro\\\/novembro 2025 dispon\u00edvel online - Jornal das Oficinas\",\"isPartOf\":{\"@id\":\"https:\\\/\\\/jornaldasoficinas.com\\\/pt\\\/#website\"},\"primaryImageOfPage\":{\"@id\":\"https:\\\/\\\/jornaldasoficinas.com\\\/pt\\\/jornal-das-oficinas-de-outubro-novembro-2025-disponivel-online\\\/#primaryimage\"},\"image\":{\"@id\":\"https:\\\/\\\/jornaldasoficinas.com\\\/pt\\\/jornal-das-oficinas-de-outubro-novembro-2025-disponivel-online\\\/#primaryimage\"},\"thumbnailUrl\":\"https:\\\/\\\/jornaldasoficinas.com\\\/pt\\\/wp-content\\\/uploads\\\/2025\\\/10\\\/Jornal-das-Oficinas-de-outubro-novembro-2025.jpg\",\"datePublished\":\"2025-10-26T20:00:52+00:00\",\"dateModified\":\"2025-10-26T22:11:55+00:00\",\"description\":\"Esta edi\u00e7\u00e3o especial celebra os 20 anos do Jornal das Oficinas com diversos artigos alusivos, designadamente a Mesa Redonda \u201c20 Anos JO\u201d,\",\"breadcrumb\":{\"@id\":\"https:\\\/\\\/jornaldasoficinas.com\\\/pt\\\/jornal-das-oficinas-de-outubro-novembro-2025-disponivel-online\\\/#breadcrumb\"},\"inLanguage\":\"pt-PT\",\"potentialAction\":[{\"@type\":\"ReadAction\",\"target\":[\"https:\\\/\\\/jornaldasoficinas.com\\\/pt\\\/jornal-das-oficinas-de-outubro-novembro-2025-disponivel-online\\\/\"]}]},{\"@type\":\"ImageObject\",\"inLanguage\":\"pt-PT\",\"@id\":\"https:\\\/\\\/jornaldasoficinas.com\\\/pt\\\/jornal-das-oficinas-de-outubro-novembro-2025-disponivel-online\\\/#primaryimage\",\"url\":\"https:\\\/\\\/jornaldasoficinas.com\\\/pt\\\/wp-content\\\/uploads\\\/2025\\\/10\\\/Jornal-das-Oficinas-de-outubro-novembro-2025.jpg\",\"contentUrl\":\"https:\\\/\\\/jornaldasoficinas.com\\\/pt\\\/wp-content\\\/uploads\\\/2025\\\/10\\\/Jornal-das-Oficinas-de-outubro-novembro-2025.jpg\",\"width\":1024,\"height\":581,\"caption\":\"10 - Jornal das Oficinas de outubro novembro 2025\"},{\"@type\":\"BreadcrumbList\",\"@id\":\"https:\\\/\\\/jornaldasoficinas.com\\\/pt\\\/jornal-das-oficinas-de-outubro-novembro-2025-disponivel-online\\\/#breadcrumb\",\"itemListElement\":[{\"@type\":\"ListItem\",\"position\":1,\"name\":\"In\u00edcio\",\"item\":\"https:\\\/\\\/jornaldasoficinas.com\\\/pt\\\/\"},{\"@type\":\"ListItem\",\"position\":2,\"name\":\"Jornal das Oficinas de outubro\\\/novembro 2025 dispon\u00edvel online\"}]},{\"@type\":\"WebSite\",\"@id\":\"https:\\\/\\\/jornaldasoficinas.com\\\/pt\\\/#website\",\"url\":\"https:\\\/\\\/jornaldasoficinas.com\\\/pt\\\/\",\"name\":\"Jornal das Oficinas\",\"description\":\"Jornal independente do Aftermarket Autom\u00f3vel em Portugal\",\"publisher\":{\"@id\":\"https:\\\/\\\/jornaldasoficinas.com\\\/pt\\\/#organization\"},\"potentialAction\":[{\"@type\":\"SearchAction\",\"target\":{\"@type\":\"EntryPoint\",\"urlTemplate\":\"https:\\\/\\\/jornaldasoficinas.com\\\/pt\\\/?s={search_term_string}\"},\"query-input\":{\"@type\":\"PropertyValueSpecification\",\"valueRequired\":true,\"valueName\":\"search_term_string\"}}],\"inLanguage\":\"pt-PT\"},{\"@type\":\"Organization\",\"@id\":\"https:\\\/\\\/jornaldasoficinas.com\\\/pt\\\/#organization\",\"name\":\"Jornal das Oficinas\",\"url\":\"https:\\\/\\\/jornaldasoficinas.com\\\/pt\\\/\",\"logo\":{\"@type\":\"ImageObject\",\"inLanguage\":\"pt-PT\",\"@id\":\"https:\\\/\\\/jornaldasoficinas.com\\\/pt\\\/#\\\/schema\\\/logo\\\/image\\\/\",\"url\":\"https:\\\/\\\/jornaldasoficinas.com\\\/pt\\\/wp-content\\\/uploads\\\/logoJO-SEO.png\",\"contentUrl\":\"https:\\\/\\\/jornaldasoficinas.com\\\/pt\\\/wp-content\\\/uploads\\\/logoJO-SEO.png\",\"width\":285,\"height\":450,\"caption\":\"Jornal das Oficinas\"},\"image\":{\"@id\":\"https:\\\/\\\/jornaldasoficinas.com\\\/pt\\\/#\\\/schema\\\/logo\\\/image\\\/\"},\"sameAs\":[\"https:\\\/\\\/www.facebook.com\\\/jornaloficinas\",\"https:\\\/\\\/x.com\\\/jornaloficinas\",\"https:\\\/\\\/www.instagram.com\\\/jornal_oficinas\\\/\",\"https:\\\/\\\/www.linkedin.com\\\/company\\\/jornal-das-oficinas\\\/\",\"https:\\\/\\\/www.youtube.com\\\/channel\\\/UCbQZBqtcvV-oSQrr7RzINGg\"]},{\"@type\":\"Person\",\"@id\":\"https:\\\/\\\/jornaldasoficinas.com\\\/pt\\\/#\\\/schema\\\/person\\\/a38eef5de2c41d9e7c9ac10141afddf3\",\"name\":\"Reda\u00e7\u00e3o JO\",\"image\":{\"@type\":\"ImageObject\",\"inLanguage\":\"pt-PT\",\"@id\":\"https:\\\/\\\/secure.gravatar.com\\\/avatar\\\/71f2fa71737ad68a84fea94bc708ddac8ea5b0c4788dc2ad202f3ccb2887742f?s=96&d=wp_user_avatar&r=g\",\"url\":\"https:\\\/\\\/secure.gravatar.com\\\/avatar\\\/71f2fa71737ad68a84fea94bc708ddac8ea5b0c4788dc2ad202f3ccb2887742f?s=96&d=wp_user_avatar&r=g\",\"contentUrl\":\"https:\\\/\\\/secure.gravatar.com\\\/avatar\\\/71f2fa71737ad68a84fea94bc708ddac8ea5b0c4788dc2ad202f3ccb2887742f?s=96&d=wp_user_avatar&r=g\",\"caption\":\"Reda\u00e7\u00e3o JO\"},\"url\":\"https:\\\/\\\/jornaldasoficinas.com\\\/pt\\\/author\\\/joredacao\\\/\"}]}<\/script>\n<!-- \/ Yoast SEO plugin. -->","yoast_head_json":{"title":"Jornal das Oficinas de outubro\/novembro 2025 dispon\u00edvel online - Jornal das Oficinas","description":"Esta edi\u00e7\u00e3o especial celebra os 20 anos do Jornal das Oficinas com diversos artigos alusivos, designadamente a Mesa Redonda \u201c20 Anos JO\u201d,","robots":{"index":"index","follow":"follow","max-snippet":"max-snippet:-1","max-image-preview":"max-image-preview:large","max-video-preview":"max-video-preview:-1"},"canonical":"https:\/\/jornaldasoficinas.com\/pt\/jornal-das-oficinas-de-outubro-novembro-2025-disponivel-online\/","og_locale":"pt_PT","og_type":"article","og_title":"Jornal das Oficinas de outubro\/novembro 2025 dispon\u00edvel online - Jornal das Oficinas","og_description":"Esta edi\u00e7\u00e3o especial celebra os 20 anos do Jornal das Oficinas com diversos artigos alusivos, designadamente a Mesa Redonda \u201c20 Anos JO\u201d,","og_url":"https:\/\/jornaldasoficinas.com\/pt\/jornal-das-oficinas-de-outubro-novembro-2025-disponivel-online\/","og_site_name":"Jornal das Oficinas","article_publisher":"https:\/\/www.facebook.com\/jornaloficinas","article_published_time":"2025-10-26T20:00:52+00:00","article_modified_time":"2025-10-26T22:11:55+00:00","og_image":[{"width":1024,"height":581,"url":"https:\/\/jornaldasoficinas.com\/pt\/wp-content\/uploads\/2025\/10\/Jornal-das-Oficinas-de-outubro-novembro-2025.jpg","type":"image\/jpeg"}],"author":"Reda\u00e7\u00e3o JO","twitter_card":"summary_large_image","twitter_creator":"@jornaloficinas","twitter_site":"@jornaloficinas","twitter_misc":{"Escrito por":"Reda\u00e7\u00e3o JO","Tempo estimado de leitura":"4 minutos"},"schema":{"@context":"https:\/\/schema.org","@graph":[{"@type":"Article","@id":"https:\/\/jornaldasoficinas.com\/pt\/jornal-das-oficinas-de-outubro-novembro-2025-disponivel-online\/#article","isPartOf":{"@id":"https:\/\/jornaldasoficinas.com\/pt\/jornal-das-oficinas-de-outubro-novembro-2025-disponivel-online\/"},"author":{"name":"Reda\u00e7\u00e3o JO","@id":"https:\/\/jornaldasoficinas.com\/pt\/#\/schema\/person\/a38eef5de2c41d9e7c9ac10141afddf3"},"headline":"Jornal das Oficinas de outubro\/novembro 2025 dispon\u00edvel online","datePublished":"2025-10-26T20:00:52+00:00","dateModified":"2025-10-26T22:11:55+00:00","mainEntityOfPage":{"@id":"https:\/\/jornaldasoficinas.com\/pt\/jornal-das-oficinas-de-outubro-novembro-2025-disponivel-online\/"},"wordCount":648,"publisher":{"@id":"https:\/\/jornaldasoficinas.com\/pt\/#organization"},"image":{"@id":"https:\/\/jornaldasoficinas.com\/pt\/jornal-das-oficinas-de-outubro-novembro-2025-disponivel-online\/#primaryimage"},"thumbnailUrl":"https:\/\/jornaldasoficinas.com\/pt\/wp-content\/uploads\/2025\/10\/Jornal-das-Oficinas-de-outubro-novembro-2025.jpg","keywords":["20 Anos JO","BorgWarner","CEPRA","Continental Pneus","Corteco","DPAI","Euromaster","Goodride","Help Battery","Magneti Marelli Parts &amp; Services","Mastersensor","Meat &amp; Doria","Motorbus","Neocom","Riamar Pneus","Willard","XI Gala TOP 100","ZF Aftermarket"],"articleSection":["Edi\u00e7\u00f5es JO"],"inLanguage":"pt-PT"},{"@type":"WebPage","@id":"https:\/\/jornaldasoficinas.com\/pt\/jornal-das-oficinas-de-outubro-novembro-2025-disponivel-online\/","url":"https:\/\/jornaldasoficinas.com\/pt\/jornal-das-oficinas-de-outubro-novembro-2025-disponivel-online\/","name":"Jornal das Oficinas de outubro\/novembro 2025 dispon\u00edvel online - Jornal das Oficinas","isPartOf":{"@id":"https:\/\/jornaldasoficinas.com\/pt\/#website"},"primaryImageOfPage":{"@id":"https:\/\/jornaldasoficinas.com\/pt\/jornal-das-oficinas-de-outubro-novembro-2025-disponivel-online\/#primaryimage"},"image":{"@id":"https:\/\/jornaldasoficinas.com\/pt\/jornal-das-oficinas-de-outubro-novembro-2025-disponivel-online\/#primaryimage"},"thumbnailUrl":"https:\/\/jornaldasoficinas.com\/pt\/wp-content\/uploads\/2025\/10\/Jornal-das-Oficinas-de-outubro-novembro-2025.jpg","datePublished":"2025-10-26T20:00:52+00:00","dateModified":"2025-10-26T22:11:55+00:00","description":"Esta edi\u00e7\u00e3o especial celebra os 20 anos do Jornal das Oficinas com diversos artigos alusivos, designadamente a Mesa Redonda \u201c20 Anos JO\u201d,","breadcrumb":{"@id":"https:\/\/jornaldasoficinas.com\/pt\/jornal-das-oficinas-de-outubro-novembro-2025-disponivel-online\/#breadcrumb"},"inLanguage":"pt-PT","potentialAction":[{"@type":"ReadAction","target":["https:\/\/jornaldasoficinas.com\/pt\/jornal-das-oficinas-de-outubro-novembro-2025-disponivel-online\/"]}]},{"@type":"ImageObject","inLanguage":"pt-PT","@id":"https:\/\/jornaldasoficinas.com\/pt\/jornal-das-oficinas-de-outubro-novembro-2025-disponivel-online\/#primaryimage","url":"https:\/\/jornaldasoficinas.com\/pt\/wp-content\/uploads\/2025\/10\/Jornal-das-Oficinas-de-outubro-novembro-2025.jpg","contentUrl":"https:\/\/jornaldasoficinas.com\/pt\/wp-content\/uploads\/2025\/10\/Jornal-das-Oficinas-de-outubro-novembro-2025.jpg","width":1024,"height":581,"caption":"10 - Jornal das Oficinas de outubro novembro 2025"},{"@type":"BreadcrumbList","@id":"https:\/\/jornaldasoficinas.com\/pt\/jornal-das-oficinas-de-outubro-novembro-2025-disponivel-online\/#breadcrumb","itemListElement":[{"@type":"ListItem","position":1,"name":"In\u00edcio","item":"https:\/\/jornaldasoficinas.com\/pt\/"},{"@type":"ListItem","position":2,"name":"Jornal das Oficinas de outubro\/novembro 2025 dispon\u00edvel online"}]},{"@type":"WebSite","@id":"https:\/\/jornaldasoficinas.com\/pt\/#website","url":"https:\/\/jornaldasoficinas.com\/pt\/","name":"Jornal das Oficinas","description":"Jornal independente do Aftermarket Autom\u00f3vel em Portugal","publisher":{"@id":"https:\/\/jornaldasoficinas.com\/pt\/#organization"},"potentialAction":[{"@type":"SearchAction","target":{"@type":"EntryPoint","urlTemplate":"https:\/\/jornaldasoficinas.com\/pt\/?s={search_term_string}"},"query-input":{"@type":"PropertyValueSpecification","valueRequired":true,"valueName":"search_term_string"}}],"inLanguage":"pt-PT"},{"@type":"Organization","@id":"https:\/\/jornaldasoficinas.com\/pt\/#organization","name":"Jornal das Oficinas","url":"https:\/\/jornaldasoficinas.com\/pt\/","logo":{"@type":"ImageObject","inLanguage":"pt-PT","@id":"https:\/\/jornaldasoficinas.com\/pt\/#\/schema\/logo\/image\/","url":"https:\/\/jornaldasoficinas.com\/pt\/wp-content\/uploads\/logoJO-SEO.png","contentUrl":"https:\/\/jornaldasoficinas.com\/pt\/wp-content\/uploads\/logoJO-SEO.png","width":285,"height":450,"caption":"Jornal das Oficinas"},"image":{"@id":"https:\/\/jornaldasoficinas.com\/pt\/#\/schema\/logo\/image\/"},"sameAs":["https:\/\/www.facebook.com\/jornaloficinas","https:\/\/x.com\/jornaloficinas","https:\/\/www.instagram.com\/jornal_oficinas\/","https:\/\/www.linkedin.com\/company\/jornal-das-oficinas\/","https:\/\/www.youtube.com\/channel\/UCbQZBqtcvV-oSQrr7RzINGg"]},{"@type":"Person","@id":"https:\/\/jornaldasoficinas.com\/pt\/#\/schema\/person\/a38eef5de2c41d9e7c9ac10141afddf3","name":"Reda\u00e7\u00e3o JO","image":{"@type":"ImageObject","inLanguage":"pt-PT","@id":"https:\/\/secure.gravatar.com\/avatar\/71f2fa71737ad68a84fea94bc708ddac8ea5b0c4788dc2ad202f3ccb2887742f?s=96&d=wp_user_avatar&r=g","url":"https:\/\/secure.gravatar.com\/avatar\/71f2fa71737ad68a84fea94bc708ddac8ea5b0c4788dc2ad202f3ccb2887742f?s=96&d=wp_user_avatar&r=g","contentUrl":"https:\/\/secure.gravatar.com\/avatar\/71f2fa71737ad68a84fea94bc708ddac8ea5b0c4788dc2ad202f3ccb2887742f?s=96&d=wp_user_avatar&r=g","caption":"Reda\u00e7\u00e3o JO"},"url":"https:\/\/jornaldasoficinas.com\/pt\/author\/joredacao\/"}]}},"_links":{"self":[{"href":"https:\/\/jornaldasoficinas.com\/pt\/wp-json\/wp\/v2\/posts\/108383","targetHints":{"allow":["GET"]}}],"collection":[{"href":"https:\/\/jornaldasoficinas.com\/pt\/wp-json\/wp\/v2\/posts"}],"about":[{"href":"https:\/\/jornaldasoficinas.com\/pt\/wp-json\/wp\/v2\/types\/post"}],"author":[{"embeddable":true,"href":"https:\/\/jornaldasoficinas.com\/pt\/wp-json\/wp\/v2\/users\/15"}],"replies":[{"embeddable":true,"href":"https:\/\/jornaldasoficinas.com\/pt\/wp-json\/wp\/v2\/comments?post=108383"}],"version-history":[{"count":11,"href":"https:\/\/jornaldasoficinas.com\/pt\/wp-json\/wp\/v2\/posts\/108383\/revisions"}],"predecessor-version":[{"id":108585,"href":"https:\/\/jornaldasoficinas.com\/pt\/wp-json\/wp\/v2\/posts\/108383\/revisions\/108585"}],"wp:featuredmedia":[{"embeddable":true,"href":"https:\/\/jornaldasoficinas.com\/pt\/wp-json\/wp\/v2\/media\/108391"}],"wp:attachment":[{"href":"https:\/\/jornaldasoficinas.com\/pt\/wp-json\/wp\/v2\/media?parent=108383"}],"wp:term":[{"taxonomy":"category","embeddable":true,"href":"https:\/\/jornaldasoficinas.com\/pt\/wp-json\/wp\/v2\/categories?post=108383"},{"taxonomy":"post_tag","embeddable":true,"href":"https:\/\/jornaldasoficinas.com\/pt\/wp-json\/wp\/v2\/tags?post=108383"}],"curies":[{"name":"wp","href":"https:\/\/api.w.org\/{rel}","templated":true}]}}