{"id":108401,"date":"2025-10-26T20:30:57","date_gmt":"2025-10-26T20:30:57","guid":{"rendered":"https:\/\/jornaldasoficinas.com\/pt\/?p=108401"},"modified":"2025-10-23T15:59:35","modified_gmt":"2025-10-23T14:59:35","slug":"joaquim-candeias-distinguido-com-premio-personalidade-aftermarket-na-gala-top-100","status":"publish","type":"post","link":"https:\/\/jornaldasoficinas.com\/pt\/joaquim-candeias-distinguido-com-premio-personalidade-aftermarket-na-gala-top-100\/","title":{"rendered":"Joaquim Candeias distinguido com Pr\u00e9mio Personalidade Aftermarket, na Gala TOP 100"},"content":{"rendered":"<p><strong> <img loading=\"lazy\" decoding=\"async\" class=\"alignnone size-full wp-image-108385\" src=\"https:\/\/jornaldasoficinas.com\/pt\/wp-content\/uploads\/2025\/10\/joaquim_candeias_premio_aftermarket.jpeg\" alt=\"10 - joaquim_candeias_premio_aftermarket\" width=\"1024\" height=\"581\" srcset=\"https:\/\/jornaldasoficinas.com\/pt\/wp-content\/uploads\/2025\/10\/joaquim_candeias_premio_aftermarket.jpeg 1024w, https:\/\/jornaldasoficinas.com\/pt\/wp-content\/uploads\/2025\/10\/joaquim_candeias_premio_aftermarket-300x170.jpeg 300w, https:\/\/jornaldasoficinas.com\/pt\/wp-content\/uploads\/2025\/10\/joaquim_candeias_premio_aftermarket-150x85.jpeg 150w, https:\/\/jornaldasoficinas.com\/pt\/wp-content\/uploads\/2025\/10\/joaquim_candeias_premio_aftermarket-768x436.jpeg 768w\" sizes=\"auto, (max-width: 1024px) 100vw, 1024px\" \/><\/strong><\/p>\n<p><strong>O Managing Director da <a href=\"https:\/\/bilsteingroup.com\/pt\/sobre\/\" target=\"_blank\" rel=\"noopener\">Ferdinand Bilstein Portugal<\/a> \u00e9 hoje uma das figuras mais influentes do setor autom\u00f3vel portugu\u00eas. Quase quatro d\u00e9cadas depois de iniciar o percurso numa loja familiar, continua a ser guiado pela mesma paix\u00e3o e pelo compromisso com as pessoas<\/strong><\/p>\n<p>Com 67 anos e uma carreira marcada por vis\u00e3o, \u00e9tica e persist\u00eancia, Joaquim Candeias construiu uma trajet\u00f3ria \u00edmpar no aftermarket autom\u00f3vel. \u00c0 frente da Ferdinand Bilstein Portugal e com um papel ativo na <a href=\"https:\/\/www.acap.pt\/pt\/home\" target=\"_blank\" rel=\"noopener\">ACAP<\/a> e na <a href=\"https:\/\/www.figiefa.eu\/en\/\" target=\"_blank\" rel=\"noopener\">FIGIEFA<\/a>, defende que o verdadeiro sucesso nasce da combina\u00e7\u00e3o entre inova\u00e7\u00e3o, qualidade e valoriza\u00e7\u00e3o humana. Reconhecido com o Pr\u00e9mio Personalidade Aftermarket 2025, \u00e9 o exemplo de uma lideran\u00e7a que acelera o setor \u2014 sem nunca perder o rumo dos valores.<\/p>\n<p>A hist\u00f3ria de Joaquim Candeias \u00e9, acima de tudo, a hist\u00f3ria de uma vida movida pela paix\u00e3o e pela persist\u00eancia. Nascido na S\u00e9 Nova, em Coimbra, h\u00e1 67 anos, cedo percebeu que o caminho profissional que escolheria seria pautado pelo dinamismo e pela transforma\u00e7\u00e3o constante. Pai de dois filhos e av\u00f4 de seis netos \u2014 o seu verdadeiro centro de gravidade \u2014, \u00e9 um homem de convic\u00e7\u00f5es fortes, de afetos s\u00f3lidos e de uma dedica\u00e7\u00e3o not\u00e1vel ao setor autom\u00f3vel, onde construiu uma carreira de quase quatro d\u00e9cadas.<\/p>\n<p>Atualmente \u00e9 Managing Director da Ferdinand Bilstein Portugal S.A., empresa de refer\u00eancia no aftermarket autom\u00f3vel nacional, cargo que desempenha com a mesma energia e curiosidade que o caracterizam desde os tempos em que, ao lado do pai, iniciou o percurso na pequena loja de pe\u00e7as <a href=\"https:\/\/www.jbpecas.pt\/\" target=\"_blank\" rel=\"noopener\">JPe\u00e7as<\/a>, em Coimbra. A experi\u00eancia inicial na gest\u00e3o familiar seria o ponto de partida para um percurso ascendente, onde o trabalho, o rigor e a vis\u00e3o estrat\u00e9gica se tornaram marcas pessoais.<\/p>\n<p>Para Joaquim Candeias, as pe\u00e7as autom\u00f3veis s\u00e3o muito mais do que simples componentes de mec\u00e2nica: representam o cora\u00e7\u00e3o de um ecossistema que garante mobilidade, seguran\u00e7a e liberdade. Cada pe\u00e7a, defende, \u00e9 um elo essencial de uma cadeia onde a confian\u00e7a, a qualidade e a disponibilidade fazem toda a diferen\u00e7a.<\/p>\n<p>O equil\u00edbrio entre a vida pessoal e profissional foi sempre sustentado por uma fam\u00edlia unida, que lhe deu o suporte necess\u00e1rio para crescer e arriscar. Essa estrutura familiar forte foi o abrigo que lhe permitiu enfrentar os desafios mais exigentes de uma carreira longa e intensa.<\/p>\n<p>Nas adversidades, aprendeu a refor\u00e7ar valores que considera inegoci\u00e1veis: adapta\u00e7\u00e3o, valoriza\u00e7\u00e3o das pessoas e das equipas, confian\u00e7a e flexibilidade. S\u00e3o estes princ\u00edpios que sustentam n\u00e3o apenas o seu estilo de lideran\u00e7a, mas tamb\u00e9m o sucesso da Ferdinand Bilstein Portugal, empresa que ajudou a consolidar e tornar numa refer\u00eancia incontorn\u00e1vel do aftermarket nacional.<\/p>\n<p>Al\u00e9m do papel na Ferdinand Bilstein Portugal, Joaquim Candeias \u00e9 uma figura central na vida associativa do setor. Desde 2009, tem desempenhado cargos de relevo, como Presidente da Divis\u00e3o de Pe\u00e7as e Acess\u00f3rios Independentes (DPAI) da ACAP e membro do Board da FIGIEFA, entidade europeia que re\u00fane as principais associa\u00e7\u00f5es do aftermarket. Em 2025, assumiu ainda a fun\u00e7\u00e3o de Vice-Presidente da Dire\u00e7\u00e3o da ACAP para o tri\u00e9nio 2025\u20132027, refor\u00e7ando o seu compromisso com o desenvolvimento do setor a n\u00edvel nacional e europeu.<\/p>\n<p>Para ele, participar ativamente em projetos e processos legislativos \u00e9 fundamental, pois acredita que s\u00f3 assim se garante uma atua\u00e7\u00e3o equitativa e competitiva no mercado. As vit\u00f3rias associativas que mais o orgulham est\u00e3o relacionadas com as revis\u00f5es do regulamento MVBER, essenciais para assegurar o acesso justo a pe\u00e7as e informa\u00e7\u00f5es t\u00e9cnicas, promovendo concorr\u00eancia leal e inova\u00e7\u00e3o.<\/p>\n<p>&nbsp;<\/p>\n","protected":false},"excerpt":{"rendered":"<p>O Managing Director da Ferdinand Bilstein&#8230;<\/p>\n","protected":false},"author":15,"featured_media":108385,"comment_status":"closed","ping_status":"closed","sticky":false,"template":"","format":"standard","meta":{"footnotes":""},"categories":[29,2969],"tags":[157,158,2413,2588,201,3020,13866,13867,13871],"class_list":["post-108401","post","type-post","status-publish","format-standard","has-post-thumbnail","hentry","category-empresas","category-gala-top-100","tag-acap","tag-dpai","tag-ferdinand-bilstein","tag-figiefa","tag-gala-top-100","tag-joaquim-candeias","tag-jpecas","tag-managing-director","tag-premio-personalidade-aftermarket-2025"],"yoast_head":"<!-- This site is optimized with the Yoast SEO plugin v27.4 - https:\/\/yoast.com\/product\/yoast-seo-wordpress\/ -->\n<title>Joaquim Candeias distinguido com Pr\u00e9mio Personalidade Aftermarket, na Gala TOP 100 - Jornal das Oficinas<\/title>\n<meta name=\"description\" content=\"O Managing Director da Ferdinand Bilstein Portugal \u00e9 hoje uma das figuras mais influentes do setor autom\u00f3vel portugu\u00eas\" \/>\n<meta name=\"robots\" content=\"index, follow, max-snippet:-1, max-image-preview:large, max-video-preview:-1\" \/>\n<link rel=\"canonical\" href=\"https:\/\/jornaldasoficinas.com\/pt\/joaquim-candeias-distinguido-com-premio-personalidade-aftermarket-na-gala-top-100\/\" \/>\n<meta property=\"og:locale\" content=\"pt_PT\" \/>\n<meta property=\"og:type\" content=\"article\" \/>\n<meta property=\"og:title\" content=\"Joaquim Candeias distinguido com Pr\u00e9mio Personalidade Aftermarket, na Gala TOP 100 - Jornal das Oficinas\" \/>\n<meta property=\"og:description\" content=\"O Managing Director da Ferdinand Bilstein Portugal \u00e9 hoje uma das figuras mais influentes do setor autom\u00f3vel portugu\u00eas\" \/>\n<meta property=\"og:url\" content=\"https:\/\/jornaldasoficinas.com\/pt\/joaquim-candeias-distinguido-com-premio-personalidade-aftermarket-na-gala-top-100\/\" \/>\n<meta property=\"og:site_name\" content=\"Jornal das Oficinas\" \/>\n<meta property=\"article:publisher\" content=\"https:\/\/www.facebook.com\/jornaloficinas\" \/>\n<meta property=\"article:published_time\" content=\"2025-10-26T20:30:57+00:00\" \/>\n<meta property=\"og:image\" content=\"https:\/\/jornaldasoficinas.com\/pt\/wp-content\/uploads\/2025\/10\/joaquim_candeias_premio_aftermarket.jpeg\" \/>\n\t<meta property=\"og:image:width\" content=\"1024\" \/>\n\t<meta property=\"og:image:height\" content=\"581\" \/>\n\t<meta property=\"og:image:type\" content=\"image\/jpeg\" \/>\n<meta name=\"author\" content=\"Reda\u00e7\u00e3o JO\" \/>\n<meta name=\"twitter:card\" content=\"summary_large_image\" \/>\n<meta name=\"twitter:creator\" content=\"@jornaloficinas\" \/>\n<meta name=\"twitter:site\" content=\"@jornaloficinas\" \/>\n<meta name=\"twitter:label1\" content=\"Escrito por\" \/>\n\t<meta name=\"twitter:data1\" content=\"Reda\u00e7\u00e3o JO\" \/>\n\t<meta name=\"twitter:label2\" content=\"Tempo estimado de leitura\" \/>\n\t<meta name=\"twitter:data2\" content=\"4 minutos\" \/>\n<script type=\"application\/ld+json\" class=\"yoast-schema-graph\">{\"@context\":\"https:\\\/\\\/schema.org\",\"@graph\":[{\"@type\":\"Article\",\"@id\":\"https:\\\/\\\/jornaldasoficinas.com\\\/pt\\\/joaquim-candeias-distinguido-com-premio-personalidade-aftermarket-na-gala-top-100\\\/#article\",\"isPartOf\":{\"@id\":\"https:\\\/\\\/jornaldasoficinas.com\\\/pt\\\/joaquim-candeias-distinguido-com-premio-personalidade-aftermarket-na-gala-top-100\\\/\"},\"author\":{\"name\":\"Reda\u00e7\u00e3o JO\",\"@id\":\"https:\\\/\\\/jornaldasoficinas.com\\\/pt\\\/#\\\/schema\\\/person\\\/a38eef5de2c41d9e7c9ac10141afddf3\"},\"headline\":\"Joaquim Candeias distinguido com Pr\u00e9mio Personalidade Aftermarket, na Gala TOP 100\",\"datePublished\":\"2025-10-26T20:30:57+00:00\",\"mainEntityOfPage\":{\"@id\":\"https:\\\/\\\/jornaldasoficinas.com\\\/pt\\\/joaquim-candeias-distinguido-com-premio-personalidade-aftermarket-na-gala-top-100\\\/\"},\"wordCount\":637,\"publisher\":{\"@id\":\"https:\\\/\\\/jornaldasoficinas.com\\\/pt\\\/#organization\"},\"image\":{\"@id\":\"https:\\\/\\\/jornaldasoficinas.com\\\/pt\\\/joaquim-candeias-distinguido-com-premio-personalidade-aftermarket-na-gala-top-100\\\/#primaryimage\"},\"thumbnailUrl\":\"https:\\\/\\\/jornaldasoficinas.com\\\/pt\\\/wp-content\\\/uploads\\\/2025\\\/10\\\/joaquim_candeias_premio_aftermarket.jpeg\",\"keywords\":[\"ACAP\",\"DPAI\",\"Ferdinand Bilstein\",\"FIGIEFA\",\"Gala TOP 100\",\"Joaquim Candeias\",\"JPe\u00e7as\",\"Managing Director\",\"Pr\u00e9mio Personalidade Aftermarket 2025\"],\"articleSection\":[\"Empresas\",\"Gala Top 100\"],\"inLanguage\":\"pt-PT\"},{\"@type\":\"WebPage\",\"@id\":\"https:\\\/\\\/jornaldasoficinas.com\\\/pt\\\/joaquim-candeias-distinguido-com-premio-personalidade-aftermarket-na-gala-top-100\\\/\",\"url\":\"https:\\\/\\\/jornaldasoficinas.com\\\/pt\\\/joaquim-candeias-distinguido-com-premio-personalidade-aftermarket-na-gala-top-100\\\/\",\"name\":\"Joaquim Candeias distinguido com Pr\u00e9mio Personalidade Aftermarket, na Gala TOP 100 - Jornal das Oficinas\",\"isPartOf\":{\"@id\":\"https:\\\/\\\/jornaldasoficinas.com\\\/pt\\\/#website\"},\"primaryImageOfPage\":{\"@id\":\"https:\\\/\\\/jornaldasoficinas.com\\\/pt\\\/joaquim-candeias-distinguido-com-premio-personalidade-aftermarket-na-gala-top-100\\\/#primaryimage\"},\"image\":{\"@id\":\"https:\\\/\\\/jornaldasoficinas.com\\\/pt\\\/joaquim-candeias-distinguido-com-premio-personalidade-aftermarket-na-gala-top-100\\\/#primaryimage\"},\"thumbnailUrl\":\"https:\\\/\\\/jornaldasoficinas.com\\\/pt\\\/wp-content\\\/uploads\\\/2025\\\/10\\\/joaquim_candeias_premio_aftermarket.jpeg\",\"datePublished\":\"2025-10-26T20:30:57+00:00\",\"description\":\"O Managing Director da Ferdinand Bilstein Portugal \u00e9 hoje uma das figuras mais influentes do setor autom\u00f3vel portugu\u00eas\",\"breadcrumb\":{\"@id\":\"https:\\\/\\\/jornaldasoficinas.com\\\/pt\\\/joaquim-candeias-distinguido-com-premio-personalidade-aftermarket-na-gala-top-100\\\/#breadcrumb\"},\"inLanguage\":\"pt-PT\",\"potentialAction\":[{\"@type\":\"ReadAction\",\"target\":[\"https:\\\/\\\/jornaldasoficinas.com\\\/pt\\\/joaquim-candeias-distinguido-com-premio-personalidade-aftermarket-na-gala-top-100\\\/\"]}]},{\"@type\":\"ImageObject\",\"inLanguage\":\"pt-PT\",\"@id\":\"https:\\\/\\\/jornaldasoficinas.com\\\/pt\\\/joaquim-candeias-distinguido-com-premio-personalidade-aftermarket-na-gala-top-100\\\/#primaryimage\",\"url\":\"https:\\\/\\\/jornaldasoficinas.com\\\/pt\\\/wp-content\\\/uploads\\\/2025\\\/10\\\/joaquim_candeias_premio_aftermarket.jpeg\",\"contentUrl\":\"https:\\\/\\\/jornaldasoficinas.com\\\/pt\\\/wp-content\\\/uploads\\\/2025\\\/10\\\/joaquim_candeias_premio_aftermarket.jpeg\",\"width\":1024,\"height\":581,\"caption\":\"10 - joaquim_candeias_premio_aftermarket\"},{\"@type\":\"BreadcrumbList\",\"@id\":\"https:\\\/\\\/jornaldasoficinas.com\\\/pt\\\/joaquim-candeias-distinguido-com-premio-personalidade-aftermarket-na-gala-top-100\\\/#breadcrumb\",\"itemListElement\":[{\"@type\":\"ListItem\",\"position\":1,\"name\":\"In\u00edcio\",\"item\":\"https:\\\/\\\/jornaldasoficinas.com\\\/pt\\\/\"},{\"@type\":\"ListItem\",\"position\":2,\"name\":\"Joaquim Candeias distinguido com Pr\u00e9mio Personalidade Aftermarket, na Gala TOP 100\"}]},{\"@type\":\"WebSite\",\"@id\":\"https:\\\/\\\/jornaldasoficinas.com\\\/pt\\\/#website\",\"url\":\"https:\\\/\\\/jornaldasoficinas.com\\\/pt\\\/\",\"name\":\"Jornal das Oficinas\",\"description\":\"Jornal independente do Aftermarket Autom\u00f3vel em Portugal\",\"publisher\":{\"@id\":\"https:\\\/\\\/jornaldasoficinas.com\\\/pt\\\/#organization\"},\"potentialAction\":[{\"@type\":\"SearchAction\",\"target\":{\"@type\":\"EntryPoint\",\"urlTemplate\":\"https:\\\/\\\/jornaldasoficinas.com\\\/pt\\\/?s={search_term_string}\"},\"query-input\":{\"@type\":\"PropertyValueSpecification\",\"valueRequired\":true,\"valueName\":\"search_term_string\"}}],\"inLanguage\":\"pt-PT\"},{\"@type\":\"Organization\",\"@id\":\"https:\\\/\\\/jornaldasoficinas.com\\\/pt\\\/#organization\",\"name\":\"Jornal das Oficinas\",\"url\":\"https:\\\/\\\/jornaldasoficinas.com\\\/pt\\\/\",\"logo\":{\"@type\":\"ImageObject\",\"inLanguage\":\"pt-PT\",\"@id\":\"https:\\\/\\\/jornaldasoficinas.com\\\/pt\\\/#\\\/schema\\\/logo\\\/image\\\/\",\"url\":\"https:\\\/\\\/jornaldasoficinas.com\\\/pt\\\/wp-content\\\/uploads\\\/logoJO-SEO.png\",\"contentUrl\":\"https:\\\/\\\/jornaldasoficinas.com\\\/pt\\\/wp-content\\\/uploads\\\/logoJO-SEO.png\",\"width\":285,\"height\":450,\"caption\":\"Jornal das Oficinas\"},\"image\":{\"@id\":\"https:\\\/\\\/jornaldasoficinas.com\\\/pt\\\/#\\\/schema\\\/logo\\\/image\\\/\"},\"sameAs\":[\"https:\\\/\\\/www.facebook.com\\\/jornaloficinas\",\"https:\\\/\\\/x.com\\\/jornaloficinas\",\"https:\\\/\\\/www.instagram.com\\\/jornal_oficinas\\\/\",\"https:\\\/\\\/www.linkedin.com\\\/company\\\/jornal-das-oficinas\\\/\",\"https:\\\/\\\/www.youtube.com\\\/channel\\\/UCbQZBqtcvV-oSQrr7RzINGg\"]},{\"@type\":\"Person\",\"@id\":\"https:\\\/\\\/jornaldasoficinas.com\\\/pt\\\/#\\\/schema\\\/person\\\/a38eef5de2c41d9e7c9ac10141afddf3\",\"name\":\"Reda\u00e7\u00e3o JO\",\"image\":{\"@type\":\"ImageObject\",\"inLanguage\":\"pt-PT\",\"@id\":\"https:\\\/\\\/secure.gravatar.com\\\/avatar\\\/71f2fa71737ad68a84fea94bc708ddac8ea5b0c4788dc2ad202f3ccb2887742f?s=96&d=wp_user_avatar&r=g\",\"url\":\"https:\\\/\\\/secure.gravatar.com\\\/avatar\\\/71f2fa71737ad68a84fea94bc708ddac8ea5b0c4788dc2ad202f3ccb2887742f?s=96&d=wp_user_avatar&r=g\",\"contentUrl\":\"https:\\\/\\\/secure.gravatar.com\\\/avatar\\\/71f2fa71737ad68a84fea94bc708ddac8ea5b0c4788dc2ad202f3ccb2887742f?s=96&d=wp_user_avatar&r=g\",\"caption\":\"Reda\u00e7\u00e3o JO\"},\"url\":\"https:\\\/\\\/jornaldasoficinas.com\\\/pt\\\/author\\\/joredacao\\\/\"}]}<\/script>\n<!-- \/ Yoast SEO plugin. -->","yoast_head_json":{"title":"Joaquim Candeias distinguido com Pr\u00e9mio Personalidade Aftermarket, na Gala TOP 100 - Jornal das Oficinas","description":"O Managing Director da Ferdinand Bilstein Portugal \u00e9 hoje uma das figuras mais influentes do setor autom\u00f3vel portugu\u00eas","robots":{"index":"index","follow":"follow","max-snippet":"max-snippet:-1","max-image-preview":"max-image-preview:large","max-video-preview":"max-video-preview:-1"},"canonical":"https:\/\/jornaldasoficinas.com\/pt\/joaquim-candeias-distinguido-com-premio-personalidade-aftermarket-na-gala-top-100\/","og_locale":"pt_PT","og_type":"article","og_title":"Joaquim Candeias distinguido com Pr\u00e9mio Personalidade Aftermarket, na Gala TOP 100 - Jornal das Oficinas","og_description":"O Managing Director da Ferdinand Bilstein Portugal \u00e9 hoje uma das figuras mais influentes do setor autom\u00f3vel portugu\u00eas","og_url":"https:\/\/jornaldasoficinas.com\/pt\/joaquim-candeias-distinguido-com-premio-personalidade-aftermarket-na-gala-top-100\/","og_site_name":"Jornal das Oficinas","article_publisher":"https:\/\/www.facebook.com\/jornaloficinas","article_published_time":"2025-10-26T20:30:57+00:00","og_image":[{"width":1024,"height":581,"url":"https:\/\/jornaldasoficinas.com\/pt\/wp-content\/uploads\/2025\/10\/joaquim_candeias_premio_aftermarket.jpeg","type":"image\/jpeg"}],"author":"Reda\u00e7\u00e3o JO","twitter_card":"summary_large_image","twitter_creator":"@jornaloficinas","twitter_site":"@jornaloficinas","twitter_misc":{"Escrito por":"Reda\u00e7\u00e3o JO","Tempo estimado de leitura":"4 minutos"},"schema":{"@context":"https:\/\/schema.org","@graph":[{"@type":"Article","@id":"https:\/\/jornaldasoficinas.com\/pt\/joaquim-candeias-distinguido-com-premio-personalidade-aftermarket-na-gala-top-100\/#article","isPartOf":{"@id":"https:\/\/jornaldasoficinas.com\/pt\/joaquim-candeias-distinguido-com-premio-personalidade-aftermarket-na-gala-top-100\/"},"author":{"name":"Reda\u00e7\u00e3o JO","@id":"https:\/\/jornaldasoficinas.com\/pt\/#\/schema\/person\/a38eef5de2c41d9e7c9ac10141afddf3"},"headline":"Joaquim Candeias distinguido com Pr\u00e9mio Personalidade Aftermarket, na Gala TOP 100","datePublished":"2025-10-26T20:30:57+00:00","mainEntityOfPage":{"@id":"https:\/\/jornaldasoficinas.com\/pt\/joaquim-candeias-distinguido-com-premio-personalidade-aftermarket-na-gala-top-100\/"},"wordCount":637,"publisher":{"@id":"https:\/\/jornaldasoficinas.com\/pt\/#organization"},"image":{"@id":"https:\/\/jornaldasoficinas.com\/pt\/joaquim-candeias-distinguido-com-premio-personalidade-aftermarket-na-gala-top-100\/#primaryimage"},"thumbnailUrl":"https:\/\/jornaldasoficinas.com\/pt\/wp-content\/uploads\/2025\/10\/joaquim_candeias_premio_aftermarket.jpeg","keywords":["ACAP","DPAI","Ferdinand Bilstein","FIGIEFA","Gala TOP 100","Joaquim Candeias","JPe\u00e7as","Managing Director","Pr\u00e9mio Personalidade Aftermarket 2025"],"articleSection":["Empresas","Gala Top 100"],"inLanguage":"pt-PT"},{"@type":"WebPage","@id":"https:\/\/jornaldasoficinas.com\/pt\/joaquim-candeias-distinguido-com-premio-personalidade-aftermarket-na-gala-top-100\/","url":"https:\/\/jornaldasoficinas.com\/pt\/joaquim-candeias-distinguido-com-premio-personalidade-aftermarket-na-gala-top-100\/","name":"Joaquim Candeias distinguido com Pr\u00e9mio Personalidade Aftermarket, na Gala TOP 100 - Jornal das Oficinas","isPartOf":{"@id":"https:\/\/jornaldasoficinas.com\/pt\/#website"},"primaryImageOfPage":{"@id":"https:\/\/jornaldasoficinas.com\/pt\/joaquim-candeias-distinguido-com-premio-personalidade-aftermarket-na-gala-top-100\/#primaryimage"},"image":{"@id":"https:\/\/jornaldasoficinas.com\/pt\/joaquim-candeias-distinguido-com-premio-personalidade-aftermarket-na-gala-top-100\/#primaryimage"},"thumbnailUrl":"https:\/\/jornaldasoficinas.com\/pt\/wp-content\/uploads\/2025\/10\/joaquim_candeias_premio_aftermarket.jpeg","datePublished":"2025-10-26T20:30:57+00:00","description":"O Managing Director da Ferdinand Bilstein Portugal \u00e9 hoje uma das figuras mais influentes do setor autom\u00f3vel portugu\u00eas","breadcrumb":{"@id":"https:\/\/jornaldasoficinas.com\/pt\/joaquim-candeias-distinguido-com-premio-personalidade-aftermarket-na-gala-top-100\/#breadcrumb"},"inLanguage":"pt-PT","potentialAction":[{"@type":"ReadAction","target":["https:\/\/jornaldasoficinas.com\/pt\/joaquim-candeias-distinguido-com-premio-personalidade-aftermarket-na-gala-top-100\/"]}]},{"@type":"ImageObject","inLanguage":"pt-PT","@id":"https:\/\/jornaldasoficinas.com\/pt\/joaquim-candeias-distinguido-com-premio-personalidade-aftermarket-na-gala-top-100\/#primaryimage","url":"https:\/\/jornaldasoficinas.com\/pt\/wp-content\/uploads\/2025\/10\/joaquim_candeias_premio_aftermarket.jpeg","contentUrl":"https:\/\/jornaldasoficinas.com\/pt\/wp-content\/uploads\/2025\/10\/joaquim_candeias_premio_aftermarket.jpeg","width":1024,"height":581,"caption":"10 - joaquim_candeias_premio_aftermarket"},{"@type":"BreadcrumbList","@id":"https:\/\/jornaldasoficinas.com\/pt\/joaquim-candeias-distinguido-com-premio-personalidade-aftermarket-na-gala-top-100\/#breadcrumb","itemListElement":[{"@type":"ListItem","position":1,"name":"In\u00edcio","item":"https:\/\/jornaldasoficinas.com\/pt\/"},{"@type":"ListItem","position":2,"name":"Joaquim Candeias distinguido com Pr\u00e9mio Personalidade Aftermarket, na Gala TOP 100"}]},{"@type":"WebSite","@id":"https:\/\/jornaldasoficinas.com\/pt\/#website","url":"https:\/\/jornaldasoficinas.com\/pt\/","name":"Jornal das Oficinas","description":"Jornal independente do Aftermarket Autom\u00f3vel em Portugal","publisher":{"@id":"https:\/\/jornaldasoficinas.com\/pt\/#organization"},"potentialAction":[{"@type":"SearchAction","target":{"@type":"EntryPoint","urlTemplate":"https:\/\/jornaldasoficinas.com\/pt\/?s={search_term_string}"},"query-input":{"@type":"PropertyValueSpecification","valueRequired":true,"valueName":"search_term_string"}}],"inLanguage":"pt-PT"},{"@type":"Organization","@id":"https:\/\/jornaldasoficinas.com\/pt\/#organization","name":"Jornal das Oficinas","url":"https:\/\/jornaldasoficinas.com\/pt\/","logo":{"@type":"ImageObject","inLanguage":"pt-PT","@id":"https:\/\/jornaldasoficinas.com\/pt\/#\/schema\/logo\/image\/","url":"https:\/\/jornaldasoficinas.com\/pt\/wp-content\/uploads\/logoJO-SEO.png","contentUrl":"https:\/\/jornaldasoficinas.com\/pt\/wp-content\/uploads\/logoJO-SEO.png","width":285,"height":450,"caption":"Jornal das Oficinas"},"image":{"@id":"https:\/\/jornaldasoficinas.com\/pt\/#\/schema\/logo\/image\/"},"sameAs":["https:\/\/www.facebook.com\/jornaloficinas","https:\/\/x.com\/jornaloficinas","https:\/\/www.instagram.com\/jornal_oficinas\/","https:\/\/www.linkedin.com\/company\/jornal-das-oficinas\/","https:\/\/www.youtube.com\/channel\/UCbQZBqtcvV-oSQrr7RzINGg"]},{"@type":"Person","@id":"https:\/\/jornaldasoficinas.com\/pt\/#\/schema\/person\/a38eef5de2c41d9e7c9ac10141afddf3","name":"Reda\u00e7\u00e3o JO","image":{"@type":"ImageObject","inLanguage":"pt-PT","@id":"https:\/\/secure.gravatar.com\/avatar\/71f2fa71737ad68a84fea94bc708ddac8ea5b0c4788dc2ad202f3ccb2887742f?s=96&d=wp_user_avatar&r=g","url":"https:\/\/secure.gravatar.com\/avatar\/71f2fa71737ad68a84fea94bc708ddac8ea5b0c4788dc2ad202f3ccb2887742f?s=96&d=wp_user_avatar&r=g","contentUrl":"https:\/\/secure.gravatar.com\/avatar\/71f2fa71737ad68a84fea94bc708ddac8ea5b0c4788dc2ad202f3ccb2887742f?s=96&d=wp_user_avatar&r=g","caption":"Reda\u00e7\u00e3o JO"},"url":"https:\/\/jornaldasoficinas.com\/pt\/author\/joredacao\/"}]}},"_links":{"self":[{"href":"https:\/\/jornaldasoficinas.com\/pt\/wp-json\/wp\/v2\/posts\/108401","targetHints":{"allow":["GET"]}}],"collection":[{"href":"https:\/\/jornaldasoficinas.com\/pt\/wp-json\/wp\/v2\/posts"}],"about":[{"href":"https:\/\/jornaldasoficinas.com\/pt\/wp-json\/wp\/v2\/types\/post"}],"author":[{"embeddable":true,"href":"https:\/\/jornaldasoficinas.com\/pt\/wp-json\/wp\/v2\/users\/15"}],"replies":[{"embeddable":true,"href":"https:\/\/jornaldasoficinas.com\/pt\/wp-json\/wp\/v2\/comments?post=108401"}],"version-history":[{"count":7,"href":"https:\/\/jornaldasoficinas.com\/pt\/wp-json\/wp\/v2\/posts\/108401\/revisions"}],"predecessor-version":[{"id":108410,"href":"https:\/\/jornaldasoficinas.com\/pt\/wp-json\/wp\/v2\/posts\/108401\/revisions\/108410"}],"wp:featuredmedia":[{"embeddable":true,"href":"https:\/\/jornaldasoficinas.com\/pt\/wp-json\/wp\/v2\/media\/108385"}],"wp:attachment":[{"href":"https:\/\/jornaldasoficinas.com\/pt\/wp-json\/wp\/v2\/media?parent=108401"}],"wp:term":[{"taxonomy":"category","embeddable":true,"href":"https:\/\/jornaldasoficinas.com\/pt\/wp-json\/wp\/v2\/categories?post=108401"},{"taxonomy":"post_tag","embeddable":true,"href":"https:\/\/jornaldasoficinas.com\/pt\/wp-json\/wp\/v2\/tags?post=108401"}],"curies":[{"name":"wp","href":"https:\/\/api.w.org\/{rel}","templated":true}]}}