{"id":108411,"date":"2025-10-26T21:00:52","date_gmt":"2025-10-26T21:00:52","guid":{"rendered":"https:\/\/jornaldasoficinas.com\/pt\/?p=108411"},"modified":"2025-10-26T22:58:51","modified_gmt":"2025-10-26T22:58:51","slug":"herminio-cordeiro-recebe-premio-carreira-na-gala-top-100","status":"publish","type":"post","link":"https:\/\/jornaldasoficinas.com\/pt\/herminio-cordeiro-recebe-premio-carreira-na-gala-top-100\/","title":{"rendered":"Herm\u00ednio Cordeiro recebe Pr\u00e9mio Carreira, na Gala TOP 100"},"content":{"rendered":"<p><strong><img loading=\"lazy\" decoding=\"async\" class=\"alignnone size-full wp-image-108386\" src=\"https:\/\/jornaldasoficinas.com\/pt\/wp-content\/uploads\/2025\/10\/Herminio_cordeiro_premio_carreira.jpeg\" alt=\"10 - Herminio_cordeiro_premio_carreira\" width=\"1024\" height=\"581\" srcset=\"https:\/\/jornaldasoficinas.com\/pt\/wp-content\/uploads\/2025\/10\/Herminio_cordeiro_premio_carreira.jpeg 1024w, https:\/\/jornaldasoficinas.com\/pt\/wp-content\/uploads\/2025\/10\/Herminio_cordeiro_premio_carreira-300x170.jpeg 300w, https:\/\/jornaldasoficinas.com\/pt\/wp-content\/uploads\/2025\/10\/Herminio_cordeiro_premio_carreira-150x85.jpeg 150w, https:\/\/jornaldasoficinas.com\/pt\/wp-content\/uploads\/2025\/10\/Herminio_cordeiro_premio_carreira-768x436.jpeg 768w\" sizes=\"auto, (max-width: 1024px) 100vw, 1024px\" \/><\/strong><\/p>\n<p><strong>Com uma trajet\u00f3ria marcada por coragem, vis\u00e3o e persist\u00eancia, Herm\u00ednio Batalha Cordeiro \u00e9 o exemplo vivo de que o sucesso se constr\u00f3i passo a passo, com seriedade e trabalho. Por tudo o que alcan\u00e7ou \u2014 e pela forma como o fez \u2014, \u00e9 com inteira justi\u00e7a que recebeu o Pr\u00e9mio Carreira 2025, s\u00edmbolo do reconhecimento de uma vida dedicada \u00e0 empresa, \u00e0 fam\u00edlia e a Portugal<\/strong><\/p>\n<p>Herm\u00ednio Batalha Cordeiro nasceu na vila da Batalha h\u00e1 sessenta e seis anos e, desde cedo, aprendeu o valor do esfor\u00e7o e da persist\u00eancia. Filho de uma fam\u00edlia ligada \u00e0 pecu\u00e1ria, come\u00e7ou a trabalhar muito jovem, ainda adolescente, ajudando os pais e, mais tarde, aos catorze anos, numa pequena oficina local. A curiosidade pelo mundo dos motores e a vontade de aprender abriram-lhe as portas para o setor dos ve\u00edculos pesados, onde iniciou o percurso profissional como caixeiro. Essa experi\u00eancia revelou-lhe um universo de oportunidades e, sobretudo, a perce\u00e7\u00e3o de que o mercado de pe\u00e7as usadas tinha espa\u00e7o para crescer.<\/p>\n<p>Foi assim que, com determina\u00e7\u00e3o e uma vis\u00e3o pr\u00e1tica dos neg\u00f3cios, comprou o seu primeiro cami\u00e3o para desmantelar e vender \u00e0s pe\u00e7as, montando o embri\u00e3o daquilo que viria a tornar-se um grupo empresarial de refer\u00eancia. No in\u00edcio, trabalhava a partir da garagem de casa, conciliando a venda de pe\u00e7as com repara\u00e7\u00f5es e assist\u00eancia. O sucesso inicial levou-o a adquirir o primeiro terreno e a construir um pequeno armaz\u00e9m, onde come\u00e7ou a importar cami\u00f5es, maioritariamente da Holanda. Em cada viagem trazia tr\u00eas ve\u00edculos: um para revenda imediata, outro para reparar e um terceiro destinado ao desmantelamento.<\/p>\n<p>A necessidade de manuten\u00e7\u00e3o e repara\u00e7\u00e3o originou a cria\u00e7\u00e3o da oficina pr\u00f3pria, e, com o tempo, o neg\u00f3cio de pe\u00e7as novas, inicialmente apenas um complemento, ganhou express\u00e3o pr\u00f3pria. Em 1995, impulsionado pelo crescimento do volume de fatura\u00e7\u00e3o, decidiu formalizar o projeto empresarial, criando as empresas <a href=\"https:\/\/www.hbc.pt\/pt\/home\" target=\"_blank\" rel=\"noopener\">HBC II<\/a> \u2013 Pe\u00e7as Auto e <a href=\"https:\/\/www.hbc.pt\/pt\/home\" target=\"_blank\" rel=\"noopener\">HBC<\/a> \u2013 Repara\u00e7\u00f5es Auto, mantendo em nome individual a venda de cami\u00f5es. O sucesso exigiu novas infraestruturas, e as instala\u00e7\u00f5es na Batalha foram-se expandindo com a aquisi\u00e7\u00e3o de terrenos vizinhos.<\/p>\n<p>Os anos seguintes foram marcados por um esp\u00edrito empreendedor constante. Em 1998 inaugurou a primeira loja em Alverca, a que se seguiram Pombal (2000), Ovar (2002), Porto (2004), Rio Maior (2011) e, mais recentemente, Seixal (2022). A consolida\u00e7\u00e3o do neg\u00f3cio das pe\u00e7as novas e o estabelecimento de rela\u00e7\u00f5es diretas com fornecedores internacionais de marcas premium transformaram o grupo HBC numa refer\u00eancia nacional no setor. A integra\u00e7\u00e3o na <a href=\"https:\/\/www.temot.com\/\" target=\"_blank\" rel=\"noopener\">TEMOT International<\/a>, em 2016, representou o reconhecimento de d\u00e9cadas de trabalho e abriu novas portas ao n\u00edvel da distribui\u00e7\u00e3o global.<\/p>\n<p>A for\u00e7a de Herm\u00ednio Cordeiro reside, no entanto, na sua capacidade de supera\u00e7\u00e3o. Para ele, cada obst\u00e1culo \u00e9 uma oportunidade de provar que o trabalho \u00e1rduo, aliado \u00e0 honestidade e \u00e0 perseveran\u00e7a, continua a ser o caminho do sucesso. Foi essa filosofia que o sustentou nos momentos mais dif\u00edceis \u2014 como o tr\u00e1gico acidente que marcou os primeiros anos da empresa \u2014 e que o motiva a levantar-se todos os dias, cedo, para ser o primeiro a chegar e o \u00faltimo a sair.<\/p>\n<p>A liga\u00e7\u00e3o \u00e0 fam\u00edlia \u00e9 outro dos pilares da sua vida. Casado com Zulmira, companheira incans\u00e1vel em todas as etapas, \u00e9 pai de dois filhos e av\u00f4 de quatro netos, o seu maior orgulho. Ver o filho envolvido no neg\u00f3cio \u00e9, para ele, o culminar de uma vida de dedica\u00e7\u00e3o. Acredita na continuidade do legado familiar e sonha que a paix\u00e3o pelo trabalho possa chegar \u00e0s gera\u00e7\u00f5es futuras.<\/p>\n<p>O quotidiano de Herm\u00ednio Cordeiro mant\u00e9m-se simples e genu\u00edno. Continua a visitar regularmente as lojas do grupo, conduzindo muitas vezes o cami\u00e3o que faz a distribui\u00e7\u00e3o de pe\u00e7as. Gosta de estar na linha da frente, pr\u00f3ximo dos colaboradores, clientes e fornecedores, porque acredita que a presen\u00e7a constante \u00e9 a melhor forma de lideran\u00e7a. N\u00e3o raras vezes, \u00e9 visto ao volante de um empilhador, ajudando a descarregar mercadorias \u2014 um gesto que reflete a humildade de quem nunca se afastou das origens.<\/p>\n<p>Nos seus valores destaca a seriedade e o respeito pela palavra dada. Para ele, num neg\u00f3cio s\u00f3lido, um aperto de m\u00e3o vale tanto quanto um contrato. Quando surgem problemas, considera essencial olhar o cliente nos olhos e encontrar solu\u00e7\u00f5es r\u00e1pidas e justas. \u00c9 dessa filosofia que nasce a confian\u00e7a que marca o relacionamento com o mercado.<\/p>\n<p>&nbsp;<\/p>\n","protected":false},"excerpt":{"rendered":"<p>Com uma trajet\u00f3ria marcada por coragem,&#8230;<\/p>\n","protected":false},"author":15,"featured_media":108386,"comment_status":"closed","ping_status":"closed","sticky":false,"template":"","format":"standard","meta":{"footnotes":""},"categories":[29,2969],"tags":[184,13869,13870,13813,13868,2493],"class_list":["post-108411","post","type-post","status-publish","format-standard","has-post-thumbnail","hentry","category-empresas","category-gala-top-100","tag-gala-top100","tag-hbc-reparacoes-auto","tag-hbc-ii-pecas-auto","tag-herminio-cordeiro","tag-premio-carreira-2025","tag-temot"],"yoast_head":"<!-- This site is optimized with the Yoast SEO plugin v27.4 - https:\/\/yoast.com\/product\/yoast-seo-wordpress\/ -->\n<title>Herm\u00ednio Cordeiro recebe Pr\u00e9mio Carreira, na Gala TOP 100 - Jornal das Oficinas<\/title>\n<meta name=\"description\" content=\"Herm\u00ednio Batalha Cordeiro recebeu o Pr\u00e9mio Carreira 2025, s\u00edmbolo do reconhecimento de uma vida dedicada \u00e0 empresa, \u00e0 fam\u00edlia e a Portugal\" \/>\n<meta name=\"robots\" content=\"index, follow, max-snippet:-1, max-image-preview:large, max-video-preview:-1\" \/>\n<link rel=\"canonical\" href=\"https:\/\/jornaldasoficinas.com\/pt\/herminio-cordeiro-recebe-premio-carreira-na-gala-top-100\/\" \/>\n<meta property=\"og:locale\" content=\"pt_PT\" \/>\n<meta property=\"og:type\" content=\"article\" \/>\n<meta property=\"og:title\" content=\"Herm\u00ednio Cordeiro recebe Pr\u00e9mio Carreira, na Gala TOP 100 - Jornal das Oficinas\" \/>\n<meta property=\"og:description\" content=\"Herm\u00ednio Batalha Cordeiro recebeu o Pr\u00e9mio Carreira 2025, s\u00edmbolo do reconhecimento de uma vida dedicada \u00e0 empresa, \u00e0 fam\u00edlia e a Portugal\" \/>\n<meta property=\"og:url\" content=\"https:\/\/jornaldasoficinas.com\/pt\/herminio-cordeiro-recebe-premio-carreira-na-gala-top-100\/\" \/>\n<meta property=\"og:site_name\" content=\"Jornal das Oficinas\" \/>\n<meta property=\"article:publisher\" content=\"https:\/\/www.facebook.com\/jornaloficinas\" \/>\n<meta property=\"article:published_time\" content=\"2025-10-26T21:00:52+00:00\" \/>\n<meta property=\"article:modified_time\" content=\"2025-10-26T22:58:51+00:00\" \/>\n<meta property=\"og:image\" content=\"https:\/\/jornaldasoficinas.com\/pt\/wp-content\/uploads\/2025\/10\/Herminio_cordeiro_premio_carreira.jpeg\" \/>\n\t<meta property=\"og:image:width\" content=\"1024\" \/>\n\t<meta property=\"og:image:height\" content=\"581\" \/>\n\t<meta property=\"og:image:type\" content=\"image\/jpeg\" \/>\n<meta name=\"author\" content=\"Reda\u00e7\u00e3o JO\" \/>\n<meta name=\"twitter:card\" content=\"summary_large_image\" \/>\n<meta name=\"twitter:creator\" content=\"@jornaloficinas\" \/>\n<meta name=\"twitter:site\" content=\"@jornaloficinas\" \/>\n<meta name=\"twitter:label1\" content=\"Escrito por\" \/>\n\t<meta name=\"twitter:data1\" content=\"Reda\u00e7\u00e3o JO\" \/>\n\t<meta name=\"twitter:label2\" content=\"Tempo estimado de leitura\" \/>\n\t<meta name=\"twitter:data2\" content=\"5 minutos\" \/>\n<script type=\"application\/ld+json\" class=\"yoast-schema-graph\">{\"@context\":\"https:\\\/\\\/schema.org\",\"@graph\":[{\"@type\":\"Article\",\"@id\":\"https:\\\/\\\/jornaldasoficinas.com\\\/pt\\\/herminio-cordeiro-recebe-premio-carreira-na-gala-top-100\\\/#article\",\"isPartOf\":{\"@id\":\"https:\\\/\\\/jornaldasoficinas.com\\\/pt\\\/herminio-cordeiro-recebe-premio-carreira-na-gala-top-100\\\/\"},\"author\":{\"name\":\"Reda\u00e7\u00e3o JO\",\"@id\":\"https:\\\/\\\/jornaldasoficinas.com\\\/pt\\\/#\\\/schema\\\/person\\\/a38eef5de2c41d9e7c9ac10141afddf3\"},\"headline\":\"Herm\u00ednio Cordeiro recebe Pr\u00e9mio Carreira, na Gala TOP 100\",\"datePublished\":\"2025-10-26T21:00:52+00:00\",\"dateModified\":\"2025-10-26T22:58:51+00:00\",\"mainEntityOfPage\":{\"@id\":\"https:\\\/\\\/jornaldasoficinas.com\\\/pt\\\/herminio-cordeiro-recebe-premio-carreira-na-gala-top-100\\\/\"},\"wordCount\":789,\"publisher\":{\"@id\":\"https:\\\/\\\/jornaldasoficinas.com\\\/pt\\\/#organization\"},\"image\":{\"@id\":\"https:\\\/\\\/jornaldasoficinas.com\\\/pt\\\/herminio-cordeiro-recebe-premio-carreira-na-gala-top-100\\\/#primaryimage\"},\"thumbnailUrl\":\"https:\\\/\\\/jornaldasoficinas.com\\\/pt\\\/wp-content\\\/uploads\\\/2025\\\/10\\\/Herminio_cordeiro_premio_carreira.jpeg\",\"keywords\":[\"Gala TOP100\",\"HBC \u2013 Repara\u00e7\u00f5es Auto\",\"HBC II \u2013 Pe\u00e7as Auto\",\"Herm\u00ednio Cordeiro\",\"Pr\u00e9mio Carreira 2025\",\"TEMOT\"],\"articleSection\":[\"Empresas\",\"Gala Top 100\"],\"inLanguage\":\"pt-PT\"},{\"@type\":\"WebPage\",\"@id\":\"https:\\\/\\\/jornaldasoficinas.com\\\/pt\\\/herminio-cordeiro-recebe-premio-carreira-na-gala-top-100\\\/\",\"url\":\"https:\\\/\\\/jornaldasoficinas.com\\\/pt\\\/herminio-cordeiro-recebe-premio-carreira-na-gala-top-100\\\/\",\"name\":\"Herm\u00ednio Cordeiro recebe Pr\u00e9mio Carreira, na Gala TOP 100 - Jornal das Oficinas\",\"isPartOf\":{\"@id\":\"https:\\\/\\\/jornaldasoficinas.com\\\/pt\\\/#website\"},\"primaryImageOfPage\":{\"@id\":\"https:\\\/\\\/jornaldasoficinas.com\\\/pt\\\/herminio-cordeiro-recebe-premio-carreira-na-gala-top-100\\\/#primaryimage\"},\"image\":{\"@id\":\"https:\\\/\\\/jornaldasoficinas.com\\\/pt\\\/herminio-cordeiro-recebe-premio-carreira-na-gala-top-100\\\/#primaryimage\"},\"thumbnailUrl\":\"https:\\\/\\\/jornaldasoficinas.com\\\/pt\\\/wp-content\\\/uploads\\\/2025\\\/10\\\/Herminio_cordeiro_premio_carreira.jpeg\",\"datePublished\":\"2025-10-26T21:00:52+00:00\",\"dateModified\":\"2025-10-26T22:58:51+00:00\",\"description\":\"Herm\u00ednio Batalha Cordeiro recebeu o Pr\u00e9mio Carreira 2025, s\u00edmbolo do reconhecimento de uma vida dedicada \u00e0 empresa, \u00e0 fam\u00edlia e a Portugal\",\"breadcrumb\":{\"@id\":\"https:\\\/\\\/jornaldasoficinas.com\\\/pt\\\/herminio-cordeiro-recebe-premio-carreira-na-gala-top-100\\\/#breadcrumb\"},\"inLanguage\":\"pt-PT\",\"potentialAction\":[{\"@type\":\"ReadAction\",\"target\":[\"https:\\\/\\\/jornaldasoficinas.com\\\/pt\\\/herminio-cordeiro-recebe-premio-carreira-na-gala-top-100\\\/\"]}]},{\"@type\":\"ImageObject\",\"inLanguage\":\"pt-PT\",\"@id\":\"https:\\\/\\\/jornaldasoficinas.com\\\/pt\\\/herminio-cordeiro-recebe-premio-carreira-na-gala-top-100\\\/#primaryimage\",\"url\":\"https:\\\/\\\/jornaldasoficinas.com\\\/pt\\\/wp-content\\\/uploads\\\/2025\\\/10\\\/Herminio_cordeiro_premio_carreira.jpeg\",\"contentUrl\":\"https:\\\/\\\/jornaldasoficinas.com\\\/pt\\\/wp-content\\\/uploads\\\/2025\\\/10\\\/Herminio_cordeiro_premio_carreira.jpeg\",\"width\":1024,\"height\":581,\"caption\":\"10 - Herminio_cordeiro_premio_carreira\"},{\"@type\":\"BreadcrumbList\",\"@id\":\"https:\\\/\\\/jornaldasoficinas.com\\\/pt\\\/herminio-cordeiro-recebe-premio-carreira-na-gala-top-100\\\/#breadcrumb\",\"itemListElement\":[{\"@type\":\"ListItem\",\"position\":1,\"name\":\"In\u00edcio\",\"item\":\"https:\\\/\\\/jornaldasoficinas.com\\\/pt\\\/\"},{\"@type\":\"ListItem\",\"position\":2,\"name\":\"Herm\u00ednio Cordeiro recebe Pr\u00e9mio Carreira, na Gala TOP 100\"}]},{\"@type\":\"WebSite\",\"@id\":\"https:\\\/\\\/jornaldasoficinas.com\\\/pt\\\/#website\",\"url\":\"https:\\\/\\\/jornaldasoficinas.com\\\/pt\\\/\",\"name\":\"Jornal das Oficinas\",\"description\":\"Jornal independente do Aftermarket Autom\u00f3vel em Portugal\",\"publisher\":{\"@id\":\"https:\\\/\\\/jornaldasoficinas.com\\\/pt\\\/#organization\"},\"potentialAction\":[{\"@type\":\"SearchAction\",\"target\":{\"@type\":\"EntryPoint\",\"urlTemplate\":\"https:\\\/\\\/jornaldasoficinas.com\\\/pt\\\/?s={search_term_string}\"},\"query-input\":{\"@type\":\"PropertyValueSpecification\",\"valueRequired\":true,\"valueName\":\"search_term_string\"}}],\"inLanguage\":\"pt-PT\"},{\"@type\":\"Organization\",\"@id\":\"https:\\\/\\\/jornaldasoficinas.com\\\/pt\\\/#organization\",\"name\":\"Jornal das Oficinas\",\"url\":\"https:\\\/\\\/jornaldasoficinas.com\\\/pt\\\/\",\"logo\":{\"@type\":\"ImageObject\",\"inLanguage\":\"pt-PT\",\"@id\":\"https:\\\/\\\/jornaldasoficinas.com\\\/pt\\\/#\\\/schema\\\/logo\\\/image\\\/\",\"url\":\"https:\\\/\\\/jornaldasoficinas.com\\\/pt\\\/wp-content\\\/uploads\\\/logoJO-SEO.png\",\"contentUrl\":\"https:\\\/\\\/jornaldasoficinas.com\\\/pt\\\/wp-content\\\/uploads\\\/logoJO-SEO.png\",\"width\":285,\"height\":450,\"caption\":\"Jornal das Oficinas\"},\"image\":{\"@id\":\"https:\\\/\\\/jornaldasoficinas.com\\\/pt\\\/#\\\/schema\\\/logo\\\/image\\\/\"},\"sameAs\":[\"https:\\\/\\\/www.facebook.com\\\/jornaloficinas\",\"https:\\\/\\\/x.com\\\/jornaloficinas\",\"https:\\\/\\\/www.instagram.com\\\/jornal_oficinas\\\/\",\"https:\\\/\\\/www.linkedin.com\\\/company\\\/jornal-das-oficinas\\\/\",\"https:\\\/\\\/www.youtube.com\\\/channel\\\/UCbQZBqtcvV-oSQrr7RzINGg\"]},{\"@type\":\"Person\",\"@id\":\"https:\\\/\\\/jornaldasoficinas.com\\\/pt\\\/#\\\/schema\\\/person\\\/a38eef5de2c41d9e7c9ac10141afddf3\",\"name\":\"Reda\u00e7\u00e3o JO\",\"image\":{\"@type\":\"ImageObject\",\"inLanguage\":\"pt-PT\",\"@id\":\"https:\\\/\\\/secure.gravatar.com\\\/avatar\\\/71f2fa71737ad68a84fea94bc708ddac8ea5b0c4788dc2ad202f3ccb2887742f?s=96&d=wp_user_avatar&r=g\",\"url\":\"https:\\\/\\\/secure.gravatar.com\\\/avatar\\\/71f2fa71737ad68a84fea94bc708ddac8ea5b0c4788dc2ad202f3ccb2887742f?s=96&d=wp_user_avatar&r=g\",\"contentUrl\":\"https:\\\/\\\/secure.gravatar.com\\\/avatar\\\/71f2fa71737ad68a84fea94bc708ddac8ea5b0c4788dc2ad202f3ccb2887742f?s=96&d=wp_user_avatar&r=g\",\"caption\":\"Reda\u00e7\u00e3o JO\"},\"url\":\"https:\\\/\\\/jornaldasoficinas.com\\\/pt\\\/author\\\/joredacao\\\/\"}]}<\/script>\n<!-- \/ Yoast SEO plugin. -->","yoast_head_json":{"title":"Herm\u00ednio Cordeiro recebe Pr\u00e9mio Carreira, na Gala TOP 100 - Jornal das Oficinas","description":"Herm\u00ednio Batalha Cordeiro recebeu o Pr\u00e9mio Carreira 2025, s\u00edmbolo do reconhecimento de uma vida dedicada \u00e0 empresa, \u00e0 fam\u00edlia e a Portugal","robots":{"index":"index","follow":"follow","max-snippet":"max-snippet:-1","max-image-preview":"max-image-preview:large","max-video-preview":"max-video-preview:-1"},"canonical":"https:\/\/jornaldasoficinas.com\/pt\/herminio-cordeiro-recebe-premio-carreira-na-gala-top-100\/","og_locale":"pt_PT","og_type":"article","og_title":"Herm\u00ednio Cordeiro recebe Pr\u00e9mio Carreira, na Gala TOP 100 - Jornal das Oficinas","og_description":"Herm\u00ednio Batalha Cordeiro recebeu o Pr\u00e9mio Carreira 2025, s\u00edmbolo do reconhecimento de uma vida dedicada \u00e0 empresa, \u00e0 fam\u00edlia e a Portugal","og_url":"https:\/\/jornaldasoficinas.com\/pt\/herminio-cordeiro-recebe-premio-carreira-na-gala-top-100\/","og_site_name":"Jornal das Oficinas","article_publisher":"https:\/\/www.facebook.com\/jornaloficinas","article_published_time":"2025-10-26T21:00:52+00:00","article_modified_time":"2025-10-26T22:58:51+00:00","og_image":[{"width":1024,"height":581,"url":"https:\/\/jornaldasoficinas.com\/pt\/wp-content\/uploads\/2025\/10\/Herminio_cordeiro_premio_carreira.jpeg","type":"image\/jpeg"}],"author":"Reda\u00e7\u00e3o JO","twitter_card":"summary_large_image","twitter_creator":"@jornaloficinas","twitter_site":"@jornaloficinas","twitter_misc":{"Escrito por":"Reda\u00e7\u00e3o JO","Tempo estimado de leitura":"5 minutos"},"schema":{"@context":"https:\/\/schema.org","@graph":[{"@type":"Article","@id":"https:\/\/jornaldasoficinas.com\/pt\/herminio-cordeiro-recebe-premio-carreira-na-gala-top-100\/#article","isPartOf":{"@id":"https:\/\/jornaldasoficinas.com\/pt\/herminio-cordeiro-recebe-premio-carreira-na-gala-top-100\/"},"author":{"name":"Reda\u00e7\u00e3o JO","@id":"https:\/\/jornaldasoficinas.com\/pt\/#\/schema\/person\/a38eef5de2c41d9e7c9ac10141afddf3"},"headline":"Herm\u00ednio Cordeiro recebe Pr\u00e9mio Carreira, na Gala TOP 100","datePublished":"2025-10-26T21:00:52+00:00","dateModified":"2025-10-26T22:58:51+00:00","mainEntityOfPage":{"@id":"https:\/\/jornaldasoficinas.com\/pt\/herminio-cordeiro-recebe-premio-carreira-na-gala-top-100\/"},"wordCount":789,"publisher":{"@id":"https:\/\/jornaldasoficinas.com\/pt\/#organization"},"image":{"@id":"https:\/\/jornaldasoficinas.com\/pt\/herminio-cordeiro-recebe-premio-carreira-na-gala-top-100\/#primaryimage"},"thumbnailUrl":"https:\/\/jornaldasoficinas.com\/pt\/wp-content\/uploads\/2025\/10\/Herminio_cordeiro_premio_carreira.jpeg","keywords":["Gala TOP100","HBC \u2013 Repara\u00e7\u00f5es Auto","HBC II \u2013 Pe\u00e7as Auto","Herm\u00ednio Cordeiro","Pr\u00e9mio Carreira 2025","TEMOT"],"articleSection":["Empresas","Gala Top 100"],"inLanguage":"pt-PT"},{"@type":"WebPage","@id":"https:\/\/jornaldasoficinas.com\/pt\/herminio-cordeiro-recebe-premio-carreira-na-gala-top-100\/","url":"https:\/\/jornaldasoficinas.com\/pt\/herminio-cordeiro-recebe-premio-carreira-na-gala-top-100\/","name":"Herm\u00ednio Cordeiro recebe Pr\u00e9mio Carreira, na Gala TOP 100 - Jornal das Oficinas","isPartOf":{"@id":"https:\/\/jornaldasoficinas.com\/pt\/#website"},"primaryImageOfPage":{"@id":"https:\/\/jornaldasoficinas.com\/pt\/herminio-cordeiro-recebe-premio-carreira-na-gala-top-100\/#primaryimage"},"image":{"@id":"https:\/\/jornaldasoficinas.com\/pt\/herminio-cordeiro-recebe-premio-carreira-na-gala-top-100\/#primaryimage"},"thumbnailUrl":"https:\/\/jornaldasoficinas.com\/pt\/wp-content\/uploads\/2025\/10\/Herminio_cordeiro_premio_carreira.jpeg","datePublished":"2025-10-26T21:00:52+00:00","dateModified":"2025-10-26T22:58:51+00:00","description":"Herm\u00ednio Batalha Cordeiro recebeu o Pr\u00e9mio Carreira 2025, s\u00edmbolo do reconhecimento de uma vida dedicada \u00e0 empresa, \u00e0 fam\u00edlia e a Portugal","breadcrumb":{"@id":"https:\/\/jornaldasoficinas.com\/pt\/herminio-cordeiro-recebe-premio-carreira-na-gala-top-100\/#breadcrumb"},"inLanguage":"pt-PT","potentialAction":[{"@type":"ReadAction","target":["https:\/\/jornaldasoficinas.com\/pt\/herminio-cordeiro-recebe-premio-carreira-na-gala-top-100\/"]}]},{"@type":"ImageObject","inLanguage":"pt-PT","@id":"https:\/\/jornaldasoficinas.com\/pt\/herminio-cordeiro-recebe-premio-carreira-na-gala-top-100\/#primaryimage","url":"https:\/\/jornaldasoficinas.com\/pt\/wp-content\/uploads\/2025\/10\/Herminio_cordeiro_premio_carreira.jpeg","contentUrl":"https:\/\/jornaldasoficinas.com\/pt\/wp-content\/uploads\/2025\/10\/Herminio_cordeiro_premio_carreira.jpeg","width":1024,"height":581,"caption":"10 - Herminio_cordeiro_premio_carreira"},{"@type":"BreadcrumbList","@id":"https:\/\/jornaldasoficinas.com\/pt\/herminio-cordeiro-recebe-premio-carreira-na-gala-top-100\/#breadcrumb","itemListElement":[{"@type":"ListItem","position":1,"name":"In\u00edcio","item":"https:\/\/jornaldasoficinas.com\/pt\/"},{"@type":"ListItem","position":2,"name":"Herm\u00ednio Cordeiro recebe Pr\u00e9mio Carreira, na Gala TOP 100"}]},{"@type":"WebSite","@id":"https:\/\/jornaldasoficinas.com\/pt\/#website","url":"https:\/\/jornaldasoficinas.com\/pt\/","name":"Jornal das Oficinas","description":"Jornal independente do Aftermarket Autom\u00f3vel em Portugal","publisher":{"@id":"https:\/\/jornaldasoficinas.com\/pt\/#organization"},"potentialAction":[{"@type":"SearchAction","target":{"@type":"EntryPoint","urlTemplate":"https:\/\/jornaldasoficinas.com\/pt\/?s={search_term_string}"},"query-input":{"@type":"PropertyValueSpecification","valueRequired":true,"valueName":"search_term_string"}}],"inLanguage":"pt-PT"},{"@type":"Organization","@id":"https:\/\/jornaldasoficinas.com\/pt\/#organization","name":"Jornal das Oficinas","url":"https:\/\/jornaldasoficinas.com\/pt\/","logo":{"@type":"ImageObject","inLanguage":"pt-PT","@id":"https:\/\/jornaldasoficinas.com\/pt\/#\/schema\/logo\/image\/","url":"https:\/\/jornaldasoficinas.com\/pt\/wp-content\/uploads\/logoJO-SEO.png","contentUrl":"https:\/\/jornaldasoficinas.com\/pt\/wp-content\/uploads\/logoJO-SEO.png","width":285,"height":450,"caption":"Jornal das Oficinas"},"image":{"@id":"https:\/\/jornaldasoficinas.com\/pt\/#\/schema\/logo\/image\/"},"sameAs":["https:\/\/www.facebook.com\/jornaloficinas","https:\/\/x.com\/jornaloficinas","https:\/\/www.instagram.com\/jornal_oficinas\/","https:\/\/www.linkedin.com\/company\/jornal-das-oficinas\/","https:\/\/www.youtube.com\/channel\/UCbQZBqtcvV-oSQrr7RzINGg"]},{"@type":"Person","@id":"https:\/\/jornaldasoficinas.com\/pt\/#\/schema\/person\/a38eef5de2c41d9e7c9ac10141afddf3","name":"Reda\u00e7\u00e3o JO","image":{"@type":"ImageObject","inLanguage":"pt-PT","@id":"https:\/\/secure.gravatar.com\/avatar\/71f2fa71737ad68a84fea94bc708ddac8ea5b0c4788dc2ad202f3ccb2887742f?s=96&d=wp_user_avatar&r=g","url":"https:\/\/secure.gravatar.com\/avatar\/71f2fa71737ad68a84fea94bc708ddac8ea5b0c4788dc2ad202f3ccb2887742f?s=96&d=wp_user_avatar&r=g","contentUrl":"https:\/\/secure.gravatar.com\/avatar\/71f2fa71737ad68a84fea94bc708ddac8ea5b0c4788dc2ad202f3ccb2887742f?s=96&d=wp_user_avatar&r=g","caption":"Reda\u00e7\u00e3o JO"},"url":"https:\/\/jornaldasoficinas.com\/pt\/author\/joredacao\/"}]}},"_links":{"self":[{"href":"https:\/\/jornaldasoficinas.com\/pt\/wp-json\/wp\/v2\/posts\/108411","targetHints":{"allow":["GET"]}}],"collection":[{"href":"https:\/\/jornaldasoficinas.com\/pt\/wp-json\/wp\/v2\/posts"}],"about":[{"href":"https:\/\/jornaldasoficinas.com\/pt\/wp-json\/wp\/v2\/types\/post"}],"author":[{"embeddable":true,"href":"https:\/\/jornaldasoficinas.com\/pt\/wp-json\/wp\/v2\/users\/15"}],"replies":[{"embeddable":true,"href":"https:\/\/jornaldasoficinas.com\/pt\/wp-json\/wp\/v2\/comments?post=108411"}],"version-history":[{"count":10,"href":"https:\/\/jornaldasoficinas.com\/pt\/wp-json\/wp\/v2\/posts\/108411\/revisions"}],"predecessor-version":[{"id":108587,"href":"https:\/\/jornaldasoficinas.com\/pt\/wp-json\/wp\/v2\/posts\/108411\/revisions\/108587"}],"wp:featuredmedia":[{"embeddable":true,"href":"https:\/\/jornaldasoficinas.com\/pt\/wp-json\/wp\/v2\/media\/108386"}],"wp:attachment":[{"href":"https:\/\/jornaldasoficinas.com\/pt\/wp-json\/wp\/v2\/media?parent=108411"}],"wp:term":[{"taxonomy":"category","embeddable":true,"href":"https:\/\/jornaldasoficinas.com\/pt\/wp-json\/wp\/v2\/categories?post=108411"},{"taxonomy":"post_tag","embeddable":true,"href":"https:\/\/jornaldasoficinas.com\/pt\/wp-json\/wp\/v2\/tags?post=108411"}],"curies":[{"name":"wp","href":"https:\/\/api.w.org\/{rel}","templated":true}]}}