{"id":108514,"date":"2025-10-27T12:30:52","date_gmt":"2025-10-27T12:30:52","guid":{"rendered":"https:\/\/jornaldasoficinas.com\/pt\/?p=108514"},"modified":"2025-10-24T14:32:12","modified_gmt":"2025-10-24T13:32:12","slug":"auto-valerio-manata-celebra-60-anos-de-historia","status":"publish","type":"post","link":"https:\/\/jornaldasoficinas.com\/pt\/auto-valerio-manata-celebra-60-anos-de-historia\/","title":{"rendered":"Auto Val\u00e9rio Manata celebra 60 anos de hist\u00f3ria"},"content":{"rendered":"<p><strong><img loading=\"lazy\" decoding=\"async\" class=\"alignnone size-full wp-image-108534\" src=\"https:\/\/jornaldasoficinas.com\/pt\/wp-content\/uploads\/2025\/10\/Auto-Valerio-Manata-celebra-60-anos-de-historia-1.jpg\" alt=\"10 - Auto Valerio Manata celebra 60 anos de historia 1\" width=\"1024\" height=\"581\" srcset=\"https:\/\/jornaldasoficinas.com\/pt\/wp-content\/uploads\/2025\/10\/Auto-Valerio-Manata-celebra-60-anos-de-historia-1.jpg 1024w, https:\/\/jornaldasoficinas.com\/pt\/wp-content\/uploads\/2025\/10\/Auto-Valerio-Manata-celebra-60-anos-de-historia-1-300x170.jpg 300w, https:\/\/jornaldasoficinas.com\/pt\/wp-content\/uploads\/2025\/10\/Auto-Valerio-Manata-celebra-60-anos-de-historia-1-150x85.jpg 150w, https:\/\/jornaldasoficinas.com\/pt\/wp-content\/uploads\/2025\/10\/Auto-Valerio-Manata-celebra-60-anos-de-historia-1-768x436.jpg 768w\" sizes=\"auto, (max-width: 1024px) 100vw, 1024px\" \/><\/strong><\/p>\n<p><strong>A <a href=\"https:\/\/autovalerio.com\/\" target=\"_blank\" rel=\"noopener\">Auto Val\u00e9rio Manata<\/a> celebrou, nas suas instala\u00e7\u00f5es em Mem Martins, seis d\u00e9cadas de atividade ininterrupta, num ambiente de grande festa e emo\u00e7\u00e3o<\/strong><\/p>\n<p>O evento, realizado no dia 18 de outubro, reuniu clientes, amigos e vizinhos, muitos deles companheiros de uma vida inteira, para celebrar um percurso empresarial e familiar profundamente enraizado na comunidade de Sintra<\/p>\n<p>Fundada em 1965 por Val\u00e9rio Manata, a empresa nasceu de um pequeno neg\u00f3cio familiar, movido pela paix\u00e3o pelos autom\u00f3veis e pela vontade de servir com honestidade. O primeiro stand, com apenas 100 m\u00b2, localizava-se na estrada do Macieira, em Sintra. Desde ent\u00e3o, a Auto Val\u00e9rio Manata cresceu de forma sustentada, transformando-se numa refer\u00eancia regional no com\u00e9rcio de ve\u00edculos e nos servi\u00e7os de manuten\u00e7\u00e3o e repara\u00e7\u00e3o autom\u00f3vel.<\/p>\n<p>Entre os momentos mais marcantes do seu percurso, destaca-se o alargamento da \u00e1rea expositiva em Sintra para 500 m\u00b2 e, sobretudo, a abertura, em 1992, do stand em Mem Martins, uma aposta que se revelou decisiva para o crescimento e consolida\u00e7\u00e3o da empresa.<\/p>\n<p>Situada numa zona em franca expans\u00e3o, a Auto Val\u00e9rio Manata soube acompanhar o desenvolvimento local e afirmar-se como uma marca de confian\u00e7a, sin\u00f3nimo de profissionalismo, seriedade e atendimento personalizado.<\/p>\n<p>Hoje, a empresa \u00e9 liderada por Paulo Manata, filho do fundador, que com orgulho e emo\u00e7\u00e3o recorda o legado do pai. &#8220;Tenho um enorme orgulho nesta empresa constru\u00edda por meu pai. O segredo do sucesso est\u00e1 na persist\u00eancia, no trabalho di\u00e1rio e no esp\u00edrito de sacrif\u00edcio. Nada \u00e9 garantido, tudo se conquista com dedica\u00e7\u00e3o&#8221;, afirmou o atual administrador, enquanto recebe cumprimentos e abra\u00e7os de quem partilha esta longa hist\u00f3ria.<\/p>\n<p>Fiel \u00e0s suas origens, mas com uma vis\u00e3o voltada para o futuro, a Auto Val\u00e9rio Manata tem sabido adaptar-se aos novos tempos e \u00e0s exig\u00eancias do mercado. A aposta na internet e nas redes sociais tornou-se um pilar estrat\u00e9gico da empresa, permitindo-lhe chegar a novos p\u00fablicos e refor\u00e7ar a rela\u00e7\u00e3o de proximidade com os clientes.<\/p>\n<p>&#8220;Hoje, cerca de 20% das vendas j\u00e1 s\u00e3o feitas atrav\u00e9s da internet, e esse n\u00famero continua a crescer&#8221;, revelou Paulo Manata, sublinhando a import\u00e2ncia de acompanhar a evolu\u00e7\u00e3o tecnol\u00f3gica sem perder a ess\u00eancia que sempre distinguiu a marca.<\/p>\n<p>Com o evento de comemora\u00e7\u00e3o dos 60 anos, a Auto Val\u00e9rio Manata n\u00e3o apenas celebra um passado de conquistas, mas tamb\u00e9m reafirma o compromisso com o futuro. A empresa mant\u00e9m viva a filosofia do seu fundador \u2014 trabalhar com seriedade, dedica\u00e7\u00e3o, esp\u00edrito de sacrif\u00edcio e paix\u00e3o \u2014, princ\u00edpios que continuam a guiar cada decis\u00e3o e a fortalecer o v\u00ednculo com a comunidade.<\/p>\n<p>Seis d\u00e9cadas depois, a Auto Val\u00e9rio Manata \u00e9 muito mais do que uma empresa de autom\u00f3veis: \u00e9 uma hist\u00f3ria de fam\u00edlia, de gera\u00e7\u00f5es e de confian\u00e7a, constru\u00edda quil\u00f3metro a quil\u00f3metro, com o mesmo entusiasmo de quem, em 1965, deu a primeira volta desta longa e bem-sucedida viagem.<\/p>\n<div class=\"wonderplugingallery-container\" id=\"wonderplugingallery-container-265\" style=\"max-width:960px;margin:0 auto;\"><div class=\"wonderplugingallery\" id=\"wonderplugingallery-265\" data-galleryid=\"265\" data-width=\"960\" data-height=\"540\" data-skin=\"gallery\" data-playsinline=\"false\" data-mutevideo=\"false\" data-random=\"false\" data-autoslide=\"false\" data-autoplayvideo=\"false\" data-schemamarkup=\"false\" data-stopallplaying=\"false\" data-reloadonvideoend=\"false\" data-donotuseposter=\"false\" data-enabletabindex=\"false\" data-loadnextonvideoend=\"false\" data-hidetitlewhenvideoisplaying=\"false\" data-disablehovereventontouch=\"false\" data-ratioresponsive=\"false\" data-autoslideandplayafterfirstplayed=\"false\" data-html5player=\"true\" data-responsive=\"true\" data-fullwidth=\"false\" data-showtitle=\"true\" data-showdescription=\"true\" data-showplaybutton=\"true\" data-showfullscreenbutton=\"true\" data-showtimer=\"true\" data-showcarousel=\"true\" data-galleryshadow=\"false\" data-slideshadow=\"true\" data-thumbshowtitle=\"false\" data-thumbshowimage=\"true\" data-thumbshadow=\"true\" data-lightboxshowtitle=\"true\" data-lightboxshowdescription=\"true\" data-specifyid=\"true\" data-donotinit=\"false\" data-addinitscript=\"false\" data-triggerresize=\"false\" data-thumbcolumnsresponsive=\"false\" data-thumbverticalmiddle=\"true\" data-removeinlinecss=\"true\" data-switchonmouseover=\"false\" data-showcategory=\"true\" data-carouselpagination=\"false\" data-showimgtitle=\"false\" data-titlesmallscreen=\"false\" data-initsocial=\"true\" data-showsocial=\"false\" data-showemail=\"false\" data-showfacebook=\"true\" data-showtwitter=\"true\" data-showpinterest=\"true\" data-socialrotateeffect=\"true\" data-doshortcodeontext=\"false\" data-loop=\"0\" data-duration=\"1500\" data-slideduration=\"1000\" data-slideshowinterval=\"6000\" data-googleanalyticsaccount=\"\" data-ga4account=\"\" data-resizemode=\"fill\" data-imagetoolboxmode=\"mouseover\" data-effect=\"fade\" data-padding=\"12\" data-bgcolor=\"\" data-bgimage=\"\" data-thumbwidth=\"120\" data-thumbheight=\"60\" data-thumbgap=\"8\" data-thumbrowgap=\"16\" data-lightboxtextheight=\"72\" data-lightboxtitlecss=\"{color:#333333; font:bold 12px Arial,Helvetica,sans-serif; overflow:hidden; white-space:normal; line-height:18px;}\" data-lightboxdescriptioncss=\"{color:#333333; font:normal 12px Arial,Helvetica,sans-serif; overflow:hidden; white-space:normal; line-height:14px;}\" data-titlecss=\"{color:#ffffff; font-size:14px; font-family:Armata, sans-serif, Arial; overflow:hidden; text-align:left; padding:10px 0px 10px 10px; background:rgb(102, 102, 102) transparent; background:rgba(102, 102, 102, 0.6);}\" data-descriptioncss=\"{color:#ffffff; font-size:13px; font-family:Armata, sans-serif, Arial; overflow:hidden; text-align:left; padding:0px 0px 10px 10px; background:rgb(102, 102, 102) transparent; background:rgba(102, 102, 102, 0.6);}\" data-titleheight=\"72\" data-titlesmallscreenwidth=\"640\" data-titleheightsmallscreen=\"148\" data-socialmode=\"mouseover\" data-socialposition=\"position:absolute;top:8px;right:8px;\" data-socialpositionlightbox=\"position:absolute;top:8px;right:8px;\" data-socialdirection=\"horizontal\" data-socialbuttonsize=\"32\" data-socialbuttonfontsize=\"18\" data-defaultvideovolume=\"1\" data-ratiomediumscreen=\"1024\" data-ratiomediumheight=\"1.6\" data-ratiosmallscreen=\"767\" data-ratiosmallheight=\"2.4\" data-thumbtitleheight=\"24\" data-thumbmediumtitleheight=\"48\" data-thumbsmalltitleheight=\"72\" data-categoryheight=\"48\" data-categorydefault=\"all\" data-triggerresizedelay=\"100\" data-thumbmediumsize=\"800\" data-thumbsmallsize=\"480\" data-thumbmediumwidth=\"64\" data-thumbmediumheight=\"64\" data-thumbsmallwidth=\"48\" data-thumbsmallheight=\"48\" data-imgtitle=\"title\" data-carouselpaginationrow=\"3\" data-categorystyle=\"dropdown\" data-categorylist=\"[{&quot;slug&quot;:&quot;all&quot;,&quot;caption&quot;:&quot;Show All&quot;}]\" data-jsfolder=\"https:\/\/jornaldasoficinas.com\/pt\/wp-content\/plugins\/wonderplugin-gallery\/engine\/\" style=\"display:none;\" ><a class=\"html5galleryimglink\" href=\"https:\/\/jornaldasoficinas.com\/pt\/wp-content\/uploads\/2025\/10\/AutoValerioManata\/01.jpg\" data-mediatype=1><img decoding=\"async\" class=\"html5galleryimg html5gallery-tn-image\" src=\"https:\/\/jornaldasoficinas.com\/pt\/wp-content\/uploads\/2025\/10\/AutoValerioManata\/01.jpg\" alt=\"\"><\/a><div class=\"html5gallery-info\"><\/div><a class=\"html5galleryimglink\" href=\"https:\/\/jornaldasoficinas.com\/pt\/wp-content\/uploads\/2025\/10\/AutoValerioManata\/02.jpg\" data-mediatype=1><img decoding=\"async\" class=\"html5galleryimg html5gallery-tn-image\" src=\"https:\/\/jornaldasoficinas.com\/pt\/wp-content\/uploads\/2025\/10\/AutoValerioManata\/02.jpg\" alt=\"\"><\/a><div class=\"html5gallery-info\"><\/div><a class=\"html5galleryimglink\" href=\"https:\/\/jornaldasoficinas.com\/pt\/wp-content\/uploads\/2025\/10\/AutoValerioManata\/03.jpg\" data-mediatype=1><img decoding=\"async\" class=\"html5galleryimg html5gallery-tn-image\" src=\"https:\/\/jornaldasoficinas.com\/pt\/wp-content\/uploads\/2025\/10\/AutoValerioManata\/03.jpg\" alt=\"\"><\/a><div class=\"html5gallery-info\"><\/div><a class=\"html5galleryimglink\" href=\"https:\/\/jornaldasoficinas.com\/pt\/wp-content\/uploads\/2025\/10\/AutoValerioManata\/04.jpg\" data-mediatype=1><img decoding=\"async\" class=\"html5galleryimg html5gallery-tn-image\" src=\"https:\/\/jornaldasoficinas.com\/pt\/wp-content\/uploads\/2025\/10\/AutoValerioManata\/04.jpg\" alt=\"\"><\/a><div class=\"html5gallery-info\"><\/div><a class=\"html5galleryimglink\" href=\"https:\/\/jornaldasoficinas.com\/pt\/wp-content\/uploads\/2025\/10\/AutoValerioManata\/05.jpg\" data-mediatype=1><img decoding=\"async\" class=\"html5galleryimg html5gallery-tn-image\" src=\"https:\/\/jornaldasoficinas.com\/pt\/wp-content\/uploads\/2025\/10\/AutoValerioManata\/05.jpg\" alt=\"\"><\/a><div class=\"html5gallery-info\"><\/div><a class=\"html5galleryimglink\" href=\"https:\/\/jornaldasoficinas.com\/pt\/wp-content\/uploads\/2025\/10\/AutoValerioManata\/06.jpeg\" data-mediatype=1><img decoding=\"async\" class=\"html5galleryimg html5gallery-tn-image\" src=\"https:\/\/jornaldasoficinas.com\/pt\/wp-content\/uploads\/2025\/10\/AutoValerioManata\/06.jpeg\" alt=\"\"><\/a><div class=\"html5gallery-info\"><\/div><a class=\"html5galleryimglink\" href=\"https:\/\/jornaldasoficinas.com\/pt\/wp-content\/uploads\/2025\/10\/AutoValerioManata\/07.jpeg\" data-mediatype=1><img decoding=\"async\" class=\"html5galleryimg html5gallery-tn-image\" src=\"https:\/\/jornaldasoficinas.com\/pt\/wp-content\/uploads\/2025\/10\/AutoValerioManata\/07.jpeg\" alt=\"\"><\/a><div class=\"html5gallery-info\"><\/div><a class=\"html5galleryimglink\" href=\"https:\/\/jornaldasoficinas.com\/pt\/wp-content\/uploads\/2025\/10\/AutoValerioManata\/08.jpg\" data-mediatype=1><img decoding=\"async\" class=\"html5galleryimg html5gallery-tn-image\" src=\"https:\/\/jornaldasoficinas.com\/pt\/wp-content\/uploads\/2025\/10\/AutoValerioManata\/08.jpg\" alt=\"\"><\/a><div class=\"html5gallery-info\"><\/div><a class=\"html5galleryimglink\" href=\"https:\/\/jornaldasoficinas.com\/pt\/wp-content\/uploads\/2025\/10\/AutoValerioManata\/09.jpg\" data-mediatype=1><img decoding=\"async\" class=\"html5galleryimg html5gallery-tn-image\" src=\"https:\/\/jornaldasoficinas.com\/pt\/wp-content\/uploads\/2025\/10\/AutoValerioManata\/09.jpg\" alt=\"\"><\/a><div class=\"html5gallery-info\"><\/div><\/div><\/div><script>function wondergallery_265_appendcss(csscode) {var head=document.head || document.getElementsByTagName(\"head\")[0];var style=document.createElement(\"style\");head.appendChild(style);style.type=\"text\/css\";if (style.styleSheet){style.styleSheet.cssText=csscode;} else {style.appendChild(document.createTextNode(csscode));}};wondergallery_265_appendcss(\"#wonderplugingallery-265 .html5gallery-cat-selection-265 { \tbox-sizing: border-box; \ttext-align: center; }  #wonderplugingallery-265 .html5gallery-cat-selection-265 select { \tbox-sizing: border-box; \tmargin: 4px auto; }\");<\/script>\n","protected":false},"excerpt":{"rendered":"<p>A Auto Val\u00e9rio Manata celebrou, nas&#8230;<\/p>\n","protected":false},"author":15,"featured_media":108534,"comment_status":"closed","ping_status":"closed","sticky":false,"template":"","format":"standard","meta":{"footnotes":""},"categories":[29],"tags":[12629,4228,13889,13891,13890,13894,3317],"class_list":["post-108514","post","type-post","status-publish","format-standard","has-post-thumbnail","hentry","category-empresas","tag-60-anos","tag-aniversario","tag-auto-valerio-manata","tag-empresa-familiar","tag-festa","tag-paulo-manata","tag-reparacao-automovel"],"yoast_head":"<!-- This site is optimized with the Yoast SEO plugin v27.4 - https:\/\/yoast.com\/product\/yoast-seo-wordpress\/ -->\n<title>Auto Val\u00e9rio Manata celebra 60 anos de hist\u00f3ria - Jornal das Oficinas<\/title>\n<meta name=\"description\" content=\"A Auto Val\u00e9rio Manata celebrou, nas suas instala\u00e7\u00f5es em Mem Martins, seis d\u00e9cadas de atividade ininterrupta, num ambiente de grande festa\" \/>\n<meta name=\"robots\" content=\"index, follow, max-snippet:-1, max-image-preview:large, max-video-preview:-1\" \/>\n<link rel=\"canonical\" href=\"https:\/\/jornaldasoficinas.com\/pt\/auto-valerio-manata-celebra-60-anos-de-historia\/\" \/>\n<meta property=\"og:locale\" content=\"pt_PT\" \/>\n<meta property=\"og:type\" content=\"article\" \/>\n<meta property=\"og:title\" content=\"Auto Val\u00e9rio Manata celebra 60 anos de hist\u00f3ria - Jornal das Oficinas\" \/>\n<meta property=\"og:description\" content=\"A Auto Val\u00e9rio Manata celebrou, nas suas instala\u00e7\u00f5es em Mem Martins, seis d\u00e9cadas de atividade ininterrupta, num ambiente de grande festa\" \/>\n<meta property=\"og:url\" content=\"https:\/\/jornaldasoficinas.com\/pt\/auto-valerio-manata-celebra-60-anos-de-historia\/\" \/>\n<meta property=\"og:site_name\" content=\"Jornal das Oficinas\" \/>\n<meta property=\"article:publisher\" content=\"https:\/\/www.facebook.com\/jornaloficinas\" \/>\n<meta property=\"article:published_time\" content=\"2025-10-27T12:30:52+00:00\" \/>\n<meta property=\"og:image\" content=\"https:\/\/jornaldasoficinas.com\/pt\/wp-content\/uploads\/2025\/10\/Auto-Valerio-Manata-celebra-60-anos-de-historia-1.jpg\" \/>\n\t<meta property=\"og:image:width\" content=\"1024\" \/>\n\t<meta property=\"og:image:height\" content=\"581\" \/>\n\t<meta property=\"og:image:type\" content=\"image\/jpeg\" \/>\n<meta name=\"author\" content=\"Reda\u00e7\u00e3o JO\" \/>\n<meta name=\"twitter:card\" content=\"summary_large_image\" \/>\n<meta name=\"twitter:creator\" content=\"@jornaloficinas\" \/>\n<meta name=\"twitter:site\" content=\"@jornaloficinas\" \/>\n<meta name=\"twitter:label1\" content=\"Escrito por\" \/>\n\t<meta name=\"twitter:data1\" content=\"Reda\u00e7\u00e3o JO\" \/>\n\t<meta name=\"twitter:label2\" content=\"Tempo estimado de leitura\" \/>\n\t<meta name=\"twitter:data2\" content=\"3 minutos\" \/>\n<script type=\"application\/ld+json\" class=\"yoast-schema-graph\">{\"@context\":\"https:\\\/\\\/schema.org\",\"@graph\":[{\"@type\":\"Article\",\"@id\":\"https:\\\/\\\/jornaldasoficinas.com\\\/pt\\\/auto-valerio-manata-celebra-60-anos-de-historia\\\/#article\",\"isPartOf\":{\"@id\":\"https:\\\/\\\/jornaldasoficinas.com\\\/pt\\\/auto-valerio-manata-celebra-60-anos-de-historia\\\/\"},\"author\":{\"name\":\"Reda\u00e7\u00e3o JO\",\"@id\":\"https:\\\/\\\/jornaldasoficinas.com\\\/pt\\\/#\\\/schema\\\/person\\\/a38eef5de2c41d9e7c9ac10141afddf3\"},\"headline\":\"Auto Val\u00e9rio Manata celebra 60 anos de hist\u00f3ria\",\"datePublished\":\"2025-10-27T12:30:52+00:00\",\"mainEntityOfPage\":{\"@id\":\"https:\\\/\\\/jornaldasoficinas.com\\\/pt\\\/auto-valerio-manata-celebra-60-anos-de-historia\\\/\"},\"wordCount\":530,\"publisher\":{\"@id\":\"https:\\\/\\\/jornaldasoficinas.com\\\/pt\\\/#organization\"},\"image\":{\"@id\":\"https:\\\/\\\/jornaldasoficinas.com\\\/pt\\\/auto-valerio-manata-celebra-60-anos-de-historia\\\/#primaryimage\"},\"thumbnailUrl\":\"https:\\\/\\\/jornaldasoficinas.com\\\/pt\\\/wp-content\\\/uploads\\\/2025\\\/10\\\/Auto-Valerio-Manata-celebra-60-anos-de-historia-1.jpg\",\"keywords\":[\"60 anos\",\"Anivers\u00e1rio\",\"Auto Val\u00e9rio Manata\",\"empresa familiar\",\"festa\",\"Paulo Manata\",\"Repara\u00e7\u00e3o autom\u00f3vel\"],\"articleSection\":[\"Empresas\"],\"inLanguage\":\"pt-PT\"},{\"@type\":\"WebPage\",\"@id\":\"https:\\\/\\\/jornaldasoficinas.com\\\/pt\\\/auto-valerio-manata-celebra-60-anos-de-historia\\\/\",\"url\":\"https:\\\/\\\/jornaldasoficinas.com\\\/pt\\\/auto-valerio-manata-celebra-60-anos-de-historia\\\/\",\"name\":\"Auto Val\u00e9rio Manata celebra 60 anos de hist\u00f3ria - Jornal das Oficinas\",\"isPartOf\":{\"@id\":\"https:\\\/\\\/jornaldasoficinas.com\\\/pt\\\/#website\"},\"primaryImageOfPage\":{\"@id\":\"https:\\\/\\\/jornaldasoficinas.com\\\/pt\\\/auto-valerio-manata-celebra-60-anos-de-historia\\\/#primaryimage\"},\"image\":{\"@id\":\"https:\\\/\\\/jornaldasoficinas.com\\\/pt\\\/auto-valerio-manata-celebra-60-anos-de-historia\\\/#primaryimage\"},\"thumbnailUrl\":\"https:\\\/\\\/jornaldasoficinas.com\\\/pt\\\/wp-content\\\/uploads\\\/2025\\\/10\\\/Auto-Valerio-Manata-celebra-60-anos-de-historia-1.jpg\",\"datePublished\":\"2025-10-27T12:30:52+00:00\",\"description\":\"A Auto Val\u00e9rio Manata celebrou, nas suas instala\u00e7\u00f5es em Mem Martins, seis d\u00e9cadas de atividade ininterrupta, num ambiente de grande festa\",\"breadcrumb\":{\"@id\":\"https:\\\/\\\/jornaldasoficinas.com\\\/pt\\\/auto-valerio-manata-celebra-60-anos-de-historia\\\/#breadcrumb\"},\"inLanguage\":\"pt-PT\",\"potentialAction\":[{\"@type\":\"ReadAction\",\"target\":[\"https:\\\/\\\/jornaldasoficinas.com\\\/pt\\\/auto-valerio-manata-celebra-60-anos-de-historia\\\/\"]}]},{\"@type\":\"ImageObject\",\"inLanguage\":\"pt-PT\",\"@id\":\"https:\\\/\\\/jornaldasoficinas.com\\\/pt\\\/auto-valerio-manata-celebra-60-anos-de-historia\\\/#primaryimage\",\"url\":\"https:\\\/\\\/jornaldasoficinas.com\\\/pt\\\/wp-content\\\/uploads\\\/2025\\\/10\\\/Auto-Valerio-Manata-celebra-60-anos-de-historia-1.jpg\",\"contentUrl\":\"https:\\\/\\\/jornaldasoficinas.com\\\/pt\\\/wp-content\\\/uploads\\\/2025\\\/10\\\/Auto-Valerio-Manata-celebra-60-anos-de-historia-1.jpg\",\"width\":1024,\"height\":581,\"caption\":\"10 - Auto Valerio Manata celebra 60 anos de historia 1\"},{\"@type\":\"BreadcrumbList\",\"@id\":\"https:\\\/\\\/jornaldasoficinas.com\\\/pt\\\/auto-valerio-manata-celebra-60-anos-de-historia\\\/#breadcrumb\",\"itemListElement\":[{\"@type\":\"ListItem\",\"position\":1,\"name\":\"In\u00edcio\",\"item\":\"https:\\\/\\\/jornaldasoficinas.com\\\/pt\\\/\"},{\"@type\":\"ListItem\",\"position\":2,\"name\":\"Auto Val\u00e9rio Manata celebra 60 anos de hist\u00f3ria\"}]},{\"@type\":\"WebSite\",\"@id\":\"https:\\\/\\\/jornaldasoficinas.com\\\/pt\\\/#website\",\"url\":\"https:\\\/\\\/jornaldasoficinas.com\\\/pt\\\/\",\"name\":\"Jornal das Oficinas\",\"description\":\"Jornal independente do Aftermarket Autom\u00f3vel em Portugal\",\"publisher\":{\"@id\":\"https:\\\/\\\/jornaldasoficinas.com\\\/pt\\\/#organization\"},\"potentialAction\":[{\"@type\":\"SearchAction\",\"target\":{\"@type\":\"EntryPoint\",\"urlTemplate\":\"https:\\\/\\\/jornaldasoficinas.com\\\/pt\\\/?s={search_term_string}\"},\"query-input\":{\"@type\":\"PropertyValueSpecification\",\"valueRequired\":true,\"valueName\":\"search_term_string\"}}],\"inLanguage\":\"pt-PT\"},{\"@type\":\"Organization\",\"@id\":\"https:\\\/\\\/jornaldasoficinas.com\\\/pt\\\/#organization\",\"name\":\"Jornal das Oficinas\",\"url\":\"https:\\\/\\\/jornaldasoficinas.com\\\/pt\\\/\",\"logo\":{\"@type\":\"ImageObject\",\"inLanguage\":\"pt-PT\",\"@id\":\"https:\\\/\\\/jornaldasoficinas.com\\\/pt\\\/#\\\/schema\\\/logo\\\/image\\\/\",\"url\":\"https:\\\/\\\/jornaldasoficinas.com\\\/pt\\\/wp-content\\\/uploads\\\/logoJO-SEO.png\",\"contentUrl\":\"https:\\\/\\\/jornaldasoficinas.com\\\/pt\\\/wp-content\\\/uploads\\\/logoJO-SEO.png\",\"width\":285,\"height\":450,\"caption\":\"Jornal das Oficinas\"},\"image\":{\"@id\":\"https:\\\/\\\/jornaldasoficinas.com\\\/pt\\\/#\\\/schema\\\/logo\\\/image\\\/\"},\"sameAs\":[\"https:\\\/\\\/www.facebook.com\\\/jornaloficinas\",\"https:\\\/\\\/x.com\\\/jornaloficinas\",\"https:\\\/\\\/www.instagram.com\\\/jornal_oficinas\\\/\",\"https:\\\/\\\/www.linkedin.com\\\/company\\\/jornal-das-oficinas\\\/\",\"https:\\\/\\\/www.youtube.com\\\/channel\\\/UCbQZBqtcvV-oSQrr7RzINGg\"]},{\"@type\":\"Person\",\"@id\":\"https:\\\/\\\/jornaldasoficinas.com\\\/pt\\\/#\\\/schema\\\/person\\\/a38eef5de2c41d9e7c9ac10141afddf3\",\"name\":\"Reda\u00e7\u00e3o JO\",\"image\":{\"@type\":\"ImageObject\",\"inLanguage\":\"pt-PT\",\"@id\":\"https:\\\/\\\/secure.gravatar.com\\\/avatar\\\/71f2fa71737ad68a84fea94bc708ddac8ea5b0c4788dc2ad202f3ccb2887742f?s=96&d=wp_user_avatar&r=g\",\"url\":\"https:\\\/\\\/secure.gravatar.com\\\/avatar\\\/71f2fa71737ad68a84fea94bc708ddac8ea5b0c4788dc2ad202f3ccb2887742f?s=96&d=wp_user_avatar&r=g\",\"contentUrl\":\"https:\\\/\\\/secure.gravatar.com\\\/avatar\\\/71f2fa71737ad68a84fea94bc708ddac8ea5b0c4788dc2ad202f3ccb2887742f?s=96&d=wp_user_avatar&r=g\",\"caption\":\"Reda\u00e7\u00e3o JO\"},\"url\":\"https:\\\/\\\/jornaldasoficinas.com\\\/pt\\\/author\\\/joredacao\\\/\"}]}<\/script>\n<!-- \/ Yoast SEO plugin. -->","yoast_head_json":{"title":"Auto Val\u00e9rio Manata celebra 60 anos de hist\u00f3ria - Jornal das Oficinas","description":"A Auto Val\u00e9rio Manata celebrou, nas suas instala\u00e7\u00f5es em Mem Martins, seis d\u00e9cadas de atividade ininterrupta, num ambiente de grande festa","robots":{"index":"index","follow":"follow","max-snippet":"max-snippet:-1","max-image-preview":"max-image-preview:large","max-video-preview":"max-video-preview:-1"},"canonical":"https:\/\/jornaldasoficinas.com\/pt\/auto-valerio-manata-celebra-60-anos-de-historia\/","og_locale":"pt_PT","og_type":"article","og_title":"Auto Val\u00e9rio Manata celebra 60 anos de hist\u00f3ria - Jornal das Oficinas","og_description":"A Auto Val\u00e9rio Manata celebrou, nas suas instala\u00e7\u00f5es em Mem Martins, seis d\u00e9cadas de atividade ininterrupta, num ambiente de grande festa","og_url":"https:\/\/jornaldasoficinas.com\/pt\/auto-valerio-manata-celebra-60-anos-de-historia\/","og_site_name":"Jornal das Oficinas","article_publisher":"https:\/\/www.facebook.com\/jornaloficinas","article_published_time":"2025-10-27T12:30:52+00:00","og_image":[{"width":1024,"height":581,"url":"https:\/\/jornaldasoficinas.com\/pt\/wp-content\/uploads\/2025\/10\/Auto-Valerio-Manata-celebra-60-anos-de-historia-1.jpg","type":"image\/jpeg"}],"author":"Reda\u00e7\u00e3o JO","twitter_card":"summary_large_image","twitter_creator":"@jornaloficinas","twitter_site":"@jornaloficinas","twitter_misc":{"Escrito por":"Reda\u00e7\u00e3o JO","Tempo estimado de leitura":"3 minutos"},"schema":{"@context":"https:\/\/schema.org","@graph":[{"@type":"Article","@id":"https:\/\/jornaldasoficinas.com\/pt\/auto-valerio-manata-celebra-60-anos-de-historia\/#article","isPartOf":{"@id":"https:\/\/jornaldasoficinas.com\/pt\/auto-valerio-manata-celebra-60-anos-de-historia\/"},"author":{"name":"Reda\u00e7\u00e3o JO","@id":"https:\/\/jornaldasoficinas.com\/pt\/#\/schema\/person\/a38eef5de2c41d9e7c9ac10141afddf3"},"headline":"Auto Val\u00e9rio Manata celebra 60 anos de hist\u00f3ria","datePublished":"2025-10-27T12:30:52+00:00","mainEntityOfPage":{"@id":"https:\/\/jornaldasoficinas.com\/pt\/auto-valerio-manata-celebra-60-anos-de-historia\/"},"wordCount":530,"publisher":{"@id":"https:\/\/jornaldasoficinas.com\/pt\/#organization"},"image":{"@id":"https:\/\/jornaldasoficinas.com\/pt\/auto-valerio-manata-celebra-60-anos-de-historia\/#primaryimage"},"thumbnailUrl":"https:\/\/jornaldasoficinas.com\/pt\/wp-content\/uploads\/2025\/10\/Auto-Valerio-Manata-celebra-60-anos-de-historia-1.jpg","keywords":["60 anos","Anivers\u00e1rio","Auto Val\u00e9rio Manata","empresa familiar","festa","Paulo Manata","Repara\u00e7\u00e3o autom\u00f3vel"],"articleSection":["Empresas"],"inLanguage":"pt-PT"},{"@type":"WebPage","@id":"https:\/\/jornaldasoficinas.com\/pt\/auto-valerio-manata-celebra-60-anos-de-historia\/","url":"https:\/\/jornaldasoficinas.com\/pt\/auto-valerio-manata-celebra-60-anos-de-historia\/","name":"Auto Val\u00e9rio Manata celebra 60 anos de hist\u00f3ria - Jornal das Oficinas","isPartOf":{"@id":"https:\/\/jornaldasoficinas.com\/pt\/#website"},"primaryImageOfPage":{"@id":"https:\/\/jornaldasoficinas.com\/pt\/auto-valerio-manata-celebra-60-anos-de-historia\/#primaryimage"},"image":{"@id":"https:\/\/jornaldasoficinas.com\/pt\/auto-valerio-manata-celebra-60-anos-de-historia\/#primaryimage"},"thumbnailUrl":"https:\/\/jornaldasoficinas.com\/pt\/wp-content\/uploads\/2025\/10\/Auto-Valerio-Manata-celebra-60-anos-de-historia-1.jpg","datePublished":"2025-10-27T12:30:52+00:00","description":"A Auto Val\u00e9rio Manata celebrou, nas suas instala\u00e7\u00f5es em Mem Martins, seis d\u00e9cadas de atividade ininterrupta, num ambiente de grande festa","breadcrumb":{"@id":"https:\/\/jornaldasoficinas.com\/pt\/auto-valerio-manata-celebra-60-anos-de-historia\/#breadcrumb"},"inLanguage":"pt-PT","potentialAction":[{"@type":"ReadAction","target":["https:\/\/jornaldasoficinas.com\/pt\/auto-valerio-manata-celebra-60-anos-de-historia\/"]}]},{"@type":"ImageObject","inLanguage":"pt-PT","@id":"https:\/\/jornaldasoficinas.com\/pt\/auto-valerio-manata-celebra-60-anos-de-historia\/#primaryimage","url":"https:\/\/jornaldasoficinas.com\/pt\/wp-content\/uploads\/2025\/10\/Auto-Valerio-Manata-celebra-60-anos-de-historia-1.jpg","contentUrl":"https:\/\/jornaldasoficinas.com\/pt\/wp-content\/uploads\/2025\/10\/Auto-Valerio-Manata-celebra-60-anos-de-historia-1.jpg","width":1024,"height":581,"caption":"10 - Auto Valerio Manata celebra 60 anos de historia 1"},{"@type":"BreadcrumbList","@id":"https:\/\/jornaldasoficinas.com\/pt\/auto-valerio-manata-celebra-60-anos-de-historia\/#breadcrumb","itemListElement":[{"@type":"ListItem","position":1,"name":"In\u00edcio","item":"https:\/\/jornaldasoficinas.com\/pt\/"},{"@type":"ListItem","position":2,"name":"Auto Val\u00e9rio Manata celebra 60 anos de hist\u00f3ria"}]},{"@type":"WebSite","@id":"https:\/\/jornaldasoficinas.com\/pt\/#website","url":"https:\/\/jornaldasoficinas.com\/pt\/","name":"Jornal das Oficinas","description":"Jornal independente do Aftermarket Autom\u00f3vel em Portugal","publisher":{"@id":"https:\/\/jornaldasoficinas.com\/pt\/#organization"},"potentialAction":[{"@type":"SearchAction","target":{"@type":"EntryPoint","urlTemplate":"https:\/\/jornaldasoficinas.com\/pt\/?s={search_term_string}"},"query-input":{"@type":"PropertyValueSpecification","valueRequired":true,"valueName":"search_term_string"}}],"inLanguage":"pt-PT"},{"@type":"Organization","@id":"https:\/\/jornaldasoficinas.com\/pt\/#organization","name":"Jornal das Oficinas","url":"https:\/\/jornaldasoficinas.com\/pt\/","logo":{"@type":"ImageObject","inLanguage":"pt-PT","@id":"https:\/\/jornaldasoficinas.com\/pt\/#\/schema\/logo\/image\/","url":"https:\/\/jornaldasoficinas.com\/pt\/wp-content\/uploads\/logoJO-SEO.png","contentUrl":"https:\/\/jornaldasoficinas.com\/pt\/wp-content\/uploads\/logoJO-SEO.png","width":285,"height":450,"caption":"Jornal das Oficinas"},"image":{"@id":"https:\/\/jornaldasoficinas.com\/pt\/#\/schema\/logo\/image\/"},"sameAs":["https:\/\/www.facebook.com\/jornaloficinas","https:\/\/x.com\/jornaloficinas","https:\/\/www.instagram.com\/jornal_oficinas\/","https:\/\/www.linkedin.com\/company\/jornal-das-oficinas\/","https:\/\/www.youtube.com\/channel\/UCbQZBqtcvV-oSQrr7RzINGg"]},{"@type":"Person","@id":"https:\/\/jornaldasoficinas.com\/pt\/#\/schema\/person\/a38eef5de2c41d9e7c9ac10141afddf3","name":"Reda\u00e7\u00e3o JO","image":{"@type":"ImageObject","inLanguage":"pt-PT","@id":"https:\/\/secure.gravatar.com\/avatar\/71f2fa71737ad68a84fea94bc708ddac8ea5b0c4788dc2ad202f3ccb2887742f?s=96&d=wp_user_avatar&r=g","url":"https:\/\/secure.gravatar.com\/avatar\/71f2fa71737ad68a84fea94bc708ddac8ea5b0c4788dc2ad202f3ccb2887742f?s=96&d=wp_user_avatar&r=g","contentUrl":"https:\/\/secure.gravatar.com\/avatar\/71f2fa71737ad68a84fea94bc708ddac8ea5b0c4788dc2ad202f3ccb2887742f?s=96&d=wp_user_avatar&r=g","caption":"Reda\u00e7\u00e3o JO"},"url":"https:\/\/jornaldasoficinas.com\/pt\/author\/joredacao\/"}]}},"_links":{"self":[{"href":"https:\/\/jornaldasoficinas.com\/pt\/wp-json\/wp\/v2\/posts\/108514","targetHints":{"allow":["GET"]}}],"collection":[{"href":"https:\/\/jornaldasoficinas.com\/pt\/wp-json\/wp\/v2\/posts"}],"about":[{"href":"https:\/\/jornaldasoficinas.com\/pt\/wp-json\/wp\/v2\/types\/post"}],"author":[{"embeddable":true,"href":"https:\/\/jornaldasoficinas.com\/pt\/wp-json\/wp\/v2\/users\/15"}],"replies":[{"embeddable":true,"href":"https:\/\/jornaldasoficinas.com\/pt\/wp-json\/wp\/v2\/comments?post=108514"}],"version-history":[{"count":6,"href":"https:\/\/jornaldasoficinas.com\/pt\/wp-json\/wp\/v2\/posts\/108514\/revisions"}],"predecessor-version":[{"id":108537,"href":"https:\/\/jornaldasoficinas.com\/pt\/wp-json\/wp\/v2\/posts\/108514\/revisions\/108537"}],"wp:featuredmedia":[{"embeddable":true,"href":"https:\/\/jornaldasoficinas.com\/pt\/wp-json\/wp\/v2\/media\/108534"}],"wp:attachment":[{"href":"https:\/\/jornaldasoficinas.com\/pt\/wp-json\/wp\/v2\/media?parent=108514"}],"wp:term":[{"taxonomy":"category","embeddable":true,"href":"https:\/\/jornaldasoficinas.com\/pt\/wp-json\/wp\/v2\/categories?post=108514"},{"taxonomy":"post_tag","embeddable":true,"href":"https:\/\/jornaldasoficinas.com\/pt\/wp-json\/wp\/v2\/tags?post=108514"}],"curies":[{"name":"wp","href":"https:\/\/api.w.org\/{rel}","templated":true}]}}