{"id":10858,"date":"2020-03-15T23:43:00","date_gmt":"2020-03-15T23:43:00","guid":{"rendered":"https:\/\/jornaldasoficinas.com\/pt\/?p=10858"},"modified":"2020-03-15T23:43:00","modified_gmt":"2020-03-15T23:43:00","slug":"cetraa-e-conepa-emitem-comunicado-sobre-estado-de-emergencia-em-espanha","status":"publish","type":"post","link":"https:\/\/jornaldasoficinas.com\/pt\/cetraa-e-conepa-emitem-comunicado-sobre-estado-de-emergencia-em-espanha\/","title":{"rendered":"CETRAA e CONEPA emitem comunicado sobre Estado de Emerg\u00eancia em Espanha"},"content":{"rendered":"<p><img loading=\"lazy\" decoding=\"async\" class=\"alignnone wp-image-10857 size-full\" src=\"https:\/\/jornaldasoficinas.com\/pt\/wp-content\/uploads\/2020\/03\/cettraconepacoronavirus.png\" alt=\"03 - cettraconepacoronavirus\" width=\"1024\" height=\"581\" srcset=\"https:\/\/jornaldasoficinas.com\/pt\/wp-content\/uploads\/2020\/03\/cettraconepacoronavirus.png 1024w, https:\/\/jornaldasoficinas.com\/pt\/wp-content\/uploads\/2020\/03\/cettraconepacoronavirus-300x170.png 300w, https:\/\/jornaldasoficinas.com\/pt\/wp-content\/uploads\/2020\/03\/cettraconepacoronavirus-150x85.png 150w, https:\/\/jornaldasoficinas.com\/pt\/wp-content\/uploads\/2020\/03\/cettraconepacoronavirus-768x436.png 768w\" sizes=\"auto, (max-width: 1024px) 100vw, 1024px\" \/><\/p>\n<p><strong>Documento informa as oficinas sobre a aplica\u00e7\u00e3o do Decreto-Lei 463\/2020, de 14 de mar\u00e7o, que declara o Estado de Emerg\u00eancia para gerir a situa\u00e7\u00e3o de crise de sa\u00fade p\u00fablica causada pelo coronav\u00edrus (Covid-19).<\/strong><\/p>\n<p>Ap\u00f3s analisar em profundidade cada ponto do DL 463\/2020, a CETRAA (Confederaci\u00f3n Espa\u00f1ola de Talleres de Reparaci\u00f3n de Autom\u00f3viles y Afines) e a CONEPA (Federaci\u00f3n Espa\u00f1ola de Empresarios Profesionales de Automoci\u00f3n) entendem que as oficinas de repara\u00e7\u00e3o e manuten\u00e7\u00e3o de ve\u00edculos est\u00e3o inclu\u00eddas nos servi\u00e7os essenciais que a sociedade espanhola necessita para preservar os servi\u00e7os de transporte e a mobilidade inclu\u00eddos no artigo 7 do documento jur\u00eddico.<\/p>\n<p>Como tal, no entender das duas entidades, os estabelecimentos do setor deveriam abrir as suas portas no dia 16 de mar\u00e7o, para continuar a dar aos espanh\u00f3is o importante apoio que estes necessitam neste momento.<\/p>\n<p>No entanto, para ratificar os seus planeamentos, a <a href=\"https:\/\/www.cetraa.com\/\" target=\"_blank\" rel=\"noopener noreferrer\">CETRAA<\/a> e a <a href=\"http:\/\/www.conepa.org\/\" target=\"_blank\" rel=\"noopener noreferrer\">CONEPA<\/a> consultaram as autoridades competentes, conforme estabelecido pelo mesmo texto de refer\u00eancia. As consultas j\u00e1 feitas aos Minist\u00e9rios da Sa\u00fade, Transportes, Mobilidade e Agenda Urbana e Interior, ao abrigo do Estado de Emerg\u00eancia, s\u00e3o os seguintes:<\/p>\n<p>Com o Decreto-Lei 463\/2020, de 14 de mar\u00e7o, do Governo Espanhol, e entendendo que as oficinas de repara\u00e7\u00e3o e manuten\u00e7\u00e3o de ve\u00edculos pertencem ao grupo de estabelecimentos comerciais de retalho de produtos e bens de primeira necessidade (artigo 10.1):<\/p>\n<p>\u2022 Podem as oficinas de repara\u00e7\u00e3o e manuten\u00e7\u00e3o de ve\u00edculos abrir portas a 16 de mar\u00e7o?<\/p>\n<p>\u2022 Podem as oficinas receber produtos de fornecedores para realizar as suas atividades?<\/p>\n<p>\u2022 Podem as pessoas que necessitam destes servi\u00e7os deslocar-se \u00e0s oficinas?<\/p>\n<p>\u00c0 espera de respostas conclusivas, as duas entidades aconselham as oficinas a abrirem as suas portas no dia 16 de mar\u00e7o para cumprirem a importante fun\u00e7\u00e3o social que t\u00eam. Se as autoridades assim n\u00e3o o entenderem, a CETRAA e a CONEPA esperam que sejam elas as respons\u00e1veis \u200b\u200bpor darem a ordem de encerramento.<\/p>\n","protected":false},"excerpt":{"rendered":"<p>Documento informa as oficinas sobre a&#8230;<\/p>\n","protected":false},"author":15,"featured_media":10857,"comment_status":"closed","ping_status":"closed","sticky":false,"template":"","format":"standard","meta":{"footnotes":""},"categories":[37],"tags":[1313,1654,1790,1789],"class_list":["post-10858","post","type-post","status-publish","format-standard","has-post-thumbnail","hentry","category-mercado","tag-cetraa","tag-conepa","tag-coronavirus","tag-covid-19"],"yoast_head":"<!-- This site is optimized with the Yoast SEO plugin v27.4 - https:\/\/yoast.com\/product\/yoast-seo-wordpress\/ -->\n<title>CETRAA e CONEPA emitem comunicado sobre Estado de Emerg\u00eancia em Espanha - Jornal das Oficinas<\/title>\n<meta name=\"robots\" content=\"index, follow, max-snippet:-1, max-image-preview:large, max-video-preview:-1\" \/>\n<link rel=\"canonical\" href=\"https:\/\/jornaldasoficinas.com\/pt\/cetraa-e-conepa-emitem-comunicado-sobre-estado-de-emergencia-em-espanha\/\" \/>\n<meta property=\"og:locale\" content=\"pt_PT\" \/>\n<meta property=\"og:type\" content=\"article\" \/>\n<meta property=\"og:title\" content=\"CETRAA e CONEPA emitem comunicado sobre Estado de Emerg\u00eancia em Espanha - Jornal das Oficinas\" \/>\n<meta property=\"og:description\" content=\"Documento informa as oficinas sobre a...\" \/>\n<meta property=\"og:url\" content=\"https:\/\/jornaldasoficinas.com\/pt\/cetraa-e-conepa-emitem-comunicado-sobre-estado-de-emergencia-em-espanha\/\" \/>\n<meta property=\"og:site_name\" content=\"Jornal das Oficinas\" \/>\n<meta property=\"article:publisher\" content=\"https:\/\/www.facebook.com\/jornaloficinas\" \/>\n<meta property=\"article:published_time\" content=\"2020-03-15T23:43:00+00:00\" \/>\n<meta property=\"og:image\" content=\"https:\/\/jornaldasoficinas.com\/pt\/wp-content\/uploads\/2020\/03\/cettraconepacoronavirus.png\" \/>\n\t<meta property=\"og:image:width\" content=\"1024\" \/>\n\t<meta property=\"og:image:height\" content=\"581\" \/>\n\t<meta property=\"og:image:type\" content=\"image\/png\" \/>\n<meta name=\"author\" content=\"Reda\u00e7\u00e3o JO\" \/>\n<meta name=\"twitter:card\" content=\"summary_large_image\" \/>\n<meta name=\"twitter:creator\" content=\"@jornaloficinas\" \/>\n<meta name=\"twitter:site\" content=\"@jornaloficinas\" \/>\n<meta name=\"twitter:label1\" content=\"Escrito por\" \/>\n\t<meta name=\"twitter:data1\" content=\"Reda\u00e7\u00e3o JO\" \/>\n\t<meta name=\"twitter:label2\" content=\"Tempo estimado de leitura\" \/>\n\t<meta name=\"twitter:data2\" content=\"2 minutos\" \/>\n<script type=\"application\/ld+json\" class=\"yoast-schema-graph\">{\"@context\":\"https:\\\/\\\/schema.org\",\"@graph\":[{\"@type\":\"Article\",\"@id\":\"https:\\\/\\\/jornaldasoficinas.com\\\/pt\\\/cetraa-e-conepa-emitem-comunicado-sobre-estado-de-emergencia-em-espanha\\\/#article\",\"isPartOf\":{\"@id\":\"https:\\\/\\\/jornaldasoficinas.com\\\/pt\\\/cetraa-e-conepa-emitem-comunicado-sobre-estado-de-emergencia-em-espanha\\\/\"},\"author\":{\"name\":\"Reda\u00e7\u00e3o JO\",\"@id\":\"https:\\\/\\\/jornaldasoficinas.com\\\/pt\\\/#\\\/schema\\\/person\\\/a38eef5de2c41d9e7c9ac10141afddf3\"},\"headline\":\"CETRAA e CONEPA emitem comunicado sobre Estado de Emerg\u00eancia em Espanha\",\"datePublished\":\"2020-03-15T23:43:00+00:00\",\"mainEntityOfPage\":{\"@id\":\"https:\\\/\\\/jornaldasoficinas.com\\\/pt\\\/cetraa-e-conepa-emitem-comunicado-sobre-estado-de-emergencia-em-espanha\\\/\"},\"wordCount\":357,\"publisher\":{\"@id\":\"https:\\\/\\\/jornaldasoficinas.com\\\/pt\\\/#organization\"},\"image\":{\"@id\":\"https:\\\/\\\/jornaldasoficinas.com\\\/pt\\\/cetraa-e-conepa-emitem-comunicado-sobre-estado-de-emergencia-em-espanha\\\/#primaryimage\"},\"thumbnailUrl\":\"https:\\\/\\\/jornaldasoficinas.com\\\/pt\\\/wp-content\\\/uploads\\\/2020\\\/03\\\/cettraconepacoronavirus.png\",\"keywords\":[\"CETRAA\",\"CONEPA\",\"Coronav\u00edrus\",\"COVID-19\"],\"articleSection\":[\"Mercado\"],\"inLanguage\":\"pt-PT\"},{\"@type\":\"WebPage\",\"@id\":\"https:\\\/\\\/jornaldasoficinas.com\\\/pt\\\/cetraa-e-conepa-emitem-comunicado-sobre-estado-de-emergencia-em-espanha\\\/\",\"url\":\"https:\\\/\\\/jornaldasoficinas.com\\\/pt\\\/cetraa-e-conepa-emitem-comunicado-sobre-estado-de-emergencia-em-espanha\\\/\",\"name\":\"CETRAA e CONEPA emitem comunicado sobre Estado de Emerg\u00eancia em Espanha - Jornal das Oficinas\",\"isPartOf\":{\"@id\":\"https:\\\/\\\/jornaldasoficinas.com\\\/pt\\\/#website\"},\"primaryImageOfPage\":{\"@id\":\"https:\\\/\\\/jornaldasoficinas.com\\\/pt\\\/cetraa-e-conepa-emitem-comunicado-sobre-estado-de-emergencia-em-espanha\\\/#primaryimage\"},\"image\":{\"@id\":\"https:\\\/\\\/jornaldasoficinas.com\\\/pt\\\/cetraa-e-conepa-emitem-comunicado-sobre-estado-de-emergencia-em-espanha\\\/#primaryimage\"},\"thumbnailUrl\":\"https:\\\/\\\/jornaldasoficinas.com\\\/pt\\\/wp-content\\\/uploads\\\/2020\\\/03\\\/cettraconepacoronavirus.png\",\"datePublished\":\"2020-03-15T23:43:00+00:00\",\"breadcrumb\":{\"@id\":\"https:\\\/\\\/jornaldasoficinas.com\\\/pt\\\/cetraa-e-conepa-emitem-comunicado-sobre-estado-de-emergencia-em-espanha\\\/#breadcrumb\"},\"inLanguage\":\"pt-PT\",\"potentialAction\":[{\"@type\":\"ReadAction\",\"target\":[\"https:\\\/\\\/jornaldasoficinas.com\\\/pt\\\/cetraa-e-conepa-emitem-comunicado-sobre-estado-de-emergencia-em-espanha\\\/\"]}]},{\"@type\":\"ImageObject\",\"inLanguage\":\"pt-PT\",\"@id\":\"https:\\\/\\\/jornaldasoficinas.com\\\/pt\\\/cetraa-e-conepa-emitem-comunicado-sobre-estado-de-emergencia-em-espanha\\\/#primaryimage\",\"url\":\"https:\\\/\\\/jornaldasoficinas.com\\\/pt\\\/wp-content\\\/uploads\\\/2020\\\/03\\\/cettraconepacoronavirus.png\",\"contentUrl\":\"https:\\\/\\\/jornaldasoficinas.com\\\/pt\\\/wp-content\\\/uploads\\\/2020\\\/03\\\/cettraconepacoronavirus.png\",\"width\":1024,\"height\":581,\"caption\":\"03 - cettraconepacoronavirus\"},{\"@type\":\"BreadcrumbList\",\"@id\":\"https:\\\/\\\/jornaldasoficinas.com\\\/pt\\\/cetraa-e-conepa-emitem-comunicado-sobre-estado-de-emergencia-em-espanha\\\/#breadcrumb\",\"itemListElement\":[{\"@type\":\"ListItem\",\"position\":1,\"name\":\"In\u00edcio\",\"item\":\"https:\\\/\\\/jornaldasoficinas.com\\\/pt\\\/\"},{\"@type\":\"ListItem\",\"position\":2,\"name\":\"CETRAA e CONEPA emitem comunicado sobre Estado de Emerg\u00eancia em Espanha\"}]},{\"@type\":\"WebSite\",\"@id\":\"https:\\\/\\\/jornaldasoficinas.com\\\/pt\\\/#website\",\"url\":\"https:\\\/\\\/jornaldasoficinas.com\\\/pt\\\/\",\"name\":\"Jornal das Oficinas\",\"description\":\"Jornal independente do Aftermarket Autom\u00f3vel em Portugal\",\"publisher\":{\"@id\":\"https:\\\/\\\/jornaldasoficinas.com\\\/pt\\\/#organization\"},\"potentialAction\":[{\"@type\":\"SearchAction\",\"target\":{\"@type\":\"EntryPoint\",\"urlTemplate\":\"https:\\\/\\\/jornaldasoficinas.com\\\/pt\\\/?s={search_term_string}\"},\"query-input\":{\"@type\":\"PropertyValueSpecification\",\"valueRequired\":true,\"valueName\":\"search_term_string\"}}],\"inLanguage\":\"pt-PT\"},{\"@type\":\"Organization\",\"@id\":\"https:\\\/\\\/jornaldasoficinas.com\\\/pt\\\/#organization\",\"name\":\"Jornal das Oficinas\",\"url\":\"https:\\\/\\\/jornaldasoficinas.com\\\/pt\\\/\",\"logo\":{\"@type\":\"ImageObject\",\"inLanguage\":\"pt-PT\",\"@id\":\"https:\\\/\\\/jornaldasoficinas.com\\\/pt\\\/#\\\/schema\\\/logo\\\/image\\\/\",\"url\":\"https:\\\/\\\/jornaldasoficinas.com\\\/pt\\\/wp-content\\\/uploads\\\/logoJO-SEO.png\",\"contentUrl\":\"https:\\\/\\\/jornaldasoficinas.com\\\/pt\\\/wp-content\\\/uploads\\\/logoJO-SEO.png\",\"width\":285,\"height\":450,\"caption\":\"Jornal das Oficinas\"},\"image\":{\"@id\":\"https:\\\/\\\/jornaldasoficinas.com\\\/pt\\\/#\\\/schema\\\/logo\\\/image\\\/\"},\"sameAs\":[\"https:\\\/\\\/www.facebook.com\\\/jornaloficinas\",\"https:\\\/\\\/x.com\\\/jornaloficinas\",\"https:\\\/\\\/www.instagram.com\\\/jornal_oficinas\\\/\",\"https:\\\/\\\/www.linkedin.com\\\/company\\\/jornal-das-oficinas\\\/\",\"https:\\\/\\\/www.youtube.com\\\/channel\\\/UCbQZBqtcvV-oSQrr7RzINGg\"]},{\"@type\":\"Person\",\"@id\":\"https:\\\/\\\/jornaldasoficinas.com\\\/pt\\\/#\\\/schema\\\/person\\\/a38eef5de2c41d9e7c9ac10141afddf3\",\"name\":\"Reda\u00e7\u00e3o JO\",\"image\":{\"@type\":\"ImageObject\",\"inLanguage\":\"pt-PT\",\"@id\":\"https:\\\/\\\/secure.gravatar.com\\\/avatar\\\/71f2fa71737ad68a84fea94bc708ddac8ea5b0c4788dc2ad202f3ccb2887742f?s=96&d=wp_user_avatar&r=g\",\"url\":\"https:\\\/\\\/secure.gravatar.com\\\/avatar\\\/71f2fa71737ad68a84fea94bc708ddac8ea5b0c4788dc2ad202f3ccb2887742f?s=96&d=wp_user_avatar&r=g\",\"contentUrl\":\"https:\\\/\\\/secure.gravatar.com\\\/avatar\\\/71f2fa71737ad68a84fea94bc708ddac8ea5b0c4788dc2ad202f3ccb2887742f?s=96&d=wp_user_avatar&r=g\",\"caption\":\"Reda\u00e7\u00e3o JO\"},\"url\":\"https:\\\/\\\/jornaldasoficinas.com\\\/pt\\\/author\\\/joredacao\\\/\"}]}<\/script>\n<!-- \/ Yoast SEO plugin. -->","yoast_head_json":{"title":"CETRAA e CONEPA emitem comunicado sobre Estado de Emerg\u00eancia em Espanha - Jornal das Oficinas","robots":{"index":"index","follow":"follow","max-snippet":"max-snippet:-1","max-image-preview":"max-image-preview:large","max-video-preview":"max-video-preview:-1"},"canonical":"https:\/\/jornaldasoficinas.com\/pt\/cetraa-e-conepa-emitem-comunicado-sobre-estado-de-emergencia-em-espanha\/","og_locale":"pt_PT","og_type":"article","og_title":"CETRAA e CONEPA emitem comunicado sobre Estado de Emerg\u00eancia em Espanha - Jornal das Oficinas","og_description":"Documento informa as oficinas sobre a...","og_url":"https:\/\/jornaldasoficinas.com\/pt\/cetraa-e-conepa-emitem-comunicado-sobre-estado-de-emergencia-em-espanha\/","og_site_name":"Jornal das Oficinas","article_publisher":"https:\/\/www.facebook.com\/jornaloficinas","article_published_time":"2020-03-15T23:43:00+00:00","og_image":[{"width":1024,"height":581,"url":"https:\/\/jornaldasoficinas.com\/pt\/wp-content\/uploads\/2020\/03\/cettraconepacoronavirus.png","type":"image\/png"}],"author":"Reda\u00e7\u00e3o JO","twitter_card":"summary_large_image","twitter_creator":"@jornaloficinas","twitter_site":"@jornaloficinas","twitter_misc":{"Escrito por":"Reda\u00e7\u00e3o JO","Tempo estimado de leitura":"2 minutos"},"schema":{"@context":"https:\/\/schema.org","@graph":[{"@type":"Article","@id":"https:\/\/jornaldasoficinas.com\/pt\/cetraa-e-conepa-emitem-comunicado-sobre-estado-de-emergencia-em-espanha\/#article","isPartOf":{"@id":"https:\/\/jornaldasoficinas.com\/pt\/cetraa-e-conepa-emitem-comunicado-sobre-estado-de-emergencia-em-espanha\/"},"author":{"name":"Reda\u00e7\u00e3o JO","@id":"https:\/\/jornaldasoficinas.com\/pt\/#\/schema\/person\/a38eef5de2c41d9e7c9ac10141afddf3"},"headline":"CETRAA e CONEPA emitem comunicado sobre Estado de Emerg\u00eancia em Espanha","datePublished":"2020-03-15T23:43:00+00:00","mainEntityOfPage":{"@id":"https:\/\/jornaldasoficinas.com\/pt\/cetraa-e-conepa-emitem-comunicado-sobre-estado-de-emergencia-em-espanha\/"},"wordCount":357,"publisher":{"@id":"https:\/\/jornaldasoficinas.com\/pt\/#organization"},"image":{"@id":"https:\/\/jornaldasoficinas.com\/pt\/cetraa-e-conepa-emitem-comunicado-sobre-estado-de-emergencia-em-espanha\/#primaryimage"},"thumbnailUrl":"https:\/\/jornaldasoficinas.com\/pt\/wp-content\/uploads\/2020\/03\/cettraconepacoronavirus.png","keywords":["CETRAA","CONEPA","Coronav\u00edrus","COVID-19"],"articleSection":["Mercado"],"inLanguage":"pt-PT"},{"@type":"WebPage","@id":"https:\/\/jornaldasoficinas.com\/pt\/cetraa-e-conepa-emitem-comunicado-sobre-estado-de-emergencia-em-espanha\/","url":"https:\/\/jornaldasoficinas.com\/pt\/cetraa-e-conepa-emitem-comunicado-sobre-estado-de-emergencia-em-espanha\/","name":"CETRAA e CONEPA emitem comunicado sobre Estado de Emerg\u00eancia em Espanha - Jornal das Oficinas","isPartOf":{"@id":"https:\/\/jornaldasoficinas.com\/pt\/#website"},"primaryImageOfPage":{"@id":"https:\/\/jornaldasoficinas.com\/pt\/cetraa-e-conepa-emitem-comunicado-sobre-estado-de-emergencia-em-espanha\/#primaryimage"},"image":{"@id":"https:\/\/jornaldasoficinas.com\/pt\/cetraa-e-conepa-emitem-comunicado-sobre-estado-de-emergencia-em-espanha\/#primaryimage"},"thumbnailUrl":"https:\/\/jornaldasoficinas.com\/pt\/wp-content\/uploads\/2020\/03\/cettraconepacoronavirus.png","datePublished":"2020-03-15T23:43:00+00:00","breadcrumb":{"@id":"https:\/\/jornaldasoficinas.com\/pt\/cetraa-e-conepa-emitem-comunicado-sobre-estado-de-emergencia-em-espanha\/#breadcrumb"},"inLanguage":"pt-PT","potentialAction":[{"@type":"ReadAction","target":["https:\/\/jornaldasoficinas.com\/pt\/cetraa-e-conepa-emitem-comunicado-sobre-estado-de-emergencia-em-espanha\/"]}]},{"@type":"ImageObject","inLanguage":"pt-PT","@id":"https:\/\/jornaldasoficinas.com\/pt\/cetraa-e-conepa-emitem-comunicado-sobre-estado-de-emergencia-em-espanha\/#primaryimage","url":"https:\/\/jornaldasoficinas.com\/pt\/wp-content\/uploads\/2020\/03\/cettraconepacoronavirus.png","contentUrl":"https:\/\/jornaldasoficinas.com\/pt\/wp-content\/uploads\/2020\/03\/cettraconepacoronavirus.png","width":1024,"height":581,"caption":"03 - cettraconepacoronavirus"},{"@type":"BreadcrumbList","@id":"https:\/\/jornaldasoficinas.com\/pt\/cetraa-e-conepa-emitem-comunicado-sobre-estado-de-emergencia-em-espanha\/#breadcrumb","itemListElement":[{"@type":"ListItem","position":1,"name":"In\u00edcio","item":"https:\/\/jornaldasoficinas.com\/pt\/"},{"@type":"ListItem","position":2,"name":"CETRAA e CONEPA emitem comunicado sobre Estado de Emerg\u00eancia em Espanha"}]},{"@type":"WebSite","@id":"https:\/\/jornaldasoficinas.com\/pt\/#website","url":"https:\/\/jornaldasoficinas.com\/pt\/","name":"Jornal das Oficinas","description":"Jornal independente do Aftermarket Autom\u00f3vel em Portugal","publisher":{"@id":"https:\/\/jornaldasoficinas.com\/pt\/#organization"},"potentialAction":[{"@type":"SearchAction","target":{"@type":"EntryPoint","urlTemplate":"https:\/\/jornaldasoficinas.com\/pt\/?s={search_term_string}"},"query-input":{"@type":"PropertyValueSpecification","valueRequired":true,"valueName":"search_term_string"}}],"inLanguage":"pt-PT"},{"@type":"Organization","@id":"https:\/\/jornaldasoficinas.com\/pt\/#organization","name":"Jornal das Oficinas","url":"https:\/\/jornaldasoficinas.com\/pt\/","logo":{"@type":"ImageObject","inLanguage":"pt-PT","@id":"https:\/\/jornaldasoficinas.com\/pt\/#\/schema\/logo\/image\/","url":"https:\/\/jornaldasoficinas.com\/pt\/wp-content\/uploads\/logoJO-SEO.png","contentUrl":"https:\/\/jornaldasoficinas.com\/pt\/wp-content\/uploads\/logoJO-SEO.png","width":285,"height":450,"caption":"Jornal das Oficinas"},"image":{"@id":"https:\/\/jornaldasoficinas.com\/pt\/#\/schema\/logo\/image\/"},"sameAs":["https:\/\/www.facebook.com\/jornaloficinas","https:\/\/x.com\/jornaloficinas","https:\/\/www.instagram.com\/jornal_oficinas\/","https:\/\/www.linkedin.com\/company\/jornal-das-oficinas\/","https:\/\/www.youtube.com\/channel\/UCbQZBqtcvV-oSQrr7RzINGg"]},{"@type":"Person","@id":"https:\/\/jornaldasoficinas.com\/pt\/#\/schema\/person\/a38eef5de2c41d9e7c9ac10141afddf3","name":"Reda\u00e7\u00e3o JO","image":{"@type":"ImageObject","inLanguage":"pt-PT","@id":"https:\/\/secure.gravatar.com\/avatar\/71f2fa71737ad68a84fea94bc708ddac8ea5b0c4788dc2ad202f3ccb2887742f?s=96&d=wp_user_avatar&r=g","url":"https:\/\/secure.gravatar.com\/avatar\/71f2fa71737ad68a84fea94bc708ddac8ea5b0c4788dc2ad202f3ccb2887742f?s=96&d=wp_user_avatar&r=g","contentUrl":"https:\/\/secure.gravatar.com\/avatar\/71f2fa71737ad68a84fea94bc708ddac8ea5b0c4788dc2ad202f3ccb2887742f?s=96&d=wp_user_avatar&r=g","caption":"Reda\u00e7\u00e3o JO"},"url":"https:\/\/jornaldasoficinas.com\/pt\/author\/joredacao\/"}]}},"_links":{"self":[{"href":"https:\/\/jornaldasoficinas.com\/pt\/wp-json\/wp\/v2\/posts\/10858","targetHints":{"allow":["GET"]}}],"collection":[{"href":"https:\/\/jornaldasoficinas.com\/pt\/wp-json\/wp\/v2\/posts"}],"about":[{"href":"https:\/\/jornaldasoficinas.com\/pt\/wp-json\/wp\/v2\/types\/post"}],"author":[{"embeddable":true,"href":"https:\/\/jornaldasoficinas.com\/pt\/wp-json\/wp\/v2\/users\/15"}],"replies":[{"embeddable":true,"href":"https:\/\/jornaldasoficinas.com\/pt\/wp-json\/wp\/v2\/comments?post=10858"}],"version-history":[{"count":0,"href":"https:\/\/jornaldasoficinas.com\/pt\/wp-json\/wp\/v2\/posts\/10858\/revisions"}],"wp:featuredmedia":[{"embeddable":true,"href":"https:\/\/jornaldasoficinas.com\/pt\/wp-json\/wp\/v2\/media\/10857"}],"wp:attachment":[{"href":"https:\/\/jornaldasoficinas.com\/pt\/wp-json\/wp\/v2\/media?parent=10858"}],"wp:term":[{"taxonomy":"category","embeddable":true,"href":"https:\/\/jornaldasoficinas.com\/pt\/wp-json\/wp\/v2\/categories?post=10858"},{"taxonomy":"post_tag","embeddable":true,"href":"https:\/\/jornaldasoficinas.com\/pt\/wp-json\/wp\/v2\/tags?post=10858"}],"curies":[{"name":"wp","href":"https:\/\/api.w.org\/{rel}","templated":true}]}}