{"id":108808,"date":"2025-11-03T14:00:05","date_gmt":"2025-11-03T14:00:05","guid":{"rendered":"https:\/\/jornaldasoficinas.com\/pt\/?p=108808"},"modified":"2025-10-31T10:33:32","modified_gmt":"2025-10-31T10:33:32","slug":"fabricantes-automoveis-alertam-para-possivel-escassez-de-chips","status":"publish","type":"post","link":"https:\/\/jornaldasoficinas.com\/pt\/fabricantes-automoveis-alertam-para-possivel-escassez-de-chips\/","title":{"rendered":"Fabricantes autom\u00f3veis alertam para poss\u00edvel escassez de chips"},"content":{"rendered":"<p><strong><img loading=\"lazy\" decoding=\"async\" class=\"alignnone size-full wp-image-108815\" src=\"https:\/\/jornaldasoficinas.com\/pt\/wp-content\/uploads\/2025\/10\/Fabricantes-automoveis-alertam-para-possivel-escassez-de-chips.jpg\" alt=\"10 - Fabricantes automoveis alertam para possivel escassez de chips\" width=\"1024\" height=\"581\" srcset=\"https:\/\/jornaldasoficinas.com\/pt\/wp-content\/uploads\/2025\/10\/Fabricantes-automoveis-alertam-para-possivel-escassez-de-chips.jpg 1024w, https:\/\/jornaldasoficinas.com\/pt\/wp-content\/uploads\/2025\/10\/Fabricantes-automoveis-alertam-para-possivel-escassez-de-chips-300x170.jpg 300w, https:\/\/jornaldasoficinas.com\/pt\/wp-content\/uploads\/2025\/10\/Fabricantes-automoveis-alertam-para-possivel-escassez-de-chips-150x85.jpg 150w, https:\/\/jornaldasoficinas.com\/pt\/wp-content\/uploads\/2025\/10\/Fabricantes-automoveis-alertam-para-possivel-escassez-de-chips-768x436.jpg 768w\" sizes=\"auto, (max-width: 1024px) 100vw, 1024px\" \/><\/strong><\/p>\n<p><strong>A <a href=\"https:\/\/www.clepa.eu\/\" target=\"_blank\" rel=\"noopener\">CLEPA<\/a> alertou para o risco de novas perturba\u00e7\u00f5es na cadeia de abastecimento autom\u00f3vel, ap\u00f3s o Governo neerland\u00eas assumir o controlo da Nexperia, empresa ligada \u00e0 China<\/strong><\/p>\n<p>A Associa\u00e7\u00e3o Europeia de Fornecedores Autom\u00f3veis (CLEPA) manifestou preocupa\u00e7\u00e3o com a recente interven\u00e7\u00e3o do Governo dos Pa\u00edses Baixos na Nexperia, uma das principais fornecedoras mundiais de semicondutores. A entidade classificou o caso como &#8220;um assunto extremamente sens\u00edvel&#8221; para a ind\u00fastria autom\u00f3vel europeia, que ainda recupera das ruturas no fornecimento de chips registadas durante a pandemia.<\/p>\n<p>No final de setembro, as autoridades neerlandesas assumiram o controlo da Nexperia, cuja empresa-m\u00e3e \u00e9 a China Wingtech, justificando a decis\u00e3o com motivos de seguran\u00e7a nacional e a defesa da soberania tecnol\u00f3gica do pa\u00eds. Em resposta, o Governo chin\u00eas proibiu a Nexperia de exportar produtos fabricados no Extremo Oriente, agravando as tens\u00f5es e aumentando a incerteza no setor.<\/p>\n<p><strong>Risco de nova crise de abastecimento<\/strong><\/p>\n<p>De acordo com a CLEPA, o epis\u00f3dio poder\u00e1 desencadear uma nova escassez de semicondutores e afetar diretamente os fabricantes autom\u00f3veis europeus, que dependem fortemente deste tipo de componentes.<\/p>\n<p>Entre os principais clientes da Nexperia encontram-se marcas como <a href=\"https:\/\/www.volkswagen.pt\/\" target=\"_blank\" rel=\"noopener\">Volkswagen<\/a>, <a href=\"https:\/\/www.toyota.pt\/\" target=\"_blank\" rel=\"noopener\">Toyota<\/a>, <a href=\"https:\/\/www.bmw.pt\/\" target=\"_blank\" rel=\"noopener\">BMW<\/a> e <a href=\"https:\/\/www.mercedes-benz.pt\/\" target=\"_blank\" rel=\"noopener\">Mercedes-Benz<\/a>, que utilizam transistores, diodos e outros chips essenciais para os seus sistemas eletr\u00f3nicos. Caso a cadeia de fornecimento seja interrompida, v\u00e1rias f\u00e1bricas poder\u00e3o ter de suspender temporariamente a produ\u00e7\u00e3o, alertou a associa\u00e7\u00e3o.<\/p>\n<p><strong>&#8220;Agir com integridade e cautela&#8221;<\/strong><\/p>\n<p>&#8220;Exortamos todas as partes a agirem com integridade e cautela. Temos uma cadeia de abastecimento profundamente interligada e a transforma\u00e7\u00e3o da mobilidade na Europa depende de um ecossistema est\u00e1vel de semicondutores&#8221;, afirmou Benjamin Krieger, secret\u00e1rio-geral da CLEPA, em comunicado.<\/p>\n<p>O respons\u00e1vel sublinhou que os fornecedores autom\u00f3veis est\u00e3o entre os mais afetados pela situa\u00e7\u00e3o, uma vez que operam &#8220;como produtores intermedi\u00e1rios, entre f\u00e1bricas de componentes cr\u00edticos e fabricantes de ve\u00edculos&#8221;.<\/p>\n<p>&#8220;Pedimos a todas as partes interessadas relevantes a envolverem-se de forma construtiva e a agirem rapidamente para encontrar solu\u00e7\u00f5es vi\u00e1veis e imediatas, que possam evitar perturba\u00e7\u00f5es na produ\u00e7\u00e3o em toda a cadeia de valor autom\u00f3vel&#8221;, concluiu.<\/p>\n","protected":false},"excerpt":{"rendered":"<p>A CLEPA alertou para o risco&#8230;<\/p>\n","protected":false},"author":15,"featured_media":108815,"comment_status":"closed","ping_status":"closed","sticky":false,"template":"","format":"standard","meta":{"footnotes":""},"categories":[37],"tags":[13912,1969,13911,12523,8488],"class_list":["post-108808","post","type-post","status-publish","format-standard","has-post-thumbnail","hentry","category-mercado","tag-cadeia-de-abastecimento","tag-clepa","tag-escassez-de-chips","tag-fabricantes-automoveis","tag-sistemas-eletronicos"],"yoast_head":"<!-- This site is optimized with the Yoast SEO plugin v27.4 - https:\/\/yoast.com\/product\/yoast-seo-wordpress\/ -->\n<title>Fabricantes autom\u00f3veis alertam para poss\u00edvel escassez de chips - Jornal das Oficinas<\/title>\n<meta name=\"description\" content=\"A CLEPA alertou para o risco de perturba\u00e7\u00f5es na cadeia de abastecimento autom\u00f3vel, ap\u00f3s o Governo neerland\u00eas assumir o controlo da Nexperia\" \/>\n<meta name=\"robots\" content=\"index, follow, max-snippet:-1, max-image-preview:large, max-video-preview:-1\" \/>\n<link rel=\"canonical\" href=\"https:\/\/jornaldasoficinas.com\/pt\/fabricantes-automoveis-alertam-para-possivel-escassez-de-chips\/\" \/>\n<meta property=\"og:locale\" content=\"pt_PT\" \/>\n<meta property=\"og:type\" content=\"article\" \/>\n<meta property=\"og:title\" content=\"Fabricantes autom\u00f3veis alertam para poss\u00edvel escassez de chips - Jornal das Oficinas\" \/>\n<meta property=\"og:description\" content=\"A CLEPA alertou para o risco de perturba\u00e7\u00f5es na cadeia de abastecimento autom\u00f3vel, ap\u00f3s o Governo neerland\u00eas assumir o controlo da Nexperia\" \/>\n<meta property=\"og:url\" content=\"https:\/\/jornaldasoficinas.com\/pt\/fabricantes-automoveis-alertam-para-possivel-escassez-de-chips\/\" \/>\n<meta property=\"og:site_name\" content=\"Jornal das Oficinas\" \/>\n<meta property=\"article:publisher\" content=\"https:\/\/www.facebook.com\/jornaloficinas\" \/>\n<meta property=\"article:published_time\" content=\"2025-11-03T14:00:05+00:00\" \/>\n<meta property=\"og:image\" content=\"https:\/\/jornaldasoficinas.com\/pt\/wp-content\/uploads\/2025\/10\/Fabricantes-automoveis-alertam-para-possivel-escassez-de-chips.jpg\" \/>\n\t<meta property=\"og:image:width\" content=\"1024\" \/>\n\t<meta property=\"og:image:height\" content=\"581\" \/>\n\t<meta property=\"og:image:type\" content=\"image\/jpeg\" \/>\n<meta name=\"author\" content=\"Reda\u00e7\u00e3o JO\" \/>\n<meta name=\"twitter:card\" content=\"summary_large_image\" \/>\n<meta name=\"twitter:creator\" content=\"@jornaloficinas\" \/>\n<meta name=\"twitter:site\" content=\"@jornaloficinas\" \/>\n<meta name=\"twitter:label1\" content=\"Escrito por\" \/>\n\t<meta name=\"twitter:data1\" content=\"Reda\u00e7\u00e3o JO\" \/>\n\t<meta name=\"twitter:label2\" content=\"Tempo estimado de leitura\" \/>\n\t<meta name=\"twitter:data2\" content=\"3 minutos\" \/>\n<script type=\"application\/ld+json\" class=\"yoast-schema-graph\">{\"@context\":\"https:\\\/\\\/schema.org\",\"@graph\":[{\"@type\":\"Article\",\"@id\":\"https:\\\/\\\/jornaldasoficinas.com\\\/pt\\\/fabricantes-automoveis-alertam-para-possivel-escassez-de-chips\\\/#article\",\"isPartOf\":{\"@id\":\"https:\\\/\\\/jornaldasoficinas.com\\\/pt\\\/fabricantes-automoveis-alertam-para-possivel-escassez-de-chips\\\/\"},\"author\":{\"name\":\"Reda\u00e7\u00e3o JO\",\"@id\":\"https:\\\/\\\/jornaldasoficinas.com\\\/pt\\\/#\\\/schema\\\/person\\\/a38eef5de2c41d9e7c9ac10141afddf3\"},\"headline\":\"Fabricantes autom\u00f3veis alertam para poss\u00edvel escassez de chips\",\"datePublished\":\"2025-11-03T14:00:05+00:00\",\"mainEntityOfPage\":{\"@id\":\"https:\\\/\\\/jornaldasoficinas.com\\\/pt\\\/fabricantes-automoveis-alertam-para-possivel-escassez-de-chips\\\/\"},\"wordCount\":381,\"publisher\":{\"@id\":\"https:\\\/\\\/jornaldasoficinas.com\\\/pt\\\/#organization\"},\"image\":{\"@id\":\"https:\\\/\\\/jornaldasoficinas.com\\\/pt\\\/fabricantes-automoveis-alertam-para-possivel-escassez-de-chips\\\/#primaryimage\"},\"thumbnailUrl\":\"https:\\\/\\\/jornaldasoficinas.com\\\/pt\\\/wp-content\\\/uploads\\\/2025\\\/10\\\/Fabricantes-automoveis-alertam-para-possivel-escassez-de-chips.jpg\",\"keywords\":[\"cadeia de abastecimento\",\"CLEPA\",\"escassez de chips\",\"fabricantes autom\u00f3veis\",\"sistemas eletr\u00f3nicos\"],\"articleSection\":[\"Mercado\"],\"inLanguage\":\"pt-PT\"},{\"@type\":\"WebPage\",\"@id\":\"https:\\\/\\\/jornaldasoficinas.com\\\/pt\\\/fabricantes-automoveis-alertam-para-possivel-escassez-de-chips\\\/\",\"url\":\"https:\\\/\\\/jornaldasoficinas.com\\\/pt\\\/fabricantes-automoveis-alertam-para-possivel-escassez-de-chips\\\/\",\"name\":\"Fabricantes autom\u00f3veis alertam para poss\u00edvel escassez de chips - Jornal das Oficinas\",\"isPartOf\":{\"@id\":\"https:\\\/\\\/jornaldasoficinas.com\\\/pt\\\/#website\"},\"primaryImageOfPage\":{\"@id\":\"https:\\\/\\\/jornaldasoficinas.com\\\/pt\\\/fabricantes-automoveis-alertam-para-possivel-escassez-de-chips\\\/#primaryimage\"},\"image\":{\"@id\":\"https:\\\/\\\/jornaldasoficinas.com\\\/pt\\\/fabricantes-automoveis-alertam-para-possivel-escassez-de-chips\\\/#primaryimage\"},\"thumbnailUrl\":\"https:\\\/\\\/jornaldasoficinas.com\\\/pt\\\/wp-content\\\/uploads\\\/2025\\\/10\\\/Fabricantes-automoveis-alertam-para-possivel-escassez-de-chips.jpg\",\"datePublished\":\"2025-11-03T14:00:05+00:00\",\"description\":\"A CLEPA alertou para o risco de perturba\u00e7\u00f5es na cadeia de abastecimento autom\u00f3vel, ap\u00f3s o Governo neerland\u00eas assumir o controlo da Nexperia\",\"breadcrumb\":{\"@id\":\"https:\\\/\\\/jornaldasoficinas.com\\\/pt\\\/fabricantes-automoveis-alertam-para-possivel-escassez-de-chips\\\/#breadcrumb\"},\"inLanguage\":\"pt-PT\",\"potentialAction\":[{\"@type\":\"ReadAction\",\"target\":[\"https:\\\/\\\/jornaldasoficinas.com\\\/pt\\\/fabricantes-automoveis-alertam-para-possivel-escassez-de-chips\\\/\"]}]},{\"@type\":\"ImageObject\",\"inLanguage\":\"pt-PT\",\"@id\":\"https:\\\/\\\/jornaldasoficinas.com\\\/pt\\\/fabricantes-automoveis-alertam-para-possivel-escassez-de-chips\\\/#primaryimage\",\"url\":\"https:\\\/\\\/jornaldasoficinas.com\\\/pt\\\/wp-content\\\/uploads\\\/2025\\\/10\\\/Fabricantes-automoveis-alertam-para-possivel-escassez-de-chips.jpg\",\"contentUrl\":\"https:\\\/\\\/jornaldasoficinas.com\\\/pt\\\/wp-content\\\/uploads\\\/2025\\\/10\\\/Fabricantes-automoveis-alertam-para-possivel-escassez-de-chips.jpg\",\"width\":1024,\"height\":581,\"caption\":\"10 - Fabricantes automoveis alertam para possivel escassez de chips\"},{\"@type\":\"BreadcrumbList\",\"@id\":\"https:\\\/\\\/jornaldasoficinas.com\\\/pt\\\/fabricantes-automoveis-alertam-para-possivel-escassez-de-chips\\\/#breadcrumb\",\"itemListElement\":[{\"@type\":\"ListItem\",\"position\":1,\"name\":\"In\u00edcio\",\"item\":\"https:\\\/\\\/jornaldasoficinas.com\\\/pt\\\/\"},{\"@type\":\"ListItem\",\"position\":2,\"name\":\"Fabricantes autom\u00f3veis alertam para poss\u00edvel escassez de chips\"}]},{\"@type\":\"WebSite\",\"@id\":\"https:\\\/\\\/jornaldasoficinas.com\\\/pt\\\/#website\",\"url\":\"https:\\\/\\\/jornaldasoficinas.com\\\/pt\\\/\",\"name\":\"Jornal das Oficinas\",\"description\":\"Jornal independente do Aftermarket Autom\u00f3vel em Portugal\",\"publisher\":{\"@id\":\"https:\\\/\\\/jornaldasoficinas.com\\\/pt\\\/#organization\"},\"potentialAction\":[{\"@type\":\"SearchAction\",\"target\":{\"@type\":\"EntryPoint\",\"urlTemplate\":\"https:\\\/\\\/jornaldasoficinas.com\\\/pt\\\/?s={search_term_string}\"},\"query-input\":{\"@type\":\"PropertyValueSpecification\",\"valueRequired\":true,\"valueName\":\"search_term_string\"}}],\"inLanguage\":\"pt-PT\"},{\"@type\":\"Organization\",\"@id\":\"https:\\\/\\\/jornaldasoficinas.com\\\/pt\\\/#organization\",\"name\":\"Jornal das Oficinas\",\"url\":\"https:\\\/\\\/jornaldasoficinas.com\\\/pt\\\/\",\"logo\":{\"@type\":\"ImageObject\",\"inLanguage\":\"pt-PT\",\"@id\":\"https:\\\/\\\/jornaldasoficinas.com\\\/pt\\\/#\\\/schema\\\/logo\\\/image\\\/\",\"url\":\"https:\\\/\\\/jornaldasoficinas.com\\\/pt\\\/wp-content\\\/uploads\\\/logoJO-SEO.png\",\"contentUrl\":\"https:\\\/\\\/jornaldasoficinas.com\\\/pt\\\/wp-content\\\/uploads\\\/logoJO-SEO.png\",\"width\":285,\"height\":450,\"caption\":\"Jornal das Oficinas\"},\"image\":{\"@id\":\"https:\\\/\\\/jornaldasoficinas.com\\\/pt\\\/#\\\/schema\\\/logo\\\/image\\\/\"},\"sameAs\":[\"https:\\\/\\\/www.facebook.com\\\/jornaloficinas\",\"https:\\\/\\\/x.com\\\/jornaloficinas\",\"https:\\\/\\\/www.instagram.com\\\/jornal_oficinas\\\/\",\"https:\\\/\\\/www.linkedin.com\\\/company\\\/jornal-das-oficinas\\\/\",\"https:\\\/\\\/www.youtube.com\\\/channel\\\/UCbQZBqtcvV-oSQrr7RzINGg\"]},{\"@type\":\"Person\",\"@id\":\"https:\\\/\\\/jornaldasoficinas.com\\\/pt\\\/#\\\/schema\\\/person\\\/a38eef5de2c41d9e7c9ac10141afddf3\",\"name\":\"Reda\u00e7\u00e3o JO\",\"image\":{\"@type\":\"ImageObject\",\"inLanguage\":\"pt-PT\",\"@id\":\"https:\\\/\\\/secure.gravatar.com\\\/avatar\\\/71f2fa71737ad68a84fea94bc708ddac8ea5b0c4788dc2ad202f3ccb2887742f?s=96&d=wp_user_avatar&r=g\",\"url\":\"https:\\\/\\\/secure.gravatar.com\\\/avatar\\\/71f2fa71737ad68a84fea94bc708ddac8ea5b0c4788dc2ad202f3ccb2887742f?s=96&d=wp_user_avatar&r=g\",\"contentUrl\":\"https:\\\/\\\/secure.gravatar.com\\\/avatar\\\/71f2fa71737ad68a84fea94bc708ddac8ea5b0c4788dc2ad202f3ccb2887742f?s=96&d=wp_user_avatar&r=g\",\"caption\":\"Reda\u00e7\u00e3o JO\"},\"url\":\"https:\\\/\\\/jornaldasoficinas.com\\\/pt\\\/author\\\/joredacao\\\/\"}]}<\/script>\n<!-- \/ Yoast SEO plugin. -->","yoast_head_json":{"title":"Fabricantes autom\u00f3veis alertam para poss\u00edvel escassez de chips - Jornal das Oficinas","description":"A CLEPA alertou para o risco de perturba\u00e7\u00f5es na cadeia de abastecimento autom\u00f3vel, ap\u00f3s o Governo neerland\u00eas assumir o controlo da Nexperia","robots":{"index":"index","follow":"follow","max-snippet":"max-snippet:-1","max-image-preview":"max-image-preview:large","max-video-preview":"max-video-preview:-1"},"canonical":"https:\/\/jornaldasoficinas.com\/pt\/fabricantes-automoveis-alertam-para-possivel-escassez-de-chips\/","og_locale":"pt_PT","og_type":"article","og_title":"Fabricantes autom\u00f3veis alertam para poss\u00edvel escassez de chips - Jornal das Oficinas","og_description":"A CLEPA alertou para o risco de perturba\u00e7\u00f5es na cadeia de abastecimento autom\u00f3vel, ap\u00f3s o Governo neerland\u00eas assumir o controlo da Nexperia","og_url":"https:\/\/jornaldasoficinas.com\/pt\/fabricantes-automoveis-alertam-para-possivel-escassez-de-chips\/","og_site_name":"Jornal das Oficinas","article_publisher":"https:\/\/www.facebook.com\/jornaloficinas","article_published_time":"2025-11-03T14:00:05+00:00","og_image":[{"width":1024,"height":581,"url":"https:\/\/jornaldasoficinas.com\/pt\/wp-content\/uploads\/2025\/10\/Fabricantes-automoveis-alertam-para-possivel-escassez-de-chips.jpg","type":"image\/jpeg"}],"author":"Reda\u00e7\u00e3o JO","twitter_card":"summary_large_image","twitter_creator":"@jornaloficinas","twitter_site":"@jornaloficinas","twitter_misc":{"Escrito por":"Reda\u00e7\u00e3o JO","Tempo estimado de leitura":"3 minutos"},"schema":{"@context":"https:\/\/schema.org","@graph":[{"@type":"Article","@id":"https:\/\/jornaldasoficinas.com\/pt\/fabricantes-automoveis-alertam-para-possivel-escassez-de-chips\/#article","isPartOf":{"@id":"https:\/\/jornaldasoficinas.com\/pt\/fabricantes-automoveis-alertam-para-possivel-escassez-de-chips\/"},"author":{"name":"Reda\u00e7\u00e3o JO","@id":"https:\/\/jornaldasoficinas.com\/pt\/#\/schema\/person\/a38eef5de2c41d9e7c9ac10141afddf3"},"headline":"Fabricantes autom\u00f3veis alertam para poss\u00edvel escassez de chips","datePublished":"2025-11-03T14:00:05+00:00","mainEntityOfPage":{"@id":"https:\/\/jornaldasoficinas.com\/pt\/fabricantes-automoveis-alertam-para-possivel-escassez-de-chips\/"},"wordCount":381,"publisher":{"@id":"https:\/\/jornaldasoficinas.com\/pt\/#organization"},"image":{"@id":"https:\/\/jornaldasoficinas.com\/pt\/fabricantes-automoveis-alertam-para-possivel-escassez-de-chips\/#primaryimage"},"thumbnailUrl":"https:\/\/jornaldasoficinas.com\/pt\/wp-content\/uploads\/2025\/10\/Fabricantes-automoveis-alertam-para-possivel-escassez-de-chips.jpg","keywords":["cadeia de abastecimento","CLEPA","escassez de chips","fabricantes autom\u00f3veis","sistemas eletr\u00f3nicos"],"articleSection":["Mercado"],"inLanguage":"pt-PT"},{"@type":"WebPage","@id":"https:\/\/jornaldasoficinas.com\/pt\/fabricantes-automoveis-alertam-para-possivel-escassez-de-chips\/","url":"https:\/\/jornaldasoficinas.com\/pt\/fabricantes-automoveis-alertam-para-possivel-escassez-de-chips\/","name":"Fabricantes autom\u00f3veis alertam para poss\u00edvel escassez de chips - Jornal das Oficinas","isPartOf":{"@id":"https:\/\/jornaldasoficinas.com\/pt\/#website"},"primaryImageOfPage":{"@id":"https:\/\/jornaldasoficinas.com\/pt\/fabricantes-automoveis-alertam-para-possivel-escassez-de-chips\/#primaryimage"},"image":{"@id":"https:\/\/jornaldasoficinas.com\/pt\/fabricantes-automoveis-alertam-para-possivel-escassez-de-chips\/#primaryimage"},"thumbnailUrl":"https:\/\/jornaldasoficinas.com\/pt\/wp-content\/uploads\/2025\/10\/Fabricantes-automoveis-alertam-para-possivel-escassez-de-chips.jpg","datePublished":"2025-11-03T14:00:05+00:00","description":"A CLEPA alertou para o risco de perturba\u00e7\u00f5es na cadeia de abastecimento autom\u00f3vel, ap\u00f3s o Governo neerland\u00eas assumir o controlo da Nexperia","breadcrumb":{"@id":"https:\/\/jornaldasoficinas.com\/pt\/fabricantes-automoveis-alertam-para-possivel-escassez-de-chips\/#breadcrumb"},"inLanguage":"pt-PT","potentialAction":[{"@type":"ReadAction","target":["https:\/\/jornaldasoficinas.com\/pt\/fabricantes-automoveis-alertam-para-possivel-escassez-de-chips\/"]}]},{"@type":"ImageObject","inLanguage":"pt-PT","@id":"https:\/\/jornaldasoficinas.com\/pt\/fabricantes-automoveis-alertam-para-possivel-escassez-de-chips\/#primaryimage","url":"https:\/\/jornaldasoficinas.com\/pt\/wp-content\/uploads\/2025\/10\/Fabricantes-automoveis-alertam-para-possivel-escassez-de-chips.jpg","contentUrl":"https:\/\/jornaldasoficinas.com\/pt\/wp-content\/uploads\/2025\/10\/Fabricantes-automoveis-alertam-para-possivel-escassez-de-chips.jpg","width":1024,"height":581,"caption":"10 - Fabricantes automoveis alertam para possivel escassez de chips"},{"@type":"BreadcrumbList","@id":"https:\/\/jornaldasoficinas.com\/pt\/fabricantes-automoveis-alertam-para-possivel-escassez-de-chips\/#breadcrumb","itemListElement":[{"@type":"ListItem","position":1,"name":"In\u00edcio","item":"https:\/\/jornaldasoficinas.com\/pt\/"},{"@type":"ListItem","position":2,"name":"Fabricantes autom\u00f3veis alertam para poss\u00edvel escassez de chips"}]},{"@type":"WebSite","@id":"https:\/\/jornaldasoficinas.com\/pt\/#website","url":"https:\/\/jornaldasoficinas.com\/pt\/","name":"Jornal das Oficinas","description":"Jornal independente do Aftermarket Autom\u00f3vel em Portugal","publisher":{"@id":"https:\/\/jornaldasoficinas.com\/pt\/#organization"},"potentialAction":[{"@type":"SearchAction","target":{"@type":"EntryPoint","urlTemplate":"https:\/\/jornaldasoficinas.com\/pt\/?s={search_term_string}"},"query-input":{"@type":"PropertyValueSpecification","valueRequired":true,"valueName":"search_term_string"}}],"inLanguage":"pt-PT"},{"@type":"Organization","@id":"https:\/\/jornaldasoficinas.com\/pt\/#organization","name":"Jornal das Oficinas","url":"https:\/\/jornaldasoficinas.com\/pt\/","logo":{"@type":"ImageObject","inLanguage":"pt-PT","@id":"https:\/\/jornaldasoficinas.com\/pt\/#\/schema\/logo\/image\/","url":"https:\/\/jornaldasoficinas.com\/pt\/wp-content\/uploads\/logoJO-SEO.png","contentUrl":"https:\/\/jornaldasoficinas.com\/pt\/wp-content\/uploads\/logoJO-SEO.png","width":285,"height":450,"caption":"Jornal das Oficinas"},"image":{"@id":"https:\/\/jornaldasoficinas.com\/pt\/#\/schema\/logo\/image\/"},"sameAs":["https:\/\/www.facebook.com\/jornaloficinas","https:\/\/x.com\/jornaloficinas","https:\/\/www.instagram.com\/jornal_oficinas\/","https:\/\/www.linkedin.com\/company\/jornal-das-oficinas\/","https:\/\/www.youtube.com\/channel\/UCbQZBqtcvV-oSQrr7RzINGg"]},{"@type":"Person","@id":"https:\/\/jornaldasoficinas.com\/pt\/#\/schema\/person\/a38eef5de2c41d9e7c9ac10141afddf3","name":"Reda\u00e7\u00e3o JO","image":{"@type":"ImageObject","inLanguage":"pt-PT","@id":"https:\/\/secure.gravatar.com\/avatar\/71f2fa71737ad68a84fea94bc708ddac8ea5b0c4788dc2ad202f3ccb2887742f?s=96&d=wp_user_avatar&r=g","url":"https:\/\/secure.gravatar.com\/avatar\/71f2fa71737ad68a84fea94bc708ddac8ea5b0c4788dc2ad202f3ccb2887742f?s=96&d=wp_user_avatar&r=g","contentUrl":"https:\/\/secure.gravatar.com\/avatar\/71f2fa71737ad68a84fea94bc708ddac8ea5b0c4788dc2ad202f3ccb2887742f?s=96&d=wp_user_avatar&r=g","caption":"Reda\u00e7\u00e3o JO"},"url":"https:\/\/jornaldasoficinas.com\/pt\/author\/joredacao\/"}]}},"_links":{"self":[{"href":"https:\/\/jornaldasoficinas.com\/pt\/wp-json\/wp\/v2\/posts\/108808","targetHints":{"allow":["GET"]}}],"collection":[{"href":"https:\/\/jornaldasoficinas.com\/pt\/wp-json\/wp\/v2\/posts"}],"about":[{"href":"https:\/\/jornaldasoficinas.com\/pt\/wp-json\/wp\/v2\/types\/post"}],"author":[{"embeddable":true,"href":"https:\/\/jornaldasoficinas.com\/pt\/wp-json\/wp\/v2\/users\/15"}],"replies":[{"embeddable":true,"href":"https:\/\/jornaldasoficinas.com\/pt\/wp-json\/wp\/v2\/comments?post=108808"}],"version-history":[{"count":7,"href":"https:\/\/jornaldasoficinas.com\/pt\/wp-json\/wp\/v2\/posts\/108808\/revisions"}],"predecessor-version":[{"id":108816,"href":"https:\/\/jornaldasoficinas.com\/pt\/wp-json\/wp\/v2\/posts\/108808\/revisions\/108816"}],"wp:featuredmedia":[{"embeddable":true,"href":"https:\/\/jornaldasoficinas.com\/pt\/wp-json\/wp\/v2\/media\/108815"}],"wp:attachment":[{"href":"https:\/\/jornaldasoficinas.com\/pt\/wp-json\/wp\/v2\/media?parent=108808"}],"wp:term":[{"taxonomy":"category","embeddable":true,"href":"https:\/\/jornaldasoficinas.com\/pt\/wp-json\/wp\/v2\/categories?post=108808"},{"taxonomy":"post_tag","embeddable":true,"href":"https:\/\/jornaldasoficinas.com\/pt\/wp-json\/wp\/v2\/tags?post=108808"}],"curies":[{"name":"wp","href":"https:\/\/api.w.org\/{rel}","templated":true}]}}