{"id":108831,"date":"2025-11-04T08:00:51","date_gmt":"2025-11-04T08:00:51","guid":{"rendered":"https:\/\/jornaldasoficinas.com\/pt\/?p=108831"},"modified":"2025-10-31T12:39:53","modified_gmt":"2025-10-31T12:39:53","slug":"krautli-portugal-reune-parceiros-nexus-shop","status":"publish","type":"post","link":"https:\/\/jornaldasoficinas.com\/pt\/krautli-portugal-reune-parceiros-nexus-shop\/","title":{"rendered":"Krautli Portugal re\u00fane parceiros NEXUS SHOP"},"content":{"rendered":"<p><strong><img loading=\"lazy\" decoding=\"async\" class=\"alignnone size-full wp-image-108852\" src=\"https:\/\/jornaldasoficinas.com\/pt\/wp-content\/uploads\/2025\/10\/Krautli-Portugal-reune-parceiros-NEXUS-SHOP.jpg\" alt=\"10 - Krautli Portugal reune parceiros NEXUS SHOP\" width=\"1024\" height=\"581\" srcset=\"https:\/\/jornaldasoficinas.com\/pt\/wp-content\/uploads\/2025\/10\/Krautli-Portugal-reune-parceiros-NEXUS-SHOP.jpg 1024w, https:\/\/jornaldasoficinas.com\/pt\/wp-content\/uploads\/2025\/10\/Krautli-Portugal-reune-parceiros-NEXUS-SHOP-300x170.jpg 300w, https:\/\/jornaldasoficinas.com\/pt\/wp-content\/uploads\/2025\/10\/Krautli-Portugal-reune-parceiros-NEXUS-SHOP-150x85.jpg 150w, https:\/\/jornaldasoficinas.com\/pt\/wp-content\/uploads\/2025\/10\/Krautli-Portugal-reune-parceiros-NEXUS-SHOP-768x436.jpg 768w\" sizes=\"auto, (max-width: 1024px) 100vw, 1024px\" \/><\/strong><\/p>\n<p><strong>A <a href=\"https:\/\/www.krautli.pt\/\" target=\"_blank\" rel=\"noopener\">Krautli Portugal<\/a> realizou, no passado dia 17 de outubro, na Figueira da Foz, o 6.\u00ba Encontro Nacional NEXUS SHOP 2025<\/strong><\/p>\n<p>Organizado pela Krautli Portugal, este evento reuniu os parceiros NEXUS SHOP num momento de partilha, proximidade e refor\u00e7o da colabora\u00e7\u00e3o. O encontro teve como principal objetivo consolidar o planeamento estrat\u00e9gico para 2026, promover o alinhamento da rede e refor\u00e7ar a coopera\u00e7\u00e3o entre todos os membros.<\/p>\n<p>Durante a reuni\u00e3o, foram apresentadas as principais linhas de atua\u00e7\u00e3o para o pr\u00f3ximo ano, com foco no crescimento sustent\u00e1vel, na melhoria cont\u00ednua e na valoriza\u00e7\u00e3o dos parceiros que integram o conceito NEXUS SHOP.<\/p>\n<p>No mesmo dia, a Krautli Portugal e membros da rede Nexus Shop marcaram presen\u00e7a na Gala Top 100 do Jornal das Oficinas. Segundo a empresa, \u00e9 \u201cum dos eventos de refer\u00eancia do setor autom\u00f3vel em Portugal, que distingue as principais empresas e protagonistas do aftermarket. A presen\u00e7a na Gala refor\u00e7ou o reconhecimento do trabalho desenvolvido e o compromisso conjunto com a excel\u00eancia e a inova\u00e7\u00e3o\u201d.<\/p>\n<p>&#8220;A Krautli Portugal faz um balan\u00e7o muito positivo deste encontro, destacando a participa\u00e7\u00e3o ativa e o envolvimento de todos os parceiros, que continuam a contribuir para a evolu\u00e7\u00e3o e consolida\u00e7\u00e3o do conceito NEXUS SHOP no mercado nacional&#8221;, concluiu.<\/p>\n","protected":false},"excerpt":{"rendered":"<p>A Krautli Portugal realizou, no passado&#8230;<\/p>\n","protected":false},"author":15,"featured_media":108852,"comment_status":"closed","ping_status":"closed","sticky":false,"template":"","format":"standard","meta":{"footnotes":""},"categories":[29],"tags":[13474,12803,6780,282,2926],"class_list":["post-108831","post","type-post","status-publish","format-standard","has-post-thumbnail","hentry","category-empresas","tag-17-de-outubro","tag-encontro-nacional-2025","tag-figueira-da-foz","tag-krautli-portugal","tag-nexus-shop"],"yoast_head":"<!-- This site is optimized with the Yoast SEO plugin v27.4 - https:\/\/yoast.com\/product\/yoast-seo-wordpress\/ -->\n<title>Krautli Portugal re\u00fane parceiros NEXUS SHOP - Jornal das Oficinas<\/title>\n<meta name=\"description\" content=\"A Krautli Portugal realizou, no passado dia 17 de outubro, na Figueira da Foz, o 6.\u00ba Encontro Nacional NEXUS SHOP 2025\" \/>\n<meta name=\"robots\" content=\"index, follow, max-snippet:-1, max-image-preview:large, max-video-preview:-1\" \/>\n<link rel=\"canonical\" href=\"https:\/\/jornaldasoficinas.com\/pt\/krautli-portugal-reune-parceiros-nexus-shop\/\" \/>\n<meta property=\"og:locale\" content=\"pt_PT\" \/>\n<meta property=\"og:type\" content=\"article\" \/>\n<meta property=\"og:title\" content=\"Krautli Portugal re\u00fane parceiros NEXUS SHOP - Jornal das Oficinas\" \/>\n<meta property=\"og:description\" content=\"A Krautli Portugal realizou, no passado dia 17 de outubro, na Figueira da Foz, o 6.\u00ba Encontro Nacional NEXUS SHOP 2025\" \/>\n<meta property=\"og:url\" content=\"https:\/\/jornaldasoficinas.com\/pt\/krautli-portugal-reune-parceiros-nexus-shop\/\" \/>\n<meta property=\"og:site_name\" content=\"Jornal das Oficinas\" \/>\n<meta property=\"article:publisher\" content=\"https:\/\/www.facebook.com\/jornaloficinas\" \/>\n<meta property=\"article:published_time\" content=\"2025-11-04T08:00:51+00:00\" \/>\n<meta property=\"og:image\" content=\"https:\/\/jornaldasoficinas.com\/pt\/wp-content\/uploads\/2025\/10\/Krautli-Portugal-reune-parceiros-NEXUS-SHOP.jpg\" \/>\n\t<meta property=\"og:image:width\" content=\"1024\" \/>\n\t<meta property=\"og:image:height\" content=\"581\" \/>\n\t<meta property=\"og:image:type\" content=\"image\/jpeg\" \/>\n<meta name=\"author\" content=\"Reda\u00e7\u00e3o JO\" \/>\n<meta name=\"twitter:card\" content=\"summary_large_image\" \/>\n<meta name=\"twitter:creator\" content=\"@jornaloficinas\" \/>\n<meta name=\"twitter:site\" content=\"@jornaloficinas\" \/>\n<meta name=\"twitter:label1\" content=\"Escrito por\" \/>\n\t<meta name=\"twitter:data1\" content=\"Reda\u00e7\u00e3o JO\" \/>\n\t<meta name=\"twitter:label2\" content=\"Tempo estimado de leitura\" \/>\n\t<meta name=\"twitter:data2\" content=\"2 minutos\" \/>\n<script type=\"application\/ld+json\" class=\"yoast-schema-graph\">{\"@context\":\"https:\\\/\\\/schema.org\",\"@graph\":[{\"@type\":\"Article\",\"@id\":\"https:\\\/\\\/jornaldasoficinas.com\\\/pt\\\/krautli-portugal-reune-parceiros-nexus-shop\\\/#article\",\"isPartOf\":{\"@id\":\"https:\\\/\\\/jornaldasoficinas.com\\\/pt\\\/krautli-portugal-reune-parceiros-nexus-shop\\\/\"},\"author\":{\"name\":\"Reda\u00e7\u00e3o JO\",\"@id\":\"https:\\\/\\\/jornaldasoficinas.com\\\/pt\\\/#\\\/schema\\\/person\\\/a38eef5de2c41d9e7c9ac10141afddf3\"},\"headline\":\"Krautli Portugal re\u00fane parceiros NEXUS SHOP\",\"datePublished\":\"2025-11-04T08:00:51+00:00\",\"mainEntityOfPage\":{\"@id\":\"https:\\\/\\\/jornaldasoficinas.com\\\/pt\\\/krautli-portugal-reune-parceiros-nexus-shop\\\/\"},\"wordCount\":225,\"publisher\":{\"@id\":\"https:\\\/\\\/jornaldasoficinas.com\\\/pt\\\/#organization\"},\"image\":{\"@id\":\"https:\\\/\\\/jornaldasoficinas.com\\\/pt\\\/krautli-portugal-reune-parceiros-nexus-shop\\\/#primaryimage\"},\"thumbnailUrl\":\"https:\\\/\\\/jornaldasoficinas.com\\\/pt\\\/wp-content\\\/uploads\\\/2025\\\/10\\\/Krautli-Portugal-reune-parceiros-NEXUS-SHOP.jpg\",\"keywords\":[\"17 de outubro\",\"Encontro Nacional 2025\",\"Figueira da Foz\",\"KRAUTLI Portugal\",\"Nexus Shop\"],\"articleSection\":[\"Empresas\"],\"inLanguage\":\"pt-PT\"},{\"@type\":\"WebPage\",\"@id\":\"https:\\\/\\\/jornaldasoficinas.com\\\/pt\\\/krautli-portugal-reune-parceiros-nexus-shop\\\/\",\"url\":\"https:\\\/\\\/jornaldasoficinas.com\\\/pt\\\/krautli-portugal-reune-parceiros-nexus-shop\\\/\",\"name\":\"Krautli Portugal re\u00fane parceiros NEXUS SHOP - Jornal das Oficinas\",\"isPartOf\":{\"@id\":\"https:\\\/\\\/jornaldasoficinas.com\\\/pt\\\/#website\"},\"primaryImageOfPage\":{\"@id\":\"https:\\\/\\\/jornaldasoficinas.com\\\/pt\\\/krautli-portugal-reune-parceiros-nexus-shop\\\/#primaryimage\"},\"image\":{\"@id\":\"https:\\\/\\\/jornaldasoficinas.com\\\/pt\\\/krautli-portugal-reune-parceiros-nexus-shop\\\/#primaryimage\"},\"thumbnailUrl\":\"https:\\\/\\\/jornaldasoficinas.com\\\/pt\\\/wp-content\\\/uploads\\\/2025\\\/10\\\/Krautli-Portugal-reune-parceiros-NEXUS-SHOP.jpg\",\"datePublished\":\"2025-11-04T08:00:51+00:00\",\"description\":\"A Krautli Portugal realizou, no passado dia 17 de outubro, na Figueira da Foz, o 6.\u00ba Encontro Nacional NEXUS SHOP 2025\",\"breadcrumb\":{\"@id\":\"https:\\\/\\\/jornaldasoficinas.com\\\/pt\\\/krautli-portugal-reune-parceiros-nexus-shop\\\/#breadcrumb\"},\"inLanguage\":\"pt-PT\",\"potentialAction\":[{\"@type\":\"ReadAction\",\"target\":[\"https:\\\/\\\/jornaldasoficinas.com\\\/pt\\\/krautli-portugal-reune-parceiros-nexus-shop\\\/\"]}]},{\"@type\":\"ImageObject\",\"inLanguage\":\"pt-PT\",\"@id\":\"https:\\\/\\\/jornaldasoficinas.com\\\/pt\\\/krautli-portugal-reune-parceiros-nexus-shop\\\/#primaryimage\",\"url\":\"https:\\\/\\\/jornaldasoficinas.com\\\/pt\\\/wp-content\\\/uploads\\\/2025\\\/10\\\/Krautli-Portugal-reune-parceiros-NEXUS-SHOP.jpg\",\"contentUrl\":\"https:\\\/\\\/jornaldasoficinas.com\\\/pt\\\/wp-content\\\/uploads\\\/2025\\\/10\\\/Krautli-Portugal-reune-parceiros-NEXUS-SHOP.jpg\",\"width\":1024,\"height\":581,\"caption\":\"10 - Krautli Portugal reune parceiros NEXUS SHOP\"},{\"@type\":\"BreadcrumbList\",\"@id\":\"https:\\\/\\\/jornaldasoficinas.com\\\/pt\\\/krautli-portugal-reune-parceiros-nexus-shop\\\/#breadcrumb\",\"itemListElement\":[{\"@type\":\"ListItem\",\"position\":1,\"name\":\"In\u00edcio\",\"item\":\"https:\\\/\\\/jornaldasoficinas.com\\\/pt\\\/\"},{\"@type\":\"ListItem\",\"position\":2,\"name\":\"Krautli Portugal re\u00fane parceiros NEXUS SHOP\"}]},{\"@type\":\"WebSite\",\"@id\":\"https:\\\/\\\/jornaldasoficinas.com\\\/pt\\\/#website\",\"url\":\"https:\\\/\\\/jornaldasoficinas.com\\\/pt\\\/\",\"name\":\"Jornal das Oficinas\",\"description\":\"Jornal independente do Aftermarket Autom\u00f3vel em Portugal\",\"publisher\":{\"@id\":\"https:\\\/\\\/jornaldasoficinas.com\\\/pt\\\/#organization\"},\"potentialAction\":[{\"@type\":\"SearchAction\",\"target\":{\"@type\":\"EntryPoint\",\"urlTemplate\":\"https:\\\/\\\/jornaldasoficinas.com\\\/pt\\\/?s={search_term_string}\"},\"query-input\":{\"@type\":\"PropertyValueSpecification\",\"valueRequired\":true,\"valueName\":\"search_term_string\"}}],\"inLanguage\":\"pt-PT\"},{\"@type\":\"Organization\",\"@id\":\"https:\\\/\\\/jornaldasoficinas.com\\\/pt\\\/#organization\",\"name\":\"Jornal das Oficinas\",\"url\":\"https:\\\/\\\/jornaldasoficinas.com\\\/pt\\\/\",\"logo\":{\"@type\":\"ImageObject\",\"inLanguage\":\"pt-PT\",\"@id\":\"https:\\\/\\\/jornaldasoficinas.com\\\/pt\\\/#\\\/schema\\\/logo\\\/image\\\/\",\"url\":\"https:\\\/\\\/jornaldasoficinas.com\\\/pt\\\/wp-content\\\/uploads\\\/logoJO-SEO.png\",\"contentUrl\":\"https:\\\/\\\/jornaldasoficinas.com\\\/pt\\\/wp-content\\\/uploads\\\/logoJO-SEO.png\",\"width\":285,\"height\":450,\"caption\":\"Jornal das Oficinas\"},\"image\":{\"@id\":\"https:\\\/\\\/jornaldasoficinas.com\\\/pt\\\/#\\\/schema\\\/logo\\\/image\\\/\"},\"sameAs\":[\"https:\\\/\\\/www.facebook.com\\\/jornaloficinas\",\"https:\\\/\\\/x.com\\\/jornaloficinas\",\"https:\\\/\\\/www.instagram.com\\\/jornal_oficinas\\\/\",\"https:\\\/\\\/www.linkedin.com\\\/company\\\/jornal-das-oficinas\\\/\",\"https:\\\/\\\/www.youtube.com\\\/channel\\\/UCbQZBqtcvV-oSQrr7RzINGg\"]},{\"@type\":\"Person\",\"@id\":\"https:\\\/\\\/jornaldasoficinas.com\\\/pt\\\/#\\\/schema\\\/person\\\/a38eef5de2c41d9e7c9ac10141afddf3\",\"name\":\"Reda\u00e7\u00e3o JO\",\"image\":{\"@type\":\"ImageObject\",\"inLanguage\":\"pt-PT\",\"@id\":\"https:\\\/\\\/secure.gravatar.com\\\/avatar\\\/71f2fa71737ad68a84fea94bc708ddac8ea5b0c4788dc2ad202f3ccb2887742f?s=96&d=wp_user_avatar&r=g\",\"url\":\"https:\\\/\\\/secure.gravatar.com\\\/avatar\\\/71f2fa71737ad68a84fea94bc708ddac8ea5b0c4788dc2ad202f3ccb2887742f?s=96&d=wp_user_avatar&r=g\",\"contentUrl\":\"https:\\\/\\\/secure.gravatar.com\\\/avatar\\\/71f2fa71737ad68a84fea94bc708ddac8ea5b0c4788dc2ad202f3ccb2887742f?s=96&d=wp_user_avatar&r=g\",\"caption\":\"Reda\u00e7\u00e3o JO\"},\"url\":\"https:\\\/\\\/jornaldasoficinas.com\\\/pt\\\/author\\\/joredacao\\\/\"}]}<\/script>\n<!-- \/ Yoast SEO plugin. -->","yoast_head_json":{"title":"Krautli Portugal re\u00fane parceiros NEXUS SHOP - Jornal das Oficinas","description":"A Krautli Portugal realizou, no passado dia 17 de outubro, na Figueira da Foz, o 6.\u00ba Encontro Nacional NEXUS SHOP 2025","robots":{"index":"index","follow":"follow","max-snippet":"max-snippet:-1","max-image-preview":"max-image-preview:large","max-video-preview":"max-video-preview:-1"},"canonical":"https:\/\/jornaldasoficinas.com\/pt\/krautli-portugal-reune-parceiros-nexus-shop\/","og_locale":"pt_PT","og_type":"article","og_title":"Krautli Portugal re\u00fane parceiros NEXUS SHOP - Jornal das Oficinas","og_description":"A Krautli Portugal realizou, no passado dia 17 de outubro, na Figueira da Foz, o 6.\u00ba Encontro Nacional NEXUS SHOP 2025","og_url":"https:\/\/jornaldasoficinas.com\/pt\/krautli-portugal-reune-parceiros-nexus-shop\/","og_site_name":"Jornal das Oficinas","article_publisher":"https:\/\/www.facebook.com\/jornaloficinas","article_published_time":"2025-11-04T08:00:51+00:00","og_image":[{"width":1024,"height":581,"url":"https:\/\/jornaldasoficinas.com\/pt\/wp-content\/uploads\/2025\/10\/Krautli-Portugal-reune-parceiros-NEXUS-SHOP.jpg","type":"image\/jpeg"}],"author":"Reda\u00e7\u00e3o JO","twitter_card":"summary_large_image","twitter_creator":"@jornaloficinas","twitter_site":"@jornaloficinas","twitter_misc":{"Escrito por":"Reda\u00e7\u00e3o JO","Tempo estimado de leitura":"2 minutos"},"schema":{"@context":"https:\/\/schema.org","@graph":[{"@type":"Article","@id":"https:\/\/jornaldasoficinas.com\/pt\/krautli-portugal-reune-parceiros-nexus-shop\/#article","isPartOf":{"@id":"https:\/\/jornaldasoficinas.com\/pt\/krautli-portugal-reune-parceiros-nexus-shop\/"},"author":{"name":"Reda\u00e7\u00e3o JO","@id":"https:\/\/jornaldasoficinas.com\/pt\/#\/schema\/person\/a38eef5de2c41d9e7c9ac10141afddf3"},"headline":"Krautli Portugal re\u00fane parceiros NEXUS SHOP","datePublished":"2025-11-04T08:00:51+00:00","mainEntityOfPage":{"@id":"https:\/\/jornaldasoficinas.com\/pt\/krautli-portugal-reune-parceiros-nexus-shop\/"},"wordCount":225,"publisher":{"@id":"https:\/\/jornaldasoficinas.com\/pt\/#organization"},"image":{"@id":"https:\/\/jornaldasoficinas.com\/pt\/krautli-portugal-reune-parceiros-nexus-shop\/#primaryimage"},"thumbnailUrl":"https:\/\/jornaldasoficinas.com\/pt\/wp-content\/uploads\/2025\/10\/Krautli-Portugal-reune-parceiros-NEXUS-SHOP.jpg","keywords":["17 de outubro","Encontro Nacional 2025","Figueira da Foz","KRAUTLI Portugal","Nexus Shop"],"articleSection":["Empresas"],"inLanguage":"pt-PT"},{"@type":"WebPage","@id":"https:\/\/jornaldasoficinas.com\/pt\/krautli-portugal-reune-parceiros-nexus-shop\/","url":"https:\/\/jornaldasoficinas.com\/pt\/krautli-portugal-reune-parceiros-nexus-shop\/","name":"Krautli Portugal re\u00fane parceiros NEXUS SHOP - Jornal das Oficinas","isPartOf":{"@id":"https:\/\/jornaldasoficinas.com\/pt\/#website"},"primaryImageOfPage":{"@id":"https:\/\/jornaldasoficinas.com\/pt\/krautli-portugal-reune-parceiros-nexus-shop\/#primaryimage"},"image":{"@id":"https:\/\/jornaldasoficinas.com\/pt\/krautli-portugal-reune-parceiros-nexus-shop\/#primaryimage"},"thumbnailUrl":"https:\/\/jornaldasoficinas.com\/pt\/wp-content\/uploads\/2025\/10\/Krautli-Portugal-reune-parceiros-NEXUS-SHOP.jpg","datePublished":"2025-11-04T08:00:51+00:00","description":"A Krautli Portugal realizou, no passado dia 17 de outubro, na Figueira da Foz, o 6.\u00ba Encontro Nacional NEXUS SHOP 2025","breadcrumb":{"@id":"https:\/\/jornaldasoficinas.com\/pt\/krautli-portugal-reune-parceiros-nexus-shop\/#breadcrumb"},"inLanguage":"pt-PT","potentialAction":[{"@type":"ReadAction","target":["https:\/\/jornaldasoficinas.com\/pt\/krautli-portugal-reune-parceiros-nexus-shop\/"]}]},{"@type":"ImageObject","inLanguage":"pt-PT","@id":"https:\/\/jornaldasoficinas.com\/pt\/krautli-portugal-reune-parceiros-nexus-shop\/#primaryimage","url":"https:\/\/jornaldasoficinas.com\/pt\/wp-content\/uploads\/2025\/10\/Krautli-Portugal-reune-parceiros-NEXUS-SHOP.jpg","contentUrl":"https:\/\/jornaldasoficinas.com\/pt\/wp-content\/uploads\/2025\/10\/Krautli-Portugal-reune-parceiros-NEXUS-SHOP.jpg","width":1024,"height":581,"caption":"10 - Krautli Portugal reune parceiros NEXUS SHOP"},{"@type":"BreadcrumbList","@id":"https:\/\/jornaldasoficinas.com\/pt\/krautli-portugal-reune-parceiros-nexus-shop\/#breadcrumb","itemListElement":[{"@type":"ListItem","position":1,"name":"In\u00edcio","item":"https:\/\/jornaldasoficinas.com\/pt\/"},{"@type":"ListItem","position":2,"name":"Krautli Portugal re\u00fane parceiros NEXUS SHOP"}]},{"@type":"WebSite","@id":"https:\/\/jornaldasoficinas.com\/pt\/#website","url":"https:\/\/jornaldasoficinas.com\/pt\/","name":"Jornal das Oficinas","description":"Jornal independente do Aftermarket Autom\u00f3vel em Portugal","publisher":{"@id":"https:\/\/jornaldasoficinas.com\/pt\/#organization"},"potentialAction":[{"@type":"SearchAction","target":{"@type":"EntryPoint","urlTemplate":"https:\/\/jornaldasoficinas.com\/pt\/?s={search_term_string}"},"query-input":{"@type":"PropertyValueSpecification","valueRequired":true,"valueName":"search_term_string"}}],"inLanguage":"pt-PT"},{"@type":"Organization","@id":"https:\/\/jornaldasoficinas.com\/pt\/#organization","name":"Jornal das Oficinas","url":"https:\/\/jornaldasoficinas.com\/pt\/","logo":{"@type":"ImageObject","inLanguage":"pt-PT","@id":"https:\/\/jornaldasoficinas.com\/pt\/#\/schema\/logo\/image\/","url":"https:\/\/jornaldasoficinas.com\/pt\/wp-content\/uploads\/logoJO-SEO.png","contentUrl":"https:\/\/jornaldasoficinas.com\/pt\/wp-content\/uploads\/logoJO-SEO.png","width":285,"height":450,"caption":"Jornal das Oficinas"},"image":{"@id":"https:\/\/jornaldasoficinas.com\/pt\/#\/schema\/logo\/image\/"},"sameAs":["https:\/\/www.facebook.com\/jornaloficinas","https:\/\/x.com\/jornaloficinas","https:\/\/www.instagram.com\/jornal_oficinas\/","https:\/\/www.linkedin.com\/company\/jornal-das-oficinas\/","https:\/\/www.youtube.com\/channel\/UCbQZBqtcvV-oSQrr7RzINGg"]},{"@type":"Person","@id":"https:\/\/jornaldasoficinas.com\/pt\/#\/schema\/person\/a38eef5de2c41d9e7c9ac10141afddf3","name":"Reda\u00e7\u00e3o JO","image":{"@type":"ImageObject","inLanguage":"pt-PT","@id":"https:\/\/secure.gravatar.com\/avatar\/71f2fa71737ad68a84fea94bc708ddac8ea5b0c4788dc2ad202f3ccb2887742f?s=96&d=wp_user_avatar&r=g","url":"https:\/\/secure.gravatar.com\/avatar\/71f2fa71737ad68a84fea94bc708ddac8ea5b0c4788dc2ad202f3ccb2887742f?s=96&d=wp_user_avatar&r=g","contentUrl":"https:\/\/secure.gravatar.com\/avatar\/71f2fa71737ad68a84fea94bc708ddac8ea5b0c4788dc2ad202f3ccb2887742f?s=96&d=wp_user_avatar&r=g","caption":"Reda\u00e7\u00e3o JO"},"url":"https:\/\/jornaldasoficinas.com\/pt\/author\/joredacao\/"}]}},"_links":{"self":[{"href":"https:\/\/jornaldasoficinas.com\/pt\/wp-json\/wp\/v2\/posts\/108831","targetHints":{"allow":["GET"]}}],"collection":[{"href":"https:\/\/jornaldasoficinas.com\/pt\/wp-json\/wp\/v2\/posts"}],"about":[{"href":"https:\/\/jornaldasoficinas.com\/pt\/wp-json\/wp\/v2\/types\/post"}],"author":[{"embeddable":true,"href":"https:\/\/jornaldasoficinas.com\/pt\/wp-json\/wp\/v2\/users\/15"}],"replies":[{"embeddable":true,"href":"https:\/\/jornaldasoficinas.com\/pt\/wp-json\/wp\/v2\/comments?post=108831"}],"version-history":[{"count":5,"href":"https:\/\/jornaldasoficinas.com\/pt\/wp-json\/wp\/v2\/posts\/108831\/revisions"}],"predecessor-version":[{"id":108853,"href":"https:\/\/jornaldasoficinas.com\/pt\/wp-json\/wp\/v2\/posts\/108831\/revisions\/108853"}],"wp:featuredmedia":[{"embeddable":true,"href":"https:\/\/jornaldasoficinas.com\/pt\/wp-json\/wp\/v2\/media\/108852"}],"wp:attachment":[{"href":"https:\/\/jornaldasoficinas.com\/pt\/wp-json\/wp\/v2\/media?parent=108831"}],"wp:term":[{"taxonomy":"category","embeddable":true,"href":"https:\/\/jornaldasoficinas.com\/pt\/wp-json\/wp\/v2\/categories?post=108831"},{"taxonomy":"post_tag","embeddable":true,"href":"https:\/\/jornaldasoficinas.com\/pt\/wp-json\/wp\/v2\/tags?post=108831"}],"curies":[{"name":"wp","href":"https:\/\/api.w.org\/{rel}","templated":true}]}}