{"id":108908,"date":"2025-11-05T08:00:25","date_gmt":"2025-11-05T08:00:25","guid":{"rendered":"https:\/\/jornaldasoficinas.com\/pt\/?p=108908"},"modified":"2025-11-03T18:09:55","modified_gmt":"2025-11-03T18:09:55","slug":"ancav-ja-tem-data-para-divulgar-primeiros-centros-peca-verde","status":"publish","type":"post","link":"https:\/\/jornaldasoficinas.com\/pt\/ancav-ja-tem-data-para-divulgar-primeiros-centros-peca-verde\/","title":{"rendered":"ANCAV j\u00e1 tem data para divulgar primeiros Centros Pe\u00e7a Verde"},"content":{"rendered":"<p><strong><img loading=\"lazy\" decoding=\"async\" class=\"alignnone size-full wp-image-108920\" src=\"https:\/\/jornaldasoficinas.com\/pt\/wp-content\/uploads\/2025\/11\/ANCAV-ja-tem-data-para-divulgar-primeiros-Centros-Peca-Verde.png\" alt=\"11 - ANCAV ja tem data para divulgar primeiros Centros Peca Verde\" width=\"1024\" height=\"581\" srcset=\"https:\/\/jornaldasoficinas.com\/pt\/wp-content\/uploads\/2025\/11\/ANCAV-ja-tem-data-para-divulgar-primeiros-Centros-Peca-Verde.png 1024w, https:\/\/jornaldasoficinas.com\/pt\/wp-content\/uploads\/2025\/11\/ANCAV-ja-tem-data-para-divulgar-primeiros-Centros-Peca-Verde-300x170.png 300w, https:\/\/jornaldasoficinas.com\/pt\/wp-content\/uploads\/2025\/11\/ANCAV-ja-tem-data-para-divulgar-primeiros-Centros-Peca-Verde-150x85.png 150w, https:\/\/jornaldasoficinas.com\/pt\/wp-content\/uploads\/2025\/11\/ANCAV-ja-tem-data-para-divulgar-primeiros-Centros-Peca-Verde-768x436.png 768w\" sizes=\"auto, (max-width: 1024px) 100vw, 1024px\" \/><\/strong><\/p>\n<p><strong>A <a href=\"https:\/\/ancav.pt\/\" target=\"_blank\" rel=\"noopener\">ANCAV<\/a> vai apresentar publicamente os primeiros Centros Autorizados Pe\u00e7a Verde no pr\u00f3ximo dia 13 de novembro, no Hotel Villa Batalha, numa sess\u00e3o que marca um novo passo no seu projeto de sustentabilidade e economia circular<\/strong><\/p>\n<p>A ANCAV \u2013 Associa\u00e7\u00e3o Nacional dos Centros de Abate de Ve\u00edculos realiza, no dia 13 de novembro de 2025, o evento &#8220;Pe\u00e7a Verde \u2013 Parcerias para um Futuro Sustent\u00e1vel&#8221;, no Hotel Villa Batalha. A iniciativa assinala a apresenta\u00e7\u00e3o p\u00fablica dos primeiros Centros Autorizados Pe\u00e7a Verde, no \u00e2mbito do projeto Pe\u00e7a Verde, que visa promover a economia circular e a sustentabilidade no setor autom\u00f3vel.<\/p>\n<p>Durante o encontro, ser\u00e3o formalizados protocolos de coopera\u00e7\u00e3o com entidades parceiras de refer\u00eancia, entre as quais <a href=\"https:\/\/www.atena-ai.pt\/\" target=\"_blank\" rel=\"noopener\">ATENA<\/a>, <a href=\"https:\/\/www.b-parts.com\/\" target=\"_blank\" rel=\"noopener\">B-PARTS<\/a>, <a href=\"https:\/\/www.valorcar.pt\/\" target=\"_blank\" rel=\"noopener\">VALORCAR<\/a>, <a href=\"https:\/\/www.anecra.pt\/\" target=\"_blank\" rel=\"noopener\">ANECRA<\/a> e <a href=\"https:\/\/www.acp.pt\/\" target=\"_blank\" rel=\"noopener\">ACP<\/a>, consolidando uma rede de colabora\u00e7\u00e3o que refor\u00e7a o compromisso com a reutiliza\u00e7\u00e3o e valoriza\u00e7\u00e3o sustent\u00e1vel das pe\u00e7as autom\u00f3vel.<\/p>\n<p>O programa inclui duas mesas redondas dedicadas aos temas &#8220;Pe\u00e7a Verde \u2013 Da digitaliza\u00e7\u00e3o at\u00e9 ao terreno&#8221; e &#8220;Pe\u00e7a Verde \u2013 Coopera\u00e7\u00e3o institucional&#8221;, com a participa\u00e7\u00e3o de representantes da SOLERA, ATENA, B-PARTS, ACP, ANECRA e VALORCAR. A Ag\u00eancia Portuguesa do Ambiente (APA) participar\u00e1 tamb\u00e9m no evento, com a interven\u00e7\u00e3o &#8220;Pe\u00e7a Verde no contexto ambiental futuro&#8221;.<\/p>\n<p>Segundo a ANCAV, esta iniciativa representa &#8220;um passo importante na consolida\u00e7\u00e3o da marca Pe\u00e7a Verde, distinguindo os Centros que cumprem crit\u00e9rios rigorosos de rastreabilidade, sustentabilidade e qualidade ambiental&#8221;. O evento pretende ainda promover o di\u00e1logo e a partilha de boas pr\u00e1ticas entre os principais agentes do setor.<\/p>\n<p>A entrada \u00e9 gratuita, mas sujeita a inscri\u00e7\u00e3o pr\u00e9via atrav\u00e9s do formul\u00e1rio <a href=\"https:\/\/forms.gle\/67JAA4UwdA91ossb7\" target=\"_blank\" rel=\"noopener\">aqui<\/a>.<\/p>\n","protected":false},"excerpt":{"rendered":"<p>A ANCAV vai apresentar publicamente os&#8230;<\/p>\n","protected":false},"author":15,"featured_media":108920,"comment_status":"closed","ping_status":"closed","sticky":false,"template":"","format":"standard","meta":{"footnotes":""},"categories":[29],"tags":[13932,8073,7459,13931,387,8074,1767],"class_list":["post-108908","post","type-post","status-publish","format-standard","has-post-thumbnail","hentry","category-empresas","tag-13-de-novembro","tag-ancav","tag-apresentacao-oficial","tag-centros-certificados","tag-economia-circular","tag-peca-verde","tag-sustentabilidade"],"yoast_head":"<!-- This site is optimized with the Yoast SEO plugin v27.5 - https:\/\/yoast.com\/product\/yoast-seo-wordpress\/ -->\n<title>ANCAV j\u00e1 tem data para divulgar primeiros Centros Pe\u00e7a Verde - Jornal das Oficinas<\/title>\n<meta name=\"description\" content=\"A ANCAV vai apresentar publicamente os primeiros Centros Autorizados Pe\u00e7a Verde no pr\u00f3ximo dia 13 de novembro, no Hotel Villa Batalha\" \/>\n<meta name=\"robots\" content=\"index, follow, max-snippet:-1, max-image-preview:large, max-video-preview:-1\" \/>\n<link rel=\"canonical\" href=\"https:\/\/jornaldasoficinas.com\/pt\/ancav-ja-tem-data-para-divulgar-primeiros-centros-peca-verde\/\" \/>\n<meta property=\"og:locale\" content=\"pt_PT\" \/>\n<meta property=\"og:type\" content=\"article\" \/>\n<meta property=\"og:title\" content=\"ANCAV j\u00e1 tem data para divulgar primeiros Centros Pe\u00e7a Verde - Jornal das Oficinas\" \/>\n<meta property=\"og:description\" content=\"A ANCAV vai apresentar publicamente os primeiros Centros Autorizados Pe\u00e7a Verde no pr\u00f3ximo dia 13 de novembro, no Hotel Villa Batalha\" \/>\n<meta property=\"og:url\" content=\"https:\/\/jornaldasoficinas.com\/pt\/ancav-ja-tem-data-para-divulgar-primeiros-centros-peca-verde\/\" \/>\n<meta property=\"og:site_name\" content=\"Jornal das Oficinas\" \/>\n<meta property=\"article:publisher\" content=\"https:\/\/www.facebook.com\/jornaloficinas\" \/>\n<meta property=\"article:published_time\" content=\"2025-11-05T08:00:25+00:00\" \/>\n<meta property=\"og:image\" content=\"https:\/\/jornaldasoficinas.com\/pt\/wp-content\/uploads\/2025\/11\/ANCAV-ja-tem-data-para-divulgar-primeiros-Centros-Peca-Verde.png\" \/>\n\t<meta property=\"og:image:width\" content=\"1024\" \/>\n\t<meta property=\"og:image:height\" content=\"581\" \/>\n\t<meta property=\"og:image:type\" content=\"image\/png\" \/>\n<meta name=\"author\" content=\"Reda\u00e7\u00e3o JO\" \/>\n<meta name=\"twitter:card\" content=\"summary_large_image\" \/>\n<meta name=\"twitter:creator\" content=\"@jornaloficinas\" \/>\n<meta name=\"twitter:site\" content=\"@jornaloficinas\" \/>\n<meta name=\"twitter:label1\" content=\"Escrito por\" \/>\n\t<meta name=\"twitter:data1\" content=\"Reda\u00e7\u00e3o JO\" \/>\n\t<meta name=\"twitter:label2\" content=\"Tempo estimado de leitura\" \/>\n\t<meta name=\"twitter:data2\" content=\"2 minutos\" \/>\n<script type=\"application\/ld+json\" class=\"yoast-schema-graph\">{\"@context\":\"https:\\\/\\\/schema.org\",\"@graph\":[{\"@type\":\"Article\",\"@id\":\"https:\\\/\\\/jornaldasoficinas.com\\\/pt\\\/ancav-ja-tem-data-para-divulgar-primeiros-centros-peca-verde\\\/#article\",\"isPartOf\":{\"@id\":\"https:\\\/\\\/jornaldasoficinas.com\\\/pt\\\/ancav-ja-tem-data-para-divulgar-primeiros-centros-peca-verde\\\/\"},\"author\":{\"name\":\"Reda\u00e7\u00e3o JO\",\"@id\":\"https:\\\/\\\/jornaldasoficinas.com\\\/pt\\\/#\\\/schema\\\/person\\\/a38eef5de2c41d9e7c9ac10141afddf3\"},\"headline\":\"ANCAV j\u00e1 tem data para divulgar primeiros Centros Pe\u00e7a Verde\",\"datePublished\":\"2025-11-05T08:00:25+00:00\",\"mainEntityOfPage\":{\"@id\":\"https:\\\/\\\/jornaldasoficinas.com\\\/pt\\\/ancav-ja-tem-data-para-divulgar-primeiros-centros-peca-verde\\\/\"},\"wordCount\":297,\"publisher\":{\"@id\":\"https:\\\/\\\/jornaldasoficinas.com\\\/pt\\\/#organization\"},\"image\":{\"@id\":\"https:\\\/\\\/jornaldasoficinas.com\\\/pt\\\/ancav-ja-tem-data-para-divulgar-primeiros-centros-peca-verde\\\/#primaryimage\"},\"thumbnailUrl\":\"https:\\\/\\\/jornaldasoficinas.com\\\/pt\\\/wp-content\\\/uploads\\\/2025\\\/11\\\/ANCAV-ja-tem-data-para-divulgar-primeiros-Centros-Peca-Verde.png\",\"keywords\":[\"13 de novembro\",\"ANCAV\",\"apresenta\u00e7\u00e3o oficial\",\"Centros Certificados\",\"Economia Circular\",\"Pe\u00e7a verde\",\"Sustentabilidade\"],\"articleSection\":[\"Empresas\"],\"inLanguage\":\"pt-PT\"},{\"@type\":\"WebPage\",\"@id\":\"https:\\\/\\\/jornaldasoficinas.com\\\/pt\\\/ancav-ja-tem-data-para-divulgar-primeiros-centros-peca-verde\\\/\",\"url\":\"https:\\\/\\\/jornaldasoficinas.com\\\/pt\\\/ancav-ja-tem-data-para-divulgar-primeiros-centros-peca-verde\\\/\",\"name\":\"ANCAV j\u00e1 tem data para divulgar primeiros Centros Pe\u00e7a Verde - Jornal das Oficinas\",\"isPartOf\":{\"@id\":\"https:\\\/\\\/jornaldasoficinas.com\\\/pt\\\/#website\"},\"primaryImageOfPage\":{\"@id\":\"https:\\\/\\\/jornaldasoficinas.com\\\/pt\\\/ancav-ja-tem-data-para-divulgar-primeiros-centros-peca-verde\\\/#primaryimage\"},\"image\":{\"@id\":\"https:\\\/\\\/jornaldasoficinas.com\\\/pt\\\/ancav-ja-tem-data-para-divulgar-primeiros-centros-peca-verde\\\/#primaryimage\"},\"thumbnailUrl\":\"https:\\\/\\\/jornaldasoficinas.com\\\/pt\\\/wp-content\\\/uploads\\\/2025\\\/11\\\/ANCAV-ja-tem-data-para-divulgar-primeiros-Centros-Peca-Verde.png\",\"datePublished\":\"2025-11-05T08:00:25+00:00\",\"description\":\"A ANCAV vai apresentar publicamente os primeiros Centros Autorizados Pe\u00e7a Verde no pr\u00f3ximo dia 13 de novembro, no Hotel Villa Batalha\",\"breadcrumb\":{\"@id\":\"https:\\\/\\\/jornaldasoficinas.com\\\/pt\\\/ancav-ja-tem-data-para-divulgar-primeiros-centros-peca-verde\\\/#breadcrumb\"},\"inLanguage\":\"pt-PT\",\"potentialAction\":[{\"@type\":\"ReadAction\",\"target\":[\"https:\\\/\\\/jornaldasoficinas.com\\\/pt\\\/ancav-ja-tem-data-para-divulgar-primeiros-centros-peca-verde\\\/\"]}]},{\"@type\":\"ImageObject\",\"inLanguage\":\"pt-PT\",\"@id\":\"https:\\\/\\\/jornaldasoficinas.com\\\/pt\\\/ancav-ja-tem-data-para-divulgar-primeiros-centros-peca-verde\\\/#primaryimage\",\"url\":\"https:\\\/\\\/jornaldasoficinas.com\\\/pt\\\/wp-content\\\/uploads\\\/2025\\\/11\\\/ANCAV-ja-tem-data-para-divulgar-primeiros-Centros-Peca-Verde.png\",\"contentUrl\":\"https:\\\/\\\/jornaldasoficinas.com\\\/pt\\\/wp-content\\\/uploads\\\/2025\\\/11\\\/ANCAV-ja-tem-data-para-divulgar-primeiros-Centros-Peca-Verde.png\",\"width\":1024,\"height\":581,\"caption\":\"11 - ANCAV ja tem data para divulgar primeiros Centros Peca Verde\"},{\"@type\":\"BreadcrumbList\",\"@id\":\"https:\\\/\\\/jornaldasoficinas.com\\\/pt\\\/ancav-ja-tem-data-para-divulgar-primeiros-centros-peca-verde\\\/#breadcrumb\",\"itemListElement\":[{\"@type\":\"ListItem\",\"position\":1,\"name\":\"In\u00edcio\",\"item\":\"https:\\\/\\\/jornaldasoficinas.com\\\/pt\\\/\"},{\"@type\":\"ListItem\",\"position\":2,\"name\":\"ANCAV j\u00e1 tem data para divulgar primeiros Centros Pe\u00e7a Verde\"}]},{\"@type\":\"WebSite\",\"@id\":\"https:\\\/\\\/jornaldasoficinas.com\\\/pt\\\/#website\",\"url\":\"https:\\\/\\\/jornaldasoficinas.com\\\/pt\\\/\",\"name\":\"Jornal das Oficinas\",\"description\":\"Jornal independente do Aftermarket Autom\u00f3vel em Portugal\",\"publisher\":{\"@id\":\"https:\\\/\\\/jornaldasoficinas.com\\\/pt\\\/#organization\"},\"potentialAction\":[{\"@type\":\"SearchAction\",\"target\":{\"@type\":\"EntryPoint\",\"urlTemplate\":\"https:\\\/\\\/jornaldasoficinas.com\\\/pt\\\/?s={search_term_string}\"},\"query-input\":{\"@type\":\"PropertyValueSpecification\",\"valueRequired\":true,\"valueName\":\"search_term_string\"}}],\"inLanguage\":\"pt-PT\"},{\"@type\":\"Organization\",\"@id\":\"https:\\\/\\\/jornaldasoficinas.com\\\/pt\\\/#organization\",\"name\":\"Jornal das Oficinas\",\"url\":\"https:\\\/\\\/jornaldasoficinas.com\\\/pt\\\/\",\"logo\":{\"@type\":\"ImageObject\",\"inLanguage\":\"pt-PT\",\"@id\":\"https:\\\/\\\/jornaldasoficinas.com\\\/pt\\\/#\\\/schema\\\/logo\\\/image\\\/\",\"url\":\"https:\\\/\\\/jornaldasoficinas.com\\\/pt\\\/wp-content\\\/uploads\\\/logoJO-SEO.png\",\"contentUrl\":\"https:\\\/\\\/jornaldasoficinas.com\\\/pt\\\/wp-content\\\/uploads\\\/logoJO-SEO.png\",\"width\":285,\"height\":450,\"caption\":\"Jornal das Oficinas\"},\"image\":{\"@id\":\"https:\\\/\\\/jornaldasoficinas.com\\\/pt\\\/#\\\/schema\\\/logo\\\/image\\\/\"},\"sameAs\":[\"https:\\\/\\\/www.facebook.com\\\/jornaloficinas\",\"https:\\\/\\\/x.com\\\/jornaloficinas\",\"https:\\\/\\\/www.instagram.com\\\/jornal_oficinas\\\/\",\"https:\\\/\\\/www.linkedin.com\\\/company\\\/jornal-das-oficinas\\\/\",\"https:\\\/\\\/www.youtube.com\\\/channel\\\/UCbQZBqtcvV-oSQrr7RzINGg\"]},{\"@type\":\"Person\",\"@id\":\"https:\\\/\\\/jornaldasoficinas.com\\\/pt\\\/#\\\/schema\\\/person\\\/a38eef5de2c41d9e7c9ac10141afddf3\",\"name\":\"Reda\u00e7\u00e3o JO\",\"image\":{\"@type\":\"ImageObject\",\"inLanguage\":\"pt-PT\",\"@id\":\"https:\\\/\\\/secure.gravatar.com\\\/avatar\\\/71f2fa71737ad68a84fea94bc708ddac8ea5b0c4788dc2ad202f3ccb2887742f?s=96&d=wp_user_avatar&r=g\",\"url\":\"https:\\\/\\\/secure.gravatar.com\\\/avatar\\\/71f2fa71737ad68a84fea94bc708ddac8ea5b0c4788dc2ad202f3ccb2887742f?s=96&d=wp_user_avatar&r=g\",\"contentUrl\":\"https:\\\/\\\/secure.gravatar.com\\\/avatar\\\/71f2fa71737ad68a84fea94bc708ddac8ea5b0c4788dc2ad202f3ccb2887742f?s=96&d=wp_user_avatar&r=g\",\"caption\":\"Reda\u00e7\u00e3o JO\"},\"url\":\"https:\\\/\\\/jornaldasoficinas.com\\\/pt\\\/author\\\/joredacao\\\/\"}]}<\/script>\n<!-- \/ Yoast SEO plugin. -->","yoast_head_json":{"title":"ANCAV j\u00e1 tem data para divulgar primeiros Centros Pe\u00e7a Verde - Jornal das Oficinas","description":"A ANCAV vai apresentar publicamente os primeiros Centros Autorizados Pe\u00e7a Verde no pr\u00f3ximo dia 13 de novembro, no Hotel Villa Batalha","robots":{"index":"index","follow":"follow","max-snippet":"max-snippet:-1","max-image-preview":"max-image-preview:large","max-video-preview":"max-video-preview:-1"},"canonical":"https:\/\/jornaldasoficinas.com\/pt\/ancav-ja-tem-data-para-divulgar-primeiros-centros-peca-verde\/","og_locale":"pt_PT","og_type":"article","og_title":"ANCAV j\u00e1 tem data para divulgar primeiros Centros Pe\u00e7a Verde - Jornal das Oficinas","og_description":"A ANCAV vai apresentar publicamente os primeiros Centros Autorizados Pe\u00e7a Verde no pr\u00f3ximo dia 13 de novembro, no Hotel Villa Batalha","og_url":"https:\/\/jornaldasoficinas.com\/pt\/ancav-ja-tem-data-para-divulgar-primeiros-centros-peca-verde\/","og_site_name":"Jornal das Oficinas","article_publisher":"https:\/\/www.facebook.com\/jornaloficinas","article_published_time":"2025-11-05T08:00:25+00:00","og_image":[{"width":1024,"height":581,"url":"https:\/\/jornaldasoficinas.com\/pt\/wp-content\/uploads\/2025\/11\/ANCAV-ja-tem-data-para-divulgar-primeiros-Centros-Peca-Verde.png","type":"image\/png"}],"author":"Reda\u00e7\u00e3o JO","twitter_card":"summary_large_image","twitter_creator":"@jornaloficinas","twitter_site":"@jornaloficinas","twitter_misc":{"Escrito por":"Reda\u00e7\u00e3o JO","Tempo estimado de leitura":"2 minutos"},"schema":{"@context":"https:\/\/schema.org","@graph":[{"@type":"Article","@id":"https:\/\/jornaldasoficinas.com\/pt\/ancav-ja-tem-data-para-divulgar-primeiros-centros-peca-verde\/#article","isPartOf":{"@id":"https:\/\/jornaldasoficinas.com\/pt\/ancav-ja-tem-data-para-divulgar-primeiros-centros-peca-verde\/"},"author":{"name":"Reda\u00e7\u00e3o JO","@id":"https:\/\/jornaldasoficinas.com\/pt\/#\/schema\/person\/a38eef5de2c41d9e7c9ac10141afddf3"},"headline":"ANCAV j\u00e1 tem data para divulgar primeiros Centros Pe\u00e7a Verde","datePublished":"2025-11-05T08:00:25+00:00","mainEntityOfPage":{"@id":"https:\/\/jornaldasoficinas.com\/pt\/ancav-ja-tem-data-para-divulgar-primeiros-centros-peca-verde\/"},"wordCount":297,"publisher":{"@id":"https:\/\/jornaldasoficinas.com\/pt\/#organization"},"image":{"@id":"https:\/\/jornaldasoficinas.com\/pt\/ancav-ja-tem-data-para-divulgar-primeiros-centros-peca-verde\/#primaryimage"},"thumbnailUrl":"https:\/\/jornaldasoficinas.com\/pt\/wp-content\/uploads\/2025\/11\/ANCAV-ja-tem-data-para-divulgar-primeiros-Centros-Peca-Verde.png","keywords":["13 de novembro","ANCAV","apresenta\u00e7\u00e3o oficial","Centros Certificados","Economia Circular","Pe\u00e7a verde","Sustentabilidade"],"articleSection":["Empresas"],"inLanguage":"pt-PT"},{"@type":"WebPage","@id":"https:\/\/jornaldasoficinas.com\/pt\/ancav-ja-tem-data-para-divulgar-primeiros-centros-peca-verde\/","url":"https:\/\/jornaldasoficinas.com\/pt\/ancav-ja-tem-data-para-divulgar-primeiros-centros-peca-verde\/","name":"ANCAV j\u00e1 tem data para divulgar primeiros Centros Pe\u00e7a Verde - Jornal das Oficinas","isPartOf":{"@id":"https:\/\/jornaldasoficinas.com\/pt\/#website"},"primaryImageOfPage":{"@id":"https:\/\/jornaldasoficinas.com\/pt\/ancav-ja-tem-data-para-divulgar-primeiros-centros-peca-verde\/#primaryimage"},"image":{"@id":"https:\/\/jornaldasoficinas.com\/pt\/ancav-ja-tem-data-para-divulgar-primeiros-centros-peca-verde\/#primaryimage"},"thumbnailUrl":"https:\/\/jornaldasoficinas.com\/pt\/wp-content\/uploads\/2025\/11\/ANCAV-ja-tem-data-para-divulgar-primeiros-Centros-Peca-Verde.png","datePublished":"2025-11-05T08:00:25+00:00","description":"A ANCAV vai apresentar publicamente os primeiros Centros Autorizados Pe\u00e7a Verde no pr\u00f3ximo dia 13 de novembro, no Hotel Villa Batalha","breadcrumb":{"@id":"https:\/\/jornaldasoficinas.com\/pt\/ancav-ja-tem-data-para-divulgar-primeiros-centros-peca-verde\/#breadcrumb"},"inLanguage":"pt-PT","potentialAction":[{"@type":"ReadAction","target":["https:\/\/jornaldasoficinas.com\/pt\/ancav-ja-tem-data-para-divulgar-primeiros-centros-peca-verde\/"]}]},{"@type":"ImageObject","inLanguage":"pt-PT","@id":"https:\/\/jornaldasoficinas.com\/pt\/ancav-ja-tem-data-para-divulgar-primeiros-centros-peca-verde\/#primaryimage","url":"https:\/\/jornaldasoficinas.com\/pt\/wp-content\/uploads\/2025\/11\/ANCAV-ja-tem-data-para-divulgar-primeiros-Centros-Peca-Verde.png","contentUrl":"https:\/\/jornaldasoficinas.com\/pt\/wp-content\/uploads\/2025\/11\/ANCAV-ja-tem-data-para-divulgar-primeiros-Centros-Peca-Verde.png","width":1024,"height":581,"caption":"11 - ANCAV ja tem data para divulgar primeiros Centros Peca Verde"},{"@type":"BreadcrumbList","@id":"https:\/\/jornaldasoficinas.com\/pt\/ancav-ja-tem-data-para-divulgar-primeiros-centros-peca-verde\/#breadcrumb","itemListElement":[{"@type":"ListItem","position":1,"name":"In\u00edcio","item":"https:\/\/jornaldasoficinas.com\/pt\/"},{"@type":"ListItem","position":2,"name":"ANCAV j\u00e1 tem data para divulgar primeiros Centros Pe\u00e7a Verde"}]},{"@type":"WebSite","@id":"https:\/\/jornaldasoficinas.com\/pt\/#website","url":"https:\/\/jornaldasoficinas.com\/pt\/","name":"Jornal das Oficinas","description":"Jornal independente do Aftermarket Autom\u00f3vel em Portugal","publisher":{"@id":"https:\/\/jornaldasoficinas.com\/pt\/#organization"},"potentialAction":[{"@type":"SearchAction","target":{"@type":"EntryPoint","urlTemplate":"https:\/\/jornaldasoficinas.com\/pt\/?s={search_term_string}"},"query-input":{"@type":"PropertyValueSpecification","valueRequired":true,"valueName":"search_term_string"}}],"inLanguage":"pt-PT"},{"@type":"Organization","@id":"https:\/\/jornaldasoficinas.com\/pt\/#organization","name":"Jornal das Oficinas","url":"https:\/\/jornaldasoficinas.com\/pt\/","logo":{"@type":"ImageObject","inLanguage":"pt-PT","@id":"https:\/\/jornaldasoficinas.com\/pt\/#\/schema\/logo\/image\/","url":"https:\/\/jornaldasoficinas.com\/pt\/wp-content\/uploads\/logoJO-SEO.png","contentUrl":"https:\/\/jornaldasoficinas.com\/pt\/wp-content\/uploads\/logoJO-SEO.png","width":285,"height":450,"caption":"Jornal das Oficinas"},"image":{"@id":"https:\/\/jornaldasoficinas.com\/pt\/#\/schema\/logo\/image\/"},"sameAs":["https:\/\/www.facebook.com\/jornaloficinas","https:\/\/x.com\/jornaloficinas","https:\/\/www.instagram.com\/jornal_oficinas\/","https:\/\/www.linkedin.com\/company\/jornal-das-oficinas\/","https:\/\/www.youtube.com\/channel\/UCbQZBqtcvV-oSQrr7RzINGg"]},{"@type":"Person","@id":"https:\/\/jornaldasoficinas.com\/pt\/#\/schema\/person\/a38eef5de2c41d9e7c9ac10141afddf3","name":"Reda\u00e7\u00e3o JO","image":{"@type":"ImageObject","inLanguage":"pt-PT","@id":"https:\/\/secure.gravatar.com\/avatar\/71f2fa71737ad68a84fea94bc708ddac8ea5b0c4788dc2ad202f3ccb2887742f?s=96&d=wp_user_avatar&r=g","url":"https:\/\/secure.gravatar.com\/avatar\/71f2fa71737ad68a84fea94bc708ddac8ea5b0c4788dc2ad202f3ccb2887742f?s=96&d=wp_user_avatar&r=g","contentUrl":"https:\/\/secure.gravatar.com\/avatar\/71f2fa71737ad68a84fea94bc708ddac8ea5b0c4788dc2ad202f3ccb2887742f?s=96&d=wp_user_avatar&r=g","caption":"Reda\u00e7\u00e3o JO"},"url":"https:\/\/jornaldasoficinas.com\/pt\/author\/joredacao\/"}]}},"_links":{"self":[{"href":"https:\/\/jornaldasoficinas.com\/pt\/wp-json\/wp\/v2\/posts\/108908","targetHints":{"allow":["GET"]}}],"collection":[{"href":"https:\/\/jornaldasoficinas.com\/pt\/wp-json\/wp\/v2\/posts"}],"about":[{"href":"https:\/\/jornaldasoficinas.com\/pt\/wp-json\/wp\/v2\/types\/post"}],"author":[{"embeddable":true,"href":"https:\/\/jornaldasoficinas.com\/pt\/wp-json\/wp\/v2\/users\/15"}],"replies":[{"embeddable":true,"href":"https:\/\/jornaldasoficinas.com\/pt\/wp-json\/wp\/v2\/comments?post=108908"}],"version-history":[{"count":7,"href":"https:\/\/jornaldasoficinas.com\/pt\/wp-json\/wp\/v2\/posts\/108908\/revisions"}],"predecessor-version":[{"id":108922,"href":"https:\/\/jornaldasoficinas.com\/pt\/wp-json\/wp\/v2\/posts\/108908\/revisions\/108922"}],"wp:featuredmedia":[{"embeddable":true,"href":"https:\/\/jornaldasoficinas.com\/pt\/wp-json\/wp\/v2\/media\/108920"}],"wp:attachment":[{"href":"https:\/\/jornaldasoficinas.com\/pt\/wp-json\/wp\/v2\/media?parent=108908"}],"wp:term":[{"taxonomy":"category","embeddable":true,"href":"https:\/\/jornaldasoficinas.com\/pt\/wp-json\/wp\/v2\/categories?post=108908"},{"taxonomy":"post_tag","embeddable":true,"href":"https:\/\/jornaldasoficinas.com\/pt\/wp-json\/wp\/v2\/tags?post=108908"}],"curies":[{"name":"wp","href":"https:\/\/api.w.org\/{rel}","templated":true}]}}