{"id":108928,"date":"2025-11-05T12:30:51","date_gmt":"2025-11-05T12:30:51","guid":{"rendered":"https:\/\/jornaldasoficinas.com\/pt\/?p=108928"},"modified":"2025-11-04T14:15:37","modified_gmt":"2025-11-04T14:15:37","slug":"centro-e-norte-lideram-crescimento-da-procura-de-usados","status":"publish","type":"post","link":"https:\/\/jornaldasoficinas.com\/pt\/centro-e-norte-lideram-crescimento-da-procura-de-usados\/","title":{"rendered":"Centro e Norte lideram crescimento da procura de usados"},"content":{"rendered":"<p><strong><img loading=\"lazy\" decoding=\"async\" class=\"alignnone size-full wp-image-108967\" src=\"https:\/\/jornaldasoficinas.com\/pt\/wp-content\/uploads\/2025\/11\/Centro-e-Norte-lideram-crescimento-da-procura-de-usados.jpg\" alt=\"11 - Centro e Norte lideram crescimento da procura de usados\" width=\"1024\" height=\"581\" srcset=\"https:\/\/jornaldasoficinas.com\/pt\/wp-content\/uploads\/2025\/11\/Centro-e-Norte-lideram-crescimento-da-procura-de-usados.jpg 1024w, https:\/\/jornaldasoficinas.com\/pt\/wp-content\/uploads\/2025\/11\/Centro-e-Norte-lideram-crescimento-da-procura-de-usados-300x170.jpg 300w, https:\/\/jornaldasoficinas.com\/pt\/wp-content\/uploads\/2025\/11\/Centro-e-Norte-lideram-crescimento-da-procura-de-usados-150x85.jpg 150w, https:\/\/jornaldasoficinas.com\/pt\/wp-content\/uploads\/2025\/11\/Centro-e-Norte-lideram-crescimento-da-procura-de-usados-768x436.jpg 768w\" sizes=\"auto, (max-width: 1024px) 100vw, 1024px\" \/><\/strong><\/p>\n<p><strong>Segundo os dados do <a href=\"https:\/\/www.standvirtual.com\/\" target=\"_blank\" rel=\"noopener\">Standvirtual<\/a>, a procura de carros usados aumentou 48% em setembro face ao mesmo m\u00eas de 2024, com destaque para as regi\u00f5es Centro (44%) e Norte (40%)<\/strong><\/p>\n<p>O mercado de ve\u00edculos usados manteve em setembro uma tend\u00eancia positiva, de acordo com o Standvirtual. A procura aumentou 48% face a 2024, ao passo que a oferta recuou 1%. O Centro e o Norte foram as regi\u00f5es onde o crescimento mais se fez sentir, com subidas de 44% e 40%, respetivamente.<\/p>\n<p>A tend\u00eancia de crescimento refletiu-se tamb\u00e9m nas marcas premium e de luxo, com aumentos de 27% e 16%, respetivamente. O portal indicou ainda que o mercado manteve uma &#8220;din\u00e2mica positiva&#8221;, com cerca de +45% face a setembro de 2024.<\/p>\n<p>Os ve\u00edculos el\u00e9tricos voltaram a destacar-se como a tipologia com maior aumento da procura: +69% nos el\u00e9tricos premium e +62% nos de volume. A oferta acompanhou a tend\u00eancia, subindo 31% nos el\u00e9tricos de volume e 25% nos premium.<\/p>\n<p>Os ve\u00edculos a gasolina tamb\u00e9m registaram forte crescimento (+49% na procura e +1% na oferta), enquanto os diesel apresentaram um aumento de procura (+25%) mas uma redu\u00e7\u00e3o da oferta (-13%).<\/p>\n<p>No total, as motoriza\u00e7\u00f5es Diesel (48%) e Gasolina (30%) continuam a dominar as prefer\u00eancias, mas as motoriza\u00e7\u00f5es eletrificadas (el\u00e9tricos e h\u00edbridos) j\u00e1 representam 19% da procura e 22% da oferta.<\/p>\n<p><strong>Ve\u00edculos mais acess\u00edveis concentram maior procura<\/strong><\/p>\n<p>Os autom\u00f3veis abaixo dos 15 mil euros foram os mais procurados (+50%), seguidos pelos de valor superior a 30 mil euros (+26%) e os entre 15 mil e 30 mil euros (+25%). A categoria entre 10.000\u20ac e 25.000\u20ac concentrou o maior n\u00famero de visualiza\u00e7\u00f5es (35%) e an\u00fancios (48%).<\/p>\n<p>A procura aumentou sobretudo nos ve\u00edculos com 1 a 3 anos (+33%), mas tamb\u00e9m cresceu nos de 5 a 10 anos (+26%) e 3 a 5 anos (+23%). A oferta aumentou apenas nos autom\u00f3veis de 10 a 15 anos (+5%), diminuindo nos restantes intervalos de idade. Os carros matriculados entre 2019 e 2020 foram os mais visualizados, seguidos pelos de 2021 a 2022.<\/p>\n<p>Os segmentos com maior crescimento da procura foram os utilit\u00e1rios (+65%), monovolumes (+42%), sedan (+39%) e citadinos (+37%). Os SUV continuam a liderar em volume (22% da procura e 30% da oferta), seguidos pelos utilit\u00e1rios (18%) e carrinhas (15%).<\/p>\n","protected":false},"excerpt":{"rendered":"<p>Segundo os dados do Standvirtual, a&#8230;<\/p>\n","protected":false},"author":15,"featured_media":108967,"comment_status":"closed","ping_status":"closed","sticky":false,"template":"","format":"standard","meta":{"footnotes":""},"categories":[37],"tags":[13933,2781,5435,10553,5459,2198],"class_list":["post-108928","post","type-post","status-publish","format-standard","has-post-thumbnail","hentry","category-mercado","tag-centro","tag-crescimento","tag-mercado-de-usados","tag-mes-de-setembro","tag-norte","tag-standvirtual"],"yoast_head":"<!-- This site is optimized with the Yoast SEO plugin v27.4 - https:\/\/yoast.com\/product\/yoast-seo-wordpress\/ -->\n<title>Centro e Norte lideram crescimento da procura de usados - Jornal das Oficinas<\/title>\n<meta name=\"description\" content=\"Segundo o Standvirtual, a procura de carros usados aumentou 48% em setembro face ao mesmo m\u00eas de 2024, com destaque para o Centro e o Norte\" \/>\n<meta name=\"robots\" content=\"index, follow, max-snippet:-1, max-image-preview:large, max-video-preview:-1\" \/>\n<link rel=\"canonical\" href=\"https:\/\/jornaldasoficinas.com\/pt\/centro-e-norte-lideram-crescimento-da-procura-de-usados\/\" \/>\n<meta property=\"og:locale\" content=\"pt_PT\" \/>\n<meta property=\"og:type\" content=\"article\" \/>\n<meta property=\"og:title\" content=\"Centro e Norte lideram crescimento da procura de usados - Jornal das Oficinas\" \/>\n<meta property=\"og:description\" content=\"Segundo o Standvirtual, a procura de carros usados aumentou 48% em setembro face ao mesmo m\u00eas de 2024, com destaque para o Centro e o Norte\" \/>\n<meta property=\"og:url\" content=\"https:\/\/jornaldasoficinas.com\/pt\/centro-e-norte-lideram-crescimento-da-procura-de-usados\/\" \/>\n<meta property=\"og:site_name\" content=\"Jornal das Oficinas\" \/>\n<meta property=\"article:publisher\" content=\"https:\/\/www.facebook.com\/jornaloficinas\" \/>\n<meta property=\"article:published_time\" content=\"2025-11-05T12:30:51+00:00\" \/>\n<meta property=\"og:image\" content=\"https:\/\/jornaldasoficinas.com\/pt\/wp-content\/uploads\/2025\/11\/Centro-e-Norte-lideram-crescimento-da-procura-de-usados.jpg\" \/>\n\t<meta property=\"og:image:width\" content=\"1024\" \/>\n\t<meta property=\"og:image:height\" content=\"581\" \/>\n\t<meta property=\"og:image:type\" content=\"image\/jpeg\" \/>\n<meta name=\"author\" content=\"Reda\u00e7\u00e3o JO\" \/>\n<meta name=\"twitter:card\" content=\"summary_large_image\" \/>\n<meta name=\"twitter:creator\" content=\"@jornaloficinas\" \/>\n<meta name=\"twitter:site\" content=\"@jornaloficinas\" \/>\n<meta name=\"twitter:label1\" content=\"Escrito por\" \/>\n\t<meta name=\"twitter:data1\" content=\"Reda\u00e7\u00e3o JO\" \/>\n\t<meta name=\"twitter:label2\" content=\"Tempo estimado de leitura\" \/>\n\t<meta name=\"twitter:data2\" content=\"3 minutos\" \/>\n<script type=\"application\/ld+json\" class=\"yoast-schema-graph\">{\"@context\":\"https:\\\/\\\/schema.org\",\"@graph\":[{\"@type\":\"Article\",\"@id\":\"https:\\\/\\\/jornaldasoficinas.com\\\/pt\\\/centro-e-norte-lideram-crescimento-da-procura-de-usados\\\/#article\",\"isPartOf\":{\"@id\":\"https:\\\/\\\/jornaldasoficinas.com\\\/pt\\\/centro-e-norte-lideram-crescimento-da-procura-de-usados\\\/\"},\"author\":{\"name\":\"Reda\u00e7\u00e3o JO\",\"@id\":\"https:\\\/\\\/jornaldasoficinas.com\\\/pt\\\/#\\\/schema\\\/person\\\/a38eef5de2c41d9e7c9ac10141afddf3\"},\"headline\":\"Centro e Norte lideram crescimento da procura de usados\",\"datePublished\":\"2025-11-05T12:30:51+00:00\",\"mainEntityOfPage\":{\"@id\":\"https:\\\/\\\/jornaldasoficinas.com\\\/pt\\\/centro-e-norte-lideram-crescimento-da-procura-de-usados\\\/\"},\"wordCount\":357,\"publisher\":{\"@id\":\"https:\\\/\\\/jornaldasoficinas.com\\\/pt\\\/#organization\"},\"image\":{\"@id\":\"https:\\\/\\\/jornaldasoficinas.com\\\/pt\\\/centro-e-norte-lideram-crescimento-da-procura-de-usados\\\/#primaryimage\"},\"thumbnailUrl\":\"https:\\\/\\\/jornaldasoficinas.com\\\/pt\\\/wp-content\\\/uploads\\\/2025\\\/11\\\/Centro-e-Norte-lideram-crescimento-da-procura-de-usados.jpg\",\"keywords\":[\"Centro\",\"Crescimento\",\"Mercado de usados\",\"m\u00eas de setembro\",\"Norte\",\"Standvirtual\"],\"articleSection\":[\"Mercado\"],\"inLanguage\":\"pt-PT\"},{\"@type\":\"WebPage\",\"@id\":\"https:\\\/\\\/jornaldasoficinas.com\\\/pt\\\/centro-e-norte-lideram-crescimento-da-procura-de-usados\\\/\",\"url\":\"https:\\\/\\\/jornaldasoficinas.com\\\/pt\\\/centro-e-norte-lideram-crescimento-da-procura-de-usados\\\/\",\"name\":\"Centro e Norte lideram crescimento da procura de usados - Jornal das Oficinas\",\"isPartOf\":{\"@id\":\"https:\\\/\\\/jornaldasoficinas.com\\\/pt\\\/#website\"},\"primaryImageOfPage\":{\"@id\":\"https:\\\/\\\/jornaldasoficinas.com\\\/pt\\\/centro-e-norte-lideram-crescimento-da-procura-de-usados\\\/#primaryimage\"},\"image\":{\"@id\":\"https:\\\/\\\/jornaldasoficinas.com\\\/pt\\\/centro-e-norte-lideram-crescimento-da-procura-de-usados\\\/#primaryimage\"},\"thumbnailUrl\":\"https:\\\/\\\/jornaldasoficinas.com\\\/pt\\\/wp-content\\\/uploads\\\/2025\\\/11\\\/Centro-e-Norte-lideram-crescimento-da-procura-de-usados.jpg\",\"datePublished\":\"2025-11-05T12:30:51+00:00\",\"description\":\"Segundo o Standvirtual, a procura de carros usados aumentou 48% em setembro face ao mesmo m\u00eas de 2024, com destaque para o Centro e o Norte\",\"breadcrumb\":{\"@id\":\"https:\\\/\\\/jornaldasoficinas.com\\\/pt\\\/centro-e-norte-lideram-crescimento-da-procura-de-usados\\\/#breadcrumb\"},\"inLanguage\":\"pt-PT\",\"potentialAction\":[{\"@type\":\"ReadAction\",\"target\":[\"https:\\\/\\\/jornaldasoficinas.com\\\/pt\\\/centro-e-norte-lideram-crescimento-da-procura-de-usados\\\/\"]}]},{\"@type\":\"ImageObject\",\"inLanguage\":\"pt-PT\",\"@id\":\"https:\\\/\\\/jornaldasoficinas.com\\\/pt\\\/centro-e-norte-lideram-crescimento-da-procura-de-usados\\\/#primaryimage\",\"url\":\"https:\\\/\\\/jornaldasoficinas.com\\\/pt\\\/wp-content\\\/uploads\\\/2025\\\/11\\\/Centro-e-Norte-lideram-crescimento-da-procura-de-usados.jpg\",\"contentUrl\":\"https:\\\/\\\/jornaldasoficinas.com\\\/pt\\\/wp-content\\\/uploads\\\/2025\\\/11\\\/Centro-e-Norte-lideram-crescimento-da-procura-de-usados.jpg\",\"width\":1024,\"height\":581,\"caption\":\"11 - Centro e Norte lideram crescimento da procura de usados\"},{\"@type\":\"BreadcrumbList\",\"@id\":\"https:\\\/\\\/jornaldasoficinas.com\\\/pt\\\/centro-e-norte-lideram-crescimento-da-procura-de-usados\\\/#breadcrumb\",\"itemListElement\":[{\"@type\":\"ListItem\",\"position\":1,\"name\":\"In\u00edcio\",\"item\":\"https:\\\/\\\/jornaldasoficinas.com\\\/pt\\\/\"},{\"@type\":\"ListItem\",\"position\":2,\"name\":\"Centro e Norte lideram crescimento da procura de usados\"}]},{\"@type\":\"WebSite\",\"@id\":\"https:\\\/\\\/jornaldasoficinas.com\\\/pt\\\/#website\",\"url\":\"https:\\\/\\\/jornaldasoficinas.com\\\/pt\\\/\",\"name\":\"Jornal das Oficinas\",\"description\":\"Jornal independente do Aftermarket Autom\u00f3vel em Portugal\",\"publisher\":{\"@id\":\"https:\\\/\\\/jornaldasoficinas.com\\\/pt\\\/#organization\"},\"potentialAction\":[{\"@type\":\"SearchAction\",\"target\":{\"@type\":\"EntryPoint\",\"urlTemplate\":\"https:\\\/\\\/jornaldasoficinas.com\\\/pt\\\/?s={search_term_string}\"},\"query-input\":{\"@type\":\"PropertyValueSpecification\",\"valueRequired\":true,\"valueName\":\"search_term_string\"}}],\"inLanguage\":\"pt-PT\"},{\"@type\":\"Organization\",\"@id\":\"https:\\\/\\\/jornaldasoficinas.com\\\/pt\\\/#organization\",\"name\":\"Jornal das Oficinas\",\"url\":\"https:\\\/\\\/jornaldasoficinas.com\\\/pt\\\/\",\"logo\":{\"@type\":\"ImageObject\",\"inLanguage\":\"pt-PT\",\"@id\":\"https:\\\/\\\/jornaldasoficinas.com\\\/pt\\\/#\\\/schema\\\/logo\\\/image\\\/\",\"url\":\"https:\\\/\\\/jornaldasoficinas.com\\\/pt\\\/wp-content\\\/uploads\\\/logoJO-SEO.png\",\"contentUrl\":\"https:\\\/\\\/jornaldasoficinas.com\\\/pt\\\/wp-content\\\/uploads\\\/logoJO-SEO.png\",\"width\":285,\"height\":450,\"caption\":\"Jornal das Oficinas\"},\"image\":{\"@id\":\"https:\\\/\\\/jornaldasoficinas.com\\\/pt\\\/#\\\/schema\\\/logo\\\/image\\\/\"},\"sameAs\":[\"https:\\\/\\\/www.facebook.com\\\/jornaloficinas\",\"https:\\\/\\\/x.com\\\/jornaloficinas\",\"https:\\\/\\\/www.instagram.com\\\/jornal_oficinas\\\/\",\"https:\\\/\\\/www.linkedin.com\\\/company\\\/jornal-das-oficinas\\\/\",\"https:\\\/\\\/www.youtube.com\\\/channel\\\/UCbQZBqtcvV-oSQrr7RzINGg\"]},{\"@type\":\"Person\",\"@id\":\"https:\\\/\\\/jornaldasoficinas.com\\\/pt\\\/#\\\/schema\\\/person\\\/a38eef5de2c41d9e7c9ac10141afddf3\",\"name\":\"Reda\u00e7\u00e3o JO\",\"image\":{\"@type\":\"ImageObject\",\"inLanguage\":\"pt-PT\",\"@id\":\"https:\\\/\\\/secure.gravatar.com\\\/avatar\\\/71f2fa71737ad68a84fea94bc708ddac8ea5b0c4788dc2ad202f3ccb2887742f?s=96&d=wp_user_avatar&r=g\",\"url\":\"https:\\\/\\\/secure.gravatar.com\\\/avatar\\\/71f2fa71737ad68a84fea94bc708ddac8ea5b0c4788dc2ad202f3ccb2887742f?s=96&d=wp_user_avatar&r=g\",\"contentUrl\":\"https:\\\/\\\/secure.gravatar.com\\\/avatar\\\/71f2fa71737ad68a84fea94bc708ddac8ea5b0c4788dc2ad202f3ccb2887742f?s=96&d=wp_user_avatar&r=g\",\"caption\":\"Reda\u00e7\u00e3o JO\"},\"url\":\"https:\\\/\\\/jornaldasoficinas.com\\\/pt\\\/author\\\/joredacao\\\/\"}]}<\/script>\n<!-- \/ Yoast SEO plugin. -->","yoast_head_json":{"title":"Centro e Norte lideram crescimento da procura de usados - Jornal das Oficinas","description":"Segundo o Standvirtual, a procura de carros usados aumentou 48% em setembro face ao mesmo m\u00eas de 2024, com destaque para o Centro e o Norte","robots":{"index":"index","follow":"follow","max-snippet":"max-snippet:-1","max-image-preview":"max-image-preview:large","max-video-preview":"max-video-preview:-1"},"canonical":"https:\/\/jornaldasoficinas.com\/pt\/centro-e-norte-lideram-crescimento-da-procura-de-usados\/","og_locale":"pt_PT","og_type":"article","og_title":"Centro e Norte lideram crescimento da procura de usados - Jornal das Oficinas","og_description":"Segundo o Standvirtual, a procura de carros usados aumentou 48% em setembro face ao mesmo m\u00eas de 2024, com destaque para o Centro e o Norte","og_url":"https:\/\/jornaldasoficinas.com\/pt\/centro-e-norte-lideram-crescimento-da-procura-de-usados\/","og_site_name":"Jornal das Oficinas","article_publisher":"https:\/\/www.facebook.com\/jornaloficinas","article_published_time":"2025-11-05T12:30:51+00:00","og_image":[{"width":1024,"height":581,"url":"https:\/\/jornaldasoficinas.com\/pt\/wp-content\/uploads\/2025\/11\/Centro-e-Norte-lideram-crescimento-da-procura-de-usados.jpg","type":"image\/jpeg"}],"author":"Reda\u00e7\u00e3o JO","twitter_card":"summary_large_image","twitter_creator":"@jornaloficinas","twitter_site":"@jornaloficinas","twitter_misc":{"Escrito por":"Reda\u00e7\u00e3o JO","Tempo estimado de leitura":"3 minutos"},"schema":{"@context":"https:\/\/schema.org","@graph":[{"@type":"Article","@id":"https:\/\/jornaldasoficinas.com\/pt\/centro-e-norte-lideram-crescimento-da-procura-de-usados\/#article","isPartOf":{"@id":"https:\/\/jornaldasoficinas.com\/pt\/centro-e-norte-lideram-crescimento-da-procura-de-usados\/"},"author":{"name":"Reda\u00e7\u00e3o JO","@id":"https:\/\/jornaldasoficinas.com\/pt\/#\/schema\/person\/a38eef5de2c41d9e7c9ac10141afddf3"},"headline":"Centro e Norte lideram crescimento da procura de usados","datePublished":"2025-11-05T12:30:51+00:00","mainEntityOfPage":{"@id":"https:\/\/jornaldasoficinas.com\/pt\/centro-e-norte-lideram-crescimento-da-procura-de-usados\/"},"wordCount":357,"publisher":{"@id":"https:\/\/jornaldasoficinas.com\/pt\/#organization"},"image":{"@id":"https:\/\/jornaldasoficinas.com\/pt\/centro-e-norte-lideram-crescimento-da-procura-de-usados\/#primaryimage"},"thumbnailUrl":"https:\/\/jornaldasoficinas.com\/pt\/wp-content\/uploads\/2025\/11\/Centro-e-Norte-lideram-crescimento-da-procura-de-usados.jpg","keywords":["Centro","Crescimento","Mercado de usados","m\u00eas de setembro","Norte","Standvirtual"],"articleSection":["Mercado"],"inLanguage":"pt-PT"},{"@type":"WebPage","@id":"https:\/\/jornaldasoficinas.com\/pt\/centro-e-norte-lideram-crescimento-da-procura-de-usados\/","url":"https:\/\/jornaldasoficinas.com\/pt\/centro-e-norte-lideram-crescimento-da-procura-de-usados\/","name":"Centro e Norte lideram crescimento da procura de usados - Jornal das Oficinas","isPartOf":{"@id":"https:\/\/jornaldasoficinas.com\/pt\/#website"},"primaryImageOfPage":{"@id":"https:\/\/jornaldasoficinas.com\/pt\/centro-e-norte-lideram-crescimento-da-procura-de-usados\/#primaryimage"},"image":{"@id":"https:\/\/jornaldasoficinas.com\/pt\/centro-e-norte-lideram-crescimento-da-procura-de-usados\/#primaryimage"},"thumbnailUrl":"https:\/\/jornaldasoficinas.com\/pt\/wp-content\/uploads\/2025\/11\/Centro-e-Norte-lideram-crescimento-da-procura-de-usados.jpg","datePublished":"2025-11-05T12:30:51+00:00","description":"Segundo o Standvirtual, a procura de carros usados aumentou 48% em setembro face ao mesmo m\u00eas de 2024, com destaque para o Centro e o Norte","breadcrumb":{"@id":"https:\/\/jornaldasoficinas.com\/pt\/centro-e-norte-lideram-crescimento-da-procura-de-usados\/#breadcrumb"},"inLanguage":"pt-PT","potentialAction":[{"@type":"ReadAction","target":["https:\/\/jornaldasoficinas.com\/pt\/centro-e-norte-lideram-crescimento-da-procura-de-usados\/"]}]},{"@type":"ImageObject","inLanguage":"pt-PT","@id":"https:\/\/jornaldasoficinas.com\/pt\/centro-e-norte-lideram-crescimento-da-procura-de-usados\/#primaryimage","url":"https:\/\/jornaldasoficinas.com\/pt\/wp-content\/uploads\/2025\/11\/Centro-e-Norte-lideram-crescimento-da-procura-de-usados.jpg","contentUrl":"https:\/\/jornaldasoficinas.com\/pt\/wp-content\/uploads\/2025\/11\/Centro-e-Norte-lideram-crescimento-da-procura-de-usados.jpg","width":1024,"height":581,"caption":"11 - Centro e Norte lideram crescimento da procura de usados"},{"@type":"BreadcrumbList","@id":"https:\/\/jornaldasoficinas.com\/pt\/centro-e-norte-lideram-crescimento-da-procura-de-usados\/#breadcrumb","itemListElement":[{"@type":"ListItem","position":1,"name":"In\u00edcio","item":"https:\/\/jornaldasoficinas.com\/pt\/"},{"@type":"ListItem","position":2,"name":"Centro e Norte lideram crescimento da procura de usados"}]},{"@type":"WebSite","@id":"https:\/\/jornaldasoficinas.com\/pt\/#website","url":"https:\/\/jornaldasoficinas.com\/pt\/","name":"Jornal das Oficinas","description":"Jornal independente do Aftermarket Autom\u00f3vel em Portugal","publisher":{"@id":"https:\/\/jornaldasoficinas.com\/pt\/#organization"},"potentialAction":[{"@type":"SearchAction","target":{"@type":"EntryPoint","urlTemplate":"https:\/\/jornaldasoficinas.com\/pt\/?s={search_term_string}"},"query-input":{"@type":"PropertyValueSpecification","valueRequired":true,"valueName":"search_term_string"}}],"inLanguage":"pt-PT"},{"@type":"Organization","@id":"https:\/\/jornaldasoficinas.com\/pt\/#organization","name":"Jornal das Oficinas","url":"https:\/\/jornaldasoficinas.com\/pt\/","logo":{"@type":"ImageObject","inLanguage":"pt-PT","@id":"https:\/\/jornaldasoficinas.com\/pt\/#\/schema\/logo\/image\/","url":"https:\/\/jornaldasoficinas.com\/pt\/wp-content\/uploads\/logoJO-SEO.png","contentUrl":"https:\/\/jornaldasoficinas.com\/pt\/wp-content\/uploads\/logoJO-SEO.png","width":285,"height":450,"caption":"Jornal das Oficinas"},"image":{"@id":"https:\/\/jornaldasoficinas.com\/pt\/#\/schema\/logo\/image\/"},"sameAs":["https:\/\/www.facebook.com\/jornaloficinas","https:\/\/x.com\/jornaloficinas","https:\/\/www.instagram.com\/jornal_oficinas\/","https:\/\/www.linkedin.com\/company\/jornal-das-oficinas\/","https:\/\/www.youtube.com\/channel\/UCbQZBqtcvV-oSQrr7RzINGg"]},{"@type":"Person","@id":"https:\/\/jornaldasoficinas.com\/pt\/#\/schema\/person\/a38eef5de2c41d9e7c9ac10141afddf3","name":"Reda\u00e7\u00e3o JO","image":{"@type":"ImageObject","inLanguage":"pt-PT","@id":"https:\/\/secure.gravatar.com\/avatar\/71f2fa71737ad68a84fea94bc708ddac8ea5b0c4788dc2ad202f3ccb2887742f?s=96&d=wp_user_avatar&r=g","url":"https:\/\/secure.gravatar.com\/avatar\/71f2fa71737ad68a84fea94bc708ddac8ea5b0c4788dc2ad202f3ccb2887742f?s=96&d=wp_user_avatar&r=g","contentUrl":"https:\/\/secure.gravatar.com\/avatar\/71f2fa71737ad68a84fea94bc708ddac8ea5b0c4788dc2ad202f3ccb2887742f?s=96&d=wp_user_avatar&r=g","caption":"Reda\u00e7\u00e3o JO"},"url":"https:\/\/jornaldasoficinas.com\/pt\/author\/joredacao\/"}]}},"_links":{"self":[{"href":"https:\/\/jornaldasoficinas.com\/pt\/wp-json\/wp\/v2\/posts\/108928","targetHints":{"allow":["GET"]}}],"collection":[{"href":"https:\/\/jornaldasoficinas.com\/pt\/wp-json\/wp\/v2\/posts"}],"about":[{"href":"https:\/\/jornaldasoficinas.com\/pt\/wp-json\/wp\/v2\/types\/post"}],"author":[{"embeddable":true,"href":"https:\/\/jornaldasoficinas.com\/pt\/wp-json\/wp\/v2\/users\/15"}],"replies":[{"embeddable":true,"href":"https:\/\/jornaldasoficinas.com\/pt\/wp-json\/wp\/v2\/comments?post=108928"}],"version-history":[{"count":7,"href":"https:\/\/jornaldasoficinas.com\/pt\/wp-json\/wp\/v2\/posts\/108928\/revisions"}],"predecessor-version":[{"id":108970,"href":"https:\/\/jornaldasoficinas.com\/pt\/wp-json\/wp\/v2\/posts\/108928\/revisions\/108970"}],"wp:featuredmedia":[{"embeddable":true,"href":"https:\/\/jornaldasoficinas.com\/pt\/wp-json\/wp\/v2\/media\/108967"}],"wp:attachment":[{"href":"https:\/\/jornaldasoficinas.com\/pt\/wp-json\/wp\/v2\/media?parent=108928"}],"wp:term":[{"taxonomy":"category","embeddable":true,"href":"https:\/\/jornaldasoficinas.com\/pt\/wp-json\/wp\/v2\/categories?post=108928"},{"taxonomy":"post_tag","embeddable":true,"href":"https:\/\/jornaldasoficinas.com\/pt\/wp-json\/wp\/v2\/tags?post=108928"}],"curies":[{"name":"wp","href":"https:\/\/api.w.org\/{rel}","templated":true}]}}