{"id":108980,"date":"2025-11-06T12:30:07","date_gmt":"2025-11-06T12:30:07","guid":{"rendered":"https:\/\/jornaldasoficinas.com\/pt\/?p=108980"},"modified":"2025-11-04T15:44:51","modified_gmt":"2025-11-04T15:44:51","slug":"liqui-moly-renova-imagem-global-com-o-lema-for-the-drivers","status":"publish","type":"post","link":"https:\/\/jornaldasoficinas.com\/pt\/liqui-moly-renova-imagem-global-com-o-lema-for-the-drivers\/","title":{"rendered":"LIQUI MOLY renova imagem global com o lema \u201cFor the Drivers\u201d"},"content":{"rendered":"<p><strong><img loading=\"lazy\" decoding=\"async\" class=\"alignnone size-full wp-image-108986\" src=\"https:\/\/jornaldasoficinas.com\/pt\/wp-content\/uploads\/2025\/11\/LIQUI-MOLY-renova-imagem-global-com-o-lema-For-the-Drivers.jpg\" alt=\"11 - LIQUI MOLY renova imagem global com o lema For the Drivers\" width=\"1024\" height=\"581\" srcset=\"https:\/\/jornaldasoficinas.com\/pt\/wp-content\/uploads\/2025\/11\/LIQUI-MOLY-renova-imagem-global-com-o-lema-For-the-Drivers.jpg 1024w, https:\/\/jornaldasoficinas.com\/pt\/wp-content\/uploads\/2025\/11\/LIQUI-MOLY-renova-imagem-global-com-o-lema-For-the-Drivers-300x170.jpg 300w, https:\/\/jornaldasoficinas.com\/pt\/wp-content\/uploads\/2025\/11\/LIQUI-MOLY-renova-imagem-global-com-o-lema-For-the-Drivers-150x85.jpg 150w, https:\/\/jornaldasoficinas.com\/pt\/wp-content\/uploads\/2025\/11\/LIQUI-MOLY-renova-imagem-global-com-o-lema-For-the-Drivers-768x436.jpg 768w\" sizes=\"auto, (max-width: 1024px) 100vw, 1024px\" \/><\/strong><\/p>\n<p><strong>A <a href=\"https:\/\/www.liqui-moly.com\/\" target=\"_blank\" rel=\"noopener\">LIQUI MOLY<\/a> est\u00e1 a renovar a sua imagem e estrat\u00e9gia de marca a n\u00edvel mundial. Sob o novo lema &#8220;For the Drivers&#8221;, a empresa alem\u00e3 de lubrificantes pretende colocar os clientes no centro da sua comunica\u00e7\u00e3o<\/strong><\/p>\n<p>O novo conceito ser\u00e1 apresentado pela primeira vez nos eventos internacionais AAPEX e SEMA Show, que decorrem em Las Vegas (EUA). De acordo com o diretor de marketing, Marco Esser, o objetivo \u00e9 criar uma presen\u00e7a &#8220;homog\u00e9nea em todos os mercados e canais&#8221;, preservando ao mesmo tempo a flexibilidade para adapta\u00e7\u00f5es locais.<\/p>\n<p>A mudan\u00e7a vem acompanhada da transi\u00e7\u00e3o do antigo lema \u2013 &#8220;\u00d3leos de motor, aditivos, cuidado autom\u00f3vel&#8221; \u2013 para o novo &#8220;For the Drivers&#8221;, que traduz uma abordagem mais emocional e centrada nos clientes.<\/p>\n<p>&#8220;Estas tr\u00eas palavras representam a nossa estrat\u00e9gia de marca totalmente renovada&#8221;, sublinhou o respons\u00e1vel. &#8220;Queremos proporcionar aos condutores momentos arrepiantes e experi\u00eancias \u00fanicas. O nosso foco est\u00e1 nos clientes, que sentem a diferen\u00e7a ao utilizar os nossos lubrificantes e aditivos&#8221;, acrescentou.<\/p>\n<p>As cores ic\u00f3nicas da marca \u2014 azul e vermelho \u2014 permanecem, simbolizando a identidade da marca. Estas cores tamb\u00e9m comp\u00f5em as faixas verticais ou horizontais, associadas \u00e0s corridas, que refor\u00e7am de forma expl\u00edcita a linearidade da nova linguagem visual, marcada pela altera\u00e7\u00e3o de formas e cores.<\/p>\n<p>&#8220;O branco transmite amplitude e leveza ao design, criando espa\u00e7o visual. A redu\u00e7\u00e3o do n\u00famero de cores torna-se um recurso para atrair aten\u00e7\u00e3o. Al\u00e9m disso, a aposta recai sobre mensagens curtas e diretas, apresentadas na fonte DIN Pro, reconhecida pelo seu car\u00e1ter &#8220;tipicamente alem\u00e3o&#8221;. Tudo isto \u00e9 fruto de um rigoroso processo de reposicionamento, do qual tamb\u00e9m nasceu o novo slogan&#8221;, explicou a marca.<\/p>\n<p>A LIQUI MOLY define-se assim como verdadeira entusiasta do prazer de condu\u00e7\u00e3o. &#8220;Os nossos servi\u00e7os e produtos permitem exatamente isso&#8221;, refor\u00e7ou o diretor de marketing. &#8220;Desta forma, expandimos a nossa abordagem, mantendo, naturalmente, a nossa compet\u00eancia e a forte presen\u00e7a no desporto motorizado, bem como a estreita liga\u00e7\u00e3o com os nossos parceiros profissionais e t\u00e9cnicos de oficina&#8221;, salientou.<\/p>\n<p>Com uma equipa de marketing de 65 profissionais na Alemanha e 20 no estrangeiro, a LIQUI MOLY quer refor\u00e7ar a liga\u00e7\u00e3o com todos os p\u00fablicos. &#8220;Sejas quem fores, venhas de onde vieres, conduzas o que conduzires, estamos aqui para ti&#8221;, afirmou.<\/p>\n<p>O respons\u00e1vel apontou ainda para uma transforma\u00e7\u00e3o estrutural da empresa: &#8220;Estamos a evoluir de uma empresa de m\u00e9dia dimens\u00e3o para uma grande corpora\u00e7\u00e3o. A nossa vis\u00e3o at\u00e9 2030 \u00e9 tornar a LIQUI MOLY uma das marcas mais conhecidas no setor da mobilidade&#8221;.<\/p>\n","protected":false},"excerpt":{"rendered":"<p>A LIQUI MOLY est\u00e1 a renovar&#8230;<\/p>\n","protected":false},"author":15,"featured_media":108986,"comment_status":"closed","ping_status":"closed","sticky":false,"template":"","format":"standard","meta":{"footnotes":""},"categories":[29],"tags":[13941,13939,13942,272,11438,13940],"class_list":["post-108980","post","type-post","status-publish","format-standard","has-post-thumbnail","hentry","category-empresas","tag-centrado-nos-clientes","tag-for-the-drivers","tag-imagem-global","tag-liqui-moly","tag-marco-esser","tag-novo-lema"],"yoast_head":"<!-- This site is optimized with the Yoast SEO plugin v27.4 - https:\/\/yoast.com\/product\/yoast-seo-wordpress\/ -->\n<title>LIQUI MOLY renova imagem global com o lema \u201cFor the Drivers\u201d - Jornal das Oficinas<\/title>\n<meta name=\"description\" content=\"A LIQUI MOLY est\u00e1 a renovar a sua imagem e estrat\u00e9gia de marca a n\u00edvel mundial. Sob o novo lema &quot;For the Drivers&quot;\" \/>\n<meta name=\"robots\" content=\"index, follow, max-snippet:-1, max-image-preview:large, max-video-preview:-1\" \/>\n<link rel=\"canonical\" href=\"https:\/\/jornaldasoficinas.com\/pt\/liqui-moly-renova-imagem-global-com-o-lema-for-the-drivers\/\" \/>\n<meta property=\"og:locale\" content=\"pt_PT\" \/>\n<meta property=\"og:type\" content=\"article\" \/>\n<meta property=\"og:title\" content=\"LIQUI MOLY renova imagem global com o lema \u201cFor the Drivers\u201d - Jornal das Oficinas\" \/>\n<meta property=\"og:description\" content=\"A LIQUI MOLY est\u00e1 a renovar a sua imagem e estrat\u00e9gia de marca a n\u00edvel mundial. Sob o novo lema &quot;For the Drivers&quot;\" \/>\n<meta property=\"og:url\" content=\"https:\/\/jornaldasoficinas.com\/pt\/liqui-moly-renova-imagem-global-com-o-lema-for-the-drivers\/\" \/>\n<meta property=\"og:site_name\" content=\"Jornal das Oficinas\" \/>\n<meta property=\"article:publisher\" content=\"https:\/\/www.facebook.com\/jornaloficinas\" \/>\n<meta property=\"article:published_time\" content=\"2025-11-06T12:30:07+00:00\" \/>\n<meta property=\"og:image\" content=\"https:\/\/jornaldasoficinas.com\/pt\/wp-content\/uploads\/2025\/11\/LIQUI-MOLY-renova-imagem-global-com-o-lema-For-the-Drivers.jpg\" \/>\n\t<meta property=\"og:image:width\" content=\"1024\" \/>\n\t<meta property=\"og:image:height\" content=\"581\" \/>\n\t<meta property=\"og:image:type\" content=\"image\/jpeg\" \/>\n<meta name=\"author\" content=\"Reda\u00e7\u00e3o JO\" \/>\n<meta name=\"twitter:card\" content=\"summary_large_image\" \/>\n<meta name=\"twitter:creator\" content=\"@jornaloficinas\" \/>\n<meta name=\"twitter:site\" content=\"@jornaloficinas\" \/>\n<meta name=\"twitter:label1\" content=\"Escrito por\" \/>\n\t<meta name=\"twitter:data1\" content=\"Reda\u00e7\u00e3o JO\" \/>\n\t<meta name=\"twitter:label2\" content=\"Tempo estimado de leitura\" \/>\n\t<meta name=\"twitter:data2\" content=\"3 minutos\" \/>\n<script type=\"application\/ld+json\" class=\"yoast-schema-graph\">{\"@context\":\"https:\\\/\\\/schema.org\",\"@graph\":[{\"@type\":\"Article\",\"@id\":\"https:\\\/\\\/jornaldasoficinas.com\\\/pt\\\/liqui-moly-renova-imagem-global-com-o-lema-for-the-drivers\\\/#article\",\"isPartOf\":{\"@id\":\"https:\\\/\\\/jornaldasoficinas.com\\\/pt\\\/liqui-moly-renova-imagem-global-com-o-lema-for-the-drivers\\\/\"},\"author\":{\"name\":\"Reda\u00e7\u00e3o JO\",\"@id\":\"https:\\\/\\\/jornaldasoficinas.com\\\/pt\\\/#\\\/schema\\\/person\\\/a38eef5de2c41d9e7c9ac10141afddf3\"},\"headline\":\"LIQUI MOLY renova imagem global com o lema \u201cFor the Drivers\u201d\",\"datePublished\":\"2025-11-06T12:30:07+00:00\",\"mainEntityOfPage\":{\"@id\":\"https:\\\/\\\/jornaldasoficinas.com\\\/pt\\\/liqui-moly-renova-imagem-global-com-o-lema-for-the-drivers\\\/\"},\"wordCount\":459,\"publisher\":{\"@id\":\"https:\\\/\\\/jornaldasoficinas.com\\\/pt\\\/#organization\"},\"image\":{\"@id\":\"https:\\\/\\\/jornaldasoficinas.com\\\/pt\\\/liqui-moly-renova-imagem-global-com-o-lema-for-the-drivers\\\/#primaryimage\"},\"thumbnailUrl\":\"https:\\\/\\\/jornaldasoficinas.com\\\/pt\\\/wp-content\\\/uploads\\\/2025\\\/11\\\/LIQUI-MOLY-renova-imagem-global-com-o-lema-For-the-Drivers.jpg\",\"keywords\":[\"centrado nos clientes\",\"For the Drivers\",\"imagem global\",\"LIQUI MOLY\",\"Marco Esser\",\"novo lema\"],\"articleSection\":[\"Empresas\"],\"inLanguage\":\"pt-PT\"},{\"@type\":\"WebPage\",\"@id\":\"https:\\\/\\\/jornaldasoficinas.com\\\/pt\\\/liqui-moly-renova-imagem-global-com-o-lema-for-the-drivers\\\/\",\"url\":\"https:\\\/\\\/jornaldasoficinas.com\\\/pt\\\/liqui-moly-renova-imagem-global-com-o-lema-for-the-drivers\\\/\",\"name\":\"LIQUI MOLY renova imagem global com o lema \u201cFor the Drivers\u201d - Jornal das Oficinas\",\"isPartOf\":{\"@id\":\"https:\\\/\\\/jornaldasoficinas.com\\\/pt\\\/#website\"},\"primaryImageOfPage\":{\"@id\":\"https:\\\/\\\/jornaldasoficinas.com\\\/pt\\\/liqui-moly-renova-imagem-global-com-o-lema-for-the-drivers\\\/#primaryimage\"},\"image\":{\"@id\":\"https:\\\/\\\/jornaldasoficinas.com\\\/pt\\\/liqui-moly-renova-imagem-global-com-o-lema-for-the-drivers\\\/#primaryimage\"},\"thumbnailUrl\":\"https:\\\/\\\/jornaldasoficinas.com\\\/pt\\\/wp-content\\\/uploads\\\/2025\\\/11\\\/LIQUI-MOLY-renova-imagem-global-com-o-lema-For-the-Drivers.jpg\",\"datePublished\":\"2025-11-06T12:30:07+00:00\",\"description\":\"A LIQUI MOLY est\u00e1 a renovar a sua imagem e estrat\u00e9gia de marca a n\u00edvel mundial. Sob o novo lema \\\"For the Drivers\\\"\",\"breadcrumb\":{\"@id\":\"https:\\\/\\\/jornaldasoficinas.com\\\/pt\\\/liqui-moly-renova-imagem-global-com-o-lema-for-the-drivers\\\/#breadcrumb\"},\"inLanguage\":\"pt-PT\",\"potentialAction\":[{\"@type\":\"ReadAction\",\"target\":[\"https:\\\/\\\/jornaldasoficinas.com\\\/pt\\\/liqui-moly-renova-imagem-global-com-o-lema-for-the-drivers\\\/\"]}]},{\"@type\":\"ImageObject\",\"inLanguage\":\"pt-PT\",\"@id\":\"https:\\\/\\\/jornaldasoficinas.com\\\/pt\\\/liqui-moly-renova-imagem-global-com-o-lema-for-the-drivers\\\/#primaryimage\",\"url\":\"https:\\\/\\\/jornaldasoficinas.com\\\/pt\\\/wp-content\\\/uploads\\\/2025\\\/11\\\/LIQUI-MOLY-renova-imagem-global-com-o-lema-For-the-Drivers.jpg\",\"contentUrl\":\"https:\\\/\\\/jornaldasoficinas.com\\\/pt\\\/wp-content\\\/uploads\\\/2025\\\/11\\\/LIQUI-MOLY-renova-imagem-global-com-o-lema-For-the-Drivers.jpg\",\"width\":1024,\"height\":581,\"caption\":\"11 - LIQUI MOLY renova imagem global com o lema For the Drivers\"},{\"@type\":\"BreadcrumbList\",\"@id\":\"https:\\\/\\\/jornaldasoficinas.com\\\/pt\\\/liqui-moly-renova-imagem-global-com-o-lema-for-the-drivers\\\/#breadcrumb\",\"itemListElement\":[{\"@type\":\"ListItem\",\"position\":1,\"name\":\"In\u00edcio\",\"item\":\"https:\\\/\\\/jornaldasoficinas.com\\\/pt\\\/\"},{\"@type\":\"ListItem\",\"position\":2,\"name\":\"LIQUI MOLY renova imagem global com o lema \u201cFor the Drivers\u201d\"}]},{\"@type\":\"WebSite\",\"@id\":\"https:\\\/\\\/jornaldasoficinas.com\\\/pt\\\/#website\",\"url\":\"https:\\\/\\\/jornaldasoficinas.com\\\/pt\\\/\",\"name\":\"Jornal das Oficinas\",\"description\":\"Jornal independente do Aftermarket Autom\u00f3vel em Portugal\",\"publisher\":{\"@id\":\"https:\\\/\\\/jornaldasoficinas.com\\\/pt\\\/#organization\"},\"potentialAction\":[{\"@type\":\"SearchAction\",\"target\":{\"@type\":\"EntryPoint\",\"urlTemplate\":\"https:\\\/\\\/jornaldasoficinas.com\\\/pt\\\/?s={search_term_string}\"},\"query-input\":{\"@type\":\"PropertyValueSpecification\",\"valueRequired\":true,\"valueName\":\"search_term_string\"}}],\"inLanguage\":\"pt-PT\"},{\"@type\":\"Organization\",\"@id\":\"https:\\\/\\\/jornaldasoficinas.com\\\/pt\\\/#organization\",\"name\":\"Jornal das Oficinas\",\"url\":\"https:\\\/\\\/jornaldasoficinas.com\\\/pt\\\/\",\"logo\":{\"@type\":\"ImageObject\",\"inLanguage\":\"pt-PT\",\"@id\":\"https:\\\/\\\/jornaldasoficinas.com\\\/pt\\\/#\\\/schema\\\/logo\\\/image\\\/\",\"url\":\"https:\\\/\\\/jornaldasoficinas.com\\\/pt\\\/wp-content\\\/uploads\\\/logoJO-SEO.png\",\"contentUrl\":\"https:\\\/\\\/jornaldasoficinas.com\\\/pt\\\/wp-content\\\/uploads\\\/logoJO-SEO.png\",\"width\":285,\"height\":450,\"caption\":\"Jornal das Oficinas\"},\"image\":{\"@id\":\"https:\\\/\\\/jornaldasoficinas.com\\\/pt\\\/#\\\/schema\\\/logo\\\/image\\\/\"},\"sameAs\":[\"https:\\\/\\\/www.facebook.com\\\/jornaloficinas\",\"https:\\\/\\\/x.com\\\/jornaloficinas\",\"https:\\\/\\\/www.instagram.com\\\/jornal_oficinas\\\/\",\"https:\\\/\\\/www.linkedin.com\\\/company\\\/jornal-das-oficinas\\\/\",\"https:\\\/\\\/www.youtube.com\\\/channel\\\/UCbQZBqtcvV-oSQrr7RzINGg\"]},{\"@type\":\"Person\",\"@id\":\"https:\\\/\\\/jornaldasoficinas.com\\\/pt\\\/#\\\/schema\\\/person\\\/a38eef5de2c41d9e7c9ac10141afddf3\",\"name\":\"Reda\u00e7\u00e3o JO\",\"image\":{\"@type\":\"ImageObject\",\"inLanguage\":\"pt-PT\",\"@id\":\"https:\\\/\\\/secure.gravatar.com\\\/avatar\\\/71f2fa71737ad68a84fea94bc708ddac8ea5b0c4788dc2ad202f3ccb2887742f?s=96&d=wp_user_avatar&r=g\",\"url\":\"https:\\\/\\\/secure.gravatar.com\\\/avatar\\\/71f2fa71737ad68a84fea94bc708ddac8ea5b0c4788dc2ad202f3ccb2887742f?s=96&d=wp_user_avatar&r=g\",\"contentUrl\":\"https:\\\/\\\/secure.gravatar.com\\\/avatar\\\/71f2fa71737ad68a84fea94bc708ddac8ea5b0c4788dc2ad202f3ccb2887742f?s=96&d=wp_user_avatar&r=g\",\"caption\":\"Reda\u00e7\u00e3o JO\"},\"url\":\"https:\\\/\\\/jornaldasoficinas.com\\\/pt\\\/author\\\/joredacao\\\/\"}]}<\/script>\n<!-- \/ Yoast SEO plugin. -->","yoast_head_json":{"title":"LIQUI MOLY renova imagem global com o lema \u201cFor the Drivers\u201d - Jornal das Oficinas","description":"A LIQUI MOLY est\u00e1 a renovar a sua imagem e estrat\u00e9gia de marca a n\u00edvel mundial. Sob o novo lema \"For the Drivers\"","robots":{"index":"index","follow":"follow","max-snippet":"max-snippet:-1","max-image-preview":"max-image-preview:large","max-video-preview":"max-video-preview:-1"},"canonical":"https:\/\/jornaldasoficinas.com\/pt\/liqui-moly-renova-imagem-global-com-o-lema-for-the-drivers\/","og_locale":"pt_PT","og_type":"article","og_title":"LIQUI MOLY renova imagem global com o lema \u201cFor the Drivers\u201d - Jornal das Oficinas","og_description":"A LIQUI MOLY est\u00e1 a renovar a sua imagem e estrat\u00e9gia de marca a n\u00edvel mundial. Sob o novo lema \"For the Drivers\"","og_url":"https:\/\/jornaldasoficinas.com\/pt\/liqui-moly-renova-imagem-global-com-o-lema-for-the-drivers\/","og_site_name":"Jornal das Oficinas","article_publisher":"https:\/\/www.facebook.com\/jornaloficinas","article_published_time":"2025-11-06T12:30:07+00:00","og_image":[{"width":1024,"height":581,"url":"https:\/\/jornaldasoficinas.com\/pt\/wp-content\/uploads\/2025\/11\/LIQUI-MOLY-renova-imagem-global-com-o-lema-For-the-Drivers.jpg","type":"image\/jpeg"}],"author":"Reda\u00e7\u00e3o JO","twitter_card":"summary_large_image","twitter_creator":"@jornaloficinas","twitter_site":"@jornaloficinas","twitter_misc":{"Escrito por":"Reda\u00e7\u00e3o JO","Tempo estimado de leitura":"3 minutos"},"schema":{"@context":"https:\/\/schema.org","@graph":[{"@type":"Article","@id":"https:\/\/jornaldasoficinas.com\/pt\/liqui-moly-renova-imagem-global-com-o-lema-for-the-drivers\/#article","isPartOf":{"@id":"https:\/\/jornaldasoficinas.com\/pt\/liqui-moly-renova-imagem-global-com-o-lema-for-the-drivers\/"},"author":{"name":"Reda\u00e7\u00e3o JO","@id":"https:\/\/jornaldasoficinas.com\/pt\/#\/schema\/person\/a38eef5de2c41d9e7c9ac10141afddf3"},"headline":"LIQUI MOLY renova imagem global com o lema \u201cFor the Drivers\u201d","datePublished":"2025-11-06T12:30:07+00:00","mainEntityOfPage":{"@id":"https:\/\/jornaldasoficinas.com\/pt\/liqui-moly-renova-imagem-global-com-o-lema-for-the-drivers\/"},"wordCount":459,"publisher":{"@id":"https:\/\/jornaldasoficinas.com\/pt\/#organization"},"image":{"@id":"https:\/\/jornaldasoficinas.com\/pt\/liqui-moly-renova-imagem-global-com-o-lema-for-the-drivers\/#primaryimage"},"thumbnailUrl":"https:\/\/jornaldasoficinas.com\/pt\/wp-content\/uploads\/2025\/11\/LIQUI-MOLY-renova-imagem-global-com-o-lema-For-the-Drivers.jpg","keywords":["centrado nos clientes","For the Drivers","imagem global","LIQUI MOLY","Marco Esser","novo lema"],"articleSection":["Empresas"],"inLanguage":"pt-PT"},{"@type":"WebPage","@id":"https:\/\/jornaldasoficinas.com\/pt\/liqui-moly-renova-imagem-global-com-o-lema-for-the-drivers\/","url":"https:\/\/jornaldasoficinas.com\/pt\/liqui-moly-renova-imagem-global-com-o-lema-for-the-drivers\/","name":"LIQUI MOLY renova imagem global com o lema \u201cFor the Drivers\u201d - Jornal das Oficinas","isPartOf":{"@id":"https:\/\/jornaldasoficinas.com\/pt\/#website"},"primaryImageOfPage":{"@id":"https:\/\/jornaldasoficinas.com\/pt\/liqui-moly-renova-imagem-global-com-o-lema-for-the-drivers\/#primaryimage"},"image":{"@id":"https:\/\/jornaldasoficinas.com\/pt\/liqui-moly-renova-imagem-global-com-o-lema-for-the-drivers\/#primaryimage"},"thumbnailUrl":"https:\/\/jornaldasoficinas.com\/pt\/wp-content\/uploads\/2025\/11\/LIQUI-MOLY-renova-imagem-global-com-o-lema-For-the-Drivers.jpg","datePublished":"2025-11-06T12:30:07+00:00","description":"A LIQUI MOLY est\u00e1 a renovar a sua imagem e estrat\u00e9gia de marca a n\u00edvel mundial. Sob o novo lema \"For the Drivers\"","breadcrumb":{"@id":"https:\/\/jornaldasoficinas.com\/pt\/liqui-moly-renova-imagem-global-com-o-lema-for-the-drivers\/#breadcrumb"},"inLanguage":"pt-PT","potentialAction":[{"@type":"ReadAction","target":["https:\/\/jornaldasoficinas.com\/pt\/liqui-moly-renova-imagem-global-com-o-lema-for-the-drivers\/"]}]},{"@type":"ImageObject","inLanguage":"pt-PT","@id":"https:\/\/jornaldasoficinas.com\/pt\/liqui-moly-renova-imagem-global-com-o-lema-for-the-drivers\/#primaryimage","url":"https:\/\/jornaldasoficinas.com\/pt\/wp-content\/uploads\/2025\/11\/LIQUI-MOLY-renova-imagem-global-com-o-lema-For-the-Drivers.jpg","contentUrl":"https:\/\/jornaldasoficinas.com\/pt\/wp-content\/uploads\/2025\/11\/LIQUI-MOLY-renova-imagem-global-com-o-lema-For-the-Drivers.jpg","width":1024,"height":581,"caption":"11 - LIQUI MOLY renova imagem global com o lema For the Drivers"},{"@type":"BreadcrumbList","@id":"https:\/\/jornaldasoficinas.com\/pt\/liqui-moly-renova-imagem-global-com-o-lema-for-the-drivers\/#breadcrumb","itemListElement":[{"@type":"ListItem","position":1,"name":"In\u00edcio","item":"https:\/\/jornaldasoficinas.com\/pt\/"},{"@type":"ListItem","position":2,"name":"LIQUI MOLY renova imagem global com o lema \u201cFor the Drivers\u201d"}]},{"@type":"WebSite","@id":"https:\/\/jornaldasoficinas.com\/pt\/#website","url":"https:\/\/jornaldasoficinas.com\/pt\/","name":"Jornal das Oficinas","description":"Jornal independente do Aftermarket Autom\u00f3vel em Portugal","publisher":{"@id":"https:\/\/jornaldasoficinas.com\/pt\/#organization"},"potentialAction":[{"@type":"SearchAction","target":{"@type":"EntryPoint","urlTemplate":"https:\/\/jornaldasoficinas.com\/pt\/?s={search_term_string}"},"query-input":{"@type":"PropertyValueSpecification","valueRequired":true,"valueName":"search_term_string"}}],"inLanguage":"pt-PT"},{"@type":"Organization","@id":"https:\/\/jornaldasoficinas.com\/pt\/#organization","name":"Jornal das Oficinas","url":"https:\/\/jornaldasoficinas.com\/pt\/","logo":{"@type":"ImageObject","inLanguage":"pt-PT","@id":"https:\/\/jornaldasoficinas.com\/pt\/#\/schema\/logo\/image\/","url":"https:\/\/jornaldasoficinas.com\/pt\/wp-content\/uploads\/logoJO-SEO.png","contentUrl":"https:\/\/jornaldasoficinas.com\/pt\/wp-content\/uploads\/logoJO-SEO.png","width":285,"height":450,"caption":"Jornal das Oficinas"},"image":{"@id":"https:\/\/jornaldasoficinas.com\/pt\/#\/schema\/logo\/image\/"},"sameAs":["https:\/\/www.facebook.com\/jornaloficinas","https:\/\/x.com\/jornaloficinas","https:\/\/www.instagram.com\/jornal_oficinas\/","https:\/\/www.linkedin.com\/company\/jornal-das-oficinas\/","https:\/\/www.youtube.com\/channel\/UCbQZBqtcvV-oSQrr7RzINGg"]},{"@type":"Person","@id":"https:\/\/jornaldasoficinas.com\/pt\/#\/schema\/person\/a38eef5de2c41d9e7c9ac10141afddf3","name":"Reda\u00e7\u00e3o JO","image":{"@type":"ImageObject","inLanguage":"pt-PT","@id":"https:\/\/secure.gravatar.com\/avatar\/71f2fa71737ad68a84fea94bc708ddac8ea5b0c4788dc2ad202f3ccb2887742f?s=96&d=wp_user_avatar&r=g","url":"https:\/\/secure.gravatar.com\/avatar\/71f2fa71737ad68a84fea94bc708ddac8ea5b0c4788dc2ad202f3ccb2887742f?s=96&d=wp_user_avatar&r=g","contentUrl":"https:\/\/secure.gravatar.com\/avatar\/71f2fa71737ad68a84fea94bc708ddac8ea5b0c4788dc2ad202f3ccb2887742f?s=96&d=wp_user_avatar&r=g","caption":"Reda\u00e7\u00e3o JO"},"url":"https:\/\/jornaldasoficinas.com\/pt\/author\/joredacao\/"}]}},"_links":{"self":[{"href":"https:\/\/jornaldasoficinas.com\/pt\/wp-json\/wp\/v2\/posts\/108980","targetHints":{"allow":["GET"]}}],"collection":[{"href":"https:\/\/jornaldasoficinas.com\/pt\/wp-json\/wp\/v2\/posts"}],"about":[{"href":"https:\/\/jornaldasoficinas.com\/pt\/wp-json\/wp\/v2\/types\/post"}],"author":[{"embeddable":true,"href":"https:\/\/jornaldasoficinas.com\/pt\/wp-json\/wp\/v2\/users\/15"}],"replies":[{"embeddable":true,"href":"https:\/\/jornaldasoficinas.com\/pt\/wp-json\/wp\/v2\/comments?post=108980"}],"version-history":[{"count":7,"href":"https:\/\/jornaldasoficinas.com\/pt\/wp-json\/wp\/v2\/posts\/108980\/revisions"}],"predecessor-version":[{"id":108988,"href":"https:\/\/jornaldasoficinas.com\/pt\/wp-json\/wp\/v2\/posts\/108980\/revisions\/108988"}],"wp:featuredmedia":[{"embeddable":true,"href":"https:\/\/jornaldasoficinas.com\/pt\/wp-json\/wp\/v2\/media\/108986"}],"wp:attachment":[{"href":"https:\/\/jornaldasoficinas.com\/pt\/wp-json\/wp\/v2\/media?parent=108980"}],"wp:term":[{"taxonomy":"category","embeddable":true,"href":"https:\/\/jornaldasoficinas.com\/pt\/wp-json\/wp\/v2\/categories?post=108980"},{"taxonomy":"post_tag","embeddable":true,"href":"https:\/\/jornaldasoficinas.com\/pt\/wp-json\/wp\/v2\/tags?post=108980"}],"curies":[{"name":"wp","href":"https:\/\/api.w.org\/{rel}","templated":true}]}}