{"id":109013,"date":"2025-11-05T18:00:46","date_gmt":"2025-11-05T18:00:46","guid":{"rendered":"https:\/\/jornaldasoficinas.com\/pt\/?p=109013"},"modified":"2025-11-05T10:51:52","modified_gmt":"2025-11-05T10:51:52","slug":"drive360-apresenta-visao-estrategica-e-reforca-lideranca","status":"publish","type":"post","link":"https:\/\/jornaldasoficinas.com\/pt\/drive360-apresenta-visao-estrategica-e-reforca-lideranca\/","title":{"rendered":"Drive360 apresenta vis\u00e3o estrat\u00e9gica e refor\u00e7a lideran\u00e7a"},"content":{"rendered":"<p><strong><img loading=\"lazy\" decoding=\"async\" class=\"alignnone size-full wp-image-109018\" src=\"https:\/\/jornaldasoficinas.com\/pt\/wp-content\/uploads\/2025\/11\/Drive360-apresenta-visao-estrategica-e-reforca-lideranca.jpg\" alt=\"11 - Drive360 apresenta visao estrategica e reforca lideranca\" width=\"1024\" height=\"581\" srcset=\"https:\/\/jornaldasoficinas.com\/pt\/wp-content\/uploads\/2025\/11\/Drive360-apresenta-visao-estrategica-e-reforca-lideranca.jpg 1024w, https:\/\/jornaldasoficinas.com\/pt\/wp-content\/uploads\/2025\/11\/Drive360-apresenta-visao-estrategica-e-reforca-lideranca-300x170.jpg 300w, https:\/\/jornaldasoficinas.com\/pt\/wp-content\/uploads\/2025\/11\/Drive360-apresenta-visao-estrategica-e-reforca-lideranca-150x85.jpg 150w, https:\/\/jornaldasoficinas.com\/pt\/wp-content\/uploads\/2025\/11\/Drive360-apresenta-visao-estrategica-e-reforca-lideranca-768x436.jpg 768w\" sizes=\"auto, (max-width: 1024px) 100vw, 1024px\" \/><\/strong><\/p>\n<p><strong>A <a href=\"https:\/\/drive360.pt\/\" target=\"_blank\" rel=\"noopener\">Drive360<\/a>, marca de refer\u00eancia no setor autom\u00f3vel independente, <\/strong><strong>realizou no passado dia 18 de outubro, na Exponor, o evento Evolution360, que reuniu mais de mil parceiros e profissionais do aftermarket. Este encontro marcou um momento decisivo na trajet\u00f3ria da empresa, que apresentou novas solu\u00e7\u00f5es, refor\u00e7ou parcerias e delineou uma vis\u00e3o estrat\u00e9gica para o futuro do setor<\/strong><\/p>\n<p>Sob o lema da &#8220;Evolu\u00e7\u00e3o&#8221;, a Drive360 destacou a import\u00e2ncia de uma abordagem integrada, centrada na inova\u00e7\u00e3o tecnol\u00f3gica, na gest\u00e3o eficiente e na valoriza\u00e7\u00e3o das pessoas. Pedro Proen\u00e7a, CEO da empresa, apresentou uma nova perspetiva 360\u00ba, que vai al\u00e9m da tradicional venda de pe\u00e7as, incorporando servi\u00e7os digitais, forma\u00e7\u00e3o t\u00e9cnica, intelig\u00eancia artificial e solu\u00e7\u00f5es de mobilidade.<\/p>\n<p>Entre as novidades anunciadas, destacam-se a expans\u00e3o da plataforma Shop360, a aposta em ferramentas de gest\u00e3o para oficinas e as parcerias externas, que refor\u00e7am a oferta de mobilidade e assist\u00eancia. A Drive360 revelou tamb\u00e9m o seu crescimento nacional, atrav\u00e9s da aquisi\u00e7\u00e3o de v\u00e1rias empresas ao longo de 2025 e do alargamento da sua rede de distribui\u00e7\u00e3o.<\/p>\n<p>Os principais fabricantes parceiros da Drive360 apresentavam as suas mais recentes novidades, entre eles: <a href=\"https:\/\/www.bosch.pt\/\" target=\"_blank\" rel=\"noopener\">Bosch<\/a>, <a href=\"https:\/\/www.febi.com\/\" target=\"_blank\" rel=\"noopener\">febi<\/a>, <a href=\"https:\/\/www.blue-print.com\/\" target=\"_blank\" rel=\"noopener\">blue print<\/a>, <a href=\"https:\/\/www.mahle.com\/\" target=\"_blank\" rel=\"noopener\">MAHLE<\/a>, <a href=\"https:\/\/www.goodyear.com\/\" target=\"_blank\" rel=\"noopener\">Goodyear<\/a>, <a href=\"https:\/\/www.goodyear.com\/\" target=\"_blank\" rel=\"noopener\">MANN-FILTER<\/a>, <a href=\"https:\/\/www.motul.com\/\" target=\"_blank\" rel=\"noopener\">Motul<\/a>, <a href=\"https:\/\/aftermarket.zf.com\/\" target=\"_blank\" rel=\"noopener\">ZF Aftermarket<\/a>, <a href=\"https:\/\/www.denso.com\/\" target=\"_blank\" rel=\"noopener\">DENSO<\/a> e <a href=\"https:\/\/www.schaeffler.com\/\" target=\"_blank\" rel=\"noopener\">Schaeffler<\/a>, entre outros.<\/p>\n<p>O evento contou com momentos de forte impacto emocional e reflex\u00e3o estrat\u00e9gica. Tiago Rocha, fundador da Tiagorochauto, protagonizou uma interven\u00e7\u00e3o inspiradora com a palestra &#8220;A Ilus\u00e3o do Mec\u00e2nico&#8221;, onde defendeu uma vis\u00e3o mais empresarial da atividade oficinal. &#8220;O neg\u00f3cio de uma oficina n\u00e3o \u00e9 reparar carros \u2014 \u00e9 ganhar dinheiro&#8221;, afirmou, sublinhando a import\u00e2ncia da gest\u00e3o e da rentabilidade.<\/p>\n<p>Seguiu-se um painel de debate com especialistas do setor, que abordaram os principais desafios do aftermarket, como a escassez de m\u00e3o de obra qualificada, a digitaliza\u00e7\u00e3o dos processos e a necessidade de forma\u00e7\u00e3o cont\u00ednua. Rita Prata, F\u00e1bio Domingos e M\u00e1rio Moreira foram algumas das vozes que contribu\u00edram para uma discuss\u00e3o rica e esclarecedora.<\/p>\n<p>O Evolution360 confirmou a Drive360 como um agente transformador no setor autom\u00f3vel independente, capaz de combinar tradi\u00e7\u00e3o e inova\u00e7\u00e3o, proximidade e tecnologia. A empresa refor\u00e7a assim o seu compromisso com a evolu\u00e7\u00e3o sustent\u00e1vel do aftermarket, colocando as pessoas no centro da sua estrat\u00e9gia.<\/p>\n<div class=\"wonderplugingallery-container\" id=\"wonderplugingallery-container-267\" style=\"max-width:960px;margin:0 auto;\"><div class=\"wonderplugingallery\" id=\"wonderplugingallery-267\" data-galleryid=\"267\" data-width=\"960\" data-height=\"540\" data-skin=\"gallery\" data-playsinline=\"false\" data-mutevideo=\"false\" data-random=\"false\" data-autoslide=\"false\" data-autoplayvideo=\"false\" data-schemamarkup=\"false\" data-stopallplaying=\"false\" data-reloadonvideoend=\"false\" data-donotuseposter=\"false\" data-enabletabindex=\"false\" data-loadnextonvideoend=\"false\" data-hidetitlewhenvideoisplaying=\"false\" data-disablehovereventontouch=\"false\" data-ratioresponsive=\"false\" data-autoslideandplayafterfirstplayed=\"false\" data-html5player=\"true\" data-responsive=\"true\" data-fullwidth=\"false\" data-showtitle=\"true\" data-showdescription=\"true\" data-showplaybutton=\"true\" data-showfullscreenbutton=\"true\" data-showtimer=\"true\" data-showcarousel=\"true\" data-galleryshadow=\"false\" data-slideshadow=\"true\" data-thumbshowtitle=\"false\" data-thumbshowimage=\"true\" data-thumbshadow=\"true\" data-lightboxshowtitle=\"true\" data-lightboxshowdescription=\"true\" data-specifyid=\"true\" data-donotinit=\"false\" data-addinitscript=\"false\" data-triggerresize=\"false\" data-thumbcolumnsresponsive=\"false\" data-thumbverticalmiddle=\"true\" data-removeinlinecss=\"true\" data-switchonmouseover=\"false\" data-showcategory=\"true\" data-carouselpagination=\"false\" data-showimgtitle=\"false\" data-titlesmallscreen=\"false\" data-initsocial=\"true\" data-showsocial=\"false\" data-showemail=\"false\" data-showfacebook=\"true\" data-showtwitter=\"true\" data-showpinterest=\"true\" data-socialrotateeffect=\"true\" data-doshortcodeontext=\"false\" data-loop=\"0\" data-duration=\"1500\" data-slideduration=\"1000\" data-slideshowinterval=\"6000\" data-googleanalyticsaccount=\"\" data-ga4account=\"\" data-resizemode=\"fill\" data-imagetoolboxmode=\"mouseover\" data-effect=\"fade\" data-padding=\"12\" data-bgcolor=\"\" data-bgimage=\"\" data-thumbwidth=\"120\" data-thumbheight=\"60\" data-thumbgap=\"8\" data-thumbrowgap=\"16\" data-lightboxtextheight=\"72\" data-lightboxtitlecss=\"{color:#333333; font:bold 12px Arial,Helvetica,sans-serif; overflow:hidden; white-space:normal; line-height:18px;}\" data-lightboxdescriptioncss=\"{color:#333333; font:normal 12px Arial,Helvetica,sans-serif; overflow:hidden; white-space:normal; line-height:14px;}\" data-titlecss=\"{color:#ffffff; font-size:14px; font-family:Armata, sans-serif, Arial; overflow:hidden; text-align:left; padding:10px 0px 10px 10px; background:rgb(102, 102, 102) transparent; background:rgba(102, 102, 102, 0.6);}\" data-descriptioncss=\"{color:#ffffff; font-size:13px; font-family:Armata, sans-serif, Arial; overflow:hidden; text-align:left; padding:0px 0px 10px 10px; background:rgb(102, 102, 102) transparent; background:rgba(102, 102, 102, 0.6);}\" data-titleheight=\"72\" data-titlesmallscreenwidth=\"640\" data-titleheightsmallscreen=\"148\" data-socialmode=\"mouseover\" data-socialposition=\"position:absolute;top:8px;right:8px;\" data-socialpositionlightbox=\"position:absolute;top:8px;right:8px;\" data-socialdirection=\"horizontal\" data-socialbuttonsize=\"32\" data-socialbuttonfontsize=\"18\" data-defaultvideovolume=\"1\" data-ratiomediumscreen=\"1024\" data-ratiomediumheight=\"1.6\" data-ratiosmallscreen=\"767\" data-ratiosmallheight=\"2.4\" data-thumbtitleheight=\"24\" data-thumbmediumtitleheight=\"48\" data-thumbsmalltitleheight=\"72\" data-categoryheight=\"48\" data-categorydefault=\"all\" data-triggerresizedelay=\"100\" data-thumbmediumsize=\"800\" data-thumbsmallsize=\"480\" data-thumbmediumwidth=\"64\" data-thumbmediumheight=\"64\" data-thumbsmallwidth=\"48\" data-thumbsmallheight=\"48\" data-imgtitle=\"title\" data-carouselpaginationrow=\"3\" data-categorystyle=\"dropdown\" data-categorylist=\"[{&quot;slug&quot;:&quot;all&quot;,&quot;caption&quot;:&quot;Show All&quot;}]\" data-jsfolder=\"https:\/\/jornaldasoficinas.com\/pt\/wp-content\/plugins\/wonderplugin-gallery\/engine\/\" style=\"display:none;\" ><a class=\"html5galleryimglink\" href=\"https:\/\/jornaldasoficinas.com\/pt\/wp-content\/uploads\/2025\/11\/Drive360\/DSC07805.jpg\" data-mediatype=1><img decoding=\"async\" class=\"html5galleryimg html5gallery-tn-image\" src=\"https:\/\/jornaldasoficinas.com\/pt\/wp-content\/uploads\/2025\/11\/Drive360\/DSC07805.jpg\" alt=\"\"><\/a><div class=\"html5gallery-info\"><\/div><a class=\"html5galleryimglink\" href=\"https:\/\/jornaldasoficinas.com\/pt\/wp-content\/uploads\/2025\/11\/Drive360\/DSC07929.jpg\" data-mediatype=1><img decoding=\"async\" class=\"html5galleryimg html5gallery-tn-image\" src=\"https:\/\/jornaldasoficinas.com\/pt\/wp-content\/uploads\/2025\/11\/Drive360\/DSC07929.jpg\" alt=\"\"><\/a><div class=\"html5gallery-info\"><\/div><a class=\"html5galleryimglink\" href=\"https:\/\/jornaldasoficinas.com\/pt\/wp-content\/uploads\/2025\/11\/Drive360\/DSC08033.jpg\" data-mediatype=1><img decoding=\"async\" class=\"html5galleryimg html5gallery-tn-image\" src=\"https:\/\/jornaldasoficinas.com\/pt\/wp-content\/uploads\/2025\/11\/Drive360\/DSC08033.jpg\" alt=\"\"><\/a><div class=\"html5gallery-info\"><\/div><a class=\"html5galleryimglink\" href=\"https:\/\/jornaldasoficinas.com\/pt\/wp-content\/uploads\/2025\/11\/Drive360\/DSC08109.jpg\" data-mediatype=1><img decoding=\"async\" class=\"html5galleryimg html5gallery-tn-image\" src=\"https:\/\/jornaldasoficinas.com\/pt\/wp-content\/uploads\/2025\/11\/Drive360\/DSC08109.jpg\" alt=\"\"><\/a><div class=\"html5gallery-info\"><\/div><a class=\"html5galleryimglink\" href=\"https:\/\/jornaldasoficinas.com\/pt\/wp-content\/uploads\/2025\/11\/Drive360\/DSC08556.jpg\" data-mediatype=1><img decoding=\"async\" class=\"html5galleryimg html5gallery-tn-image\" src=\"https:\/\/jornaldasoficinas.com\/pt\/wp-content\/uploads\/2025\/11\/Drive360\/DSC08556.jpg\" alt=\"\"><\/a><div class=\"html5gallery-info\"><\/div><\/div><\/div><script>function wondergallery_267_appendcss(csscode) {var head=document.head || document.getElementsByTagName(\"head\")[0];var style=document.createElement(\"style\");head.appendChild(style);style.type=\"text\/css\";if (style.styleSheet){style.styleSheet.cssText=csscode;} else {style.appendChild(document.createTextNode(csscode));}};wondergallery_267_appendcss(\"#wonderplugingallery-267 .html5gallery-cat-selection-267 { \tbox-sizing: border-box; \ttext-align: center; }  #wonderplugingallery-267 .html5gallery-cat-selection-267 select { \tbox-sizing: border-box; \tmargin: 4px auto; }\");<\/script>\n","protected":false},"excerpt":{"rendered":"<p>A Drive360, marca de refer\u00eancia no&#8230;<\/p>\n","protected":false},"author":15,"featured_media":109018,"comment_status":"closed","ping_status":"closed","sticky":false,"template":"","format":"standard","meta":{"footnotes":""},"categories":[29],"tags":[12889,4716,13943,9084,6929,13944,3901],"class_list":["post-109013","post","type-post","status-publish","format-standard","has-post-thumbnail","hentry","category-empresas","tag-drive360","tag-evento","tag-evolution360","tag-inovacao-tecnologica","tag-novidades","tag-plataforma-shop360","tag-profissionais-do-aftermarket"],"yoast_head":"<!-- This site is optimized with the Yoast SEO plugin v27.4 - https:\/\/yoast.com\/product\/yoast-seo-wordpress\/ -->\n<title>Drive360 apresenta vis\u00e3o estrat\u00e9gica e refor\u00e7a lideran\u00e7a - Jornal das Oficinas<\/title>\n<meta name=\"description\" content=\"A Drive360 realizou, no passado dia 18 de outubro, o evento Evolution360, que reuniu mais de mil parceiros e profissionais do aftermarket\" \/>\n<meta name=\"robots\" content=\"index, follow, max-snippet:-1, max-image-preview:large, max-video-preview:-1\" \/>\n<link rel=\"canonical\" href=\"https:\/\/jornaldasoficinas.com\/pt\/drive360-apresenta-visao-estrategica-e-reforca-lideranca\/\" \/>\n<meta property=\"og:locale\" content=\"pt_PT\" \/>\n<meta property=\"og:type\" content=\"article\" \/>\n<meta property=\"og:title\" content=\"Drive360 apresenta vis\u00e3o estrat\u00e9gica e refor\u00e7a lideran\u00e7a - Jornal das Oficinas\" \/>\n<meta property=\"og:description\" content=\"A Drive360 realizou, no passado dia 18 de outubro, o evento Evolution360, que reuniu mais de mil parceiros e profissionais do aftermarket\" \/>\n<meta property=\"og:url\" content=\"https:\/\/jornaldasoficinas.com\/pt\/drive360-apresenta-visao-estrategica-e-reforca-lideranca\/\" \/>\n<meta property=\"og:site_name\" content=\"Jornal das Oficinas\" \/>\n<meta property=\"article:publisher\" content=\"https:\/\/www.facebook.com\/jornaloficinas\" \/>\n<meta property=\"article:published_time\" content=\"2025-11-05T18:00:46+00:00\" \/>\n<meta property=\"og:image\" content=\"https:\/\/jornaldasoficinas.com\/pt\/wp-content\/uploads\/2025\/11\/Drive360-apresenta-visao-estrategica-e-reforca-lideranca.jpg\" \/>\n\t<meta property=\"og:image:width\" content=\"1024\" \/>\n\t<meta property=\"og:image:height\" content=\"581\" \/>\n\t<meta property=\"og:image:type\" content=\"image\/jpeg\" \/>\n<meta name=\"author\" content=\"Reda\u00e7\u00e3o JO\" \/>\n<meta name=\"twitter:card\" content=\"summary_large_image\" \/>\n<meta name=\"twitter:creator\" content=\"@jornaloficinas\" \/>\n<meta name=\"twitter:site\" content=\"@jornaloficinas\" \/>\n<meta name=\"twitter:label1\" content=\"Escrito por\" \/>\n\t<meta name=\"twitter:data1\" content=\"Reda\u00e7\u00e3o JO\" \/>\n\t<meta name=\"twitter:label2\" content=\"Tempo estimado de leitura\" \/>\n\t<meta name=\"twitter:data2\" content=\"3 minutos\" \/>\n<script type=\"application\/ld+json\" class=\"yoast-schema-graph\">{\"@context\":\"https:\\\/\\\/schema.org\",\"@graph\":[{\"@type\":\"Article\",\"@id\":\"https:\\\/\\\/jornaldasoficinas.com\\\/pt\\\/drive360-apresenta-visao-estrategica-e-reforca-lideranca\\\/#article\",\"isPartOf\":{\"@id\":\"https:\\\/\\\/jornaldasoficinas.com\\\/pt\\\/drive360-apresenta-visao-estrategica-e-reforca-lideranca\\\/\"},\"author\":{\"name\":\"Reda\u00e7\u00e3o JO\",\"@id\":\"https:\\\/\\\/jornaldasoficinas.com\\\/pt\\\/#\\\/schema\\\/person\\\/a38eef5de2c41d9e7c9ac10141afddf3\"},\"headline\":\"Drive360 apresenta vis\u00e3o estrat\u00e9gica e refor\u00e7a lideran\u00e7a\",\"datePublished\":\"2025-11-05T18:00:46+00:00\",\"mainEntityOfPage\":{\"@id\":\"https:\\\/\\\/jornaldasoficinas.com\\\/pt\\\/drive360-apresenta-visao-estrategica-e-reforca-lideranca\\\/\"},\"wordCount\":415,\"publisher\":{\"@id\":\"https:\\\/\\\/jornaldasoficinas.com\\\/pt\\\/#organization\"},\"image\":{\"@id\":\"https:\\\/\\\/jornaldasoficinas.com\\\/pt\\\/drive360-apresenta-visao-estrategica-e-reforca-lideranca\\\/#primaryimage\"},\"thumbnailUrl\":\"https:\\\/\\\/jornaldasoficinas.com\\\/pt\\\/wp-content\\\/uploads\\\/2025\\\/11\\\/Drive360-apresenta-visao-estrategica-e-reforca-lideranca.jpg\",\"keywords\":[\"Drive360\",\"Evento\",\"Evolution360\",\"inova\u00e7\u00e3o tecnol\u00f3gica\",\"Novidades\",\"plataforma Shop360\",\"profissionais do aftermarket\"],\"articleSection\":[\"Empresas\"],\"inLanguage\":\"pt-PT\"},{\"@type\":\"WebPage\",\"@id\":\"https:\\\/\\\/jornaldasoficinas.com\\\/pt\\\/drive360-apresenta-visao-estrategica-e-reforca-lideranca\\\/\",\"url\":\"https:\\\/\\\/jornaldasoficinas.com\\\/pt\\\/drive360-apresenta-visao-estrategica-e-reforca-lideranca\\\/\",\"name\":\"Drive360 apresenta vis\u00e3o estrat\u00e9gica e refor\u00e7a lideran\u00e7a - Jornal das Oficinas\",\"isPartOf\":{\"@id\":\"https:\\\/\\\/jornaldasoficinas.com\\\/pt\\\/#website\"},\"primaryImageOfPage\":{\"@id\":\"https:\\\/\\\/jornaldasoficinas.com\\\/pt\\\/drive360-apresenta-visao-estrategica-e-reforca-lideranca\\\/#primaryimage\"},\"image\":{\"@id\":\"https:\\\/\\\/jornaldasoficinas.com\\\/pt\\\/drive360-apresenta-visao-estrategica-e-reforca-lideranca\\\/#primaryimage\"},\"thumbnailUrl\":\"https:\\\/\\\/jornaldasoficinas.com\\\/pt\\\/wp-content\\\/uploads\\\/2025\\\/11\\\/Drive360-apresenta-visao-estrategica-e-reforca-lideranca.jpg\",\"datePublished\":\"2025-11-05T18:00:46+00:00\",\"description\":\"A Drive360 realizou, no passado dia 18 de outubro, o evento Evolution360, que reuniu mais de mil parceiros e profissionais do aftermarket\",\"breadcrumb\":{\"@id\":\"https:\\\/\\\/jornaldasoficinas.com\\\/pt\\\/drive360-apresenta-visao-estrategica-e-reforca-lideranca\\\/#breadcrumb\"},\"inLanguage\":\"pt-PT\",\"potentialAction\":[{\"@type\":\"ReadAction\",\"target\":[\"https:\\\/\\\/jornaldasoficinas.com\\\/pt\\\/drive360-apresenta-visao-estrategica-e-reforca-lideranca\\\/\"]}]},{\"@type\":\"ImageObject\",\"inLanguage\":\"pt-PT\",\"@id\":\"https:\\\/\\\/jornaldasoficinas.com\\\/pt\\\/drive360-apresenta-visao-estrategica-e-reforca-lideranca\\\/#primaryimage\",\"url\":\"https:\\\/\\\/jornaldasoficinas.com\\\/pt\\\/wp-content\\\/uploads\\\/2025\\\/11\\\/Drive360-apresenta-visao-estrategica-e-reforca-lideranca.jpg\",\"contentUrl\":\"https:\\\/\\\/jornaldasoficinas.com\\\/pt\\\/wp-content\\\/uploads\\\/2025\\\/11\\\/Drive360-apresenta-visao-estrategica-e-reforca-lideranca.jpg\",\"width\":1024,\"height\":581,\"caption\":\"11 - Drive360 apresenta visao estrategica e reforca lideranca\"},{\"@type\":\"BreadcrumbList\",\"@id\":\"https:\\\/\\\/jornaldasoficinas.com\\\/pt\\\/drive360-apresenta-visao-estrategica-e-reforca-lideranca\\\/#breadcrumb\",\"itemListElement\":[{\"@type\":\"ListItem\",\"position\":1,\"name\":\"In\u00edcio\",\"item\":\"https:\\\/\\\/jornaldasoficinas.com\\\/pt\\\/\"},{\"@type\":\"ListItem\",\"position\":2,\"name\":\"Drive360 apresenta vis\u00e3o estrat\u00e9gica e refor\u00e7a lideran\u00e7a\"}]},{\"@type\":\"WebSite\",\"@id\":\"https:\\\/\\\/jornaldasoficinas.com\\\/pt\\\/#website\",\"url\":\"https:\\\/\\\/jornaldasoficinas.com\\\/pt\\\/\",\"name\":\"Jornal das Oficinas\",\"description\":\"Jornal independente do Aftermarket Autom\u00f3vel em Portugal\",\"publisher\":{\"@id\":\"https:\\\/\\\/jornaldasoficinas.com\\\/pt\\\/#organization\"},\"potentialAction\":[{\"@type\":\"SearchAction\",\"target\":{\"@type\":\"EntryPoint\",\"urlTemplate\":\"https:\\\/\\\/jornaldasoficinas.com\\\/pt\\\/?s={search_term_string}\"},\"query-input\":{\"@type\":\"PropertyValueSpecification\",\"valueRequired\":true,\"valueName\":\"search_term_string\"}}],\"inLanguage\":\"pt-PT\"},{\"@type\":\"Organization\",\"@id\":\"https:\\\/\\\/jornaldasoficinas.com\\\/pt\\\/#organization\",\"name\":\"Jornal das Oficinas\",\"url\":\"https:\\\/\\\/jornaldasoficinas.com\\\/pt\\\/\",\"logo\":{\"@type\":\"ImageObject\",\"inLanguage\":\"pt-PT\",\"@id\":\"https:\\\/\\\/jornaldasoficinas.com\\\/pt\\\/#\\\/schema\\\/logo\\\/image\\\/\",\"url\":\"https:\\\/\\\/jornaldasoficinas.com\\\/pt\\\/wp-content\\\/uploads\\\/logoJO-SEO.png\",\"contentUrl\":\"https:\\\/\\\/jornaldasoficinas.com\\\/pt\\\/wp-content\\\/uploads\\\/logoJO-SEO.png\",\"width\":285,\"height\":450,\"caption\":\"Jornal das Oficinas\"},\"image\":{\"@id\":\"https:\\\/\\\/jornaldasoficinas.com\\\/pt\\\/#\\\/schema\\\/logo\\\/image\\\/\"},\"sameAs\":[\"https:\\\/\\\/www.facebook.com\\\/jornaloficinas\",\"https:\\\/\\\/x.com\\\/jornaloficinas\",\"https:\\\/\\\/www.instagram.com\\\/jornal_oficinas\\\/\",\"https:\\\/\\\/www.linkedin.com\\\/company\\\/jornal-das-oficinas\\\/\",\"https:\\\/\\\/www.youtube.com\\\/channel\\\/UCbQZBqtcvV-oSQrr7RzINGg\"]},{\"@type\":\"Person\",\"@id\":\"https:\\\/\\\/jornaldasoficinas.com\\\/pt\\\/#\\\/schema\\\/person\\\/a38eef5de2c41d9e7c9ac10141afddf3\",\"name\":\"Reda\u00e7\u00e3o JO\",\"image\":{\"@type\":\"ImageObject\",\"inLanguage\":\"pt-PT\",\"@id\":\"https:\\\/\\\/secure.gravatar.com\\\/avatar\\\/71f2fa71737ad68a84fea94bc708ddac8ea5b0c4788dc2ad202f3ccb2887742f?s=96&d=wp_user_avatar&r=g\",\"url\":\"https:\\\/\\\/secure.gravatar.com\\\/avatar\\\/71f2fa71737ad68a84fea94bc708ddac8ea5b0c4788dc2ad202f3ccb2887742f?s=96&d=wp_user_avatar&r=g\",\"contentUrl\":\"https:\\\/\\\/secure.gravatar.com\\\/avatar\\\/71f2fa71737ad68a84fea94bc708ddac8ea5b0c4788dc2ad202f3ccb2887742f?s=96&d=wp_user_avatar&r=g\",\"caption\":\"Reda\u00e7\u00e3o JO\"},\"url\":\"https:\\\/\\\/jornaldasoficinas.com\\\/pt\\\/author\\\/joredacao\\\/\"}]}<\/script>\n<!-- \/ Yoast SEO plugin. -->","yoast_head_json":{"title":"Drive360 apresenta vis\u00e3o estrat\u00e9gica e refor\u00e7a lideran\u00e7a - Jornal das Oficinas","description":"A Drive360 realizou, no passado dia 18 de outubro, o evento Evolution360, que reuniu mais de mil parceiros e profissionais do aftermarket","robots":{"index":"index","follow":"follow","max-snippet":"max-snippet:-1","max-image-preview":"max-image-preview:large","max-video-preview":"max-video-preview:-1"},"canonical":"https:\/\/jornaldasoficinas.com\/pt\/drive360-apresenta-visao-estrategica-e-reforca-lideranca\/","og_locale":"pt_PT","og_type":"article","og_title":"Drive360 apresenta vis\u00e3o estrat\u00e9gica e refor\u00e7a lideran\u00e7a - Jornal das Oficinas","og_description":"A Drive360 realizou, no passado dia 18 de outubro, o evento Evolution360, que reuniu mais de mil parceiros e profissionais do aftermarket","og_url":"https:\/\/jornaldasoficinas.com\/pt\/drive360-apresenta-visao-estrategica-e-reforca-lideranca\/","og_site_name":"Jornal das Oficinas","article_publisher":"https:\/\/www.facebook.com\/jornaloficinas","article_published_time":"2025-11-05T18:00:46+00:00","og_image":[{"width":1024,"height":581,"url":"https:\/\/jornaldasoficinas.com\/pt\/wp-content\/uploads\/2025\/11\/Drive360-apresenta-visao-estrategica-e-reforca-lideranca.jpg","type":"image\/jpeg"}],"author":"Reda\u00e7\u00e3o JO","twitter_card":"summary_large_image","twitter_creator":"@jornaloficinas","twitter_site":"@jornaloficinas","twitter_misc":{"Escrito por":"Reda\u00e7\u00e3o JO","Tempo estimado de leitura":"3 minutos"},"schema":{"@context":"https:\/\/schema.org","@graph":[{"@type":"Article","@id":"https:\/\/jornaldasoficinas.com\/pt\/drive360-apresenta-visao-estrategica-e-reforca-lideranca\/#article","isPartOf":{"@id":"https:\/\/jornaldasoficinas.com\/pt\/drive360-apresenta-visao-estrategica-e-reforca-lideranca\/"},"author":{"name":"Reda\u00e7\u00e3o JO","@id":"https:\/\/jornaldasoficinas.com\/pt\/#\/schema\/person\/a38eef5de2c41d9e7c9ac10141afddf3"},"headline":"Drive360 apresenta vis\u00e3o estrat\u00e9gica e refor\u00e7a lideran\u00e7a","datePublished":"2025-11-05T18:00:46+00:00","mainEntityOfPage":{"@id":"https:\/\/jornaldasoficinas.com\/pt\/drive360-apresenta-visao-estrategica-e-reforca-lideranca\/"},"wordCount":415,"publisher":{"@id":"https:\/\/jornaldasoficinas.com\/pt\/#organization"},"image":{"@id":"https:\/\/jornaldasoficinas.com\/pt\/drive360-apresenta-visao-estrategica-e-reforca-lideranca\/#primaryimage"},"thumbnailUrl":"https:\/\/jornaldasoficinas.com\/pt\/wp-content\/uploads\/2025\/11\/Drive360-apresenta-visao-estrategica-e-reforca-lideranca.jpg","keywords":["Drive360","Evento","Evolution360","inova\u00e7\u00e3o tecnol\u00f3gica","Novidades","plataforma Shop360","profissionais do aftermarket"],"articleSection":["Empresas"],"inLanguage":"pt-PT"},{"@type":"WebPage","@id":"https:\/\/jornaldasoficinas.com\/pt\/drive360-apresenta-visao-estrategica-e-reforca-lideranca\/","url":"https:\/\/jornaldasoficinas.com\/pt\/drive360-apresenta-visao-estrategica-e-reforca-lideranca\/","name":"Drive360 apresenta vis\u00e3o estrat\u00e9gica e refor\u00e7a lideran\u00e7a - Jornal das Oficinas","isPartOf":{"@id":"https:\/\/jornaldasoficinas.com\/pt\/#website"},"primaryImageOfPage":{"@id":"https:\/\/jornaldasoficinas.com\/pt\/drive360-apresenta-visao-estrategica-e-reforca-lideranca\/#primaryimage"},"image":{"@id":"https:\/\/jornaldasoficinas.com\/pt\/drive360-apresenta-visao-estrategica-e-reforca-lideranca\/#primaryimage"},"thumbnailUrl":"https:\/\/jornaldasoficinas.com\/pt\/wp-content\/uploads\/2025\/11\/Drive360-apresenta-visao-estrategica-e-reforca-lideranca.jpg","datePublished":"2025-11-05T18:00:46+00:00","description":"A Drive360 realizou, no passado dia 18 de outubro, o evento Evolution360, que reuniu mais de mil parceiros e profissionais do aftermarket","breadcrumb":{"@id":"https:\/\/jornaldasoficinas.com\/pt\/drive360-apresenta-visao-estrategica-e-reforca-lideranca\/#breadcrumb"},"inLanguage":"pt-PT","potentialAction":[{"@type":"ReadAction","target":["https:\/\/jornaldasoficinas.com\/pt\/drive360-apresenta-visao-estrategica-e-reforca-lideranca\/"]}]},{"@type":"ImageObject","inLanguage":"pt-PT","@id":"https:\/\/jornaldasoficinas.com\/pt\/drive360-apresenta-visao-estrategica-e-reforca-lideranca\/#primaryimage","url":"https:\/\/jornaldasoficinas.com\/pt\/wp-content\/uploads\/2025\/11\/Drive360-apresenta-visao-estrategica-e-reforca-lideranca.jpg","contentUrl":"https:\/\/jornaldasoficinas.com\/pt\/wp-content\/uploads\/2025\/11\/Drive360-apresenta-visao-estrategica-e-reforca-lideranca.jpg","width":1024,"height":581,"caption":"11 - Drive360 apresenta visao estrategica e reforca lideranca"},{"@type":"BreadcrumbList","@id":"https:\/\/jornaldasoficinas.com\/pt\/drive360-apresenta-visao-estrategica-e-reforca-lideranca\/#breadcrumb","itemListElement":[{"@type":"ListItem","position":1,"name":"In\u00edcio","item":"https:\/\/jornaldasoficinas.com\/pt\/"},{"@type":"ListItem","position":2,"name":"Drive360 apresenta vis\u00e3o estrat\u00e9gica e refor\u00e7a lideran\u00e7a"}]},{"@type":"WebSite","@id":"https:\/\/jornaldasoficinas.com\/pt\/#website","url":"https:\/\/jornaldasoficinas.com\/pt\/","name":"Jornal das Oficinas","description":"Jornal independente do Aftermarket Autom\u00f3vel em Portugal","publisher":{"@id":"https:\/\/jornaldasoficinas.com\/pt\/#organization"},"potentialAction":[{"@type":"SearchAction","target":{"@type":"EntryPoint","urlTemplate":"https:\/\/jornaldasoficinas.com\/pt\/?s={search_term_string}"},"query-input":{"@type":"PropertyValueSpecification","valueRequired":true,"valueName":"search_term_string"}}],"inLanguage":"pt-PT"},{"@type":"Organization","@id":"https:\/\/jornaldasoficinas.com\/pt\/#organization","name":"Jornal das Oficinas","url":"https:\/\/jornaldasoficinas.com\/pt\/","logo":{"@type":"ImageObject","inLanguage":"pt-PT","@id":"https:\/\/jornaldasoficinas.com\/pt\/#\/schema\/logo\/image\/","url":"https:\/\/jornaldasoficinas.com\/pt\/wp-content\/uploads\/logoJO-SEO.png","contentUrl":"https:\/\/jornaldasoficinas.com\/pt\/wp-content\/uploads\/logoJO-SEO.png","width":285,"height":450,"caption":"Jornal das Oficinas"},"image":{"@id":"https:\/\/jornaldasoficinas.com\/pt\/#\/schema\/logo\/image\/"},"sameAs":["https:\/\/www.facebook.com\/jornaloficinas","https:\/\/x.com\/jornaloficinas","https:\/\/www.instagram.com\/jornal_oficinas\/","https:\/\/www.linkedin.com\/company\/jornal-das-oficinas\/","https:\/\/www.youtube.com\/channel\/UCbQZBqtcvV-oSQrr7RzINGg"]},{"@type":"Person","@id":"https:\/\/jornaldasoficinas.com\/pt\/#\/schema\/person\/a38eef5de2c41d9e7c9ac10141afddf3","name":"Reda\u00e7\u00e3o JO","image":{"@type":"ImageObject","inLanguage":"pt-PT","@id":"https:\/\/secure.gravatar.com\/avatar\/71f2fa71737ad68a84fea94bc708ddac8ea5b0c4788dc2ad202f3ccb2887742f?s=96&d=wp_user_avatar&r=g","url":"https:\/\/secure.gravatar.com\/avatar\/71f2fa71737ad68a84fea94bc708ddac8ea5b0c4788dc2ad202f3ccb2887742f?s=96&d=wp_user_avatar&r=g","contentUrl":"https:\/\/secure.gravatar.com\/avatar\/71f2fa71737ad68a84fea94bc708ddac8ea5b0c4788dc2ad202f3ccb2887742f?s=96&d=wp_user_avatar&r=g","caption":"Reda\u00e7\u00e3o JO"},"url":"https:\/\/jornaldasoficinas.com\/pt\/author\/joredacao\/"}]}},"_links":{"self":[{"href":"https:\/\/jornaldasoficinas.com\/pt\/wp-json\/wp\/v2\/posts\/109013","targetHints":{"allow":["GET"]}}],"collection":[{"href":"https:\/\/jornaldasoficinas.com\/pt\/wp-json\/wp\/v2\/posts"}],"about":[{"href":"https:\/\/jornaldasoficinas.com\/pt\/wp-json\/wp\/v2\/types\/post"}],"author":[{"embeddable":true,"href":"https:\/\/jornaldasoficinas.com\/pt\/wp-json\/wp\/v2\/users\/15"}],"replies":[{"embeddable":true,"href":"https:\/\/jornaldasoficinas.com\/pt\/wp-json\/wp\/v2\/comments?post=109013"}],"version-history":[{"count":5,"href":"https:\/\/jornaldasoficinas.com\/pt\/wp-json\/wp\/v2\/posts\/109013\/revisions"}],"predecessor-version":[{"id":109026,"href":"https:\/\/jornaldasoficinas.com\/pt\/wp-json\/wp\/v2\/posts\/109013\/revisions\/109026"}],"wp:featuredmedia":[{"embeddable":true,"href":"https:\/\/jornaldasoficinas.com\/pt\/wp-json\/wp\/v2\/media\/109018"}],"wp:attachment":[{"href":"https:\/\/jornaldasoficinas.com\/pt\/wp-json\/wp\/v2\/media?parent=109013"}],"wp:term":[{"taxonomy":"category","embeddable":true,"href":"https:\/\/jornaldasoficinas.com\/pt\/wp-json\/wp\/v2\/categories?post=109013"},{"taxonomy":"post_tag","embeddable":true,"href":"https:\/\/jornaldasoficinas.com\/pt\/wp-json\/wp\/v2\/tags?post=109013"}],"curies":[{"name":"wp","href":"https:\/\/api.w.org\/{rel}","templated":true}]}}