{"id":109064,"date":"2025-11-07T18:30:46","date_gmt":"2025-11-07T18:30:46","guid":{"rendered":"https:\/\/jornaldasoficinas.com\/pt\/?p=109064"},"modified":"2025-11-07T15:18:10","modified_gmt":"2025-11-07T15:18:10","slug":"afia-abre-debate-sobre-futuro-do-setor-em-portugal","status":"publish","type":"post","link":"https:\/\/jornaldasoficinas.com\/pt\/afia-abre-debate-sobre-futuro-do-setor-em-portugal\/","title":{"rendered":"AFIA abre debate sobre futuro do setor autom\u00f3vel"},"content":{"rendered":"<p><strong><img loading=\"lazy\" decoding=\"async\" class=\"alignnone size-full wp-image-109085\" src=\"https:\/\/jornaldasoficinas.com\/pt\/wp-content\/uploads\/2025\/11\/AFIA-abre-debate-sobre-o-futuro-do-setor-automovel.jpg\" alt=\"11 - AFIA abre debate sobre o futuro do setor automovel\" width=\"1024\" height=\"581\" srcset=\"https:\/\/jornaldasoficinas.com\/pt\/wp-content\/uploads\/2025\/11\/AFIA-abre-debate-sobre-o-futuro-do-setor-automovel.jpg 1024w, https:\/\/jornaldasoficinas.com\/pt\/wp-content\/uploads\/2025\/11\/AFIA-abre-debate-sobre-o-futuro-do-setor-automovel-300x170.jpg 300w, https:\/\/jornaldasoficinas.com\/pt\/wp-content\/uploads\/2025\/11\/AFIA-abre-debate-sobre-o-futuro-do-setor-automovel-150x85.jpg 150w, https:\/\/jornaldasoficinas.com\/pt\/wp-content\/uploads\/2025\/11\/AFIA-abre-debate-sobre-o-futuro-do-setor-automovel-768x436.jpg 768w\" sizes=\"auto, (max-width: 1024px) 100vw, 1024px\" \/><\/strong><\/p>\n<p><strong>A 12.\u00aa Automotive Industry Week, promovida pela <a href=\"https:\/\/afia.pt\/\" target=\"_blank\" rel=\"noopener\">AFIA<\/a> em Vila Nova de Gaia, terminou com um apelo \u00e0 competitividade, estabilidade regulat\u00f3ria e investimento em inova\u00e7\u00e3o, num momento em que o setor autom\u00f3vel europeu procura redefinir o seu papel na transi\u00e7\u00e3o tecnol\u00f3gica e energ\u00e9tica<\/strong><\/p>\n<p>A abrir a sess\u00e3o, Jos\u00e9 Couto, presidente da AFIA reafirmou que a &#8220;Europa enfrenta uma transi\u00e7\u00e3o turbulenta e um &#8220;elefante na sala&#8221;: a competitividade. A perda de terreno tecnol\u00f3gico e de qualifica\u00e7\u00e3o, somada \u00e0 press\u00e3o de concorrentes com custos mais baixos (nomeadamente a China) e uma regula\u00e7\u00e3o europeia pouco eficaz, est\u00e1 a penalizar a ind\u00fastria. Portugal deve apoiar os fornecedores que investem, reindustrializar, refor\u00e7ar exporta\u00e7\u00f5es e explorar oportunidades em \u00e1reas como defesa e mobilidade&#8221;.<\/p>\n<p>Atento \u00e0s necessidades do setor, Jo\u00e3o Rui Ferreira, Secret\u00e1rio de Estado da Economia destacou que a prioridade do Governo \u00e9 criar valor, especialmente em tr\u00eas \u00e1reas chave: inova\u00e7\u00e3o, investimento e internacionaliza\u00e7\u00e3o. &#8220;Portugal tem condi\u00e7\u00f5es muito positivas para ser um player relevante no mercado, designadamente na forma\u00e7\u00e3o de talento e na disponibiliza\u00e7\u00e3o de um mix energ\u00e9tico que contribui para a performance de todos os setores. Isto quer dizer que temos capacidade de mobilizar a atividade industrial&#8221;.<\/p>\n<p>Jo\u00e3o Rui Ferreira referiu ainda que o Governo est\u00e1 empenhado na revis\u00e3o de processos da liga\u00e7\u00e3o entre empresas e Estado, registando &#8220;quatro agendas mobilizadoras com mais de 100 parceiros, num total de 244 milh\u00f5es de euros de investimento, a somar aos 150 milh\u00f5es de apoio \u00e0 ind\u00fastria, resultado da revis\u00e3o do PRR&#8221;. O Secret\u00e1rio de Estado, destacou tamb\u00e9m o programa STEP (Plataforma de Tecnologias Estrat\u00e9gicas para a Europa), que conta com 1,2 mil milh\u00f5es de euros para projetos que integrem todo o ciclo de inova\u00e7\u00e3o.<\/p>\n<p>Para Walt Madeira, da S&amp;P Global Mobility, num cen\u00e1rio de incerteza global, a &#8220;Europa tem que ajustar o seu caminho para a eletrifica\u00e7\u00e3o, porque o objetivo da UE para 2035 \u00e9 inating\u00edvel. (&#8230;) A Europa precisa acordar. E o mercado n\u00e3o est\u00e1 preparado para a velocidade a que a Uni\u00e3o Europeia quer promover a plena eletrifica\u00e7\u00e3o&#8221;.<\/p>\n<p>Jorge Castro, Vice-Presidente da AFIA tra\u00e7ou um retrato do setor. Integrando 360 empresas que representam 0,8% da ind\u00fastria transformadora, geram 5% do PIB, com vendas globais de 14,4 mil milh\u00f5es de euros e mais de 63 mil empregos. Em termos de dimens\u00e3o, cerca de 20% s\u00e3o grandes empresas e o restante tecido \u00e9 maioritariamente composto por PME; nas grandes empresas o investimento \u00e9 sobretudo estrangeiro, enquanto nas PME \u00e9 predominantemente nacional. Geograficamente, Norte e Centro concentram a maioria das empresas. Em termos de emprego observa-se alguma estabiliza\u00e7\u00e3o, com varia\u00e7\u00f5es explicadas pela conjuntura econ\u00f3mica internacional.<\/p>\n<p>O Vice-Presidente da AFIA referiu ainda que entre 2019 e 2024, o custo m\u00e9dio por trabalhador por empresa aumentou cerca de 27%, enquanto a produtividade subiu 5%. No mesmo per\u00edodo, as vendas do setor cresceram em m\u00e9dia 3,8% e as exporta\u00e7\u00f5es 4,5%, representando estas cerca de 94% das vendas: 88% t\u00eam como destino a Europa, 6,1% a Am\u00e9rica, 3,8% \u00c1frica e M\u00e9dio Oriente e 1,8% a \u00c1sia. Um dado que evidencia a import\u00e2ncia do setor: 98% dos ve\u00edculos produzidos na Europa incorporam componentes fabricados em Portugal. Trata-se, portanto, de uma ind\u00fastria crucial para o pa\u00eds, que exige apoio efetivo do Governo \u2014 nomeadamente \u00e0s PME \u2014 e a preserva\u00e7\u00e3o de condi\u00e7\u00f5es que mantenham Portugal atrativo para o investimento das grandes multinacionais.<\/p>\n<p>O Presidente da CLEPA, Matthias Zink, confirmou que &#8220;a eletrifica\u00e7\u00e3o est\u00e1 a\u00ed, talvez com objetivos muito ambiciosos, e \u00e9 fundamental discutir a mudan\u00e7a das regulamenta\u00e7\u00f5es\u201d, podendo gerar cortes de investimento e emprego. \u201cEnquanto os EUA promovem e a China planeia, a Europa regulamenta, perdendo tra\u00e7\u00e3o competitiva. Com 1,7 M de empregos e 65 mil M\u20ac\/ano no setor de componentes, a prioridade \u00e9 corrigir o rumo em Bruxelas nos pr\u00f3ximos dois anos: fechar o gap de inova\u00e7\u00e3o, adotar uma descarboniza\u00e7\u00e3o exequ\u00edvel e refor\u00e7ar a autonomia estrat\u00e9gica&#8221;, acrescentou.<\/p>\n<p>No final das interven\u00e7\u00f5es da manh\u00e3, Madalena Oliveira Silva, Presidente da AICEP, confirmou que &#8220;estamos a atravessar um momento dif\u00edcil e complexo, por todas as quest\u00f5es geoestrat\u00e9gicas associadas, mas o setor autom\u00f3vel \u00e9 uma das cadeias de valor mais relevantes para Portugal e tem uma expressiva relev\u00e2ncia nas exporta\u00e7\u00f5es&#8221;. O autom\u00f3vel \u00e9 pilar exportador de Portugal, suportado por um ecossistema de inova\u00e7\u00e3o e talento reconhecidos mas, persistem contradi\u00e7\u00f5es regulat\u00f3rias: ambi\u00e7\u00e3o verde sem instrumentos suficientes para absorver custos. \u00c9 essencial mais I&amp;D e simplifica\u00e7\u00e3o no acesso a fundos, bem como instrumentos de apoio compar\u00e1veis aos dos concorrentes.<\/p>\n<p>Para terminar os trabalhos da manh\u00e3, foi assinado um protocolo de coopera\u00e7\u00e3o entre a AFIA (Portugal) e SERNAUTO (Espanha) que vem consolidar a Pen\u00ednsula Ib\u00e9rica como ecossistema integrado de componentes, potenciando escala, complementaridades e capta\u00e7\u00e3o de investimento. O objetivo \u00e9 fortalecer a cadeia de valor ib\u00e9rica e o seu posicionamento na ind\u00fastria autom\u00f3vel europeia.<\/p>\n<p>Ant\u00f3nio Costa e Silva, ex-ministro da Economia, iniciou os trabalhos da tarde alertando para o decl\u00ednio do com\u00e9rcio mundial e para a disputa EUA-China, onde uma escalada sem retorno seria muito grave. Criticou a obsess\u00e3o regulat\u00f3ria europeia e defendeu inova\u00e7\u00e3o sobre burocracia. &#8220;A pior coisa que se pode fazer \u00e0 ind\u00fastria autom\u00f3vel \u00e9 a imposi\u00e7\u00e3o de acabar com os motores de combust\u00e3o interna em 2035. N\u00e3o podemos atuar na diminui\u00e7\u00e3o das emiss\u00f5es proibindo tecnologias. Deve ser um processo de ajustamento gradual, at\u00e9 chegarmos ao objetivo pretendido&#8221;.<\/p>\n<p>A pen\u00faltima interven\u00e7\u00e3o do dia e, antes das conclus\u00f5es finais, Miguel Lopes Cardoso, da Sodecia, enquadrou a transi\u00e7\u00e3o como mudan\u00e7a estrutural de identidade e prop\u00f3sito, alertando para a diversifica\u00e7\u00e3o, inova\u00e7\u00e3o, re-skilling e internacionaliza\u00e7\u00e3o. &#8220;N\u00e3o \u00e9 de hoje que vivemos tempos conturbados e na turbul\u00eancia aparecem oportunidades. A transi\u00e7\u00e3o \u00e9 perceber que estamos a falar no futuro das empresas e do emprego. Temos que nos assumir como fornecedores estrat\u00e9gicos. N\u00e3o tenho d\u00favidas de que todas as empresas portuguesas s\u00e3o capazes de o fazer&#8221;, sublinhou.<\/p>\n<p>No final do dia, e em forma de conclus\u00e3o, Jos\u00e9 Couto afirma o planeamento estrat\u00e9gico como cada vez mais importante nas empresas, mas refere que estes dias serviram tamb\u00e9m para &#8220;perceber melhor o que \u00e9 a ind\u00fastria da defesa e a janela de oportunidade que ela pode representar. Percebemos que a Europa tem um plano nesta \u00e1rea para os pr\u00f3ximos dez anos e a ind\u00fastria autom\u00f3vel tem capacidade de reagir e acompanhar&#8221;.<\/p>\n<p>Al\u00e9m disso, tamb\u00e9m neste setor a Intelig\u00eancia Artificial \u00e9 um tema incontorn\u00e1vel e deve ser tida em considera\u00e7\u00e3o no processo de investimento dentro das empresas. De acordo com Jos\u00e9 Couto, &#8220;a Europa vive numa camisa de for\u00e7as, \u00e9 verdade. N\u00e3o ajuda haver qualquer coisa como 11 mil regulamenta\u00e7\u00f5es para a ind\u00fastria autom\u00f3vel. Da\u00ed que a meta de 2035 seja inating\u00edvel, o que obriga a outros racioc\u00ednios, como a aposta de baixar as emiss\u00f5es carb\u00f3nicas a partir dos motores tradicionais. \u00c9 preciso trabalhar bastante para ultrapassar estas barreiras burocr\u00e1ticas. Desta forma, perdemos competitividade e n\u00e3o podemos deixar de olhar para esta quest\u00e3o&#8221;.<\/p>\n<p>Com a realiza\u00e7\u00e3o da 12a Automotive Industry Week, &#8220;ach\u00e1mos que era importante dar inputs para se continuar a fazer aquilo que se faz de melhor: crescer mesmo quando os clientes na Europa baixam e entrar em novos projetos. A AFIA quis mostrar que existe um caminho&#8230; e acho que conseguiu&#8221;, rematou.<\/p>\n<div class=\"wonderplugingallery-container\" id=\"wonderplugingallery-container-269\" style=\"max-width:960px;margin:0 auto;\"><div class=\"wonderplugingallery\" id=\"wonderplugingallery-269\" data-galleryid=\"269\" data-width=\"960\" data-height=\"540\" data-skin=\"gallery\" data-playsinline=\"false\" data-mutevideo=\"false\" data-random=\"false\" data-autoslide=\"false\" data-autoplayvideo=\"false\" data-schemamarkup=\"false\" data-stopallplaying=\"false\" data-reloadonvideoend=\"false\" data-donotuseposter=\"false\" data-enabletabindex=\"false\" data-loadnextonvideoend=\"false\" data-hidetitlewhenvideoisplaying=\"false\" data-disablehovereventontouch=\"false\" data-ratioresponsive=\"false\" data-autoslideandplayafterfirstplayed=\"false\" data-html5player=\"true\" data-responsive=\"true\" data-fullwidth=\"false\" data-showtitle=\"true\" data-showdescription=\"true\" data-showplaybutton=\"true\" data-showfullscreenbutton=\"true\" data-showtimer=\"true\" data-showcarousel=\"true\" data-galleryshadow=\"false\" data-slideshadow=\"true\" data-thumbshowtitle=\"false\" data-thumbshowimage=\"true\" data-thumbshadow=\"true\" data-lightboxshowtitle=\"true\" data-lightboxshowdescription=\"true\" data-specifyid=\"true\" data-donotinit=\"false\" data-addinitscript=\"false\" data-triggerresize=\"false\" data-thumbcolumnsresponsive=\"false\" data-thumbverticalmiddle=\"true\" data-removeinlinecss=\"true\" data-switchonmouseover=\"false\" data-showcategory=\"true\" data-carouselpagination=\"false\" data-showimgtitle=\"false\" data-titlesmallscreen=\"false\" data-initsocial=\"true\" data-showsocial=\"false\" data-showemail=\"false\" data-showfacebook=\"true\" data-showtwitter=\"true\" data-showpinterest=\"true\" data-socialrotateeffect=\"true\" data-doshortcodeontext=\"false\" data-loop=\"0\" data-duration=\"1500\" data-slideduration=\"1000\" data-slideshowinterval=\"6000\" data-googleanalyticsaccount=\"\" data-ga4account=\"\" data-resizemode=\"fill\" data-imagetoolboxmode=\"mouseover\" data-effect=\"fade\" data-padding=\"12\" data-bgcolor=\"\" data-bgimage=\"\" data-thumbwidth=\"120\" data-thumbheight=\"60\" data-thumbgap=\"8\" data-thumbrowgap=\"16\" data-lightboxtextheight=\"72\" data-lightboxtitlecss=\"{color:#333333; font:bold 12px Arial,Helvetica,sans-serif; overflow:hidden; white-space:normal; line-height:18px;}\" data-lightboxdescriptioncss=\"{color:#333333; font:normal 12px Arial,Helvetica,sans-serif; overflow:hidden; white-space:normal; line-height:14px;}\" data-titlecss=\"{color:#ffffff; font-size:14px; font-family:Armata, sans-serif, Arial; overflow:hidden; text-align:left; padding:10px 0px 10px 10px; background:rgb(102, 102, 102) transparent; background:rgba(102, 102, 102, 0.6);}\" data-descriptioncss=\"{color:#ffffff; font-size:13px; font-family:Armata, sans-serif, Arial; overflow:hidden; text-align:left; padding:0px 0px 10px 10px; background:rgb(102, 102, 102) transparent; background:rgba(102, 102, 102, 0.6);}\" data-titleheight=\"72\" data-titlesmallscreenwidth=\"640\" data-titleheightsmallscreen=\"148\" data-socialmode=\"mouseover\" data-socialposition=\"position:absolute;top:8px;right:8px;\" data-socialpositionlightbox=\"position:absolute;top:8px;right:8px;\" data-socialdirection=\"horizontal\" data-socialbuttonsize=\"32\" data-socialbuttonfontsize=\"18\" data-defaultvideovolume=\"1\" data-ratiomediumscreen=\"1024\" data-ratiomediumheight=\"1.6\" data-ratiosmallscreen=\"767\" data-ratiosmallheight=\"2.4\" data-thumbtitleheight=\"24\" data-thumbmediumtitleheight=\"48\" data-thumbsmalltitleheight=\"72\" data-categoryheight=\"48\" data-categorydefault=\"all\" data-triggerresizedelay=\"100\" data-thumbmediumsize=\"800\" data-thumbsmallsize=\"480\" data-thumbmediumwidth=\"64\" data-thumbmediumheight=\"64\" data-thumbsmallwidth=\"48\" data-thumbsmallheight=\"48\" data-imgtitle=\"title\" data-carouselpaginationrow=\"3\" data-categorystyle=\"dropdown\" data-categorylist=\"[{&quot;slug&quot;:&quot;all&quot;,&quot;caption&quot;:&quot;Show All&quot;}]\" data-jsfolder=\"https:\/\/jornaldasoficinas.com\/pt\/wp-content\/plugins\/wonderplugin-gallery\/engine\/\" style=\"display:none;\" ><a class=\"html5galleryimglink\" href=\"https:\/\/jornaldasoficinas.com\/pt\/wp-content\/uploads\/2025\/11\/Afiaabre\/018A7710.jpg\" data-mediatype=1><img decoding=\"async\" class=\"html5galleryimg html5gallery-tn-image\" src=\"https:\/\/jornaldasoficinas.com\/pt\/wp-content\/uploads\/2025\/11\/Afiaabre\/018A7710.jpg\" alt=\"\"><\/a><div class=\"html5gallery-info\"><\/div><a class=\"html5galleryimglink\" href=\"https:\/\/jornaldasoficinas.com\/pt\/wp-content\/uploads\/2025\/11\/Afiaabre\/018A7721.jpg\" data-mediatype=1><img decoding=\"async\" class=\"html5galleryimg html5gallery-tn-image\" src=\"https:\/\/jornaldasoficinas.com\/pt\/wp-content\/uploads\/2025\/11\/Afiaabre\/018A7721.jpg\" alt=\"\"><\/a><div class=\"html5gallery-info\"><\/div><a class=\"html5galleryimglink\" href=\"https:\/\/jornaldasoficinas.com\/pt\/wp-content\/uploads\/2025\/11\/Afiaabre\/A018A7706.jpg\" data-mediatype=1><img decoding=\"async\" class=\"html5galleryimg html5gallery-tn-image\" src=\"https:\/\/jornaldasoficinas.com\/pt\/wp-content\/uploads\/2025\/11\/Afiaabre\/A018A7706.jpg\" alt=\"\"><\/a><div class=\"html5gallery-info\"><\/div><a class=\"html5galleryimglink\" href=\"https:\/\/jornaldasoficinas.com\/pt\/wp-content\/uploads\/2025\/11\/Afiaabre\/AFIA-abre-debate-sobre-o-futuro-do-setor-automovel.jpg\" data-mediatype=1><img decoding=\"async\" class=\"html5galleryimg html5gallery-tn-image\" src=\"https:\/\/jornaldasoficinas.com\/pt\/wp-content\/uploads\/2025\/11\/Afiaabre\/AFIA-abre-debate-sobre-o-futuro-do-setor-automovel.jpg\" alt=\"\"><\/a><div class=\"html5gallery-info\"><\/div><a class=\"html5galleryimglink\" href=\"https:\/\/jornaldasoficinas.com\/pt\/wp-content\/uploads\/2025\/11\/Afiaabre\/Jose-Couto_Presidente-da-AFIA.jpg\" data-mediatype=1><img decoding=\"async\" class=\"html5galleryimg html5gallery-tn-image\" src=\"https:\/\/jornaldasoficinas.com\/pt\/wp-content\/uploads\/2025\/11\/Afiaabre\/Jose-Couto_Presidente-da-AFIA.jpg\" alt=\"\"><\/a><div class=\"html5gallery-info\"><\/div><a class=\"html5galleryimglink\" href=\"https:\/\/jornaldasoficinas.com\/pt\/wp-content\/uploads\/2025\/11\/Afiaabre\/Paulo-Rios-de-Oliveira_Board-Member-AICEP.jpg\" data-mediatype=1><img decoding=\"async\" class=\"html5galleryimg html5gallery-tn-image\" src=\"https:\/\/jornaldasoficinas.com\/pt\/wp-content\/uploads\/2025\/11\/Afiaabre\/Paulo-Rios-de-Oliveira_Board-Member-AICEP.jpg\" alt=\"\"><\/a><div class=\"html5gallery-info\"><\/div><\/div><\/div><script>function wondergallery_269_appendcss(csscode) {var head=document.head || document.getElementsByTagName(\"head\")[0];var style=document.createElement(\"style\");head.appendChild(style);style.type=\"text\/css\";if (style.styleSheet){style.styleSheet.cssText=csscode;} else {style.appendChild(document.createTextNode(csscode));}};wondergallery_269_appendcss(\"#wonderplugingallery-269 .html5gallery-cat-selection-269 { \tbox-sizing: border-box; \ttext-align: center; }  #wonderplugingallery-269 .html5gallery-cat-selection-269 select { \tbox-sizing: border-box; \tmargin: 4px auto; }\");<\/script>\n","protected":false},"excerpt":{"rendered":"<p>A 12.\u00aa Automotive Industry Week, promovida&#8230;<\/p>\n","protected":false},"author":15,"featured_media":109085,"comment_status":"closed","ping_status":"closed","sticky":false,"template":"","format":"standard","meta":{"footnotes":""},"categories":[37],"tags":[100,6673,9969,2770,1497,13850],"class_list":["post-109064","post","type-post","status-publish","format-standard","has-post-thumbnail","hentry","category-mercado","tag-afia","tag-automotive-industry-week","tag-debate","tag-futuro-automovel","tag-setor-automovel","tag-thinking-beyond-the-transition"],"yoast_head":"<!-- This site is optimized with the Yoast SEO plugin v27.4 - https:\/\/yoast.com\/product\/yoast-seo-wordpress\/ -->\n<title>AFIA abre debate sobre futuro do setor autom\u00f3vel - Jornal das Oficinas<\/title>\n<meta name=\"description\" content=\"A 12.\u00aa Automotive Industry Week terminou com um apelo \u00e0 competitividade, estabilidade regulat\u00f3ria e investimento em inova\u00e7\u00e3o\" \/>\n<meta name=\"robots\" content=\"index, follow, max-snippet:-1, max-image-preview:large, max-video-preview:-1\" \/>\n<link rel=\"canonical\" href=\"https:\/\/jornaldasoficinas.com\/pt\/afia-abre-debate-sobre-futuro-do-setor-em-portugal\/\" \/>\n<meta property=\"og:locale\" content=\"pt_PT\" \/>\n<meta property=\"og:type\" content=\"article\" \/>\n<meta property=\"og:title\" content=\"AFIA abre debate sobre futuro do setor autom\u00f3vel - Jornal das Oficinas\" \/>\n<meta property=\"og:description\" content=\"A 12.\u00aa Automotive Industry Week terminou com um apelo \u00e0 competitividade, estabilidade regulat\u00f3ria e investimento em inova\u00e7\u00e3o\" \/>\n<meta property=\"og:url\" content=\"https:\/\/jornaldasoficinas.com\/pt\/afia-abre-debate-sobre-futuro-do-setor-em-portugal\/\" \/>\n<meta property=\"og:site_name\" content=\"Jornal das Oficinas\" \/>\n<meta property=\"article:publisher\" content=\"https:\/\/www.facebook.com\/jornaloficinas\" \/>\n<meta property=\"article:published_time\" content=\"2025-11-07T18:30:46+00:00\" \/>\n<meta property=\"og:image\" content=\"https:\/\/jornaldasoficinas.com\/pt\/wp-content\/uploads\/2025\/11\/AFIA-abre-debate-sobre-o-futuro-do-setor-automovel.jpg\" \/>\n\t<meta property=\"og:image:width\" content=\"1024\" \/>\n\t<meta property=\"og:image:height\" content=\"581\" \/>\n\t<meta property=\"og:image:type\" content=\"image\/jpeg\" \/>\n<meta name=\"author\" content=\"Reda\u00e7\u00e3o JO\" \/>\n<meta name=\"twitter:card\" content=\"summary_large_image\" \/>\n<meta name=\"twitter:creator\" content=\"@jornaloficinas\" \/>\n<meta name=\"twitter:site\" content=\"@jornaloficinas\" \/>\n<meta name=\"twitter:label1\" content=\"Escrito por\" \/>\n\t<meta name=\"twitter:data1\" content=\"Reda\u00e7\u00e3o JO\" \/>\n\t<meta name=\"twitter:label2\" content=\"Tempo estimado de leitura\" \/>\n\t<meta name=\"twitter:data2\" content=\"7 minutos\" \/>\n<script type=\"application\/ld+json\" class=\"yoast-schema-graph\">{\"@context\":\"https:\\\/\\\/schema.org\",\"@graph\":[{\"@type\":\"Article\",\"@id\":\"https:\\\/\\\/jornaldasoficinas.com\\\/pt\\\/afia-abre-debate-sobre-futuro-do-setor-em-portugal\\\/#article\",\"isPartOf\":{\"@id\":\"https:\\\/\\\/jornaldasoficinas.com\\\/pt\\\/afia-abre-debate-sobre-futuro-do-setor-em-portugal\\\/\"},\"author\":{\"name\":\"Reda\u00e7\u00e3o JO\",\"@id\":\"https:\\\/\\\/jornaldasoficinas.com\\\/pt\\\/#\\\/schema\\\/person\\\/a38eef5de2c41d9e7c9ac10141afddf3\"},\"headline\":\"AFIA abre debate sobre futuro do setor autom\u00f3vel\",\"datePublished\":\"2025-11-07T18:30:46+00:00\",\"mainEntityOfPage\":{\"@id\":\"https:\\\/\\\/jornaldasoficinas.com\\\/pt\\\/afia-abre-debate-sobre-futuro-do-setor-em-portugal\\\/\"},\"wordCount\":1289,\"publisher\":{\"@id\":\"https:\\\/\\\/jornaldasoficinas.com\\\/pt\\\/#organization\"},\"image\":{\"@id\":\"https:\\\/\\\/jornaldasoficinas.com\\\/pt\\\/afia-abre-debate-sobre-futuro-do-setor-em-portugal\\\/#primaryimage\"},\"thumbnailUrl\":\"https:\\\/\\\/jornaldasoficinas.com\\\/pt\\\/wp-content\\\/uploads\\\/2025\\\/11\\\/AFIA-abre-debate-sobre-o-futuro-do-setor-automovel.jpg\",\"keywords\":[\"AFIA\",\"Automotive Industry Week\",\"debate\",\"futuro autom\u00f3vel\",\"Setor Autom\u00f3vel\",\"Thinking Beyond the Transition\"],\"articleSection\":[\"Mercado\"],\"inLanguage\":\"pt-PT\"},{\"@type\":\"WebPage\",\"@id\":\"https:\\\/\\\/jornaldasoficinas.com\\\/pt\\\/afia-abre-debate-sobre-futuro-do-setor-em-portugal\\\/\",\"url\":\"https:\\\/\\\/jornaldasoficinas.com\\\/pt\\\/afia-abre-debate-sobre-futuro-do-setor-em-portugal\\\/\",\"name\":\"AFIA abre debate sobre futuro do setor autom\u00f3vel - Jornal das Oficinas\",\"isPartOf\":{\"@id\":\"https:\\\/\\\/jornaldasoficinas.com\\\/pt\\\/#website\"},\"primaryImageOfPage\":{\"@id\":\"https:\\\/\\\/jornaldasoficinas.com\\\/pt\\\/afia-abre-debate-sobre-futuro-do-setor-em-portugal\\\/#primaryimage\"},\"image\":{\"@id\":\"https:\\\/\\\/jornaldasoficinas.com\\\/pt\\\/afia-abre-debate-sobre-futuro-do-setor-em-portugal\\\/#primaryimage\"},\"thumbnailUrl\":\"https:\\\/\\\/jornaldasoficinas.com\\\/pt\\\/wp-content\\\/uploads\\\/2025\\\/11\\\/AFIA-abre-debate-sobre-o-futuro-do-setor-automovel.jpg\",\"datePublished\":\"2025-11-07T18:30:46+00:00\",\"description\":\"A 12.\u00aa Automotive Industry Week terminou com um apelo \u00e0 competitividade, estabilidade regulat\u00f3ria e investimento em inova\u00e7\u00e3o\",\"breadcrumb\":{\"@id\":\"https:\\\/\\\/jornaldasoficinas.com\\\/pt\\\/afia-abre-debate-sobre-futuro-do-setor-em-portugal\\\/#breadcrumb\"},\"inLanguage\":\"pt-PT\",\"potentialAction\":[{\"@type\":\"ReadAction\",\"target\":[\"https:\\\/\\\/jornaldasoficinas.com\\\/pt\\\/afia-abre-debate-sobre-futuro-do-setor-em-portugal\\\/\"]}]},{\"@type\":\"ImageObject\",\"inLanguage\":\"pt-PT\",\"@id\":\"https:\\\/\\\/jornaldasoficinas.com\\\/pt\\\/afia-abre-debate-sobre-futuro-do-setor-em-portugal\\\/#primaryimage\",\"url\":\"https:\\\/\\\/jornaldasoficinas.com\\\/pt\\\/wp-content\\\/uploads\\\/2025\\\/11\\\/AFIA-abre-debate-sobre-o-futuro-do-setor-automovel.jpg\",\"contentUrl\":\"https:\\\/\\\/jornaldasoficinas.com\\\/pt\\\/wp-content\\\/uploads\\\/2025\\\/11\\\/AFIA-abre-debate-sobre-o-futuro-do-setor-automovel.jpg\",\"width\":1024,\"height\":581,\"caption\":\"11 - AFIA abre debate sobre o futuro do setor automovel\"},{\"@type\":\"BreadcrumbList\",\"@id\":\"https:\\\/\\\/jornaldasoficinas.com\\\/pt\\\/afia-abre-debate-sobre-futuro-do-setor-em-portugal\\\/#breadcrumb\",\"itemListElement\":[{\"@type\":\"ListItem\",\"position\":1,\"name\":\"In\u00edcio\",\"item\":\"https:\\\/\\\/jornaldasoficinas.com\\\/pt\\\/\"},{\"@type\":\"ListItem\",\"position\":2,\"name\":\"AFIA abre debate sobre futuro do setor autom\u00f3vel\"}]},{\"@type\":\"WebSite\",\"@id\":\"https:\\\/\\\/jornaldasoficinas.com\\\/pt\\\/#website\",\"url\":\"https:\\\/\\\/jornaldasoficinas.com\\\/pt\\\/\",\"name\":\"Jornal das Oficinas\",\"description\":\"Jornal independente do Aftermarket Autom\u00f3vel em Portugal\",\"publisher\":{\"@id\":\"https:\\\/\\\/jornaldasoficinas.com\\\/pt\\\/#organization\"},\"potentialAction\":[{\"@type\":\"SearchAction\",\"target\":{\"@type\":\"EntryPoint\",\"urlTemplate\":\"https:\\\/\\\/jornaldasoficinas.com\\\/pt\\\/?s={search_term_string}\"},\"query-input\":{\"@type\":\"PropertyValueSpecification\",\"valueRequired\":true,\"valueName\":\"search_term_string\"}}],\"inLanguage\":\"pt-PT\"},{\"@type\":\"Organization\",\"@id\":\"https:\\\/\\\/jornaldasoficinas.com\\\/pt\\\/#organization\",\"name\":\"Jornal das Oficinas\",\"url\":\"https:\\\/\\\/jornaldasoficinas.com\\\/pt\\\/\",\"logo\":{\"@type\":\"ImageObject\",\"inLanguage\":\"pt-PT\",\"@id\":\"https:\\\/\\\/jornaldasoficinas.com\\\/pt\\\/#\\\/schema\\\/logo\\\/image\\\/\",\"url\":\"https:\\\/\\\/jornaldasoficinas.com\\\/pt\\\/wp-content\\\/uploads\\\/logoJO-SEO.png\",\"contentUrl\":\"https:\\\/\\\/jornaldasoficinas.com\\\/pt\\\/wp-content\\\/uploads\\\/logoJO-SEO.png\",\"width\":285,\"height\":450,\"caption\":\"Jornal das Oficinas\"},\"image\":{\"@id\":\"https:\\\/\\\/jornaldasoficinas.com\\\/pt\\\/#\\\/schema\\\/logo\\\/image\\\/\"},\"sameAs\":[\"https:\\\/\\\/www.facebook.com\\\/jornaloficinas\",\"https:\\\/\\\/x.com\\\/jornaloficinas\",\"https:\\\/\\\/www.instagram.com\\\/jornal_oficinas\\\/\",\"https:\\\/\\\/www.linkedin.com\\\/company\\\/jornal-das-oficinas\\\/\",\"https:\\\/\\\/www.youtube.com\\\/channel\\\/UCbQZBqtcvV-oSQrr7RzINGg\"]},{\"@type\":\"Person\",\"@id\":\"https:\\\/\\\/jornaldasoficinas.com\\\/pt\\\/#\\\/schema\\\/person\\\/a38eef5de2c41d9e7c9ac10141afddf3\",\"name\":\"Reda\u00e7\u00e3o JO\",\"image\":{\"@type\":\"ImageObject\",\"inLanguage\":\"pt-PT\",\"@id\":\"https:\\\/\\\/secure.gravatar.com\\\/avatar\\\/71f2fa71737ad68a84fea94bc708ddac8ea5b0c4788dc2ad202f3ccb2887742f?s=96&d=wp_user_avatar&r=g\",\"url\":\"https:\\\/\\\/secure.gravatar.com\\\/avatar\\\/71f2fa71737ad68a84fea94bc708ddac8ea5b0c4788dc2ad202f3ccb2887742f?s=96&d=wp_user_avatar&r=g\",\"contentUrl\":\"https:\\\/\\\/secure.gravatar.com\\\/avatar\\\/71f2fa71737ad68a84fea94bc708ddac8ea5b0c4788dc2ad202f3ccb2887742f?s=96&d=wp_user_avatar&r=g\",\"caption\":\"Reda\u00e7\u00e3o JO\"},\"url\":\"https:\\\/\\\/jornaldasoficinas.com\\\/pt\\\/author\\\/joredacao\\\/\"}]}<\/script>\n<!-- \/ Yoast SEO plugin. -->","yoast_head_json":{"title":"AFIA abre debate sobre futuro do setor autom\u00f3vel - Jornal das Oficinas","description":"A 12.\u00aa Automotive Industry Week terminou com um apelo \u00e0 competitividade, estabilidade regulat\u00f3ria e investimento em inova\u00e7\u00e3o","robots":{"index":"index","follow":"follow","max-snippet":"max-snippet:-1","max-image-preview":"max-image-preview:large","max-video-preview":"max-video-preview:-1"},"canonical":"https:\/\/jornaldasoficinas.com\/pt\/afia-abre-debate-sobre-futuro-do-setor-em-portugal\/","og_locale":"pt_PT","og_type":"article","og_title":"AFIA abre debate sobre futuro do setor autom\u00f3vel - Jornal das Oficinas","og_description":"A 12.\u00aa Automotive Industry Week terminou com um apelo \u00e0 competitividade, estabilidade regulat\u00f3ria e investimento em inova\u00e7\u00e3o","og_url":"https:\/\/jornaldasoficinas.com\/pt\/afia-abre-debate-sobre-futuro-do-setor-em-portugal\/","og_site_name":"Jornal das Oficinas","article_publisher":"https:\/\/www.facebook.com\/jornaloficinas","article_published_time":"2025-11-07T18:30:46+00:00","og_image":[{"width":1024,"height":581,"url":"https:\/\/jornaldasoficinas.com\/pt\/wp-content\/uploads\/2025\/11\/AFIA-abre-debate-sobre-o-futuro-do-setor-automovel.jpg","type":"image\/jpeg"}],"author":"Reda\u00e7\u00e3o JO","twitter_card":"summary_large_image","twitter_creator":"@jornaloficinas","twitter_site":"@jornaloficinas","twitter_misc":{"Escrito por":"Reda\u00e7\u00e3o JO","Tempo estimado de leitura":"7 minutos"},"schema":{"@context":"https:\/\/schema.org","@graph":[{"@type":"Article","@id":"https:\/\/jornaldasoficinas.com\/pt\/afia-abre-debate-sobre-futuro-do-setor-em-portugal\/#article","isPartOf":{"@id":"https:\/\/jornaldasoficinas.com\/pt\/afia-abre-debate-sobre-futuro-do-setor-em-portugal\/"},"author":{"name":"Reda\u00e7\u00e3o JO","@id":"https:\/\/jornaldasoficinas.com\/pt\/#\/schema\/person\/a38eef5de2c41d9e7c9ac10141afddf3"},"headline":"AFIA abre debate sobre futuro do setor autom\u00f3vel","datePublished":"2025-11-07T18:30:46+00:00","mainEntityOfPage":{"@id":"https:\/\/jornaldasoficinas.com\/pt\/afia-abre-debate-sobre-futuro-do-setor-em-portugal\/"},"wordCount":1289,"publisher":{"@id":"https:\/\/jornaldasoficinas.com\/pt\/#organization"},"image":{"@id":"https:\/\/jornaldasoficinas.com\/pt\/afia-abre-debate-sobre-futuro-do-setor-em-portugal\/#primaryimage"},"thumbnailUrl":"https:\/\/jornaldasoficinas.com\/pt\/wp-content\/uploads\/2025\/11\/AFIA-abre-debate-sobre-o-futuro-do-setor-automovel.jpg","keywords":["AFIA","Automotive Industry Week","debate","futuro autom\u00f3vel","Setor Autom\u00f3vel","Thinking Beyond the Transition"],"articleSection":["Mercado"],"inLanguage":"pt-PT"},{"@type":"WebPage","@id":"https:\/\/jornaldasoficinas.com\/pt\/afia-abre-debate-sobre-futuro-do-setor-em-portugal\/","url":"https:\/\/jornaldasoficinas.com\/pt\/afia-abre-debate-sobre-futuro-do-setor-em-portugal\/","name":"AFIA abre debate sobre futuro do setor autom\u00f3vel - Jornal das Oficinas","isPartOf":{"@id":"https:\/\/jornaldasoficinas.com\/pt\/#website"},"primaryImageOfPage":{"@id":"https:\/\/jornaldasoficinas.com\/pt\/afia-abre-debate-sobre-futuro-do-setor-em-portugal\/#primaryimage"},"image":{"@id":"https:\/\/jornaldasoficinas.com\/pt\/afia-abre-debate-sobre-futuro-do-setor-em-portugal\/#primaryimage"},"thumbnailUrl":"https:\/\/jornaldasoficinas.com\/pt\/wp-content\/uploads\/2025\/11\/AFIA-abre-debate-sobre-o-futuro-do-setor-automovel.jpg","datePublished":"2025-11-07T18:30:46+00:00","description":"A 12.\u00aa Automotive Industry Week terminou com um apelo \u00e0 competitividade, estabilidade regulat\u00f3ria e investimento em inova\u00e7\u00e3o","breadcrumb":{"@id":"https:\/\/jornaldasoficinas.com\/pt\/afia-abre-debate-sobre-futuro-do-setor-em-portugal\/#breadcrumb"},"inLanguage":"pt-PT","potentialAction":[{"@type":"ReadAction","target":["https:\/\/jornaldasoficinas.com\/pt\/afia-abre-debate-sobre-futuro-do-setor-em-portugal\/"]}]},{"@type":"ImageObject","inLanguage":"pt-PT","@id":"https:\/\/jornaldasoficinas.com\/pt\/afia-abre-debate-sobre-futuro-do-setor-em-portugal\/#primaryimage","url":"https:\/\/jornaldasoficinas.com\/pt\/wp-content\/uploads\/2025\/11\/AFIA-abre-debate-sobre-o-futuro-do-setor-automovel.jpg","contentUrl":"https:\/\/jornaldasoficinas.com\/pt\/wp-content\/uploads\/2025\/11\/AFIA-abre-debate-sobre-o-futuro-do-setor-automovel.jpg","width":1024,"height":581,"caption":"11 - AFIA abre debate sobre o futuro do setor automovel"},{"@type":"BreadcrumbList","@id":"https:\/\/jornaldasoficinas.com\/pt\/afia-abre-debate-sobre-futuro-do-setor-em-portugal\/#breadcrumb","itemListElement":[{"@type":"ListItem","position":1,"name":"In\u00edcio","item":"https:\/\/jornaldasoficinas.com\/pt\/"},{"@type":"ListItem","position":2,"name":"AFIA abre debate sobre futuro do setor autom\u00f3vel"}]},{"@type":"WebSite","@id":"https:\/\/jornaldasoficinas.com\/pt\/#website","url":"https:\/\/jornaldasoficinas.com\/pt\/","name":"Jornal das Oficinas","description":"Jornal independente do Aftermarket Autom\u00f3vel em Portugal","publisher":{"@id":"https:\/\/jornaldasoficinas.com\/pt\/#organization"},"potentialAction":[{"@type":"SearchAction","target":{"@type":"EntryPoint","urlTemplate":"https:\/\/jornaldasoficinas.com\/pt\/?s={search_term_string}"},"query-input":{"@type":"PropertyValueSpecification","valueRequired":true,"valueName":"search_term_string"}}],"inLanguage":"pt-PT"},{"@type":"Organization","@id":"https:\/\/jornaldasoficinas.com\/pt\/#organization","name":"Jornal das Oficinas","url":"https:\/\/jornaldasoficinas.com\/pt\/","logo":{"@type":"ImageObject","inLanguage":"pt-PT","@id":"https:\/\/jornaldasoficinas.com\/pt\/#\/schema\/logo\/image\/","url":"https:\/\/jornaldasoficinas.com\/pt\/wp-content\/uploads\/logoJO-SEO.png","contentUrl":"https:\/\/jornaldasoficinas.com\/pt\/wp-content\/uploads\/logoJO-SEO.png","width":285,"height":450,"caption":"Jornal das Oficinas"},"image":{"@id":"https:\/\/jornaldasoficinas.com\/pt\/#\/schema\/logo\/image\/"},"sameAs":["https:\/\/www.facebook.com\/jornaloficinas","https:\/\/x.com\/jornaloficinas","https:\/\/www.instagram.com\/jornal_oficinas\/","https:\/\/www.linkedin.com\/company\/jornal-das-oficinas\/","https:\/\/www.youtube.com\/channel\/UCbQZBqtcvV-oSQrr7RzINGg"]},{"@type":"Person","@id":"https:\/\/jornaldasoficinas.com\/pt\/#\/schema\/person\/a38eef5de2c41d9e7c9ac10141afddf3","name":"Reda\u00e7\u00e3o JO","image":{"@type":"ImageObject","inLanguage":"pt-PT","@id":"https:\/\/secure.gravatar.com\/avatar\/71f2fa71737ad68a84fea94bc708ddac8ea5b0c4788dc2ad202f3ccb2887742f?s=96&d=wp_user_avatar&r=g","url":"https:\/\/secure.gravatar.com\/avatar\/71f2fa71737ad68a84fea94bc708ddac8ea5b0c4788dc2ad202f3ccb2887742f?s=96&d=wp_user_avatar&r=g","contentUrl":"https:\/\/secure.gravatar.com\/avatar\/71f2fa71737ad68a84fea94bc708ddac8ea5b0c4788dc2ad202f3ccb2887742f?s=96&d=wp_user_avatar&r=g","caption":"Reda\u00e7\u00e3o JO"},"url":"https:\/\/jornaldasoficinas.com\/pt\/author\/joredacao\/"}]}},"_links":{"self":[{"href":"https:\/\/jornaldasoficinas.com\/pt\/wp-json\/wp\/v2\/posts\/109064","targetHints":{"allow":["GET"]}}],"collection":[{"href":"https:\/\/jornaldasoficinas.com\/pt\/wp-json\/wp\/v2\/posts"}],"about":[{"href":"https:\/\/jornaldasoficinas.com\/pt\/wp-json\/wp\/v2\/types\/post"}],"author":[{"embeddable":true,"href":"https:\/\/jornaldasoficinas.com\/pt\/wp-json\/wp\/v2\/users\/15"}],"replies":[{"embeddable":true,"href":"https:\/\/jornaldasoficinas.com\/pt\/wp-json\/wp\/v2\/comments?post=109064"}],"version-history":[{"count":9,"href":"https:\/\/jornaldasoficinas.com\/pt\/wp-json\/wp\/v2\/posts\/109064\/revisions"}],"predecessor-version":[{"id":109214,"href":"https:\/\/jornaldasoficinas.com\/pt\/wp-json\/wp\/v2\/posts\/109064\/revisions\/109214"}],"wp:featuredmedia":[{"embeddable":true,"href":"https:\/\/jornaldasoficinas.com\/pt\/wp-json\/wp\/v2\/media\/109085"}],"wp:attachment":[{"href":"https:\/\/jornaldasoficinas.com\/pt\/wp-json\/wp\/v2\/media?parent=109064"}],"wp:term":[{"taxonomy":"category","embeddable":true,"href":"https:\/\/jornaldasoficinas.com\/pt\/wp-json\/wp\/v2\/categories?post=109064"},{"taxonomy":"post_tag","embeddable":true,"href":"https:\/\/jornaldasoficinas.com\/pt\/wp-json\/wp\/v2\/tags?post=109064"}],"curies":[{"name":"wp","href":"https:\/\/api.w.org\/{rel}","templated":true}]}}