{"id":109199,"date":"2025-11-07T14:30:56","date_gmt":"2025-11-07T14:30:56","guid":{"rendered":"https:\/\/jornaldasoficinas.com\/pt\/?p=109199"},"modified":"2025-11-07T14:19:20","modified_gmt":"2025-11-07T14:19:20","slug":"faleceu-eduardo-huarte-fundador-da-lizarte","status":"publish","type":"post","link":"https:\/\/jornaldasoficinas.com\/pt\/faleceu-eduardo-huarte-fundador-da-lizarte\/","title":{"rendered":"Faleceu Eduardo Huarte, fundador da Lizarte"},"content":{"rendered":"<p><strong><img loading=\"lazy\" decoding=\"async\" class=\"alignnone size-full wp-image-109208\" src=\"https:\/\/jornaldasoficinas.com\/pt\/wp-content\/uploads\/2025\/11\/lizarte.jpg\" alt=\"11 - lizarte\" width=\"1024\" height=\"581\" srcset=\"https:\/\/jornaldasoficinas.com\/pt\/wp-content\/uploads\/2025\/11\/lizarte.jpg 1024w, https:\/\/jornaldasoficinas.com\/pt\/wp-content\/uploads\/2025\/11\/lizarte-300x170.jpg 300w, https:\/\/jornaldasoficinas.com\/pt\/wp-content\/uploads\/2025\/11\/lizarte-150x85.jpg 150w, https:\/\/jornaldasoficinas.com\/pt\/wp-content\/uploads\/2025\/11\/lizarte-768x436.jpg 768w\" sizes=\"auto, (max-width: 1024px) 100vw, 1024px\" \/><\/strong><\/p>\n<p><strong>Eduardo Huarte, fundador da <a href=\"https:\/\/www.lizarte.com\/\" target=\"_blank\" rel=\"noopener\">Lizarte<\/a> e figura central no desenvolvimento da refabrica\u00e7\u00e3o de componentes autom\u00f3veis na Europa, faleceu no dia 3 de novembro, em Pamplona aos 92 anos<\/strong><\/p>\n<p>O empres\u00e1rio espanhol deixa um legado que marcou profundamente o aftermarket europeu. Em 1973, muito antes de se falar em economia circular, Eduardo Huarte revolucionou o setor ao fundar a Lizarte S.A.U., aplicando processos industriais \u00e0 recupera\u00e7\u00e3o de componentes e garantindo padr\u00f5es de qualidade equivalentes aos do produto original.<\/p>\n<p>Numa altura em que a refabrica\u00e7\u00e3o era vista como uma atividade artesanal, o respons\u00e1vel introduziu uma abordagem inovadora que combinava efici\u00eancia industrial e sustentabilidade, transformando o que era uma exce\u00e7\u00e3o numa pr\u00e1tica de refer\u00eancia no mercado europeu.<\/p>\n<p>Entre os seus desenvolvimentos mais emblem\u00e1ticos destaca-se a esfera de suspens\u00e3o hidropneum\u00e1tica para ve\u00edculos Citro\u00ebn, um componente tecnicamente complexo que a Lizarte conseguiu fabricar com sucesso, tornando-se numa alternativa europeia \u00e0 esfera original Citro\u00ebn. Esse feito t\u00e9cnico simboliza o esp\u00edrito inovador que definiu toda a sua trajet\u00f3ria.<\/p>\n<p>Para al\u00e9m dos marcos industriais, aqueles que trabalharam com Eduardo Huarte recordam-no pela sua honestidade, generosidade e f\u00e9 nas pessoas, valores que impregnaram a cultura da empresa e que explicam a sua solidez ao longo de cinco d\u00e9cadas.<\/p>\n<p>Olhando para o momento presente, a Lizarte consolidou-se como especialista na refabrica\u00e7\u00e3o de sistemas de dire\u00e7\u00e3o assistida e bombas hidr\u00e1ulicas, incluindo tecnologias avan\u00e7adas como dire\u00e7\u00f5es el\u00e9tricas e mecatr\u00f3nicas (EPS, EHPS, etc.). A empresa mant\u00e9m presen\u00e7a no mercado independente europeu e desenvolve crescente atividade em contratos OEM.<\/p>\n<p>Atualmente, a empresa \u00e9 dirigida por \u00d3scar Huarte, filho do fundador, e conta j\u00e1 com a terceira gera\u00e7\u00e3o familiar integrada na gest\u00e3o, garantindo a continuidade dos princ\u00edpios estabelecidos pelo pai: excel\u00eancia t\u00e9cnica, compromisso ambiental e servi\u00e7o como eixo de todas as rela\u00e7\u00f5es comerciais.<\/p>\n<p>O setor autom\u00f3vel europeu despede-se assim de um vision\u00e1rio que antecipou o futuro da reposi\u00e7\u00e3o autom\u00f3vel, unindo t\u00e9cnica, sustentabilidade e valores humanos que continuam a inspirar a ind\u00fastria.<\/p>\n<p>Toda a equipa do Jornal das Oficinas lamenta esta grande perda e transmitimos as nossas sinceras condol\u00eancias a todos os seus familiares e amigos.<\/p>\n","protected":false},"excerpt":{"rendered":"<p>Eduardo Huarte, fundador da Lizarte e&#8230;<\/p>\n","protected":false},"author":15,"featured_media":109208,"comment_status":"closed","ping_status":"closed","sticky":false,"template":"","format":"standard","meta":{"footnotes":""},"categories":[29],"tags":[13961,387,13962,6338,4407,2940,13963],"class_list":["post-109199","post","type-post","status-publish","format-standard","has-post-thumbnail","hentry","category-empresas","tag-3-de-novembro","tag-economia-circular","tag-eduardo-huarte","tag-falecimento","tag-fundador","tag-lizarte","tag-refabricacao-de-componentes"],"yoast_head":"<!-- This site is optimized with the Yoast SEO plugin v27.4 - https:\/\/yoast.com\/product\/yoast-seo-wordpress\/ -->\n<title>Faleceu Eduardo Huarte, fundador da Lizarte - Jornal das Oficinas<\/title>\n<meta name=\"description\" content=\"Eduardo Huarte, fundador da Lizarte e figura central no desenvolvimento da refabrica\u00e7\u00e3o de componentes auto, faleceu no dia 3 de novembro\" \/>\n<meta name=\"robots\" content=\"index, follow, max-snippet:-1, max-image-preview:large, max-video-preview:-1\" \/>\n<link rel=\"canonical\" href=\"https:\/\/jornaldasoficinas.com\/pt\/faleceu-eduardo-huarte-fundador-da-lizarte\/\" \/>\n<meta property=\"og:locale\" content=\"pt_PT\" \/>\n<meta property=\"og:type\" content=\"article\" \/>\n<meta property=\"og:title\" content=\"Faleceu Eduardo Huarte, fundador da Lizarte - Jornal das Oficinas\" \/>\n<meta property=\"og:description\" content=\"Eduardo Huarte, fundador da Lizarte e figura central no desenvolvimento da refabrica\u00e7\u00e3o de componentes auto, faleceu no dia 3 de novembro\" \/>\n<meta property=\"og:url\" content=\"https:\/\/jornaldasoficinas.com\/pt\/faleceu-eduardo-huarte-fundador-da-lizarte\/\" \/>\n<meta property=\"og:site_name\" content=\"Jornal das Oficinas\" \/>\n<meta property=\"article:publisher\" content=\"https:\/\/www.facebook.com\/jornaloficinas\" \/>\n<meta property=\"article:published_time\" content=\"2025-11-07T14:30:56+00:00\" \/>\n<meta property=\"og:image\" content=\"https:\/\/jornaldasoficinas.com\/pt\/wp-content\/uploads\/2025\/11\/lizarte.jpg\" \/>\n\t<meta property=\"og:image:width\" content=\"1024\" \/>\n\t<meta property=\"og:image:height\" content=\"581\" \/>\n\t<meta property=\"og:image:type\" content=\"image\/jpeg\" \/>\n<meta name=\"author\" content=\"Reda\u00e7\u00e3o JO\" \/>\n<meta name=\"twitter:card\" content=\"summary_large_image\" \/>\n<meta name=\"twitter:creator\" content=\"@jornaloficinas\" \/>\n<meta name=\"twitter:site\" content=\"@jornaloficinas\" \/>\n<meta name=\"twitter:label1\" content=\"Escrito por\" \/>\n\t<meta name=\"twitter:data1\" content=\"Reda\u00e7\u00e3o JO\" \/>\n\t<meta name=\"twitter:label2\" content=\"Tempo estimado de leitura\" \/>\n\t<meta name=\"twitter:data2\" content=\"2 minutos\" \/>\n<script type=\"application\/ld+json\" class=\"yoast-schema-graph\">{\"@context\":\"https:\\\/\\\/schema.org\",\"@graph\":[{\"@type\":\"Article\",\"@id\":\"https:\\\/\\\/jornaldasoficinas.com\\\/pt\\\/faleceu-eduardo-huarte-fundador-da-lizarte\\\/#article\",\"isPartOf\":{\"@id\":\"https:\\\/\\\/jornaldasoficinas.com\\\/pt\\\/faleceu-eduardo-huarte-fundador-da-lizarte\\\/\"},\"author\":{\"name\":\"Reda\u00e7\u00e3o JO\",\"@id\":\"https:\\\/\\\/jornaldasoficinas.com\\\/pt\\\/#\\\/schema\\\/person\\\/a38eef5de2c41d9e7c9ac10141afddf3\"},\"headline\":\"Faleceu Eduardo Huarte, fundador da Lizarte\",\"datePublished\":\"2025-11-07T14:30:56+00:00\",\"mainEntityOfPage\":{\"@id\":\"https:\\\/\\\/jornaldasoficinas.com\\\/pt\\\/faleceu-eduardo-huarte-fundador-da-lizarte\\\/\"},\"wordCount\":387,\"publisher\":{\"@id\":\"https:\\\/\\\/jornaldasoficinas.com\\\/pt\\\/#organization\"},\"image\":{\"@id\":\"https:\\\/\\\/jornaldasoficinas.com\\\/pt\\\/faleceu-eduardo-huarte-fundador-da-lizarte\\\/#primaryimage\"},\"thumbnailUrl\":\"https:\\\/\\\/jornaldasoficinas.com\\\/pt\\\/wp-content\\\/uploads\\\/2025\\\/11\\\/lizarte.jpg\",\"keywords\":[\"3 de novembro\",\"Economia Circular\",\"Eduardo Huarte\",\"Falecimento\",\"Fundador\",\"Lizarte\",\"refabrica\u00e7\u00e3o de componentes\"],\"articleSection\":[\"Empresas\"],\"inLanguage\":\"pt-PT\"},{\"@type\":\"WebPage\",\"@id\":\"https:\\\/\\\/jornaldasoficinas.com\\\/pt\\\/faleceu-eduardo-huarte-fundador-da-lizarte\\\/\",\"url\":\"https:\\\/\\\/jornaldasoficinas.com\\\/pt\\\/faleceu-eduardo-huarte-fundador-da-lizarte\\\/\",\"name\":\"Faleceu Eduardo Huarte, fundador da Lizarte - Jornal das Oficinas\",\"isPartOf\":{\"@id\":\"https:\\\/\\\/jornaldasoficinas.com\\\/pt\\\/#website\"},\"primaryImageOfPage\":{\"@id\":\"https:\\\/\\\/jornaldasoficinas.com\\\/pt\\\/faleceu-eduardo-huarte-fundador-da-lizarte\\\/#primaryimage\"},\"image\":{\"@id\":\"https:\\\/\\\/jornaldasoficinas.com\\\/pt\\\/faleceu-eduardo-huarte-fundador-da-lizarte\\\/#primaryimage\"},\"thumbnailUrl\":\"https:\\\/\\\/jornaldasoficinas.com\\\/pt\\\/wp-content\\\/uploads\\\/2025\\\/11\\\/lizarte.jpg\",\"datePublished\":\"2025-11-07T14:30:56+00:00\",\"description\":\"Eduardo Huarte, fundador da Lizarte e figura central no desenvolvimento da refabrica\u00e7\u00e3o de componentes auto, faleceu no dia 3 de novembro\",\"breadcrumb\":{\"@id\":\"https:\\\/\\\/jornaldasoficinas.com\\\/pt\\\/faleceu-eduardo-huarte-fundador-da-lizarte\\\/#breadcrumb\"},\"inLanguage\":\"pt-PT\",\"potentialAction\":[{\"@type\":\"ReadAction\",\"target\":[\"https:\\\/\\\/jornaldasoficinas.com\\\/pt\\\/faleceu-eduardo-huarte-fundador-da-lizarte\\\/\"]}]},{\"@type\":\"ImageObject\",\"inLanguage\":\"pt-PT\",\"@id\":\"https:\\\/\\\/jornaldasoficinas.com\\\/pt\\\/faleceu-eduardo-huarte-fundador-da-lizarte\\\/#primaryimage\",\"url\":\"https:\\\/\\\/jornaldasoficinas.com\\\/pt\\\/wp-content\\\/uploads\\\/2025\\\/11\\\/lizarte.jpg\",\"contentUrl\":\"https:\\\/\\\/jornaldasoficinas.com\\\/pt\\\/wp-content\\\/uploads\\\/2025\\\/11\\\/lizarte.jpg\",\"width\":1024,\"height\":581,\"caption\":\"11 - lizarte\"},{\"@type\":\"BreadcrumbList\",\"@id\":\"https:\\\/\\\/jornaldasoficinas.com\\\/pt\\\/faleceu-eduardo-huarte-fundador-da-lizarte\\\/#breadcrumb\",\"itemListElement\":[{\"@type\":\"ListItem\",\"position\":1,\"name\":\"In\u00edcio\",\"item\":\"https:\\\/\\\/jornaldasoficinas.com\\\/pt\\\/\"},{\"@type\":\"ListItem\",\"position\":2,\"name\":\"Faleceu Eduardo Huarte, fundador da Lizarte\"}]},{\"@type\":\"WebSite\",\"@id\":\"https:\\\/\\\/jornaldasoficinas.com\\\/pt\\\/#website\",\"url\":\"https:\\\/\\\/jornaldasoficinas.com\\\/pt\\\/\",\"name\":\"Jornal das Oficinas\",\"description\":\"Jornal independente do Aftermarket Autom\u00f3vel em Portugal\",\"publisher\":{\"@id\":\"https:\\\/\\\/jornaldasoficinas.com\\\/pt\\\/#organization\"},\"potentialAction\":[{\"@type\":\"SearchAction\",\"target\":{\"@type\":\"EntryPoint\",\"urlTemplate\":\"https:\\\/\\\/jornaldasoficinas.com\\\/pt\\\/?s={search_term_string}\"},\"query-input\":{\"@type\":\"PropertyValueSpecification\",\"valueRequired\":true,\"valueName\":\"search_term_string\"}}],\"inLanguage\":\"pt-PT\"},{\"@type\":\"Organization\",\"@id\":\"https:\\\/\\\/jornaldasoficinas.com\\\/pt\\\/#organization\",\"name\":\"Jornal das Oficinas\",\"url\":\"https:\\\/\\\/jornaldasoficinas.com\\\/pt\\\/\",\"logo\":{\"@type\":\"ImageObject\",\"inLanguage\":\"pt-PT\",\"@id\":\"https:\\\/\\\/jornaldasoficinas.com\\\/pt\\\/#\\\/schema\\\/logo\\\/image\\\/\",\"url\":\"https:\\\/\\\/jornaldasoficinas.com\\\/pt\\\/wp-content\\\/uploads\\\/logoJO-SEO.png\",\"contentUrl\":\"https:\\\/\\\/jornaldasoficinas.com\\\/pt\\\/wp-content\\\/uploads\\\/logoJO-SEO.png\",\"width\":285,\"height\":450,\"caption\":\"Jornal das Oficinas\"},\"image\":{\"@id\":\"https:\\\/\\\/jornaldasoficinas.com\\\/pt\\\/#\\\/schema\\\/logo\\\/image\\\/\"},\"sameAs\":[\"https:\\\/\\\/www.facebook.com\\\/jornaloficinas\",\"https:\\\/\\\/x.com\\\/jornaloficinas\",\"https:\\\/\\\/www.instagram.com\\\/jornal_oficinas\\\/\",\"https:\\\/\\\/www.linkedin.com\\\/company\\\/jornal-das-oficinas\\\/\",\"https:\\\/\\\/www.youtube.com\\\/channel\\\/UCbQZBqtcvV-oSQrr7RzINGg\"]},{\"@type\":\"Person\",\"@id\":\"https:\\\/\\\/jornaldasoficinas.com\\\/pt\\\/#\\\/schema\\\/person\\\/a38eef5de2c41d9e7c9ac10141afddf3\",\"name\":\"Reda\u00e7\u00e3o JO\",\"image\":{\"@type\":\"ImageObject\",\"inLanguage\":\"pt-PT\",\"@id\":\"https:\\\/\\\/secure.gravatar.com\\\/avatar\\\/71f2fa71737ad68a84fea94bc708ddac8ea5b0c4788dc2ad202f3ccb2887742f?s=96&d=wp_user_avatar&r=g\",\"url\":\"https:\\\/\\\/secure.gravatar.com\\\/avatar\\\/71f2fa71737ad68a84fea94bc708ddac8ea5b0c4788dc2ad202f3ccb2887742f?s=96&d=wp_user_avatar&r=g\",\"contentUrl\":\"https:\\\/\\\/secure.gravatar.com\\\/avatar\\\/71f2fa71737ad68a84fea94bc708ddac8ea5b0c4788dc2ad202f3ccb2887742f?s=96&d=wp_user_avatar&r=g\",\"caption\":\"Reda\u00e7\u00e3o JO\"},\"url\":\"https:\\\/\\\/jornaldasoficinas.com\\\/pt\\\/author\\\/joredacao\\\/\"}]}<\/script>\n<!-- \/ Yoast SEO plugin. -->","yoast_head_json":{"title":"Faleceu Eduardo Huarte, fundador da Lizarte - Jornal das Oficinas","description":"Eduardo Huarte, fundador da Lizarte e figura central no desenvolvimento da refabrica\u00e7\u00e3o de componentes auto, faleceu no dia 3 de novembro","robots":{"index":"index","follow":"follow","max-snippet":"max-snippet:-1","max-image-preview":"max-image-preview:large","max-video-preview":"max-video-preview:-1"},"canonical":"https:\/\/jornaldasoficinas.com\/pt\/faleceu-eduardo-huarte-fundador-da-lizarte\/","og_locale":"pt_PT","og_type":"article","og_title":"Faleceu Eduardo Huarte, fundador da Lizarte - Jornal das Oficinas","og_description":"Eduardo Huarte, fundador da Lizarte e figura central no desenvolvimento da refabrica\u00e7\u00e3o de componentes auto, faleceu no dia 3 de novembro","og_url":"https:\/\/jornaldasoficinas.com\/pt\/faleceu-eduardo-huarte-fundador-da-lizarte\/","og_site_name":"Jornal das Oficinas","article_publisher":"https:\/\/www.facebook.com\/jornaloficinas","article_published_time":"2025-11-07T14:30:56+00:00","og_image":[{"width":1024,"height":581,"url":"https:\/\/jornaldasoficinas.com\/pt\/wp-content\/uploads\/2025\/11\/lizarte.jpg","type":"image\/jpeg"}],"author":"Reda\u00e7\u00e3o JO","twitter_card":"summary_large_image","twitter_creator":"@jornaloficinas","twitter_site":"@jornaloficinas","twitter_misc":{"Escrito por":"Reda\u00e7\u00e3o JO","Tempo estimado de leitura":"2 minutos"},"schema":{"@context":"https:\/\/schema.org","@graph":[{"@type":"Article","@id":"https:\/\/jornaldasoficinas.com\/pt\/faleceu-eduardo-huarte-fundador-da-lizarte\/#article","isPartOf":{"@id":"https:\/\/jornaldasoficinas.com\/pt\/faleceu-eduardo-huarte-fundador-da-lizarte\/"},"author":{"name":"Reda\u00e7\u00e3o JO","@id":"https:\/\/jornaldasoficinas.com\/pt\/#\/schema\/person\/a38eef5de2c41d9e7c9ac10141afddf3"},"headline":"Faleceu Eduardo Huarte, fundador da Lizarte","datePublished":"2025-11-07T14:30:56+00:00","mainEntityOfPage":{"@id":"https:\/\/jornaldasoficinas.com\/pt\/faleceu-eduardo-huarte-fundador-da-lizarte\/"},"wordCount":387,"publisher":{"@id":"https:\/\/jornaldasoficinas.com\/pt\/#organization"},"image":{"@id":"https:\/\/jornaldasoficinas.com\/pt\/faleceu-eduardo-huarte-fundador-da-lizarte\/#primaryimage"},"thumbnailUrl":"https:\/\/jornaldasoficinas.com\/pt\/wp-content\/uploads\/2025\/11\/lizarte.jpg","keywords":["3 de novembro","Economia Circular","Eduardo Huarte","Falecimento","Fundador","Lizarte","refabrica\u00e7\u00e3o de componentes"],"articleSection":["Empresas"],"inLanguage":"pt-PT"},{"@type":"WebPage","@id":"https:\/\/jornaldasoficinas.com\/pt\/faleceu-eduardo-huarte-fundador-da-lizarte\/","url":"https:\/\/jornaldasoficinas.com\/pt\/faleceu-eduardo-huarte-fundador-da-lizarte\/","name":"Faleceu Eduardo Huarte, fundador da Lizarte - Jornal das Oficinas","isPartOf":{"@id":"https:\/\/jornaldasoficinas.com\/pt\/#website"},"primaryImageOfPage":{"@id":"https:\/\/jornaldasoficinas.com\/pt\/faleceu-eduardo-huarte-fundador-da-lizarte\/#primaryimage"},"image":{"@id":"https:\/\/jornaldasoficinas.com\/pt\/faleceu-eduardo-huarte-fundador-da-lizarte\/#primaryimage"},"thumbnailUrl":"https:\/\/jornaldasoficinas.com\/pt\/wp-content\/uploads\/2025\/11\/lizarte.jpg","datePublished":"2025-11-07T14:30:56+00:00","description":"Eduardo Huarte, fundador da Lizarte e figura central no desenvolvimento da refabrica\u00e7\u00e3o de componentes auto, faleceu no dia 3 de novembro","breadcrumb":{"@id":"https:\/\/jornaldasoficinas.com\/pt\/faleceu-eduardo-huarte-fundador-da-lizarte\/#breadcrumb"},"inLanguage":"pt-PT","potentialAction":[{"@type":"ReadAction","target":["https:\/\/jornaldasoficinas.com\/pt\/faleceu-eduardo-huarte-fundador-da-lizarte\/"]}]},{"@type":"ImageObject","inLanguage":"pt-PT","@id":"https:\/\/jornaldasoficinas.com\/pt\/faleceu-eduardo-huarte-fundador-da-lizarte\/#primaryimage","url":"https:\/\/jornaldasoficinas.com\/pt\/wp-content\/uploads\/2025\/11\/lizarte.jpg","contentUrl":"https:\/\/jornaldasoficinas.com\/pt\/wp-content\/uploads\/2025\/11\/lizarte.jpg","width":1024,"height":581,"caption":"11 - lizarte"},{"@type":"BreadcrumbList","@id":"https:\/\/jornaldasoficinas.com\/pt\/faleceu-eduardo-huarte-fundador-da-lizarte\/#breadcrumb","itemListElement":[{"@type":"ListItem","position":1,"name":"In\u00edcio","item":"https:\/\/jornaldasoficinas.com\/pt\/"},{"@type":"ListItem","position":2,"name":"Faleceu Eduardo Huarte, fundador da Lizarte"}]},{"@type":"WebSite","@id":"https:\/\/jornaldasoficinas.com\/pt\/#website","url":"https:\/\/jornaldasoficinas.com\/pt\/","name":"Jornal das Oficinas","description":"Jornal independente do Aftermarket Autom\u00f3vel em Portugal","publisher":{"@id":"https:\/\/jornaldasoficinas.com\/pt\/#organization"},"potentialAction":[{"@type":"SearchAction","target":{"@type":"EntryPoint","urlTemplate":"https:\/\/jornaldasoficinas.com\/pt\/?s={search_term_string}"},"query-input":{"@type":"PropertyValueSpecification","valueRequired":true,"valueName":"search_term_string"}}],"inLanguage":"pt-PT"},{"@type":"Organization","@id":"https:\/\/jornaldasoficinas.com\/pt\/#organization","name":"Jornal das Oficinas","url":"https:\/\/jornaldasoficinas.com\/pt\/","logo":{"@type":"ImageObject","inLanguage":"pt-PT","@id":"https:\/\/jornaldasoficinas.com\/pt\/#\/schema\/logo\/image\/","url":"https:\/\/jornaldasoficinas.com\/pt\/wp-content\/uploads\/logoJO-SEO.png","contentUrl":"https:\/\/jornaldasoficinas.com\/pt\/wp-content\/uploads\/logoJO-SEO.png","width":285,"height":450,"caption":"Jornal das Oficinas"},"image":{"@id":"https:\/\/jornaldasoficinas.com\/pt\/#\/schema\/logo\/image\/"},"sameAs":["https:\/\/www.facebook.com\/jornaloficinas","https:\/\/x.com\/jornaloficinas","https:\/\/www.instagram.com\/jornal_oficinas\/","https:\/\/www.linkedin.com\/company\/jornal-das-oficinas\/","https:\/\/www.youtube.com\/channel\/UCbQZBqtcvV-oSQrr7RzINGg"]},{"@type":"Person","@id":"https:\/\/jornaldasoficinas.com\/pt\/#\/schema\/person\/a38eef5de2c41d9e7c9ac10141afddf3","name":"Reda\u00e7\u00e3o JO","image":{"@type":"ImageObject","inLanguage":"pt-PT","@id":"https:\/\/secure.gravatar.com\/avatar\/71f2fa71737ad68a84fea94bc708ddac8ea5b0c4788dc2ad202f3ccb2887742f?s=96&d=wp_user_avatar&r=g","url":"https:\/\/secure.gravatar.com\/avatar\/71f2fa71737ad68a84fea94bc708ddac8ea5b0c4788dc2ad202f3ccb2887742f?s=96&d=wp_user_avatar&r=g","contentUrl":"https:\/\/secure.gravatar.com\/avatar\/71f2fa71737ad68a84fea94bc708ddac8ea5b0c4788dc2ad202f3ccb2887742f?s=96&d=wp_user_avatar&r=g","caption":"Reda\u00e7\u00e3o JO"},"url":"https:\/\/jornaldasoficinas.com\/pt\/author\/joredacao\/"}]}},"_links":{"self":[{"href":"https:\/\/jornaldasoficinas.com\/pt\/wp-json\/wp\/v2\/posts\/109199","targetHints":{"allow":["GET"]}}],"collection":[{"href":"https:\/\/jornaldasoficinas.com\/pt\/wp-json\/wp\/v2\/posts"}],"about":[{"href":"https:\/\/jornaldasoficinas.com\/pt\/wp-json\/wp\/v2\/types\/post"}],"author":[{"embeddable":true,"href":"https:\/\/jornaldasoficinas.com\/pt\/wp-json\/wp\/v2\/users\/15"}],"replies":[{"embeddable":true,"href":"https:\/\/jornaldasoficinas.com\/pt\/wp-json\/wp\/v2\/comments?post=109199"}],"version-history":[{"count":9,"href":"https:\/\/jornaldasoficinas.com\/pt\/wp-json\/wp\/v2\/posts\/109199\/revisions"}],"predecessor-version":[{"id":109209,"href":"https:\/\/jornaldasoficinas.com\/pt\/wp-json\/wp\/v2\/posts\/109199\/revisions\/109209"}],"wp:featuredmedia":[{"embeddable":true,"href":"https:\/\/jornaldasoficinas.com\/pt\/wp-json\/wp\/v2\/media\/109208"}],"wp:attachment":[{"href":"https:\/\/jornaldasoficinas.com\/pt\/wp-json\/wp\/v2\/media?parent=109199"}],"wp:term":[{"taxonomy":"category","embeddable":true,"href":"https:\/\/jornaldasoficinas.com\/pt\/wp-json\/wp\/v2\/categories?post=109199"},{"taxonomy":"post_tag","embeddable":true,"href":"https:\/\/jornaldasoficinas.com\/pt\/wp-json\/wp\/v2\/tags?post=109199"}],"curies":[{"name":"wp","href":"https:\/\/api.w.org\/{rel}","templated":true}]}}