{"id":109367,"date":"2025-11-12T14:00:10","date_gmt":"2025-11-12T14:00:10","guid":{"rendered":"https:\/\/jornaldasoficinas.com\/pt\/?p=109367"},"modified":"2025-11-12T12:12:52","modified_gmt":"2025-11-12T12:12:52","slug":"pequenas-frotas-recorrem-a-automacao-para-ganhar-eficiencia","status":"publish","type":"post","link":"https:\/\/jornaldasoficinas.com\/pt\/pequenas-frotas-recorrem-a-automacao-para-ganhar-eficiencia\/","title":{"rendered":"Pequenas frotas preparam-se para apostar na automa\u00e7\u00e3o"},"content":{"rendered":"<p><strong><img loading=\"lazy\" decoding=\"async\" class=\"alignnone size-full wp-image-109374\" src=\"https:\/\/jornaldasoficinas.com\/pt\/wp-content\/uploads\/2025\/11\/Pequenas-frotas-preparam-se-para-apostar-na-automacao.jpg\" alt=\"11 - Pequenas frotas preparam se para apostar na automacao\" width=\"1024\" height=\"581\" srcset=\"https:\/\/jornaldasoficinas.com\/pt\/wp-content\/uploads\/2025\/11\/Pequenas-frotas-preparam-se-para-apostar-na-automacao.jpg 1024w, https:\/\/jornaldasoficinas.com\/pt\/wp-content\/uploads\/2025\/11\/Pequenas-frotas-preparam-se-para-apostar-na-automacao-300x170.jpg 300w, https:\/\/jornaldasoficinas.com\/pt\/wp-content\/uploads\/2025\/11\/Pequenas-frotas-preparam-se-para-apostar-na-automacao-150x85.jpg 150w, https:\/\/jornaldasoficinas.com\/pt\/wp-content\/uploads\/2025\/11\/Pequenas-frotas-preparam-se-para-apostar-na-automacao-768x436.jpg 768w\" sizes=\"auto, (max-width: 1024px) 100vw, 1024px\" \/><\/strong><\/p>\n<p><strong>Um estudo da Vehicle Management Systems (<a href=\"https:\/\/www.vms.ai\/\" target=\"_blank\" rel=\"noopener\">VMS<\/a>) revelou que os operadores de pequenas frotas enfrentam cargas de trabalho elevadas com recursos limitados, mas mostram grande abertura \u00e0 automa\u00e7\u00e3o e \u00e0s ferramentas digitais como forma de ganhar efici\u00eancia e reduzir custos<\/strong><\/p>\n<p>De acordo com os dados, quase 80% dos inquiridos dedicam entre 10 e 30 horas semanais ou mais \u00e0 gest\u00e3o das suas frotas, muitas vezes para al\u00e9m do hor\u00e1rio laboral, o que reflete as dificuldades de gest\u00e3o log\u00edstica e administrativa num contexto de recursos limitados.<\/p>\n<p>As pequenas frotas, fundamentais em setores como a log\u00edstica, constru\u00e7\u00e3o, autom\u00f3vel e entregas, continuam a operar sob press\u00e3o e com equipas reduzidas, mas est\u00e3o cada vez mais recetivas \u00e0 automa\u00e7\u00e3o e \u00e0s solu\u00e7\u00f5es digitais.<\/p>\n<p><strong>Principais conclus\u00f5es do estudo:<\/strong><\/p>\n<p><strong>1. Frotas pequenas, grandes responsabilidades<\/strong><br \/>\nCerca de 65% dos inquiridos gerem sozinhos todas as opera\u00e7\u00f5es da frota, enquanto 26% contam apenas com equipas de duas a tr\u00eas pessoas. Quase 80% dedicam entre 10 e 30 horas por semana a tarefas de gest\u00e3o, muitas vezes prolongando o trabalho at\u00e9 \u00e0 noite.<\/p>\n<p><strong>2. Tarefas manuais continuam a ser um desafio<\/strong><br \/>\nA papelada e o registo manual de dados (28,5%), bem como o agendamento de repara\u00e7\u00f5es ou manuten\u00e7\u00e3o (23%), s\u00e3o as atividades que mais consomem tempo. 77% reconhecem que o trabalho manual e repetitivo representa um fardo moderado a significativo.<\/p>\n<p><strong>3. Trabalho fora de horas e sobrecarga<\/strong><br \/>\nMais de metade (54,5%) dos gestores realizam a maior parte das tarefas de gest\u00e3o fora do hor\u00e1rio laboral. O tempo de paragagem e o trabalho administrativo surgem empatados como principais fontes de stress (31,4% cada).<\/p>\n<p><strong>4. Custos de inatividade em alta<\/strong><br \/>\n54% enfrentam dificuldades frequentes em agendar repara\u00e7\u00f5es e 52,6% afirmam que avarias imprevistas interrompem regularmente as opera\u00e7\u00f5es.<br \/>\nEntre as frotas com menos de 50 ve\u00edculos, 41% estimam perdas anuais entre 10 mil e 50 mil d\u00f3lares (cerca de 9.300 mil euros a 46.500 mil euros), devido ao tempo de paragem, e 14,5% referem perdas superiores a 100 mil d\u00f3lares (aproximadamente 93 mil euros), um impacto significativo nesta escala.<\/p>\n<p><strong>5. Ado\u00e7\u00e3o tecnol\u00f3gica<\/strong><br \/>\n83% dos gestores mostram-se recetivos \u00e0 implementa\u00e7\u00e3o de novas ferramentas digitais, e 77% esperam mudar a forma como gerem as suas frotas nos pr\u00f3ximos dois anos. 43% est\u00e3o dispostos a investir entre 26 e 75 d\u00f3lares (cerca de 24 a 70 euros) por ve\u00edculo por m\u00eas em tecnologia para reduzir o tempo de inatividade e automatizar tarefas manuais.<\/p>\n<p>&#8220;Os gestores de pequenas frotas desempenham m\u00faltiplas fun\u00e7\u00f5es, s\u00e3o coordenadores de frota, mec\u00e2nicos e administradores, tudo ao mesmo tempo&#8221;, afirmou Dave Prusinski, CEO da VMS.<\/p>\n<p>&#8220;Estes resultados mostram que o setor est\u00e1 num ponto de viragem. Ao adotar a automa\u00e7\u00e3o baseada em IA e dados em tempo real, as pequenas frotas podem recuperar tempo, reduzir custos e operar de forma mais eficiente&#8221;, finalizou.<\/p>\n","protected":false},"excerpt":{"rendered":"<p>Um estudo da Vehicle Management Systems&#8230;<\/p>\n","protected":false},"author":15,"featured_media":109374,"comment_status":"closed","ping_status":"closed","sticky":false,"template":"","format":"standard","meta":{"footnotes":""},"categories":[37],"tags":[13975,3960,11207,13974,13976,13973],"class_list":["post-109367","post","type-post","status-publish","format-standard","has-post-thumbnail","hentry","category-mercado","tag-automacao","tag-estudo","tag-maior-eficiencia","tag-pequenas-frotas","tag-sobrecarga","tag-vehicle-management-systems"],"yoast_head":"<!-- This site is optimized with the Yoast SEO plugin v27.4 - https:\/\/yoast.com\/product\/yoast-seo-wordpress\/ -->\n<title>Pequenas frotas preparam-se para apostar na automa\u00e7\u00e3o - Jornal das Oficinas<\/title>\n<meta name=\"description\" content=\"Um estudo da VMS revelou que os operadores de pequenas frotas enfrentam cargas de trabalho elevadas com recursos limitados\" \/>\n<meta name=\"robots\" content=\"index, follow, max-snippet:-1, max-image-preview:large, max-video-preview:-1\" \/>\n<link rel=\"canonical\" href=\"https:\/\/jornaldasoficinas.com\/pt\/pequenas-frotas-recorrem-a-automacao-para-ganhar-eficiencia\/\" \/>\n<meta property=\"og:locale\" content=\"pt_PT\" \/>\n<meta property=\"og:type\" content=\"article\" \/>\n<meta property=\"og:title\" content=\"Pequenas frotas preparam-se para apostar na automa\u00e7\u00e3o - Jornal das Oficinas\" \/>\n<meta property=\"og:description\" content=\"Um estudo da VMS revelou que os operadores de pequenas frotas enfrentam cargas de trabalho elevadas com recursos limitados\" \/>\n<meta property=\"og:url\" content=\"https:\/\/jornaldasoficinas.com\/pt\/pequenas-frotas-recorrem-a-automacao-para-ganhar-eficiencia\/\" \/>\n<meta property=\"og:site_name\" content=\"Jornal das Oficinas\" \/>\n<meta property=\"article:publisher\" content=\"https:\/\/www.facebook.com\/jornaloficinas\" \/>\n<meta property=\"article:published_time\" content=\"2025-11-12T14:00:10+00:00\" \/>\n<meta property=\"og:image\" content=\"https:\/\/jornaldasoficinas.com\/pt\/wp-content\/uploads\/2025\/11\/Pequenas-frotas-preparam-se-para-apostar-na-automacao.jpg\" \/>\n\t<meta property=\"og:image:width\" content=\"1024\" \/>\n\t<meta property=\"og:image:height\" content=\"581\" \/>\n\t<meta property=\"og:image:type\" content=\"image\/jpeg\" \/>\n<meta name=\"author\" content=\"Reda\u00e7\u00e3o JO\" \/>\n<meta name=\"twitter:card\" content=\"summary_large_image\" \/>\n<meta name=\"twitter:creator\" content=\"@jornaloficinas\" \/>\n<meta name=\"twitter:site\" content=\"@jornaloficinas\" \/>\n<meta name=\"twitter:label1\" content=\"Escrito por\" \/>\n\t<meta name=\"twitter:data1\" content=\"Reda\u00e7\u00e3o JO\" \/>\n\t<meta name=\"twitter:label2\" content=\"Tempo estimado de leitura\" \/>\n\t<meta name=\"twitter:data2\" content=\"3 minutos\" \/>\n<script type=\"application\/ld+json\" class=\"yoast-schema-graph\">{\"@context\":\"https:\\\/\\\/schema.org\",\"@graph\":[{\"@type\":\"Article\",\"@id\":\"https:\\\/\\\/jornaldasoficinas.com\\\/pt\\\/pequenas-frotas-recorrem-a-automacao-para-ganhar-eficiencia\\\/#article\",\"isPartOf\":{\"@id\":\"https:\\\/\\\/jornaldasoficinas.com\\\/pt\\\/pequenas-frotas-recorrem-a-automacao-para-ganhar-eficiencia\\\/\"},\"author\":{\"name\":\"Reda\u00e7\u00e3o JO\",\"@id\":\"https:\\\/\\\/jornaldasoficinas.com\\\/pt\\\/#\\\/schema\\\/person\\\/a38eef5de2c41d9e7c9ac10141afddf3\"},\"headline\":\"Pequenas frotas preparam-se para apostar na automa\u00e7\u00e3o\",\"datePublished\":\"2025-11-12T14:00:10+00:00\",\"mainEntityOfPage\":{\"@id\":\"https:\\\/\\\/jornaldasoficinas.com\\\/pt\\\/pequenas-frotas-recorrem-a-automacao-para-ganhar-eficiencia\\\/\"},\"wordCount\":468,\"publisher\":{\"@id\":\"https:\\\/\\\/jornaldasoficinas.com\\\/pt\\\/#organization\"},\"image\":{\"@id\":\"https:\\\/\\\/jornaldasoficinas.com\\\/pt\\\/pequenas-frotas-recorrem-a-automacao-para-ganhar-eficiencia\\\/#primaryimage\"},\"thumbnailUrl\":\"https:\\\/\\\/jornaldasoficinas.com\\\/pt\\\/wp-content\\\/uploads\\\/2025\\\/11\\\/Pequenas-frotas-preparam-se-para-apostar-na-automacao.jpg\",\"keywords\":[\"automa\u00e7\u00e3o\",\"Estudo\",\"maior efici\u00eancia\",\"pequenas frotas\",\"sobrecarga\",\"Vehicle Management Systems\"],\"articleSection\":[\"Mercado\"],\"inLanguage\":\"pt-PT\"},{\"@type\":\"WebPage\",\"@id\":\"https:\\\/\\\/jornaldasoficinas.com\\\/pt\\\/pequenas-frotas-recorrem-a-automacao-para-ganhar-eficiencia\\\/\",\"url\":\"https:\\\/\\\/jornaldasoficinas.com\\\/pt\\\/pequenas-frotas-recorrem-a-automacao-para-ganhar-eficiencia\\\/\",\"name\":\"Pequenas frotas preparam-se para apostar na automa\u00e7\u00e3o - Jornal das Oficinas\",\"isPartOf\":{\"@id\":\"https:\\\/\\\/jornaldasoficinas.com\\\/pt\\\/#website\"},\"primaryImageOfPage\":{\"@id\":\"https:\\\/\\\/jornaldasoficinas.com\\\/pt\\\/pequenas-frotas-recorrem-a-automacao-para-ganhar-eficiencia\\\/#primaryimage\"},\"image\":{\"@id\":\"https:\\\/\\\/jornaldasoficinas.com\\\/pt\\\/pequenas-frotas-recorrem-a-automacao-para-ganhar-eficiencia\\\/#primaryimage\"},\"thumbnailUrl\":\"https:\\\/\\\/jornaldasoficinas.com\\\/pt\\\/wp-content\\\/uploads\\\/2025\\\/11\\\/Pequenas-frotas-preparam-se-para-apostar-na-automacao.jpg\",\"datePublished\":\"2025-11-12T14:00:10+00:00\",\"description\":\"Um estudo da VMS revelou que os operadores de pequenas frotas enfrentam cargas de trabalho elevadas com recursos limitados\",\"breadcrumb\":{\"@id\":\"https:\\\/\\\/jornaldasoficinas.com\\\/pt\\\/pequenas-frotas-recorrem-a-automacao-para-ganhar-eficiencia\\\/#breadcrumb\"},\"inLanguage\":\"pt-PT\",\"potentialAction\":[{\"@type\":\"ReadAction\",\"target\":[\"https:\\\/\\\/jornaldasoficinas.com\\\/pt\\\/pequenas-frotas-recorrem-a-automacao-para-ganhar-eficiencia\\\/\"]}]},{\"@type\":\"ImageObject\",\"inLanguage\":\"pt-PT\",\"@id\":\"https:\\\/\\\/jornaldasoficinas.com\\\/pt\\\/pequenas-frotas-recorrem-a-automacao-para-ganhar-eficiencia\\\/#primaryimage\",\"url\":\"https:\\\/\\\/jornaldasoficinas.com\\\/pt\\\/wp-content\\\/uploads\\\/2025\\\/11\\\/Pequenas-frotas-preparam-se-para-apostar-na-automacao.jpg\",\"contentUrl\":\"https:\\\/\\\/jornaldasoficinas.com\\\/pt\\\/wp-content\\\/uploads\\\/2025\\\/11\\\/Pequenas-frotas-preparam-se-para-apostar-na-automacao.jpg\",\"width\":1024,\"height\":581,\"caption\":\"11 - Pequenas frotas preparam se para apostar na automacao\"},{\"@type\":\"BreadcrumbList\",\"@id\":\"https:\\\/\\\/jornaldasoficinas.com\\\/pt\\\/pequenas-frotas-recorrem-a-automacao-para-ganhar-eficiencia\\\/#breadcrumb\",\"itemListElement\":[{\"@type\":\"ListItem\",\"position\":1,\"name\":\"In\u00edcio\",\"item\":\"https:\\\/\\\/jornaldasoficinas.com\\\/pt\\\/\"},{\"@type\":\"ListItem\",\"position\":2,\"name\":\"Pequenas frotas preparam-se para apostar na automa\u00e7\u00e3o\"}]},{\"@type\":\"WebSite\",\"@id\":\"https:\\\/\\\/jornaldasoficinas.com\\\/pt\\\/#website\",\"url\":\"https:\\\/\\\/jornaldasoficinas.com\\\/pt\\\/\",\"name\":\"Jornal das Oficinas\",\"description\":\"Jornal independente do Aftermarket Autom\u00f3vel em Portugal\",\"publisher\":{\"@id\":\"https:\\\/\\\/jornaldasoficinas.com\\\/pt\\\/#organization\"},\"potentialAction\":[{\"@type\":\"SearchAction\",\"target\":{\"@type\":\"EntryPoint\",\"urlTemplate\":\"https:\\\/\\\/jornaldasoficinas.com\\\/pt\\\/?s={search_term_string}\"},\"query-input\":{\"@type\":\"PropertyValueSpecification\",\"valueRequired\":true,\"valueName\":\"search_term_string\"}}],\"inLanguage\":\"pt-PT\"},{\"@type\":\"Organization\",\"@id\":\"https:\\\/\\\/jornaldasoficinas.com\\\/pt\\\/#organization\",\"name\":\"Jornal das Oficinas\",\"url\":\"https:\\\/\\\/jornaldasoficinas.com\\\/pt\\\/\",\"logo\":{\"@type\":\"ImageObject\",\"inLanguage\":\"pt-PT\",\"@id\":\"https:\\\/\\\/jornaldasoficinas.com\\\/pt\\\/#\\\/schema\\\/logo\\\/image\\\/\",\"url\":\"https:\\\/\\\/jornaldasoficinas.com\\\/pt\\\/wp-content\\\/uploads\\\/logoJO-SEO.png\",\"contentUrl\":\"https:\\\/\\\/jornaldasoficinas.com\\\/pt\\\/wp-content\\\/uploads\\\/logoJO-SEO.png\",\"width\":285,\"height\":450,\"caption\":\"Jornal das Oficinas\"},\"image\":{\"@id\":\"https:\\\/\\\/jornaldasoficinas.com\\\/pt\\\/#\\\/schema\\\/logo\\\/image\\\/\"},\"sameAs\":[\"https:\\\/\\\/www.facebook.com\\\/jornaloficinas\",\"https:\\\/\\\/x.com\\\/jornaloficinas\",\"https:\\\/\\\/www.instagram.com\\\/jornal_oficinas\\\/\",\"https:\\\/\\\/www.linkedin.com\\\/company\\\/jornal-das-oficinas\\\/\",\"https:\\\/\\\/www.youtube.com\\\/channel\\\/UCbQZBqtcvV-oSQrr7RzINGg\"]},{\"@type\":\"Person\",\"@id\":\"https:\\\/\\\/jornaldasoficinas.com\\\/pt\\\/#\\\/schema\\\/person\\\/a38eef5de2c41d9e7c9ac10141afddf3\",\"name\":\"Reda\u00e7\u00e3o JO\",\"image\":{\"@type\":\"ImageObject\",\"inLanguage\":\"pt-PT\",\"@id\":\"https:\\\/\\\/secure.gravatar.com\\\/avatar\\\/71f2fa71737ad68a84fea94bc708ddac8ea5b0c4788dc2ad202f3ccb2887742f?s=96&d=wp_user_avatar&r=g\",\"url\":\"https:\\\/\\\/secure.gravatar.com\\\/avatar\\\/71f2fa71737ad68a84fea94bc708ddac8ea5b0c4788dc2ad202f3ccb2887742f?s=96&d=wp_user_avatar&r=g\",\"contentUrl\":\"https:\\\/\\\/secure.gravatar.com\\\/avatar\\\/71f2fa71737ad68a84fea94bc708ddac8ea5b0c4788dc2ad202f3ccb2887742f?s=96&d=wp_user_avatar&r=g\",\"caption\":\"Reda\u00e7\u00e3o JO\"},\"url\":\"https:\\\/\\\/jornaldasoficinas.com\\\/pt\\\/author\\\/joredacao\\\/\"}]}<\/script>\n<!-- \/ Yoast SEO plugin. -->","yoast_head_json":{"title":"Pequenas frotas preparam-se para apostar na automa\u00e7\u00e3o - Jornal das Oficinas","description":"Um estudo da VMS revelou que os operadores de pequenas frotas enfrentam cargas de trabalho elevadas com recursos limitados","robots":{"index":"index","follow":"follow","max-snippet":"max-snippet:-1","max-image-preview":"max-image-preview:large","max-video-preview":"max-video-preview:-1"},"canonical":"https:\/\/jornaldasoficinas.com\/pt\/pequenas-frotas-recorrem-a-automacao-para-ganhar-eficiencia\/","og_locale":"pt_PT","og_type":"article","og_title":"Pequenas frotas preparam-se para apostar na automa\u00e7\u00e3o - Jornal das Oficinas","og_description":"Um estudo da VMS revelou que os operadores de pequenas frotas enfrentam cargas de trabalho elevadas com recursos limitados","og_url":"https:\/\/jornaldasoficinas.com\/pt\/pequenas-frotas-recorrem-a-automacao-para-ganhar-eficiencia\/","og_site_name":"Jornal das Oficinas","article_publisher":"https:\/\/www.facebook.com\/jornaloficinas","article_published_time":"2025-11-12T14:00:10+00:00","og_image":[{"width":1024,"height":581,"url":"https:\/\/jornaldasoficinas.com\/pt\/wp-content\/uploads\/2025\/11\/Pequenas-frotas-preparam-se-para-apostar-na-automacao.jpg","type":"image\/jpeg"}],"author":"Reda\u00e7\u00e3o JO","twitter_card":"summary_large_image","twitter_creator":"@jornaloficinas","twitter_site":"@jornaloficinas","twitter_misc":{"Escrito por":"Reda\u00e7\u00e3o JO","Tempo estimado de leitura":"3 minutos"},"schema":{"@context":"https:\/\/schema.org","@graph":[{"@type":"Article","@id":"https:\/\/jornaldasoficinas.com\/pt\/pequenas-frotas-recorrem-a-automacao-para-ganhar-eficiencia\/#article","isPartOf":{"@id":"https:\/\/jornaldasoficinas.com\/pt\/pequenas-frotas-recorrem-a-automacao-para-ganhar-eficiencia\/"},"author":{"name":"Reda\u00e7\u00e3o JO","@id":"https:\/\/jornaldasoficinas.com\/pt\/#\/schema\/person\/a38eef5de2c41d9e7c9ac10141afddf3"},"headline":"Pequenas frotas preparam-se para apostar na automa\u00e7\u00e3o","datePublished":"2025-11-12T14:00:10+00:00","mainEntityOfPage":{"@id":"https:\/\/jornaldasoficinas.com\/pt\/pequenas-frotas-recorrem-a-automacao-para-ganhar-eficiencia\/"},"wordCount":468,"publisher":{"@id":"https:\/\/jornaldasoficinas.com\/pt\/#organization"},"image":{"@id":"https:\/\/jornaldasoficinas.com\/pt\/pequenas-frotas-recorrem-a-automacao-para-ganhar-eficiencia\/#primaryimage"},"thumbnailUrl":"https:\/\/jornaldasoficinas.com\/pt\/wp-content\/uploads\/2025\/11\/Pequenas-frotas-preparam-se-para-apostar-na-automacao.jpg","keywords":["automa\u00e7\u00e3o","Estudo","maior efici\u00eancia","pequenas frotas","sobrecarga","Vehicle Management Systems"],"articleSection":["Mercado"],"inLanguage":"pt-PT"},{"@type":"WebPage","@id":"https:\/\/jornaldasoficinas.com\/pt\/pequenas-frotas-recorrem-a-automacao-para-ganhar-eficiencia\/","url":"https:\/\/jornaldasoficinas.com\/pt\/pequenas-frotas-recorrem-a-automacao-para-ganhar-eficiencia\/","name":"Pequenas frotas preparam-se para apostar na automa\u00e7\u00e3o - Jornal das Oficinas","isPartOf":{"@id":"https:\/\/jornaldasoficinas.com\/pt\/#website"},"primaryImageOfPage":{"@id":"https:\/\/jornaldasoficinas.com\/pt\/pequenas-frotas-recorrem-a-automacao-para-ganhar-eficiencia\/#primaryimage"},"image":{"@id":"https:\/\/jornaldasoficinas.com\/pt\/pequenas-frotas-recorrem-a-automacao-para-ganhar-eficiencia\/#primaryimage"},"thumbnailUrl":"https:\/\/jornaldasoficinas.com\/pt\/wp-content\/uploads\/2025\/11\/Pequenas-frotas-preparam-se-para-apostar-na-automacao.jpg","datePublished":"2025-11-12T14:00:10+00:00","description":"Um estudo da VMS revelou que os operadores de pequenas frotas enfrentam cargas de trabalho elevadas com recursos limitados","breadcrumb":{"@id":"https:\/\/jornaldasoficinas.com\/pt\/pequenas-frotas-recorrem-a-automacao-para-ganhar-eficiencia\/#breadcrumb"},"inLanguage":"pt-PT","potentialAction":[{"@type":"ReadAction","target":["https:\/\/jornaldasoficinas.com\/pt\/pequenas-frotas-recorrem-a-automacao-para-ganhar-eficiencia\/"]}]},{"@type":"ImageObject","inLanguage":"pt-PT","@id":"https:\/\/jornaldasoficinas.com\/pt\/pequenas-frotas-recorrem-a-automacao-para-ganhar-eficiencia\/#primaryimage","url":"https:\/\/jornaldasoficinas.com\/pt\/wp-content\/uploads\/2025\/11\/Pequenas-frotas-preparam-se-para-apostar-na-automacao.jpg","contentUrl":"https:\/\/jornaldasoficinas.com\/pt\/wp-content\/uploads\/2025\/11\/Pequenas-frotas-preparam-se-para-apostar-na-automacao.jpg","width":1024,"height":581,"caption":"11 - Pequenas frotas preparam se para apostar na automacao"},{"@type":"BreadcrumbList","@id":"https:\/\/jornaldasoficinas.com\/pt\/pequenas-frotas-recorrem-a-automacao-para-ganhar-eficiencia\/#breadcrumb","itemListElement":[{"@type":"ListItem","position":1,"name":"In\u00edcio","item":"https:\/\/jornaldasoficinas.com\/pt\/"},{"@type":"ListItem","position":2,"name":"Pequenas frotas preparam-se para apostar na automa\u00e7\u00e3o"}]},{"@type":"WebSite","@id":"https:\/\/jornaldasoficinas.com\/pt\/#website","url":"https:\/\/jornaldasoficinas.com\/pt\/","name":"Jornal das Oficinas","description":"Jornal independente do Aftermarket Autom\u00f3vel em Portugal","publisher":{"@id":"https:\/\/jornaldasoficinas.com\/pt\/#organization"},"potentialAction":[{"@type":"SearchAction","target":{"@type":"EntryPoint","urlTemplate":"https:\/\/jornaldasoficinas.com\/pt\/?s={search_term_string}"},"query-input":{"@type":"PropertyValueSpecification","valueRequired":true,"valueName":"search_term_string"}}],"inLanguage":"pt-PT"},{"@type":"Organization","@id":"https:\/\/jornaldasoficinas.com\/pt\/#organization","name":"Jornal das Oficinas","url":"https:\/\/jornaldasoficinas.com\/pt\/","logo":{"@type":"ImageObject","inLanguage":"pt-PT","@id":"https:\/\/jornaldasoficinas.com\/pt\/#\/schema\/logo\/image\/","url":"https:\/\/jornaldasoficinas.com\/pt\/wp-content\/uploads\/logoJO-SEO.png","contentUrl":"https:\/\/jornaldasoficinas.com\/pt\/wp-content\/uploads\/logoJO-SEO.png","width":285,"height":450,"caption":"Jornal das Oficinas"},"image":{"@id":"https:\/\/jornaldasoficinas.com\/pt\/#\/schema\/logo\/image\/"},"sameAs":["https:\/\/www.facebook.com\/jornaloficinas","https:\/\/x.com\/jornaloficinas","https:\/\/www.instagram.com\/jornal_oficinas\/","https:\/\/www.linkedin.com\/company\/jornal-das-oficinas\/","https:\/\/www.youtube.com\/channel\/UCbQZBqtcvV-oSQrr7RzINGg"]},{"@type":"Person","@id":"https:\/\/jornaldasoficinas.com\/pt\/#\/schema\/person\/a38eef5de2c41d9e7c9ac10141afddf3","name":"Reda\u00e7\u00e3o JO","image":{"@type":"ImageObject","inLanguage":"pt-PT","@id":"https:\/\/secure.gravatar.com\/avatar\/71f2fa71737ad68a84fea94bc708ddac8ea5b0c4788dc2ad202f3ccb2887742f?s=96&d=wp_user_avatar&r=g","url":"https:\/\/secure.gravatar.com\/avatar\/71f2fa71737ad68a84fea94bc708ddac8ea5b0c4788dc2ad202f3ccb2887742f?s=96&d=wp_user_avatar&r=g","contentUrl":"https:\/\/secure.gravatar.com\/avatar\/71f2fa71737ad68a84fea94bc708ddac8ea5b0c4788dc2ad202f3ccb2887742f?s=96&d=wp_user_avatar&r=g","caption":"Reda\u00e7\u00e3o JO"},"url":"https:\/\/jornaldasoficinas.com\/pt\/author\/joredacao\/"}]}},"_links":{"self":[{"href":"https:\/\/jornaldasoficinas.com\/pt\/wp-json\/wp\/v2\/posts\/109367","targetHints":{"allow":["GET"]}}],"collection":[{"href":"https:\/\/jornaldasoficinas.com\/pt\/wp-json\/wp\/v2\/posts"}],"about":[{"href":"https:\/\/jornaldasoficinas.com\/pt\/wp-json\/wp\/v2\/types\/post"}],"author":[{"embeddable":true,"href":"https:\/\/jornaldasoficinas.com\/pt\/wp-json\/wp\/v2\/users\/15"}],"replies":[{"embeddable":true,"href":"https:\/\/jornaldasoficinas.com\/pt\/wp-json\/wp\/v2\/comments?post=109367"}],"version-history":[{"count":6,"href":"https:\/\/jornaldasoficinas.com\/pt\/wp-json\/wp\/v2\/posts\/109367\/revisions"}],"predecessor-version":[{"id":109375,"href":"https:\/\/jornaldasoficinas.com\/pt\/wp-json\/wp\/v2\/posts\/109367\/revisions\/109375"}],"wp:featuredmedia":[{"embeddable":true,"href":"https:\/\/jornaldasoficinas.com\/pt\/wp-json\/wp\/v2\/media\/109374"}],"wp:attachment":[{"href":"https:\/\/jornaldasoficinas.com\/pt\/wp-json\/wp\/v2\/media?parent=109367"}],"wp:term":[{"taxonomy":"category","embeddable":true,"href":"https:\/\/jornaldasoficinas.com\/pt\/wp-json\/wp\/v2\/categories?post=109367"},{"taxonomy":"post_tag","embeddable":true,"href":"https:\/\/jornaldasoficinas.com\/pt\/wp-json\/wp\/v2\/tags?post=109367"}],"curies":[{"name":"wp","href":"https:\/\/api.w.org\/{rel}","templated":true}]}}