{"id":109376,"date":"2025-11-13T18:30:08","date_gmt":"2025-11-13T18:30:08","guid":{"rendered":"https:\/\/jornaldasoficinas.com\/pt\/?p=109376"},"modified":"2025-11-12T15:02:28","modified_gmt":"2025-11-12T15:02:28","slug":"exportacoes-de-componentes-dao-novo-sinal-de-fraqueza","status":"publish","type":"post","link":"https:\/\/jornaldasoficinas.com\/pt\/exportacoes-de-componentes-dao-novo-sinal-de-fraqueza\/","title":{"rendered":"Exporta\u00e7\u00f5es de componentes d\u00e3o novo sinal de fraqueza"},"content":{"rendered":"<p><img loading=\"lazy\" decoding=\"async\" class=\"size-full wp-image-109380\" src=\"https:\/\/jornaldasoficinas.com\/pt\/wp-content\/uploads\/2025\/11\/Exportacoes-de-componentes-dao-novo-sinal-de-fraqueza.jpg\" alt=\"11 - Exportacoes de componentes dao novo sinal de fraqueza\" width=\"1024\" height=\"581\" srcset=\"https:\/\/jornaldasoficinas.com\/pt\/wp-content\/uploads\/2025\/11\/Exportacoes-de-componentes-dao-novo-sinal-de-fraqueza.jpg 1024w, https:\/\/jornaldasoficinas.com\/pt\/wp-content\/uploads\/2025\/11\/Exportacoes-de-componentes-dao-novo-sinal-de-fraqueza-300x170.jpg 300w, https:\/\/jornaldasoficinas.com\/pt\/wp-content\/uploads\/2025\/11\/Exportacoes-de-componentes-dao-novo-sinal-de-fraqueza-150x85.jpg 150w, https:\/\/jornaldasoficinas.com\/pt\/wp-content\/uploads\/2025\/11\/Exportacoes-de-componentes-dao-novo-sinal-de-fraqueza-768x436.jpg 768w\" sizes=\"auto, (max-width: 1024px) 100vw, 1024px\" \/><\/p>\n<p><strong>Segundo a <a href=\"https:\/\/afia.pt\/\" target=\"_blank\" rel=\"noopener\">AFIA<\/a> \u2013 Associa\u00e7\u00e3o de Fabricantes para a Ind\u00fastria Autom\u00f3vel, as exporta\u00e7\u00f5es de componentes autom\u00f3veis recuaram 4,1% em setembro, totalizando 994 milh\u00f5es de euros, num m\u00eas em que o setor voltou a registar um desempenho abaixo do verificado em 2024<\/strong><\/p>\n<p>As exporta\u00e7\u00f5es portuguesas de componentes para autom\u00f3veis ca\u00edram 4,1% em setembro face ao mesmo m\u00eas de 2024, totalizando 994 milh\u00f5es de euros. Apesar da quebra, o setor mant\u00e9m um peso relevante nas exporta\u00e7\u00f5es nacionais, representando 14,7% do total de bens transacion\u00e1veis.<\/p>\n<p>De acordo com a AFIA \u2013 Associa\u00e7\u00e3o de Fabricantes para a Ind\u00fastria Autom\u00f3vel, o recuo das exporta\u00e7\u00f5es do setor contrasta com o crescimento de 14,3% verificado no total das exporta\u00e7\u00f5es nacionais de bens. Entre janeiro e setembro, as vendas de componentes ao exterior atingiram 8,9 mil milh\u00f5es de euros, menos 3,7% que no per\u00edodo hom\u00f3logo.<\/p>\n<p>A Europa continua a ser o principal destino das exporta\u00e7\u00f5es portuguesas, absorvendo 88,4% do total (-3,6%), seguida pela Am\u00e9rica com 5,6% (-11,7%), \u00c1frica e M\u00e9dio Oriente nos 4,4% (+15,8%) e \u00c1sia e Oce\u00e2nia com 1,5% (-18,9%).<\/p>\n<p>Por pa\u00edses, Espanha mant\u00e9m a lideran\u00e7a com 29,0% das exporta\u00e7\u00f5es (+0,2%), \u00e0 frente da Alemanha com 22,1% (-10,9%) e da Fran\u00e7a com 8,6% (-0,8%). Os EUA registaram 4,4% (-14,2%) e o Reino Unido 3,9% (-12,2%), ambos com quebras. Destaca-se, no entanto, o dinamismo da Rom\u00e9nia (+30,8%), Marrocos (+27,6%) e Turquia (+17,6%), que demonstraram resultados positivos. Em termos trimestrais, o terceiro trimestre de 2025 apresentou uma varia\u00e7\u00e3o hom\u00f3loga de -6,3%.<\/p>\n<p>&#8220;A evolu\u00e7\u00e3o recente espelha os desafios que t\u00eam vindo a afetar a competitividade da ind\u00fastria europeia com uma press\u00e3o regulat\u00f3ria e incerteza normativa, volatilidade da procura e das cadeias de abastecimento, intensifica\u00e7\u00e3o da concorr\u00eancia internacional (nomeadamente de geografias com menores custos e forte apoio estatal), bem como d\u00e9ficit em \u00e1reas criticas da tecnologia e custos financeiros exigentes relacionados com os investimentos na transi\u00e7\u00e3o energ\u00e9tica, digitaliza\u00e7\u00e3o, automa\u00e7\u00e3o e requalifica\u00e7\u00e3o de trabalhadores&#8221;, explicou a AFIA.<\/p>\n<p>&#8220;Os n\u00fameros de setembro continuam a mostrar a liga\u00e7\u00e3o a projetos europeus e de empresas europeias a produzir fora da Europa, mas tamb\u00e9m deixam um alerta: sem competitividade, Portugal e a Europa arriscam perder terreno nas cadeias globais de valor&#8221;, sublinhou.<\/p>\n<p>&#8220;Na semana anterior reunimos o setor para a 12.\u00aa Automotive Industry Week e, foi evidente que todos concordamos que precisamos de estabilidade legislativa, custos de contexto mais baixos e execu\u00e7\u00e3o mais r\u00e1pida dos programas de apoio para acelerar o investimento em tecnologia, efici\u00eancia energ\u00e9tica e qualifica\u00e7\u00e3o. O setor exporta, cria emprego qualificado e \u00e9 inovador, mas para continuar a crescer tem de poder produzir e investir em condi\u00e7\u00f5es compar\u00e1veis \u00e0s dos nossos concorrentes&#8221;, alertou Jos\u00e9 Couto, Presidente da AFIA.<\/p>\n<p>De referir que os c\u00e1lculos da AFIA t\u00eam como base as Estat\u00edsticas do Com\u00e9rcio Internacional de Bens divulgadas a 10 de novembro pelo INE \u2013 Instituto Nacional de Estat\u00edstica.<\/p>\n","protected":false},"excerpt":{"rendered":"<p>Segundo a AFIA \u2013 Associa\u00e7\u00e3o de&#8230;<\/p>\n","protected":false},"author":15,"featured_media":109380,"comment_status":"closed","ping_status":"closed","sticky":false,"template":"","format":"standard","meta":{"footnotes":""},"categories":[37],"tags":[100,3738,13978,524,13977,2777,3079],"class_list":["post-109376","post","type-post","status-publish","format-standard","has-post-thumbnail","hentry","category-mercado","tag-afia","tag-componentes-automoveis","tag-concorrencia-internacional","tag-exportacoes","tag-pressao-regulatoria","tag-queda","tag-setembro"],"yoast_head":"<!-- This site is optimized with the Yoast SEO plugin v27.4 - https:\/\/yoast.com\/product\/yoast-seo-wordpress\/ -->\n<title>Exporta\u00e7\u00f5es de componentes d\u00e3o novo sinal de fraqueza - Jornal das Oficinas<\/title>\n<meta name=\"description\" content=\"Segundo a AFIA \u2013 Associa\u00e7\u00e3o de Fabricantes para a Ind\u00fastria Autom\u00f3vel, as exporta\u00e7\u00f5es de componentes autom\u00f3veis recuaram 4,1% em setembro\" \/>\n<meta name=\"robots\" content=\"index, follow, max-snippet:-1, max-image-preview:large, max-video-preview:-1\" \/>\n<link rel=\"canonical\" href=\"https:\/\/jornaldasoficinas.com\/pt\/exportacoes-de-componentes-dao-novo-sinal-de-fraqueza\/\" \/>\n<meta property=\"og:locale\" content=\"pt_PT\" \/>\n<meta property=\"og:type\" content=\"article\" \/>\n<meta property=\"og:title\" content=\"Exporta\u00e7\u00f5es de componentes d\u00e3o novo sinal de fraqueza - Jornal das Oficinas\" \/>\n<meta property=\"og:description\" content=\"Segundo a AFIA \u2013 Associa\u00e7\u00e3o de Fabricantes para a Ind\u00fastria Autom\u00f3vel, as exporta\u00e7\u00f5es de componentes autom\u00f3veis recuaram 4,1% em setembro\" \/>\n<meta property=\"og:url\" content=\"https:\/\/jornaldasoficinas.com\/pt\/exportacoes-de-componentes-dao-novo-sinal-de-fraqueza\/\" \/>\n<meta property=\"og:site_name\" content=\"Jornal das Oficinas\" \/>\n<meta property=\"article:publisher\" content=\"https:\/\/www.facebook.com\/jornaloficinas\" \/>\n<meta property=\"article:published_time\" content=\"2025-11-13T18:30:08+00:00\" \/>\n<meta property=\"og:image\" content=\"https:\/\/jornaldasoficinas.com\/pt\/wp-content\/uploads\/2025\/11\/Exportacoes-de-componentes-dao-novo-sinal-de-fraqueza.jpg\" \/>\n\t<meta property=\"og:image:width\" content=\"1024\" \/>\n\t<meta property=\"og:image:height\" content=\"581\" \/>\n\t<meta property=\"og:image:type\" content=\"image\/jpeg\" \/>\n<meta name=\"author\" content=\"Reda\u00e7\u00e3o JO\" \/>\n<meta name=\"twitter:card\" content=\"summary_large_image\" \/>\n<meta name=\"twitter:creator\" content=\"@jornaloficinas\" \/>\n<meta name=\"twitter:site\" content=\"@jornaloficinas\" \/>\n<meta name=\"twitter:label1\" content=\"Escrito por\" \/>\n\t<meta name=\"twitter:data1\" content=\"Reda\u00e7\u00e3o JO\" \/>\n\t<meta name=\"twitter:label2\" content=\"Tempo estimado de leitura\" \/>\n\t<meta name=\"twitter:data2\" content=\"3 minutos\" \/>\n<script type=\"application\/ld+json\" class=\"yoast-schema-graph\">{\"@context\":\"https:\\\/\\\/schema.org\",\"@graph\":[{\"@type\":\"Article\",\"@id\":\"https:\\\/\\\/jornaldasoficinas.com\\\/pt\\\/exportacoes-de-componentes-dao-novo-sinal-de-fraqueza\\\/#article\",\"isPartOf\":{\"@id\":\"https:\\\/\\\/jornaldasoficinas.com\\\/pt\\\/exportacoes-de-componentes-dao-novo-sinal-de-fraqueza\\\/\"},\"author\":{\"name\":\"Reda\u00e7\u00e3o JO\",\"@id\":\"https:\\\/\\\/jornaldasoficinas.com\\\/pt\\\/#\\\/schema\\\/person\\\/a38eef5de2c41d9e7c9ac10141afddf3\"},\"headline\":\"Exporta\u00e7\u00f5es de componentes d\u00e3o novo sinal de fraqueza\",\"datePublished\":\"2025-11-13T18:30:08+00:00\",\"mainEntityOfPage\":{\"@id\":\"https:\\\/\\\/jornaldasoficinas.com\\\/pt\\\/exportacoes-de-componentes-dao-novo-sinal-de-fraqueza\\\/\"},\"wordCount\":505,\"publisher\":{\"@id\":\"https:\\\/\\\/jornaldasoficinas.com\\\/pt\\\/#organization\"},\"image\":{\"@id\":\"https:\\\/\\\/jornaldasoficinas.com\\\/pt\\\/exportacoes-de-componentes-dao-novo-sinal-de-fraqueza\\\/#primaryimage\"},\"thumbnailUrl\":\"https:\\\/\\\/jornaldasoficinas.com\\\/pt\\\/wp-content\\\/uploads\\\/2025\\\/11\\\/Exportacoes-de-componentes-dao-novo-sinal-de-fraqueza.jpg\",\"keywords\":[\"AFIA\",\"componentes autom\u00f3veis\",\"concorr\u00eancia internacional\",\"Exporta\u00e7\u00f5es\",\"press\u00e3o regulat\u00f3ria\",\"queda\",\"setembro\"],\"articleSection\":[\"Mercado\"],\"inLanguage\":\"pt-PT\"},{\"@type\":\"WebPage\",\"@id\":\"https:\\\/\\\/jornaldasoficinas.com\\\/pt\\\/exportacoes-de-componentes-dao-novo-sinal-de-fraqueza\\\/\",\"url\":\"https:\\\/\\\/jornaldasoficinas.com\\\/pt\\\/exportacoes-de-componentes-dao-novo-sinal-de-fraqueza\\\/\",\"name\":\"Exporta\u00e7\u00f5es de componentes d\u00e3o novo sinal de fraqueza - Jornal das Oficinas\",\"isPartOf\":{\"@id\":\"https:\\\/\\\/jornaldasoficinas.com\\\/pt\\\/#website\"},\"primaryImageOfPage\":{\"@id\":\"https:\\\/\\\/jornaldasoficinas.com\\\/pt\\\/exportacoes-de-componentes-dao-novo-sinal-de-fraqueza\\\/#primaryimage\"},\"image\":{\"@id\":\"https:\\\/\\\/jornaldasoficinas.com\\\/pt\\\/exportacoes-de-componentes-dao-novo-sinal-de-fraqueza\\\/#primaryimage\"},\"thumbnailUrl\":\"https:\\\/\\\/jornaldasoficinas.com\\\/pt\\\/wp-content\\\/uploads\\\/2025\\\/11\\\/Exportacoes-de-componentes-dao-novo-sinal-de-fraqueza.jpg\",\"datePublished\":\"2025-11-13T18:30:08+00:00\",\"description\":\"Segundo a AFIA \u2013 Associa\u00e7\u00e3o de Fabricantes para a Ind\u00fastria Autom\u00f3vel, as exporta\u00e7\u00f5es de componentes autom\u00f3veis recuaram 4,1% em setembro\",\"breadcrumb\":{\"@id\":\"https:\\\/\\\/jornaldasoficinas.com\\\/pt\\\/exportacoes-de-componentes-dao-novo-sinal-de-fraqueza\\\/#breadcrumb\"},\"inLanguage\":\"pt-PT\",\"potentialAction\":[{\"@type\":\"ReadAction\",\"target\":[\"https:\\\/\\\/jornaldasoficinas.com\\\/pt\\\/exportacoes-de-componentes-dao-novo-sinal-de-fraqueza\\\/\"]}]},{\"@type\":\"ImageObject\",\"inLanguage\":\"pt-PT\",\"@id\":\"https:\\\/\\\/jornaldasoficinas.com\\\/pt\\\/exportacoes-de-componentes-dao-novo-sinal-de-fraqueza\\\/#primaryimage\",\"url\":\"https:\\\/\\\/jornaldasoficinas.com\\\/pt\\\/wp-content\\\/uploads\\\/2025\\\/11\\\/Exportacoes-de-componentes-dao-novo-sinal-de-fraqueza.jpg\",\"contentUrl\":\"https:\\\/\\\/jornaldasoficinas.com\\\/pt\\\/wp-content\\\/uploads\\\/2025\\\/11\\\/Exportacoes-de-componentes-dao-novo-sinal-de-fraqueza.jpg\",\"width\":1024,\"height\":581,\"caption\":\"Industrial port and container yard\"},{\"@type\":\"BreadcrumbList\",\"@id\":\"https:\\\/\\\/jornaldasoficinas.com\\\/pt\\\/exportacoes-de-componentes-dao-novo-sinal-de-fraqueza\\\/#breadcrumb\",\"itemListElement\":[{\"@type\":\"ListItem\",\"position\":1,\"name\":\"In\u00edcio\",\"item\":\"https:\\\/\\\/jornaldasoficinas.com\\\/pt\\\/\"},{\"@type\":\"ListItem\",\"position\":2,\"name\":\"Exporta\u00e7\u00f5es de componentes d\u00e3o novo sinal de fraqueza\"}]},{\"@type\":\"WebSite\",\"@id\":\"https:\\\/\\\/jornaldasoficinas.com\\\/pt\\\/#website\",\"url\":\"https:\\\/\\\/jornaldasoficinas.com\\\/pt\\\/\",\"name\":\"Jornal das Oficinas\",\"description\":\"Jornal independente do Aftermarket Autom\u00f3vel em Portugal\",\"publisher\":{\"@id\":\"https:\\\/\\\/jornaldasoficinas.com\\\/pt\\\/#organization\"},\"potentialAction\":[{\"@type\":\"SearchAction\",\"target\":{\"@type\":\"EntryPoint\",\"urlTemplate\":\"https:\\\/\\\/jornaldasoficinas.com\\\/pt\\\/?s={search_term_string}\"},\"query-input\":{\"@type\":\"PropertyValueSpecification\",\"valueRequired\":true,\"valueName\":\"search_term_string\"}}],\"inLanguage\":\"pt-PT\"},{\"@type\":\"Organization\",\"@id\":\"https:\\\/\\\/jornaldasoficinas.com\\\/pt\\\/#organization\",\"name\":\"Jornal das Oficinas\",\"url\":\"https:\\\/\\\/jornaldasoficinas.com\\\/pt\\\/\",\"logo\":{\"@type\":\"ImageObject\",\"inLanguage\":\"pt-PT\",\"@id\":\"https:\\\/\\\/jornaldasoficinas.com\\\/pt\\\/#\\\/schema\\\/logo\\\/image\\\/\",\"url\":\"https:\\\/\\\/jornaldasoficinas.com\\\/pt\\\/wp-content\\\/uploads\\\/logoJO-SEO.png\",\"contentUrl\":\"https:\\\/\\\/jornaldasoficinas.com\\\/pt\\\/wp-content\\\/uploads\\\/logoJO-SEO.png\",\"width\":285,\"height\":450,\"caption\":\"Jornal das Oficinas\"},\"image\":{\"@id\":\"https:\\\/\\\/jornaldasoficinas.com\\\/pt\\\/#\\\/schema\\\/logo\\\/image\\\/\"},\"sameAs\":[\"https:\\\/\\\/www.facebook.com\\\/jornaloficinas\",\"https:\\\/\\\/x.com\\\/jornaloficinas\",\"https:\\\/\\\/www.instagram.com\\\/jornal_oficinas\\\/\",\"https:\\\/\\\/www.linkedin.com\\\/company\\\/jornal-das-oficinas\\\/\",\"https:\\\/\\\/www.youtube.com\\\/channel\\\/UCbQZBqtcvV-oSQrr7RzINGg\"]},{\"@type\":\"Person\",\"@id\":\"https:\\\/\\\/jornaldasoficinas.com\\\/pt\\\/#\\\/schema\\\/person\\\/a38eef5de2c41d9e7c9ac10141afddf3\",\"name\":\"Reda\u00e7\u00e3o JO\",\"image\":{\"@type\":\"ImageObject\",\"inLanguage\":\"pt-PT\",\"@id\":\"https:\\\/\\\/secure.gravatar.com\\\/avatar\\\/71f2fa71737ad68a84fea94bc708ddac8ea5b0c4788dc2ad202f3ccb2887742f?s=96&d=wp_user_avatar&r=g\",\"url\":\"https:\\\/\\\/secure.gravatar.com\\\/avatar\\\/71f2fa71737ad68a84fea94bc708ddac8ea5b0c4788dc2ad202f3ccb2887742f?s=96&d=wp_user_avatar&r=g\",\"contentUrl\":\"https:\\\/\\\/secure.gravatar.com\\\/avatar\\\/71f2fa71737ad68a84fea94bc708ddac8ea5b0c4788dc2ad202f3ccb2887742f?s=96&d=wp_user_avatar&r=g\",\"caption\":\"Reda\u00e7\u00e3o JO\"},\"url\":\"https:\\\/\\\/jornaldasoficinas.com\\\/pt\\\/author\\\/joredacao\\\/\"}]}<\/script>\n<!-- \/ Yoast SEO plugin. -->","yoast_head_json":{"title":"Exporta\u00e7\u00f5es de componentes d\u00e3o novo sinal de fraqueza - Jornal das Oficinas","description":"Segundo a AFIA \u2013 Associa\u00e7\u00e3o de Fabricantes para a Ind\u00fastria Autom\u00f3vel, as exporta\u00e7\u00f5es de componentes autom\u00f3veis recuaram 4,1% em setembro","robots":{"index":"index","follow":"follow","max-snippet":"max-snippet:-1","max-image-preview":"max-image-preview:large","max-video-preview":"max-video-preview:-1"},"canonical":"https:\/\/jornaldasoficinas.com\/pt\/exportacoes-de-componentes-dao-novo-sinal-de-fraqueza\/","og_locale":"pt_PT","og_type":"article","og_title":"Exporta\u00e7\u00f5es de componentes d\u00e3o novo sinal de fraqueza - Jornal das Oficinas","og_description":"Segundo a AFIA \u2013 Associa\u00e7\u00e3o de Fabricantes para a Ind\u00fastria Autom\u00f3vel, as exporta\u00e7\u00f5es de componentes autom\u00f3veis recuaram 4,1% em setembro","og_url":"https:\/\/jornaldasoficinas.com\/pt\/exportacoes-de-componentes-dao-novo-sinal-de-fraqueza\/","og_site_name":"Jornal das Oficinas","article_publisher":"https:\/\/www.facebook.com\/jornaloficinas","article_published_time":"2025-11-13T18:30:08+00:00","og_image":[{"width":1024,"height":581,"url":"https:\/\/jornaldasoficinas.com\/pt\/wp-content\/uploads\/2025\/11\/Exportacoes-de-componentes-dao-novo-sinal-de-fraqueza.jpg","type":"image\/jpeg"}],"author":"Reda\u00e7\u00e3o JO","twitter_card":"summary_large_image","twitter_creator":"@jornaloficinas","twitter_site":"@jornaloficinas","twitter_misc":{"Escrito por":"Reda\u00e7\u00e3o JO","Tempo estimado de leitura":"3 minutos"},"schema":{"@context":"https:\/\/schema.org","@graph":[{"@type":"Article","@id":"https:\/\/jornaldasoficinas.com\/pt\/exportacoes-de-componentes-dao-novo-sinal-de-fraqueza\/#article","isPartOf":{"@id":"https:\/\/jornaldasoficinas.com\/pt\/exportacoes-de-componentes-dao-novo-sinal-de-fraqueza\/"},"author":{"name":"Reda\u00e7\u00e3o JO","@id":"https:\/\/jornaldasoficinas.com\/pt\/#\/schema\/person\/a38eef5de2c41d9e7c9ac10141afddf3"},"headline":"Exporta\u00e7\u00f5es de componentes d\u00e3o novo sinal de fraqueza","datePublished":"2025-11-13T18:30:08+00:00","mainEntityOfPage":{"@id":"https:\/\/jornaldasoficinas.com\/pt\/exportacoes-de-componentes-dao-novo-sinal-de-fraqueza\/"},"wordCount":505,"publisher":{"@id":"https:\/\/jornaldasoficinas.com\/pt\/#organization"},"image":{"@id":"https:\/\/jornaldasoficinas.com\/pt\/exportacoes-de-componentes-dao-novo-sinal-de-fraqueza\/#primaryimage"},"thumbnailUrl":"https:\/\/jornaldasoficinas.com\/pt\/wp-content\/uploads\/2025\/11\/Exportacoes-de-componentes-dao-novo-sinal-de-fraqueza.jpg","keywords":["AFIA","componentes autom\u00f3veis","concorr\u00eancia internacional","Exporta\u00e7\u00f5es","press\u00e3o regulat\u00f3ria","queda","setembro"],"articleSection":["Mercado"],"inLanguage":"pt-PT"},{"@type":"WebPage","@id":"https:\/\/jornaldasoficinas.com\/pt\/exportacoes-de-componentes-dao-novo-sinal-de-fraqueza\/","url":"https:\/\/jornaldasoficinas.com\/pt\/exportacoes-de-componentes-dao-novo-sinal-de-fraqueza\/","name":"Exporta\u00e7\u00f5es de componentes d\u00e3o novo sinal de fraqueza - Jornal das Oficinas","isPartOf":{"@id":"https:\/\/jornaldasoficinas.com\/pt\/#website"},"primaryImageOfPage":{"@id":"https:\/\/jornaldasoficinas.com\/pt\/exportacoes-de-componentes-dao-novo-sinal-de-fraqueza\/#primaryimage"},"image":{"@id":"https:\/\/jornaldasoficinas.com\/pt\/exportacoes-de-componentes-dao-novo-sinal-de-fraqueza\/#primaryimage"},"thumbnailUrl":"https:\/\/jornaldasoficinas.com\/pt\/wp-content\/uploads\/2025\/11\/Exportacoes-de-componentes-dao-novo-sinal-de-fraqueza.jpg","datePublished":"2025-11-13T18:30:08+00:00","description":"Segundo a AFIA \u2013 Associa\u00e7\u00e3o de Fabricantes para a Ind\u00fastria Autom\u00f3vel, as exporta\u00e7\u00f5es de componentes autom\u00f3veis recuaram 4,1% em setembro","breadcrumb":{"@id":"https:\/\/jornaldasoficinas.com\/pt\/exportacoes-de-componentes-dao-novo-sinal-de-fraqueza\/#breadcrumb"},"inLanguage":"pt-PT","potentialAction":[{"@type":"ReadAction","target":["https:\/\/jornaldasoficinas.com\/pt\/exportacoes-de-componentes-dao-novo-sinal-de-fraqueza\/"]}]},{"@type":"ImageObject","inLanguage":"pt-PT","@id":"https:\/\/jornaldasoficinas.com\/pt\/exportacoes-de-componentes-dao-novo-sinal-de-fraqueza\/#primaryimage","url":"https:\/\/jornaldasoficinas.com\/pt\/wp-content\/uploads\/2025\/11\/Exportacoes-de-componentes-dao-novo-sinal-de-fraqueza.jpg","contentUrl":"https:\/\/jornaldasoficinas.com\/pt\/wp-content\/uploads\/2025\/11\/Exportacoes-de-componentes-dao-novo-sinal-de-fraqueza.jpg","width":1024,"height":581,"caption":"Industrial port and container yard"},{"@type":"BreadcrumbList","@id":"https:\/\/jornaldasoficinas.com\/pt\/exportacoes-de-componentes-dao-novo-sinal-de-fraqueza\/#breadcrumb","itemListElement":[{"@type":"ListItem","position":1,"name":"In\u00edcio","item":"https:\/\/jornaldasoficinas.com\/pt\/"},{"@type":"ListItem","position":2,"name":"Exporta\u00e7\u00f5es de componentes d\u00e3o novo sinal de fraqueza"}]},{"@type":"WebSite","@id":"https:\/\/jornaldasoficinas.com\/pt\/#website","url":"https:\/\/jornaldasoficinas.com\/pt\/","name":"Jornal das Oficinas","description":"Jornal independente do Aftermarket Autom\u00f3vel em Portugal","publisher":{"@id":"https:\/\/jornaldasoficinas.com\/pt\/#organization"},"potentialAction":[{"@type":"SearchAction","target":{"@type":"EntryPoint","urlTemplate":"https:\/\/jornaldasoficinas.com\/pt\/?s={search_term_string}"},"query-input":{"@type":"PropertyValueSpecification","valueRequired":true,"valueName":"search_term_string"}}],"inLanguage":"pt-PT"},{"@type":"Organization","@id":"https:\/\/jornaldasoficinas.com\/pt\/#organization","name":"Jornal das Oficinas","url":"https:\/\/jornaldasoficinas.com\/pt\/","logo":{"@type":"ImageObject","inLanguage":"pt-PT","@id":"https:\/\/jornaldasoficinas.com\/pt\/#\/schema\/logo\/image\/","url":"https:\/\/jornaldasoficinas.com\/pt\/wp-content\/uploads\/logoJO-SEO.png","contentUrl":"https:\/\/jornaldasoficinas.com\/pt\/wp-content\/uploads\/logoJO-SEO.png","width":285,"height":450,"caption":"Jornal das Oficinas"},"image":{"@id":"https:\/\/jornaldasoficinas.com\/pt\/#\/schema\/logo\/image\/"},"sameAs":["https:\/\/www.facebook.com\/jornaloficinas","https:\/\/x.com\/jornaloficinas","https:\/\/www.instagram.com\/jornal_oficinas\/","https:\/\/www.linkedin.com\/company\/jornal-das-oficinas\/","https:\/\/www.youtube.com\/channel\/UCbQZBqtcvV-oSQrr7RzINGg"]},{"@type":"Person","@id":"https:\/\/jornaldasoficinas.com\/pt\/#\/schema\/person\/a38eef5de2c41d9e7c9ac10141afddf3","name":"Reda\u00e7\u00e3o JO","image":{"@type":"ImageObject","inLanguage":"pt-PT","@id":"https:\/\/secure.gravatar.com\/avatar\/71f2fa71737ad68a84fea94bc708ddac8ea5b0c4788dc2ad202f3ccb2887742f?s=96&d=wp_user_avatar&r=g","url":"https:\/\/secure.gravatar.com\/avatar\/71f2fa71737ad68a84fea94bc708ddac8ea5b0c4788dc2ad202f3ccb2887742f?s=96&d=wp_user_avatar&r=g","contentUrl":"https:\/\/secure.gravatar.com\/avatar\/71f2fa71737ad68a84fea94bc708ddac8ea5b0c4788dc2ad202f3ccb2887742f?s=96&d=wp_user_avatar&r=g","caption":"Reda\u00e7\u00e3o JO"},"url":"https:\/\/jornaldasoficinas.com\/pt\/author\/joredacao\/"}]}},"_links":{"self":[{"href":"https:\/\/jornaldasoficinas.com\/pt\/wp-json\/wp\/v2\/posts\/109376","targetHints":{"allow":["GET"]}}],"collection":[{"href":"https:\/\/jornaldasoficinas.com\/pt\/wp-json\/wp\/v2\/posts"}],"about":[{"href":"https:\/\/jornaldasoficinas.com\/pt\/wp-json\/wp\/v2\/types\/post"}],"author":[{"embeddable":true,"href":"https:\/\/jornaldasoficinas.com\/pt\/wp-json\/wp\/v2\/users\/15"}],"replies":[{"embeddable":true,"href":"https:\/\/jornaldasoficinas.com\/pt\/wp-json\/wp\/v2\/comments?post=109376"}],"version-history":[{"count":4,"href":"https:\/\/jornaldasoficinas.com\/pt\/wp-json\/wp\/v2\/posts\/109376\/revisions"}],"predecessor-version":[{"id":109381,"href":"https:\/\/jornaldasoficinas.com\/pt\/wp-json\/wp\/v2\/posts\/109376\/revisions\/109381"}],"wp:featuredmedia":[{"embeddable":true,"href":"https:\/\/jornaldasoficinas.com\/pt\/wp-json\/wp\/v2\/media\/109380"}],"wp:attachment":[{"href":"https:\/\/jornaldasoficinas.com\/pt\/wp-json\/wp\/v2\/media?parent=109376"}],"wp:term":[{"taxonomy":"category","embeddable":true,"href":"https:\/\/jornaldasoficinas.com\/pt\/wp-json\/wp\/v2\/categories?post=109376"},{"taxonomy":"post_tag","embeddable":true,"href":"https:\/\/jornaldasoficinas.com\/pt\/wp-json\/wp\/v2\/tags?post=109376"}],"curies":[{"name":"wp","href":"https:\/\/api.w.org\/{rel}","templated":true}]}}