{"id":109397,"date":"2025-11-12T18:00:35","date_gmt":"2025-11-12T18:00:35","guid":{"rendered":"https:\/\/jornaldasoficinas.com\/pt\/?p=109397"},"modified":"2025-11-12T17:23:29","modified_gmt":"2025-11-12T17:23:29","slug":"23o-encontro-valorpneu-debate-presente-e-futuro-da-gestao-de-pneus-usados","status":"publish","type":"post","link":"https:\/\/jornaldasoficinas.com\/pt\/23o-encontro-valorpneu-debate-presente-e-futuro-da-gestao-de-pneus-usados\/","title":{"rendered":"23\u00ba Encontro Valorpneu debate Presente e Futuro da Gest\u00e3o de Pneus Usados"},"content":{"rendered":"<p style=\"font-weight: 400;\"><strong><img loading=\"lazy\" decoding=\"async\" class=\"alignnone size-full wp-image-109409\" src=\"https:\/\/jornaldasoficinas.com\/pt\/wp-content\/uploads\/2025\/11\/23o-Encontro-Valorpneu-debate-Presente-e-Futuro.jpg\" alt=\"11 - 23o Encontro Valorpneu debate Presente e Futuro\" width=\"1024\" height=\"581\" srcset=\"https:\/\/jornaldasoficinas.com\/pt\/wp-content\/uploads\/2025\/11\/23o-Encontro-Valorpneu-debate-Presente-e-Futuro.jpg 1024w, https:\/\/jornaldasoficinas.com\/pt\/wp-content\/uploads\/2025\/11\/23o-Encontro-Valorpneu-debate-Presente-e-Futuro-300x170.jpg 300w, https:\/\/jornaldasoficinas.com\/pt\/wp-content\/uploads\/2025\/11\/23o-Encontro-Valorpneu-debate-Presente-e-Futuro-150x85.jpg 150w, https:\/\/jornaldasoficinas.com\/pt\/wp-content\/uploads\/2025\/11\/23o-Encontro-Valorpneu-debate-Presente-e-Futuro-768x436.jpg 768w\" sizes=\"auto, (max-width: 1024px) 100vw, 1024px\" \/><\/strong><\/p>\n<p style=\"font-weight: 400;\"><strong>\u201cJuntos por um ambiente com futuro\u201d foi este o mote do 23\u00ba Encontro da <a href=\"https:\/\/www.google.com\/url?sa=t&amp;source=web&amp;rct=j&amp;opi=89978449&amp;url=https:\/\/www.valorpneu.pt\/&amp;ved=2ahUKEwjo3eTshO2QAxVE9LsIHbm3An0QFnoECEYQAQ&amp;usg=AOvVaw10xjI9NeH3Vv_7ntdTFa9A\">Valorpneu<\/a>, que se realizou no Funchal, Madeira e contou com a presen\u00e7a do Jornal das Oficinas e da <a href=\"https:\/\/www.google.com\/url?sa=t&amp;source=web&amp;rct=j&amp;opi=89978449&amp;url=https:\/\/revistadospneus.com\/pt\/&amp;ved=2ahUKEwiOqe_6hO2QAxXah_0HHaczHTkQFnoECBAQAQ&amp;usg=AOvVaw2FgIwbZUmpA-Vl8G8wHbk8\">Revista dos Pneus<\/a><\/strong><\/p>\n<p style=\"font-weight: 400;\">Todos os anos, a Valorpneu, entidade gestora respons\u00e1vel pelo sistema de recolha, triagem e destino final de pneus usados em Portugal, realiza um encontro que tem como objetivo fazer o ponto de situa\u00e7\u00e3o com toda a rede.<\/p>\n<p style=\"font-weight: 400;\">Foi neste \u00e2mbito, que H\u00e9lder Pedro, Gerente da Valorpneu, perante uma sala cheia, \u00a0iniciou os trabalhos relembrando o primeiro encontro \u201ch\u00e1 15 anos, aqui no Funchal, implement\u00e1mos a gest\u00e3o de res\u00edduos na regi\u00e3o aut\u00f3noma e realiz\u00e1mos o primeiro encontro neste arquip\u00e9lago\u201d. Manuel Oliveira, Diretor Regional do Ambiente e Mar, da Madeira relembrou este momento e saudou todos os presentes.<\/p>\n<p style=\"font-weight: 400;\">Logo de seguida, foi a vez de Clim\u00e9nia Silva, Diretora Geral da Valorpneu, apresentar \u201cOs desafios e Prespetivas para 2025\/26\u201d garantindo que o pr\u00f3ximo ano \u201cser\u00e1 de aposta, vamos continuar a inovar, vamos apostar na investiga\u00e7\u00e3o e desenvolvimento, na digitaliza\u00e7\u00e3o e vamos olhar para os processos de intelig\u00eancia artificial. Com isto, queremos agilizar o sistema, de forma a torn\u00e1-lo mais colaborativo, com mais solu\u00e7\u00f5es para o mercado dos pneus usados\u201d.<\/p>\n<p style=\"font-weight: 400;\">\u00c9 de salientar, que a Valorpneu, em 2025, recolheu cerca de 93 mil toneladas de pneus, cerca de 111%, com uma taxa de reciclagem na ordem dos 90%.<\/p>\n<p style=\"font-weight: 400;\">No seguimento dos trabalhos, Ana Leit\u00e3o, Respons\u00e1vel da Rede de Centros de Recolha, fez um balan\u00e7o das renova\u00e7\u00f5es dos contratos dos centros de recolha, sublinhando a import\u00e2ncia de refor\u00e7ar a rede de recolha, enquanto Paulo Silva, fez o Update da Rede de Transporte e Valoriza\u00e7\u00e3o apresentando varia\u00e7\u00f5es pouco significativas face ao ano anterior: 22 transportadores (20 do Continente, 1 da Regi\u00e3o Aut\u00f3noma dos A\u00e7ores e 1 da Regi\u00e3o Aut\u00f3noma da Madeira); 19 Recauchutadores; 2 Recicladores; 5 Valores Energ\u00e9ticos e 1 Fragmentador.<\/p>\n<p style=\"font-weight: 400;\">Sara Duarte Silva, respons\u00e1vel do Departamento de Marketing e Comunica\u00e7\u00e3o da Valorpneu, tamb\u00e9m subiu a palco, dando conta dos pr\u00f3ximos passos no que toca \u00e0 expans\u00e3o das linhas estrat\u00e9gicas da entidade. Aumento da efic\u00e1cia e da efici\u00eancia na gest\u00e3o do SGPU; Incentivo \u00e0 Produ\u00e7\u00e3o, reconstru\u00e7\u00e3o e utiliza\u00e7\u00e3o sustent\u00e1vel de pneus; Promo\u00e7\u00e3o da reutiliza\u00e7\u00e3o e prepara\u00e7\u00e3o para a reutiliza\u00e7\u00e3o, seguidas da reciclagem e de outras formas de valoriza\u00e7\u00e3o e promo\u00e7\u00e3o das aplica\u00e7\u00f5es de materiais provenientes de pneus usados na economia, foram alguns dos temas apresentados.<\/p>\n<p style=\"font-weight: 400;\">O 23\u00ba Encontro contou, como habitual, com a entrega do Pr\u00e9mio Desempenho do Centro da Rede de Recolha, este ano, foi a empresa <a href=\"https:\/\/www.google.com\/url?sa=t&amp;source=web&amp;rct=j&amp;opi=89978449&amp;url=https:\/\/ribeiroefilhos.pt\/&amp;ved=2ahUKEwjqutuGhe2QAxXT9bsIHZbUGdcQFnoECD8QAQ&amp;usg=AOvVaw07Mz0ajuBmxLEll5jDzq0Z\">Ribeiro &amp; Filhos<\/a> que levou a distin\u00e7\u00e3o para casa.<\/p>\n<p style=\"font-weight: 400;\">Posto este momento, Am\u00edlcar Gon\u00e7alves, Presidente do Conselho de Administra\u00e7\u00e3o da <a href=\"https:\/\/www.google.com\/url?sa=t&amp;source=web&amp;rct=j&amp;opi=89978449&amp;url=https:\/\/arm.pt\/&amp;ved=2ahUKEwj_gpiUhe2QAxWK7LsIHQkGPRUQFnoECA8QAQ&amp;usg=AOvVaw3SEc9hg_GWL_QsmycAx34p\">ARM-\u00c1guas e Res\u00edduos da Madeira<\/a>, tomou a palavra e entreviu sobre o Sistema de Gest\u00e3o de Pneus Usados na Regi\u00e3o Aut\u00f3noma da Madeira (SGPU na RAM).<\/p>\n<p style=\"font-weight: 400;\">Para terminar, a Valorpneu, sentou sete mulheres, num frente a frente, sob o tema \u201cCircularidade e Responsabilidade: O Presente e o Futuro da Gest\u00e3o de Pneus Usados\u201d, onde foram abordados os desafios e as oportunidades da economia circular aplicada \u00e0 gest\u00e3o de pneus usados. A modera\u00e7\u00e3o ficou a cargo de Sofia Arnaud (<a href=\"https:\/\/www.google.com\/url?sa=t&amp;source=web&amp;rct=j&amp;opi=89978449&amp;url=https:\/\/h-advisors.global\/agency\/cva\/&amp;ved=2ahUKEwiPyqWghe2QAxWU_7sIHXRdDLYQFnoECA0QAQ&amp;usg=AOvVaw3UIlqIDuWMdtqzVGBjwSn-\">H Advisors CV&amp;A<\/a>) e contou com a presen\u00e7a de Ana Cristina Carrola da (<a href=\"https:\/\/www.google.com\/url?sa=t&amp;source=web&amp;rct=j&amp;opi=89978449&amp;url=https:\/\/apambiente.pt\/&amp;ved=2ahUKEwjwku2phe2QAxUhhv0HHcOmCHkQFnoECA4QAQ&amp;usg=AOvVaw04CCvognO6Pqo3P9OcOX2H\">Ag\u00eancia Portuguesa do Ambiente<\/a>), Carla Pinto da (<a href=\"https:\/\/www.google.com\/url?sa=t&amp;source=web&amp;rct=j&amp;opi=89978449&amp;url=https:\/\/www.dgae.gov.pt\/&amp;ved=2ahUKEwiNxqG0he2QAxVXg_0HHThgAgUQFnoECEIQAQ&amp;usg=AOvVaw09_BlmPXaxkejXjxJSG7xL\">Dire\u00e7\u00e3o-Geral das Atividades Econ\u00f3micas<\/a>), Rita Marques da (Associa\u00e7\u00e3o dos Recauchutadores de Portugal), Carina Freitas da (Divis\u00e3o de Gest\u00e3o de Res\u00edduos e Economia Circular da <a href=\"https:\/\/www.google.com\/url?sa=t&amp;source=web&amp;rct=j&amp;opi=89978449&amp;url=https:\/\/www.madeira.gov.pt\/dram\/Estrutura\/DRAM\/Areas\/Res%25C3%25ADduos-e-Economia-Circular&amp;ved=2ahUKEwjdruLEhe2QAxVLiv0HHTjAApkQFnoECBgQAQ&amp;usg=AOvVaw09VXrLwPdJcgjNPUdoLyhv\">DRAM<\/a>&#8211; Regi\u00e3o Aut\u00f3noma da Madeira) e Isabel Alves da (<a href=\"https:\/\/www.google.com\/url?sa=t&amp;source=web&amp;rct=j&amp;opi=89978449&amp;url=https:\/\/tecnovia.pt\/portfolio-posts\/tecnovia-madeira\/&amp;ved=2ahUKEwjG--XPhe2QAxVAhP0HHSSrAlEQFnoECD4QAQ&amp;usg=AOvVaw1UiHZWzYtVnoHSkhMDFy68\">Tecnovia Madeira<\/a>).<\/p>\n<p style=\"font-weight: 400;\">Estivemos \u00e0 conversa com Clim\u00e9nia Silva, assista a toda a entrevista, <a href=\"https:\/\/fb.watch\/DkshvL3yRJ\/\">aqui<\/a>.<\/p>\n<div class=\"wonderplugingallery-container\" id=\"wonderplugingallery-container-271\" style=\"max-width:960px;margin:0 auto;\"><div class=\"wonderplugingallery\" id=\"wonderplugingallery-271\" data-galleryid=\"271\" data-width=\"960\" data-height=\"540\" data-skin=\"gallery\" data-playsinline=\"false\" data-mutevideo=\"false\" data-random=\"false\" data-autoslide=\"false\" data-autoplayvideo=\"false\" data-schemamarkup=\"false\" data-stopallplaying=\"false\" data-reloadonvideoend=\"false\" data-donotuseposter=\"false\" data-enabletabindex=\"false\" data-loadnextonvideoend=\"false\" data-hidetitlewhenvideoisplaying=\"false\" data-disablehovereventontouch=\"false\" data-ratioresponsive=\"false\" data-autoslideandplayafterfirstplayed=\"false\" data-html5player=\"true\" data-responsive=\"true\" data-fullwidth=\"false\" data-showtitle=\"true\" data-showdescription=\"true\" data-showplaybutton=\"true\" data-showfullscreenbutton=\"true\" data-showtimer=\"true\" data-showcarousel=\"true\" data-galleryshadow=\"false\" data-slideshadow=\"true\" data-thumbshowtitle=\"false\" data-thumbshowimage=\"true\" data-thumbshadow=\"true\" data-lightboxshowtitle=\"true\" data-lightboxshowdescription=\"true\" data-specifyid=\"true\" data-donotinit=\"false\" data-addinitscript=\"false\" data-triggerresize=\"false\" data-thumbcolumnsresponsive=\"false\" data-thumbverticalmiddle=\"true\" data-removeinlinecss=\"true\" data-switchonmouseover=\"false\" data-showcategory=\"true\" data-carouselpagination=\"false\" data-showimgtitle=\"false\" data-titlesmallscreen=\"false\" data-initsocial=\"true\" data-showsocial=\"false\" data-showemail=\"false\" data-showfacebook=\"true\" data-showtwitter=\"true\" data-showpinterest=\"true\" data-socialrotateeffect=\"true\" data-doshortcodeontext=\"false\" data-loop=\"0\" data-duration=\"1500\" data-slideduration=\"1000\" data-slideshowinterval=\"6000\" data-googleanalyticsaccount=\"\" data-ga4account=\"\" data-resizemode=\"fill\" data-imagetoolboxmode=\"mouseover\" data-effect=\"fade\" data-padding=\"12\" data-bgcolor=\"\" data-bgimage=\"\" data-thumbwidth=\"120\" data-thumbheight=\"60\" data-thumbgap=\"8\" data-thumbrowgap=\"16\" data-lightboxtextheight=\"72\" data-lightboxtitlecss=\"{color:#333333; font:bold 12px Arial,Helvetica,sans-serif; overflow:hidden; white-space:normal; line-height:18px;}\" data-lightboxdescriptioncss=\"{color:#333333; font:normal 12px Arial,Helvetica,sans-serif; overflow:hidden; white-space:normal; line-height:14px;}\" data-titlecss=\"{color:#ffffff; font-size:14px; font-family:Armata, sans-serif, Arial; overflow:hidden; text-align:left; padding:10px 0px 10px 10px; background:rgb(102, 102, 102) transparent; background:rgba(102, 102, 102, 0.6);}\" data-descriptioncss=\"{color:#ffffff; font-size:13px; font-family:Armata, sans-serif, Arial; overflow:hidden; text-align:left; padding:0px 0px 10px 10px; background:rgb(102, 102, 102) transparent; background:rgba(102, 102, 102, 0.6);}\" data-titleheight=\"72\" data-titlesmallscreenwidth=\"640\" data-titleheightsmallscreen=\"148\" data-socialmode=\"mouseover\" data-socialposition=\"position:absolute;top:8px;right:8px;\" data-socialpositionlightbox=\"position:absolute;top:8px;right:8px;\" data-socialdirection=\"horizontal\" data-socialbuttonsize=\"32\" data-socialbuttonfontsize=\"18\" data-defaultvideovolume=\"1\" data-ratiomediumscreen=\"1024\" data-ratiomediumheight=\"1.6\" data-ratiosmallscreen=\"767\" data-ratiosmallheight=\"2.4\" data-thumbtitleheight=\"24\" data-thumbmediumtitleheight=\"48\" data-thumbsmalltitleheight=\"72\" data-categoryheight=\"48\" data-categorydefault=\"all\" data-triggerresizedelay=\"100\" data-thumbmediumsize=\"800\" data-thumbsmallsize=\"480\" data-thumbmediumwidth=\"64\" data-thumbmediumheight=\"64\" data-thumbsmallwidth=\"48\" data-thumbsmallheight=\"48\" data-imgtitle=\"title\" data-carouselpaginationrow=\"3\" data-categorystyle=\"dropdown\" data-categorylist=\"[{&quot;slug&quot;:&quot;all&quot;,&quot;caption&quot;:&quot;Show All&quot;}]\" data-jsfolder=\"https:\/\/jornaldasoficinas.com\/pt\/wp-content\/plugins\/wonderplugin-gallery\/engine\/\" style=\"display:none;\" ><a class=\"html5galleryimglink\" href=\"https:\/\/jornaldasoficinas.com\/pt\/wp-content\/uploads\/2025\/11\/23EncontroValorpneu\/IMG_2012.jpg\" data-mediatype=1><img decoding=\"async\" class=\"html5galleryimg html5gallery-tn-image\" src=\"https:\/\/jornaldasoficinas.com\/pt\/wp-content\/uploads\/2025\/11\/23EncontroValorpneu\/IMG_2012.jpg\" alt=\"\"><\/a><div class=\"html5gallery-info\"><\/div><a class=\"html5galleryimglink\" href=\"https:\/\/jornaldasoficinas.com\/pt\/wp-content\/uploads\/2025\/11\/23EncontroValorpneu\/IMG_2018.jpg\" data-mediatype=1><img decoding=\"async\" class=\"html5galleryimg html5gallery-tn-image\" src=\"https:\/\/jornaldasoficinas.com\/pt\/wp-content\/uploads\/2025\/11\/23EncontroValorpneu\/IMG_2018.jpg\" alt=\"\"><\/a><div class=\"html5gallery-info\"><\/div><a class=\"html5galleryimglink\" href=\"https:\/\/jornaldasoficinas.com\/pt\/wp-content\/uploads\/2025\/11\/23EncontroValorpneu\/IMG_2023.jpg\" data-mediatype=1><img decoding=\"async\" class=\"html5galleryimg html5gallery-tn-image\" src=\"https:\/\/jornaldasoficinas.com\/pt\/wp-content\/uploads\/2025\/11\/23EncontroValorpneu\/IMG_2023.jpg\" alt=\"\"><\/a><div class=\"html5gallery-info\"><\/div><a class=\"html5galleryimglink\" href=\"https:\/\/jornaldasoficinas.com\/pt\/wp-content\/uploads\/2025\/11\/23EncontroValorpneu\/IMG_2027.jpg\" data-mediatype=1><img decoding=\"async\" class=\"html5galleryimg html5gallery-tn-image\" src=\"https:\/\/jornaldasoficinas.com\/pt\/wp-content\/uploads\/2025\/11\/23EncontroValorpneu\/IMG_2027.jpg\" alt=\"\"><\/a><div class=\"html5gallery-info\"><\/div><a class=\"html5galleryimglink\" href=\"https:\/\/jornaldasoficinas.com\/pt\/wp-content\/uploads\/2025\/11\/23EncontroValorpneu\/IMG_2031.jpg\" data-mediatype=1><img decoding=\"async\" class=\"html5galleryimg html5gallery-tn-image\" src=\"https:\/\/jornaldasoficinas.com\/pt\/wp-content\/uploads\/2025\/11\/23EncontroValorpneu\/IMG_2031.jpg\" alt=\"\"><\/a><div class=\"html5gallery-info\"><\/div><a class=\"html5galleryimglink\" href=\"https:\/\/jornaldasoficinas.com\/pt\/wp-content\/uploads\/2025\/11\/23EncontroValorpneu\/IMG_2036.jpg\" data-mediatype=1><img decoding=\"async\" class=\"html5galleryimg html5gallery-tn-image\" src=\"https:\/\/jornaldasoficinas.com\/pt\/wp-content\/uploads\/2025\/11\/23EncontroValorpneu\/IMG_2036.jpg\" alt=\"\"><\/a><div class=\"html5gallery-info\"><\/div><a class=\"html5galleryimglink\" href=\"https:\/\/jornaldasoficinas.com\/pt\/wp-content\/uploads\/2025\/11\/23EncontroValorpneu\/IMG_2044.jpg\" data-mediatype=1><img decoding=\"async\" class=\"html5galleryimg html5gallery-tn-image\" src=\"https:\/\/jornaldasoficinas.com\/pt\/wp-content\/uploads\/2025\/11\/23EncontroValorpneu\/IMG_2044.jpg\" alt=\"\"><\/a><div class=\"html5gallery-info\"><\/div><a class=\"html5galleryimglink\" href=\"https:\/\/jornaldasoficinas.com\/pt\/wp-content\/uploads\/2025\/11\/23EncontroValorpneu\/IMG_2047.jpg\" data-mediatype=1><img decoding=\"async\" class=\"html5galleryimg html5gallery-tn-image\" src=\"https:\/\/jornaldasoficinas.com\/pt\/wp-content\/uploads\/2025\/11\/23EncontroValorpneu\/IMG_2047.jpg\" alt=\"\"><\/a><div class=\"html5gallery-info\"><\/div><a class=\"html5galleryimglink\" href=\"https:\/\/jornaldasoficinas.com\/pt\/wp-content\/uploads\/2025\/11\/23EncontroValorpneu\/IMG_2050.jpg\" data-mediatype=1><img decoding=\"async\" class=\"html5galleryimg html5gallery-tn-image\" src=\"https:\/\/jornaldasoficinas.com\/pt\/wp-content\/uploads\/2025\/11\/23EncontroValorpneu\/IMG_2050.jpg\" alt=\"\"><\/a><div class=\"html5gallery-info\"><\/div><a class=\"html5galleryimglink\" href=\"https:\/\/jornaldasoficinas.com\/pt\/wp-content\/uploads\/2025\/11\/23EncontroValorpneu\/IMG_2062.jpg\" data-mediatype=1><img decoding=\"async\" class=\"html5galleryimg html5gallery-tn-image\" src=\"https:\/\/jornaldasoficinas.com\/pt\/wp-content\/uploads\/2025\/11\/23EncontroValorpneu\/IMG_2062.jpg\" alt=\"\"><\/a><div class=\"html5gallery-info\"><\/div><a class=\"html5galleryimglink\" href=\"https:\/\/jornaldasoficinas.com\/pt\/wp-content\/uploads\/2025\/11\/23EncontroValorpneu\/IMG_2065.jpg\" data-mediatype=1><img decoding=\"async\" class=\"html5galleryimg html5gallery-tn-image\" src=\"https:\/\/jornaldasoficinas.com\/pt\/wp-content\/uploads\/2025\/11\/23EncontroValorpneu\/IMG_2065.jpg\" alt=\"\"><\/a><div class=\"html5gallery-info\"><\/div><a class=\"html5galleryimglink\" href=\"https:\/\/jornaldasoficinas.com\/pt\/wp-content\/uploads\/2025\/11\/23EncontroValorpneu\/IMG_2068.jpg\" data-mediatype=1><img decoding=\"async\" class=\"html5galleryimg html5gallery-tn-image\" src=\"https:\/\/jornaldasoficinas.com\/pt\/wp-content\/uploads\/2025\/11\/23EncontroValorpneu\/IMG_2068.jpg\" alt=\"\"><\/a><div class=\"html5gallery-info\"><\/div><a class=\"html5galleryimglink\" href=\"https:\/\/jornaldasoficinas.com\/pt\/wp-content\/uploads\/2025\/11\/23EncontroValorpneu\/IMG_2070.jpg\" data-mediatype=1><img decoding=\"async\" class=\"html5galleryimg html5gallery-tn-image\" src=\"https:\/\/jornaldasoficinas.com\/pt\/wp-content\/uploads\/2025\/11\/23EncontroValorpneu\/IMG_2070.jpg\" alt=\"\"><\/a><div class=\"html5gallery-info\"><\/div><a class=\"html5galleryimglink\" href=\"https:\/\/jornaldasoficinas.com\/pt\/wp-content\/uploads\/2025\/11\/23EncontroValorpneu\/IMG_2071.jpg\" data-mediatype=1><img decoding=\"async\" class=\"html5galleryimg html5gallery-tn-image\" src=\"https:\/\/jornaldasoficinas.com\/pt\/wp-content\/uploads\/2025\/11\/23EncontroValorpneu\/IMG_2071.jpg\" alt=\"\"><\/a><div class=\"html5gallery-info\"><\/div><a class=\"html5galleryimglink\" href=\"https:\/\/jornaldasoficinas.com\/pt\/wp-content\/uploads\/2025\/11\/23EncontroValorpneu\/IMG_2076.jpg\" data-mediatype=1><img decoding=\"async\" class=\"html5galleryimg html5gallery-tn-image\" src=\"https:\/\/jornaldasoficinas.com\/pt\/wp-content\/uploads\/2025\/11\/23EncontroValorpneu\/IMG_2076.jpg\" alt=\"\"><\/a><div class=\"html5gallery-info\"><\/div><a class=\"html5galleryimglink\" href=\"https:\/\/jornaldasoficinas.com\/pt\/wp-content\/uploads\/2025\/11\/23EncontroValorpneu\/IMG_2079.jpg\" data-mediatype=1><img decoding=\"async\" class=\"html5galleryimg html5gallery-tn-image\" src=\"https:\/\/jornaldasoficinas.com\/pt\/wp-content\/uploads\/2025\/11\/23EncontroValorpneu\/IMG_2079.jpg\" alt=\"\"><\/a><div class=\"html5gallery-info\"><\/div><a class=\"html5galleryimglink\" href=\"https:\/\/jornaldasoficinas.com\/pt\/wp-content\/uploads\/2025\/11\/23EncontroValorpneu\/IMG_2081.jpg\" data-mediatype=1><img decoding=\"async\" class=\"html5galleryimg html5gallery-tn-image\" src=\"https:\/\/jornaldasoficinas.com\/pt\/wp-content\/uploads\/2025\/11\/23EncontroValorpneu\/IMG_2081.jpg\" alt=\"\"><\/a><div class=\"html5gallery-info\"><\/div><a class=\"html5galleryimglink\" href=\"https:\/\/jornaldasoficinas.com\/pt\/wp-content\/uploads\/2025\/11\/23EncontroValorpneu\/IMG_2084.jpg\" data-mediatype=1><img decoding=\"async\" class=\"html5galleryimg html5gallery-tn-image\" src=\"https:\/\/jornaldasoficinas.com\/pt\/wp-content\/uploads\/2025\/11\/23EncontroValorpneu\/IMG_2084.jpg\" alt=\"\"><\/a><div class=\"html5gallery-info\"><\/div><a class=\"html5galleryimglink\" href=\"https:\/\/jornaldasoficinas.com\/pt\/wp-content\/uploads\/2025\/11\/23EncontroValorpneu\/IMG_2085.jpg\" data-mediatype=1><img decoding=\"async\" class=\"html5galleryimg html5gallery-tn-image\" src=\"https:\/\/jornaldasoficinas.com\/pt\/wp-content\/uploads\/2025\/11\/23EncontroValorpneu\/IMG_2085.jpg\" alt=\"\"><\/a><div class=\"html5gallery-info\"><\/div><a class=\"html5galleryimglink\" href=\"https:\/\/jornaldasoficinas.com\/pt\/wp-content\/uploads\/2025\/11\/23EncontroValorpneu\/IMG_2087.jpg\" data-mediatype=1><img decoding=\"async\" class=\"html5galleryimg html5gallery-tn-image\" src=\"https:\/\/jornaldasoficinas.com\/pt\/wp-content\/uploads\/2025\/11\/23EncontroValorpneu\/IMG_2087.jpg\" alt=\"\"><\/a><div class=\"html5gallery-info\"><\/div><a class=\"html5galleryimglink\" href=\"https:\/\/jornaldasoficinas.com\/pt\/wp-content\/uploads\/2025\/11\/23EncontroValorpneu\/IMG_2089.jpg\" data-mediatype=1><img decoding=\"async\" class=\"html5galleryimg html5gallery-tn-image\" src=\"https:\/\/jornaldasoficinas.com\/pt\/wp-content\/uploads\/2025\/11\/23EncontroValorpneu\/IMG_2089.jpg\" alt=\"\"><\/a><div class=\"html5gallery-info\"><\/div><a class=\"html5galleryimglink\" href=\"https:\/\/jornaldasoficinas.com\/pt\/wp-content\/uploads\/2025\/11\/23EncontroValorpneu\/IMG_2091.jpg\" data-mediatype=1><img decoding=\"async\" class=\"html5galleryimg html5gallery-tn-image\" src=\"https:\/\/jornaldasoficinas.com\/pt\/wp-content\/uploads\/2025\/11\/23EncontroValorpneu\/IMG_2091.jpg\" alt=\"\"><\/a><div class=\"html5gallery-info\"><\/div><a class=\"html5galleryimglink\" href=\"https:\/\/jornaldasoficinas.com\/pt\/wp-content\/uploads\/2025\/11\/23EncontroValorpneu\/IMG_2092.jpg\" data-mediatype=1><img decoding=\"async\" class=\"html5galleryimg html5gallery-tn-image\" src=\"https:\/\/jornaldasoficinas.com\/pt\/wp-content\/uploads\/2025\/11\/23EncontroValorpneu\/IMG_2092.jpg\" alt=\"\"><\/a><div class=\"html5gallery-info\"><\/div><a class=\"html5galleryimglink\" href=\"https:\/\/jornaldasoficinas.com\/pt\/wp-content\/uploads\/2025\/11\/23EncontroValorpneu\/IMG_2093.jpg\" data-mediatype=1><img decoding=\"async\" class=\"html5galleryimg html5gallery-tn-image\" src=\"https:\/\/jornaldasoficinas.com\/pt\/wp-content\/uploads\/2025\/11\/23EncontroValorpneu\/IMG_2093.jpg\" alt=\"\"><\/a><div class=\"html5gallery-info\"><\/div><a class=\"html5galleryimglink\" href=\"https:\/\/jornaldasoficinas.com\/pt\/wp-content\/uploads\/2025\/11\/23EncontroValorpneu\/IMG_2100.jpg\" data-mediatype=1><img decoding=\"async\" class=\"html5galleryimg html5gallery-tn-image\" src=\"https:\/\/jornaldasoficinas.com\/pt\/wp-content\/uploads\/2025\/11\/23EncontroValorpneu\/IMG_2100.jpg\" alt=\"\"><\/a><div class=\"html5gallery-info\"><\/div><a class=\"html5galleryimglink\" href=\"https:\/\/jornaldasoficinas.com\/pt\/wp-content\/uploads\/2025\/11\/23EncontroValorpneu\/IMG_2103.jpg\" data-mediatype=1><img decoding=\"async\" class=\"html5galleryimg html5gallery-tn-image\" src=\"https:\/\/jornaldasoficinas.com\/pt\/wp-content\/uploads\/2025\/11\/23EncontroValorpneu\/IMG_2103.jpg\" alt=\"\"><\/a><div class=\"html5gallery-info\"><\/div><\/div><\/div><script>function wondergallery_271_appendcss(csscode) {var head=document.head || document.getElementsByTagName(\"head\")[0];var style=document.createElement(\"style\");head.appendChild(style);style.type=\"text\/css\";if (style.styleSheet){style.styleSheet.cssText=csscode;} else {style.appendChild(document.createTextNode(csscode));}};wondergallery_271_appendcss(\"#wonderplugingallery-271 .html5gallery-cat-selection-271 { \tbox-sizing: border-box; \ttext-align: center; }  #wonderplugingallery-271 .html5gallery-cat-selection-271 select { \tbox-sizing: border-box; \tmargin: 4px auto; }\");<\/script>\n<p style=\"font-weight: 400;\">\n","protected":false},"excerpt":{"rendered":"<p>\u201cJuntos por um ambiente com futuro\u201d&#8230;<\/p>\n","protected":false},"author":15,"featured_media":109409,"comment_status":"closed","ping_status":"closed","sticky":false,"template":"","format":"standard","meta":{"footnotes":""},"categories":[29],"tags":[13983,13989,7598,13986,13987,13984,13985,13988,1767,1742],"class_list":["post-109397","post","type-post","status-publish","format-standard","has-post-thumbnail","hentry","category-empresas","tag-23o-encontro","tag-balanco-2025","tag-climenia-silva","tag-helder-pedro","tag-madeira","tag-pneus-usados","tag-presente-e-futuro","tag-prespetivas-2026","tag-sustentabilidade","tag-valorpneu"],"yoast_head":"<!-- This site is optimized with the Yoast SEO plugin v27.4 - https:\/\/yoast.com\/product\/yoast-seo-wordpress\/ -->\n<title>23\u00ba Encontro Valorpneu debate Presente e Futuro da Gest\u00e3o de Pneus Usados - Jornal das Oficinas<\/title>\n<meta name=\"description\" content=\"\u201cJuntos por um ambiente com futuro\u201d foi este o mote do 23\u00ba Encontro da Valorpneu, que se realizou no Funchal\" \/>\n<meta name=\"robots\" content=\"index, follow, max-snippet:-1, max-image-preview:large, max-video-preview:-1\" \/>\n<link rel=\"canonical\" href=\"https:\/\/jornaldasoficinas.com\/pt\/23o-encontro-valorpneu-debate-presente-e-futuro-da-gestao-de-pneus-usados\/\" \/>\n<meta property=\"og:locale\" content=\"pt_PT\" \/>\n<meta property=\"og:type\" content=\"article\" \/>\n<meta property=\"og:title\" content=\"23\u00ba Encontro Valorpneu debate Presente e Futuro da Gest\u00e3o de Pneus Usados - Jornal das Oficinas\" \/>\n<meta property=\"og:description\" content=\"\u201cJuntos por um ambiente com futuro\u201d foi este o mote do 23\u00ba Encontro da Valorpneu, que se realizou no Funchal\" \/>\n<meta property=\"og:url\" content=\"https:\/\/jornaldasoficinas.com\/pt\/23o-encontro-valorpneu-debate-presente-e-futuro-da-gestao-de-pneus-usados\/\" \/>\n<meta property=\"og:site_name\" content=\"Jornal das Oficinas\" \/>\n<meta property=\"article:publisher\" content=\"https:\/\/www.facebook.com\/jornaloficinas\" \/>\n<meta property=\"article:published_time\" content=\"2025-11-12T18:00:35+00:00\" \/>\n<meta property=\"og:image\" content=\"https:\/\/jornaldasoficinas.com\/pt\/wp-content\/uploads\/2025\/11\/23o-Encontro-Valorpneu-debate-Presente-e-Futuro.jpg\" \/>\n\t<meta property=\"og:image:width\" content=\"1024\" \/>\n\t<meta property=\"og:image:height\" content=\"581\" \/>\n\t<meta property=\"og:image:type\" content=\"image\/jpeg\" \/>\n<meta name=\"author\" content=\"Reda\u00e7\u00e3o JO\" \/>\n<meta name=\"twitter:card\" content=\"summary_large_image\" \/>\n<meta name=\"twitter:creator\" content=\"@jornaloficinas\" \/>\n<meta name=\"twitter:site\" content=\"@jornaloficinas\" \/>\n<meta name=\"twitter:label1\" content=\"Escrito por\" \/>\n\t<meta name=\"twitter:data1\" content=\"Reda\u00e7\u00e3o JO\" \/>\n\t<meta name=\"twitter:label2\" content=\"Tempo estimado de leitura\" \/>\n\t<meta name=\"twitter:data2\" content=\"4 minutos\" \/>\n<script type=\"application\/ld+json\" class=\"yoast-schema-graph\">{\"@context\":\"https:\\\/\\\/schema.org\",\"@graph\":[{\"@type\":\"Article\",\"@id\":\"https:\\\/\\\/jornaldasoficinas.com\\\/pt\\\/23o-encontro-valorpneu-debate-presente-e-futuro-da-gestao-de-pneus-usados\\\/#article\",\"isPartOf\":{\"@id\":\"https:\\\/\\\/jornaldasoficinas.com\\\/pt\\\/23o-encontro-valorpneu-debate-presente-e-futuro-da-gestao-de-pneus-usados\\\/\"},\"author\":{\"name\":\"Reda\u00e7\u00e3o JO\",\"@id\":\"https:\\\/\\\/jornaldasoficinas.com\\\/pt\\\/#\\\/schema\\\/person\\\/a38eef5de2c41d9e7c9ac10141afddf3\"},\"headline\":\"23\u00ba Encontro Valorpneu debate Presente e Futuro da Gest\u00e3o de Pneus Usados\",\"datePublished\":\"2025-11-12T18:00:35+00:00\",\"mainEntityOfPage\":{\"@id\":\"https:\\\/\\\/jornaldasoficinas.com\\\/pt\\\/23o-encontro-valorpneu-debate-presente-e-futuro-da-gestao-de-pneus-usados\\\/\"},\"wordCount\":654,\"publisher\":{\"@id\":\"https:\\\/\\\/jornaldasoficinas.com\\\/pt\\\/#organization\"},\"image\":{\"@id\":\"https:\\\/\\\/jornaldasoficinas.com\\\/pt\\\/23o-encontro-valorpneu-debate-presente-e-futuro-da-gestao-de-pneus-usados\\\/#primaryimage\"},\"thumbnailUrl\":\"https:\\\/\\\/jornaldasoficinas.com\\\/pt\\\/wp-content\\\/uploads\\\/2025\\\/11\\\/23o-Encontro-Valorpneu-debate-Presente-e-Futuro.jpg\",\"keywords\":[\"23\u00ba Encontro\",\"Balan\u00e7o 2025\",\"Clim\u00e9nia Silva\",\"H\u00e9lder Pedro\",\"Madeira\",\"Pneus usados\",\"Presente e Futuro\",\"Prespetivas 2026\",\"Sustentabilidade\",\"Valorpneu\"],\"articleSection\":[\"Empresas\"],\"inLanguage\":\"pt-PT\"},{\"@type\":\"WebPage\",\"@id\":\"https:\\\/\\\/jornaldasoficinas.com\\\/pt\\\/23o-encontro-valorpneu-debate-presente-e-futuro-da-gestao-de-pneus-usados\\\/\",\"url\":\"https:\\\/\\\/jornaldasoficinas.com\\\/pt\\\/23o-encontro-valorpneu-debate-presente-e-futuro-da-gestao-de-pneus-usados\\\/\",\"name\":\"23\u00ba Encontro Valorpneu debate Presente e Futuro da Gest\u00e3o de Pneus Usados - Jornal das Oficinas\",\"isPartOf\":{\"@id\":\"https:\\\/\\\/jornaldasoficinas.com\\\/pt\\\/#website\"},\"primaryImageOfPage\":{\"@id\":\"https:\\\/\\\/jornaldasoficinas.com\\\/pt\\\/23o-encontro-valorpneu-debate-presente-e-futuro-da-gestao-de-pneus-usados\\\/#primaryimage\"},\"image\":{\"@id\":\"https:\\\/\\\/jornaldasoficinas.com\\\/pt\\\/23o-encontro-valorpneu-debate-presente-e-futuro-da-gestao-de-pneus-usados\\\/#primaryimage\"},\"thumbnailUrl\":\"https:\\\/\\\/jornaldasoficinas.com\\\/pt\\\/wp-content\\\/uploads\\\/2025\\\/11\\\/23o-Encontro-Valorpneu-debate-Presente-e-Futuro.jpg\",\"datePublished\":\"2025-11-12T18:00:35+00:00\",\"description\":\"\u201cJuntos por um ambiente com futuro\u201d foi este o mote do 23\u00ba Encontro da Valorpneu, que se realizou no Funchal\",\"breadcrumb\":{\"@id\":\"https:\\\/\\\/jornaldasoficinas.com\\\/pt\\\/23o-encontro-valorpneu-debate-presente-e-futuro-da-gestao-de-pneus-usados\\\/#breadcrumb\"},\"inLanguage\":\"pt-PT\",\"potentialAction\":[{\"@type\":\"ReadAction\",\"target\":[\"https:\\\/\\\/jornaldasoficinas.com\\\/pt\\\/23o-encontro-valorpneu-debate-presente-e-futuro-da-gestao-de-pneus-usados\\\/\"]}]},{\"@type\":\"ImageObject\",\"inLanguage\":\"pt-PT\",\"@id\":\"https:\\\/\\\/jornaldasoficinas.com\\\/pt\\\/23o-encontro-valorpneu-debate-presente-e-futuro-da-gestao-de-pneus-usados\\\/#primaryimage\",\"url\":\"https:\\\/\\\/jornaldasoficinas.com\\\/pt\\\/wp-content\\\/uploads\\\/2025\\\/11\\\/23o-Encontro-Valorpneu-debate-Presente-e-Futuro.jpg\",\"contentUrl\":\"https:\\\/\\\/jornaldasoficinas.com\\\/pt\\\/wp-content\\\/uploads\\\/2025\\\/11\\\/23o-Encontro-Valorpneu-debate-Presente-e-Futuro.jpg\",\"width\":1024,\"height\":581,\"caption\":\"11 - 23o Encontro Valorpneu debate Presente e Futuro\"},{\"@type\":\"BreadcrumbList\",\"@id\":\"https:\\\/\\\/jornaldasoficinas.com\\\/pt\\\/23o-encontro-valorpneu-debate-presente-e-futuro-da-gestao-de-pneus-usados\\\/#breadcrumb\",\"itemListElement\":[{\"@type\":\"ListItem\",\"position\":1,\"name\":\"In\u00edcio\",\"item\":\"https:\\\/\\\/jornaldasoficinas.com\\\/pt\\\/\"},{\"@type\":\"ListItem\",\"position\":2,\"name\":\"23\u00ba Encontro Valorpneu debate Presente e Futuro da Gest\u00e3o de Pneus Usados\"}]},{\"@type\":\"WebSite\",\"@id\":\"https:\\\/\\\/jornaldasoficinas.com\\\/pt\\\/#website\",\"url\":\"https:\\\/\\\/jornaldasoficinas.com\\\/pt\\\/\",\"name\":\"Jornal das Oficinas\",\"description\":\"Jornal independente do Aftermarket Autom\u00f3vel em Portugal\",\"publisher\":{\"@id\":\"https:\\\/\\\/jornaldasoficinas.com\\\/pt\\\/#organization\"},\"potentialAction\":[{\"@type\":\"SearchAction\",\"target\":{\"@type\":\"EntryPoint\",\"urlTemplate\":\"https:\\\/\\\/jornaldasoficinas.com\\\/pt\\\/?s={search_term_string}\"},\"query-input\":{\"@type\":\"PropertyValueSpecification\",\"valueRequired\":true,\"valueName\":\"search_term_string\"}}],\"inLanguage\":\"pt-PT\"},{\"@type\":\"Organization\",\"@id\":\"https:\\\/\\\/jornaldasoficinas.com\\\/pt\\\/#organization\",\"name\":\"Jornal das Oficinas\",\"url\":\"https:\\\/\\\/jornaldasoficinas.com\\\/pt\\\/\",\"logo\":{\"@type\":\"ImageObject\",\"inLanguage\":\"pt-PT\",\"@id\":\"https:\\\/\\\/jornaldasoficinas.com\\\/pt\\\/#\\\/schema\\\/logo\\\/image\\\/\",\"url\":\"https:\\\/\\\/jornaldasoficinas.com\\\/pt\\\/wp-content\\\/uploads\\\/logoJO-SEO.png\",\"contentUrl\":\"https:\\\/\\\/jornaldasoficinas.com\\\/pt\\\/wp-content\\\/uploads\\\/logoJO-SEO.png\",\"width\":285,\"height\":450,\"caption\":\"Jornal das Oficinas\"},\"image\":{\"@id\":\"https:\\\/\\\/jornaldasoficinas.com\\\/pt\\\/#\\\/schema\\\/logo\\\/image\\\/\"},\"sameAs\":[\"https:\\\/\\\/www.facebook.com\\\/jornaloficinas\",\"https:\\\/\\\/x.com\\\/jornaloficinas\",\"https:\\\/\\\/www.instagram.com\\\/jornal_oficinas\\\/\",\"https:\\\/\\\/www.linkedin.com\\\/company\\\/jornal-das-oficinas\\\/\",\"https:\\\/\\\/www.youtube.com\\\/channel\\\/UCbQZBqtcvV-oSQrr7RzINGg\"]},{\"@type\":\"Person\",\"@id\":\"https:\\\/\\\/jornaldasoficinas.com\\\/pt\\\/#\\\/schema\\\/person\\\/a38eef5de2c41d9e7c9ac10141afddf3\",\"name\":\"Reda\u00e7\u00e3o JO\",\"image\":{\"@type\":\"ImageObject\",\"inLanguage\":\"pt-PT\",\"@id\":\"https:\\\/\\\/secure.gravatar.com\\\/avatar\\\/71f2fa71737ad68a84fea94bc708ddac8ea5b0c4788dc2ad202f3ccb2887742f?s=96&d=wp_user_avatar&r=g\",\"url\":\"https:\\\/\\\/secure.gravatar.com\\\/avatar\\\/71f2fa71737ad68a84fea94bc708ddac8ea5b0c4788dc2ad202f3ccb2887742f?s=96&d=wp_user_avatar&r=g\",\"contentUrl\":\"https:\\\/\\\/secure.gravatar.com\\\/avatar\\\/71f2fa71737ad68a84fea94bc708ddac8ea5b0c4788dc2ad202f3ccb2887742f?s=96&d=wp_user_avatar&r=g\",\"caption\":\"Reda\u00e7\u00e3o JO\"},\"url\":\"https:\\\/\\\/jornaldasoficinas.com\\\/pt\\\/author\\\/joredacao\\\/\"}]}<\/script>\n<!-- \/ Yoast SEO plugin. -->","yoast_head_json":{"title":"23\u00ba Encontro Valorpneu debate Presente e Futuro da Gest\u00e3o de Pneus Usados - Jornal das Oficinas","description":"\u201cJuntos por um ambiente com futuro\u201d foi este o mote do 23\u00ba Encontro da Valorpneu, que se realizou no Funchal","robots":{"index":"index","follow":"follow","max-snippet":"max-snippet:-1","max-image-preview":"max-image-preview:large","max-video-preview":"max-video-preview:-1"},"canonical":"https:\/\/jornaldasoficinas.com\/pt\/23o-encontro-valorpneu-debate-presente-e-futuro-da-gestao-de-pneus-usados\/","og_locale":"pt_PT","og_type":"article","og_title":"23\u00ba Encontro Valorpneu debate Presente e Futuro da Gest\u00e3o de Pneus Usados - Jornal das Oficinas","og_description":"\u201cJuntos por um ambiente com futuro\u201d foi este o mote do 23\u00ba Encontro da Valorpneu, que se realizou no Funchal","og_url":"https:\/\/jornaldasoficinas.com\/pt\/23o-encontro-valorpneu-debate-presente-e-futuro-da-gestao-de-pneus-usados\/","og_site_name":"Jornal das Oficinas","article_publisher":"https:\/\/www.facebook.com\/jornaloficinas","article_published_time":"2025-11-12T18:00:35+00:00","og_image":[{"width":1024,"height":581,"url":"https:\/\/jornaldasoficinas.com\/pt\/wp-content\/uploads\/2025\/11\/23o-Encontro-Valorpneu-debate-Presente-e-Futuro.jpg","type":"image\/jpeg"}],"author":"Reda\u00e7\u00e3o JO","twitter_card":"summary_large_image","twitter_creator":"@jornaloficinas","twitter_site":"@jornaloficinas","twitter_misc":{"Escrito por":"Reda\u00e7\u00e3o JO","Tempo estimado de leitura":"4 minutos"},"schema":{"@context":"https:\/\/schema.org","@graph":[{"@type":"Article","@id":"https:\/\/jornaldasoficinas.com\/pt\/23o-encontro-valorpneu-debate-presente-e-futuro-da-gestao-de-pneus-usados\/#article","isPartOf":{"@id":"https:\/\/jornaldasoficinas.com\/pt\/23o-encontro-valorpneu-debate-presente-e-futuro-da-gestao-de-pneus-usados\/"},"author":{"name":"Reda\u00e7\u00e3o JO","@id":"https:\/\/jornaldasoficinas.com\/pt\/#\/schema\/person\/a38eef5de2c41d9e7c9ac10141afddf3"},"headline":"23\u00ba Encontro Valorpneu debate Presente e Futuro da Gest\u00e3o de Pneus Usados","datePublished":"2025-11-12T18:00:35+00:00","mainEntityOfPage":{"@id":"https:\/\/jornaldasoficinas.com\/pt\/23o-encontro-valorpneu-debate-presente-e-futuro-da-gestao-de-pneus-usados\/"},"wordCount":654,"publisher":{"@id":"https:\/\/jornaldasoficinas.com\/pt\/#organization"},"image":{"@id":"https:\/\/jornaldasoficinas.com\/pt\/23o-encontro-valorpneu-debate-presente-e-futuro-da-gestao-de-pneus-usados\/#primaryimage"},"thumbnailUrl":"https:\/\/jornaldasoficinas.com\/pt\/wp-content\/uploads\/2025\/11\/23o-Encontro-Valorpneu-debate-Presente-e-Futuro.jpg","keywords":["23\u00ba Encontro","Balan\u00e7o 2025","Clim\u00e9nia Silva","H\u00e9lder Pedro","Madeira","Pneus usados","Presente e Futuro","Prespetivas 2026","Sustentabilidade","Valorpneu"],"articleSection":["Empresas"],"inLanguage":"pt-PT"},{"@type":"WebPage","@id":"https:\/\/jornaldasoficinas.com\/pt\/23o-encontro-valorpneu-debate-presente-e-futuro-da-gestao-de-pneus-usados\/","url":"https:\/\/jornaldasoficinas.com\/pt\/23o-encontro-valorpneu-debate-presente-e-futuro-da-gestao-de-pneus-usados\/","name":"23\u00ba Encontro Valorpneu debate Presente e Futuro da Gest\u00e3o de Pneus Usados - Jornal das Oficinas","isPartOf":{"@id":"https:\/\/jornaldasoficinas.com\/pt\/#website"},"primaryImageOfPage":{"@id":"https:\/\/jornaldasoficinas.com\/pt\/23o-encontro-valorpneu-debate-presente-e-futuro-da-gestao-de-pneus-usados\/#primaryimage"},"image":{"@id":"https:\/\/jornaldasoficinas.com\/pt\/23o-encontro-valorpneu-debate-presente-e-futuro-da-gestao-de-pneus-usados\/#primaryimage"},"thumbnailUrl":"https:\/\/jornaldasoficinas.com\/pt\/wp-content\/uploads\/2025\/11\/23o-Encontro-Valorpneu-debate-Presente-e-Futuro.jpg","datePublished":"2025-11-12T18:00:35+00:00","description":"\u201cJuntos por um ambiente com futuro\u201d foi este o mote do 23\u00ba Encontro da Valorpneu, que se realizou no Funchal","breadcrumb":{"@id":"https:\/\/jornaldasoficinas.com\/pt\/23o-encontro-valorpneu-debate-presente-e-futuro-da-gestao-de-pneus-usados\/#breadcrumb"},"inLanguage":"pt-PT","potentialAction":[{"@type":"ReadAction","target":["https:\/\/jornaldasoficinas.com\/pt\/23o-encontro-valorpneu-debate-presente-e-futuro-da-gestao-de-pneus-usados\/"]}]},{"@type":"ImageObject","inLanguage":"pt-PT","@id":"https:\/\/jornaldasoficinas.com\/pt\/23o-encontro-valorpneu-debate-presente-e-futuro-da-gestao-de-pneus-usados\/#primaryimage","url":"https:\/\/jornaldasoficinas.com\/pt\/wp-content\/uploads\/2025\/11\/23o-Encontro-Valorpneu-debate-Presente-e-Futuro.jpg","contentUrl":"https:\/\/jornaldasoficinas.com\/pt\/wp-content\/uploads\/2025\/11\/23o-Encontro-Valorpneu-debate-Presente-e-Futuro.jpg","width":1024,"height":581,"caption":"11 - 23o Encontro Valorpneu debate Presente e Futuro"},{"@type":"BreadcrumbList","@id":"https:\/\/jornaldasoficinas.com\/pt\/23o-encontro-valorpneu-debate-presente-e-futuro-da-gestao-de-pneus-usados\/#breadcrumb","itemListElement":[{"@type":"ListItem","position":1,"name":"In\u00edcio","item":"https:\/\/jornaldasoficinas.com\/pt\/"},{"@type":"ListItem","position":2,"name":"23\u00ba Encontro Valorpneu debate Presente e Futuro da Gest\u00e3o de Pneus Usados"}]},{"@type":"WebSite","@id":"https:\/\/jornaldasoficinas.com\/pt\/#website","url":"https:\/\/jornaldasoficinas.com\/pt\/","name":"Jornal das Oficinas","description":"Jornal independente do Aftermarket Autom\u00f3vel em Portugal","publisher":{"@id":"https:\/\/jornaldasoficinas.com\/pt\/#organization"},"potentialAction":[{"@type":"SearchAction","target":{"@type":"EntryPoint","urlTemplate":"https:\/\/jornaldasoficinas.com\/pt\/?s={search_term_string}"},"query-input":{"@type":"PropertyValueSpecification","valueRequired":true,"valueName":"search_term_string"}}],"inLanguage":"pt-PT"},{"@type":"Organization","@id":"https:\/\/jornaldasoficinas.com\/pt\/#organization","name":"Jornal das Oficinas","url":"https:\/\/jornaldasoficinas.com\/pt\/","logo":{"@type":"ImageObject","inLanguage":"pt-PT","@id":"https:\/\/jornaldasoficinas.com\/pt\/#\/schema\/logo\/image\/","url":"https:\/\/jornaldasoficinas.com\/pt\/wp-content\/uploads\/logoJO-SEO.png","contentUrl":"https:\/\/jornaldasoficinas.com\/pt\/wp-content\/uploads\/logoJO-SEO.png","width":285,"height":450,"caption":"Jornal das Oficinas"},"image":{"@id":"https:\/\/jornaldasoficinas.com\/pt\/#\/schema\/logo\/image\/"},"sameAs":["https:\/\/www.facebook.com\/jornaloficinas","https:\/\/x.com\/jornaloficinas","https:\/\/www.instagram.com\/jornal_oficinas\/","https:\/\/www.linkedin.com\/company\/jornal-das-oficinas\/","https:\/\/www.youtube.com\/channel\/UCbQZBqtcvV-oSQrr7RzINGg"]},{"@type":"Person","@id":"https:\/\/jornaldasoficinas.com\/pt\/#\/schema\/person\/a38eef5de2c41d9e7c9ac10141afddf3","name":"Reda\u00e7\u00e3o JO","image":{"@type":"ImageObject","inLanguage":"pt-PT","@id":"https:\/\/secure.gravatar.com\/avatar\/71f2fa71737ad68a84fea94bc708ddac8ea5b0c4788dc2ad202f3ccb2887742f?s=96&d=wp_user_avatar&r=g","url":"https:\/\/secure.gravatar.com\/avatar\/71f2fa71737ad68a84fea94bc708ddac8ea5b0c4788dc2ad202f3ccb2887742f?s=96&d=wp_user_avatar&r=g","contentUrl":"https:\/\/secure.gravatar.com\/avatar\/71f2fa71737ad68a84fea94bc708ddac8ea5b0c4788dc2ad202f3ccb2887742f?s=96&d=wp_user_avatar&r=g","caption":"Reda\u00e7\u00e3o JO"},"url":"https:\/\/jornaldasoficinas.com\/pt\/author\/joredacao\/"}]}},"_links":{"self":[{"href":"https:\/\/jornaldasoficinas.com\/pt\/wp-json\/wp\/v2\/posts\/109397","targetHints":{"allow":["GET"]}}],"collection":[{"href":"https:\/\/jornaldasoficinas.com\/pt\/wp-json\/wp\/v2\/posts"}],"about":[{"href":"https:\/\/jornaldasoficinas.com\/pt\/wp-json\/wp\/v2\/types\/post"}],"author":[{"embeddable":true,"href":"https:\/\/jornaldasoficinas.com\/pt\/wp-json\/wp\/v2\/users\/15"}],"replies":[{"embeddable":true,"href":"https:\/\/jornaldasoficinas.com\/pt\/wp-json\/wp\/v2\/comments?post=109397"}],"version-history":[{"count":3,"href":"https:\/\/jornaldasoficinas.com\/pt\/wp-json\/wp\/v2\/posts\/109397\/revisions"}],"predecessor-version":[{"id":109427,"href":"https:\/\/jornaldasoficinas.com\/pt\/wp-json\/wp\/v2\/posts\/109397\/revisions\/109427"}],"wp:featuredmedia":[{"embeddable":true,"href":"https:\/\/jornaldasoficinas.com\/pt\/wp-json\/wp\/v2\/media\/109409"}],"wp:attachment":[{"href":"https:\/\/jornaldasoficinas.com\/pt\/wp-json\/wp\/v2\/media?parent=109397"}],"wp:term":[{"taxonomy":"category","embeddable":true,"href":"https:\/\/jornaldasoficinas.com\/pt\/wp-json\/wp\/v2\/categories?post=109397"},{"taxonomy":"post_tag","embeddable":true,"href":"https:\/\/jornaldasoficinas.com\/pt\/wp-json\/wp\/v2\/tags?post=109397"}],"curies":[{"name":"wp","href":"https:\/\/api.w.org\/{rel}","templated":true}]}}