{"id":109494,"date":"2025-11-14T08:00:05","date_gmt":"2025-11-14T08:00:05","guid":{"rendered":"https:\/\/jornaldasoficinas.com\/pt\/?p=109494"},"modified":"2025-11-14T08:01:19","modified_gmt":"2025-11-14T08:01:19","slug":"ancav-revela-primeiros-centros-autorizados-peca-verde","status":"publish","type":"post","link":"https:\/\/jornaldasoficinas.com\/pt\/ancav-revela-primeiros-centros-autorizados-peca-verde\/","title":{"rendered":"ANCAV revela primeiros centros autorizados \u201cPe\u00e7a Verde\u201d"},"content":{"rendered":"<p><img loading=\"lazy\" decoding=\"async\" class=\"alignnone size-full wp-image-109492\" src=\"https:\/\/jornaldasoficinas.com\/pt\/wp-content\/uploads\/2025\/11\/Peca-verde-2.jpg\" alt=\"11 - Peca verde 2\" width=\"1024\" height=\"581\" srcset=\"https:\/\/jornaldasoficinas.com\/pt\/wp-content\/uploads\/2025\/11\/Peca-verde-2.jpg 1024w, https:\/\/jornaldasoficinas.com\/pt\/wp-content\/uploads\/2025\/11\/Peca-verde-2-300x170.jpg 300w, https:\/\/jornaldasoficinas.com\/pt\/wp-content\/uploads\/2025\/11\/Peca-verde-2-150x85.jpg 150w, https:\/\/jornaldasoficinas.com\/pt\/wp-content\/uploads\/2025\/11\/Peca-verde-2-768x436.jpg 768w\" sizes=\"auto, (max-width: 1024px) 100vw, 1024px\" \/><\/p>\n<p><strong>Em mar\u00e7o de 2024, a <a href=\"https:\/\/ancav.pt\/\" target=\"_blank\" rel=\"noopener\">ANCAV<\/a> dava a conhecer, no Hotel Villa Batalha, a certifica\u00e7\u00e3o &#8220;Pe\u00e7a Verde&#8221;. A associa\u00e7\u00e3o regressou ao mesmo local para celebrar a acredita\u00e7\u00e3o dos primeiros Centros Autorizados, num evento acompanhado pelo Jornal das Oficinas\u00a0<\/strong><\/p>\n<p>A sess\u00e3o abriu com a interven\u00e7\u00e3o de V\u00edtor Pereira, presidente da ANCAV, que agradeceu a presen\u00e7a de todos, sublinhando a import\u00e2ncia deste momento para o setor. No arranque, fez um enquadramento do Projeto Pe\u00e7a Verde, recordando os objetivos e os crit\u00e9rios que orientam a certifica\u00e7\u00e3o. &#8220;Queremos aumentar a confian\u00e7a e a credibilidade. O setor tem vindo a mudar, h\u00e1 mais qualidade, mais rigor e transpar\u00eancia. Acreditamos muito neste projeto&#8221;, afirmou V\u00edtor Pereira, sublinhando que a certifica\u00e7\u00e3o garante um processo &#8220;transparente, rastre\u00e1vel e sustent\u00e1vel&#8221;.<\/p>\n<p>Ap\u00f3s a interven\u00e7\u00e3o inicial, o evento avan\u00e7ou para o momento mais aguardado: a apresenta\u00e7\u00e3o oficial dos primeiros Centros Autorizados Pe\u00e7a Verde, que marcam a entrada do projeto numa nova fase de implementa\u00e7\u00e3o no terreno. No total, foram anunciados nove centros \u2014 <a href=\"https:\/\/ambiponto.com\/\" target=\"_blank\" rel=\"noopener\">Ambiponto<\/a>, <a href=\"https:\/\/www.goncalo-simao.com\/\" target=\"_blank\" rel=\"noopener\">Gon\u00e7alo &amp; Sim\u00e3o<\/a>, <a href=\"https:\/\/difapauto.pt\/\" target=\"_blank\" rel=\"noopener\">Difapauto<\/a>, <a href=\"https:\/\/jesusbaptista.com\/\" target=\"_blank\" rel=\"noopener\">Jesus &amp; Baptista<\/a>, <a href=\"https:\/\/megapecas.pt\/\" target=\"_blank\" rel=\"noopener\">Megape\u00e7as<\/a>, <a href=\"https:\/\/autopecas.norsider.pt\/\" target=\"_blank\" rel=\"noopener\">NORSIDER<\/a>, <a href=\"https:\/\/ruisilauto.pt\/\" target=\"_blank\" rel=\"noopener\">Ruisilauto<\/a>, <a href=\"https:\/\/svpauto.com\/\" target=\"_blank\" rel=\"noopener\">S.V.P Auto<\/a> e <a href=\"https:\/\/servcarros.pt\/\" target=\"_blank\" rel=\"noopener\">Servcarros<\/a>.<\/p>\n<p>Seguiu-se a assinatura dos protocolos de colabora\u00e7\u00e3o entre a ANCAV e diversas entidades que se associaram ao projeto, entre as quais a <a href=\"https:\/\/www.atenasoftware.pt\/\" target=\"_blank\" rel=\"noopener\">ATENA Software<\/a>, <a href=\"https:\/\/www.b-parts.com\/\" target=\"_blank\" rel=\"noopener\">B-Parts<\/a>, <a href=\"https:\/\/www.valorcar.pt\/\" target=\"_blank\" rel=\"noopener\">VALORCAR<\/a>, <a href=\"https:\/\/www.anecra.pt\/\" target=\"_blank\" rel=\"noopener\">ANECRA<\/a> e o <a href=\"https:\/\/www.acp.pt\/\" target=\"_blank\" rel=\"noopener\">ACP<\/a>. Estas parcerias v\u00e3o permitir refor\u00e7ar o car\u00e1ter transversal da iniciativa, aproximando-a das \u00e1reas tecnol\u00f3gica, ambiental e institucional.<\/p>\n<p>O programa prosseguiu com a primeira mesa redonda, &#8220;Pe\u00e7a Verde \u2013 Da digitaliza\u00e7\u00e3o at\u00e9 ao terreno&#8221;. Lu\u00eds Vieira, administrador da B-Parts, destacou a relev\u00e2ncia deste projeto: &#8220;Este processo vem trazer aquilo que estava a faltar: a transpar\u00eancia&#8221;.<\/p>\n<p>Daniel Dias, CEO da Atena Software, reconheceu o esfor\u00e7o envolvido na implementa\u00e7\u00e3o: &#8220;Foi um caminho duro, o culminar de muito trabalho. Isto vai exigir mais dos centros de abate, mas ser\u00e1 essencial para garantir que tudo est\u00e1 a ser cumprido&#8221;.<\/p>\n<p>J\u00e1 Tiago Ribeiro, Business Development Manager da <a href=\"https:\/\/www.solera.pt\/\" target=\"_blank\" rel=\"noopener\">Solera Portugal<\/a>, apontou um dos desafios principais do mercado: &#8220;Quando falamos em credibilidade e seguran\u00e7a, o maior desafio \u00e9 a identifica\u00e7\u00e3o correta de uma pe\u00e7a. Quando solicitarmos pe\u00e7as verdes, j\u00e1 teremos toda a informa\u00e7\u00e3o necess\u00e1ria&#8221;, no entanto, &#8220;cada pe\u00e7a \u00e9 uma pe\u00e7a e o stock \u00e9 din\u00e2mico&#8221;.<\/p>\n<p>A segunda mesa redonda, &#8220;Pe\u00e7a Verde \u2013 Coopera\u00e7\u00e3o institucional&#8221;, juntou representantes do ACP, VALORCAR, ANECRA e da ANCAV. Roberto Gaspar, secret\u00e1rio-geral da ANECRA, come\u00e7ou por sublinhar o alinhamento da associa\u00e7\u00e3o com esta iniciativa: &#8220;Este projeto \u00e9 extremamente valorizado por n\u00f3s. Defendemos um setor cred\u00edvel, s\u00e9rio e transparente&#8221;.<\/p>\n<p>Sobre a import\u00e2ncia da sensibiliza\u00e7\u00e3o para estes temas, explicou que: &#8220;A Uni\u00e3o Europeia vai ter uma nova regulamenta\u00e7\u00e3o que dar\u00e1 ainda mais for\u00e7a a este projeto. Em todos os eventos que fazemos anualmente, a sustentabilidade est\u00e1 sempre presente&#8221;.<\/p>\n<p>Do lado do ACP, Bruno Gomes, respons\u00e1vel de ambiente e sustentabilidade, refor\u00e7ou a import\u00e2ncia dos incentivos fiscais: &#8220;Achamos importante a &#8220;fiscalidade verde&#8221;, olhar para uma pe\u00e7a reutilizada e aplicar um IVA mais reduzido, incentivando a utiliza\u00e7\u00e3o privilegiada deste tipo de solu\u00e7\u00e3o&#8221;.<\/p>\n<p>Na vis\u00e3o da VALORCAR, Jos\u00e9 Amaral, diretor operacional, referiu que a iniciativa &#8220;representa um farol das melhores pr\u00e1ticas, desde a componente ambiental at\u00e9 \u00e0 digitaliza\u00e7\u00e3o&#8221;, devendo ser &#8220;alargada a mais centros&#8221;. E, acrescentou: &#8220;Nos \u00faltimos cinco anos temos apostado na forma\u00e7\u00e3o dos centros de abate. Achamos que o maior contributo vai passar por aqui: atrav\u00e9s da capacita\u00e7\u00e3o das empresas&#8221;.<\/p>\n<p>A sess\u00e3o contou tamb\u00e9m com a participa\u00e7\u00e3o de Mafalda Mota, Chefe da Divis\u00e3o de Fluxo de Res\u00edduos e Mercado da <a href=\"https:\/\/apambiente.pt\/\" target=\"_blank\" rel=\"noopener\">APA<\/a> &#8211; Ag\u00eancia Portuguesa do Ambiente, que interveio por videoconfer\u00eancia e refor\u00e7ou a import\u00e2ncia de projetos como este no avan\u00e7o da economia circular.<\/p>\n<p>No seguimento do evento, estivemos \u00e0 conversa com V\u00edtor Pereira, Presidente da ANCAV, assista <a href=\"https:\/\/www.facebook.com\/reel\/858254783310535?locale=pt_PT\" target=\"_blank\" rel=\"noopener\">aqui<\/a>.<\/p>\n<p>&nbsp;<\/p>\n<div class=\"wonderplugingallery-container\" id=\"wonderplugingallery-container-272\" style=\"max-width:960px;margin:0 auto;\"><div class=\"wonderplugingallery\" id=\"wonderplugingallery-272\" data-galleryid=\"272\" data-width=\"960\" data-height=\"540\" data-skin=\"gallery\" data-playsinline=\"false\" data-mutevideo=\"false\" data-random=\"false\" data-autoslide=\"false\" data-autoplayvideo=\"false\" data-schemamarkup=\"false\" data-stopallplaying=\"false\" data-reloadonvideoend=\"false\" data-donotuseposter=\"false\" data-enabletabindex=\"false\" data-loadnextonvideoend=\"false\" data-hidetitlewhenvideoisplaying=\"false\" data-disablehovereventontouch=\"false\" data-ratioresponsive=\"false\" data-autoslideandplayafterfirstplayed=\"false\" data-html5player=\"true\" data-responsive=\"true\" data-fullwidth=\"false\" data-showtitle=\"true\" data-showdescription=\"true\" data-showplaybutton=\"true\" data-showfullscreenbutton=\"true\" data-showtimer=\"true\" data-showcarousel=\"true\" data-galleryshadow=\"false\" data-slideshadow=\"true\" data-thumbshowtitle=\"false\" data-thumbshowimage=\"true\" data-thumbshadow=\"true\" data-lightboxshowtitle=\"true\" data-lightboxshowdescription=\"true\" data-specifyid=\"true\" data-donotinit=\"false\" data-addinitscript=\"false\" data-triggerresize=\"false\" data-thumbcolumnsresponsive=\"false\" data-thumbverticalmiddle=\"true\" data-removeinlinecss=\"true\" data-switchonmouseover=\"false\" data-showcategory=\"true\" data-carouselpagination=\"false\" data-showimgtitle=\"false\" data-titlesmallscreen=\"false\" data-initsocial=\"true\" data-showsocial=\"false\" data-showemail=\"false\" data-showfacebook=\"true\" data-showtwitter=\"true\" data-showpinterest=\"true\" data-socialrotateeffect=\"true\" data-doshortcodeontext=\"false\" data-loop=\"0\" data-duration=\"1500\" data-slideduration=\"1000\" data-slideshowinterval=\"6000\" data-googleanalyticsaccount=\"\" data-ga4account=\"\" data-resizemode=\"fill\" data-imagetoolboxmode=\"mouseover\" data-effect=\"fade\" data-padding=\"12\" data-bgcolor=\"\" data-bgimage=\"\" data-thumbwidth=\"120\" data-thumbheight=\"60\" data-thumbgap=\"8\" data-thumbrowgap=\"16\" data-lightboxtextheight=\"72\" data-lightboxtitlecss=\"{color:#333333; font:bold 12px Arial,Helvetica,sans-serif; overflow:hidden; white-space:normal; line-height:18px;}\" data-lightboxdescriptioncss=\"{color:#333333; font:normal 12px Arial,Helvetica,sans-serif; overflow:hidden; white-space:normal; line-height:14px;}\" data-titlecss=\"{color:#ffffff; font-size:14px; font-family:Armata, sans-serif, Arial; overflow:hidden; text-align:left; padding:10px 0px 10px 10px; background:rgb(102, 102, 102) transparent; background:rgba(102, 102, 102, 0.6);}\" data-descriptioncss=\"{color:#ffffff; font-size:13px; font-family:Armata, sans-serif, Arial; overflow:hidden; text-align:left; padding:0px 0px 10px 10px; background:rgb(102, 102, 102) transparent; background:rgba(102, 102, 102, 0.6);}\" data-titleheight=\"72\" data-titlesmallscreenwidth=\"640\" data-titleheightsmallscreen=\"148\" data-socialmode=\"mouseover\" data-socialposition=\"position:absolute;top:8px;right:8px;\" data-socialpositionlightbox=\"position:absolute;top:8px;right:8px;\" data-socialdirection=\"horizontal\" data-socialbuttonsize=\"32\" data-socialbuttonfontsize=\"18\" data-defaultvideovolume=\"1\" data-ratiomediumscreen=\"1024\" data-ratiomediumheight=\"1.6\" data-ratiosmallscreen=\"767\" data-ratiosmallheight=\"2.4\" data-thumbtitleheight=\"24\" data-thumbmediumtitleheight=\"48\" data-thumbsmalltitleheight=\"72\" data-categoryheight=\"48\" data-categorydefault=\"all\" data-triggerresizedelay=\"100\" data-thumbmediumsize=\"800\" data-thumbsmallsize=\"480\" data-thumbmediumwidth=\"64\" data-thumbmediumheight=\"64\" data-thumbsmallwidth=\"48\" data-thumbsmallheight=\"48\" data-imgtitle=\"title\" data-carouselpaginationrow=\"3\" data-categorystyle=\"dropdown\" data-categorylist=\"[{&quot;slug&quot;:&quot;all&quot;,&quot;caption&quot;:&quot;Show All&quot;}]\" data-jsfolder=\"https:\/\/jornaldasoficinas.com\/pt\/wp-content\/plugins\/wonderplugin-gallery\/engine\/\" style=\"display:none;\" ><a class=\"html5galleryimglink\" href=\"https:\/\/jornaldasoficinas.com\/pt\/wp-content\/uploads\/2025\/11\/ANCAV\/559699468_1741535447063578_7686341626576229679_n.jpg\" data-mediatype=1><img decoding=\"async\" class=\"html5galleryimg html5gallery-tn-image\" src=\"https:\/\/jornaldasoficinas.com\/pt\/wp-content\/uploads\/2025\/11\/ANCAV\/559699468_1741535447063578_7686341626576229679_n.jpg\" alt=\"\"><\/a><div class=\"html5gallery-info\"><\/div><a class=\"html5galleryimglink\" href=\"https:\/\/jornaldasoficinas.com\/pt\/wp-content\/uploads\/2025\/11\/ANCAV\/560158232_1741536020396854_743751471757608874_n.jpg\" data-mediatype=1><img decoding=\"async\" class=\"html5galleryimg html5gallery-tn-image\" src=\"https:\/\/jornaldasoficinas.com\/pt\/wp-content\/uploads\/2025\/11\/ANCAV\/560158232_1741536020396854_743751471757608874_n.jpg\" alt=\"\"><\/a><div class=\"html5gallery-info\"><\/div><a class=\"html5galleryimglink\" href=\"https:\/\/jornaldasoficinas.com\/pt\/wp-content\/uploads\/2025\/11\/ANCAV\/579218482_1741536173730172_7803609833763969098_n.jpg\" data-mediatype=1><img decoding=\"async\" class=\"html5galleryimg html5gallery-tn-image\" src=\"https:\/\/jornaldasoficinas.com\/pt\/wp-content\/uploads\/2025\/11\/ANCAV\/579218482_1741536173730172_7803609833763969098_n.jpg\" alt=\"\"><\/a><div class=\"html5gallery-info\"><\/div><a class=\"html5galleryimglink\" href=\"https:\/\/jornaldasoficinas.com\/pt\/wp-content\/uploads\/2025\/11\/ANCAV\/579882010_1741535153730274_1503357403868743270_n.jpg\" data-mediatype=1><img decoding=\"async\" class=\"html5galleryimg html5gallery-tn-image\" src=\"https:\/\/jornaldasoficinas.com\/pt\/wp-content\/uploads\/2025\/11\/ANCAV\/579882010_1741535153730274_1503357403868743270_n.jpg\" alt=\"\"><\/a><div class=\"html5gallery-info\"><\/div><a class=\"html5galleryimglink\" href=\"https:\/\/jornaldasoficinas.com\/pt\/wp-content\/uploads\/2025\/11\/ANCAV\/580024581_1741535383730251_4296901275554512136_n.jpg\" data-mediatype=1><img decoding=\"async\" class=\"html5galleryimg html5gallery-tn-image\" src=\"https:\/\/jornaldasoficinas.com\/pt\/wp-content\/uploads\/2025\/11\/ANCAV\/580024581_1741535383730251_4296901275554512136_n.jpg\" alt=\"\"><\/a><div class=\"html5gallery-info\"><\/div><a class=\"html5galleryimglink\" href=\"https:\/\/jornaldasoficinas.com\/pt\/wp-content\/uploads\/2025\/11\/ANCAV\/580075515_1741535517063571_8902536665077158353_n.jpg\" data-mediatype=1><img decoding=\"async\" class=\"html5galleryimg html5gallery-tn-image\" src=\"https:\/\/jornaldasoficinas.com\/pt\/wp-content\/uploads\/2025\/11\/ANCAV\/580075515_1741535517063571_8902536665077158353_n.jpg\" alt=\"\"><\/a><div class=\"html5gallery-info\"><\/div><a class=\"html5galleryimglink\" href=\"https:\/\/jornaldasoficinas.com\/pt\/wp-content\/uploads\/2025\/11\/ANCAV\/580119149_1741536037063519_2241265723158131605_n.jpg\" data-mediatype=1><img decoding=\"async\" class=\"html5galleryimg html5gallery-tn-image\" src=\"https:\/\/jornaldasoficinas.com\/pt\/wp-content\/uploads\/2025\/11\/ANCAV\/580119149_1741536037063519_2241265723158131605_n.jpg\" alt=\"\"><\/a><div class=\"html5gallery-info\"><\/div><a class=\"html5galleryimglink\" href=\"https:\/\/jornaldasoficinas.com\/pt\/wp-content\/uploads\/2025\/11\/ANCAV\/580893521_1741534933730296_8676623139168868662_n.jpg\" data-mediatype=1><img decoding=\"async\" class=\"html5galleryimg html5gallery-tn-image\" src=\"https:\/\/jornaldasoficinas.com\/pt\/wp-content\/uploads\/2025\/11\/ANCAV\/580893521_1741534933730296_8676623139168868662_n.jpg\" alt=\"\"><\/a><div class=\"html5gallery-info\"><\/div><a class=\"html5galleryimglink\" href=\"https:\/\/jornaldasoficinas.com\/pt\/wp-content\/uploads\/2025\/11\/ANCAV\/580910459_1741535850396871_6094072155969929537_n.jpg\" data-mediatype=1><img decoding=\"async\" class=\"html5galleryimg html5gallery-tn-image\" src=\"https:\/\/jornaldasoficinas.com\/pt\/wp-content\/uploads\/2025\/11\/ANCAV\/580910459_1741535850396871_6094072155969929537_n.jpg\" alt=\"\"><\/a><div class=\"html5gallery-info\"><\/div><a class=\"html5galleryimglink\" href=\"https:\/\/jornaldasoficinas.com\/pt\/wp-content\/uploads\/2025\/11\/ANCAV\/580945660_1741535713730218_126068614753787903_n.jpg\" data-mediatype=1><img decoding=\"async\" class=\"html5galleryimg html5gallery-tn-image\" src=\"https:\/\/jornaldasoficinas.com\/pt\/wp-content\/uploads\/2025\/11\/ANCAV\/580945660_1741535713730218_126068614753787903_n.jpg\" alt=\"\"><\/a><div class=\"html5gallery-info\"><\/div><a class=\"html5galleryimglink\" href=\"https:\/\/jornaldasoficinas.com\/pt\/wp-content\/uploads\/2025\/11\/ANCAV\/581024051_1741534903730299_43293554920188461_n.jpg\" data-mediatype=1><img decoding=\"async\" class=\"html5galleryimg html5gallery-tn-image\" src=\"https:\/\/jornaldasoficinas.com\/pt\/wp-content\/uploads\/2025\/11\/ANCAV\/581024051_1741534903730299_43293554920188461_n.jpg\" alt=\"\"><\/a><div class=\"html5gallery-info\"><\/div><a class=\"html5galleryimglink\" href=\"https:\/\/jornaldasoficinas.com\/pt\/wp-content\/uploads\/2025\/11\/ANCAV\/581404911_1741535377063585_8189614873188221899_n.jpg\" data-mediatype=1><img decoding=\"async\" class=\"html5galleryimg html5gallery-tn-image\" src=\"https:\/\/jornaldasoficinas.com\/pt\/wp-content\/uploads\/2025\/11\/ANCAV\/581404911_1741535377063585_8189614873188221899_n.jpg\" alt=\"\"><\/a><div class=\"html5gallery-info\"><\/div><a class=\"html5galleryimglink\" href=\"https:\/\/jornaldasoficinas.com\/pt\/wp-content\/uploads\/2025\/11\/ANCAV\/581554277_1741535317063591_7548992371556534032_n.jpg\" data-mediatype=1><img decoding=\"async\" class=\"html5galleryimg html5gallery-tn-image\" src=\"https:\/\/jornaldasoficinas.com\/pt\/wp-content\/uploads\/2025\/11\/ANCAV\/581554277_1741535317063591_7548992371556534032_n.jpg\" alt=\"\"><\/a><div class=\"html5gallery-info\"><\/div><a class=\"html5galleryimglink\" href=\"https:\/\/jornaldasoficinas.com\/pt\/wp-content\/uploads\/2025\/11\/ANCAV\/581771970_1741535837063539_5087311532934685330_n.jpg\" data-mediatype=1><img decoding=\"async\" class=\"html5galleryimg html5gallery-tn-image\" src=\"https:\/\/jornaldasoficinas.com\/pt\/wp-content\/uploads\/2025\/11\/ANCAV\/581771970_1741535837063539_5087311532934685330_n.jpg\" alt=\"\"><\/a><div class=\"html5gallery-info\"><\/div><a class=\"html5galleryimglink\" href=\"https:\/\/jornaldasoficinas.com\/pt\/wp-content\/uploads\/2025\/11\/ANCAV\/581806172_1741535107063612_5205893200449669925_n.jpg\" data-mediatype=1><img decoding=\"async\" class=\"html5galleryimg html5gallery-tn-image\" src=\"https:\/\/jornaldasoficinas.com\/pt\/wp-content\/uploads\/2025\/11\/ANCAV\/581806172_1741535107063612_5205893200449669925_n.jpg\" alt=\"\"><\/a><div class=\"html5gallery-info\"><\/div><a class=\"html5galleryimglink\" href=\"https:\/\/jornaldasoficinas.com\/pt\/wp-content\/uploads\/2025\/11\/ANCAV\/581836495_1741535287063594_3177355205633604881_n.jpg\" data-mediatype=1><img decoding=\"async\" class=\"html5galleryimg html5gallery-tn-image\" src=\"https:\/\/jornaldasoficinas.com\/pt\/wp-content\/uploads\/2025\/11\/ANCAV\/581836495_1741535287063594_3177355205633604881_n.jpg\" alt=\"\"><\/a><div class=\"html5gallery-info\"><\/div><a class=\"html5galleryimglink\" href=\"https:\/\/jornaldasoficinas.com\/pt\/wp-content\/uploads\/2025\/11\/ANCAV\/582075134_1741535667063556_5237855785591827452_n.jpg\" data-mediatype=1><img decoding=\"async\" class=\"html5galleryimg html5gallery-tn-image\" src=\"https:\/\/jornaldasoficinas.com\/pt\/wp-content\/uploads\/2025\/11\/ANCAV\/582075134_1741535667063556_5237855785591827452_n.jpg\" alt=\"\"><\/a><div class=\"html5gallery-info\"><\/div><a class=\"html5galleryimglink\" href=\"https:\/\/jornaldasoficinas.com\/pt\/wp-content\/uploads\/2025\/11\/ANCAV\/582111720_1741536237063499_4881002571775550363_n.jpg\" data-mediatype=1><img decoding=\"async\" class=\"html5galleryimg html5gallery-tn-image\" src=\"https:\/\/jornaldasoficinas.com\/pt\/wp-content\/uploads\/2025\/11\/ANCAV\/582111720_1741536237063499_4881002571775550363_n.jpg\" alt=\"\"><\/a><div class=\"html5gallery-info\"><\/div><a class=\"html5galleryimglink\" href=\"https:\/\/jornaldasoficinas.com\/pt\/wp-content\/uploads\/2025\/11\/ANCAV\/582434112_1741536077063515_6998996371487543747_n.jpg\" data-mediatype=1><img decoding=\"async\" class=\"html5galleryimg html5gallery-tn-image\" src=\"https:\/\/jornaldasoficinas.com\/pt\/wp-content\/uploads\/2025\/11\/ANCAV\/582434112_1741536077063515_6998996371487543747_n.jpg\" alt=\"\"><\/a><div class=\"html5gallery-info\"><\/div><a class=\"html5galleryimglink\" href=\"https:\/\/jornaldasoficinas.com\/pt\/wp-content\/uploads\/2025\/11\/ANCAV\/582555720_1741535130396943_8243915486266211585_n.jpg\" data-mediatype=1><img decoding=\"async\" class=\"html5galleryimg html5gallery-tn-image\" src=\"https:\/\/jornaldasoficinas.com\/pt\/wp-content\/uploads\/2025\/11\/ANCAV\/582555720_1741535130396943_8243915486266211585_n.jpg\" alt=\"\"><\/a><div class=\"html5gallery-info\"><\/div><a class=\"html5galleryimglink\" href=\"https:\/\/jornaldasoficinas.com\/pt\/wp-content\/uploads\/2025\/11\/ANCAV\/582608719_1741535900396866_6861456493908003447_n.jpg\" data-mediatype=1><img decoding=\"async\" class=\"html5galleryimg html5gallery-tn-image\" src=\"https:\/\/jornaldasoficinas.com\/pt\/wp-content\/uploads\/2025\/11\/ANCAV\/582608719_1741535900396866_6861456493908003447_n.jpg\" alt=\"\"><\/a><div class=\"html5gallery-info\"><\/div><a class=\"html5galleryimglink\" href=\"https:\/\/jornaldasoficinas.com\/pt\/wp-content\/uploads\/2025\/11\/ANCAV\/582678524_1741535553730234_4760411849066984091_n.jpg\" data-mediatype=1><img decoding=\"async\" class=\"html5galleryimg html5gallery-tn-image\" src=\"https:\/\/jornaldasoficinas.com\/pt\/wp-content\/uploads\/2025\/11\/ANCAV\/582678524_1741535553730234_4760411849066984091_n.jpg\" alt=\"\"><\/a><div class=\"html5gallery-info\"><\/div><a class=\"html5galleryimglink\" href=\"https:\/\/jornaldasoficinas.com\/pt\/wp-content\/uploads\/2025\/11\/ANCAV\/582752598_1741535690396887_6066761235832092037_n.jpg\" data-mediatype=1><img decoding=\"async\" class=\"html5galleryimg html5gallery-tn-image\" src=\"https:\/\/jornaldasoficinas.com\/pt\/wp-content\/uploads\/2025\/11\/ANCAV\/582752598_1741535690396887_6066761235832092037_n.jpg\" alt=\"\"><\/a><div class=\"html5gallery-info\"><\/div><a class=\"html5galleryimglink\" href=\"https:\/\/jornaldasoficinas.com\/pt\/wp-content\/uploads\/2025\/11\/ANCAV\/582780780_1741536190396837_6266426822779251958_n.jpg\" data-mediatype=1><img decoding=\"async\" class=\"html5galleryimg html5gallery-tn-image\" src=\"https:\/\/jornaldasoficinas.com\/pt\/wp-content\/uploads\/2025\/11\/ANCAV\/582780780_1741536190396837_6266426822779251958_n.jpg\" alt=\"\"><\/a><div class=\"html5gallery-info\"><\/div><a class=\"html5galleryimglink\" href=\"https:\/\/jornaldasoficinas.com\/pt\/wp-content\/uploads\/2025\/11\/ANCAV\/582828158_1741535800396876_5676388620481024570_n.jpg\" data-mediatype=1><img decoding=\"async\" class=\"html5galleryimg html5gallery-tn-image\" src=\"https:\/\/jornaldasoficinas.com\/pt\/wp-content\/uploads\/2025\/11\/ANCAV\/582828158_1741535800396876_5676388620481024570_n.jpg\" alt=\"\"><\/a><div class=\"html5gallery-info\"><\/div><a class=\"html5galleryimglink\" href=\"https:\/\/jornaldasoficinas.com\/pt\/wp-content\/uploads\/2025\/11\/ANCAV\/583074452_1741535577063565_8779221639636610746_n.jpg\" data-mediatype=1><img decoding=\"async\" class=\"html5galleryimg html5gallery-tn-image\" src=\"https:\/\/jornaldasoficinas.com\/pt\/wp-content\/uploads\/2025\/11\/ANCAV\/583074452_1741535577063565_8779221639636610746_n.jpg\" alt=\"\"><\/a><div class=\"html5gallery-info\"><\/div><a class=\"html5galleryimglink\" href=\"https:\/\/jornaldasoficinas.com\/pt\/wp-content\/uploads\/2025\/11\/ANCAV\/583128066_1741534987063624_5928416859608169039_n.jpg\" data-mediatype=1><img decoding=\"async\" class=\"html5galleryimg html5gallery-tn-image\" src=\"https:\/\/jornaldasoficinas.com\/pt\/wp-content\/uploads\/2025\/11\/ANCAV\/583128066_1741534987063624_5928416859608169039_n.jpg\" alt=\"\"><\/a><div class=\"html5gallery-info\"><\/div><a class=\"html5galleryimglink\" href=\"https:\/\/jornaldasoficinas.com\/pt\/wp-content\/uploads\/2025\/11\/ANCAV\/583220443_1741534920396964_3806239291777207825_n.jpg\" data-mediatype=1><img decoding=\"async\" class=\"html5galleryimg html5gallery-tn-image\" src=\"https:\/\/jornaldasoficinas.com\/pt\/wp-content\/uploads\/2025\/11\/ANCAV\/583220443_1741534920396964_3806239291777207825_n.jpg\" alt=\"\"><\/a><div class=\"html5gallery-info\"><\/div><\/div><\/div><script>function wondergallery_272_appendcss(csscode) {var head=document.head || document.getElementsByTagName(\"head\")[0];var style=document.createElement(\"style\");head.appendChild(style);style.type=\"text\/css\";if (style.styleSheet){style.styleSheet.cssText=csscode;} else {style.appendChild(document.createTextNode(csscode));}};wondergallery_272_appendcss(\"#wonderplugingallery-272 .html5gallery-cat-selection-272 { \tbox-sizing: border-box; \ttext-align: center; }  #wonderplugingallery-272 .html5gallery-cat-selection-272 select { \tbox-sizing: border-box; \tmargin: 4px auto; }\");<\/script>\n","protected":false},"excerpt":{"rendered":"<p>Em mar\u00e7o de 2024, a ANCAV&#8230;<\/p>\n","protected":false},"author":15,"featured_media":109492,"comment_status":"closed","ping_status":"closed","sticky":false,"template":"","format":"standard","meta":{"footnotes":""},"categories":[29],"tags":[8073,7459,13995,387,8074,1767,8077],"class_list":["post-109494","post","type-post","status-publish","format-standard","has-post-thumbnail","hentry","category-empresas","tag-ancav","tag-apresentacao-oficial","tag-centros-autorizados","tag-economia-circular","tag-peca-verde","tag-sustentabilidade","tag-vitor-pereira"],"yoast_head":"<!-- This site is optimized with the Yoast SEO plugin v27.4 - https:\/\/yoast.com\/product\/yoast-seo-wordpress\/ -->\n<title>ANCAV revela primeiros centros autorizados \u201cPe\u00e7a Verde\u201d - Jornal das Oficinas<\/title>\n<meta name=\"description\" content=\"A ANCAV regressou ao Hotel Villa Batalha, desta vez, para celebrar a acredita\u00e7\u00e3o dos primeiros Centros Autorizados &quot;Pe\u00e7a Verde&quot;\" \/>\n<meta name=\"robots\" content=\"index, follow, max-snippet:-1, max-image-preview:large, max-video-preview:-1\" \/>\n<link rel=\"canonical\" href=\"https:\/\/jornaldasoficinas.com\/pt\/ancav-revela-primeiros-centros-autorizados-peca-verde\/\" \/>\n<meta property=\"og:locale\" content=\"pt_PT\" \/>\n<meta property=\"og:type\" content=\"article\" \/>\n<meta property=\"og:title\" content=\"ANCAV revela primeiros centros autorizados \u201cPe\u00e7a Verde\u201d - Jornal das Oficinas\" \/>\n<meta property=\"og:description\" content=\"A ANCAV regressou ao Hotel Villa Batalha, desta vez, para celebrar a acredita\u00e7\u00e3o dos primeiros Centros Autorizados &quot;Pe\u00e7a Verde&quot;\" \/>\n<meta property=\"og:url\" content=\"https:\/\/jornaldasoficinas.com\/pt\/ancav-revela-primeiros-centros-autorizados-peca-verde\/\" \/>\n<meta property=\"og:site_name\" content=\"Jornal das Oficinas\" \/>\n<meta property=\"article:publisher\" content=\"https:\/\/www.facebook.com\/jornaloficinas\" \/>\n<meta property=\"article:published_time\" content=\"2025-11-14T08:00:05+00:00\" \/>\n<meta property=\"article:modified_time\" content=\"2025-11-14T08:01:19+00:00\" \/>\n<meta property=\"og:image\" content=\"https:\/\/jornaldasoficinas.com\/pt\/wp-content\/uploads\/2025\/11\/Peca-verde-2.jpg\" \/>\n\t<meta property=\"og:image:width\" content=\"1024\" \/>\n\t<meta property=\"og:image:height\" content=\"581\" \/>\n\t<meta property=\"og:image:type\" content=\"image\/jpeg\" \/>\n<meta name=\"author\" content=\"Reda\u00e7\u00e3o JO\" \/>\n<meta name=\"twitter:card\" content=\"summary_large_image\" \/>\n<meta name=\"twitter:creator\" content=\"@jornaloficinas\" \/>\n<meta name=\"twitter:site\" content=\"@jornaloficinas\" \/>\n<meta name=\"twitter:label1\" content=\"Escrito por\" \/>\n\t<meta name=\"twitter:data1\" content=\"Reda\u00e7\u00e3o JO\" \/>\n\t<meta name=\"twitter:label2\" content=\"Tempo estimado de leitura\" \/>\n\t<meta name=\"twitter:data2\" content=\"4 minutos\" \/>\n<script type=\"application\/ld+json\" class=\"yoast-schema-graph\">{\"@context\":\"https:\\\/\\\/schema.org\",\"@graph\":[{\"@type\":\"Article\",\"@id\":\"https:\\\/\\\/jornaldasoficinas.com\\\/pt\\\/ancav-revela-primeiros-centros-autorizados-peca-verde\\\/#article\",\"isPartOf\":{\"@id\":\"https:\\\/\\\/jornaldasoficinas.com\\\/pt\\\/ancav-revela-primeiros-centros-autorizados-peca-verde\\\/\"},\"author\":{\"name\":\"Reda\u00e7\u00e3o JO\",\"@id\":\"https:\\\/\\\/jornaldasoficinas.com\\\/pt\\\/#\\\/schema\\\/person\\\/a38eef5de2c41d9e7c9ac10141afddf3\"},\"headline\":\"ANCAV revela primeiros centros autorizados \u201cPe\u00e7a Verde\u201d\",\"datePublished\":\"2025-11-14T08:00:05+00:00\",\"dateModified\":\"2025-11-14T08:01:19+00:00\",\"mainEntityOfPage\":{\"@id\":\"https:\\\/\\\/jornaldasoficinas.com\\\/pt\\\/ancav-revela-primeiros-centros-autorizados-peca-verde\\\/\"},\"wordCount\":687,\"publisher\":{\"@id\":\"https:\\\/\\\/jornaldasoficinas.com\\\/pt\\\/#organization\"},\"image\":{\"@id\":\"https:\\\/\\\/jornaldasoficinas.com\\\/pt\\\/ancav-revela-primeiros-centros-autorizados-peca-verde\\\/#primaryimage\"},\"thumbnailUrl\":\"https:\\\/\\\/jornaldasoficinas.com\\\/pt\\\/wp-content\\\/uploads\\\/2025\\\/11\\\/Peca-verde-2.jpg\",\"keywords\":[\"ANCAV\",\"apresenta\u00e7\u00e3o oficial\",\"Centros Autorizados\",\"Economia Circular\",\"Pe\u00e7a verde\",\"Sustentabilidade\",\"Vitor Pereira\"],\"articleSection\":[\"Empresas\"],\"inLanguage\":\"pt-PT\"},{\"@type\":\"WebPage\",\"@id\":\"https:\\\/\\\/jornaldasoficinas.com\\\/pt\\\/ancav-revela-primeiros-centros-autorizados-peca-verde\\\/\",\"url\":\"https:\\\/\\\/jornaldasoficinas.com\\\/pt\\\/ancav-revela-primeiros-centros-autorizados-peca-verde\\\/\",\"name\":\"ANCAV revela primeiros centros autorizados \u201cPe\u00e7a Verde\u201d - Jornal das Oficinas\",\"isPartOf\":{\"@id\":\"https:\\\/\\\/jornaldasoficinas.com\\\/pt\\\/#website\"},\"primaryImageOfPage\":{\"@id\":\"https:\\\/\\\/jornaldasoficinas.com\\\/pt\\\/ancav-revela-primeiros-centros-autorizados-peca-verde\\\/#primaryimage\"},\"image\":{\"@id\":\"https:\\\/\\\/jornaldasoficinas.com\\\/pt\\\/ancav-revela-primeiros-centros-autorizados-peca-verde\\\/#primaryimage\"},\"thumbnailUrl\":\"https:\\\/\\\/jornaldasoficinas.com\\\/pt\\\/wp-content\\\/uploads\\\/2025\\\/11\\\/Peca-verde-2.jpg\",\"datePublished\":\"2025-11-14T08:00:05+00:00\",\"dateModified\":\"2025-11-14T08:01:19+00:00\",\"description\":\"A ANCAV regressou ao Hotel Villa Batalha, desta vez, para celebrar a acredita\u00e7\u00e3o dos primeiros Centros Autorizados \\\"Pe\u00e7a Verde\\\"\",\"breadcrumb\":{\"@id\":\"https:\\\/\\\/jornaldasoficinas.com\\\/pt\\\/ancav-revela-primeiros-centros-autorizados-peca-verde\\\/#breadcrumb\"},\"inLanguage\":\"pt-PT\",\"potentialAction\":[{\"@type\":\"ReadAction\",\"target\":[\"https:\\\/\\\/jornaldasoficinas.com\\\/pt\\\/ancav-revela-primeiros-centros-autorizados-peca-verde\\\/\"]}]},{\"@type\":\"ImageObject\",\"inLanguage\":\"pt-PT\",\"@id\":\"https:\\\/\\\/jornaldasoficinas.com\\\/pt\\\/ancav-revela-primeiros-centros-autorizados-peca-verde\\\/#primaryimage\",\"url\":\"https:\\\/\\\/jornaldasoficinas.com\\\/pt\\\/wp-content\\\/uploads\\\/2025\\\/11\\\/Peca-verde-2.jpg\",\"contentUrl\":\"https:\\\/\\\/jornaldasoficinas.com\\\/pt\\\/wp-content\\\/uploads\\\/2025\\\/11\\\/Peca-verde-2.jpg\",\"width\":1024,\"height\":581,\"caption\":\"11 - Peca verde 2\"},{\"@type\":\"BreadcrumbList\",\"@id\":\"https:\\\/\\\/jornaldasoficinas.com\\\/pt\\\/ancav-revela-primeiros-centros-autorizados-peca-verde\\\/#breadcrumb\",\"itemListElement\":[{\"@type\":\"ListItem\",\"position\":1,\"name\":\"In\u00edcio\",\"item\":\"https:\\\/\\\/jornaldasoficinas.com\\\/pt\\\/\"},{\"@type\":\"ListItem\",\"position\":2,\"name\":\"ANCAV revela primeiros centros autorizados \u201cPe\u00e7a Verde\u201d\"}]},{\"@type\":\"WebSite\",\"@id\":\"https:\\\/\\\/jornaldasoficinas.com\\\/pt\\\/#website\",\"url\":\"https:\\\/\\\/jornaldasoficinas.com\\\/pt\\\/\",\"name\":\"Jornal das Oficinas\",\"description\":\"Jornal independente do Aftermarket Autom\u00f3vel em Portugal\",\"publisher\":{\"@id\":\"https:\\\/\\\/jornaldasoficinas.com\\\/pt\\\/#organization\"},\"potentialAction\":[{\"@type\":\"SearchAction\",\"target\":{\"@type\":\"EntryPoint\",\"urlTemplate\":\"https:\\\/\\\/jornaldasoficinas.com\\\/pt\\\/?s={search_term_string}\"},\"query-input\":{\"@type\":\"PropertyValueSpecification\",\"valueRequired\":true,\"valueName\":\"search_term_string\"}}],\"inLanguage\":\"pt-PT\"},{\"@type\":\"Organization\",\"@id\":\"https:\\\/\\\/jornaldasoficinas.com\\\/pt\\\/#organization\",\"name\":\"Jornal das Oficinas\",\"url\":\"https:\\\/\\\/jornaldasoficinas.com\\\/pt\\\/\",\"logo\":{\"@type\":\"ImageObject\",\"inLanguage\":\"pt-PT\",\"@id\":\"https:\\\/\\\/jornaldasoficinas.com\\\/pt\\\/#\\\/schema\\\/logo\\\/image\\\/\",\"url\":\"https:\\\/\\\/jornaldasoficinas.com\\\/pt\\\/wp-content\\\/uploads\\\/logoJO-SEO.png\",\"contentUrl\":\"https:\\\/\\\/jornaldasoficinas.com\\\/pt\\\/wp-content\\\/uploads\\\/logoJO-SEO.png\",\"width\":285,\"height\":450,\"caption\":\"Jornal das Oficinas\"},\"image\":{\"@id\":\"https:\\\/\\\/jornaldasoficinas.com\\\/pt\\\/#\\\/schema\\\/logo\\\/image\\\/\"},\"sameAs\":[\"https:\\\/\\\/www.facebook.com\\\/jornaloficinas\",\"https:\\\/\\\/x.com\\\/jornaloficinas\",\"https:\\\/\\\/www.instagram.com\\\/jornal_oficinas\\\/\",\"https:\\\/\\\/www.linkedin.com\\\/company\\\/jornal-das-oficinas\\\/\",\"https:\\\/\\\/www.youtube.com\\\/channel\\\/UCbQZBqtcvV-oSQrr7RzINGg\"]},{\"@type\":\"Person\",\"@id\":\"https:\\\/\\\/jornaldasoficinas.com\\\/pt\\\/#\\\/schema\\\/person\\\/a38eef5de2c41d9e7c9ac10141afddf3\",\"name\":\"Reda\u00e7\u00e3o JO\",\"image\":{\"@type\":\"ImageObject\",\"inLanguage\":\"pt-PT\",\"@id\":\"https:\\\/\\\/secure.gravatar.com\\\/avatar\\\/71f2fa71737ad68a84fea94bc708ddac8ea5b0c4788dc2ad202f3ccb2887742f?s=96&d=wp_user_avatar&r=g\",\"url\":\"https:\\\/\\\/secure.gravatar.com\\\/avatar\\\/71f2fa71737ad68a84fea94bc708ddac8ea5b0c4788dc2ad202f3ccb2887742f?s=96&d=wp_user_avatar&r=g\",\"contentUrl\":\"https:\\\/\\\/secure.gravatar.com\\\/avatar\\\/71f2fa71737ad68a84fea94bc708ddac8ea5b0c4788dc2ad202f3ccb2887742f?s=96&d=wp_user_avatar&r=g\",\"caption\":\"Reda\u00e7\u00e3o JO\"},\"url\":\"https:\\\/\\\/jornaldasoficinas.com\\\/pt\\\/author\\\/joredacao\\\/\"}]}<\/script>\n<!-- \/ Yoast SEO plugin. -->","yoast_head_json":{"title":"ANCAV revela primeiros centros autorizados \u201cPe\u00e7a Verde\u201d - Jornal das Oficinas","description":"A ANCAV regressou ao Hotel Villa Batalha, desta vez, para celebrar a acredita\u00e7\u00e3o dos primeiros Centros Autorizados \"Pe\u00e7a Verde\"","robots":{"index":"index","follow":"follow","max-snippet":"max-snippet:-1","max-image-preview":"max-image-preview:large","max-video-preview":"max-video-preview:-1"},"canonical":"https:\/\/jornaldasoficinas.com\/pt\/ancav-revela-primeiros-centros-autorizados-peca-verde\/","og_locale":"pt_PT","og_type":"article","og_title":"ANCAV revela primeiros centros autorizados \u201cPe\u00e7a Verde\u201d - Jornal das Oficinas","og_description":"A ANCAV regressou ao Hotel Villa Batalha, desta vez, para celebrar a acredita\u00e7\u00e3o dos primeiros Centros Autorizados \"Pe\u00e7a Verde\"","og_url":"https:\/\/jornaldasoficinas.com\/pt\/ancav-revela-primeiros-centros-autorizados-peca-verde\/","og_site_name":"Jornal das Oficinas","article_publisher":"https:\/\/www.facebook.com\/jornaloficinas","article_published_time":"2025-11-14T08:00:05+00:00","article_modified_time":"2025-11-14T08:01:19+00:00","og_image":[{"width":1024,"height":581,"url":"https:\/\/jornaldasoficinas.com\/pt\/wp-content\/uploads\/2025\/11\/Peca-verde-2.jpg","type":"image\/jpeg"}],"author":"Reda\u00e7\u00e3o JO","twitter_card":"summary_large_image","twitter_creator":"@jornaloficinas","twitter_site":"@jornaloficinas","twitter_misc":{"Escrito por":"Reda\u00e7\u00e3o JO","Tempo estimado de leitura":"4 minutos"},"schema":{"@context":"https:\/\/schema.org","@graph":[{"@type":"Article","@id":"https:\/\/jornaldasoficinas.com\/pt\/ancav-revela-primeiros-centros-autorizados-peca-verde\/#article","isPartOf":{"@id":"https:\/\/jornaldasoficinas.com\/pt\/ancav-revela-primeiros-centros-autorizados-peca-verde\/"},"author":{"name":"Reda\u00e7\u00e3o JO","@id":"https:\/\/jornaldasoficinas.com\/pt\/#\/schema\/person\/a38eef5de2c41d9e7c9ac10141afddf3"},"headline":"ANCAV revela primeiros centros autorizados \u201cPe\u00e7a Verde\u201d","datePublished":"2025-11-14T08:00:05+00:00","dateModified":"2025-11-14T08:01:19+00:00","mainEntityOfPage":{"@id":"https:\/\/jornaldasoficinas.com\/pt\/ancav-revela-primeiros-centros-autorizados-peca-verde\/"},"wordCount":687,"publisher":{"@id":"https:\/\/jornaldasoficinas.com\/pt\/#organization"},"image":{"@id":"https:\/\/jornaldasoficinas.com\/pt\/ancav-revela-primeiros-centros-autorizados-peca-verde\/#primaryimage"},"thumbnailUrl":"https:\/\/jornaldasoficinas.com\/pt\/wp-content\/uploads\/2025\/11\/Peca-verde-2.jpg","keywords":["ANCAV","apresenta\u00e7\u00e3o oficial","Centros Autorizados","Economia Circular","Pe\u00e7a verde","Sustentabilidade","Vitor Pereira"],"articleSection":["Empresas"],"inLanguage":"pt-PT"},{"@type":"WebPage","@id":"https:\/\/jornaldasoficinas.com\/pt\/ancav-revela-primeiros-centros-autorizados-peca-verde\/","url":"https:\/\/jornaldasoficinas.com\/pt\/ancav-revela-primeiros-centros-autorizados-peca-verde\/","name":"ANCAV revela primeiros centros autorizados \u201cPe\u00e7a Verde\u201d - Jornal das Oficinas","isPartOf":{"@id":"https:\/\/jornaldasoficinas.com\/pt\/#website"},"primaryImageOfPage":{"@id":"https:\/\/jornaldasoficinas.com\/pt\/ancav-revela-primeiros-centros-autorizados-peca-verde\/#primaryimage"},"image":{"@id":"https:\/\/jornaldasoficinas.com\/pt\/ancav-revela-primeiros-centros-autorizados-peca-verde\/#primaryimage"},"thumbnailUrl":"https:\/\/jornaldasoficinas.com\/pt\/wp-content\/uploads\/2025\/11\/Peca-verde-2.jpg","datePublished":"2025-11-14T08:00:05+00:00","dateModified":"2025-11-14T08:01:19+00:00","description":"A ANCAV regressou ao Hotel Villa Batalha, desta vez, para celebrar a acredita\u00e7\u00e3o dos primeiros Centros Autorizados \"Pe\u00e7a Verde\"","breadcrumb":{"@id":"https:\/\/jornaldasoficinas.com\/pt\/ancav-revela-primeiros-centros-autorizados-peca-verde\/#breadcrumb"},"inLanguage":"pt-PT","potentialAction":[{"@type":"ReadAction","target":["https:\/\/jornaldasoficinas.com\/pt\/ancav-revela-primeiros-centros-autorizados-peca-verde\/"]}]},{"@type":"ImageObject","inLanguage":"pt-PT","@id":"https:\/\/jornaldasoficinas.com\/pt\/ancav-revela-primeiros-centros-autorizados-peca-verde\/#primaryimage","url":"https:\/\/jornaldasoficinas.com\/pt\/wp-content\/uploads\/2025\/11\/Peca-verde-2.jpg","contentUrl":"https:\/\/jornaldasoficinas.com\/pt\/wp-content\/uploads\/2025\/11\/Peca-verde-2.jpg","width":1024,"height":581,"caption":"11 - Peca verde 2"},{"@type":"BreadcrumbList","@id":"https:\/\/jornaldasoficinas.com\/pt\/ancav-revela-primeiros-centros-autorizados-peca-verde\/#breadcrumb","itemListElement":[{"@type":"ListItem","position":1,"name":"In\u00edcio","item":"https:\/\/jornaldasoficinas.com\/pt\/"},{"@type":"ListItem","position":2,"name":"ANCAV revela primeiros centros autorizados \u201cPe\u00e7a Verde\u201d"}]},{"@type":"WebSite","@id":"https:\/\/jornaldasoficinas.com\/pt\/#website","url":"https:\/\/jornaldasoficinas.com\/pt\/","name":"Jornal das Oficinas","description":"Jornal independente do Aftermarket Autom\u00f3vel em Portugal","publisher":{"@id":"https:\/\/jornaldasoficinas.com\/pt\/#organization"},"potentialAction":[{"@type":"SearchAction","target":{"@type":"EntryPoint","urlTemplate":"https:\/\/jornaldasoficinas.com\/pt\/?s={search_term_string}"},"query-input":{"@type":"PropertyValueSpecification","valueRequired":true,"valueName":"search_term_string"}}],"inLanguage":"pt-PT"},{"@type":"Organization","@id":"https:\/\/jornaldasoficinas.com\/pt\/#organization","name":"Jornal das Oficinas","url":"https:\/\/jornaldasoficinas.com\/pt\/","logo":{"@type":"ImageObject","inLanguage":"pt-PT","@id":"https:\/\/jornaldasoficinas.com\/pt\/#\/schema\/logo\/image\/","url":"https:\/\/jornaldasoficinas.com\/pt\/wp-content\/uploads\/logoJO-SEO.png","contentUrl":"https:\/\/jornaldasoficinas.com\/pt\/wp-content\/uploads\/logoJO-SEO.png","width":285,"height":450,"caption":"Jornal das Oficinas"},"image":{"@id":"https:\/\/jornaldasoficinas.com\/pt\/#\/schema\/logo\/image\/"},"sameAs":["https:\/\/www.facebook.com\/jornaloficinas","https:\/\/x.com\/jornaloficinas","https:\/\/www.instagram.com\/jornal_oficinas\/","https:\/\/www.linkedin.com\/company\/jornal-das-oficinas\/","https:\/\/www.youtube.com\/channel\/UCbQZBqtcvV-oSQrr7RzINGg"]},{"@type":"Person","@id":"https:\/\/jornaldasoficinas.com\/pt\/#\/schema\/person\/a38eef5de2c41d9e7c9ac10141afddf3","name":"Reda\u00e7\u00e3o JO","image":{"@type":"ImageObject","inLanguage":"pt-PT","@id":"https:\/\/secure.gravatar.com\/avatar\/71f2fa71737ad68a84fea94bc708ddac8ea5b0c4788dc2ad202f3ccb2887742f?s=96&d=wp_user_avatar&r=g","url":"https:\/\/secure.gravatar.com\/avatar\/71f2fa71737ad68a84fea94bc708ddac8ea5b0c4788dc2ad202f3ccb2887742f?s=96&d=wp_user_avatar&r=g","contentUrl":"https:\/\/secure.gravatar.com\/avatar\/71f2fa71737ad68a84fea94bc708ddac8ea5b0c4788dc2ad202f3ccb2887742f?s=96&d=wp_user_avatar&r=g","caption":"Reda\u00e7\u00e3o JO"},"url":"https:\/\/jornaldasoficinas.com\/pt\/author\/joredacao\/"}]}},"_links":{"self":[{"href":"https:\/\/jornaldasoficinas.com\/pt\/wp-json\/wp\/v2\/posts\/109494","targetHints":{"allow":["GET"]}}],"collection":[{"href":"https:\/\/jornaldasoficinas.com\/pt\/wp-json\/wp\/v2\/posts"}],"about":[{"href":"https:\/\/jornaldasoficinas.com\/pt\/wp-json\/wp\/v2\/types\/post"}],"author":[{"embeddable":true,"href":"https:\/\/jornaldasoficinas.com\/pt\/wp-json\/wp\/v2\/users\/15"}],"replies":[{"embeddable":true,"href":"https:\/\/jornaldasoficinas.com\/pt\/wp-json\/wp\/v2\/comments?post=109494"}],"version-history":[{"count":20,"href":"https:\/\/jornaldasoficinas.com\/pt\/wp-json\/wp\/v2\/posts\/109494\/revisions"}],"predecessor-version":[{"id":109547,"href":"https:\/\/jornaldasoficinas.com\/pt\/wp-json\/wp\/v2\/posts\/109494\/revisions\/109547"}],"wp:featuredmedia":[{"embeddable":true,"href":"https:\/\/jornaldasoficinas.com\/pt\/wp-json\/wp\/v2\/media\/109492"}],"wp:attachment":[{"href":"https:\/\/jornaldasoficinas.com\/pt\/wp-json\/wp\/v2\/media?parent=109494"}],"wp:term":[{"taxonomy":"category","embeddable":true,"href":"https:\/\/jornaldasoficinas.com\/pt\/wp-json\/wp\/v2\/categories?post=109494"},{"taxonomy":"post_tag","embeddable":true,"href":"https:\/\/jornaldasoficinas.com\/pt\/wp-json\/wp\/v2\/tags?post=109494"}],"curies":[{"name":"wp","href":"https:\/\/api.w.org\/{rel}","templated":true}]}}