{"id":10963,"date":"2020-03-17T18:50:40","date_gmt":"2020-03-17T18:50:40","guid":{"rendered":"https:\/\/jornaldasoficinas.com\/pt\/?p=10963"},"modified":"2020-03-17T18:50:40","modified_gmt":"2020-03-17T18:50:40","slug":"tab-batteries-continuara-a-prestar-servicos-aos-clientes","status":"publish","type":"post","link":"https:\/\/jornaldasoficinas.com\/pt\/tab-batteries-continuara-a-prestar-servicos-aos-clientes\/","title":{"rendered":"TAB Batteries continuar\u00e1 a prestar servi\u00e7os aos clientes"},"content":{"rendered":"<p><img loading=\"lazy\" decoding=\"async\" class=\"alignnone wp-image-10962 size-full\" src=\"https:\/\/jornaldasoficinas.com\/pt\/wp-content\/uploads\/2020\/03\/tabspaincovid19.png\" alt=\"03 - tabspaincovid19\" width=\"1024\" height=\"581\" srcset=\"https:\/\/jornaldasoficinas.com\/pt\/wp-content\/uploads\/2020\/03\/tabspaincovid19.png 1024w, https:\/\/jornaldasoficinas.com\/pt\/wp-content\/uploads\/2020\/03\/tabspaincovid19-300x170.png 300w, https:\/\/jornaldasoficinas.com\/pt\/wp-content\/uploads\/2020\/03\/tabspaincovid19-150x85.png 150w, https:\/\/jornaldasoficinas.com\/pt\/wp-content\/uploads\/2020\/03\/tabspaincovid19-768x436.png 768w\" sizes=\"auto, (max-width: 1024px) 100vw, 1024px\" \/><\/p>\n<p><strong>A TAB Spain adotou uma s\u00e9rie de medidas que lhe permitem manter as suas opera\u00e7\u00f5es durante a crise sanit\u00e1ria gerada pelo novo coronav\u00edrus (Covid-19).<\/strong><\/p>\n<p>A TAB Spain continuar\u00e1 a operar durante o Estado de Emerg\u00eancia decretado pelo Governo de Espanha face \u00e0 pandemia do coronav\u00edrus (Covid-19). A empresa ativou um protocolo de a\u00e7\u00e3o que lhe permite continuar os seus servi\u00e7os o mais normalmente poss\u00edvel e comunicou tal decis\u00e3o \u00e0 sua rede de clientes.<\/p>\n<p>A TAB Spain determinou, por um lado, que os trabalhadores que consigam desempenhar as suas fun\u00e7\u00f5es a partir de casa, que adiram ao teletrabalho. Nos departamentos de armaz\u00e9m e expedi\u00e7\u00e3o, foram criados dois turnos com um tempo de paragem que evita o contacto entre ambos, garantindo, assim, a prepara\u00e7\u00e3o dos pedidos. Por outro lado, foram tomadas medidas de preven\u00e7\u00e3o mais extremas para os elementos que se devem deslocar \u00e0s instala\u00e7\u00f5es da empresa.<\/p>\n<p>De acordo com a empresa, \u201ca regularidade e a disponibilidade de transporte s\u00e3o os \u00fanicos fatores que podem impedir que as mercadorias cheguem aos clientes nos <em>timings<\/em> habituais. Contudo, estamos convencidos de que todos entendemos a natureza excecional dos momentos que vivemos. Estamos a efetuar todos os esfor\u00e7os para super\u00e1-los da melhor maneira poss\u00edvel\u201d, pode ler-se no comunicado enviado \u00e0 nossa reda\u00e7\u00e3o.<\/p>\n<p>\u201cVamos trabalhar juntos para estarmos \u00e0 altura dos acontecimentos. Sempre nos consider\u00e1mos como uma \u00f3tima fam\u00edlia e estou convencido de que, com a colabora\u00e7\u00e3o de todos os membros, continuaremos a servir os nossos clientes e a manter um elevado n\u00edvel de seguran\u00e7a\u201d, afirma Joan Alcaraz, diretor-geral da <a href=\"https:\/\/www.tabspain.com\/\" target=\"_blank\" rel=\"noopener noreferrer\">TAB Spain<\/a>.<\/p>\n","protected":false},"excerpt":{"rendered":"<p>A TAB Spain adotou uma s\u00e9rie&#8230;<\/p>\n","protected":false},"author":15,"featured_media":10962,"comment_status":"closed","ping_status":"closed","sticky":false,"template":"","format":"standard","meta":{"footnotes":""},"categories":[29],"tags":[512,1790,1789,565,564],"class_list":["post-10963","post","type-post","status-publish","format-standard","has-post-thumbnail","hentry","category-empresas","tag-baterias","tag-coronavirus","tag-covid-19","tag-tab-batteries","tag-tab-spain"],"yoast_head":"<!-- This site is optimized with the Yoast SEO plugin v27.4 - https:\/\/yoast.com\/product\/yoast-seo-wordpress\/ -->\n<title>TAB Batteries continuar\u00e1 a prestar servi\u00e7os aos clientes - Jornal das Oficinas<\/title>\n<meta name=\"robots\" content=\"index, follow, max-snippet:-1, max-image-preview:large, max-video-preview:-1\" \/>\n<link rel=\"canonical\" href=\"https:\/\/jornaldasoficinas.com\/pt\/tab-batteries-continuara-a-prestar-servicos-aos-clientes\/\" \/>\n<meta property=\"og:locale\" content=\"pt_PT\" \/>\n<meta property=\"og:type\" content=\"article\" \/>\n<meta property=\"og:title\" content=\"TAB Batteries continuar\u00e1 a prestar servi\u00e7os aos clientes - Jornal das Oficinas\" \/>\n<meta property=\"og:description\" content=\"A TAB Spain adotou uma s\u00e9rie...\" \/>\n<meta property=\"og:url\" content=\"https:\/\/jornaldasoficinas.com\/pt\/tab-batteries-continuara-a-prestar-servicos-aos-clientes\/\" \/>\n<meta property=\"og:site_name\" content=\"Jornal das Oficinas\" \/>\n<meta property=\"article:publisher\" content=\"https:\/\/www.facebook.com\/jornaloficinas\" \/>\n<meta property=\"article:published_time\" content=\"2020-03-17T18:50:40+00:00\" \/>\n<meta property=\"og:image\" content=\"https:\/\/jornaldasoficinas.com\/pt\/wp-content\/uploads\/2020\/03\/tabspaincovid19.png\" \/>\n\t<meta property=\"og:image:width\" content=\"1024\" \/>\n\t<meta property=\"og:image:height\" content=\"581\" \/>\n\t<meta property=\"og:image:type\" content=\"image\/png\" \/>\n<meta name=\"author\" content=\"Reda\u00e7\u00e3o JO\" \/>\n<meta name=\"twitter:card\" content=\"summary_large_image\" \/>\n<meta name=\"twitter:creator\" content=\"@jornaloficinas\" \/>\n<meta name=\"twitter:site\" content=\"@jornaloficinas\" \/>\n<meta name=\"twitter:label1\" content=\"Escrito por\" \/>\n\t<meta name=\"twitter:data1\" content=\"Reda\u00e7\u00e3o JO\" \/>\n\t<meta name=\"twitter:label2\" content=\"Tempo estimado de leitura\" \/>\n\t<meta name=\"twitter:data2\" content=\"1 minuto\" \/>\n<script type=\"application\/ld+json\" class=\"yoast-schema-graph\">{\"@context\":\"https:\\\/\\\/schema.org\",\"@graph\":[{\"@type\":\"Article\",\"@id\":\"https:\\\/\\\/jornaldasoficinas.com\\\/pt\\\/tab-batteries-continuara-a-prestar-servicos-aos-clientes\\\/#article\",\"isPartOf\":{\"@id\":\"https:\\\/\\\/jornaldasoficinas.com\\\/pt\\\/tab-batteries-continuara-a-prestar-servicos-aos-clientes\\\/\"},\"author\":{\"name\":\"Reda\u00e7\u00e3o JO\",\"@id\":\"https:\\\/\\\/jornaldasoficinas.com\\\/pt\\\/#\\\/schema\\\/person\\\/a38eef5de2c41d9e7c9ac10141afddf3\"},\"headline\":\"TAB Batteries continuar\u00e1 a prestar servi\u00e7os aos clientes\",\"datePublished\":\"2020-03-17T18:50:40+00:00\",\"mainEntityOfPage\":{\"@id\":\"https:\\\/\\\/jornaldasoficinas.com\\\/pt\\\/tab-batteries-continuara-a-prestar-servicos-aos-clientes\\\/\"},\"wordCount\":287,\"publisher\":{\"@id\":\"https:\\\/\\\/jornaldasoficinas.com\\\/pt\\\/#organization\"},\"image\":{\"@id\":\"https:\\\/\\\/jornaldasoficinas.com\\\/pt\\\/tab-batteries-continuara-a-prestar-servicos-aos-clientes\\\/#primaryimage\"},\"thumbnailUrl\":\"https:\\\/\\\/jornaldasoficinas.com\\\/pt\\\/wp-content\\\/uploads\\\/2020\\\/03\\\/tabspaincovid19.png\",\"keywords\":[\"Baterias\",\"Coronav\u00edrus\",\"COVID-19\",\"TAB Batteries\",\"TAB Spain\"],\"articleSection\":[\"Empresas\"],\"inLanguage\":\"pt-PT\"},{\"@type\":\"WebPage\",\"@id\":\"https:\\\/\\\/jornaldasoficinas.com\\\/pt\\\/tab-batteries-continuara-a-prestar-servicos-aos-clientes\\\/\",\"url\":\"https:\\\/\\\/jornaldasoficinas.com\\\/pt\\\/tab-batteries-continuara-a-prestar-servicos-aos-clientes\\\/\",\"name\":\"TAB Batteries continuar\u00e1 a prestar servi\u00e7os aos clientes - Jornal das Oficinas\",\"isPartOf\":{\"@id\":\"https:\\\/\\\/jornaldasoficinas.com\\\/pt\\\/#website\"},\"primaryImageOfPage\":{\"@id\":\"https:\\\/\\\/jornaldasoficinas.com\\\/pt\\\/tab-batteries-continuara-a-prestar-servicos-aos-clientes\\\/#primaryimage\"},\"image\":{\"@id\":\"https:\\\/\\\/jornaldasoficinas.com\\\/pt\\\/tab-batteries-continuara-a-prestar-servicos-aos-clientes\\\/#primaryimage\"},\"thumbnailUrl\":\"https:\\\/\\\/jornaldasoficinas.com\\\/pt\\\/wp-content\\\/uploads\\\/2020\\\/03\\\/tabspaincovid19.png\",\"datePublished\":\"2020-03-17T18:50:40+00:00\",\"breadcrumb\":{\"@id\":\"https:\\\/\\\/jornaldasoficinas.com\\\/pt\\\/tab-batteries-continuara-a-prestar-servicos-aos-clientes\\\/#breadcrumb\"},\"inLanguage\":\"pt-PT\",\"potentialAction\":[{\"@type\":\"ReadAction\",\"target\":[\"https:\\\/\\\/jornaldasoficinas.com\\\/pt\\\/tab-batteries-continuara-a-prestar-servicos-aos-clientes\\\/\"]}]},{\"@type\":\"ImageObject\",\"inLanguage\":\"pt-PT\",\"@id\":\"https:\\\/\\\/jornaldasoficinas.com\\\/pt\\\/tab-batteries-continuara-a-prestar-servicos-aos-clientes\\\/#primaryimage\",\"url\":\"https:\\\/\\\/jornaldasoficinas.com\\\/pt\\\/wp-content\\\/uploads\\\/2020\\\/03\\\/tabspaincovid19.png\",\"contentUrl\":\"https:\\\/\\\/jornaldasoficinas.com\\\/pt\\\/wp-content\\\/uploads\\\/2020\\\/03\\\/tabspaincovid19.png\",\"width\":1024,\"height\":581,\"caption\":\"03 - tabspaincovid19\"},{\"@type\":\"BreadcrumbList\",\"@id\":\"https:\\\/\\\/jornaldasoficinas.com\\\/pt\\\/tab-batteries-continuara-a-prestar-servicos-aos-clientes\\\/#breadcrumb\",\"itemListElement\":[{\"@type\":\"ListItem\",\"position\":1,\"name\":\"In\u00edcio\",\"item\":\"https:\\\/\\\/jornaldasoficinas.com\\\/pt\\\/\"},{\"@type\":\"ListItem\",\"position\":2,\"name\":\"TAB Batteries continuar\u00e1 a prestar servi\u00e7os aos clientes\"}]},{\"@type\":\"WebSite\",\"@id\":\"https:\\\/\\\/jornaldasoficinas.com\\\/pt\\\/#website\",\"url\":\"https:\\\/\\\/jornaldasoficinas.com\\\/pt\\\/\",\"name\":\"Jornal das Oficinas\",\"description\":\"Jornal independente do Aftermarket Autom\u00f3vel em Portugal\",\"publisher\":{\"@id\":\"https:\\\/\\\/jornaldasoficinas.com\\\/pt\\\/#organization\"},\"potentialAction\":[{\"@type\":\"SearchAction\",\"target\":{\"@type\":\"EntryPoint\",\"urlTemplate\":\"https:\\\/\\\/jornaldasoficinas.com\\\/pt\\\/?s={search_term_string}\"},\"query-input\":{\"@type\":\"PropertyValueSpecification\",\"valueRequired\":true,\"valueName\":\"search_term_string\"}}],\"inLanguage\":\"pt-PT\"},{\"@type\":\"Organization\",\"@id\":\"https:\\\/\\\/jornaldasoficinas.com\\\/pt\\\/#organization\",\"name\":\"Jornal das Oficinas\",\"url\":\"https:\\\/\\\/jornaldasoficinas.com\\\/pt\\\/\",\"logo\":{\"@type\":\"ImageObject\",\"inLanguage\":\"pt-PT\",\"@id\":\"https:\\\/\\\/jornaldasoficinas.com\\\/pt\\\/#\\\/schema\\\/logo\\\/image\\\/\",\"url\":\"https:\\\/\\\/jornaldasoficinas.com\\\/pt\\\/wp-content\\\/uploads\\\/logoJO-SEO.png\",\"contentUrl\":\"https:\\\/\\\/jornaldasoficinas.com\\\/pt\\\/wp-content\\\/uploads\\\/logoJO-SEO.png\",\"width\":285,\"height\":450,\"caption\":\"Jornal das Oficinas\"},\"image\":{\"@id\":\"https:\\\/\\\/jornaldasoficinas.com\\\/pt\\\/#\\\/schema\\\/logo\\\/image\\\/\"},\"sameAs\":[\"https:\\\/\\\/www.facebook.com\\\/jornaloficinas\",\"https:\\\/\\\/x.com\\\/jornaloficinas\",\"https:\\\/\\\/www.instagram.com\\\/jornal_oficinas\\\/\",\"https:\\\/\\\/www.linkedin.com\\\/company\\\/jornal-das-oficinas\\\/\",\"https:\\\/\\\/www.youtube.com\\\/channel\\\/UCbQZBqtcvV-oSQrr7RzINGg\"]},{\"@type\":\"Person\",\"@id\":\"https:\\\/\\\/jornaldasoficinas.com\\\/pt\\\/#\\\/schema\\\/person\\\/a38eef5de2c41d9e7c9ac10141afddf3\",\"name\":\"Reda\u00e7\u00e3o JO\",\"image\":{\"@type\":\"ImageObject\",\"inLanguage\":\"pt-PT\",\"@id\":\"https:\\\/\\\/secure.gravatar.com\\\/avatar\\\/71f2fa71737ad68a84fea94bc708ddac8ea5b0c4788dc2ad202f3ccb2887742f?s=96&d=wp_user_avatar&r=g\",\"url\":\"https:\\\/\\\/secure.gravatar.com\\\/avatar\\\/71f2fa71737ad68a84fea94bc708ddac8ea5b0c4788dc2ad202f3ccb2887742f?s=96&d=wp_user_avatar&r=g\",\"contentUrl\":\"https:\\\/\\\/secure.gravatar.com\\\/avatar\\\/71f2fa71737ad68a84fea94bc708ddac8ea5b0c4788dc2ad202f3ccb2887742f?s=96&d=wp_user_avatar&r=g\",\"caption\":\"Reda\u00e7\u00e3o JO\"},\"url\":\"https:\\\/\\\/jornaldasoficinas.com\\\/pt\\\/author\\\/joredacao\\\/\"}]}<\/script>\n<!-- \/ Yoast SEO plugin. -->","yoast_head_json":{"title":"TAB Batteries continuar\u00e1 a prestar servi\u00e7os aos clientes - Jornal das Oficinas","robots":{"index":"index","follow":"follow","max-snippet":"max-snippet:-1","max-image-preview":"max-image-preview:large","max-video-preview":"max-video-preview:-1"},"canonical":"https:\/\/jornaldasoficinas.com\/pt\/tab-batteries-continuara-a-prestar-servicos-aos-clientes\/","og_locale":"pt_PT","og_type":"article","og_title":"TAB Batteries continuar\u00e1 a prestar servi\u00e7os aos clientes - Jornal das Oficinas","og_description":"A TAB Spain adotou uma s\u00e9rie...","og_url":"https:\/\/jornaldasoficinas.com\/pt\/tab-batteries-continuara-a-prestar-servicos-aos-clientes\/","og_site_name":"Jornal das Oficinas","article_publisher":"https:\/\/www.facebook.com\/jornaloficinas","article_published_time":"2020-03-17T18:50:40+00:00","og_image":[{"width":1024,"height":581,"url":"https:\/\/jornaldasoficinas.com\/pt\/wp-content\/uploads\/2020\/03\/tabspaincovid19.png","type":"image\/png"}],"author":"Reda\u00e7\u00e3o JO","twitter_card":"summary_large_image","twitter_creator":"@jornaloficinas","twitter_site":"@jornaloficinas","twitter_misc":{"Escrito por":"Reda\u00e7\u00e3o JO","Tempo estimado de leitura":"1 minuto"},"schema":{"@context":"https:\/\/schema.org","@graph":[{"@type":"Article","@id":"https:\/\/jornaldasoficinas.com\/pt\/tab-batteries-continuara-a-prestar-servicos-aos-clientes\/#article","isPartOf":{"@id":"https:\/\/jornaldasoficinas.com\/pt\/tab-batteries-continuara-a-prestar-servicos-aos-clientes\/"},"author":{"name":"Reda\u00e7\u00e3o JO","@id":"https:\/\/jornaldasoficinas.com\/pt\/#\/schema\/person\/a38eef5de2c41d9e7c9ac10141afddf3"},"headline":"TAB Batteries continuar\u00e1 a prestar servi\u00e7os aos clientes","datePublished":"2020-03-17T18:50:40+00:00","mainEntityOfPage":{"@id":"https:\/\/jornaldasoficinas.com\/pt\/tab-batteries-continuara-a-prestar-servicos-aos-clientes\/"},"wordCount":287,"publisher":{"@id":"https:\/\/jornaldasoficinas.com\/pt\/#organization"},"image":{"@id":"https:\/\/jornaldasoficinas.com\/pt\/tab-batteries-continuara-a-prestar-servicos-aos-clientes\/#primaryimage"},"thumbnailUrl":"https:\/\/jornaldasoficinas.com\/pt\/wp-content\/uploads\/2020\/03\/tabspaincovid19.png","keywords":["Baterias","Coronav\u00edrus","COVID-19","TAB Batteries","TAB Spain"],"articleSection":["Empresas"],"inLanguage":"pt-PT"},{"@type":"WebPage","@id":"https:\/\/jornaldasoficinas.com\/pt\/tab-batteries-continuara-a-prestar-servicos-aos-clientes\/","url":"https:\/\/jornaldasoficinas.com\/pt\/tab-batteries-continuara-a-prestar-servicos-aos-clientes\/","name":"TAB Batteries continuar\u00e1 a prestar servi\u00e7os aos clientes - Jornal das Oficinas","isPartOf":{"@id":"https:\/\/jornaldasoficinas.com\/pt\/#website"},"primaryImageOfPage":{"@id":"https:\/\/jornaldasoficinas.com\/pt\/tab-batteries-continuara-a-prestar-servicos-aos-clientes\/#primaryimage"},"image":{"@id":"https:\/\/jornaldasoficinas.com\/pt\/tab-batteries-continuara-a-prestar-servicos-aos-clientes\/#primaryimage"},"thumbnailUrl":"https:\/\/jornaldasoficinas.com\/pt\/wp-content\/uploads\/2020\/03\/tabspaincovid19.png","datePublished":"2020-03-17T18:50:40+00:00","breadcrumb":{"@id":"https:\/\/jornaldasoficinas.com\/pt\/tab-batteries-continuara-a-prestar-servicos-aos-clientes\/#breadcrumb"},"inLanguage":"pt-PT","potentialAction":[{"@type":"ReadAction","target":["https:\/\/jornaldasoficinas.com\/pt\/tab-batteries-continuara-a-prestar-servicos-aos-clientes\/"]}]},{"@type":"ImageObject","inLanguage":"pt-PT","@id":"https:\/\/jornaldasoficinas.com\/pt\/tab-batteries-continuara-a-prestar-servicos-aos-clientes\/#primaryimage","url":"https:\/\/jornaldasoficinas.com\/pt\/wp-content\/uploads\/2020\/03\/tabspaincovid19.png","contentUrl":"https:\/\/jornaldasoficinas.com\/pt\/wp-content\/uploads\/2020\/03\/tabspaincovid19.png","width":1024,"height":581,"caption":"03 - tabspaincovid19"},{"@type":"BreadcrumbList","@id":"https:\/\/jornaldasoficinas.com\/pt\/tab-batteries-continuara-a-prestar-servicos-aos-clientes\/#breadcrumb","itemListElement":[{"@type":"ListItem","position":1,"name":"In\u00edcio","item":"https:\/\/jornaldasoficinas.com\/pt\/"},{"@type":"ListItem","position":2,"name":"TAB Batteries continuar\u00e1 a prestar servi\u00e7os aos clientes"}]},{"@type":"WebSite","@id":"https:\/\/jornaldasoficinas.com\/pt\/#website","url":"https:\/\/jornaldasoficinas.com\/pt\/","name":"Jornal das Oficinas","description":"Jornal independente do Aftermarket Autom\u00f3vel em Portugal","publisher":{"@id":"https:\/\/jornaldasoficinas.com\/pt\/#organization"},"potentialAction":[{"@type":"SearchAction","target":{"@type":"EntryPoint","urlTemplate":"https:\/\/jornaldasoficinas.com\/pt\/?s={search_term_string}"},"query-input":{"@type":"PropertyValueSpecification","valueRequired":true,"valueName":"search_term_string"}}],"inLanguage":"pt-PT"},{"@type":"Organization","@id":"https:\/\/jornaldasoficinas.com\/pt\/#organization","name":"Jornal das Oficinas","url":"https:\/\/jornaldasoficinas.com\/pt\/","logo":{"@type":"ImageObject","inLanguage":"pt-PT","@id":"https:\/\/jornaldasoficinas.com\/pt\/#\/schema\/logo\/image\/","url":"https:\/\/jornaldasoficinas.com\/pt\/wp-content\/uploads\/logoJO-SEO.png","contentUrl":"https:\/\/jornaldasoficinas.com\/pt\/wp-content\/uploads\/logoJO-SEO.png","width":285,"height":450,"caption":"Jornal das Oficinas"},"image":{"@id":"https:\/\/jornaldasoficinas.com\/pt\/#\/schema\/logo\/image\/"},"sameAs":["https:\/\/www.facebook.com\/jornaloficinas","https:\/\/x.com\/jornaloficinas","https:\/\/www.instagram.com\/jornal_oficinas\/","https:\/\/www.linkedin.com\/company\/jornal-das-oficinas\/","https:\/\/www.youtube.com\/channel\/UCbQZBqtcvV-oSQrr7RzINGg"]},{"@type":"Person","@id":"https:\/\/jornaldasoficinas.com\/pt\/#\/schema\/person\/a38eef5de2c41d9e7c9ac10141afddf3","name":"Reda\u00e7\u00e3o JO","image":{"@type":"ImageObject","inLanguage":"pt-PT","@id":"https:\/\/secure.gravatar.com\/avatar\/71f2fa71737ad68a84fea94bc708ddac8ea5b0c4788dc2ad202f3ccb2887742f?s=96&d=wp_user_avatar&r=g","url":"https:\/\/secure.gravatar.com\/avatar\/71f2fa71737ad68a84fea94bc708ddac8ea5b0c4788dc2ad202f3ccb2887742f?s=96&d=wp_user_avatar&r=g","contentUrl":"https:\/\/secure.gravatar.com\/avatar\/71f2fa71737ad68a84fea94bc708ddac8ea5b0c4788dc2ad202f3ccb2887742f?s=96&d=wp_user_avatar&r=g","caption":"Reda\u00e7\u00e3o JO"},"url":"https:\/\/jornaldasoficinas.com\/pt\/author\/joredacao\/"}]}},"_links":{"self":[{"href":"https:\/\/jornaldasoficinas.com\/pt\/wp-json\/wp\/v2\/posts\/10963","targetHints":{"allow":["GET"]}}],"collection":[{"href":"https:\/\/jornaldasoficinas.com\/pt\/wp-json\/wp\/v2\/posts"}],"about":[{"href":"https:\/\/jornaldasoficinas.com\/pt\/wp-json\/wp\/v2\/types\/post"}],"author":[{"embeddable":true,"href":"https:\/\/jornaldasoficinas.com\/pt\/wp-json\/wp\/v2\/users\/15"}],"replies":[{"embeddable":true,"href":"https:\/\/jornaldasoficinas.com\/pt\/wp-json\/wp\/v2\/comments?post=10963"}],"version-history":[{"count":0,"href":"https:\/\/jornaldasoficinas.com\/pt\/wp-json\/wp\/v2\/posts\/10963\/revisions"}],"wp:featuredmedia":[{"embeddable":true,"href":"https:\/\/jornaldasoficinas.com\/pt\/wp-json\/wp\/v2\/media\/10962"}],"wp:attachment":[{"href":"https:\/\/jornaldasoficinas.com\/pt\/wp-json\/wp\/v2\/media?parent=10963"}],"wp:term":[{"taxonomy":"category","embeddable":true,"href":"https:\/\/jornaldasoficinas.com\/pt\/wp-json\/wp\/v2\/categories?post=10963"},{"taxonomy":"post_tag","embeddable":true,"href":"https:\/\/jornaldasoficinas.com\/pt\/wp-json\/wp\/v2\/tags?post=10963"}],"curies":[{"name":"wp","href":"https:\/\/api.w.org\/{rel}","templated":true}]}}