{"id":109673,"date":"2025-11-18T14:30:33","date_gmt":"2025-11-18T14:30:33","guid":{"rendered":"https:\/\/jornaldasoficinas.com\/pt\/?p=109673"},"modified":"2025-11-17T15:54:39","modified_gmt":"2025-11-17T15:54:39","slug":"adpa-aprovada-como-novo-membro-da-associacao-sermi","status":"publish","type":"post","link":"https:\/\/jornaldasoficinas.com\/pt\/adpa-aprovada-como-novo-membro-da-associacao-sermi\/","title":{"rendered":"ADPA torna-se membro da SERMI"},"content":{"rendered":"<p><strong><img loading=\"lazy\" decoding=\"async\" class=\"alignnone size-full wp-image-109682\" src=\"https:\/\/jornaldasoficinas.com\/pt\/wp-content\/uploads\/2025\/11\/ADPA-aprovada-como-novo-membro-da-associacao-SERMI.jpg\" alt=\"11 - ADPA aprovada como novo membro da associacao SERMI\" width=\"1024\" height=\"581\" srcset=\"https:\/\/jornaldasoficinas.com\/pt\/wp-content\/uploads\/2025\/11\/ADPA-aprovada-como-novo-membro-da-associacao-SERMI.jpg 1024w, https:\/\/jornaldasoficinas.com\/pt\/wp-content\/uploads\/2025\/11\/ADPA-aprovada-como-novo-membro-da-associacao-SERMI-300x170.jpg 300w, https:\/\/jornaldasoficinas.com\/pt\/wp-content\/uploads\/2025\/11\/ADPA-aprovada-como-novo-membro-da-associacao-SERMI-150x85.jpg 150w, https:\/\/jornaldasoficinas.com\/pt\/wp-content\/uploads\/2025\/11\/ADPA-aprovada-como-novo-membro-da-associacao-SERMI-768x436.jpg 768w\" sizes=\"auto, (max-width: 1024px) 100vw, 1024px\" \/><\/strong><\/p>\n<p><strong>A <a href=\"https:\/\/www.adpa.eu\/\" target=\"_blank\" rel=\"noopener\">ADPA<\/a> foi acolhida pelos seus pares na <a href=\"https:\/\/www.vehiclesermi.eu\/\" target=\"_blank\" rel=\"noopener\">SERMI<\/a>, a associa\u00e7\u00e3o respons\u00e1vel pela gest\u00e3o do sistema de acesso a informa\u00e7\u00e3o de seguran\u00e7a relacionada com a repara\u00e7\u00e3o e manuten\u00e7\u00e3o, que \u00e9 obrigat\u00f3rio por lei europeia e supervisionado pela <a href=\"https:\/\/commission.europa.eu\/index_pt\" target=\"_blank\" rel=\"noopener\">Comiss\u00e3o Europeia<\/a><\/strong><\/p>\n<p>A <a href=\"https:\/\/airc-int.com\/\" target=\"_blank\" rel=\"noopener\">AIRC<\/a>, a <a href=\"https:\/\/www.cecra.eu\/\" target=\"_blank\" rel=\"noopener\">CECRA<\/a>, a <a href=\"https:\/\/www.fia.com\/\" target=\"_blank\" rel=\"noopener\">FIA<\/a> e a <a href=\"https:\/\/www.figiefa.eu\/\" target=\"_blank\" rel=\"noopener\">FIGIEFA<\/a> aprovaram a ades\u00e3o da ADPA como membro de pleno direito da associa\u00e7\u00e3o SERMI a partir de 1 de janeiro de 2026. A ADPA, considerando a posi\u00e7\u00e3o central dos seus membros no fornecimento de informa\u00e7\u00e3o t\u00e9cnica no mercado de reposi\u00e7\u00e3o, e ap\u00f3s ter disponibilizado voluntariamente a sua experi\u00eancia para uma implementa\u00e7\u00e3o harmoniosa do sistema SERMI na Uni\u00e3o Europeia, solicitou esse estatuto para refor\u00e7ar ainda mais a sua contribui\u00e7\u00e3o para este importante mecanismo que garante o acesso \u00e0 informa\u00e7\u00e3o t\u00e9cnica relacionada com a seguran\u00e7a.<\/p>\n<p>A ADPA foi acolhida pelos seus pares na SERMI, a associa\u00e7\u00e3o respons\u00e1vel pela gest\u00e3o do sistema SERMI, que visa refor\u00e7ar o seu contributo para este importante mecanismo de seguran\u00e7a do acesso \u00e0 informa\u00e7\u00e3o t\u00e9cnica relacionada com a seguran\u00e7a. Como membro de pleno direito, a APDA contribuir\u00e1 ainda mais para o desenvolvimento e governa\u00e7\u00e3o cont\u00ednuos do programa SERMI, que desempenha um papel vital para garantir que os publicadores de dados possam aceder e lidar com seguran\u00e7a com as informa\u00e7\u00f5es necess\u00e1rias para o diagn\u00f3stico, repara\u00e7\u00e3o e manuten\u00e7\u00e3o de ve\u00edculos \u2014 especialmente informa\u00e7\u00f5es antirroubo hoje e, provavelmente, outras informa\u00e7\u00f5es sens\u00edveis no futuro.<\/p>\n<p>A APDA espera contribuir para o trabalho do SERMI, juntamente com os restantes membros, para mitigar poss\u00edveis problemas para os chamados &#8220;fornecedores de servi\u00e7os remotos&#8221; e o seu impacto na capacidade destes \u00faltimos de fornecer informa\u00e7\u00e3o t\u00e9cnica completa a oficinas independentes. A APDA tamb\u00e9m apoiar\u00e1 os esfor\u00e7os a longo prazo do SERMI para prevenir poss\u00edveis utiliza\u00e7\u00f5es indevidas do programa, que poderiam resultar em restri\u00e7\u00f5es indevidas para o mercado independente de pe\u00e7as de substitui\u00e7\u00e3o autom\u00f3vel.<\/p>\n<p>Michael Pedersen, presidente da ADPA, afirmou: &#8220;Acreditamos firmemente no princ\u00edpio de que &#8220;Nada sobre n\u00f3s sem n\u00f3s&#8221;. Como especialistas em informa\u00e7\u00e3o t\u00e9cnica no mercado de pe\u00e7as de substitui\u00e7\u00e3o autom\u00f3vel, a nossa filia\u00e7\u00e3o na SERMI envia um sinal forte ao mercado de que manteremos o nosso compromisso de permitir que as oficinas acedam \u00e0 informa\u00e7\u00e3o completa, fi\u00e1vel e acess\u00edvel de que necessitam para realizar o seu trabalho, garantindo a fideliza\u00e7\u00e3o dos seus clientes&#8221;.<\/p>\n<p>Jan-Willem van der Linden, copresidente da SERMI, acrescentou: &#8220;Juntos somos mais fortes. Foi natural tornarmos a SERMI ainda mais representativa do setor, acolhendo a ADPA e os seus membros, que s\u00e3o pioneiros na publica\u00e7\u00e3o de informa\u00e7\u00e3o t\u00e9cnica e que trouxeram e continuar\u00e3o a trazer o seu conhecimento e experi\u00eancia para fortalecer ainda mais o programa&#8221;.<\/p>\n<p>Pierre Thibaudat, Diretor Geral da ADPA, concluiu: &#8220;Gra\u00e7as \u00e0 confian\u00e7a dos membros da SERMI, estamos agora em melhor posi\u00e7\u00e3o para garantir que este instrumento bem-intencionado n\u00e3o se torne uma ferramenta para pr\u00e1ticas anticoncorrenciais que prejudicam tanto os consumidores como o mercado de p\u00f3s-venda independente, mas sim que se torne a hist\u00f3ria de sucesso que merece ser&#8221;.<\/p>\n","protected":false},"excerpt":{"rendered":"<p>A ADPA foi acolhida pelos seus&#8230;<\/p>\n","protected":false},"author":15,"featured_media":109682,"comment_status":"closed","ping_status":"closed","sticky":false,"template":"","format":"standard","meta":{"footnotes":""},"categories":[37],"tags":[5128,2879,1655,34,9736,8008,7190],"class_list":["post-109673","post","type-post","status-publish","format-standard","has-post-thumbnail","hentry","category-mercado","tag-1-de-janeiro-de-2026","tag-adpa","tag-comissao-europeia","tag-manutencao","tag-novo-membro","tag-seguranca-automovel","tag-sermi"],"yoast_head":"<!-- This site is optimized with the Yoast SEO plugin v27.4 - https:\/\/yoast.com\/product\/yoast-seo-wordpress\/ -->\n<title>ADPA torna-se membro da SERMI - Jornal das Oficinas<\/title>\n<meta name=\"description\" content=\"A ADPA foi acolhida pelos seus pares na SERMI, a associa\u00e7\u00e3o respons\u00e1vel pela gest\u00e3o do sistema de acesso a informa\u00e7\u00e3o de seguran\u00e7a no setor\" \/>\n<meta name=\"robots\" content=\"index, follow, max-snippet:-1, max-image-preview:large, max-video-preview:-1\" \/>\n<link rel=\"canonical\" href=\"https:\/\/jornaldasoficinas.com\/pt\/adpa-aprovada-como-novo-membro-da-associacao-sermi\/\" \/>\n<meta property=\"og:locale\" content=\"pt_PT\" \/>\n<meta property=\"og:type\" content=\"article\" \/>\n<meta property=\"og:title\" content=\"ADPA torna-se membro da SERMI - Jornal das Oficinas\" \/>\n<meta property=\"og:description\" content=\"A ADPA foi acolhida pelos seus pares na SERMI, a associa\u00e7\u00e3o respons\u00e1vel pela gest\u00e3o do sistema de acesso a informa\u00e7\u00e3o de seguran\u00e7a no setor\" \/>\n<meta property=\"og:url\" content=\"https:\/\/jornaldasoficinas.com\/pt\/adpa-aprovada-como-novo-membro-da-associacao-sermi\/\" \/>\n<meta property=\"og:site_name\" content=\"Jornal das Oficinas\" \/>\n<meta property=\"article:publisher\" content=\"https:\/\/www.facebook.com\/jornaloficinas\" \/>\n<meta property=\"article:published_time\" content=\"2025-11-18T14:30:33+00:00\" \/>\n<meta property=\"og:image\" content=\"https:\/\/jornaldasoficinas.com\/pt\/wp-content\/uploads\/2025\/11\/ADPA-aprovada-como-novo-membro-da-associacao-SERMI.jpg\" \/>\n\t<meta property=\"og:image:width\" content=\"1024\" \/>\n\t<meta property=\"og:image:height\" content=\"581\" \/>\n\t<meta property=\"og:image:type\" content=\"image\/jpeg\" \/>\n<meta name=\"author\" content=\"Reda\u00e7\u00e3o JO\" \/>\n<meta name=\"twitter:card\" content=\"summary_large_image\" \/>\n<meta name=\"twitter:creator\" content=\"@jornaloficinas\" \/>\n<meta name=\"twitter:site\" content=\"@jornaloficinas\" \/>\n<meta name=\"twitter:label1\" content=\"Escrito por\" \/>\n\t<meta name=\"twitter:data1\" content=\"Reda\u00e7\u00e3o JO\" \/>\n\t<meta name=\"twitter:label2\" content=\"Tempo estimado de leitura\" \/>\n\t<meta name=\"twitter:data2\" content=\"4 minutos\" \/>\n<script type=\"application\/ld+json\" class=\"yoast-schema-graph\">{\"@context\":\"https:\\\/\\\/schema.org\",\"@graph\":[{\"@type\":\"Article\",\"@id\":\"https:\\\/\\\/jornaldasoficinas.com\\\/pt\\\/adpa-aprovada-como-novo-membro-da-associacao-sermi\\\/#article\",\"isPartOf\":{\"@id\":\"https:\\\/\\\/jornaldasoficinas.com\\\/pt\\\/adpa-aprovada-como-novo-membro-da-associacao-sermi\\\/\"},\"author\":{\"name\":\"Reda\u00e7\u00e3o JO\",\"@id\":\"https:\\\/\\\/jornaldasoficinas.com\\\/pt\\\/#\\\/schema\\\/person\\\/a38eef5de2c41d9e7c9ac10141afddf3\"},\"headline\":\"ADPA torna-se membro da SERMI\",\"datePublished\":\"2025-11-18T14:30:33+00:00\",\"mainEntityOfPage\":{\"@id\":\"https:\\\/\\\/jornaldasoficinas.com\\\/pt\\\/adpa-aprovada-como-novo-membro-da-associacao-sermi\\\/\"},\"wordCount\":565,\"publisher\":{\"@id\":\"https:\\\/\\\/jornaldasoficinas.com\\\/pt\\\/#organization\"},\"image\":{\"@id\":\"https:\\\/\\\/jornaldasoficinas.com\\\/pt\\\/adpa-aprovada-como-novo-membro-da-associacao-sermi\\\/#primaryimage\"},\"thumbnailUrl\":\"https:\\\/\\\/jornaldasoficinas.com\\\/pt\\\/wp-content\\\/uploads\\\/2025\\\/11\\\/ADPA-aprovada-como-novo-membro-da-associacao-SERMI.jpg\",\"keywords\":[\"1 de janeiro de 2026\",\"ADPA\",\"Comiss\u00e3o Europeia\",\"Manuten\u00e7\u00e3o\",\"novo membro\",\"seguran\u00e7a autom\u00f3vel\",\"SERMI\"],\"articleSection\":[\"Mercado\"],\"inLanguage\":\"pt-PT\"},{\"@type\":\"WebPage\",\"@id\":\"https:\\\/\\\/jornaldasoficinas.com\\\/pt\\\/adpa-aprovada-como-novo-membro-da-associacao-sermi\\\/\",\"url\":\"https:\\\/\\\/jornaldasoficinas.com\\\/pt\\\/adpa-aprovada-como-novo-membro-da-associacao-sermi\\\/\",\"name\":\"ADPA torna-se membro da SERMI - Jornal das Oficinas\",\"isPartOf\":{\"@id\":\"https:\\\/\\\/jornaldasoficinas.com\\\/pt\\\/#website\"},\"primaryImageOfPage\":{\"@id\":\"https:\\\/\\\/jornaldasoficinas.com\\\/pt\\\/adpa-aprovada-como-novo-membro-da-associacao-sermi\\\/#primaryimage\"},\"image\":{\"@id\":\"https:\\\/\\\/jornaldasoficinas.com\\\/pt\\\/adpa-aprovada-como-novo-membro-da-associacao-sermi\\\/#primaryimage\"},\"thumbnailUrl\":\"https:\\\/\\\/jornaldasoficinas.com\\\/pt\\\/wp-content\\\/uploads\\\/2025\\\/11\\\/ADPA-aprovada-como-novo-membro-da-associacao-SERMI.jpg\",\"datePublished\":\"2025-11-18T14:30:33+00:00\",\"description\":\"A ADPA foi acolhida pelos seus pares na SERMI, a associa\u00e7\u00e3o respons\u00e1vel pela gest\u00e3o do sistema de acesso a informa\u00e7\u00e3o de seguran\u00e7a no setor\",\"breadcrumb\":{\"@id\":\"https:\\\/\\\/jornaldasoficinas.com\\\/pt\\\/adpa-aprovada-como-novo-membro-da-associacao-sermi\\\/#breadcrumb\"},\"inLanguage\":\"pt-PT\",\"potentialAction\":[{\"@type\":\"ReadAction\",\"target\":[\"https:\\\/\\\/jornaldasoficinas.com\\\/pt\\\/adpa-aprovada-como-novo-membro-da-associacao-sermi\\\/\"]}]},{\"@type\":\"ImageObject\",\"inLanguage\":\"pt-PT\",\"@id\":\"https:\\\/\\\/jornaldasoficinas.com\\\/pt\\\/adpa-aprovada-como-novo-membro-da-associacao-sermi\\\/#primaryimage\",\"url\":\"https:\\\/\\\/jornaldasoficinas.com\\\/pt\\\/wp-content\\\/uploads\\\/2025\\\/11\\\/ADPA-aprovada-como-novo-membro-da-associacao-SERMI.jpg\",\"contentUrl\":\"https:\\\/\\\/jornaldasoficinas.com\\\/pt\\\/wp-content\\\/uploads\\\/2025\\\/11\\\/ADPA-aprovada-como-novo-membro-da-associacao-SERMI.jpg\",\"width\":1024,\"height\":581,\"caption\":\"11 - ADPA aprovada como novo membro da associacao SERMI\"},{\"@type\":\"BreadcrumbList\",\"@id\":\"https:\\\/\\\/jornaldasoficinas.com\\\/pt\\\/adpa-aprovada-como-novo-membro-da-associacao-sermi\\\/#breadcrumb\",\"itemListElement\":[{\"@type\":\"ListItem\",\"position\":1,\"name\":\"In\u00edcio\",\"item\":\"https:\\\/\\\/jornaldasoficinas.com\\\/pt\\\/\"},{\"@type\":\"ListItem\",\"position\":2,\"name\":\"ADPA torna-se membro da SERMI\"}]},{\"@type\":\"WebSite\",\"@id\":\"https:\\\/\\\/jornaldasoficinas.com\\\/pt\\\/#website\",\"url\":\"https:\\\/\\\/jornaldasoficinas.com\\\/pt\\\/\",\"name\":\"Jornal das Oficinas\",\"description\":\"Jornal independente do Aftermarket Autom\u00f3vel em Portugal\",\"publisher\":{\"@id\":\"https:\\\/\\\/jornaldasoficinas.com\\\/pt\\\/#organization\"},\"potentialAction\":[{\"@type\":\"SearchAction\",\"target\":{\"@type\":\"EntryPoint\",\"urlTemplate\":\"https:\\\/\\\/jornaldasoficinas.com\\\/pt\\\/?s={search_term_string}\"},\"query-input\":{\"@type\":\"PropertyValueSpecification\",\"valueRequired\":true,\"valueName\":\"search_term_string\"}}],\"inLanguage\":\"pt-PT\"},{\"@type\":\"Organization\",\"@id\":\"https:\\\/\\\/jornaldasoficinas.com\\\/pt\\\/#organization\",\"name\":\"Jornal das Oficinas\",\"url\":\"https:\\\/\\\/jornaldasoficinas.com\\\/pt\\\/\",\"logo\":{\"@type\":\"ImageObject\",\"inLanguage\":\"pt-PT\",\"@id\":\"https:\\\/\\\/jornaldasoficinas.com\\\/pt\\\/#\\\/schema\\\/logo\\\/image\\\/\",\"url\":\"https:\\\/\\\/jornaldasoficinas.com\\\/pt\\\/wp-content\\\/uploads\\\/logoJO-SEO.png\",\"contentUrl\":\"https:\\\/\\\/jornaldasoficinas.com\\\/pt\\\/wp-content\\\/uploads\\\/logoJO-SEO.png\",\"width\":285,\"height\":450,\"caption\":\"Jornal das Oficinas\"},\"image\":{\"@id\":\"https:\\\/\\\/jornaldasoficinas.com\\\/pt\\\/#\\\/schema\\\/logo\\\/image\\\/\"},\"sameAs\":[\"https:\\\/\\\/www.facebook.com\\\/jornaloficinas\",\"https:\\\/\\\/x.com\\\/jornaloficinas\",\"https:\\\/\\\/www.instagram.com\\\/jornal_oficinas\\\/\",\"https:\\\/\\\/www.linkedin.com\\\/company\\\/jornal-das-oficinas\\\/\",\"https:\\\/\\\/www.youtube.com\\\/channel\\\/UCbQZBqtcvV-oSQrr7RzINGg\"]},{\"@type\":\"Person\",\"@id\":\"https:\\\/\\\/jornaldasoficinas.com\\\/pt\\\/#\\\/schema\\\/person\\\/a38eef5de2c41d9e7c9ac10141afddf3\",\"name\":\"Reda\u00e7\u00e3o JO\",\"image\":{\"@type\":\"ImageObject\",\"inLanguage\":\"pt-PT\",\"@id\":\"https:\\\/\\\/secure.gravatar.com\\\/avatar\\\/71f2fa71737ad68a84fea94bc708ddac8ea5b0c4788dc2ad202f3ccb2887742f?s=96&d=wp_user_avatar&r=g\",\"url\":\"https:\\\/\\\/secure.gravatar.com\\\/avatar\\\/71f2fa71737ad68a84fea94bc708ddac8ea5b0c4788dc2ad202f3ccb2887742f?s=96&d=wp_user_avatar&r=g\",\"contentUrl\":\"https:\\\/\\\/secure.gravatar.com\\\/avatar\\\/71f2fa71737ad68a84fea94bc708ddac8ea5b0c4788dc2ad202f3ccb2887742f?s=96&d=wp_user_avatar&r=g\",\"caption\":\"Reda\u00e7\u00e3o JO\"},\"url\":\"https:\\\/\\\/jornaldasoficinas.com\\\/pt\\\/author\\\/joredacao\\\/\"}]}<\/script>\n<!-- \/ Yoast SEO plugin. -->","yoast_head_json":{"title":"ADPA torna-se membro da SERMI - Jornal das Oficinas","description":"A ADPA foi acolhida pelos seus pares na SERMI, a associa\u00e7\u00e3o respons\u00e1vel pela gest\u00e3o do sistema de acesso a informa\u00e7\u00e3o de seguran\u00e7a no setor","robots":{"index":"index","follow":"follow","max-snippet":"max-snippet:-1","max-image-preview":"max-image-preview:large","max-video-preview":"max-video-preview:-1"},"canonical":"https:\/\/jornaldasoficinas.com\/pt\/adpa-aprovada-como-novo-membro-da-associacao-sermi\/","og_locale":"pt_PT","og_type":"article","og_title":"ADPA torna-se membro da SERMI - Jornal das Oficinas","og_description":"A ADPA foi acolhida pelos seus pares na SERMI, a associa\u00e7\u00e3o respons\u00e1vel pela gest\u00e3o do sistema de acesso a informa\u00e7\u00e3o de seguran\u00e7a no setor","og_url":"https:\/\/jornaldasoficinas.com\/pt\/adpa-aprovada-como-novo-membro-da-associacao-sermi\/","og_site_name":"Jornal das Oficinas","article_publisher":"https:\/\/www.facebook.com\/jornaloficinas","article_published_time":"2025-11-18T14:30:33+00:00","og_image":[{"width":1024,"height":581,"url":"https:\/\/jornaldasoficinas.com\/pt\/wp-content\/uploads\/2025\/11\/ADPA-aprovada-como-novo-membro-da-associacao-SERMI.jpg","type":"image\/jpeg"}],"author":"Reda\u00e7\u00e3o JO","twitter_card":"summary_large_image","twitter_creator":"@jornaloficinas","twitter_site":"@jornaloficinas","twitter_misc":{"Escrito por":"Reda\u00e7\u00e3o JO","Tempo estimado de leitura":"4 minutos"},"schema":{"@context":"https:\/\/schema.org","@graph":[{"@type":"Article","@id":"https:\/\/jornaldasoficinas.com\/pt\/adpa-aprovada-como-novo-membro-da-associacao-sermi\/#article","isPartOf":{"@id":"https:\/\/jornaldasoficinas.com\/pt\/adpa-aprovada-como-novo-membro-da-associacao-sermi\/"},"author":{"name":"Reda\u00e7\u00e3o JO","@id":"https:\/\/jornaldasoficinas.com\/pt\/#\/schema\/person\/a38eef5de2c41d9e7c9ac10141afddf3"},"headline":"ADPA torna-se membro da SERMI","datePublished":"2025-11-18T14:30:33+00:00","mainEntityOfPage":{"@id":"https:\/\/jornaldasoficinas.com\/pt\/adpa-aprovada-como-novo-membro-da-associacao-sermi\/"},"wordCount":565,"publisher":{"@id":"https:\/\/jornaldasoficinas.com\/pt\/#organization"},"image":{"@id":"https:\/\/jornaldasoficinas.com\/pt\/adpa-aprovada-como-novo-membro-da-associacao-sermi\/#primaryimage"},"thumbnailUrl":"https:\/\/jornaldasoficinas.com\/pt\/wp-content\/uploads\/2025\/11\/ADPA-aprovada-como-novo-membro-da-associacao-SERMI.jpg","keywords":["1 de janeiro de 2026","ADPA","Comiss\u00e3o Europeia","Manuten\u00e7\u00e3o","novo membro","seguran\u00e7a autom\u00f3vel","SERMI"],"articleSection":["Mercado"],"inLanguage":"pt-PT"},{"@type":"WebPage","@id":"https:\/\/jornaldasoficinas.com\/pt\/adpa-aprovada-como-novo-membro-da-associacao-sermi\/","url":"https:\/\/jornaldasoficinas.com\/pt\/adpa-aprovada-como-novo-membro-da-associacao-sermi\/","name":"ADPA torna-se membro da SERMI - Jornal das Oficinas","isPartOf":{"@id":"https:\/\/jornaldasoficinas.com\/pt\/#website"},"primaryImageOfPage":{"@id":"https:\/\/jornaldasoficinas.com\/pt\/adpa-aprovada-como-novo-membro-da-associacao-sermi\/#primaryimage"},"image":{"@id":"https:\/\/jornaldasoficinas.com\/pt\/adpa-aprovada-como-novo-membro-da-associacao-sermi\/#primaryimage"},"thumbnailUrl":"https:\/\/jornaldasoficinas.com\/pt\/wp-content\/uploads\/2025\/11\/ADPA-aprovada-como-novo-membro-da-associacao-SERMI.jpg","datePublished":"2025-11-18T14:30:33+00:00","description":"A ADPA foi acolhida pelos seus pares na SERMI, a associa\u00e7\u00e3o respons\u00e1vel pela gest\u00e3o do sistema de acesso a informa\u00e7\u00e3o de seguran\u00e7a no setor","breadcrumb":{"@id":"https:\/\/jornaldasoficinas.com\/pt\/adpa-aprovada-como-novo-membro-da-associacao-sermi\/#breadcrumb"},"inLanguage":"pt-PT","potentialAction":[{"@type":"ReadAction","target":["https:\/\/jornaldasoficinas.com\/pt\/adpa-aprovada-como-novo-membro-da-associacao-sermi\/"]}]},{"@type":"ImageObject","inLanguage":"pt-PT","@id":"https:\/\/jornaldasoficinas.com\/pt\/adpa-aprovada-como-novo-membro-da-associacao-sermi\/#primaryimage","url":"https:\/\/jornaldasoficinas.com\/pt\/wp-content\/uploads\/2025\/11\/ADPA-aprovada-como-novo-membro-da-associacao-SERMI.jpg","contentUrl":"https:\/\/jornaldasoficinas.com\/pt\/wp-content\/uploads\/2025\/11\/ADPA-aprovada-como-novo-membro-da-associacao-SERMI.jpg","width":1024,"height":581,"caption":"11 - ADPA aprovada como novo membro da associacao SERMI"},{"@type":"BreadcrumbList","@id":"https:\/\/jornaldasoficinas.com\/pt\/adpa-aprovada-como-novo-membro-da-associacao-sermi\/#breadcrumb","itemListElement":[{"@type":"ListItem","position":1,"name":"In\u00edcio","item":"https:\/\/jornaldasoficinas.com\/pt\/"},{"@type":"ListItem","position":2,"name":"ADPA torna-se membro da SERMI"}]},{"@type":"WebSite","@id":"https:\/\/jornaldasoficinas.com\/pt\/#website","url":"https:\/\/jornaldasoficinas.com\/pt\/","name":"Jornal das Oficinas","description":"Jornal independente do Aftermarket Autom\u00f3vel em Portugal","publisher":{"@id":"https:\/\/jornaldasoficinas.com\/pt\/#organization"},"potentialAction":[{"@type":"SearchAction","target":{"@type":"EntryPoint","urlTemplate":"https:\/\/jornaldasoficinas.com\/pt\/?s={search_term_string}"},"query-input":{"@type":"PropertyValueSpecification","valueRequired":true,"valueName":"search_term_string"}}],"inLanguage":"pt-PT"},{"@type":"Organization","@id":"https:\/\/jornaldasoficinas.com\/pt\/#organization","name":"Jornal das Oficinas","url":"https:\/\/jornaldasoficinas.com\/pt\/","logo":{"@type":"ImageObject","inLanguage":"pt-PT","@id":"https:\/\/jornaldasoficinas.com\/pt\/#\/schema\/logo\/image\/","url":"https:\/\/jornaldasoficinas.com\/pt\/wp-content\/uploads\/logoJO-SEO.png","contentUrl":"https:\/\/jornaldasoficinas.com\/pt\/wp-content\/uploads\/logoJO-SEO.png","width":285,"height":450,"caption":"Jornal das Oficinas"},"image":{"@id":"https:\/\/jornaldasoficinas.com\/pt\/#\/schema\/logo\/image\/"},"sameAs":["https:\/\/www.facebook.com\/jornaloficinas","https:\/\/x.com\/jornaloficinas","https:\/\/www.instagram.com\/jornal_oficinas\/","https:\/\/www.linkedin.com\/company\/jornal-das-oficinas\/","https:\/\/www.youtube.com\/channel\/UCbQZBqtcvV-oSQrr7RzINGg"]},{"@type":"Person","@id":"https:\/\/jornaldasoficinas.com\/pt\/#\/schema\/person\/a38eef5de2c41d9e7c9ac10141afddf3","name":"Reda\u00e7\u00e3o JO","image":{"@type":"ImageObject","inLanguage":"pt-PT","@id":"https:\/\/secure.gravatar.com\/avatar\/71f2fa71737ad68a84fea94bc708ddac8ea5b0c4788dc2ad202f3ccb2887742f?s=96&d=wp_user_avatar&r=g","url":"https:\/\/secure.gravatar.com\/avatar\/71f2fa71737ad68a84fea94bc708ddac8ea5b0c4788dc2ad202f3ccb2887742f?s=96&d=wp_user_avatar&r=g","contentUrl":"https:\/\/secure.gravatar.com\/avatar\/71f2fa71737ad68a84fea94bc708ddac8ea5b0c4788dc2ad202f3ccb2887742f?s=96&d=wp_user_avatar&r=g","caption":"Reda\u00e7\u00e3o JO"},"url":"https:\/\/jornaldasoficinas.com\/pt\/author\/joredacao\/"}]}},"_links":{"self":[{"href":"https:\/\/jornaldasoficinas.com\/pt\/wp-json\/wp\/v2\/posts\/109673","targetHints":{"allow":["GET"]}}],"collection":[{"href":"https:\/\/jornaldasoficinas.com\/pt\/wp-json\/wp\/v2\/posts"}],"about":[{"href":"https:\/\/jornaldasoficinas.com\/pt\/wp-json\/wp\/v2\/types\/post"}],"author":[{"embeddable":true,"href":"https:\/\/jornaldasoficinas.com\/pt\/wp-json\/wp\/v2\/users\/15"}],"replies":[{"embeddable":true,"href":"https:\/\/jornaldasoficinas.com\/pt\/wp-json\/wp\/v2\/comments?post=109673"}],"version-history":[{"count":6,"href":"https:\/\/jornaldasoficinas.com\/pt\/wp-json\/wp\/v2\/posts\/109673\/revisions"}],"predecessor-version":[{"id":109686,"href":"https:\/\/jornaldasoficinas.com\/pt\/wp-json\/wp\/v2\/posts\/109673\/revisions\/109686"}],"wp:featuredmedia":[{"embeddable":true,"href":"https:\/\/jornaldasoficinas.com\/pt\/wp-json\/wp\/v2\/media\/109682"}],"wp:attachment":[{"href":"https:\/\/jornaldasoficinas.com\/pt\/wp-json\/wp\/v2\/media?parent=109673"}],"wp:term":[{"taxonomy":"category","embeddable":true,"href":"https:\/\/jornaldasoficinas.com\/pt\/wp-json\/wp\/v2\/categories?post=109673"},{"taxonomy":"post_tag","embeddable":true,"href":"https:\/\/jornaldasoficinas.com\/pt\/wp-json\/wp\/v2\/tags?post=109673"}],"curies":[{"name":"wp","href":"https:\/\/api.w.org\/{rel}","templated":true}]}}