{"id":109693,"date":"2025-11-19T08:00:54","date_gmt":"2025-11-19T08:00:54","guid":{"rendered":"https:\/\/jornaldasoficinas.com\/pt\/?p=109693"},"modified":"2025-11-17T16:50:14","modified_gmt":"2025-11-17T16:50:14","slug":"napa-racing-weekend-encerra-temporada-em-montmelo","status":"publish","type":"post","link":"https:\/\/jornaldasoficinas.com\/pt\/napa-racing-weekend-encerra-temporada-em-montmelo\/","title":{"rendered":"NAPA Racing Weekend encerra temporada em Montmel\u00f3"},"content":{"rendered":"<p><img loading=\"lazy\" decoding=\"async\" class=\"size-full wp-image-109697\" src=\"https:\/\/jornaldasoficinas.com\/pt\/wp-content\/uploads\/2025\/11\/NAPA-Racing-Weekend-encerra-temporada-em-Montmelo.jpg\" alt=\"11 - NAPA Racing Weekend encerra temporada em Montmelo\" width=\"1024\" height=\"581\" srcset=\"https:\/\/jornaldasoficinas.com\/pt\/wp-content\/uploads\/2025\/11\/NAPA-Racing-Weekend-encerra-temporada-em-Montmelo.jpg 1024w, https:\/\/jornaldasoficinas.com\/pt\/wp-content\/uploads\/2025\/11\/NAPA-Racing-Weekend-encerra-temporada-em-Montmelo-300x170.jpg 300w, https:\/\/jornaldasoficinas.com\/pt\/wp-content\/uploads\/2025\/11\/NAPA-Racing-Weekend-encerra-temporada-em-Montmelo-150x85.jpg 150w, https:\/\/jornaldasoficinas.com\/pt\/wp-content\/uploads\/2025\/11\/NAPA-Racing-Weekend-encerra-temporada-em-Montmelo-768x436.jpg 768w\" sizes=\"auto, (max-width: 1024px) 100vw, 1024px\" \/><\/p>\n<p><strong>O <a href=\"https:\/\/racingweekend.rfeda.es\/\" target=\"_blank\" rel=\"noopener\">NAPA Racing Weekend<\/a> <\/strong><strong>encerrou a \u00e9poca 2025 em Montmel\u00f3 com mais de 16.000 participantes, num evento promovido pela <a href=\"https:\/\/www.napaautoparts.es\/\" target=\"_blank\" rel=\"noopener\">NAPA<\/a> que conjugou competi\u00e7\u00e3o, experi\u00eancias de marca e atividades para toda a fam\u00edlia<\/strong><\/p>\n<p>O Circuito de Barcelona-Catalunya tornou-se o epicentro da emo\u00e7\u00e3o do desporto autom\u00f3vel com a celebra\u00e7\u00e3o do NAPA Racing Weekend Barcelona-Montmel\u00f3, evento que encerrou a temporada 2025. O dia reuniu mais de 16 mil pessoas, incluindo clientes da marca e as suas fam\u00edlias, que desfrutaram de um dia repleto de adrenalina, intera\u00e7\u00e3o e experi\u00eancias com a marca.<\/p>\n<p>Desde cedo, os participantes puderam percorrer o paddock, visitar as boxes e conhecer as equipas e os pilotos que brilharam num ano intenso de competi\u00e7\u00e3o. As fam\u00edlias viveram o dia como uma verdadeira celebra\u00e7\u00e3o: mi\u00fados e gra\u00fados participaram em atividades interativas, simuladores de condu\u00e7\u00e3o, triciclos infantis, an\u00e9is de rea\u00e7\u00e3o, drifting ligeiro e sess\u00f5es fotogr\u00e1ficas com os ve\u00edculos oficiais da temporada.<\/p>\n<p>Na pista, as exibi\u00e7\u00f5es e voltas de demonstra\u00e7\u00e3o entusiasmaram as bancadas, recordando alguns dos momentos mais emocionantes do calend\u00e1rio de 2025. Os pilotos proporcionaram um espet\u00e1culo que encerrou a temporada com a energia e o profissionalismo que caracterizam o projeto de automobilismo da NAPA.<\/p>\n<p>O impacto da marca foi palp\u00e1vel em todos os cantos do evento. A NAPA refor\u00e7ou a sua imagem de acessibilidade, inova\u00e7\u00e3o e paix\u00e3o pela competi\u00e7\u00e3o, consolidando a sua posi\u00e7\u00e3o como uma refer\u00eancia no desporto autom\u00f3vel. As ativa\u00e7\u00f5es da marca, os espa\u00e7os corporativos e a intera\u00e7\u00e3o direta com os participantes refletiram o seu compromisso com a comunidade e o crescimento do ecossistema de corridas.<\/p>\n<p>A marca j\u00e1 est\u00e1 de olhos postos em 2026, com novos desafios e o objetivo de continuar a levar a emo\u00e7\u00e3o do desporto autom\u00f3vel para mais perto dos clientes, fam\u00edlias e f\u00e3s de todo o pa\u00eds.<\/p>\n","protected":false},"excerpt":{"rendered":"<p>O NAPA Racing Weekend encerrou a&#8230;<\/p>\n","protected":false},"author":15,"featured_media":109697,"comment_status":"closed","ping_status":"closed","sticky":false,"template":"","format":"standard","meta":{"footnotes":""},"categories":[29],"tags":[14018,11392,14017,14016,4140,5794],"class_list":["post-109693","post","type-post","status-publish","format-standard","has-post-thumbnail","hentry","category-empresas","tag-16-mil-pessoas","tag-desporto-automovel","tag-fim-de-temporada","tag-montmelo","tag-napa","tag-napa-racing-weekend"],"yoast_head":"<!-- This site is optimized with the Yoast SEO plugin v27.4 - https:\/\/yoast.com\/product\/yoast-seo-wordpress\/ -->\n<title>NAPA Racing Weekend encerra temporada em Montmel\u00f3 - Jornal das Oficinas<\/title>\n<meta name=\"description\" content=\"O NAPA Racing Weekend encerrou a \u00e9poca 2025 em Montmel\u00f3 com mais de 16.000 participantes, num evento promovido pela NAPA\" \/>\n<meta name=\"robots\" content=\"index, follow, max-snippet:-1, max-image-preview:large, max-video-preview:-1\" \/>\n<link rel=\"canonical\" href=\"https:\/\/jornaldasoficinas.com\/pt\/napa-racing-weekend-encerra-temporada-em-montmelo\/\" \/>\n<meta property=\"og:locale\" content=\"pt_PT\" \/>\n<meta property=\"og:type\" content=\"article\" \/>\n<meta property=\"og:title\" content=\"NAPA Racing Weekend encerra temporada em Montmel\u00f3 - Jornal das Oficinas\" \/>\n<meta property=\"og:description\" content=\"O NAPA Racing Weekend encerrou a \u00e9poca 2025 em Montmel\u00f3 com mais de 16.000 participantes, num evento promovido pela NAPA\" \/>\n<meta property=\"og:url\" content=\"https:\/\/jornaldasoficinas.com\/pt\/napa-racing-weekend-encerra-temporada-em-montmelo\/\" \/>\n<meta property=\"og:site_name\" content=\"Jornal das Oficinas\" \/>\n<meta property=\"article:publisher\" content=\"https:\/\/www.facebook.com\/jornaloficinas\" \/>\n<meta property=\"article:published_time\" content=\"2025-11-19T08:00:54+00:00\" \/>\n<meta property=\"og:image\" content=\"https:\/\/jornaldasoficinas.com\/pt\/wp-content\/uploads\/2025\/11\/NAPA-Racing-Weekend-encerra-temporada-em-Montmelo.jpg\" \/>\n\t<meta property=\"og:image:width\" content=\"1024\" \/>\n\t<meta property=\"og:image:height\" content=\"581\" \/>\n\t<meta property=\"og:image:type\" content=\"image\/jpeg\" \/>\n<meta name=\"author\" content=\"Reda\u00e7\u00e3o JO\" \/>\n<meta name=\"twitter:card\" content=\"summary_large_image\" \/>\n<meta name=\"twitter:creator\" content=\"@jornaloficinas\" \/>\n<meta name=\"twitter:site\" content=\"@jornaloficinas\" \/>\n<meta name=\"twitter:label1\" content=\"Escrito por\" \/>\n\t<meta name=\"twitter:data1\" content=\"Reda\u00e7\u00e3o JO\" \/>\n\t<meta name=\"twitter:label2\" content=\"Tempo estimado de leitura\" \/>\n\t<meta name=\"twitter:data2\" content=\"2 minutos\" \/>\n<script type=\"application\/ld+json\" class=\"yoast-schema-graph\">{\"@context\":\"https:\\\/\\\/schema.org\",\"@graph\":[{\"@type\":\"Article\",\"@id\":\"https:\\\/\\\/jornaldasoficinas.com\\\/pt\\\/napa-racing-weekend-encerra-temporada-em-montmelo\\\/#article\",\"isPartOf\":{\"@id\":\"https:\\\/\\\/jornaldasoficinas.com\\\/pt\\\/napa-racing-weekend-encerra-temporada-em-montmelo\\\/\"},\"author\":{\"name\":\"Reda\u00e7\u00e3o JO\",\"@id\":\"https:\\\/\\\/jornaldasoficinas.com\\\/pt\\\/#\\\/schema\\\/person\\\/a38eef5de2c41d9e7c9ac10141afddf3\"},\"headline\":\"NAPA Racing Weekend encerra temporada em Montmel\u00f3\",\"datePublished\":\"2025-11-19T08:00:54+00:00\",\"mainEntityOfPage\":{\"@id\":\"https:\\\/\\\/jornaldasoficinas.com\\\/pt\\\/napa-racing-weekend-encerra-temporada-em-montmelo\\\/\"},\"wordCount\":332,\"publisher\":{\"@id\":\"https:\\\/\\\/jornaldasoficinas.com\\\/pt\\\/#organization\"},\"image\":{\"@id\":\"https:\\\/\\\/jornaldasoficinas.com\\\/pt\\\/napa-racing-weekend-encerra-temporada-em-montmelo\\\/#primaryimage\"},\"thumbnailUrl\":\"https:\\\/\\\/jornaldasoficinas.com\\\/pt\\\/wp-content\\\/uploads\\\/2025\\\/11\\\/NAPA-Racing-Weekend-encerra-temporada-em-Montmelo.jpg\",\"keywords\":[\"16 mil pessoas\",\"desporto autom\u00f3vel\",\"fim de temporada\",\"Montmel\u00f3\",\"NAPA\",\"NAPA Racing Weekend\"],\"articleSection\":[\"Empresas\"],\"inLanguage\":\"pt-PT\"},{\"@type\":\"WebPage\",\"@id\":\"https:\\\/\\\/jornaldasoficinas.com\\\/pt\\\/napa-racing-weekend-encerra-temporada-em-montmelo\\\/\",\"url\":\"https:\\\/\\\/jornaldasoficinas.com\\\/pt\\\/napa-racing-weekend-encerra-temporada-em-montmelo\\\/\",\"name\":\"NAPA Racing Weekend encerra temporada em Montmel\u00f3 - Jornal das Oficinas\",\"isPartOf\":{\"@id\":\"https:\\\/\\\/jornaldasoficinas.com\\\/pt\\\/#website\"},\"primaryImageOfPage\":{\"@id\":\"https:\\\/\\\/jornaldasoficinas.com\\\/pt\\\/napa-racing-weekend-encerra-temporada-em-montmelo\\\/#primaryimage\"},\"image\":{\"@id\":\"https:\\\/\\\/jornaldasoficinas.com\\\/pt\\\/napa-racing-weekend-encerra-temporada-em-montmelo\\\/#primaryimage\"},\"thumbnailUrl\":\"https:\\\/\\\/jornaldasoficinas.com\\\/pt\\\/wp-content\\\/uploads\\\/2025\\\/11\\\/NAPA-Racing-Weekend-encerra-temporada-em-Montmelo.jpg\",\"datePublished\":\"2025-11-19T08:00:54+00:00\",\"description\":\"O NAPA Racing Weekend encerrou a \u00e9poca 2025 em Montmel\u00f3 com mais de 16.000 participantes, num evento promovido pela NAPA\",\"breadcrumb\":{\"@id\":\"https:\\\/\\\/jornaldasoficinas.com\\\/pt\\\/napa-racing-weekend-encerra-temporada-em-montmelo\\\/#breadcrumb\"},\"inLanguage\":\"pt-PT\",\"potentialAction\":[{\"@type\":\"ReadAction\",\"target\":[\"https:\\\/\\\/jornaldasoficinas.com\\\/pt\\\/napa-racing-weekend-encerra-temporada-em-montmelo\\\/\"]}]},{\"@type\":\"ImageObject\",\"inLanguage\":\"pt-PT\",\"@id\":\"https:\\\/\\\/jornaldasoficinas.com\\\/pt\\\/napa-racing-weekend-encerra-temporada-em-montmelo\\\/#primaryimage\",\"url\":\"https:\\\/\\\/jornaldasoficinas.com\\\/pt\\\/wp-content\\\/uploads\\\/2025\\\/11\\\/NAPA-Racing-Weekend-encerra-temporada-em-Montmelo.jpg\",\"contentUrl\":\"https:\\\/\\\/jornaldasoficinas.com\\\/pt\\\/wp-content\\\/uploads\\\/2025\\\/11\\\/NAPA-Racing-Weekend-encerra-temporada-em-Montmelo.jpg\",\"width\":1024,\"height\":581,\"caption\":\"Racing Weekend\"},{\"@type\":\"BreadcrumbList\",\"@id\":\"https:\\\/\\\/jornaldasoficinas.com\\\/pt\\\/napa-racing-weekend-encerra-temporada-em-montmelo\\\/#breadcrumb\",\"itemListElement\":[{\"@type\":\"ListItem\",\"position\":1,\"name\":\"In\u00edcio\",\"item\":\"https:\\\/\\\/jornaldasoficinas.com\\\/pt\\\/\"},{\"@type\":\"ListItem\",\"position\":2,\"name\":\"NAPA Racing Weekend encerra temporada em Montmel\u00f3\"}]},{\"@type\":\"WebSite\",\"@id\":\"https:\\\/\\\/jornaldasoficinas.com\\\/pt\\\/#website\",\"url\":\"https:\\\/\\\/jornaldasoficinas.com\\\/pt\\\/\",\"name\":\"Jornal das Oficinas\",\"description\":\"Jornal independente do Aftermarket Autom\u00f3vel em Portugal\",\"publisher\":{\"@id\":\"https:\\\/\\\/jornaldasoficinas.com\\\/pt\\\/#organization\"},\"potentialAction\":[{\"@type\":\"SearchAction\",\"target\":{\"@type\":\"EntryPoint\",\"urlTemplate\":\"https:\\\/\\\/jornaldasoficinas.com\\\/pt\\\/?s={search_term_string}\"},\"query-input\":{\"@type\":\"PropertyValueSpecification\",\"valueRequired\":true,\"valueName\":\"search_term_string\"}}],\"inLanguage\":\"pt-PT\"},{\"@type\":\"Organization\",\"@id\":\"https:\\\/\\\/jornaldasoficinas.com\\\/pt\\\/#organization\",\"name\":\"Jornal das Oficinas\",\"url\":\"https:\\\/\\\/jornaldasoficinas.com\\\/pt\\\/\",\"logo\":{\"@type\":\"ImageObject\",\"inLanguage\":\"pt-PT\",\"@id\":\"https:\\\/\\\/jornaldasoficinas.com\\\/pt\\\/#\\\/schema\\\/logo\\\/image\\\/\",\"url\":\"https:\\\/\\\/jornaldasoficinas.com\\\/pt\\\/wp-content\\\/uploads\\\/logoJO-SEO.png\",\"contentUrl\":\"https:\\\/\\\/jornaldasoficinas.com\\\/pt\\\/wp-content\\\/uploads\\\/logoJO-SEO.png\",\"width\":285,\"height\":450,\"caption\":\"Jornal das Oficinas\"},\"image\":{\"@id\":\"https:\\\/\\\/jornaldasoficinas.com\\\/pt\\\/#\\\/schema\\\/logo\\\/image\\\/\"},\"sameAs\":[\"https:\\\/\\\/www.facebook.com\\\/jornaloficinas\",\"https:\\\/\\\/x.com\\\/jornaloficinas\",\"https:\\\/\\\/www.instagram.com\\\/jornal_oficinas\\\/\",\"https:\\\/\\\/www.linkedin.com\\\/company\\\/jornal-das-oficinas\\\/\",\"https:\\\/\\\/www.youtube.com\\\/channel\\\/UCbQZBqtcvV-oSQrr7RzINGg\"]},{\"@type\":\"Person\",\"@id\":\"https:\\\/\\\/jornaldasoficinas.com\\\/pt\\\/#\\\/schema\\\/person\\\/a38eef5de2c41d9e7c9ac10141afddf3\",\"name\":\"Reda\u00e7\u00e3o JO\",\"image\":{\"@type\":\"ImageObject\",\"inLanguage\":\"pt-PT\",\"@id\":\"https:\\\/\\\/secure.gravatar.com\\\/avatar\\\/71f2fa71737ad68a84fea94bc708ddac8ea5b0c4788dc2ad202f3ccb2887742f?s=96&d=wp_user_avatar&r=g\",\"url\":\"https:\\\/\\\/secure.gravatar.com\\\/avatar\\\/71f2fa71737ad68a84fea94bc708ddac8ea5b0c4788dc2ad202f3ccb2887742f?s=96&d=wp_user_avatar&r=g\",\"contentUrl\":\"https:\\\/\\\/secure.gravatar.com\\\/avatar\\\/71f2fa71737ad68a84fea94bc708ddac8ea5b0c4788dc2ad202f3ccb2887742f?s=96&d=wp_user_avatar&r=g\",\"caption\":\"Reda\u00e7\u00e3o JO\"},\"url\":\"https:\\\/\\\/jornaldasoficinas.com\\\/pt\\\/author\\\/joredacao\\\/\"}]}<\/script>\n<!-- \/ Yoast SEO plugin. -->","yoast_head_json":{"title":"NAPA Racing Weekend encerra temporada em Montmel\u00f3 - Jornal das Oficinas","description":"O NAPA Racing Weekend encerrou a \u00e9poca 2025 em Montmel\u00f3 com mais de 16.000 participantes, num evento promovido pela NAPA","robots":{"index":"index","follow":"follow","max-snippet":"max-snippet:-1","max-image-preview":"max-image-preview:large","max-video-preview":"max-video-preview:-1"},"canonical":"https:\/\/jornaldasoficinas.com\/pt\/napa-racing-weekend-encerra-temporada-em-montmelo\/","og_locale":"pt_PT","og_type":"article","og_title":"NAPA Racing Weekend encerra temporada em Montmel\u00f3 - Jornal das Oficinas","og_description":"O NAPA Racing Weekend encerrou a \u00e9poca 2025 em Montmel\u00f3 com mais de 16.000 participantes, num evento promovido pela NAPA","og_url":"https:\/\/jornaldasoficinas.com\/pt\/napa-racing-weekend-encerra-temporada-em-montmelo\/","og_site_name":"Jornal das Oficinas","article_publisher":"https:\/\/www.facebook.com\/jornaloficinas","article_published_time":"2025-11-19T08:00:54+00:00","og_image":[{"width":1024,"height":581,"url":"https:\/\/jornaldasoficinas.com\/pt\/wp-content\/uploads\/2025\/11\/NAPA-Racing-Weekend-encerra-temporada-em-Montmelo.jpg","type":"image\/jpeg"}],"author":"Reda\u00e7\u00e3o JO","twitter_card":"summary_large_image","twitter_creator":"@jornaloficinas","twitter_site":"@jornaloficinas","twitter_misc":{"Escrito por":"Reda\u00e7\u00e3o JO","Tempo estimado de leitura":"2 minutos"},"schema":{"@context":"https:\/\/schema.org","@graph":[{"@type":"Article","@id":"https:\/\/jornaldasoficinas.com\/pt\/napa-racing-weekend-encerra-temporada-em-montmelo\/#article","isPartOf":{"@id":"https:\/\/jornaldasoficinas.com\/pt\/napa-racing-weekend-encerra-temporada-em-montmelo\/"},"author":{"name":"Reda\u00e7\u00e3o JO","@id":"https:\/\/jornaldasoficinas.com\/pt\/#\/schema\/person\/a38eef5de2c41d9e7c9ac10141afddf3"},"headline":"NAPA Racing Weekend encerra temporada em Montmel\u00f3","datePublished":"2025-11-19T08:00:54+00:00","mainEntityOfPage":{"@id":"https:\/\/jornaldasoficinas.com\/pt\/napa-racing-weekend-encerra-temporada-em-montmelo\/"},"wordCount":332,"publisher":{"@id":"https:\/\/jornaldasoficinas.com\/pt\/#organization"},"image":{"@id":"https:\/\/jornaldasoficinas.com\/pt\/napa-racing-weekend-encerra-temporada-em-montmelo\/#primaryimage"},"thumbnailUrl":"https:\/\/jornaldasoficinas.com\/pt\/wp-content\/uploads\/2025\/11\/NAPA-Racing-Weekend-encerra-temporada-em-Montmelo.jpg","keywords":["16 mil pessoas","desporto autom\u00f3vel","fim de temporada","Montmel\u00f3","NAPA","NAPA Racing Weekend"],"articleSection":["Empresas"],"inLanguage":"pt-PT"},{"@type":"WebPage","@id":"https:\/\/jornaldasoficinas.com\/pt\/napa-racing-weekend-encerra-temporada-em-montmelo\/","url":"https:\/\/jornaldasoficinas.com\/pt\/napa-racing-weekend-encerra-temporada-em-montmelo\/","name":"NAPA Racing Weekend encerra temporada em Montmel\u00f3 - Jornal das Oficinas","isPartOf":{"@id":"https:\/\/jornaldasoficinas.com\/pt\/#website"},"primaryImageOfPage":{"@id":"https:\/\/jornaldasoficinas.com\/pt\/napa-racing-weekend-encerra-temporada-em-montmelo\/#primaryimage"},"image":{"@id":"https:\/\/jornaldasoficinas.com\/pt\/napa-racing-weekend-encerra-temporada-em-montmelo\/#primaryimage"},"thumbnailUrl":"https:\/\/jornaldasoficinas.com\/pt\/wp-content\/uploads\/2025\/11\/NAPA-Racing-Weekend-encerra-temporada-em-Montmelo.jpg","datePublished":"2025-11-19T08:00:54+00:00","description":"O NAPA Racing Weekend encerrou a \u00e9poca 2025 em Montmel\u00f3 com mais de 16.000 participantes, num evento promovido pela NAPA","breadcrumb":{"@id":"https:\/\/jornaldasoficinas.com\/pt\/napa-racing-weekend-encerra-temporada-em-montmelo\/#breadcrumb"},"inLanguage":"pt-PT","potentialAction":[{"@type":"ReadAction","target":["https:\/\/jornaldasoficinas.com\/pt\/napa-racing-weekend-encerra-temporada-em-montmelo\/"]}]},{"@type":"ImageObject","inLanguage":"pt-PT","@id":"https:\/\/jornaldasoficinas.com\/pt\/napa-racing-weekend-encerra-temporada-em-montmelo\/#primaryimage","url":"https:\/\/jornaldasoficinas.com\/pt\/wp-content\/uploads\/2025\/11\/NAPA-Racing-Weekend-encerra-temporada-em-Montmelo.jpg","contentUrl":"https:\/\/jornaldasoficinas.com\/pt\/wp-content\/uploads\/2025\/11\/NAPA-Racing-Weekend-encerra-temporada-em-Montmelo.jpg","width":1024,"height":581,"caption":"Racing Weekend"},{"@type":"BreadcrumbList","@id":"https:\/\/jornaldasoficinas.com\/pt\/napa-racing-weekend-encerra-temporada-em-montmelo\/#breadcrumb","itemListElement":[{"@type":"ListItem","position":1,"name":"In\u00edcio","item":"https:\/\/jornaldasoficinas.com\/pt\/"},{"@type":"ListItem","position":2,"name":"NAPA Racing Weekend encerra temporada em Montmel\u00f3"}]},{"@type":"WebSite","@id":"https:\/\/jornaldasoficinas.com\/pt\/#website","url":"https:\/\/jornaldasoficinas.com\/pt\/","name":"Jornal das Oficinas","description":"Jornal independente do Aftermarket Autom\u00f3vel em Portugal","publisher":{"@id":"https:\/\/jornaldasoficinas.com\/pt\/#organization"},"potentialAction":[{"@type":"SearchAction","target":{"@type":"EntryPoint","urlTemplate":"https:\/\/jornaldasoficinas.com\/pt\/?s={search_term_string}"},"query-input":{"@type":"PropertyValueSpecification","valueRequired":true,"valueName":"search_term_string"}}],"inLanguage":"pt-PT"},{"@type":"Organization","@id":"https:\/\/jornaldasoficinas.com\/pt\/#organization","name":"Jornal das Oficinas","url":"https:\/\/jornaldasoficinas.com\/pt\/","logo":{"@type":"ImageObject","inLanguage":"pt-PT","@id":"https:\/\/jornaldasoficinas.com\/pt\/#\/schema\/logo\/image\/","url":"https:\/\/jornaldasoficinas.com\/pt\/wp-content\/uploads\/logoJO-SEO.png","contentUrl":"https:\/\/jornaldasoficinas.com\/pt\/wp-content\/uploads\/logoJO-SEO.png","width":285,"height":450,"caption":"Jornal das Oficinas"},"image":{"@id":"https:\/\/jornaldasoficinas.com\/pt\/#\/schema\/logo\/image\/"},"sameAs":["https:\/\/www.facebook.com\/jornaloficinas","https:\/\/x.com\/jornaloficinas","https:\/\/www.instagram.com\/jornal_oficinas\/","https:\/\/www.linkedin.com\/company\/jornal-das-oficinas\/","https:\/\/www.youtube.com\/channel\/UCbQZBqtcvV-oSQrr7RzINGg"]},{"@type":"Person","@id":"https:\/\/jornaldasoficinas.com\/pt\/#\/schema\/person\/a38eef5de2c41d9e7c9ac10141afddf3","name":"Reda\u00e7\u00e3o JO","image":{"@type":"ImageObject","inLanguage":"pt-PT","@id":"https:\/\/secure.gravatar.com\/avatar\/71f2fa71737ad68a84fea94bc708ddac8ea5b0c4788dc2ad202f3ccb2887742f?s=96&d=wp_user_avatar&r=g","url":"https:\/\/secure.gravatar.com\/avatar\/71f2fa71737ad68a84fea94bc708ddac8ea5b0c4788dc2ad202f3ccb2887742f?s=96&d=wp_user_avatar&r=g","contentUrl":"https:\/\/secure.gravatar.com\/avatar\/71f2fa71737ad68a84fea94bc708ddac8ea5b0c4788dc2ad202f3ccb2887742f?s=96&d=wp_user_avatar&r=g","caption":"Reda\u00e7\u00e3o JO"},"url":"https:\/\/jornaldasoficinas.com\/pt\/author\/joredacao\/"}]}},"_links":{"self":[{"href":"https:\/\/jornaldasoficinas.com\/pt\/wp-json\/wp\/v2\/posts\/109693","targetHints":{"allow":["GET"]}}],"collection":[{"href":"https:\/\/jornaldasoficinas.com\/pt\/wp-json\/wp\/v2\/posts"}],"about":[{"href":"https:\/\/jornaldasoficinas.com\/pt\/wp-json\/wp\/v2\/types\/post"}],"author":[{"embeddable":true,"href":"https:\/\/jornaldasoficinas.com\/pt\/wp-json\/wp\/v2\/users\/15"}],"replies":[{"embeddable":true,"href":"https:\/\/jornaldasoficinas.com\/pt\/wp-json\/wp\/v2\/comments?post=109693"}],"version-history":[{"count":4,"href":"https:\/\/jornaldasoficinas.com\/pt\/wp-json\/wp\/v2\/posts\/109693\/revisions"}],"predecessor-version":[{"id":109698,"href":"https:\/\/jornaldasoficinas.com\/pt\/wp-json\/wp\/v2\/posts\/109693\/revisions\/109698"}],"wp:featuredmedia":[{"embeddable":true,"href":"https:\/\/jornaldasoficinas.com\/pt\/wp-json\/wp\/v2\/media\/109697"}],"wp:attachment":[{"href":"https:\/\/jornaldasoficinas.com\/pt\/wp-json\/wp\/v2\/media?parent=109693"}],"wp:term":[{"taxonomy":"category","embeddable":true,"href":"https:\/\/jornaldasoficinas.com\/pt\/wp-json\/wp\/v2\/categories?post=109693"},{"taxonomy":"post_tag","embeddable":true,"href":"https:\/\/jornaldasoficinas.com\/pt\/wp-json\/wp\/v2\/tags?post=109693"}],"curies":[{"name":"wp","href":"https:\/\/api.w.org\/{rel}","templated":true}]}}