{"id":109699,"date":"2025-11-20T08:00:23","date_gmt":"2025-11-20T08:00:23","guid":{"rendered":"https:\/\/jornaldasoficinas.com\/pt\/?p=109699"},"modified":"2025-11-19T09:17:04","modified_gmt":"2025-11-19T09:17:04","slug":"moeve-acelera-a-transicao-energetica-na-18-a-convencao-da-arp","status":"publish","type":"post","link":"https:\/\/jornaldasoficinas.com\/pt\/moeve-acelera-a-transicao-energetica-na-18-a-convencao-da-arp\/","title":{"rendered":"Moeve acelera a transi\u00e7\u00e3o energ\u00e9tica na 18.\u00aa Conven\u00e7\u00e3o da ARP"},"content":{"rendered":"<p><strong><img loading=\"lazy\" decoding=\"async\" class=\"alignnone size-full wp-image-109703\" src=\"https:\/\/jornaldasoficinas.com\/pt\/wp-content\/uploads\/2025\/11\/Moeve-acelera-a-transicao-energetica-na-18.a-Convencao-da-ARP.jpg\" alt=\"11 - Moeve acelera a transicao energetica na 18.a Convencao da ARP\" width=\"1024\" height=\"581\" srcset=\"https:\/\/jornaldasoficinas.com\/pt\/wp-content\/uploads\/2025\/11\/Moeve-acelera-a-transicao-energetica-na-18.a-Convencao-da-ARP.jpg 1024w, https:\/\/jornaldasoficinas.com\/pt\/wp-content\/uploads\/2025\/11\/Moeve-acelera-a-transicao-energetica-na-18.a-Convencao-da-ARP-300x170.jpg 300w, https:\/\/jornaldasoficinas.com\/pt\/wp-content\/uploads\/2025\/11\/Moeve-acelera-a-transicao-energetica-na-18.a-Convencao-da-ARP-150x85.jpg 150w, https:\/\/jornaldasoficinas.com\/pt\/wp-content\/uploads\/2025\/11\/Moeve-acelera-a-transicao-energetica-na-18.a-Convencao-da-ARP-768x436.jpg 768w\" sizes=\"auto, (max-width: 1024px) 100vw, 1024px\" \/><\/strong><\/p>\n<p><strong>A <a href=\"https:\/\/www.moeveglobal.com\/\" target=\"_blank\" rel=\"noopener\">Moeve<\/a> marcou presen\u00e7a na 18.\u00aa Conven\u00e7\u00e3o da <a href=\"https:\/\/www.arp.pt\/\" target=\"_blank\" rel=\"noopener\">ARP<\/a> \u2013 Associa\u00e7\u00e3o Rodovi\u00e1ria de Transportadores Pesados de Passageiros, que decorreu nos dias 14 e 15 de novembro de 2025, no F\u00f3rum Braga<\/strong><\/p>\n<p>O encontro reuniu centenas de profissionais e empresas ligadas ao transporte rodovi\u00e1rio de passageiros em ve\u00edculos pesados, promovendo o debate sobre inova\u00e7\u00e3o, sustentabilidade e o futuro da mobilidade coletiva em Portugal.<\/p>\n<p>Durante a Conven\u00e7\u00e3o, a Moeve destacou o seu compromisso com a transi\u00e7\u00e3o energ\u00e9tica e a descarboniza\u00e7\u00e3o do setor, apresentando solu\u00e7\u00f5es concretas que combinam tecnologia, efici\u00eancia e sustentabilidade. Entre as principais propostas estiveram os combust\u00edveis HVO, de origens 100% renov\u00e1veis, que permitem reduzir significativamente as emiss\u00f5es de CO2\u00a0e a rede de carregadores el\u00e9tricos ultrarr\u00e1pidos que a Moeve est\u00e1\u00a0a expandir por toda a Pen\u00ednsula Ib\u00e9rica, refor\u00e7ando a infraestrutura de apoio \u00e0 mobilidade el\u00e9trica.<\/p>\n<p>De acordo com Marco Oliveira, respons\u00e1vel CRT da Moeve: &#8220;A presen\u00e7a da Moeve neste encontro refor\u00e7a a proximidade com os operadores e profissionais do transporte de passageiros. Acreditamos que o futuro da mobilidade passa pela coopera\u00e7\u00e3o com quem est\u00e1 diariamente no terreno e pela ado\u00e7\u00e3o de tecnologias sustent\u00e1veis que tornem o setor mais competitivo e respons\u00e1vel&#8221;.<\/p>\n<p>Com uma participa\u00e7\u00e3o marcada por forte ades\u00e3o e interesse nas solu\u00e7\u00f5es apresentadas, a Moeve refor\u00e7ou a sua posi\u00e7\u00e3o como parceiro de refer\u00eancia na mobilidade sustent\u00e1vel, comprometida em apoiar o setor do transporte rodovi\u00e1rio de passageiros na transi\u00e7\u00e3o para um futuro mais limpo, eficiente e tecnologicamente avan\u00e7ado.<\/p>\n","protected":false},"excerpt":{"rendered":"<p>A Moeve marcou presen\u00e7a na 18.\u00aa&#8230;<\/p>\n","protected":false},"author":15,"featured_media":109703,"comment_status":"closed","ping_status":"closed","sticky":false,"template":"","format":"standard","meta":{"footnotes":""},"categories":[29],"tags":[14020,14019,1437,9969,6786,11091,1767],"class_list":["post-109699","post","type-post","status-publish","format-standard","has-post-thumbnail","hentry","category-empresas","tag-14-e-15-de-novembro","tag-18a-convencao","tag-arp","tag-debate","tag-futuro-da-mobilidade","tag-moeve","tag-sustentabilidade"],"yoast_head":"<!-- This site is optimized with the Yoast SEO plugin v27.4 - https:\/\/yoast.com\/product\/yoast-seo-wordpress\/ -->\n<title>Moeve acelera a transi\u00e7\u00e3o energ\u00e9tica na 18.\u00aa Conven\u00e7\u00e3o da ARP - Jornal das Oficinas<\/title>\n<meta name=\"description\" content=\"A Moeve marcou presen\u00e7a na 18.\u00aa Conven\u00e7\u00e3o da ARP \u2013 Associa\u00e7\u00e3o Rodovi\u00e1ria de Transportadores Pesados de Passageiros\" \/>\n<meta name=\"robots\" content=\"index, follow, max-snippet:-1, max-image-preview:large, max-video-preview:-1\" \/>\n<link rel=\"canonical\" href=\"https:\/\/jornaldasoficinas.com\/pt\/moeve-acelera-a-transicao-energetica-na-18-a-convencao-da-arp\/\" \/>\n<meta property=\"og:locale\" content=\"pt_PT\" \/>\n<meta property=\"og:type\" content=\"article\" \/>\n<meta property=\"og:title\" content=\"Moeve acelera a transi\u00e7\u00e3o energ\u00e9tica na 18.\u00aa Conven\u00e7\u00e3o da ARP - Jornal das Oficinas\" \/>\n<meta property=\"og:description\" content=\"A Moeve marcou presen\u00e7a na 18.\u00aa Conven\u00e7\u00e3o da ARP \u2013 Associa\u00e7\u00e3o Rodovi\u00e1ria de Transportadores Pesados de Passageiros\" \/>\n<meta property=\"og:url\" content=\"https:\/\/jornaldasoficinas.com\/pt\/moeve-acelera-a-transicao-energetica-na-18-a-convencao-da-arp\/\" \/>\n<meta property=\"og:site_name\" content=\"Jornal das Oficinas\" \/>\n<meta property=\"article:publisher\" content=\"https:\/\/www.facebook.com\/jornaloficinas\" \/>\n<meta property=\"article:published_time\" content=\"2025-11-20T08:00:23+00:00\" \/>\n<meta property=\"og:image\" content=\"https:\/\/jornaldasoficinas.com\/pt\/wp-content\/uploads\/2025\/11\/Moeve-acelera-a-transicao-energetica-na-18.a-Convencao-da-ARP.jpg\" \/>\n\t<meta property=\"og:image:width\" content=\"1024\" \/>\n\t<meta property=\"og:image:height\" content=\"581\" \/>\n\t<meta property=\"og:image:type\" content=\"image\/jpeg\" \/>\n<meta name=\"author\" content=\"Reda\u00e7\u00e3o JO\" \/>\n<meta name=\"twitter:card\" content=\"summary_large_image\" \/>\n<meta name=\"twitter:creator\" content=\"@jornaloficinas\" \/>\n<meta name=\"twitter:site\" content=\"@jornaloficinas\" \/>\n<meta name=\"twitter:label1\" content=\"Escrito por\" \/>\n\t<meta name=\"twitter:data1\" content=\"Reda\u00e7\u00e3o JO\" \/>\n\t<meta name=\"twitter:label2\" content=\"Tempo estimado de leitura\" \/>\n\t<meta name=\"twitter:data2\" content=\"2 minutos\" \/>\n<script type=\"application\/ld+json\" class=\"yoast-schema-graph\">{\"@context\":\"https:\\\/\\\/schema.org\",\"@graph\":[{\"@type\":\"Article\",\"@id\":\"https:\\\/\\\/jornaldasoficinas.com\\\/pt\\\/moeve-acelera-a-transicao-energetica-na-18-a-convencao-da-arp\\\/#article\",\"isPartOf\":{\"@id\":\"https:\\\/\\\/jornaldasoficinas.com\\\/pt\\\/moeve-acelera-a-transicao-energetica-na-18-a-convencao-da-arp\\\/\"},\"author\":{\"name\":\"Reda\u00e7\u00e3o JO\",\"@id\":\"https:\\\/\\\/jornaldasoficinas.com\\\/pt\\\/#\\\/schema\\\/person\\\/a38eef5de2c41d9e7c9ac10141afddf3\"},\"headline\":\"Moeve acelera a transi\u00e7\u00e3o energ\u00e9tica na 18.\u00aa Conven\u00e7\u00e3o da ARP\",\"datePublished\":\"2025-11-20T08:00:23+00:00\",\"mainEntityOfPage\":{\"@id\":\"https:\\\/\\\/jornaldasoficinas.com\\\/pt\\\/moeve-acelera-a-transicao-energetica-na-18-a-convencao-da-arp\\\/\"},\"wordCount\":282,\"publisher\":{\"@id\":\"https:\\\/\\\/jornaldasoficinas.com\\\/pt\\\/#organization\"},\"image\":{\"@id\":\"https:\\\/\\\/jornaldasoficinas.com\\\/pt\\\/moeve-acelera-a-transicao-energetica-na-18-a-convencao-da-arp\\\/#primaryimage\"},\"thumbnailUrl\":\"https:\\\/\\\/jornaldasoficinas.com\\\/pt\\\/wp-content\\\/uploads\\\/2025\\\/11\\\/Moeve-acelera-a-transicao-energetica-na-18.a-Convencao-da-ARP.jpg\",\"keywords\":[\"14 e 15 de novembro\",\"18\u00aa Conven\u00e7\u00e3o\",\"ARP\",\"debate\",\"Futuro da mobilidade\",\"Moeve\",\"Sustentabilidade\"],\"articleSection\":[\"Empresas\"],\"inLanguage\":\"pt-PT\"},{\"@type\":\"WebPage\",\"@id\":\"https:\\\/\\\/jornaldasoficinas.com\\\/pt\\\/moeve-acelera-a-transicao-energetica-na-18-a-convencao-da-arp\\\/\",\"url\":\"https:\\\/\\\/jornaldasoficinas.com\\\/pt\\\/moeve-acelera-a-transicao-energetica-na-18-a-convencao-da-arp\\\/\",\"name\":\"Moeve acelera a transi\u00e7\u00e3o energ\u00e9tica na 18.\u00aa Conven\u00e7\u00e3o da ARP - Jornal das Oficinas\",\"isPartOf\":{\"@id\":\"https:\\\/\\\/jornaldasoficinas.com\\\/pt\\\/#website\"},\"primaryImageOfPage\":{\"@id\":\"https:\\\/\\\/jornaldasoficinas.com\\\/pt\\\/moeve-acelera-a-transicao-energetica-na-18-a-convencao-da-arp\\\/#primaryimage\"},\"image\":{\"@id\":\"https:\\\/\\\/jornaldasoficinas.com\\\/pt\\\/moeve-acelera-a-transicao-energetica-na-18-a-convencao-da-arp\\\/#primaryimage\"},\"thumbnailUrl\":\"https:\\\/\\\/jornaldasoficinas.com\\\/pt\\\/wp-content\\\/uploads\\\/2025\\\/11\\\/Moeve-acelera-a-transicao-energetica-na-18.a-Convencao-da-ARP.jpg\",\"datePublished\":\"2025-11-20T08:00:23+00:00\",\"description\":\"A Moeve marcou presen\u00e7a na 18.\u00aa Conven\u00e7\u00e3o da ARP \u2013 Associa\u00e7\u00e3o Rodovi\u00e1ria de Transportadores Pesados de Passageiros\",\"breadcrumb\":{\"@id\":\"https:\\\/\\\/jornaldasoficinas.com\\\/pt\\\/moeve-acelera-a-transicao-energetica-na-18-a-convencao-da-arp\\\/#breadcrumb\"},\"inLanguage\":\"pt-PT\",\"potentialAction\":[{\"@type\":\"ReadAction\",\"target\":[\"https:\\\/\\\/jornaldasoficinas.com\\\/pt\\\/moeve-acelera-a-transicao-energetica-na-18-a-convencao-da-arp\\\/\"]}]},{\"@type\":\"ImageObject\",\"inLanguage\":\"pt-PT\",\"@id\":\"https:\\\/\\\/jornaldasoficinas.com\\\/pt\\\/moeve-acelera-a-transicao-energetica-na-18-a-convencao-da-arp\\\/#primaryimage\",\"url\":\"https:\\\/\\\/jornaldasoficinas.com\\\/pt\\\/wp-content\\\/uploads\\\/2025\\\/11\\\/Moeve-acelera-a-transicao-energetica-na-18.a-Convencao-da-ARP.jpg\",\"contentUrl\":\"https:\\\/\\\/jornaldasoficinas.com\\\/pt\\\/wp-content\\\/uploads\\\/2025\\\/11\\\/Moeve-acelera-a-transicao-energetica-na-18.a-Convencao-da-ARP.jpg\",\"width\":1024,\"height\":581,\"caption\":\"11 - Moeve acelera a transicao energetica na 18.a Convencao da ARP\"},{\"@type\":\"BreadcrumbList\",\"@id\":\"https:\\\/\\\/jornaldasoficinas.com\\\/pt\\\/moeve-acelera-a-transicao-energetica-na-18-a-convencao-da-arp\\\/#breadcrumb\",\"itemListElement\":[{\"@type\":\"ListItem\",\"position\":1,\"name\":\"In\u00edcio\",\"item\":\"https:\\\/\\\/jornaldasoficinas.com\\\/pt\\\/\"},{\"@type\":\"ListItem\",\"position\":2,\"name\":\"Moeve acelera a transi\u00e7\u00e3o energ\u00e9tica na 18.\u00aa Conven\u00e7\u00e3o da ARP\"}]},{\"@type\":\"WebSite\",\"@id\":\"https:\\\/\\\/jornaldasoficinas.com\\\/pt\\\/#website\",\"url\":\"https:\\\/\\\/jornaldasoficinas.com\\\/pt\\\/\",\"name\":\"Jornal das Oficinas\",\"description\":\"Jornal independente do Aftermarket Autom\u00f3vel em Portugal\",\"publisher\":{\"@id\":\"https:\\\/\\\/jornaldasoficinas.com\\\/pt\\\/#organization\"},\"potentialAction\":[{\"@type\":\"SearchAction\",\"target\":{\"@type\":\"EntryPoint\",\"urlTemplate\":\"https:\\\/\\\/jornaldasoficinas.com\\\/pt\\\/?s={search_term_string}\"},\"query-input\":{\"@type\":\"PropertyValueSpecification\",\"valueRequired\":true,\"valueName\":\"search_term_string\"}}],\"inLanguage\":\"pt-PT\"},{\"@type\":\"Organization\",\"@id\":\"https:\\\/\\\/jornaldasoficinas.com\\\/pt\\\/#organization\",\"name\":\"Jornal das Oficinas\",\"url\":\"https:\\\/\\\/jornaldasoficinas.com\\\/pt\\\/\",\"logo\":{\"@type\":\"ImageObject\",\"inLanguage\":\"pt-PT\",\"@id\":\"https:\\\/\\\/jornaldasoficinas.com\\\/pt\\\/#\\\/schema\\\/logo\\\/image\\\/\",\"url\":\"https:\\\/\\\/jornaldasoficinas.com\\\/pt\\\/wp-content\\\/uploads\\\/logoJO-SEO.png\",\"contentUrl\":\"https:\\\/\\\/jornaldasoficinas.com\\\/pt\\\/wp-content\\\/uploads\\\/logoJO-SEO.png\",\"width\":285,\"height\":450,\"caption\":\"Jornal das Oficinas\"},\"image\":{\"@id\":\"https:\\\/\\\/jornaldasoficinas.com\\\/pt\\\/#\\\/schema\\\/logo\\\/image\\\/\"},\"sameAs\":[\"https:\\\/\\\/www.facebook.com\\\/jornaloficinas\",\"https:\\\/\\\/x.com\\\/jornaloficinas\",\"https:\\\/\\\/www.instagram.com\\\/jornal_oficinas\\\/\",\"https:\\\/\\\/www.linkedin.com\\\/company\\\/jornal-das-oficinas\\\/\",\"https:\\\/\\\/www.youtube.com\\\/channel\\\/UCbQZBqtcvV-oSQrr7RzINGg\"]},{\"@type\":\"Person\",\"@id\":\"https:\\\/\\\/jornaldasoficinas.com\\\/pt\\\/#\\\/schema\\\/person\\\/a38eef5de2c41d9e7c9ac10141afddf3\",\"name\":\"Reda\u00e7\u00e3o JO\",\"image\":{\"@type\":\"ImageObject\",\"inLanguage\":\"pt-PT\",\"@id\":\"https:\\\/\\\/secure.gravatar.com\\\/avatar\\\/71f2fa71737ad68a84fea94bc708ddac8ea5b0c4788dc2ad202f3ccb2887742f?s=96&d=wp_user_avatar&r=g\",\"url\":\"https:\\\/\\\/secure.gravatar.com\\\/avatar\\\/71f2fa71737ad68a84fea94bc708ddac8ea5b0c4788dc2ad202f3ccb2887742f?s=96&d=wp_user_avatar&r=g\",\"contentUrl\":\"https:\\\/\\\/secure.gravatar.com\\\/avatar\\\/71f2fa71737ad68a84fea94bc708ddac8ea5b0c4788dc2ad202f3ccb2887742f?s=96&d=wp_user_avatar&r=g\",\"caption\":\"Reda\u00e7\u00e3o JO\"},\"url\":\"https:\\\/\\\/jornaldasoficinas.com\\\/pt\\\/author\\\/joredacao\\\/\"}]}<\/script>\n<!-- \/ Yoast SEO plugin. -->","yoast_head_json":{"title":"Moeve acelera a transi\u00e7\u00e3o energ\u00e9tica na 18.\u00aa Conven\u00e7\u00e3o da ARP - Jornal das Oficinas","description":"A Moeve marcou presen\u00e7a na 18.\u00aa Conven\u00e7\u00e3o da ARP \u2013 Associa\u00e7\u00e3o Rodovi\u00e1ria de Transportadores Pesados de Passageiros","robots":{"index":"index","follow":"follow","max-snippet":"max-snippet:-1","max-image-preview":"max-image-preview:large","max-video-preview":"max-video-preview:-1"},"canonical":"https:\/\/jornaldasoficinas.com\/pt\/moeve-acelera-a-transicao-energetica-na-18-a-convencao-da-arp\/","og_locale":"pt_PT","og_type":"article","og_title":"Moeve acelera a transi\u00e7\u00e3o energ\u00e9tica na 18.\u00aa Conven\u00e7\u00e3o da ARP - Jornal das Oficinas","og_description":"A Moeve marcou presen\u00e7a na 18.\u00aa Conven\u00e7\u00e3o da ARP \u2013 Associa\u00e7\u00e3o Rodovi\u00e1ria de Transportadores Pesados de Passageiros","og_url":"https:\/\/jornaldasoficinas.com\/pt\/moeve-acelera-a-transicao-energetica-na-18-a-convencao-da-arp\/","og_site_name":"Jornal das Oficinas","article_publisher":"https:\/\/www.facebook.com\/jornaloficinas","article_published_time":"2025-11-20T08:00:23+00:00","og_image":[{"width":1024,"height":581,"url":"https:\/\/jornaldasoficinas.com\/pt\/wp-content\/uploads\/2025\/11\/Moeve-acelera-a-transicao-energetica-na-18.a-Convencao-da-ARP.jpg","type":"image\/jpeg"}],"author":"Reda\u00e7\u00e3o JO","twitter_card":"summary_large_image","twitter_creator":"@jornaloficinas","twitter_site":"@jornaloficinas","twitter_misc":{"Escrito por":"Reda\u00e7\u00e3o JO","Tempo estimado de leitura":"2 minutos"},"schema":{"@context":"https:\/\/schema.org","@graph":[{"@type":"Article","@id":"https:\/\/jornaldasoficinas.com\/pt\/moeve-acelera-a-transicao-energetica-na-18-a-convencao-da-arp\/#article","isPartOf":{"@id":"https:\/\/jornaldasoficinas.com\/pt\/moeve-acelera-a-transicao-energetica-na-18-a-convencao-da-arp\/"},"author":{"name":"Reda\u00e7\u00e3o JO","@id":"https:\/\/jornaldasoficinas.com\/pt\/#\/schema\/person\/a38eef5de2c41d9e7c9ac10141afddf3"},"headline":"Moeve acelera a transi\u00e7\u00e3o energ\u00e9tica na 18.\u00aa Conven\u00e7\u00e3o da ARP","datePublished":"2025-11-20T08:00:23+00:00","mainEntityOfPage":{"@id":"https:\/\/jornaldasoficinas.com\/pt\/moeve-acelera-a-transicao-energetica-na-18-a-convencao-da-arp\/"},"wordCount":282,"publisher":{"@id":"https:\/\/jornaldasoficinas.com\/pt\/#organization"},"image":{"@id":"https:\/\/jornaldasoficinas.com\/pt\/moeve-acelera-a-transicao-energetica-na-18-a-convencao-da-arp\/#primaryimage"},"thumbnailUrl":"https:\/\/jornaldasoficinas.com\/pt\/wp-content\/uploads\/2025\/11\/Moeve-acelera-a-transicao-energetica-na-18.a-Convencao-da-ARP.jpg","keywords":["14 e 15 de novembro","18\u00aa Conven\u00e7\u00e3o","ARP","debate","Futuro da mobilidade","Moeve","Sustentabilidade"],"articleSection":["Empresas"],"inLanguage":"pt-PT"},{"@type":"WebPage","@id":"https:\/\/jornaldasoficinas.com\/pt\/moeve-acelera-a-transicao-energetica-na-18-a-convencao-da-arp\/","url":"https:\/\/jornaldasoficinas.com\/pt\/moeve-acelera-a-transicao-energetica-na-18-a-convencao-da-arp\/","name":"Moeve acelera a transi\u00e7\u00e3o energ\u00e9tica na 18.\u00aa Conven\u00e7\u00e3o da ARP - Jornal das Oficinas","isPartOf":{"@id":"https:\/\/jornaldasoficinas.com\/pt\/#website"},"primaryImageOfPage":{"@id":"https:\/\/jornaldasoficinas.com\/pt\/moeve-acelera-a-transicao-energetica-na-18-a-convencao-da-arp\/#primaryimage"},"image":{"@id":"https:\/\/jornaldasoficinas.com\/pt\/moeve-acelera-a-transicao-energetica-na-18-a-convencao-da-arp\/#primaryimage"},"thumbnailUrl":"https:\/\/jornaldasoficinas.com\/pt\/wp-content\/uploads\/2025\/11\/Moeve-acelera-a-transicao-energetica-na-18.a-Convencao-da-ARP.jpg","datePublished":"2025-11-20T08:00:23+00:00","description":"A Moeve marcou presen\u00e7a na 18.\u00aa Conven\u00e7\u00e3o da ARP \u2013 Associa\u00e7\u00e3o Rodovi\u00e1ria de Transportadores Pesados de Passageiros","breadcrumb":{"@id":"https:\/\/jornaldasoficinas.com\/pt\/moeve-acelera-a-transicao-energetica-na-18-a-convencao-da-arp\/#breadcrumb"},"inLanguage":"pt-PT","potentialAction":[{"@type":"ReadAction","target":["https:\/\/jornaldasoficinas.com\/pt\/moeve-acelera-a-transicao-energetica-na-18-a-convencao-da-arp\/"]}]},{"@type":"ImageObject","inLanguage":"pt-PT","@id":"https:\/\/jornaldasoficinas.com\/pt\/moeve-acelera-a-transicao-energetica-na-18-a-convencao-da-arp\/#primaryimage","url":"https:\/\/jornaldasoficinas.com\/pt\/wp-content\/uploads\/2025\/11\/Moeve-acelera-a-transicao-energetica-na-18.a-Convencao-da-ARP.jpg","contentUrl":"https:\/\/jornaldasoficinas.com\/pt\/wp-content\/uploads\/2025\/11\/Moeve-acelera-a-transicao-energetica-na-18.a-Convencao-da-ARP.jpg","width":1024,"height":581,"caption":"11 - Moeve acelera a transicao energetica na 18.a Convencao da ARP"},{"@type":"BreadcrumbList","@id":"https:\/\/jornaldasoficinas.com\/pt\/moeve-acelera-a-transicao-energetica-na-18-a-convencao-da-arp\/#breadcrumb","itemListElement":[{"@type":"ListItem","position":1,"name":"In\u00edcio","item":"https:\/\/jornaldasoficinas.com\/pt\/"},{"@type":"ListItem","position":2,"name":"Moeve acelera a transi\u00e7\u00e3o energ\u00e9tica na 18.\u00aa Conven\u00e7\u00e3o da ARP"}]},{"@type":"WebSite","@id":"https:\/\/jornaldasoficinas.com\/pt\/#website","url":"https:\/\/jornaldasoficinas.com\/pt\/","name":"Jornal das Oficinas","description":"Jornal independente do Aftermarket Autom\u00f3vel em Portugal","publisher":{"@id":"https:\/\/jornaldasoficinas.com\/pt\/#organization"},"potentialAction":[{"@type":"SearchAction","target":{"@type":"EntryPoint","urlTemplate":"https:\/\/jornaldasoficinas.com\/pt\/?s={search_term_string}"},"query-input":{"@type":"PropertyValueSpecification","valueRequired":true,"valueName":"search_term_string"}}],"inLanguage":"pt-PT"},{"@type":"Organization","@id":"https:\/\/jornaldasoficinas.com\/pt\/#organization","name":"Jornal das Oficinas","url":"https:\/\/jornaldasoficinas.com\/pt\/","logo":{"@type":"ImageObject","inLanguage":"pt-PT","@id":"https:\/\/jornaldasoficinas.com\/pt\/#\/schema\/logo\/image\/","url":"https:\/\/jornaldasoficinas.com\/pt\/wp-content\/uploads\/logoJO-SEO.png","contentUrl":"https:\/\/jornaldasoficinas.com\/pt\/wp-content\/uploads\/logoJO-SEO.png","width":285,"height":450,"caption":"Jornal das Oficinas"},"image":{"@id":"https:\/\/jornaldasoficinas.com\/pt\/#\/schema\/logo\/image\/"},"sameAs":["https:\/\/www.facebook.com\/jornaloficinas","https:\/\/x.com\/jornaloficinas","https:\/\/www.instagram.com\/jornal_oficinas\/","https:\/\/www.linkedin.com\/company\/jornal-das-oficinas\/","https:\/\/www.youtube.com\/channel\/UCbQZBqtcvV-oSQrr7RzINGg"]},{"@type":"Person","@id":"https:\/\/jornaldasoficinas.com\/pt\/#\/schema\/person\/a38eef5de2c41d9e7c9ac10141afddf3","name":"Reda\u00e7\u00e3o JO","image":{"@type":"ImageObject","inLanguage":"pt-PT","@id":"https:\/\/secure.gravatar.com\/avatar\/71f2fa71737ad68a84fea94bc708ddac8ea5b0c4788dc2ad202f3ccb2887742f?s=96&d=wp_user_avatar&r=g","url":"https:\/\/secure.gravatar.com\/avatar\/71f2fa71737ad68a84fea94bc708ddac8ea5b0c4788dc2ad202f3ccb2887742f?s=96&d=wp_user_avatar&r=g","contentUrl":"https:\/\/secure.gravatar.com\/avatar\/71f2fa71737ad68a84fea94bc708ddac8ea5b0c4788dc2ad202f3ccb2887742f?s=96&d=wp_user_avatar&r=g","caption":"Reda\u00e7\u00e3o JO"},"url":"https:\/\/jornaldasoficinas.com\/pt\/author\/joredacao\/"}]}},"_links":{"self":[{"href":"https:\/\/jornaldasoficinas.com\/pt\/wp-json\/wp\/v2\/posts\/109699","targetHints":{"allow":["GET"]}}],"collection":[{"href":"https:\/\/jornaldasoficinas.com\/pt\/wp-json\/wp\/v2\/posts"}],"about":[{"href":"https:\/\/jornaldasoficinas.com\/pt\/wp-json\/wp\/v2\/types\/post"}],"author":[{"embeddable":true,"href":"https:\/\/jornaldasoficinas.com\/pt\/wp-json\/wp\/v2\/users\/15"}],"replies":[{"embeddable":true,"href":"https:\/\/jornaldasoficinas.com\/pt\/wp-json\/wp\/v2\/comments?post=109699"}],"version-history":[{"count":4,"href":"https:\/\/jornaldasoficinas.com\/pt\/wp-json\/wp\/v2\/posts\/109699\/revisions"}],"predecessor-version":[{"id":109704,"href":"https:\/\/jornaldasoficinas.com\/pt\/wp-json\/wp\/v2\/posts\/109699\/revisions\/109704"}],"wp:featuredmedia":[{"embeddable":true,"href":"https:\/\/jornaldasoficinas.com\/pt\/wp-json\/wp\/v2\/media\/109703"}],"wp:attachment":[{"href":"https:\/\/jornaldasoficinas.com\/pt\/wp-json\/wp\/v2\/media?parent=109699"}],"wp:term":[{"taxonomy":"category","embeddable":true,"href":"https:\/\/jornaldasoficinas.com\/pt\/wp-json\/wp\/v2\/categories?post=109699"},{"taxonomy":"post_tag","embeddable":true,"href":"https:\/\/jornaldasoficinas.com\/pt\/wp-json\/wp\/v2\/tags?post=109699"}],"curies":[{"name":"wp","href":"https:\/\/api.w.org\/{rel}","templated":true}]}}