{"id":10978,"date":"2020-03-18T13:22:06","date_gmt":"2020-03-18T13:22:06","guid":{"rendered":"https:\/\/jornaldasoficinas.com\/pt\/?p=10978"},"modified":"2020-03-18T13:31:10","modified_gmt":"2020-03-18T13:31:10","slug":"sogefi-assina-acordo-com-lion-e-mobility","status":"publish","type":"post","link":"https:\/\/jornaldasoficinas.com\/pt\/sogefi-assina-acordo-com-lion-e-mobility\/","title":{"rendered":"Sogefi assina acordo com LION E Mobility"},"content":{"rendered":"<p><img loading=\"lazy\" decoding=\"async\" class=\"alignnone size-full wp-image-10977\" src=\"https:\/\/jornaldasoficinas.com\/pt\/wp-content\/uploads\/2020\/03\/SOGEFI.jpg\" alt=\"03 - SOGEFI\" width=\"1024\" height=\"581\" srcset=\"https:\/\/jornaldasoficinas.com\/pt\/wp-content\/uploads\/2020\/03\/SOGEFI.jpg 1024w, https:\/\/jornaldasoficinas.com\/pt\/wp-content\/uploads\/2020\/03\/SOGEFI-300x170.jpg 300w, https:\/\/jornaldasoficinas.com\/pt\/wp-content\/uploads\/2020\/03\/SOGEFI-150x85.jpg 150w, https:\/\/jornaldasoficinas.com\/pt\/wp-content\/uploads\/2020\/03\/SOGEFI-768x436.jpg 768w\" sizes=\"auto, (max-width: 1024px) 100vw, 1024px\" \/><\/p>\n<p><strong>A Lion E Mobility AG (LION) e a Sogefi acabam de anunciar a assinatura de um acordo, que visa a combina\u00e7\u00e3o da tecnologia da LION na \u00e1rea da gest\u00e3o de baterias.<\/strong><\/p>\n<p>O projeto inclui sistemas e m\u00f3dulos com capacidade industrial da Sogefi em engenharia e fabrica\u00e7\u00e3o de componentes de refrigera\u00e7\u00e3o autom\u00f3vel de alta tecnologia, para al\u00e9m de acesso a recursos globais de vendas e distribui\u00e7\u00e3o da Sogefi.<\/p>\n<p>Com a tecnologia EV a desempenhar um papel cada vez maior no setor autom\u00f3vel, a parceria LION &#8211; Sogefi alavancar\u00e1 as duas empresas para enfrentar o desafio da eletrifica\u00e7\u00e3o.<\/p>\n<p>A \u201cBateria Leve\u201d e o Sistema de Gest\u00e3o de Bateria (BMS) da <a href=\"https:\/\/www.lionemobility.de\/en\/home\" target=\"_blank\" rel=\"noopener noreferrer\">LION<\/a>, bem como as fortes habilidades no ramo autom\u00f3vel e hist\u00f3rico da <a href=\"https:\/\/www.sogefigroup.com\/en\/index.html\" target=\"_blank\" rel=\"noopener noreferrer\">Sogefi<\/a>, ser\u00e3o uma configura\u00e7\u00e3o perfeita para se tornar num parceiro essencial dos OEM.<\/p>\n<p>A &#8220;Bateria leve&#8221; \u00e9 um conceito t\u00e9cnico inovador, composto por c\u00e9lulas cil\u00edndricas, que combina elevada estabilidade mec\u00e2nica com efeitos equalizadores ao longo da sua vida \u00fatil.<\/p>\n<p>\u00c9 altamente competitivo e seguro em alta densidade de energia e utiliza solu\u00e7\u00f5es de refrigera\u00e7\u00e3o inovadoras. Os atuais sistemas de bateria no mercado exigem um compromisso entre modularidade, integra\u00e7\u00e3o e custo.<\/p>\n<p>A &#8220;Bateria leve&#8221; visa preencher essa lacuna, usando blocos de constru\u00e7\u00e3o padronizados de c\u00e9lulas (&#8220;SuperCells&#8221;) que consistem em c\u00e9lulas cil\u00edndricas, que podem ser configuradas em v\u00e1rios tamanhos de m\u00f3dulo para caber em espa\u00e7os de projeto espec\u00edficos, capacidades da bateria e n\u00edveis de tens\u00e3o.<\/p>\n<p>Combinado com um sistema de gest\u00e3o t\u00e9rmica direto altamente eficaz e uma abordagem inovadora de BMS de c\u00e9lula \u00fanica, torna o conceito &#8220;Bateria leve&#8221; adequado para aplica\u00e7\u00f5es de elevado desempenho (sa\u00edda de energia\/carga r\u00e1pida), mas, tamb\u00e9m, eficaz para o mercado de produ\u00e7\u00e3o em larga escala.<\/p>\n","protected":false},"excerpt":{"rendered":"<p>A Lion E Mobility AG (LION)&#8230;<\/p>\n","protected":false},"author":15,"featured_media":10977,"comment_status":"closed","ping_status":"closed","sticky":false,"template":"","format":"standard","meta":{"footnotes":""},"categories":[29],"tags":[1854,30],"class_list":["post-10978","post","type-post","status-publish","format-standard","has-post-thumbnail","hentry","category-empresas","tag-lion-e-mobility","tag-sogefi"],"yoast_head":"<!-- This site is optimized with the Yoast SEO plugin v27.4 - https:\/\/yoast.com\/product\/yoast-seo-wordpress\/ -->\n<title>Sogefi assina acordo com LION E Mobility - Jornal das Oficinas<\/title>\n<meta name=\"robots\" content=\"index, follow, max-snippet:-1, max-image-preview:large, max-video-preview:-1\" \/>\n<link rel=\"canonical\" href=\"https:\/\/jornaldasoficinas.com\/pt\/sogefi-assina-acordo-com-lion-e-mobility\/\" \/>\n<meta property=\"og:locale\" content=\"pt_PT\" \/>\n<meta property=\"og:type\" content=\"article\" \/>\n<meta property=\"og:title\" content=\"Sogefi assina acordo com LION E Mobility - Jornal das Oficinas\" \/>\n<meta property=\"og:description\" content=\"A Lion E Mobility AG (LION)...\" \/>\n<meta property=\"og:url\" content=\"https:\/\/jornaldasoficinas.com\/pt\/sogefi-assina-acordo-com-lion-e-mobility\/\" \/>\n<meta property=\"og:site_name\" content=\"Jornal das Oficinas\" \/>\n<meta property=\"article:publisher\" content=\"https:\/\/www.facebook.com\/jornaloficinas\" \/>\n<meta property=\"article:published_time\" content=\"2020-03-18T13:22:06+00:00\" \/>\n<meta property=\"article:modified_time\" content=\"2020-03-18T13:31:10+00:00\" \/>\n<meta property=\"og:image\" content=\"https:\/\/jornaldasoficinas.com\/pt\/wp-content\/uploads\/2020\/03\/SOGEFI.jpg\" \/>\n\t<meta property=\"og:image:width\" content=\"1024\" \/>\n\t<meta property=\"og:image:height\" content=\"581\" \/>\n\t<meta property=\"og:image:type\" content=\"image\/jpeg\" \/>\n<meta name=\"author\" content=\"Reda\u00e7\u00e3o JO\" \/>\n<meta name=\"twitter:card\" content=\"summary_large_image\" \/>\n<meta name=\"twitter:creator\" content=\"@jornaloficinas\" \/>\n<meta name=\"twitter:site\" content=\"@jornaloficinas\" \/>\n<meta name=\"twitter:label1\" content=\"Escrito por\" \/>\n\t<meta name=\"twitter:data1\" content=\"Reda\u00e7\u00e3o JO\" \/>\n\t<meta name=\"twitter:label2\" content=\"Tempo estimado de leitura\" \/>\n\t<meta name=\"twitter:data2\" content=\"2 minutos\" \/>\n<script type=\"application\/ld+json\" class=\"yoast-schema-graph\">{\"@context\":\"https:\\\/\\\/schema.org\",\"@graph\":[{\"@type\":\"Article\",\"@id\":\"https:\\\/\\\/jornaldasoficinas.com\\\/pt\\\/sogefi-assina-acordo-com-lion-e-mobility\\\/#article\",\"isPartOf\":{\"@id\":\"https:\\\/\\\/jornaldasoficinas.com\\\/pt\\\/sogefi-assina-acordo-com-lion-e-mobility\\\/\"},\"author\":{\"name\":\"Reda\u00e7\u00e3o JO\",\"@id\":\"https:\\\/\\\/jornaldasoficinas.com\\\/pt\\\/#\\\/schema\\\/person\\\/a38eef5de2c41d9e7c9ac10141afddf3\"},\"headline\":\"Sogefi assina acordo com LION E Mobility\",\"datePublished\":\"2020-03-18T13:22:06+00:00\",\"dateModified\":\"2020-03-18T13:31:10+00:00\",\"mainEntityOfPage\":{\"@id\":\"https:\\\/\\\/jornaldasoficinas.com\\\/pt\\\/sogefi-assina-acordo-com-lion-e-mobility\\\/\"},\"wordCount\":324,\"publisher\":{\"@id\":\"https:\\\/\\\/jornaldasoficinas.com\\\/pt\\\/#organization\"},\"image\":{\"@id\":\"https:\\\/\\\/jornaldasoficinas.com\\\/pt\\\/sogefi-assina-acordo-com-lion-e-mobility\\\/#primaryimage\"},\"thumbnailUrl\":\"https:\\\/\\\/jornaldasoficinas.com\\\/pt\\\/wp-content\\\/uploads\\\/2020\\\/03\\\/SOGEFI.jpg\",\"keywords\":[\"LION E Mobility\",\"Sogefi\"],\"articleSection\":[\"Empresas\"],\"inLanguage\":\"pt-PT\"},{\"@type\":\"WebPage\",\"@id\":\"https:\\\/\\\/jornaldasoficinas.com\\\/pt\\\/sogefi-assina-acordo-com-lion-e-mobility\\\/\",\"url\":\"https:\\\/\\\/jornaldasoficinas.com\\\/pt\\\/sogefi-assina-acordo-com-lion-e-mobility\\\/\",\"name\":\"Sogefi assina acordo com LION E Mobility - Jornal das Oficinas\",\"isPartOf\":{\"@id\":\"https:\\\/\\\/jornaldasoficinas.com\\\/pt\\\/#website\"},\"primaryImageOfPage\":{\"@id\":\"https:\\\/\\\/jornaldasoficinas.com\\\/pt\\\/sogefi-assina-acordo-com-lion-e-mobility\\\/#primaryimage\"},\"image\":{\"@id\":\"https:\\\/\\\/jornaldasoficinas.com\\\/pt\\\/sogefi-assina-acordo-com-lion-e-mobility\\\/#primaryimage\"},\"thumbnailUrl\":\"https:\\\/\\\/jornaldasoficinas.com\\\/pt\\\/wp-content\\\/uploads\\\/2020\\\/03\\\/SOGEFI.jpg\",\"datePublished\":\"2020-03-18T13:22:06+00:00\",\"dateModified\":\"2020-03-18T13:31:10+00:00\",\"breadcrumb\":{\"@id\":\"https:\\\/\\\/jornaldasoficinas.com\\\/pt\\\/sogefi-assina-acordo-com-lion-e-mobility\\\/#breadcrumb\"},\"inLanguage\":\"pt-PT\",\"potentialAction\":[{\"@type\":\"ReadAction\",\"target\":[\"https:\\\/\\\/jornaldasoficinas.com\\\/pt\\\/sogefi-assina-acordo-com-lion-e-mobility\\\/\"]}]},{\"@type\":\"ImageObject\",\"inLanguage\":\"pt-PT\",\"@id\":\"https:\\\/\\\/jornaldasoficinas.com\\\/pt\\\/sogefi-assina-acordo-com-lion-e-mobility\\\/#primaryimage\",\"url\":\"https:\\\/\\\/jornaldasoficinas.com\\\/pt\\\/wp-content\\\/uploads\\\/2020\\\/03\\\/SOGEFI.jpg\",\"contentUrl\":\"https:\\\/\\\/jornaldasoficinas.com\\\/pt\\\/wp-content\\\/uploads\\\/2020\\\/03\\\/SOGEFI.jpg\",\"width\":1024,\"height\":581,\"caption\":\"03 - SOGEFI\"},{\"@type\":\"BreadcrumbList\",\"@id\":\"https:\\\/\\\/jornaldasoficinas.com\\\/pt\\\/sogefi-assina-acordo-com-lion-e-mobility\\\/#breadcrumb\",\"itemListElement\":[{\"@type\":\"ListItem\",\"position\":1,\"name\":\"In\u00edcio\",\"item\":\"https:\\\/\\\/jornaldasoficinas.com\\\/pt\\\/\"},{\"@type\":\"ListItem\",\"position\":2,\"name\":\"Sogefi assina acordo com LION E Mobility\"}]},{\"@type\":\"WebSite\",\"@id\":\"https:\\\/\\\/jornaldasoficinas.com\\\/pt\\\/#website\",\"url\":\"https:\\\/\\\/jornaldasoficinas.com\\\/pt\\\/\",\"name\":\"Jornal das Oficinas\",\"description\":\"Jornal independente do Aftermarket Autom\u00f3vel em Portugal\",\"publisher\":{\"@id\":\"https:\\\/\\\/jornaldasoficinas.com\\\/pt\\\/#organization\"},\"potentialAction\":[{\"@type\":\"SearchAction\",\"target\":{\"@type\":\"EntryPoint\",\"urlTemplate\":\"https:\\\/\\\/jornaldasoficinas.com\\\/pt\\\/?s={search_term_string}\"},\"query-input\":{\"@type\":\"PropertyValueSpecification\",\"valueRequired\":true,\"valueName\":\"search_term_string\"}}],\"inLanguage\":\"pt-PT\"},{\"@type\":\"Organization\",\"@id\":\"https:\\\/\\\/jornaldasoficinas.com\\\/pt\\\/#organization\",\"name\":\"Jornal das Oficinas\",\"url\":\"https:\\\/\\\/jornaldasoficinas.com\\\/pt\\\/\",\"logo\":{\"@type\":\"ImageObject\",\"inLanguage\":\"pt-PT\",\"@id\":\"https:\\\/\\\/jornaldasoficinas.com\\\/pt\\\/#\\\/schema\\\/logo\\\/image\\\/\",\"url\":\"https:\\\/\\\/jornaldasoficinas.com\\\/pt\\\/wp-content\\\/uploads\\\/logoJO-SEO.png\",\"contentUrl\":\"https:\\\/\\\/jornaldasoficinas.com\\\/pt\\\/wp-content\\\/uploads\\\/logoJO-SEO.png\",\"width\":285,\"height\":450,\"caption\":\"Jornal das Oficinas\"},\"image\":{\"@id\":\"https:\\\/\\\/jornaldasoficinas.com\\\/pt\\\/#\\\/schema\\\/logo\\\/image\\\/\"},\"sameAs\":[\"https:\\\/\\\/www.facebook.com\\\/jornaloficinas\",\"https:\\\/\\\/x.com\\\/jornaloficinas\",\"https:\\\/\\\/www.instagram.com\\\/jornal_oficinas\\\/\",\"https:\\\/\\\/www.linkedin.com\\\/company\\\/jornal-das-oficinas\\\/\",\"https:\\\/\\\/www.youtube.com\\\/channel\\\/UCbQZBqtcvV-oSQrr7RzINGg\"]},{\"@type\":\"Person\",\"@id\":\"https:\\\/\\\/jornaldasoficinas.com\\\/pt\\\/#\\\/schema\\\/person\\\/a38eef5de2c41d9e7c9ac10141afddf3\",\"name\":\"Reda\u00e7\u00e3o JO\",\"image\":{\"@type\":\"ImageObject\",\"inLanguage\":\"pt-PT\",\"@id\":\"https:\\\/\\\/secure.gravatar.com\\\/avatar\\\/71f2fa71737ad68a84fea94bc708ddac8ea5b0c4788dc2ad202f3ccb2887742f?s=96&d=wp_user_avatar&r=g\",\"url\":\"https:\\\/\\\/secure.gravatar.com\\\/avatar\\\/71f2fa71737ad68a84fea94bc708ddac8ea5b0c4788dc2ad202f3ccb2887742f?s=96&d=wp_user_avatar&r=g\",\"contentUrl\":\"https:\\\/\\\/secure.gravatar.com\\\/avatar\\\/71f2fa71737ad68a84fea94bc708ddac8ea5b0c4788dc2ad202f3ccb2887742f?s=96&d=wp_user_avatar&r=g\",\"caption\":\"Reda\u00e7\u00e3o JO\"},\"url\":\"https:\\\/\\\/jornaldasoficinas.com\\\/pt\\\/author\\\/joredacao\\\/\"}]}<\/script>\n<!-- \/ Yoast SEO plugin. -->","yoast_head_json":{"title":"Sogefi assina acordo com LION E Mobility - Jornal das Oficinas","robots":{"index":"index","follow":"follow","max-snippet":"max-snippet:-1","max-image-preview":"max-image-preview:large","max-video-preview":"max-video-preview:-1"},"canonical":"https:\/\/jornaldasoficinas.com\/pt\/sogefi-assina-acordo-com-lion-e-mobility\/","og_locale":"pt_PT","og_type":"article","og_title":"Sogefi assina acordo com LION E Mobility - Jornal das Oficinas","og_description":"A Lion E Mobility AG (LION)...","og_url":"https:\/\/jornaldasoficinas.com\/pt\/sogefi-assina-acordo-com-lion-e-mobility\/","og_site_name":"Jornal das Oficinas","article_publisher":"https:\/\/www.facebook.com\/jornaloficinas","article_published_time":"2020-03-18T13:22:06+00:00","article_modified_time":"2020-03-18T13:31:10+00:00","og_image":[{"width":1024,"height":581,"url":"https:\/\/jornaldasoficinas.com\/pt\/wp-content\/uploads\/2020\/03\/SOGEFI.jpg","type":"image\/jpeg"}],"author":"Reda\u00e7\u00e3o JO","twitter_card":"summary_large_image","twitter_creator":"@jornaloficinas","twitter_site":"@jornaloficinas","twitter_misc":{"Escrito por":"Reda\u00e7\u00e3o JO","Tempo estimado de leitura":"2 minutos"},"schema":{"@context":"https:\/\/schema.org","@graph":[{"@type":"Article","@id":"https:\/\/jornaldasoficinas.com\/pt\/sogefi-assina-acordo-com-lion-e-mobility\/#article","isPartOf":{"@id":"https:\/\/jornaldasoficinas.com\/pt\/sogefi-assina-acordo-com-lion-e-mobility\/"},"author":{"name":"Reda\u00e7\u00e3o JO","@id":"https:\/\/jornaldasoficinas.com\/pt\/#\/schema\/person\/a38eef5de2c41d9e7c9ac10141afddf3"},"headline":"Sogefi assina acordo com LION E Mobility","datePublished":"2020-03-18T13:22:06+00:00","dateModified":"2020-03-18T13:31:10+00:00","mainEntityOfPage":{"@id":"https:\/\/jornaldasoficinas.com\/pt\/sogefi-assina-acordo-com-lion-e-mobility\/"},"wordCount":324,"publisher":{"@id":"https:\/\/jornaldasoficinas.com\/pt\/#organization"},"image":{"@id":"https:\/\/jornaldasoficinas.com\/pt\/sogefi-assina-acordo-com-lion-e-mobility\/#primaryimage"},"thumbnailUrl":"https:\/\/jornaldasoficinas.com\/pt\/wp-content\/uploads\/2020\/03\/SOGEFI.jpg","keywords":["LION E Mobility","Sogefi"],"articleSection":["Empresas"],"inLanguage":"pt-PT"},{"@type":"WebPage","@id":"https:\/\/jornaldasoficinas.com\/pt\/sogefi-assina-acordo-com-lion-e-mobility\/","url":"https:\/\/jornaldasoficinas.com\/pt\/sogefi-assina-acordo-com-lion-e-mobility\/","name":"Sogefi assina acordo com LION E Mobility - Jornal das Oficinas","isPartOf":{"@id":"https:\/\/jornaldasoficinas.com\/pt\/#website"},"primaryImageOfPage":{"@id":"https:\/\/jornaldasoficinas.com\/pt\/sogefi-assina-acordo-com-lion-e-mobility\/#primaryimage"},"image":{"@id":"https:\/\/jornaldasoficinas.com\/pt\/sogefi-assina-acordo-com-lion-e-mobility\/#primaryimage"},"thumbnailUrl":"https:\/\/jornaldasoficinas.com\/pt\/wp-content\/uploads\/2020\/03\/SOGEFI.jpg","datePublished":"2020-03-18T13:22:06+00:00","dateModified":"2020-03-18T13:31:10+00:00","breadcrumb":{"@id":"https:\/\/jornaldasoficinas.com\/pt\/sogefi-assina-acordo-com-lion-e-mobility\/#breadcrumb"},"inLanguage":"pt-PT","potentialAction":[{"@type":"ReadAction","target":["https:\/\/jornaldasoficinas.com\/pt\/sogefi-assina-acordo-com-lion-e-mobility\/"]}]},{"@type":"ImageObject","inLanguage":"pt-PT","@id":"https:\/\/jornaldasoficinas.com\/pt\/sogefi-assina-acordo-com-lion-e-mobility\/#primaryimage","url":"https:\/\/jornaldasoficinas.com\/pt\/wp-content\/uploads\/2020\/03\/SOGEFI.jpg","contentUrl":"https:\/\/jornaldasoficinas.com\/pt\/wp-content\/uploads\/2020\/03\/SOGEFI.jpg","width":1024,"height":581,"caption":"03 - SOGEFI"},{"@type":"BreadcrumbList","@id":"https:\/\/jornaldasoficinas.com\/pt\/sogefi-assina-acordo-com-lion-e-mobility\/#breadcrumb","itemListElement":[{"@type":"ListItem","position":1,"name":"In\u00edcio","item":"https:\/\/jornaldasoficinas.com\/pt\/"},{"@type":"ListItem","position":2,"name":"Sogefi assina acordo com LION E Mobility"}]},{"@type":"WebSite","@id":"https:\/\/jornaldasoficinas.com\/pt\/#website","url":"https:\/\/jornaldasoficinas.com\/pt\/","name":"Jornal das Oficinas","description":"Jornal independente do Aftermarket Autom\u00f3vel em Portugal","publisher":{"@id":"https:\/\/jornaldasoficinas.com\/pt\/#organization"},"potentialAction":[{"@type":"SearchAction","target":{"@type":"EntryPoint","urlTemplate":"https:\/\/jornaldasoficinas.com\/pt\/?s={search_term_string}"},"query-input":{"@type":"PropertyValueSpecification","valueRequired":true,"valueName":"search_term_string"}}],"inLanguage":"pt-PT"},{"@type":"Organization","@id":"https:\/\/jornaldasoficinas.com\/pt\/#organization","name":"Jornal das Oficinas","url":"https:\/\/jornaldasoficinas.com\/pt\/","logo":{"@type":"ImageObject","inLanguage":"pt-PT","@id":"https:\/\/jornaldasoficinas.com\/pt\/#\/schema\/logo\/image\/","url":"https:\/\/jornaldasoficinas.com\/pt\/wp-content\/uploads\/logoJO-SEO.png","contentUrl":"https:\/\/jornaldasoficinas.com\/pt\/wp-content\/uploads\/logoJO-SEO.png","width":285,"height":450,"caption":"Jornal das Oficinas"},"image":{"@id":"https:\/\/jornaldasoficinas.com\/pt\/#\/schema\/logo\/image\/"},"sameAs":["https:\/\/www.facebook.com\/jornaloficinas","https:\/\/x.com\/jornaloficinas","https:\/\/www.instagram.com\/jornal_oficinas\/","https:\/\/www.linkedin.com\/company\/jornal-das-oficinas\/","https:\/\/www.youtube.com\/channel\/UCbQZBqtcvV-oSQrr7RzINGg"]},{"@type":"Person","@id":"https:\/\/jornaldasoficinas.com\/pt\/#\/schema\/person\/a38eef5de2c41d9e7c9ac10141afddf3","name":"Reda\u00e7\u00e3o JO","image":{"@type":"ImageObject","inLanguage":"pt-PT","@id":"https:\/\/secure.gravatar.com\/avatar\/71f2fa71737ad68a84fea94bc708ddac8ea5b0c4788dc2ad202f3ccb2887742f?s=96&d=wp_user_avatar&r=g","url":"https:\/\/secure.gravatar.com\/avatar\/71f2fa71737ad68a84fea94bc708ddac8ea5b0c4788dc2ad202f3ccb2887742f?s=96&d=wp_user_avatar&r=g","contentUrl":"https:\/\/secure.gravatar.com\/avatar\/71f2fa71737ad68a84fea94bc708ddac8ea5b0c4788dc2ad202f3ccb2887742f?s=96&d=wp_user_avatar&r=g","caption":"Reda\u00e7\u00e3o JO"},"url":"https:\/\/jornaldasoficinas.com\/pt\/author\/joredacao\/"}]}},"_links":{"self":[{"href":"https:\/\/jornaldasoficinas.com\/pt\/wp-json\/wp\/v2\/posts\/10978","targetHints":{"allow":["GET"]}}],"collection":[{"href":"https:\/\/jornaldasoficinas.com\/pt\/wp-json\/wp\/v2\/posts"}],"about":[{"href":"https:\/\/jornaldasoficinas.com\/pt\/wp-json\/wp\/v2\/types\/post"}],"author":[{"embeddable":true,"href":"https:\/\/jornaldasoficinas.com\/pt\/wp-json\/wp\/v2\/users\/15"}],"replies":[{"embeddable":true,"href":"https:\/\/jornaldasoficinas.com\/pt\/wp-json\/wp\/v2\/comments?post=10978"}],"version-history":[{"count":0,"href":"https:\/\/jornaldasoficinas.com\/pt\/wp-json\/wp\/v2\/posts\/10978\/revisions"}],"wp:featuredmedia":[{"embeddable":true,"href":"https:\/\/jornaldasoficinas.com\/pt\/wp-json\/wp\/v2\/media\/10977"}],"wp:attachment":[{"href":"https:\/\/jornaldasoficinas.com\/pt\/wp-json\/wp\/v2\/media?parent=10978"}],"wp:term":[{"taxonomy":"category","embeddable":true,"href":"https:\/\/jornaldasoficinas.com\/pt\/wp-json\/wp\/v2\/categories?post=10978"},{"taxonomy":"post_tag","embeddable":true,"href":"https:\/\/jornaldasoficinas.com\/pt\/wp-json\/wp\/v2\/tags?post=10978"}],"curies":[{"name":"wp","href":"https:\/\/api.w.org\/{rel}","templated":true}]}}