{"id":109802,"date":"2025-11-21T12:30:14","date_gmt":"2025-11-21T12:30:14","guid":{"rendered":"https:\/\/jornaldasoficinas.com\/pt\/?p=109802"},"modified":"2025-11-19T17:26:01","modified_gmt":"2025-11-19T17:26:01","slug":"unigom-reforca-gama-de-foles-com-padroes-oem","status":"publish","type":"post","link":"https:\/\/jornaldasoficinas.com\/pt\/unigom-reforca-gama-de-foles-com-padroes-oem\/","title":{"rendered":"Unigom refor\u00e7a gama de foles com padr\u00f5es OEM"},"content":{"rendered":"<p><strong><img loading=\"lazy\" decoding=\"async\" class=\"alignnone size-full wp-image-109830\" src=\"https:\/\/jornaldasoficinas.com\/pt\/wp-content\/uploads\/2025\/11\/Unigom-reforca-gama-de-foles-com-padroes-OEM.jpg\" alt=\"11 - Unigom reforca gama de foles com padroes OEM\" width=\"1024\" height=\"581\" srcset=\"https:\/\/jornaldasoficinas.com\/pt\/wp-content\/uploads\/2025\/11\/Unigom-reforca-gama-de-foles-com-padroes-OEM.jpg 1024w, https:\/\/jornaldasoficinas.com\/pt\/wp-content\/uploads\/2025\/11\/Unigom-reforca-gama-de-foles-com-padroes-OEM-300x170.jpg 300w, https:\/\/jornaldasoficinas.com\/pt\/wp-content\/uploads\/2025\/11\/Unigom-reforca-gama-de-foles-com-padroes-OEM-150x85.jpg 150w, https:\/\/jornaldasoficinas.com\/pt\/wp-content\/uploads\/2025\/11\/Unigom-reforca-gama-de-foles-com-padroes-OEM-768x436.jpg 768w\" sizes=\"auto, (max-width: 1024px) 100vw, 1024px\" \/><\/strong><\/p>\n<p><strong>A <a href=\"https:\/\/www.unigom.it\/\" target=\"_blank\" rel=\"noopener\">Unigom<\/a> est\u00e1 a refor\u00e7ar a sua gama de foles de juntas homocin\u00e9ticas e de dire\u00e7\u00e3o, desenvolvidos segundo padr\u00f5es OEM<\/strong><\/p>\n<p>Fabricados pela especialista italiana em componentes de borracha e borracha-metal, estes foles foram concebidos de forma espec\u00edfica para cada junta, assegurando a lubrifica\u00e7\u00e3o correta e uma veda\u00e7\u00e3o eficaz contra humidade, poeiras e detritos. Segundo a marca, esta precis\u00e3o no design preserva o comportamento din\u00e2mico do ve\u00edculo, mantendo a fluidez dos movimentos e reduzindo o desgaste dos componentes ao longo do tempo.<\/p>\n<p><strong>Precis\u00e3o t\u00e9cnica sem solu\u00e7\u00f5es universais<\/strong><\/p>\n<p>A Unigom alertou para os riscos das solu\u00e7\u00f5es &#8220;universais&#8221; existentes no mercado, sublinhando que pequenas varia\u00e7\u00f5es no formato ou no n\u00famero de ondula\u00e7\u00f5es podem comprometer a distribui\u00e7\u00e3o da massa lubrificante, reduzir a lubrifica\u00e7\u00e3o dos rolamentos internos e provocar falhas prematuras das juntas homocin\u00e9ticas. Para evitar este cen\u00e1rio, cada modelo da marca \u00e9 projetado para garantir o fluxo centr\u00edfugo adequado da massa lubrificante e suportar os cont\u00ednuos movimentos torsionais do semieixo.<\/p>\n<p><strong>Kits completos e conformidade com fabricantes<\/strong><\/p>\n<p>Toda a gama cumpre os requisitos dos fabricantes autom\u00f3veis e \u00e9 fornecida em kits completos, que incluem bra\u00e7adeiras em a\u00e7o inoxid\u00e1vel ou a\u00e7o, massa lubrificante espec\u00edfica e luvas descart\u00e1veis para facilitar a instala\u00e7\u00e3o. A Unigom disponibiliza ainda um cat\u00e1logo permanentemente atualizado e uma rede de distribui\u00e7\u00e3o que assegura entregas r\u00e1pidas e consistentes em toda a Europa.<\/p>\n<p>Os foles de transmiss\u00e3o e dire\u00e7\u00e3o integram um portef\u00f3lio mais vasto de solu\u00e7\u00f5es desenvolvidas e testadas segundo a norma ISO 9001:2015, com materiais de alta resist\u00eancia e processos controlados.<\/p>\n","protected":false},"excerpt":{"rendered":"<p>A Unigom est\u00e1 a refor\u00e7ar a&#8230;<\/p>\n","protected":false},"author":15,"featured_media":109830,"comment_status":"closed","ping_status":"closed","sticky":false,"template":"","format":"standard","meta":{"footnotes":""},"categories":[29],"tags":[14037,1621,7465,14038,9657],"class_list":["post-109802","post","type-post","status-publish","format-standard","has-post-thumbnail","hentry","category-empresas","tag-gama-de-foles","tag-juntas-homocineticas","tag-novidade","tag-padrao-oem","tag-unigom"],"yoast_head":"<!-- This site is optimized with the Yoast SEO plugin v27.4 - https:\/\/yoast.com\/product\/yoast-seo-wordpress\/ -->\n<title>Unigom refor\u00e7a gama de foles com padr\u00f5es OEM - Jornal das Oficinas<\/title>\n<meta name=\"description\" content=\"A Unigom est\u00e1 a refor\u00e7ar a sua gama de foles de juntas homocin\u00e9ticas e de dire\u00e7\u00e3o, desenvolvidos segundo padr\u00f5es OEM\" \/>\n<meta name=\"robots\" content=\"index, follow, max-snippet:-1, max-image-preview:large, max-video-preview:-1\" \/>\n<link rel=\"canonical\" href=\"https:\/\/jornaldasoficinas.com\/pt\/unigom-reforca-gama-de-foles-com-padroes-oem\/\" \/>\n<meta property=\"og:locale\" content=\"pt_PT\" \/>\n<meta property=\"og:type\" content=\"article\" \/>\n<meta property=\"og:title\" content=\"Unigom refor\u00e7a gama de foles com padr\u00f5es OEM - Jornal das Oficinas\" \/>\n<meta property=\"og:description\" content=\"A Unigom est\u00e1 a refor\u00e7ar a sua gama de foles de juntas homocin\u00e9ticas e de dire\u00e7\u00e3o, desenvolvidos segundo padr\u00f5es OEM\" \/>\n<meta property=\"og:url\" content=\"https:\/\/jornaldasoficinas.com\/pt\/unigom-reforca-gama-de-foles-com-padroes-oem\/\" \/>\n<meta property=\"og:site_name\" content=\"Jornal das Oficinas\" \/>\n<meta property=\"article:publisher\" content=\"https:\/\/www.facebook.com\/jornaloficinas\" \/>\n<meta property=\"article:published_time\" content=\"2025-11-21T12:30:14+00:00\" \/>\n<meta property=\"og:image\" content=\"https:\/\/jornaldasoficinas.com\/pt\/wp-content\/uploads\/2025\/11\/Unigom-reforca-gama-de-foles-com-padroes-OEM.jpg\" \/>\n\t<meta property=\"og:image:width\" content=\"1024\" \/>\n\t<meta property=\"og:image:height\" content=\"581\" \/>\n\t<meta property=\"og:image:type\" content=\"image\/jpeg\" \/>\n<meta name=\"author\" content=\"Reda\u00e7\u00e3o JO\" \/>\n<meta name=\"twitter:card\" content=\"summary_large_image\" \/>\n<meta name=\"twitter:creator\" content=\"@jornaloficinas\" \/>\n<meta name=\"twitter:site\" content=\"@jornaloficinas\" \/>\n<meta name=\"twitter:label1\" content=\"Escrito por\" \/>\n\t<meta name=\"twitter:data1\" content=\"Reda\u00e7\u00e3o JO\" \/>\n\t<meta name=\"twitter:label2\" content=\"Tempo estimado de leitura\" \/>\n\t<meta name=\"twitter:data2\" content=\"2 minutos\" \/>\n<script type=\"application\/ld+json\" class=\"yoast-schema-graph\">{\"@context\":\"https:\\\/\\\/schema.org\",\"@graph\":[{\"@type\":\"Article\",\"@id\":\"https:\\\/\\\/jornaldasoficinas.com\\\/pt\\\/unigom-reforca-gama-de-foles-com-padroes-oem\\\/#article\",\"isPartOf\":{\"@id\":\"https:\\\/\\\/jornaldasoficinas.com\\\/pt\\\/unigom-reforca-gama-de-foles-com-padroes-oem\\\/\"},\"author\":{\"name\":\"Reda\u00e7\u00e3o JO\",\"@id\":\"https:\\\/\\\/jornaldasoficinas.com\\\/pt\\\/#\\\/schema\\\/person\\\/a38eef5de2c41d9e7c9ac10141afddf3\"},\"headline\":\"Unigom refor\u00e7a gama de foles com padr\u00f5es OEM\",\"datePublished\":\"2025-11-21T12:30:14+00:00\",\"mainEntityOfPage\":{\"@id\":\"https:\\\/\\\/jornaldasoficinas.com\\\/pt\\\/unigom-reforca-gama-de-foles-com-padroes-oem\\\/\"},\"wordCount\":293,\"publisher\":{\"@id\":\"https:\\\/\\\/jornaldasoficinas.com\\\/pt\\\/#organization\"},\"image\":{\"@id\":\"https:\\\/\\\/jornaldasoficinas.com\\\/pt\\\/unigom-reforca-gama-de-foles-com-padroes-oem\\\/#primaryimage\"},\"thumbnailUrl\":\"https:\\\/\\\/jornaldasoficinas.com\\\/pt\\\/wp-content\\\/uploads\\\/2025\\\/11\\\/Unigom-reforca-gama-de-foles-com-padroes-OEM.jpg\",\"keywords\":[\"gama de foles\",\"juntas homocin\u00e9ticas\",\"novidade\",\"padr\u00e3o OEM\",\"Unigom\"],\"articleSection\":[\"Empresas\"],\"inLanguage\":\"pt-PT\"},{\"@type\":\"WebPage\",\"@id\":\"https:\\\/\\\/jornaldasoficinas.com\\\/pt\\\/unigom-reforca-gama-de-foles-com-padroes-oem\\\/\",\"url\":\"https:\\\/\\\/jornaldasoficinas.com\\\/pt\\\/unigom-reforca-gama-de-foles-com-padroes-oem\\\/\",\"name\":\"Unigom refor\u00e7a gama de foles com padr\u00f5es OEM - Jornal das Oficinas\",\"isPartOf\":{\"@id\":\"https:\\\/\\\/jornaldasoficinas.com\\\/pt\\\/#website\"},\"primaryImageOfPage\":{\"@id\":\"https:\\\/\\\/jornaldasoficinas.com\\\/pt\\\/unigom-reforca-gama-de-foles-com-padroes-oem\\\/#primaryimage\"},\"image\":{\"@id\":\"https:\\\/\\\/jornaldasoficinas.com\\\/pt\\\/unigom-reforca-gama-de-foles-com-padroes-oem\\\/#primaryimage\"},\"thumbnailUrl\":\"https:\\\/\\\/jornaldasoficinas.com\\\/pt\\\/wp-content\\\/uploads\\\/2025\\\/11\\\/Unigom-reforca-gama-de-foles-com-padroes-OEM.jpg\",\"datePublished\":\"2025-11-21T12:30:14+00:00\",\"description\":\"A Unigom est\u00e1 a refor\u00e7ar a sua gama de foles de juntas homocin\u00e9ticas e de dire\u00e7\u00e3o, desenvolvidos segundo padr\u00f5es OEM\",\"breadcrumb\":{\"@id\":\"https:\\\/\\\/jornaldasoficinas.com\\\/pt\\\/unigom-reforca-gama-de-foles-com-padroes-oem\\\/#breadcrumb\"},\"inLanguage\":\"pt-PT\",\"potentialAction\":[{\"@type\":\"ReadAction\",\"target\":[\"https:\\\/\\\/jornaldasoficinas.com\\\/pt\\\/unigom-reforca-gama-de-foles-com-padroes-oem\\\/\"]}]},{\"@type\":\"ImageObject\",\"inLanguage\":\"pt-PT\",\"@id\":\"https:\\\/\\\/jornaldasoficinas.com\\\/pt\\\/unigom-reforca-gama-de-foles-com-padroes-oem\\\/#primaryimage\",\"url\":\"https:\\\/\\\/jornaldasoficinas.com\\\/pt\\\/wp-content\\\/uploads\\\/2025\\\/11\\\/Unigom-reforca-gama-de-foles-com-padroes-OEM.jpg\",\"contentUrl\":\"https:\\\/\\\/jornaldasoficinas.com\\\/pt\\\/wp-content\\\/uploads\\\/2025\\\/11\\\/Unigom-reforca-gama-de-foles-com-padroes-OEM.jpg\",\"width\":1024,\"height\":581,\"caption\":\"11 - Unigom reforca gama de foles com padroes OEM\"},{\"@type\":\"BreadcrumbList\",\"@id\":\"https:\\\/\\\/jornaldasoficinas.com\\\/pt\\\/unigom-reforca-gama-de-foles-com-padroes-oem\\\/#breadcrumb\",\"itemListElement\":[{\"@type\":\"ListItem\",\"position\":1,\"name\":\"In\u00edcio\",\"item\":\"https:\\\/\\\/jornaldasoficinas.com\\\/pt\\\/\"},{\"@type\":\"ListItem\",\"position\":2,\"name\":\"Unigom refor\u00e7a gama de foles com padr\u00f5es OEM\"}]},{\"@type\":\"WebSite\",\"@id\":\"https:\\\/\\\/jornaldasoficinas.com\\\/pt\\\/#website\",\"url\":\"https:\\\/\\\/jornaldasoficinas.com\\\/pt\\\/\",\"name\":\"Jornal das Oficinas\",\"description\":\"Jornal independente do Aftermarket Autom\u00f3vel em Portugal\",\"publisher\":{\"@id\":\"https:\\\/\\\/jornaldasoficinas.com\\\/pt\\\/#organization\"},\"potentialAction\":[{\"@type\":\"SearchAction\",\"target\":{\"@type\":\"EntryPoint\",\"urlTemplate\":\"https:\\\/\\\/jornaldasoficinas.com\\\/pt\\\/?s={search_term_string}\"},\"query-input\":{\"@type\":\"PropertyValueSpecification\",\"valueRequired\":true,\"valueName\":\"search_term_string\"}}],\"inLanguage\":\"pt-PT\"},{\"@type\":\"Organization\",\"@id\":\"https:\\\/\\\/jornaldasoficinas.com\\\/pt\\\/#organization\",\"name\":\"Jornal das Oficinas\",\"url\":\"https:\\\/\\\/jornaldasoficinas.com\\\/pt\\\/\",\"logo\":{\"@type\":\"ImageObject\",\"inLanguage\":\"pt-PT\",\"@id\":\"https:\\\/\\\/jornaldasoficinas.com\\\/pt\\\/#\\\/schema\\\/logo\\\/image\\\/\",\"url\":\"https:\\\/\\\/jornaldasoficinas.com\\\/pt\\\/wp-content\\\/uploads\\\/logoJO-SEO.png\",\"contentUrl\":\"https:\\\/\\\/jornaldasoficinas.com\\\/pt\\\/wp-content\\\/uploads\\\/logoJO-SEO.png\",\"width\":285,\"height\":450,\"caption\":\"Jornal das Oficinas\"},\"image\":{\"@id\":\"https:\\\/\\\/jornaldasoficinas.com\\\/pt\\\/#\\\/schema\\\/logo\\\/image\\\/\"},\"sameAs\":[\"https:\\\/\\\/www.facebook.com\\\/jornaloficinas\",\"https:\\\/\\\/x.com\\\/jornaloficinas\",\"https:\\\/\\\/www.instagram.com\\\/jornal_oficinas\\\/\",\"https:\\\/\\\/www.linkedin.com\\\/company\\\/jornal-das-oficinas\\\/\",\"https:\\\/\\\/www.youtube.com\\\/channel\\\/UCbQZBqtcvV-oSQrr7RzINGg\"]},{\"@type\":\"Person\",\"@id\":\"https:\\\/\\\/jornaldasoficinas.com\\\/pt\\\/#\\\/schema\\\/person\\\/a38eef5de2c41d9e7c9ac10141afddf3\",\"name\":\"Reda\u00e7\u00e3o JO\",\"image\":{\"@type\":\"ImageObject\",\"inLanguage\":\"pt-PT\",\"@id\":\"https:\\\/\\\/secure.gravatar.com\\\/avatar\\\/71f2fa71737ad68a84fea94bc708ddac8ea5b0c4788dc2ad202f3ccb2887742f?s=96&d=wp_user_avatar&r=g\",\"url\":\"https:\\\/\\\/secure.gravatar.com\\\/avatar\\\/71f2fa71737ad68a84fea94bc708ddac8ea5b0c4788dc2ad202f3ccb2887742f?s=96&d=wp_user_avatar&r=g\",\"contentUrl\":\"https:\\\/\\\/secure.gravatar.com\\\/avatar\\\/71f2fa71737ad68a84fea94bc708ddac8ea5b0c4788dc2ad202f3ccb2887742f?s=96&d=wp_user_avatar&r=g\",\"caption\":\"Reda\u00e7\u00e3o JO\"},\"url\":\"https:\\\/\\\/jornaldasoficinas.com\\\/pt\\\/author\\\/joredacao\\\/\"}]}<\/script>\n<!-- \/ Yoast SEO plugin. -->","yoast_head_json":{"title":"Unigom refor\u00e7a gama de foles com padr\u00f5es OEM - Jornal das Oficinas","description":"A Unigom est\u00e1 a refor\u00e7ar a sua gama de foles de juntas homocin\u00e9ticas e de dire\u00e7\u00e3o, desenvolvidos segundo padr\u00f5es OEM","robots":{"index":"index","follow":"follow","max-snippet":"max-snippet:-1","max-image-preview":"max-image-preview:large","max-video-preview":"max-video-preview:-1"},"canonical":"https:\/\/jornaldasoficinas.com\/pt\/unigom-reforca-gama-de-foles-com-padroes-oem\/","og_locale":"pt_PT","og_type":"article","og_title":"Unigom refor\u00e7a gama de foles com padr\u00f5es OEM - Jornal das Oficinas","og_description":"A Unigom est\u00e1 a refor\u00e7ar a sua gama de foles de juntas homocin\u00e9ticas e de dire\u00e7\u00e3o, desenvolvidos segundo padr\u00f5es OEM","og_url":"https:\/\/jornaldasoficinas.com\/pt\/unigom-reforca-gama-de-foles-com-padroes-oem\/","og_site_name":"Jornal das Oficinas","article_publisher":"https:\/\/www.facebook.com\/jornaloficinas","article_published_time":"2025-11-21T12:30:14+00:00","og_image":[{"width":1024,"height":581,"url":"https:\/\/jornaldasoficinas.com\/pt\/wp-content\/uploads\/2025\/11\/Unigom-reforca-gama-de-foles-com-padroes-OEM.jpg","type":"image\/jpeg"}],"author":"Reda\u00e7\u00e3o JO","twitter_card":"summary_large_image","twitter_creator":"@jornaloficinas","twitter_site":"@jornaloficinas","twitter_misc":{"Escrito por":"Reda\u00e7\u00e3o JO","Tempo estimado de leitura":"2 minutos"},"schema":{"@context":"https:\/\/schema.org","@graph":[{"@type":"Article","@id":"https:\/\/jornaldasoficinas.com\/pt\/unigom-reforca-gama-de-foles-com-padroes-oem\/#article","isPartOf":{"@id":"https:\/\/jornaldasoficinas.com\/pt\/unigom-reforca-gama-de-foles-com-padroes-oem\/"},"author":{"name":"Reda\u00e7\u00e3o JO","@id":"https:\/\/jornaldasoficinas.com\/pt\/#\/schema\/person\/a38eef5de2c41d9e7c9ac10141afddf3"},"headline":"Unigom refor\u00e7a gama de foles com padr\u00f5es OEM","datePublished":"2025-11-21T12:30:14+00:00","mainEntityOfPage":{"@id":"https:\/\/jornaldasoficinas.com\/pt\/unigom-reforca-gama-de-foles-com-padroes-oem\/"},"wordCount":293,"publisher":{"@id":"https:\/\/jornaldasoficinas.com\/pt\/#organization"},"image":{"@id":"https:\/\/jornaldasoficinas.com\/pt\/unigom-reforca-gama-de-foles-com-padroes-oem\/#primaryimage"},"thumbnailUrl":"https:\/\/jornaldasoficinas.com\/pt\/wp-content\/uploads\/2025\/11\/Unigom-reforca-gama-de-foles-com-padroes-OEM.jpg","keywords":["gama de foles","juntas homocin\u00e9ticas","novidade","padr\u00e3o OEM","Unigom"],"articleSection":["Empresas"],"inLanguage":"pt-PT"},{"@type":"WebPage","@id":"https:\/\/jornaldasoficinas.com\/pt\/unigom-reforca-gama-de-foles-com-padroes-oem\/","url":"https:\/\/jornaldasoficinas.com\/pt\/unigom-reforca-gama-de-foles-com-padroes-oem\/","name":"Unigom refor\u00e7a gama de foles com padr\u00f5es OEM - Jornal das Oficinas","isPartOf":{"@id":"https:\/\/jornaldasoficinas.com\/pt\/#website"},"primaryImageOfPage":{"@id":"https:\/\/jornaldasoficinas.com\/pt\/unigom-reforca-gama-de-foles-com-padroes-oem\/#primaryimage"},"image":{"@id":"https:\/\/jornaldasoficinas.com\/pt\/unigom-reforca-gama-de-foles-com-padroes-oem\/#primaryimage"},"thumbnailUrl":"https:\/\/jornaldasoficinas.com\/pt\/wp-content\/uploads\/2025\/11\/Unigom-reforca-gama-de-foles-com-padroes-OEM.jpg","datePublished":"2025-11-21T12:30:14+00:00","description":"A Unigom est\u00e1 a refor\u00e7ar a sua gama de foles de juntas homocin\u00e9ticas e de dire\u00e7\u00e3o, desenvolvidos segundo padr\u00f5es OEM","breadcrumb":{"@id":"https:\/\/jornaldasoficinas.com\/pt\/unigom-reforca-gama-de-foles-com-padroes-oem\/#breadcrumb"},"inLanguage":"pt-PT","potentialAction":[{"@type":"ReadAction","target":["https:\/\/jornaldasoficinas.com\/pt\/unigom-reforca-gama-de-foles-com-padroes-oem\/"]}]},{"@type":"ImageObject","inLanguage":"pt-PT","@id":"https:\/\/jornaldasoficinas.com\/pt\/unigom-reforca-gama-de-foles-com-padroes-oem\/#primaryimage","url":"https:\/\/jornaldasoficinas.com\/pt\/wp-content\/uploads\/2025\/11\/Unigom-reforca-gama-de-foles-com-padroes-OEM.jpg","contentUrl":"https:\/\/jornaldasoficinas.com\/pt\/wp-content\/uploads\/2025\/11\/Unigom-reforca-gama-de-foles-com-padroes-OEM.jpg","width":1024,"height":581,"caption":"11 - Unigom reforca gama de foles com padroes OEM"},{"@type":"BreadcrumbList","@id":"https:\/\/jornaldasoficinas.com\/pt\/unigom-reforca-gama-de-foles-com-padroes-oem\/#breadcrumb","itemListElement":[{"@type":"ListItem","position":1,"name":"In\u00edcio","item":"https:\/\/jornaldasoficinas.com\/pt\/"},{"@type":"ListItem","position":2,"name":"Unigom refor\u00e7a gama de foles com padr\u00f5es OEM"}]},{"@type":"WebSite","@id":"https:\/\/jornaldasoficinas.com\/pt\/#website","url":"https:\/\/jornaldasoficinas.com\/pt\/","name":"Jornal das Oficinas","description":"Jornal independente do Aftermarket Autom\u00f3vel em Portugal","publisher":{"@id":"https:\/\/jornaldasoficinas.com\/pt\/#organization"},"potentialAction":[{"@type":"SearchAction","target":{"@type":"EntryPoint","urlTemplate":"https:\/\/jornaldasoficinas.com\/pt\/?s={search_term_string}"},"query-input":{"@type":"PropertyValueSpecification","valueRequired":true,"valueName":"search_term_string"}}],"inLanguage":"pt-PT"},{"@type":"Organization","@id":"https:\/\/jornaldasoficinas.com\/pt\/#organization","name":"Jornal das Oficinas","url":"https:\/\/jornaldasoficinas.com\/pt\/","logo":{"@type":"ImageObject","inLanguage":"pt-PT","@id":"https:\/\/jornaldasoficinas.com\/pt\/#\/schema\/logo\/image\/","url":"https:\/\/jornaldasoficinas.com\/pt\/wp-content\/uploads\/logoJO-SEO.png","contentUrl":"https:\/\/jornaldasoficinas.com\/pt\/wp-content\/uploads\/logoJO-SEO.png","width":285,"height":450,"caption":"Jornal das Oficinas"},"image":{"@id":"https:\/\/jornaldasoficinas.com\/pt\/#\/schema\/logo\/image\/"},"sameAs":["https:\/\/www.facebook.com\/jornaloficinas","https:\/\/x.com\/jornaloficinas","https:\/\/www.instagram.com\/jornal_oficinas\/","https:\/\/www.linkedin.com\/company\/jornal-das-oficinas\/","https:\/\/www.youtube.com\/channel\/UCbQZBqtcvV-oSQrr7RzINGg"]},{"@type":"Person","@id":"https:\/\/jornaldasoficinas.com\/pt\/#\/schema\/person\/a38eef5de2c41d9e7c9ac10141afddf3","name":"Reda\u00e7\u00e3o JO","image":{"@type":"ImageObject","inLanguage":"pt-PT","@id":"https:\/\/secure.gravatar.com\/avatar\/71f2fa71737ad68a84fea94bc708ddac8ea5b0c4788dc2ad202f3ccb2887742f?s=96&d=wp_user_avatar&r=g","url":"https:\/\/secure.gravatar.com\/avatar\/71f2fa71737ad68a84fea94bc708ddac8ea5b0c4788dc2ad202f3ccb2887742f?s=96&d=wp_user_avatar&r=g","contentUrl":"https:\/\/secure.gravatar.com\/avatar\/71f2fa71737ad68a84fea94bc708ddac8ea5b0c4788dc2ad202f3ccb2887742f?s=96&d=wp_user_avatar&r=g","caption":"Reda\u00e7\u00e3o JO"},"url":"https:\/\/jornaldasoficinas.com\/pt\/author\/joredacao\/"}]}},"_links":{"self":[{"href":"https:\/\/jornaldasoficinas.com\/pt\/wp-json\/wp\/v2\/posts\/109802","targetHints":{"allow":["GET"]}}],"collection":[{"href":"https:\/\/jornaldasoficinas.com\/pt\/wp-json\/wp\/v2\/posts"}],"about":[{"href":"https:\/\/jornaldasoficinas.com\/pt\/wp-json\/wp\/v2\/types\/post"}],"author":[{"embeddable":true,"href":"https:\/\/jornaldasoficinas.com\/pt\/wp-json\/wp\/v2\/users\/15"}],"replies":[{"embeddable":true,"href":"https:\/\/jornaldasoficinas.com\/pt\/wp-json\/wp\/v2\/comments?post=109802"}],"version-history":[{"count":4,"href":"https:\/\/jornaldasoficinas.com\/pt\/wp-json\/wp\/v2\/posts\/109802\/revisions"}],"predecessor-version":[{"id":109831,"href":"https:\/\/jornaldasoficinas.com\/pt\/wp-json\/wp\/v2\/posts\/109802\/revisions\/109831"}],"wp:featuredmedia":[{"embeddable":true,"href":"https:\/\/jornaldasoficinas.com\/pt\/wp-json\/wp\/v2\/media\/109830"}],"wp:attachment":[{"href":"https:\/\/jornaldasoficinas.com\/pt\/wp-json\/wp\/v2\/media?parent=109802"}],"wp:term":[{"taxonomy":"category","embeddable":true,"href":"https:\/\/jornaldasoficinas.com\/pt\/wp-json\/wp\/v2\/categories?post=109802"},{"taxonomy":"post_tag","embeddable":true,"href":"https:\/\/jornaldasoficinas.com\/pt\/wp-json\/wp\/v2\/tags?post=109802"}],"curies":[{"name":"wp","href":"https:\/\/api.w.org\/{rel}","templated":true}]}}