{"id":109832,"date":"2025-11-21T18:00:42","date_gmt":"2025-11-21T18:00:42","guid":{"rendered":"https:\/\/jornaldasoficinas.com\/pt\/?p=109832"},"modified":"2025-11-19T18:04:59","modified_gmt":"2025-11-19T18:04:59","slug":"moeve-relanca-a-campanha-vai-e-volta-com-descontos-especiais","status":"publish","type":"post","link":"https:\/\/jornaldasoficinas.com\/pt\/moeve-relanca-a-campanha-vai-e-volta-com-descontos-especiais\/","title":{"rendered":"Moeve relan\u00e7a a campanha &#8220;Vai e Volta&#8221; com descontos especiais"},"content":{"rendered":"<p><img loading=\"lazy\" decoding=\"async\" class=\"alignnone size-full wp-image-109840\" src=\"https:\/\/jornaldasoficinas.com\/pt\/wp-content\/uploads\/2025\/11\/Moeve-relanca-a-campanha-Vai-e-Volta-com-descontos-especiais.png\" alt=\"11 - Moeve relanca a campanha Vai e Volta com descontos especiais\" width=\"1024\" height=\"581\" srcset=\"https:\/\/jornaldasoficinas.com\/pt\/wp-content\/uploads\/2025\/11\/Moeve-relanca-a-campanha-Vai-e-Volta-com-descontos-especiais.png 1024w, https:\/\/jornaldasoficinas.com\/pt\/wp-content\/uploads\/2025\/11\/Moeve-relanca-a-campanha-Vai-e-Volta-com-descontos-especiais-300x170.png 300w, https:\/\/jornaldasoficinas.com\/pt\/wp-content\/uploads\/2025\/11\/Moeve-relanca-a-campanha-Vai-e-Volta-com-descontos-especiais-150x85.png 150w, https:\/\/jornaldasoficinas.com\/pt\/wp-content\/uploads\/2025\/11\/Moeve-relanca-a-campanha-Vai-e-Volta-com-descontos-especiais-768x436.png 768w\" sizes=\"auto, (max-width: 1024px) 100vw, 1024px\" \/><\/p>\n<p><strong>A <a href=\"https:\/\/pt.moeveglobal.com\/\" target=\"_blank\" rel=\"noopener\">Moeve<\/a> lan\u00e7ou uma nova edi\u00e7\u00e3o da campanha &#8220;Vai e Volta&#8221;, v\u00e1lida de 17 de novembro a 31 de dezembro, oferecendo cup\u00f5es de desconto que podem atingir os 10 c\u00eantimos por litro e ser acumulados com programas de fideliza\u00e7\u00e3o, permitindo poupan\u00e7as at\u00e9 27 c\u00eantimos por litro\u00a0<\/strong><\/p>\n<p>A Moeve volta a surpreender os portugueses com uma nova edi\u00e7\u00e3o da campanha &#8220;Vai e Volta&#8221;, especialmente criada para a \u00e9poca natal\u00edcia. A iniciativa convida os condutores a regressarem aos postos Moeve e Cepsa para usufru\u00edrem de descontos que podem chegar aos 11 euros num abastecimento, ou mais.<\/p>\n<p>Em vigor entre 17 de novembro e 31 de dezembro, esta edi\u00e7\u00e3o especial mant\u00e9m o esp\u00edrito da campanha original, incentivar a poupan\u00e7a e a fideliza\u00e7\u00e3o, mas adapta-se ao ambiente festivo do Natal, com uma imagem renovada e materiais de comunica\u00e7\u00e3o inspirados na quadra.<\/p>\n<p>A mec\u00e2nica \u00e9 simples: quem abastecer entre 20 e 29 litros recebe um cup\u00e3o de 5 c\u00eantimos por litro; entre 30 e 44 litros o desconto sobe para 7 c\u00eantimos; e para abastecimentos iguais ou superiores a 45 litros, o valor do cup\u00e3o atinge 10 c\u00eantimos por litro.<\/p>\n<p>O cup\u00e3o \u00e9 entregue no momento do abastecimento e pode ser utilizado num novo abastecimento m\u00ednimo de 25 litros, at\u00e9 15 de janeiro de 2026, em qualquer posto aderente da rede Moeve e Cepsa.<\/p>\n<p>A promo\u00e7\u00e3o \u00e9 compat\u00edvel com os programas de fideliza\u00e7\u00e3o Gow, DECO PROteste Descontos e Wizink, permitindo acumular os benef\u00edcios habituais com os novos descontos. Assim, os clientes Gow poder\u00e3o atingir 16 c\u00eantimos por litro de poupan\u00e7a, os clientes com cart\u00e3o DECO PROtest Descontos 22 c\u00eantimos por litro, e os utilizadores do cart\u00e3o de cr\u00e9dito Moeve Gow da Wizink poder\u00e3o beneficiar do valor m\u00e1ximo da campanha: 27 c\u00eantimos por litro.<\/p>\n<p>Segundo Cl\u00e1udia Soares-Mendes, diretora de comunica\u00e7\u00e3o e marketing da Moeve, &#8220;esta edi\u00e7\u00e3o natal\u00edcia da campanha &#8220;Vai e Volta&#8221; simboliza o esp\u00edrito de partilha e regresso, t\u00e3o caracter\u00edstico desta \u00e9poca. Queremos que os nossos clientes sintam que cada abastecimento na Moeve \u00e9 tamb\u00e9m uma oportunidade de poupan\u00e7a, conforto e regresso seguro \u00e0s suas fam\u00edlias&#8221;.<\/p>\n","protected":false},"excerpt":{"rendered":"<p>A Moeve lan\u00e7ou uma nova edi\u00e7\u00e3o&#8230;<\/p>\n","protected":false},"author":15,"featured_media":109840,"comment_status":"closed","ping_status":"closed","sticky":false,"template":"","format":"standard","meta":{"footnotes":""},"categories":[29],"tags":[10152,3131,7316,11091,14039,13151],"class_list":["post-109832","post","type-post","status-publish","format-standard","has-post-thumbnail","hentry","category-empresas","tag-abastecimento","tag-campanha","tag-descontos","tag-moeve","tag-programas-de-fidelizacao","tag-vai-e-volta"],"yoast_head":"<!-- This site is optimized with the Yoast SEO plugin v27.4 - https:\/\/yoast.com\/product\/yoast-seo-wordpress\/ -->\n<title>Moeve relan\u00e7a a campanha &quot;Vai e Volta&quot; com descontos especiais - Jornal das Oficinas<\/title>\n<meta name=\"description\" content=\"A Moeve lan\u00e7ou uma nova edi\u00e7\u00e3o da campanha &quot;Vai e Volta&quot;, v\u00e1lida de 17 de novembro a 31 de dezembro, oferecendo cup\u00f5es de desconto\" \/>\n<meta name=\"robots\" content=\"index, follow, max-snippet:-1, max-image-preview:large, max-video-preview:-1\" \/>\n<link rel=\"canonical\" href=\"https:\/\/jornaldasoficinas.com\/pt\/moeve-relanca-a-campanha-vai-e-volta-com-descontos-especiais\/\" \/>\n<meta property=\"og:locale\" content=\"pt_PT\" \/>\n<meta property=\"og:type\" content=\"article\" \/>\n<meta property=\"og:title\" content=\"Moeve relan\u00e7a a campanha &quot;Vai e Volta&quot; com descontos especiais - Jornal das Oficinas\" \/>\n<meta property=\"og:description\" content=\"A Moeve lan\u00e7ou uma nova edi\u00e7\u00e3o da campanha &quot;Vai e Volta&quot;, v\u00e1lida de 17 de novembro a 31 de dezembro, oferecendo cup\u00f5es de desconto\" \/>\n<meta property=\"og:url\" content=\"https:\/\/jornaldasoficinas.com\/pt\/moeve-relanca-a-campanha-vai-e-volta-com-descontos-especiais\/\" \/>\n<meta property=\"og:site_name\" content=\"Jornal das Oficinas\" \/>\n<meta property=\"article:publisher\" content=\"https:\/\/www.facebook.com\/jornaloficinas\" \/>\n<meta property=\"article:published_time\" content=\"2025-11-21T18:00:42+00:00\" \/>\n<meta property=\"og:image\" content=\"https:\/\/jornaldasoficinas.com\/pt\/wp-content\/uploads\/2025\/11\/Moeve-relanca-a-campanha-Vai-e-Volta-com-descontos-especiais.png\" \/>\n\t<meta property=\"og:image:width\" content=\"1024\" \/>\n\t<meta property=\"og:image:height\" content=\"581\" \/>\n\t<meta property=\"og:image:type\" content=\"image\/png\" \/>\n<meta name=\"author\" content=\"Reda\u00e7\u00e3o JO\" \/>\n<meta name=\"twitter:card\" content=\"summary_large_image\" \/>\n<meta name=\"twitter:creator\" content=\"@jornaloficinas\" \/>\n<meta name=\"twitter:site\" content=\"@jornaloficinas\" \/>\n<meta name=\"twitter:label1\" content=\"Escrito por\" \/>\n\t<meta name=\"twitter:data1\" content=\"Reda\u00e7\u00e3o JO\" \/>\n\t<meta name=\"twitter:label2\" content=\"Tempo estimado de leitura\" \/>\n\t<meta name=\"twitter:data2\" content=\"3 minutos\" \/>\n<script type=\"application\/ld+json\" class=\"yoast-schema-graph\">{\"@context\":\"https:\\\/\\\/schema.org\",\"@graph\":[{\"@type\":\"Article\",\"@id\":\"https:\\\/\\\/jornaldasoficinas.com\\\/pt\\\/moeve-relanca-a-campanha-vai-e-volta-com-descontos-especiais\\\/#article\",\"isPartOf\":{\"@id\":\"https:\\\/\\\/jornaldasoficinas.com\\\/pt\\\/moeve-relanca-a-campanha-vai-e-volta-com-descontos-especiais\\\/\"},\"author\":{\"name\":\"Reda\u00e7\u00e3o JO\",\"@id\":\"https:\\\/\\\/jornaldasoficinas.com\\\/pt\\\/#\\\/schema\\\/person\\\/a38eef5de2c41d9e7c9ac10141afddf3\"},\"headline\":\"Moeve relan\u00e7a a campanha &#8220;Vai e Volta&#8221; com descontos especiais\",\"datePublished\":\"2025-11-21T18:00:42+00:00\",\"mainEntityOfPage\":{\"@id\":\"https:\\\/\\\/jornaldasoficinas.com\\\/pt\\\/moeve-relanca-a-campanha-vai-e-volta-com-descontos-especiais\\\/\"},\"wordCount\":376,\"publisher\":{\"@id\":\"https:\\\/\\\/jornaldasoficinas.com\\\/pt\\\/#organization\"},\"image\":{\"@id\":\"https:\\\/\\\/jornaldasoficinas.com\\\/pt\\\/moeve-relanca-a-campanha-vai-e-volta-com-descontos-especiais\\\/#primaryimage\"},\"thumbnailUrl\":\"https:\\\/\\\/jornaldasoficinas.com\\\/pt\\\/wp-content\\\/uploads\\\/2025\\\/11\\\/Moeve-relanca-a-campanha-Vai-e-Volta-com-descontos-especiais.png\",\"keywords\":[\"abastecimento\",\"Campanha\",\"descontos\",\"Moeve\",\"programas de fideliza\u00e7\u00e3o\",\"vai e volta\"],\"articleSection\":[\"Empresas\"],\"inLanguage\":\"pt-PT\"},{\"@type\":\"WebPage\",\"@id\":\"https:\\\/\\\/jornaldasoficinas.com\\\/pt\\\/moeve-relanca-a-campanha-vai-e-volta-com-descontos-especiais\\\/\",\"url\":\"https:\\\/\\\/jornaldasoficinas.com\\\/pt\\\/moeve-relanca-a-campanha-vai-e-volta-com-descontos-especiais\\\/\",\"name\":\"Moeve relan\u00e7a a campanha \\\"Vai e Volta\\\" com descontos especiais - Jornal das Oficinas\",\"isPartOf\":{\"@id\":\"https:\\\/\\\/jornaldasoficinas.com\\\/pt\\\/#website\"},\"primaryImageOfPage\":{\"@id\":\"https:\\\/\\\/jornaldasoficinas.com\\\/pt\\\/moeve-relanca-a-campanha-vai-e-volta-com-descontos-especiais\\\/#primaryimage\"},\"image\":{\"@id\":\"https:\\\/\\\/jornaldasoficinas.com\\\/pt\\\/moeve-relanca-a-campanha-vai-e-volta-com-descontos-especiais\\\/#primaryimage\"},\"thumbnailUrl\":\"https:\\\/\\\/jornaldasoficinas.com\\\/pt\\\/wp-content\\\/uploads\\\/2025\\\/11\\\/Moeve-relanca-a-campanha-Vai-e-Volta-com-descontos-especiais.png\",\"datePublished\":\"2025-11-21T18:00:42+00:00\",\"description\":\"A Moeve lan\u00e7ou uma nova edi\u00e7\u00e3o da campanha \\\"Vai e Volta\\\", v\u00e1lida de 17 de novembro a 31 de dezembro, oferecendo cup\u00f5es de desconto\",\"breadcrumb\":{\"@id\":\"https:\\\/\\\/jornaldasoficinas.com\\\/pt\\\/moeve-relanca-a-campanha-vai-e-volta-com-descontos-especiais\\\/#breadcrumb\"},\"inLanguage\":\"pt-PT\",\"potentialAction\":[{\"@type\":\"ReadAction\",\"target\":[\"https:\\\/\\\/jornaldasoficinas.com\\\/pt\\\/moeve-relanca-a-campanha-vai-e-volta-com-descontos-especiais\\\/\"]}]},{\"@type\":\"ImageObject\",\"inLanguage\":\"pt-PT\",\"@id\":\"https:\\\/\\\/jornaldasoficinas.com\\\/pt\\\/moeve-relanca-a-campanha-vai-e-volta-com-descontos-especiais\\\/#primaryimage\",\"url\":\"https:\\\/\\\/jornaldasoficinas.com\\\/pt\\\/wp-content\\\/uploads\\\/2025\\\/11\\\/Moeve-relanca-a-campanha-Vai-e-Volta-com-descontos-especiais.png\",\"contentUrl\":\"https:\\\/\\\/jornaldasoficinas.com\\\/pt\\\/wp-content\\\/uploads\\\/2025\\\/11\\\/Moeve-relanca-a-campanha-Vai-e-Volta-com-descontos-especiais.png\",\"width\":1024,\"height\":581,\"caption\":\"11 - Moeve relanca a campanha Vai e Volta com descontos especiais\"},{\"@type\":\"BreadcrumbList\",\"@id\":\"https:\\\/\\\/jornaldasoficinas.com\\\/pt\\\/moeve-relanca-a-campanha-vai-e-volta-com-descontos-especiais\\\/#breadcrumb\",\"itemListElement\":[{\"@type\":\"ListItem\",\"position\":1,\"name\":\"In\u00edcio\",\"item\":\"https:\\\/\\\/jornaldasoficinas.com\\\/pt\\\/\"},{\"@type\":\"ListItem\",\"position\":2,\"name\":\"Moeve relan\u00e7a a campanha &#8220;Vai e Volta&#8221; com descontos especiais\"}]},{\"@type\":\"WebSite\",\"@id\":\"https:\\\/\\\/jornaldasoficinas.com\\\/pt\\\/#website\",\"url\":\"https:\\\/\\\/jornaldasoficinas.com\\\/pt\\\/\",\"name\":\"Jornal das Oficinas\",\"description\":\"Jornal independente do Aftermarket Autom\u00f3vel em Portugal\",\"publisher\":{\"@id\":\"https:\\\/\\\/jornaldasoficinas.com\\\/pt\\\/#organization\"},\"potentialAction\":[{\"@type\":\"SearchAction\",\"target\":{\"@type\":\"EntryPoint\",\"urlTemplate\":\"https:\\\/\\\/jornaldasoficinas.com\\\/pt\\\/?s={search_term_string}\"},\"query-input\":{\"@type\":\"PropertyValueSpecification\",\"valueRequired\":true,\"valueName\":\"search_term_string\"}}],\"inLanguage\":\"pt-PT\"},{\"@type\":\"Organization\",\"@id\":\"https:\\\/\\\/jornaldasoficinas.com\\\/pt\\\/#organization\",\"name\":\"Jornal das Oficinas\",\"url\":\"https:\\\/\\\/jornaldasoficinas.com\\\/pt\\\/\",\"logo\":{\"@type\":\"ImageObject\",\"inLanguage\":\"pt-PT\",\"@id\":\"https:\\\/\\\/jornaldasoficinas.com\\\/pt\\\/#\\\/schema\\\/logo\\\/image\\\/\",\"url\":\"https:\\\/\\\/jornaldasoficinas.com\\\/pt\\\/wp-content\\\/uploads\\\/logoJO-SEO.png\",\"contentUrl\":\"https:\\\/\\\/jornaldasoficinas.com\\\/pt\\\/wp-content\\\/uploads\\\/logoJO-SEO.png\",\"width\":285,\"height\":450,\"caption\":\"Jornal das Oficinas\"},\"image\":{\"@id\":\"https:\\\/\\\/jornaldasoficinas.com\\\/pt\\\/#\\\/schema\\\/logo\\\/image\\\/\"},\"sameAs\":[\"https:\\\/\\\/www.facebook.com\\\/jornaloficinas\",\"https:\\\/\\\/x.com\\\/jornaloficinas\",\"https:\\\/\\\/www.instagram.com\\\/jornal_oficinas\\\/\",\"https:\\\/\\\/www.linkedin.com\\\/company\\\/jornal-das-oficinas\\\/\",\"https:\\\/\\\/www.youtube.com\\\/channel\\\/UCbQZBqtcvV-oSQrr7RzINGg\"]},{\"@type\":\"Person\",\"@id\":\"https:\\\/\\\/jornaldasoficinas.com\\\/pt\\\/#\\\/schema\\\/person\\\/a38eef5de2c41d9e7c9ac10141afddf3\",\"name\":\"Reda\u00e7\u00e3o JO\",\"image\":{\"@type\":\"ImageObject\",\"inLanguage\":\"pt-PT\",\"@id\":\"https:\\\/\\\/secure.gravatar.com\\\/avatar\\\/71f2fa71737ad68a84fea94bc708ddac8ea5b0c4788dc2ad202f3ccb2887742f?s=96&d=wp_user_avatar&r=g\",\"url\":\"https:\\\/\\\/secure.gravatar.com\\\/avatar\\\/71f2fa71737ad68a84fea94bc708ddac8ea5b0c4788dc2ad202f3ccb2887742f?s=96&d=wp_user_avatar&r=g\",\"contentUrl\":\"https:\\\/\\\/secure.gravatar.com\\\/avatar\\\/71f2fa71737ad68a84fea94bc708ddac8ea5b0c4788dc2ad202f3ccb2887742f?s=96&d=wp_user_avatar&r=g\",\"caption\":\"Reda\u00e7\u00e3o JO\"},\"url\":\"https:\\\/\\\/jornaldasoficinas.com\\\/pt\\\/author\\\/joredacao\\\/\"}]}<\/script>\n<!-- \/ Yoast SEO plugin. -->","yoast_head_json":{"title":"Moeve relan\u00e7a a campanha \"Vai e Volta\" com descontos especiais - Jornal das Oficinas","description":"A Moeve lan\u00e7ou uma nova edi\u00e7\u00e3o da campanha \"Vai e Volta\", v\u00e1lida de 17 de novembro a 31 de dezembro, oferecendo cup\u00f5es de desconto","robots":{"index":"index","follow":"follow","max-snippet":"max-snippet:-1","max-image-preview":"max-image-preview:large","max-video-preview":"max-video-preview:-1"},"canonical":"https:\/\/jornaldasoficinas.com\/pt\/moeve-relanca-a-campanha-vai-e-volta-com-descontos-especiais\/","og_locale":"pt_PT","og_type":"article","og_title":"Moeve relan\u00e7a a campanha \"Vai e Volta\" com descontos especiais - Jornal das Oficinas","og_description":"A Moeve lan\u00e7ou uma nova edi\u00e7\u00e3o da campanha \"Vai e Volta\", v\u00e1lida de 17 de novembro a 31 de dezembro, oferecendo cup\u00f5es de desconto","og_url":"https:\/\/jornaldasoficinas.com\/pt\/moeve-relanca-a-campanha-vai-e-volta-com-descontos-especiais\/","og_site_name":"Jornal das Oficinas","article_publisher":"https:\/\/www.facebook.com\/jornaloficinas","article_published_time":"2025-11-21T18:00:42+00:00","og_image":[{"width":1024,"height":581,"url":"https:\/\/jornaldasoficinas.com\/pt\/wp-content\/uploads\/2025\/11\/Moeve-relanca-a-campanha-Vai-e-Volta-com-descontos-especiais.png","type":"image\/png"}],"author":"Reda\u00e7\u00e3o JO","twitter_card":"summary_large_image","twitter_creator":"@jornaloficinas","twitter_site":"@jornaloficinas","twitter_misc":{"Escrito por":"Reda\u00e7\u00e3o JO","Tempo estimado de leitura":"3 minutos"},"schema":{"@context":"https:\/\/schema.org","@graph":[{"@type":"Article","@id":"https:\/\/jornaldasoficinas.com\/pt\/moeve-relanca-a-campanha-vai-e-volta-com-descontos-especiais\/#article","isPartOf":{"@id":"https:\/\/jornaldasoficinas.com\/pt\/moeve-relanca-a-campanha-vai-e-volta-com-descontos-especiais\/"},"author":{"name":"Reda\u00e7\u00e3o JO","@id":"https:\/\/jornaldasoficinas.com\/pt\/#\/schema\/person\/a38eef5de2c41d9e7c9ac10141afddf3"},"headline":"Moeve relan\u00e7a a campanha &#8220;Vai e Volta&#8221; com descontos especiais","datePublished":"2025-11-21T18:00:42+00:00","mainEntityOfPage":{"@id":"https:\/\/jornaldasoficinas.com\/pt\/moeve-relanca-a-campanha-vai-e-volta-com-descontos-especiais\/"},"wordCount":376,"publisher":{"@id":"https:\/\/jornaldasoficinas.com\/pt\/#organization"},"image":{"@id":"https:\/\/jornaldasoficinas.com\/pt\/moeve-relanca-a-campanha-vai-e-volta-com-descontos-especiais\/#primaryimage"},"thumbnailUrl":"https:\/\/jornaldasoficinas.com\/pt\/wp-content\/uploads\/2025\/11\/Moeve-relanca-a-campanha-Vai-e-Volta-com-descontos-especiais.png","keywords":["abastecimento","Campanha","descontos","Moeve","programas de fideliza\u00e7\u00e3o","vai e volta"],"articleSection":["Empresas"],"inLanguage":"pt-PT"},{"@type":"WebPage","@id":"https:\/\/jornaldasoficinas.com\/pt\/moeve-relanca-a-campanha-vai-e-volta-com-descontos-especiais\/","url":"https:\/\/jornaldasoficinas.com\/pt\/moeve-relanca-a-campanha-vai-e-volta-com-descontos-especiais\/","name":"Moeve relan\u00e7a a campanha \"Vai e Volta\" com descontos especiais - Jornal das Oficinas","isPartOf":{"@id":"https:\/\/jornaldasoficinas.com\/pt\/#website"},"primaryImageOfPage":{"@id":"https:\/\/jornaldasoficinas.com\/pt\/moeve-relanca-a-campanha-vai-e-volta-com-descontos-especiais\/#primaryimage"},"image":{"@id":"https:\/\/jornaldasoficinas.com\/pt\/moeve-relanca-a-campanha-vai-e-volta-com-descontos-especiais\/#primaryimage"},"thumbnailUrl":"https:\/\/jornaldasoficinas.com\/pt\/wp-content\/uploads\/2025\/11\/Moeve-relanca-a-campanha-Vai-e-Volta-com-descontos-especiais.png","datePublished":"2025-11-21T18:00:42+00:00","description":"A Moeve lan\u00e7ou uma nova edi\u00e7\u00e3o da campanha \"Vai e Volta\", v\u00e1lida de 17 de novembro a 31 de dezembro, oferecendo cup\u00f5es de desconto","breadcrumb":{"@id":"https:\/\/jornaldasoficinas.com\/pt\/moeve-relanca-a-campanha-vai-e-volta-com-descontos-especiais\/#breadcrumb"},"inLanguage":"pt-PT","potentialAction":[{"@type":"ReadAction","target":["https:\/\/jornaldasoficinas.com\/pt\/moeve-relanca-a-campanha-vai-e-volta-com-descontos-especiais\/"]}]},{"@type":"ImageObject","inLanguage":"pt-PT","@id":"https:\/\/jornaldasoficinas.com\/pt\/moeve-relanca-a-campanha-vai-e-volta-com-descontos-especiais\/#primaryimage","url":"https:\/\/jornaldasoficinas.com\/pt\/wp-content\/uploads\/2025\/11\/Moeve-relanca-a-campanha-Vai-e-Volta-com-descontos-especiais.png","contentUrl":"https:\/\/jornaldasoficinas.com\/pt\/wp-content\/uploads\/2025\/11\/Moeve-relanca-a-campanha-Vai-e-Volta-com-descontos-especiais.png","width":1024,"height":581,"caption":"11 - Moeve relanca a campanha Vai e Volta com descontos especiais"},{"@type":"BreadcrumbList","@id":"https:\/\/jornaldasoficinas.com\/pt\/moeve-relanca-a-campanha-vai-e-volta-com-descontos-especiais\/#breadcrumb","itemListElement":[{"@type":"ListItem","position":1,"name":"In\u00edcio","item":"https:\/\/jornaldasoficinas.com\/pt\/"},{"@type":"ListItem","position":2,"name":"Moeve relan\u00e7a a campanha &#8220;Vai e Volta&#8221; com descontos especiais"}]},{"@type":"WebSite","@id":"https:\/\/jornaldasoficinas.com\/pt\/#website","url":"https:\/\/jornaldasoficinas.com\/pt\/","name":"Jornal das Oficinas","description":"Jornal independente do Aftermarket Autom\u00f3vel em Portugal","publisher":{"@id":"https:\/\/jornaldasoficinas.com\/pt\/#organization"},"potentialAction":[{"@type":"SearchAction","target":{"@type":"EntryPoint","urlTemplate":"https:\/\/jornaldasoficinas.com\/pt\/?s={search_term_string}"},"query-input":{"@type":"PropertyValueSpecification","valueRequired":true,"valueName":"search_term_string"}}],"inLanguage":"pt-PT"},{"@type":"Organization","@id":"https:\/\/jornaldasoficinas.com\/pt\/#organization","name":"Jornal das Oficinas","url":"https:\/\/jornaldasoficinas.com\/pt\/","logo":{"@type":"ImageObject","inLanguage":"pt-PT","@id":"https:\/\/jornaldasoficinas.com\/pt\/#\/schema\/logo\/image\/","url":"https:\/\/jornaldasoficinas.com\/pt\/wp-content\/uploads\/logoJO-SEO.png","contentUrl":"https:\/\/jornaldasoficinas.com\/pt\/wp-content\/uploads\/logoJO-SEO.png","width":285,"height":450,"caption":"Jornal das Oficinas"},"image":{"@id":"https:\/\/jornaldasoficinas.com\/pt\/#\/schema\/logo\/image\/"},"sameAs":["https:\/\/www.facebook.com\/jornaloficinas","https:\/\/x.com\/jornaloficinas","https:\/\/www.instagram.com\/jornal_oficinas\/","https:\/\/www.linkedin.com\/company\/jornal-das-oficinas\/","https:\/\/www.youtube.com\/channel\/UCbQZBqtcvV-oSQrr7RzINGg"]},{"@type":"Person","@id":"https:\/\/jornaldasoficinas.com\/pt\/#\/schema\/person\/a38eef5de2c41d9e7c9ac10141afddf3","name":"Reda\u00e7\u00e3o JO","image":{"@type":"ImageObject","inLanguage":"pt-PT","@id":"https:\/\/secure.gravatar.com\/avatar\/71f2fa71737ad68a84fea94bc708ddac8ea5b0c4788dc2ad202f3ccb2887742f?s=96&d=wp_user_avatar&r=g","url":"https:\/\/secure.gravatar.com\/avatar\/71f2fa71737ad68a84fea94bc708ddac8ea5b0c4788dc2ad202f3ccb2887742f?s=96&d=wp_user_avatar&r=g","contentUrl":"https:\/\/secure.gravatar.com\/avatar\/71f2fa71737ad68a84fea94bc708ddac8ea5b0c4788dc2ad202f3ccb2887742f?s=96&d=wp_user_avatar&r=g","caption":"Reda\u00e7\u00e3o JO"},"url":"https:\/\/jornaldasoficinas.com\/pt\/author\/joredacao\/"}]}},"_links":{"self":[{"href":"https:\/\/jornaldasoficinas.com\/pt\/wp-json\/wp\/v2\/posts\/109832","targetHints":{"allow":["GET"]}}],"collection":[{"href":"https:\/\/jornaldasoficinas.com\/pt\/wp-json\/wp\/v2\/posts"}],"about":[{"href":"https:\/\/jornaldasoficinas.com\/pt\/wp-json\/wp\/v2\/types\/post"}],"author":[{"embeddable":true,"href":"https:\/\/jornaldasoficinas.com\/pt\/wp-json\/wp\/v2\/users\/15"}],"replies":[{"embeddable":true,"href":"https:\/\/jornaldasoficinas.com\/pt\/wp-json\/wp\/v2\/comments?post=109832"}],"version-history":[{"count":4,"href":"https:\/\/jornaldasoficinas.com\/pt\/wp-json\/wp\/v2\/posts\/109832\/revisions"}],"predecessor-version":[{"id":109841,"href":"https:\/\/jornaldasoficinas.com\/pt\/wp-json\/wp\/v2\/posts\/109832\/revisions\/109841"}],"wp:featuredmedia":[{"embeddable":true,"href":"https:\/\/jornaldasoficinas.com\/pt\/wp-json\/wp\/v2\/media\/109840"}],"wp:attachment":[{"href":"https:\/\/jornaldasoficinas.com\/pt\/wp-json\/wp\/v2\/media?parent=109832"}],"wp:term":[{"taxonomy":"category","embeddable":true,"href":"https:\/\/jornaldasoficinas.com\/pt\/wp-json\/wp\/v2\/categories?post=109832"},{"taxonomy":"post_tag","embeddable":true,"href":"https:\/\/jornaldasoficinas.com\/pt\/wp-json\/wp\/v2\/tags?post=109832"}],"curies":[{"name":"wp","href":"https:\/\/api.w.org\/{rel}","templated":true}]}}