{"id":109846,"date":"2025-11-21T14:00:55","date_gmt":"2025-11-21T14:00:55","guid":{"rendered":"https:\/\/jornaldasoficinas.com\/pt\/?p=109846"},"modified":"2025-11-20T10:09:55","modified_gmt":"2025-11-20T10:09:55","slug":"acp-e-governo-unem-esforcos-pela-seguranca-rodoviaria","status":"publish","type":"post","link":"https:\/\/jornaldasoficinas.com\/pt\/acp-e-governo-unem-esforcos-pela-seguranca-rodoviaria\/","title":{"rendered":"ACP e Governo unem esfor\u00e7os pela seguran\u00e7a rodovi\u00e1ria"},"content":{"rendered":"<p><strong><img loading=\"lazy\" decoding=\"async\" class=\"alignnone size-full wp-image-109858\" src=\"https:\/\/jornaldasoficinas.com\/pt\/wp-content\/uploads\/2025\/11\/ACP-e-Governo-unem-esforcos-pela-seguranca-rodoviaria.jpg\" alt=\"11 - ACP e Governo unem esforcos pela seguranca rodoviaria\" width=\"1024\" height=\"581\" srcset=\"https:\/\/jornaldasoficinas.com\/pt\/wp-content\/uploads\/2025\/11\/ACP-e-Governo-unem-esforcos-pela-seguranca-rodoviaria.jpg 1024w, https:\/\/jornaldasoficinas.com\/pt\/wp-content\/uploads\/2025\/11\/ACP-e-Governo-unem-esforcos-pela-seguranca-rodoviaria-300x170.jpg 300w, https:\/\/jornaldasoficinas.com\/pt\/wp-content\/uploads\/2025\/11\/ACP-e-Governo-unem-esforcos-pela-seguranca-rodoviaria-150x85.jpg 150w, https:\/\/jornaldasoficinas.com\/pt\/wp-content\/uploads\/2025\/11\/ACP-e-Governo-unem-esforcos-pela-seguranca-rodoviaria-768x436.jpg 768w\" sizes=\"auto, (max-width: 1024px) 100vw, 1024px\" \/><\/strong><\/p>\n<p><strong>O Autom\u00f3vel Club de Portugal (<a href=\"https:\/\/www.acp.pt\/\" target=\"_blank\" rel=\"noopener\">ACP<\/a>) foi recebido pelo Secret\u00e1rio de Estado da Prote\u00e7\u00e3o Civil, Rui Rocha, para discutir a situa\u00e7\u00e3o cr\u00edtica da sinistralidade rodovi\u00e1ria em Portugal e a urg\u00eancia na defini\u00e7\u00e3o e implementa\u00e7\u00e3o da nova Estrat\u00e9gia Nacional de Seguran\u00e7a Rodovi\u00e1ria<\/strong><\/p>\n<p>O ACP manifestou grande preocupa\u00e7\u00e3o com os n\u00fameros recentes da sinistralidade rodovi\u00e1ria, que colocam Portugal significativamente acima da m\u00e9dia europeia em mortos e feridos na estrada, de acordo com o Eurostat.<\/p>\n<p>Os dados da ANSR relativos ao per\u00edodo de 1 de janeiro a 13 de novembro revelam a ocorr\u00eancia de 125.621 acidentes, mais 3.730 do que em per\u00edodo hom\u00f3logo, 379 v\u00edtimas mortais (menos 41 face ao ano passado), 2.451 feridos graves (mais 40) e 39.316 feridos ligeiros (mais 686).<\/p>\n<p>&#8220;Apesar da ligeira redu\u00e7\u00e3o no n\u00famero de mortes, o aumento global da sinistralidade demonstra que este continua a ser um flagelo que afeta milhares de fam\u00edlias portuguesas e exige a\u00e7\u00e3o imediata&#8221;, pode ler-se no comunicado.<\/p>\n<p>&#8220;Face \u00e0 gravidade desta realidade, o ACP reafirmou a sua total disponibilidade para colaborar ativamente com o Governo no sentido de acelerar a defini\u00e7\u00e3o, publica\u00e7\u00e3o e implementa\u00e7\u00e3o da Estrat\u00e9gia Nacional de Seguran\u00e7a Rodovi\u00e1ria&#8221;, explicou. &#8220;O objetivo comum deve ser claro: reduzir o n\u00famero de mortos e feridos e colocar Portugal num patamar de maior seguran\u00e7a rodovi\u00e1ria&#8221;, referiu.<\/p>\n<p>Durante a reuni\u00e3o, o Secret\u00e1rio de Estado da Prote\u00e7\u00e3o Civil, Rui Rocha, salientou que &#8220;a seguran\u00e7a rodovi\u00e1ria constitui um dos mais relevantes desafios do nosso pa\u00eds. Todos os anos, centenas de fam\u00edlias portuguesas s\u00e3o profundamente afetadas por acidentes que poderiam ter sido evitados&#8221;. Sublinhou ainda que &#8220;hoje, aceitamos com leveza e alguma naturalidade as mortes na estrada, ao contr\u00e1rio do que acontece com outras trag\u00e9dias, que recebem grande aten\u00e7\u00e3o medi\u00e1tica e que naturalmente revoltam o pa\u00eds. Mas o que realmente pretendemos e devemos exigir \u00e9 diminuir o n\u00famero de mortos na estrada&#8221;. Rui Rocha acrescentou que &#8220;a aprova\u00e7\u00e3o da Estrat\u00e9gia Nacional de Seguran\u00e7a Rodovi\u00e1ria, um instrumento estrutural que permitir\u00e1 orientar pol\u00edticas p\u00fablicas e mobilizar entidades, ser\u00e1 determinante para a redu\u00e7\u00e3o da sinistralidade nas estradas portuguesas&#8221;.<\/p>\n<p>Por sua vez, o Presidente do ACP, Carlos Barbosa, manifestou satisfa\u00e7\u00e3o com a abertura demonstrada pelo Governo, afirmando que &#8220;\u00e9 positivo verificar que o respons\u00e1vel governamental demonstra sensibilidade e urg\u00eancia para tomar medidas concretas, ap\u00f3s tantos anos de estagna\u00e7\u00e3o&#8221;. Sublinhou que &#8220;este \u00e9 um tema de enorme relev\u00e2ncia, que vai muito al\u00e9m das estat\u00edsticas: s\u00e3o vidas humanas que se perdem, pessoas com vidas destru\u00eddas e um impacto profundo na sa\u00fade e na economia&#8221;.<\/p>\n<p>Recorde-se que a primeira estrat\u00e9gia, referente ao per\u00edodo 2008-2015, foi publicada em 2009, mas a sua implementa\u00e7\u00e3o ficou &#8220;muito aqu\u00e9m do necess\u00e1rio&#8221;. Em 2018, perante a aus\u00eancia de progresso, o Observat\u00f3rio ACP efetuou um ponto de situa\u00e7\u00e3o e apresentou um conjunto de medidas imediatas. Em 2021, o Governo anunciou que se encontrava em desenvolvimento a nova Estrat\u00e9gia Nacional de Seguran\u00e7a Rodovi\u00e1ria 2021-2030 \u2013 &#8220;Vis\u00e3o Zero 2030&#8221;, cujo conte\u00fado, por\u00e9m, nunca foi tornado p\u00fablico at\u00e9 \u00e0 data, prolongando-se um impasse que tem atravessado v\u00e1rios Governos e sem que sejam vis\u00edveis avan\u00e7os concretos.<\/p>\n<p>O ACP tem um compromisso de longa data com a seguran\u00e7a rodovi\u00e1ria e assume um papel ativo e pioneiro nesta \u00e1rea, destacando-se o programa ACP Kids: um programa gratuito de educa\u00e7\u00e3o rodovi\u00e1ria destinado a crian\u00e7as entre os 4 e os 9 anos, que vai al\u00e9m do ensino das regras do C\u00f3digo da Estrada, pretende incutir boas pr\u00e1ticas e fazer dos mais novos &#8220;embaixadores&#8221; de seguran\u00e7a junto dos pais e amigos.<\/p>\n","protected":false},"excerpt":{"rendered":"<p>O Autom\u00f3vel Club de Portugal (ACP)&#8230;<\/p>\n","protected":false},"author":15,"featured_media":109858,"comment_status":"closed","ping_status":"closed","sticky":false,"template":"","format":"standard","meta":{"footnotes":""},"categories":[37],"tags":[6255,14041,1035,14040,3123,3563],"class_list":["post-109846","post","type-post","status-publish","format-standard","has-post-thumbnail","hentry","category-mercado","tag-acidentes","tag-acima-da-media-europeia","tag-acp","tag-governo","tag-nova-estrategia","tag-seguranca-rodoviaria"],"yoast_head":"<!-- This site is optimized with the Yoast SEO plugin v27.4 - https:\/\/yoast.com\/product\/yoast-seo-wordpress\/ -->\n<title>ACP e Governo unem esfor\u00e7os pela seguran\u00e7a rodovi\u00e1ria - Jornal das Oficinas<\/title>\n<meta name=\"description\" content=\"O ACP foi recebido pelo Secret\u00e1rio de Estado da Prote\u00e7\u00e3o Civil, Rui Rocha, para discutir a situa\u00e7\u00e3o cr\u00edtica da sinistralidade rodovi\u00e1ria\" \/>\n<meta name=\"robots\" content=\"index, follow, max-snippet:-1, max-image-preview:large, max-video-preview:-1\" \/>\n<link rel=\"canonical\" href=\"https:\/\/jornaldasoficinas.com\/pt\/acp-e-governo-unem-esforcos-pela-seguranca-rodoviaria\/\" \/>\n<meta property=\"og:locale\" content=\"pt_PT\" \/>\n<meta property=\"og:type\" content=\"article\" \/>\n<meta property=\"og:title\" content=\"ACP e Governo unem esfor\u00e7os pela seguran\u00e7a rodovi\u00e1ria - Jornal das Oficinas\" \/>\n<meta property=\"og:description\" content=\"O ACP foi recebido pelo Secret\u00e1rio de Estado da Prote\u00e7\u00e3o Civil, Rui Rocha, para discutir a situa\u00e7\u00e3o cr\u00edtica da sinistralidade rodovi\u00e1ria\" \/>\n<meta property=\"og:url\" content=\"https:\/\/jornaldasoficinas.com\/pt\/acp-e-governo-unem-esforcos-pela-seguranca-rodoviaria\/\" \/>\n<meta property=\"og:site_name\" content=\"Jornal das Oficinas\" \/>\n<meta property=\"article:publisher\" content=\"https:\/\/www.facebook.com\/jornaloficinas\" \/>\n<meta property=\"article:published_time\" content=\"2025-11-21T14:00:55+00:00\" \/>\n<meta property=\"og:image\" content=\"https:\/\/jornaldasoficinas.com\/pt\/wp-content\/uploads\/2025\/11\/ACP-e-Governo-unem-esforcos-pela-seguranca-rodoviaria.jpg\" \/>\n\t<meta property=\"og:image:width\" content=\"1024\" \/>\n\t<meta property=\"og:image:height\" content=\"581\" \/>\n\t<meta property=\"og:image:type\" content=\"image\/jpeg\" \/>\n<meta name=\"author\" content=\"Reda\u00e7\u00e3o JO\" \/>\n<meta name=\"twitter:card\" content=\"summary_large_image\" \/>\n<meta name=\"twitter:creator\" content=\"@jornaloficinas\" \/>\n<meta name=\"twitter:site\" content=\"@jornaloficinas\" \/>\n<meta name=\"twitter:label1\" content=\"Escrito por\" \/>\n\t<meta name=\"twitter:data1\" content=\"Reda\u00e7\u00e3o JO\" \/>\n\t<meta name=\"twitter:label2\" content=\"Tempo estimado de leitura\" \/>\n\t<meta name=\"twitter:data2\" content=\"4 minutos\" \/>\n<script type=\"application\/ld+json\" class=\"yoast-schema-graph\">{\"@context\":\"https:\\\/\\\/schema.org\",\"@graph\":[{\"@type\":\"Article\",\"@id\":\"https:\\\/\\\/jornaldasoficinas.com\\\/pt\\\/acp-e-governo-unem-esforcos-pela-seguranca-rodoviaria\\\/#article\",\"isPartOf\":{\"@id\":\"https:\\\/\\\/jornaldasoficinas.com\\\/pt\\\/acp-e-governo-unem-esforcos-pela-seguranca-rodoviaria\\\/\"},\"author\":{\"name\":\"Reda\u00e7\u00e3o JO\",\"@id\":\"https:\\\/\\\/jornaldasoficinas.com\\\/pt\\\/#\\\/schema\\\/person\\\/a38eef5de2c41d9e7c9ac10141afddf3\"},\"headline\":\"ACP e Governo unem esfor\u00e7os pela seguran\u00e7a rodovi\u00e1ria\",\"datePublished\":\"2025-11-21T14:00:55+00:00\",\"mainEntityOfPage\":{\"@id\":\"https:\\\/\\\/jornaldasoficinas.com\\\/pt\\\/acp-e-governo-unem-esforcos-pela-seguranca-rodoviaria\\\/\"},\"wordCount\":653,\"publisher\":{\"@id\":\"https:\\\/\\\/jornaldasoficinas.com\\\/pt\\\/#organization\"},\"image\":{\"@id\":\"https:\\\/\\\/jornaldasoficinas.com\\\/pt\\\/acp-e-governo-unem-esforcos-pela-seguranca-rodoviaria\\\/#primaryimage\"},\"thumbnailUrl\":\"https:\\\/\\\/jornaldasoficinas.com\\\/pt\\\/wp-content\\\/uploads\\\/2025\\\/11\\\/ACP-e-Governo-unem-esforcos-pela-seguranca-rodoviaria.jpg\",\"keywords\":[\"Acidentes\",\"acima da m\u00e9dia europeia\",\"ACP\",\"Governo\",\"nova estrat\u00e9gia\",\"Seguran\u00e7a rodovi\u00e1ria\"],\"articleSection\":[\"Mercado\"],\"inLanguage\":\"pt-PT\"},{\"@type\":\"WebPage\",\"@id\":\"https:\\\/\\\/jornaldasoficinas.com\\\/pt\\\/acp-e-governo-unem-esforcos-pela-seguranca-rodoviaria\\\/\",\"url\":\"https:\\\/\\\/jornaldasoficinas.com\\\/pt\\\/acp-e-governo-unem-esforcos-pela-seguranca-rodoviaria\\\/\",\"name\":\"ACP e Governo unem esfor\u00e7os pela seguran\u00e7a rodovi\u00e1ria - Jornal das Oficinas\",\"isPartOf\":{\"@id\":\"https:\\\/\\\/jornaldasoficinas.com\\\/pt\\\/#website\"},\"primaryImageOfPage\":{\"@id\":\"https:\\\/\\\/jornaldasoficinas.com\\\/pt\\\/acp-e-governo-unem-esforcos-pela-seguranca-rodoviaria\\\/#primaryimage\"},\"image\":{\"@id\":\"https:\\\/\\\/jornaldasoficinas.com\\\/pt\\\/acp-e-governo-unem-esforcos-pela-seguranca-rodoviaria\\\/#primaryimage\"},\"thumbnailUrl\":\"https:\\\/\\\/jornaldasoficinas.com\\\/pt\\\/wp-content\\\/uploads\\\/2025\\\/11\\\/ACP-e-Governo-unem-esforcos-pela-seguranca-rodoviaria.jpg\",\"datePublished\":\"2025-11-21T14:00:55+00:00\",\"description\":\"O ACP foi recebido pelo Secret\u00e1rio de Estado da Prote\u00e7\u00e3o Civil, Rui Rocha, para discutir a situa\u00e7\u00e3o cr\u00edtica da sinistralidade rodovi\u00e1ria\",\"breadcrumb\":{\"@id\":\"https:\\\/\\\/jornaldasoficinas.com\\\/pt\\\/acp-e-governo-unem-esforcos-pela-seguranca-rodoviaria\\\/#breadcrumb\"},\"inLanguage\":\"pt-PT\",\"potentialAction\":[{\"@type\":\"ReadAction\",\"target\":[\"https:\\\/\\\/jornaldasoficinas.com\\\/pt\\\/acp-e-governo-unem-esforcos-pela-seguranca-rodoviaria\\\/\"]}]},{\"@type\":\"ImageObject\",\"inLanguage\":\"pt-PT\",\"@id\":\"https:\\\/\\\/jornaldasoficinas.com\\\/pt\\\/acp-e-governo-unem-esforcos-pela-seguranca-rodoviaria\\\/#primaryimage\",\"url\":\"https:\\\/\\\/jornaldasoficinas.com\\\/pt\\\/wp-content\\\/uploads\\\/2025\\\/11\\\/ACP-e-Governo-unem-esforcos-pela-seguranca-rodoviaria.jpg\",\"contentUrl\":\"https:\\\/\\\/jornaldasoficinas.com\\\/pt\\\/wp-content\\\/uploads\\\/2025\\\/11\\\/ACP-e-Governo-unem-esforcos-pela-seguranca-rodoviaria.jpg\",\"width\":1024,\"height\":581,\"caption\":\"11 - ACP e Governo unem esforcos pela seguranca rodoviaria\"},{\"@type\":\"BreadcrumbList\",\"@id\":\"https:\\\/\\\/jornaldasoficinas.com\\\/pt\\\/acp-e-governo-unem-esforcos-pela-seguranca-rodoviaria\\\/#breadcrumb\",\"itemListElement\":[{\"@type\":\"ListItem\",\"position\":1,\"name\":\"In\u00edcio\",\"item\":\"https:\\\/\\\/jornaldasoficinas.com\\\/pt\\\/\"},{\"@type\":\"ListItem\",\"position\":2,\"name\":\"ACP e Governo unem esfor\u00e7os pela seguran\u00e7a rodovi\u00e1ria\"}]},{\"@type\":\"WebSite\",\"@id\":\"https:\\\/\\\/jornaldasoficinas.com\\\/pt\\\/#website\",\"url\":\"https:\\\/\\\/jornaldasoficinas.com\\\/pt\\\/\",\"name\":\"Jornal das Oficinas\",\"description\":\"Jornal independente do Aftermarket Autom\u00f3vel em Portugal\",\"publisher\":{\"@id\":\"https:\\\/\\\/jornaldasoficinas.com\\\/pt\\\/#organization\"},\"potentialAction\":[{\"@type\":\"SearchAction\",\"target\":{\"@type\":\"EntryPoint\",\"urlTemplate\":\"https:\\\/\\\/jornaldasoficinas.com\\\/pt\\\/?s={search_term_string}\"},\"query-input\":{\"@type\":\"PropertyValueSpecification\",\"valueRequired\":true,\"valueName\":\"search_term_string\"}}],\"inLanguage\":\"pt-PT\"},{\"@type\":\"Organization\",\"@id\":\"https:\\\/\\\/jornaldasoficinas.com\\\/pt\\\/#organization\",\"name\":\"Jornal das Oficinas\",\"url\":\"https:\\\/\\\/jornaldasoficinas.com\\\/pt\\\/\",\"logo\":{\"@type\":\"ImageObject\",\"inLanguage\":\"pt-PT\",\"@id\":\"https:\\\/\\\/jornaldasoficinas.com\\\/pt\\\/#\\\/schema\\\/logo\\\/image\\\/\",\"url\":\"https:\\\/\\\/jornaldasoficinas.com\\\/pt\\\/wp-content\\\/uploads\\\/logoJO-SEO.png\",\"contentUrl\":\"https:\\\/\\\/jornaldasoficinas.com\\\/pt\\\/wp-content\\\/uploads\\\/logoJO-SEO.png\",\"width\":285,\"height\":450,\"caption\":\"Jornal das Oficinas\"},\"image\":{\"@id\":\"https:\\\/\\\/jornaldasoficinas.com\\\/pt\\\/#\\\/schema\\\/logo\\\/image\\\/\"},\"sameAs\":[\"https:\\\/\\\/www.facebook.com\\\/jornaloficinas\",\"https:\\\/\\\/x.com\\\/jornaloficinas\",\"https:\\\/\\\/www.instagram.com\\\/jornal_oficinas\\\/\",\"https:\\\/\\\/www.linkedin.com\\\/company\\\/jornal-das-oficinas\\\/\",\"https:\\\/\\\/www.youtube.com\\\/channel\\\/UCbQZBqtcvV-oSQrr7RzINGg\"]},{\"@type\":\"Person\",\"@id\":\"https:\\\/\\\/jornaldasoficinas.com\\\/pt\\\/#\\\/schema\\\/person\\\/a38eef5de2c41d9e7c9ac10141afddf3\",\"name\":\"Reda\u00e7\u00e3o JO\",\"image\":{\"@type\":\"ImageObject\",\"inLanguage\":\"pt-PT\",\"@id\":\"https:\\\/\\\/secure.gravatar.com\\\/avatar\\\/71f2fa71737ad68a84fea94bc708ddac8ea5b0c4788dc2ad202f3ccb2887742f?s=96&d=wp_user_avatar&r=g\",\"url\":\"https:\\\/\\\/secure.gravatar.com\\\/avatar\\\/71f2fa71737ad68a84fea94bc708ddac8ea5b0c4788dc2ad202f3ccb2887742f?s=96&d=wp_user_avatar&r=g\",\"contentUrl\":\"https:\\\/\\\/secure.gravatar.com\\\/avatar\\\/71f2fa71737ad68a84fea94bc708ddac8ea5b0c4788dc2ad202f3ccb2887742f?s=96&d=wp_user_avatar&r=g\",\"caption\":\"Reda\u00e7\u00e3o JO\"},\"url\":\"https:\\\/\\\/jornaldasoficinas.com\\\/pt\\\/author\\\/joredacao\\\/\"}]}<\/script>\n<!-- \/ Yoast SEO plugin. -->","yoast_head_json":{"title":"ACP e Governo unem esfor\u00e7os pela seguran\u00e7a rodovi\u00e1ria - Jornal das Oficinas","description":"O ACP foi recebido pelo Secret\u00e1rio de Estado da Prote\u00e7\u00e3o Civil, Rui Rocha, para discutir a situa\u00e7\u00e3o cr\u00edtica da sinistralidade rodovi\u00e1ria","robots":{"index":"index","follow":"follow","max-snippet":"max-snippet:-1","max-image-preview":"max-image-preview:large","max-video-preview":"max-video-preview:-1"},"canonical":"https:\/\/jornaldasoficinas.com\/pt\/acp-e-governo-unem-esforcos-pela-seguranca-rodoviaria\/","og_locale":"pt_PT","og_type":"article","og_title":"ACP e Governo unem esfor\u00e7os pela seguran\u00e7a rodovi\u00e1ria - Jornal das Oficinas","og_description":"O ACP foi recebido pelo Secret\u00e1rio de Estado da Prote\u00e7\u00e3o Civil, Rui Rocha, para discutir a situa\u00e7\u00e3o cr\u00edtica da sinistralidade rodovi\u00e1ria","og_url":"https:\/\/jornaldasoficinas.com\/pt\/acp-e-governo-unem-esforcos-pela-seguranca-rodoviaria\/","og_site_name":"Jornal das Oficinas","article_publisher":"https:\/\/www.facebook.com\/jornaloficinas","article_published_time":"2025-11-21T14:00:55+00:00","og_image":[{"width":1024,"height":581,"url":"https:\/\/jornaldasoficinas.com\/pt\/wp-content\/uploads\/2025\/11\/ACP-e-Governo-unem-esforcos-pela-seguranca-rodoviaria.jpg","type":"image\/jpeg"}],"author":"Reda\u00e7\u00e3o JO","twitter_card":"summary_large_image","twitter_creator":"@jornaloficinas","twitter_site":"@jornaloficinas","twitter_misc":{"Escrito por":"Reda\u00e7\u00e3o JO","Tempo estimado de leitura":"4 minutos"},"schema":{"@context":"https:\/\/schema.org","@graph":[{"@type":"Article","@id":"https:\/\/jornaldasoficinas.com\/pt\/acp-e-governo-unem-esforcos-pela-seguranca-rodoviaria\/#article","isPartOf":{"@id":"https:\/\/jornaldasoficinas.com\/pt\/acp-e-governo-unem-esforcos-pela-seguranca-rodoviaria\/"},"author":{"name":"Reda\u00e7\u00e3o JO","@id":"https:\/\/jornaldasoficinas.com\/pt\/#\/schema\/person\/a38eef5de2c41d9e7c9ac10141afddf3"},"headline":"ACP e Governo unem esfor\u00e7os pela seguran\u00e7a rodovi\u00e1ria","datePublished":"2025-11-21T14:00:55+00:00","mainEntityOfPage":{"@id":"https:\/\/jornaldasoficinas.com\/pt\/acp-e-governo-unem-esforcos-pela-seguranca-rodoviaria\/"},"wordCount":653,"publisher":{"@id":"https:\/\/jornaldasoficinas.com\/pt\/#organization"},"image":{"@id":"https:\/\/jornaldasoficinas.com\/pt\/acp-e-governo-unem-esforcos-pela-seguranca-rodoviaria\/#primaryimage"},"thumbnailUrl":"https:\/\/jornaldasoficinas.com\/pt\/wp-content\/uploads\/2025\/11\/ACP-e-Governo-unem-esforcos-pela-seguranca-rodoviaria.jpg","keywords":["Acidentes","acima da m\u00e9dia europeia","ACP","Governo","nova estrat\u00e9gia","Seguran\u00e7a rodovi\u00e1ria"],"articleSection":["Mercado"],"inLanguage":"pt-PT"},{"@type":"WebPage","@id":"https:\/\/jornaldasoficinas.com\/pt\/acp-e-governo-unem-esforcos-pela-seguranca-rodoviaria\/","url":"https:\/\/jornaldasoficinas.com\/pt\/acp-e-governo-unem-esforcos-pela-seguranca-rodoviaria\/","name":"ACP e Governo unem esfor\u00e7os pela seguran\u00e7a rodovi\u00e1ria - Jornal das Oficinas","isPartOf":{"@id":"https:\/\/jornaldasoficinas.com\/pt\/#website"},"primaryImageOfPage":{"@id":"https:\/\/jornaldasoficinas.com\/pt\/acp-e-governo-unem-esforcos-pela-seguranca-rodoviaria\/#primaryimage"},"image":{"@id":"https:\/\/jornaldasoficinas.com\/pt\/acp-e-governo-unem-esforcos-pela-seguranca-rodoviaria\/#primaryimage"},"thumbnailUrl":"https:\/\/jornaldasoficinas.com\/pt\/wp-content\/uploads\/2025\/11\/ACP-e-Governo-unem-esforcos-pela-seguranca-rodoviaria.jpg","datePublished":"2025-11-21T14:00:55+00:00","description":"O ACP foi recebido pelo Secret\u00e1rio de Estado da Prote\u00e7\u00e3o Civil, Rui Rocha, para discutir a situa\u00e7\u00e3o cr\u00edtica da sinistralidade rodovi\u00e1ria","breadcrumb":{"@id":"https:\/\/jornaldasoficinas.com\/pt\/acp-e-governo-unem-esforcos-pela-seguranca-rodoviaria\/#breadcrumb"},"inLanguage":"pt-PT","potentialAction":[{"@type":"ReadAction","target":["https:\/\/jornaldasoficinas.com\/pt\/acp-e-governo-unem-esforcos-pela-seguranca-rodoviaria\/"]}]},{"@type":"ImageObject","inLanguage":"pt-PT","@id":"https:\/\/jornaldasoficinas.com\/pt\/acp-e-governo-unem-esforcos-pela-seguranca-rodoviaria\/#primaryimage","url":"https:\/\/jornaldasoficinas.com\/pt\/wp-content\/uploads\/2025\/11\/ACP-e-Governo-unem-esforcos-pela-seguranca-rodoviaria.jpg","contentUrl":"https:\/\/jornaldasoficinas.com\/pt\/wp-content\/uploads\/2025\/11\/ACP-e-Governo-unem-esforcos-pela-seguranca-rodoviaria.jpg","width":1024,"height":581,"caption":"11 - ACP e Governo unem esforcos pela seguranca rodoviaria"},{"@type":"BreadcrumbList","@id":"https:\/\/jornaldasoficinas.com\/pt\/acp-e-governo-unem-esforcos-pela-seguranca-rodoviaria\/#breadcrumb","itemListElement":[{"@type":"ListItem","position":1,"name":"In\u00edcio","item":"https:\/\/jornaldasoficinas.com\/pt\/"},{"@type":"ListItem","position":2,"name":"ACP e Governo unem esfor\u00e7os pela seguran\u00e7a rodovi\u00e1ria"}]},{"@type":"WebSite","@id":"https:\/\/jornaldasoficinas.com\/pt\/#website","url":"https:\/\/jornaldasoficinas.com\/pt\/","name":"Jornal das Oficinas","description":"Jornal independente do Aftermarket Autom\u00f3vel em Portugal","publisher":{"@id":"https:\/\/jornaldasoficinas.com\/pt\/#organization"},"potentialAction":[{"@type":"SearchAction","target":{"@type":"EntryPoint","urlTemplate":"https:\/\/jornaldasoficinas.com\/pt\/?s={search_term_string}"},"query-input":{"@type":"PropertyValueSpecification","valueRequired":true,"valueName":"search_term_string"}}],"inLanguage":"pt-PT"},{"@type":"Organization","@id":"https:\/\/jornaldasoficinas.com\/pt\/#organization","name":"Jornal das Oficinas","url":"https:\/\/jornaldasoficinas.com\/pt\/","logo":{"@type":"ImageObject","inLanguage":"pt-PT","@id":"https:\/\/jornaldasoficinas.com\/pt\/#\/schema\/logo\/image\/","url":"https:\/\/jornaldasoficinas.com\/pt\/wp-content\/uploads\/logoJO-SEO.png","contentUrl":"https:\/\/jornaldasoficinas.com\/pt\/wp-content\/uploads\/logoJO-SEO.png","width":285,"height":450,"caption":"Jornal das Oficinas"},"image":{"@id":"https:\/\/jornaldasoficinas.com\/pt\/#\/schema\/logo\/image\/"},"sameAs":["https:\/\/www.facebook.com\/jornaloficinas","https:\/\/x.com\/jornaloficinas","https:\/\/www.instagram.com\/jornal_oficinas\/","https:\/\/www.linkedin.com\/company\/jornal-das-oficinas\/","https:\/\/www.youtube.com\/channel\/UCbQZBqtcvV-oSQrr7RzINGg"]},{"@type":"Person","@id":"https:\/\/jornaldasoficinas.com\/pt\/#\/schema\/person\/a38eef5de2c41d9e7c9ac10141afddf3","name":"Reda\u00e7\u00e3o JO","image":{"@type":"ImageObject","inLanguage":"pt-PT","@id":"https:\/\/secure.gravatar.com\/avatar\/71f2fa71737ad68a84fea94bc708ddac8ea5b0c4788dc2ad202f3ccb2887742f?s=96&d=wp_user_avatar&r=g","url":"https:\/\/secure.gravatar.com\/avatar\/71f2fa71737ad68a84fea94bc708ddac8ea5b0c4788dc2ad202f3ccb2887742f?s=96&d=wp_user_avatar&r=g","contentUrl":"https:\/\/secure.gravatar.com\/avatar\/71f2fa71737ad68a84fea94bc708ddac8ea5b0c4788dc2ad202f3ccb2887742f?s=96&d=wp_user_avatar&r=g","caption":"Reda\u00e7\u00e3o JO"},"url":"https:\/\/jornaldasoficinas.com\/pt\/author\/joredacao\/"}]}},"_links":{"self":[{"href":"https:\/\/jornaldasoficinas.com\/pt\/wp-json\/wp\/v2\/posts\/109846","targetHints":{"allow":["GET"]}}],"collection":[{"href":"https:\/\/jornaldasoficinas.com\/pt\/wp-json\/wp\/v2\/posts"}],"about":[{"href":"https:\/\/jornaldasoficinas.com\/pt\/wp-json\/wp\/v2\/types\/post"}],"author":[{"embeddable":true,"href":"https:\/\/jornaldasoficinas.com\/pt\/wp-json\/wp\/v2\/users\/15"}],"replies":[{"embeddable":true,"href":"https:\/\/jornaldasoficinas.com\/pt\/wp-json\/wp\/v2\/comments?post=109846"}],"version-history":[{"count":4,"href":"https:\/\/jornaldasoficinas.com\/pt\/wp-json\/wp\/v2\/posts\/109846\/revisions"}],"predecessor-version":[{"id":109859,"href":"https:\/\/jornaldasoficinas.com\/pt\/wp-json\/wp\/v2\/posts\/109846\/revisions\/109859"}],"wp:featuredmedia":[{"embeddable":true,"href":"https:\/\/jornaldasoficinas.com\/pt\/wp-json\/wp\/v2\/media\/109858"}],"wp:attachment":[{"href":"https:\/\/jornaldasoficinas.com\/pt\/wp-json\/wp\/v2\/media?parent=109846"}],"wp:term":[{"taxonomy":"category","embeddable":true,"href":"https:\/\/jornaldasoficinas.com\/pt\/wp-json\/wp\/v2\/categories?post=109846"},{"taxonomy":"post_tag","embeddable":true,"href":"https:\/\/jornaldasoficinas.com\/pt\/wp-json\/wp\/v2\/tags?post=109846"}],"curies":[{"name":"wp","href":"https:\/\/api.w.org\/{rel}","templated":true}]}}